{"id":6843,"date":"2026-09-03T08:29:55","date_gmt":"2026-09-03T08:29:55","guid":{"rendered":"https:\/\/medvegjasot.com\/?p=6843"},"modified":"2026-09-03T08:43:19","modified_gmt":"2026-09-03T08:43:19","slug":"festivali-folklorik-mbarekombetar-diaspora-jehon-mbledh-shqiptaret-ne-zvicer","status":"publish","type":"post","link":"https:\/\/medvegjasot.com\/?p=6843","title":{"rendered":"FESTIVALI FOLKLORIK MBAR\u00cbKOMB\u00cbTAR \u201cDIASPORA JEHON\u201d MBLEDH SHQIPTAR\u00cbT N\u00cb ZVIC\u00cbR"},"content":{"rendered":"\n<p class=\"wp-block-paragraph\">Edhe pak dit\u00eb kan\u00eb mbetur nga zhvillimi i&nbsp;<strong>Festivalit Folklorik Mbar\u00ebkomb\u00ebtar \u201cDiaspora Jehon\u201d \u2013 Edicioni II<\/strong>, nj\u00eb ngjarje kulturore q\u00eb synon t\u00eb bashkoj\u00eb shqiptar\u00ebt n\u00eb Zvic\u00ebr p\u00ebrmes k\u00ebng\u00ebs, valles, gjuh\u00ebs dhe tradit\u00ebs komb\u00ebtare.<\/p>\n\n\n\n<p class=\"wp-block-paragraph\">Drejtoresha e festivalit,&nbsp;<strong>Fatime Kalimashi<\/strong>, u ka b\u00ebr\u00eb thirrje bashkatdhetar\u00ebve dhe miqve t\u00eb kultur\u00ebs shqiptare q\u00eb t\u2019i bashkohen k\u00ebsaj feste mbar\u00ebkomb\u00ebtare.<\/p>\n\n\n\n<figure class=\"wp-block-gallery has-nested-images columns-default is-cropped wp-block-gallery-1 is-layout-flex wp-block-gallery-is-layout-flex\">\n<figure class=\"wp-block-image size-large\"><img fetchpriority=\"high\" decoding=\"async\" width=\"1024\" height=\"682\" data-id=\"6847\" src=\"https:\/\/medvegjasot.com\/wp-content\/uploads\/2026\/09\/IMG_2320-1024x682.jpeg\" alt=\"\" class=\"wp-image-6847\" srcset=\"https:\/\/medvegjasot.com\/wp-content\/uploads\/2026\/09\/IMG_2320-1024x682.jpeg 1024w, https:\/\/medvegjasot.com\/wp-content\/uploads\/2026\/09\/IMG_2320-300x200.jpeg 300w, https:\/\/medvegjasot.com\/wp-content\/uploads\/2026\/09\/IMG_2320-768x512.jpeg 768w, https:\/\/medvegjasot.com\/wp-content\/uploads\/2026\/09\/IMG_2320-820x545.jpeg 820w, https:\/\/medvegjasot.com\/wp-content\/uploads\/2026\/09\/IMG_2320-600x400.jpeg 600w, https:\/\/medvegjasot.com\/wp-content\/uploads\/2026\/09\/IMG_2320.jpeg 1280w\" sizes=\"(max-width: 1024px) 100vw, 1024px\" \/><\/figure>\n<\/figure>\n\n\n\n<p class=\"wp-block-paragraph\">Festivali do t\u00eb zhvillohet m\u00eb&nbsp;<strong>5 dhe 6 shtator 2026<\/strong>, n\u00eb&nbsp;<strong>Renens t\u00eb Zvicr\u00ebs<\/strong>, nd\u00ebrsa hyrja do t\u00eb jet\u00eb falas dhe pa rezervime.<\/p>\n\n\n\n<p class=\"wp-block-paragraph\">Organizator\u00ebt synojn\u00eb q\u00eb p\u00ebrmes k\u00ebtij aktiviteti t\u00eb ruajn\u00eb dhe promovojn\u00eb trash\u00ebgimin\u00eb kulturore shqiptare n\u00eb diaspor\u00eb, duke krijuar nj\u00eb hap\u00ebsir\u00eb ku tradita shqiptare t\u00eb vazhdoj\u00eb t\u00eb p\u00ebrcillet nd\u00ebr breza.<\/p>\n\n\n\n<figure class=\"wp-block-gallery has-nested-images columns-default is-cropped wp-block-gallery-2 is-layout-flex wp-block-gallery-is-layout-flex\">\n<figure class=\"wp-block-image size-large\"><img decoding=\"async\" width=\"682\" height=\"1024\" data-id=\"6849\" src=\"https:\/\/medvegjasot.com\/wp-content\/uploads\/2026\/09\/IMG_2315-682x1024.jpeg\" alt=\"\" class=\"wp-image-6849\" srcset=\"https:\/\/medvegjasot.com\/wp-content\/uploads\/2026\/09\/IMG_2315-682x1024.jpeg 682w, https:\/\/medvegjasot.com\/wp-content\/uploads\/2026\/09\/IMG_2315-200x300.jpeg 200w, https:\/\/medvegjasot.com\/wp-content\/uploads\/2026\/09\/IMG_2315-768x1154.jpeg 768w, https:\/\/medvegjasot.com\/wp-content\/uploads\/2026\/09\/IMG_2315.jpeg 1023w\" sizes=\"(max-width: 682px) 100vw, 682px\" \/><\/figure>\n<\/figure>\n\n\n\n<p class=\"wp-block-paragraph\"><\/p>\n\n\n\n<p class=\"wp-block-paragraph\"><strong>\u201cDiaspora Jehon\u201d<\/strong>&nbsp;pritet t\u00eb jet\u00eb nj\u00eb fest\u00eb e kultur\u00ebs dhe identitetit shqiptar, me k\u00ebng\u00eb, valle dhe tradita nga trevat shqiptare.<\/p>\n\n\n\n<p class=\"wp-block-paragraph\">Shkruar nga <strong>Rrahman<\/strong> <strong>Hyseni<\/strong>&nbsp;<\/p>\n\n\n\n<p class=\"wp-block-paragraph\"><\/p>\n\n\n\n<p class=\"wp-block-paragraph\"><\/p>\n\n\n\n<p class=\"wp-block-paragraph\"><\/p>\n\n\n\n<p class=\"wp-block-paragraph\"><\/p>\n\n\n\n<p class=\"wp-block-paragraph\"><\/p>\n\n\n\n<p class=\"wp-block-paragraph\"><\/p>\n\n\n\n<p class=\"wp-block-paragraph\"><\/p>\n","protected":false},"excerpt":{"rendered":"<p>Edhe pak dit\u00eb kan\u00eb mbetur nga zhvillimi i&nbsp;Festivalit Folklorik Mbar\u00ebkomb\u00ebtar \u201cDiaspora Jehon\u201d \u2013 Edicioni II, nj\u00eb ngjarje kulturore q\u00eb synon t\u00eb bashkoj\u00eb shqiptar\u00ebt n\u00eb Zvic\u00ebr p\u00ebrmes k\u00ebng\u00ebs, valles, gjuh\u00ebs dhe tradit\u00ebs komb\u00ebtare. Drejtoresha e festivalit,&nbsp;Fatime Kalimashi, u ka b\u00ebr\u00eb thirrje bashkatdhetar\u00ebve dhe miqve t\u00eb kultur\u00ebs shqiptare q\u00eb t\u2019i bashkohen k\u00ebsaj feste mbar\u00ebkomb\u00ebtare. Festivali do t\u00eb&#8230;<\/p>\n","protected":false},"author":2,"featured_media":6844,"comment_status":"open","ping_status":"open","sticky":false,"template":"","format":"standard","meta":{"_coblocks_attr":"","_coblocks_dimensions":"","_coblocks_responsive_height":"","_coblocks_accordion_ie_support":"","_monsterinsights_skip_tracking":false,"footnotes":""},"categories":[18],"tags":[],"class_list":["post-6843","post","type-post","status-publish","format-standard","has-post-thumbnail","hentry","category-kulture"],"yoast_head":"<!-- This site is optimized with the Yoast SEO plugin v28.4 - https:\/\/yoast.com\/product\/yoast-seo-wordpress\/ -->\n<title>FESTIVALI FOLKLORIK MBAR\u00cbKOMB\u00cbTAR \u201cDIASPORA JEHON\u201d MBLEDH SHQIPTAR\u00cbT N\u00cb ZVIC\u00cbR - Medvegja Sot<\/title>\n<meta name=\"robots\" content=\"index, follow, max-snippet:-1, max-image-preview:large, max-video-preview:-1\" \/>\n<link rel=\"canonical\" href=\"https:\/\/medvegjasot.com\/?p=6843\" \/>\n<meta property=\"og:locale\" content=\"en_US\" \/>\n<meta property=\"og:type\" content=\"article\" \/>\n<meta property=\"og:title\" content=\"FESTIVALI FOLKLORIK MBAR\u00cbKOMB\u00cbTAR \u201cDIASPORA JEHON\u201d MBLEDH SHQIPTAR\u00cbT N\u00cb ZVIC\u00cbR - Medvegja Sot\" \/>\n<meta property=\"og:description\" content=\"Edhe pak dit\u00eb kan\u00eb mbetur nga zhvillimi i&nbsp;Festivalit Folklorik Mbar\u00ebkomb\u00ebtar \u201cDiaspora Jehon\u201d \u2013 Edicioni II, nj\u00eb ngjarje kulturore q\u00eb synon t\u00eb bashkoj\u00eb shqiptar\u00ebt n\u00eb Zvic\u00ebr p\u00ebrmes k\u00ebng\u00ebs, valles, gjuh\u00ebs dhe tradit\u00ebs komb\u00ebtare. Drejtoresha e festivalit,&nbsp;Fatime Kalimashi, u ka b\u00ebr\u00eb thirrje bashkatdhetar\u00ebve dhe miqve t\u00eb kultur\u00ebs shqiptare q\u00eb t\u2019i bashkohen k\u00ebsaj feste mbar\u00ebkomb\u00ebtare. Festivali do t\u00eb...\" \/>\n<meta property=\"og:url\" content=\"https:\/\/medvegjasot.com\/?p=6843\" \/>\n<meta property=\"og:site_name\" content=\"Medvegja Sot\" \/>\n<meta property=\"article:publisher\" content=\"https:\/\/www.facebook.com\/MedvegjaSot.com1\" \/>\n<meta property=\"article:published_time\" content=\"2026-09-03T08:29:55+00:00\" \/>\n<meta property=\"article:modified_time\" content=\"2026-09-03T08:43:19+00:00\" \/>\n<meta property=\"og:image\" content=\"https:\/\/medvegjasot.com\/wp-content\/uploads\/2026\/09\/photo-output-2.jpeg\" \/>\n\t<meta property=\"og:image:width\" content=\"2048\" \/>\n\t<meta property=\"og:image:height\" content=\"1152\" \/>\n\t<meta property=\"og:image:type\" content=\"image\/jpeg\" \/>\n<meta name=\"author\" content=\"admin\" \/>\n<meta name=\"twitter:card\" content=\"summary_large_image\" \/>\n<meta name=\"twitter:label1\" content=\"Written by\" \/>\n\t<meta name=\"twitter:data1\" content=\"admin\" \/>\n\t<meta name=\"twitter:label2\" content=\"Est. reading time\" \/>\n\t<meta name=\"twitter:data2\" content=\"2 minutes\" \/>\n<script type=\"application\/ld+json\" class=\"yoast-schema-graph\">{\"@context\":\"https:\\\/\\\/schema.org\",\"@graph\":[{\"@type\":\"Article\",\"@id\":\"https:\\\/\\\/medvegjasot.com\\\/?p=6843#article\",\"isPartOf\":{\"@id\":\"https:\\\/\\\/medvegjasot.com\\\/?p=6843\"},\"author\":{\"name\":\"admin\",\"@id\":\"https:\\\/\\\/medvegjasot.com\\\/#\\\/schema\\\/person\\\/f2be1a84f4e95d0cb032946a1cf2e594\"},\"headline\":\"FESTIVALI FOLKLORIK MBAR\u00cbKOMB\u00cbTAR \u201cDIASPORA JEHON\u201d MBLEDH SHQIPTAR\u00cbT N\u00cb ZVIC\u00cbR\",\"datePublished\":\"2026-09-03T08:29:55+00:00\",\"dateModified\":\"2026-09-03T08:43:19+00:00\",\"mainEntityOfPage\":{\"@id\":\"https:\\\/\\\/medvegjasot.com\\\/?p=6843\"},\"wordCount\":172,\"commentCount\":0,\"publisher\":{\"@id\":\"https:\\\/\\\/medvegjasot.com\\\/#organization\"},\"image\":{\"@id\":\"https:\\\/\\\/medvegjasot.com\\\/?p=6843#primaryimage\"},\"thumbnailUrl\":\"https:\\\/\\\/medvegjasot.com\\\/wp-content\\\/uploads\\\/2026\\\/09\\\/photo-output-2.jpeg\",\"articleSection\":[\"KULTUR\u00cb\"],\"inLanguage\":\"en-US\",\"potentialAction\":[{\"@type\":\"CommentAction\",\"name\":\"Comment\",\"target\":[\"https:\\\/\\\/medvegjasot.com\\\/?p=6843#respond\"]}]},{\"@type\":\"WebPage\",\"@id\":\"https:\\\/\\\/medvegjasot.com\\\/?p=6843\",\"url\":\"https:\\\/\\\/medvegjasot.com\\\/?p=6843\",\"name\":\"FESTIVALI FOLKLORIK MBAR\u00cbKOMB\u00cbTAR \u201cDIASPORA JEHON\u201d MBLEDH SHQIPTAR\u00cbT N\u00cb ZVIC\u00cbR - Medvegja Sot\",\"isPartOf\":{\"@id\":\"https:\\\/\\\/medvegjasot.com\\\/#website\"},\"primaryImageOfPage\":{\"@id\":\"https:\\\/\\\/medvegjasot.com\\\/?p=6843#primaryimage\"},\"image\":{\"@id\":\"https:\\\/\\\/medvegjasot.com\\\/?p=6843#primaryimage\"},\"thumbnailUrl\":\"https:\\\/\\\/medvegjasot.com\\\/wp-content\\\/uploads\\\/2026\\\/09\\\/photo-output-2.jpeg\",\"datePublished\":\"2026-09-03T08:29:55+00:00\",\"dateModified\":\"2026-09-03T08:43:19+00:00\",\"breadcrumb\":{\"@id\":\"https:\\\/\\\/medvegjasot.com\\\/?p=6843#breadcrumb\"},\"inLanguage\":\"en-US\",\"potentialAction\":[{\"@type\":\"ReadAction\",\"target\":[\"https:\\\/\\\/medvegjasot.com\\\/?p=6843\"]}]},{\"@type\":\"ImageObject\",\"inLanguage\":\"en-US\",\"@id\":\"https:\\\/\\\/medvegjasot.com\\\/?p=6843#primaryimage\",\"url\":\"https:\\\/\\\/medvegjasot.com\\\/wp-content\\\/uploads\\\/2026\\\/09\\\/photo-output-2.jpeg\",\"contentUrl\":\"https:\\\/\\\/medvegjasot.com\\\/wp-content\\\/uploads\\\/2026\\\/09\\\/photo-output-2.jpeg\",\"width\":2048,\"height\":1152},{\"@type\":\"BreadcrumbList\",\"@id\":\"https:\\\/\\\/medvegjasot.com\\\/?p=6843#breadcrumb\",\"itemListElement\":[{\"@type\":\"ListItem\",\"position\":1,\"name\":\"Home\",\"item\":\"https:\\\/\\\/medvegjasot.com\\\/\"},{\"@type\":\"ListItem\",\"position\":2,\"name\":\"FESTIVALI FOLKLORIK MBAR\u00cbKOMB\u00cbTAR \u201cDIASPORA JEHON\u201d MBLEDH SHQIPTAR\u00cbT N\u00cb ZVIC\u00cbR\"}]},{\"@type\":\"WebSite\",\"@id\":\"https:\\\/\\\/medvegjasot.com\\\/#website\",\"url\":\"https:\\\/\\\/medvegjasot.com\\\/\",\"name\":\"Medvegja Sot\",\"description\":\"Portal Lajmesh\",\"publisher\":{\"@id\":\"https:\\\/\\\/medvegjasot.com\\\/#organization\"},\"alternateName\":\"MS\",\"potentialAction\":[{\"@type\":\"SearchAction\",\"target\":{\"@type\":\"EntryPoint\",\"urlTemplate\":\"https:\\\/\\\/medvegjasot.com\\\/?s={search_term_string}\"},\"query-input\":{\"@type\":\"PropertyValueSpecification\",\"valueRequired\":true,\"valueName\":\"search_term_string\"}}],\"inLanguage\":\"en-US\"},{\"@type\":\"Organization\",\"@id\":\"https:\\\/\\\/medvegjasot.com\\\/#organization\",\"name\":\"Medvegja Sot\",\"alternateName\":\"MS\",\"url\":\"https:\\\/\\\/medvegjasot.com\\\/\",\"logo\":{\"@type\":\"ImageObject\",\"inLanguage\":\"en-US\",\"@id\":\"https:\\\/\\\/medvegjasot.com\\\/#\\\/schema\\\/logo\\\/image\\\/\",\"url\":\"https:\\\/\\\/medvegjasot.com\\\/wp-content\\\/uploads\\\/2024\\\/08\\\/logo.png\",\"contentUrl\":\"https:\\\/\\\/medvegjasot.com\\\/wp-content\\\/uploads\\\/2024\\\/08\\\/logo.png\",\"width\":500,\"height\":500,\"caption\":\"Medvegja Sot\"},\"image\":{\"@id\":\"https:\\\/\\\/medvegjasot.com\\\/#\\\/schema\\\/logo\\\/image\\\/\"},\"sameAs\":[\"https:\\\/\\\/www.facebook.com\\\/MedvegjaSot.com1\"]},{\"@type\":\"Person\",\"@id\":\"https:\\\/\\\/medvegjasot.com\\\/#\\\/schema\\\/person\\\/f2be1a84f4e95d0cb032946a1cf2e594\",\"name\":\"admin\",\"image\":{\"@type\":\"ImageObject\",\"inLanguage\":\"en-US\",\"@id\":\"https:\\\/\\\/secure.gravatar.com\\\/avatar\\\/2eedc5259426225ddc6f98b4b6728c30418b83e6f70285719780d3518d972ece?s=96&d=mm&r=g\",\"url\":\"https:\\\/\\\/secure.gravatar.com\\\/avatar\\\/2eedc5259426225ddc6f98b4b6728c30418b83e6f70285719780d3518d972ece?s=96&d=mm&r=g\",\"contentUrl\":\"https:\\\/\\\/secure.gravatar.com\\\/avatar\\\/2eedc5259426225ddc6f98b4b6728c30418b83e6f70285719780d3518d972ece?s=96&d=mm&r=g\",\"caption\":\"admin\"},\"url\":\"https:\\\/\\\/medvegjasot.com\\\/?author=2\"}]}<\/script>\n<!-- \/ Yoast SEO plugin. -->","yoast_head_json":{"title":"FESTIVALI FOLKLORIK MBAR\u00cbKOMB\u00cbTAR \u201cDIASPORA JEHON\u201d MBLEDH SHQIPTAR\u00cbT N\u00cb ZVIC\u00cbR - Medvegja Sot","robots":{"index":"index","follow":"follow","max-snippet":"max-snippet:-1","max-image-preview":"max-image-preview:large","max-video-preview":"max-video-preview:-1"},"canonical":"https:\/\/medvegjasot.com\/?p=6843","og_locale":"en_US","og_type":"article","og_title":"FESTIVALI FOLKLORIK MBAR\u00cbKOMB\u00cbTAR \u201cDIASPORA JEHON\u201d MBLEDH SHQIPTAR\u00cbT N\u00cb ZVIC\u00cbR - Medvegja Sot","og_description":"Edhe pak dit\u00eb kan\u00eb mbetur nga zhvillimi i&nbsp;Festivalit Folklorik Mbar\u00ebkomb\u00ebtar \u201cDiaspora Jehon\u201d \u2013 Edicioni II, nj\u00eb ngjarje kulturore q\u00eb synon t\u00eb bashkoj\u00eb shqiptar\u00ebt n\u00eb Zvic\u00ebr p\u00ebrmes k\u00ebng\u00ebs, valles, gjuh\u00ebs dhe tradit\u00ebs komb\u00ebtare. Drejtoresha e festivalit,&nbsp;Fatime Kalimashi, u ka b\u00ebr\u00eb thirrje bashkatdhetar\u00ebve dhe miqve t\u00eb kultur\u00ebs shqiptare q\u00eb t\u2019i bashkohen k\u00ebsaj feste mbar\u00ebkomb\u00ebtare. Festivali do t\u00eb...","og_url":"https:\/\/medvegjasot.com\/?p=6843","og_site_name":"Medvegja Sot","article_publisher":"https:\/\/www.facebook.com\/MedvegjaSot.com1","article_published_time":"2026-09-03T08:29:55+00:00","article_modified_time":"2026-09-03T08:43:19+00:00","og_image":[{"width":2048,"height":1152,"url":"https:\/\/medvegjasot.com\/wp-content\/uploads\/2026\/09\/photo-output-2.jpeg","type":"image\/jpeg"}],"author":"admin","twitter_card":"summary_large_image","twitter_misc":{"Written by":"admin","Est. reading time":"2 minutes"},"schema":{"@context":"https:\/\/schema.org","@graph":[{"@type":"Article","@id":"https:\/\/medvegjasot.com\/?p=6843#article","isPartOf":{"@id":"https:\/\/medvegjasot.com\/?p=6843"},"author":{"name":"admin","@id":"https:\/\/medvegjasot.com\/#\/schema\/person\/f2be1a84f4e95d0cb032946a1cf2e594"},"headline":"FESTIVALI FOLKLORIK MBAR\u00cbKOMB\u00cbTAR \u201cDIASPORA JEHON\u201d MBLEDH SHQIPTAR\u00cbT N\u00cb ZVIC\u00cbR","datePublished":"2026-09-03T08:29:55+00:00","dateModified":"2026-09-03T08:43:19+00:00","mainEntityOfPage":{"@id":"https:\/\/medvegjasot.com\/?p=6843"},"wordCount":172,"commentCount":0,"publisher":{"@id":"https:\/\/medvegjasot.com\/#organization"},"image":{"@id":"https:\/\/medvegjasot.com\/?p=6843#primaryimage"},"thumbnailUrl":"https:\/\/medvegjasot.com\/wp-content\/uploads\/2026\/09\/photo-output-2.jpeg","articleSection":["KULTUR\u00cb"],"inLanguage":"en-US","potentialAction":[{"@type":"CommentAction","name":"Comment","target":["https:\/\/medvegjasot.com\/?p=6843#respond"]}]},{"@type":"WebPage","@id":"https:\/\/medvegjasot.com\/?p=6843","url":"https:\/\/medvegjasot.com\/?p=6843","name":"FESTIVALI FOLKLORIK MBAR\u00cbKOMB\u00cbTAR \u201cDIASPORA JEHON\u201d MBLEDH SHQIPTAR\u00cbT N\u00cb ZVIC\u00cbR - Medvegja Sot","isPartOf":{"@id":"https:\/\/medvegjasot.com\/#website"},"primaryImageOfPage":{"@id":"https:\/\/medvegjasot.com\/?p=6843#primaryimage"},"image":{"@id":"https:\/\/medvegjasot.com\/?p=6843#primaryimage"},"thumbnailUrl":"https:\/\/medvegjasot.com\/wp-content\/uploads\/2026\/09\/photo-output-2.jpeg","datePublished":"2026-09-03T08:29:55+00:00","dateModified":"2026-09-03T08:43:19+00:00","breadcrumb":{"@id":"https:\/\/medvegjasot.com\/?p=6843#breadcrumb"},"inLanguage":"en-US","potentialAction":[{"@type":"ReadAction","target":["https:\/\/medvegjasot.com\/?p=6843"]}]},{"@type":"ImageObject","inLanguage":"en-US","@id":"https:\/\/medvegjasot.com\/?p=6843#primaryimage","url":"https:\/\/medvegjasot.com\/wp-content\/uploads\/2026\/09\/photo-output-2.jpeg","contentUrl":"https:\/\/medvegjasot.com\/wp-content\/uploads\/2026\/09\/photo-output-2.jpeg","width":2048,"height":1152},{"@type":"BreadcrumbList","@id":"https:\/\/medvegjasot.com\/?p=6843#breadcrumb","itemListElement":[{"@type":"ListItem","position":1,"name":"Home","item":"https:\/\/medvegjasot.com\/"},{"@type":"ListItem","position":2,"name":"FESTIVALI FOLKLORIK MBAR\u00cbKOMB\u00cbTAR \u201cDIASPORA JEHON\u201d MBLEDH SHQIPTAR\u00cbT N\u00cb ZVIC\u00cbR"}]},{"@type":"WebSite","@id":"https:\/\/medvegjasot.com\/#website","url":"https:\/\/medvegjasot.com\/","name":"Medvegja Sot","description":"Portal Lajmesh","publisher":{"@id":"https:\/\/medvegjasot.com\/#organization"},"alternateName":"MS","potentialAction":[{"@type":"SearchAction","target":{"@type":"EntryPoint","urlTemplate":"https:\/\/medvegjasot.com\/?s={search_term_string}"},"query-input":{"@type":"PropertyValueSpecification","valueRequired":true,"valueName":"search_term_string"}}],"inLanguage":"en-US"},{"@type":"Organization","@id":"https:\/\/medvegjasot.com\/#organization","name":"Medvegja Sot","alternateName":"MS","url":"https:\/\/medvegjasot.com\/","logo":{"@type":"ImageObject","inLanguage":"en-US","@id":"https:\/\/medvegjasot.com\/#\/schema\/logo\/image\/","url":"https:\/\/medvegjasot.com\/wp-content\/uploads\/2024\/08\/logo.png","contentUrl":"https:\/\/medvegjasot.com\/wp-content\/uploads\/2024\/08\/logo.png","width":500,"height":500,"caption":"Medvegja Sot"},"image":{"@id":"https:\/\/medvegjasot.com\/#\/schema\/logo\/image\/"},"sameAs":["https:\/\/www.facebook.com\/MedvegjaSot.com1"]},{"@type":"Person","@id":"https:\/\/medvegjasot.com\/#\/schema\/person\/f2be1a84f4e95d0cb032946a1cf2e594","name":"admin","image":{"@type":"ImageObject","inLanguage":"en-US","@id":"https:\/\/secure.gravatar.com\/avatar\/2eedc5259426225ddc6f98b4b6728c30418b83e6f70285719780d3518d972ece?s=96&d=mm&r=g","url":"https:\/\/secure.gravatar.com\/avatar\/2eedc5259426225ddc6f98b4b6728c30418b83e6f70285719780d3518d972ece?s=96&d=mm&r=g","contentUrl":"https:\/\/secure.gravatar.com\/avatar\/2eedc5259426225ddc6f98b4b6728c30418b83e6f70285719780d3518d972ece?s=96&d=mm&r=g","caption":"admin"},"url":"https:\/\/medvegjasot.com\/?author=2"}]}},"jetpack_featured_media_url":"https:\/\/medvegjasot.com\/wp-content\/uploads\/2026\/09\/photo-output-2.jpeg","_links":{"self":[{"href":"https:\/\/medvegjasot.com\/index.php?rest_route=\/wp\/v2\/posts\/6843","targetHints":{"allow":["GET"]}}],"collection":[{"href":"https:\/\/medvegjasot.com\/index.php?rest_route=\/wp\/v2\/posts"}],"about":[{"href":"https:\/\/medvegjasot.com\/index.php?rest_route=\/wp\/v2\/types\/post"}],"author":[{"embeddable":true,"href":"https:\/\/medvegjasot.com\/index.php?rest_route=\/wp\/v2\/users\/2"}],"replies":[{"embeddable":true,"href":"https:\/\/medvegjasot.com\/index.php?rest_route=%2Fwp%2Fv2%2Fcomments&post=6843"}],"version-history":[{"count":3,"href":"https:\/\/medvegjasot.com\/index.php?rest_route=\/wp\/v2\/posts\/6843\/revisions"}],"predecessor-version":[{"id":6850,"href":"https:\/\/medvegjasot.com\/index.php?rest_route=\/wp\/v2\/posts\/6843\/revisions\/6850"}],"wp:featuredmedia":[{"embeddable":true,"href":"https:\/\/medvegjasot.com\/index.php?rest_route=\/wp\/v2\/media\/6844"}],"wp:attachment":[{"href":"https:\/\/medvegjasot.com\/index.php?rest_route=%2Fwp%2Fv2%2Fmedia&parent=6843"}],"wp:term":[{"taxonomy":"category","embeddable":true,"href":"https:\/\/medvegjasot.com\/index.php?rest_route=%2Fwp%2Fv2%2Fcategories&post=6843"},{"taxonomy":"post_tag","embeddable":true,"href":"https:\/\/medvegjasot.com\/index.php?rest_route=%2Fwp%2Fv2%2Ftags&post=6843"}],"curies":[{"name":"wp","href":"https:\/\/api.w.org\/{rel}","templated":true}]}}