{"id":6010,"date":"2025-12-25T13:17:51","date_gmt":"2025-12-25T13:17:51","guid":{"rendered":"https:\/\/medvegjasot.com\/?p=6010"},"modified":"2025-12-25T13:36:25","modified_gmt":"2025-12-25T13:36:25","slug":"ne-itali-u-mbajt-konference-mbi-diskriminimin-ne-presheve-medvegje-dhe-bujanoc","status":"publish","type":"post","link":"https:\/\/medvegjasot.com\/?p=6010","title":{"rendered":"N\u00eb Itali u mbajt Konferenc\u00eb mbi diskriminimin n\u00eb Preshev\u00eb, Medvegj\u00eb dhe Bujanoc"},"content":{"rendered":"\n<p><\/p>\n\n\n\n<p><em><strong>Kumtesa \u00a0e paraqitur n\u00eb Konferenc\u00ebn e mbajtur n\u00eb \u00a0Lugo Di Ravenna-Itali, nga Federata Komb\u00ebtare e Shoqatave Shqiptare n\u00eb Itali, \u00a0kushtuar \u00e7\u00ebshtjes\u00eb s\u00eb Krahin\u00ebs q\u00eb nuk e ka \u00a0t\u00eb zgjidhur statusin politik, p\u00ebrkund\u00ebr Referendumit dhe luft\u00ebs s\u00eb U\u00c7PMB-\u00ebs<\/strong><\/em><\/p>\n\n\n\n<figure class=\"wp-block-gallery has-nested-images columns-default is-cropped wp-block-gallery-1 is-layout-flex wp-block-gallery-is-layout-flex\">\n<figure class=\"wp-block-image size-large\"><img fetchpriority=\"high\" decoding=\"async\" width=\"1024\" height=\"768\" data-id=\"6014\" src=\"https:\/\/medvegjasot.com\/wp-content\/uploads\/2025\/12\/att.5S2DsloP1bTMPk-j3Pd_ecFdm3hrSIZ6zL3wKDzHNEE-1024x768.jpeg\" alt=\"\" class=\"wp-image-6014\" srcset=\"https:\/\/medvegjasot.com\/wp-content\/uploads\/2025\/12\/att.5S2DsloP1bTMPk-j3Pd_ecFdm3hrSIZ6zL3wKDzHNEE-1024x768.jpeg 1024w, https:\/\/medvegjasot.com\/wp-content\/uploads\/2025\/12\/att.5S2DsloP1bTMPk-j3Pd_ecFdm3hrSIZ6zL3wKDzHNEE-300x225.jpeg 300w, https:\/\/medvegjasot.com\/wp-content\/uploads\/2025\/12\/att.5S2DsloP1bTMPk-j3Pd_ecFdm3hrSIZ6zL3wKDzHNEE-768x576.jpeg 768w, https:\/\/medvegjasot.com\/wp-content\/uploads\/2025\/12\/att.5S2DsloP1bTMPk-j3Pd_ecFdm3hrSIZ6zL3wKDzHNEE.jpeg 1440w\" sizes=\"(max-width: 1024px) 100vw, 1024px\" \/><\/figure>\n<\/figure>\n\n\n\n<p>E nderuar Kryetarja e Bashkis\u00eb t\u00eb LUGO DI RAVENNA-Itali, znj.Elena Zanoni, &nbsp;&nbsp;<\/p>\n\n\n\n<p>I nderuar &nbsp;Presidenti Granit Mu\u00e7aj, zv.Presidenti Eris HOXHA,&nbsp;<\/p>\n\n\n\n<p>I nderuar &nbsp;Presidenti&nbsp;i Nderit Petrit Aliaj, &nbsp;dhe Sekretarja e Federat\u00ebs, dr.Ninfa Pema, e gjith\u00eb Grupit t\u00eb Pun\u00ebs,&nbsp;<\/p>\n\n\n\n<p>T\u00eb nderuar Studiues, Intelektual\u00eb, Veprimtar\u00eb t\u00eb \u00c7\u00ebshtjes Komb\u00ebtare,&nbsp;<\/p>\n\n\n\n<p>T\u00eb nderuar P\u00ebrfaq\u00ebsues t\u00eb institucioneve shtet\u00ebrore, qendrore e lokale, k\u00ebtu n\u00eb shtetin &nbsp;demokratik mik\u00ebprit\u00ebs n\u00eb Itali, &nbsp;<\/p>\n\n\n\n<p>T\u00eb nderuar P\u00ebrfaq\u00ebsues t\u00eb Federat\u00ebs Komb\u00ebtare e Shoqatave Shqiptare n\u00eb Itali, &nbsp;<\/p>\n\n\n\n<p>Jemi tep\u00ebr t\u00eb nderuar, q\u00eb jemi ftuar n\u00eb k\u00ebt\u00eb Konferenc\u00eb, po ashtu vllaz\u00ebrisht jeni t\u00eb falenderuar, p\u00ebr k\u00ebt\u00eb organizim, dhe&nbsp;ku po mbahet &nbsp;n\u00ebn patronatin, e Federat\u00ebs Komb\u00ebtare e Shoqatave Shqiptare n\u00eb Itali, &nbsp;Konferenc\u00eb me tem\u00ebn:&nbsp;<\/p>\n\n\n\n<p><strong>\u201cKosova Lindore, dje, sot dhe sfidat e s\u00eb ardhmes\u201d,<\/strong>&nbsp;n\u00eb bashk\u00ebpunim t\u00eb ngusht\u00eb me Shoqat\u00ebn&nbsp;<strong>&#8220;VATRA SHQIPTARE\u201d<\/strong>&nbsp;dhe&nbsp;me t\u00eb ftuar nga Kosova Lindore, &nbsp;<strong>\u201cDIASPORA 2025\u201d,<\/strong>&nbsp;jemi mbledhur n\u00eb k\u00ebt\u00eb konferenc\u00eb, me pjes\u00ebmarr\u00ebs t\u00eb s\u00eb drejt\u00ebs&nbsp;Komb\u00ebtare e Nd\u00ebrkomb\u00ebtare, Drejtues t\u00eb Organizatave Shoq\u00ebrore, Personalitete t\u00eb Kultur\u00ebs shqiptare, Autoritete vendore&nbsp;dhe p\u00ebrfaq\u00ebsues nga hapsira e jon\u00eb shqiptare, dhe gjith\u00ebandej diaspora do t\u00eb mundohem p\u00ebrmes\u00eb k\u00ebsaj kumtese,&nbsp;<strong><em>t\u00eb &nbsp;ndar\u00eb&nbsp;<\/em><\/strong><strong><em>n\u00eb 3 kapituj t\u00eb ndar\u00eb n\u00eb periudha kohore, si:&nbsp;<\/em><\/strong><\/p>\n\n\n\n<p><strong>\u201cKosova Lindore, DJE\u2019\u2019<\/strong>,n\u00eb gjitha zhvillimet e r\u00ebnd\u00ebsishme historike \u00a0p\u00ebr formimin e shtetit Shqitar\u00eb, nga kjo Krahin\u00eb \u00ebsht\u00eb\u00a0dh\u00ebn kontributi, q\u00eb nga koha e Lidhjes Shqiptare t\u00eb Prizrenit, Kongresin e Alfabetit n\u00eb Manastir\u00eb, shpalljen e Pavar\u00ebsis\u00eb,po\u00a0ashtu \u00a0shqiptar\u00ebt \u00a0pas luft\u00ebs s\u00eb dyt\u00eb bot\u00ebrore, ishin pjes\u00eb e Jugosllavis\u00eb edhe me shqiptar\u00ebt e Kosov\u00ebs, shqiptar\u00ebt n\u00eb \u00a0Meqedonin\u00eb e Veriut, Shqiptar\u00eb n\u00eb Mal\u00eb t\u00eb Zi, dhe Shqiptar\u00ebt n\u00eb pjes\u00eb tjer\u00eb t\u00eb hapsir\u00ebs s\u00eb Jugosllavis\u00eb t\u00eb asaj kohe duke\u00a0p\u00ebrfshi edhe Shqiptar\u00ebt n\u00eb Krahin\u00ebn e Sanxhakut. \u00a0<br><\/p>\n\n\n\n<figure class=\"wp-block-gallery has-nested-images columns-default is-cropped wp-block-gallery-2 is-layout-flex wp-block-gallery-is-layout-flex\">\n<figure class=\"wp-block-image size-large\"><img decoding=\"async\" width=\"1024\" height=\"718\" data-id=\"6016\" src=\"https:\/\/medvegjasot.com\/wp-content\/uploads\/2025\/12\/att.yfSaWu8TcQ8J03NDtolox7uFGjmitpJ35aT7RhxkHro-1024x718.jpeg\" alt=\"\" class=\"wp-image-6016\" srcset=\"https:\/\/medvegjasot.com\/wp-content\/uploads\/2025\/12\/att.yfSaWu8TcQ8J03NDtolox7uFGjmitpJ35aT7RhxkHro-1024x718.jpeg 1024w, https:\/\/medvegjasot.com\/wp-content\/uploads\/2025\/12\/att.yfSaWu8TcQ8J03NDtolox7uFGjmitpJ35aT7RhxkHro-300x210.jpeg 300w, https:\/\/medvegjasot.com\/wp-content\/uploads\/2025\/12\/att.yfSaWu8TcQ8J03NDtolox7uFGjmitpJ35aT7RhxkHro-768x538.jpeg 768w, https:\/\/medvegjasot.com\/wp-content\/uploads\/2025\/12\/att.yfSaWu8TcQ8J03NDtolox7uFGjmitpJ35aT7RhxkHro-1536x1076.jpeg 1536w, https:\/\/medvegjasot.com\/wp-content\/uploads\/2025\/12\/att.yfSaWu8TcQ8J03NDtolox7uFGjmitpJ35aT7RhxkHro.jpeg 2048w\" sizes=\"(max-width: 1024px) 100vw, 1024px\" \/><\/figure>\n<\/figure>\n\n\n\n<p>Me filimin e frym\u00ebs demokratike n\u00eb Evrop\u00ebn Lindore, ne shqipatar\u00ebt, u organizuam dhe formuam subjektet Autoktone&nbsp;Politike, por edhe u kyq\u00ebm aktivist duke kontribuar n\u00eb K\u00ebshillin Koordinuese t\u00eb &nbsp;Partive Politike t\u00eb Shqiptar\u00ebve n\u00eb ish-Jugosllavi, pastaj mbajt\u00ebm dhe oraganizuar Referendumin e &nbsp;1 e 2 &nbsp;marsit t\u00eb vitit &nbsp;1992,pastaj &nbsp;\u00ebsht\u00eb kryengritja e armatosur&nbsp;dhe lufta e U\u00c7PMB-\u00ebs, n\u00eb mbrojtje t\u00eb pragut, dinjitetit dhe identitetit, n\u00eb k\u00ebt\u00eb koh\u00eb kjo Krahin\u00eb q\u00eb p\u00ebrfshin Preshev\u00eb,&nbsp;Medvegj\u00eb dhe Bujanoc. P\u00ebr her\u00eb t\u00eb par\u00eb n\u00eb historin\u00eb e k\u00ebsaj Krahine, ishte ngritur, n\u00eb nivelin m\u00eb t\u00eb lart\u00eb t\u00eb&nbsp;internacionalzimit t\u00eb \u00e7\u00ebshtjes, sensiblizimit deri n\u00eb instanca t\u00eb BE-\u00eb, Paktit ushtarak Veri-Atlantik ATO-s dhe mekanizma t\u00eb&nbsp;OKB-\u00ebs.Megjith\u00ebk\u00ebt\u00eb Republika e Serbis\u00eb, nuk ka respektuar plot\u00ebsisht detyrimet q\u00eb rrjedhin nga e drejta nd\u00ebrkomb\u00ebtare&nbsp;dhe instrumentet nd\u00ebrkomb\u00ebtare p\u00ebr mbrojtjen e pakicave komb\u00ebtare, nuk ka zbatuar &nbsp;t\u00eb gjitha marr\u00ebveshjet e&nbsp;n\u00ebnshkruara me p\u00ebrfaq\u00ebsuesit politik\u00eb t\u00eb shqiptar\u00ebve t\u00eb k\u00ebtij Rajoni &nbsp;n\u00eb vitet 2001, 2009, 2013 dhe 2022. BE-ja dhe&nbsp;institucionet e tij jo nuk kan kusht\u00ebzuar avancimin e procesit, kurse OSBE-ja, K\u00ebshilli i Evrop\u00ebs dhe partner\u00ebt transatlantik\u00eb&nbsp;nuk kan intensifikuar monitorimin dhe dialogun institucional, Zyra e Komisionerit t\u00eb Lart\u00eb t\u00eb OKB-s\u00eb p\u00ebr t\u00eb Drejtat e Njeriut&nbsp;nuk ka d\u00ebrguar nj\u00eb mision monitorues n\u00eb k\u00ebt\u00eb Krahin\u00eb. Republika e Serbis\u00eb, nuk ka respektuar njohjen e diplomave, tekstet&nbsp;shkollore, nuk \u00ebsht\u00eb duke &nbsp;garantuar p\u00ebrdorimin zyrtar i gjuh\u00ebs shqipe dhe simboleve komb\u00ebtare shqiptare n\u00eb p\u00ebrputhje&nbsp;me ligjin dhe standardet evropiane.Republika e Serbis\u00eb, nuk ka &nbsp;siguruar &nbsp;p\u00ebrfaq\u00ebsim proporcional dhe t\u00eb drejt\u00eb t\u00eb&nbsp;shqiptar\u00ebve n\u00eb institucionet shtet\u00ebrore, dhe nuk ka nd\u00ebrprer\u00eb \u00e7do praktik\u00eb administrative q\u00eb prodhon efekte t\u00eb spastrimit&nbsp;etnik p\u00ebrmes mjeteve burokratike.&nbsp;<\/p>\n\n\n\n<p><strong>\u201cKosova Lindore-SOT\u2019\u2019,<\/strong>&nbsp;&nbsp;&nbsp;p\u00ebrballet dhe ballafaqohet me nj\u00eb spastrim Etnik-diskriminim, heqja, fshirja e adresave t\u00eb&nbsp;qytetar\u00ebve Shqiptar\u00eb t\u00eb Preshev\u00ebs, Medvegj\u00eb,e &nbsp;Bujanocit, Serbia, nuk po e zbaton &nbsp;Marr\u00ebveshjen e Kon\u00e7ulit, t\u00eb arritur&nbsp;dat\u00ebn 20 maj 2001, Beogradi zyrtar, &nbsp;jo q\u00eb nuk e ka respektuar Marr\u00ebveshjen e Kon\u00e7ulit,por kemi,si: &nbsp;<\/p>\n\n\n\n<p><strong>I. Prezenca e forcave Serbe \u00ebsht\u00eb shtuar n\u00ebp\u00ebr vendbanimet lokalitete shqiptare, t\u00eb Preshev\u00ebs, Medvegj\u00ebs e Bujanocit, jan &nbsp;48&nbsp;<\/strong><strong>MINIBAZA n\u00eb Zon\u00ebn Tok\u00ebsore t\u00eb Siguris\u00eb, kemi militarizim t\u00eb lart\u00eb, &nbsp;&nbsp;<\/strong><\/p>\n\n\n\n<hr class=\"wp-block-separator has-alpha-channel-opacity\"\/>\n\n\n\n<p><strong>II. Amnistia e ish-ushtar\u00ebve t\u00eb U\u00c7PMB-s\u00eb nuk \u00ebsht\u00eb respektuar, &nbsp;<\/strong><\/p>\n\n\n\n<p><strong>III. Policia Multietnike nuk \u00ebsht\u00eb instaluar n\u00eb p\u00ebrpjestim t\u00eb popullat\u00ebs, e as n\u00eb hierarkin\u00eb komanduese n\u00eb Policin Multietnike<\/strong>,&nbsp;<\/p>\n\n\n\n<p>Kur k\u00ebsaj i shtojm dhe p\u00ebrdoret nj\u00eb Gjuh\u00eb me urrejtje, raciz\u00ebm dhe ksenofobi, Serbia, vazhdon shkelje, cenim, mohim,\u00a0diskriminimi n\u00eb parfaq\u00ebsim n\u00eb institucione Lokal dhe Qendror t\u00eb Republik\u00ebs s\u00eb Serbis\u00eb, n\u00eb Gjykata, Prokurori, Sh\u00ebndet\u00ebsi,\u00a0Administrat\u00eb Tatimore, ka diskriminim edhe n\u00eb kultur\u00eb, n\u00eb informim, n\u00eb investime t\u00eb zhvillimin ekonomik, diskriminim\u00a0edhe n\u00eb pasivizimin e adresave-nj\u00eb pastrim entik. N\u00eb t\u00eb gjitha segmentet e shtetit jemi me p\u00ebrfaq\u00ebsim n\u00eb disproporcion\u00a0me p\u00ebrqindjen e popull\u00ebsis\u00eb s\u00eb k\u00ebtyre komunave dhe Rajoni m\u00eb i pazhvilluar dhe m\u00eb i diskriminuar n\u00eb gjith\u00eb Evrop\u00ebn.\u00a0Shqiptar\u00ebt, n\u00eb Serbi jetojn n\u00eb kushte pushtimi klasik, u jemi ekzpozuar frig\u00ebs, urrejtjes, militarizimit, n\u00ebn tendenca t\u00eb\u00a0vazhdueshme p\u00ebr shp\u00ebrngulje, asimilim e pastrim Etnik. \u00a0<br><\/p>\n\n\n\n<figure class=\"wp-block-gallery has-nested-images columns-default is-cropped wp-block-gallery-3 is-layout-flex wp-block-gallery-is-layout-flex\">\n<figure class=\"wp-block-image size-large\"><img decoding=\"async\" width=\"768\" height=\"1024\" data-id=\"6017\" src=\"https:\/\/medvegjasot.com\/wp-content\/uploads\/2025\/12\/att.nblVrT4YSdS-kSVxkUxxgo9FBKik9c4rueIKB2XmVlo-768x1024.jpeg\" alt=\"\" class=\"wp-image-6017\" srcset=\"https:\/\/medvegjasot.com\/wp-content\/uploads\/2025\/12\/att.nblVrT4YSdS-kSVxkUxxgo9FBKik9c4rueIKB2XmVlo-768x1024.jpeg 768w, https:\/\/medvegjasot.com\/wp-content\/uploads\/2025\/12\/att.nblVrT4YSdS-kSVxkUxxgo9FBKik9c4rueIKB2XmVlo-225x300.jpeg 225w, https:\/\/medvegjasot.com\/wp-content\/uploads\/2025\/12\/att.nblVrT4YSdS-kSVxkUxxgo9FBKik9c4rueIKB2XmVlo-1152x1536.jpeg 1152w, https:\/\/medvegjasot.com\/wp-content\/uploads\/2025\/12\/att.nblVrT4YSdS-kSVxkUxxgo9FBKik9c4rueIKB2XmVlo.jpeg 1536w\" sizes=\"(max-width: 768px) 100vw, 768px\" \/><\/figure>\n<\/figure>\n\n\n\n<p><strong>T\u00eb nderuar pjes\u00ebmarr\u00ebs n\u00eb k\u00ebt\u00eb &nbsp;Konferenc\u00eb me tem\u00ebn shum\u00eb dometh\u00ebnj\u00ebse \u201cKosova Lindore, dje, sot dhe sfidat e s\u00eb ardhmes\u201d, &nbsp;&nbsp;<\/strong><\/p>\n\n\n\n<p><strong><em>Do t\u00eb mundohem n\u00eb kapitullin, e 3-t\u00eb, t\u00eb k\u00ebsaj kumtese t\u00eb &nbsp;p\u00ebrshkruaj:&nbsp;<\/em><\/strong><strong><\/strong><\/p>\n\n\n\n<p><strong>\u201cKosova Lindore-SFIDAT E S\u00cb ARDHMES\u201d,<\/strong>&nbsp;k\u00ebt\u00eb Krahin\u00eb e presin sfida nga m\u00eb t\u00eb ndryshme, jo t\u00eb lehta, mbi t\u00eb gjith\u00eb t\u00eb&nbsp;vet\u00ebm vazhdojm dhe t\u00eb jemi e tregohemi &nbsp;duke iu paraqitur t\u00eb &nbsp;koordinuar, &nbsp;harmonizuar duke vazhduar t\u00eb shfaqim \u00e7\u00ebshtjen&nbsp;ton, \u00e7do her\u00eb tep\u00ebr t\u00eb artikuluar t\u00eb unifikuar, me k\u00ebrkesa t\u00eb qarta, gjithnj\u00eb edhe me Prishtin\u00ebn dhe Tiran\u00ebn Zyrtare, do t\u00eb&nbsp;duhej t\u00eb nd\u00ebrtojn dhe miratojn nj\u00eb q\u00ebndrim, por edhe t\u00eb avokojn dhe lobojn &nbsp;n\u00eb instanca e makanizma m\u00eb t\u00eb larta &nbsp;t\u00eb BE-s\u00eb &nbsp;dhe OKB-\u00ebs, pasi &nbsp; Krahina e jon nuk e ka t\u00eb zgjidhur statusin politik.\\&nbsp;<\/p>\n\n\n\n<p>Pas disa raportimive nga BE-ja, se Serbia, nuk i ka t\u00eb zgjidhur t\u00eb drejtat e pakicave, dhe \u00ebsht\u00eb miratuar nj\u00eb Rezolut, m\u00eb 8&nbsp;korrik &nbsp;2022, &nbsp;nga Parlamenti Evropian, q\u00eb k\u00ebrkohet hetim p\u00ebr pasivizimin e vendbanimeve p\u00ebr shqiptar\u00ebt e Preshev\u00ebs,&nbsp;Medvegj\u00ebs e Bujanocit, &nbsp;mbi &nbsp; spastrim etnik-diskriminim. \u00cbsht\u00eb shum\u00eb shpres\u00eb dh\u00ebn\u00ebse q\u00eb &nbsp;m\u00eb 2 dhjetor 2025,&nbsp;<strong>Kongresisti&nbsp;<\/strong><strong>Amerikan Keith SELF,<\/strong>&nbsp;&nbsp;n\u00eb Komitetin p\u00ebr Pun\u00eb t\u00eb Jashtme t\u00eb Kongresit, Kryetar i N\u00ebnkomitetit p\u00ebr Evrop\u00eb, prezantoi Rezolut\u00ebn&nbsp;e par\u00eb n\u00eb historin\u00eb e Kongresit Amerikan p\u00ebr \u00e7\u00ebshtjen e Krahin\u00ebs son. &nbsp;<\/p>\n\n\n\n<p><strong>Po ashtu \u00ebsht\u00eb p\u00ebr ta p\u00ebrsh\u00ebndetur diskutimin, mbi ngritjen e \u00e7\u00ebshtjes\u00eb s\u00eb Krahin\u00ebs son, nga Presidenti Shqiptar\u00eb Bajram Begaj n\u00eb&nbsp;<\/strong><strong>Asamblen\u00eb e P\u00ebrgjithshme t\u00eb OKB-s\u00eb, m\u00eb 24 shtator 2025.&nbsp;<\/strong><\/p>\n\n\n\n<p>Kjo Krahin\u00eb &nbsp;p\u00ebrkund\u00ebr vullnetit plebishitar t\u00eb shprehur e manifestuar n\u00eb Referendumin e &nbsp;dat\u00ebs 1 e 2 Mars 1992,dhe&nbsp;kryengritjes s\u00eb armatosur U\u00c7PMB-\u00ebs, q\u00eb mbrojti pragun, dinjitetin dhe identitetin e k\u00ebsaj Krahine, por edhe &nbsp;arritjes s\u00eb&nbsp;Marr\u00ebveshjes s\u00eb Kon\u00e7ulit, k\u00ebrkon me t\u00eb drejt\u00eb zgjidhje dhe do t\u00eb duhej t\u00eb ngritet, shtrohet e debatohet nga SHBA-ja, nga&nbsp;BE-ja, duke p\u00ebrfshi edhe nga OKB-ja.&nbsp;<\/p>\n\n\n\n<p>Mosp\u00ebrfaq\u00ebsimi &nbsp;me vende t\u00eb rezervuara n\u00eb Parlament t\u00eb Serbis\u00eb, mosmund\u00ebsia e shkollimit n\u00eb nivel Universiteti,&nbsp;moszbatimi q\u00eb Komandant t\u00eb Policis\u00eb n\u00eb k\u00ebto komuna, t\u00eb jet\u00eb nga p\u00ebrkat\u00ebsia nacionale shqiptare, pra mosintegrimi&nbsp;proporcional i shqiptar\u00ebve n\u00eb strukturat shtet\u00ebrore, moskthimi i Lapidarit t\u00eb d\u00ebshmor\u00ebve t\u00eb U\u00c7PMB-\u00ebs, n\u00eb Preshev\u00eb,&nbsp;mosdemilitarizimi i plot\u00eb i k\u00ebsaj Krahine, moskompenzimi i d\u00ebmeve t\u00eb shkaktuara nga konfliktet e armatosura, mosinvestim&nbsp;n\u00ebn tendenca t\u00eb vazhdueshme p\u00ebr shp\u00ebrngulje, asimilim e pastrim etnik, k\u00ebto jan&nbsp;<strong>SFIDAT E S\u00cb ARDHMES,<\/strong>&nbsp;t\u00eb k\u00ebsaj &nbsp;Krahine. &nbsp;<\/p>\n\n\n\n<p>Nj\u00eb nd\u00ebr shum\u00eb sfida t\u00eb mbijetes\u00ebs n\u00eb ruajtjen e substanc\u00ebs, t\u00eb mbrojm sakrific\u00ebn dhe kontributin e luft\u00ebs s\u00eb armatosur si&nbsp;sfida t\u00eb s\u00eb ardhmes, ngritja, n\u00eb nivelin m\u00eb t\u00eb lart\u00eb t\u00eb internacionalzimit. &nbsp;<\/p>\n\n\n\n<p>N\u00eb p\u00ebrfundim t\u00eb 3 kapitujve t\u00eb k\u00ebsaj kumtese&nbsp;<\/p>\n\n\n\n<p>Do t\u00eb ishte n\u00eb interes q\u00eb nga gjith\u00eb pjes\u00ebmarr\u00ebsit t\u00eb k\u00ebsaj konference q\u00eb p\u00ebrb\u00ebhet nga studiues, Intelektual\u00eb, Veprimtar\u00eb,&nbsp;P\u00ebrfaq\u00ebsues t\u00eb institucioneve shtet\u00ebrore, p\u00ebrfaq\u00ebsues t\u00eb Federat\u00ebs Komb\u00ebtare e Shoqatave Shqiptare n\u00eb Itali,bashkarisht &nbsp;t\u00eb hartohet e p\u00ebrgadit\u00ebt nj\u00eb&nbsp;<strong>REZOLUT\u00cb<\/strong>, nga k\u00ebndv\u00ebshtrimi i p\u00ebrbashk\u00ebt, q\u00eb do t\u2019ju d\u00ebrgohet Parlamentit Italian, Parlamentit&nbsp;t\u00eb Serbis\u00eb, Parlamentit Shqiptar,duke p\u00ebrfshir\u00eb edhe Kryeministrat, President\u00ebve dhe Ministrive &nbsp;p\u00ebrkat\u00ebse, por edhe&nbsp;K\u00ebshillit Europian dhe Komisionit p\u00ebr t\u00eb Drejtat e Njeriut, Parlamentit Europian, deri n\u00eb OKB dhe Komisionit p\u00ebr t\u00eb Drejtat&nbsp;e Njeriut pran\u00eb OKB-\u00ebs.&nbsp;<\/p>\n\n\n\n<hr class=\"wp-block-separator has-alpha-channel-opacity\"\/>\n\n\n\n<p>Kjo&nbsp;<strong>REZOLUT\u00cb<\/strong>, ka baz\u00eb t\u00eb juridiksionit, akteve dhe konventave m\u00eb t\u00eb larta t\u00eb BE-s\u00eb, OKB-\u00ebs, pra &nbsp;thirret &nbsp;n\u00eb mb\u00ebshtetje n\u00eb&nbsp;parimeve universale t\u00eb t\u00eb drejtave t\u00eb njeriut dhe standardet evropiane p\u00ebr mbrojtjen e pakicave komb\u00ebtare n\u00eb Nenin 14 i&nbsp;Konvent\u00ebs Evropiane p\u00ebr t\u00eb Drejtat e Njeriut (1953), n\u00eb Nenin 27 i Paktit Nd\u00ebrkomb\u00ebtar p\u00ebr t\u00eb Drejtat Civile dhe Politike&nbsp;(1966), n\u00eb Aktin Final t\u00eb Helsinkit (1975), n\u00eb Deklarat\u00ebn e OKB-s\u00eb mbi t\u00eb DrejtaPersonave q\u00eb u p\u00ebrkasin Pakicave&nbsp;Komb\u00ebtare ose Etnike, Fetare dhe Gjuh\u00ebsore (1992), Konvent\u00ebn Korniz\u00eb t\u00eb K\u00ebshillit t\u00eb Evrop\u00ebs p\u00ebr Mbrojtjen e Pakicave&nbsp;Komb\u00ebtare (1998), &nbsp;<\/p>\n\n\n\n<p>T\u00eb gjith\u00eb ne, gjithnj\u00eb t\u00eb harmonizuar &nbsp;t\u00eb vazhdojm t\u00eb paraqitemi para gjith\u00eb opinionit,dhe pal\u00ebs nd\u00ebrkomb\u00ebtare duhet t\u00eb&nbsp;refektojm, edhe n\u00eb planin, dhe strategjin e platform\u00ebn e unifikuar se edhe kjo Krahin\u00eb i p\u00ebrket Evrop\u00ebs, dhe Rajoni i&nbsp;Preshev\u00ebs, Medvegj\u00ebs e Bujanocit, &nbsp;nuk \u00ebsht\u00eb vet\u00ebm \u00e7\u00ebshtje e bredshme e Serbis\u00eb, sepse kjo Krahin\u00eb nuk e ka t\u00eb zgjidhur&nbsp;statusin politik, dhe k\u00ebrkon zgjidhje t\u00eb drejt\u00eb.&nbsp;<\/p>\n\n\n\n<p>Rajoni m\u00eb i pazhvilluar dhe m\u00eb i diskriminuar n\u00eb gjith\u00eb Evrop\u00ebn, kryemesazhi se v\u00ebrtet duhet t\u00eb jemi nj\u00eb z\u00eb i artikuluar,&nbsp;ende na duhet &nbsp;vazhduar &nbsp;t\u00eb manifestojm rezistenc\u00eb politike, me mjete paq\u00ebsore &nbsp;p\u00ebr t\u00eb drejtat individuale e kolektive.&nbsp;<\/p>\n\n\n\n<p><strong>Tirana dhe Prishtina zyrtare, m\u00eb s\u00eb miri e mbrojn FRYM\u00cbN &nbsp;SHQIPTARE pik\u00ebrisht n\u00eb k\u00ebt\u00eb Krahin\u00eb<\/strong>.&nbsp;<\/p>\n\n\n\n<p>Edhe konferenca &nbsp;sotit e organizuar nga Federata Komb\u00ebtare e Shoqatave Shqiptare n\u00eb Itali, \u00ebsht\u00eb nj\u00eb kontribut, vet\u00ebm&nbsp;n\u00ebse angazhohemi t\u00eb gjith\u00eb pa dallim, sikur\u00eb q\u00eb vepruan&nbsp;<strong>RILANDASIT TAN<\/strong>, m\u00eb shpejt e sigurt do t\u00eb arrijm t\u00eb realizojm &nbsp; &nbsp;n\u00eb&nbsp;sigurimin e nj\u00eb t\u00eb ardhme m\u00eb t\u00eb ndritur dhe t\u00eb sigurt p\u00ebr Shqiptar\u00ebt kudo.&nbsp;<\/p>\n\n\n\n<p><strong><em>Me konsiderat t\u00eb pa fund, p\u00ebr gjith\u00eb secilin prej jush, n\u00eb k\u00ebt\u00eb Konferenc\u00eb. &nbsp;<\/em><\/strong><\/p>\n\n\n\n<p>Ju faleminderit, dhe&nbsp;p\u00ebrg\u00ebzime n\u00eb k\u00ebt\u00eb &nbsp;gjesti fisnik dhe p\u00ebr mikpritjes vllaz\u00ebrore,&nbsp;gjithashtu na nderoi me prezenc\u00ebn e &nbsp;saj edhe &nbsp; Kryetarja e Bashkis\u00eb t\u00eb LUGO DI RAVENNA-Itali, znj. Elena ZANONI, p\u00ebr pjes\u00ebmarrje dhe mb\u00ebshtetje p\u00ebr k\u00ebt\u00eb&nbsp;aktivitet. &nbsp;<\/p>\n\n\n\n<p>Mir\u00ebutakofshimi n\u00eb aktivitetet tjera t\u00eb radh\u00ebs, kudo n\u00eb hapsira tona Shqiptare &nbsp;n\u00eb interes t\u00eb kauz\u00ebs s\u00eb drejt p\u00ebr liri, t\u00eb&nbsp;Krahin\u00ebs son.&nbsp;<\/p>\n\n\n\n<p><strong><em>Lavdi jet\u00eb dhe veprave e t\u00eb gjitha koh\u00ebrave dhe ata q\u00eb kan\u00eb kontribuar p\u00ebr lirin dhe mbajtjen gjall\u00eb t\u00eb FRYM\u00cbS SHQIPTARE &nbsp;t\u00eb&nbsp;<\/em><\/strong><strong><em>Preshev\u00ebs, Medvegj\u00ebs, e Bujanocit.&nbsp;<\/em><\/strong><\/p>\n\n\n\n<p><em>Kumtesa e Refik HASANI-t, Master Shkencor, nga Bujanoci, e paraqitur &nbsp;para t\u00eb pranishm\u00ebve n\u00eb konferenc\u00ebn, me tem\u00ebn:&nbsp;<\/em><em>\u201cKosova Lindore, dje, sot dhe sfidat e s\u00eb ardhmes\u201d, e organizuar nga Federata Komb\u00ebtare e Shoqatave Shqiptare n\u00eb LUGO&nbsp;<\/em><em>DI RAVENNA, &nbsp;t\u00eb Italis\u00eb, m\u00eb 21 dhjetor 2025.&nbsp;<\/em><\/p>\n\n\n\n<p>*Autori, \u00ebsht\u00eb njoh\u00ebs i rrethanave n\u00eb&nbsp;<em>Preshev\u00eb, Medvegj\u00eb, e Bujanoc<\/em>, kontriboi n\u00eb tryeza, debate e aktivitete, \u00ebsht\u00eb nj\u00eb aktivist i dalluar&nbsp;n\u00eb sh\u00ebrbim t\u00eb zgjidhjes s\u00eb drejt\u00ebs t\u00eb kauz\u00ebs s\u00eb k\u00ebsaj Krahine,&nbsp;Veprimtar shum\u00eb i njohur n\u00eb gjith\u00eb hapsirat Etnike shqiptare, q\u00eb mirret&nbsp;aktivisht &nbsp;me publicistik, si dhe studime e hulumtime, &nbsp;ku&nbsp;ka treguar angazhim n\u00eb tribuna, tryeza dhe paraqitje publike dhe p\u00ebrkushtimin&nbsp;e tij t\u00eb vazhduesh\u00ebm&nbsp;ka organizuar edhe dhjetra &nbsp;debate publike me tem\u00ebn dhe \u00e7\u00ebshtjen q\u00eb lidhet nga kjo Krahin\u00eb, ka marr\u00eb pjes\u00eb n\u00eb&nbsp;shum\u00eb paraqitje, &nbsp;dhe n\u00eb disa &nbsp;konferenca shkencore t\u00eb organizuara. \u00cbsht\u00eb autor i dhjetra v\u00ebshtrimeve t\u00eb hulumtuara.<\/p>\n\n\n\n<p><\/p>\n","protected":false},"excerpt":{"rendered":"<p>Kumtesa \u00a0e paraqitur n\u00eb Konferenc\u00ebn e mbajtur n\u00eb \u00a0Lugo Di Ravenna-Itali, nga Federata Komb\u00ebtare e Shoqatave Shqiptare n\u00eb Itali, \u00a0kushtuar \u00e7\u00ebshtjes\u00eb s\u00eb Krahin\u00ebs q\u00eb nuk e ka \u00a0t\u00eb zgjidhur statusin politik, p\u00ebrkund\u00ebr Referendumit dhe luft\u00ebs s\u00eb U\u00c7PMB-\u00ebs E nderuar Kryetarja e Bashkis\u00eb t\u00eb LUGO DI RAVENNA-Itali, znj.Elena Zanoni, &nbsp;&nbsp; I nderuar &nbsp;Presidenti Granit Mu\u00e7aj, zv.Presidenti&#8230;<\/p>\n","protected":false},"author":2,"featured_media":6013,"comment_status":"open","ping_status":"open","sticky":false,"template":"","format":"standard","meta":{"_coblocks_attr":"","_coblocks_dimensions":"","_coblocks_responsive_height":"","_coblocks_accordion_ie_support":"","_monsterinsights_skip_tracking":false,"_monsterinsights_sitenote_active":false,"_monsterinsights_sitenote_note":"","_monsterinsights_sitenote_category":0,"footnotes":""},"categories":[17],"tags":[],"class_list":["post-6010","post","type-post","status-publish","format-standard","has-post-thumbnail","hentry","category-diaspora"],"yoast_head":"<!-- This site is optimized with the Yoast SEO plugin v27.5 - https:\/\/yoast.com\/product\/yoast-seo-wordpress\/ -->\n<title>N\u00eb Itali u mbajt Konferenc\u00eb mbi diskriminimin n\u00eb Preshev\u00eb, Medvegj\u00eb dhe Bujanoc - Medvegja Sot<\/title>\n<meta name=\"robots\" content=\"index, follow, max-snippet:-1, max-image-preview:large, max-video-preview:-1\" \/>\n<link rel=\"canonical\" href=\"https:\/\/medvegjasot.com\/?p=6010\" \/>\n<meta property=\"og:locale\" content=\"en_US\" \/>\n<meta property=\"og:type\" content=\"article\" \/>\n<meta property=\"og:title\" content=\"N\u00eb Itali u mbajt Konferenc\u00eb mbi diskriminimin n\u00eb Preshev\u00eb, Medvegj\u00eb dhe Bujanoc - Medvegja Sot\" \/>\n<meta property=\"og:description\" content=\"Kumtesa \u00a0e paraqitur n\u00eb Konferenc\u00ebn e mbajtur n\u00eb \u00a0Lugo Di Ravenna-Itali, nga Federata Komb\u00ebtare e Shoqatave Shqiptare n\u00eb Itali, \u00a0kushtuar \u00e7\u00ebshtjes\u00eb s\u00eb Krahin\u00ebs q\u00eb nuk e ka \u00a0t\u00eb zgjidhur statusin politik, p\u00ebrkund\u00ebr Referendumit dhe luft\u00ebs s\u00eb U\u00c7PMB-\u00ebs E nderuar Kryetarja e Bashkis\u00eb t\u00eb LUGO DI RAVENNA-Itali, znj.Elena Zanoni, &nbsp;&nbsp; I nderuar &nbsp;Presidenti Granit Mu\u00e7aj, zv.Presidenti...\" \/>\n<meta property=\"og:url\" content=\"https:\/\/medvegjasot.com\/?p=6010\" \/>\n<meta property=\"og:site_name\" content=\"Medvegja Sot\" \/>\n<meta property=\"article:publisher\" content=\"https:\/\/www.facebook.com\/MedvegjaSot.com1\" \/>\n<meta property=\"article:published_time\" content=\"2025-12-25T13:17:51+00:00\" \/>\n<meta property=\"article:modified_time\" content=\"2025-12-25T13:36:25+00:00\" \/>\n<meta property=\"og:image\" content=\"https:\/\/medvegjasot.com\/wp-content\/uploads\/2025\/12\/photo-output-9.jpeg\" \/>\n\t<meta property=\"og:image:width\" content=\"2048\" \/>\n\t<meta property=\"og:image:height\" content=\"1152\" \/>\n\t<meta property=\"og:image:type\" content=\"image\/jpeg\" \/>\n<meta name=\"author\" content=\"admin\" \/>\n<meta name=\"twitter:card\" content=\"summary_large_image\" \/>\n<meta name=\"twitter:label1\" content=\"Written by\" \/>\n\t<meta name=\"twitter:data1\" content=\"admin\" \/>\n\t<meta name=\"twitter:label2\" content=\"Est. reading time\" \/>\n\t<meta name=\"twitter:data2\" content=\"9 minutes\" \/>\n<script type=\"application\/ld+json\" class=\"yoast-schema-graph\">{\"@context\":\"https:\\\/\\\/schema.org\",\"@graph\":[{\"@type\":\"Article\",\"@id\":\"https:\\\/\\\/medvegjasot.com\\\/?p=6010#article\",\"isPartOf\":{\"@id\":\"https:\\\/\\\/medvegjasot.com\\\/?p=6010\"},\"author\":{\"name\":\"admin\",\"@id\":\"https:\\\/\\\/medvegjasot.com\\\/#\\\/schema\\\/person\\\/f2be1a84f4e95d0cb032946a1cf2e594\"},\"headline\":\"N\u00eb Itali u mbajt Konferenc\u00eb mbi diskriminimin n\u00eb Preshev\u00eb, Medvegj\u00eb dhe Bujanoc\",\"datePublished\":\"2025-12-25T13:17:51+00:00\",\"dateModified\":\"2025-12-25T13:36:25+00:00\",\"mainEntityOfPage\":{\"@id\":\"https:\\\/\\\/medvegjasot.com\\\/?p=6010\"},\"wordCount\":2295,\"commentCount\":0,\"publisher\":{\"@id\":\"https:\\\/\\\/medvegjasot.com\\\/#organization\"},\"image\":{\"@id\":\"https:\\\/\\\/medvegjasot.com\\\/?p=6010#primaryimage\"},\"thumbnailUrl\":\"https:\\\/\\\/medvegjasot.com\\\/wp-content\\\/uploads\\\/2025\\\/12\\\/photo-output-9.jpeg\",\"articleSection\":[\"DIASPORA\"],\"inLanguage\":\"en-US\",\"potentialAction\":[{\"@type\":\"CommentAction\",\"name\":\"Comment\",\"target\":[\"https:\\\/\\\/medvegjasot.com\\\/?p=6010#respond\"]}]},{\"@type\":\"WebPage\",\"@id\":\"https:\\\/\\\/medvegjasot.com\\\/?p=6010\",\"url\":\"https:\\\/\\\/medvegjasot.com\\\/?p=6010\",\"name\":\"N\u00eb Itali u mbajt Konferenc\u00eb mbi diskriminimin n\u00eb Preshev\u00eb, Medvegj\u00eb dhe Bujanoc - Medvegja Sot\",\"isPartOf\":{\"@id\":\"https:\\\/\\\/medvegjasot.com\\\/#website\"},\"primaryImageOfPage\":{\"@id\":\"https:\\\/\\\/medvegjasot.com\\\/?p=6010#primaryimage\"},\"image\":{\"@id\":\"https:\\\/\\\/medvegjasot.com\\\/?p=6010#primaryimage\"},\"thumbnailUrl\":\"https:\\\/\\\/medvegjasot.com\\\/wp-content\\\/uploads\\\/2025\\\/12\\\/photo-output-9.jpeg\",\"datePublished\":\"2025-12-25T13:17:51+00:00\",\"dateModified\":\"2025-12-25T13:36:25+00:00\",\"breadcrumb\":{\"@id\":\"https:\\\/\\\/medvegjasot.com\\\/?p=6010#breadcrumb\"},\"inLanguage\":\"en-US\",\"potentialAction\":[{\"@type\":\"ReadAction\",\"target\":[\"https:\\\/\\\/medvegjasot.com\\\/?p=6010\"]}]},{\"@type\":\"ImageObject\",\"inLanguage\":\"en-US\",\"@id\":\"https:\\\/\\\/medvegjasot.com\\\/?p=6010#primaryimage\",\"url\":\"https:\\\/\\\/medvegjasot.com\\\/wp-content\\\/uploads\\\/2025\\\/12\\\/photo-output-9.jpeg\",\"contentUrl\":\"https:\\\/\\\/medvegjasot.com\\\/wp-content\\\/uploads\\\/2025\\\/12\\\/photo-output-9.jpeg\",\"width\":2048,\"height\":1152},{\"@type\":\"BreadcrumbList\",\"@id\":\"https:\\\/\\\/medvegjasot.com\\\/?p=6010#breadcrumb\",\"itemListElement\":[{\"@type\":\"ListItem\",\"position\":1,\"name\":\"Home\",\"item\":\"https:\\\/\\\/medvegjasot.com\\\/\"},{\"@type\":\"ListItem\",\"position\":2,\"name\":\"N\u00eb Itali u mbajt Konferenc\u00eb mbi diskriminimin n\u00eb Preshev\u00eb, Medvegj\u00eb dhe Bujanoc\"}]},{\"@type\":\"WebSite\",\"@id\":\"https:\\\/\\\/medvegjasot.com\\\/#website\",\"url\":\"https:\\\/\\\/medvegjasot.com\\\/\",\"name\":\"Medvegja Sot\",\"description\":\"Portal Lajmesh\",\"publisher\":{\"@id\":\"https:\\\/\\\/medvegjasot.com\\\/#organization\"},\"alternateName\":\"MS\",\"potentialAction\":[{\"@type\":\"SearchAction\",\"target\":{\"@type\":\"EntryPoint\",\"urlTemplate\":\"https:\\\/\\\/medvegjasot.com\\\/?s={search_term_string}\"},\"query-input\":{\"@type\":\"PropertyValueSpecification\",\"valueRequired\":true,\"valueName\":\"search_term_string\"}}],\"inLanguage\":\"en-US\"},{\"@type\":\"Organization\",\"@id\":\"https:\\\/\\\/medvegjasot.com\\\/#organization\",\"name\":\"Medvegja Sot\",\"alternateName\":\"MS\",\"url\":\"https:\\\/\\\/medvegjasot.com\\\/\",\"logo\":{\"@type\":\"ImageObject\",\"inLanguage\":\"en-US\",\"@id\":\"https:\\\/\\\/medvegjasot.com\\\/#\\\/schema\\\/logo\\\/image\\\/\",\"url\":\"https:\\\/\\\/medvegjasot.com\\\/wp-content\\\/uploads\\\/2024\\\/08\\\/logo.png\",\"contentUrl\":\"https:\\\/\\\/medvegjasot.com\\\/wp-content\\\/uploads\\\/2024\\\/08\\\/logo.png\",\"width\":500,\"height\":500,\"caption\":\"Medvegja Sot\"},\"image\":{\"@id\":\"https:\\\/\\\/medvegjasot.com\\\/#\\\/schema\\\/logo\\\/image\\\/\"},\"sameAs\":[\"https:\\\/\\\/www.facebook.com\\\/MedvegjaSot.com1\"]},{\"@type\":\"Person\",\"@id\":\"https:\\\/\\\/medvegjasot.com\\\/#\\\/schema\\\/person\\\/f2be1a84f4e95d0cb032946a1cf2e594\",\"name\":\"admin\",\"image\":{\"@type\":\"ImageObject\",\"inLanguage\":\"en-US\",\"@id\":\"https:\\\/\\\/secure.gravatar.com\\\/avatar\\\/2eedc5259426225ddc6f98b4b6728c30418b83e6f70285719780d3518d972ece?s=96&d=mm&r=g\",\"url\":\"https:\\\/\\\/secure.gravatar.com\\\/avatar\\\/2eedc5259426225ddc6f98b4b6728c30418b83e6f70285719780d3518d972ece?s=96&d=mm&r=g\",\"contentUrl\":\"https:\\\/\\\/secure.gravatar.com\\\/avatar\\\/2eedc5259426225ddc6f98b4b6728c30418b83e6f70285719780d3518d972ece?s=96&d=mm&r=g\",\"caption\":\"admin\"},\"url\":\"https:\\\/\\\/medvegjasot.com\\\/?author=2\"}]}<\/script>\n<!-- \/ Yoast SEO plugin. -->","yoast_head_json":{"title":"N\u00eb Itali u mbajt Konferenc\u00eb mbi diskriminimin n\u00eb Preshev\u00eb, Medvegj\u00eb dhe Bujanoc - Medvegja Sot","robots":{"index":"index","follow":"follow","max-snippet":"max-snippet:-1","max-image-preview":"max-image-preview:large","max-video-preview":"max-video-preview:-1"},"canonical":"https:\/\/medvegjasot.com\/?p=6010","og_locale":"en_US","og_type":"article","og_title":"N\u00eb Itali u mbajt Konferenc\u00eb mbi diskriminimin n\u00eb Preshev\u00eb, Medvegj\u00eb dhe Bujanoc - Medvegja Sot","og_description":"Kumtesa \u00a0e paraqitur n\u00eb Konferenc\u00ebn e mbajtur n\u00eb \u00a0Lugo Di Ravenna-Itali, nga Federata Komb\u00ebtare e Shoqatave Shqiptare n\u00eb Itali, \u00a0kushtuar \u00e7\u00ebshtjes\u00eb s\u00eb Krahin\u00ebs q\u00eb nuk e ka \u00a0t\u00eb zgjidhur statusin politik, p\u00ebrkund\u00ebr Referendumit dhe luft\u00ebs s\u00eb U\u00c7PMB-\u00ebs E nderuar Kryetarja e Bashkis\u00eb t\u00eb LUGO DI RAVENNA-Itali, znj.Elena Zanoni, &nbsp;&nbsp; I nderuar &nbsp;Presidenti Granit Mu\u00e7aj, zv.Presidenti...","og_url":"https:\/\/medvegjasot.com\/?p=6010","og_site_name":"Medvegja Sot","article_publisher":"https:\/\/www.facebook.com\/MedvegjaSot.com1","article_published_time":"2025-12-25T13:17:51+00:00","article_modified_time":"2025-12-25T13:36:25+00:00","og_image":[{"width":2048,"height":1152,"url":"https:\/\/medvegjasot.com\/wp-content\/uploads\/2025\/12\/photo-output-9.jpeg","type":"image\/jpeg"}],"author":"admin","twitter_card":"summary_large_image","twitter_misc":{"Written by":"admin","Est. reading time":"9 minutes"},"schema":{"@context":"https:\/\/schema.org","@graph":[{"@type":"Article","@id":"https:\/\/medvegjasot.com\/?p=6010#article","isPartOf":{"@id":"https:\/\/medvegjasot.com\/?p=6010"},"author":{"name":"admin","@id":"https:\/\/medvegjasot.com\/#\/schema\/person\/f2be1a84f4e95d0cb032946a1cf2e594"},"headline":"N\u00eb Itali u mbajt Konferenc\u00eb mbi diskriminimin n\u00eb Preshev\u00eb, Medvegj\u00eb dhe Bujanoc","datePublished":"2025-12-25T13:17:51+00:00","dateModified":"2025-12-25T13:36:25+00:00","mainEntityOfPage":{"@id":"https:\/\/medvegjasot.com\/?p=6010"},"wordCount":2295,"commentCount":0,"publisher":{"@id":"https:\/\/medvegjasot.com\/#organization"},"image":{"@id":"https:\/\/medvegjasot.com\/?p=6010#primaryimage"},"thumbnailUrl":"https:\/\/medvegjasot.com\/wp-content\/uploads\/2025\/12\/photo-output-9.jpeg","articleSection":["DIASPORA"],"inLanguage":"en-US","potentialAction":[{"@type":"CommentAction","name":"Comment","target":["https:\/\/medvegjasot.com\/?p=6010#respond"]}]},{"@type":"WebPage","@id":"https:\/\/medvegjasot.com\/?p=6010","url":"https:\/\/medvegjasot.com\/?p=6010","name":"N\u00eb Itali u mbajt Konferenc\u00eb mbi diskriminimin n\u00eb Preshev\u00eb, Medvegj\u00eb dhe Bujanoc - Medvegja Sot","isPartOf":{"@id":"https:\/\/medvegjasot.com\/#website"},"primaryImageOfPage":{"@id":"https:\/\/medvegjasot.com\/?p=6010#primaryimage"},"image":{"@id":"https:\/\/medvegjasot.com\/?p=6010#primaryimage"},"thumbnailUrl":"https:\/\/medvegjasot.com\/wp-content\/uploads\/2025\/12\/photo-output-9.jpeg","datePublished":"2025-12-25T13:17:51+00:00","dateModified":"2025-12-25T13:36:25+00:00","breadcrumb":{"@id":"https:\/\/medvegjasot.com\/?p=6010#breadcrumb"},"inLanguage":"en-US","potentialAction":[{"@type":"ReadAction","target":["https:\/\/medvegjasot.com\/?p=6010"]}]},{"@type":"ImageObject","inLanguage":"en-US","@id":"https:\/\/medvegjasot.com\/?p=6010#primaryimage","url":"https:\/\/medvegjasot.com\/wp-content\/uploads\/2025\/12\/photo-output-9.jpeg","contentUrl":"https:\/\/medvegjasot.com\/wp-content\/uploads\/2025\/12\/photo-output-9.jpeg","width":2048,"height":1152},{"@type":"BreadcrumbList","@id":"https:\/\/medvegjasot.com\/?p=6010#breadcrumb","itemListElement":[{"@type":"ListItem","position":1,"name":"Home","item":"https:\/\/medvegjasot.com\/"},{"@type":"ListItem","position":2,"name":"N\u00eb Itali u mbajt Konferenc\u00eb mbi diskriminimin n\u00eb Preshev\u00eb, Medvegj\u00eb dhe Bujanoc"}]},{"@type":"WebSite","@id":"https:\/\/medvegjasot.com\/#website","url":"https:\/\/medvegjasot.com\/","name":"Medvegja Sot","description":"Portal Lajmesh","publisher":{"@id":"https:\/\/medvegjasot.com\/#organization"},"alternateName":"MS","potentialAction":[{"@type":"SearchAction","target":{"@type":"EntryPoint","urlTemplate":"https:\/\/medvegjasot.com\/?s={search_term_string}"},"query-input":{"@type":"PropertyValueSpecification","valueRequired":true,"valueName":"search_term_string"}}],"inLanguage":"en-US"},{"@type":"Organization","@id":"https:\/\/medvegjasot.com\/#organization","name":"Medvegja Sot","alternateName":"MS","url":"https:\/\/medvegjasot.com\/","logo":{"@type":"ImageObject","inLanguage":"en-US","@id":"https:\/\/medvegjasot.com\/#\/schema\/logo\/image\/","url":"https:\/\/medvegjasot.com\/wp-content\/uploads\/2024\/08\/logo.png","contentUrl":"https:\/\/medvegjasot.com\/wp-content\/uploads\/2024\/08\/logo.png","width":500,"height":500,"caption":"Medvegja Sot"},"image":{"@id":"https:\/\/medvegjasot.com\/#\/schema\/logo\/image\/"},"sameAs":["https:\/\/www.facebook.com\/MedvegjaSot.com1"]},{"@type":"Person","@id":"https:\/\/medvegjasot.com\/#\/schema\/person\/f2be1a84f4e95d0cb032946a1cf2e594","name":"admin","image":{"@type":"ImageObject","inLanguage":"en-US","@id":"https:\/\/secure.gravatar.com\/avatar\/2eedc5259426225ddc6f98b4b6728c30418b83e6f70285719780d3518d972ece?s=96&d=mm&r=g","url":"https:\/\/secure.gravatar.com\/avatar\/2eedc5259426225ddc6f98b4b6728c30418b83e6f70285719780d3518d972ece?s=96&d=mm&r=g","contentUrl":"https:\/\/secure.gravatar.com\/avatar\/2eedc5259426225ddc6f98b4b6728c30418b83e6f70285719780d3518d972ece?s=96&d=mm&r=g","caption":"admin"},"url":"https:\/\/medvegjasot.com\/?author=2"}]}},"jetpack_featured_media_url":"https:\/\/medvegjasot.com\/wp-content\/uploads\/2025\/12\/photo-output-9.jpeg","_links":{"self":[{"href":"https:\/\/medvegjasot.com\/index.php?rest_route=\/wp\/v2\/posts\/6010","targetHints":{"allow":["GET"]}}],"collection":[{"href":"https:\/\/medvegjasot.com\/index.php?rest_route=\/wp\/v2\/posts"}],"about":[{"href":"https:\/\/medvegjasot.com\/index.php?rest_route=\/wp\/v2\/types\/post"}],"author":[{"embeddable":true,"href":"https:\/\/medvegjasot.com\/index.php?rest_route=\/wp\/v2\/users\/2"}],"replies":[{"embeddable":true,"href":"https:\/\/medvegjasot.com\/index.php?rest_route=%2Fwp%2Fv2%2Fcomments&post=6010"}],"version-history":[{"count":3,"href":"https:\/\/medvegjasot.com\/index.php?rest_route=\/wp\/v2\/posts\/6010\/revisions"}],"predecessor-version":[{"id":6018,"href":"https:\/\/medvegjasot.com\/index.php?rest_route=\/wp\/v2\/posts\/6010\/revisions\/6018"}],"wp:featuredmedia":[{"embeddable":true,"href":"https:\/\/medvegjasot.com\/index.php?rest_route=\/wp\/v2\/media\/6013"}],"wp:attachment":[{"href":"https:\/\/medvegjasot.com\/index.php?rest_route=%2Fwp%2Fv2%2Fmedia&parent=6010"}],"wp:term":[{"taxonomy":"category","embeddable":true,"href":"https:\/\/medvegjasot.com\/index.php?rest_route=%2Fwp%2Fv2%2Fcategories&post=6010"},{"taxonomy":"post_tag","embeddable":true,"href":"https:\/\/medvegjasot.com\/index.php?rest_route=%2Fwp%2Fv2%2Ftags&post=6010"}],"curies":[{"name":"wp","href":"https:\/\/api.w.org\/{rel}","templated":true}]}}