{"id":5998,"date":"2025-12-24T15:19:20","date_gmt":"2025-12-24T15:19:20","guid":{"rendered":"https:\/\/medvegjasot.com\/?p=5998"},"modified":"2025-12-24T16:05:51","modified_gmt":"2025-12-24T16:05:51","slug":"nazmije-krasniqi-jusufi-garon-per-deputete-nga-radhet-e-lidhjes-demokratike-te-kosoves-ldkme-numer-84","status":"publish","type":"post","link":"https:\/\/medvegjasot.com\/?p=5998","title":{"rendered":"Nazmije Krasniqi\u2013Jusufi, garon p\u00ebr deputete nga radh\u00ebt e\u00a0Lidhjes Demokratike t\u00eb Kosov\u00ebs (LDK)me\u00a0num\u00ebr\u00a084.\u00a0"},"content":{"rendered":"\n<p>Magjistre e Shkencave Juridike n\u00eb fush\u00ebn Kushtetuese dhe Administrative, me mbi&nbsp;<strong>19 vite p\u00ebrvoj\u00eb profesionale<\/strong>&nbsp;n\u00eb administrat\u00ebn publike dhe qeverisjen lokale. Q\u00eb nga viti 2006 \u00ebsht\u00eb e pun\u00ebsuar n\u00eb&nbsp;<strong>Ministrin\u00eb e Administrimit t\u00eb Pushtetit Lokal (MAPL)<\/strong>, nd\u00ebrsa aktualisht ushtron detyr\u00ebn e&nbsp;<strong>Udh\u00ebheq\u00ebses s\u00eb Divizionit p\u00ebr Transparenc\u00eb n\u00eb Komuna<\/strong>, si dhe \u00ebsht\u00eb&nbsp;<strong>zyrtare p\u00ebrgjegj\u00ebse p\u00ebr mbrojtjen e t\u00eb dh\u00ebnave personale<\/strong>&nbsp;n\u00eb MAPL.<\/p>\n\n\n\n<figure class=\"wp-block-gallery has-nested-images columns-default is-cropped wp-block-gallery-1 is-layout-flex wp-block-gallery-is-layout-flex\">\n<figure class=\"wp-block-image size-large\"><img fetchpriority=\"high\" decoding=\"async\" width=\"1024\" height=\"768\" data-id=\"6004\" src=\"https:\/\/medvegjasot.com\/wp-content\/uploads\/2025\/12\/IMG_8718-1024x768.jpeg\" alt=\"\" class=\"wp-image-6004\" srcset=\"https:\/\/medvegjasot.com\/wp-content\/uploads\/2025\/12\/IMG_8718-1024x768.jpeg 1024w, https:\/\/medvegjasot.com\/wp-content\/uploads\/2025\/12\/IMG_8718-300x225.jpeg 300w, https:\/\/medvegjasot.com\/wp-content\/uploads\/2025\/12\/IMG_8718-768x576.jpeg 768w, https:\/\/medvegjasot.com\/wp-content\/uploads\/2025\/12\/IMG_8718.jpeg 1248w\" sizes=\"(max-width: 1024px) 100vw, 1024px\" \/><\/figure>\n<\/figure>\n\n\n\n<p><\/p>\n\n\n\n<p>Gjat\u00eb karrier\u00ebs s\u00eb saj ka dh\u00ebn\u00eb kontribut t\u00eb vazhduesh\u00ebm n\u00eb monitorimin, vler\u00ebsimin dhe k\u00ebshillimin e komunave p\u00ebr transparenc\u00eb dhe qeverisje t\u00eb mir\u00eb, hartimin e strategjive, akteve n\u00ebnligjore, udh\u00ebzuesve dhe planeve p\u00ebr zbatimin e obligimeve ligjore, si dhe n\u00eb koordinimin institucional dhe zbatimin e standardeve t\u00eb transparenc\u00ebs. Nga viti 2013 vazhdon n\u00eb k\u00ebt\u00eb pozit\u00eb udh\u00ebheq\u00ebse, nd\u00ebrsa nga viti 2020 mban edhe p\u00ebrgjegj\u00ebsin\u00eb p\u00ebr mbrojtjen e t\u00eb dh\u00ebnave personale.<\/p>\n\n\n\n<p>M\u00eb her\u00ebt, n\u00eb periudh\u00ebn 2007\u20132013, ka qen\u00eb&nbsp;<strong>Udh\u00ebheq\u00ebse e Divizionit t\u00eb Burimeve Njer\u00ebzore n\u00eb MAPL<\/strong>, ku \u00ebsht\u00eb marr\u00eb me menaxhimin e burimeve njer\u00ebzore, hartimin e politikave t\u00eb personelit dhe dokumenteve administrative n\u00eb zbatim t\u00eb legjislacionit p\u00ebr sh\u00ebrbimin civil. N\u00eb k\u00ebt\u00eb periudh\u00eb ka qen\u00eb edhe zyrtare kontaktuese p\u00ebr deklarimin e pasuris\u00eb s\u00eb zyrtar\u00ebve t\u00eb lart\u00eb. Karrier\u00ebn e ka nisur si&nbsp;<strong>Zyrtare Ligjore n\u00eb MAPL (2006\u20132007)<\/strong>, duke u angazhuar n\u00eb vler\u00ebsimin e ligjshm\u00ebris\u00eb s\u00eb akteve komunale, monitorimin dhe raportimin mbi zbatimin e obligimeve ligjore nga komunat.<\/p>\n\n\n\n<p>N\u00eb aspektin akademik, ka p\u00ebrfunduar studimet master n\u00eb Fakultetin Juridik t\u00eb Universitetit t\u00eb Prishtin\u00ebs \u201cHasan Prishtina\u201d (2005\u20132008), nd\u00ebrsa \u00ebsht\u00eb juriste e diplomuar n\u00eb t\u00eb nj\u00ebjtin institucion (1999\u20132005).<\/p>\n\n\n\n<figure class=\"wp-block-gallery has-nested-images columns-default is-cropped wp-block-gallery-2 is-layout-flex wp-block-gallery-is-layout-flex\">\n<figure class=\"wp-block-image size-large\"><img decoding=\"async\" width=\"819\" height=\"1024\" data-id=\"6007\" src=\"https:\/\/medvegjasot.com\/wp-content\/uploads\/2025\/12\/photo-output-7-819x1024.jpeg\" alt=\"\" class=\"wp-image-6007\" srcset=\"https:\/\/medvegjasot.com\/wp-content\/uploads\/2025\/12\/photo-output-7-819x1024.jpeg 819w, https:\/\/medvegjasot.com\/wp-content\/uploads\/2025\/12\/photo-output-7-240x300.jpeg 240w, https:\/\/medvegjasot.com\/wp-content\/uploads\/2025\/12\/photo-output-7-768x960.jpeg 768w, https:\/\/medvegjasot.com\/wp-content\/uploads\/2025\/12\/photo-output-7-1229x1536.jpeg 1229w, https:\/\/medvegjasot.com\/wp-content\/uploads\/2025\/12\/photo-output-7.jpeg 1632w\" sizes=\"(max-width: 819px) 100vw, 819px\" \/><\/figure>\n\n\n\n<figure class=\"wp-block-image size-large\"><img decoding=\"async\" width=\"819\" height=\"1024\" data-id=\"6008\" src=\"https:\/\/medvegjasot.com\/wp-content\/uploads\/2025\/12\/photo-output-8-819x1024.jpeg\" alt=\"\" class=\"wp-image-6008\" srcset=\"https:\/\/medvegjasot.com\/wp-content\/uploads\/2025\/12\/photo-output-8-819x1024.jpeg 819w, https:\/\/medvegjasot.com\/wp-content\/uploads\/2025\/12\/photo-output-8-240x300.jpeg 240w, https:\/\/medvegjasot.com\/wp-content\/uploads\/2025\/12\/photo-output-8-768x960.jpeg 768w, https:\/\/medvegjasot.com\/wp-content\/uploads\/2025\/12\/photo-output-8-1229x1536.jpeg 1229w, https:\/\/medvegjasot.com\/wp-content\/uploads\/2025\/12\/photo-output-8-1638x2048.jpeg 1638w, https:\/\/medvegjasot.com\/wp-content\/uploads\/2025\/12\/photo-output-8.jpeg 2040w\" sizes=\"(max-width: 819px) 100vw, 819px\" \/><\/figure>\n<\/figure>\n\n\n\n<p><\/p>\n\n\n\n<p><\/p>\n\n\n\n<p>P\u00ebrve\u00e7 angazhimit institucional, Nazmije Krasniqi\u2013Jusufi \u00ebsht\u00eb aktive edhe n\u00eb shoq\u00ebrin\u00eb civile dhe jet\u00ebn publike. Ka sh\u00ebrbyer si&nbsp;<strong>menaxhere e OJQ-s\u00eb \u201cVullneti i Shoq\u00ebris\u00eb\u201d<\/strong>, ku ka realizuar projekte n\u00eb fusha t\u00eb r\u00ebnd\u00ebsishme shoq\u00ebrore si: parandalimi i dhun\u00ebs n\u00eb familje, integrimi i t\u00eb rinjve n\u00eb BE, lufta kund\u00ebr dukurive negative, fuqizimi i grave n\u00eb vendimmarrje, mbrojtja e ambientit, si dhe e drejta pron\u00ebsore dhe trash\u00ebgimia e gruas.<\/p>\n\n\n\n<p>Ka qen\u00eb e angazhuar n\u00eb&nbsp;<strong>Sindikata e Sh\u00ebrbyesve Civil\u00eb \u2013 MAPL (2019\u20132022)<\/strong>, n\u00eb&nbsp;<strong>Forumin e Gruas dhe Forumin Rinor t\u00eb LDK-s\u00eb (2000\u20132018)<\/strong>, si dhe \u00ebsht\u00eb&nbsp;<strong>trajner\u00eb e certifikuar nga Instituti i Administrat\u00ebs Publike<\/strong>. Ka marr\u00eb pjes\u00eb si an\u00ebtare dhe kryesuese e grupeve punuese p\u00ebr legjislacionin e qeverisjes lokale, strategjin\u00eb p\u00ebr gjuh\u00ebt zyrtare dhe trupat k\u00ebshillues t\u00eb rinis\u00eb.<\/p>\n\n\n\n<p>\u00cbsht\u00eb aktive n\u00eb rrjete sociale dhe media, e pranishme si&nbsp;<strong>opinioniste dhe analiste n\u00eb emisione televizive<\/strong>, duke nd\u00ebrtuar besim te qytetar\u00ebt p\u00ebrmes komunikimit t\u00eb qart\u00eb, argumentimit profesional dhe q\u00ebndrimit t\u00eb matur n\u00eb debate publike.<\/p>\n\n\n\n<p>Gjat\u00eb viteve ka ndjekur nj\u00eb num\u00ebr t\u00eb madh trajnimesh dhe certifikimesh t\u00eb avancuara n\u00eb fushat e administrat\u00ebs publike, politik\u00ebb\u00ebrjes, udh\u00ebheqjes, t\u00eb drejt\u00ebs, transparenc\u00ebs, qasjes n\u00eb dokumente publike, mbrojtjes s\u00eb t\u00eb dh\u00ebnave personale, planifikimit strategjik, zhvillimit t\u00eb politikave publike dhe qeverisjes lokale, p\u00ebrfshir\u00eb trajnime nd\u00ebrkomb\u00ebtare si ato t\u00eb&nbsp;<strong>Centre for European Perspective (CEP) \u2013 Slloveni<\/strong>,&nbsp;<strong>Local Governance Academy<\/strong>&nbsp;dhe&nbsp;<strong>Public Policy Development and Leadership (PPDL)<\/strong>.<\/p>\n\n\n\n<p>Aft\u00ebsit\u00eb e saj profesionale p\u00ebrfshijn\u00eb hartimin e akteve n\u00ebnligjore, t\u00eb drejtat e zyrtar\u00ebve publik\u00eb, pjes\u00ebmarrjen qytetare n\u00eb vendimmarrje, transparenc\u00ebn, politik\u00ebb\u00ebrjen, analiz\u00ebn institucionale, lidershipin dhe koordinimin nd\u00ebrinstitucional. Flet shqip n\u00eb nivel shk\u00eblqyesh\u00ebm dhe anglisht n\u00eb nivel mesatar.<\/p>\n\n\n\n<p><strong>Prioritetet e saj politike<\/strong>&nbsp;jan\u00eb: transparenca dhe lufta kund\u00ebr korrupsionit, fuqizimi i gruas n\u00eb vendimmarrje, zhvillimi i komunave dhe qeverisja lokale, rinia si prioritet komb\u00ebtar dhe forcimi i shtetit t\u00eb s\u00eb drejt\u00ebs.<\/p>\n\n\n\n<p><em>\u201c<strong>Transparenc\u00eb, parim i ligjshm\u00ebris\u00eb, drejt\u00ebsi dhe vendimmarrje p\u00ebr qytetar\u00ebt.<\/strong>\u201d<\/em><\/p>\n\n\n\n<p>Shkruar nga<strong> Rrahman Hyseni<\/strong><\/p>\n","protected":false},"excerpt":{"rendered":"<p>Magjistre e Shkencave Juridike n\u00eb fush\u00ebn Kushtetuese dhe Administrative, me mbi&nbsp;19 vite p\u00ebrvoj\u00eb profesionale&nbsp;n\u00eb administrat\u00ebn publike dhe qeverisjen lokale. Q\u00eb nga viti 2006 \u00ebsht\u00eb e pun\u00ebsuar n\u00eb&nbsp;Ministrin\u00eb e Administrimit t\u00eb Pushtetit Lokal (MAPL), nd\u00ebrsa aktualisht ushtron detyr\u00ebn e&nbsp;Udh\u00ebheq\u00ebses s\u00eb Divizionit p\u00ebr Transparenc\u00eb n\u00eb Komuna, si dhe \u00ebsht\u00eb&nbsp;zyrtare p\u00ebrgjegj\u00ebse p\u00ebr mbrojtjen e t\u00eb dh\u00ebnave personale&nbsp;n\u00eb MAPL&#8230;.<\/p>\n","protected":false},"author":2,"featured_media":5999,"comment_status":"open","ping_status":"open","sticky":false,"template":"","format":"standard","meta":{"_coblocks_attr":"","_coblocks_dimensions":"","_coblocks_responsive_height":"","_coblocks_accordion_ie_support":"","_monsterinsights_skip_tracking":false,"_monsterinsights_sitenote_active":false,"_monsterinsights_sitenote_note":"","_monsterinsights_sitenote_category":0,"footnotes":""},"categories":[2],"tags":[],"class_list":["post-5998","post","type-post","status-publish","format-standard","has-post-thumbnail","hentry","category-aktuale"],"yoast_head":"<!-- This site is optimized with the Yoast SEO plugin v27.5 - https:\/\/yoast.com\/product\/yoast-seo-wordpress\/ -->\n<title>Nazmije Krasniqi\u2013Jusufi, garon p\u00ebr deputete nga radh\u00ebt e\u00a0Lidhjes Demokratike t\u00eb Kosov\u00ebs (LDK)me\u00a0num\u00ebr\u00a084.\u00a0 - Medvegja Sot<\/title>\n<meta name=\"robots\" content=\"index, follow, max-snippet:-1, max-image-preview:large, max-video-preview:-1\" \/>\n<link rel=\"canonical\" href=\"https:\/\/medvegjasot.com\/?p=5998\" \/>\n<meta property=\"og:locale\" content=\"en_US\" \/>\n<meta property=\"og:type\" content=\"article\" \/>\n<meta property=\"og:title\" content=\"Nazmije Krasniqi\u2013Jusufi, garon p\u00ebr deputete nga radh\u00ebt e\u00a0Lidhjes Demokratike t\u00eb Kosov\u00ebs (LDK)me\u00a0num\u00ebr\u00a084.\u00a0 - Medvegja Sot\" \/>\n<meta property=\"og:description\" content=\"Magjistre e Shkencave Juridike n\u00eb fush\u00ebn Kushtetuese dhe Administrative, me mbi&nbsp;19 vite p\u00ebrvoj\u00eb profesionale&nbsp;n\u00eb administrat\u00ebn publike dhe qeverisjen lokale. Q\u00eb nga viti 2006 \u00ebsht\u00eb e pun\u00ebsuar n\u00eb&nbsp;Ministrin\u00eb e Administrimit t\u00eb Pushtetit Lokal (MAPL), nd\u00ebrsa aktualisht ushtron detyr\u00ebn e&nbsp;Udh\u00ebheq\u00ebses s\u00eb Divizionit p\u00ebr Transparenc\u00eb n\u00eb Komuna, si dhe \u00ebsht\u00eb&nbsp;zyrtare p\u00ebrgjegj\u00ebse p\u00ebr mbrojtjen e t\u00eb dh\u00ebnave personale&nbsp;n\u00eb MAPL....\" \/>\n<meta property=\"og:url\" content=\"https:\/\/medvegjasot.com\/?p=5998\" \/>\n<meta property=\"og:site_name\" content=\"Medvegja Sot\" \/>\n<meta property=\"article:publisher\" content=\"https:\/\/www.facebook.com\/MedvegjaSot.com1\" \/>\n<meta property=\"article:published_time\" content=\"2025-12-24T15:19:20+00:00\" \/>\n<meta property=\"article:modified_time\" content=\"2025-12-24T16:05:51+00:00\" \/>\n<meta property=\"og:image\" content=\"https:\/\/medvegjasot.com\/wp-content\/uploads\/2025\/12\/IMG_8716-scaled.jpeg\" \/>\n\t<meta property=\"og:image:width\" content=\"2560\" \/>\n\t<meta property=\"og:image:height\" content=\"1440\" \/>\n\t<meta property=\"og:image:type\" content=\"image\/jpeg\" \/>\n<meta name=\"author\" content=\"admin\" \/>\n<meta name=\"twitter:card\" content=\"summary_large_image\" \/>\n<meta name=\"twitter:label1\" content=\"Written by\" \/>\n\t<meta name=\"twitter:data1\" content=\"admin\" \/>\n\t<meta name=\"twitter:label2\" content=\"Est. reading time\" \/>\n\t<meta name=\"twitter:data2\" content=\"4 minutes\" \/>\n<script type=\"application\/ld+json\" class=\"yoast-schema-graph\">{\"@context\":\"https:\\\/\\\/schema.org\",\"@graph\":[{\"@type\":\"Article\",\"@id\":\"https:\\\/\\\/medvegjasot.com\\\/?p=5998#article\",\"isPartOf\":{\"@id\":\"https:\\\/\\\/medvegjasot.com\\\/?p=5998\"},\"author\":{\"name\":\"admin\",\"@id\":\"https:\\\/\\\/medvegjasot.com\\\/#\\\/schema\\\/person\\\/f2be1a84f4e95d0cb032946a1cf2e594\"},\"headline\":\"Nazmije Krasniqi\u2013Jusufi, garon p\u00ebr deputete nga radh\u00ebt e\u00a0Lidhjes Demokratike t\u00eb Kosov\u00ebs (LDK)me\u00a0num\u00ebr\u00a084.\u00a0\",\"datePublished\":\"2025-12-24T15:19:20+00:00\",\"dateModified\":\"2025-12-24T16:05:51+00:00\",\"mainEntityOfPage\":{\"@id\":\"https:\\\/\\\/medvegjasot.com\\\/?p=5998\"},\"wordCount\":669,\"commentCount\":0,\"publisher\":{\"@id\":\"https:\\\/\\\/medvegjasot.com\\\/#organization\"},\"image\":{\"@id\":\"https:\\\/\\\/medvegjasot.com\\\/?p=5998#primaryimage\"},\"thumbnailUrl\":\"https:\\\/\\\/medvegjasot.com\\\/wp-content\\\/uploads\\\/2025\\\/12\\\/IMG_8716-scaled.jpeg\",\"articleSection\":[\"AKTUALE\"],\"inLanguage\":\"en-US\",\"potentialAction\":[{\"@type\":\"CommentAction\",\"name\":\"Comment\",\"target\":[\"https:\\\/\\\/medvegjasot.com\\\/?p=5998#respond\"]}]},{\"@type\":\"WebPage\",\"@id\":\"https:\\\/\\\/medvegjasot.com\\\/?p=5998\",\"url\":\"https:\\\/\\\/medvegjasot.com\\\/?p=5998\",\"name\":\"Nazmije Krasniqi\u2013Jusufi, garon p\u00ebr deputete nga radh\u00ebt e\u00a0Lidhjes Demokratike t\u00eb Kosov\u00ebs (LDK)me\u00a0num\u00ebr\u00a084.\u00a0 - Medvegja Sot\",\"isPartOf\":{\"@id\":\"https:\\\/\\\/medvegjasot.com\\\/#website\"},\"primaryImageOfPage\":{\"@id\":\"https:\\\/\\\/medvegjasot.com\\\/?p=5998#primaryimage\"},\"image\":{\"@id\":\"https:\\\/\\\/medvegjasot.com\\\/?p=5998#primaryimage\"},\"thumbnailUrl\":\"https:\\\/\\\/medvegjasot.com\\\/wp-content\\\/uploads\\\/2025\\\/12\\\/IMG_8716-scaled.jpeg\",\"datePublished\":\"2025-12-24T15:19:20+00:00\",\"dateModified\":\"2025-12-24T16:05:51+00:00\",\"breadcrumb\":{\"@id\":\"https:\\\/\\\/medvegjasot.com\\\/?p=5998#breadcrumb\"},\"inLanguage\":\"en-US\",\"potentialAction\":[{\"@type\":\"ReadAction\",\"target\":[\"https:\\\/\\\/medvegjasot.com\\\/?p=5998\"]}]},{\"@type\":\"ImageObject\",\"inLanguage\":\"en-US\",\"@id\":\"https:\\\/\\\/medvegjasot.com\\\/?p=5998#primaryimage\",\"url\":\"https:\\\/\\\/medvegjasot.com\\\/wp-content\\\/uploads\\\/2025\\\/12\\\/IMG_8716-scaled.jpeg\",\"contentUrl\":\"https:\\\/\\\/medvegjasot.com\\\/wp-content\\\/uploads\\\/2025\\\/12\\\/IMG_8716-scaled.jpeg\",\"width\":2560,\"height\":1440},{\"@type\":\"BreadcrumbList\",\"@id\":\"https:\\\/\\\/medvegjasot.com\\\/?p=5998#breadcrumb\",\"itemListElement\":[{\"@type\":\"ListItem\",\"position\":1,\"name\":\"Home\",\"item\":\"https:\\\/\\\/medvegjasot.com\\\/\"},{\"@type\":\"ListItem\",\"position\":2,\"name\":\"Nazmije Krasniqi\u2013Jusufi, garon p\u00ebr deputete nga radh\u00ebt e\u00a0Lidhjes Demokratike t\u00eb Kosov\u00ebs (LDK)me\u00a0num\u00ebr\u00a084.\u00a0\"}]},{\"@type\":\"WebSite\",\"@id\":\"https:\\\/\\\/medvegjasot.com\\\/#website\",\"url\":\"https:\\\/\\\/medvegjasot.com\\\/\",\"name\":\"Medvegja Sot\",\"description\":\"Portal Lajmesh\",\"publisher\":{\"@id\":\"https:\\\/\\\/medvegjasot.com\\\/#organization\"},\"alternateName\":\"MS\",\"potentialAction\":[{\"@type\":\"SearchAction\",\"target\":{\"@type\":\"EntryPoint\",\"urlTemplate\":\"https:\\\/\\\/medvegjasot.com\\\/?s={search_term_string}\"},\"query-input\":{\"@type\":\"PropertyValueSpecification\",\"valueRequired\":true,\"valueName\":\"search_term_string\"}}],\"inLanguage\":\"en-US\"},{\"@type\":\"Organization\",\"@id\":\"https:\\\/\\\/medvegjasot.com\\\/#organization\",\"name\":\"Medvegja Sot\",\"alternateName\":\"MS\",\"url\":\"https:\\\/\\\/medvegjasot.com\\\/\",\"logo\":{\"@type\":\"ImageObject\",\"inLanguage\":\"en-US\",\"@id\":\"https:\\\/\\\/medvegjasot.com\\\/#\\\/schema\\\/logo\\\/image\\\/\",\"url\":\"https:\\\/\\\/medvegjasot.com\\\/wp-content\\\/uploads\\\/2024\\\/08\\\/logo.png\",\"contentUrl\":\"https:\\\/\\\/medvegjasot.com\\\/wp-content\\\/uploads\\\/2024\\\/08\\\/logo.png\",\"width\":500,\"height\":500,\"caption\":\"Medvegja Sot\"},\"image\":{\"@id\":\"https:\\\/\\\/medvegjasot.com\\\/#\\\/schema\\\/logo\\\/image\\\/\"},\"sameAs\":[\"https:\\\/\\\/www.facebook.com\\\/MedvegjaSot.com1\"]},{\"@type\":\"Person\",\"@id\":\"https:\\\/\\\/medvegjasot.com\\\/#\\\/schema\\\/person\\\/f2be1a84f4e95d0cb032946a1cf2e594\",\"name\":\"admin\",\"image\":{\"@type\":\"ImageObject\",\"inLanguage\":\"en-US\",\"@id\":\"https:\\\/\\\/secure.gravatar.com\\\/avatar\\\/2eedc5259426225ddc6f98b4b6728c30418b83e6f70285719780d3518d972ece?s=96&d=mm&r=g\",\"url\":\"https:\\\/\\\/secure.gravatar.com\\\/avatar\\\/2eedc5259426225ddc6f98b4b6728c30418b83e6f70285719780d3518d972ece?s=96&d=mm&r=g\",\"contentUrl\":\"https:\\\/\\\/secure.gravatar.com\\\/avatar\\\/2eedc5259426225ddc6f98b4b6728c30418b83e6f70285719780d3518d972ece?s=96&d=mm&r=g\",\"caption\":\"admin\"},\"url\":\"https:\\\/\\\/medvegjasot.com\\\/?author=2\"}]}<\/script>\n<!-- \/ Yoast SEO plugin. -->","yoast_head_json":{"title":"Nazmije Krasniqi\u2013Jusufi, garon p\u00ebr deputete nga radh\u00ebt e\u00a0Lidhjes Demokratike t\u00eb Kosov\u00ebs (LDK)me\u00a0num\u00ebr\u00a084.\u00a0 - Medvegja Sot","robots":{"index":"index","follow":"follow","max-snippet":"max-snippet:-1","max-image-preview":"max-image-preview:large","max-video-preview":"max-video-preview:-1"},"canonical":"https:\/\/medvegjasot.com\/?p=5998","og_locale":"en_US","og_type":"article","og_title":"Nazmije Krasniqi\u2013Jusufi, garon p\u00ebr deputete nga radh\u00ebt e\u00a0Lidhjes Demokratike t\u00eb Kosov\u00ebs (LDK)me\u00a0num\u00ebr\u00a084.\u00a0 - Medvegja Sot","og_description":"Magjistre e Shkencave Juridike n\u00eb fush\u00ebn Kushtetuese dhe Administrative, me mbi&nbsp;19 vite p\u00ebrvoj\u00eb profesionale&nbsp;n\u00eb administrat\u00ebn publike dhe qeverisjen lokale. Q\u00eb nga viti 2006 \u00ebsht\u00eb e pun\u00ebsuar n\u00eb&nbsp;Ministrin\u00eb e Administrimit t\u00eb Pushtetit Lokal (MAPL), nd\u00ebrsa aktualisht ushtron detyr\u00ebn e&nbsp;Udh\u00ebheq\u00ebses s\u00eb Divizionit p\u00ebr Transparenc\u00eb n\u00eb Komuna, si dhe \u00ebsht\u00eb&nbsp;zyrtare p\u00ebrgjegj\u00ebse p\u00ebr mbrojtjen e t\u00eb dh\u00ebnave personale&nbsp;n\u00eb MAPL....","og_url":"https:\/\/medvegjasot.com\/?p=5998","og_site_name":"Medvegja Sot","article_publisher":"https:\/\/www.facebook.com\/MedvegjaSot.com1","article_published_time":"2025-12-24T15:19:20+00:00","article_modified_time":"2025-12-24T16:05:51+00:00","og_image":[{"width":2560,"height":1440,"url":"https:\/\/medvegjasot.com\/wp-content\/uploads\/2025\/12\/IMG_8716-scaled.jpeg","type":"image\/jpeg"}],"author":"admin","twitter_card":"summary_large_image","twitter_misc":{"Written by":"admin","Est. reading time":"4 minutes"},"schema":{"@context":"https:\/\/schema.org","@graph":[{"@type":"Article","@id":"https:\/\/medvegjasot.com\/?p=5998#article","isPartOf":{"@id":"https:\/\/medvegjasot.com\/?p=5998"},"author":{"name":"admin","@id":"https:\/\/medvegjasot.com\/#\/schema\/person\/f2be1a84f4e95d0cb032946a1cf2e594"},"headline":"Nazmije Krasniqi\u2013Jusufi, garon p\u00ebr deputete nga radh\u00ebt e\u00a0Lidhjes Demokratike t\u00eb Kosov\u00ebs (LDK)me\u00a0num\u00ebr\u00a084.\u00a0","datePublished":"2025-12-24T15:19:20+00:00","dateModified":"2025-12-24T16:05:51+00:00","mainEntityOfPage":{"@id":"https:\/\/medvegjasot.com\/?p=5998"},"wordCount":669,"commentCount":0,"publisher":{"@id":"https:\/\/medvegjasot.com\/#organization"},"image":{"@id":"https:\/\/medvegjasot.com\/?p=5998#primaryimage"},"thumbnailUrl":"https:\/\/medvegjasot.com\/wp-content\/uploads\/2025\/12\/IMG_8716-scaled.jpeg","articleSection":["AKTUALE"],"inLanguage":"en-US","potentialAction":[{"@type":"CommentAction","name":"Comment","target":["https:\/\/medvegjasot.com\/?p=5998#respond"]}]},{"@type":"WebPage","@id":"https:\/\/medvegjasot.com\/?p=5998","url":"https:\/\/medvegjasot.com\/?p=5998","name":"Nazmije Krasniqi\u2013Jusufi, garon p\u00ebr deputete nga radh\u00ebt e\u00a0Lidhjes Demokratike t\u00eb Kosov\u00ebs (LDK)me\u00a0num\u00ebr\u00a084.\u00a0 - Medvegja Sot","isPartOf":{"@id":"https:\/\/medvegjasot.com\/#website"},"primaryImageOfPage":{"@id":"https:\/\/medvegjasot.com\/?p=5998#primaryimage"},"image":{"@id":"https:\/\/medvegjasot.com\/?p=5998#primaryimage"},"thumbnailUrl":"https:\/\/medvegjasot.com\/wp-content\/uploads\/2025\/12\/IMG_8716-scaled.jpeg","datePublished":"2025-12-24T15:19:20+00:00","dateModified":"2025-12-24T16:05:51+00:00","breadcrumb":{"@id":"https:\/\/medvegjasot.com\/?p=5998#breadcrumb"},"inLanguage":"en-US","potentialAction":[{"@type":"ReadAction","target":["https:\/\/medvegjasot.com\/?p=5998"]}]},{"@type":"ImageObject","inLanguage":"en-US","@id":"https:\/\/medvegjasot.com\/?p=5998#primaryimage","url":"https:\/\/medvegjasot.com\/wp-content\/uploads\/2025\/12\/IMG_8716-scaled.jpeg","contentUrl":"https:\/\/medvegjasot.com\/wp-content\/uploads\/2025\/12\/IMG_8716-scaled.jpeg","width":2560,"height":1440},{"@type":"BreadcrumbList","@id":"https:\/\/medvegjasot.com\/?p=5998#breadcrumb","itemListElement":[{"@type":"ListItem","position":1,"name":"Home","item":"https:\/\/medvegjasot.com\/"},{"@type":"ListItem","position":2,"name":"Nazmije Krasniqi\u2013Jusufi, garon p\u00ebr deputete nga radh\u00ebt e\u00a0Lidhjes Demokratike t\u00eb Kosov\u00ebs (LDK)me\u00a0num\u00ebr\u00a084.\u00a0"}]},{"@type":"WebSite","@id":"https:\/\/medvegjasot.com\/#website","url":"https:\/\/medvegjasot.com\/","name":"Medvegja Sot","description":"Portal Lajmesh","publisher":{"@id":"https:\/\/medvegjasot.com\/#organization"},"alternateName":"MS","potentialAction":[{"@type":"SearchAction","target":{"@type":"EntryPoint","urlTemplate":"https:\/\/medvegjasot.com\/?s={search_term_string}"},"query-input":{"@type":"PropertyValueSpecification","valueRequired":true,"valueName":"search_term_string"}}],"inLanguage":"en-US"},{"@type":"Organization","@id":"https:\/\/medvegjasot.com\/#organization","name":"Medvegja Sot","alternateName":"MS","url":"https:\/\/medvegjasot.com\/","logo":{"@type":"ImageObject","inLanguage":"en-US","@id":"https:\/\/medvegjasot.com\/#\/schema\/logo\/image\/","url":"https:\/\/medvegjasot.com\/wp-content\/uploads\/2024\/08\/logo.png","contentUrl":"https:\/\/medvegjasot.com\/wp-content\/uploads\/2024\/08\/logo.png","width":500,"height":500,"caption":"Medvegja Sot"},"image":{"@id":"https:\/\/medvegjasot.com\/#\/schema\/logo\/image\/"},"sameAs":["https:\/\/www.facebook.com\/MedvegjaSot.com1"]},{"@type":"Person","@id":"https:\/\/medvegjasot.com\/#\/schema\/person\/f2be1a84f4e95d0cb032946a1cf2e594","name":"admin","image":{"@type":"ImageObject","inLanguage":"en-US","@id":"https:\/\/secure.gravatar.com\/avatar\/2eedc5259426225ddc6f98b4b6728c30418b83e6f70285719780d3518d972ece?s=96&d=mm&r=g","url":"https:\/\/secure.gravatar.com\/avatar\/2eedc5259426225ddc6f98b4b6728c30418b83e6f70285719780d3518d972ece?s=96&d=mm&r=g","contentUrl":"https:\/\/secure.gravatar.com\/avatar\/2eedc5259426225ddc6f98b4b6728c30418b83e6f70285719780d3518d972ece?s=96&d=mm&r=g","caption":"admin"},"url":"https:\/\/medvegjasot.com\/?author=2"}]}},"jetpack_featured_media_url":"https:\/\/medvegjasot.com\/wp-content\/uploads\/2025\/12\/IMG_8716-scaled.jpeg","_links":{"self":[{"href":"https:\/\/medvegjasot.com\/index.php?rest_route=\/wp\/v2\/posts\/5998","targetHints":{"allow":["GET"]}}],"collection":[{"href":"https:\/\/medvegjasot.com\/index.php?rest_route=\/wp\/v2\/posts"}],"about":[{"href":"https:\/\/medvegjasot.com\/index.php?rest_route=\/wp\/v2\/types\/post"}],"author":[{"embeddable":true,"href":"https:\/\/medvegjasot.com\/index.php?rest_route=\/wp\/v2\/users\/2"}],"replies":[{"embeddable":true,"href":"https:\/\/medvegjasot.com\/index.php?rest_route=%2Fwp%2Fv2%2Fcomments&post=5998"}],"version-history":[{"count":5,"href":"https:\/\/medvegjasot.com\/index.php?rest_route=\/wp\/v2\/posts\/5998\/revisions"}],"predecessor-version":[{"id":6009,"href":"https:\/\/medvegjasot.com\/index.php?rest_route=\/wp\/v2\/posts\/5998\/revisions\/6009"}],"wp:featuredmedia":[{"embeddable":true,"href":"https:\/\/medvegjasot.com\/index.php?rest_route=\/wp\/v2\/media\/5999"}],"wp:attachment":[{"href":"https:\/\/medvegjasot.com\/index.php?rest_route=%2Fwp%2Fv2%2Fmedia&parent=5998"}],"wp:term":[{"taxonomy":"category","embeddable":true,"href":"https:\/\/medvegjasot.com\/index.php?rest_route=%2Fwp%2Fv2%2Fcategories&post=5998"},{"taxonomy":"post_tag","embeddable":true,"href":"https:\/\/medvegjasot.com\/index.php?rest_route=%2Fwp%2Fv2%2Ftags&post=5998"}],"curies":[{"name":"wp","href":"https:\/\/api.w.org\/{rel}","templated":true}]}}