{"id":5979,"date":"2025-12-17T08:21:42","date_gmt":"2025-12-17T08:21:42","guid":{"rendered":"https:\/\/medvegjasot.com\/?p=5979"},"modified":"2025-12-17T08:45:35","modified_gmt":"2025-12-17T08:45:35","slug":"falenderim-me-rastin-e-perurimit-te-pusit-86-metra-per-familjen-rama-ne-siarine","status":"publish","type":"post","link":"https:\/\/medvegjasot.com\/?p=5979","title":{"rendered":"FAL\u00cbNDERIM ME RASTIN E P\u00cbRURIMIT T\u00cb PUSIT 86 METRA P\u00cbR FAMILJEN RAMA N\u00cb SIARIN\u00cb"},"content":{"rendered":"\n<p>Sot, m\u00eb 16 dhjetor 2025, n\u00eb prani t\u00eb Selim Zek\u00ebs, Hamdi Halimit, Kosum Beqirit,&nbsp;<strong>Rrahman Hysenit<\/strong>, si dhe an\u00ebtar\u00ebve t\u00eb familjes Rama, u vendos edhe nj\u00eb pllak\u00eb p\u00ebrkujtimore pran\u00eb pusit, me \u00e7\u2019rast familja e Dylber Ram\u00ebs shprehu fal\u00ebnderim t\u00eb thell\u00eb p\u00ebr t\u00eb gjith\u00eb kontribuuesit dhe n\u00eb ve\u00e7anti p\u00ebr iniciatorin e k\u00ebtij projekti humanitar, z. Selim Zeka.<\/p>\n\n\n\n<figure class=\"wp-block-gallery has-nested-images columns-default is-cropped wp-block-gallery-1 is-layout-flex wp-block-gallery-is-layout-flex\">\n<figure class=\"wp-block-image size-large\"><img fetchpriority=\"high\" decoding=\"async\" width=\"768\" height=\"1024\" data-id=\"5984\" src=\"https:\/\/medvegjasot.com\/wp-content\/uploads\/2025\/12\/IMG_8152-768x1024.jpeg\" alt=\"\" class=\"wp-image-5984\" srcset=\"https:\/\/medvegjasot.com\/wp-content\/uploads\/2025\/12\/IMG_8152-768x1024.jpeg 768w, https:\/\/medvegjasot.com\/wp-content\/uploads\/2025\/12\/IMG_8152-225x300.jpeg 225w, https:\/\/medvegjasot.com\/wp-content\/uploads\/2025\/12\/IMG_8152-1152x1536.jpeg 1152w, https:\/\/medvegjasot.com\/wp-content\/uploads\/2025\/12\/IMG_8152-1536x2048.jpeg 1536w, https:\/\/medvegjasot.com\/wp-content\/uploads\/2025\/12\/IMG_8152-scaled.jpeg 1920w\" sizes=\"(max-width: 768px) 100vw, 768px\" \/><\/figure>\n<\/figure>\n\n\n\n<p>Zeka, me rastin e p\u00ebrurimit t\u00eb pllak\u00ebs s\u00eb pusit n\u00eb thell\u00ebsi 86 metra p\u00ebr familjen Rama n\u00eb Siarin\u00eb, m\u00eb dat\u00eb 17 dhjetor 2025. Shum\u00eb i nderuari z. Rrahman Hyseni, ju fal\u00ebnderoj pa fund p\u00ebr ardhjen tuaj sot te familja Rama. Kryefamiljari, z. Adem Rama, me prejardhje nga Sfirca e Medvegj\u00ebs dhe me banim t\u00eb p\u00ebrhersh\u00ebm n\u00eb Siarin\u00eb, pik\u00ebrisht aty ku u shpua pusi nga ne \u2013 Medvegjasit p\u00ebr Medvegjasit \u2013 dhe ku sot u zbulua pllaka e fal\u00ebnderimit, n\u00eb shenj\u00eb mir\u00ebnjohjeje p\u00ebr t\u00eb gjith\u00eb ata q\u00eb kontribuuan n\u00eb k\u00ebt\u00eb projekt madhor, dometh\u00ebn\u00ebs dhe shum\u00eb t\u00eb nevojsh\u00ebm p\u00ebr familjen n\u00eb fjal\u00eb. I nderuari Rrahman, ti jo vet\u00ebm sot, jo vet\u00ebm dje, por gjithmon\u00eb, kudo q\u00eb kam pasur nevoj\u00eb p\u00ebr ty, ke gjetur koh\u00eb, vullnet dhe d\u00ebshir\u00eb p\u00ebr t\u00eb qen\u00eb prezent. P\u00ebr k\u00ebt\u00eb pus, ke qen\u00eb i angazhuar disa her\u00eb, madje edhe me mjete financiare vetanake. Faleminderit pa fund edhe p\u00ebr tekstin e p\u00ebrgatitur me p\u00ebrkushtim t\u00eb madh, i cili ka k\u00ebrkuar koh\u00eb dhe koncentrim t\u00eb ve\u00e7ant\u00eb. Shum\u00eb i nderuari z. Hamdi Halimi, shoku im i gjenerat\u00ebs (Daja Hamdi), t\u00eb fal\u00ebnderoj pa fund p\u00ebr humanizmin tuaj, duke filluar nga grumbullimi i mjeteve financiare nga familjar\u00ebt tuaj e m\u00eb gjer\u00eb. Ardhja juaj disa her\u00eb te familja Rama p\u00ebr t\u00eb iniciuar projektin e pusit, pagesa e disa punimeve, si dhe prezenca juaj edhe sot, kan\u00eb pasur r\u00ebnd\u00ebsi dhe dometh\u00ebnie t\u00eb ve\u00e7ant\u00eb. <br><\/p>\n\n\n\n<figure class=\"wp-block-gallery has-nested-images columns-default is-cropped wp-block-gallery-2 is-layout-flex wp-block-gallery-is-layout-flex\">\n<figure class=\"wp-block-image size-large\"><img decoding=\"async\" width=\"1024\" height=\"566\" data-id=\"5992\" src=\"https:\/\/medvegjasot.com\/wp-content\/uploads\/2025\/12\/IMG_8267-1024x566.jpeg\" alt=\"\" class=\"wp-image-5992\" srcset=\"https:\/\/medvegjasot.com\/wp-content\/uploads\/2025\/12\/IMG_8267-1024x566.jpeg 1024w, https:\/\/medvegjasot.com\/wp-content\/uploads\/2025\/12\/IMG_8267-300x166.jpeg 300w, https:\/\/medvegjasot.com\/wp-content\/uploads\/2025\/12\/IMG_8267-768x425.jpeg 768w, https:\/\/medvegjasot.com\/wp-content\/uploads\/2025\/12\/IMG_8267-1536x850.jpeg 1536w, https:\/\/medvegjasot.com\/wp-content\/uploads\/2025\/12\/IMG_8267-2048x1133.jpeg 2048w\" sizes=\"(max-width: 1024px) 100vw, 1024px\" \/><figcaption class=\"wp-element-caption\">Kosum Beqiri, Dylber Rama, Selim Zeka dhe Hamdi Halimi<\/figcaption><\/figure>\n<\/figure>\n\n\n\n<p>Fal\u00ebnderim pa kufi. Shum\u00eb i nderuari z. Kosum Beqiri, kush\u00ebri im, t\u00eb fal\u00ebnderoj shum\u00eb p\u00ebr bashk\u00ebngjitjen tuaj sot te familja Rama p\u00ebr zbulimin e pllak\u00ebs n\u00eb shenj\u00eb fal\u00ebnderimi. Fal\u00ebnderoj gjithashtu Sabit Beka nga Siarina, i cili ndihmoi shum\u00eb n\u00eb kontaktimin e Medvegjaseve dhe Medvegjasve p\u00ebr donacionin dhe mb\u00ebshtetjen e k\u00ebtij projekti t\u00eb r\u00ebnd\u00ebsish\u00ebm.<\/p>\n\n\n\n<figure class=\"wp-block-gallery has-nested-images columns-default is-cropped wp-block-gallery-3 is-layout-flex wp-block-gallery-is-layout-flex\">\n<figure class=\"wp-block-image size-large\"><img decoding=\"async\" width=\"768\" height=\"1024\" data-id=\"5990\" src=\"https:\/\/medvegjasot.com\/wp-content\/uploads\/2025\/12\/IMG_8221-768x1024.jpeg\" alt=\"\" class=\"wp-image-5990\" srcset=\"https:\/\/medvegjasot.com\/wp-content\/uploads\/2025\/12\/IMG_8221-768x1024.jpeg 768w, https:\/\/medvegjasot.com\/wp-content\/uploads\/2025\/12\/IMG_8221-225x300.jpeg 225w, https:\/\/medvegjasot.com\/wp-content\/uploads\/2025\/12\/IMG_8221-1152x1536.jpeg 1152w, https:\/\/medvegjasot.com\/wp-content\/uploads\/2025\/12\/IMG_8221-1536x2048.jpeg 1536w, https:\/\/medvegjasot.com\/wp-content\/uploads\/2025\/12\/IMG_8221-scaled.jpeg 1920w\" sizes=\"(max-width: 768px) 100vw, 768px\" \/><\/figure>\n<\/figure>\n\n\n\n<p><\/p>\n\n\n\n<p> Faleminderit shum\u00eb. Shum\u00eb t\u00eb nderuara Medvegjase dhe shum\u00eb t\u00eb nderuar Medvegjas, ju fal\u00ebnderoj pa fund p\u00ebr financimin e projektit t\u00eb pusit p\u00ebr familjen Rama, pasi fal\u00eb solidaritetit Medvegjasit p\u00ebr Medvegjasit ky problem u zgjidh dhe tash e tutje kjo familje ka uj\u00eb me boll\u00ebk. Fal\u00ebnderim i ve\u00e7ant\u00eb p\u00ebr z. Sejdi Rama nga Sfirca, i cili dy her\u00eb ka shkuar te kjo familje p\u00ebr t\u00eb kryer pun\u00eb t\u00eb ndryshme rreth pusit, gjithashtu me mjete financiare vetanake. T\u00eb nderuara zonja dhe zot\u00ebrinj, ju p\u00ebrsh\u00ebndes p\u00ebrzem\u00ebrsisht dhe ju d\u00ebshiroj nj\u00eb mbr\u00ebmje t\u00eb k\u00ebndshme me familjet tuaja, si dhe ju uroj q\u00eb viti 2026 t\u2019ju sjell\u00eb t\u00eb gjitha t\u00eb mirat e bot\u00ebs, e mbi t\u00eb gjitha sh\u00ebndet t\u00eb mir\u00eb dhe sa m\u00eb pak brenga, tha Zeka.<\/p>\n\n\n\n<figure class=\"wp-block-gallery has-nested-images columns-default is-cropped wp-block-gallery-4 is-layout-flex wp-block-gallery-is-layout-flex\">\n<figure class=\"wp-block-image size-large\"><img loading=\"lazy\" decoding=\"async\" width=\"768\" height=\"1024\" data-id=\"5986\" src=\"https:\/\/medvegjasot.com\/wp-content\/uploads\/2025\/12\/IMG_8163-768x1024.jpeg\" alt=\"\" class=\"wp-image-5986\" srcset=\"https:\/\/medvegjasot.com\/wp-content\/uploads\/2025\/12\/IMG_8163-768x1024.jpeg 768w, https:\/\/medvegjasot.com\/wp-content\/uploads\/2025\/12\/IMG_8163-225x300.jpeg 225w, https:\/\/medvegjasot.com\/wp-content\/uploads\/2025\/12\/IMG_8163-1152x1536.jpeg 1152w, https:\/\/medvegjasot.com\/wp-content\/uploads\/2025\/12\/IMG_8163-1536x2048.jpeg 1536w, https:\/\/medvegjasot.com\/wp-content\/uploads\/2025\/12\/IMG_8163-scaled.jpeg 1920w\" sizes=\"(max-width: 768px) 100vw, 768px\" \/><\/figure>\n<\/figure>\n\n\n\n<p><\/p>\n\n\n\n<p><strong>MEDVEGJASIT P\u00cbR MEDVEGJASIT \u2013 JETA DHE VEPRIMTARIA HUMANITARE E SELIM ZEK\u00cbS, SHEMBULL I HUMANIZMIT, KUJTESES DHE BASHKIMIT SHPIRT\u00cbROR<\/strong><\/p>\n\n\n\n<p>Selim Zeka, i lindur n\u00eb vitin 1959 n\u00eb fshatin Tupall\u00eb t\u00eb Medvegj\u00ebs, \u00ebsht\u00eb nj\u00eb nga ata njer\u00ebz q\u00eb jet\u00ebn dhe vepr\u00ebn ia kan\u00eb kushtuar vendlindjes, njer\u00ebzve dhe ruajtjes s\u00eb vlerave njer\u00ebzore, kulturore e shoq\u00ebrore. Me iniciativa t\u00eb vazhdueshme kulturore, humanitare dhe shoq\u00ebrore, ai ka arritur t\u00eb bashkoj\u00eb breza, miq, shok\u00eb e bashk\u00ebvend\u00ebs, duke l\u00ebn\u00eb gjurm\u00eb t\u00eb pashlyeshme n\u00eb komunitet.<\/p>\n\n\n\n<p>Nj\u00eb nga iniciativat m\u00eb dometh\u00ebn\u00ebse ishte bashkimi i gjenerat\u00ebs s\u00eb viteve shkollore 1973\/1974. Me p\u00ebrkushtim dhe ndjenj\u00eb obligimi moral, Selim Zeka mblodhi shok\u00ebt dhe shoqet e k\u00ebsaj gjenerate p\u00ebr nj\u00eb takim historik pas afro pes\u00eb dekadash. Ky takim u mbajt m\u00eb 11 gusht 2022, dit\u00eb e enjte, n\u00eb vendlindjen e tyre, n\u00eb fshatin Tupall\u00eb, pik\u00ebrisht n\u00eb oborrin e shkoll\u00ebs fillore \u201cZenel Hajdini\u201d, aty ku kishin p\u00ebrfunduar shkollimin fillor \u2013 tet\u00ebvje\u00e7aren. Takimi nuk ishte vet\u00ebm nj\u00eb rikthim kujtimesh, por edhe nj\u00eb akt nderimi dhe respekti. P\u00ebr nder t\u00eb jet\u00ebs dhe vepr\u00ebs s\u00eb ish-m\u00ebsuesit t\u00eb k\u00ebsaj gjenerate, z. Zenel Sahiti, ish-nx\u00ebn\u00ebsit vendos\u00ebn kurora lulesh te varri i tij n\u00eb Llapashtic\u00eb, duke d\u00ebshmuar se mir\u00ebnjohja dhe respekti p\u00ebr m\u00ebsuesin mbeten t\u00eb p\u00ebrjetshme.<\/p>\n\n\n\n<p>Iniciativa vazhdoi edhe n\u00eb Kosov\u00eb, ku Selim Zeka mblodhi s\u00ebrish shok\u00eb e shoqe t\u00eb s\u00eb nj\u00ebjt\u00ebs gjenerat\u00eb p\u00ebr t\u00eb vizituar varrezat e shok\u00ebve t\u00eb ndjer\u00eb: Zenel Uka, Kadri Emini dhe Hajdar Kadriu. Me nga nj\u00eb kuror\u00eb lulesh t\u00eb vendosur mbi varret e tyre, u shpreh respekti, nderimi dhe kujtimi p\u00ebr jet\u00ebn, pun\u00ebn dhe veprimtarin\u00eb e tyre, duke treguar se shoq\u00ebria dhe vlerat njer\u00ebzore nuk harrohen as pas vdekjes.<\/p>\n\n\n\n<figure class=\"wp-block-gallery has-nested-images columns-default is-cropped wp-block-gallery-5 is-layout-flex wp-block-gallery-is-layout-flex\">\n<figure class=\"wp-block-image size-large\"><img loading=\"lazy\" decoding=\"async\" width=\"1024\" height=\"768\" data-id=\"5987\" src=\"https:\/\/medvegjasot.com\/wp-content\/uploads\/2025\/12\/IMG_8194-1024x768.jpeg\" alt=\"\" class=\"wp-image-5987\" srcset=\"https:\/\/medvegjasot.com\/wp-content\/uploads\/2025\/12\/IMG_8194-1024x768.jpeg 1024w, https:\/\/medvegjasot.com\/wp-content\/uploads\/2025\/12\/IMG_8194-300x225.jpeg 300w, https:\/\/medvegjasot.com\/wp-content\/uploads\/2025\/12\/IMG_8194-768x576.jpeg 768w, https:\/\/medvegjasot.com\/wp-content\/uploads\/2025\/12\/IMG_8194-1536x1152.jpeg 1536w, https:\/\/medvegjasot.com\/wp-content\/uploads\/2025\/12\/IMG_8194-2048x1536.jpeg 2048w\" sizes=\"(max-width: 1024px) 100vw, 1024px\" \/><\/figure>\n<\/figure>\n\n\n\n<p><\/p>\n\n\n\n<p>Nj\u00eb nga projektet m\u00eb madhore dhe m\u00eb prek\u00ebse humanitare t\u00eb iniciuara nga Selim Zeka u realizua te familja e Dylber Adem Ram\u00ebs p\u00ebrjetoi nj\u00eb dit\u00eb t\u00eb ve\u00e7ant\u00eb g\u00ebzimi dhe shprese. Fal\u00eb iniciativ\u00ebs s\u00eb Selim Zek\u00ebs dhe p\u00ebrkrahjes financiare t\u00eb donator\u00ebve t\u00eb shumt\u00eb medvegjas, kjo familje, e cila p\u00ebr vite me radh\u00eb kishte munges\u00eb t\u00eb ujit t\u00eb pijsh\u00ebm dhe detyrohej ta bartte at\u00eb nga kilometra larg, nga ajo dit\u00eb fitoi uj\u00eb t\u00eb mjaftuesh\u00ebm p\u00ebr pije dhe nevoja familjare. Projekti p\u00ebrfshinte hulumtimin gjeodezik p\u00ebr gjetjen e ujit n\u00eb vler\u00eb prej 600 euro, shpimin e pusit\/bunarit n\u00eb vler\u00eb 7.740 euro, transportin e kamion\u00ebve n\u00eb vler\u00eb 1.000 euro, testimin e ujit dhe pomp\u00ebs 350 euro, si dhe blerjen e pomp\u00ebs dhe pajisjeve t\u00eb tjera n\u00eb vler\u00eb 2.040 euro. Kostoja totale e projektit ishte 11.730 euro, nd\u00ebrsa shuma e mbledhur nga donator\u00ebt arriti n\u00eb 11.744 euro. Teprica prej 14 eurosh, s\u00eb bashku me 20 euro shtes\u00eb nga vet\u00eb Selim Zeka, iu dhan\u00eb familjes Rama. Pusi u gropua n\u00eb thell\u00ebsi prej 86 metrash dhe sot siguron uj\u00eb t\u00eb mjaftuesh\u00ebm p\u00ebr familjen, duke ndryshuar rr\u00ebnj\u00ebsisht jet\u00ebn e tyre.<\/p>\n\n\n\n<p>Pun\u00ebt dhe veprat humanitare t\u00eb Selim Zek\u00ebs jan\u00eb t\u00eb shumta dhe v\u00ebshtir\u00eb t\u00eb num\u00ebrohen n\u00eb nj\u00eb shkrim t\u00eb vet\u00ebm. Nd\u00ebr to spikat edhe nd\u00ebrtimi dhe rind\u00ebrtimi i sht\u00ebpis\u00eb n\u00eb Siarin\u00eb, s\u00eb bashku me \u201cOd\u00ebn e Bab\u00ebs\u201d, nj\u00eb od\u00eb unike q\u00eb ruan tradit\u00ebn dhe t\u00eb kaluar\u00ebn e nd\u00ebrthurur me elemente moderne. Kjo od\u00eb konsiderohet e vetmja e ruajtur dhe e punuar n\u00eb k\u00ebt\u00eb form\u00eb, duke mbetur simbol i trash\u00ebgimis\u00eb kulturore dhe identitetit t\u00eb krahin\u00ebs.<\/p>\n\n\n\n<p>M\u00eb dat\u00eb 27 korrik 2024, n\u00eb Hotel-Restorant \u201cAmazona\u201d n\u00eb Milloshev\u00eb t\u00eb Kosov\u00ebs, u organizua nj\u00eb ceremoni madh\u00ebshtore me rastin e daljes n\u00eb pension t\u00eb z. Selim Zek\u00ebs. N\u00eb k\u00ebt\u00eb ngjarje t\u00eb ve\u00e7ant\u00eb, ai festoi nj\u00ebkoh\u00ebsisht edhe dit\u00eblindjen, i rrethuar nga familjar\u00eb, miq dhe shok\u00eb, t\u00eb cil\u00ebt ai vet\u00eb i kishte bashkuar, duke e kthyer mbr\u00ebmjen n\u00eb nj\u00eb fest\u00eb dinjitoze dhe plot emocione.<\/p>\n\n\n\n<p>Veprimtaria humanitare e Selim Zek\u00ebs vazhdoi edhe n\u00eb fund t\u00eb vitit 2024. M\u00eb 26 dhjetor 2024, ai mblodhi dhe dor\u00ebzoi mjete financiare n\u00eb vler\u00eb prej 950 CHF dhe 500 euro p\u00ebr familjen e Agim Osmanit, e cila kishte nevoj\u00eb t\u00eb madhe p\u00ebr ndihm\u00eb. Po ashtu, p\u00ebr Muhamed Bajramin n\u00eb Banj\u00ebn e Siarin\u00ebs, u siguruan 360 euro p\u00ebr pages\u00ebn e druve p\u00ebr ngrohje dhe 300 CHF mjete financiare t\u00eb mbledhura nga bashkatdhetar\u00ebt n\u00eb Zvic\u00ebr, t\u00eb dor\u00ebzuara m\u00eb 24 dhjetor 2024. Nj\u00eb tjet\u00ebr ndihm\u00eb e r\u00ebnd\u00ebsishme ishte mbledhja e 2.200 CHF p\u00ebr familjen Aliu n\u00eb Gjylekresht\u00eb t\u00eb Medvegj\u00ebs, e d\u00ebmtuar nga zjarri dhe q\u00eb ende jeton n\u00eb ato kushte t\u00eb v\u00ebshtira.<\/p>\n\n\n\n<p>Veprimtaria humanitare e Selim Zek\u00ebs nuk u ndal k\u00ebtu. Ai kontribuoi edhe n\u00eb rregullimin e rrug\u00ebs p\u00ebr familjen e Azize Emini, n\u00eb fshatin Tupall\u00eb, duke ndihmuar me 250 euro, nj\u00eb ndihm\u00eb konkrete q\u00eb leht\u00ebsoi jet\u00ebn e p\u00ebrditshme t\u00eb k\u00ebsaj familjeje.<\/p>\n\n\n\n<p>Po ashtu, n\u00eb vitin 2016, Selim Zeka organizoi nj\u00eb ndihm\u00eb t\u00eb gjer\u00eb humanitare me artikuj ushqimor\u00eb dhe gj\u00ebra sht\u00ebpiake si: miell, vaj, sheqer, detergjent\u00eb p\u00ebr larje rrobash dhe produkte t\u00eb tjera t\u00eb domosdoshme p\u00ebr amvis\u00ebri. Kjo ndihm\u00eb solide u shp\u00ebrnda p\u00ebr shum\u00eb familje n\u00eb nevoj\u00eb n\u00eb Medvegj\u00eb, duke d\u00ebshmuar solidaritet t\u00eb rrall\u00eb dhe ndjenj\u00eb t\u00eb thell\u00eb p\u00ebrgjegj\u00ebsie shoq\u00ebrore.<\/p>\n\n\n\n<p>N\u00eb t\u00eb nj\u00ebjt\u00ebn periudh\u00eb, Selim Zeka kontribuoi edhe financiarisht me nga 200 euro p\u00ebr nisma humanitare si \u201cShqiptar\u00ebt p\u00ebr Shqiptar\u00ebt\u201d dhe \u201cShqiperil\u201d, si dhe 200 euro p\u00ebr Jetim\u00ebt e Ballkanit n\u00eb Republik\u00ebn e Kosov\u00ebs, duke shtrir\u00eb ndihm\u00ebn e tij p\u00ebrtej kufijve lokal\u00eb.<\/p>\n\n\n\n<p>N\u00eb shenj\u00eb mir\u00ebnjohjeje p\u00ebr kontributin e tij t\u00eb vazhduesh\u00ebm, n\u00eb 10-vjetorin e themelimit t\u00eb tij, portali \u201cMEDVEGJASOT.com\u201d ndau Mir\u00ebnjohje p\u00ebr z. Selim Zeka, p\u00ebr humanizmin dhe kontributin e dh\u00ebn\u00eb ndaj vendlindjes Medvegj\u00eb, m\u00eb dat\u00eb 30 dhjetor 2024.<\/p>\n\n\n\n<p>N\u00eb zem\u00ebr t\u00eb fshatit Siarin\u00eb t\u00eb Medvegj\u00ebs q\u00ebndron me krenari \u201cOda e Bab\u00ebs\u201d, e nd\u00ebrtuar dhe e ruajtur me p\u00ebrkushtim nga Selim Zeka. Kjo od\u00eb nuk \u00ebsht\u00eb vet\u00ebm nj\u00eb objekt nd\u00ebrtimor, por nj\u00eb pasuri shpirt\u00ebrore dhe kulturore, nj\u00eb kujtes\u00eb e gjall\u00eb e jet\u00ebs shqiptare, ku mikpritja, tradita dhe krenaria familjare vazhdojn\u00eb t\u00eb jetojn\u00eb. P\u00ebrmes pun\u00ebs s\u00eb tij t\u00eb palodhshme, Selim Zeka e ka shnd\u00ebrruar k\u00ebt\u00eb od\u00eb n\u00eb nj\u00eb simbol t\u00eb trash\u00ebgimis\u00eb kulturore dhe nj\u00eb ur\u00eb lidh\u00ebse mes brezave, duke d\u00ebshmuar se vlerat e v\u00ebrteta nuk zbehen kurr\u00eb.<\/p>\n\n\n\n<p>Selim Zeka \u00ebsht\u00eb shembull i humanizmit dhe p\u00ebrkushtimit ndaj Medvegj\u00ebs. Me veprime konkrete, ai ka bashkuar njer\u00ebz, ka ruajtur tradit\u00ebn dhe ka ndihmuar familje n\u00eb nevoj\u00eb. Kontributi i tij shoq\u00ebror dhe njer\u00ebzor mbetet vler\u00eb e q\u00ebndrueshme p\u00ebr komunitetin.<\/p>\n\n\n\n<p>Shkruar nga&nbsp;&nbsp;<strong>Rrahman Hyseni<\/strong><\/p>\n\n\n\n<p><\/p>\n","protected":false},"excerpt":{"rendered":"<p>Sot, m\u00eb 16 dhjetor 2025, n\u00eb prani t\u00eb Selim Zek\u00ebs, Hamdi Halimit, Kosum Beqirit,&nbsp;Rrahman Hysenit, si dhe an\u00ebtar\u00ebve t\u00eb familjes Rama, u vendos edhe nj\u00eb pllak\u00eb p\u00ebrkujtimore pran\u00eb pusit, me \u00e7\u2019rast familja e Dylber Ram\u00ebs shprehu fal\u00ebnderim t\u00eb thell\u00eb p\u00ebr t\u00eb gjith\u00eb kontribuuesit dhe n\u00eb ve\u00e7anti p\u00ebr iniciatorin e k\u00ebtij projekti humanitar, z. Selim Zeka&#8230;.<\/p>\n","protected":false},"author":2,"featured_media":5983,"comment_status":"open","ping_status":"open","sticky":false,"template":"","format":"standard","meta":{"_coblocks_attr":"","_coblocks_dimensions":"","_coblocks_responsive_height":"","_coblocks_accordion_ie_support":"","_monsterinsights_skip_tracking":false,"_monsterinsights_sitenote_active":false,"_monsterinsights_sitenote_note":"","_monsterinsights_sitenote_category":0,"footnotes":""},"categories":[3],"tags":[],"class_list":["post-5979","post","type-post","status-publish","format-standard","has-post-thumbnail","hentry","category-kronika"],"yoast_head":"<!-- This site is optimized with the Yoast SEO plugin v27.5 - https:\/\/yoast.com\/product\/yoast-seo-wordpress\/ -->\n<title>FAL\u00cbNDERIM ME RASTIN E P\u00cbRURIMIT T\u00cb PUSIT 86 METRA P\u00cbR FAMILJEN RAMA N\u00cb SIARIN\u00cb - Medvegja Sot<\/title>\n<meta name=\"robots\" content=\"index, follow, max-snippet:-1, max-image-preview:large, max-video-preview:-1\" \/>\n<link rel=\"canonical\" href=\"https:\/\/medvegjasot.com\/?p=5979\" \/>\n<meta property=\"og:locale\" content=\"en_US\" \/>\n<meta property=\"og:type\" content=\"article\" \/>\n<meta property=\"og:title\" content=\"FAL\u00cbNDERIM ME RASTIN E P\u00cbRURIMIT T\u00cb PUSIT 86 METRA P\u00cbR FAMILJEN RAMA N\u00cb SIARIN\u00cb - Medvegja Sot\" \/>\n<meta property=\"og:description\" content=\"Sot, m\u00eb 16 dhjetor 2025, n\u00eb prani t\u00eb Selim Zek\u00ebs, Hamdi Halimit, Kosum Beqirit,&nbsp;Rrahman Hysenit, si dhe an\u00ebtar\u00ebve t\u00eb familjes Rama, u vendos edhe nj\u00eb pllak\u00eb p\u00ebrkujtimore pran\u00eb pusit, me \u00e7\u2019rast familja e Dylber Ram\u00ebs shprehu fal\u00ebnderim t\u00eb thell\u00eb p\u00ebr t\u00eb gjith\u00eb kontribuuesit dhe n\u00eb ve\u00e7anti p\u00ebr iniciatorin e k\u00ebtij projekti humanitar, z. Selim Zeka....\" \/>\n<meta property=\"og:url\" content=\"https:\/\/medvegjasot.com\/?p=5979\" \/>\n<meta property=\"og:site_name\" content=\"Medvegja Sot\" \/>\n<meta property=\"article:publisher\" content=\"https:\/\/www.facebook.com\/MedvegjaSot.com1\" \/>\n<meta property=\"article:published_time\" content=\"2025-12-17T08:21:42+00:00\" \/>\n<meta property=\"article:modified_time\" content=\"2025-12-17T08:45:35+00:00\" \/>\n<meta property=\"og:image\" content=\"https:\/\/medvegjasot.com\/wp-content\/uploads\/2025\/12\/photo-output-6-scaled.jpeg\" \/>\n\t<meta property=\"og:image:width\" content=\"2560\" \/>\n\t<meta property=\"og:image:height\" content=\"1440\" \/>\n\t<meta property=\"og:image:type\" content=\"image\/jpeg\" \/>\n<meta name=\"author\" content=\"admin\" \/>\n<meta name=\"twitter:card\" content=\"summary_large_image\" \/>\n<meta name=\"twitter:label1\" content=\"Written by\" \/>\n\t<meta name=\"twitter:data1\" content=\"admin\" \/>\n\t<meta name=\"twitter:label2\" content=\"Est. reading time\" \/>\n\t<meta name=\"twitter:data2\" content=\"8 minutes\" \/>\n<script type=\"application\/ld+json\" class=\"yoast-schema-graph\">{\"@context\":\"https:\\\/\\\/schema.org\",\"@graph\":[{\"@type\":\"Article\",\"@id\":\"https:\\\/\\\/medvegjasot.com\\\/?p=5979#article\",\"isPartOf\":{\"@id\":\"https:\\\/\\\/medvegjasot.com\\\/?p=5979\"},\"author\":{\"name\":\"admin\",\"@id\":\"https:\\\/\\\/medvegjasot.com\\\/#\\\/schema\\\/person\\\/f2be1a84f4e95d0cb032946a1cf2e594\"},\"headline\":\"FAL\u00cbNDERIM ME RASTIN E P\u00cbRURIMIT T\u00cb PUSIT 86 METRA P\u00cbR FAMILJEN RAMA N\u00cb SIARIN\u00cb\",\"datePublished\":\"2025-12-17T08:21:42+00:00\",\"dateModified\":\"2025-12-17T08:45:35+00:00\",\"mainEntityOfPage\":{\"@id\":\"https:\\\/\\\/medvegjasot.com\\\/?p=5979\"},\"wordCount\":1713,\"commentCount\":0,\"publisher\":{\"@id\":\"https:\\\/\\\/medvegjasot.com\\\/#organization\"},\"image\":{\"@id\":\"https:\\\/\\\/medvegjasot.com\\\/?p=5979#primaryimage\"},\"thumbnailUrl\":\"https:\\\/\\\/medvegjasot.com\\\/wp-content\\\/uploads\\\/2025\\\/12\\\/photo-output-6-scaled.jpeg\",\"articleSection\":[\"KRONIKA\"],\"inLanguage\":\"en-US\",\"potentialAction\":[{\"@type\":\"CommentAction\",\"name\":\"Comment\",\"target\":[\"https:\\\/\\\/medvegjasot.com\\\/?p=5979#respond\"]}]},{\"@type\":\"WebPage\",\"@id\":\"https:\\\/\\\/medvegjasot.com\\\/?p=5979\",\"url\":\"https:\\\/\\\/medvegjasot.com\\\/?p=5979\",\"name\":\"FAL\u00cbNDERIM ME RASTIN E P\u00cbRURIMIT T\u00cb PUSIT 86 METRA P\u00cbR FAMILJEN RAMA N\u00cb SIARIN\u00cb - Medvegja Sot\",\"isPartOf\":{\"@id\":\"https:\\\/\\\/medvegjasot.com\\\/#website\"},\"primaryImageOfPage\":{\"@id\":\"https:\\\/\\\/medvegjasot.com\\\/?p=5979#primaryimage\"},\"image\":{\"@id\":\"https:\\\/\\\/medvegjasot.com\\\/?p=5979#primaryimage\"},\"thumbnailUrl\":\"https:\\\/\\\/medvegjasot.com\\\/wp-content\\\/uploads\\\/2025\\\/12\\\/photo-output-6-scaled.jpeg\",\"datePublished\":\"2025-12-17T08:21:42+00:00\",\"dateModified\":\"2025-12-17T08:45:35+00:00\",\"breadcrumb\":{\"@id\":\"https:\\\/\\\/medvegjasot.com\\\/?p=5979#breadcrumb\"},\"inLanguage\":\"en-US\",\"potentialAction\":[{\"@type\":\"ReadAction\",\"target\":[\"https:\\\/\\\/medvegjasot.com\\\/?p=5979\"]}]},{\"@type\":\"ImageObject\",\"inLanguage\":\"en-US\",\"@id\":\"https:\\\/\\\/medvegjasot.com\\\/?p=5979#primaryimage\",\"url\":\"https:\\\/\\\/medvegjasot.com\\\/wp-content\\\/uploads\\\/2025\\\/12\\\/photo-output-6-scaled.jpeg\",\"contentUrl\":\"https:\\\/\\\/medvegjasot.com\\\/wp-content\\\/uploads\\\/2025\\\/12\\\/photo-output-6-scaled.jpeg\",\"width\":2560,\"height\":1440},{\"@type\":\"BreadcrumbList\",\"@id\":\"https:\\\/\\\/medvegjasot.com\\\/?p=5979#breadcrumb\",\"itemListElement\":[{\"@type\":\"ListItem\",\"position\":1,\"name\":\"Home\",\"item\":\"https:\\\/\\\/medvegjasot.com\\\/\"},{\"@type\":\"ListItem\",\"position\":2,\"name\":\"FAL\u00cbNDERIM ME RASTIN E P\u00cbRURIMIT T\u00cb PUSIT 86 METRA P\u00cbR FAMILJEN RAMA N\u00cb SIARIN\u00cb\"}]},{\"@type\":\"WebSite\",\"@id\":\"https:\\\/\\\/medvegjasot.com\\\/#website\",\"url\":\"https:\\\/\\\/medvegjasot.com\\\/\",\"name\":\"Medvegja Sot\",\"description\":\"Portal Lajmesh\",\"publisher\":{\"@id\":\"https:\\\/\\\/medvegjasot.com\\\/#organization\"},\"alternateName\":\"MS\",\"potentialAction\":[{\"@type\":\"SearchAction\",\"target\":{\"@type\":\"EntryPoint\",\"urlTemplate\":\"https:\\\/\\\/medvegjasot.com\\\/?s={search_term_string}\"},\"query-input\":{\"@type\":\"PropertyValueSpecification\",\"valueRequired\":true,\"valueName\":\"search_term_string\"}}],\"inLanguage\":\"en-US\"},{\"@type\":\"Organization\",\"@id\":\"https:\\\/\\\/medvegjasot.com\\\/#organization\",\"name\":\"Medvegja Sot\",\"alternateName\":\"MS\",\"url\":\"https:\\\/\\\/medvegjasot.com\\\/\",\"logo\":{\"@type\":\"ImageObject\",\"inLanguage\":\"en-US\",\"@id\":\"https:\\\/\\\/medvegjasot.com\\\/#\\\/schema\\\/logo\\\/image\\\/\",\"url\":\"https:\\\/\\\/medvegjasot.com\\\/wp-content\\\/uploads\\\/2024\\\/08\\\/logo.png\",\"contentUrl\":\"https:\\\/\\\/medvegjasot.com\\\/wp-content\\\/uploads\\\/2024\\\/08\\\/logo.png\",\"width\":500,\"height\":500,\"caption\":\"Medvegja Sot\"},\"image\":{\"@id\":\"https:\\\/\\\/medvegjasot.com\\\/#\\\/schema\\\/logo\\\/image\\\/\"},\"sameAs\":[\"https:\\\/\\\/www.facebook.com\\\/MedvegjaSot.com1\"]},{\"@type\":\"Person\",\"@id\":\"https:\\\/\\\/medvegjasot.com\\\/#\\\/schema\\\/person\\\/f2be1a84f4e95d0cb032946a1cf2e594\",\"name\":\"admin\",\"image\":{\"@type\":\"ImageObject\",\"inLanguage\":\"en-US\",\"@id\":\"https:\\\/\\\/secure.gravatar.com\\\/avatar\\\/2eedc5259426225ddc6f98b4b6728c30418b83e6f70285719780d3518d972ece?s=96&d=mm&r=g\",\"url\":\"https:\\\/\\\/secure.gravatar.com\\\/avatar\\\/2eedc5259426225ddc6f98b4b6728c30418b83e6f70285719780d3518d972ece?s=96&d=mm&r=g\",\"contentUrl\":\"https:\\\/\\\/secure.gravatar.com\\\/avatar\\\/2eedc5259426225ddc6f98b4b6728c30418b83e6f70285719780d3518d972ece?s=96&d=mm&r=g\",\"caption\":\"admin\"},\"url\":\"https:\\\/\\\/medvegjasot.com\\\/?author=2\"}]}<\/script>\n<!-- \/ Yoast SEO plugin. -->","yoast_head_json":{"title":"FAL\u00cbNDERIM ME RASTIN E P\u00cbRURIMIT T\u00cb PUSIT 86 METRA P\u00cbR FAMILJEN RAMA N\u00cb SIARIN\u00cb - Medvegja Sot","robots":{"index":"index","follow":"follow","max-snippet":"max-snippet:-1","max-image-preview":"max-image-preview:large","max-video-preview":"max-video-preview:-1"},"canonical":"https:\/\/medvegjasot.com\/?p=5979","og_locale":"en_US","og_type":"article","og_title":"FAL\u00cbNDERIM ME RASTIN E P\u00cbRURIMIT T\u00cb PUSIT 86 METRA P\u00cbR FAMILJEN RAMA N\u00cb SIARIN\u00cb - Medvegja Sot","og_description":"Sot, m\u00eb 16 dhjetor 2025, n\u00eb prani t\u00eb Selim Zek\u00ebs, Hamdi Halimit, Kosum Beqirit,&nbsp;Rrahman Hysenit, si dhe an\u00ebtar\u00ebve t\u00eb familjes Rama, u vendos edhe nj\u00eb pllak\u00eb p\u00ebrkujtimore pran\u00eb pusit, me \u00e7\u2019rast familja e Dylber Ram\u00ebs shprehu fal\u00ebnderim t\u00eb thell\u00eb p\u00ebr t\u00eb gjith\u00eb kontribuuesit dhe n\u00eb ve\u00e7anti p\u00ebr iniciatorin e k\u00ebtij projekti humanitar, z. Selim Zeka....","og_url":"https:\/\/medvegjasot.com\/?p=5979","og_site_name":"Medvegja Sot","article_publisher":"https:\/\/www.facebook.com\/MedvegjaSot.com1","article_published_time":"2025-12-17T08:21:42+00:00","article_modified_time":"2025-12-17T08:45:35+00:00","og_image":[{"width":2560,"height":1440,"url":"https:\/\/medvegjasot.com\/wp-content\/uploads\/2025\/12\/photo-output-6-scaled.jpeg","type":"image\/jpeg"}],"author":"admin","twitter_card":"summary_large_image","twitter_misc":{"Written by":"admin","Est. reading time":"8 minutes"},"schema":{"@context":"https:\/\/schema.org","@graph":[{"@type":"Article","@id":"https:\/\/medvegjasot.com\/?p=5979#article","isPartOf":{"@id":"https:\/\/medvegjasot.com\/?p=5979"},"author":{"name":"admin","@id":"https:\/\/medvegjasot.com\/#\/schema\/person\/f2be1a84f4e95d0cb032946a1cf2e594"},"headline":"FAL\u00cbNDERIM ME RASTIN E P\u00cbRURIMIT T\u00cb PUSIT 86 METRA P\u00cbR FAMILJEN RAMA N\u00cb SIARIN\u00cb","datePublished":"2025-12-17T08:21:42+00:00","dateModified":"2025-12-17T08:45:35+00:00","mainEntityOfPage":{"@id":"https:\/\/medvegjasot.com\/?p=5979"},"wordCount":1713,"commentCount":0,"publisher":{"@id":"https:\/\/medvegjasot.com\/#organization"},"image":{"@id":"https:\/\/medvegjasot.com\/?p=5979#primaryimage"},"thumbnailUrl":"https:\/\/medvegjasot.com\/wp-content\/uploads\/2025\/12\/photo-output-6-scaled.jpeg","articleSection":["KRONIKA"],"inLanguage":"en-US","potentialAction":[{"@type":"CommentAction","name":"Comment","target":["https:\/\/medvegjasot.com\/?p=5979#respond"]}]},{"@type":"WebPage","@id":"https:\/\/medvegjasot.com\/?p=5979","url":"https:\/\/medvegjasot.com\/?p=5979","name":"FAL\u00cbNDERIM ME RASTIN E P\u00cbRURIMIT T\u00cb PUSIT 86 METRA P\u00cbR FAMILJEN RAMA N\u00cb SIARIN\u00cb - Medvegja Sot","isPartOf":{"@id":"https:\/\/medvegjasot.com\/#website"},"primaryImageOfPage":{"@id":"https:\/\/medvegjasot.com\/?p=5979#primaryimage"},"image":{"@id":"https:\/\/medvegjasot.com\/?p=5979#primaryimage"},"thumbnailUrl":"https:\/\/medvegjasot.com\/wp-content\/uploads\/2025\/12\/photo-output-6-scaled.jpeg","datePublished":"2025-12-17T08:21:42+00:00","dateModified":"2025-12-17T08:45:35+00:00","breadcrumb":{"@id":"https:\/\/medvegjasot.com\/?p=5979#breadcrumb"},"inLanguage":"en-US","potentialAction":[{"@type":"ReadAction","target":["https:\/\/medvegjasot.com\/?p=5979"]}]},{"@type":"ImageObject","inLanguage":"en-US","@id":"https:\/\/medvegjasot.com\/?p=5979#primaryimage","url":"https:\/\/medvegjasot.com\/wp-content\/uploads\/2025\/12\/photo-output-6-scaled.jpeg","contentUrl":"https:\/\/medvegjasot.com\/wp-content\/uploads\/2025\/12\/photo-output-6-scaled.jpeg","width":2560,"height":1440},{"@type":"BreadcrumbList","@id":"https:\/\/medvegjasot.com\/?p=5979#breadcrumb","itemListElement":[{"@type":"ListItem","position":1,"name":"Home","item":"https:\/\/medvegjasot.com\/"},{"@type":"ListItem","position":2,"name":"FAL\u00cbNDERIM ME RASTIN E P\u00cbRURIMIT T\u00cb PUSIT 86 METRA P\u00cbR FAMILJEN RAMA N\u00cb SIARIN\u00cb"}]},{"@type":"WebSite","@id":"https:\/\/medvegjasot.com\/#website","url":"https:\/\/medvegjasot.com\/","name":"Medvegja Sot","description":"Portal Lajmesh","publisher":{"@id":"https:\/\/medvegjasot.com\/#organization"},"alternateName":"MS","potentialAction":[{"@type":"SearchAction","target":{"@type":"EntryPoint","urlTemplate":"https:\/\/medvegjasot.com\/?s={search_term_string}"},"query-input":{"@type":"PropertyValueSpecification","valueRequired":true,"valueName":"search_term_string"}}],"inLanguage":"en-US"},{"@type":"Organization","@id":"https:\/\/medvegjasot.com\/#organization","name":"Medvegja Sot","alternateName":"MS","url":"https:\/\/medvegjasot.com\/","logo":{"@type":"ImageObject","inLanguage":"en-US","@id":"https:\/\/medvegjasot.com\/#\/schema\/logo\/image\/","url":"https:\/\/medvegjasot.com\/wp-content\/uploads\/2024\/08\/logo.png","contentUrl":"https:\/\/medvegjasot.com\/wp-content\/uploads\/2024\/08\/logo.png","width":500,"height":500,"caption":"Medvegja Sot"},"image":{"@id":"https:\/\/medvegjasot.com\/#\/schema\/logo\/image\/"},"sameAs":["https:\/\/www.facebook.com\/MedvegjaSot.com1"]},{"@type":"Person","@id":"https:\/\/medvegjasot.com\/#\/schema\/person\/f2be1a84f4e95d0cb032946a1cf2e594","name":"admin","image":{"@type":"ImageObject","inLanguage":"en-US","@id":"https:\/\/secure.gravatar.com\/avatar\/2eedc5259426225ddc6f98b4b6728c30418b83e6f70285719780d3518d972ece?s=96&d=mm&r=g","url":"https:\/\/secure.gravatar.com\/avatar\/2eedc5259426225ddc6f98b4b6728c30418b83e6f70285719780d3518d972ece?s=96&d=mm&r=g","contentUrl":"https:\/\/secure.gravatar.com\/avatar\/2eedc5259426225ddc6f98b4b6728c30418b83e6f70285719780d3518d972ece?s=96&d=mm&r=g","caption":"admin"},"url":"https:\/\/medvegjasot.com\/?author=2"}]}},"jetpack_featured_media_url":"https:\/\/medvegjasot.com\/wp-content\/uploads\/2025\/12\/photo-output-6-scaled.jpeg","_links":{"self":[{"href":"https:\/\/medvegjasot.com\/index.php?rest_route=\/wp\/v2\/posts\/5979","targetHints":{"allow":["GET"]}}],"collection":[{"href":"https:\/\/medvegjasot.com\/index.php?rest_route=\/wp\/v2\/posts"}],"about":[{"href":"https:\/\/medvegjasot.com\/index.php?rest_route=\/wp\/v2\/types\/post"}],"author":[{"embeddable":true,"href":"https:\/\/medvegjasot.com\/index.php?rest_route=\/wp\/v2\/users\/2"}],"replies":[{"embeddable":true,"href":"https:\/\/medvegjasot.com\/index.php?rest_route=%2Fwp%2Fv2%2Fcomments&post=5979"}],"version-history":[{"count":6,"href":"https:\/\/medvegjasot.com\/index.php?rest_route=\/wp\/v2\/posts\/5979\/revisions"}],"predecessor-version":[{"id":5995,"href":"https:\/\/medvegjasot.com\/index.php?rest_route=\/wp\/v2\/posts\/5979\/revisions\/5995"}],"wp:featuredmedia":[{"embeddable":true,"href":"https:\/\/medvegjasot.com\/index.php?rest_route=\/wp\/v2\/media\/5983"}],"wp:attachment":[{"href":"https:\/\/medvegjasot.com\/index.php?rest_route=%2Fwp%2Fv2%2Fmedia&parent=5979"}],"wp:term":[{"taxonomy":"category","embeddable":true,"href":"https:\/\/medvegjasot.com\/index.php?rest_route=%2Fwp%2Fv2%2Fcategories&post=5979"},{"taxonomy":"post_tag","embeddable":true,"href":"https:\/\/medvegjasot.com\/index.php?rest_route=%2Fwp%2Fv2%2Ftags&post=5979"}],"curies":[{"name":"wp","href":"https:\/\/api.w.org\/{rel}","templated":true}]}}