{"id":5860,"date":"2025-11-30T11:12:10","date_gmt":"2025-11-30T11:12:10","guid":{"rendered":"https:\/\/medvegjasot.com\/?p=5860"},"modified":"2025-11-30T11:18:17","modified_gmt":"2025-11-30T11:18:17","slug":"nentori-ne-lugine-jehon-kenga-besa-bese-ne-bujanoc-mbi-3500-pjesemarres-ne-aktivitetet-kulturore-shqiptare","status":"publish","type":"post","link":"https:\/\/medvegjasot.com\/?p=5860","title":{"rendered":"N\u00ebntori n\u00eb Lugin\u00eb: Jehon k\u00ebnga Besa-Bes\u00eb n\u00eb Bujanoc \u2013 Mbi 3,500 pjes\u00ebmarr\u00ebs n\u00eb aktivitetet kulturore shqiptare"},"content":{"rendered":"\n<p>P\u00ebr her\u00eb t\u00eb par\u00eb, K\u00ebshilli Komb\u00ebtar Shqiptar n\u00eb Serbi, me mb\u00ebshtetjen e Ministris\u00eb s\u00eb Turizmit, Kultur\u00ebs dhe Sportit t\u00eb Shqip\u00ebris\u00eb dhe n\u00ebn kujdesin e Ambasad\u00ebs s\u00eb Shqip\u00ebris\u00eb n\u00eb Beograd, po organizon nj\u00eb seri aktivitetesh kulturore, artistike dhe identitare n\u00eb Preshev\u00eb, Bujanoc, Medvegj\u00eb dhe Sanxhak, me rastin e festave t\u00eb N\u00ebntorit.<\/p>\n\n\n\n<figure class=\"wp-block-gallery has-nested-images columns-default is-cropped wp-block-gallery-1 is-layout-flex wp-block-gallery-is-layout-flex\">\n<figure class=\"wp-block-image size-large\"><img fetchpriority=\"high\" decoding=\"async\" width=\"1024\" height=\"685\" data-id=\"5864\" src=\"https:\/\/medvegjasot.com\/wp-content\/uploads\/2025\/11\/IMG_7206-1024x685.jpeg\" alt=\"\" class=\"wp-image-5864\" srcset=\"https:\/\/medvegjasot.com\/wp-content\/uploads\/2025\/11\/IMG_7206-1024x685.jpeg 1024w, https:\/\/medvegjasot.com\/wp-content\/uploads\/2025\/11\/IMG_7206-300x200.jpeg 300w, https:\/\/medvegjasot.com\/wp-content\/uploads\/2025\/11\/IMG_7206-768x514.jpeg 768w, https:\/\/medvegjasot.com\/wp-content\/uploads\/2025\/11\/IMG_7206-1536x1027.jpeg 1536w, https:\/\/medvegjasot.com\/wp-content\/uploads\/2025\/11\/IMG_7206-600x400.jpeg 600w, https:\/\/medvegjasot.com\/wp-content\/uploads\/2025\/11\/IMG_7206.jpeg 1600w\" sizes=\"(max-width: 1024px) 100vw, 1024px\" \/><\/figure>\n<\/figure>\n\n\n\n<p><\/p>\n\n\n\n<p>Salla n\u00eb Bujanoc t\u00eb Lugin\u00ebs s\u00eb Preshev\u00ebs jehoi nga k\u00ebnga \u201cBesa-Bes\u00eb\u201d, e interpretuar nga nx\u00ebn\u00ebsit e shkoll\u00ebs fillore \u201cNaim Frash\u00ebri\u201d, t\u00eb cil\u00ebt bashkuan z\u00ebrat me publikun n\u00eb kuad\u00ebr t\u00eb programit kulturor \u201cN\u00ebntor Lugine\u201d, t\u00eb mb\u00ebshtetur nga Ministria e Turizmit, Kultur\u00ebs dhe Sportit t\u00eb Shqip\u00ebris\u00eb.<\/p>\n\n\n\n<figure class=\"wp-block-gallery has-nested-images columns-default is-cropped wp-block-gallery-2 is-layout-flex wp-block-gallery-is-layout-flex\">\n<figure class=\"wp-block-image size-large\"><img decoding=\"async\" width=\"1024\" height=\"685\" data-id=\"5865\" src=\"https:\/\/medvegjasot.com\/wp-content\/uploads\/2025\/11\/IMG_7208-1024x685.jpeg\" alt=\"\" class=\"wp-image-5865\" srcset=\"https:\/\/medvegjasot.com\/wp-content\/uploads\/2025\/11\/IMG_7208-1024x685.jpeg 1024w, https:\/\/medvegjasot.com\/wp-content\/uploads\/2025\/11\/IMG_7208-300x200.jpeg 300w, https:\/\/medvegjasot.com\/wp-content\/uploads\/2025\/11\/IMG_7208-768x514.jpeg 768w, https:\/\/medvegjasot.com\/wp-content\/uploads\/2025\/11\/IMG_7208-600x400.jpeg 600w, https:\/\/medvegjasot.com\/wp-content\/uploads\/2025\/11\/IMG_7208.jpeg 1500w\" sizes=\"(max-width: 1024px) 100vw, 1024px\" \/><\/figure>\n<\/figure>\n\n\n\n<p><\/p>\n\n\n\n<p>Mbi 607 artist\u00eb dhe krijues u angazhuan n\u00eb aktivitetet festive, nd\u00ebrsa m\u00eb shum\u00eb se 3,500 pjes\u00ebmarr\u00ebs \u2013 t\u00eb rinj, nx\u00ebn\u00ebs, komuniteti vendas dhe artdash\u00ebs \u2013 u bashkuan p\u00ebr t\u00eb festuar identitetin dhe kultur\u00ebn shqiptare n\u00eb Lugin\u00eb.<\/p>\n\n\n\n<figure class=\"wp-block-gallery has-nested-images columns-default is-cropped wp-block-gallery-3 is-layout-flex wp-block-gallery-is-layout-flex\">\n<figure class=\"wp-block-image size-large\"><img decoding=\"async\" width=\"1024\" height=\"685\" data-id=\"5867\" src=\"https:\/\/medvegjasot.com\/wp-content\/uploads\/2025\/11\/IMG_7205-1024x685.jpeg\" alt=\"\" class=\"wp-image-5867\" srcset=\"https:\/\/medvegjasot.com\/wp-content\/uploads\/2025\/11\/IMG_7205-1024x685.jpeg 1024w, https:\/\/medvegjasot.com\/wp-content\/uploads\/2025\/11\/IMG_7205-300x200.jpeg 300w, https:\/\/medvegjasot.com\/wp-content\/uploads\/2025\/11\/IMG_7205-768x514.jpeg 768w, https:\/\/medvegjasot.com\/wp-content\/uploads\/2025\/11\/IMG_7205-1536x1027.jpeg 1536w, https:\/\/medvegjasot.com\/wp-content\/uploads\/2025\/11\/IMG_7205-600x400.jpeg 600w, https:\/\/medvegjasot.com\/wp-content\/uploads\/2025\/11\/IMG_7205.jpeg 1600w\" sizes=\"(max-width: 1024px) 100vw, 1024px\" \/><\/figure>\n<\/figure>\n\n\n\n<p><\/p>\n\n\n\n<p>Kjo nism\u00eb kulturore vjen menj\u00ebher\u00eb pas n\u00ebnshkrimit t\u00eb memorandumit t\u00eb bashk\u00ebpunimit n\u00eb shtator, si dhe pas vizitave zyrtare t\u00eb zhvilluara k\u00ebt\u00eb vit n\u00eb Lugin\u00ebn e Preshev\u00ebs, t\u00eb nd\u00ebrmarra n\u00ebn kujdesin e ve\u00e7ant\u00eb t\u00eb Kryeministrit Edi Rama. Gjat\u00eb k\u00ebtyre vizitave \u00ebsht\u00eb thelluar dialogu me komunitetin shqiptar, institucionet lokale dhe t\u00eb rinjt\u00eb q\u00eb mbajn\u00eb gjall\u00eb gjuh\u00ebn, kultur\u00ebn dhe identitetin komb\u00ebtar.<\/p>\n\n\n\n<figure class=\"wp-block-gallery has-nested-images columns-default is-cropped wp-block-gallery-4 is-layout-flex wp-block-gallery-is-layout-flex\">\n<figure class=\"wp-block-image size-large\"><img loading=\"lazy\" decoding=\"async\" width=\"1024\" height=\"659\" data-id=\"5869\" src=\"https:\/\/medvegjasot.com\/wp-content\/uploads\/2025\/11\/IMG_7209-1024x659.jpeg\" alt=\"\" class=\"wp-image-5869\" srcset=\"https:\/\/medvegjasot.com\/wp-content\/uploads\/2025\/11\/IMG_7209-1024x659.jpeg 1024w, https:\/\/medvegjasot.com\/wp-content\/uploads\/2025\/11\/IMG_7209-300x193.jpeg 300w, https:\/\/medvegjasot.com\/wp-content\/uploads\/2025\/11\/IMG_7209-768x494.jpeg 768w, https:\/\/medvegjasot.com\/wp-content\/uploads\/2025\/11\/IMG_7209.jpeg 1313w\" sizes=\"(max-width: 1024px) 100vw, 1024px\" \/><\/figure>\n\n\n\n<figure class=\"wp-block-image size-large\"><img loading=\"lazy\" decoding=\"async\" width=\"682\" height=\"1024\" data-id=\"5870\" src=\"https:\/\/medvegjasot.com\/wp-content\/uploads\/2025\/11\/IMG_7207-682x1024.jpeg\" alt=\"\" class=\"wp-image-5870\" srcset=\"https:\/\/medvegjasot.com\/wp-content\/uploads\/2025\/11\/IMG_7207-682x1024.jpeg 682w, https:\/\/medvegjasot.com\/wp-content\/uploads\/2025\/11\/IMG_7207-200x300.jpeg 200w, https:\/\/medvegjasot.com\/wp-content\/uploads\/2025\/11\/IMG_7207-768x1153.jpeg 768w, https:\/\/medvegjasot.com\/wp-content\/uploads\/2025\/11\/IMG_7207-1023x1536.jpeg 1023w, https:\/\/medvegjasot.com\/wp-content\/uploads\/2025\/11\/IMG_7207.jpeg 1066w\" sizes=\"(max-width: 682px) 100vw, 682px\" \/><\/figure>\n<\/figure>\n\n\n\n<p><\/p>\n\n\n\n<p>MTKS dhe institucionet e saj mbeten t\u00eb p\u00ebrkushtuara p\u00ebr t\u00eb forcuar bashk\u00ebpunimin me Preshev\u00ebn dhe gjith\u00eb Lugin\u00ebn, duke mb\u00ebshtetur nisma kulturore, panaire librash, artist\u00eb t\u00eb rinj, aktivitete komunitare dhe \u00e7do p\u00ebrpjekje q\u00eb synon ruajtjen, zhvillimin dhe promovimin e identitetit shqiptar.<\/p>\n\n\n\n<p>Festojm\u00eb bashk\u00eb, kudo q\u00eb jemi!<\/p>\n\n\n\n<p><strong>K\u00ebshilli Komb\u00ebtar Shqiptar<\/strong><\/p>\n\n\n\n<p>Ka shkruar n\u00eb Facebook: <strong>Blendi Gonxhja<\/strong>, Minist\u00ebr i Ekonomis\u00eb, Kultur\u00ebs dhe Inovacionit n\u00eb Republik\u00ebn e Shqip\u00ebris\u00eb<\/p>\n\n\n\n<p>Transmeton: <strong>MEDVEGJASOT<\/strong>.com<\/p>\n","protected":false},"excerpt":{"rendered":"<p>P\u00ebr her\u00eb t\u00eb par\u00eb, K\u00ebshilli Komb\u00ebtar Shqiptar n\u00eb Serbi, me mb\u00ebshtetjen e Ministris\u00eb s\u00eb Turizmit, Kultur\u00ebs dhe Sportit t\u00eb Shqip\u00ebris\u00eb dhe n\u00ebn kujdesin e Ambasad\u00ebs s\u00eb Shqip\u00ebris\u00eb n\u00eb Beograd, po organizon nj\u00eb seri aktivitetesh kulturore, artistike dhe identitare n\u00eb Preshev\u00eb, Bujanoc, Medvegj\u00eb dhe Sanxhak, me rastin e festave t\u00eb N\u00ebntorit. Salla n\u00eb Bujanoc t\u00eb Lugin\u00ebs&#8230;<\/p>\n","protected":false},"author":2,"featured_media":5861,"comment_status":"open","ping_status":"open","sticky":false,"template":"","format":"standard","meta":{"_coblocks_attr":"","_coblocks_dimensions":"","_coblocks_responsive_height":"","_coblocks_accordion_ie_support":"","_monsterinsights_skip_tracking":false,"_monsterinsights_sitenote_active":false,"_monsterinsights_sitenote_note":"","_monsterinsights_sitenote_category":0,"footnotes":""},"categories":[18],"tags":[],"class_list":["post-5860","post","type-post","status-publish","format-standard","has-post-thumbnail","hentry","category-kulture"],"yoast_head":"<!-- This site is optimized with the Yoast SEO plugin v27.5 - https:\/\/yoast.com\/product\/yoast-seo-wordpress\/ -->\n<title>N\u00ebntori n\u00eb Lugin\u00eb: Jehon k\u00ebnga Besa-Bes\u00eb n\u00eb Bujanoc \u2013 Mbi 3,500 pjes\u00ebmarr\u00ebs n\u00eb aktivitetet kulturore shqiptare - Medvegja Sot<\/title>\n<meta name=\"robots\" content=\"index, follow, max-snippet:-1, max-image-preview:large, max-video-preview:-1\" \/>\n<link rel=\"canonical\" href=\"https:\/\/medvegjasot.com\/?p=5860\" \/>\n<meta property=\"og:locale\" content=\"en_US\" \/>\n<meta property=\"og:type\" content=\"article\" \/>\n<meta property=\"og:title\" content=\"N\u00ebntori n\u00eb Lugin\u00eb: Jehon k\u00ebnga Besa-Bes\u00eb n\u00eb Bujanoc \u2013 Mbi 3,500 pjes\u00ebmarr\u00ebs n\u00eb aktivitetet kulturore shqiptare - Medvegja Sot\" \/>\n<meta property=\"og:description\" content=\"P\u00ebr her\u00eb t\u00eb par\u00eb, K\u00ebshilli Komb\u00ebtar Shqiptar n\u00eb Serbi, me mb\u00ebshtetjen e Ministris\u00eb s\u00eb Turizmit, Kultur\u00ebs dhe Sportit t\u00eb Shqip\u00ebris\u00eb dhe n\u00ebn kujdesin e Ambasad\u00ebs s\u00eb Shqip\u00ebris\u00eb n\u00eb Beograd, po organizon nj\u00eb seri aktivitetesh kulturore, artistike dhe identitare n\u00eb Preshev\u00eb, Bujanoc, Medvegj\u00eb dhe Sanxhak, me rastin e festave t\u00eb N\u00ebntorit. Salla n\u00eb Bujanoc t\u00eb Lugin\u00ebs...\" \/>\n<meta property=\"og:url\" content=\"https:\/\/medvegjasot.com\/?p=5860\" \/>\n<meta property=\"og:site_name\" content=\"Medvegja Sot\" \/>\n<meta property=\"article:publisher\" content=\"https:\/\/www.facebook.com\/MedvegjaSot.com1\" \/>\n<meta property=\"article:published_time\" content=\"2025-11-30T11:12:10+00:00\" \/>\n<meta property=\"article:modified_time\" content=\"2025-11-30T11:18:17+00:00\" \/>\n<meta property=\"og:image\" content=\"https:\/\/medvegjasot.com\/wp-content\/uploads\/2025\/11\/photo-output-15.jpeg\" \/>\n\t<meta property=\"og:image:width\" content=\"2048\" \/>\n\t<meta property=\"og:image:height\" content=\"1152\" \/>\n\t<meta property=\"og:image:type\" content=\"image\/jpeg\" \/>\n<meta name=\"author\" content=\"admin\" \/>\n<meta name=\"twitter:card\" content=\"summary_large_image\" \/>\n<meta name=\"twitter:label1\" content=\"Written by\" \/>\n\t<meta name=\"twitter:data1\" content=\"admin\" \/>\n\t<meta name=\"twitter:label2\" content=\"Est. reading time\" \/>\n\t<meta name=\"twitter:data2\" content=\"3 minutes\" \/>\n<script type=\"application\/ld+json\" class=\"yoast-schema-graph\">{\"@context\":\"https:\\\/\\\/schema.org\",\"@graph\":[{\"@type\":\"Article\",\"@id\":\"https:\\\/\\\/medvegjasot.com\\\/?p=5860#article\",\"isPartOf\":{\"@id\":\"https:\\\/\\\/medvegjasot.com\\\/?p=5860\"},\"author\":{\"name\":\"admin\",\"@id\":\"https:\\\/\\\/medvegjasot.com\\\/#\\\/schema\\\/person\\\/f2be1a84f4e95d0cb032946a1cf2e594\"},\"headline\":\"N\u00ebntori n\u00eb Lugin\u00eb: Jehon k\u00ebnga Besa-Bes\u00eb n\u00eb Bujanoc \u2013 Mbi 3,500 pjes\u00ebmarr\u00ebs n\u00eb aktivitetet kulturore shqiptare\",\"datePublished\":\"2025-11-30T11:12:10+00:00\",\"dateModified\":\"2025-11-30T11:18:17+00:00\",\"mainEntityOfPage\":{\"@id\":\"https:\\\/\\\/medvegjasot.com\\\/?p=5860\"},\"wordCount\":327,\"commentCount\":0,\"publisher\":{\"@id\":\"https:\\\/\\\/medvegjasot.com\\\/#organization\"},\"image\":{\"@id\":\"https:\\\/\\\/medvegjasot.com\\\/?p=5860#primaryimage\"},\"thumbnailUrl\":\"https:\\\/\\\/medvegjasot.com\\\/wp-content\\\/uploads\\\/2025\\\/11\\\/photo-output-15.jpeg\",\"articleSection\":[\"KULTUR\u00cb\"],\"inLanguage\":\"en-US\",\"potentialAction\":[{\"@type\":\"CommentAction\",\"name\":\"Comment\",\"target\":[\"https:\\\/\\\/medvegjasot.com\\\/?p=5860#respond\"]}]},{\"@type\":\"WebPage\",\"@id\":\"https:\\\/\\\/medvegjasot.com\\\/?p=5860\",\"url\":\"https:\\\/\\\/medvegjasot.com\\\/?p=5860\",\"name\":\"N\u00ebntori n\u00eb Lugin\u00eb: Jehon k\u00ebnga Besa-Bes\u00eb n\u00eb Bujanoc \u2013 Mbi 3,500 pjes\u00ebmarr\u00ebs n\u00eb aktivitetet kulturore shqiptare - Medvegja Sot\",\"isPartOf\":{\"@id\":\"https:\\\/\\\/medvegjasot.com\\\/#website\"},\"primaryImageOfPage\":{\"@id\":\"https:\\\/\\\/medvegjasot.com\\\/?p=5860#primaryimage\"},\"image\":{\"@id\":\"https:\\\/\\\/medvegjasot.com\\\/?p=5860#primaryimage\"},\"thumbnailUrl\":\"https:\\\/\\\/medvegjasot.com\\\/wp-content\\\/uploads\\\/2025\\\/11\\\/photo-output-15.jpeg\",\"datePublished\":\"2025-11-30T11:12:10+00:00\",\"dateModified\":\"2025-11-30T11:18:17+00:00\",\"breadcrumb\":{\"@id\":\"https:\\\/\\\/medvegjasot.com\\\/?p=5860#breadcrumb\"},\"inLanguage\":\"en-US\",\"potentialAction\":[{\"@type\":\"ReadAction\",\"target\":[\"https:\\\/\\\/medvegjasot.com\\\/?p=5860\"]}]},{\"@type\":\"ImageObject\",\"inLanguage\":\"en-US\",\"@id\":\"https:\\\/\\\/medvegjasot.com\\\/?p=5860#primaryimage\",\"url\":\"https:\\\/\\\/medvegjasot.com\\\/wp-content\\\/uploads\\\/2025\\\/11\\\/photo-output-15.jpeg\",\"contentUrl\":\"https:\\\/\\\/medvegjasot.com\\\/wp-content\\\/uploads\\\/2025\\\/11\\\/photo-output-15.jpeg\",\"width\":2048,\"height\":1152},{\"@type\":\"BreadcrumbList\",\"@id\":\"https:\\\/\\\/medvegjasot.com\\\/?p=5860#breadcrumb\",\"itemListElement\":[{\"@type\":\"ListItem\",\"position\":1,\"name\":\"Home\",\"item\":\"https:\\\/\\\/medvegjasot.com\\\/\"},{\"@type\":\"ListItem\",\"position\":2,\"name\":\"N\u00ebntori n\u00eb Lugin\u00eb: Jehon k\u00ebnga Besa-Bes\u00eb n\u00eb Bujanoc \u2013 Mbi 3,500 pjes\u00ebmarr\u00ebs n\u00eb aktivitetet kulturore shqiptare\"}]},{\"@type\":\"WebSite\",\"@id\":\"https:\\\/\\\/medvegjasot.com\\\/#website\",\"url\":\"https:\\\/\\\/medvegjasot.com\\\/\",\"name\":\"Medvegja Sot\",\"description\":\"Portal Lajmesh\",\"publisher\":{\"@id\":\"https:\\\/\\\/medvegjasot.com\\\/#organization\"},\"alternateName\":\"MS\",\"potentialAction\":[{\"@type\":\"SearchAction\",\"target\":{\"@type\":\"EntryPoint\",\"urlTemplate\":\"https:\\\/\\\/medvegjasot.com\\\/?s={search_term_string}\"},\"query-input\":{\"@type\":\"PropertyValueSpecification\",\"valueRequired\":true,\"valueName\":\"search_term_string\"}}],\"inLanguage\":\"en-US\"},{\"@type\":\"Organization\",\"@id\":\"https:\\\/\\\/medvegjasot.com\\\/#organization\",\"name\":\"Medvegja Sot\",\"alternateName\":\"MS\",\"url\":\"https:\\\/\\\/medvegjasot.com\\\/\",\"logo\":{\"@type\":\"ImageObject\",\"inLanguage\":\"en-US\",\"@id\":\"https:\\\/\\\/medvegjasot.com\\\/#\\\/schema\\\/logo\\\/image\\\/\",\"url\":\"https:\\\/\\\/medvegjasot.com\\\/wp-content\\\/uploads\\\/2024\\\/08\\\/logo.png\",\"contentUrl\":\"https:\\\/\\\/medvegjasot.com\\\/wp-content\\\/uploads\\\/2024\\\/08\\\/logo.png\",\"width\":500,\"height\":500,\"caption\":\"Medvegja Sot\"},\"image\":{\"@id\":\"https:\\\/\\\/medvegjasot.com\\\/#\\\/schema\\\/logo\\\/image\\\/\"},\"sameAs\":[\"https:\\\/\\\/www.facebook.com\\\/MedvegjaSot.com1\"]},{\"@type\":\"Person\",\"@id\":\"https:\\\/\\\/medvegjasot.com\\\/#\\\/schema\\\/person\\\/f2be1a84f4e95d0cb032946a1cf2e594\",\"name\":\"admin\",\"image\":{\"@type\":\"ImageObject\",\"inLanguage\":\"en-US\",\"@id\":\"https:\\\/\\\/secure.gravatar.com\\\/avatar\\\/2eedc5259426225ddc6f98b4b6728c30418b83e6f70285719780d3518d972ece?s=96&d=mm&r=g\",\"url\":\"https:\\\/\\\/secure.gravatar.com\\\/avatar\\\/2eedc5259426225ddc6f98b4b6728c30418b83e6f70285719780d3518d972ece?s=96&d=mm&r=g\",\"contentUrl\":\"https:\\\/\\\/secure.gravatar.com\\\/avatar\\\/2eedc5259426225ddc6f98b4b6728c30418b83e6f70285719780d3518d972ece?s=96&d=mm&r=g\",\"caption\":\"admin\"},\"url\":\"https:\\\/\\\/medvegjasot.com\\\/?author=2\"}]}<\/script>\n<!-- \/ Yoast SEO plugin. -->","yoast_head_json":{"title":"N\u00ebntori n\u00eb Lugin\u00eb: Jehon k\u00ebnga Besa-Bes\u00eb n\u00eb Bujanoc \u2013 Mbi 3,500 pjes\u00ebmarr\u00ebs n\u00eb aktivitetet kulturore shqiptare - Medvegja Sot","robots":{"index":"index","follow":"follow","max-snippet":"max-snippet:-1","max-image-preview":"max-image-preview:large","max-video-preview":"max-video-preview:-1"},"canonical":"https:\/\/medvegjasot.com\/?p=5860","og_locale":"en_US","og_type":"article","og_title":"N\u00ebntori n\u00eb Lugin\u00eb: Jehon k\u00ebnga Besa-Bes\u00eb n\u00eb Bujanoc \u2013 Mbi 3,500 pjes\u00ebmarr\u00ebs n\u00eb aktivitetet kulturore shqiptare - Medvegja Sot","og_description":"P\u00ebr her\u00eb t\u00eb par\u00eb, K\u00ebshilli Komb\u00ebtar Shqiptar n\u00eb Serbi, me mb\u00ebshtetjen e Ministris\u00eb s\u00eb Turizmit, Kultur\u00ebs dhe Sportit t\u00eb Shqip\u00ebris\u00eb dhe n\u00ebn kujdesin e Ambasad\u00ebs s\u00eb Shqip\u00ebris\u00eb n\u00eb Beograd, po organizon nj\u00eb seri aktivitetesh kulturore, artistike dhe identitare n\u00eb Preshev\u00eb, Bujanoc, Medvegj\u00eb dhe Sanxhak, me rastin e festave t\u00eb N\u00ebntorit. Salla n\u00eb Bujanoc t\u00eb Lugin\u00ebs...","og_url":"https:\/\/medvegjasot.com\/?p=5860","og_site_name":"Medvegja Sot","article_publisher":"https:\/\/www.facebook.com\/MedvegjaSot.com1","article_published_time":"2025-11-30T11:12:10+00:00","article_modified_time":"2025-11-30T11:18:17+00:00","og_image":[{"width":2048,"height":1152,"url":"https:\/\/medvegjasot.com\/wp-content\/uploads\/2025\/11\/photo-output-15.jpeg","type":"image\/jpeg"}],"author":"admin","twitter_card":"summary_large_image","twitter_misc":{"Written by":"admin","Est. reading time":"3 minutes"},"schema":{"@context":"https:\/\/schema.org","@graph":[{"@type":"Article","@id":"https:\/\/medvegjasot.com\/?p=5860#article","isPartOf":{"@id":"https:\/\/medvegjasot.com\/?p=5860"},"author":{"name":"admin","@id":"https:\/\/medvegjasot.com\/#\/schema\/person\/f2be1a84f4e95d0cb032946a1cf2e594"},"headline":"N\u00ebntori n\u00eb Lugin\u00eb: Jehon k\u00ebnga Besa-Bes\u00eb n\u00eb Bujanoc \u2013 Mbi 3,500 pjes\u00ebmarr\u00ebs n\u00eb aktivitetet kulturore shqiptare","datePublished":"2025-11-30T11:12:10+00:00","dateModified":"2025-11-30T11:18:17+00:00","mainEntityOfPage":{"@id":"https:\/\/medvegjasot.com\/?p=5860"},"wordCount":327,"commentCount":0,"publisher":{"@id":"https:\/\/medvegjasot.com\/#organization"},"image":{"@id":"https:\/\/medvegjasot.com\/?p=5860#primaryimage"},"thumbnailUrl":"https:\/\/medvegjasot.com\/wp-content\/uploads\/2025\/11\/photo-output-15.jpeg","articleSection":["KULTUR\u00cb"],"inLanguage":"en-US","potentialAction":[{"@type":"CommentAction","name":"Comment","target":["https:\/\/medvegjasot.com\/?p=5860#respond"]}]},{"@type":"WebPage","@id":"https:\/\/medvegjasot.com\/?p=5860","url":"https:\/\/medvegjasot.com\/?p=5860","name":"N\u00ebntori n\u00eb Lugin\u00eb: Jehon k\u00ebnga Besa-Bes\u00eb n\u00eb Bujanoc \u2013 Mbi 3,500 pjes\u00ebmarr\u00ebs n\u00eb aktivitetet kulturore shqiptare - Medvegja Sot","isPartOf":{"@id":"https:\/\/medvegjasot.com\/#website"},"primaryImageOfPage":{"@id":"https:\/\/medvegjasot.com\/?p=5860#primaryimage"},"image":{"@id":"https:\/\/medvegjasot.com\/?p=5860#primaryimage"},"thumbnailUrl":"https:\/\/medvegjasot.com\/wp-content\/uploads\/2025\/11\/photo-output-15.jpeg","datePublished":"2025-11-30T11:12:10+00:00","dateModified":"2025-11-30T11:18:17+00:00","breadcrumb":{"@id":"https:\/\/medvegjasot.com\/?p=5860#breadcrumb"},"inLanguage":"en-US","potentialAction":[{"@type":"ReadAction","target":["https:\/\/medvegjasot.com\/?p=5860"]}]},{"@type":"ImageObject","inLanguage":"en-US","@id":"https:\/\/medvegjasot.com\/?p=5860#primaryimage","url":"https:\/\/medvegjasot.com\/wp-content\/uploads\/2025\/11\/photo-output-15.jpeg","contentUrl":"https:\/\/medvegjasot.com\/wp-content\/uploads\/2025\/11\/photo-output-15.jpeg","width":2048,"height":1152},{"@type":"BreadcrumbList","@id":"https:\/\/medvegjasot.com\/?p=5860#breadcrumb","itemListElement":[{"@type":"ListItem","position":1,"name":"Home","item":"https:\/\/medvegjasot.com\/"},{"@type":"ListItem","position":2,"name":"N\u00ebntori n\u00eb Lugin\u00eb: Jehon k\u00ebnga Besa-Bes\u00eb n\u00eb Bujanoc \u2013 Mbi 3,500 pjes\u00ebmarr\u00ebs n\u00eb aktivitetet kulturore shqiptare"}]},{"@type":"WebSite","@id":"https:\/\/medvegjasot.com\/#website","url":"https:\/\/medvegjasot.com\/","name":"Medvegja Sot","description":"Portal Lajmesh","publisher":{"@id":"https:\/\/medvegjasot.com\/#organization"},"alternateName":"MS","potentialAction":[{"@type":"SearchAction","target":{"@type":"EntryPoint","urlTemplate":"https:\/\/medvegjasot.com\/?s={search_term_string}"},"query-input":{"@type":"PropertyValueSpecification","valueRequired":true,"valueName":"search_term_string"}}],"inLanguage":"en-US"},{"@type":"Organization","@id":"https:\/\/medvegjasot.com\/#organization","name":"Medvegja Sot","alternateName":"MS","url":"https:\/\/medvegjasot.com\/","logo":{"@type":"ImageObject","inLanguage":"en-US","@id":"https:\/\/medvegjasot.com\/#\/schema\/logo\/image\/","url":"https:\/\/medvegjasot.com\/wp-content\/uploads\/2024\/08\/logo.png","contentUrl":"https:\/\/medvegjasot.com\/wp-content\/uploads\/2024\/08\/logo.png","width":500,"height":500,"caption":"Medvegja Sot"},"image":{"@id":"https:\/\/medvegjasot.com\/#\/schema\/logo\/image\/"},"sameAs":["https:\/\/www.facebook.com\/MedvegjaSot.com1"]},{"@type":"Person","@id":"https:\/\/medvegjasot.com\/#\/schema\/person\/f2be1a84f4e95d0cb032946a1cf2e594","name":"admin","image":{"@type":"ImageObject","inLanguage":"en-US","@id":"https:\/\/secure.gravatar.com\/avatar\/2eedc5259426225ddc6f98b4b6728c30418b83e6f70285719780d3518d972ece?s=96&d=mm&r=g","url":"https:\/\/secure.gravatar.com\/avatar\/2eedc5259426225ddc6f98b4b6728c30418b83e6f70285719780d3518d972ece?s=96&d=mm&r=g","contentUrl":"https:\/\/secure.gravatar.com\/avatar\/2eedc5259426225ddc6f98b4b6728c30418b83e6f70285719780d3518d972ece?s=96&d=mm&r=g","caption":"admin"},"url":"https:\/\/medvegjasot.com\/?author=2"}]}},"jetpack_featured_media_url":"https:\/\/medvegjasot.com\/wp-content\/uploads\/2025\/11\/photo-output-15.jpeg","_links":{"self":[{"href":"https:\/\/medvegjasot.com\/index.php?rest_route=\/wp\/v2\/posts\/5860","targetHints":{"allow":["GET"]}}],"collection":[{"href":"https:\/\/medvegjasot.com\/index.php?rest_route=\/wp\/v2\/posts"}],"about":[{"href":"https:\/\/medvegjasot.com\/index.php?rest_route=\/wp\/v2\/types\/post"}],"author":[{"embeddable":true,"href":"https:\/\/medvegjasot.com\/index.php?rest_route=\/wp\/v2\/users\/2"}],"replies":[{"embeddable":true,"href":"https:\/\/medvegjasot.com\/index.php?rest_route=%2Fwp%2Fv2%2Fcomments&post=5860"}],"version-history":[{"count":3,"href":"https:\/\/medvegjasot.com\/index.php?rest_route=\/wp\/v2\/posts\/5860\/revisions"}],"predecessor-version":[{"id":5871,"href":"https:\/\/medvegjasot.com\/index.php?rest_route=\/wp\/v2\/posts\/5860\/revisions\/5871"}],"wp:featuredmedia":[{"embeddable":true,"href":"https:\/\/medvegjasot.com\/index.php?rest_route=\/wp\/v2\/media\/5861"}],"wp:attachment":[{"href":"https:\/\/medvegjasot.com\/index.php?rest_route=%2Fwp%2Fv2%2Fmedia&parent=5860"}],"wp:term":[{"taxonomy":"category","embeddable":true,"href":"https:\/\/medvegjasot.com\/index.php?rest_route=%2Fwp%2Fv2%2Fcategories&post=5860"},{"taxonomy":"post_tag","embeddable":true,"href":"https:\/\/medvegjasot.com\/index.php?rest_route=%2Fwp%2Fv2%2Ftags&post=5860"}],"curies":[{"name":"wp","href":"https:\/\/api.w.org\/{rel}","templated":true}]}}