{"id":5688,"date":"2025-10-27T08:18:27","date_gmt":"2025-10-27T08:18:27","guid":{"rendered":"https:\/\/medvegjasot.com\/?p=5688"},"modified":"2025-10-27T08:31:52","modified_gmt":"2025-10-27T08:31:52","slug":"ne-presheve-u-mbajt-konferenca-shkencore-per-personalitete-dhe-figura-me-vlera-kombetare","status":"publish","type":"post","link":"https:\/\/medvegjasot.com\/?p=5688","title":{"rendered":"N\u00cb PRESHEV\u00cb U MBAJT KONFERENCA SHKENCORE P\u00cbR PERSONALITETE DHE FIGURA ME VLERA KOMB\u00cbTARE"},"content":{"rendered":"\n<p>N\u00eb datat 25 dhe 26 tetor, n\u00eb Preshev\u00eb u zhvillua Konferenca Shkencore e organizuar nga Shoqata p\u00ebr Trash\u00ebgimi dhe Krijimtari Kulturore Preshev\u00eb, me tem\u00ebn:&nbsp;<em>\u201cPersonalitete dhe figura me vlera shkencore e kulturore shqiptare nga Lugina e Preshev\u00ebs dhe viset e tjera shqiptare\u201d<\/em>.<\/p>\n\n\n\n<p>Ky aktivitet shkencor, q\u00eb u zhvillua n\u00eb nj\u00eb atmosfer\u00eb t\u00eb denj\u00eb akademike, kishte p\u00ebr q\u00ebllim promovimin e identitetit, kultur\u00ebs dhe trash\u00ebgimis\u00eb komb\u00ebtare shqiptare, duke evidentuar figurat e shquara t\u00eb albanologjis\u00eb, etnoarkeologjis\u00eb, let\u00ebrsis\u00eb, folklorit e kultur\u00ebs nga t\u00eb gjitha trevat shqiptare.<\/p>\n\n\n\n<p>N\u00eb konferenc\u00eb mor\u00ebn pjes\u00eb studiues, akademik\u00eb dhe profesor\u00eb nga Presheva, Medvegja, Bujanoci, Shqip\u00ebria, Kosova, Maqedonia e Veriut dhe diaspora.<\/p>\n\n\n\n<figure class=\"wp-block-gallery has-nested-images columns-default is-cropped wp-block-gallery-1 is-layout-flex wp-block-gallery-is-layout-flex\">\n<figure class=\"wp-block-image size-large\"><img fetchpriority=\"high\" decoding=\"async\" width=\"1024\" height=\"473\" data-id=\"5691\" src=\"https:\/\/medvegjasot.com\/wp-content\/uploads\/2025\/10\/att.BPgin-UBj2-4yodab_hwr31D97NALKb3pp1akmdzFi4-1024x473.jpeg\" alt=\"\" class=\"wp-image-5691\" srcset=\"https:\/\/medvegjasot.com\/wp-content\/uploads\/2025\/10\/att.BPgin-UBj2-4yodab_hwr31D97NALKb3pp1akmdzFi4-1024x473.jpeg 1024w, https:\/\/medvegjasot.com\/wp-content\/uploads\/2025\/10\/att.BPgin-UBj2-4yodab_hwr31D97NALKb3pp1akmdzFi4-300x138.jpeg 300w, https:\/\/medvegjasot.com\/wp-content\/uploads\/2025\/10\/att.BPgin-UBj2-4yodab_hwr31D97NALKb3pp1akmdzFi4-768x354.jpeg 768w, https:\/\/medvegjasot.com\/wp-content\/uploads\/2025\/10\/att.BPgin-UBj2-4yodab_hwr31D97NALKb3pp1akmdzFi4-1536x709.jpeg 1536w, https:\/\/medvegjasot.com\/wp-content\/uploads\/2025\/10\/att.BPgin-UBj2-4yodab_hwr31D97NALKb3pp1akmdzFi4.jpeg 2048w\" sizes=\"(max-width: 1024px) 100vw, 1024px\" \/><\/figure>\n<\/figure>\n\n\n\n<p><\/p>\n\n\n\n<p>Ngjarja u nderua me pranin\u00eb e Ambasadorit t\u00eb Republik\u00ebs s\u00eb Shqip\u00ebris\u00eb n\u00eb Serbi, z. Bardhyl Canaj, Shefit t\u00eb Zyr\u00ebs Nd\u00ebrlidh\u00ebse t\u00eb Republik\u00ebs s\u00eb Kosov\u00ebs n\u00eb Serbi, z. Jetish Jashari, Kryetarit t\u00eb K\u00ebshillit Komb\u00ebtar t\u00eb Shqiptar\u00ebve, z. Enkel Rexhepi, si dhe Kryetares s\u00eb Komun\u00ebs s\u00eb Preshev\u00ebs, znj. Ardita Sinani.<\/p>\n\n\n\n<figure class=\"wp-block-gallery has-nested-images columns-default is-cropped wp-block-gallery-2 is-layout-flex wp-block-gallery-is-layout-flex\">\n<figure class=\"wp-block-image size-large\"><img decoding=\"async\" width=\"1024\" height=\"683\" data-id=\"5693\" src=\"https:\/\/medvegjasot.com\/wp-content\/uploads\/2025\/10\/IMG_5639-1024x683.jpeg\" alt=\"\" class=\"wp-image-5693\" srcset=\"https:\/\/medvegjasot.com\/wp-content\/uploads\/2025\/10\/IMG_5639-1024x683.jpeg 1024w, https:\/\/medvegjasot.com\/wp-content\/uploads\/2025\/10\/IMG_5639-300x200.jpeg 300w, https:\/\/medvegjasot.com\/wp-content\/uploads\/2025\/10\/IMG_5639-768x512.jpeg 768w, https:\/\/medvegjasot.com\/wp-content\/uploads\/2025\/10\/IMG_5639-1536x1024.jpeg 1536w, https:\/\/medvegjasot.com\/wp-content\/uploads\/2025\/10\/IMG_5639-600x400.jpeg 600w, https:\/\/medvegjasot.com\/wp-content\/uploads\/2025\/10\/IMG_5639.jpeg 1800w\" sizes=\"(max-width: 1024px) 100vw, 1024px\" \/><\/figure>\n<\/figure>\n\n\n\n<p>Kryetari i Shoqat\u00ebs p\u00ebr Trash\u00ebgimi dhe Krijimtari Kulturore Preshev\u00eb, z. Xhemaledin Salihu, dhe Kryetari i Kuvendit t\u00eb Shoqat\u00ebs, z. Shpejtim Memishi, u vler\u00ebsuan p\u00ebr kontributin e tyre n\u00eb ruajtjen dhe promovimin e trash\u00ebgimis\u00eb shpirt\u00ebrore e kulturore t\u00eb Lugin\u00ebs s\u00eb Preshev\u00ebs, duke bashkuar studiues e p\u00ebrfaq\u00ebsues nga mbar\u00eb hap\u00ebsira shqiptare.<\/p>\n\n\n\n<p>Konferenca u cil\u00ebsua si nj\u00eb ngjarje e r\u00ebnd\u00ebsishme shkencore e komb\u00ebtare, q\u00eb thellon lidhjet kulturore dhe nxit frym\u00ebn e bashk\u00ebpunimit n\u00eb fush\u00ebn e studimeve shqiptare.<\/p>\n","protected":false},"excerpt":{"rendered":"<p>N\u00eb datat 25 dhe 26 tetor, n\u00eb Preshev\u00eb u zhvillua Konferenca Shkencore e organizuar nga Shoqata p\u00ebr Trash\u00ebgimi dhe Krijimtari Kulturore Preshev\u00eb, me tem\u00ebn:&nbsp;\u201cPersonalitete dhe figura me vlera shkencore e kulturore shqiptare nga Lugina e Preshev\u00ebs dhe viset e tjera shqiptare\u201d. Ky aktivitet shkencor, q\u00eb u zhvillua n\u00eb nj\u00eb atmosfer\u00eb t\u00eb denj\u00eb akademike, kishte p\u00ebr&#8230;<\/p>\n","protected":false},"author":2,"featured_media":5689,"comment_status":"open","ping_status":"open","sticky":false,"template":"","format":"standard","meta":{"_coblocks_attr":"","_coblocks_dimensions":"","_coblocks_responsive_height":"","_coblocks_accordion_ie_support":"","_monsterinsights_skip_tracking":false,"_monsterinsights_sitenote_active":false,"_monsterinsights_sitenote_note":"","_monsterinsights_sitenote_category":0,"footnotes":""},"categories":[18],"tags":[],"class_list":["post-5688","post","type-post","status-publish","format-standard","has-post-thumbnail","hentry","category-kulture"],"yoast_head":"<!-- This site is optimized with the Yoast SEO plugin v27.5 - https:\/\/yoast.com\/product\/yoast-seo-wordpress\/ -->\n<title>N\u00cb PRESHEV\u00cb U MBAJT KONFERENCA SHKENCORE P\u00cbR PERSONALITETE DHE FIGURA ME VLERA KOMB\u00cbTARE - Medvegja Sot<\/title>\n<meta name=\"robots\" content=\"index, follow, max-snippet:-1, max-image-preview:large, max-video-preview:-1\" \/>\n<link rel=\"canonical\" href=\"https:\/\/medvegjasot.com\/?p=5688\" \/>\n<meta property=\"og:locale\" content=\"en_US\" \/>\n<meta property=\"og:type\" content=\"article\" \/>\n<meta property=\"og:title\" content=\"N\u00cb PRESHEV\u00cb U MBAJT KONFERENCA SHKENCORE P\u00cbR PERSONALITETE DHE FIGURA ME VLERA KOMB\u00cbTARE - Medvegja Sot\" \/>\n<meta property=\"og:description\" content=\"N\u00eb datat 25 dhe 26 tetor, n\u00eb Preshev\u00eb u zhvillua Konferenca Shkencore e organizuar nga Shoqata p\u00ebr Trash\u00ebgimi dhe Krijimtari Kulturore Preshev\u00eb, me tem\u00ebn:&nbsp;\u201cPersonalitete dhe figura me vlera shkencore e kulturore shqiptare nga Lugina e Preshev\u00ebs dhe viset e tjera shqiptare\u201d. Ky aktivitet shkencor, q\u00eb u zhvillua n\u00eb nj\u00eb atmosfer\u00eb t\u00eb denj\u00eb akademike, kishte p\u00ebr...\" \/>\n<meta property=\"og:url\" content=\"https:\/\/medvegjasot.com\/?p=5688\" \/>\n<meta property=\"og:site_name\" content=\"Medvegja Sot\" \/>\n<meta property=\"article:publisher\" content=\"https:\/\/www.facebook.com\/MedvegjaSot.com1\" \/>\n<meta property=\"article:published_time\" content=\"2025-10-27T08:18:27+00:00\" \/>\n<meta property=\"article:modified_time\" content=\"2025-10-27T08:31:52+00:00\" \/>\n<meta property=\"og:image\" content=\"https:\/\/medvegjasot.com\/wp-content\/uploads\/2025\/10\/photo-output-14.jpeg\" \/>\n\t<meta property=\"og:image:width\" content=\"2048\" \/>\n\t<meta property=\"og:image:height\" content=\"1152\" \/>\n\t<meta property=\"og:image:type\" content=\"image\/jpeg\" \/>\n<meta name=\"author\" content=\"admin\" \/>\n<meta name=\"twitter:card\" content=\"summary_large_image\" \/>\n<meta name=\"twitter:label1\" content=\"Written by\" \/>\n\t<meta name=\"twitter:data1\" content=\"admin\" \/>\n\t<meta name=\"twitter:label2\" content=\"Est. reading time\" \/>\n\t<meta name=\"twitter:data2\" content=\"2 minutes\" \/>\n<script type=\"application\/ld+json\" class=\"yoast-schema-graph\">{\"@context\":\"https:\\\/\\\/schema.org\",\"@graph\":[{\"@type\":\"Article\",\"@id\":\"https:\\\/\\\/medvegjasot.com\\\/?p=5688#article\",\"isPartOf\":{\"@id\":\"https:\\\/\\\/medvegjasot.com\\\/?p=5688\"},\"author\":{\"name\":\"admin\",\"@id\":\"https:\\\/\\\/medvegjasot.com\\\/#\\\/schema\\\/person\\\/f2be1a84f4e95d0cb032946a1cf2e594\"},\"headline\":\"N\u00cb PRESHEV\u00cb U MBAJT KONFERENCA SHKENCORE P\u00cbR PERSONALITETE DHE FIGURA ME VLERA KOMB\u00cbTARE\",\"datePublished\":\"2025-10-27T08:18:27+00:00\",\"dateModified\":\"2025-10-27T08:31:52+00:00\",\"mainEntityOfPage\":{\"@id\":\"https:\\\/\\\/medvegjasot.com\\\/?p=5688\"},\"wordCount\":282,\"commentCount\":0,\"publisher\":{\"@id\":\"https:\\\/\\\/medvegjasot.com\\\/#organization\"},\"image\":{\"@id\":\"https:\\\/\\\/medvegjasot.com\\\/?p=5688#primaryimage\"},\"thumbnailUrl\":\"https:\\\/\\\/medvegjasot.com\\\/wp-content\\\/uploads\\\/2025\\\/10\\\/photo-output-14.jpeg\",\"articleSection\":[\"KULTUR\u00cb\"],\"inLanguage\":\"en-US\",\"potentialAction\":[{\"@type\":\"CommentAction\",\"name\":\"Comment\",\"target\":[\"https:\\\/\\\/medvegjasot.com\\\/?p=5688#respond\"]}]},{\"@type\":\"WebPage\",\"@id\":\"https:\\\/\\\/medvegjasot.com\\\/?p=5688\",\"url\":\"https:\\\/\\\/medvegjasot.com\\\/?p=5688\",\"name\":\"N\u00cb PRESHEV\u00cb U MBAJT KONFERENCA SHKENCORE P\u00cbR PERSONALITETE DHE FIGURA ME VLERA KOMB\u00cbTARE - Medvegja Sot\",\"isPartOf\":{\"@id\":\"https:\\\/\\\/medvegjasot.com\\\/#website\"},\"primaryImageOfPage\":{\"@id\":\"https:\\\/\\\/medvegjasot.com\\\/?p=5688#primaryimage\"},\"image\":{\"@id\":\"https:\\\/\\\/medvegjasot.com\\\/?p=5688#primaryimage\"},\"thumbnailUrl\":\"https:\\\/\\\/medvegjasot.com\\\/wp-content\\\/uploads\\\/2025\\\/10\\\/photo-output-14.jpeg\",\"datePublished\":\"2025-10-27T08:18:27+00:00\",\"dateModified\":\"2025-10-27T08:31:52+00:00\",\"breadcrumb\":{\"@id\":\"https:\\\/\\\/medvegjasot.com\\\/?p=5688#breadcrumb\"},\"inLanguage\":\"en-US\",\"potentialAction\":[{\"@type\":\"ReadAction\",\"target\":[\"https:\\\/\\\/medvegjasot.com\\\/?p=5688\"]}]},{\"@type\":\"ImageObject\",\"inLanguage\":\"en-US\",\"@id\":\"https:\\\/\\\/medvegjasot.com\\\/?p=5688#primaryimage\",\"url\":\"https:\\\/\\\/medvegjasot.com\\\/wp-content\\\/uploads\\\/2025\\\/10\\\/photo-output-14.jpeg\",\"contentUrl\":\"https:\\\/\\\/medvegjasot.com\\\/wp-content\\\/uploads\\\/2025\\\/10\\\/photo-output-14.jpeg\",\"width\":2048,\"height\":1152},{\"@type\":\"BreadcrumbList\",\"@id\":\"https:\\\/\\\/medvegjasot.com\\\/?p=5688#breadcrumb\",\"itemListElement\":[{\"@type\":\"ListItem\",\"position\":1,\"name\":\"Home\",\"item\":\"https:\\\/\\\/medvegjasot.com\\\/\"},{\"@type\":\"ListItem\",\"position\":2,\"name\":\"N\u00cb PRESHEV\u00cb U MBAJT KONFERENCA SHKENCORE P\u00cbR PERSONALITETE DHE FIGURA ME VLERA KOMB\u00cbTARE\"}]},{\"@type\":\"WebSite\",\"@id\":\"https:\\\/\\\/medvegjasot.com\\\/#website\",\"url\":\"https:\\\/\\\/medvegjasot.com\\\/\",\"name\":\"Medvegja Sot\",\"description\":\"Portal Lajmesh\",\"publisher\":{\"@id\":\"https:\\\/\\\/medvegjasot.com\\\/#organization\"},\"alternateName\":\"MS\",\"potentialAction\":[{\"@type\":\"SearchAction\",\"target\":{\"@type\":\"EntryPoint\",\"urlTemplate\":\"https:\\\/\\\/medvegjasot.com\\\/?s={search_term_string}\"},\"query-input\":{\"@type\":\"PropertyValueSpecification\",\"valueRequired\":true,\"valueName\":\"search_term_string\"}}],\"inLanguage\":\"en-US\"},{\"@type\":\"Organization\",\"@id\":\"https:\\\/\\\/medvegjasot.com\\\/#organization\",\"name\":\"Medvegja Sot\",\"alternateName\":\"MS\",\"url\":\"https:\\\/\\\/medvegjasot.com\\\/\",\"logo\":{\"@type\":\"ImageObject\",\"inLanguage\":\"en-US\",\"@id\":\"https:\\\/\\\/medvegjasot.com\\\/#\\\/schema\\\/logo\\\/image\\\/\",\"url\":\"https:\\\/\\\/medvegjasot.com\\\/wp-content\\\/uploads\\\/2024\\\/08\\\/logo.png\",\"contentUrl\":\"https:\\\/\\\/medvegjasot.com\\\/wp-content\\\/uploads\\\/2024\\\/08\\\/logo.png\",\"width\":500,\"height\":500,\"caption\":\"Medvegja Sot\"},\"image\":{\"@id\":\"https:\\\/\\\/medvegjasot.com\\\/#\\\/schema\\\/logo\\\/image\\\/\"},\"sameAs\":[\"https:\\\/\\\/www.facebook.com\\\/MedvegjaSot.com1\"]},{\"@type\":\"Person\",\"@id\":\"https:\\\/\\\/medvegjasot.com\\\/#\\\/schema\\\/person\\\/f2be1a84f4e95d0cb032946a1cf2e594\",\"name\":\"admin\",\"image\":{\"@type\":\"ImageObject\",\"inLanguage\":\"en-US\",\"@id\":\"https:\\\/\\\/secure.gravatar.com\\\/avatar\\\/2eedc5259426225ddc6f98b4b6728c30418b83e6f70285719780d3518d972ece?s=96&d=mm&r=g\",\"url\":\"https:\\\/\\\/secure.gravatar.com\\\/avatar\\\/2eedc5259426225ddc6f98b4b6728c30418b83e6f70285719780d3518d972ece?s=96&d=mm&r=g\",\"contentUrl\":\"https:\\\/\\\/secure.gravatar.com\\\/avatar\\\/2eedc5259426225ddc6f98b4b6728c30418b83e6f70285719780d3518d972ece?s=96&d=mm&r=g\",\"caption\":\"admin\"},\"url\":\"https:\\\/\\\/medvegjasot.com\\\/?author=2\"}]}<\/script>\n<!-- \/ Yoast SEO plugin. -->","yoast_head_json":{"title":"N\u00cb PRESHEV\u00cb U MBAJT KONFERENCA SHKENCORE P\u00cbR PERSONALITETE DHE FIGURA ME VLERA KOMB\u00cbTARE - Medvegja Sot","robots":{"index":"index","follow":"follow","max-snippet":"max-snippet:-1","max-image-preview":"max-image-preview:large","max-video-preview":"max-video-preview:-1"},"canonical":"https:\/\/medvegjasot.com\/?p=5688","og_locale":"en_US","og_type":"article","og_title":"N\u00cb PRESHEV\u00cb U MBAJT KONFERENCA SHKENCORE P\u00cbR PERSONALITETE DHE FIGURA ME VLERA KOMB\u00cbTARE - Medvegja Sot","og_description":"N\u00eb datat 25 dhe 26 tetor, n\u00eb Preshev\u00eb u zhvillua Konferenca Shkencore e organizuar nga Shoqata p\u00ebr Trash\u00ebgimi dhe Krijimtari Kulturore Preshev\u00eb, me tem\u00ebn:&nbsp;\u201cPersonalitete dhe figura me vlera shkencore e kulturore shqiptare nga Lugina e Preshev\u00ebs dhe viset e tjera shqiptare\u201d. Ky aktivitet shkencor, q\u00eb u zhvillua n\u00eb nj\u00eb atmosfer\u00eb t\u00eb denj\u00eb akademike, kishte p\u00ebr...","og_url":"https:\/\/medvegjasot.com\/?p=5688","og_site_name":"Medvegja Sot","article_publisher":"https:\/\/www.facebook.com\/MedvegjaSot.com1","article_published_time":"2025-10-27T08:18:27+00:00","article_modified_time":"2025-10-27T08:31:52+00:00","og_image":[{"width":2048,"height":1152,"url":"https:\/\/medvegjasot.com\/wp-content\/uploads\/2025\/10\/photo-output-14.jpeg","type":"image\/jpeg"}],"author":"admin","twitter_card":"summary_large_image","twitter_misc":{"Written by":"admin","Est. reading time":"2 minutes"},"schema":{"@context":"https:\/\/schema.org","@graph":[{"@type":"Article","@id":"https:\/\/medvegjasot.com\/?p=5688#article","isPartOf":{"@id":"https:\/\/medvegjasot.com\/?p=5688"},"author":{"name":"admin","@id":"https:\/\/medvegjasot.com\/#\/schema\/person\/f2be1a84f4e95d0cb032946a1cf2e594"},"headline":"N\u00cb PRESHEV\u00cb U MBAJT KONFERENCA SHKENCORE P\u00cbR PERSONALITETE DHE FIGURA ME VLERA KOMB\u00cbTARE","datePublished":"2025-10-27T08:18:27+00:00","dateModified":"2025-10-27T08:31:52+00:00","mainEntityOfPage":{"@id":"https:\/\/medvegjasot.com\/?p=5688"},"wordCount":282,"commentCount":0,"publisher":{"@id":"https:\/\/medvegjasot.com\/#organization"},"image":{"@id":"https:\/\/medvegjasot.com\/?p=5688#primaryimage"},"thumbnailUrl":"https:\/\/medvegjasot.com\/wp-content\/uploads\/2025\/10\/photo-output-14.jpeg","articleSection":["KULTUR\u00cb"],"inLanguage":"en-US","potentialAction":[{"@type":"CommentAction","name":"Comment","target":["https:\/\/medvegjasot.com\/?p=5688#respond"]}]},{"@type":"WebPage","@id":"https:\/\/medvegjasot.com\/?p=5688","url":"https:\/\/medvegjasot.com\/?p=5688","name":"N\u00cb PRESHEV\u00cb U MBAJT KONFERENCA SHKENCORE P\u00cbR PERSONALITETE DHE FIGURA ME VLERA KOMB\u00cbTARE - Medvegja Sot","isPartOf":{"@id":"https:\/\/medvegjasot.com\/#website"},"primaryImageOfPage":{"@id":"https:\/\/medvegjasot.com\/?p=5688#primaryimage"},"image":{"@id":"https:\/\/medvegjasot.com\/?p=5688#primaryimage"},"thumbnailUrl":"https:\/\/medvegjasot.com\/wp-content\/uploads\/2025\/10\/photo-output-14.jpeg","datePublished":"2025-10-27T08:18:27+00:00","dateModified":"2025-10-27T08:31:52+00:00","breadcrumb":{"@id":"https:\/\/medvegjasot.com\/?p=5688#breadcrumb"},"inLanguage":"en-US","potentialAction":[{"@type":"ReadAction","target":["https:\/\/medvegjasot.com\/?p=5688"]}]},{"@type":"ImageObject","inLanguage":"en-US","@id":"https:\/\/medvegjasot.com\/?p=5688#primaryimage","url":"https:\/\/medvegjasot.com\/wp-content\/uploads\/2025\/10\/photo-output-14.jpeg","contentUrl":"https:\/\/medvegjasot.com\/wp-content\/uploads\/2025\/10\/photo-output-14.jpeg","width":2048,"height":1152},{"@type":"BreadcrumbList","@id":"https:\/\/medvegjasot.com\/?p=5688#breadcrumb","itemListElement":[{"@type":"ListItem","position":1,"name":"Home","item":"https:\/\/medvegjasot.com\/"},{"@type":"ListItem","position":2,"name":"N\u00cb PRESHEV\u00cb U MBAJT KONFERENCA SHKENCORE P\u00cbR PERSONALITETE DHE FIGURA ME VLERA KOMB\u00cbTARE"}]},{"@type":"WebSite","@id":"https:\/\/medvegjasot.com\/#website","url":"https:\/\/medvegjasot.com\/","name":"Medvegja Sot","description":"Portal Lajmesh","publisher":{"@id":"https:\/\/medvegjasot.com\/#organization"},"alternateName":"MS","potentialAction":[{"@type":"SearchAction","target":{"@type":"EntryPoint","urlTemplate":"https:\/\/medvegjasot.com\/?s={search_term_string}"},"query-input":{"@type":"PropertyValueSpecification","valueRequired":true,"valueName":"search_term_string"}}],"inLanguage":"en-US"},{"@type":"Organization","@id":"https:\/\/medvegjasot.com\/#organization","name":"Medvegja Sot","alternateName":"MS","url":"https:\/\/medvegjasot.com\/","logo":{"@type":"ImageObject","inLanguage":"en-US","@id":"https:\/\/medvegjasot.com\/#\/schema\/logo\/image\/","url":"https:\/\/medvegjasot.com\/wp-content\/uploads\/2024\/08\/logo.png","contentUrl":"https:\/\/medvegjasot.com\/wp-content\/uploads\/2024\/08\/logo.png","width":500,"height":500,"caption":"Medvegja Sot"},"image":{"@id":"https:\/\/medvegjasot.com\/#\/schema\/logo\/image\/"},"sameAs":["https:\/\/www.facebook.com\/MedvegjaSot.com1"]},{"@type":"Person","@id":"https:\/\/medvegjasot.com\/#\/schema\/person\/f2be1a84f4e95d0cb032946a1cf2e594","name":"admin","image":{"@type":"ImageObject","inLanguage":"en-US","@id":"https:\/\/secure.gravatar.com\/avatar\/2eedc5259426225ddc6f98b4b6728c30418b83e6f70285719780d3518d972ece?s=96&d=mm&r=g","url":"https:\/\/secure.gravatar.com\/avatar\/2eedc5259426225ddc6f98b4b6728c30418b83e6f70285719780d3518d972ece?s=96&d=mm&r=g","contentUrl":"https:\/\/secure.gravatar.com\/avatar\/2eedc5259426225ddc6f98b4b6728c30418b83e6f70285719780d3518d972ece?s=96&d=mm&r=g","caption":"admin"},"url":"https:\/\/medvegjasot.com\/?author=2"}]}},"jetpack_featured_media_url":"https:\/\/medvegjasot.com\/wp-content\/uploads\/2025\/10\/photo-output-14.jpeg","_links":{"self":[{"href":"https:\/\/medvegjasot.com\/index.php?rest_route=\/wp\/v2\/posts\/5688","targetHints":{"allow":["GET"]}}],"collection":[{"href":"https:\/\/medvegjasot.com\/index.php?rest_route=\/wp\/v2\/posts"}],"about":[{"href":"https:\/\/medvegjasot.com\/index.php?rest_route=\/wp\/v2\/types\/post"}],"author":[{"embeddable":true,"href":"https:\/\/medvegjasot.com\/index.php?rest_route=\/wp\/v2\/users\/2"}],"replies":[{"embeddable":true,"href":"https:\/\/medvegjasot.com\/index.php?rest_route=%2Fwp%2Fv2%2Fcomments&post=5688"}],"version-history":[{"count":3,"href":"https:\/\/medvegjasot.com\/index.php?rest_route=\/wp\/v2\/posts\/5688\/revisions"}],"predecessor-version":[{"id":5694,"href":"https:\/\/medvegjasot.com\/index.php?rest_route=\/wp\/v2\/posts\/5688\/revisions\/5694"}],"wp:featuredmedia":[{"embeddable":true,"href":"https:\/\/medvegjasot.com\/index.php?rest_route=\/wp\/v2\/media\/5689"}],"wp:attachment":[{"href":"https:\/\/medvegjasot.com\/index.php?rest_route=%2Fwp%2Fv2%2Fmedia&parent=5688"}],"wp:term":[{"taxonomy":"category","embeddable":true,"href":"https:\/\/medvegjasot.com\/index.php?rest_route=%2Fwp%2Fv2%2Fcategories&post=5688"},{"taxonomy":"post_tag","embeddable":true,"href":"https:\/\/medvegjasot.com\/index.php?rest_route=%2Fwp%2Fv2%2Ftags&post=5688"}],"curies":[{"name":"wp","href":"https:\/\/api.w.org\/{rel}","templated":true}]}}