{"id":5663,"date":"2025-10-18T04:55:30","date_gmt":"2025-10-18T04:55:30","guid":{"rendered":"https:\/\/medvegjasot.com\/?p=5663"},"modified":"2025-10-18T09:27:33","modified_gmt":"2025-10-18T09:27:33","slug":"pamje-nga-protesta-ne-tirane-ne-mbeshtetje-te-krereve-te-uck-se","status":"publish","type":"post","link":"https:\/\/medvegjasot.com\/?p=5663","title":{"rendered":"PAMJE NGA PROTESTA N\u00cb TIRAN\u00cb N\u00cb MB\u00cbSHTETJE T\u00cb KRER\u00cbVE T\u00cb U\u00c7K-s\u00eb"},"content":{"rendered":"\n<p>Sot n\u00eb Tiran\u00eb u mbajt nj\u00eb protest\u00eb madh\u00ebshtore n\u00eb mb\u00ebshtetje t\u00eb ish-krer\u00ebve t\u00eb Ushtris\u00eb \u00c7lirimtare t\u00eb Kosov\u00ebs (U\u00c7K), t\u00eb cil\u00ebt po gjykohen n\u00eb Hag\u00eb. Qindra qytetar\u00eb nga t\u00eb gjitha trevat shqiptare, p\u00ebrfshir\u00eb edhe nga Lugina e Preshev\u00ebs, u bashkuan n\u00eb kryeqytet duke mbajtur flamuj komb\u00ebtar\u00eb dhe simbole t\u00eb U\u00c7K-s\u00eb.<\/p>\n\n\n\n<figure class=\"wp-block-gallery has-nested-images columns-default is-cropped wp-block-gallery-1 is-layout-flex wp-block-gallery-is-layout-flex\">\n<figure class=\"wp-block-image size-large\"><img fetchpriority=\"high\" decoding=\"async\" width=\"1024\" height=\"576\" data-id=\"5666\" src=\"https:\/\/medvegjasot.com\/wp-content\/uploads\/2025\/10\/IMG_5006-1024x576.jpeg\" alt=\"\" class=\"wp-image-5666\" srcset=\"https:\/\/medvegjasot.com\/wp-content\/uploads\/2025\/10\/IMG_5006-1024x576.jpeg 1024w, https:\/\/medvegjasot.com\/wp-content\/uploads\/2025\/10\/IMG_5006-300x169.jpeg 300w, https:\/\/medvegjasot.com\/wp-content\/uploads\/2025\/10\/IMG_5006-768x432.jpeg 768w, https:\/\/medvegjasot.com\/wp-content\/uploads\/2025\/10\/IMG_5006-1536x864.jpeg 1536w, https:\/\/medvegjasot.com\/wp-content\/uploads\/2025\/10\/IMG_5006.jpeg 1600w\" sizes=\"(max-width: 1024px) 100vw, 1024px\" \/><\/figure>\n<\/figure>\n\n\n\n<p>Protestuesit k\u00ebrkuan drejt\u00ebsi p\u00ebr luft\u00ebn \u00e7lirimtare dhe lirimin e menj\u00ebhersh\u00ebm t\u00eb t\u00eb akuzuarve, duke theksuar se U\u00c7K-ja p\u00ebrfaq\u00ebsonte rezistenc\u00ebn e drejt\u00eb t\u00eb popullit shqiptar p\u00ebr liri dhe pavar\u00ebsi.<\/p>\n\n\n\n<p>N\u00eb duar mbanin pankarta me mbishkrime si \u201cLiria nuk gjykohet\u201d, \u201cKrenar\u00eb p\u00ebr U\u00c7K-n\u00eb\u201d dhe \u201cDrejt\u00ebsi p\u00ebr heronjt\u00eb tan\u00eb\u201d, nd\u00ebrsa thirrjet \u201cU\u00c7K! U\u00c7K!\u201d jehonin n\u00eb shesh.<\/p>\n\n\n\n<figure class=\"wp-block-gallery has-nested-images columns-default is-cropped wp-block-gallery-2 is-layout-flex wp-block-gallery-is-layout-flex\">\n<figure class=\"wp-block-image size-large\"><img decoding=\"async\" width=\"1024\" height=\"572\" data-id=\"5672\" src=\"https:\/\/medvegjasot.com\/wp-content\/uploads\/2025\/10\/IMG_5016-1024x572.jpeg\" alt=\"\" class=\"wp-image-5672\" srcset=\"https:\/\/medvegjasot.com\/wp-content\/uploads\/2025\/10\/IMG_5016-1024x572.jpeg 1024w, https:\/\/medvegjasot.com\/wp-content\/uploads\/2025\/10\/IMG_5016-300x167.jpeg 300w, https:\/\/medvegjasot.com\/wp-content\/uploads\/2025\/10\/IMG_5016-768x429.jpeg 768w, https:\/\/medvegjasot.com\/wp-content\/uploads\/2025\/10\/IMG_5016-1536x857.jpeg 1536w, https:\/\/medvegjasot.com\/wp-content\/uploads\/2025\/10\/IMG_5016.jpeg 2048w\" sizes=\"(max-width: 1024px) 100vw, 1024px\" \/><\/figure>\n<\/figure>\n\n\n\n<p>N\u00eb protest\u00eb mor\u00ebn pjes\u00eb edhe figura publike, ish-luft\u00ebtar\u00eb dhe aktivist\u00eb t\u00eb njohur, t\u00eb cil\u00ebt k\u00ebrkuan q\u00eb institucionet shqiptare e kosovare t\u00eb jen\u00eb m\u00eb aktive n\u00eb mbrojtjen e drejt\u00ebsis\u00eb p\u00ebr luft\u00ebn \u00e7lirimtare.<\/p>\n\n\n\n<figure class=\"wp-block-gallery has-nested-images columns-default is-cropped wp-block-gallery-3 is-layout-flex wp-block-gallery-is-layout-flex\">\n<figure class=\"wp-block-image size-large\"><img decoding=\"async\" width=\"1024\" height=\"575\" data-id=\"5673\" src=\"https:\/\/medvegjasot.com\/wp-content\/uploads\/2025\/10\/IMG_5015-1024x575.jpeg\" alt=\"\" class=\"wp-image-5673\" srcset=\"https:\/\/medvegjasot.com\/wp-content\/uploads\/2025\/10\/IMG_5015-1024x575.jpeg 1024w, https:\/\/medvegjasot.com\/wp-content\/uploads\/2025\/10\/IMG_5015-300x168.jpeg 300w, https:\/\/medvegjasot.com\/wp-content\/uploads\/2025\/10\/IMG_5015-768x431.jpeg 768w, https:\/\/medvegjasot.com\/wp-content\/uploads\/2025\/10\/IMG_5015.jpeg 1500w\" sizes=\"(max-width: 1024px) 100vw, 1024px\" \/><\/figure>\n<\/figure>\n\n\n\n<p>Protesta nisi me Himnin Komb\u00ebtar dhe u shoq\u00ebrua me thirrje p\u00ebr unitet dhe drejt\u00ebsi p\u00ebr luft\u00ebn \u00e7lirimtare. N\u00eb fjalimet e mbajtura, figura t\u00eb njohura politike dhe shoq\u00ebrore theksuan karakterin e drejt\u00eb t\u00eb luft\u00ebs s\u00eb U\u00c7K-s\u00eb dhe k\u00ebrkuan q\u00eb drejt\u00ebsia nd\u00ebrkomb\u00ebtare t\u00eb njoh\u00eb t\u00eb v\u00ebrtet\u00ebn historike t\u00eb popullit shqiptar.<\/p>\n\n\n\n<figure class=\"wp-block-gallery has-nested-images columns-default is-cropped wp-block-gallery-4 is-layout-flex wp-block-gallery-is-layout-flex\">\n<figure class=\"wp-block-image size-large\"><img loading=\"lazy\" decoding=\"async\" width=\"1024\" height=\"683\" data-id=\"5675\" src=\"https:\/\/medvegjasot.com\/wp-content\/uploads\/2025\/10\/IMG_5017-1024x683.jpeg\" alt=\"\" class=\"wp-image-5675\" srcset=\"https:\/\/medvegjasot.com\/wp-content\/uploads\/2025\/10\/IMG_5017-1024x683.jpeg 1024w, https:\/\/medvegjasot.com\/wp-content\/uploads\/2025\/10\/IMG_5017-300x200.jpeg 300w, https:\/\/medvegjasot.com\/wp-content\/uploads\/2025\/10\/IMG_5017-768x512.jpeg 768w, https:\/\/medvegjasot.com\/wp-content\/uploads\/2025\/10\/IMG_5017-1536x1025.jpeg 1536w, https:\/\/medvegjasot.com\/wp-content\/uploads\/2025\/10\/IMG_5017-600x400.jpeg 600w, https:\/\/medvegjasot.com\/wp-content\/uploads\/2025\/10\/IMG_5017.jpeg 1800w\" sizes=\"(max-width: 1024px) 100vw, 1024px\" \/><\/figure>\n<\/figure>\n\n\n\n<p>Ali Ahmeti i quajti akuzat ndaj Tha\u00e7it, Veselit, Krasniqit e Selimit \u201ctrillime ruso-serbe\u201d, nd\u00ebrsa ish-presidenti Alfred Moisiu deklaroi se \u201cish-krer\u00ebt e U\u00c7K-s\u00eb jan\u00eb t\u00eb burgosur pa prova\u201d. Rushdi Ke\u00e7i theksoi se U\u00c7K ishte \u201cushtri e nj\u00eb populli t\u00eb shtypur\u201d, dhe Hysni Gucati tha se \u201cGjykata Speciale ka humbur \u00e7do besim te shqiptar\u00ebt\u201d.<\/p>\n\n\n\n<p>Tubimi kaloi i qet\u00eb, me mesazhe t\u00eb qarta uniteti komb\u00ebtar dhe solidariteti p\u00ebr t\u00eb gjith\u00eb ata q\u00eb mbrojt\u00ebn lirin\u00eb e Kosov\u00ebs. <br><\/p>\n\n\n\n<p>Shkruan <strong>Rrahman Hyseni<\/strong><\/p>\n\n\n\n<p><br><\/p>\n\n\n\n<p><\/p>\n","protected":false},"excerpt":{"rendered":"<p>Sot n\u00eb Tiran\u00eb u mbajt nj\u00eb protest\u00eb madh\u00ebshtore n\u00eb mb\u00ebshtetje t\u00eb ish-krer\u00ebve t\u00eb Ushtris\u00eb \u00c7lirimtare t\u00eb Kosov\u00ebs (U\u00c7K), t\u00eb cil\u00ebt po gjykohen n\u00eb Hag\u00eb. Qindra qytetar\u00eb nga t\u00eb gjitha trevat shqiptare, p\u00ebrfshir\u00eb edhe nga Lugina e Preshev\u00ebs, u bashkuan n\u00eb kryeqytet duke mbajtur flamuj komb\u00ebtar\u00eb dhe simbole t\u00eb U\u00c7K-s\u00eb. Protestuesit k\u00ebrkuan drejt\u00ebsi p\u00ebr luft\u00ebn \u00e7lirimtare&#8230;<\/p>\n","protected":false},"author":2,"featured_media":5665,"comment_status":"open","ping_status":"open","sticky":false,"template":"","format":"standard","meta":{"_coblocks_attr":"","_coblocks_dimensions":"","_coblocks_responsive_height":"","_coblocks_accordion_ie_support":"","_monsterinsights_skip_tracking":false,"_monsterinsights_sitenote_active":false,"_monsterinsights_sitenote_note":"","_monsterinsights_sitenote_category":0,"footnotes":""},"categories":[14],"tags":[],"class_list":["post-5663","post","type-post","status-publish","format-standard","has-post-thumbnail","hentry","category-lajme"],"yoast_head":"<!-- This site is optimized with the Yoast SEO plugin v27.5 - https:\/\/yoast.com\/product\/yoast-seo-wordpress\/ -->\n<title>PAMJE NGA PROTESTA N\u00cb TIRAN\u00cb N\u00cb MB\u00cbSHTETJE T\u00cb KRER\u00cbVE T\u00cb U\u00c7K-s\u00eb - Medvegja Sot<\/title>\n<meta name=\"robots\" content=\"index, follow, max-snippet:-1, max-image-preview:large, max-video-preview:-1\" \/>\n<link rel=\"canonical\" href=\"https:\/\/medvegjasot.com\/?p=5663\" \/>\n<meta property=\"og:locale\" content=\"en_US\" \/>\n<meta property=\"og:type\" content=\"article\" \/>\n<meta property=\"og:title\" content=\"PAMJE NGA PROTESTA N\u00cb TIRAN\u00cb N\u00cb MB\u00cbSHTETJE T\u00cb KRER\u00cbVE T\u00cb U\u00c7K-s\u00eb - Medvegja Sot\" \/>\n<meta property=\"og:description\" content=\"Sot n\u00eb Tiran\u00eb u mbajt nj\u00eb protest\u00eb madh\u00ebshtore n\u00eb mb\u00ebshtetje t\u00eb ish-krer\u00ebve t\u00eb Ushtris\u00eb \u00c7lirimtare t\u00eb Kosov\u00ebs (U\u00c7K), t\u00eb cil\u00ebt po gjykohen n\u00eb Hag\u00eb. Qindra qytetar\u00eb nga t\u00eb gjitha trevat shqiptare, p\u00ebrfshir\u00eb edhe nga Lugina e Preshev\u00ebs, u bashkuan n\u00eb kryeqytet duke mbajtur flamuj komb\u00ebtar\u00eb dhe simbole t\u00eb U\u00c7K-s\u00eb. Protestuesit k\u00ebrkuan drejt\u00ebsi p\u00ebr luft\u00ebn \u00e7lirimtare...\" \/>\n<meta property=\"og:url\" content=\"https:\/\/medvegjasot.com\/?p=5663\" \/>\n<meta property=\"og:site_name\" content=\"Medvegja Sot\" \/>\n<meta property=\"article:publisher\" content=\"https:\/\/www.facebook.com\/MedvegjaSot.com1\" \/>\n<meta property=\"article:published_time\" content=\"2025-10-18T04:55:30+00:00\" \/>\n<meta property=\"article:modified_time\" content=\"2025-10-18T09:27:33+00:00\" \/>\n<meta property=\"og:image\" content=\"https:\/\/medvegjasot.com\/wp-content\/uploads\/2025\/10\/photo-output-11.jpeg\" \/>\n\t<meta property=\"og:image:width\" content=\"2048\" \/>\n\t<meta property=\"og:image:height\" content=\"1152\" \/>\n\t<meta property=\"og:image:type\" content=\"image\/jpeg\" \/>\n<meta name=\"author\" content=\"admin\" \/>\n<meta name=\"twitter:card\" content=\"summary_large_image\" \/>\n<meta name=\"twitter:label1\" content=\"Written by\" \/>\n\t<meta name=\"twitter:data1\" content=\"admin\" \/>\n\t<meta name=\"twitter:label2\" content=\"Est. reading time\" \/>\n\t<meta name=\"twitter:data2\" content=\"3 minutes\" \/>\n<script type=\"application\/ld+json\" class=\"yoast-schema-graph\">{\"@context\":\"https:\\\/\\\/schema.org\",\"@graph\":[{\"@type\":\"Article\",\"@id\":\"https:\\\/\\\/medvegjasot.com\\\/?p=5663#article\",\"isPartOf\":{\"@id\":\"https:\\\/\\\/medvegjasot.com\\\/?p=5663\"},\"author\":{\"name\":\"admin\",\"@id\":\"https:\\\/\\\/medvegjasot.com\\\/#\\\/schema\\\/person\\\/f2be1a84f4e95d0cb032946a1cf2e594\"},\"headline\":\"PAMJE NGA PROTESTA N\u00cb TIRAN\u00cb N\u00cb MB\u00cbSHTETJE T\u00cb KRER\u00cbVE T\u00cb U\u00c7K-s\u00eb\",\"datePublished\":\"2025-10-18T04:55:30+00:00\",\"dateModified\":\"2025-10-18T09:27:33+00:00\",\"mainEntityOfPage\":{\"@id\":\"https:\\\/\\\/medvegjasot.com\\\/?p=5663\"},\"wordCount\":333,\"commentCount\":0,\"publisher\":{\"@id\":\"https:\\\/\\\/medvegjasot.com\\\/#organization\"},\"image\":{\"@id\":\"https:\\\/\\\/medvegjasot.com\\\/?p=5663#primaryimage\"},\"thumbnailUrl\":\"https:\\\/\\\/medvegjasot.com\\\/wp-content\\\/uploads\\\/2025\\\/10\\\/photo-output-11.jpeg\",\"articleSection\":[\"LAJME\"],\"inLanguage\":\"en-US\",\"potentialAction\":[{\"@type\":\"CommentAction\",\"name\":\"Comment\",\"target\":[\"https:\\\/\\\/medvegjasot.com\\\/?p=5663#respond\"]}]},{\"@type\":\"WebPage\",\"@id\":\"https:\\\/\\\/medvegjasot.com\\\/?p=5663\",\"url\":\"https:\\\/\\\/medvegjasot.com\\\/?p=5663\",\"name\":\"PAMJE NGA PROTESTA N\u00cb TIRAN\u00cb N\u00cb MB\u00cbSHTETJE T\u00cb KRER\u00cbVE T\u00cb U\u00c7K-s\u00eb - Medvegja Sot\",\"isPartOf\":{\"@id\":\"https:\\\/\\\/medvegjasot.com\\\/#website\"},\"primaryImageOfPage\":{\"@id\":\"https:\\\/\\\/medvegjasot.com\\\/?p=5663#primaryimage\"},\"image\":{\"@id\":\"https:\\\/\\\/medvegjasot.com\\\/?p=5663#primaryimage\"},\"thumbnailUrl\":\"https:\\\/\\\/medvegjasot.com\\\/wp-content\\\/uploads\\\/2025\\\/10\\\/photo-output-11.jpeg\",\"datePublished\":\"2025-10-18T04:55:30+00:00\",\"dateModified\":\"2025-10-18T09:27:33+00:00\",\"breadcrumb\":{\"@id\":\"https:\\\/\\\/medvegjasot.com\\\/?p=5663#breadcrumb\"},\"inLanguage\":\"en-US\",\"potentialAction\":[{\"@type\":\"ReadAction\",\"target\":[\"https:\\\/\\\/medvegjasot.com\\\/?p=5663\"]}]},{\"@type\":\"ImageObject\",\"inLanguage\":\"en-US\",\"@id\":\"https:\\\/\\\/medvegjasot.com\\\/?p=5663#primaryimage\",\"url\":\"https:\\\/\\\/medvegjasot.com\\\/wp-content\\\/uploads\\\/2025\\\/10\\\/photo-output-11.jpeg\",\"contentUrl\":\"https:\\\/\\\/medvegjasot.com\\\/wp-content\\\/uploads\\\/2025\\\/10\\\/photo-output-11.jpeg\",\"width\":2048,\"height\":1152},{\"@type\":\"BreadcrumbList\",\"@id\":\"https:\\\/\\\/medvegjasot.com\\\/?p=5663#breadcrumb\",\"itemListElement\":[{\"@type\":\"ListItem\",\"position\":1,\"name\":\"Home\",\"item\":\"https:\\\/\\\/medvegjasot.com\\\/\"},{\"@type\":\"ListItem\",\"position\":2,\"name\":\"PAMJE NGA PROTESTA N\u00cb TIRAN\u00cb N\u00cb MB\u00cbSHTETJE T\u00cb KRER\u00cbVE T\u00cb U\u00c7K-s\u00eb\"}]},{\"@type\":\"WebSite\",\"@id\":\"https:\\\/\\\/medvegjasot.com\\\/#website\",\"url\":\"https:\\\/\\\/medvegjasot.com\\\/\",\"name\":\"Medvegja Sot\",\"description\":\"Portal Lajmesh\",\"publisher\":{\"@id\":\"https:\\\/\\\/medvegjasot.com\\\/#organization\"},\"alternateName\":\"MS\",\"potentialAction\":[{\"@type\":\"SearchAction\",\"target\":{\"@type\":\"EntryPoint\",\"urlTemplate\":\"https:\\\/\\\/medvegjasot.com\\\/?s={search_term_string}\"},\"query-input\":{\"@type\":\"PropertyValueSpecification\",\"valueRequired\":true,\"valueName\":\"search_term_string\"}}],\"inLanguage\":\"en-US\"},{\"@type\":\"Organization\",\"@id\":\"https:\\\/\\\/medvegjasot.com\\\/#organization\",\"name\":\"Medvegja Sot\",\"alternateName\":\"MS\",\"url\":\"https:\\\/\\\/medvegjasot.com\\\/\",\"logo\":{\"@type\":\"ImageObject\",\"inLanguage\":\"en-US\",\"@id\":\"https:\\\/\\\/medvegjasot.com\\\/#\\\/schema\\\/logo\\\/image\\\/\",\"url\":\"https:\\\/\\\/medvegjasot.com\\\/wp-content\\\/uploads\\\/2024\\\/08\\\/logo.png\",\"contentUrl\":\"https:\\\/\\\/medvegjasot.com\\\/wp-content\\\/uploads\\\/2024\\\/08\\\/logo.png\",\"width\":500,\"height\":500,\"caption\":\"Medvegja Sot\"},\"image\":{\"@id\":\"https:\\\/\\\/medvegjasot.com\\\/#\\\/schema\\\/logo\\\/image\\\/\"},\"sameAs\":[\"https:\\\/\\\/www.facebook.com\\\/MedvegjaSot.com1\"]},{\"@type\":\"Person\",\"@id\":\"https:\\\/\\\/medvegjasot.com\\\/#\\\/schema\\\/person\\\/f2be1a84f4e95d0cb032946a1cf2e594\",\"name\":\"admin\",\"image\":{\"@type\":\"ImageObject\",\"inLanguage\":\"en-US\",\"@id\":\"https:\\\/\\\/secure.gravatar.com\\\/avatar\\\/2eedc5259426225ddc6f98b4b6728c30418b83e6f70285719780d3518d972ece?s=96&d=mm&r=g\",\"url\":\"https:\\\/\\\/secure.gravatar.com\\\/avatar\\\/2eedc5259426225ddc6f98b4b6728c30418b83e6f70285719780d3518d972ece?s=96&d=mm&r=g\",\"contentUrl\":\"https:\\\/\\\/secure.gravatar.com\\\/avatar\\\/2eedc5259426225ddc6f98b4b6728c30418b83e6f70285719780d3518d972ece?s=96&d=mm&r=g\",\"caption\":\"admin\"},\"url\":\"https:\\\/\\\/medvegjasot.com\\\/?author=2\"}]}<\/script>\n<!-- \/ Yoast SEO plugin. -->","yoast_head_json":{"title":"PAMJE NGA PROTESTA N\u00cb TIRAN\u00cb N\u00cb MB\u00cbSHTETJE T\u00cb KRER\u00cbVE T\u00cb U\u00c7K-s\u00eb - Medvegja Sot","robots":{"index":"index","follow":"follow","max-snippet":"max-snippet:-1","max-image-preview":"max-image-preview:large","max-video-preview":"max-video-preview:-1"},"canonical":"https:\/\/medvegjasot.com\/?p=5663","og_locale":"en_US","og_type":"article","og_title":"PAMJE NGA PROTESTA N\u00cb TIRAN\u00cb N\u00cb MB\u00cbSHTETJE T\u00cb KRER\u00cbVE T\u00cb U\u00c7K-s\u00eb - Medvegja Sot","og_description":"Sot n\u00eb Tiran\u00eb u mbajt nj\u00eb protest\u00eb madh\u00ebshtore n\u00eb mb\u00ebshtetje t\u00eb ish-krer\u00ebve t\u00eb Ushtris\u00eb \u00c7lirimtare t\u00eb Kosov\u00ebs (U\u00c7K), t\u00eb cil\u00ebt po gjykohen n\u00eb Hag\u00eb. Qindra qytetar\u00eb nga t\u00eb gjitha trevat shqiptare, p\u00ebrfshir\u00eb edhe nga Lugina e Preshev\u00ebs, u bashkuan n\u00eb kryeqytet duke mbajtur flamuj komb\u00ebtar\u00eb dhe simbole t\u00eb U\u00c7K-s\u00eb. Protestuesit k\u00ebrkuan drejt\u00ebsi p\u00ebr luft\u00ebn \u00e7lirimtare...","og_url":"https:\/\/medvegjasot.com\/?p=5663","og_site_name":"Medvegja Sot","article_publisher":"https:\/\/www.facebook.com\/MedvegjaSot.com1","article_published_time":"2025-10-18T04:55:30+00:00","article_modified_time":"2025-10-18T09:27:33+00:00","og_image":[{"width":2048,"height":1152,"url":"https:\/\/medvegjasot.com\/wp-content\/uploads\/2025\/10\/photo-output-11.jpeg","type":"image\/jpeg"}],"author":"admin","twitter_card":"summary_large_image","twitter_misc":{"Written by":"admin","Est. reading time":"3 minutes"},"schema":{"@context":"https:\/\/schema.org","@graph":[{"@type":"Article","@id":"https:\/\/medvegjasot.com\/?p=5663#article","isPartOf":{"@id":"https:\/\/medvegjasot.com\/?p=5663"},"author":{"name":"admin","@id":"https:\/\/medvegjasot.com\/#\/schema\/person\/f2be1a84f4e95d0cb032946a1cf2e594"},"headline":"PAMJE NGA PROTESTA N\u00cb TIRAN\u00cb N\u00cb MB\u00cbSHTETJE T\u00cb KRER\u00cbVE T\u00cb U\u00c7K-s\u00eb","datePublished":"2025-10-18T04:55:30+00:00","dateModified":"2025-10-18T09:27:33+00:00","mainEntityOfPage":{"@id":"https:\/\/medvegjasot.com\/?p=5663"},"wordCount":333,"commentCount":0,"publisher":{"@id":"https:\/\/medvegjasot.com\/#organization"},"image":{"@id":"https:\/\/medvegjasot.com\/?p=5663#primaryimage"},"thumbnailUrl":"https:\/\/medvegjasot.com\/wp-content\/uploads\/2025\/10\/photo-output-11.jpeg","articleSection":["LAJME"],"inLanguage":"en-US","potentialAction":[{"@type":"CommentAction","name":"Comment","target":["https:\/\/medvegjasot.com\/?p=5663#respond"]}]},{"@type":"WebPage","@id":"https:\/\/medvegjasot.com\/?p=5663","url":"https:\/\/medvegjasot.com\/?p=5663","name":"PAMJE NGA PROTESTA N\u00cb TIRAN\u00cb N\u00cb MB\u00cbSHTETJE T\u00cb KRER\u00cbVE T\u00cb U\u00c7K-s\u00eb - Medvegja Sot","isPartOf":{"@id":"https:\/\/medvegjasot.com\/#website"},"primaryImageOfPage":{"@id":"https:\/\/medvegjasot.com\/?p=5663#primaryimage"},"image":{"@id":"https:\/\/medvegjasot.com\/?p=5663#primaryimage"},"thumbnailUrl":"https:\/\/medvegjasot.com\/wp-content\/uploads\/2025\/10\/photo-output-11.jpeg","datePublished":"2025-10-18T04:55:30+00:00","dateModified":"2025-10-18T09:27:33+00:00","breadcrumb":{"@id":"https:\/\/medvegjasot.com\/?p=5663#breadcrumb"},"inLanguage":"en-US","potentialAction":[{"@type":"ReadAction","target":["https:\/\/medvegjasot.com\/?p=5663"]}]},{"@type":"ImageObject","inLanguage":"en-US","@id":"https:\/\/medvegjasot.com\/?p=5663#primaryimage","url":"https:\/\/medvegjasot.com\/wp-content\/uploads\/2025\/10\/photo-output-11.jpeg","contentUrl":"https:\/\/medvegjasot.com\/wp-content\/uploads\/2025\/10\/photo-output-11.jpeg","width":2048,"height":1152},{"@type":"BreadcrumbList","@id":"https:\/\/medvegjasot.com\/?p=5663#breadcrumb","itemListElement":[{"@type":"ListItem","position":1,"name":"Home","item":"https:\/\/medvegjasot.com\/"},{"@type":"ListItem","position":2,"name":"PAMJE NGA PROTESTA N\u00cb TIRAN\u00cb N\u00cb MB\u00cbSHTETJE T\u00cb KRER\u00cbVE T\u00cb U\u00c7K-s\u00eb"}]},{"@type":"WebSite","@id":"https:\/\/medvegjasot.com\/#website","url":"https:\/\/medvegjasot.com\/","name":"Medvegja Sot","description":"Portal Lajmesh","publisher":{"@id":"https:\/\/medvegjasot.com\/#organization"},"alternateName":"MS","potentialAction":[{"@type":"SearchAction","target":{"@type":"EntryPoint","urlTemplate":"https:\/\/medvegjasot.com\/?s={search_term_string}"},"query-input":{"@type":"PropertyValueSpecification","valueRequired":true,"valueName":"search_term_string"}}],"inLanguage":"en-US"},{"@type":"Organization","@id":"https:\/\/medvegjasot.com\/#organization","name":"Medvegja Sot","alternateName":"MS","url":"https:\/\/medvegjasot.com\/","logo":{"@type":"ImageObject","inLanguage":"en-US","@id":"https:\/\/medvegjasot.com\/#\/schema\/logo\/image\/","url":"https:\/\/medvegjasot.com\/wp-content\/uploads\/2024\/08\/logo.png","contentUrl":"https:\/\/medvegjasot.com\/wp-content\/uploads\/2024\/08\/logo.png","width":500,"height":500,"caption":"Medvegja Sot"},"image":{"@id":"https:\/\/medvegjasot.com\/#\/schema\/logo\/image\/"},"sameAs":["https:\/\/www.facebook.com\/MedvegjaSot.com1"]},{"@type":"Person","@id":"https:\/\/medvegjasot.com\/#\/schema\/person\/f2be1a84f4e95d0cb032946a1cf2e594","name":"admin","image":{"@type":"ImageObject","inLanguage":"en-US","@id":"https:\/\/secure.gravatar.com\/avatar\/2eedc5259426225ddc6f98b4b6728c30418b83e6f70285719780d3518d972ece?s=96&d=mm&r=g","url":"https:\/\/secure.gravatar.com\/avatar\/2eedc5259426225ddc6f98b4b6728c30418b83e6f70285719780d3518d972ece?s=96&d=mm&r=g","contentUrl":"https:\/\/secure.gravatar.com\/avatar\/2eedc5259426225ddc6f98b4b6728c30418b83e6f70285719780d3518d972ece?s=96&d=mm&r=g","caption":"admin"},"url":"https:\/\/medvegjasot.com\/?author=2"}]}},"jetpack_featured_media_url":"https:\/\/medvegjasot.com\/wp-content\/uploads\/2025\/10\/photo-output-11.jpeg","_links":{"self":[{"href":"https:\/\/medvegjasot.com\/index.php?rest_route=\/wp\/v2\/posts\/5663","targetHints":{"allow":["GET"]}}],"collection":[{"href":"https:\/\/medvegjasot.com\/index.php?rest_route=\/wp\/v2\/posts"}],"about":[{"href":"https:\/\/medvegjasot.com\/index.php?rest_route=\/wp\/v2\/types\/post"}],"author":[{"embeddable":true,"href":"https:\/\/medvegjasot.com\/index.php?rest_route=\/wp\/v2\/users\/2"}],"replies":[{"embeddable":true,"href":"https:\/\/medvegjasot.com\/index.php?rest_route=%2Fwp%2Fv2%2Fcomments&post=5663"}],"version-history":[{"count":5,"href":"https:\/\/medvegjasot.com\/index.php?rest_route=\/wp\/v2\/posts\/5663\/revisions"}],"predecessor-version":[{"id":5676,"href":"https:\/\/medvegjasot.com\/index.php?rest_route=\/wp\/v2\/posts\/5663\/revisions\/5676"}],"wp:featuredmedia":[{"embeddable":true,"href":"https:\/\/medvegjasot.com\/index.php?rest_route=\/wp\/v2\/media\/5665"}],"wp:attachment":[{"href":"https:\/\/medvegjasot.com\/index.php?rest_route=%2Fwp%2Fv2%2Fmedia&parent=5663"}],"wp:term":[{"taxonomy":"category","embeddable":true,"href":"https:\/\/medvegjasot.com\/index.php?rest_route=%2Fwp%2Fv2%2Fcategories&post=5663"},{"taxonomy":"post_tag","embeddable":true,"href":"https:\/\/medvegjasot.com\/index.php?rest_route=%2Fwp%2Fv2%2Ftags&post=5663"}],"curies":[{"name":"wp","href":"https:\/\/api.w.org\/{rel}","templated":true}]}}