{"id":5563,"date":"2025-09-29T11:02:58","date_gmt":"2025-09-29T11:02:58","guid":{"rendered":"https:\/\/medvegjasot.com\/?p=5563"},"modified":"2025-09-29T11:07:54","modified_gmt":"2025-09-29T11:07:54","slug":"enver-redenica-ze-i-qytetareve-ze-i-prishtines","status":"publish","type":"post","link":"https:\/\/medvegjasot.com\/?p=5563","title":{"rendered":"ENVER REDENICA \u2013 Z\u00cb I QYTETAR\u00cbVE, Z\u00cb I PRISHTIN\u00cbS"},"content":{"rendered":"\n<p>Ka njer\u00ebz p\u00ebr t\u00eb cil\u00ebt nuk flitet shum\u00eb, jo pse nuk kan\u00eb b\u00ebr\u00eb mjaft, por pse kurr\u00eb nuk kan\u00eb folur p\u00ebr veten. Nj\u00eb nd\u00ebr ta \u00ebsht\u00eb&nbsp;<strong>Enver Redenica<\/strong>, djaloshi i dikursh\u00ebm q\u00eb n\u00eb vitet e r\u00ebnda t\u00eb okupimit u barrikadua n\u00eb an\u00ebn e duhur t\u00eb historis\u00eb.<\/p>\n\n\n\n<p>Me prejardhje nga nj\u00eb familje nacionaliste, t\u00eb p\u00ebrndjekur nga regjimi jugosllav, Enveri trash\u00ebgoi nj\u00eb rrug\u00eb ku dashuria p\u00ebr atdheun ishte mbi gjith\u00e7ka. Xhaxhai i tij, Rrahimi, luftoi n\u00eb frontin e Mbrojtjes Komb\u00ebtare kund\u00ebr ripushtimit jugosllav dhe u detyrua t\u00eb emigronte pas luft\u00ebs, duke l\u00ebn\u00eb pas nj\u00eb amanet t\u00eb pashuar p\u00ebr lirin\u00eb dhe bashkimin komb\u00ebtar. Familja Redenica u rreshtua gjithmon\u00eb aty ku k\u00ebrkonte kombi: nga protestat p\u00ebr arsimin shqip deri tek Lufta e U\u00c7K-s\u00eb, ku v\u00ebllai i Enverit, Bajrami, dha gjakun dhe trupin e tij p\u00ebr lirin\u00eb q\u00eb g\u00ebzojm\u00eb sot.<\/p>\n\n\n\n<p>Kjo tradit\u00eb e krenaris\u00eb komb\u00ebtare dhe qytetare \u00ebsht\u00eb trash\u00ebgimi q\u00eb sot Enveri e bart me dinjitet n\u00eb sh\u00ebrbim t\u00eb qytetar\u00ebve t\u00eb Prishtin\u00ebs.<\/p>\n\n\n\n<p><strong>ANGAZHIMI N\u00cb SH\u00cbRBIM T\u00cb QYTETAR\u00cbVE<\/strong><\/p>\n\n\n\n<p>M\u00eb shum\u00eb se dy vite e gjysm\u00eb si Kryetar i K\u00ebshillit Lokal Sofali, Enver Redenica ka qen\u00eb gjithmon\u00eb n\u00eb ball\u00eb t\u00eb k\u00ebrkesave t\u00eb banor\u00ebve, duke i p\u00ebrfaq\u00ebsuar me vendosm\u00ebri dhe duke ngritur z\u00ebrin p\u00ebr \u00e7\u00ebshtjet q\u00eb prekin jet\u00ebn e p\u00ebrditshme:<\/p>\n\n\n\n<p><strong>\u2022 Uj\u00ebsjell\u00ebsin dhe furnizimin me uj\u00eb t\u00eb pijsh\u00ebm.<\/strong><\/p>\n\n\n\n<p><strong>\u2022 Nd\u00ebrtimin e infrastruktur\u00ebs s\u00eb munguar.<\/strong><\/p>\n\n\n\n<p><strong>\u2022 \u00c7\u00ebshtjet e siguris\u00eb dhe ndri\u00e7imit publik.<\/strong><\/p>\n\n\n\n<p><strong>\u2022 Ambulanc\u00ebn, \u00e7erdhen dhe trafikun urban.<\/strong><\/p>\n\n\n\n<p><strong>\u2022 Mir\u00ebqenien e p\u00ebrbashk\u00ebt dhe organizimin e komunitetit.<\/strong><\/p>\n\n\n\n<p>Fal\u00eb angazhimit t\u00eb tij dhe presionit qytetar, jan\u00eb arritur rezultate konkrete \u2013 nga peticionet deri tek zgjidhjet e problemeve madhore q\u00eb p\u00ebr vite ishin injoruar.<\/p>\n\n\n\n<p><strong>VIZIONI P\u00cbR PRISHTIN\u00cbN<\/strong><\/p>\n\n\n\n<p>T\u00eb dashur qytetar\u00eb t\u00eb Prishtin\u00ebs,<\/p>\n\n\n\n<p>Me dashuri dhe p\u00ebrkushtim p\u00ebr qytetin tim, kam vendosur t\u00eb kandidoj p\u00ebr Kuvendin Komunal t\u00eb Prishtin\u00ebs nga radh\u00ebt e&nbsp;<strong>L\u00ebvizjes VET\u00cbVENDOSJE! \u2013 n\u00eb list\u00ebn e fitores.<\/strong><\/p>\n\n\n\n<p>Ky vendim nuk \u00ebsht\u00eb motivim partiak, por motivim qytetar \u2013 nevoj\u00eb p\u00ebr t\u00eb qen\u00eb z\u00ebri juaj, p\u00ebr t\u2019u p\u00ebrballur me sfidat e p\u00ebrditshme dhe p\u00ebr t\u00eb nd\u00ebrtuar nj\u00eb Prishtin\u00eb m\u00eb t\u00eb past\u00ebr, m\u00eb t\u00eb sigurt dhe m\u00eb t\u00eb organizuar.<\/p>\n\n\n\n<p>Jam aktivist i VV-s\u00eb tashm\u00eb 17 vite, gjithmon\u00eb i lidhur me hallet dhe shpresat e qytetar\u00ebve. Sot, m\u00eb shum\u00eb se kurr\u00eb, jam i bindur se&nbsp;<strong>z\u00ebri i qytetar\u00ebve duhet t\u00eb jet\u00eb n\u00eb qend\u00ebr t\u00eb \u00e7do vendimmarrjeje.<\/strong><\/p>\n\n\n\n<p>S\u00eb bashku me kryetarin e ardhsh\u00ebm t\u00eb Prishtin\u00ebs,&nbsp;<strong>z. Hajrullah \u00c7eku<\/strong>, njeriun q\u00eb solli revolucion n\u00eb Ministrin\u00eb e Kultur\u00ebs, do t\u00eb punojm\u00eb p\u00ebr nj\u00eb kryeqytet ku secili ndjehet krenar, jo i harruar.<\/p>\n\n\n\n<figure class=\"wp-block-gallery has-nested-images columns-default is-cropped wp-block-gallery-1 is-layout-flex wp-block-gallery-is-layout-flex\">\n<figure class=\"wp-block-image size-large\"><img fetchpriority=\"high\" decoding=\"async\" width=\"819\" height=\"1024\" data-id=\"5568\" src=\"https:\/\/medvegjasot.com\/wp-content\/uploads\/2025\/09\/IMG_3734-819x1024.jpeg\" alt=\"\" class=\"wp-image-5568\" srcset=\"https:\/\/medvegjasot.com\/wp-content\/uploads\/2025\/09\/IMG_3734-819x1024.jpeg 819w, https:\/\/medvegjasot.com\/wp-content\/uploads\/2025\/09\/IMG_3734-240x300.jpeg 240w, https:\/\/medvegjasot.com\/wp-content\/uploads\/2025\/09\/IMG_3734-768x960.jpeg 768w, https:\/\/medvegjasot.com\/wp-content\/uploads\/2025\/09\/IMG_3734.jpeg 1080w\" sizes=\"(max-width: 819px) 100vw, 819px\" \/><\/figure>\n<\/figure>\n\n\n\n<p><\/p>\n\n\n\n<p><strong>THIRRJA P\u00cbR BASHKIM<\/strong><\/p>\n\n\n\n<p>Vota p\u00ebr mua \u00ebsht\u00eb vot\u00eb p\u00ebr qytetin ton\u00eb. <br>Vota p\u00ebr mua \u00ebsht\u00eb vot\u00eb p\u00ebr t\u00eb mir\u00ebn e p\u00ebrbashk\u00ebt. Vota p\u00ebr mua \u00ebsht\u00eb vot\u00eb p\u00ebr&nbsp;<strong>nj\u00eb Prishtin\u00eb t\u00eb dinjitetshme.<\/strong> <br>Bashk\u00eb e kemi nisur k\u00ebt\u00eb rrug\u00eb \u2013 bashk\u00eb do t\u00eb ecim p\u00ebrpara.<\/p>\n\n\n\n<p><strong>Me respekt e p\u00ebrkushtim,<\/strong><\/p>\n\n\n\n<p><strong>I juaji,<\/strong><\/p>\n\n\n\n<p><strong>Enver Redenica<\/strong><\/p>\n","protected":false},"excerpt":{"rendered":"<p>Ka njer\u00ebz p\u00ebr t\u00eb cil\u00ebt nuk flitet shum\u00eb, jo pse nuk kan\u00eb b\u00ebr\u00eb mjaft, por pse kurr\u00eb nuk kan\u00eb folur p\u00ebr veten. Nj\u00eb nd\u00ebr ta \u00ebsht\u00eb&nbsp;Enver Redenica, djaloshi i dikursh\u00ebm q\u00eb n\u00eb vitet e r\u00ebnda t\u00eb okupimit u barrikadua n\u00eb an\u00ebn e duhur t\u00eb historis\u00eb. Me prejardhje nga nj\u00eb familje nacionaliste, t\u00eb p\u00ebrndjekur nga regjimi&#8230;<\/p>\n","protected":false},"author":2,"featured_media":5567,"comment_status":"open","ping_status":"open","sticky":false,"template":"","format":"standard","meta":{"_coblocks_attr":"","_coblocks_dimensions":"","_coblocks_responsive_height":"","_coblocks_accordion_ie_support":"","_monsterinsights_skip_tracking":false,"_monsterinsights_sitenote_active":false,"_monsterinsights_sitenote_note":"","_monsterinsights_sitenote_category":0,"footnotes":""},"categories":[2],"tags":[],"class_list":["post-5563","post","type-post","status-publish","format-standard","has-post-thumbnail","hentry","category-aktuale"],"yoast_head":"<!-- This site is optimized with the Yoast SEO plugin v27.5 - https:\/\/yoast.com\/product\/yoast-seo-wordpress\/ -->\n<title>ENVER REDENICA \u2013 Z\u00cb I QYTETAR\u00cbVE, Z\u00cb I PRISHTIN\u00cbS - Medvegja Sot<\/title>\n<meta name=\"robots\" content=\"index, follow, max-snippet:-1, max-image-preview:large, max-video-preview:-1\" \/>\n<link rel=\"canonical\" href=\"https:\/\/medvegjasot.com\/?p=5563\" \/>\n<meta property=\"og:locale\" content=\"en_US\" \/>\n<meta property=\"og:type\" content=\"article\" \/>\n<meta property=\"og:title\" content=\"ENVER REDENICA \u2013 Z\u00cb I QYTETAR\u00cbVE, Z\u00cb I PRISHTIN\u00cbS - Medvegja Sot\" \/>\n<meta property=\"og:description\" content=\"Ka njer\u00ebz p\u00ebr t\u00eb cil\u00ebt nuk flitet shum\u00eb, jo pse nuk kan\u00eb b\u00ebr\u00eb mjaft, por pse kurr\u00eb nuk kan\u00eb folur p\u00ebr veten. Nj\u00eb nd\u00ebr ta \u00ebsht\u00eb&nbsp;Enver Redenica, djaloshi i dikursh\u00ebm q\u00eb n\u00eb vitet e r\u00ebnda t\u00eb okupimit u barrikadua n\u00eb an\u00ebn e duhur t\u00eb historis\u00eb. Me prejardhje nga nj\u00eb familje nacionaliste, t\u00eb p\u00ebrndjekur nga regjimi...\" \/>\n<meta property=\"og:url\" content=\"https:\/\/medvegjasot.com\/?p=5563\" \/>\n<meta property=\"og:site_name\" content=\"Medvegja Sot\" \/>\n<meta property=\"article:publisher\" content=\"https:\/\/www.facebook.com\/MedvegjaSot.com1\" \/>\n<meta property=\"article:published_time\" content=\"2025-09-29T11:02:58+00:00\" \/>\n<meta property=\"article:modified_time\" content=\"2025-09-29T11:07:54+00:00\" \/>\n<meta property=\"og:image\" content=\"https:\/\/medvegjasot.com\/wp-content\/uploads\/2025\/09\/photo-output-31.jpeg\" \/>\n\t<meta property=\"og:image:width\" content=\"2048\" \/>\n\t<meta property=\"og:image:height\" content=\"1152\" \/>\n\t<meta property=\"og:image:type\" content=\"image\/jpeg\" \/>\n<meta name=\"author\" content=\"admin\" \/>\n<meta name=\"twitter:card\" content=\"summary_large_image\" \/>\n<meta name=\"twitter:label1\" content=\"Written by\" \/>\n\t<meta name=\"twitter:data1\" content=\"admin\" \/>\n\t<meta name=\"twitter:label2\" content=\"Est. reading time\" \/>\n\t<meta name=\"twitter:data2\" content=\"3 minutes\" \/>\n<script type=\"application\/ld+json\" class=\"yoast-schema-graph\">{\"@context\":\"https:\\\/\\\/schema.org\",\"@graph\":[{\"@type\":\"Article\",\"@id\":\"https:\\\/\\\/medvegjasot.com\\\/?p=5563#article\",\"isPartOf\":{\"@id\":\"https:\\\/\\\/medvegjasot.com\\\/?p=5563\"},\"author\":{\"name\":\"admin\",\"@id\":\"https:\\\/\\\/medvegjasot.com\\\/#\\\/schema\\\/person\\\/f2be1a84f4e95d0cb032946a1cf2e594\"},\"headline\":\"ENVER REDENICA \u2013 Z\u00cb I QYTETAR\u00cbVE, Z\u00cb I PRISHTIN\u00cbS\",\"datePublished\":\"2025-09-29T11:02:58+00:00\",\"dateModified\":\"2025-09-29T11:07:54+00:00\",\"mainEntityOfPage\":{\"@id\":\"https:\\\/\\\/medvegjasot.com\\\/?p=5563\"},\"wordCount\":553,\"commentCount\":0,\"publisher\":{\"@id\":\"https:\\\/\\\/medvegjasot.com\\\/#organization\"},\"image\":{\"@id\":\"https:\\\/\\\/medvegjasot.com\\\/?p=5563#primaryimage\"},\"thumbnailUrl\":\"https:\\\/\\\/medvegjasot.com\\\/wp-content\\\/uploads\\\/2025\\\/09\\\/photo-output-31.jpeg\",\"articleSection\":[\"AKTUALE\"],\"inLanguage\":\"en-US\",\"potentialAction\":[{\"@type\":\"CommentAction\",\"name\":\"Comment\",\"target\":[\"https:\\\/\\\/medvegjasot.com\\\/?p=5563#respond\"]}]},{\"@type\":\"WebPage\",\"@id\":\"https:\\\/\\\/medvegjasot.com\\\/?p=5563\",\"url\":\"https:\\\/\\\/medvegjasot.com\\\/?p=5563\",\"name\":\"ENVER REDENICA \u2013 Z\u00cb I QYTETAR\u00cbVE, Z\u00cb I PRISHTIN\u00cbS - Medvegja Sot\",\"isPartOf\":{\"@id\":\"https:\\\/\\\/medvegjasot.com\\\/#website\"},\"primaryImageOfPage\":{\"@id\":\"https:\\\/\\\/medvegjasot.com\\\/?p=5563#primaryimage\"},\"image\":{\"@id\":\"https:\\\/\\\/medvegjasot.com\\\/?p=5563#primaryimage\"},\"thumbnailUrl\":\"https:\\\/\\\/medvegjasot.com\\\/wp-content\\\/uploads\\\/2025\\\/09\\\/photo-output-31.jpeg\",\"datePublished\":\"2025-09-29T11:02:58+00:00\",\"dateModified\":\"2025-09-29T11:07:54+00:00\",\"breadcrumb\":{\"@id\":\"https:\\\/\\\/medvegjasot.com\\\/?p=5563#breadcrumb\"},\"inLanguage\":\"en-US\",\"potentialAction\":[{\"@type\":\"ReadAction\",\"target\":[\"https:\\\/\\\/medvegjasot.com\\\/?p=5563\"]}]},{\"@type\":\"ImageObject\",\"inLanguage\":\"en-US\",\"@id\":\"https:\\\/\\\/medvegjasot.com\\\/?p=5563#primaryimage\",\"url\":\"https:\\\/\\\/medvegjasot.com\\\/wp-content\\\/uploads\\\/2025\\\/09\\\/photo-output-31.jpeg\",\"contentUrl\":\"https:\\\/\\\/medvegjasot.com\\\/wp-content\\\/uploads\\\/2025\\\/09\\\/photo-output-31.jpeg\",\"width\":2048,\"height\":1152},{\"@type\":\"BreadcrumbList\",\"@id\":\"https:\\\/\\\/medvegjasot.com\\\/?p=5563#breadcrumb\",\"itemListElement\":[{\"@type\":\"ListItem\",\"position\":1,\"name\":\"Home\",\"item\":\"https:\\\/\\\/medvegjasot.com\\\/\"},{\"@type\":\"ListItem\",\"position\":2,\"name\":\"ENVER REDENICA \u2013 Z\u00cb I QYTETAR\u00cbVE, Z\u00cb I PRISHTIN\u00cbS\"}]},{\"@type\":\"WebSite\",\"@id\":\"https:\\\/\\\/medvegjasot.com\\\/#website\",\"url\":\"https:\\\/\\\/medvegjasot.com\\\/\",\"name\":\"Medvegja Sot\",\"description\":\"Portal Lajmesh\",\"publisher\":{\"@id\":\"https:\\\/\\\/medvegjasot.com\\\/#organization\"},\"alternateName\":\"MS\",\"potentialAction\":[{\"@type\":\"SearchAction\",\"target\":{\"@type\":\"EntryPoint\",\"urlTemplate\":\"https:\\\/\\\/medvegjasot.com\\\/?s={search_term_string}\"},\"query-input\":{\"@type\":\"PropertyValueSpecification\",\"valueRequired\":true,\"valueName\":\"search_term_string\"}}],\"inLanguage\":\"en-US\"},{\"@type\":\"Organization\",\"@id\":\"https:\\\/\\\/medvegjasot.com\\\/#organization\",\"name\":\"Medvegja Sot\",\"alternateName\":\"MS\",\"url\":\"https:\\\/\\\/medvegjasot.com\\\/\",\"logo\":{\"@type\":\"ImageObject\",\"inLanguage\":\"en-US\",\"@id\":\"https:\\\/\\\/medvegjasot.com\\\/#\\\/schema\\\/logo\\\/image\\\/\",\"url\":\"https:\\\/\\\/medvegjasot.com\\\/wp-content\\\/uploads\\\/2024\\\/08\\\/logo.png\",\"contentUrl\":\"https:\\\/\\\/medvegjasot.com\\\/wp-content\\\/uploads\\\/2024\\\/08\\\/logo.png\",\"width\":500,\"height\":500,\"caption\":\"Medvegja Sot\"},\"image\":{\"@id\":\"https:\\\/\\\/medvegjasot.com\\\/#\\\/schema\\\/logo\\\/image\\\/\"},\"sameAs\":[\"https:\\\/\\\/www.facebook.com\\\/MedvegjaSot.com1\"]},{\"@type\":\"Person\",\"@id\":\"https:\\\/\\\/medvegjasot.com\\\/#\\\/schema\\\/person\\\/f2be1a84f4e95d0cb032946a1cf2e594\",\"name\":\"admin\",\"image\":{\"@type\":\"ImageObject\",\"inLanguage\":\"en-US\",\"@id\":\"https:\\\/\\\/secure.gravatar.com\\\/avatar\\\/2eedc5259426225ddc6f98b4b6728c30418b83e6f70285719780d3518d972ece?s=96&d=mm&r=g\",\"url\":\"https:\\\/\\\/secure.gravatar.com\\\/avatar\\\/2eedc5259426225ddc6f98b4b6728c30418b83e6f70285719780d3518d972ece?s=96&d=mm&r=g\",\"contentUrl\":\"https:\\\/\\\/secure.gravatar.com\\\/avatar\\\/2eedc5259426225ddc6f98b4b6728c30418b83e6f70285719780d3518d972ece?s=96&d=mm&r=g\",\"caption\":\"admin\"},\"url\":\"https:\\\/\\\/medvegjasot.com\\\/?author=2\"}]}<\/script>\n<!-- \/ Yoast SEO plugin. -->","yoast_head_json":{"title":"ENVER REDENICA \u2013 Z\u00cb I QYTETAR\u00cbVE, Z\u00cb I PRISHTIN\u00cbS - Medvegja Sot","robots":{"index":"index","follow":"follow","max-snippet":"max-snippet:-1","max-image-preview":"max-image-preview:large","max-video-preview":"max-video-preview:-1"},"canonical":"https:\/\/medvegjasot.com\/?p=5563","og_locale":"en_US","og_type":"article","og_title":"ENVER REDENICA \u2013 Z\u00cb I QYTETAR\u00cbVE, Z\u00cb I PRISHTIN\u00cbS - Medvegja Sot","og_description":"Ka njer\u00ebz p\u00ebr t\u00eb cil\u00ebt nuk flitet shum\u00eb, jo pse nuk kan\u00eb b\u00ebr\u00eb mjaft, por pse kurr\u00eb nuk kan\u00eb folur p\u00ebr veten. Nj\u00eb nd\u00ebr ta \u00ebsht\u00eb&nbsp;Enver Redenica, djaloshi i dikursh\u00ebm q\u00eb n\u00eb vitet e r\u00ebnda t\u00eb okupimit u barrikadua n\u00eb an\u00ebn e duhur t\u00eb historis\u00eb. Me prejardhje nga nj\u00eb familje nacionaliste, t\u00eb p\u00ebrndjekur nga regjimi...","og_url":"https:\/\/medvegjasot.com\/?p=5563","og_site_name":"Medvegja Sot","article_publisher":"https:\/\/www.facebook.com\/MedvegjaSot.com1","article_published_time":"2025-09-29T11:02:58+00:00","article_modified_time":"2025-09-29T11:07:54+00:00","og_image":[{"width":2048,"height":1152,"url":"https:\/\/medvegjasot.com\/wp-content\/uploads\/2025\/09\/photo-output-31.jpeg","type":"image\/jpeg"}],"author":"admin","twitter_card":"summary_large_image","twitter_misc":{"Written by":"admin","Est. reading time":"3 minutes"},"schema":{"@context":"https:\/\/schema.org","@graph":[{"@type":"Article","@id":"https:\/\/medvegjasot.com\/?p=5563#article","isPartOf":{"@id":"https:\/\/medvegjasot.com\/?p=5563"},"author":{"name":"admin","@id":"https:\/\/medvegjasot.com\/#\/schema\/person\/f2be1a84f4e95d0cb032946a1cf2e594"},"headline":"ENVER REDENICA \u2013 Z\u00cb I QYTETAR\u00cbVE, Z\u00cb I PRISHTIN\u00cbS","datePublished":"2025-09-29T11:02:58+00:00","dateModified":"2025-09-29T11:07:54+00:00","mainEntityOfPage":{"@id":"https:\/\/medvegjasot.com\/?p=5563"},"wordCount":553,"commentCount":0,"publisher":{"@id":"https:\/\/medvegjasot.com\/#organization"},"image":{"@id":"https:\/\/medvegjasot.com\/?p=5563#primaryimage"},"thumbnailUrl":"https:\/\/medvegjasot.com\/wp-content\/uploads\/2025\/09\/photo-output-31.jpeg","articleSection":["AKTUALE"],"inLanguage":"en-US","potentialAction":[{"@type":"CommentAction","name":"Comment","target":["https:\/\/medvegjasot.com\/?p=5563#respond"]}]},{"@type":"WebPage","@id":"https:\/\/medvegjasot.com\/?p=5563","url":"https:\/\/medvegjasot.com\/?p=5563","name":"ENVER REDENICA \u2013 Z\u00cb I QYTETAR\u00cbVE, Z\u00cb I PRISHTIN\u00cbS - Medvegja Sot","isPartOf":{"@id":"https:\/\/medvegjasot.com\/#website"},"primaryImageOfPage":{"@id":"https:\/\/medvegjasot.com\/?p=5563#primaryimage"},"image":{"@id":"https:\/\/medvegjasot.com\/?p=5563#primaryimage"},"thumbnailUrl":"https:\/\/medvegjasot.com\/wp-content\/uploads\/2025\/09\/photo-output-31.jpeg","datePublished":"2025-09-29T11:02:58+00:00","dateModified":"2025-09-29T11:07:54+00:00","breadcrumb":{"@id":"https:\/\/medvegjasot.com\/?p=5563#breadcrumb"},"inLanguage":"en-US","potentialAction":[{"@type":"ReadAction","target":["https:\/\/medvegjasot.com\/?p=5563"]}]},{"@type":"ImageObject","inLanguage":"en-US","@id":"https:\/\/medvegjasot.com\/?p=5563#primaryimage","url":"https:\/\/medvegjasot.com\/wp-content\/uploads\/2025\/09\/photo-output-31.jpeg","contentUrl":"https:\/\/medvegjasot.com\/wp-content\/uploads\/2025\/09\/photo-output-31.jpeg","width":2048,"height":1152},{"@type":"BreadcrumbList","@id":"https:\/\/medvegjasot.com\/?p=5563#breadcrumb","itemListElement":[{"@type":"ListItem","position":1,"name":"Home","item":"https:\/\/medvegjasot.com\/"},{"@type":"ListItem","position":2,"name":"ENVER REDENICA \u2013 Z\u00cb I QYTETAR\u00cbVE, Z\u00cb I PRISHTIN\u00cbS"}]},{"@type":"WebSite","@id":"https:\/\/medvegjasot.com\/#website","url":"https:\/\/medvegjasot.com\/","name":"Medvegja Sot","description":"Portal Lajmesh","publisher":{"@id":"https:\/\/medvegjasot.com\/#organization"},"alternateName":"MS","potentialAction":[{"@type":"SearchAction","target":{"@type":"EntryPoint","urlTemplate":"https:\/\/medvegjasot.com\/?s={search_term_string}"},"query-input":{"@type":"PropertyValueSpecification","valueRequired":true,"valueName":"search_term_string"}}],"inLanguage":"en-US"},{"@type":"Organization","@id":"https:\/\/medvegjasot.com\/#organization","name":"Medvegja Sot","alternateName":"MS","url":"https:\/\/medvegjasot.com\/","logo":{"@type":"ImageObject","inLanguage":"en-US","@id":"https:\/\/medvegjasot.com\/#\/schema\/logo\/image\/","url":"https:\/\/medvegjasot.com\/wp-content\/uploads\/2024\/08\/logo.png","contentUrl":"https:\/\/medvegjasot.com\/wp-content\/uploads\/2024\/08\/logo.png","width":500,"height":500,"caption":"Medvegja Sot"},"image":{"@id":"https:\/\/medvegjasot.com\/#\/schema\/logo\/image\/"},"sameAs":["https:\/\/www.facebook.com\/MedvegjaSot.com1"]},{"@type":"Person","@id":"https:\/\/medvegjasot.com\/#\/schema\/person\/f2be1a84f4e95d0cb032946a1cf2e594","name":"admin","image":{"@type":"ImageObject","inLanguage":"en-US","@id":"https:\/\/secure.gravatar.com\/avatar\/2eedc5259426225ddc6f98b4b6728c30418b83e6f70285719780d3518d972ece?s=96&d=mm&r=g","url":"https:\/\/secure.gravatar.com\/avatar\/2eedc5259426225ddc6f98b4b6728c30418b83e6f70285719780d3518d972ece?s=96&d=mm&r=g","contentUrl":"https:\/\/secure.gravatar.com\/avatar\/2eedc5259426225ddc6f98b4b6728c30418b83e6f70285719780d3518d972ece?s=96&d=mm&r=g","caption":"admin"},"url":"https:\/\/medvegjasot.com\/?author=2"}]}},"jetpack_featured_media_url":"https:\/\/medvegjasot.com\/wp-content\/uploads\/2025\/09\/photo-output-31.jpeg","_links":{"self":[{"href":"https:\/\/medvegjasot.com\/index.php?rest_route=\/wp\/v2\/posts\/5563","targetHints":{"allow":["GET"]}}],"collection":[{"href":"https:\/\/medvegjasot.com\/index.php?rest_route=\/wp\/v2\/posts"}],"about":[{"href":"https:\/\/medvegjasot.com\/index.php?rest_route=\/wp\/v2\/types\/post"}],"author":[{"embeddable":true,"href":"https:\/\/medvegjasot.com\/index.php?rest_route=\/wp\/v2\/users\/2"}],"replies":[{"embeddable":true,"href":"https:\/\/medvegjasot.com\/index.php?rest_route=%2Fwp%2Fv2%2Fcomments&post=5563"}],"version-history":[{"count":3,"href":"https:\/\/medvegjasot.com\/index.php?rest_route=\/wp\/v2\/posts\/5563\/revisions"}],"predecessor-version":[{"id":5569,"href":"https:\/\/medvegjasot.com\/index.php?rest_route=\/wp\/v2\/posts\/5563\/revisions\/5569"}],"wp:featuredmedia":[{"embeddable":true,"href":"https:\/\/medvegjasot.com\/index.php?rest_route=\/wp\/v2\/media\/5567"}],"wp:attachment":[{"href":"https:\/\/medvegjasot.com\/index.php?rest_route=%2Fwp%2Fv2%2Fmedia&parent=5563"}],"wp:term":[{"taxonomy":"category","embeddable":true,"href":"https:\/\/medvegjasot.com\/index.php?rest_route=%2Fwp%2Fv2%2Fcategories&post=5563"},{"taxonomy":"post_tag","embeddable":true,"href":"https:\/\/medvegjasot.com\/index.php?rest_route=%2Fwp%2Fv2%2Ftags&post=5563"}],"curies":[{"name":"wp","href":"https:\/\/api.w.org\/{rel}","templated":true}]}}