{"id":5493,"date":"2025-09-18T13:42:26","date_gmt":"2025-09-18T13:42:26","guid":{"rendered":"https:\/\/medvegjasot.com\/?p=5493"},"modified":"2026-03-02T17:38:40","modified_gmt":"2026-03-02T17:38:40","slug":"referendumi-historik-i-1-2-marsit-1992-shqiptaret-e-lugines-se-presheves-shprehin-vullnetin-politik-per-autonomi-dhe-bashkim-me-kosoven","status":"publish","type":"post","link":"https:\/\/medvegjasot.com\/?p=5493","title":{"rendered":"REFERENDUMI HISTORIK I 1\u20132 MARSIT 1992 \u2013 SHQIPTAR\u00cbT E LUGIN\u00cbS S\u00cb PRESHEV\u00cbS SHPREHIN VULLNETIN POLITIK P\u00cbR AUTONOMI DHE BASHKIM ME KOSOV\u00cbN"},"content":{"rendered":"\n<p>Para 30 vitesh, shqiptar\u00ebt e Lugin\u00ebs s\u00eb Preshev\u00ebs, n\u00eb rrethana t\u00eb jasht\u00ebzakonshme dhe n\u00eb vigjilje t\u00eb shkat\u00ebrrimit t\u00eb ish-Republik\u00ebs Socialiste Federative t\u00eb Jugosllavis\u00eb, nd\u00ebrmor\u00ebn hapin m\u00eb t\u00eb r\u00ebnd\u00ebsish\u00ebm politik t\u00eb historis\u00eb s\u00eb tyre moderne: organizimin e Referendumit t\u00eb 1 dhe 2 marsit 1992. Ky Referendum u shnd\u00ebrrua n\u00eb gur themeli t\u00eb organizimit t\u00eb shqiptar\u00ebve t\u00eb Medvegj\u00ebs, Bujanocit dhe Preshev\u00ebs, duke u b\u00ebr\u00eb dokumenti politik m\u00eb i r\u00ebnd\u00ebsish\u00ebm i k\u00ebsaj krahine. Popullata shqiptare u deklarua p\u00ebr autonomi politike e territoriale me t\u00eb drejt\u00eb bashkimi me Kosov\u00ebn, duke i dh\u00ebn\u00eb k\u00ebshtu nj\u00eb mesazh t\u00eb qart\u00eb Serbis\u00eb, rajonit dhe bashk\u00ebsis\u00eb nd\u00ebrkomb\u00ebtare.<\/p>\n\n\n\n<figure class=\"wp-block-gallery has-nested-images columns-default is-cropped wp-block-gallery-1 is-layout-flex wp-block-gallery-is-layout-flex\">\n<figure class=\"wp-block-image size-large\"><img fetchpriority=\"high\" decoding=\"async\" width=\"1024\" height=\"576\" data-id=\"5495\" src=\"https:\/\/medvegjasot.com\/wp-content\/uploads\/2025\/09\/IMG_3260-1024x576.jpeg\" alt=\"\" class=\"wp-image-5495\" srcset=\"https:\/\/medvegjasot.com\/wp-content\/uploads\/2025\/09\/IMG_3260-1024x576.jpeg 1024w, https:\/\/medvegjasot.com\/wp-content\/uploads\/2025\/09\/IMG_3260-300x169.jpeg 300w, https:\/\/medvegjasot.com\/wp-content\/uploads\/2025\/09\/IMG_3260-768x432.jpeg 768w, https:\/\/medvegjasot.com\/wp-content\/uploads\/2025\/09\/IMG_3260-1536x864.jpeg 1536w, https:\/\/medvegjasot.com\/wp-content\/uploads\/2025\/09\/IMG_3260-2048x1152.jpeg 2048w\" sizes=\"(max-width: 1024px) 100vw, 1024px\" \/><figcaption class=\"wp-element-caption\"><strong>Emrat e personave n\u00eb fotografi: Rrahman Ismaili, Brahim Salihu, Sejdi Mustafa, Avdullah Uka, Abaz Kadriu.<\/strong><\/figcaption><\/figure>\n<\/figure>\n\n\n\n<p><br><\/p>\n\n\n\n<p>Iniciativa p\u00ebr organizimin e Referendumit lindi gjat\u00eb viteve 1991\u20131992, kur n\u00eb Lugin\u00ebn e Preshev\u00ebs u formuan partit\u00eb e para politike shqiptare: Partia p\u00ebr Veprim Demokratik (PVD) dhe Partia Demokratike Shqiptare (PDSH). K\u00ebto parti, s\u00eb bashku me shoqatat qytetare t\u00eb krijuara n\u00eb at\u00eb periudh\u00eb, mor\u00ebn p\u00ebrsip\u00ebr t\u00eb artikulojn\u00eb dhe mbrojn\u00eb interesat politike e komb\u00ebtare t\u00eb shqiptar\u00ebve n\u00eb k\u00ebt\u00eb rajon, t\u00eb cil\u00ebt p\u00ebrballeshin p\u00ebrdit\u00eb me shtypje, diskriminim dhe p\u00ebrjashtim nga jeta institucionale.<\/p>\n\n\n\n<p>Referendumi i mbajtur m\u00eb&nbsp;<strong>1 dhe 2 mars 1992<\/strong>&nbsp;n\u00eb tri komunat shqiptare \u2013&nbsp;<strong>Preshev\u00eb, Bujanoc dhe Medvegj\u00eb<\/strong>&nbsp;\u2013 sh\u00ebnon nj\u00eb nga momentet m\u00eb t\u00eb r\u00ebnd\u00ebsishme t\u00eb historis\u00eb s\u00eb shqiptar\u00ebve n\u00eb Lugin\u00ebn e Preshev\u00ebs.<\/p>\n\n\n\n<figure class=\"wp-block-gallery has-nested-images columns-default is-cropped wp-block-gallery-2 is-layout-flex wp-block-gallery-is-layout-flex\">\n<figure class=\"wp-block-image size-large\"><img decoding=\"async\" width=\"1024\" height=\"825\" data-id=\"6310\" src=\"https:\/\/medvegjasot.com\/wp-content\/uploads\/2025\/09\/IMG_2637-1024x825.jpeg\" alt=\"\" class=\"wp-image-6310\" srcset=\"https:\/\/medvegjasot.com\/wp-content\/uploads\/2025\/09\/IMG_2637-1024x825.jpeg 1024w, https:\/\/medvegjasot.com\/wp-content\/uploads\/2025\/09\/IMG_2637-300x242.jpeg 300w, https:\/\/medvegjasot.com\/wp-content\/uploads\/2025\/09\/IMG_2637-768x619.jpeg 768w, https:\/\/medvegjasot.com\/wp-content\/uploads\/2025\/09\/IMG_2637.jpeg 1152w\" sizes=\"(max-width: 1024px) 100vw, 1024px\" \/><\/figure>\n<\/figure>\n\n\n\n<p>Ai u zhvillua n\u00eb nj\u00eb periudh\u00eb t\u00eb trazuar politike, kur&nbsp;<strong>Jugosllavia po shp\u00ebrb\u00ebhej<\/strong>, luft\u00ebrat kishin shp\u00ebrthyer n\u00eb Slloveni, Kroaci e Bosnje, dhe shqiptar\u00ebt k\u00ebrkonin t\u00eb p\u00ebrcaktonin t\u00eb ardhmen e tyre komb\u00ebtare p\u00ebrpara se t\u00eb mbeteshin n\u00ebn sundimin e Serbis\u00eb.<\/p>\n\n\n\n<figure class=\"wp-block-gallery has-nested-images columns-default is-cropped wp-block-gallery-3 is-layout-flex wp-block-gallery-is-layout-flex\">\n<figure class=\"wp-block-image size-large\"><img decoding=\"async\" width=\"684\" height=\"337\" data-id=\"6294\" src=\"https:\/\/medvegjasot.com\/wp-content\/uploads\/2025\/09\/IMG_2460.png\" alt=\"\" class=\"wp-image-6294\" srcset=\"https:\/\/medvegjasot.com\/wp-content\/uploads\/2025\/09\/IMG_2460.png 684w, https:\/\/medvegjasot.com\/wp-content\/uploads\/2025\/09\/IMG_2460-300x148.png 300w\" sizes=\"(max-width: 684px) 100vw, 684px\" \/><\/figure>\n<\/figure>\n\n\n\n<p><\/p>\n\n\n\n<p>Organizator\u00ebt e referendumit \u2013&nbsp;<strong>Skender Destani, Jonuz Musliu, Riza Halimi, Shaip Kamberi, Ragmi Mustafa<\/strong>, si dhe shum\u00eb veprimtar\u00eb e m\u00ebsues t\u00eb shkollave shqipe \u2013 hartuan nj\u00eb vizion t\u00eb qart\u00eb:&nbsp;<strong>bashkimi i Lugin\u00ebs me Kosov\u00ebn<\/strong>&nbsp;si zgjidhja m\u00eb e drejt\u00eb dhe m\u00eb e sigurt p\u00ebr popullsin\u00eb shqiptare t\u00eb k\u00ebsaj zone. Ata menduan jo vet\u00ebm p\u00ebr gjendjen e asaj kohe, por edhe p\u00ebr pasojat afatgjata, duke par\u00eb rrezikun e mbetjes n\u00ebn administrat\u00ebn serbe pas shp\u00ebrb\u00ebrjes s\u00eb plot\u00eb t\u00eb Jugosllavis\u00eb.<\/p>\n\n\n\n<figure class=\"wp-block-gallery has-nested-images columns-default is-cropped wp-block-gallery-4 is-layout-flex wp-block-gallery-is-layout-flex\">\n<figure class=\"wp-block-image size-large\"><img loading=\"lazy\" decoding=\"async\" width=\"960\" height=\"811\" data-id=\"6303\" src=\"https:\/\/medvegjasot.com\/wp-content\/uploads\/2025\/09\/IMG_2465-1.jpeg\" alt=\"\" class=\"wp-image-6303\" srcset=\"https:\/\/medvegjasot.com\/wp-content\/uploads\/2025\/09\/IMG_2465-1.jpeg 960w, https:\/\/medvegjasot.com\/wp-content\/uploads\/2025\/09\/IMG_2465-1-300x253.jpeg 300w, https:\/\/medvegjasot.com\/wp-content\/uploads\/2025\/09\/IMG_2465-1-768x649.jpeg 768w\" sizes=\"(max-width: 960px) 100vw, 960px\" \/><\/figure>\n<\/figure>\n\n\n\n<p>M\u00eb 16 shkurt 1992, n\u00eb Preshev\u00eb u mbajt Kuvendi gjith\u00ebp\u00ebrfshir\u00ebs me pjes\u00ebmarrjen e 96 delegat\u00ebve shqiptar\u00eb nga tri komunat e Lugin\u00ebs: Medvegj\u00eb, Bujanoc dhe Preshev\u00eb. Delegat\u00ebt, p\u00ebrfaq\u00ebsues t\u00eb partive politike dhe shoqatave, hodh\u00ebn p\u00ebr diskutim tre opsione: autonomi territoriale-politike, autonomi administrativo-kulturore dhe autonomi territoriale me t\u00eb drejt\u00eb bashkimi me Kosov\u00ebn. Pas diskutimeve dhe votimit, shumica d\u00ebrrmuese e delegat\u00ebve propozoi opsionin e tret\u00eb \u2013 autonomi territoriale me t\u00eb drejt\u00eb bashkimi me Kosov\u00ebn \u2013 duke e shnd\u00ebrruar k\u00ebt\u00eb n\u00eb pyetjen kryesore t\u00eb Referendumit.<\/p>\n\n\n\n<figure class=\"wp-block-gallery has-nested-images columns-default is-cropped wp-block-gallery-5 is-layout-flex wp-block-gallery-is-layout-flex\">\n<figure class=\"wp-block-image size-large\"><img loading=\"lazy\" decoding=\"async\" width=\"1024\" height=\"576\" data-id=\"5496\" src=\"https:\/\/medvegjasot.com\/wp-content\/uploads\/2025\/09\/IMG_3266-1024x576.jpeg\" alt=\"\" class=\"wp-image-5496\" srcset=\"https:\/\/medvegjasot.com\/wp-content\/uploads\/2025\/09\/IMG_3266-1024x576.jpeg 1024w, https:\/\/medvegjasot.com\/wp-content\/uploads\/2025\/09\/IMG_3266-300x169.jpeg 300w, https:\/\/medvegjasot.com\/wp-content\/uploads\/2025\/09\/IMG_3266-768x432.jpeg 768w, https:\/\/medvegjasot.com\/wp-content\/uploads\/2025\/09\/IMG_3266-1536x864.jpeg 1536w, https:\/\/medvegjasot.com\/wp-content\/uploads\/2025\/09\/IMG_3266-2048x1152.jpeg 2048w\" sizes=\"(max-width: 1024px) 100vw, 1024px\" \/><\/figure>\n<\/figure>\n\n\n\n<p><\/p>\n\n\n\n<p>Referendumi u organizua m\u00eb 1 dhe 2 mars 1992. Pavar\u00ebsisht pengesave t\u00eb shumta nga ana e shtetit serb \u2013 ndalimi i shpalljeve publike, heqja e pankartave, k\u00ebrc\u00ebnimet policore dhe pengesat p\u00ebr mbajtjen e votimit \u2013 shqiptar\u00ebt e Lugin\u00ebs u mobilizuan fuqish\u00ebm. U hap\u00ebn 75 vendvotime, kryesisht n\u00eb sht\u00ebpi private dhe lokale t\u00eb thjeshta, p\u00ebr shkak se autoritetet serbe nuk lejonin hapjen e qendrave t\u00eb rregullta t\u00eb votimit. Dit\u00ebn e par\u00eb procesi u pengua nga policia, por pavar\u00ebsisht presioneve, qytetar\u00ebt u paraqit\u00ebn masivisht n\u00eb radh\u00eb t\u00eb gjata p\u00ebr t\u00eb ushtruar t\u00eb drejt\u00ebn e tyre.<\/p>\n\n\n\n<figure class=\"wp-block-gallery has-nested-images columns-default is-cropped wp-block-gallery-6 is-layout-flex wp-block-gallery-is-layout-flex\">\n<figure class=\"wp-block-image size-large\"><img loading=\"lazy\" decoding=\"async\" width=\"444\" height=\"274\" data-id=\"6292\" src=\"https:\/\/medvegjasot.com\/wp-content\/uploads\/2025\/09\/IMG_2461.jpeg\" alt=\"\" class=\"wp-image-6292\" srcset=\"https:\/\/medvegjasot.com\/wp-content\/uploads\/2025\/09\/IMG_2461.jpeg 444w, https:\/\/medvegjasot.com\/wp-content\/uploads\/2025\/09\/IMG_2461-300x185.jpeg 300w\" sizes=\"(max-width: 444px) 100vw, 444px\" \/><\/figure>\n<\/figure>\n\n\n\n<p>N\u00eb fund, mbi 46.000 qytetar\u00eb shqiptar\u00eb dol\u00ebn n\u00eb votime, duke treguar nj\u00eb pjes\u00ebmarrje t\u00eb lart\u00eb dhe nj\u00eb unitet t\u00eb pashembullt. Rezultati ishte i qart\u00eb: 98% e votuesve u shpreh\u00ebn n\u00eb favor t\u00eb autonomis\u00eb territoriale me t\u00eb drejt\u00eb bashkimi me Kosov\u00ebn. Ky Referendum nuk u organizua vet\u00ebm n\u00eb Lugin\u00ebn e Preshev\u00ebs, por edhe n\u00eb diaspor\u00eb. Shqiptar\u00ebt e shp\u00ebrndar\u00eb n\u00eb Zvic\u00ebr, Gjermani dhe shum\u00eb shtete t\u00eb tjera evropiane mor\u00ebn pjes\u00eb n\u00eb proces, duke i dh\u00ebn\u00eb atij nj\u00eb karakter gjith\u00ebkomb\u00ebtar. Jehona politike ishte e madhe: p\u00ebr her\u00eb t\u00eb par\u00eb pas dekadash, shqiptar\u00ebt e Lugin\u00ebs shpreh\u00ebn zyrtarisht dhe me vot\u00eb t\u00eb lir\u00eb vullnetin e tyre politik. Ky akt u b\u00eb argument demokratik dhe legjitim p\u00ebr t\u00eb ardhmen e rajonit, duke mbetur deri m\u00eb sot dokumenti m\u00eb i fuqish\u00ebm i aspiratave t\u00eb shqiptar\u00ebve atje.<\/p>\n\n\n\n<figure class=\"wp-block-gallery has-nested-images columns-default is-cropped wp-block-gallery-7 is-layout-flex wp-block-gallery-is-layout-flex\">\n<figure class=\"wp-block-image size-large\"><img loading=\"lazy\" decoding=\"async\" width=\"1024\" height=\"576\" data-id=\"5506\" src=\"https:\/\/medvegjasot.com\/wp-content\/uploads\/2025\/09\/IMG_3311-1024x576.jpeg\" alt=\"\" class=\"wp-image-5506\" srcset=\"https:\/\/medvegjasot.com\/wp-content\/uploads\/2025\/09\/IMG_3311-1024x576.jpeg 1024w, https:\/\/medvegjasot.com\/wp-content\/uploads\/2025\/09\/IMG_3311-300x169.jpeg 300w, https:\/\/medvegjasot.com\/wp-content\/uploads\/2025\/09\/IMG_3311-768x432.jpeg 768w, https:\/\/medvegjasot.com\/wp-content\/uploads\/2025\/09\/IMG_3311-1536x864.jpeg 1536w, https:\/\/medvegjasot.com\/wp-content\/uploads\/2025\/09\/IMG_3311-2048x1152.jpeg 2048w\" sizes=\"(max-width: 1024px) 100vw, 1024px\" \/><\/figure>\n<\/figure>\n\n\n\n<p><\/p>\n\n\n\n<p>Megjithat\u00eb, Referendumi nuk u njoh kurr\u00eb nga autoritetet serbe, p\u00ebr shkak t\u00eb munges\u00ebs s\u00eb demokratizimit dhe refuzimit t\u00eb Serbis\u00eb p\u00ebr t\u00eb pranuar realitetin politik t\u00eb shqiptar\u00ebve. Pavar\u00ebsisht k\u00ebsaj, Referendumi i vitit 1992 mbetet d\u00ebshmi e qart\u00eb e unitetit dhe rezistenc\u00ebs demokratike t\u00eb popullit shqiptar t\u00eb Lugin\u00ebs.<\/p>\n\n\n\n<figure class=\"wp-block-gallery has-nested-images columns-default is-cropped wp-block-gallery-8 is-layout-flex wp-block-gallery-is-layout-flex\">\n<figure class=\"wp-block-image size-large\"><img loading=\"lazy\" decoding=\"async\" width=\"800\" height=\"500\" data-id=\"6295\" src=\"https:\/\/medvegjasot.com\/wp-content\/uploads\/2025\/09\/IMG_2458.jpeg\" alt=\"\" class=\"wp-image-6295\" srcset=\"https:\/\/medvegjasot.com\/wp-content\/uploads\/2025\/09\/IMG_2458.jpeg 800w, https:\/\/medvegjasot.com\/wp-content\/uploads\/2025\/09\/IMG_2458-300x188.jpeg 300w, https:\/\/medvegjasot.com\/wp-content\/uploads\/2025\/09\/IMG_2458-768x480.jpeg 768w, https:\/\/medvegjasot.com\/wp-content\/uploads\/2025\/09\/IMG_2458-150x95.jpeg 150w, https:\/\/medvegjasot.com\/wp-content\/uploads\/2025\/09\/IMG_2458-400x250.jpeg 400w\" sizes=\"(max-width: 800px) 100vw, 800px\" \/><\/figure>\n<\/figure>\n\n\n\n<p>Sot, pas tri dekadash, Referendumi i 1\u20132 marsit 1992 \u00ebsht\u00eb kujtes\u00eb historike dhe testament politik i shqiptar\u00ebve t\u00eb Medvegj\u00ebs, Bujanocit dhe Preshev\u00ebs. Ai d\u00ebshmon se edhe n\u00eb kushte represioni e dhune, populli arriti t\u00eb shpreh\u00eb me guxim vullnetin e tij p\u00ebr liri, barazi dhe t\u00eb drejt\u00eb vet\u00ebvendosjeje. Referendumi mbetet nj\u00eb nga faqet m\u00eb t\u00eb r\u00ebnd\u00ebsishme t\u00eb historis\u00eb moderne t\u00eb shqiptar\u00ebve t\u00eb Lugin\u00ebs s\u00eb Preshev\u00ebs \u2013 nj\u00eb thirrje e hapur q\u00eb ende k\u00ebrkon zgjidhje dhe respektim.<\/p>\n\n\n\n<p><strong>Punim i shkruar nga shkrimtari i shum\u00eb veprave t\u00eb botuara, opinionist dhe autor i dy katalog\u00ebve mbi veshjen tradicionale t\u00eb Medvegj\u00ebs, si dhe i librave \u201cShqiptar\u00ebt e Medvegj\u00ebs n\u00ebp\u00ebr shekuj\u201d \u2013 v\u00ebllimi 1 dhe 2,&nbsp;Rrahman Hyseni<\/strong><\/p>\n\n\n\n<p><\/p>\n","protected":false},"excerpt":{"rendered":"<p>Para 30 vitesh, shqiptar\u00ebt e Lugin\u00ebs s\u00eb Preshev\u00ebs, n\u00eb rrethana t\u00eb jasht\u00ebzakonshme dhe n\u00eb vigjilje t\u00eb shkat\u00ebrrimit t\u00eb ish-Republik\u00ebs Socialiste Federative t\u00eb Jugosllavis\u00eb, nd\u00ebrmor\u00ebn hapin m\u00eb t\u00eb r\u00ebnd\u00ebsish\u00ebm politik t\u00eb historis\u00eb s\u00eb tyre moderne: organizimin e Referendumit t\u00eb 1 dhe 2 marsit 1992. Ky Referendum u shnd\u00ebrrua n\u00eb gur themeli t\u00eb organizimit t\u00eb shqiptar\u00ebve t\u00eb&#8230;<\/p>\n","protected":false},"author":2,"featured_media":5495,"comment_status":"open","ping_status":"open","sticky":false,"template":"","format":"standard","meta":{"_coblocks_attr":"","_coblocks_dimensions":"","_coblocks_responsive_height":"","_coblocks_accordion_ie_support":"","_monsterinsights_skip_tracking":false,"_monsterinsights_sitenote_active":false,"_monsterinsights_sitenote_note":"","_monsterinsights_sitenote_category":0,"footnotes":""},"categories":[3],"tags":[],"class_list":["post-5493","post","type-post","status-publish","format-standard","has-post-thumbnail","hentry","category-kronika"],"yoast_head":"<!-- This site is optimized with the Yoast SEO plugin v27.5 - https:\/\/yoast.com\/product\/yoast-seo-wordpress\/ -->\n<title>REFERENDUMI HISTORIK I 1\u20132 MARSIT 1992 \u2013 SHQIPTAR\u00cbT E LUGIN\u00cbS S\u00cb PRESHEV\u00cbS SHPREHIN VULLNETIN POLITIK P\u00cbR AUTONOMI DHE BASHKIM ME KOSOV\u00cbN - Medvegja Sot<\/title>\n<meta name=\"robots\" content=\"index, follow, max-snippet:-1, max-image-preview:large, max-video-preview:-1\" \/>\n<link rel=\"canonical\" href=\"https:\/\/medvegjasot.com\/?p=5493\" \/>\n<meta property=\"og:locale\" content=\"en_US\" \/>\n<meta property=\"og:type\" content=\"article\" \/>\n<meta property=\"og:title\" content=\"REFERENDUMI HISTORIK I 1\u20132 MARSIT 1992 \u2013 SHQIPTAR\u00cbT E LUGIN\u00cbS S\u00cb PRESHEV\u00cbS SHPREHIN VULLNETIN POLITIK P\u00cbR AUTONOMI DHE BASHKIM ME KOSOV\u00cbN - Medvegja Sot\" \/>\n<meta property=\"og:description\" content=\"Para 30 vitesh, shqiptar\u00ebt e Lugin\u00ebs s\u00eb Preshev\u00ebs, n\u00eb rrethana t\u00eb jasht\u00ebzakonshme dhe n\u00eb vigjilje t\u00eb shkat\u00ebrrimit t\u00eb ish-Republik\u00ebs Socialiste Federative t\u00eb Jugosllavis\u00eb, nd\u00ebrmor\u00ebn hapin m\u00eb t\u00eb r\u00ebnd\u00ebsish\u00ebm politik t\u00eb historis\u00eb s\u00eb tyre moderne: organizimin e Referendumit t\u00eb 1 dhe 2 marsit 1992. Ky Referendum u shnd\u00ebrrua n\u00eb gur themeli t\u00eb organizimit t\u00eb shqiptar\u00ebve t\u00eb...\" \/>\n<meta property=\"og:url\" content=\"https:\/\/medvegjasot.com\/?p=5493\" \/>\n<meta property=\"og:site_name\" content=\"Medvegja Sot\" \/>\n<meta property=\"article:publisher\" content=\"https:\/\/www.facebook.com\/MedvegjaSot.com1\" \/>\n<meta property=\"article:published_time\" content=\"2025-09-18T13:42:26+00:00\" \/>\n<meta property=\"article:modified_time\" content=\"2026-03-02T17:38:40+00:00\" \/>\n<meta property=\"og:image\" content=\"https:\/\/medvegjasot.com\/wp-content\/uploads\/2025\/09\/IMG_3260-scaled.jpeg\" \/>\n\t<meta property=\"og:image:width\" content=\"2560\" \/>\n\t<meta property=\"og:image:height\" content=\"1440\" \/>\n\t<meta property=\"og:image:type\" content=\"image\/jpeg\" \/>\n<meta name=\"author\" content=\"admin\" \/>\n<meta name=\"twitter:card\" content=\"summary_large_image\" \/>\n<meta name=\"twitter:label1\" content=\"Written by\" \/>\n\t<meta name=\"twitter:data1\" content=\"admin\" \/>\n\t<meta name=\"twitter:label2\" content=\"Est. reading time\" \/>\n\t<meta name=\"twitter:data2\" content=\"6 minutes\" \/>\n<script type=\"application\/ld+json\" class=\"yoast-schema-graph\">{\"@context\":\"https:\\\/\\\/schema.org\",\"@graph\":[{\"@type\":\"Article\",\"@id\":\"https:\\\/\\\/medvegjasot.com\\\/?p=5493#article\",\"isPartOf\":{\"@id\":\"https:\\\/\\\/medvegjasot.com\\\/?p=5493\"},\"author\":{\"name\":\"admin\",\"@id\":\"https:\\\/\\\/medvegjasot.com\\\/#\\\/schema\\\/person\\\/f2be1a84f4e95d0cb032946a1cf2e594\"},\"headline\":\"REFERENDUMI HISTORIK I 1\u20132 MARSIT 1992 \u2013 SHQIPTAR\u00cbT E LUGIN\u00cbS S\u00cb PRESHEV\u00cbS SHPREHIN VULLNETIN POLITIK P\u00cbR AUTONOMI DHE BASHKIM ME KOSOV\u00cbN\",\"datePublished\":\"2025-09-18T13:42:26+00:00\",\"dateModified\":\"2026-03-02T17:38:40+00:00\",\"mainEntityOfPage\":{\"@id\":\"https:\\\/\\\/medvegjasot.com\\\/?p=5493\"},\"wordCount\":947,\"commentCount\":0,\"publisher\":{\"@id\":\"https:\\\/\\\/medvegjasot.com\\\/#organization\"},\"image\":{\"@id\":\"https:\\\/\\\/medvegjasot.com\\\/?p=5493#primaryimage\"},\"thumbnailUrl\":\"https:\\\/\\\/medvegjasot.com\\\/wp-content\\\/uploads\\\/2025\\\/09\\\/IMG_3260-scaled.jpeg\",\"articleSection\":[\"KRONIKA\"],\"inLanguage\":\"en-US\",\"potentialAction\":[{\"@type\":\"CommentAction\",\"name\":\"Comment\",\"target\":[\"https:\\\/\\\/medvegjasot.com\\\/?p=5493#respond\"]}]},{\"@type\":\"WebPage\",\"@id\":\"https:\\\/\\\/medvegjasot.com\\\/?p=5493\",\"url\":\"https:\\\/\\\/medvegjasot.com\\\/?p=5493\",\"name\":\"REFERENDUMI HISTORIK I 1\u20132 MARSIT 1992 \u2013 SHQIPTAR\u00cbT E LUGIN\u00cbS S\u00cb PRESHEV\u00cbS SHPREHIN VULLNETIN POLITIK P\u00cbR AUTONOMI DHE BASHKIM ME KOSOV\u00cbN - Medvegja Sot\",\"isPartOf\":{\"@id\":\"https:\\\/\\\/medvegjasot.com\\\/#website\"},\"primaryImageOfPage\":{\"@id\":\"https:\\\/\\\/medvegjasot.com\\\/?p=5493#primaryimage\"},\"image\":{\"@id\":\"https:\\\/\\\/medvegjasot.com\\\/?p=5493#primaryimage\"},\"thumbnailUrl\":\"https:\\\/\\\/medvegjasot.com\\\/wp-content\\\/uploads\\\/2025\\\/09\\\/IMG_3260-scaled.jpeg\",\"datePublished\":\"2025-09-18T13:42:26+00:00\",\"dateModified\":\"2026-03-02T17:38:40+00:00\",\"breadcrumb\":{\"@id\":\"https:\\\/\\\/medvegjasot.com\\\/?p=5493#breadcrumb\"},\"inLanguage\":\"en-US\",\"potentialAction\":[{\"@type\":\"ReadAction\",\"target\":[\"https:\\\/\\\/medvegjasot.com\\\/?p=5493\"]}]},{\"@type\":\"ImageObject\",\"inLanguage\":\"en-US\",\"@id\":\"https:\\\/\\\/medvegjasot.com\\\/?p=5493#primaryimage\",\"url\":\"https:\\\/\\\/medvegjasot.com\\\/wp-content\\\/uploads\\\/2025\\\/09\\\/IMG_3260-scaled.jpeg\",\"contentUrl\":\"https:\\\/\\\/medvegjasot.com\\\/wp-content\\\/uploads\\\/2025\\\/09\\\/IMG_3260-scaled.jpeg\",\"width\":2560,\"height\":1440},{\"@type\":\"BreadcrumbList\",\"@id\":\"https:\\\/\\\/medvegjasot.com\\\/?p=5493#breadcrumb\",\"itemListElement\":[{\"@type\":\"ListItem\",\"position\":1,\"name\":\"Home\",\"item\":\"https:\\\/\\\/medvegjasot.com\\\/\"},{\"@type\":\"ListItem\",\"position\":2,\"name\":\"REFERENDUMI HISTORIK I 1\u20132 MARSIT 1992 \u2013 SHQIPTAR\u00cbT E LUGIN\u00cbS S\u00cb PRESHEV\u00cbS SHPREHIN VULLNETIN POLITIK P\u00cbR AUTONOMI DHE BASHKIM ME KOSOV\u00cbN\"}]},{\"@type\":\"WebSite\",\"@id\":\"https:\\\/\\\/medvegjasot.com\\\/#website\",\"url\":\"https:\\\/\\\/medvegjasot.com\\\/\",\"name\":\"Medvegja Sot\",\"description\":\"Portal Lajmesh\",\"publisher\":{\"@id\":\"https:\\\/\\\/medvegjasot.com\\\/#organization\"},\"alternateName\":\"MS\",\"potentialAction\":[{\"@type\":\"SearchAction\",\"target\":{\"@type\":\"EntryPoint\",\"urlTemplate\":\"https:\\\/\\\/medvegjasot.com\\\/?s={search_term_string}\"},\"query-input\":{\"@type\":\"PropertyValueSpecification\",\"valueRequired\":true,\"valueName\":\"search_term_string\"}}],\"inLanguage\":\"en-US\"},{\"@type\":\"Organization\",\"@id\":\"https:\\\/\\\/medvegjasot.com\\\/#organization\",\"name\":\"Medvegja Sot\",\"alternateName\":\"MS\",\"url\":\"https:\\\/\\\/medvegjasot.com\\\/\",\"logo\":{\"@type\":\"ImageObject\",\"inLanguage\":\"en-US\",\"@id\":\"https:\\\/\\\/medvegjasot.com\\\/#\\\/schema\\\/logo\\\/image\\\/\",\"url\":\"https:\\\/\\\/medvegjasot.com\\\/wp-content\\\/uploads\\\/2024\\\/08\\\/logo.png\",\"contentUrl\":\"https:\\\/\\\/medvegjasot.com\\\/wp-content\\\/uploads\\\/2024\\\/08\\\/logo.png\",\"width\":500,\"height\":500,\"caption\":\"Medvegja Sot\"},\"image\":{\"@id\":\"https:\\\/\\\/medvegjasot.com\\\/#\\\/schema\\\/logo\\\/image\\\/\"},\"sameAs\":[\"https:\\\/\\\/www.facebook.com\\\/MedvegjaSot.com1\"]},{\"@type\":\"Person\",\"@id\":\"https:\\\/\\\/medvegjasot.com\\\/#\\\/schema\\\/person\\\/f2be1a84f4e95d0cb032946a1cf2e594\",\"name\":\"admin\",\"image\":{\"@type\":\"ImageObject\",\"inLanguage\":\"en-US\",\"@id\":\"https:\\\/\\\/secure.gravatar.com\\\/avatar\\\/2eedc5259426225ddc6f98b4b6728c30418b83e6f70285719780d3518d972ece?s=96&d=mm&r=g\",\"url\":\"https:\\\/\\\/secure.gravatar.com\\\/avatar\\\/2eedc5259426225ddc6f98b4b6728c30418b83e6f70285719780d3518d972ece?s=96&d=mm&r=g\",\"contentUrl\":\"https:\\\/\\\/secure.gravatar.com\\\/avatar\\\/2eedc5259426225ddc6f98b4b6728c30418b83e6f70285719780d3518d972ece?s=96&d=mm&r=g\",\"caption\":\"admin\"},\"url\":\"https:\\\/\\\/medvegjasot.com\\\/?author=2\"}]}<\/script>\n<!-- \/ Yoast SEO plugin. -->","yoast_head_json":{"title":"REFERENDUMI HISTORIK I 1\u20132 MARSIT 1992 \u2013 SHQIPTAR\u00cbT E LUGIN\u00cbS S\u00cb PRESHEV\u00cbS SHPREHIN VULLNETIN POLITIK P\u00cbR AUTONOMI DHE BASHKIM ME KOSOV\u00cbN - Medvegja Sot","robots":{"index":"index","follow":"follow","max-snippet":"max-snippet:-1","max-image-preview":"max-image-preview:large","max-video-preview":"max-video-preview:-1"},"canonical":"https:\/\/medvegjasot.com\/?p=5493","og_locale":"en_US","og_type":"article","og_title":"REFERENDUMI HISTORIK I 1\u20132 MARSIT 1992 \u2013 SHQIPTAR\u00cbT E LUGIN\u00cbS S\u00cb PRESHEV\u00cbS SHPREHIN VULLNETIN POLITIK P\u00cbR AUTONOMI DHE BASHKIM ME KOSOV\u00cbN - Medvegja Sot","og_description":"Para 30 vitesh, shqiptar\u00ebt e Lugin\u00ebs s\u00eb Preshev\u00ebs, n\u00eb rrethana t\u00eb jasht\u00ebzakonshme dhe n\u00eb vigjilje t\u00eb shkat\u00ebrrimit t\u00eb ish-Republik\u00ebs Socialiste Federative t\u00eb Jugosllavis\u00eb, nd\u00ebrmor\u00ebn hapin m\u00eb t\u00eb r\u00ebnd\u00ebsish\u00ebm politik t\u00eb historis\u00eb s\u00eb tyre moderne: organizimin e Referendumit t\u00eb 1 dhe 2 marsit 1992. Ky Referendum u shnd\u00ebrrua n\u00eb gur themeli t\u00eb organizimit t\u00eb shqiptar\u00ebve t\u00eb...","og_url":"https:\/\/medvegjasot.com\/?p=5493","og_site_name":"Medvegja Sot","article_publisher":"https:\/\/www.facebook.com\/MedvegjaSot.com1","article_published_time":"2025-09-18T13:42:26+00:00","article_modified_time":"2026-03-02T17:38:40+00:00","og_image":[{"width":2560,"height":1440,"url":"https:\/\/medvegjasot.com\/wp-content\/uploads\/2025\/09\/IMG_3260-scaled.jpeg","type":"image\/jpeg"}],"author":"admin","twitter_card":"summary_large_image","twitter_misc":{"Written by":"admin","Est. reading time":"6 minutes"},"schema":{"@context":"https:\/\/schema.org","@graph":[{"@type":"Article","@id":"https:\/\/medvegjasot.com\/?p=5493#article","isPartOf":{"@id":"https:\/\/medvegjasot.com\/?p=5493"},"author":{"name":"admin","@id":"https:\/\/medvegjasot.com\/#\/schema\/person\/f2be1a84f4e95d0cb032946a1cf2e594"},"headline":"REFERENDUMI HISTORIK I 1\u20132 MARSIT 1992 \u2013 SHQIPTAR\u00cbT E LUGIN\u00cbS S\u00cb PRESHEV\u00cbS SHPREHIN VULLNETIN POLITIK P\u00cbR AUTONOMI DHE BASHKIM ME KOSOV\u00cbN","datePublished":"2025-09-18T13:42:26+00:00","dateModified":"2026-03-02T17:38:40+00:00","mainEntityOfPage":{"@id":"https:\/\/medvegjasot.com\/?p=5493"},"wordCount":947,"commentCount":0,"publisher":{"@id":"https:\/\/medvegjasot.com\/#organization"},"image":{"@id":"https:\/\/medvegjasot.com\/?p=5493#primaryimage"},"thumbnailUrl":"https:\/\/medvegjasot.com\/wp-content\/uploads\/2025\/09\/IMG_3260-scaled.jpeg","articleSection":["KRONIKA"],"inLanguage":"en-US","potentialAction":[{"@type":"CommentAction","name":"Comment","target":["https:\/\/medvegjasot.com\/?p=5493#respond"]}]},{"@type":"WebPage","@id":"https:\/\/medvegjasot.com\/?p=5493","url":"https:\/\/medvegjasot.com\/?p=5493","name":"REFERENDUMI HISTORIK I 1\u20132 MARSIT 1992 \u2013 SHQIPTAR\u00cbT E LUGIN\u00cbS S\u00cb PRESHEV\u00cbS SHPREHIN VULLNETIN POLITIK P\u00cbR AUTONOMI DHE BASHKIM ME KOSOV\u00cbN - Medvegja Sot","isPartOf":{"@id":"https:\/\/medvegjasot.com\/#website"},"primaryImageOfPage":{"@id":"https:\/\/medvegjasot.com\/?p=5493#primaryimage"},"image":{"@id":"https:\/\/medvegjasot.com\/?p=5493#primaryimage"},"thumbnailUrl":"https:\/\/medvegjasot.com\/wp-content\/uploads\/2025\/09\/IMG_3260-scaled.jpeg","datePublished":"2025-09-18T13:42:26+00:00","dateModified":"2026-03-02T17:38:40+00:00","breadcrumb":{"@id":"https:\/\/medvegjasot.com\/?p=5493#breadcrumb"},"inLanguage":"en-US","potentialAction":[{"@type":"ReadAction","target":["https:\/\/medvegjasot.com\/?p=5493"]}]},{"@type":"ImageObject","inLanguage":"en-US","@id":"https:\/\/medvegjasot.com\/?p=5493#primaryimage","url":"https:\/\/medvegjasot.com\/wp-content\/uploads\/2025\/09\/IMG_3260-scaled.jpeg","contentUrl":"https:\/\/medvegjasot.com\/wp-content\/uploads\/2025\/09\/IMG_3260-scaled.jpeg","width":2560,"height":1440},{"@type":"BreadcrumbList","@id":"https:\/\/medvegjasot.com\/?p=5493#breadcrumb","itemListElement":[{"@type":"ListItem","position":1,"name":"Home","item":"https:\/\/medvegjasot.com\/"},{"@type":"ListItem","position":2,"name":"REFERENDUMI HISTORIK I 1\u20132 MARSIT 1992 \u2013 SHQIPTAR\u00cbT E LUGIN\u00cbS S\u00cb PRESHEV\u00cbS SHPREHIN VULLNETIN POLITIK P\u00cbR AUTONOMI DHE BASHKIM ME KOSOV\u00cbN"}]},{"@type":"WebSite","@id":"https:\/\/medvegjasot.com\/#website","url":"https:\/\/medvegjasot.com\/","name":"Medvegja Sot","description":"Portal Lajmesh","publisher":{"@id":"https:\/\/medvegjasot.com\/#organization"},"alternateName":"MS","potentialAction":[{"@type":"SearchAction","target":{"@type":"EntryPoint","urlTemplate":"https:\/\/medvegjasot.com\/?s={search_term_string}"},"query-input":{"@type":"PropertyValueSpecification","valueRequired":true,"valueName":"search_term_string"}}],"inLanguage":"en-US"},{"@type":"Organization","@id":"https:\/\/medvegjasot.com\/#organization","name":"Medvegja Sot","alternateName":"MS","url":"https:\/\/medvegjasot.com\/","logo":{"@type":"ImageObject","inLanguage":"en-US","@id":"https:\/\/medvegjasot.com\/#\/schema\/logo\/image\/","url":"https:\/\/medvegjasot.com\/wp-content\/uploads\/2024\/08\/logo.png","contentUrl":"https:\/\/medvegjasot.com\/wp-content\/uploads\/2024\/08\/logo.png","width":500,"height":500,"caption":"Medvegja Sot"},"image":{"@id":"https:\/\/medvegjasot.com\/#\/schema\/logo\/image\/"},"sameAs":["https:\/\/www.facebook.com\/MedvegjaSot.com1"]},{"@type":"Person","@id":"https:\/\/medvegjasot.com\/#\/schema\/person\/f2be1a84f4e95d0cb032946a1cf2e594","name":"admin","image":{"@type":"ImageObject","inLanguage":"en-US","@id":"https:\/\/secure.gravatar.com\/avatar\/2eedc5259426225ddc6f98b4b6728c30418b83e6f70285719780d3518d972ece?s=96&d=mm&r=g","url":"https:\/\/secure.gravatar.com\/avatar\/2eedc5259426225ddc6f98b4b6728c30418b83e6f70285719780d3518d972ece?s=96&d=mm&r=g","contentUrl":"https:\/\/secure.gravatar.com\/avatar\/2eedc5259426225ddc6f98b4b6728c30418b83e6f70285719780d3518d972ece?s=96&d=mm&r=g","caption":"admin"},"url":"https:\/\/medvegjasot.com\/?author=2"}]}},"jetpack_featured_media_url":"https:\/\/medvegjasot.com\/wp-content\/uploads\/2025\/09\/IMG_3260-scaled.jpeg","_links":{"self":[{"href":"https:\/\/medvegjasot.com\/index.php?rest_route=\/wp\/v2\/posts\/5493","targetHints":{"allow":["GET"]}}],"collection":[{"href":"https:\/\/medvegjasot.com\/index.php?rest_route=\/wp\/v2\/posts"}],"about":[{"href":"https:\/\/medvegjasot.com\/index.php?rest_route=\/wp\/v2\/types\/post"}],"author":[{"embeddable":true,"href":"https:\/\/medvegjasot.com\/index.php?rest_route=\/wp\/v2\/users\/2"}],"replies":[{"embeddable":true,"href":"https:\/\/medvegjasot.com\/index.php?rest_route=%2Fwp%2Fv2%2Fcomments&post=5493"}],"version-history":[{"count":10,"href":"https:\/\/medvegjasot.com\/index.php?rest_route=\/wp\/v2\/posts\/5493\/revisions"}],"predecessor-version":[{"id":6311,"href":"https:\/\/medvegjasot.com\/index.php?rest_route=\/wp\/v2\/posts\/5493\/revisions\/6311"}],"wp:featuredmedia":[{"embeddable":true,"href":"https:\/\/medvegjasot.com\/index.php?rest_route=\/wp\/v2\/media\/5495"}],"wp:attachment":[{"href":"https:\/\/medvegjasot.com\/index.php?rest_route=%2Fwp%2Fv2%2Fmedia&parent=5493"}],"wp:term":[{"taxonomy":"category","embeddable":true,"href":"https:\/\/medvegjasot.com\/index.php?rest_route=%2Fwp%2Fv2%2Fcategories&post=5493"},{"taxonomy":"post_tag","embeddable":true,"href":"https:\/\/medvegjasot.com\/index.php?rest_route=%2Fwp%2Fv2%2Ftags&post=5493"}],"curies":[{"name":"wp","href":"https:\/\/api.w.org\/{rel}","templated":true}]}}