{"id":5478,"date":"2025-09-18T07:59:16","date_gmt":"2025-09-18T07:59:16","guid":{"rendered":"https:\/\/medvegjasot.com\/?p=5478"},"modified":"2025-09-18T10:02:47","modified_gmt":"2025-09-18T10:02:47","slug":"banja-e-siarines-thesar-i-natyres-shendetit-kultures-dhe-diaspores","status":"publish","type":"post","link":"https:\/\/medvegjasot.com\/?p=5478","title":{"rendered":"BANJA E SIARIN\u00cbS \u2013 THESAR I NATYR\u00cbS, SH\u00cbNDETIT, KULTUR\u00cbS DHE DIASPOR\u00cbS"},"content":{"rendered":"\n<p>Banja e Siarin\u00ebs \u00ebsht\u00eb nj\u00eb nd\u00ebr destinacionet m\u00eb t\u00eb njohura dhe m\u00eb t\u00eb \u00e7muara t\u00eb komun\u00ebs s\u00eb Medvegj\u00ebs dhe t\u00eb mbar\u00eb trev\u00ebs shqiptare. E vendosur n\u00eb kryq\u00ebzimin strategjik t\u00eb rrug\u00ebs Prishtin\u00eb \u2013 Leskoc, pran\u00eb shtret\u00ebrve t\u00eb lumenjve t\u00eb Banj\u00ebs dhe Jabllanic\u00ebs, ajo shtrihet rr\u00ebz\u00eb maleve t\u00eb Gollakut, vet\u00ebm 65 kilometra larg kryeqytetit t\u00eb Kosov\u00ebs. Pozita e saj gjeografike e b\u00ebn leht\u00ebsisht t\u00eb qasshme, nd\u00ebrsa natyra p\u00ebrreth e shnd\u00ebrron n\u00eb nj\u00eb mrekulli t\u00eb rrall\u00eb q\u00eb i fton vizitor\u00ebt t\u00eb p\u00ebrjetojn\u00eb qet\u00ebsi, sh\u00ebndet dhe bukuri t\u00eb pap\u00ebrs\u00ebritshme.<\/p>\n\n\n\n<p>Ky vendbanim kufizohet n\u00eb veri dhe lindje me fshatin Siarin\u00eb, n\u00eb jug me Sfirc\u00ebn dhe n\u00eb per\u00ebndim me Borocin. I futur thell\u00eb n\u00eb nj\u00eb ngushtic\u00eb natyrore, i rrethuar nga gjelb\u00ebrim i harlisur dhe me klim\u00eb t\u00eb p\u00ebrshtatshme p\u00ebr q\u00ebndrim gjat\u00eb t\u00eb gjitha stin\u00ebve, ky vend i vog\u00ebl prej vet\u00ebm 2.3 km\u00b2 bart nj\u00eb pasuri t\u00eb madhe natyrore e sh\u00ebndet\u00ebsore q\u00eb e tejkalon p\u00ebrmas\u00ebn e tij gjeografike.<\/p>\n\n\n\n<figure class=\"wp-block-gallery has-nested-images columns-default is-cropped wp-block-gallery-1 is-layout-flex wp-block-gallery-is-layout-flex\">\n<figure class=\"wp-block-image size-large\"><img fetchpriority=\"high\" decoding=\"async\" width=\"1024\" height=\"576\" data-id=\"5484\" src=\"https:\/\/medvegjasot.com\/wp-content\/uploads\/2025\/09\/IMG_3247-1024x576.jpeg\" alt=\"\" class=\"wp-image-5484\" srcset=\"https:\/\/medvegjasot.com\/wp-content\/uploads\/2025\/09\/IMG_3247-1024x576.jpeg 1024w, https:\/\/medvegjasot.com\/wp-content\/uploads\/2025\/09\/IMG_3247-300x169.jpeg 300w, https:\/\/medvegjasot.com\/wp-content\/uploads\/2025\/09\/IMG_3247-768x432.jpeg 768w, https:\/\/medvegjasot.com\/wp-content\/uploads\/2025\/09\/IMG_3247-1536x864.jpeg 1536w, https:\/\/medvegjasot.com\/wp-content\/uploads\/2025\/09\/IMG_3247-2048x1152.jpeg 2048w\" sizes=\"(max-width: 1024px) 100vw, 1024px\" \/><\/figure>\n<\/figure>\n\n\n\n<p>Pasuria m\u00eb e madhe e Banj\u00ebs s\u00eb Siarin\u00ebs jan\u00eb burimet e uj\u00ebrave minerale. N\u00eb k\u00ebt\u00eb hap\u00ebsir\u00eb t\u00eb ngusht\u00eb gjenden plot 18 burime termale me p\u00ebrb\u00ebrje t\u00eb ndryshme fiziko-kimike dhe temperatura q\u00eb variojn\u00eb nga 32 deri n\u00eb 72 grad\u00eb Celsius. Uj\u00ebrat e tyre kan\u00eb vlera t\u00eb jasht\u00ebzakonshme sh\u00ebruese dhe p\u00ebrdoren prej koh\u00ebsh p\u00ebr trajtimin e s\u00ebmundjeve reumatike, ortopedike, neurologjike e t\u00eb tjera. P\u00ebrve\u00e7 p\u00ebrdorimit mjek\u00ebsor, k\u00ebto uj\u00ebra jan\u00eb burim i relaksimit dhe mir\u00ebqenies, duke i dh\u00ebn\u00eb k\u00ebsaj zone nj\u00eb dimension t\u00eb ve\u00e7ant\u00eb turizmi sh\u00ebndet\u00ebsor.<\/p>\n\n\n\n<p>Nd\u00ebr atraksionet m\u00eb t\u00eb rralla q\u00eb e b\u00ebjn\u00eb k\u00ebt\u00eb banj\u00eb unike n\u00eb nivel evropian jan\u00eb gejzer\u00ebt e ujit t\u00eb nxeht\u00eb. Ky fenomen natyror i pap\u00ebrs\u00ebritsh\u00ebm krijon shtylla uji q\u00eb ngrihen deri n\u00eb 8 metra lart\u00ebsi, duke ofruar nj\u00eb spektak\u00ebl t\u00eb mrekulluesh\u00ebm p\u00ebr syt\u00eb e vizitor\u00ebve. Pran\u00eb gejzerit \u00ebsht\u00eb nd\u00ebrtuar kompleksi modern me pishina dhe fontana, ku vizitor\u00ebt mund t\u00eb shijojn\u00eb fuqin\u00eb sh\u00ebruese dhe relaksuese t\u00eb uj\u00ebrave t\u00eb ngrohta, n\u00eb nj\u00eb ambient t\u00eb p\u00ebrshtatur p\u00ebr t\u00eb gjitha moshat.<\/p>\n\n\n\n<p>Dimensioni sh\u00ebndet\u00ebsor i Banj\u00ebs s\u00eb Siarin\u00ebs \u00ebsht\u00eb i mish\u00ebruar n\u00eb Entin e specializuar p\u00ebr rehabilitim \u201cBanja e Siarin\u00ebs\u201d, nj\u00eb institucion me tradit\u00eb dhe kapacitete bashk\u00ebkohore q\u00eb ofron sh\u00ebrbime cil\u00ebsore p\u00ebr pacient\u00ebt nga e gjith\u00eb treva dhe m\u00eb gjer\u00eb. P\u00ebrkrah k\u00ebtij enti q\u00ebndron hoteli \u201cGejzer\u201d, i cili ofron kushte t\u00eb rehatshme akomodimi p\u00ebr vizitor\u00ebt dhe pacient\u00ebt, duke plot\u00ebsuar n\u00eb m\u00ebnyr\u00eb t\u00eb shk\u00eblqyer mozaikun e sh\u00ebrbimeve q\u00eb kjo banj\u00eb ofron.<\/p>\n\n\n\n<figure class=\"wp-block-gallery has-nested-images columns-default is-cropped wp-block-gallery-2 is-layout-flex wp-block-gallery-is-layout-flex\">\n<figure class=\"wp-block-image size-large\"><img decoding=\"async\" width=\"1024\" height=\"576\" data-id=\"5480\" src=\"https:\/\/medvegjasot.com\/wp-content\/uploads\/2025\/09\/photo-output-5-1024x576.png\" alt=\"\" class=\"wp-image-5480\" srcset=\"https:\/\/medvegjasot.com\/wp-content\/uploads\/2025\/09\/photo-output-5-1024x576.png 1024w, https:\/\/medvegjasot.com\/wp-content\/uploads\/2025\/09\/photo-output-5-300x169.png 300w, https:\/\/medvegjasot.com\/wp-content\/uploads\/2025\/09\/photo-output-5-768x432.png 768w, https:\/\/medvegjasot.com\/wp-content\/uploads\/2025\/09\/photo-output-5-1536x864.png 1536w, https:\/\/medvegjasot.com\/wp-content\/uploads\/2025\/09\/photo-output-5.png 2048w\" sizes=\"(max-width: 1024px) 100vw, 1024px\" \/><\/figure>\n<\/figure>\n\n\n\n<p><\/p>\n\n\n\n<p>Megjithat\u00eb, realiteti i sot\u00ebm p\u00ebr shqiptar\u00ebt n\u00eb k\u00ebt\u00eb trev\u00eb \u00ebsht\u00eb i v\u00ebshtir\u00eb. Pasivizimi, papun\u00ebsia dhe mungesa e kushteve ekonomike kan\u00eb detyruar shum\u00eb familje t\u00eb largohen, duke k\u00ebrkuar nj\u00eb jet\u00eb m\u00eb t\u00eb mir\u00eb e shpesh vet\u00ebm mbijetes\u00eb. Ata q\u00eb jan\u00eb detyruar t\u00eb emigrojn\u00eb, jetojn\u00eb sot shpesh n\u00eb kushte t\u00eb r\u00ebnda, nd\u00ebrsa vendlindja e tyre vazhdon t\u00eb p\u00ebrballet me boshatisje dhe presione t\u00eb shumta. Por, pavar\u00ebsisht k\u00ebtyre rrethanave t\u00eb r\u00ebnda, gjat\u00eb ver\u00ebs Banja e Siarin\u00ebs gjall\u00ebrohet nga nj\u00eb num\u00ebr i madh vizitor\u00ebsh. Shqiptar\u00ebt e shp\u00ebrngulur kthehen p\u00ebr pushime n\u00eb vendlindje, duke sjell\u00eb me vete jet\u00eb, g\u00ebzim dhe gjall\u00ebri. Shum\u00eb prej tyre kan\u00eb nd\u00ebrtuar aty hotele, vila dhe sht\u00ebpi, duke i dh\u00ebn\u00eb k\u00ebsaj banje nj\u00eb fytyr\u00eb t\u00eb re turistike dhe duke e mbajtur gjall\u00eb lidhjen e pashk\u00ebputshme me tok\u00ebn e tyre amtare.<\/p>\n\n\n\n<p>Nj\u00eb rol t\u00eb r\u00ebnd\u00ebsish\u00ebm n\u00eb gjall\u00ebrimin kulturor dhe shoq\u00ebror t\u00eb Banj\u00ebs s\u00eb Siarin\u00ebs ka luajtur edhe manifestimi tradicional&nbsp;<strong>\u201cDit\u00ebt e Diaspor\u00ebs\u201d<\/strong>, i cili mbahet \u00e7do ver\u00eb n\u00eb kompleksin e Gejzerit. Ky aktivitet kulturor-artistik, i cili n\u00eb vitin 2024 sh\u00ebnoi edicionin e tij t\u00eb 14-t\u00eb, nisi q\u00eb nga viti 2010 me iniciativ\u00ebn e nj\u00eb grupi vullnetar\u00ebsh, n\u00ebn drejtimin e Shoqat\u00ebs Humanitare Medvegja n\u00eb Zvic\u00ebr (SHHM), me kryetar t\u00eb at\u00ebhersh\u00ebm Zenel Neziri, sot kryetar nderi i shoqat\u00ebs. Ky manifestim, i cili p\u00ebr \u00e7do vit ka mbledhur bashkatdhetar\u00eb nga e gjith\u00eb diaspora dhe vendlindja, \u00ebsht\u00eb shnd\u00ebrruar n\u00eb pik\u00ebtakim t\u00eb r\u00ebnd\u00ebsish\u00ebm p\u00ebr ruajtjen e kultur\u00ebs, tradit\u00ebs dhe forcimin e lidhjeve me vendlindjen.<\/p>\n\n\n\n<figure class=\"wp-block-gallery has-nested-images columns-default is-cropped wp-block-gallery-3 is-layout-flex wp-block-gallery-is-layout-flex\">\n<figure class=\"wp-block-image size-large\"><img decoding=\"async\" width=\"818\" height=\"1024\" data-id=\"5486\" src=\"https:\/\/medvegjasot.com\/wp-content\/uploads\/2025\/09\/IMG_3248-818x1024.jpeg\" alt=\"\" class=\"wp-image-5486\" srcset=\"https:\/\/medvegjasot.com\/wp-content\/uploads\/2025\/09\/IMG_3248-818x1024.jpeg 818w, https:\/\/medvegjasot.com\/wp-content\/uploads\/2025\/09\/IMG_3248-240x300.jpeg 240w, https:\/\/medvegjasot.com\/wp-content\/uploads\/2025\/09\/IMG_3248-768x961.jpeg 768w, https:\/\/medvegjasot.com\/wp-content\/uploads\/2025\/09\/IMG_3248-1227x1536.jpeg 1227w, https:\/\/medvegjasot.com\/wp-content\/uploads\/2025\/09\/IMG_3248.jpeg 1636w\" sizes=\"(max-width: 818px) 100vw, 818px\" \/><\/figure>\n<\/figure>\n\n\n\n<p><\/p>\n\n\n\n<p>Fatkeq\u00ebsisht, n\u00eb vitin 2025 ky aktivitet nuk u lejua t\u00eb mbahej nga autoritetet lokale, duke shkaktuar reagim dhe keqardhje t\u00eb madhe. Shoqata Humanitare Medvegja n\u00eb Zvic\u00ebr reagoi ashp\u00ebr ndaj k\u00ebtij ndalimi, duke theksuar se&nbsp;<strong>ndalimi i nj\u00eb manifestimi kulturor e shoq\u00ebror p\u00ebrb\u00ebn jo vet\u00ebm penges\u00eb p\u00ebr jet\u00ebn komunitare, por edhe goditje ndaj p\u00ebrpjekjeve t\u00eb diaspor\u00ebs p\u00ebr t\u00eb kontribuar n\u00eb vendlindje<\/strong>. N\u00eb reagimin e saj, ShHMZ theksoi rolin e paz\u00ebvend\u00ebsuesh\u00ebm t\u00eb diaspor\u00ebs s\u00eb Medvegj\u00ebs si ur\u00eb lidh\u00ebse mes m\u00ebrgat\u00ebs dhe vendlindjes, p\u00ebrmes ndihm\u00ebs humanitare, mb\u00ebshtetjes kulturore dhe projekteve zhvillimore.<\/p>\n\n\n\n<p>Banja e Siarin\u00ebs nuk \u00ebsht\u00eb thjesht nj\u00eb qend\u00ebr e sh\u00ebndetit dhe turizmit, por nj\u00eb vend i identitetit, i kujtes\u00ebs dhe i q\u00ebndres\u00ebs s\u00eb shqiptar\u00ebve t\u00eb Medvegj\u00ebs. Ajo \u00ebsht\u00eb hap\u00ebsira ku diaspora takohet me vendlindjen, ku natyra nd\u00ebrthuret me kultur\u00ebn dhe ku gjeneratat e reja e t\u00eb vjetra gjejn\u00eb nj\u00eb pik\u00eb bashkimi. P\u00ebr k\u00ebt\u00eb arsye, ngjarje si \u201cDit\u00ebt e Diaspor\u00ebs\u201d duhet jo vet\u00ebm t\u00eb lejohen, por edhe t\u00eb mb\u00ebshteten fuqish\u00ebm nga t\u00eb gjith\u00eb faktor\u00ebt, sepse ato p\u00ebrfaq\u00ebsojn\u00eb&nbsp;<strong>dashurin\u00eb p\u00ebr vendlindjen, forcimin e identitetit dhe vazhdim\u00ebsin\u00eb e lidhjes s\u00eb shqiptar\u00ebve me tok\u00ebn e tyre amtare<\/strong>.<\/p>\n\n\n\n<figure class=\"wp-block-gallery has-nested-images columns-default is-cropped wp-block-gallery-4 is-layout-flex wp-block-gallery-is-layout-flex\">\n<figure class=\"wp-block-image size-large\"><img loading=\"lazy\" decoding=\"async\" width=\"1024\" height=\"576\" data-id=\"5488\" src=\"https:\/\/medvegjasot.com\/wp-content\/uploads\/2025\/09\/IMG_3250-1024x576.jpeg\" alt=\"\" class=\"wp-image-5488\" srcset=\"https:\/\/medvegjasot.com\/wp-content\/uploads\/2025\/09\/IMG_3250-1024x576.jpeg 1024w, https:\/\/medvegjasot.com\/wp-content\/uploads\/2025\/09\/IMG_3250-300x169.jpeg 300w, https:\/\/medvegjasot.com\/wp-content\/uploads\/2025\/09\/IMG_3250-768x432.jpeg 768w, https:\/\/medvegjasot.com\/wp-content\/uploads\/2025\/09\/IMG_3250-1536x864.jpeg 1536w, https:\/\/medvegjasot.com\/wp-content\/uploads\/2025\/09\/IMG_3250.jpeg 1920w\" sizes=\"(max-width: 1024px) 100vw, 1024px\" \/><\/figure>\n<\/figure>\n\n\n\n<p>Banja e Siarin\u00ebs, me uj\u00ebrat e saj sh\u00ebruese, me peizazhin e saj t\u00eb mrekulluesh\u00ebm dhe me dimensionin e saj kulturor e shoq\u00ebror, mbetet nj\u00eb thesar i paz\u00ebvend\u00ebsuesh\u00ebm komb\u00ebtar. Ajo \u00ebsht\u00eb d\u00ebshmi se, pavar\u00ebsisht v\u00ebshtir\u00ebsive dhe sfidave, lidhja e shqiptar\u00ebve me k\u00ebt\u00eb vend nuk \u00ebsht\u00eb thyer dhe nuk do t\u00eb thyhet kurr\u00eb.&nbsp;<\/p>\n\n\n\n<p>Ky lib\u00ebr \u00ebsht\u00eb rezultat i nj\u00eb pune t\u00eb gjat\u00eb, t\u00eb kujdesshme dhe t\u00eb shum\u00ebfisht\u00eb n\u00eb mbledhjen e biografive, emrave, datave, shkollave, aktiviteteve dhe ngjarjeve t\u00eb r\u00ebnd\u00ebsishme. Asgj\u00eb nuk \u00ebsht\u00eb rast\u00ebsore \u2013 \u00e7do informacion \u00ebsht\u00eb mbledhur, verifikuar dhe kaluar p\u00ebrmes disa filtrave t\u00eb kujdessh\u00ebm, n\u00eb m\u00ebnyr\u00eb q\u00eb lexuesi t\u00eb ket\u00eb n\u00eb dor\u00eb nj\u00eb burim t\u00eb sakt\u00eb dhe t\u00eb besuesh\u00ebm.<\/p>\n\n\n\n<figure class=\"wp-block-gallery has-nested-images columns-default is-cropped wp-block-gallery-5 is-layout-flex wp-block-gallery-is-layout-flex\">\n<figure class=\"wp-block-image size-large\"><img loading=\"lazy\" decoding=\"async\" width=\"1024\" height=\"576\" data-id=\"3076\" src=\"https:\/\/medvegjasot.com\/wp-content\/uploads\/2024\/10\/photo-output-9-1024x576.jpeg\" alt=\"\" class=\"wp-image-3076\" srcset=\"https:\/\/medvegjasot.com\/wp-content\/uploads\/2024\/10\/photo-output-9-1024x576.jpeg 1024w, https:\/\/medvegjasot.com\/wp-content\/uploads\/2024\/10\/photo-output-9-300x169.jpeg 300w, https:\/\/medvegjasot.com\/wp-content\/uploads\/2024\/10\/photo-output-9-768x432.jpeg 768w, https:\/\/medvegjasot.com\/wp-content\/uploads\/2024\/10\/photo-output-9.jpeg 1366w\" sizes=\"(max-width: 1024px) 100vw, 1024px\" \/><\/figure>\n<\/figure>\n\n\n\n<p>P\u00ebr realizimin e k\u00ebtij botimi jan\u00eb zhvilluar qindra biseda dhe intervista me m\u00ebsues, ish-drejtor\u00eb, familjar\u00eb, studiues e njoh\u00ebs t\u00eb fushave t\u00eb ndryshme. \u00c7do d\u00ebshmi \u00ebsht\u00eb ballafaquar me t\u00eb dh\u00ebnat historike dhe sh\u00ebnimet e ruajtura nd\u00ebr vite, n\u00eb m\u00ebnyr\u00eb q\u00eb asnj\u00eb em\u00ebr dhe asnj\u00eb ngjarje t\u00eb mos mbetet e pap\u00ebrfshir\u00eb.<\/p>\n\n\n\n<p>Libri i sh\u00ebrben studiuesve, analist\u00ebve dhe \u00e7do lexuesi t\u00eb interesuar si nj\u00eb material i vlefsh\u00ebm p\u00ebr kultur\u00ebn, arsimin dhe historin\u00eb ton\u00eb. Ai \u00ebsht\u00eb nj\u00eb udh\u00ebtim i dokumentuar me kujdes, ku kultura paraqitet p\u00ebrmes njer\u00ebzve t\u00eb kultur\u00ebs, arsimi p\u00ebrmes figurave t\u00eb arsimit, dhe historia p\u00ebrmes d\u00ebshmive t\u00eb atyre q\u00eb e p\u00ebrjetuan dhe e ruajt\u00ebn me kujdes.<\/p>\n\n\n\n<p>Ky botim nuk \u00ebsht\u00eb vet\u00ebm nj\u00eb p\u00ebrmbledhje faktesh, por nj\u00eb arkiv i gjall\u00eb i kujtes\u00ebs kolektive, nj\u00eb burim i domosdosh\u00ebm p\u00ebr \u00e7do studim, analiz\u00eb dhe hulumtim t\u00eb ardhsh\u00ebm. <br><\/p>\n\n\n\n<p><strong>Punim i shkruar nga shkrimtari i shum\u00eb veprave t\u00eb botuara, opinionist dhe autor i dy katalog\u00ebve mbi veshjen tradicionale t\u00eb Medvegj\u00ebs, si dhe i librave \u201cShqiptar\u00ebt e Medvegj\u00ebs n\u00ebp\u00ebr shekuj\u201d \u2013 v\u00ebllimi 1 dhe 2,&nbsp;Rrahman Hyseni<\/strong><\/p>\n","protected":false},"excerpt":{"rendered":"<p>Banja e Siarin\u00ebs \u00ebsht\u00eb nj\u00eb nd\u00ebr destinacionet m\u00eb t\u00eb njohura dhe m\u00eb t\u00eb \u00e7muara t\u00eb komun\u00ebs s\u00eb Medvegj\u00ebs dhe t\u00eb mbar\u00eb trev\u00ebs shqiptare. E vendosur n\u00eb kryq\u00ebzimin strategjik t\u00eb rrug\u00ebs Prishtin\u00eb \u2013 Leskoc, pran\u00eb shtret\u00ebrve t\u00eb lumenjve t\u00eb Banj\u00ebs dhe Jabllanic\u00ebs, ajo shtrihet rr\u00ebz\u00eb maleve t\u00eb Gollakut, vet\u00ebm 65 kilometra larg kryeqytetit t\u00eb Kosov\u00ebs. Pozita&#8230;<\/p>\n","protected":false},"author":2,"featured_media":5482,"comment_status":"open","ping_status":"open","sticky":false,"template":"","format":"standard","meta":{"_coblocks_attr":"","_coblocks_dimensions":"","_coblocks_responsive_height":"","_coblocks_accordion_ie_support":"","_monsterinsights_skip_tracking":false,"_monsterinsights_sitenote_active":false,"_monsterinsights_sitenote_note":"","_monsterinsights_sitenote_category":0,"footnotes":""},"categories":[3],"tags":[],"class_list":["post-5478","post","type-post","status-publish","format-standard","has-post-thumbnail","hentry","category-kronika"],"yoast_head":"<!-- This site is optimized with the Yoast SEO plugin v27.5 - https:\/\/yoast.com\/product\/yoast-seo-wordpress\/ -->\n<title>BANJA E SIARIN\u00cbS \u2013 THESAR I NATYR\u00cbS, SH\u00cbNDETIT, KULTUR\u00cbS DHE DIASPOR\u00cbS - Medvegja Sot<\/title>\n<meta name=\"robots\" content=\"index, follow, max-snippet:-1, max-image-preview:large, max-video-preview:-1\" \/>\n<link rel=\"canonical\" href=\"https:\/\/medvegjasot.com\/?p=5478\" \/>\n<meta property=\"og:locale\" content=\"en_US\" \/>\n<meta property=\"og:type\" content=\"article\" \/>\n<meta property=\"og:title\" content=\"BANJA E SIARIN\u00cbS \u2013 THESAR I NATYR\u00cbS, SH\u00cbNDETIT, KULTUR\u00cbS DHE DIASPOR\u00cbS - Medvegja Sot\" \/>\n<meta property=\"og:description\" content=\"Banja e Siarin\u00ebs \u00ebsht\u00eb nj\u00eb nd\u00ebr destinacionet m\u00eb t\u00eb njohura dhe m\u00eb t\u00eb \u00e7muara t\u00eb komun\u00ebs s\u00eb Medvegj\u00ebs dhe t\u00eb mbar\u00eb trev\u00ebs shqiptare. E vendosur n\u00eb kryq\u00ebzimin strategjik t\u00eb rrug\u00ebs Prishtin\u00eb \u2013 Leskoc, pran\u00eb shtret\u00ebrve t\u00eb lumenjve t\u00eb Banj\u00ebs dhe Jabllanic\u00ebs, ajo shtrihet rr\u00ebz\u00eb maleve t\u00eb Gollakut, vet\u00ebm 65 kilometra larg kryeqytetit t\u00eb Kosov\u00ebs. Pozita...\" \/>\n<meta property=\"og:url\" content=\"https:\/\/medvegjasot.com\/?p=5478\" \/>\n<meta property=\"og:site_name\" content=\"Medvegja Sot\" \/>\n<meta property=\"article:publisher\" content=\"https:\/\/www.facebook.com\/MedvegjaSot.com1\" \/>\n<meta property=\"article:published_time\" content=\"2025-09-18T07:59:16+00:00\" \/>\n<meta property=\"article:modified_time\" content=\"2025-09-18T10:02:47+00:00\" \/>\n<meta property=\"og:image\" content=\"https:\/\/medvegjasot.com\/wp-content\/uploads\/2025\/09\/photo-output-6-1024x576.png\" \/>\n\t<meta property=\"og:image:width\" content=\"1024\" \/>\n\t<meta property=\"og:image:height\" content=\"576\" \/>\n\t<meta property=\"og:image:type\" content=\"image\/png\" \/>\n<meta name=\"author\" content=\"admin\" \/>\n<meta name=\"twitter:card\" content=\"summary_large_image\" \/>\n<meta name=\"twitter:label1\" content=\"Written by\" \/>\n\t<meta name=\"twitter:data1\" content=\"admin\" \/>\n\t<meta name=\"twitter:label2\" content=\"Est. reading time\" \/>\n\t<meta name=\"twitter:data2\" content=\"6 minutes\" \/>\n<script type=\"application\/ld+json\" class=\"yoast-schema-graph\">{\"@context\":\"https:\\\/\\\/schema.org\",\"@graph\":[{\"@type\":\"Article\",\"@id\":\"https:\\\/\\\/medvegjasot.com\\\/?p=5478#article\",\"isPartOf\":{\"@id\":\"https:\\\/\\\/medvegjasot.com\\\/?p=5478\"},\"author\":{\"name\":\"admin\",\"@id\":\"https:\\\/\\\/medvegjasot.com\\\/#\\\/schema\\\/person\\\/f2be1a84f4e95d0cb032946a1cf2e594\"},\"headline\":\"BANJA E SIARIN\u00cbS \u2013 THESAR I NATYR\u00cbS, SH\u00cbNDETIT, KULTUR\u00cbS DHE DIASPOR\u00cbS\",\"datePublished\":\"2025-09-18T07:59:16+00:00\",\"dateModified\":\"2025-09-18T10:02:47+00:00\",\"mainEntityOfPage\":{\"@id\":\"https:\\\/\\\/medvegjasot.com\\\/?p=5478\"},\"wordCount\":1351,\"commentCount\":0,\"publisher\":{\"@id\":\"https:\\\/\\\/medvegjasot.com\\\/#organization\"},\"image\":{\"@id\":\"https:\\\/\\\/medvegjasot.com\\\/?p=5478#primaryimage\"},\"thumbnailUrl\":\"https:\\\/\\\/medvegjasot.com\\\/wp-content\\\/uploads\\\/2025\\\/09\\\/photo-output-6.png\",\"articleSection\":[\"KRONIKA\"],\"inLanguage\":\"en-US\",\"potentialAction\":[{\"@type\":\"CommentAction\",\"name\":\"Comment\",\"target\":[\"https:\\\/\\\/medvegjasot.com\\\/?p=5478#respond\"]}]},{\"@type\":\"WebPage\",\"@id\":\"https:\\\/\\\/medvegjasot.com\\\/?p=5478\",\"url\":\"https:\\\/\\\/medvegjasot.com\\\/?p=5478\",\"name\":\"BANJA E SIARIN\u00cbS \u2013 THESAR I NATYR\u00cbS, SH\u00cbNDETIT, KULTUR\u00cbS DHE DIASPOR\u00cbS - Medvegja Sot\",\"isPartOf\":{\"@id\":\"https:\\\/\\\/medvegjasot.com\\\/#website\"},\"primaryImageOfPage\":{\"@id\":\"https:\\\/\\\/medvegjasot.com\\\/?p=5478#primaryimage\"},\"image\":{\"@id\":\"https:\\\/\\\/medvegjasot.com\\\/?p=5478#primaryimage\"},\"thumbnailUrl\":\"https:\\\/\\\/medvegjasot.com\\\/wp-content\\\/uploads\\\/2025\\\/09\\\/photo-output-6.png\",\"datePublished\":\"2025-09-18T07:59:16+00:00\",\"dateModified\":\"2025-09-18T10:02:47+00:00\",\"breadcrumb\":{\"@id\":\"https:\\\/\\\/medvegjasot.com\\\/?p=5478#breadcrumb\"},\"inLanguage\":\"en-US\",\"potentialAction\":[{\"@type\":\"ReadAction\",\"target\":[\"https:\\\/\\\/medvegjasot.com\\\/?p=5478\"]}]},{\"@type\":\"ImageObject\",\"inLanguage\":\"en-US\",\"@id\":\"https:\\\/\\\/medvegjasot.com\\\/?p=5478#primaryimage\",\"url\":\"https:\\\/\\\/medvegjasot.com\\\/wp-content\\\/uploads\\\/2025\\\/09\\\/photo-output-6.png\",\"contentUrl\":\"https:\\\/\\\/medvegjasot.com\\\/wp-content\\\/uploads\\\/2025\\\/09\\\/photo-output-6.png\",\"width\":2048,\"height\":1152},{\"@type\":\"BreadcrumbList\",\"@id\":\"https:\\\/\\\/medvegjasot.com\\\/?p=5478#breadcrumb\",\"itemListElement\":[{\"@type\":\"ListItem\",\"position\":1,\"name\":\"Home\",\"item\":\"https:\\\/\\\/medvegjasot.com\\\/\"},{\"@type\":\"ListItem\",\"position\":2,\"name\":\"BANJA E SIARIN\u00cbS \u2013 THESAR I NATYR\u00cbS, SH\u00cbNDETIT, KULTUR\u00cbS DHE DIASPOR\u00cbS\"}]},{\"@type\":\"WebSite\",\"@id\":\"https:\\\/\\\/medvegjasot.com\\\/#website\",\"url\":\"https:\\\/\\\/medvegjasot.com\\\/\",\"name\":\"Medvegja Sot\",\"description\":\"Portal Lajmesh\",\"publisher\":{\"@id\":\"https:\\\/\\\/medvegjasot.com\\\/#organization\"},\"alternateName\":\"MS\",\"potentialAction\":[{\"@type\":\"SearchAction\",\"target\":{\"@type\":\"EntryPoint\",\"urlTemplate\":\"https:\\\/\\\/medvegjasot.com\\\/?s={search_term_string}\"},\"query-input\":{\"@type\":\"PropertyValueSpecification\",\"valueRequired\":true,\"valueName\":\"search_term_string\"}}],\"inLanguage\":\"en-US\"},{\"@type\":\"Organization\",\"@id\":\"https:\\\/\\\/medvegjasot.com\\\/#organization\",\"name\":\"Medvegja Sot\",\"alternateName\":\"MS\",\"url\":\"https:\\\/\\\/medvegjasot.com\\\/\",\"logo\":{\"@type\":\"ImageObject\",\"inLanguage\":\"en-US\",\"@id\":\"https:\\\/\\\/medvegjasot.com\\\/#\\\/schema\\\/logo\\\/image\\\/\",\"url\":\"https:\\\/\\\/medvegjasot.com\\\/wp-content\\\/uploads\\\/2024\\\/08\\\/logo.png\",\"contentUrl\":\"https:\\\/\\\/medvegjasot.com\\\/wp-content\\\/uploads\\\/2024\\\/08\\\/logo.png\",\"width\":500,\"height\":500,\"caption\":\"Medvegja Sot\"},\"image\":{\"@id\":\"https:\\\/\\\/medvegjasot.com\\\/#\\\/schema\\\/logo\\\/image\\\/\"},\"sameAs\":[\"https:\\\/\\\/www.facebook.com\\\/MedvegjaSot.com1\"]},{\"@type\":\"Person\",\"@id\":\"https:\\\/\\\/medvegjasot.com\\\/#\\\/schema\\\/person\\\/f2be1a84f4e95d0cb032946a1cf2e594\",\"name\":\"admin\",\"image\":{\"@type\":\"ImageObject\",\"inLanguage\":\"en-US\",\"@id\":\"https:\\\/\\\/secure.gravatar.com\\\/avatar\\\/2eedc5259426225ddc6f98b4b6728c30418b83e6f70285719780d3518d972ece?s=96&d=mm&r=g\",\"url\":\"https:\\\/\\\/secure.gravatar.com\\\/avatar\\\/2eedc5259426225ddc6f98b4b6728c30418b83e6f70285719780d3518d972ece?s=96&d=mm&r=g\",\"contentUrl\":\"https:\\\/\\\/secure.gravatar.com\\\/avatar\\\/2eedc5259426225ddc6f98b4b6728c30418b83e6f70285719780d3518d972ece?s=96&d=mm&r=g\",\"caption\":\"admin\"},\"url\":\"https:\\\/\\\/medvegjasot.com\\\/?author=2\"}]}<\/script>\n<!-- \/ Yoast SEO plugin. -->","yoast_head_json":{"title":"BANJA E SIARIN\u00cbS \u2013 THESAR I NATYR\u00cbS, SH\u00cbNDETIT, KULTUR\u00cbS DHE DIASPOR\u00cbS - Medvegja Sot","robots":{"index":"index","follow":"follow","max-snippet":"max-snippet:-1","max-image-preview":"max-image-preview:large","max-video-preview":"max-video-preview:-1"},"canonical":"https:\/\/medvegjasot.com\/?p=5478","og_locale":"en_US","og_type":"article","og_title":"BANJA E SIARIN\u00cbS \u2013 THESAR I NATYR\u00cbS, SH\u00cbNDETIT, KULTUR\u00cbS DHE DIASPOR\u00cbS - Medvegja Sot","og_description":"Banja e Siarin\u00ebs \u00ebsht\u00eb nj\u00eb nd\u00ebr destinacionet m\u00eb t\u00eb njohura dhe m\u00eb t\u00eb \u00e7muara t\u00eb komun\u00ebs s\u00eb Medvegj\u00ebs dhe t\u00eb mbar\u00eb trev\u00ebs shqiptare. E vendosur n\u00eb kryq\u00ebzimin strategjik t\u00eb rrug\u00ebs Prishtin\u00eb \u2013 Leskoc, pran\u00eb shtret\u00ebrve t\u00eb lumenjve t\u00eb Banj\u00ebs dhe Jabllanic\u00ebs, ajo shtrihet rr\u00ebz\u00eb maleve t\u00eb Gollakut, vet\u00ebm 65 kilometra larg kryeqytetit t\u00eb Kosov\u00ebs. Pozita...","og_url":"https:\/\/medvegjasot.com\/?p=5478","og_site_name":"Medvegja Sot","article_publisher":"https:\/\/www.facebook.com\/MedvegjaSot.com1","article_published_time":"2025-09-18T07:59:16+00:00","article_modified_time":"2025-09-18T10:02:47+00:00","og_image":[{"width":1024,"height":576,"url":"https:\/\/medvegjasot.com\/wp-content\/uploads\/2025\/09\/photo-output-6-1024x576.png","type":"image\/png"}],"author":"admin","twitter_card":"summary_large_image","twitter_misc":{"Written by":"admin","Est. reading time":"6 minutes"},"schema":{"@context":"https:\/\/schema.org","@graph":[{"@type":"Article","@id":"https:\/\/medvegjasot.com\/?p=5478#article","isPartOf":{"@id":"https:\/\/medvegjasot.com\/?p=5478"},"author":{"name":"admin","@id":"https:\/\/medvegjasot.com\/#\/schema\/person\/f2be1a84f4e95d0cb032946a1cf2e594"},"headline":"BANJA E SIARIN\u00cbS \u2013 THESAR I NATYR\u00cbS, SH\u00cbNDETIT, KULTUR\u00cbS DHE DIASPOR\u00cbS","datePublished":"2025-09-18T07:59:16+00:00","dateModified":"2025-09-18T10:02:47+00:00","mainEntityOfPage":{"@id":"https:\/\/medvegjasot.com\/?p=5478"},"wordCount":1351,"commentCount":0,"publisher":{"@id":"https:\/\/medvegjasot.com\/#organization"},"image":{"@id":"https:\/\/medvegjasot.com\/?p=5478#primaryimage"},"thumbnailUrl":"https:\/\/medvegjasot.com\/wp-content\/uploads\/2025\/09\/photo-output-6.png","articleSection":["KRONIKA"],"inLanguage":"en-US","potentialAction":[{"@type":"CommentAction","name":"Comment","target":["https:\/\/medvegjasot.com\/?p=5478#respond"]}]},{"@type":"WebPage","@id":"https:\/\/medvegjasot.com\/?p=5478","url":"https:\/\/medvegjasot.com\/?p=5478","name":"BANJA E SIARIN\u00cbS \u2013 THESAR I NATYR\u00cbS, SH\u00cbNDETIT, KULTUR\u00cbS DHE DIASPOR\u00cbS - Medvegja Sot","isPartOf":{"@id":"https:\/\/medvegjasot.com\/#website"},"primaryImageOfPage":{"@id":"https:\/\/medvegjasot.com\/?p=5478#primaryimage"},"image":{"@id":"https:\/\/medvegjasot.com\/?p=5478#primaryimage"},"thumbnailUrl":"https:\/\/medvegjasot.com\/wp-content\/uploads\/2025\/09\/photo-output-6.png","datePublished":"2025-09-18T07:59:16+00:00","dateModified":"2025-09-18T10:02:47+00:00","breadcrumb":{"@id":"https:\/\/medvegjasot.com\/?p=5478#breadcrumb"},"inLanguage":"en-US","potentialAction":[{"@type":"ReadAction","target":["https:\/\/medvegjasot.com\/?p=5478"]}]},{"@type":"ImageObject","inLanguage":"en-US","@id":"https:\/\/medvegjasot.com\/?p=5478#primaryimage","url":"https:\/\/medvegjasot.com\/wp-content\/uploads\/2025\/09\/photo-output-6.png","contentUrl":"https:\/\/medvegjasot.com\/wp-content\/uploads\/2025\/09\/photo-output-6.png","width":2048,"height":1152},{"@type":"BreadcrumbList","@id":"https:\/\/medvegjasot.com\/?p=5478#breadcrumb","itemListElement":[{"@type":"ListItem","position":1,"name":"Home","item":"https:\/\/medvegjasot.com\/"},{"@type":"ListItem","position":2,"name":"BANJA E SIARIN\u00cbS \u2013 THESAR I NATYR\u00cbS, SH\u00cbNDETIT, KULTUR\u00cbS DHE DIASPOR\u00cbS"}]},{"@type":"WebSite","@id":"https:\/\/medvegjasot.com\/#website","url":"https:\/\/medvegjasot.com\/","name":"Medvegja Sot","description":"Portal Lajmesh","publisher":{"@id":"https:\/\/medvegjasot.com\/#organization"},"alternateName":"MS","potentialAction":[{"@type":"SearchAction","target":{"@type":"EntryPoint","urlTemplate":"https:\/\/medvegjasot.com\/?s={search_term_string}"},"query-input":{"@type":"PropertyValueSpecification","valueRequired":true,"valueName":"search_term_string"}}],"inLanguage":"en-US"},{"@type":"Organization","@id":"https:\/\/medvegjasot.com\/#organization","name":"Medvegja Sot","alternateName":"MS","url":"https:\/\/medvegjasot.com\/","logo":{"@type":"ImageObject","inLanguage":"en-US","@id":"https:\/\/medvegjasot.com\/#\/schema\/logo\/image\/","url":"https:\/\/medvegjasot.com\/wp-content\/uploads\/2024\/08\/logo.png","contentUrl":"https:\/\/medvegjasot.com\/wp-content\/uploads\/2024\/08\/logo.png","width":500,"height":500,"caption":"Medvegja Sot"},"image":{"@id":"https:\/\/medvegjasot.com\/#\/schema\/logo\/image\/"},"sameAs":["https:\/\/www.facebook.com\/MedvegjaSot.com1"]},{"@type":"Person","@id":"https:\/\/medvegjasot.com\/#\/schema\/person\/f2be1a84f4e95d0cb032946a1cf2e594","name":"admin","image":{"@type":"ImageObject","inLanguage":"en-US","@id":"https:\/\/secure.gravatar.com\/avatar\/2eedc5259426225ddc6f98b4b6728c30418b83e6f70285719780d3518d972ece?s=96&d=mm&r=g","url":"https:\/\/secure.gravatar.com\/avatar\/2eedc5259426225ddc6f98b4b6728c30418b83e6f70285719780d3518d972ece?s=96&d=mm&r=g","contentUrl":"https:\/\/secure.gravatar.com\/avatar\/2eedc5259426225ddc6f98b4b6728c30418b83e6f70285719780d3518d972ece?s=96&d=mm&r=g","caption":"admin"},"url":"https:\/\/medvegjasot.com\/?author=2"}]}},"jetpack_featured_media_url":"https:\/\/medvegjasot.com\/wp-content\/uploads\/2025\/09\/photo-output-6.png","_links":{"self":[{"href":"https:\/\/medvegjasot.com\/index.php?rest_route=\/wp\/v2\/posts\/5478","targetHints":{"allow":["GET"]}}],"collection":[{"href":"https:\/\/medvegjasot.com\/index.php?rest_route=\/wp\/v2\/posts"}],"about":[{"href":"https:\/\/medvegjasot.com\/index.php?rest_route=\/wp\/v2\/types\/post"}],"author":[{"embeddable":true,"href":"https:\/\/medvegjasot.com\/index.php?rest_route=\/wp\/v2\/users\/2"}],"replies":[{"embeddable":true,"href":"https:\/\/medvegjasot.com\/index.php?rest_route=%2Fwp%2Fv2%2Fcomments&post=5478"}],"version-history":[{"count":6,"href":"https:\/\/medvegjasot.com\/index.php?rest_route=\/wp\/v2\/posts\/5478\/revisions"}],"predecessor-version":[{"id":5492,"href":"https:\/\/medvegjasot.com\/index.php?rest_route=\/wp\/v2\/posts\/5478\/revisions\/5492"}],"wp:featuredmedia":[{"embeddable":true,"href":"https:\/\/medvegjasot.com\/index.php?rest_route=\/wp\/v2\/media\/5482"}],"wp:attachment":[{"href":"https:\/\/medvegjasot.com\/index.php?rest_route=%2Fwp%2Fv2%2Fmedia&parent=5478"}],"wp:term":[{"taxonomy":"category","embeddable":true,"href":"https:\/\/medvegjasot.com\/index.php?rest_route=%2Fwp%2Fv2%2Fcategories&post=5478"},{"taxonomy":"post_tag","embeddable":true,"href":"https:\/\/medvegjasot.com\/index.php?rest_route=%2Fwp%2Fv2%2Ftags&post=5478"}],"curies":[{"name":"wp","href":"https:\/\/api.w.org\/{rel}","templated":true}]}}