{"id":5360,"date":"2025-09-06T14:08:36","date_gmt":"2025-09-06T14:08:36","guid":{"rendered":"https:\/\/medvegjasot.com\/?p=5360"},"modified":"2025-09-06T14:13:00","modified_gmt":"2025-09-06T14:13:00","slug":"ku-jane-me-te-dashurit-tane-zeri-i-familjeve-te-te-zhdukurve-u-degjua-ne-gjeneve","status":"publish","type":"post","link":"https:\/\/medvegjasot.com\/?p=5360","title":{"rendered":"\u201cKU JAN\u00cb M\u00cb T\u00cb DASHURIT TAN\u00cb?\u201d \u2013 Z\u00cbRI I FAMILJEVE T\u00cb T\u00cb ZHDUKURVE U D\u00cbGJUA N\u00cb GJENEV\u00cb"},"content":{"rendered":"\n<p><strong>N\u00eb Dit\u00ebn Nd\u00ebrkomb\u00ebtare t\u00eb Personave t\u00eb Zhdukur, m\u00ebrgata shqiptare ngriti z\u00ebrin pran\u00eb OKB-s\u00eb<\/strong><\/p>\n\n\n\n<p><strong>Gjenev\u00eb, 30\u201331 gusht 2025<\/strong>&nbsp;\u2013 Me nj\u00eb pyetje t\u00eb vetme,&nbsp;<strong>\u201cKu jan\u00eb m\u00eb t\u00eb dashurit tan\u00eb?\u201d<\/strong>, familjar\u00eb t\u00eb t\u00eb zhdukurve, bashk\u00ebatdhetar\u00eb dhe p\u00ebrfaq\u00ebsues institucionesh nga Kosova e diaspora shqiptare n\u00eb Zvic\u00ebr, u mblodh\u00ebn n\u00eb Gjenev\u00eb p\u00ebr t\u00eb k\u00ebrkuar drejt\u00ebsi dhe t\u00eb v\u00ebrtet\u00ebn e shum\u00ebpritur p\u00ebr fatin e t\u00eb zhdukurve.<\/p>\n\n\n\n<p>Aktivitetet dyditore p\u00ebrfshin\u00eb nj\u00eb&nbsp;<strong>marsh sensibilizues<\/strong>, vizit\u00eb n\u00eb&nbsp;<strong>Kopshtin e t\u00eb Zhdukurve<\/strong>, nj\u00eb&nbsp;<strong>ekspozit\u00eb arti<\/strong>&nbsp;dhe nj\u00eb&nbsp;<strong>konferenc\u00eb nd\u00ebrkomb\u00ebtare<\/strong>. Mesazhi i tyre ishte i qart\u00eb:&nbsp;<strong>e v\u00ebrteta nuk mund t\u00eb fshihet dhe drejt\u00ebsia nuk mund t\u00eb vonohet pafund\u00ebsisht.<\/strong><\/p>\n\n\n\n<figure class=\"wp-block-gallery has-nested-images columns-default is-cropped wp-block-gallery-1 is-layout-flex wp-block-gallery-is-layout-flex\">\n<figure class=\"wp-block-image size-large\"><img fetchpriority=\"high\" decoding=\"async\" width=\"768\" height=\"1024\" data-id=\"5364\" src=\"https:\/\/medvegjasot.com\/wp-content\/uploads\/2025\/09\/IMG_2661-768x1024.jpeg\" alt=\"\" class=\"wp-image-5364\" srcset=\"https:\/\/medvegjasot.com\/wp-content\/uploads\/2025\/09\/IMG_2661-768x1024.jpeg 768w, https:\/\/medvegjasot.com\/wp-content\/uploads\/2025\/09\/IMG_2661-225x300.jpeg 225w, https:\/\/medvegjasot.com\/wp-content\/uploads\/2025\/09\/IMG_2661-1152x1536.jpeg 1152w, https:\/\/medvegjasot.com\/wp-content\/uploads\/2025\/09\/IMG_2661.jpeg 1440w\" sizes=\"(max-width: 768px) 100vw, 768px\" \/><\/figure>\n<\/figure>\n\n\n\n<p>N\u00eb em\u00ebr t\u00eb organizator\u00ebve u shpreh mir\u00ebnjohje p\u00ebr t\u00eb gjith\u00eb pjes\u00ebmarr\u00ebsit: familjar\u00eb, profesor\u00eb, artist\u00eb, diplomat\u00eb dhe p\u00ebrfaq\u00ebsues t\u00eb mediave shqiptare n\u00eb Zvic\u00ebr e Kosov\u00eb. Nj\u00eb fal\u00ebnderim i ve\u00e7ant\u00eb iu drejtua&nbsp;<strong>znj. Mirishahe Limani Hiler<\/strong>&nbsp;dhe&nbsp;<strong>z. Nazmi Jakurti<\/strong>&nbsp;p\u00ebr kontributin dhe angazhimin e tyre t\u00eb palodhur.<\/p>\n\n\n\n<p>\u201c<strong>Z\u00ebri yn\u00eb u d\u00ebgjua n\u00eb Gjenev\u00eb dhe do t\u00eb vazhdoj\u00eb t\u00eb d\u00ebgjohet kudo, derisa \u00e7do familje t\u00eb dij\u00eb t\u00eb v\u00ebrtet\u00ebn<\/strong>,\u201d u theksua n\u00eb p\u00ebrmbyllje t\u00eb ngjarjes, e cila sh\u00ebrbeu gjithashtu si nj\u00eb moment bashkimi me veprimtar\u00eb e miq t\u00eb m\u00ebrgat\u00ebs shqiptare. Transmeton: MEDVEGJASOT.com<\/p>\n\n\n\n<p><\/p>\n","protected":false},"excerpt":{"rendered":"<p>N\u00eb Dit\u00ebn Nd\u00ebrkomb\u00ebtare t\u00eb Personave t\u00eb Zhdukur, m\u00ebrgata shqiptare ngriti z\u00ebrin pran\u00eb OKB-s\u00eb Gjenev\u00eb, 30\u201331 gusht 2025&nbsp;\u2013 Me nj\u00eb pyetje t\u00eb vetme,&nbsp;\u201cKu jan\u00eb m\u00eb t\u00eb dashurit tan\u00eb?\u201d, familjar\u00eb t\u00eb t\u00eb zhdukurve, bashk\u00ebatdhetar\u00eb dhe p\u00ebrfaq\u00ebsues institucionesh nga Kosova e diaspora shqiptare n\u00eb Zvic\u00ebr, u mblodh\u00ebn n\u00eb Gjenev\u00eb p\u00ebr t\u00eb k\u00ebrkuar drejt\u00ebsi dhe t\u00eb v\u00ebrtet\u00ebn e shum\u00ebpritur&#8230;<\/p>\n","protected":false},"author":2,"featured_media":5363,"comment_status":"open","ping_status":"open","sticky":false,"template":"","format":"standard","meta":{"_coblocks_attr":"","_coblocks_dimensions":"","_coblocks_responsive_height":"","_coblocks_accordion_ie_support":"","_monsterinsights_skip_tracking":false,"_monsterinsights_sitenote_active":false,"_monsterinsights_sitenote_note":"","_monsterinsights_sitenote_category":0,"footnotes":""},"categories":[17],"tags":[],"class_list":["post-5360","post","type-post","status-publish","format-standard","has-post-thumbnail","hentry","category-diaspora"],"yoast_head":"<!-- This site is optimized with the Yoast SEO plugin v27.5 - https:\/\/yoast.com\/product\/yoast-seo-wordpress\/ -->\n<title>\u201cKU JAN\u00cb M\u00cb T\u00cb DASHURIT TAN\u00cb?\u201d \u2013 Z\u00cbRI I FAMILJEVE T\u00cb T\u00cb ZHDUKURVE U D\u00cbGJUA N\u00cb GJENEV\u00cb - Medvegja Sot<\/title>\n<meta name=\"robots\" content=\"index, follow, max-snippet:-1, max-image-preview:large, max-video-preview:-1\" \/>\n<link rel=\"canonical\" href=\"https:\/\/medvegjasot.com\/?p=5360\" \/>\n<meta property=\"og:locale\" content=\"en_US\" \/>\n<meta property=\"og:type\" content=\"article\" \/>\n<meta property=\"og:title\" content=\"\u201cKU JAN\u00cb M\u00cb T\u00cb DASHURIT TAN\u00cb?\u201d \u2013 Z\u00cbRI I FAMILJEVE T\u00cb T\u00cb ZHDUKURVE U D\u00cbGJUA N\u00cb GJENEV\u00cb - Medvegja Sot\" \/>\n<meta property=\"og:description\" content=\"N\u00eb Dit\u00ebn Nd\u00ebrkomb\u00ebtare t\u00eb Personave t\u00eb Zhdukur, m\u00ebrgata shqiptare ngriti z\u00ebrin pran\u00eb OKB-s\u00eb Gjenev\u00eb, 30\u201331 gusht 2025&nbsp;\u2013 Me nj\u00eb pyetje t\u00eb vetme,&nbsp;\u201cKu jan\u00eb m\u00eb t\u00eb dashurit tan\u00eb?\u201d, familjar\u00eb t\u00eb t\u00eb zhdukurve, bashk\u00ebatdhetar\u00eb dhe p\u00ebrfaq\u00ebsues institucionesh nga Kosova e diaspora shqiptare n\u00eb Zvic\u00ebr, u mblodh\u00ebn n\u00eb Gjenev\u00eb p\u00ebr t\u00eb k\u00ebrkuar drejt\u00ebsi dhe t\u00eb v\u00ebrtet\u00ebn e shum\u00ebpritur...\" \/>\n<meta property=\"og:url\" content=\"https:\/\/medvegjasot.com\/?p=5360\" \/>\n<meta property=\"og:site_name\" content=\"Medvegja Sot\" \/>\n<meta property=\"article:publisher\" content=\"https:\/\/www.facebook.com\/MedvegjaSot.com1\" \/>\n<meta property=\"article:published_time\" content=\"2025-09-06T14:08:36+00:00\" \/>\n<meta property=\"article:modified_time\" content=\"2025-09-06T14:13:00+00:00\" \/>\n<meta property=\"og:image\" content=\"https:\/\/medvegjasot.com\/wp-content\/uploads\/2025\/09\/photo-output-5-scaled.jpeg\" \/>\n\t<meta property=\"og:image:width\" content=\"2560\" \/>\n\t<meta property=\"og:image:height\" content=\"1440\" \/>\n\t<meta property=\"og:image:type\" content=\"image\/jpeg\" \/>\n<meta name=\"author\" content=\"admin\" \/>\n<meta name=\"twitter:card\" content=\"summary_large_image\" \/>\n<meta name=\"twitter:label1\" content=\"Written by\" \/>\n\t<meta name=\"twitter:data1\" content=\"admin\" \/>\n\t<meta name=\"twitter:label2\" content=\"Est. reading time\" \/>\n\t<meta name=\"twitter:data2\" content=\"2 minutes\" \/>\n<script type=\"application\/ld+json\" class=\"yoast-schema-graph\">{\"@context\":\"https:\\\/\\\/schema.org\",\"@graph\":[{\"@type\":\"Article\",\"@id\":\"https:\\\/\\\/medvegjasot.com\\\/?p=5360#article\",\"isPartOf\":{\"@id\":\"https:\\\/\\\/medvegjasot.com\\\/?p=5360\"},\"author\":{\"name\":\"admin\",\"@id\":\"https:\\\/\\\/medvegjasot.com\\\/#\\\/schema\\\/person\\\/f2be1a84f4e95d0cb032946a1cf2e594\"},\"headline\":\"\u201cKU JAN\u00cb M\u00cb T\u00cb DASHURIT TAN\u00cb?\u201d \u2013 Z\u00cbRI I FAMILJEVE T\u00cb T\u00cb ZHDUKURVE U D\u00cbGJUA N\u00cb GJENEV\u00cb\",\"datePublished\":\"2025-09-06T14:08:36+00:00\",\"dateModified\":\"2025-09-06T14:13:00+00:00\",\"mainEntityOfPage\":{\"@id\":\"https:\\\/\\\/medvegjasot.com\\\/?p=5360\"},\"wordCount\":261,\"commentCount\":0,\"publisher\":{\"@id\":\"https:\\\/\\\/medvegjasot.com\\\/#organization\"},\"image\":{\"@id\":\"https:\\\/\\\/medvegjasot.com\\\/?p=5360#primaryimage\"},\"thumbnailUrl\":\"https:\\\/\\\/medvegjasot.com\\\/wp-content\\\/uploads\\\/2025\\\/09\\\/photo-output-5-scaled.jpeg\",\"articleSection\":[\"DIASPORA\"],\"inLanguage\":\"en-US\",\"potentialAction\":[{\"@type\":\"CommentAction\",\"name\":\"Comment\",\"target\":[\"https:\\\/\\\/medvegjasot.com\\\/?p=5360#respond\"]}]},{\"@type\":\"WebPage\",\"@id\":\"https:\\\/\\\/medvegjasot.com\\\/?p=5360\",\"url\":\"https:\\\/\\\/medvegjasot.com\\\/?p=5360\",\"name\":\"\u201cKU JAN\u00cb M\u00cb T\u00cb DASHURIT TAN\u00cb?\u201d \u2013 Z\u00cbRI I FAMILJEVE T\u00cb T\u00cb ZHDUKURVE U D\u00cbGJUA N\u00cb GJENEV\u00cb - Medvegja Sot\",\"isPartOf\":{\"@id\":\"https:\\\/\\\/medvegjasot.com\\\/#website\"},\"primaryImageOfPage\":{\"@id\":\"https:\\\/\\\/medvegjasot.com\\\/?p=5360#primaryimage\"},\"image\":{\"@id\":\"https:\\\/\\\/medvegjasot.com\\\/?p=5360#primaryimage\"},\"thumbnailUrl\":\"https:\\\/\\\/medvegjasot.com\\\/wp-content\\\/uploads\\\/2025\\\/09\\\/photo-output-5-scaled.jpeg\",\"datePublished\":\"2025-09-06T14:08:36+00:00\",\"dateModified\":\"2025-09-06T14:13:00+00:00\",\"breadcrumb\":{\"@id\":\"https:\\\/\\\/medvegjasot.com\\\/?p=5360#breadcrumb\"},\"inLanguage\":\"en-US\",\"potentialAction\":[{\"@type\":\"ReadAction\",\"target\":[\"https:\\\/\\\/medvegjasot.com\\\/?p=5360\"]}]},{\"@type\":\"ImageObject\",\"inLanguage\":\"en-US\",\"@id\":\"https:\\\/\\\/medvegjasot.com\\\/?p=5360#primaryimage\",\"url\":\"https:\\\/\\\/medvegjasot.com\\\/wp-content\\\/uploads\\\/2025\\\/09\\\/photo-output-5-scaled.jpeg\",\"contentUrl\":\"https:\\\/\\\/medvegjasot.com\\\/wp-content\\\/uploads\\\/2025\\\/09\\\/photo-output-5-scaled.jpeg\",\"width\":2560,\"height\":1440},{\"@type\":\"BreadcrumbList\",\"@id\":\"https:\\\/\\\/medvegjasot.com\\\/?p=5360#breadcrumb\",\"itemListElement\":[{\"@type\":\"ListItem\",\"position\":1,\"name\":\"Home\",\"item\":\"https:\\\/\\\/medvegjasot.com\\\/\"},{\"@type\":\"ListItem\",\"position\":2,\"name\":\"\u201cKU JAN\u00cb M\u00cb T\u00cb DASHURIT TAN\u00cb?\u201d \u2013 Z\u00cbRI I FAMILJEVE T\u00cb T\u00cb ZHDUKURVE U D\u00cbGJUA N\u00cb GJENEV\u00cb\"}]},{\"@type\":\"WebSite\",\"@id\":\"https:\\\/\\\/medvegjasot.com\\\/#website\",\"url\":\"https:\\\/\\\/medvegjasot.com\\\/\",\"name\":\"Medvegja Sot\",\"description\":\"Portal Lajmesh\",\"publisher\":{\"@id\":\"https:\\\/\\\/medvegjasot.com\\\/#organization\"},\"alternateName\":\"MS\",\"potentialAction\":[{\"@type\":\"SearchAction\",\"target\":{\"@type\":\"EntryPoint\",\"urlTemplate\":\"https:\\\/\\\/medvegjasot.com\\\/?s={search_term_string}\"},\"query-input\":{\"@type\":\"PropertyValueSpecification\",\"valueRequired\":true,\"valueName\":\"search_term_string\"}}],\"inLanguage\":\"en-US\"},{\"@type\":\"Organization\",\"@id\":\"https:\\\/\\\/medvegjasot.com\\\/#organization\",\"name\":\"Medvegja Sot\",\"alternateName\":\"MS\",\"url\":\"https:\\\/\\\/medvegjasot.com\\\/\",\"logo\":{\"@type\":\"ImageObject\",\"inLanguage\":\"en-US\",\"@id\":\"https:\\\/\\\/medvegjasot.com\\\/#\\\/schema\\\/logo\\\/image\\\/\",\"url\":\"https:\\\/\\\/medvegjasot.com\\\/wp-content\\\/uploads\\\/2024\\\/08\\\/logo.png\",\"contentUrl\":\"https:\\\/\\\/medvegjasot.com\\\/wp-content\\\/uploads\\\/2024\\\/08\\\/logo.png\",\"width\":500,\"height\":500,\"caption\":\"Medvegja Sot\"},\"image\":{\"@id\":\"https:\\\/\\\/medvegjasot.com\\\/#\\\/schema\\\/logo\\\/image\\\/\"},\"sameAs\":[\"https:\\\/\\\/www.facebook.com\\\/MedvegjaSot.com1\"]},{\"@type\":\"Person\",\"@id\":\"https:\\\/\\\/medvegjasot.com\\\/#\\\/schema\\\/person\\\/f2be1a84f4e95d0cb032946a1cf2e594\",\"name\":\"admin\",\"image\":{\"@type\":\"ImageObject\",\"inLanguage\":\"en-US\",\"@id\":\"https:\\\/\\\/secure.gravatar.com\\\/avatar\\\/2eedc5259426225ddc6f98b4b6728c30418b83e6f70285719780d3518d972ece?s=96&d=mm&r=g\",\"url\":\"https:\\\/\\\/secure.gravatar.com\\\/avatar\\\/2eedc5259426225ddc6f98b4b6728c30418b83e6f70285719780d3518d972ece?s=96&d=mm&r=g\",\"contentUrl\":\"https:\\\/\\\/secure.gravatar.com\\\/avatar\\\/2eedc5259426225ddc6f98b4b6728c30418b83e6f70285719780d3518d972ece?s=96&d=mm&r=g\",\"caption\":\"admin\"},\"url\":\"https:\\\/\\\/medvegjasot.com\\\/?author=2\"}]}<\/script>\n<!-- \/ Yoast SEO plugin. -->","yoast_head_json":{"title":"\u201cKU JAN\u00cb M\u00cb T\u00cb DASHURIT TAN\u00cb?\u201d \u2013 Z\u00cbRI I FAMILJEVE T\u00cb T\u00cb ZHDUKURVE U D\u00cbGJUA N\u00cb GJENEV\u00cb - Medvegja Sot","robots":{"index":"index","follow":"follow","max-snippet":"max-snippet:-1","max-image-preview":"max-image-preview:large","max-video-preview":"max-video-preview:-1"},"canonical":"https:\/\/medvegjasot.com\/?p=5360","og_locale":"en_US","og_type":"article","og_title":"\u201cKU JAN\u00cb M\u00cb T\u00cb DASHURIT TAN\u00cb?\u201d \u2013 Z\u00cbRI I FAMILJEVE T\u00cb T\u00cb ZHDUKURVE U D\u00cbGJUA N\u00cb GJENEV\u00cb - Medvegja Sot","og_description":"N\u00eb Dit\u00ebn Nd\u00ebrkomb\u00ebtare t\u00eb Personave t\u00eb Zhdukur, m\u00ebrgata shqiptare ngriti z\u00ebrin pran\u00eb OKB-s\u00eb Gjenev\u00eb, 30\u201331 gusht 2025&nbsp;\u2013 Me nj\u00eb pyetje t\u00eb vetme,&nbsp;\u201cKu jan\u00eb m\u00eb t\u00eb dashurit tan\u00eb?\u201d, familjar\u00eb t\u00eb t\u00eb zhdukurve, bashk\u00ebatdhetar\u00eb dhe p\u00ebrfaq\u00ebsues institucionesh nga Kosova e diaspora shqiptare n\u00eb Zvic\u00ebr, u mblodh\u00ebn n\u00eb Gjenev\u00eb p\u00ebr t\u00eb k\u00ebrkuar drejt\u00ebsi dhe t\u00eb v\u00ebrtet\u00ebn e shum\u00ebpritur...","og_url":"https:\/\/medvegjasot.com\/?p=5360","og_site_name":"Medvegja Sot","article_publisher":"https:\/\/www.facebook.com\/MedvegjaSot.com1","article_published_time":"2025-09-06T14:08:36+00:00","article_modified_time":"2025-09-06T14:13:00+00:00","og_image":[{"width":2560,"height":1440,"url":"https:\/\/medvegjasot.com\/wp-content\/uploads\/2025\/09\/photo-output-5-scaled.jpeg","type":"image\/jpeg"}],"author":"admin","twitter_card":"summary_large_image","twitter_misc":{"Written by":"admin","Est. reading time":"2 minutes"},"schema":{"@context":"https:\/\/schema.org","@graph":[{"@type":"Article","@id":"https:\/\/medvegjasot.com\/?p=5360#article","isPartOf":{"@id":"https:\/\/medvegjasot.com\/?p=5360"},"author":{"name":"admin","@id":"https:\/\/medvegjasot.com\/#\/schema\/person\/f2be1a84f4e95d0cb032946a1cf2e594"},"headline":"\u201cKU JAN\u00cb M\u00cb T\u00cb DASHURIT TAN\u00cb?\u201d \u2013 Z\u00cbRI I FAMILJEVE T\u00cb T\u00cb ZHDUKURVE U D\u00cbGJUA N\u00cb GJENEV\u00cb","datePublished":"2025-09-06T14:08:36+00:00","dateModified":"2025-09-06T14:13:00+00:00","mainEntityOfPage":{"@id":"https:\/\/medvegjasot.com\/?p=5360"},"wordCount":261,"commentCount":0,"publisher":{"@id":"https:\/\/medvegjasot.com\/#organization"},"image":{"@id":"https:\/\/medvegjasot.com\/?p=5360#primaryimage"},"thumbnailUrl":"https:\/\/medvegjasot.com\/wp-content\/uploads\/2025\/09\/photo-output-5-scaled.jpeg","articleSection":["DIASPORA"],"inLanguage":"en-US","potentialAction":[{"@type":"CommentAction","name":"Comment","target":["https:\/\/medvegjasot.com\/?p=5360#respond"]}]},{"@type":"WebPage","@id":"https:\/\/medvegjasot.com\/?p=5360","url":"https:\/\/medvegjasot.com\/?p=5360","name":"\u201cKU JAN\u00cb M\u00cb T\u00cb DASHURIT TAN\u00cb?\u201d \u2013 Z\u00cbRI I FAMILJEVE T\u00cb T\u00cb ZHDUKURVE U D\u00cbGJUA N\u00cb GJENEV\u00cb - Medvegja Sot","isPartOf":{"@id":"https:\/\/medvegjasot.com\/#website"},"primaryImageOfPage":{"@id":"https:\/\/medvegjasot.com\/?p=5360#primaryimage"},"image":{"@id":"https:\/\/medvegjasot.com\/?p=5360#primaryimage"},"thumbnailUrl":"https:\/\/medvegjasot.com\/wp-content\/uploads\/2025\/09\/photo-output-5-scaled.jpeg","datePublished":"2025-09-06T14:08:36+00:00","dateModified":"2025-09-06T14:13:00+00:00","breadcrumb":{"@id":"https:\/\/medvegjasot.com\/?p=5360#breadcrumb"},"inLanguage":"en-US","potentialAction":[{"@type":"ReadAction","target":["https:\/\/medvegjasot.com\/?p=5360"]}]},{"@type":"ImageObject","inLanguage":"en-US","@id":"https:\/\/medvegjasot.com\/?p=5360#primaryimage","url":"https:\/\/medvegjasot.com\/wp-content\/uploads\/2025\/09\/photo-output-5-scaled.jpeg","contentUrl":"https:\/\/medvegjasot.com\/wp-content\/uploads\/2025\/09\/photo-output-5-scaled.jpeg","width":2560,"height":1440},{"@type":"BreadcrumbList","@id":"https:\/\/medvegjasot.com\/?p=5360#breadcrumb","itemListElement":[{"@type":"ListItem","position":1,"name":"Home","item":"https:\/\/medvegjasot.com\/"},{"@type":"ListItem","position":2,"name":"\u201cKU JAN\u00cb M\u00cb T\u00cb DASHURIT TAN\u00cb?\u201d \u2013 Z\u00cbRI I FAMILJEVE T\u00cb T\u00cb ZHDUKURVE U D\u00cbGJUA N\u00cb GJENEV\u00cb"}]},{"@type":"WebSite","@id":"https:\/\/medvegjasot.com\/#website","url":"https:\/\/medvegjasot.com\/","name":"Medvegja Sot","description":"Portal Lajmesh","publisher":{"@id":"https:\/\/medvegjasot.com\/#organization"},"alternateName":"MS","potentialAction":[{"@type":"SearchAction","target":{"@type":"EntryPoint","urlTemplate":"https:\/\/medvegjasot.com\/?s={search_term_string}"},"query-input":{"@type":"PropertyValueSpecification","valueRequired":true,"valueName":"search_term_string"}}],"inLanguage":"en-US"},{"@type":"Organization","@id":"https:\/\/medvegjasot.com\/#organization","name":"Medvegja Sot","alternateName":"MS","url":"https:\/\/medvegjasot.com\/","logo":{"@type":"ImageObject","inLanguage":"en-US","@id":"https:\/\/medvegjasot.com\/#\/schema\/logo\/image\/","url":"https:\/\/medvegjasot.com\/wp-content\/uploads\/2024\/08\/logo.png","contentUrl":"https:\/\/medvegjasot.com\/wp-content\/uploads\/2024\/08\/logo.png","width":500,"height":500,"caption":"Medvegja Sot"},"image":{"@id":"https:\/\/medvegjasot.com\/#\/schema\/logo\/image\/"},"sameAs":["https:\/\/www.facebook.com\/MedvegjaSot.com1"]},{"@type":"Person","@id":"https:\/\/medvegjasot.com\/#\/schema\/person\/f2be1a84f4e95d0cb032946a1cf2e594","name":"admin","image":{"@type":"ImageObject","inLanguage":"en-US","@id":"https:\/\/secure.gravatar.com\/avatar\/2eedc5259426225ddc6f98b4b6728c30418b83e6f70285719780d3518d972ece?s=96&d=mm&r=g","url":"https:\/\/secure.gravatar.com\/avatar\/2eedc5259426225ddc6f98b4b6728c30418b83e6f70285719780d3518d972ece?s=96&d=mm&r=g","contentUrl":"https:\/\/secure.gravatar.com\/avatar\/2eedc5259426225ddc6f98b4b6728c30418b83e6f70285719780d3518d972ece?s=96&d=mm&r=g","caption":"admin"},"url":"https:\/\/medvegjasot.com\/?author=2"}]}},"jetpack_featured_media_url":"https:\/\/medvegjasot.com\/wp-content\/uploads\/2025\/09\/photo-output-5-scaled.jpeg","_links":{"self":[{"href":"https:\/\/medvegjasot.com\/index.php?rest_route=\/wp\/v2\/posts\/5360","targetHints":{"allow":["GET"]}}],"collection":[{"href":"https:\/\/medvegjasot.com\/index.php?rest_route=\/wp\/v2\/posts"}],"about":[{"href":"https:\/\/medvegjasot.com\/index.php?rest_route=\/wp\/v2\/types\/post"}],"author":[{"embeddable":true,"href":"https:\/\/medvegjasot.com\/index.php?rest_route=\/wp\/v2\/users\/2"}],"replies":[{"embeddable":true,"href":"https:\/\/medvegjasot.com\/index.php?rest_route=%2Fwp%2Fv2%2Fcomments&post=5360"}],"version-history":[{"count":3,"href":"https:\/\/medvegjasot.com\/index.php?rest_route=\/wp\/v2\/posts\/5360\/revisions"}],"predecessor-version":[{"id":5365,"href":"https:\/\/medvegjasot.com\/index.php?rest_route=\/wp\/v2\/posts\/5360\/revisions\/5365"}],"wp:featuredmedia":[{"embeddable":true,"href":"https:\/\/medvegjasot.com\/index.php?rest_route=\/wp\/v2\/media\/5363"}],"wp:attachment":[{"href":"https:\/\/medvegjasot.com\/index.php?rest_route=%2Fwp%2Fv2%2Fmedia&parent=5360"}],"wp:term":[{"taxonomy":"category","embeddable":true,"href":"https:\/\/medvegjasot.com\/index.php?rest_route=%2Fwp%2Fv2%2Fcategories&post=5360"},{"taxonomy":"post_tag","embeddable":true,"href":"https:\/\/medvegjasot.com\/index.php?rest_route=%2Fwp%2Fv2%2Ftags&post=5360"}],"curies":[{"name":"wp","href":"https:\/\/api.w.org\/{rel}","templated":true}]}}