{"id":5321,"date":"2025-09-02T09:05:10","date_gmt":"2025-09-02T09:05:10","guid":{"rendered":"https:\/\/medvegjasot.com\/?p=5321"},"modified":"2025-09-02T12:49:24","modified_gmt":"2025-09-02T12:49:24","slug":"festa-e-plisit-te-bardhe-jehone-kombetare-ne-kalane-e-krujes","status":"publish","type":"post","link":"https:\/\/medvegjasot.com\/?p=5321","title":{"rendered":"\u201cFESTA E PLISIT T\u00cb BARDH\u00cb \u2013 JEHON\u00cb KOMB\u00cbTARE N\u00cb KALAN\u00cb E KRUJ\u00cbS\u201d"},"content":{"rendered":"\n<p><strong>N\u00eb kalan\u00eb historike t\u00eb Gjergj Kastriotit \u2013 Sk\u00ebnderbeut, m\u00eb 31 gusht 2025, u zhvillua nj\u00eb manifestim madh\u00ebshtor i sh\u00ebnuar si \u201cFesta e Plisit t\u00eb Bardh\u00eb\u201d. Ky aktivitet mblodhi bashk\u00eb qytetar\u00eb, shoqata e grupe artistike nga t\u00eb gjitha trojet etnike t\u00eb Gadishullit Ilirik, duke e kthyer fest\u00ebn n\u00eb nj\u00eb simbol t\u00eb unitetit dhe krenaris\u00eb komb\u00ebtare. P\u00ebrve\u00e7 programit artistik dhe pjes\u00ebmarrjes masive, u n\u00ebnshkrua edhe k\u00ebrkesa-referendare p\u00ebr shpalljen e Plisit t\u00eb Bardh\u00eb si vler\u00eb dhe pasuri komb\u00ebtare e nd\u00ebrkomb\u00ebtare, <\/strong><\/p>\n\n\n\n<p><strong>M\u00eb 31 Tetor 2025, nga t\u00eb gjitha trevat shqiptare, plisbardh\u00ebt u mblodh\u00ebn n\u00eb kalan\u00eb e Kruj\u00ebs p\u00ebr t\u00eb festuar dhe p\u00ebr t\u00eb mb\u00ebshtetur referendumin e beslidhjes drejt rrug\u00ebs s\u00eb p\u00ebrfshirjes n\u00eb UNESCO t\u00eb simboleve identitare historike dhe etno-kulturore shqiptare.<\/strong><\/p>\n\n\n\n<p><strong>Ky aktivitet u organizua nga Shoqata Mbar\u00ebkomb\u00ebtare \u201cByty\u00e7i\u201d n\u00ebn drejtimin e kryetarit Agron Gjedia, me mb\u00ebshtetjen e shoqatave t\u00eb Mal\u00ebsis\u00eb s\u00eb Gjakov\u00ebs, t\u00eb koordinuara nga Gjin Progni, si dhe nga mbi 70 shoqata mbar\u00ebkomb\u00ebtare.<\/strong><\/p>\n\n\n\n<p><strong>N\u00eb k\u00ebt\u00eb kuvend, personalitete t\u00eb ndryshme, studiues e ekspert\u00eb paraqit\u00ebn argumentet historike e shkencore p\u00ebr dosjen e aplikimit t\u00eb Plisit t\u00eb Bardh\u00eb n\u00eb UNESCO. Ngjarja u pasurua me muzik\u00eb, valle dhe atmosfer\u00eb festive nga t\u00eb gjitha trojet shqiptare.<\/strong><\/p>\n\n\n\n<p><strong>Pas aktiviteteve n\u00eb kalan\u00eb e Kruj\u00ebs, programi vijoi n\u00eb Pallatin e Kultur\u00ebs me koktej e drek\u00eb tradicionale shqiptare.<\/strong><\/p>\n\n\n\n<p><strong>Ky tubim historik u pa si nj\u00eb hap i r\u00ebnd\u00ebsish\u00ebm p\u00ebr mbrojtjen e trash\u00ebgimis\u00eb son\u00eb kulturore dhe forcimin e identitetit komb\u00ebtar shqiptar n\u00eb aren\u00ebn nd\u00ebrkomb\u00ebtare.<\/strong><\/p>\n\n\n\n<p><strong>Transmeton: MEDVEGJASOT.com<\/strong><\/p>\n\n\n\n<figure class=\"wp-block-embed is-type-video is-provider-youtube wp-block-embed-youtube wp-embed-aspect-16-9 wp-has-aspect-ratio\"><div class=\"wp-block-embed__wrapper\">\n<iframe  id=\"_ytid_59667\"  width=\"640\" height=\"360\"  data-origwidth=\"640\" data-origheight=\"360\" src=\"https:\/\/www.youtube.com\/embed\/P4m0a8YEiKk?enablejsapi=1&#038;autoplay=0&#038;cc_load_policy=0&#038;cc_lang_pref=&#038;iv_load_policy=1&#038;loop=0&#038;rel=1&#038;fs=1&#038;playsinline=0&#038;autohide=2&#038;theme=dark&#038;color=red&#038;controls=1&#038;\" class=\"__youtube_prefs__  epyt-is-override  no-lazyload\" title=\"YouTube player\"  allow=\"fullscreen; accelerometer; autoplay; clipboard-write; encrypted-media; gyroscope; picture-in-picture; web-share\" referrerpolicy=\"strict-origin-when-cross-origin\" allowfullscreen data-no-lazy=\"1\" data-skipgform_ajax_framebjll=\"\"><\/iframe>\n<\/div><\/figure>\n\n\n\n<p><strong>Tiran\u00eb, m\u00eb 31.08.2025<\/strong><\/p>\n\n\n\n<p><strong>Fjala e hapjes dhe fal\u00ebnderimet p\u00ebr t\u00eb gjith\u00eb ata q\u00eb kontribuan n\u00eb mbar\u00ebvajtjen e \u201cFest\u00ebs s\u00eb Plisit t\u00eb Bardh\u00eb\u201d.<\/strong><\/p>\n\n\n\n<figure class=\"wp-block-gallery has-nested-images columns-default is-cropped wp-block-gallery-1 is-layout-flex wp-block-gallery-is-layout-flex\">\n<figure class=\"wp-block-image size-large\"><img fetchpriority=\"high\" decoding=\"async\" width=\"1024\" height=\"576\" data-id=\"5326\" src=\"https:\/\/medvegjasot.com\/wp-content\/uploads\/2025\/09\/IMG_2535-1024x576.jpeg\" alt=\"\" class=\"wp-image-5326\" srcset=\"https:\/\/medvegjasot.com\/wp-content\/uploads\/2025\/09\/IMG_2535-1024x576.jpeg 1024w, https:\/\/medvegjasot.com\/wp-content\/uploads\/2025\/09\/IMG_2535-300x169.jpeg 300w, https:\/\/medvegjasot.com\/wp-content\/uploads\/2025\/09\/IMG_2535-768x432.jpeg 768w, https:\/\/medvegjasot.com\/wp-content\/uploads\/2025\/09\/IMG_2535-1536x864.jpeg 1536w, https:\/\/medvegjasot.com\/wp-content\/uploads\/2025\/09\/IMG_2535-2048x1152.jpeg 2048w\" sizes=\"(max-width: 1024px) 100vw, 1024px\" \/><\/figure>\n\n\n\n<figure class=\"wp-block-image size-large\"><img decoding=\"async\" width=\"1024\" height=\"576\" data-id=\"5327\" src=\"https:\/\/medvegjasot.com\/wp-content\/uploads\/2025\/09\/IMG_2536-1024x576.jpeg\" alt=\"\" class=\"wp-image-5327\" srcset=\"https:\/\/medvegjasot.com\/wp-content\/uploads\/2025\/09\/IMG_2536-1024x576.jpeg 1024w, https:\/\/medvegjasot.com\/wp-content\/uploads\/2025\/09\/IMG_2536-300x169.jpeg 300w, https:\/\/medvegjasot.com\/wp-content\/uploads\/2025\/09\/IMG_2536-768x432.jpeg 768w, https:\/\/medvegjasot.com\/wp-content\/uploads\/2025\/09\/IMG_2536-1536x864.jpeg 1536w, https:\/\/medvegjasot.com\/wp-content\/uploads\/2025\/09\/IMG_2536-2048x1152.jpeg 2048w\" sizes=\"(max-width: 1024px) 100vw, 1024px\" \/><\/figure>\n<\/figure>\n\n\n\n<figure class=\"wp-block-gallery has-nested-images columns-default is-cropped wp-block-gallery-2 is-layout-flex wp-block-gallery-is-layout-flex\"><\/figure>\n\n\n\n<figure class=\"wp-block-gallery has-nested-images columns-default is-cropped wp-block-gallery-3 is-layout-flex wp-block-gallery-is-layout-flex\"><\/figure>\n\n\n\n<figure class=\"wp-block-gallery has-nested-images columns-default is-cropped wp-block-gallery-4 is-layout-flex wp-block-gallery-is-layout-flex\"><\/figure>\n\n\n\n<p>Nga&nbsp;<strong>Agron Isa Gjedia<\/strong><\/p>\n\n\n\n<p><em>Dje, m\u00eb 31.08.2025,n\u00eb kalan\u00eb e Kruj\u00ebs, u mbajt nj\u00eb manifestim shembullor me pjes\u00ebmarrje t\u00eb gjer\u00eb t\u00eb qytetar\u00ebve dhe shoqatave simotra nga t\u00eb gjitha trojet etnike t\u00eb Gadishullit Ilirik. N\u00eb k\u00ebt\u00eb fest\u00eb u n\u00ebnshkrua edhe nj\u00eb k\u00ebrkes\u00eb-referendar, drejtuar institucioneve komb\u00ebtare dhe nd\u00ebrkomb\u00ebtare, q\u00eb Plisi i Bardh\u00eb t\u00eb trajtohet si vler\u00eb dhe pasuri komb\u00ebtare e nd\u00ebrkomb\u00ebtare.<\/em><\/p>\n\n\n\n<figure class=\"wp-block-gallery has-nested-images columns-default is-cropped wp-block-gallery-5 is-layout-flex wp-block-gallery-is-layout-flex\">\n<figure class=\"wp-block-image size-large\"><img decoding=\"async\" width=\"1024\" height=\"683\" data-id=\"5329\" src=\"https:\/\/medvegjasot.com\/wp-content\/uploads\/2025\/09\/IMG_2548-1024x683.jpeg\" alt=\"\" class=\"wp-image-5329\" srcset=\"https:\/\/medvegjasot.com\/wp-content\/uploads\/2025\/09\/IMG_2548-1024x683.jpeg 1024w, https:\/\/medvegjasot.com\/wp-content\/uploads\/2025\/09\/IMG_2548-300x200.jpeg 300w, https:\/\/medvegjasot.com\/wp-content\/uploads\/2025\/09\/IMG_2548-768x512.jpeg 768w, https:\/\/medvegjasot.com\/wp-content\/uploads\/2025\/09\/IMG_2548-1536x1024.jpeg 1536w, https:\/\/medvegjasot.com\/wp-content\/uploads\/2025\/09\/IMG_2548-2048x1365.jpeg 2048w, https:\/\/medvegjasot.com\/wp-content\/uploads\/2025\/09\/IMG_2548-600x400.jpeg 600w\" sizes=\"(max-width: 1024px) 100vw, 1024px\" \/><\/figure>\n<\/figure>\n\n\n\n<p><em>Meqen\u00ebse dje isha shum\u00eb i angazhuar, sot p\u00ebrmes publikimeve t\u00eb shumta u njoha m\u00eb mir\u00eb me jehon\u00ebn e aktivitetit. Vler\u00ebsimet kan\u00eb qen\u00eb maksimale (p\u00ebrjashtuar ndonj\u00eb kritik\u00eb, q\u00eb gjithmon\u00eb sh\u00ebrben si sy kritik), dhe duke kthyer kok\u00ebn pas, pyes: kujt i takon merita?<\/em><\/p>\n\n\n\n<p><em>Po t\u00eb mos kishte pasur at\u00eb pjes\u00ebmarrje masive q\u00eb mbushi Pallatin e Kultur\u00ebs, a do t\u00eb quhej fest\u00eb? Jo.<\/em><\/p>\n\n\n\n<p><em>Prandaj fal\u00ebnderoj p\u00ebrzem\u00ebrsisht t\u00eb gjith\u00eb pjes\u00ebmarr\u00ebsit q\u00eb ishin n\u00eb at\u00eb sall\u00eb, nga t\u00eb gjitha trojet etnike t\u00eb Gadishullit Ilirik.<\/em><\/p>\n\n\n\n<figure class=\"wp-block-gallery has-nested-images columns-default is-cropped wp-block-gallery-6 is-layout-flex wp-block-gallery-is-layout-flex\">\n<figure class=\"wp-block-image size-large\"><img loading=\"lazy\" decoding=\"async\" width=\"1024\" height=\"575\" data-id=\"5332\" src=\"https:\/\/medvegjasot.com\/wp-content\/uploads\/2025\/09\/IMG_2552-1024x575.jpeg\" alt=\"\" class=\"wp-image-5332\" srcset=\"https:\/\/medvegjasot.com\/wp-content\/uploads\/2025\/09\/IMG_2552-1024x575.jpeg 1024w, https:\/\/medvegjasot.com\/wp-content\/uploads\/2025\/09\/IMG_2552-300x168.jpeg 300w, https:\/\/medvegjasot.com\/wp-content\/uploads\/2025\/09\/IMG_2552-768x431.jpeg 768w, https:\/\/medvegjasot.com\/wp-content\/uploads\/2025\/09\/IMG_2552-1536x862.jpeg 1536w, https:\/\/medvegjasot.com\/wp-content\/uploads\/2025\/09\/IMG_2552-2048x1149.jpeg 2048w\" sizes=\"(max-width: 1024px) 100vw, 1024px\" \/><\/figure>\n<\/figure>\n\n\n\n<p><\/p>\n\n\n\n<p><em>Po t\u00eb mos kishin marr\u00eb pjes\u00eb aq shum\u00eb shoqata simotra, t\u00eb vet\u00ebdijshme p\u00ebr t\u00eb bashkuar z\u00ebrin dhe p\u00ebr t\u2019u drejtuar institucioneve p\u00ebrkat\u00ebse si nj\u00eb \u201cpresion pozitiv\u201d, a do t\u00eb quhej k\u00ebrkes\u00eb-referendare? Jo.<\/em><\/p>\n\n\n\n<p><em>Fal\u00ebnderoj p\u00ebrzem\u00ebrsisht t\u00eb gjitha shoqatat simotra q\u00eb ishin n\u00eb vendin simbolik \u2013 kalan\u00eb e Gjergj Kastriotit Sk\u00ebnderbeut \u2013 dhe firmos\u00ebn k\u00ebrkes\u00ebn-referendare.<\/em><\/p>\n\n\n\n<p><em>Po t\u00eb mos kishin qen\u00eb grupet artistike, duke filluar me at\u00eb t\u00eb De\u00e7anit q\u00eb u gatit\u00ebn t\u00eb par\u00ebt p\u00ebr t\u00eb marr\u00eb pjes\u00eb, e m\u00eb pas t\u00eb gjith\u00eb artist\u00ebt e tjer\u00eb (q\u00eb do t\u2019i p\u00ebrmendim nominalisht n\u00eb reportazhin e fest\u00ebs), aktiviteti do t\u00eb ishte i that\u00eb dhe pjes\u00ebmarrja do t\u00eb mungonte.<\/em><\/p>\n\n\n\n<p><em>Prandaj fal\u00ebnderoj p\u00ebrzem\u00ebrsisht t\u00eb gjith\u00eb artist\u00ebt q\u00eb e begatuan \u201cFest\u00ebn e Plisit t\u00eb Bardh\u00eb\u201d.<\/em><\/p>\n\n\n\n<p><em>Fal\u00ebnderojm\u00eb t\u00eb gjith\u00eb reporter\u00ebt, fotoreporter\u00ebt dhe n\u00eb m\u00ebnyr\u00eb t\u00eb ve\u00e7ant\u00eb RTSH-n\u00eb, Seksionin e Diaspor\u00ebs Shqiptare me n\u00eb krye z. Can Tahirin, t\u00eb cil\u00ebt p\u00ebrcoll\u00ebn \u00e7do sekuenc\u00eb t\u00eb veprimtarive dhe i fiksuan n\u00eb celuloid. Pa ta, gjith\u00e7ka do t\u00eb harrohej shpejt.<\/em><\/p>\n\n\n\n<p><em>Nj\u00eb fal\u00ebnderim i ve\u00e7ant\u00eb shkon p\u00ebr z. Ram Geci, birin e nderuar t\u00eb asaj zone, biznesmenin e shquar dhe filantropin e dalluar, i cili shtroi nj\u00eb koktej-dark\u00eb p\u00ebr t\u00eb gjith\u00eb pjes\u00ebmarr\u00ebsit, si dhe nj\u00eb drek\u00eb t\u00eb mrekullueshme p\u00ebr mysafir\u00ebt n\u00eb Bar-Restorant-Hotel Panorama Kruj\u00eb.<\/em><\/p>\n\n\n\n<p><em>Fal\u00ebnderojm\u00eb z. Enver Mustafa, birin e nderuar t\u00eb asaj zone, intelektualin e shquar, i cili sponsorizoi numrin e radh\u00ebs t\u00eb gazet\u00ebs \u201cByty\u00e7i\u201d.<\/em><\/p>\n\n\n\n<p><em>Fal\u00ebnderojm\u00eb zj. Fetie Imeri, bij\u00ebn e nderuar t\u00eb asaj zone, e cila rregullisht, pa u ndalur dhe pa k\u00ebrkuar lavdata, ka qen\u00eb gjithmon\u00eb pran\u00eb nesh dhe na ka mb\u00ebshtetur me p\u00ebrkushtim.<\/em><\/p>\n\n\n\n<p><em>Fal\u00ebnderojm\u00eb gjithashtu Ministrin\u00eb e Ekonomis\u00eb, Kultur\u00ebs dhe Inovacionit (M\u00cbKI), si dhe Drejtorin e Muzeut, t\u00eb cil\u00ebt lan\u00eb falas n\u00eb dispozicion hap\u00ebsirat p\u00ebr t\u00eb gjith\u00eb pjes\u00ebmarr\u00ebsit n\u00eb manifestim.<\/em><\/p>\n\n\n\n<p><em>Nj\u00eb fal\u00ebnderim i ve\u00e7ant\u00eb p\u00ebr restorantin Panorama t\u00eb qytetit t\u00eb Kruj\u00ebs.<\/em><\/p>\n\n\n\n<p><em>Por \u201cqershia mbi tort\u00eb\u201d ishte Bashkia Kruj\u00eb me kryetarin e saj, z. Artur Bushi, t\u00eb cil\u00ebt predispozuan maksimalisht ambientet dhe infrastruktur\u00ebn, duke na v\u00ebn\u00eb n\u00eb dispozicion edhe Drejtorin e Kultur\u00ebs, z. \u00cblis Hysa (djal\u00eb pun\u00ebtor e i p\u00ebrkushtuar). Pa k\u00ebt\u00eb mb\u00ebshtetje, v\u00ebshtir\u00eb se aktiviteti do t\u00eb merrte ato p\u00ebrmasa.<\/em><\/p>\n\n\n\n<p><em>Para gjith\u00eb k\u00ebtij kontributi p\u00ebr mbar\u00ebvajtjen dhe zhvillimin e veprimtarive, pjesa ime e kontributit mbetet e vog\u00ebl. Madje, n\u00eb disa raste kam \u201cngat\u00ebrruar\u201d grupet artistike n\u00eb minutazh, jo nga mosp\u00ebrfillja, por nga m\u00ebraku, sepse fluksi i k\u00ebrkesave p\u00ebr sken\u00eb ishte i madh dhe t\u00eb gjith\u00eb donin t\u00eb performonin t\u00eb par\u00ebt. Ne, megjithat\u00eb, q\u00ebndruam t\u00eb drejt\u00eb: t\u00eb gjith\u00eb performuan, duke pasur hap\u00ebsir\u00ebn e tyre p\u00ebr t\u2019u treguar.<\/em><\/p>\n\n\n\n<figure class=\"wp-block-gallery has-nested-images columns-default is-cropped wp-block-gallery-7 is-layout-flex wp-block-gallery-is-layout-flex\">\n<figure class=\"wp-block-image size-large\"><img loading=\"lazy\" decoding=\"async\" width=\"666\" height=\"1024\" data-id=\"5334\" src=\"https:\/\/medvegjasot.com\/wp-content\/uploads\/2025\/09\/IMG_2550-666x1024.jpeg\" alt=\"\" class=\"wp-image-5334\" srcset=\"https:\/\/medvegjasot.com\/wp-content\/uploads\/2025\/09\/IMG_2550-666x1024.jpeg 666w, https:\/\/medvegjasot.com\/wp-content\/uploads\/2025\/09\/IMG_2550-195x300.jpeg 195w, https:\/\/medvegjasot.com\/wp-content\/uploads\/2025\/09\/IMG_2550-768x1182.jpeg 768w, https:\/\/medvegjasot.com\/wp-content\/uploads\/2025\/09\/IMG_2550-998x1536.jpeg 998w, https:\/\/medvegjasot.com\/wp-content\/uploads\/2025\/09\/IMG_2550-1331x2048.jpeg 1331w, https:\/\/medvegjasot.com\/wp-content\/uploads\/2025\/09\/IMG_2550-scaled.jpeg 1664w\" sizes=\"(max-width: 666px) 100vw, 666px\" \/><\/figure>\n<\/figure>\n\n\n\n<p><em>K\u00ebrkoj ndjes\u00eb n\u00ebse ka pasur ndonj\u00eb keqkuptim n\u00eb ndonj\u00eb rast t\u00eb ve\u00e7ant\u00eb.<\/em><\/p>\n\n\n\n<p><strong>Me respekt,<\/strong><\/p>\n\n\n\n<p>N\u00eb em\u00ebr t\u00eb Shoqat\u00ebs Mbar\u00ebkomb\u00ebtare \u201cByty\u00e7i\u201d Tiran\u00eb\u2013Prizren<\/p>\n\n\n\n<p><strong>Agron Isa Gjedia<\/strong><\/p>\n","protected":false},"excerpt":{"rendered":"<p>N\u00eb kalan\u00eb historike t\u00eb Gjergj Kastriotit \u2013 Sk\u00ebnderbeut, m\u00eb 31 gusht 2025, u zhvillua nj\u00eb manifestim madh\u00ebshtor i sh\u00ebnuar si \u201cFesta e Plisit t\u00eb Bardh\u00eb\u201d. Ky aktivitet mblodhi bashk\u00eb qytetar\u00eb, shoqata e grupe artistike nga t\u00eb gjitha trojet etnike t\u00eb Gadishullit Ilirik, duke e kthyer fest\u00ebn n\u00eb nj\u00eb simbol t\u00eb unitetit dhe krenaris\u00eb komb\u00ebtare. P\u00ebrve\u00e7&#8230;<\/p>\n","protected":false},"author":2,"featured_media":5323,"comment_status":"open","ping_status":"open","sticky":false,"template":"","format":"standard","meta":{"_coblocks_attr":"","_coblocks_dimensions":"","_coblocks_responsive_height":"","_coblocks_accordion_ie_support":"","_monsterinsights_skip_tracking":false,"_monsterinsights_sitenote_active":false,"_monsterinsights_sitenote_note":"","_monsterinsights_sitenote_category":0,"footnotes":""},"categories":[18],"tags":[],"class_list":["post-5321","post","type-post","status-publish","format-standard","has-post-thumbnail","hentry","category-kulture"],"yoast_head":"<!-- This site is optimized with the Yoast SEO plugin v27.5 - https:\/\/yoast.com\/product\/yoast-seo-wordpress\/ -->\n<title>\u201cFESTA E PLISIT T\u00cb BARDH\u00cb \u2013 JEHON\u00cb KOMB\u00cbTARE N\u00cb KALAN\u00cb E KRUJ\u00cbS\u201d - Medvegja Sot<\/title>\n<meta name=\"robots\" content=\"index, follow, max-snippet:-1, max-image-preview:large, max-video-preview:-1\" \/>\n<link rel=\"canonical\" href=\"https:\/\/medvegjasot.com\/?p=5321\" \/>\n<meta property=\"og:locale\" content=\"en_US\" \/>\n<meta property=\"og:type\" content=\"article\" \/>\n<meta property=\"og:title\" content=\"\u201cFESTA E PLISIT T\u00cb BARDH\u00cb \u2013 JEHON\u00cb KOMB\u00cbTARE N\u00cb KALAN\u00cb E KRUJ\u00cbS\u201d - Medvegja Sot\" \/>\n<meta property=\"og:description\" content=\"N\u00eb kalan\u00eb historike t\u00eb Gjergj Kastriotit \u2013 Sk\u00ebnderbeut, m\u00eb 31 gusht 2025, u zhvillua nj\u00eb manifestim madh\u00ebshtor i sh\u00ebnuar si \u201cFesta e Plisit t\u00eb Bardh\u00eb\u201d. Ky aktivitet mblodhi bashk\u00eb qytetar\u00eb, shoqata e grupe artistike nga t\u00eb gjitha trojet etnike t\u00eb Gadishullit Ilirik, duke e kthyer fest\u00ebn n\u00eb nj\u00eb simbol t\u00eb unitetit dhe krenaris\u00eb komb\u00ebtare. P\u00ebrve\u00e7...\" \/>\n<meta property=\"og:url\" content=\"https:\/\/medvegjasot.com\/?p=5321\" \/>\n<meta property=\"og:site_name\" content=\"Medvegja Sot\" \/>\n<meta property=\"article:publisher\" content=\"https:\/\/www.facebook.com\/MedvegjaSot.com1\" \/>\n<meta property=\"article:published_time\" content=\"2025-09-02T09:05:10+00:00\" \/>\n<meta property=\"article:modified_time\" content=\"2025-09-02T12:49:24+00:00\" \/>\n<meta property=\"og:image\" content=\"https:\/\/medvegjasot.com\/wp-content\/uploads\/2025\/09\/IMG_2546-scaled.jpeg\" \/>\n\t<meta property=\"og:image:width\" content=\"2560\" \/>\n\t<meta property=\"og:image:height\" content=\"1440\" \/>\n\t<meta property=\"og:image:type\" content=\"image\/jpeg\" \/>\n<meta name=\"author\" content=\"admin\" \/>\n<meta name=\"twitter:card\" content=\"summary_large_image\" \/>\n<meta name=\"twitter:label1\" content=\"Written by\" \/>\n\t<meta name=\"twitter:data1\" content=\"admin\" \/>\n\t<meta name=\"twitter:label2\" content=\"Est. reading time\" \/>\n\t<meta name=\"twitter:data2\" content=\"5 minutes\" \/>\n<script type=\"application\/ld+json\" class=\"yoast-schema-graph\">{\"@context\":\"https:\\\/\\\/schema.org\",\"@graph\":[{\"@type\":\"Article\",\"@id\":\"https:\\\/\\\/medvegjasot.com\\\/?p=5321#article\",\"isPartOf\":{\"@id\":\"https:\\\/\\\/medvegjasot.com\\\/?p=5321\"},\"author\":{\"name\":\"admin\",\"@id\":\"https:\\\/\\\/medvegjasot.com\\\/#\\\/schema\\\/person\\\/f2be1a84f4e95d0cb032946a1cf2e594\"},\"headline\":\"\u201cFESTA E PLISIT T\u00cb BARDH\u00cb \u2013 JEHON\u00cb KOMB\u00cbTARE N\u00cb KALAN\u00cb E KRUJ\u00cbS\u201d\",\"datePublished\":\"2025-09-02T09:05:10+00:00\",\"dateModified\":\"2025-09-02T12:49:24+00:00\",\"mainEntityOfPage\":{\"@id\":\"https:\\\/\\\/medvegjasot.com\\\/?p=5321\"},\"wordCount\":1016,\"commentCount\":0,\"publisher\":{\"@id\":\"https:\\\/\\\/medvegjasot.com\\\/#organization\"},\"image\":{\"@id\":\"https:\\\/\\\/medvegjasot.com\\\/?p=5321#primaryimage\"},\"thumbnailUrl\":\"https:\\\/\\\/medvegjasot.com\\\/wp-content\\\/uploads\\\/2025\\\/09\\\/IMG_2546-scaled.jpeg\",\"articleSection\":[\"KULTUR\u00cb\"],\"inLanguage\":\"en-US\",\"potentialAction\":[{\"@type\":\"CommentAction\",\"name\":\"Comment\",\"target\":[\"https:\\\/\\\/medvegjasot.com\\\/?p=5321#respond\"]}]},{\"@type\":\"WebPage\",\"@id\":\"https:\\\/\\\/medvegjasot.com\\\/?p=5321\",\"url\":\"https:\\\/\\\/medvegjasot.com\\\/?p=5321\",\"name\":\"\u201cFESTA E PLISIT T\u00cb BARDH\u00cb \u2013 JEHON\u00cb KOMB\u00cbTARE N\u00cb KALAN\u00cb E KRUJ\u00cbS\u201d - Medvegja Sot\",\"isPartOf\":{\"@id\":\"https:\\\/\\\/medvegjasot.com\\\/#website\"},\"primaryImageOfPage\":{\"@id\":\"https:\\\/\\\/medvegjasot.com\\\/?p=5321#primaryimage\"},\"image\":{\"@id\":\"https:\\\/\\\/medvegjasot.com\\\/?p=5321#primaryimage\"},\"thumbnailUrl\":\"https:\\\/\\\/medvegjasot.com\\\/wp-content\\\/uploads\\\/2025\\\/09\\\/IMG_2546-scaled.jpeg\",\"datePublished\":\"2025-09-02T09:05:10+00:00\",\"dateModified\":\"2025-09-02T12:49:24+00:00\",\"breadcrumb\":{\"@id\":\"https:\\\/\\\/medvegjasot.com\\\/?p=5321#breadcrumb\"},\"inLanguage\":\"en-US\",\"potentialAction\":[{\"@type\":\"ReadAction\",\"target\":[\"https:\\\/\\\/medvegjasot.com\\\/?p=5321\"]}]},{\"@type\":\"ImageObject\",\"inLanguage\":\"en-US\",\"@id\":\"https:\\\/\\\/medvegjasot.com\\\/?p=5321#primaryimage\",\"url\":\"https:\\\/\\\/medvegjasot.com\\\/wp-content\\\/uploads\\\/2025\\\/09\\\/IMG_2546-scaled.jpeg\",\"contentUrl\":\"https:\\\/\\\/medvegjasot.com\\\/wp-content\\\/uploads\\\/2025\\\/09\\\/IMG_2546-scaled.jpeg\",\"width\":2560,\"height\":1440},{\"@type\":\"BreadcrumbList\",\"@id\":\"https:\\\/\\\/medvegjasot.com\\\/?p=5321#breadcrumb\",\"itemListElement\":[{\"@type\":\"ListItem\",\"position\":1,\"name\":\"Home\",\"item\":\"https:\\\/\\\/medvegjasot.com\\\/\"},{\"@type\":\"ListItem\",\"position\":2,\"name\":\"\u201cFESTA E PLISIT T\u00cb BARDH\u00cb \u2013 JEHON\u00cb KOMB\u00cbTARE N\u00cb KALAN\u00cb E KRUJ\u00cbS\u201d\"}]},{\"@type\":\"WebSite\",\"@id\":\"https:\\\/\\\/medvegjasot.com\\\/#website\",\"url\":\"https:\\\/\\\/medvegjasot.com\\\/\",\"name\":\"Medvegja Sot\",\"description\":\"Portal Lajmesh\",\"publisher\":{\"@id\":\"https:\\\/\\\/medvegjasot.com\\\/#organization\"},\"alternateName\":\"MS\",\"potentialAction\":[{\"@type\":\"SearchAction\",\"target\":{\"@type\":\"EntryPoint\",\"urlTemplate\":\"https:\\\/\\\/medvegjasot.com\\\/?s={search_term_string}\"},\"query-input\":{\"@type\":\"PropertyValueSpecification\",\"valueRequired\":true,\"valueName\":\"search_term_string\"}}],\"inLanguage\":\"en-US\"},{\"@type\":\"Organization\",\"@id\":\"https:\\\/\\\/medvegjasot.com\\\/#organization\",\"name\":\"Medvegja Sot\",\"alternateName\":\"MS\",\"url\":\"https:\\\/\\\/medvegjasot.com\\\/\",\"logo\":{\"@type\":\"ImageObject\",\"inLanguage\":\"en-US\",\"@id\":\"https:\\\/\\\/medvegjasot.com\\\/#\\\/schema\\\/logo\\\/image\\\/\",\"url\":\"https:\\\/\\\/medvegjasot.com\\\/wp-content\\\/uploads\\\/2024\\\/08\\\/logo.png\",\"contentUrl\":\"https:\\\/\\\/medvegjasot.com\\\/wp-content\\\/uploads\\\/2024\\\/08\\\/logo.png\",\"width\":500,\"height\":500,\"caption\":\"Medvegja Sot\"},\"image\":{\"@id\":\"https:\\\/\\\/medvegjasot.com\\\/#\\\/schema\\\/logo\\\/image\\\/\"},\"sameAs\":[\"https:\\\/\\\/www.facebook.com\\\/MedvegjaSot.com1\"]},{\"@type\":\"Person\",\"@id\":\"https:\\\/\\\/medvegjasot.com\\\/#\\\/schema\\\/person\\\/f2be1a84f4e95d0cb032946a1cf2e594\",\"name\":\"admin\",\"image\":{\"@type\":\"ImageObject\",\"inLanguage\":\"en-US\",\"@id\":\"https:\\\/\\\/secure.gravatar.com\\\/avatar\\\/2eedc5259426225ddc6f98b4b6728c30418b83e6f70285719780d3518d972ece?s=96&d=mm&r=g\",\"url\":\"https:\\\/\\\/secure.gravatar.com\\\/avatar\\\/2eedc5259426225ddc6f98b4b6728c30418b83e6f70285719780d3518d972ece?s=96&d=mm&r=g\",\"contentUrl\":\"https:\\\/\\\/secure.gravatar.com\\\/avatar\\\/2eedc5259426225ddc6f98b4b6728c30418b83e6f70285719780d3518d972ece?s=96&d=mm&r=g\",\"caption\":\"admin\"},\"url\":\"https:\\\/\\\/medvegjasot.com\\\/?author=2\"}]}<\/script>\n<!-- \/ Yoast SEO plugin. -->","yoast_head_json":{"title":"\u201cFESTA E PLISIT T\u00cb BARDH\u00cb \u2013 JEHON\u00cb KOMB\u00cbTARE N\u00cb KALAN\u00cb E KRUJ\u00cbS\u201d - Medvegja Sot","robots":{"index":"index","follow":"follow","max-snippet":"max-snippet:-1","max-image-preview":"max-image-preview:large","max-video-preview":"max-video-preview:-1"},"canonical":"https:\/\/medvegjasot.com\/?p=5321","og_locale":"en_US","og_type":"article","og_title":"\u201cFESTA E PLISIT T\u00cb BARDH\u00cb \u2013 JEHON\u00cb KOMB\u00cbTARE N\u00cb KALAN\u00cb E KRUJ\u00cbS\u201d - Medvegja Sot","og_description":"N\u00eb kalan\u00eb historike t\u00eb Gjergj Kastriotit \u2013 Sk\u00ebnderbeut, m\u00eb 31 gusht 2025, u zhvillua nj\u00eb manifestim madh\u00ebshtor i sh\u00ebnuar si \u201cFesta e Plisit t\u00eb Bardh\u00eb\u201d. Ky aktivitet mblodhi bashk\u00eb qytetar\u00eb, shoqata e grupe artistike nga t\u00eb gjitha trojet etnike t\u00eb Gadishullit Ilirik, duke e kthyer fest\u00ebn n\u00eb nj\u00eb simbol t\u00eb unitetit dhe krenaris\u00eb komb\u00ebtare. P\u00ebrve\u00e7...","og_url":"https:\/\/medvegjasot.com\/?p=5321","og_site_name":"Medvegja Sot","article_publisher":"https:\/\/www.facebook.com\/MedvegjaSot.com1","article_published_time":"2025-09-02T09:05:10+00:00","article_modified_time":"2025-09-02T12:49:24+00:00","og_image":[{"width":2560,"height":1440,"url":"https:\/\/medvegjasot.com\/wp-content\/uploads\/2025\/09\/IMG_2546-scaled.jpeg","type":"image\/jpeg"}],"author":"admin","twitter_card":"summary_large_image","twitter_misc":{"Written by":"admin","Est. reading time":"5 minutes"},"schema":{"@context":"https:\/\/schema.org","@graph":[{"@type":"Article","@id":"https:\/\/medvegjasot.com\/?p=5321#article","isPartOf":{"@id":"https:\/\/medvegjasot.com\/?p=5321"},"author":{"name":"admin","@id":"https:\/\/medvegjasot.com\/#\/schema\/person\/f2be1a84f4e95d0cb032946a1cf2e594"},"headline":"\u201cFESTA E PLISIT T\u00cb BARDH\u00cb \u2013 JEHON\u00cb KOMB\u00cbTARE N\u00cb KALAN\u00cb E KRUJ\u00cbS\u201d","datePublished":"2025-09-02T09:05:10+00:00","dateModified":"2025-09-02T12:49:24+00:00","mainEntityOfPage":{"@id":"https:\/\/medvegjasot.com\/?p=5321"},"wordCount":1016,"commentCount":0,"publisher":{"@id":"https:\/\/medvegjasot.com\/#organization"},"image":{"@id":"https:\/\/medvegjasot.com\/?p=5321#primaryimage"},"thumbnailUrl":"https:\/\/medvegjasot.com\/wp-content\/uploads\/2025\/09\/IMG_2546-scaled.jpeg","articleSection":["KULTUR\u00cb"],"inLanguage":"en-US","potentialAction":[{"@type":"CommentAction","name":"Comment","target":["https:\/\/medvegjasot.com\/?p=5321#respond"]}]},{"@type":"WebPage","@id":"https:\/\/medvegjasot.com\/?p=5321","url":"https:\/\/medvegjasot.com\/?p=5321","name":"\u201cFESTA E PLISIT T\u00cb BARDH\u00cb \u2013 JEHON\u00cb KOMB\u00cbTARE N\u00cb KALAN\u00cb E KRUJ\u00cbS\u201d - Medvegja Sot","isPartOf":{"@id":"https:\/\/medvegjasot.com\/#website"},"primaryImageOfPage":{"@id":"https:\/\/medvegjasot.com\/?p=5321#primaryimage"},"image":{"@id":"https:\/\/medvegjasot.com\/?p=5321#primaryimage"},"thumbnailUrl":"https:\/\/medvegjasot.com\/wp-content\/uploads\/2025\/09\/IMG_2546-scaled.jpeg","datePublished":"2025-09-02T09:05:10+00:00","dateModified":"2025-09-02T12:49:24+00:00","breadcrumb":{"@id":"https:\/\/medvegjasot.com\/?p=5321#breadcrumb"},"inLanguage":"en-US","potentialAction":[{"@type":"ReadAction","target":["https:\/\/medvegjasot.com\/?p=5321"]}]},{"@type":"ImageObject","inLanguage":"en-US","@id":"https:\/\/medvegjasot.com\/?p=5321#primaryimage","url":"https:\/\/medvegjasot.com\/wp-content\/uploads\/2025\/09\/IMG_2546-scaled.jpeg","contentUrl":"https:\/\/medvegjasot.com\/wp-content\/uploads\/2025\/09\/IMG_2546-scaled.jpeg","width":2560,"height":1440},{"@type":"BreadcrumbList","@id":"https:\/\/medvegjasot.com\/?p=5321#breadcrumb","itemListElement":[{"@type":"ListItem","position":1,"name":"Home","item":"https:\/\/medvegjasot.com\/"},{"@type":"ListItem","position":2,"name":"\u201cFESTA E PLISIT T\u00cb BARDH\u00cb \u2013 JEHON\u00cb KOMB\u00cbTARE N\u00cb KALAN\u00cb E KRUJ\u00cbS\u201d"}]},{"@type":"WebSite","@id":"https:\/\/medvegjasot.com\/#website","url":"https:\/\/medvegjasot.com\/","name":"Medvegja Sot","description":"Portal Lajmesh","publisher":{"@id":"https:\/\/medvegjasot.com\/#organization"},"alternateName":"MS","potentialAction":[{"@type":"SearchAction","target":{"@type":"EntryPoint","urlTemplate":"https:\/\/medvegjasot.com\/?s={search_term_string}"},"query-input":{"@type":"PropertyValueSpecification","valueRequired":true,"valueName":"search_term_string"}}],"inLanguage":"en-US"},{"@type":"Organization","@id":"https:\/\/medvegjasot.com\/#organization","name":"Medvegja Sot","alternateName":"MS","url":"https:\/\/medvegjasot.com\/","logo":{"@type":"ImageObject","inLanguage":"en-US","@id":"https:\/\/medvegjasot.com\/#\/schema\/logo\/image\/","url":"https:\/\/medvegjasot.com\/wp-content\/uploads\/2024\/08\/logo.png","contentUrl":"https:\/\/medvegjasot.com\/wp-content\/uploads\/2024\/08\/logo.png","width":500,"height":500,"caption":"Medvegja Sot"},"image":{"@id":"https:\/\/medvegjasot.com\/#\/schema\/logo\/image\/"},"sameAs":["https:\/\/www.facebook.com\/MedvegjaSot.com1"]},{"@type":"Person","@id":"https:\/\/medvegjasot.com\/#\/schema\/person\/f2be1a84f4e95d0cb032946a1cf2e594","name":"admin","image":{"@type":"ImageObject","inLanguage":"en-US","@id":"https:\/\/secure.gravatar.com\/avatar\/2eedc5259426225ddc6f98b4b6728c30418b83e6f70285719780d3518d972ece?s=96&d=mm&r=g","url":"https:\/\/secure.gravatar.com\/avatar\/2eedc5259426225ddc6f98b4b6728c30418b83e6f70285719780d3518d972ece?s=96&d=mm&r=g","contentUrl":"https:\/\/secure.gravatar.com\/avatar\/2eedc5259426225ddc6f98b4b6728c30418b83e6f70285719780d3518d972ece?s=96&d=mm&r=g","caption":"admin"},"url":"https:\/\/medvegjasot.com\/?author=2"}]}},"jetpack_featured_media_url":"https:\/\/medvegjasot.com\/wp-content\/uploads\/2025\/09\/IMG_2546-scaled.jpeg","_links":{"self":[{"href":"https:\/\/medvegjasot.com\/index.php?rest_route=\/wp\/v2\/posts\/5321","targetHints":{"allow":["GET"]}}],"collection":[{"href":"https:\/\/medvegjasot.com\/index.php?rest_route=\/wp\/v2\/posts"}],"about":[{"href":"https:\/\/medvegjasot.com\/index.php?rest_route=\/wp\/v2\/types\/post"}],"author":[{"embeddable":true,"href":"https:\/\/medvegjasot.com\/index.php?rest_route=\/wp\/v2\/users\/2"}],"replies":[{"embeddable":true,"href":"https:\/\/medvegjasot.com\/index.php?rest_route=%2Fwp%2Fv2%2Fcomments&post=5321"}],"version-history":[{"count":6,"href":"https:\/\/medvegjasot.com\/index.php?rest_route=\/wp\/v2\/posts\/5321\/revisions"}],"predecessor-version":[{"id":5337,"href":"https:\/\/medvegjasot.com\/index.php?rest_route=\/wp\/v2\/posts\/5321\/revisions\/5337"}],"wp:featuredmedia":[{"embeddable":true,"href":"https:\/\/medvegjasot.com\/index.php?rest_route=\/wp\/v2\/media\/5323"}],"wp:attachment":[{"href":"https:\/\/medvegjasot.com\/index.php?rest_route=%2Fwp%2Fv2%2Fmedia&parent=5321"}],"wp:term":[{"taxonomy":"category","embeddable":true,"href":"https:\/\/medvegjasot.com\/index.php?rest_route=%2Fwp%2Fv2%2Fcategories&post=5321"},{"taxonomy":"post_tag","embeddable":true,"href":"https:\/\/medvegjasot.com\/index.php?rest_route=%2Fwp%2Fv2%2Ftags&post=5321"}],"curies":[{"name":"wp","href":"https:\/\/api.w.org\/{rel}","templated":true}]}}