{"id":5235,"date":"2025-08-12T20:29:27","date_gmt":"2025-08-12T20:29:27","guid":{"rendered":"https:\/\/medvegjasot.com\/?p=5235"},"modified":"2025-09-16T15:44:06","modified_gmt":"2025-09-16T15:44:06","slug":"pasivizimi-armea-e-heshtur-e-spastrimit-etnik-ne-medvegje","status":"publish","type":"post","link":"https:\/\/medvegjasot.com\/?p=5235","title":{"rendered":"PASIVIZIMI \u2013 ARM\u00cb E HESHTUR E SPASTRIMIT ETNIK N\u00cb MEDVEGJ\u00cb"},"content":{"rendered":"\n<p><strong>Shqiptar\u00ebt po fshihen nga regjistrat, po zhduken nga statistikat dhe po p\u00ebrjashtohen nga e ardhmja e trojeve t\u00eb tyre.<\/strong><\/p>\n\n\n\n<p>Medvegja, kjo trev\u00eb e lasht\u00eb shqiptare n\u00eb zem\u00ebr t\u00eb Lugin\u00ebs, po p\u00ebrjeton nj\u00eb form\u00eb t\u00eb re t\u00eb spastrimit etnik \u2013 nj\u00eb luft\u00eb pa krisma, por me vula dhe vendime administrative.&nbsp;<strong>Pasivizimi<\/strong>&nbsp;\u00ebsht\u00eb procesi p\u00ebrmes t\u00eb cilit autoritetet serbe ua fshijn\u00eb shqiptar\u00ebve adres\u00ebn nga regjistrat civil\u00eb, duke i b\u00ebr\u00eb \u201cjuridikisht t\u00eb paduksh\u00ebm\u201d n\u00eb vendin e tyre.<\/p>\n\n\n\n<p>Pasivizimi nuk \u00ebsht\u00eb thjesht nj\u00eb procedur\u00eb teknike. Ai \u00ebsht\u00eb nj\u00eb strategji e planifikuar p\u00ebr t\u00eb ulur numrin e shqiptar\u00ebve n\u00eb census, p\u00ebr t\u2019ua marr\u00eb t\u00eb drejt\u00ebn e vot\u00ebs, p\u00ebr t\u2019ua pamund\u00ebsuar sh\u00ebrbimet sh\u00ebndet\u00ebsore, pensionet, regjistrimin e pronave dhe dokumentet e identitetit. Me nj\u00eb n\u00ebnshkrim, nj\u00eb familje e t\u00ebr\u00eb humbet t\u00eb drejtat themelore dhe del jasht\u00eb sistemit.<\/p>\n\n\n\n<p>Shum\u00eb fshatra t\u00eb Medvegj\u00ebs n\u00eb letra duken gati t\u00eb zbrazura, ndon\u00ebse sht\u00ebpit\u00eb jan\u00eb aty dhe familjet kthehen rregullisht. Q\u00ebllimi \u00ebsht\u00eb i qart\u00eb: ndryshimi i struktur\u00ebs etnike dhe shuarja e pranis\u00eb shqiptare.<\/p>\n\n\n\n<p>Ky proces \u00ebsht\u00eb&nbsp;<strong>spa strim etnik i heshtur<\/strong>, i cili nuk t\u00ebrheq titujt e lajmeve nd\u00ebrkomb\u00ebtare si luft\u00ebrat, por \u00ebsht\u00eb po aq i rreziksh\u00ebm \u2013 madje m\u00eb i rreziksh\u00ebm, sepse ndodh n\u00eb heshtje.<\/p>\n\n\n\n<p>Shqiptar\u00ebt e Medvegj\u00ebs kan\u00eb ngritur z\u00ebrin me protesta, peticione dhe apelime n\u00eb institucionet nd\u00ebrkomb\u00ebtare, por reagimi \u00ebsht\u00eb ende i vak\u00ebt. \u00c7do vit, qindra adresa shqiptare \u201cshuhen\u201d nga regjistrat.<\/p>\n\n\n\n<p>Pasivizimi nuk \u00ebsht\u00eb nj\u00eb problem lokal \u2013 \u00ebsht\u00eb nj\u00eb&nbsp;<strong>\u00e7\u00ebshtje komb\u00ebtare<\/strong>. Humbja e Medvegj\u00ebs n\u00eb dokumente \u00ebsht\u00eb hapi i par\u00eb drejt humbjes n\u00eb realitet.<\/p>\n\n\n\n<p><strong>\u201cN\u00ebse nuk e ndalim sot, nes\u00ebr do t\u00eb jet\u00eb von\u00eb.\u201d<\/strong><\/p>\n\n\n\n<p><em>Punim i shkruar nga shkrimtari i shum\u00eb veprave t\u00eb botuara, opinionist dhe autor i dy katalog\u00ebve mbi veshjen tradicionale t\u00eb Medvegj\u00ebs,<\/em>&nbsp;\u00ebsht\u00eb edhe autor i librave&nbsp;<strong>\u201cShqiptar\u00ebt e Medvegj\u00ebs n\u00ebp\u00ebr shekuj\u201d \u2013 v\u00ebllimi 1 dhe 2<\/strong><strong><em>, Rrahman Hyseni<\/em><\/strong><\/p>\n","protected":false},"excerpt":{"rendered":"<p>Shqiptar\u00ebt po fshihen nga regjistrat, po zhduken nga statistikat dhe po p\u00ebrjashtohen nga e ardhmja e trojeve t\u00eb tyre. Medvegja, kjo trev\u00eb e lasht\u00eb shqiptare n\u00eb zem\u00ebr t\u00eb Lugin\u00ebs, po p\u00ebrjeton nj\u00eb form\u00eb t\u00eb re t\u00eb spastrimit etnik \u2013 nj\u00eb luft\u00eb pa krisma, por me vula dhe vendime administrative.&nbsp;Pasivizimi&nbsp;\u00ebsht\u00eb procesi p\u00ebrmes t\u00eb cilit autoritetet serbe&#8230;<\/p>\n","protected":false},"author":2,"featured_media":5234,"comment_status":"open","ping_status":"open","sticky":false,"template":"","format":"standard","meta":{"_coblocks_attr":"","_coblocks_dimensions":"","_coblocks_responsive_height":"","_coblocks_accordion_ie_support":"","_monsterinsights_skip_tracking":false,"_monsterinsights_sitenote_active":false,"_monsterinsights_sitenote_note":"","_monsterinsights_sitenote_category":0,"footnotes":""},"categories":[2],"tags":[],"class_list":["post-5235","post","type-post","status-publish","format-standard","has-post-thumbnail","hentry","category-aktuale"],"yoast_head":"<!-- This site is optimized with the Yoast SEO plugin v27.5 - https:\/\/yoast.com\/product\/yoast-seo-wordpress\/ -->\n<title>PASIVIZIMI \u2013 ARM\u00cb E HESHTUR E SPASTRIMIT ETNIK N\u00cb MEDVEGJ\u00cb - Medvegja Sot<\/title>\n<meta name=\"robots\" content=\"index, follow, max-snippet:-1, max-image-preview:large, max-video-preview:-1\" \/>\n<link rel=\"canonical\" href=\"https:\/\/medvegjasot.com\/?p=5235\" \/>\n<meta property=\"og:locale\" content=\"en_US\" \/>\n<meta property=\"og:type\" content=\"article\" \/>\n<meta property=\"og:title\" content=\"PASIVIZIMI \u2013 ARM\u00cb E HESHTUR E SPASTRIMIT ETNIK N\u00cb MEDVEGJ\u00cb - Medvegja Sot\" \/>\n<meta property=\"og:description\" content=\"Shqiptar\u00ebt po fshihen nga regjistrat, po zhduken nga statistikat dhe po p\u00ebrjashtohen nga e ardhmja e trojeve t\u00eb tyre. Medvegja, kjo trev\u00eb e lasht\u00eb shqiptare n\u00eb zem\u00ebr t\u00eb Lugin\u00ebs, po p\u00ebrjeton nj\u00eb form\u00eb t\u00eb re t\u00eb spastrimit etnik \u2013 nj\u00eb luft\u00eb pa krisma, por me vula dhe vendime administrative.&nbsp;Pasivizimi&nbsp;\u00ebsht\u00eb procesi p\u00ebrmes t\u00eb cilit autoritetet serbe...\" \/>\n<meta property=\"og:url\" content=\"https:\/\/medvegjasot.com\/?p=5235\" \/>\n<meta property=\"og:site_name\" content=\"Medvegja Sot\" \/>\n<meta property=\"article:publisher\" content=\"https:\/\/www.facebook.com\/MedvegjaSot.com1\" \/>\n<meta property=\"article:published_time\" content=\"2025-08-12T20:29:27+00:00\" \/>\n<meta property=\"article:modified_time\" content=\"2025-09-16T15:44:06+00:00\" \/>\n<meta property=\"og:image\" content=\"https:\/\/medvegjasot.com\/wp-content\/uploads\/2025\/08\/IMG_1502.jpeg\" \/>\n\t<meta property=\"og:image:width\" content=\"1179\" \/>\n\t<meta property=\"og:image:height\" content=\"648\" \/>\n\t<meta property=\"og:image:type\" content=\"image\/jpeg\" \/>\n<meta name=\"author\" content=\"admin\" \/>\n<meta name=\"twitter:card\" content=\"summary_large_image\" \/>\n<meta name=\"twitter:label1\" content=\"Written by\" \/>\n\t<meta name=\"twitter:data1\" content=\"admin\" \/>\n\t<meta name=\"twitter:label2\" content=\"Est. reading time\" \/>\n\t<meta name=\"twitter:data2\" content=\"2 minutes\" \/>\n<script type=\"application\/ld+json\" class=\"yoast-schema-graph\">{\"@context\":\"https:\\\/\\\/schema.org\",\"@graph\":[{\"@type\":\"Article\",\"@id\":\"https:\\\/\\\/medvegjasot.com\\\/?p=5235#article\",\"isPartOf\":{\"@id\":\"https:\\\/\\\/medvegjasot.com\\\/?p=5235\"},\"author\":{\"name\":\"admin\",\"@id\":\"https:\\\/\\\/medvegjasot.com\\\/#\\\/schema\\\/person\\\/f2be1a84f4e95d0cb032946a1cf2e594\"},\"headline\":\"PASIVIZIMI \u2013 ARM\u00cb E HESHTUR E SPASTRIMIT ETNIK N\u00cb MEDVEGJ\u00cb\",\"datePublished\":\"2025-08-12T20:29:27+00:00\",\"dateModified\":\"2025-09-16T15:44:06+00:00\",\"mainEntityOfPage\":{\"@id\":\"https:\\\/\\\/medvegjasot.com\\\/?p=5235\"},\"wordCount\":355,\"commentCount\":0,\"publisher\":{\"@id\":\"https:\\\/\\\/medvegjasot.com\\\/#organization\"},\"image\":{\"@id\":\"https:\\\/\\\/medvegjasot.com\\\/?p=5235#primaryimage\"},\"thumbnailUrl\":\"https:\\\/\\\/medvegjasot.com\\\/wp-content\\\/uploads\\\/2025\\\/08\\\/IMG_1502.jpeg\",\"articleSection\":[\"AKTUALE\"],\"inLanguage\":\"en-US\",\"potentialAction\":[{\"@type\":\"CommentAction\",\"name\":\"Comment\",\"target\":[\"https:\\\/\\\/medvegjasot.com\\\/?p=5235#respond\"]}]},{\"@type\":\"WebPage\",\"@id\":\"https:\\\/\\\/medvegjasot.com\\\/?p=5235\",\"url\":\"https:\\\/\\\/medvegjasot.com\\\/?p=5235\",\"name\":\"PASIVIZIMI \u2013 ARM\u00cb E HESHTUR E SPASTRIMIT ETNIK N\u00cb MEDVEGJ\u00cb - Medvegja Sot\",\"isPartOf\":{\"@id\":\"https:\\\/\\\/medvegjasot.com\\\/#website\"},\"primaryImageOfPage\":{\"@id\":\"https:\\\/\\\/medvegjasot.com\\\/?p=5235#primaryimage\"},\"image\":{\"@id\":\"https:\\\/\\\/medvegjasot.com\\\/?p=5235#primaryimage\"},\"thumbnailUrl\":\"https:\\\/\\\/medvegjasot.com\\\/wp-content\\\/uploads\\\/2025\\\/08\\\/IMG_1502.jpeg\",\"datePublished\":\"2025-08-12T20:29:27+00:00\",\"dateModified\":\"2025-09-16T15:44:06+00:00\",\"breadcrumb\":{\"@id\":\"https:\\\/\\\/medvegjasot.com\\\/?p=5235#breadcrumb\"},\"inLanguage\":\"en-US\",\"potentialAction\":[{\"@type\":\"ReadAction\",\"target\":[\"https:\\\/\\\/medvegjasot.com\\\/?p=5235\"]}]},{\"@type\":\"ImageObject\",\"inLanguage\":\"en-US\",\"@id\":\"https:\\\/\\\/medvegjasot.com\\\/?p=5235#primaryimage\",\"url\":\"https:\\\/\\\/medvegjasot.com\\\/wp-content\\\/uploads\\\/2025\\\/08\\\/IMG_1502.jpeg\",\"contentUrl\":\"https:\\\/\\\/medvegjasot.com\\\/wp-content\\\/uploads\\\/2025\\\/08\\\/IMG_1502.jpeg\",\"width\":1179,\"height\":648},{\"@type\":\"BreadcrumbList\",\"@id\":\"https:\\\/\\\/medvegjasot.com\\\/?p=5235#breadcrumb\",\"itemListElement\":[{\"@type\":\"ListItem\",\"position\":1,\"name\":\"Home\",\"item\":\"https:\\\/\\\/medvegjasot.com\\\/\"},{\"@type\":\"ListItem\",\"position\":2,\"name\":\"PASIVIZIMI \u2013 ARM\u00cb E HESHTUR E SPASTRIMIT ETNIK N\u00cb MEDVEGJ\u00cb\"}]},{\"@type\":\"WebSite\",\"@id\":\"https:\\\/\\\/medvegjasot.com\\\/#website\",\"url\":\"https:\\\/\\\/medvegjasot.com\\\/\",\"name\":\"Medvegja Sot\",\"description\":\"Portal Lajmesh\",\"publisher\":{\"@id\":\"https:\\\/\\\/medvegjasot.com\\\/#organization\"},\"alternateName\":\"MS\",\"potentialAction\":[{\"@type\":\"SearchAction\",\"target\":{\"@type\":\"EntryPoint\",\"urlTemplate\":\"https:\\\/\\\/medvegjasot.com\\\/?s={search_term_string}\"},\"query-input\":{\"@type\":\"PropertyValueSpecification\",\"valueRequired\":true,\"valueName\":\"search_term_string\"}}],\"inLanguage\":\"en-US\"},{\"@type\":\"Organization\",\"@id\":\"https:\\\/\\\/medvegjasot.com\\\/#organization\",\"name\":\"Medvegja Sot\",\"alternateName\":\"MS\",\"url\":\"https:\\\/\\\/medvegjasot.com\\\/\",\"logo\":{\"@type\":\"ImageObject\",\"inLanguage\":\"en-US\",\"@id\":\"https:\\\/\\\/medvegjasot.com\\\/#\\\/schema\\\/logo\\\/image\\\/\",\"url\":\"https:\\\/\\\/medvegjasot.com\\\/wp-content\\\/uploads\\\/2024\\\/08\\\/logo.png\",\"contentUrl\":\"https:\\\/\\\/medvegjasot.com\\\/wp-content\\\/uploads\\\/2024\\\/08\\\/logo.png\",\"width\":500,\"height\":500,\"caption\":\"Medvegja Sot\"},\"image\":{\"@id\":\"https:\\\/\\\/medvegjasot.com\\\/#\\\/schema\\\/logo\\\/image\\\/\"},\"sameAs\":[\"https:\\\/\\\/www.facebook.com\\\/MedvegjaSot.com1\"]},{\"@type\":\"Person\",\"@id\":\"https:\\\/\\\/medvegjasot.com\\\/#\\\/schema\\\/person\\\/f2be1a84f4e95d0cb032946a1cf2e594\",\"name\":\"admin\",\"image\":{\"@type\":\"ImageObject\",\"inLanguage\":\"en-US\",\"@id\":\"https:\\\/\\\/secure.gravatar.com\\\/avatar\\\/2eedc5259426225ddc6f98b4b6728c30418b83e6f70285719780d3518d972ece?s=96&d=mm&r=g\",\"url\":\"https:\\\/\\\/secure.gravatar.com\\\/avatar\\\/2eedc5259426225ddc6f98b4b6728c30418b83e6f70285719780d3518d972ece?s=96&d=mm&r=g\",\"contentUrl\":\"https:\\\/\\\/secure.gravatar.com\\\/avatar\\\/2eedc5259426225ddc6f98b4b6728c30418b83e6f70285719780d3518d972ece?s=96&d=mm&r=g\",\"caption\":\"admin\"},\"url\":\"https:\\\/\\\/medvegjasot.com\\\/?author=2\"}]}<\/script>\n<!-- \/ Yoast SEO plugin. -->","yoast_head_json":{"title":"PASIVIZIMI \u2013 ARM\u00cb E HESHTUR E SPASTRIMIT ETNIK N\u00cb MEDVEGJ\u00cb - Medvegja Sot","robots":{"index":"index","follow":"follow","max-snippet":"max-snippet:-1","max-image-preview":"max-image-preview:large","max-video-preview":"max-video-preview:-1"},"canonical":"https:\/\/medvegjasot.com\/?p=5235","og_locale":"en_US","og_type":"article","og_title":"PASIVIZIMI \u2013 ARM\u00cb E HESHTUR E SPASTRIMIT ETNIK N\u00cb MEDVEGJ\u00cb - Medvegja Sot","og_description":"Shqiptar\u00ebt po fshihen nga regjistrat, po zhduken nga statistikat dhe po p\u00ebrjashtohen nga e ardhmja e trojeve t\u00eb tyre. Medvegja, kjo trev\u00eb e lasht\u00eb shqiptare n\u00eb zem\u00ebr t\u00eb Lugin\u00ebs, po p\u00ebrjeton nj\u00eb form\u00eb t\u00eb re t\u00eb spastrimit etnik \u2013 nj\u00eb luft\u00eb pa krisma, por me vula dhe vendime administrative.&nbsp;Pasivizimi&nbsp;\u00ebsht\u00eb procesi p\u00ebrmes t\u00eb cilit autoritetet serbe...","og_url":"https:\/\/medvegjasot.com\/?p=5235","og_site_name":"Medvegja Sot","article_publisher":"https:\/\/www.facebook.com\/MedvegjaSot.com1","article_published_time":"2025-08-12T20:29:27+00:00","article_modified_time":"2025-09-16T15:44:06+00:00","og_image":[{"width":1179,"height":648,"url":"https:\/\/medvegjasot.com\/wp-content\/uploads\/2025\/08\/IMG_1502.jpeg","type":"image\/jpeg"}],"author":"admin","twitter_card":"summary_large_image","twitter_misc":{"Written by":"admin","Est. reading time":"2 minutes"},"schema":{"@context":"https:\/\/schema.org","@graph":[{"@type":"Article","@id":"https:\/\/medvegjasot.com\/?p=5235#article","isPartOf":{"@id":"https:\/\/medvegjasot.com\/?p=5235"},"author":{"name":"admin","@id":"https:\/\/medvegjasot.com\/#\/schema\/person\/f2be1a84f4e95d0cb032946a1cf2e594"},"headline":"PASIVIZIMI \u2013 ARM\u00cb E HESHTUR E SPASTRIMIT ETNIK N\u00cb MEDVEGJ\u00cb","datePublished":"2025-08-12T20:29:27+00:00","dateModified":"2025-09-16T15:44:06+00:00","mainEntityOfPage":{"@id":"https:\/\/medvegjasot.com\/?p=5235"},"wordCount":355,"commentCount":0,"publisher":{"@id":"https:\/\/medvegjasot.com\/#organization"},"image":{"@id":"https:\/\/medvegjasot.com\/?p=5235#primaryimage"},"thumbnailUrl":"https:\/\/medvegjasot.com\/wp-content\/uploads\/2025\/08\/IMG_1502.jpeg","articleSection":["AKTUALE"],"inLanguage":"en-US","potentialAction":[{"@type":"CommentAction","name":"Comment","target":["https:\/\/medvegjasot.com\/?p=5235#respond"]}]},{"@type":"WebPage","@id":"https:\/\/medvegjasot.com\/?p=5235","url":"https:\/\/medvegjasot.com\/?p=5235","name":"PASIVIZIMI \u2013 ARM\u00cb E HESHTUR E SPASTRIMIT ETNIK N\u00cb MEDVEGJ\u00cb - Medvegja Sot","isPartOf":{"@id":"https:\/\/medvegjasot.com\/#website"},"primaryImageOfPage":{"@id":"https:\/\/medvegjasot.com\/?p=5235#primaryimage"},"image":{"@id":"https:\/\/medvegjasot.com\/?p=5235#primaryimage"},"thumbnailUrl":"https:\/\/medvegjasot.com\/wp-content\/uploads\/2025\/08\/IMG_1502.jpeg","datePublished":"2025-08-12T20:29:27+00:00","dateModified":"2025-09-16T15:44:06+00:00","breadcrumb":{"@id":"https:\/\/medvegjasot.com\/?p=5235#breadcrumb"},"inLanguage":"en-US","potentialAction":[{"@type":"ReadAction","target":["https:\/\/medvegjasot.com\/?p=5235"]}]},{"@type":"ImageObject","inLanguage":"en-US","@id":"https:\/\/medvegjasot.com\/?p=5235#primaryimage","url":"https:\/\/medvegjasot.com\/wp-content\/uploads\/2025\/08\/IMG_1502.jpeg","contentUrl":"https:\/\/medvegjasot.com\/wp-content\/uploads\/2025\/08\/IMG_1502.jpeg","width":1179,"height":648},{"@type":"BreadcrumbList","@id":"https:\/\/medvegjasot.com\/?p=5235#breadcrumb","itemListElement":[{"@type":"ListItem","position":1,"name":"Home","item":"https:\/\/medvegjasot.com\/"},{"@type":"ListItem","position":2,"name":"PASIVIZIMI \u2013 ARM\u00cb E HESHTUR E SPASTRIMIT ETNIK N\u00cb MEDVEGJ\u00cb"}]},{"@type":"WebSite","@id":"https:\/\/medvegjasot.com\/#website","url":"https:\/\/medvegjasot.com\/","name":"Medvegja Sot","description":"Portal Lajmesh","publisher":{"@id":"https:\/\/medvegjasot.com\/#organization"},"alternateName":"MS","potentialAction":[{"@type":"SearchAction","target":{"@type":"EntryPoint","urlTemplate":"https:\/\/medvegjasot.com\/?s={search_term_string}"},"query-input":{"@type":"PropertyValueSpecification","valueRequired":true,"valueName":"search_term_string"}}],"inLanguage":"en-US"},{"@type":"Organization","@id":"https:\/\/medvegjasot.com\/#organization","name":"Medvegja Sot","alternateName":"MS","url":"https:\/\/medvegjasot.com\/","logo":{"@type":"ImageObject","inLanguage":"en-US","@id":"https:\/\/medvegjasot.com\/#\/schema\/logo\/image\/","url":"https:\/\/medvegjasot.com\/wp-content\/uploads\/2024\/08\/logo.png","contentUrl":"https:\/\/medvegjasot.com\/wp-content\/uploads\/2024\/08\/logo.png","width":500,"height":500,"caption":"Medvegja Sot"},"image":{"@id":"https:\/\/medvegjasot.com\/#\/schema\/logo\/image\/"},"sameAs":["https:\/\/www.facebook.com\/MedvegjaSot.com1"]},{"@type":"Person","@id":"https:\/\/medvegjasot.com\/#\/schema\/person\/f2be1a84f4e95d0cb032946a1cf2e594","name":"admin","image":{"@type":"ImageObject","inLanguage":"en-US","@id":"https:\/\/secure.gravatar.com\/avatar\/2eedc5259426225ddc6f98b4b6728c30418b83e6f70285719780d3518d972ece?s=96&d=mm&r=g","url":"https:\/\/secure.gravatar.com\/avatar\/2eedc5259426225ddc6f98b4b6728c30418b83e6f70285719780d3518d972ece?s=96&d=mm&r=g","contentUrl":"https:\/\/secure.gravatar.com\/avatar\/2eedc5259426225ddc6f98b4b6728c30418b83e6f70285719780d3518d972ece?s=96&d=mm&r=g","caption":"admin"},"url":"https:\/\/medvegjasot.com\/?author=2"}]}},"jetpack_featured_media_url":"https:\/\/medvegjasot.com\/wp-content\/uploads\/2025\/08\/IMG_1502.jpeg","_links":{"self":[{"href":"https:\/\/medvegjasot.com\/index.php?rest_route=\/wp\/v2\/posts\/5235","targetHints":{"allow":["GET"]}}],"collection":[{"href":"https:\/\/medvegjasot.com\/index.php?rest_route=\/wp\/v2\/posts"}],"about":[{"href":"https:\/\/medvegjasot.com\/index.php?rest_route=\/wp\/v2\/types\/post"}],"author":[{"embeddable":true,"href":"https:\/\/medvegjasot.com\/index.php?rest_route=\/wp\/v2\/users\/2"}],"replies":[{"embeddable":true,"href":"https:\/\/medvegjasot.com\/index.php?rest_route=%2Fwp%2Fv2%2Fcomments&post=5235"}],"version-history":[{"count":3,"href":"https:\/\/medvegjasot.com\/index.php?rest_route=\/wp\/v2\/posts\/5235\/revisions"}],"predecessor-version":[{"id":5457,"href":"https:\/\/medvegjasot.com\/index.php?rest_route=\/wp\/v2\/posts\/5235\/revisions\/5457"}],"wp:featuredmedia":[{"embeddable":true,"href":"https:\/\/medvegjasot.com\/index.php?rest_route=\/wp\/v2\/media\/5234"}],"wp:attachment":[{"href":"https:\/\/medvegjasot.com\/index.php?rest_route=%2Fwp%2Fv2%2Fmedia&parent=5235"}],"wp:term":[{"taxonomy":"category","embeddable":true,"href":"https:\/\/medvegjasot.com\/index.php?rest_route=%2Fwp%2Fv2%2Fcategories&post=5235"},{"taxonomy":"post_tag","embeddable":true,"href":"https:\/\/medvegjasot.com\/index.php?rest_route=%2Fwp%2Fv2%2Ftags&post=5235"}],"curies":[{"name":"wp","href":"https:\/\/api.w.org\/{rel}","templated":true}]}}