{"id":5210,"date":"2025-08-09T05:34:03","date_gmt":"2025-08-09T05:34:03","guid":{"rendered":"https:\/\/medvegjasot.com\/?p=5210"},"modified":"2025-08-11T08:15:13","modified_gmt":"2025-08-11T08:15:13","slug":"krenaria-e-medvegjes-ne-kostumet-e-grave-shqiptare","status":"publish","type":"post","link":"https:\/\/medvegjasot.com\/?p=5210","title":{"rendered":"Krenaria e Medvegj\u00ebs n\u00eb Kostumet e Grave Shqiptare"},"content":{"rendered":"\n<p>Veshja tradicionale e grave shqiptare nga rajoni i Medvegj\u00ebs \u00ebsht\u00eb pjes\u00eb e trash\u00ebgimis\u00eb kulturore shqiptare dhe bart vlera historike, identitare dhe estetike t\u00eb ve\u00e7anta. Ajo pasqyron ndikimet etnografike t\u00eb zon\u00ebs s\u00eb Anamorav\u00ebs dhe Mal\u00ebsis\u00eb s\u00eb Medvegj\u00ebs, me elemente t\u00eb p\u00ebrbashk\u00ebta me viset e tjera shqiptare n\u00eb Kosov\u00eb, por me detaje t\u00eb ve\u00e7anta q\u00eb e dallojn\u00eb.<\/p>\n\n\n\n<p>N\u00eb dit\u00ebt e sotme, veshja tradicionale e grave nga Medvegja ruhet me kujdes nga familjet shqiptare dhe p\u00ebrdoret n\u00eb raste t\u00eb ve\u00e7anta: dasma, festa komb\u00ebtare, p\u00ebrformanca kulturore dhe ekspozita etnografike. Ajo \u00ebsht\u00eb jo vet\u00ebm nj\u00eb shenj\u00eb krenarie komb\u00ebtare, por edhe nj\u00eb d\u00ebshmi e identitetit t\u00eb q\u00ebndruesh\u00ebm shqiptar n\u00eb k\u00ebt\u00eb trev\u00eb.&nbsp;<br><\/p>\n\n\n\n<figure class=\"wp-block-image size-large\"><img fetchpriority=\"high\" decoding=\"async\" width=\"821\" height=\"1024\" src=\"https:\/\/medvegjasot.com\/wp-content\/uploads\/2025\/08\/photo-output-5-821x1024.jpeg\" alt=\"\" class=\"wp-image-5214\" srcset=\"https:\/\/medvegjasot.com\/wp-content\/uploads\/2025\/08\/photo-output-5-821x1024.jpeg 821w, https:\/\/medvegjasot.com\/wp-content\/uploads\/2025\/08\/photo-output-5-241x300.jpeg 241w, https:\/\/medvegjasot.com\/wp-content\/uploads\/2025\/08\/photo-output-5-768x958.jpeg 768w, https:\/\/medvegjasot.com\/wp-content\/uploads\/2025\/08\/photo-output-5-1232x1536.jpeg 1232w, https:\/\/medvegjasot.com\/wp-content\/uploads\/2025\/08\/photo-output-5.jpeg 1642w\" sizes=\"(max-width: 821px) 100vw, 821px\" \/><\/figure>\n\n\n\n<p>Veshja tradicionale e grave nga Medvegja \u00ebsht\u00eb nj\u00eb pasuri kulturore q\u00eb familjet shqiptare e ruajn\u00eb me kujdes, shpesh si pjes\u00eb e trash\u00ebgimis\u00eb s\u00eb brezave.<\/p>\n\n\n\n<p>Ajo nuk \u00ebsht\u00eb thjesht nj\u00eb rrob\u00eb, por nj\u00eb simbol i identitetit dhe historis\u00eb, i lidhur me zakone, dasma dhe festa t\u00eb r\u00ebnd\u00ebsishme.<\/p>\n\n\n\n<p>Shum\u00eb familje e mbajn\u00eb t\u00eb palosur n\u00eb arka druri ose dollape t\u00eb ve\u00e7ant\u00eb, duke e nxjerr\u00eb vet\u00ebm p\u00ebr raste t\u00eb ve\u00e7anta, n\u00eb m\u00ebnyr\u00eb q\u00eb t\u00eb mos d\u00ebmtohet nga koha.&nbsp;<br><\/p>\n\n\n\n<figure class=\"wp-block-image size-large\"><img decoding=\"async\" width=\"818\" height=\"1024\" src=\"https:\/\/medvegjasot.com\/wp-content\/uploads\/2025\/08\/photo-output-6-818x1024.jpeg\" alt=\"\" class=\"wp-image-5216\" srcset=\"https:\/\/medvegjasot.com\/wp-content\/uploads\/2025\/08\/photo-output-6-818x1024.jpeg 818w, https:\/\/medvegjasot.com\/wp-content\/uploads\/2025\/08\/photo-output-6-240x300.jpeg 240w, https:\/\/medvegjasot.com\/wp-content\/uploads\/2025\/08\/photo-output-6-768x961.jpeg 768w, https:\/\/medvegjasot.com\/wp-content\/uploads\/2025\/08\/photo-output-6-1227x1536.jpeg 1227w, https:\/\/medvegjasot.com\/wp-content\/uploads\/2025\/08\/photo-output-6.jpeg 1636w\" sizes=\"(max-width: 818px) 100vw, 818px\" \/><\/figure>\n\n\n\n<p><strong>Veshjet tradicionale t\u00eb grave shqiptare n\u00eb komun\u00ebn e Medvegj\u00ebs \u2013 trash\u00ebgimi e gjall\u00eb kulturore<\/strong><\/p>\n\n\n\n<p>Veshjet popullore shqiptare t\u00eb komun\u00ebs s\u00eb Medvegj\u00ebs p\u00ebrfaq\u00ebsojn\u00eb nj\u00eb pasuri t\u00eb rrall\u00eb etnografike, ku \u00e7do detaj \u2013 nga ngjyra, materiali, deri te m\u00ebnyra e veshjes \u2013 mbart kuptime t\u00eb thella kulturore dhe simbolike. Ato jan\u00eb punuar me dor\u00eb nd\u00ebr vite e shekuj, duke u p\u00ebrcjell\u00eb nga brezi n\u00eb brez, me p\u00ebrpik\u00ebri dhe rigorozitet t\u00eb admiruesh\u00ebm.<\/p>\n\n\n\n<p><strong>Veshjet sipas mosh\u00ebs dhe statusit<\/strong><\/p>\n\n\n\n<p>Tek grat\u00eb shqiptare t\u00eb k\u00ebsaj treve, veshja ndryshonte sipas mosh\u00ebs dhe statusit familjar.&nbsp;<strong>Vajzat<\/strong>&nbsp;mbanin shami dhe k\u00ebmish\u00eb t\u00eb bardh\u00eb, \u00e7orape t\u00eb bardha dhe, n\u00eb dim\u00ebr, mitan t\u00eb zi.&nbsp;<strong>Nuset dhe grat\u00eb e reja<\/strong>dalloheshin me shami me lule, dimi me lara, k\u00ebmish\u00eb t\u00eb q\u00ebndisur ose t\u00eb bardh\u00eb, xhemper t\u00eb kuq dhe \u00e7orape me rrema.&nbsp;<strong>Grat\u00eb e moshuara<\/strong>&nbsp;vishnin shami xhyveze (ngjyr\u00eb purpurt), k\u00ebmish\u00eb t\u00eb bardh\u00eb dhe, n\u00eb dim\u00ebr, xhemper e \u00e7orape t\u00eb zeza.<\/p>\n\n\n\n<p><strong>Simbolika e ngjyrave sipas Hani-t<\/strong><\/p>\n\n\n\n<p>Studiuesi i njohur Hani, pas vizit\u00ebs n\u00eb fshatrat e Medvegj\u00ebs, vler\u00ebsoi ve\u00e7an\u00ebrisht p\u00ebrdorimin e ngjyrave:&nbsp;<\/p>\n\n\n\n<p><strong>E bardha<\/strong>&nbsp;shprehte past\u00ebrtin\u00eb, shk\u00eblqimin, autoritetin shpirt\u00ebror dhe vlerat pozitive.<\/p>\n\n\n\n<p><strong>E zeza<\/strong>&nbsp;simbolizonte t\u00eb kund\u00ebrt\u00ebn e s\u00eb bardh\u00ebs \u2013 gravitetin, pik\u00ebllimin dhe rrept\u00ebsin\u00eb.<\/p>\n\n\n\n<p><strong>Ngjashm\u00ebrit\u00eb rajonale<\/strong><\/p>\n\n\n\n<p>K\u00ebto veshje ruajn\u00eb tipare t\u00eb p\u00ebrbashk\u00ebta me trev\u00ebn e Llapit dhe Gallapit, nd\u00ebrsa veshja e shqiptar\u00ebve t\u00eb Toplic\u00ebs kishte ngjashm\u00ebri me at\u00eb t\u00eb rrethin\u00ebs s\u00eb Vranj\u00ebs.<\/p>\n\n\n\n<figure class=\"wp-block-image size-large\"><img decoding=\"async\" width=\"818\" height=\"1024\" src=\"https:\/\/medvegjasot.com\/wp-content\/uploads\/2025\/08\/photo-output-8-818x1024.jpeg\" alt=\"\" class=\"wp-image-5218\" srcset=\"https:\/\/medvegjasot.com\/wp-content\/uploads\/2025\/08\/photo-output-8-818x1024.jpeg 818w, https:\/\/medvegjasot.com\/wp-content\/uploads\/2025\/08\/photo-output-8-240x300.jpeg 240w, https:\/\/medvegjasot.com\/wp-content\/uploads\/2025\/08\/photo-output-8-768x961.jpeg 768w, https:\/\/medvegjasot.com\/wp-content\/uploads\/2025\/08\/photo-output-8-1227x1536.jpeg 1227w, https:\/\/medvegjasot.com\/wp-content\/uploads\/2025\/08\/photo-output-8.jpeg 1636w\" sizes=\"(max-width: 818px) 100vw, 818px\" \/><\/figure>\n\n\n\n<p><strong>Materialet dhe zhvillimi historik<\/strong><\/p>\n\n\n\n<p>Historikisht, k\u00ebmisha-fustanella t\u00eb gjata punohej prej liri, nd\u00ebrsa dimit\u00eb prej leshi. M\u00eb von\u00eb u p\u00ebrdor pambuku, q\u00eb hyri n\u00eb p\u00ebrdorim n\u00eb fillim t\u00eb shekullit XX. P\u00ebrpar\u00ebsja (p\u00ebshtjellaku) lidhej p\u00ebr beli me nj\u00eb toj\u00eb ose ushkur.<\/p>\n\n\n\n<p><strong>Veshja e nuses sipas dit\u00ebve t\u00eb dasm\u00ebs<\/strong><\/p>\n\n\n\n<p>Rendi i veshjes s\u00eb nuses n\u00eb dit\u00ebt e para t\u00eb martes\u00ebs ishte tejet rigoroz:<\/p>\n\n\n\n<p><strong>Dita e par\u00eb:<\/strong>&nbsp;dimi, p\u00ebrpar\u00ebse dhe anteri (triko) t\u00eb zeza; \u00e7orape lulekuqe; shami boj\u00ebgjake.<\/p>\n\n\n\n<p><strong>Dita e dyt\u00eb:<\/strong>&nbsp;dimi dhe shami xhyveze; \u00e7orape me harqe; p\u00ebrpar\u00ebse me vija vertikale; k\u00ebmish\u00eb dhe shok\u00eb me rruaza; kushak me penez\u00eb; jelek me gajtan; shami boj\u00ebgjake me tuf\u00eb sip\u00ebr.<\/p>\n\n\n\n<p><strong>Dita e tret\u00eb:<\/strong>&nbsp;dimi lahori; \u00e7orape t\u00eb bardha; peshqir me penez\u00eb; p\u00ebrpar\u00ebse me vija t\u00eb verdha; kapu\u00e7 me rruaza dhe me para; nj\u00eb lir\u00eb n\u00eb ball\u00eb; kat\u00ebr bistek\u00eb p\u00ebr shpin\u00eb; \u201cshive\u201d (blej flok\u00ebsh) p\u00ebr faqe; vell\u00eb e vendosur kryq me tri lule n\u00eb maj\u00eb.<\/p>\n\n\n\n<figure class=\"wp-block-image size-large\"><img loading=\"lazy\" decoding=\"async\" width=\"818\" height=\"1024\" src=\"https:\/\/medvegjasot.com\/wp-content\/uploads\/2025\/08\/photo-output-7-818x1024.jpeg\" alt=\"\" class=\"wp-image-5217\" srcset=\"https:\/\/medvegjasot.com\/wp-content\/uploads\/2025\/08\/photo-output-7-818x1024.jpeg 818w, https:\/\/medvegjasot.com\/wp-content\/uploads\/2025\/08\/photo-output-7-240x300.jpeg 240w, https:\/\/medvegjasot.com\/wp-content\/uploads\/2025\/08\/photo-output-7-768x961.jpeg 768w, https:\/\/medvegjasot.com\/wp-content\/uploads\/2025\/08\/photo-output-7-1227x1536.jpeg 1227w, https:\/\/medvegjasot.com\/wp-content\/uploads\/2025\/08\/photo-output-7.jpeg 1636w\" sizes=\"(max-width: 818px) 100vw, 818px\" \/><\/figure>\n\n\n\n<p><strong>Karakteristikat dalluese<\/strong><\/p>\n\n\n\n<p>Kjo veshje dallohet p\u00ebr punimin e dor\u00ebs me p\u00ebrpik\u00ebri, prerjen dhe qepjen me stil t\u00eb ve\u00e7ant\u00eb, si dhe dizajnin me motive tradicionale. Ruajtja e renditjes dhe p\u00ebrdorimit t\u00eb saj n\u00eb raste ceremoniale ishte pjes\u00eb e pandashme e tradit\u00ebs.<\/p>\n\n\n\n<p><strong><em>Punim i shkruar nga shkrimtari i shum\u00eb veprave t\u00eb botuara, opinionist dhe autor i dy katalog\u00ebve mbi veshjen tradicionale t\u00eb Medvegj\u00ebs, \u00ebsht\u00eb edhe autor i librave \u201cShqiptar\u00ebt e Medvegj\u00ebs n\u00ebp\u00ebr shekuj\u201d \u2013 v\u00ebllimi 1 dhe 2, Rrahman Hyseni.<\/em><\/strong><\/p>\n\n\n\n<p><\/p>\n","protected":false},"excerpt":{"rendered":"<p>Veshja tradicionale e grave shqiptare nga rajoni i Medvegj\u00ebs \u00ebsht\u00eb pjes\u00eb e trash\u00ebgimis\u00eb kulturore shqiptare dhe bart vlera historike, identitare dhe estetike t\u00eb ve\u00e7anta. Ajo pasqyron ndikimet etnografike t\u00eb zon\u00ebs s\u00eb Anamorav\u00ebs dhe Mal\u00ebsis\u00eb s\u00eb Medvegj\u00ebs, me elemente t\u00eb p\u00ebrbashk\u00ebta me viset e tjera shqiptare n\u00eb Kosov\u00eb, por me detaje t\u00eb ve\u00e7anta q\u00eb e dallojn\u00eb&#8230;.<\/p>\n","protected":false},"author":2,"featured_media":5212,"comment_status":"open","ping_status":"open","sticky":false,"template":"","format":"standard","meta":{"_coblocks_attr":"","_coblocks_dimensions":"","_coblocks_responsive_height":"","_coblocks_accordion_ie_support":"","_monsterinsights_skip_tracking":false,"_monsterinsights_sitenote_active":false,"_monsterinsights_sitenote_note":"","_monsterinsights_sitenote_category":0,"footnotes":""},"categories":[18],"tags":[],"class_list":["post-5210","post","type-post","status-publish","format-standard","has-post-thumbnail","hentry","category-kulture"],"yoast_head":"<!-- This site is optimized with the Yoast SEO plugin v27.5 - https:\/\/yoast.com\/product\/yoast-seo-wordpress\/ -->\n<title>Krenaria e Medvegj\u00ebs n\u00eb Kostumet e Grave Shqiptare - Medvegja Sot<\/title>\n<meta name=\"robots\" content=\"index, follow, max-snippet:-1, max-image-preview:large, max-video-preview:-1\" \/>\n<link rel=\"canonical\" href=\"https:\/\/medvegjasot.com\/?p=5210\" \/>\n<meta property=\"og:locale\" content=\"en_US\" \/>\n<meta property=\"og:type\" content=\"article\" \/>\n<meta property=\"og:title\" content=\"Krenaria e Medvegj\u00ebs n\u00eb Kostumet e Grave Shqiptare - Medvegja Sot\" \/>\n<meta property=\"og:description\" content=\"Veshja tradicionale e grave shqiptare nga rajoni i Medvegj\u00ebs \u00ebsht\u00eb pjes\u00eb e trash\u00ebgimis\u00eb kulturore shqiptare dhe bart vlera historike, identitare dhe estetike t\u00eb ve\u00e7anta. Ajo pasqyron ndikimet etnografike t\u00eb zon\u00ebs s\u00eb Anamorav\u00ebs dhe Mal\u00ebsis\u00eb s\u00eb Medvegj\u00ebs, me elemente t\u00eb p\u00ebrbashk\u00ebta me viset e tjera shqiptare n\u00eb Kosov\u00eb, por me detaje t\u00eb ve\u00e7anta q\u00eb e dallojn\u00eb....\" \/>\n<meta property=\"og:url\" content=\"https:\/\/medvegjasot.com\/?p=5210\" \/>\n<meta property=\"og:site_name\" content=\"Medvegja Sot\" \/>\n<meta property=\"article:publisher\" content=\"https:\/\/www.facebook.com\/MedvegjaSot.com1\" \/>\n<meta property=\"article:published_time\" content=\"2025-08-09T05:34:03+00:00\" \/>\n<meta property=\"article:modified_time\" content=\"2025-08-11T08:15:13+00:00\" \/>\n<meta property=\"og:image\" content=\"https:\/\/medvegjasot.com\/wp-content\/uploads\/2025\/08\/photo-output-4.jpeg\" \/>\n\t<meta property=\"og:image:width\" content=\"2048\" \/>\n\t<meta property=\"og:image:height\" content=\"1152\" \/>\n\t<meta property=\"og:image:type\" content=\"image\/jpeg\" \/>\n<meta name=\"author\" content=\"admin\" \/>\n<meta name=\"twitter:card\" content=\"summary_large_image\" \/>\n<meta name=\"twitter:label1\" content=\"Written by\" \/>\n\t<meta name=\"twitter:data1\" content=\"admin\" \/>\n\t<meta name=\"twitter:label2\" content=\"Est. reading time\" \/>\n\t<meta name=\"twitter:data2\" content=\"4 minutes\" \/>\n<script type=\"application\/ld+json\" class=\"yoast-schema-graph\">{\"@context\":\"https:\\\/\\\/schema.org\",\"@graph\":[{\"@type\":\"Article\",\"@id\":\"https:\\\/\\\/medvegjasot.com\\\/?p=5210#article\",\"isPartOf\":{\"@id\":\"https:\\\/\\\/medvegjasot.com\\\/?p=5210\"},\"author\":{\"name\":\"admin\",\"@id\":\"https:\\\/\\\/medvegjasot.com\\\/#\\\/schema\\\/person\\\/f2be1a84f4e95d0cb032946a1cf2e594\"},\"headline\":\"Krenaria e Medvegj\u00ebs n\u00eb Kostumet e Grave Shqiptare\",\"datePublished\":\"2025-08-09T05:34:03+00:00\",\"dateModified\":\"2025-08-11T08:15:13+00:00\",\"mainEntityOfPage\":{\"@id\":\"https:\\\/\\\/medvegjasot.com\\\/?p=5210\"},\"wordCount\":756,\"commentCount\":0,\"publisher\":{\"@id\":\"https:\\\/\\\/medvegjasot.com\\\/#organization\"},\"image\":{\"@id\":\"https:\\\/\\\/medvegjasot.com\\\/?p=5210#primaryimage\"},\"thumbnailUrl\":\"https:\\\/\\\/medvegjasot.com\\\/wp-content\\\/uploads\\\/2025\\\/08\\\/photo-output-4.jpeg\",\"articleSection\":[\"KULTUR\u00cb\"],\"inLanguage\":\"en-US\",\"potentialAction\":[{\"@type\":\"CommentAction\",\"name\":\"Comment\",\"target\":[\"https:\\\/\\\/medvegjasot.com\\\/?p=5210#respond\"]}]},{\"@type\":\"WebPage\",\"@id\":\"https:\\\/\\\/medvegjasot.com\\\/?p=5210\",\"url\":\"https:\\\/\\\/medvegjasot.com\\\/?p=5210\",\"name\":\"Krenaria e Medvegj\u00ebs n\u00eb Kostumet e Grave Shqiptare - Medvegja Sot\",\"isPartOf\":{\"@id\":\"https:\\\/\\\/medvegjasot.com\\\/#website\"},\"primaryImageOfPage\":{\"@id\":\"https:\\\/\\\/medvegjasot.com\\\/?p=5210#primaryimage\"},\"image\":{\"@id\":\"https:\\\/\\\/medvegjasot.com\\\/?p=5210#primaryimage\"},\"thumbnailUrl\":\"https:\\\/\\\/medvegjasot.com\\\/wp-content\\\/uploads\\\/2025\\\/08\\\/photo-output-4.jpeg\",\"datePublished\":\"2025-08-09T05:34:03+00:00\",\"dateModified\":\"2025-08-11T08:15:13+00:00\",\"breadcrumb\":{\"@id\":\"https:\\\/\\\/medvegjasot.com\\\/?p=5210#breadcrumb\"},\"inLanguage\":\"en-US\",\"potentialAction\":[{\"@type\":\"ReadAction\",\"target\":[\"https:\\\/\\\/medvegjasot.com\\\/?p=5210\"]}]},{\"@type\":\"ImageObject\",\"inLanguage\":\"en-US\",\"@id\":\"https:\\\/\\\/medvegjasot.com\\\/?p=5210#primaryimage\",\"url\":\"https:\\\/\\\/medvegjasot.com\\\/wp-content\\\/uploads\\\/2025\\\/08\\\/photo-output-4.jpeg\",\"contentUrl\":\"https:\\\/\\\/medvegjasot.com\\\/wp-content\\\/uploads\\\/2025\\\/08\\\/photo-output-4.jpeg\",\"width\":2048,\"height\":1152},{\"@type\":\"BreadcrumbList\",\"@id\":\"https:\\\/\\\/medvegjasot.com\\\/?p=5210#breadcrumb\",\"itemListElement\":[{\"@type\":\"ListItem\",\"position\":1,\"name\":\"Home\",\"item\":\"https:\\\/\\\/medvegjasot.com\\\/\"},{\"@type\":\"ListItem\",\"position\":2,\"name\":\"Krenaria e Medvegj\u00ebs n\u00eb Kostumet e Grave Shqiptare\"}]},{\"@type\":\"WebSite\",\"@id\":\"https:\\\/\\\/medvegjasot.com\\\/#website\",\"url\":\"https:\\\/\\\/medvegjasot.com\\\/\",\"name\":\"Medvegja Sot\",\"description\":\"Portal Lajmesh\",\"publisher\":{\"@id\":\"https:\\\/\\\/medvegjasot.com\\\/#organization\"},\"alternateName\":\"MS\",\"potentialAction\":[{\"@type\":\"SearchAction\",\"target\":{\"@type\":\"EntryPoint\",\"urlTemplate\":\"https:\\\/\\\/medvegjasot.com\\\/?s={search_term_string}\"},\"query-input\":{\"@type\":\"PropertyValueSpecification\",\"valueRequired\":true,\"valueName\":\"search_term_string\"}}],\"inLanguage\":\"en-US\"},{\"@type\":\"Organization\",\"@id\":\"https:\\\/\\\/medvegjasot.com\\\/#organization\",\"name\":\"Medvegja Sot\",\"alternateName\":\"MS\",\"url\":\"https:\\\/\\\/medvegjasot.com\\\/\",\"logo\":{\"@type\":\"ImageObject\",\"inLanguage\":\"en-US\",\"@id\":\"https:\\\/\\\/medvegjasot.com\\\/#\\\/schema\\\/logo\\\/image\\\/\",\"url\":\"https:\\\/\\\/medvegjasot.com\\\/wp-content\\\/uploads\\\/2024\\\/08\\\/logo.png\",\"contentUrl\":\"https:\\\/\\\/medvegjasot.com\\\/wp-content\\\/uploads\\\/2024\\\/08\\\/logo.png\",\"width\":500,\"height\":500,\"caption\":\"Medvegja Sot\"},\"image\":{\"@id\":\"https:\\\/\\\/medvegjasot.com\\\/#\\\/schema\\\/logo\\\/image\\\/\"},\"sameAs\":[\"https:\\\/\\\/www.facebook.com\\\/MedvegjaSot.com1\"]},{\"@type\":\"Person\",\"@id\":\"https:\\\/\\\/medvegjasot.com\\\/#\\\/schema\\\/person\\\/f2be1a84f4e95d0cb032946a1cf2e594\",\"name\":\"admin\",\"image\":{\"@type\":\"ImageObject\",\"inLanguage\":\"en-US\",\"@id\":\"https:\\\/\\\/secure.gravatar.com\\\/avatar\\\/2eedc5259426225ddc6f98b4b6728c30418b83e6f70285719780d3518d972ece?s=96&d=mm&r=g\",\"url\":\"https:\\\/\\\/secure.gravatar.com\\\/avatar\\\/2eedc5259426225ddc6f98b4b6728c30418b83e6f70285719780d3518d972ece?s=96&d=mm&r=g\",\"contentUrl\":\"https:\\\/\\\/secure.gravatar.com\\\/avatar\\\/2eedc5259426225ddc6f98b4b6728c30418b83e6f70285719780d3518d972ece?s=96&d=mm&r=g\",\"caption\":\"admin\"},\"url\":\"https:\\\/\\\/medvegjasot.com\\\/?author=2\"}]}<\/script>\n<!-- \/ Yoast SEO plugin. -->","yoast_head_json":{"title":"Krenaria e Medvegj\u00ebs n\u00eb Kostumet e Grave Shqiptare - Medvegja Sot","robots":{"index":"index","follow":"follow","max-snippet":"max-snippet:-1","max-image-preview":"max-image-preview:large","max-video-preview":"max-video-preview:-1"},"canonical":"https:\/\/medvegjasot.com\/?p=5210","og_locale":"en_US","og_type":"article","og_title":"Krenaria e Medvegj\u00ebs n\u00eb Kostumet e Grave Shqiptare - Medvegja Sot","og_description":"Veshja tradicionale e grave shqiptare nga rajoni i Medvegj\u00ebs \u00ebsht\u00eb pjes\u00eb e trash\u00ebgimis\u00eb kulturore shqiptare dhe bart vlera historike, identitare dhe estetike t\u00eb ve\u00e7anta. Ajo pasqyron ndikimet etnografike t\u00eb zon\u00ebs s\u00eb Anamorav\u00ebs dhe Mal\u00ebsis\u00eb s\u00eb Medvegj\u00ebs, me elemente t\u00eb p\u00ebrbashk\u00ebta me viset e tjera shqiptare n\u00eb Kosov\u00eb, por me detaje t\u00eb ve\u00e7anta q\u00eb e dallojn\u00eb....","og_url":"https:\/\/medvegjasot.com\/?p=5210","og_site_name":"Medvegja Sot","article_publisher":"https:\/\/www.facebook.com\/MedvegjaSot.com1","article_published_time":"2025-08-09T05:34:03+00:00","article_modified_time":"2025-08-11T08:15:13+00:00","og_image":[{"width":2048,"height":1152,"url":"https:\/\/medvegjasot.com\/wp-content\/uploads\/2025\/08\/photo-output-4.jpeg","type":"image\/jpeg"}],"author":"admin","twitter_card":"summary_large_image","twitter_misc":{"Written by":"admin","Est. reading time":"4 minutes"},"schema":{"@context":"https:\/\/schema.org","@graph":[{"@type":"Article","@id":"https:\/\/medvegjasot.com\/?p=5210#article","isPartOf":{"@id":"https:\/\/medvegjasot.com\/?p=5210"},"author":{"name":"admin","@id":"https:\/\/medvegjasot.com\/#\/schema\/person\/f2be1a84f4e95d0cb032946a1cf2e594"},"headline":"Krenaria e Medvegj\u00ebs n\u00eb Kostumet e Grave Shqiptare","datePublished":"2025-08-09T05:34:03+00:00","dateModified":"2025-08-11T08:15:13+00:00","mainEntityOfPage":{"@id":"https:\/\/medvegjasot.com\/?p=5210"},"wordCount":756,"commentCount":0,"publisher":{"@id":"https:\/\/medvegjasot.com\/#organization"},"image":{"@id":"https:\/\/medvegjasot.com\/?p=5210#primaryimage"},"thumbnailUrl":"https:\/\/medvegjasot.com\/wp-content\/uploads\/2025\/08\/photo-output-4.jpeg","articleSection":["KULTUR\u00cb"],"inLanguage":"en-US","potentialAction":[{"@type":"CommentAction","name":"Comment","target":["https:\/\/medvegjasot.com\/?p=5210#respond"]}]},{"@type":"WebPage","@id":"https:\/\/medvegjasot.com\/?p=5210","url":"https:\/\/medvegjasot.com\/?p=5210","name":"Krenaria e Medvegj\u00ebs n\u00eb Kostumet e Grave Shqiptare - Medvegja Sot","isPartOf":{"@id":"https:\/\/medvegjasot.com\/#website"},"primaryImageOfPage":{"@id":"https:\/\/medvegjasot.com\/?p=5210#primaryimage"},"image":{"@id":"https:\/\/medvegjasot.com\/?p=5210#primaryimage"},"thumbnailUrl":"https:\/\/medvegjasot.com\/wp-content\/uploads\/2025\/08\/photo-output-4.jpeg","datePublished":"2025-08-09T05:34:03+00:00","dateModified":"2025-08-11T08:15:13+00:00","breadcrumb":{"@id":"https:\/\/medvegjasot.com\/?p=5210#breadcrumb"},"inLanguage":"en-US","potentialAction":[{"@type":"ReadAction","target":["https:\/\/medvegjasot.com\/?p=5210"]}]},{"@type":"ImageObject","inLanguage":"en-US","@id":"https:\/\/medvegjasot.com\/?p=5210#primaryimage","url":"https:\/\/medvegjasot.com\/wp-content\/uploads\/2025\/08\/photo-output-4.jpeg","contentUrl":"https:\/\/medvegjasot.com\/wp-content\/uploads\/2025\/08\/photo-output-4.jpeg","width":2048,"height":1152},{"@type":"BreadcrumbList","@id":"https:\/\/medvegjasot.com\/?p=5210#breadcrumb","itemListElement":[{"@type":"ListItem","position":1,"name":"Home","item":"https:\/\/medvegjasot.com\/"},{"@type":"ListItem","position":2,"name":"Krenaria e Medvegj\u00ebs n\u00eb Kostumet e Grave Shqiptare"}]},{"@type":"WebSite","@id":"https:\/\/medvegjasot.com\/#website","url":"https:\/\/medvegjasot.com\/","name":"Medvegja Sot","description":"Portal Lajmesh","publisher":{"@id":"https:\/\/medvegjasot.com\/#organization"},"alternateName":"MS","potentialAction":[{"@type":"SearchAction","target":{"@type":"EntryPoint","urlTemplate":"https:\/\/medvegjasot.com\/?s={search_term_string}"},"query-input":{"@type":"PropertyValueSpecification","valueRequired":true,"valueName":"search_term_string"}}],"inLanguage":"en-US"},{"@type":"Organization","@id":"https:\/\/medvegjasot.com\/#organization","name":"Medvegja Sot","alternateName":"MS","url":"https:\/\/medvegjasot.com\/","logo":{"@type":"ImageObject","inLanguage":"en-US","@id":"https:\/\/medvegjasot.com\/#\/schema\/logo\/image\/","url":"https:\/\/medvegjasot.com\/wp-content\/uploads\/2024\/08\/logo.png","contentUrl":"https:\/\/medvegjasot.com\/wp-content\/uploads\/2024\/08\/logo.png","width":500,"height":500,"caption":"Medvegja Sot"},"image":{"@id":"https:\/\/medvegjasot.com\/#\/schema\/logo\/image\/"},"sameAs":["https:\/\/www.facebook.com\/MedvegjaSot.com1"]},{"@type":"Person","@id":"https:\/\/medvegjasot.com\/#\/schema\/person\/f2be1a84f4e95d0cb032946a1cf2e594","name":"admin","image":{"@type":"ImageObject","inLanguage":"en-US","@id":"https:\/\/secure.gravatar.com\/avatar\/2eedc5259426225ddc6f98b4b6728c30418b83e6f70285719780d3518d972ece?s=96&d=mm&r=g","url":"https:\/\/secure.gravatar.com\/avatar\/2eedc5259426225ddc6f98b4b6728c30418b83e6f70285719780d3518d972ece?s=96&d=mm&r=g","contentUrl":"https:\/\/secure.gravatar.com\/avatar\/2eedc5259426225ddc6f98b4b6728c30418b83e6f70285719780d3518d972ece?s=96&d=mm&r=g","caption":"admin"},"url":"https:\/\/medvegjasot.com\/?author=2"}]}},"jetpack_featured_media_url":"https:\/\/medvegjasot.com\/wp-content\/uploads\/2025\/08\/photo-output-4.jpeg","_links":{"self":[{"href":"https:\/\/medvegjasot.com\/index.php?rest_route=\/wp\/v2\/posts\/5210","targetHints":{"allow":["GET"]}}],"collection":[{"href":"https:\/\/medvegjasot.com\/index.php?rest_route=\/wp\/v2\/posts"}],"about":[{"href":"https:\/\/medvegjasot.com\/index.php?rest_route=\/wp\/v2\/types\/post"}],"author":[{"embeddable":true,"href":"https:\/\/medvegjasot.com\/index.php?rest_route=\/wp\/v2\/users\/2"}],"replies":[{"embeddable":true,"href":"https:\/\/medvegjasot.com\/index.php?rest_route=%2Fwp%2Fv2%2Fcomments&post=5210"}],"version-history":[{"count":5,"href":"https:\/\/medvegjasot.com\/index.php?rest_route=\/wp\/v2\/posts\/5210\/revisions"}],"predecessor-version":[{"id":5231,"href":"https:\/\/medvegjasot.com\/index.php?rest_route=\/wp\/v2\/posts\/5210\/revisions\/5231"}],"wp:featuredmedia":[{"embeddable":true,"href":"https:\/\/medvegjasot.com\/index.php?rest_route=\/wp\/v2\/media\/5212"}],"wp:attachment":[{"href":"https:\/\/medvegjasot.com\/index.php?rest_route=%2Fwp%2Fv2%2Fmedia&parent=5210"}],"wp:term":[{"taxonomy":"category","embeddable":true,"href":"https:\/\/medvegjasot.com\/index.php?rest_route=%2Fwp%2Fv2%2Fcategories&post=5210"},{"taxonomy":"post_tag","embeddable":true,"href":"https:\/\/medvegjasot.com\/index.php?rest_route=%2Fwp%2Fv2%2Ftags&post=5210"}],"curies":[{"name":"wp","href":"https:\/\/api.w.org\/{rel}","templated":true}]}}