{"id":5187,"date":"2025-08-05T18:18:54","date_gmt":"2025-08-05T18:18:54","guid":{"rendered":"https:\/\/medvegjasot.com\/?p=5187"},"modified":"2025-08-05T18:20:33","modified_gmt":"2025-08-05T18:20:33","slug":"prizren-hap-dyert-panairi-i-17-te-i-librit-feste-e-fjales-se-shkruar-ne-sheshin-e-lidhjes","status":"publish","type":"post","link":"https:\/\/medvegjasot.com\/?p=5187","title":{"rendered":"PRIZREN: HAP DYERT PANAIRI I 17-t\u00eb I LIBRIT \u2013 FEST\u00cb E FJAL\u00cbS S\u00cb SHKRUAR N\u00cb SHESHIN E LIDHJES"},"content":{"rendered":"\n<p><\/p>\n\n\n\n<p>Prizren, 4 gusht 2025 \u2013 N\u00eb zem\u00ebr t\u00eb qytetit historik t\u00eb Prizrenit, n\u00eb sheshin e Lidhjes s\u00eb Prizrenit, \u00ebsht\u00eb hapur zyrtarisht edicioni i 17-t\u00eb i Panairit t\u00eb Librit, nj\u00eb nga ngjarjet m\u00eb t\u00eb r\u00ebnd\u00ebsishme kulturore t\u00eb vitit p\u00ebr k\u00ebt\u00eb qytet.<\/p>\n\n\n\n<figure class=\"wp-block-embed is-type-video is-provider-youtube wp-block-embed-youtube wp-embed-aspect-16-9 wp-has-aspect-ratio\"><div class=\"wp-block-embed__wrapper\">\n<iframe  id=\"_ytid_22652\"  width=\"640\" height=\"360\"  data-origwidth=\"640\" data-origheight=\"360\" src=\"https:\/\/www.youtube.com\/embed\/-ywkLx0QYGU?enablejsapi=1&#038;autoplay=0&#038;cc_load_policy=0&#038;cc_lang_pref=&#038;iv_load_policy=1&#038;loop=0&#038;rel=1&#038;fs=1&#038;playsinline=0&#038;autohide=2&#038;theme=dark&#038;color=red&#038;controls=1&#038;\" class=\"__youtube_prefs__  epyt-is-override  no-lazyload\" title=\"YouTube player\"  allow=\"fullscreen; accelerometer; autoplay; clipboard-write; encrypted-media; gyroscope; picture-in-picture; web-share\" referrerpolicy=\"strict-origin-when-cross-origin\" allowfullscreen data-no-lazy=\"1\" data-skipgform_ajax_framebjll=\"\"><\/iframe>\n<\/div><\/figure>\n\n\n\n<p><\/p>\n\n\n\n<p>Organizuar nga Instituti p\u00ebr Kultur\u00eb dhe K\u00ebrkime Sociale \u2013 IKKS, ky panair ka mbledhur n\u00eb nj\u00eb hap\u00ebsir\u00eb t\u00eb p\u00ebrbashk\u00ebt 25 sht\u00ebpi botuese nga Kosova, Shqip\u00ebria dhe rajoni, t\u00eb cilat ofrojn\u00eb nj\u00eb pasuri t\u00eb madhe titujsh n\u00eb gjuh\u00ebn shqipe, turke, angleze dhe boshnjake.<\/p>\n\n\n\n<p>Panairi, i cili do t\u00eb jet\u00eb i hapur p\u00ebr pes\u00eb dit\u00eb me radh\u00eb, ofron nj\u00eb mund\u00ebsi t\u00eb ve\u00e7ant\u00eb p\u00ebr lexuesit e t\u00eb gjitha moshave p\u00ebr t\u00eb eksploruar botimet m\u00eb t\u00eb fundit, p\u00ebr t\u00eb takuar autor\u00ebt dhe p\u00ebr t\u00eb qen\u00eb pjes\u00eb e nj\u00eb atmosfere q\u00eb feston dijen dhe leximin.<\/p>\n\n\n\n<p>\u00c7do mbr\u00ebmje, n\u00eb kuad\u00ebr t\u00eb aktiviteteve t\u00eb planifikuara, do t\u00eb mbahet nj\u00eb konferenc\u00eb me nj\u00eb autor t\u00eb ftuar, ku lexuesit do t\u00eb ken\u00eb rastin t\u00eb takohen drejtp\u00ebrdrejt me krijuesit e veprave letrare dhe t\u00eb diskutojn\u00eb p\u00ebr procesin krijues, temat bashk\u00ebkohore dhe sfidat e let\u00ebrsis\u00eb.<\/p>\n\n\n\n<p>Drejtuesit e IKKS theksuan se synimi i k\u00ebtij organizimi \u00ebsht\u00eb t\u00eb forcoj\u00eb lidhjen e lexuesit me librin, si dhe t\u00eb nxis\u00eb nj\u00eb kultur\u00eb leximi, ve\u00e7an\u00ebrisht tek brezat e rinj.<br>\u201cKy panair nuk \u00ebsht\u00eb vet\u00ebm nj\u00eb ekspozim i librave, por nj\u00eb hap\u00ebsir\u00eb dialogu kulturor dhe frym\u00ebzimi p\u00ebr t\u00eb gjith\u00eb ata q\u00eb besojn\u00eb n\u00eb fuqin\u00eb e fjal\u00ebs s\u00eb shkruar,\u201d \u2013 u shpreh\u00ebn organizator\u00ebt.<\/p>\n\n\n\n<p>Panairi i Librit n\u00eb Prizren po rikonfirmohet si nj\u00eb ngjarje ky\u00e7e p\u00ebr kalendarin kulturor t\u00eb qytetit, duke sjell\u00eb bashk\u00eb lexues, autor\u00eb, botues dhe t\u00eb gjith\u00eb dashamir\u00ebt e let\u00ebrsis\u00eb n\u00eb nj\u00eb ambient t\u00eb hapur, mikprit\u00ebs dhe t\u00eb pasur me p\u00ebrmbajtje. #MEDVEGJASOT.com<\/p>\n","protected":false},"excerpt":{"rendered":"<p>Prizren, 4 gusht 2025 \u2013 N\u00eb zem\u00ebr t\u00eb qytetit historik t\u00eb Prizrenit, n\u00eb sheshin e Lidhjes s\u00eb Prizrenit, \u00ebsht\u00eb hapur zyrtarisht edicioni i 17-t\u00eb i Panairit t\u00eb Librit, nj\u00eb nga ngjarjet m\u00eb t\u00eb r\u00ebnd\u00ebsishme kulturore t\u00eb vitit p\u00ebr k\u00ebt\u00eb qytet. Organizuar nga Instituti p\u00ebr Kultur\u00eb dhe K\u00ebrkime Sociale \u2013 IKKS, ky panair ka mbledhur n\u00eb&#8230;<\/p>\n","protected":false},"author":2,"featured_media":5189,"comment_status":"open","ping_status":"open","sticky":false,"template":"","format":"standard","meta":{"_coblocks_attr":"","_coblocks_dimensions":"","_coblocks_responsive_height":"","_coblocks_accordion_ie_support":"","_monsterinsights_skip_tracking":false,"_monsterinsights_sitenote_active":false,"_monsterinsights_sitenote_note":"","_monsterinsights_sitenote_category":0,"footnotes":""},"categories":[18],"tags":[],"class_list":["post-5187","post","type-post","status-publish","format-standard","has-post-thumbnail","hentry","category-kulture"],"yoast_head":"<!-- This site is optimized with the Yoast SEO plugin v27.5 - https:\/\/yoast.com\/product\/yoast-seo-wordpress\/ -->\n<title>PRIZREN: HAP DYERT PANAIRI I 17-t\u00eb I LIBRIT \u2013 FEST\u00cb E FJAL\u00cbS S\u00cb SHKRUAR N\u00cb SHESHIN E LIDHJES - Medvegja Sot<\/title>\n<meta name=\"robots\" content=\"index, follow, max-snippet:-1, max-image-preview:large, max-video-preview:-1\" \/>\n<link rel=\"canonical\" href=\"https:\/\/medvegjasot.com\/?p=5187\" \/>\n<meta property=\"og:locale\" content=\"en_US\" \/>\n<meta property=\"og:type\" content=\"article\" \/>\n<meta property=\"og:title\" content=\"PRIZREN: HAP DYERT PANAIRI I 17-t\u00eb I LIBRIT \u2013 FEST\u00cb E FJAL\u00cbS S\u00cb SHKRUAR N\u00cb SHESHIN E LIDHJES - Medvegja Sot\" \/>\n<meta property=\"og:description\" content=\"Prizren, 4 gusht 2025 \u2013 N\u00eb zem\u00ebr t\u00eb qytetit historik t\u00eb Prizrenit, n\u00eb sheshin e Lidhjes s\u00eb Prizrenit, \u00ebsht\u00eb hapur zyrtarisht edicioni i 17-t\u00eb i Panairit t\u00eb Librit, nj\u00eb nga ngjarjet m\u00eb t\u00eb r\u00ebnd\u00ebsishme kulturore t\u00eb vitit p\u00ebr k\u00ebt\u00eb qytet. Organizuar nga Instituti p\u00ebr Kultur\u00eb dhe K\u00ebrkime Sociale \u2013 IKKS, ky panair ka mbledhur n\u00eb...\" \/>\n<meta property=\"og:url\" content=\"https:\/\/medvegjasot.com\/?p=5187\" \/>\n<meta property=\"og:site_name\" content=\"Medvegja Sot\" \/>\n<meta property=\"article:publisher\" content=\"https:\/\/www.facebook.com\/MedvegjaSot.com1\" \/>\n<meta property=\"article:published_time\" content=\"2025-08-05T18:18:54+00:00\" \/>\n<meta property=\"article:modified_time\" content=\"2025-08-05T18:20:33+00:00\" \/>\n<meta property=\"og:image\" content=\"https:\/\/medvegjasot.com\/wp-content\/uploads\/2025\/08\/photo-output-2.jpeg\" \/>\n\t<meta property=\"og:image:width\" content=\"2048\" \/>\n\t<meta property=\"og:image:height\" content=\"1152\" \/>\n\t<meta property=\"og:image:type\" content=\"image\/jpeg\" \/>\n<meta name=\"author\" content=\"admin\" \/>\n<meta name=\"twitter:card\" content=\"summary_large_image\" \/>\n<meta name=\"twitter:label1\" content=\"Written by\" \/>\n\t<meta name=\"twitter:data1\" content=\"admin\" \/>\n\t<meta name=\"twitter:label2\" content=\"Est. reading time\" \/>\n\t<meta name=\"twitter:data2\" content=\"2 minutes\" \/>\n<script type=\"application\/ld+json\" class=\"yoast-schema-graph\">{\"@context\":\"https:\\\/\\\/schema.org\",\"@graph\":[{\"@type\":\"Article\",\"@id\":\"https:\\\/\\\/medvegjasot.com\\\/?p=5187#article\",\"isPartOf\":{\"@id\":\"https:\\\/\\\/medvegjasot.com\\\/?p=5187\"},\"author\":{\"name\":\"admin\",\"@id\":\"https:\\\/\\\/medvegjasot.com\\\/#\\\/schema\\\/person\\\/f2be1a84f4e95d0cb032946a1cf2e594\"},\"headline\":\"PRIZREN: HAP DYERT PANAIRI I 17-t\u00eb I LIBRIT \u2013 FEST\u00cb E FJAL\u00cbS S\u00cb SHKRUAR N\u00cb SHESHIN E LIDHJES\",\"datePublished\":\"2025-08-05T18:18:54+00:00\",\"dateModified\":\"2025-08-05T18:20:33+00:00\",\"mainEntityOfPage\":{\"@id\":\"https:\\\/\\\/medvegjasot.com\\\/?p=5187\"},\"wordCount\":340,\"commentCount\":0,\"publisher\":{\"@id\":\"https:\\\/\\\/medvegjasot.com\\\/#organization\"},\"image\":{\"@id\":\"https:\\\/\\\/medvegjasot.com\\\/?p=5187#primaryimage\"},\"thumbnailUrl\":\"https:\\\/\\\/medvegjasot.com\\\/wp-content\\\/uploads\\\/2025\\\/08\\\/photo-output-2.jpeg\",\"articleSection\":[\"KULTUR\u00cb\"],\"inLanguage\":\"en-US\",\"potentialAction\":[{\"@type\":\"CommentAction\",\"name\":\"Comment\",\"target\":[\"https:\\\/\\\/medvegjasot.com\\\/?p=5187#respond\"]}]},{\"@type\":\"WebPage\",\"@id\":\"https:\\\/\\\/medvegjasot.com\\\/?p=5187\",\"url\":\"https:\\\/\\\/medvegjasot.com\\\/?p=5187\",\"name\":\"PRIZREN: HAP DYERT PANAIRI I 17-t\u00eb I LIBRIT \u2013 FEST\u00cb E FJAL\u00cbS S\u00cb SHKRUAR N\u00cb SHESHIN E LIDHJES - Medvegja Sot\",\"isPartOf\":{\"@id\":\"https:\\\/\\\/medvegjasot.com\\\/#website\"},\"primaryImageOfPage\":{\"@id\":\"https:\\\/\\\/medvegjasot.com\\\/?p=5187#primaryimage\"},\"image\":{\"@id\":\"https:\\\/\\\/medvegjasot.com\\\/?p=5187#primaryimage\"},\"thumbnailUrl\":\"https:\\\/\\\/medvegjasot.com\\\/wp-content\\\/uploads\\\/2025\\\/08\\\/photo-output-2.jpeg\",\"datePublished\":\"2025-08-05T18:18:54+00:00\",\"dateModified\":\"2025-08-05T18:20:33+00:00\",\"breadcrumb\":{\"@id\":\"https:\\\/\\\/medvegjasot.com\\\/?p=5187#breadcrumb\"},\"inLanguage\":\"en-US\",\"potentialAction\":[{\"@type\":\"ReadAction\",\"target\":[\"https:\\\/\\\/medvegjasot.com\\\/?p=5187\"]}]},{\"@type\":\"ImageObject\",\"inLanguage\":\"en-US\",\"@id\":\"https:\\\/\\\/medvegjasot.com\\\/?p=5187#primaryimage\",\"url\":\"https:\\\/\\\/medvegjasot.com\\\/wp-content\\\/uploads\\\/2025\\\/08\\\/photo-output-2.jpeg\",\"contentUrl\":\"https:\\\/\\\/medvegjasot.com\\\/wp-content\\\/uploads\\\/2025\\\/08\\\/photo-output-2.jpeg\",\"width\":2048,\"height\":1152},{\"@type\":\"BreadcrumbList\",\"@id\":\"https:\\\/\\\/medvegjasot.com\\\/?p=5187#breadcrumb\",\"itemListElement\":[{\"@type\":\"ListItem\",\"position\":1,\"name\":\"Home\",\"item\":\"https:\\\/\\\/medvegjasot.com\\\/\"},{\"@type\":\"ListItem\",\"position\":2,\"name\":\"PRIZREN: HAP DYERT PANAIRI I 17-t\u00eb I LIBRIT \u2013 FEST\u00cb E FJAL\u00cbS S\u00cb SHKRUAR N\u00cb SHESHIN E LIDHJES\"}]},{\"@type\":\"WebSite\",\"@id\":\"https:\\\/\\\/medvegjasot.com\\\/#website\",\"url\":\"https:\\\/\\\/medvegjasot.com\\\/\",\"name\":\"Medvegja Sot\",\"description\":\"Portal Lajmesh\",\"publisher\":{\"@id\":\"https:\\\/\\\/medvegjasot.com\\\/#organization\"},\"alternateName\":\"MS\",\"potentialAction\":[{\"@type\":\"SearchAction\",\"target\":{\"@type\":\"EntryPoint\",\"urlTemplate\":\"https:\\\/\\\/medvegjasot.com\\\/?s={search_term_string}\"},\"query-input\":{\"@type\":\"PropertyValueSpecification\",\"valueRequired\":true,\"valueName\":\"search_term_string\"}}],\"inLanguage\":\"en-US\"},{\"@type\":\"Organization\",\"@id\":\"https:\\\/\\\/medvegjasot.com\\\/#organization\",\"name\":\"Medvegja Sot\",\"alternateName\":\"MS\",\"url\":\"https:\\\/\\\/medvegjasot.com\\\/\",\"logo\":{\"@type\":\"ImageObject\",\"inLanguage\":\"en-US\",\"@id\":\"https:\\\/\\\/medvegjasot.com\\\/#\\\/schema\\\/logo\\\/image\\\/\",\"url\":\"https:\\\/\\\/medvegjasot.com\\\/wp-content\\\/uploads\\\/2024\\\/08\\\/logo.png\",\"contentUrl\":\"https:\\\/\\\/medvegjasot.com\\\/wp-content\\\/uploads\\\/2024\\\/08\\\/logo.png\",\"width\":500,\"height\":500,\"caption\":\"Medvegja Sot\"},\"image\":{\"@id\":\"https:\\\/\\\/medvegjasot.com\\\/#\\\/schema\\\/logo\\\/image\\\/\"},\"sameAs\":[\"https:\\\/\\\/www.facebook.com\\\/MedvegjaSot.com1\"]},{\"@type\":\"Person\",\"@id\":\"https:\\\/\\\/medvegjasot.com\\\/#\\\/schema\\\/person\\\/f2be1a84f4e95d0cb032946a1cf2e594\",\"name\":\"admin\",\"image\":{\"@type\":\"ImageObject\",\"inLanguage\":\"en-US\",\"@id\":\"https:\\\/\\\/secure.gravatar.com\\\/avatar\\\/2eedc5259426225ddc6f98b4b6728c30418b83e6f70285719780d3518d972ece?s=96&d=mm&r=g\",\"url\":\"https:\\\/\\\/secure.gravatar.com\\\/avatar\\\/2eedc5259426225ddc6f98b4b6728c30418b83e6f70285719780d3518d972ece?s=96&d=mm&r=g\",\"contentUrl\":\"https:\\\/\\\/secure.gravatar.com\\\/avatar\\\/2eedc5259426225ddc6f98b4b6728c30418b83e6f70285719780d3518d972ece?s=96&d=mm&r=g\",\"caption\":\"admin\"},\"url\":\"https:\\\/\\\/medvegjasot.com\\\/?author=2\"}]}<\/script>\n<!-- \/ Yoast SEO plugin. -->","yoast_head_json":{"title":"PRIZREN: HAP DYERT PANAIRI I 17-t\u00eb I LIBRIT \u2013 FEST\u00cb E FJAL\u00cbS S\u00cb SHKRUAR N\u00cb SHESHIN E LIDHJES - Medvegja Sot","robots":{"index":"index","follow":"follow","max-snippet":"max-snippet:-1","max-image-preview":"max-image-preview:large","max-video-preview":"max-video-preview:-1"},"canonical":"https:\/\/medvegjasot.com\/?p=5187","og_locale":"en_US","og_type":"article","og_title":"PRIZREN: HAP DYERT PANAIRI I 17-t\u00eb I LIBRIT \u2013 FEST\u00cb E FJAL\u00cbS S\u00cb SHKRUAR N\u00cb SHESHIN E LIDHJES - Medvegja Sot","og_description":"Prizren, 4 gusht 2025 \u2013 N\u00eb zem\u00ebr t\u00eb qytetit historik t\u00eb Prizrenit, n\u00eb sheshin e Lidhjes s\u00eb Prizrenit, \u00ebsht\u00eb hapur zyrtarisht edicioni i 17-t\u00eb i Panairit t\u00eb Librit, nj\u00eb nga ngjarjet m\u00eb t\u00eb r\u00ebnd\u00ebsishme kulturore t\u00eb vitit p\u00ebr k\u00ebt\u00eb qytet. Organizuar nga Instituti p\u00ebr Kultur\u00eb dhe K\u00ebrkime Sociale \u2013 IKKS, ky panair ka mbledhur n\u00eb...","og_url":"https:\/\/medvegjasot.com\/?p=5187","og_site_name":"Medvegja Sot","article_publisher":"https:\/\/www.facebook.com\/MedvegjaSot.com1","article_published_time":"2025-08-05T18:18:54+00:00","article_modified_time":"2025-08-05T18:20:33+00:00","og_image":[{"width":2048,"height":1152,"url":"https:\/\/medvegjasot.com\/wp-content\/uploads\/2025\/08\/photo-output-2.jpeg","type":"image\/jpeg"}],"author":"admin","twitter_card":"summary_large_image","twitter_misc":{"Written by":"admin","Est. reading time":"2 minutes"},"schema":{"@context":"https:\/\/schema.org","@graph":[{"@type":"Article","@id":"https:\/\/medvegjasot.com\/?p=5187#article","isPartOf":{"@id":"https:\/\/medvegjasot.com\/?p=5187"},"author":{"name":"admin","@id":"https:\/\/medvegjasot.com\/#\/schema\/person\/f2be1a84f4e95d0cb032946a1cf2e594"},"headline":"PRIZREN: HAP DYERT PANAIRI I 17-t\u00eb I LIBRIT \u2013 FEST\u00cb E FJAL\u00cbS S\u00cb SHKRUAR N\u00cb SHESHIN E LIDHJES","datePublished":"2025-08-05T18:18:54+00:00","dateModified":"2025-08-05T18:20:33+00:00","mainEntityOfPage":{"@id":"https:\/\/medvegjasot.com\/?p=5187"},"wordCount":340,"commentCount":0,"publisher":{"@id":"https:\/\/medvegjasot.com\/#organization"},"image":{"@id":"https:\/\/medvegjasot.com\/?p=5187#primaryimage"},"thumbnailUrl":"https:\/\/medvegjasot.com\/wp-content\/uploads\/2025\/08\/photo-output-2.jpeg","articleSection":["KULTUR\u00cb"],"inLanguage":"en-US","potentialAction":[{"@type":"CommentAction","name":"Comment","target":["https:\/\/medvegjasot.com\/?p=5187#respond"]}]},{"@type":"WebPage","@id":"https:\/\/medvegjasot.com\/?p=5187","url":"https:\/\/medvegjasot.com\/?p=5187","name":"PRIZREN: HAP DYERT PANAIRI I 17-t\u00eb I LIBRIT \u2013 FEST\u00cb E FJAL\u00cbS S\u00cb SHKRUAR N\u00cb SHESHIN E LIDHJES - Medvegja Sot","isPartOf":{"@id":"https:\/\/medvegjasot.com\/#website"},"primaryImageOfPage":{"@id":"https:\/\/medvegjasot.com\/?p=5187#primaryimage"},"image":{"@id":"https:\/\/medvegjasot.com\/?p=5187#primaryimage"},"thumbnailUrl":"https:\/\/medvegjasot.com\/wp-content\/uploads\/2025\/08\/photo-output-2.jpeg","datePublished":"2025-08-05T18:18:54+00:00","dateModified":"2025-08-05T18:20:33+00:00","breadcrumb":{"@id":"https:\/\/medvegjasot.com\/?p=5187#breadcrumb"},"inLanguage":"en-US","potentialAction":[{"@type":"ReadAction","target":["https:\/\/medvegjasot.com\/?p=5187"]}]},{"@type":"ImageObject","inLanguage":"en-US","@id":"https:\/\/medvegjasot.com\/?p=5187#primaryimage","url":"https:\/\/medvegjasot.com\/wp-content\/uploads\/2025\/08\/photo-output-2.jpeg","contentUrl":"https:\/\/medvegjasot.com\/wp-content\/uploads\/2025\/08\/photo-output-2.jpeg","width":2048,"height":1152},{"@type":"BreadcrumbList","@id":"https:\/\/medvegjasot.com\/?p=5187#breadcrumb","itemListElement":[{"@type":"ListItem","position":1,"name":"Home","item":"https:\/\/medvegjasot.com\/"},{"@type":"ListItem","position":2,"name":"PRIZREN: HAP DYERT PANAIRI I 17-t\u00eb I LIBRIT \u2013 FEST\u00cb E FJAL\u00cbS S\u00cb SHKRUAR N\u00cb SHESHIN E LIDHJES"}]},{"@type":"WebSite","@id":"https:\/\/medvegjasot.com\/#website","url":"https:\/\/medvegjasot.com\/","name":"Medvegja Sot","description":"Portal Lajmesh","publisher":{"@id":"https:\/\/medvegjasot.com\/#organization"},"alternateName":"MS","potentialAction":[{"@type":"SearchAction","target":{"@type":"EntryPoint","urlTemplate":"https:\/\/medvegjasot.com\/?s={search_term_string}"},"query-input":{"@type":"PropertyValueSpecification","valueRequired":true,"valueName":"search_term_string"}}],"inLanguage":"en-US"},{"@type":"Organization","@id":"https:\/\/medvegjasot.com\/#organization","name":"Medvegja Sot","alternateName":"MS","url":"https:\/\/medvegjasot.com\/","logo":{"@type":"ImageObject","inLanguage":"en-US","@id":"https:\/\/medvegjasot.com\/#\/schema\/logo\/image\/","url":"https:\/\/medvegjasot.com\/wp-content\/uploads\/2024\/08\/logo.png","contentUrl":"https:\/\/medvegjasot.com\/wp-content\/uploads\/2024\/08\/logo.png","width":500,"height":500,"caption":"Medvegja Sot"},"image":{"@id":"https:\/\/medvegjasot.com\/#\/schema\/logo\/image\/"},"sameAs":["https:\/\/www.facebook.com\/MedvegjaSot.com1"]},{"@type":"Person","@id":"https:\/\/medvegjasot.com\/#\/schema\/person\/f2be1a84f4e95d0cb032946a1cf2e594","name":"admin","image":{"@type":"ImageObject","inLanguage":"en-US","@id":"https:\/\/secure.gravatar.com\/avatar\/2eedc5259426225ddc6f98b4b6728c30418b83e6f70285719780d3518d972ece?s=96&d=mm&r=g","url":"https:\/\/secure.gravatar.com\/avatar\/2eedc5259426225ddc6f98b4b6728c30418b83e6f70285719780d3518d972ece?s=96&d=mm&r=g","contentUrl":"https:\/\/secure.gravatar.com\/avatar\/2eedc5259426225ddc6f98b4b6728c30418b83e6f70285719780d3518d972ece?s=96&d=mm&r=g","caption":"admin"},"url":"https:\/\/medvegjasot.com\/?author=2"}]}},"jetpack_featured_media_url":"https:\/\/medvegjasot.com\/wp-content\/uploads\/2025\/08\/photo-output-2.jpeg","_links":{"self":[{"href":"https:\/\/medvegjasot.com\/index.php?rest_route=\/wp\/v2\/posts\/5187","targetHints":{"allow":["GET"]}}],"collection":[{"href":"https:\/\/medvegjasot.com\/index.php?rest_route=\/wp\/v2\/posts"}],"about":[{"href":"https:\/\/medvegjasot.com\/index.php?rest_route=\/wp\/v2\/types\/post"}],"author":[{"embeddable":true,"href":"https:\/\/medvegjasot.com\/index.php?rest_route=\/wp\/v2\/users\/2"}],"replies":[{"embeddable":true,"href":"https:\/\/medvegjasot.com\/index.php?rest_route=%2Fwp%2Fv2%2Fcomments&post=5187"}],"version-history":[{"count":2,"href":"https:\/\/medvegjasot.com\/index.php?rest_route=\/wp\/v2\/posts\/5187\/revisions"}],"predecessor-version":[{"id":5190,"href":"https:\/\/medvegjasot.com\/index.php?rest_route=\/wp\/v2\/posts\/5187\/revisions\/5190"}],"wp:featuredmedia":[{"embeddable":true,"href":"https:\/\/medvegjasot.com\/index.php?rest_route=\/wp\/v2\/media\/5189"}],"wp:attachment":[{"href":"https:\/\/medvegjasot.com\/index.php?rest_route=%2Fwp%2Fv2%2Fmedia&parent=5187"}],"wp:term":[{"taxonomy":"category","embeddable":true,"href":"https:\/\/medvegjasot.com\/index.php?rest_route=%2Fwp%2Fv2%2Fcategories&post=5187"},{"taxonomy":"post_tag","embeddable":true,"href":"https:\/\/medvegjasot.com\/index.php?rest_route=%2Fwp%2Fv2%2Ftags&post=5187"}],"curies":[{"name":"wp","href":"https:\/\/api.w.org\/{rel}","templated":true}]}}