{"id":5146,"date":"2025-07-31T10:10:01","date_gmt":"2025-07-31T10:10:01","guid":{"rendered":"https:\/\/medvegjasot.com\/?p=5146"},"modified":"2025-07-31T10:11:30","modified_gmt":"2025-07-31T10:11:30","slug":"muharrem-salihu-te-drejtat-nuk-jane-ceshtje-simbolike-as-retorike","status":"publish","type":"post","link":"https:\/\/medvegjasot.com\/?p=5146","title":{"rendered":"MUHARREM SALIHU: T\u00cb DREJTAT NUK JAN\u00cb \u00c7\u00cbSHTJE SIMBOLIKE, AS RETORIKE."},"content":{"rendered":"\n<p><\/p>\n\n\n\n<p>Vler\u00ebsoj \u00e7do nism\u00eb q\u00eb synon t\u00eb adresoj\u00eb diskriminimin ndaj shqiptar\u00ebve n\u00eb Serbi.<br>Kjo p\u00ebrfshin edhe p\u00ebrpjekjet p\u00ebr nj\u00eb Rezolut\u00eb parlamentare q\u00eb e artikulon k\u00ebt\u00eb realitet. Por kur flasim p\u00ebr t\u00eb drejta, nuk mund t\u00eb shmangim nj\u00eb t\u00eb v\u00ebrtet\u00eb themelore: nuk mund t\u00eb ket\u00eb t\u00eb drejta pa njer\u00ebz.<\/p>\n\n\n\n<p>Prandaj, \u00e7do tekst q\u00eb synon t\u00eb adresoj\u00eb pozit\u00ebn e shqiptar\u00ebve n\u00eb Serbi, nuk mund t\u00eb ndalet vet\u00ebm te ndalimi i pasivizimit arbitrar \u2014 por duhet ta thot\u00eb qart\u00eb: adresat duhet t\u00eb kthehen, dhe bashk\u00eb me to, duhen rikthyer t\u00eb gjitha t\u00eb drejtat qytetare, politike e sociale q\u00eb u jan\u00eb marr\u00eb padrejt\u00ebsisht mij\u00ebra qytetar\u00ebve shqiptar\u00eb.<\/p>\n\n\n\n<p>\u00c7\u00ebshtja e pasivizimit \u00ebsht\u00eb nj\u00eb veprim perfid administrativ permes te cilit po kryhet spastrim i heshtur etnik\u00eb, sidomos ne Medvegj\u00eb ,duke ndryshuar struktur\u00ebn etnike n\u00eb jug t\u00eb Serbis\u00eb, me ritme te shpejta.<br>Prandaj, nj\u00eb projekt i till\u00eb nuk mund t\u00eb amnistohet me fraza t\u00eb p\u00ebrgjithshme. P\u00ebrndryshe, po k\u00ebrkojm\u00eb t\u00eb drejta p\u00ebr ata q\u00eb nuk jan\u00eb m\u00eb t\u00eb pranish\u00ebm n\u00eb let\u00ebr \u2013 nj\u00eb absurditet n\u00eb vetvete.<\/p>\n\n\n\n<p>Po ashtu, historia nuk mund t\u00eb rishkruhet n\u00eb prag zgjedhjesh apo karrierash t\u00eb st\u00ebrgjatura. Heshtja q\u00eb e mbajti k\u00ebt\u00eb tem\u00eb n\u00eb margjin\u00eb p\u00ebr dekada nuk mund t\u00eb shnd\u00ebrrohet sot n\u00eb z\u00eb shp\u00ebtimi. Ata q\u00eb e kan\u00eb heshtur pasivizimin p\u00ebr vite, e kan\u00eb obligim moral dhe politik t\u00eb d\u00ebgjojn\u00eb z\u00ebrin e atyre q\u00eb e p\u00ebrjetuan mbi shpin\u00eb k\u00ebt\u00eb padrejt\u00ebsi.<\/p>\n\n\n\n<p>E ardhmja e shqiptar\u00ebve n\u00eb Serbi nuk do t\u00eb nd\u00ebrtohet mbi harres\u00eb apo retorik\u00eb \u2013 por mbi drejt\u00ebsi, rikthim t\u00eb t\u00eb drejtave t\u00eb mohuara, dhe mbi nj\u00eb kujtes\u00eb q\u00eb nuk pranon t\u00eb fshihet. M.S.<\/p>\n\n\n\n<p>Shiko m\u00eb shum\u00eb \/EURONEWS ALBANIA: https:\/\/www.youtube.com\/watch?v=wrQonpbCBWY<\/p>\n","protected":false},"excerpt":{"rendered":"<p>Vler\u00ebsoj \u00e7do nism\u00eb q\u00eb synon t\u00eb adresoj\u00eb diskriminimin ndaj shqiptar\u00ebve n\u00eb Serbi.Kjo p\u00ebrfshin edhe p\u00ebrpjekjet p\u00ebr nj\u00eb Rezolut\u00eb parlamentare q\u00eb e artikulon k\u00ebt\u00eb realitet. Por kur flasim p\u00ebr t\u00eb drejta, nuk mund t\u00eb shmangim nj\u00eb t\u00eb v\u00ebrtet\u00eb themelore: nuk mund t\u00eb ket\u00eb t\u00eb drejta pa njer\u00ebz. Prandaj, \u00e7do tekst q\u00eb synon t\u00eb adresoj\u00eb pozit\u00ebn e&#8230;<\/p>\n","protected":false},"author":2,"featured_media":5148,"comment_status":"open","ping_status":"open","sticky":false,"template":"","format":"standard","meta":{"_coblocks_attr":"","_coblocks_dimensions":"","_coblocks_responsive_height":"","_coblocks_accordion_ie_support":"","_monsterinsights_skip_tracking":false,"_monsterinsights_sitenote_active":false,"_monsterinsights_sitenote_note":"","_monsterinsights_sitenote_category":0,"footnotes":""},"categories":[2],"tags":[],"class_list":["post-5146","post","type-post","status-publish","format-standard","has-post-thumbnail","hentry","category-aktuale"],"yoast_head":"<!-- This site is optimized with the Yoast SEO plugin v27.5 - https:\/\/yoast.com\/product\/yoast-seo-wordpress\/ -->\n<title>MUHARREM SALIHU: T\u00cb DREJTAT NUK JAN\u00cb \u00c7\u00cbSHTJE SIMBOLIKE, AS RETORIKE. - Medvegja Sot<\/title>\n<meta name=\"robots\" content=\"index, follow, max-snippet:-1, max-image-preview:large, max-video-preview:-1\" \/>\n<link rel=\"canonical\" href=\"https:\/\/medvegjasot.com\/?p=5146\" \/>\n<meta property=\"og:locale\" content=\"en_US\" \/>\n<meta property=\"og:type\" content=\"article\" \/>\n<meta property=\"og:title\" content=\"MUHARREM SALIHU: T\u00cb DREJTAT NUK JAN\u00cb \u00c7\u00cbSHTJE SIMBOLIKE, AS RETORIKE. - Medvegja Sot\" \/>\n<meta property=\"og:description\" content=\"Vler\u00ebsoj \u00e7do nism\u00eb q\u00eb synon t\u00eb adresoj\u00eb diskriminimin ndaj shqiptar\u00ebve n\u00eb Serbi.Kjo p\u00ebrfshin edhe p\u00ebrpjekjet p\u00ebr nj\u00eb Rezolut\u00eb parlamentare q\u00eb e artikulon k\u00ebt\u00eb realitet. Por kur flasim p\u00ebr t\u00eb drejta, nuk mund t\u00eb shmangim nj\u00eb t\u00eb v\u00ebrtet\u00eb themelore: nuk mund t\u00eb ket\u00eb t\u00eb drejta pa njer\u00ebz. Prandaj, \u00e7do tekst q\u00eb synon t\u00eb adresoj\u00eb pozit\u00ebn e...\" \/>\n<meta property=\"og:url\" content=\"https:\/\/medvegjasot.com\/?p=5146\" \/>\n<meta property=\"og:site_name\" content=\"Medvegja Sot\" \/>\n<meta property=\"article:publisher\" content=\"https:\/\/www.facebook.com\/MedvegjaSot.com1\" \/>\n<meta property=\"article:published_time\" content=\"2025-07-31T10:10:01+00:00\" \/>\n<meta property=\"article:modified_time\" content=\"2025-07-31T10:11:30+00:00\" \/>\n<meta property=\"og:image\" content=\"https:\/\/medvegjasot.com\/wp-content\/uploads\/2025\/07\/photo-output-4.jpeg\" \/>\n\t<meta property=\"og:image:width\" content=\"2048\" \/>\n\t<meta property=\"og:image:height\" content=\"1152\" \/>\n\t<meta property=\"og:image:type\" content=\"image\/jpeg\" \/>\n<meta name=\"author\" content=\"admin\" \/>\n<meta name=\"twitter:card\" content=\"summary_large_image\" \/>\n<meta name=\"twitter:label1\" content=\"Written by\" \/>\n\t<meta name=\"twitter:data1\" content=\"admin\" \/>\n\t<meta name=\"twitter:label2\" content=\"Est. reading time\" \/>\n\t<meta name=\"twitter:data2\" content=\"2 minutes\" \/>\n<script type=\"application\/ld+json\" class=\"yoast-schema-graph\">{\"@context\":\"https:\\\/\\\/schema.org\",\"@graph\":[{\"@type\":\"Article\",\"@id\":\"https:\\\/\\\/medvegjasot.com\\\/?p=5146#article\",\"isPartOf\":{\"@id\":\"https:\\\/\\\/medvegjasot.com\\\/?p=5146\"},\"author\":{\"name\":\"admin\",\"@id\":\"https:\\\/\\\/medvegjasot.com\\\/#\\\/schema\\\/person\\\/f2be1a84f4e95d0cb032946a1cf2e594\"},\"headline\":\"MUHARREM SALIHU: T\u00cb DREJTAT NUK JAN\u00cb \u00c7\u00cbSHTJE SIMBOLIKE, AS RETORIKE.\",\"datePublished\":\"2025-07-31T10:10:01+00:00\",\"dateModified\":\"2025-07-31T10:11:30+00:00\",\"mainEntityOfPage\":{\"@id\":\"https:\\\/\\\/medvegjasot.com\\\/?p=5146\"},\"wordCount\":314,\"commentCount\":0,\"publisher\":{\"@id\":\"https:\\\/\\\/medvegjasot.com\\\/#organization\"},\"image\":{\"@id\":\"https:\\\/\\\/medvegjasot.com\\\/?p=5146#primaryimage\"},\"thumbnailUrl\":\"https:\\\/\\\/medvegjasot.com\\\/wp-content\\\/uploads\\\/2025\\\/07\\\/photo-output-4.jpeg\",\"articleSection\":[\"AKTUALE\"],\"inLanguage\":\"en-US\",\"potentialAction\":[{\"@type\":\"CommentAction\",\"name\":\"Comment\",\"target\":[\"https:\\\/\\\/medvegjasot.com\\\/?p=5146#respond\"]}]},{\"@type\":\"WebPage\",\"@id\":\"https:\\\/\\\/medvegjasot.com\\\/?p=5146\",\"url\":\"https:\\\/\\\/medvegjasot.com\\\/?p=5146\",\"name\":\"MUHARREM SALIHU: T\u00cb DREJTAT NUK JAN\u00cb \u00c7\u00cbSHTJE SIMBOLIKE, AS RETORIKE. - Medvegja Sot\",\"isPartOf\":{\"@id\":\"https:\\\/\\\/medvegjasot.com\\\/#website\"},\"primaryImageOfPage\":{\"@id\":\"https:\\\/\\\/medvegjasot.com\\\/?p=5146#primaryimage\"},\"image\":{\"@id\":\"https:\\\/\\\/medvegjasot.com\\\/?p=5146#primaryimage\"},\"thumbnailUrl\":\"https:\\\/\\\/medvegjasot.com\\\/wp-content\\\/uploads\\\/2025\\\/07\\\/photo-output-4.jpeg\",\"datePublished\":\"2025-07-31T10:10:01+00:00\",\"dateModified\":\"2025-07-31T10:11:30+00:00\",\"breadcrumb\":{\"@id\":\"https:\\\/\\\/medvegjasot.com\\\/?p=5146#breadcrumb\"},\"inLanguage\":\"en-US\",\"potentialAction\":[{\"@type\":\"ReadAction\",\"target\":[\"https:\\\/\\\/medvegjasot.com\\\/?p=5146\"]}]},{\"@type\":\"ImageObject\",\"inLanguage\":\"en-US\",\"@id\":\"https:\\\/\\\/medvegjasot.com\\\/?p=5146#primaryimage\",\"url\":\"https:\\\/\\\/medvegjasot.com\\\/wp-content\\\/uploads\\\/2025\\\/07\\\/photo-output-4.jpeg\",\"contentUrl\":\"https:\\\/\\\/medvegjasot.com\\\/wp-content\\\/uploads\\\/2025\\\/07\\\/photo-output-4.jpeg\",\"width\":2048,\"height\":1152},{\"@type\":\"BreadcrumbList\",\"@id\":\"https:\\\/\\\/medvegjasot.com\\\/?p=5146#breadcrumb\",\"itemListElement\":[{\"@type\":\"ListItem\",\"position\":1,\"name\":\"Home\",\"item\":\"https:\\\/\\\/medvegjasot.com\\\/\"},{\"@type\":\"ListItem\",\"position\":2,\"name\":\"MUHARREM SALIHU: T\u00cb DREJTAT NUK JAN\u00cb \u00c7\u00cbSHTJE SIMBOLIKE, AS RETORIKE.\"}]},{\"@type\":\"WebSite\",\"@id\":\"https:\\\/\\\/medvegjasot.com\\\/#website\",\"url\":\"https:\\\/\\\/medvegjasot.com\\\/\",\"name\":\"Medvegja Sot\",\"description\":\"Portal Lajmesh\",\"publisher\":{\"@id\":\"https:\\\/\\\/medvegjasot.com\\\/#organization\"},\"alternateName\":\"MS\",\"potentialAction\":[{\"@type\":\"SearchAction\",\"target\":{\"@type\":\"EntryPoint\",\"urlTemplate\":\"https:\\\/\\\/medvegjasot.com\\\/?s={search_term_string}\"},\"query-input\":{\"@type\":\"PropertyValueSpecification\",\"valueRequired\":true,\"valueName\":\"search_term_string\"}}],\"inLanguage\":\"en-US\"},{\"@type\":\"Organization\",\"@id\":\"https:\\\/\\\/medvegjasot.com\\\/#organization\",\"name\":\"Medvegja Sot\",\"alternateName\":\"MS\",\"url\":\"https:\\\/\\\/medvegjasot.com\\\/\",\"logo\":{\"@type\":\"ImageObject\",\"inLanguage\":\"en-US\",\"@id\":\"https:\\\/\\\/medvegjasot.com\\\/#\\\/schema\\\/logo\\\/image\\\/\",\"url\":\"https:\\\/\\\/medvegjasot.com\\\/wp-content\\\/uploads\\\/2024\\\/08\\\/logo.png\",\"contentUrl\":\"https:\\\/\\\/medvegjasot.com\\\/wp-content\\\/uploads\\\/2024\\\/08\\\/logo.png\",\"width\":500,\"height\":500,\"caption\":\"Medvegja Sot\"},\"image\":{\"@id\":\"https:\\\/\\\/medvegjasot.com\\\/#\\\/schema\\\/logo\\\/image\\\/\"},\"sameAs\":[\"https:\\\/\\\/www.facebook.com\\\/MedvegjaSot.com1\"]},{\"@type\":\"Person\",\"@id\":\"https:\\\/\\\/medvegjasot.com\\\/#\\\/schema\\\/person\\\/f2be1a84f4e95d0cb032946a1cf2e594\",\"name\":\"admin\",\"image\":{\"@type\":\"ImageObject\",\"inLanguage\":\"en-US\",\"@id\":\"https:\\\/\\\/secure.gravatar.com\\\/avatar\\\/2eedc5259426225ddc6f98b4b6728c30418b83e6f70285719780d3518d972ece?s=96&d=mm&r=g\",\"url\":\"https:\\\/\\\/secure.gravatar.com\\\/avatar\\\/2eedc5259426225ddc6f98b4b6728c30418b83e6f70285719780d3518d972ece?s=96&d=mm&r=g\",\"contentUrl\":\"https:\\\/\\\/secure.gravatar.com\\\/avatar\\\/2eedc5259426225ddc6f98b4b6728c30418b83e6f70285719780d3518d972ece?s=96&d=mm&r=g\",\"caption\":\"admin\"},\"url\":\"https:\\\/\\\/medvegjasot.com\\\/?author=2\"}]}<\/script>\n<!-- \/ Yoast SEO plugin. -->","yoast_head_json":{"title":"MUHARREM SALIHU: T\u00cb DREJTAT NUK JAN\u00cb \u00c7\u00cbSHTJE SIMBOLIKE, AS RETORIKE. - Medvegja Sot","robots":{"index":"index","follow":"follow","max-snippet":"max-snippet:-1","max-image-preview":"max-image-preview:large","max-video-preview":"max-video-preview:-1"},"canonical":"https:\/\/medvegjasot.com\/?p=5146","og_locale":"en_US","og_type":"article","og_title":"MUHARREM SALIHU: T\u00cb DREJTAT NUK JAN\u00cb \u00c7\u00cbSHTJE SIMBOLIKE, AS RETORIKE. - Medvegja Sot","og_description":"Vler\u00ebsoj \u00e7do nism\u00eb q\u00eb synon t\u00eb adresoj\u00eb diskriminimin ndaj shqiptar\u00ebve n\u00eb Serbi.Kjo p\u00ebrfshin edhe p\u00ebrpjekjet p\u00ebr nj\u00eb Rezolut\u00eb parlamentare q\u00eb e artikulon k\u00ebt\u00eb realitet. Por kur flasim p\u00ebr t\u00eb drejta, nuk mund t\u00eb shmangim nj\u00eb t\u00eb v\u00ebrtet\u00eb themelore: nuk mund t\u00eb ket\u00eb t\u00eb drejta pa njer\u00ebz. Prandaj, \u00e7do tekst q\u00eb synon t\u00eb adresoj\u00eb pozit\u00ebn e...","og_url":"https:\/\/medvegjasot.com\/?p=5146","og_site_name":"Medvegja Sot","article_publisher":"https:\/\/www.facebook.com\/MedvegjaSot.com1","article_published_time":"2025-07-31T10:10:01+00:00","article_modified_time":"2025-07-31T10:11:30+00:00","og_image":[{"width":2048,"height":1152,"url":"https:\/\/medvegjasot.com\/wp-content\/uploads\/2025\/07\/photo-output-4.jpeg","type":"image\/jpeg"}],"author":"admin","twitter_card":"summary_large_image","twitter_misc":{"Written by":"admin","Est. reading time":"2 minutes"},"schema":{"@context":"https:\/\/schema.org","@graph":[{"@type":"Article","@id":"https:\/\/medvegjasot.com\/?p=5146#article","isPartOf":{"@id":"https:\/\/medvegjasot.com\/?p=5146"},"author":{"name":"admin","@id":"https:\/\/medvegjasot.com\/#\/schema\/person\/f2be1a84f4e95d0cb032946a1cf2e594"},"headline":"MUHARREM SALIHU: T\u00cb DREJTAT NUK JAN\u00cb \u00c7\u00cbSHTJE SIMBOLIKE, AS RETORIKE.","datePublished":"2025-07-31T10:10:01+00:00","dateModified":"2025-07-31T10:11:30+00:00","mainEntityOfPage":{"@id":"https:\/\/medvegjasot.com\/?p=5146"},"wordCount":314,"commentCount":0,"publisher":{"@id":"https:\/\/medvegjasot.com\/#organization"},"image":{"@id":"https:\/\/medvegjasot.com\/?p=5146#primaryimage"},"thumbnailUrl":"https:\/\/medvegjasot.com\/wp-content\/uploads\/2025\/07\/photo-output-4.jpeg","articleSection":["AKTUALE"],"inLanguage":"en-US","potentialAction":[{"@type":"CommentAction","name":"Comment","target":["https:\/\/medvegjasot.com\/?p=5146#respond"]}]},{"@type":"WebPage","@id":"https:\/\/medvegjasot.com\/?p=5146","url":"https:\/\/medvegjasot.com\/?p=5146","name":"MUHARREM SALIHU: T\u00cb DREJTAT NUK JAN\u00cb \u00c7\u00cbSHTJE SIMBOLIKE, AS RETORIKE. - Medvegja Sot","isPartOf":{"@id":"https:\/\/medvegjasot.com\/#website"},"primaryImageOfPage":{"@id":"https:\/\/medvegjasot.com\/?p=5146#primaryimage"},"image":{"@id":"https:\/\/medvegjasot.com\/?p=5146#primaryimage"},"thumbnailUrl":"https:\/\/medvegjasot.com\/wp-content\/uploads\/2025\/07\/photo-output-4.jpeg","datePublished":"2025-07-31T10:10:01+00:00","dateModified":"2025-07-31T10:11:30+00:00","breadcrumb":{"@id":"https:\/\/medvegjasot.com\/?p=5146#breadcrumb"},"inLanguage":"en-US","potentialAction":[{"@type":"ReadAction","target":["https:\/\/medvegjasot.com\/?p=5146"]}]},{"@type":"ImageObject","inLanguage":"en-US","@id":"https:\/\/medvegjasot.com\/?p=5146#primaryimage","url":"https:\/\/medvegjasot.com\/wp-content\/uploads\/2025\/07\/photo-output-4.jpeg","contentUrl":"https:\/\/medvegjasot.com\/wp-content\/uploads\/2025\/07\/photo-output-4.jpeg","width":2048,"height":1152},{"@type":"BreadcrumbList","@id":"https:\/\/medvegjasot.com\/?p=5146#breadcrumb","itemListElement":[{"@type":"ListItem","position":1,"name":"Home","item":"https:\/\/medvegjasot.com\/"},{"@type":"ListItem","position":2,"name":"MUHARREM SALIHU: T\u00cb DREJTAT NUK JAN\u00cb \u00c7\u00cbSHTJE SIMBOLIKE, AS RETORIKE."}]},{"@type":"WebSite","@id":"https:\/\/medvegjasot.com\/#website","url":"https:\/\/medvegjasot.com\/","name":"Medvegja Sot","description":"Portal Lajmesh","publisher":{"@id":"https:\/\/medvegjasot.com\/#organization"},"alternateName":"MS","potentialAction":[{"@type":"SearchAction","target":{"@type":"EntryPoint","urlTemplate":"https:\/\/medvegjasot.com\/?s={search_term_string}"},"query-input":{"@type":"PropertyValueSpecification","valueRequired":true,"valueName":"search_term_string"}}],"inLanguage":"en-US"},{"@type":"Organization","@id":"https:\/\/medvegjasot.com\/#organization","name":"Medvegja Sot","alternateName":"MS","url":"https:\/\/medvegjasot.com\/","logo":{"@type":"ImageObject","inLanguage":"en-US","@id":"https:\/\/medvegjasot.com\/#\/schema\/logo\/image\/","url":"https:\/\/medvegjasot.com\/wp-content\/uploads\/2024\/08\/logo.png","contentUrl":"https:\/\/medvegjasot.com\/wp-content\/uploads\/2024\/08\/logo.png","width":500,"height":500,"caption":"Medvegja Sot"},"image":{"@id":"https:\/\/medvegjasot.com\/#\/schema\/logo\/image\/"},"sameAs":["https:\/\/www.facebook.com\/MedvegjaSot.com1"]},{"@type":"Person","@id":"https:\/\/medvegjasot.com\/#\/schema\/person\/f2be1a84f4e95d0cb032946a1cf2e594","name":"admin","image":{"@type":"ImageObject","inLanguage":"en-US","@id":"https:\/\/secure.gravatar.com\/avatar\/2eedc5259426225ddc6f98b4b6728c30418b83e6f70285719780d3518d972ece?s=96&d=mm&r=g","url":"https:\/\/secure.gravatar.com\/avatar\/2eedc5259426225ddc6f98b4b6728c30418b83e6f70285719780d3518d972ece?s=96&d=mm&r=g","contentUrl":"https:\/\/secure.gravatar.com\/avatar\/2eedc5259426225ddc6f98b4b6728c30418b83e6f70285719780d3518d972ece?s=96&d=mm&r=g","caption":"admin"},"url":"https:\/\/medvegjasot.com\/?author=2"}]}},"jetpack_featured_media_url":"https:\/\/medvegjasot.com\/wp-content\/uploads\/2025\/07\/photo-output-4.jpeg","_links":{"self":[{"href":"https:\/\/medvegjasot.com\/index.php?rest_route=\/wp\/v2\/posts\/5146","targetHints":{"allow":["GET"]}}],"collection":[{"href":"https:\/\/medvegjasot.com\/index.php?rest_route=\/wp\/v2\/posts"}],"about":[{"href":"https:\/\/medvegjasot.com\/index.php?rest_route=\/wp\/v2\/types\/post"}],"author":[{"embeddable":true,"href":"https:\/\/medvegjasot.com\/index.php?rest_route=\/wp\/v2\/users\/2"}],"replies":[{"embeddable":true,"href":"https:\/\/medvegjasot.com\/index.php?rest_route=%2Fwp%2Fv2%2Fcomments&post=5146"}],"version-history":[{"count":1,"href":"https:\/\/medvegjasot.com\/index.php?rest_route=\/wp\/v2\/posts\/5146\/revisions"}],"predecessor-version":[{"id":5147,"href":"https:\/\/medvegjasot.com\/index.php?rest_route=\/wp\/v2\/posts\/5146\/revisions\/5147"}],"wp:featuredmedia":[{"embeddable":true,"href":"https:\/\/medvegjasot.com\/index.php?rest_route=\/wp\/v2\/media\/5148"}],"wp:attachment":[{"href":"https:\/\/medvegjasot.com\/index.php?rest_route=%2Fwp%2Fv2%2Fmedia&parent=5146"}],"wp:term":[{"taxonomy":"category","embeddable":true,"href":"https:\/\/medvegjasot.com\/index.php?rest_route=%2Fwp%2Fv2%2Fcategories&post=5146"},{"taxonomy":"post_tag","embeddable":true,"href":"https:\/\/medvegjasot.com\/index.php?rest_route=%2Fwp%2Fv2%2Ftags&post=5146"}],"curies":[{"name":"wp","href":"https:\/\/api.w.org\/{rel}","templated":true}]}}