{"id":5124,"date":"2025-07-17T07:41:56","date_gmt":"2025-07-17T07:41:56","guid":{"rendered":"https:\/\/medvegjasot.com\/?p=5124"},"modified":"2025-07-17T07:51:30","modified_gmt":"2025-07-17T07:51:30","slug":"etno-fest-edicioni-xv","status":"publish","type":"post","link":"https:\/\/medvegjasot.com\/?p=5124","title":{"rendered":"Etno Fest \u2013 Edicioni XV"},"content":{"rendered":"\n<p>IDENTITETI<\/p>\n\n\n\n<p>Nata e pest\u00eb<\/p>\n\n\n\n<p>Mbr\u00ebmja nisi me vall\u00ebzimin, si nj\u00eb gjuh\u00eb q\u00eb nuk njeh kufij.  <br>N\u00eb sken\u00ebn e Etno Festit, trupat l\u00ebviznin si val\u00eb kujtese.<\/p>\n\n\n\n<p>\u201cWorld Dance\u201d, n\u00ebn udh\u00ebheqjen e Janet Reineck dhe mjesht\u00ebrin\u00eb e Ansamblit \u201cOpoja\u201d, soll\u00ebn nj\u00eb rr\u00ebfim t\u00eb gjall\u00eb p\u00ebrmes trupit, nj\u00eb udh\u00ebtim nd\u00ebr breza, p\u00ebrmes traditave t\u00eb ndryshme, t\u00eb nd\u00ebrthurura n\u00eb ritme q\u00eb tejkalojn\u00eb kufijt\u00eb e gjeografis\u00eb dhe koh\u00ebs.<\/p>\n\n\n\n<figure class=\"wp-block-image size-large\"><img fetchpriority=\"high\" decoding=\"async\" width=\"1024\" height=\"683\" src=\"https:\/\/medvegjasot.com\/wp-content\/uploads\/2025\/07\/IMG_9970-1024x683.jpeg\" alt=\"\" class=\"wp-image-5128\" srcset=\"https:\/\/medvegjasot.com\/wp-content\/uploads\/2025\/07\/IMG_9970-1024x683.jpeg 1024w, https:\/\/medvegjasot.com\/wp-content\/uploads\/2025\/07\/IMG_9970-300x200.jpeg 300w, https:\/\/medvegjasot.com\/wp-content\/uploads\/2025\/07\/IMG_9970-768x512.jpeg 768w, https:\/\/medvegjasot.com\/wp-content\/uploads\/2025\/07\/IMG_9970-1536x1024.jpeg 1536w, https:\/\/medvegjasot.com\/wp-content\/uploads\/2025\/07\/IMG_9970-600x400.jpeg 600w, https:\/\/medvegjasot.com\/wp-content\/uploads\/2025\/07\/IMG_9970.jpeg 2048w\" sizes=\"(max-width: 1024px) 100vw, 1024px\" \/><\/figure>\n\n\n\n<p><\/p>\n\n\n\n<p>Kjo performanc\u00eb ishte nj\u00eb fest\u00eb e identitetit t\u00eb mish\u00ebruar, ku \u00e7do hap nuk ishte thjesht koreografi, por nj\u00eb d\u00ebshmi kulturore.<\/p>\n\n\n\n<p>\u201cBurrat po din\u00eb me vall\u00ebzu, po ku jan\u00eb djemt\u00eb?\u201d, tha Reineck me nj\u00eb ton q\u00eb ishte nj\u00ebkoh\u00ebsisht pyetje dhe thirrje. Nj\u00eb thirrje e heshtur p\u00ebr vazhdim\u00ebsi, p\u00ebr trash\u00ebgimi. Nj\u00eb rikujtim se \u00e7do l\u00ebvizje \u00ebsht\u00eb nj\u00eb akt kujtese dhe se vallja nuk \u00ebsht\u00eb vet\u00ebm pjes\u00eb e s\u00eb kaluar\u00ebs, por k\u00ebrkon hapat e rinj q\u00eb ta mbajn\u00eb t\u00eb gjall\u00eb\u2026<\/p>\n\n\n\n<p>\u2026pastaj, muzika mori fjal\u00ebn. Dhe foli me z\u00eb t\u00eb qart\u00eb.<\/p>\n\n\n\n<p>Liburn Jupolli solli n\u00eb sken\u00ebn e Etno Festit nj\u00eb p\u00ebrjetim ndryshe: \u201cTales of Scapes\u201d,&nbsp;&nbsp;nj\u00eb udh\u00ebtim p\u00ebrmes tingujve q\u00eb fitoi v\u00ebmendjen e plot\u00eb t\u00eb d\u00ebgjuesve.<\/p>\n\n\n\n<figure class=\"wp-block-image size-large\"><img decoding=\"async\" width=\"1024\" height=\"683\" src=\"https:\/\/medvegjasot.com\/wp-content\/uploads\/2025\/07\/IMG_9945-1024x683.jpeg\" alt=\"\" class=\"wp-image-5130\" srcset=\"https:\/\/medvegjasot.com\/wp-content\/uploads\/2025\/07\/IMG_9945-1024x683.jpeg 1024w, https:\/\/medvegjasot.com\/wp-content\/uploads\/2025\/07\/IMG_9945-300x200.jpeg 300w, https:\/\/medvegjasot.com\/wp-content\/uploads\/2025\/07\/IMG_9945-768x512.jpeg 768w, https:\/\/medvegjasot.com\/wp-content\/uploads\/2025\/07\/IMG_9945-600x400.jpeg 600w, https:\/\/medvegjasot.com\/wp-content\/uploads\/2025\/07\/IMG_9945.jpeg 1500w\" sizes=\"(max-width: 1024px) 100vw, 1024px\" \/><\/figure>\n\n\n\n<p>Ky koncert ishte nj\u00eb peizazh i paduksh\u00ebm q\u00eb hapej brenda nesh, ku \u00e7do tingull rridhte si nj\u00eb drit\u00eb e qet\u00eb p\u00ebrmes err\u00ebsir\u00ebs. Muzika nuk vinte p\u00ebr t\u00eb tronditur, por p\u00ebr t\u00eb qet\u00ebsuar. Ajo nuk t\u00eb th\u00ebrriste, por t\u00eb t\u00ebrhiqte ngadal\u00eb brenda saj. I gjith\u00eb publiku d\u00ebgjonin n\u00eb heshtje, si t\u00eb ishin b\u00ebr\u00eb nj\u00eb me hap\u00ebsir\u00ebn, me frym\u00ebn, me tingullin. Trupat ishin t\u00eb pal\u00ebvizsh\u00ebm, por prania e tyre ishte e thell\u00eb, si n\u00eb nj\u00eb meditim t\u00eb p\u00ebrbashk\u00ebt, ku arti nuk performohej, por p\u00ebrjetohej.<\/p>\n\n\n\n<p>N\u00eb at\u00eb \u00e7ast, kufiri mes sken\u00ebs dhe publikut u zhduk. Nj\u00eb p\u00ebrvoj\u00eb q\u00eb nuk mund t\u00eb p\u00ebrs\u00ebritet me fjal\u00eb, por q\u00eb vazhdon t\u00eb jehoj\u00eb gjat\u00eb, shum\u00eb gjat\u00eb, edhe pasi tingulli \u00ebsht\u00eb shuar\u2026<\/p>\n\n\n\n<figure class=\"wp-block-image size-large\"><img decoding=\"async\" width=\"1024\" height=\"683\" src=\"https:\/\/medvegjasot.com\/wp-content\/uploads\/2025\/07\/IMG_9985-1024x683.jpeg\" alt=\"\" class=\"wp-image-5131\" srcset=\"https:\/\/medvegjasot.com\/wp-content\/uploads\/2025\/07\/IMG_9985-1024x683.jpeg 1024w, https:\/\/medvegjasot.com\/wp-content\/uploads\/2025\/07\/IMG_9985-300x200.jpeg 300w, https:\/\/medvegjasot.com\/wp-content\/uploads\/2025\/07\/IMG_9985-768x512.jpeg 768w, https:\/\/medvegjasot.com\/wp-content\/uploads\/2025\/07\/IMG_9985-1536x1024.jpeg 1536w, https:\/\/medvegjasot.com\/wp-content\/uploads\/2025\/07\/IMG_9985-600x400.jpeg 600w, https:\/\/medvegjasot.com\/wp-content\/uploads\/2025\/07\/IMG_9985.jpeg 2048w\" sizes=\"(max-width: 1024px) 100vw, 1024px\" \/><\/figure>\n\n\n\n<p>\u2026m\u00eb pas, skena mori frym\u00ebn e teatrit.<\/p>\n\n\n\n<p>Shfaqja \u201cADN\u201d, me regji t\u00eb Fatos Berish\u00ebs dhe sjell\u00eb nga Teatri Shqiptar i Shkupit, solli n\u00eb Etno Fest nj\u00eb dram\u00eb q\u00eb na shp\u00ebrblente me thell\u00ebsi.<\/p>\n\n\n\n<p>Nj\u00eb tekst q\u00eb prekte rr\u00ebnj\u00ebt tona t\u00eb p\u00ebrbashk\u00ebta, trash\u00ebgimin\u00eb q\u00eb s\u2019e mbajm\u00eb vet\u00ebm n\u00eb mendje, por edhe n\u00eb trup si kujtes\u00eb e pashlyeshme.<\/p>\n\n\n\n<p>Ajo q\u00eb u ngjit n\u00eb sken\u00eb nuk ishte thjesht nj\u00eb shfaqje, por nj\u00eb pasqyr\u00eb. Nj\u00eb reflektim q\u00eb nuk t\u00eb linte t\u00eb ikje pa u p\u00ebrballur me pyetje thelb\u00ebsore rreth identitetit, historis\u00eb dhe pesh\u00ebs q\u00eb bartim, shpesh pa e ditur.<\/p>\n\n\n\n<p>Me nj\u00eb kast\u00eb t\u00eb fuqishme: Sara Bajrami, Visar Etemi, Abedin Alimi, Sabina Memishi dhe Fisnik Zeqiri, shfaqja dhe drama brenda saj, u kthyen n\u00eb nj\u00eb z\u00eb t\u00eb p\u00ebrbashk\u00ebt q\u00eb na v\u00ebshtroi n\u00eb sy, pa m\u00ebshir\u00eb, por me shum\u00eb t\u00eb v\u00ebrtet\u00eb\u2026<\/p>\n\n\n\n<figure class=\"wp-block-gallery has-nested-images columns-default is-cropped wp-block-gallery-1 is-layout-flex wp-block-gallery-is-layout-flex\">\n<figure class=\"wp-block-image size-large\"><img loading=\"lazy\" decoding=\"async\" width=\"683\" height=\"1024\" data-id=\"5133\" src=\"https:\/\/medvegjasot.com\/wp-content\/uploads\/2025\/07\/IMG_9989-683x1024.jpeg\" alt=\"\" class=\"wp-image-5133\" srcset=\"https:\/\/medvegjasot.com\/wp-content\/uploads\/2025\/07\/IMG_9989-683x1024.jpeg 683w, https:\/\/medvegjasot.com\/wp-content\/uploads\/2025\/07\/IMG_9989-200x300.jpeg 200w, https:\/\/medvegjasot.com\/wp-content\/uploads\/2025\/07\/IMG_9989-768x1152.jpeg 768w, https:\/\/medvegjasot.com\/wp-content\/uploads\/2025\/07\/IMG_9989-1024x1536.jpeg 1024w, https:\/\/medvegjasot.com\/wp-content\/uploads\/2025\/07\/IMG_9989.jpeg 1365w\" sizes=\"(max-width: 683px) 100vw, 683px\" \/><\/figure>\n\n\n\n<figure class=\"wp-block-image size-large\"><img loading=\"lazy\" decoding=\"async\" width=\"683\" height=\"1024\" data-id=\"5134\" src=\"https:\/\/medvegjasot.com\/wp-content\/uploads\/2025\/07\/IMG_9988-683x1024.jpeg\" alt=\"\" class=\"wp-image-5134\" srcset=\"https:\/\/medvegjasot.com\/wp-content\/uploads\/2025\/07\/IMG_9988-683x1024.jpeg 683w, https:\/\/medvegjasot.com\/wp-content\/uploads\/2025\/07\/IMG_9988-200x300.jpeg 200w, https:\/\/medvegjasot.com\/wp-content\/uploads\/2025\/07\/IMG_9988-768x1152.jpeg 768w, https:\/\/medvegjasot.com\/wp-content\/uploads\/2025\/07\/IMG_9988-1024x1536.jpeg 1024w, https:\/\/medvegjasot.com\/wp-content\/uploads\/2025\/07\/IMG_9988.jpeg 1365w\" sizes=\"(max-width: 683px) 100vw, 683px\" \/><\/figure>\n<\/figure>\n\n\n\n<p><\/p>\n\n\n\n<p>\u2026e kur mbr\u00ebmjes po i shuhej fryma, Etno Neja na ftoi p\u00ebr her\u00eb t\u00eb fundit, but\u00ebsisht, si nj\u00eb p\u00ebshp\u00ebritje q\u00eb vjen nga brenda.<\/p>\n\n\n\n<p>K\u00ebt\u00eb her\u00eb, me magjin\u00eb e String String, nata mbylli rrug\u00ebtimin e saj, me tinguj q\u00eb prek\u00ebn shpirtin. Grupi ishte i mrekulluesh\u00ebm: i p\u00ebrmbajtur, i sakt\u00eb, por nj\u00ebkoh\u00ebsisht i hapur dhe prek\u00ebs. Ata soll\u00ebn nj\u00eb p\u00ebrjetim q\u00eb kap\u00ebrceu fjal\u00ebt dhe u ul qet\u00ebsisht n\u00eb zem\u00ebr.<\/p>\n\n\n\n<p>Nj\u00eb p\u00ebrfundim delikat, por ngjeth\u00ebs, p\u00ebr nj\u00eb nat\u00eb ku gjith\u00e7ka u tha pa z\u00eb, por u d\u00ebgjua fort.<\/p>\n\n\n\n<p>Dhe k\u00ebshtu, nata uli perden. Jo p\u00ebr t\u00eb mbaruar, por p\u00ebr t\u00eb l\u00ebn\u00eb vend nj\u00eb agimi t\u00eb ri n\u00eb Etno Fest, me kujtime q\u00eb nuk shuhen dhe emocione q\u00eb mezi presin t\u00eb rilindin n\u00eb dit\u00ebn q\u00eb vjen.<\/p>\n\n\n\n<p><strong>Nga Albin Kushnini<\/strong><\/p>\n\n\n\n<p><strong>Fotografit\u00eb nga Adi Beqiri<\/strong><\/p>\n","protected":false},"excerpt":{"rendered":"<p>IDENTITETI Nata e pest\u00eb Mbr\u00ebmja nisi me vall\u00ebzimin, si nj\u00eb gjuh\u00eb q\u00eb nuk njeh kufij. N\u00eb sken\u00ebn e Etno Festit, trupat l\u00ebviznin si val\u00eb kujtese. \u201cWorld Dance\u201d, n\u00ebn udh\u00ebheqjen e Janet Reineck dhe mjesht\u00ebrin\u00eb e Ansamblit \u201cOpoja\u201d, soll\u00ebn nj\u00eb rr\u00ebfim t\u00eb gjall\u00eb p\u00ebrmes trupit, nj\u00eb udh\u00ebtim nd\u00ebr breza, p\u00ebrmes traditave t\u00eb ndryshme, t\u00eb nd\u00ebrthurura n\u00eb&#8230;<\/p>\n","protected":false},"author":2,"featured_media":5125,"comment_status":"open","ping_status":"open","sticky":false,"template":"","format":"standard","meta":{"_coblocks_attr":"","_coblocks_dimensions":"","_coblocks_responsive_height":"","_coblocks_accordion_ie_support":"","_monsterinsights_skip_tracking":false,"_monsterinsights_sitenote_active":false,"_monsterinsights_sitenote_note":"","_monsterinsights_sitenote_category":0,"footnotes":""},"categories":[18],"tags":[],"class_list":["post-5124","post","type-post","status-publish","format-standard","has-post-thumbnail","hentry","category-kulture"],"yoast_head":"<!-- This site is optimized with the Yoast SEO plugin v27.5 - https:\/\/yoast.com\/product\/yoast-seo-wordpress\/ -->\n<title>Etno Fest \u2013 Edicioni XV - Medvegja Sot<\/title>\n<meta name=\"robots\" content=\"index, follow, max-snippet:-1, max-image-preview:large, max-video-preview:-1\" \/>\n<link rel=\"canonical\" href=\"https:\/\/medvegjasot.com\/?p=5124\" \/>\n<meta property=\"og:locale\" content=\"en_US\" \/>\n<meta property=\"og:type\" content=\"article\" \/>\n<meta property=\"og:title\" content=\"Etno Fest \u2013 Edicioni XV - Medvegja Sot\" \/>\n<meta property=\"og:description\" content=\"IDENTITETI Nata e pest\u00eb Mbr\u00ebmja nisi me vall\u00ebzimin, si nj\u00eb gjuh\u00eb q\u00eb nuk njeh kufij. N\u00eb sken\u00ebn e Etno Festit, trupat l\u00ebviznin si val\u00eb kujtese. \u201cWorld Dance\u201d, n\u00ebn udh\u00ebheqjen e Janet Reineck dhe mjesht\u00ebrin\u00eb e Ansamblit \u201cOpoja\u201d, soll\u00ebn nj\u00eb rr\u00ebfim t\u00eb gjall\u00eb p\u00ebrmes trupit, nj\u00eb udh\u00ebtim nd\u00ebr breza, p\u00ebrmes traditave t\u00eb ndryshme, t\u00eb nd\u00ebrthurura n\u00eb...\" \/>\n<meta property=\"og:url\" content=\"https:\/\/medvegjasot.com\/?p=5124\" \/>\n<meta property=\"og:site_name\" content=\"Medvegja Sot\" \/>\n<meta property=\"article:publisher\" content=\"https:\/\/www.facebook.com\/MedvegjaSot.com1\" \/>\n<meta property=\"article:published_time\" content=\"2025-07-17T07:41:56+00:00\" \/>\n<meta property=\"article:modified_time\" content=\"2025-07-17T07:51:30+00:00\" \/>\n<meta property=\"og:image\" content=\"https:\/\/medvegjasot.com\/wp-content\/uploads\/2025\/07\/photo-output-2.jpeg\" \/>\n\t<meta property=\"og:image:width\" content=\"2048\" \/>\n\t<meta property=\"og:image:height\" content=\"1152\" \/>\n\t<meta property=\"og:image:type\" content=\"image\/jpeg\" \/>\n<meta name=\"author\" content=\"admin\" \/>\n<meta name=\"twitter:card\" content=\"summary_large_image\" \/>\n<meta name=\"twitter:label1\" content=\"Written by\" \/>\n\t<meta name=\"twitter:data1\" content=\"admin\" \/>\n\t<meta name=\"twitter:label2\" content=\"Est. reading time\" \/>\n\t<meta name=\"twitter:data2\" content=\"4 minutes\" \/>\n<script type=\"application\/ld+json\" class=\"yoast-schema-graph\">{\"@context\":\"https:\\\/\\\/schema.org\",\"@graph\":[{\"@type\":\"Article\",\"@id\":\"https:\\\/\\\/medvegjasot.com\\\/?p=5124#article\",\"isPartOf\":{\"@id\":\"https:\\\/\\\/medvegjasot.com\\\/?p=5124\"},\"author\":{\"name\":\"admin\",\"@id\":\"https:\\\/\\\/medvegjasot.com\\\/#\\\/schema\\\/person\\\/f2be1a84f4e95d0cb032946a1cf2e594\"},\"headline\":\"Etno Fest \u2013 Edicioni XV\",\"datePublished\":\"2025-07-17T07:41:56+00:00\",\"dateModified\":\"2025-07-17T07:51:30+00:00\",\"mainEntityOfPage\":{\"@id\":\"https:\\\/\\\/medvegjasot.com\\\/?p=5124\"},\"wordCount\":664,\"commentCount\":0,\"publisher\":{\"@id\":\"https:\\\/\\\/medvegjasot.com\\\/#organization\"},\"image\":{\"@id\":\"https:\\\/\\\/medvegjasot.com\\\/?p=5124#primaryimage\"},\"thumbnailUrl\":\"https:\\\/\\\/medvegjasot.com\\\/wp-content\\\/uploads\\\/2025\\\/07\\\/photo-output-2.jpeg\",\"articleSection\":[\"KULTUR\u00cb\"],\"inLanguage\":\"en-US\",\"potentialAction\":[{\"@type\":\"CommentAction\",\"name\":\"Comment\",\"target\":[\"https:\\\/\\\/medvegjasot.com\\\/?p=5124#respond\"]}]},{\"@type\":\"WebPage\",\"@id\":\"https:\\\/\\\/medvegjasot.com\\\/?p=5124\",\"url\":\"https:\\\/\\\/medvegjasot.com\\\/?p=5124\",\"name\":\"Etno Fest \u2013 Edicioni XV - Medvegja Sot\",\"isPartOf\":{\"@id\":\"https:\\\/\\\/medvegjasot.com\\\/#website\"},\"primaryImageOfPage\":{\"@id\":\"https:\\\/\\\/medvegjasot.com\\\/?p=5124#primaryimage\"},\"image\":{\"@id\":\"https:\\\/\\\/medvegjasot.com\\\/?p=5124#primaryimage\"},\"thumbnailUrl\":\"https:\\\/\\\/medvegjasot.com\\\/wp-content\\\/uploads\\\/2025\\\/07\\\/photo-output-2.jpeg\",\"datePublished\":\"2025-07-17T07:41:56+00:00\",\"dateModified\":\"2025-07-17T07:51:30+00:00\",\"breadcrumb\":{\"@id\":\"https:\\\/\\\/medvegjasot.com\\\/?p=5124#breadcrumb\"},\"inLanguage\":\"en-US\",\"potentialAction\":[{\"@type\":\"ReadAction\",\"target\":[\"https:\\\/\\\/medvegjasot.com\\\/?p=5124\"]}]},{\"@type\":\"ImageObject\",\"inLanguage\":\"en-US\",\"@id\":\"https:\\\/\\\/medvegjasot.com\\\/?p=5124#primaryimage\",\"url\":\"https:\\\/\\\/medvegjasot.com\\\/wp-content\\\/uploads\\\/2025\\\/07\\\/photo-output-2.jpeg\",\"contentUrl\":\"https:\\\/\\\/medvegjasot.com\\\/wp-content\\\/uploads\\\/2025\\\/07\\\/photo-output-2.jpeg\",\"width\":2048,\"height\":1152},{\"@type\":\"BreadcrumbList\",\"@id\":\"https:\\\/\\\/medvegjasot.com\\\/?p=5124#breadcrumb\",\"itemListElement\":[{\"@type\":\"ListItem\",\"position\":1,\"name\":\"Home\",\"item\":\"https:\\\/\\\/medvegjasot.com\\\/\"},{\"@type\":\"ListItem\",\"position\":2,\"name\":\"Etno Fest \u2013 Edicioni XV\"}]},{\"@type\":\"WebSite\",\"@id\":\"https:\\\/\\\/medvegjasot.com\\\/#website\",\"url\":\"https:\\\/\\\/medvegjasot.com\\\/\",\"name\":\"Medvegja Sot\",\"description\":\"Portal Lajmesh\",\"publisher\":{\"@id\":\"https:\\\/\\\/medvegjasot.com\\\/#organization\"},\"alternateName\":\"MS\",\"potentialAction\":[{\"@type\":\"SearchAction\",\"target\":{\"@type\":\"EntryPoint\",\"urlTemplate\":\"https:\\\/\\\/medvegjasot.com\\\/?s={search_term_string}\"},\"query-input\":{\"@type\":\"PropertyValueSpecification\",\"valueRequired\":true,\"valueName\":\"search_term_string\"}}],\"inLanguage\":\"en-US\"},{\"@type\":\"Organization\",\"@id\":\"https:\\\/\\\/medvegjasot.com\\\/#organization\",\"name\":\"Medvegja Sot\",\"alternateName\":\"MS\",\"url\":\"https:\\\/\\\/medvegjasot.com\\\/\",\"logo\":{\"@type\":\"ImageObject\",\"inLanguage\":\"en-US\",\"@id\":\"https:\\\/\\\/medvegjasot.com\\\/#\\\/schema\\\/logo\\\/image\\\/\",\"url\":\"https:\\\/\\\/medvegjasot.com\\\/wp-content\\\/uploads\\\/2024\\\/08\\\/logo.png\",\"contentUrl\":\"https:\\\/\\\/medvegjasot.com\\\/wp-content\\\/uploads\\\/2024\\\/08\\\/logo.png\",\"width\":500,\"height\":500,\"caption\":\"Medvegja Sot\"},\"image\":{\"@id\":\"https:\\\/\\\/medvegjasot.com\\\/#\\\/schema\\\/logo\\\/image\\\/\"},\"sameAs\":[\"https:\\\/\\\/www.facebook.com\\\/MedvegjaSot.com1\"]},{\"@type\":\"Person\",\"@id\":\"https:\\\/\\\/medvegjasot.com\\\/#\\\/schema\\\/person\\\/f2be1a84f4e95d0cb032946a1cf2e594\",\"name\":\"admin\",\"image\":{\"@type\":\"ImageObject\",\"inLanguage\":\"en-US\",\"@id\":\"https:\\\/\\\/secure.gravatar.com\\\/avatar\\\/2eedc5259426225ddc6f98b4b6728c30418b83e6f70285719780d3518d972ece?s=96&d=mm&r=g\",\"url\":\"https:\\\/\\\/secure.gravatar.com\\\/avatar\\\/2eedc5259426225ddc6f98b4b6728c30418b83e6f70285719780d3518d972ece?s=96&d=mm&r=g\",\"contentUrl\":\"https:\\\/\\\/secure.gravatar.com\\\/avatar\\\/2eedc5259426225ddc6f98b4b6728c30418b83e6f70285719780d3518d972ece?s=96&d=mm&r=g\",\"caption\":\"admin\"},\"url\":\"https:\\\/\\\/medvegjasot.com\\\/?author=2\"}]}<\/script>\n<!-- \/ Yoast SEO plugin. -->","yoast_head_json":{"title":"Etno Fest \u2013 Edicioni XV - Medvegja Sot","robots":{"index":"index","follow":"follow","max-snippet":"max-snippet:-1","max-image-preview":"max-image-preview:large","max-video-preview":"max-video-preview:-1"},"canonical":"https:\/\/medvegjasot.com\/?p=5124","og_locale":"en_US","og_type":"article","og_title":"Etno Fest \u2013 Edicioni XV - Medvegja Sot","og_description":"IDENTITETI Nata e pest\u00eb Mbr\u00ebmja nisi me vall\u00ebzimin, si nj\u00eb gjuh\u00eb q\u00eb nuk njeh kufij. N\u00eb sken\u00ebn e Etno Festit, trupat l\u00ebviznin si val\u00eb kujtese. \u201cWorld Dance\u201d, n\u00ebn udh\u00ebheqjen e Janet Reineck dhe mjesht\u00ebrin\u00eb e Ansamblit \u201cOpoja\u201d, soll\u00ebn nj\u00eb rr\u00ebfim t\u00eb gjall\u00eb p\u00ebrmes trupit, nj\u00eb udh\u00ebtim nd\u00ebr breza, p\u00ebrmes traditave t\u00eb ndryshme, t\u00eb nd\u00ebrthurura n\u00eb...","og_url":"https:\/\/medvegjasot.com\/?p=5124","og_site_name":"Medvegja Sot","article_publisher":"https:\/\/www.facebook.com\/MedvegjaSot.com1","article_published_time":"2025-07-17T07:41:56+00:00","article_modified_time":"2025-07-17T07:51:30+00:00","og_image":[{"width":2048,"height":1152,"url":"https:\/\/medvegjasot.com\/wp-content\/uploads\/2025\/07\/photo-output-2.jpeg","type":"image\/jpeg"}],"author":"admin","twitter_card":"summary_large_image","twitter_misc":{"Written by":"admin","Est. reading time":"4 minutes"},"schema":{"@context":"https:\/\/schema.org","@graph":[{"@type":"Article","@id":"https:\/\/medvegjasot.com\/?p=5124#article","isPartOf":{"@id":"https:\/\/medvegjasot.com\/?p=5124"},"author":{"name":"admin","@id":"https:\/\/medvegjasot.com\/#\/schema\/person\/f2be1a84f4e95d0cb032946a1cf2e594"},"headline":"Etno Fest \u2013 Edicioni XV","datePublished":"2025-07-17T07:41:56+00:00","dateModified":"2025-07-17T07:51:30+00:00","mainEntityOfPage":{"@id":"https:\/\/medvegjasot.com\/?p=5124"},"wordCount":664,"commentCount":0,"publisher":{"@id":"https:\/\/medvegjasot.com\/#organization"},"image":{"@id":"https:\/\/medvegjasot.com\/?p=5124#primaryimage"},"thumbnailUrl":"https:\/\/medvegjasot.com\/wp-content\/uploads\/2025\/07\/photo-output-2.jpeg","articleSection":["KULTUR\u00cb"],"inLanguage":"en-US","potentialAction":[{"@type":"CommentAction","name":"Comment","target":["https:\/\/medvegjasot.com\/?p=5124#respond"]}]},{"@type":"WebPage","@id":"https:\/\/medvegjasot.com\/?p=5124","url":"https:\/\/medvegjasot.com\/?p=5124","name":"Etno Fest \u2013 Edicioni XV - Medvegja Sot","isPartOf":{"@id":"https:\/\/medvegjasot.com\/#website"},"primaryImageOfPage":{"@id":"https:\/\/medvegjasot.com\/?p=5124#primaryimage"},"image":{"@id":"https:\/\/medvegjasot.com\/?p=5124#primaryimage"},"thumbnailUrl":"https:\/\/medvegjasot.com\/wp-content\/uploads\/2025\/07\/photo-output-2.jpeg","datePublished":"2025-07-17T07:41:56+00:00","dateModified":"2025-07-17T07:51:30+00:00","breadcrumb":{"@id":"https:\/\/medvegjasot.com\/?p=5124#breadcrumb"},"inLanguage":"en-US","potentialAction":[{"@type":"ReadAction","target":["https:\/\/medvegjasot.com\/?p=5124"]}]},{"@type":"ImageObject","inLanguage":"en-US","@id":"https:\/\/medvegjasot.com\/?p=5124#primaryimage","url":"https:\/\/medvegjasot.com\/wp-content\/uploads\/2025\/07\/photo-output-2.jpeg","contentUrl":"https:\/\/medvegjasot.com\/wp-content\/uploads\/2025\/07\/photo-output-2.jpeg","width":2048,"height":1152},{"@type":"BreadcrumbList","@id":"https:\/\/medvegjasot.com\/?p=5124#breadcrumb","itemListElement":[{"@type":"ListItem","position":1,"name":"Home","item":"https:\/\/medvegjasot.com\/"},{"@type":"ListItem","position":2,"name":"Etno Fest \u2013 Edicioni XV"}]},{"@type":"WebSite","@id":"https:\/\/medvegjasot.com\/#website","url":"https:\/\/medvegjasot.com\/","name":"Medvegja Sot","description":"Portal Lajmesh","publisher":{"@id":"https:\/\/medvegjasot.com\/#organization"},"alternateName":"MS","potentialAction":[{"@type":"SearchAction","target":{"@type":"EntryPoint","urlTemplate":"https:\/\/medvegjasot.com\/?s={search_term_string}"},"query-input":{"@type":"PropertyValueSpecification","valueRequired":true,"valueName":"search_term_string"}}],"inLanguage":"en-US"},{"@type":"Organization","@id":"https:\/\/medvegjasot.com\/#organization","name":"Medvegja Sot","alternateName":"MS","url":"https:\/\/medvegjasot.com\/","logo":{"@type":"ImageObject","inLanguage":"en-US","@id":"https:\/\/medvegjasot.com\/#\/schema\/logo\/image\/","url":"https:\/\/medvegjasot.com\/wp-content\/uploads\/2024\/08\/logo.png","contentUrl":"https:\/\/medvegjasot.com\/wp-content\/uploads\/2024\/08\/logo.png","width":500,"height":500,"caption":"Medvegja Sot"},"image":{"@id":"https:\/\/medvegjasot.com\/#\/schema\/logo\/image\/"},"sameAs":["https:\/\/www.facebook.com\/MedvegjaSot.com1"]},{"@type":"Person","@id":"https:\/\/medvegjasot.com\/#\/schema\/person\/f2be1a84f4e95d0cb032946a1cf2e594","name":"admin","image":{"@type":"ImageObject","inLanguage":"en-US","@id":"https:\/\/secure.gravatar.com\/avatar\/2eedc5259426225ddc6f98b4b6728c30418b83e6f70285719780d3518d972ece?s=96&d=mm&r=g","url":"https:\/\/secure.gravatar.com\/avatar\/2eedc5259426225ddc6f98b4b6728c30418b83e6f70285719780d3518d972ece?s=96&d=mm&r=g","contentUrl":"https:\/\/secure.gravatar.com\/avatar\/2eedc5259426225ddc6f98b4b6728c30418b83e6f70285719780d3518d972ece?s=96&d=mm&r=g","caption":"admin"},"url":"https:\/\/medvegjasot.com\/?author=2"}]}},"jetpack_featured_media_url":"https:\/\/medvegjasot.com\/wp-content\/uploads\/2025\/07\/photo-output-2.jpeg","_links":{"self":[{"href":"https:\/\/medvegjasot.com\/index.php?rest_route=\/wp\/v2\/posts\/5124","targetHints":{"allow":["GET"]}}],"collection":[{"href":"https:\/\/medvegjasot.com\/index.php?rest_route=\/wp\/v2\/posts"}],"about":[{"href":"https:\/\/medvegjasot.com\/index.php?rest_route=\/wp\/v2\/types\/post"}],"author":[{"embeddable":true,"href":"https:\/\/medvegjasot.com\/index.php?rest_route=\/wp\/v2\/users\/2"}],"replies":[{"embeddable":true,"href":"https:\/\/medvegjasot.com\/index.php?rest_route=%2Fwp%2Fv2%2Fcomments&post=5124"}],"version-history":[{"count":4,"href":"https:\/\/medvegjasot.com\/index.php?rest_route=\/wp\/v2\/posts\/5124\/revisions"}],"predecessor-version":[{"id":5135,"href":"https:\/\/medvegjasot.com\/index.php?rest_route=\/wp\/v2\/posts\/5124\/revisions\/5135"}],"wp:featuredmedia":[{"embeddable":true,"href":"https:\/\/medvegjasot.com\/index.php?rest_route=\/wp\/v2\/media\/5125"}],"wp:attachment":[{"href":"https:\/\/medvegjasot.com\/index.php?rest_route=%2Fwp%2Fv2%2Fmedia&parent=5124"}],"wp:term":[{"taxonomy":"category","embeddable":true,"href":"https:\/\/medvegjasot.com\/index.php?rest_route=%2Fwp%2Fv2%2Fcategories&post=5124"},{"taxonomy":"post_tag","embeddable":true,"href":"https:\/\/medvegjasot.com\/index.php?rest_route=%2Fwp%2Fv2%2Ftags&post=5124"}],"curies":[{"name":"wp","href":"https:\/\/api.w.org\/{rel}","templated":true}]}}