{"id":5082,"date":"2025-06-28T11:23:16","date_gmt":"2025-06-28T11:23:16","guid":{"rendered":"https:\/\/medvegjasot.com\/?p=5082"},"modified":"2025-08-24T05:48:20","modified_gmt":"2025-08-24T05:48:20","slug":"manifestimi-i-28-me-radhe-i-organizuar-nga-shoqata-humanitare-medvegja-bashkon-gjithe-shqiptaret-ne-qytetin-fully-ne-zvicer","status":"publish","type":"post","link":"https:\/\/medvegjasot.com\/?p=5082","title":{"rendered":"MANIFESTIMI I 28-t\u00eb I SHOQAT\u00cbS HUMANITARE MEDVEGJA BASHKOI SHQIPTAR\u00cbT N\u00cb FULLY T\u00cb ZVICR\u00cbS"},"content":{"rendered":"\n<p>M\u00eb 22 dhe 23 qershor 2025, n\u00eb kantonin piktoresk t\u00eb Valais, mes Alpeve zvicerane, qyteti Fully u b\u00eb vat\u00ebr e kultur\u00ebs shqiptare. Shoqata Humanitare Medvegja (ShHMZ) organizoi p\u00ebr t\u00eb 28-tin vit me radh\u00eb manifestimin tradicional dyditor kulturoro-sportiv, i cili mblodhi bashk\u00eb shqiptar\u00eb nga trojet dhe m\u00ebrgata, duke d\u00ebshmuar fuqin\u00eb e unitetit dhe trash\u00ebgimis\u00eb son\u00eb komb\u00ebtare.<br><strong><br><br><\/strong><\/p>\n\n\n\n<figure class=\"wp-block-embed is-type-video is-provider-youtube wp-block-embed-youtube wp-embed-aspect-16-9 wp-has-aspect-ratio\"><div class=\"wp-block-embed__wrapper\">\n<iframe  id=\"_ytid_72201\"  width=\"640\" height=\"360\"  data-origwidth=\"640\" data-origheight=\"360\" src=\"https:\/\/www.youtube.com\/embed\/Esi5-D6pXbk?enablejsapi=1&#038;autoplay=0&#038;cc_load_policy=0&#038;cc_lang_pref=&#038;iv_load_policy=1&#038;loop=0&#038;rel=1&#038;fs=1&#038;playsinline=0&#038;autohide=2&#038;theme=dark&#038;color=red&#038;controls=1&#038;\" class=\"__youtube_prefs__  epyt-is-override  no-lazyload\" title=\"YouTube player\"  allow=\"fullscreen; accelerometer; autoplay; clipboard-write; encrypted-media; gyroscope; picture-in-picture; web-share\" referrerpolicy=\"strict-origin-when-cross-origin\" allowfullscreen data-no-lazy=\"1\" data-skipgform_ajax_framebjll=\"\"><\/iframe>\n<\/div><\/figure>\n\n\n\n<p>Ashtu si \u00e7do vit, edhe k\u00ebt\u00eb her\u00eb SH.K.A \u201cMedvegja\u201d, n\u00ebn drejtimin e Sylejman Musliut dhe q\u00eb vepron n\u00eb kuad\u00ebr t\u00eb Shoqat\u00ebs Humanitare Medvegja, solli nj\u00eb program artistik t\u00eb pasur me k\u00ebng\u00eb, valle dhe recitale t\u00eb p\u00ebrgatitura posa\u00e7\u00ebrisht p\u00ebr k\u00ebt\u00eb rast. Paraqitja e tyre u prit me duartrokitje dhe emocion nga publiku i shumt\u00eb q\u00eb kishte mbushur sall\u00ebn.<\/p>\n\n\n\n<p>Atmosfera festive u pasurua m\u00eb tej me k\u00ebng\u00ebt e solistes Iliriana, si dhe t\u00eb k\u00ebng\u00ebtar\u00ebve Ardi dhe Bardhi, t\u00eb cil\u00ebt ndez\u00ebn sken\u00ebn me interpretimet e tyre dhe krijuan nj\u00eb mbr\u00ebmje t\u00eb paharrueshme p\u00ebr t\u00eb gjith\u00eb t\u00eb pranishmit.<br><\/p>\n\n\n\n<figure class=\"wp-block-embed is-type-video is-provider-youtube wp-block-embed-youtube wp-embed-aspect-16-9 wp-has-aspect-ratio\"><div class=\"wp-block-embed__wrapper\">\n<iframe  id=\"_ytid_87220\"  width=\"640\" height=\"360\"  data-origwidth=\"640\" data-origheight=\"360\" src=\"https:\/\/www.youtube.com\/embed\/rie4fDcwVYw?enablejsapi=1&#038;autoplay=0&#038;cc_load_policy=0&#038;cc_lang_pref=&#038;iv_load_policy=1&#038;loop=0&#038;rel=1&#038;fs=1&#038;playsinline=0&#038;autohide=2&#038;theme=dark&#038;color=red&#038;controls=1&#038;\" class=\"__youtube_prefs__  epyt-is-override  no-lazyload\" title=\"YouTube player\"  allow=\"fullscreen; accelerometer; autoplay; clipboard-write; encrypted-media; gyroscope; picture-in-picture; web-share\" referrerpolicy=\"strict-origin-when-cross-origin\" allowfullscreen data-no-lazy=\"1\" data-skipgform_ajax_framebjll=\"\"><\/iframe>\n<\/div><\/figure>\n\n\n\n<p>Ky manifestim, i cili tashm\u00eb \u00ebsht\u00eb b\u00ebr\u00eb tradit\u00eb e pandashme e jet\u00ebs kulturore t\u00eb m\u00ebrgat\u00ebs shqiptare n\u00eb Zvic\u00ebr, vazhdon t\u00eb jet\u00eb jo vet\u00ebm fest\u00eb e artit dhe muzik\u00ebs, por edhe nj\u00eb simbol i ruajtjes s\u00eb identitetit komb\u00ebtar, i solidaritetit dhe i kujdesit p\u00ebr nj\u00ebri-tjetrin.<\/p>\n\n\n\n<p>Shoqata Humanitare Medvegja, p\u00ebrmes k\u00ebtij aktiviteti t\u00eb p\u00ebrvitsh\u00ebm, d\u00ebshmon se m\u00ebrgata shqiptare n\u00eb Zvic\u00ebr \u00ebsht\u00eb nj\u00eb shtyll\u00eb e fort\u00eb e ruajtjes s\u00eb gjuh\u00ebs, kultur\u00ebs dhe tradit\u00ebs son\u00eb, duke e p\u00ebrcjell\u00eb at\u00eb me krenari brez pas brezi.<\/p>\n\n\n\n<p><em>Punim i shkruar nga shkrimtari i shum\u00eb veprave t\u00eb botuara, opinionist dhe autor i dy katalog\u00ebve mbi veshjen tradicionale t\u00eb Medvegj\u00ebs,<\/em>\u00a0\u00ebsht\u00eb edhe autor i librave\u00a0<strong>\u201cShqiptar\u00ebt e Medvegj\u00ebs n\u00ebp\u00ebr shekuj\u201d \u2013 v\u00ebllimi 1 dhe 2<em>, Rrahman Hyseni<\/em><\/strong><\/p>\n\n\n\n<p><\/p>\n","protected":false},"excerpt":{"rendered":"<p>M\u00eb 22 dhe 23 qershor 2025, n\u00eb kantonin piktoresk t\u00eb Valais, mes Alpeve zvicerane, qyteti Fully u b\u00eb vat\u00ebr e kultur\u00ebs shqiptare. Shoqata Humanitare Medvegja (ShHMZ) organizoi p\u00ebr t\u00eb 28-tin vit me radh\u00eb manifestimin tradicional dyditor kulturoro-sportiv, i cili mblodhi bashk\u00eb shqiptar\u00eb nga trojet dhe m\u00ebrgata, duke d\u00ebshmuar fuqin\u00eb e unitetit dhe trash\u00ebgimis\u00eb son\u00eb komb\u00ebtare&#8230;.<\/p>\n","protected":false},"author":2,"featured_media":5084,"comment_status":"open","ping_status":"open","sticky":false,"template":"","format":"standard","meta":{"_coblocks_attr":"","_coblocks_dimensions":"","_coblocks_responsive_height":"","_coblocks_accordion_ie_support":"","_monsterinsights_skip_tracking":false,"_monsterinsights_sitenote_active":false,"_monsterinsights_sitenote_note":"","_monsterinsights_sitenote_category":0,"footnotes":""},"categories":[17,18],"tags":[],"class_list":["post-5082","post","type-post","status-publish","format-standard","has-post-thumbnail","hentry","category-diaspora","category-kulture"],"yoast_head":"<!-- This site is optimized with the Yoast SEO plugin v27.5 - https:\/\/yoast.com\/product\/yoast-seo-wordpress\/ -->\n<title>MANIFESTIMI I 28-t\u00eb I SHOQAT\u00cbS HUMANITARE MEDVEGJA BASHKOI SHQIPTAR\u00cbT N\u00cb FULLY T\u00cb ZVICR\u00cbS - Medvegja Sot<\/title>\n<meta name=\"robots\" content=\"index, follow, max-snippet:-1, max-image-preview:large, max-video-preview:-1\" \/>\n<link rel=\"canonical\" href=\"https:\/\/medvegjasot.com\/?p=5082\" \/>\n<meta property=\"og:locale\" content=\"en_US\" \/>\n<meta property=\"og:type\" content=\"article\" \/>\n<meta property=\"og:title\" content=\"MANIFESTIMI I 28-t\u00eb I SHOQAT\u00cbS HUMANITARE MEDVEGJA BASHKOI SHQIPTAR\u00cbT N\u00cb FULLY T\u00cb ZVICR\u00cbS - Medvegja Sot\" \/>\n<meta property=\"og:description\" content=\"M\u00eb 22 dhe 23 qershor 2025, n\u00eb kantonin piktoresk t\u00eb Valais, mes Alpeve zvicerane, qyteti Fully u b\u00eb vat\u00ebr e kultur\u00ebs shqiptare. Shoqata Humanitare Medvegja (ShHMZ) organizoi p\u00ebr t\u00eb 28-tin vit me radh\u00eb manifestimin tradicional dyditor kulturoro-sportiv, i cili mblodhi bashk\u00eb shqiptar\u00eb nga trojet dhe m\u00ebrgata, duke d\u00ebshmuar fuqin\u00eb e unitetit dhe trash\u00ebgimis\u00eb son\u00eb komb\u00ebtare....\" \/>\n<meta property=\"og:url\" content=\"https:\/\/medvegjasot.com\/?p=5082\" \/>\n<meta property=\"og:site_name\" content=\"Medvegja Sot\" \/>\n<meta property=\"article:publisher\" content=\"https:\/\/www.facebook.com\/MedvegjaSot.com1\" \/>\n<meta property=\"article:published_time\" content=\"2025-06-28T11:23:16+00:00\" \/>\n<meta property=\"article:modified_time\" content=\"2025-08-24T05:48:20+00:00\" \/>\n<meta property=\"og:image\" content=\"https:\/\/medvegjasot.com\/wp-content\/uploads\/2025\/06\/photo-output-10-scaled.jpeg\" \/>\n\t<meta property=\"og:image:width\" content=\"2560\" \/>\n\t<meta property=\"og:image:height\" content=\"1440\" \/>\n\t<meta property=\"og:image:type\" content=\"image\/jpeg\" \/>\n<meta name=\"author\" content=\"admin\" \/>\n<meta name=\"twitter:card\" content=\"summary_large_image\" \/>\n<meta name=\"twitter:label1\" content=\"Written by\" \/>\n\t<meta name=\"twitter:data1\" content=\"admin\" \/>\n\t<meta name=\"twitter:label2\" content=\"Est. reading time\" \/>\n\t<meta name=\"twitter:data2\" content=\"2 minutes\" \/>\n<script type=\"application\/ld+json\" class=\"yoast-schema-graph\">{\"@context\":\"https:\\\/\\\/schema.org\",\"@graph\":[{\"@type\":\"Article\",\"@id\":\"https:\\\/\\\/medvegjasot.com\\\/?p=5082#article\",\"isPartOf\":{\"@id\":\"https:\\\/\\\/medvegjasot.com\\\/?p=5082\"},\"author\":{\"name\":\"admin\",\"@id\":\"https:\\\/\\\/medvegjasot.com\\\/#\\\/schema\\\/person\\\/f2be1a84f4e95d0cb032946a1cf2e594\"},\"headline\":\"MANIFESTIMI I 28-t\u00eb I SHOQAT\u00cbS HUMANITARE MEDVEGJA BASHKOI SHQIPTAR\u00cbT N\u00cb FULLY T\u00cb ZVICR\u00cbS\",\"datePublished\":\"2025-06-28T11:23:16+00:00\",\"dateModified\":\"2025-08-24T05:48:20+00:00\",\"mainEntityOfPage\":{\"@id\":\"https:\\\/\\\/medvegjasot.com\\\/?p=5082\"},\"wordCount\":352,\"commentCount\":0,\"publisher\":{\"@id\":\"https:\\\/\\\/medvegjasot.com\\\/#organization\"},\"image\":{\"@id\":\"https:\\\/\\\/medvegjasot.com\\\/?p=5082#primaryimage\"},\"thumbnailUrl\":\"https:\\\/\\\/medvegjasot.com\\\/wp-content\\\/uploads\\\/2025\\\/06\\\/photo-output-10-scaled.jpeg\",\"articleSection\":[\"DIASPORA\",\"KULTUR\u00cb\"],\"inLanguage\":\"en-US\",\"potentialAction\":[{\"@type\":\"CommentAction\",\"name\":\"Comment\",\"target\":[\"https:\\\/\\\/medvegjasot.com\\\/?p=5082#respond\"]}]},{\"@type\":\"WebPage\",\"@id\":\"https:\\\/\\\/medvegjasot.com\\\/?p=5082\",\"url\":\"https:\\\/\\\/medvegjasot.com\\\/?p=5082\",\"name\":\"MANIFESTIMI I 28-t\u00eb I SHOQAT\u00cbS HUMANITARE MEDVEGJA BASHKOI SHQIPTAR\u00cbT N\u00cb FULLY T\u00cb ZVICR\u00cbS - Medvegja Sot\",\"isPartOf\":{\"@id\":\"https:\\\/\\\/medvegjasot.com\\\/#website\"},\"primaryImageOfPage\":{\"@id\":\"https:\\\/\\\/medvegjasot.com\\\/?p=5082#primaryimage\"},\"image\":{\"@id\":\"https:\\\/\\\/medvegjasot.com\\\/?p=5082#primaryimage\"},\"thumbnailUrl\":\"https:\\\/\\\/medvegjasot.com\\\/wp-content\\\/uploads\\\/2025\\\/06\\\/photo-output-10-scaled.jpeg\",\"datePublished\":\"2025-06-28T11:23:16+00:00\",\"dateModified\":\"2025-08-24T05:48:20+00:00\",\"breadcrumb\":{\"@id\":\"https:\\\/\\\/medvegjasot.com\\\/?p=5082#breadcrumb\"},\"inLanguage\":\"en-US\",\"potentialAction\":[{\"@type\":\"ReadAction\",\"target\":[\"https:\\\/\\\/medvegjasot.com\\\/?p=5082\"]}]},{\"@type\":\"ImageObject\",\"inLanguage\":\"en-US\",\"@id\":\"https:\\\/\\\/medvegjasot.com\\\/?p=5082#primaryimage\",\"url\":\"https:\\\/\\\/medvegjasot.com\\\/wp-content\\\/uploads\\\/2025\\\/06\\\/photo-output-10-scaled.jpeg\",\"contentUrl\":\"https:\\\/\\\/medvegjasot.com\\\/wp-content\\\/uploads\\\/2025\\\/06\\\/photo-output-10-scaled.jpeg\",\"width\":2560,\"height\":1440},{\"@type\":\"BreadcrumbList\",\"@id\":\"https:\\\/\\\/medvegjasot.com\\\/?p=5082#breadcrumb\",\"itemListElement\":[{\"@type\":\"ListItem\",\"position\":1,\"name\":\"Home\",\"item\":\"https:\\\/\\\/medvegjasot.com\\\/\"},{\"@type\":\"ListItem\",\"position\":2,\"name\":\"MANIFESTIMI I 28-t\u00eb I SHOQAT\u00cbS HUMANITARE MEDVEGJA BASHKOI SHQIPTAR\u00cbT N\u00cb FULLY T\u00cb ZVICR\u00cbS\"}]},{\"@type\":\"WebSite\",\"@id\":\"https:\\\/\\\/medvegjasot.com\\\/#website\",\"url\":\"https:\\\/\\\/medvegjasot.com\\\/\",\"name\":\"Medvegja Sot\",\"description\":\"Portal Lajmesh\",\"publisher\":{\"@id\":\"https:\\\/\\\/medvegjasot.com\\\/#organization\"},\"alternateName\":\"MS\",\"potentialAction\":[{\"@type\":\"SearchAction\",\"target\":{\"@type\":\"EntryPoint\",\"urlTemplate\":\"https:\\\/\\\/medvegjasot.com\\\/?s={search_term_string}\"},\"query-input\":{\"@type\":\"PropertyValueSpecification\",\"valueRequired\":true,\"valueName\":\"search_term_string\"}}],\"inLanguage\":\"en-US\"},{\"@type\":\"Organization\",\"@id\":\"https:\\\/\\\/medvegjasot.com\\\/#organization\",\"name\":\"Medvegja Sot\",\"alternateName\":\"MS\",\"url\":\"https:\\\/\\\/medvegjasot.com\\\/\",\"logo\":{\"@type\":\"ImageObject\",\"inLanguage\":\"en-US\",\"@id\":\"https:\\\/\\\/medvegjasot.com\\\/#\\\/schema\\\/logo\\\/image\\\/\",\"url\":\"https:\\\/\\\/medvegjasot.com\\\/wp-content\\\/uploads\\\/2024\\\/08\\\/logo.png\",\"contentUrl\":\"https:\\\/\\\/medvegjasot.com\\\/wp-content\\\/uploads\\\/2024\\\/08\\\/logo.png\",\"width\":500,\"height\":500,\"caption\":\"Medvegja Sot\"},\"image\":{\"@id\":\"https:\\\/\\\/medvegjasot.com\\\/#\\\/schema\\\/logo\\\/image\\\/\"},\"sameAs\":[\"https:\\\/\\\/www.facebook.com\\\/MedvegjaSot.com1\"]},{\"@type\":\"Person\",\"@id\":\"https:\\\/\\\/medvegjasot.com\\\/#\\\/schema\\\/person\\\/f2be1a84f4e95d0cb032946a1cf2e594\",\"name\":\"admin\",\"image\":{\"@type\":\"ImageObject\",\"inLanguage\":\"en-US\",\"@id\":\"https:\\\/\\\/secure.gravatar.com\\\/avatar\\\/2eedc5259426225ddc6f98b4b6728c30418b83e6f70285719780d3518d972ece?s=96&d=mm&r=g\",\"url\":\"https:\\\/\\\/secure.gravatar.com\\\/avatar\\\/2eedc5259426225ddc6f98b4b6728c30418b83e6f70285719780d3518d972ece?s=96&d=mm&r=g\",\"contentUrl\":\"https:\\\/\\\/secure.gravatar.com\\\/avatar\\\/2eedc5259426225ddc6f98b4b6728c30418b83e6f70285719780d3518d972ece?s=96&d=mm&r=g\",\"caption\":\"admin\"},\"url\":\"https:\\\/\\\/medvegjasot.com\\\/?author=2\"}]}<\/script>\n<!-- \/ Yoast SEO plugin. -->","yoast_head_json":{"title":"MANIFESTIMI I 28-t\u00eb I SHOQAT\u00cbS HUMANITARE MEDVEGJA BASHKOI SHQIPTAR\u00cbT N\u00cb FULLY T\u00cb ZVICR\u00cbS - Medvegja Sot","robots":{"index":"index","follow":"follow","max-snippet":"max-snippet:-1","max-image-preview":"max-image-preview:large","max-video-preview":"max-video-preview:-1"},"canonical":"https:\/\/medvegjasot.com\/?p=5082","og_locale":"en_US","og_type":"article","og_title":"MANIFESTIMI I 28-t\u00eb I SHOQAT\u00cbS HUMANITARE MEDVEGJA BASHKOI SHQIPTAR\u00cbT N\u00cb FULLY T\u00cb ZVICR\u00cbS - Medvegja Sot","og_description":"M\u00eb 22 dhe 23 qershor 2025, n\u00eb kantonin piktoresk t\u00eb Valais, mes Alpeve zvicerane, qyteti Fully u b\u00eb vat\u00ebr e kultur\u00ebs shqiptare. Shoqata Humanitare Medvegja (ShHMZ) organizoi p\u00ebr t\u00eb 28-tin vit me radh\u00eb manifestimin tradicional dyditor kulturoro-sportiv, i cili mblodhi bashk\u00eb shqiptar\u00eb nga trojet dhe m\u00ebrgata, duke d\u00ebshmuar fuqin\u00eb e unitetit dhe trash\u00ebgimis\u00eb son\u00eb komb\u00ebtare....","og_url":"https:\/\/medvegjasot.com\/?p=5082","og_site_name":"Medvegja Sot","article_publisher":"https:\/\/www.facebook.com\/MedvegjaSot.com1","article_published_time":"2025-06-28T11:23:16+00:00","article_modified_time":"2025-08-24T05:48:20+00:00","og_image":[{"width":2560,"height":1440,"url":"https:\/\/medvegjasot.com\/wp-content\/uploads\/2025\/06\/photo-output-10-scaled.jpeg","type":"image\/jpeg"}],"author":"admin","twitter_card":"summary_large_image","twitter_misc":{"Written by":"admin","Est. reading time":"2 minutes"},"schema":{"@context":"https:\/\/schema.org","@graph":[{"@type":"Article","@id":"https:\/\/medvegjasot.com\/?p=5082#article","isPartOf":{"@id":"https:\/\/medvegjasot.com\/?p=5082"},"author":{"name":"admin","@id":"https:\/\/medvegjasot.com\/#\/schema\/person\/f2be1a84f4e95d0cb032946a1cf2e594"},"headline":"MANIFESTIMI I 28-t\u00eb I SHOQAT\u00cbS HUMANITARE MEDVEGJA BASHKOI SHQIPTAR\u00cbT N\u00cb FULLY T\u00cb ZVICR\u00cbS","datePublished":"2025-06-28T11:23:16+00:00","dateModified":"2025-08-24T05:48:20+00:00","mainEntityOfPage":{"@id":"https:\/\/medvegjasot.com\/?p=5082"},"wordCount":352,"commentCount":0,"publisher":{"@id":"https:\/\/medvegjasot.com\/#organization"},"image":{"@id":"https:\/\/medvegjasot.com\/?p=5082#primaryimage"},"thumbnailUrl":"https:\/\/medvegjasot.com\/wp-content\/uploads\/2025\/06\/photo-output-10-scaled.jpeg","articleSection":["DIASPORA","KULTUR\u00cb"],"inLanguage":"en-US","potentialAction":[{"@type":"CommentAction","name":"Comment","target":["https:\/\/medvegjasot.com\/?p=5082#respond"]}]},{"@type":"WebPage","@id":"https:\/\/medvegjasot.com\/?p=5082","url":"https:\/\/medvegjasot.com\/?p=5082","name":"MANIFESTIMI I 28-t\u00eb I SHOQAT\u00cbS HUMANITARE MEDVEGJA BASHKOI SHQIPTAR\u00cbT N\u00cb FULLY T\u00cb ZVICR\u00cbS - Medvegja Sot","isPartOf":{"@id":"https:\/\/medvegjasot.com\/#website"},"primaryImageOfPage":{"@id":"https:\/\/medvegjasot.com\/?p=5082#primaryimage"},"image":{"@id":"https:\/\/medvegjasot.com\/?p=5082#primaryimage"},"thumbnailUrl":"https:\/\/medvegjasot.com\/wp-content\/uploads\/2025\/06\/photo-output-10-scaled.jpeg","datePublished":"2025-06-28T11:23:16+00:00","dateModified":"2025-08-24T05:48:20+00:00","breadcrumb":{"@id":"https:\/\/medvegjasot.com\/?p=5082#breadcrumb"},"inLanguage":"en-US","potentialAction":[{"@type":"ReadAction","target":["https:\/\/medvegjasot.com\/?p=5082"]}]},{"@type":"ImageObject","inLanguage":"en-US","@id":"https:\/\/medvegjasot.com\/?p=5082#primaryimage","url":"https:\/\/medvegjasot.com\/wp-content\/uploads\/2025\/06\/photo-output-10-scaled.jpeg","contentUrl":"https:\/\/medvegjasot.com\/wp-content\/uploads\/2025\/06\/photo-output-10-scaled.jpeg","width":2560,"height":1440},{"@type":"BreadcrumbList","@id":"https:\/\/medvegjasot.com\/?p=5082#breadcrumb","itemListElement":[{"@type":"ListItem","position":1,"name":"Home","item":"https:\/\/medvegjasot.com\/"},{"@type":"ListItem","position":2,"name":"MANIFESTIMI I 28-t\u00eb I SHOQAT\u00cbS HUMANITARE MEDVEGJA BASHKOI SHQIPTAR\u00cbT N\u00cb FULLY T\u00cb ZVICR\u00cbS"}]},{"@type":"WebSite","@id":"https:\/\/medvegjasot.com\/#website","url":"https:\/\/medvegjasot.com\/","name":"Medvegja Sot","description":"Portal Lajmesh","publisher":{"@id":"https:\/\/medvegjasot.com\/#organization"},"alternateName":"MS","potentialAction":[{"@type":"SearchAction","target":{"@type":"EntryPoint","urlTemplate":"https:\/\/medvegjasot.com\/?s={search_term_string}"},"query-input":{"@type":"PropertyValueSpecification","valueRequired":true,"valueName":"search_term_string"}}],"inLanguage":"en-US"},{"@type":"Organization","@id":"https:\/\/medvegjasot.com\/#organization","name":"Medvegja Sot","alternateName":"MS","url":"https:\/\/medvegjasot.com\/","logo":{"@type":"ImageObject","inLanguage":"en-US","@id":"https:\/\/medvegjasot.com\/#\/schema\/logo\/image\/","url":"https:\/\/medvegjasot.com\/wp-content\/uploads\/2024\/08\/logo.png","contentUrl":"https:\/\/medvegjasot.com\/wp-content\/uploads\/2024\/08\/logo.png","width":500,"height":500,"caption":"Medvegja Sot"},"image":{"@id":"https:\/\/medvegjasot.com\/#\/schema\/logo\/image\/"},"sameAs":["https:\/\/www.facebook.com\/MedvegjaSot.com1"]},{"@type":"Person","@id":"https:\/\/medvegjasot.com\/#\/schema\/person\/f2be1a84f4e95d0cb032946a1cf2e594","name":"admin","image":{"@type":"ImageObject","inLanguage":"en-US","@id":"https:\/\/secure.gravatar.com\/avatar\/2eedc5259426225ddc6f98b4b6728c30418b83e6f70285719780d3518d972ece?s=96&d=mm&r=g","url":"https:\/\/secure.gravatar.com\/avatar\/2eedc5259426225ddc6f98b4b6728c30418b83e6f70285719780d3518d972ece?s=96&d=mm&r=g","contentUrl":"https:\/\/secure.gravatar.com\/avatar\/2eedc5259426225ddc6f98b4b6728c30418b83e6f70285719780d3518d972ece?s=96&d=mm&r=g","caption":"admin"},"url":"https:\/\/medvegjasot.com\/?author=2"}]}},"jetpack_featured_media_url":"https:\/\/medvegjasot.com\/wp-content\/uploads\/2025\/06\/photo-output-10-scaled.jpeg","_links":{"self":[{"href":"https:\/\/medvegjasot.com\/index.php?rest_route=\/wp\/v2\/posts\/5082","targetHints":{"allow":["GET"]}}],"collection":[{"href":"https:\/\/medvegjasot.com\/index.php?rest_route=\/wp\/v2\/posts"}],"about":[{"href":"https:\/\/medvegjasot.com\/index.php?rest_route=\/wp\/v2\/types\/post"}],"author":[{"embeddable":true,"href":"https:\/\/medvegjasot.com\/index.php?rest_route=\/wp\/v2\/users\/2"}],"replies":[{"embeddable":true,"href":"https:\/\/medvegjasot.com\/index.php?rest_route=%2Fwp%2Fv2%2Fcomments&post=5082"}],"version-history":[{"count":4,"href":"https:\/\/medvegjasot.com\/index.php?rest_route=\/wp\/v2\/posts\/5082\/revisions"}],"predecessor-version":[{"id":5300,"href":"https:\/\/medvegjasot.com\/index.php?rest_route=\/wp\/v2\/posts\/5082\/revisions\/5300"}],"wp:featuredmedia":[{"embeddable":true,"href":"https:\/\/medvegjasot.com\/index.php?rest_route=\/wp\/v2\/media\/5084"}],"wp:attachment":[{"href":"https:\/\/medvegjasot.com\/index.php?rest_route=%2Fwp%2Fv2%2Fmedia&parent=5082"}],"wp:term":[{"taxonomy":"category","embeddable":true,"href":"https:\/\/medvegjasot.com\/index.php?rest_route=%2Fwp%2Fv2%2Fcategories&post=5082"},{"taxonomy":"post_tag","embeddable":true,"href":"https:\/\/medvegjasot.com\/index.php?rest_route=%2Fwp%2Fv2%2Ftags&post=5082"}],"curies":[{"name":"wp","href":"https:\/\/api.w.org\/{rel}","templated":true}]}}