{"id":5078,"date":"2025-06-26T16:51:33","date_gmt":"2025-06-26T16:51:33","guid":{"rendered":"https:\/\/medvegjasot.com\/?p=5078"},"modified":"2025-06-28T14:48:57","modified_gmt":"2025-06-28T14:48:57","slug":"idriz-ajeti-shqiperia-jone-toka-jone-eshte-deri-ne-nish","status":"publish","type":"post","link":"https:\/\/medvegjasot.com\/?p=5078","title":{"rendered":"Idriz Ajeti: Shqip\u00ebria jon\u00eb, toka jon\u00eb \u00ebsht\u00eb deri n\u00eb Nish!"},"content":{"rendered":"\n<p><strong>Intelektuali Idriz Ajeti u nda nga jeta pes\u00eb vite m\u00eb par\u00eb, m\u00eb 13 shkurt 2019. Karriera e tij ishte e gjat\u00eb, ai dha kontribut t\u00eb madh n\u00eb fush\u00ebn e albanologjis\u00eb, shkruan MEDVEGJASOT.com.<\/strong><\/p>\n\n\n\n<p><em>MEDVEGJASOT.com po ju sjell sot k\u00ebt\u00eb cop\u00ebz t\u00eb Ajetit sa ishte gjall\u00eb.<\/em><\/p>\n\n\n\n<p><strong>Shqip\u00ebri quhet toka deri n\u00eb Nish.<\/strong><\/p>\n\n\n\n<p>K\u00ebshtu shprehet veprimtari i shquar dhe ambasador i gjuh\u00ebs shqipe, akademiku shqiptar nga Medvegja prof.dr.Idriz Ajeti n\u00eb nj\u00eb intervist\u00eb p\u00ebr agjencin\u00eb e lajmeve \u00ab Presheva jon\u00eb \u00bb. N\u00eb nj\u00eb intervist\u00eb, Ajeti thot\u00eb se \u00abPas prishjes s\u00eb Jugosllavis\u00eb s\u00eb at\u00ebhershme n\u00eb vitin 1941 Kosova, bashk\u00eb me Lugin\u00ebn e Preshev\u00ebs i takoi Shqip\u00ebris\u00eb, gj\u00eb krejt normale sepse zonat i lidhte jo vet\u00ebm, historia, gjuha dhe flamuri por edhe doket, traditat, kultura\u2026\u201d<\/p>\n\n\n\n<p>\u201cMesazhi im do t\u00eb ishte q\u00eb mund\u00ebsisht popullsia, sidomos rinia jon\u00eb t\u00eb mos l\u00ebvizin nga trojet e tyre etnike. N\u00eb k\u00ebt\u00eb drejtim mund t\u00eb kontribuojn\u00eb me shum\u00eb edhe partit\u00eb politike dhe intelektual\u00ebt n\u00eb Medvegj\u00eb dhe n\u00eb mbar\u00eb Lugin\u00ebn e Preshev\u00ebs. P\u00ebr t\u00eb penguar ket\u00eb eksod edhe komunat mund t\u00eb b\u00ebjn\u00eb m\u00eb shum\u00eb p\u00ebr t\u2019ju siguruar pun\u00eb, perspektiv\u00eb. Ndryshe Lugina e Preshev\u00ebs nuk mund t\u00eb quhet Kosov\u00eb Lindore pa shqiptar\u00eb. Rinia mund t\u00eb l\u00ebviz\u00eb p\u00ebr t\u00eb k\u00ebrkuar pun\u00eb apo studiuar, por kurrsesi t\u2019i kthjen\u00eb shpin\u00ebn p\u00ebrgjithmon\u00eb vendlidjes dhe t\u00eb mos e harroj\u00eb at\u00eb, t\u00eb kthehen aty ku kan\u00eb lindur ata dhe t\u00eb par\u00ebt e tyre. Ne dhe askund nuk ka t\u00eb drejt\u00eb apo mund ta detyroj\u00eb dik\u00eb t\u00eb mos l\u00ebvizin nga vendi kur ai \u00ebsht\u00eb i k\u00ebrc\u00ebnuar apo ushtrohet dhun\u00eb seri mbi ta, sepse ne bile sot q\u00eb jemi n\u00eb Kosov\u00eb e dim\u00eb mire se Serbia t\u00eb vetmen arm\u00eb, p\u00ebr spastrimin etnike e p\u00ebrdor mjetet e dhun\u00ebs, provokimet dhe diskriminimin t\u00eb cilat do t\u00eb nxisnin shp\u00ebrnguljet e imponuara sepse askush sot nuk ka d\u00ebshir\u00eb ta l\u00ebshoj\u00eb vendlidjen pa pasur ndonj\u00eb hall t\u00eb madh.<\/p>\n\n\n\n\n\n<p><strong>Shqip\u00ebria jon\u00eb, toka jon\u00eb \u00ebsht\u00eb deri n\u00eb Nish\u2026.<\/strong><\/p>\n\n\n\n<p>Akademiku Ajeti fillimisht ka pohuar se \u00abLugina e Preshev\u00ebs pa shqiptar\u00eb nuk mund t\u00eb quhet Kosov\u00eb Lindore. Ju, a nuk po e shihni se Serbia p\u00ebr 2 dhe 3 kisha n\u00eb Kosov\u00eb, madje edhe pas kapitullimit ende vazhdon ta quaj\u00eb Kosov\u00ebn, Serbi?! Q\u00ebllimet e Serbis\u00eb n\u00eb Lugin\u00ebn e Preshev\u00ebs po i realizon me sukses. P\u00ebr Medvegj\u00ebn do t\u00eb thoja se situata atje \u00ebsht\u00eb e mjerueshme. Sa i p\u00ebrket perspektiv\u00ebs s\u00eb shqiptar\u00ebve n\u00eb at\u00eb komun\u00eb, ku dikur ishte e populluar me shumic\u00eb shqiptare, nd\u00ebrsa sot aty dominojn\u00eb serb\u00ebt dhe jan\u00eb b\u00ebr\u00eb artificialisht shumic\u00eb. N\u00eb Medvegj\u00eb sot mjerisht mbi 80 p\u00ebr qind shqiptar\u00ebve e kan\u00eb l\u00ebshuar vendlindjen p\u00ebr shkaqe tashm\u00eb t\u00eb njohura, por pjesa d\u00ebrrmuese nga dhuna, represioni e kush tjet\u00ebr nga mos perspektiva, ku Serbia po ju p\u00ebrgatit terrenin duke ju imponuar largimin nga trevat e tyre. K\u00ebtu kisha pasur d\u00ebshir\u00eb t\u00eb p\u00ebrkujtoj se, qysh nga koha e luft\u00ebs 1941-\u201845, ashtu edhe n\u00eb koh\u00ebn e sundimit t\u00eb Miloshevicit, shqiptar\u00ebt e komun\u00ebs s\u00eb Medvegj\u00ebs, nga m\u00eb pak se dhjet\u00eb katunde, zun\u00eb, her\u00eb m\u00eb pak e her\u00eb m\u00eb shum\u00eb, t\u00eb l\u00ebvizin, t\u00eb luajn\u00eb nga vendi st\u00ebrgjyshor pos n\u00eb Kosov\u00eb sot edhe n\u00eb drejtime t\u00eb ndryshme. Fundja edhe shqiptar\u00ebt, sikur t\u00eb mos jen\u00eb t\u00eb diskriminuar apo sikur t\u2019i kishin kushtet sikur serb\u00ebt n\u00eb Medvegj\u00eb apo Nish sigurisht nuk do ta braktisnin vendin e tyre\u2026 Shqip\u00ebria jon\u00eb, toka jon\u00eb \u00ebsht\u00eb deri n\u00eb Nish. K\u00ebt\u00eb e kan\u00eb th\u00ebn\u00eb dhe vet intelektual\u00ebt, historian\u00ebt serb se ne jemi autokton, kurse serb\u00ebt ardhacak\u00eb..\u00bb<\/p>\n\n\n\n<p>Akademiku Idriz Ajeti \u00ebsht\u00eb lindur n\u00eb Topal\u00eb t\u00eb Medvegj\u00ebs s\u00eb Kosov\u00ebs Lindore. Shkoll\u00ebn fillore e ka mbaruar n\u00eb Banj\u00ebn e Sijarin\u00ebs m\u00eb 1930, nd\u00ebrsa at\u00eb mesme n\u00eb Shkup m\u00eb 1938, kur n\u00eb at\u00eb koh\u00eb Serbia d\u00ebbonte shqiptar\u00ebt nga trojet e tyre etnike n\u00eb drejtim t\u00eb Kosov\u00ebs apo Shqip\u00ebris\u00eb, por nj\u00eb pjes\u00ebs e madhe nga ky presion detyrohej t\u00eb shp\u00ebngulen n\u00eb Turqi. Akademiku Idriz Ajeti \u00ebsht\u00eb dhe mbetet nd\u00ebr emrat m\u00eb t\u00eb njohur n\u00eb fush\u00ebn e linguistik\u00ebs dhe ambasador i kultur\u00ebs shqiptare. Ai ka marr\u00eb disa cmime mir\u00ebnjohje. N\u00eb vitin 1958 ka mbrojtur disertacionin e doktorat\u00ebs me tem\u00ebn: \u201cZhvillimi historik i form\u00ebs gege t\u00eb shqiptar\u00ebve t\u00eb Zar\u00ebs s\u00eb Dalmacis\u00eb\u201d Gjat\u00eb vitit 1969-1971 ishte drejtor i Institutit Albanologjik, m\u00eb 1971-73 ishte dekan i Fakultetit Filozofik, n\u00eb vitet 1973-75 rektor i Universitetit t\u00eb Prishtin\u00ebs. N\u00eb vitet 1979-1981 dhe 1996-1999 ishte kryetar i Akademis\u00eb s\u00eb Shkencave dhe t\u00eb Arteve t\u00eb Kosov\u00ebs.\/MEDVEGJASOT.com<\/p>\n","protected":false},"excerpt":{"rendered":"<p>Intelektuali Idriz Ajeti u nda nga jeta pes\u00eb vite m\u00eb par\u00eb, m\u00eb 13 shkurt 2019. Karriera e tij ishte e gjat\u00eb, ai dha kontribut t\u00eb madh n\u00eb fush\u00ebn e albanologjis\u00eb, shkruan MEDVEGJASOT.com. MEDVEGJASOT.com po ju sjell sot k\u00ebt\u00eb cop\u00ebz t\u00eb Ajetit sa ishte gjall\u00eb. Shqip\u00ebri quhet toka deri n\u00eb Nish. K\u00ebshtu shprehet veprimtari i shquar&#8230;<\/p>\n","protected":false},"author":2,"featured_media":5093,"comment_status":"open","ping_status":"open","sticky":false,"template":"","format":"standard","meta":{"_coblocks_attr":"","_coblocks_dimensions":"","_coblocks_responsive_height":"","_coblocks_accordion_ie_support":"","_monsterinsights_skip_tracking":false,"_monsterinsights_sitenote_active":false,"_monsterinsights_sitenote_note":"","_monsterinsights_sitenote_category":0,"footnotes":""},"categories":[3],"tags":[],"class_list":["post-5078","post","type-post","status-publish","format-standard","has-post-thumbnail","hentry","category-kronika"],"yoast_head":"<!-- This site is optimized with the Yoast SEO plugin v27.5 - https:\/\/yoast.com\/product\/yoast-seo-wordpress\/ -->\n<title>Idriz Ajeti: Shqip\u00ebria jon\u00eb, toka jon\u00eb \u00ebsht\u00eb deri n\u00eb Nish! - Medvegja Sot<\/title>\n<meta name=\"robots\" content=\"index, follow, max-snippet:-1, max-image-preview:large, max-video-preview:-1\" \/>\n<link rel=\"canonical\" href=\"https:\/\/medvegjasot.com\/?p=5078\" \/>\n<meta property=\"og:locale\" content=\"en_US\" \/>\n<meta property=\"og:type\" content=\"article\" \/>\n<meta property=\"og:title\" content=\"Idriz Ajeti: Shqip\u00ebria jon\u00eb, toka jon\u00eb \u00ebsht\u00eb deri n\u00eb Nish! - Medvegja Sot\" \/>\n<meta property=\"og:description\" content=\"Intelektuali Idriz Ajeti u nda nga jeta pes\u00eb vite m\u00eb par\u00eb, m\u00eb 13 shkurt 2019. Karriera e tij ishte e gjat\u00eb, ai dha kontribut t\u00eb madh n\u00eb fush\u00ebn e albanologjis\u00eb, shkruan MEDVEGJASOT.com. MEDVEGJASOT.com po ju sjell sot k\u00ebt\u00eb cop\u00ebz t\u00eb Ajetit sa ishte gjall\u00eb. Shqip\u00ebri quhet toka deri n\u00eb Nish. K\u00ebshtu shprehet veprimtari i shquar...\" \/>\n<meta property=\"og:url\" content=\"https:\/\/medvegjasot.com\/?p=5078\" \/>\n<meta property=\"og:site_name\" content=\"Medvegja Sot\" \/>\n<meta property=\"article:publisher\" content=\"https:\/\/www.facebook.com\/MedvegjaSot.com1\" \/>\n<meta property=\"article:published_time\" content=\"2025-06-26T16:51:33+00:00\" \/>\n<meta property=\"article:modified_time\" content=\"2025-06-28T14:48:57+00:00\" \/>\n<meta property=\"og:image\" content=\"https:\/\/medvegjasot.com\/wp-content\/uploads\/2025\/06\/IMG_9058-scaled.jpeg\" \/>\n\t<meta property=\"og:image:width\" content=\"2560\" \/>\n\t<meta property=\"og:image:height\" content=\"1440\" \/>\n\t<meta property=\"og:image:type\" content=\"image\/jpeg\" \/>\n<meta name=\"author\" content=\"admin\" \/>\n<meta name=\"twitter:card\" content=\"summary_large_image\" \/>\n<meta name=\"twitter:label1\" content=\"Written by\" \/>\n\t<meta name=\"twitter:data1\" content=\"admin\" \/>\n\t<meta name=\"twitter:label2\" content=\"Est. reading time\" \/>\n\t<meta name=\"twitter:data2\" content=\"4 minutes\" \/>\n<script type=\"application\/ld+json\" class=\"yoast-schema-graph\">{\"@context\":\"https:\\\/\\\/schema.org\",\"@graph\":[{\"@type\":\"Article\",\"@id\":\"https:\\\/\\\/medvegjasot.com\\\/?p=5078#article\",\"isPartOf\":{\"@id\":\"https:\\\/\\\/medvegjasot.com\\\/?p=5078\"},\"author\":{\"name\":\"admin\",\"@id\":\"https:\\\/\\\/medvegjasot.com\\\/#\\\/schema\\\/person\\\/f2be1a84f4e95d0cb032946a1cf2e594\"},\"headline\":\"Idriz Ajeti: Shqip\u00ebria jon\u00eb, toka jon\u00eb \u00ebsht\u00eb deri n\u00eb Nish!\",\"datePublished\":\"2025-06-26T16:51:33+00:00\",\"dateModified\":\"2025-06-28T14:48:57+00:00\",\"mainEntityOfPage\":{\"@id\":\"https:\\\/\\\/medvegjasot.com\\\/?p=5078\"},\"wordCount\":810,\"commentCount\":0,\"publisher\":{\"@id\":\"https:\\\/\\\/medvegjasot.com\\\/#organization\"},\"image\":{\"@id\":\"https:\\\/\\\/medvegjasot.com\\\/?p=5078#primaryimage\"},\"thumbnailUrl\":\"https:\\\/\\\/medvegjasot.com\\\/wp-content\\\/uploads\\\/2025\\\/06\\\/IMG_9058-scaled.jpeg\",\"articleSection\":[\"KRONIKA\"],\"inLanguage\":\"en-US\",\"potentialAction\":[{\"@type\":\"CommentAction\",\"name\":\"Comment\",\"target\":[\"https:\\\/\\\/medvegjasot.com\\\/?p=5078#respond\"]}]},{\"@type\":\"WebPage\",\"@id\":\"https:\\\/\\\/medvegjasot.com\\\/?p=5078\",\"url\":\"https:\\\/\\\/medvegjasot.com\\\/?p=5078\",\"name\":\"Idriz Ajeti: Shqip\u00ebria jon\u00eb, toka jon\u00eb \u00ebsht\u00eb deri n\u00eb Nish! - Medvegja Sot\",\"isPartOf\":{\"@id\":\"https:\\\/\\\/medvegjasot.com\\\/#website\"},\"primaryImageOfPage\":{\"@id\":\"https:\\\/\\\/medvegjasot.com\\\/?p=5078#primaryimage\"},\"image\":{\"@id\":\"https:\\\/\\\/medvegjasot.com\\\/?p=5078#primaryimage\"},\"thumbnailUrl\":\"https:\\\/\\\/medvegjasot.com\\\/wp-content\\\/uploads\\\/2025\\\/06\\\/IMG_9058-scaled.jpeg\",\"datePublished\":\"2025-06-26T16:51:33+00:00\",\"dateModified\":\"2025-06-28T14:48:57+00:00\",\"breadcrumb\":{\"@id\":\"https:\\\/\\\/medvegjasot.com\\\/?p=5078#breadcrumb\"},\"inLanguage\":\"en-US\",\"potentialAction\":[{\"@type\":\"ReadAction\",\"target\":[\"https:\\\/\\\/medvegjasot.com\\\/?p=5078\"]}]},{\"@type\":\"ImageObject\",\"inLanguage\":\"en-US\",\"@id\":\"https:\\\/\\\/medvegjasot.com\\\/?p=5078#primaryimage\",\"url\":\"https:\\\/\\\/medvegjasot.com\\\/wp-content\\\/uploads\\\/2025\\\/06\\\/IMG_9058-scaled.jpeg\",\"contentUrl\":\"https:\\\/\\\/medvegjasot.com\\\/wp-content\\\/uploads\\\/2025\\\/06\\\/IMG_9058-scaled.jpeg\",\"width\":2560,\"height\":1440},{\"@type\":\"BreadcrumbList\",\"@id\":\"https:\\\/\\\/medvegjasot.com\\\/?p=5078#breadcrumb\",\"itemListElement\":[{\"@type\":\"ListItem\",\"position\":1,\"name\":\"Home\",\"item\":\"https:\\\/\\\/medvegjasot.com\\\/\"},{\"@type\":\"ListItem\",\"position\":2,\"name\":\"Idriz Ajeti: Shqip\u00ebria jon\u00eb, toka jon\u00eb \u00ebsht\u00eb deri n\u00eb Nish!\"}]},{\"@type\":\"WebSite\",\"@id\":\"https:\\\/\\\/medvegjasot.com\\\/#website\",\"url\":\"https:\\\/\\\/medvegjasot.com\\\/\",\"name\":\"Medvegja Sot\",\"description\":\"Portal Lajmesh\",\"publisher\":{\"@id\":\"https:\\\/\\\/medvegjasot.com\\\/#organization\"},\"alternateName\":\"MS\",\"potentialAction\":[{\"@type\":\"SearchAction\",\"target\":{\"@type\":\"EntryPoint\",\"urlTemplate\":\"https:\\\/\\\/medvegjasot.com\\\/?s={search_term_string}\"},\"query-input\":{\"@type\":\"PropertyValueSpecification\",\"valueRequired\":true,\"valueName\":\"search_term_string\"}}],\"inLanguage\":\"en-US\"},{\"@type\":\"Organization\",\"@id\":\"https:\\\/\\\/medvegjasot.com\\\/#organization\",\"name\":\"Medvegja Sot\",\"alternateName\":\"MS\",\"url\":\"https:\\\/\\\/medvegjasot.com\\\/\",\"logo\":{\"@type\":\"ImageObject\",\"inLanguage\":\"en-US\",\"@id\":\"https:\\\/\\\/medvegjasot.com\\\/#\\\/schema\\\/logo\\\/image\\\/\",\"url\":\"https:\\\/\\\/medvegjasot.com\\\/wp-content\\\/uploads\\\/2024\\\/08\\\/logo.png\",\"contentUrl\":\"https:\\\/\\\/medvegjasot.com\\\/wp-content\\\/uploads\\\/2024\\\/08\\\/logo.png\",\"width\":500,\"height\":500,\"caption\":\"Medvegja Sot\"},\"image\":{\"@id\":\"https:\\\/\\\/medvegjasot.com\\\/#\\\/schema\\\/logo\\\/image\\\/\"},\"sameAs\":[\"https:\\\/\\\/www.facebook.com\\\/MedvegjaSot.com1\"]},{\"@type\":\"Person\",\"@id\":\"https:\\\/\\\/medvegjasot.com\\\/#\\\/schema\\\/person\\\/f2be1a84f4e95d0cb032946a1cf2e594\",\"name\":\"admin\",\"image\":{\"@type\":\"ImageObject\",\"inLanguage\":\"en-US\",\"@id\":\"https:\\\/\\\/secure.gravatar.com\\\/avatar\\\/2eedc5259426225ddc6f98b4b6728c30418b83e6f70285719780d3518d972ece?s=96&d=mm&r=g\",\"url\":\"https:\\\/\\\/secure.gravatar.com\\\/avatar\\\/2eedc5259426225ddc6f98b4b6728c30418b83e6f70285719780d3518d972ece?s=96&d=mm&r=g\",\"contentUrl\":\"https:\\\/\\\/secure.gravatar.com\\\/avatar\\\/2eedc5259426225ddc6f98b4b6728c30418b83e6f70285719780d3518d972ece?s=96&d=mm&r=g\",\"caption\":\"admin\"},\"url\":\"https:\\\/\\\/medvegjasot.com\\\/?author=2\"}]}<\/script>\n<!-- \/ Yoast SEO plugin. -->","yoast_head_json":{"title":"Idriz Ajeti: Shqip\u00ebria jon\u00eb, toka jon\u00eb \u00ebsht\u00eb deri n\u00eb Nish! - Medvegja Sot","robots":{"index":"index","follow":"follow","max-snippet":"max-snippet:-1","max-image-preview":"max-image-preview:large","max-video-preview":"max-video-preview:-1"},"canonical":"https:\/\/medvegjasot.com\/?p=5078","og_locale":"en_US","og_type":"article","og_title":"Idriz Ajeti: Shqip\u00ebria jon\u00eb, toka jon\u00eb \u00ebsht\u00eb deri n\u00eb Nish! - Medvegja Sot","og_description":"Intelektuali Idriz Ajeti u nda nga jeta pes\u00eb vite m\u00eb par\u00eb, m\u00eb 13 shkurt 2019. Karriera e tij ishte e gjat\u00eb, ai dha kontribut t\u00eb madh n\u00eb fush\u00ebn e albanologjis\u00eb, shkruan MEDVEGJASOT.com. MEDVEGJASOT.com po ju sjell sot k\u00ebt\u00eb cop\u00ebz t\u00eb Ajetit sa ishte gjall\u00eb. Shqip\u00ebri quhet toka deri n\u00eb Nish. K\u00ebshtu shprehet veprimtari i shquar...","og_url":"https:\/\/medvegjasot.com\/?p=5078","og_site_name":"Medvegja Sot","article_publisher":"https:\/\/www.facebook.com\/MedvegjaSot.com1","article_published_time":"2025-06-26T16:51:33+00:00","article_modified_time":"2025-06-28T14:48:57+00:00","og_image":[{"width":2560,"height":1440,"url":"https:\/\/medvegjasot.com\/wp-content\/uploads\/2025\/06\/IMG_9058-scaled.jpeg","type":"image\/jpeg"}],"author":"admin","twitter_card":"summary_large_image","twitter_misc":{"Written by":"admin","Est. reading time":"4 minutes"},"schema":{"@context":"https:\/\/schema.org","@graph":[{"@type":"Article","@id":"https:\/\/medvegjasot.com\/?p=5078#article","isPartOf":{"@id":"https:\/\/medvegjasot.com\/?p=5078"},"author":{"name":"admin","@id":"https:\/\/medvegjasot.com\/#\/schema\/person\/f2be1a84f4e95d0cb032946a1cf2e594"},"headline":"Idriz Ajeti: Shqip\u00ebria jon\u00eb, toka jon\u00eb \u00ebsht\u00eb deri n\u00eb Nish!","datePublished":"2025-06-26T16:51:33+00:00","dateModified":"2025-06-28T14:48:57+00:00","mainEntityOfPage":{"@id":"https:\/\/medvegjasot.com\/?p=5078"},"wordCount":810,"commentCount":0,"publisher":{"@id":"https:\/\/medvegjasot.com\/#organization"},"image":{"@id":"https:\/\/medvegjasot.com\/?p=5078#primaryimage"},"thumbnailUrl":"https:\/\/medvegjasot.com\/wp-content\/uploads\/2025\/06\/IMG_9058-scaled.jpeg","articleSection":["KRONIKA"],"inLanguage":"en-US","potentialAction":[{"@type":"CommentAction","name":"Comment","target":["https:\/\/medvegjasot.com\/?p=5078#respond"]}]},{"@type":"WebPage","@id":"https:\/\/medvegjasot.com\/?p=5078","url":"https:\/\/medvegjasot.com\/?p=5078","name":"Idriz Ajeti: Shqip\u00ebria jon\u00eb, toka jon\u00eb \u00ebsht\u00eb deri n\u00eb Nish! - Medvegja Sot","isPartOf":{"@id":"https:\/\/medvegjasot.com\/#website"},"primaryImageOfPage":{"@id":"https:\/\/medvegjasot.com\/?p=5078#primaryimage"},"image":{"@id":"https:\/\/medvegjasot.com\/?p=5078#primaryimage"},"thumbnailUrl":"https:\/\/medvegjasot.com\/wp-content\/uploads\/2025\/06\/IMG_9058-scaled.jpeg","datePublished":"2025-06-26T16:51:33+00:00","dateModified":"2025-06-28T14:48:57+00:00","breadcrumb":{"@id":"https:\/\/medvegjasot.com\/?p=5078#breadcrumb"},"inLanguage":"en-US","potentialAction":[{"@type":"ReadAction","target":["https:\/\/medvegjasot.com\/?p=5078"]}]},{"@type":"ImageObject","inLanguage":"en-US","@id":"https:\/\/medvegjasot.com\/?p=5078#primaryimage","url":"https:\/\/medvegjasot.com\/wp-content\/uploads\/2025\/06\/IMG_9058-scaled.jpeg","contentUrl":"https:\/\/medvegjasot.com\/wp-content\/uploads\/2025\/06\/IMG_9058-scaled.jpeg","width":2560,"height":1440},{"@type":"BreadcrumbList","@id":"https:\/\/medvegjasot.com\/?p=5078#breadcrumb","itemListElement":[{"@type":"ListItem","position":1,"name":"Home","item":"https:\/\/medvegjasot.com\/"},{"@type":"ListItem","position":2,"name":"Idriz Ajeti: Shqip\u00ebria jon\u00eb, toka jon\u00eb \u00ebsht\u00eb deri n\u00eb Nish!"}]},{"@type":"WebSite","@id":"https:\/\/medvegjasot.com\/#website","url":"https:\/\/medvegjasot.com\/","name":"Medvegja Sot","description":"Portal Lajmesh","publisher":{"@id":"https:\/\/medvegjasot.com\/#organization"},"alternateName":"MS","potentialAction":[{"@type":"SearchAction","target":{"@type":"EntryPoint","urlTemplate":"https:\/\/medvegjasot.com\/?s={search_term_string}"},"query-input":{"@type":"PropertyValueSpecification","valueRequired":true,"valueName":"search_term_string"}}],"inLanguage":"en-US"},{"@type":"Organization","@id":"https:\/\/medvegjasot.com\/#organization","name":"Medvegja Sot","alternateName":"MS","url":"https:\/\/medvegjasot.com\/","logo":{"@type":"ImageObject","inLanguage":"en-US","@id":"https:\/\/medvegjasot.com\/#\/schema\/logo\/image\/","url":"https:\/\/medvegjasot.com\/wp-content\/uploads\/2024\/08\/logo.png","contentUrl":"https:\/\/medvegjasot.com\/wp-content\/uploads\/2024\/08\/logo.png","width":500,"height":500,"caption":"Medvegja Sot"},"image":{"@id":"https:\/\/medvegjasot.com\/#\/schema\/logo\/image\/"},"sameAs":["https:\/\/www.facebook.com\/MedvegjaSot.com1"]},{"@type":"Person","@id":"https:\/\/medvegjasot.com\/#\/schema\/person\/f2be1a84f4e95d0cb032946a1cf2e594","name":"admin","image":{"@type":"ImageObject","inLanguage":"en-US","@id":"https:\/\/secure.gravatar.com\/avatar\/2eedc5259426225ddc6f98b4b6728c30418b83e6f70285719780d3518d972ece?s=96&d=mm&r=g","url":"https:\/\/secure.gravatar.com\/avatar\/2eedc5259426225ddc6f98b4b6728c30418b83e6f70285719780d3518d972ece?s=96&d=mm&r=g","contentUrl":"https:\/\/secure.gravatar.com\/avatar\/2eedc5259426225ddc6f98b4b6728c30418b83e6f70285719780d3518d972ece?s=96&d=mm&r=g","caption":"admin"},"url":"https:\/\/medvegjasot.com\/?author=2"}]}},"jetpack_featured_media_url":"https:\/\/medvegjasot.com\/wp-content\/uploads\/2025\/06\/IMG_9058-scaled.jpeg","_links":{"self":[{"href":"https:\/\/medvegjasot.com\/index.php?rest_route=\/wp\/v2\/posts\/5078","targetHints":{"allow":["GET"]}}],"collection":[{"href":"https:\/\/medvegjasot.com\/index.php?rest_route=\/wp\/v2\/posts"}],"about":[{"href":"https:\/\/medvegjasot.com\/index.php?rest_route=\/wp\/v2\/types\/post"}],"author":[{"embeddable":true,"href":"https:\/\/medvegjasot.com\/index.php?rest_route=\/wp\/v2\/users\/2"}],"replies":[{"embeddable":true,"href":"https:\/\/medvegjasot.com\/index.php?rest_route=%2Fwp%2Fv2%2Fcomments&post=5078"}],"version-history":[{"count":2,"href":"https:\/\/medvegjasot.com\/index.php?rest_route=\/wp\/v2\/posts\/5078\/revisions"}],"predecessor-version":[{"id":5081,"href":"https:\/\/medvegjasot.com\/index.php?rest_route=\/wp\/v2\/posts\/5078\/revisions\/5081"}],"wp:featuredmedia":[{"embeddable":true,"href":"https:\/\/medvegjasot.com\/index.php?rest_route=\/wp\/v2\/media\/5093"}],"wp:attachment":[{"href":"https:\/\/medvegjasot.com\/index.php?rest_route=%2Fwp%2Fv2%2Fmedia&parent=5078"}],"wp:term":[{"taxonomy":"category","embeddable":true,"href":"https:\/\/medvegjasot.com\/index.php?rest_route=%2Fwp%2Fv2%2Fcategories&post=5078"},{"taxonomy":"post_tag","embeddable":true,"href":"https:\/\/medvegjasot.com\/index.php?rest_route=%2Fwp%2Fv2%2Ftags&post=5078"}],"curies":[{"name":"wp","href":"https:\/\/api.w.org\/{rel}","templated":true}]}}