{"id":5055,"date":"2025-06-26T13:06:20","date_gmt":"2025-06-26T13:06:20","guid":{"rendered":"https:\/\/medvegjasot.com\/?p=5055"},"modified":"2025-08-24T06:14:56","modified_gmt":"2025-08-24T06:14:56","slug":"kurti-ngjyrat-e-lugines-nuk-bejne-kompromis-me-heshtjen-jane-rrefim-i-qendreses-perballe-padrejtesise","status":"publish","type":"post","link":"https:\/\/medvegjasot.com\/?p=5055","title":{"rendered":"Albin Kurti: Ngjyrat e Lugin\u00ebs nuk b\u00ebjn\u00eb kompromis me heshtjen, jan\u00eb rr\u00ebfim i q\u00ebndres\u00ebs p\u00ebrball\u00eb padrejt\u00ebsis\u00eb"},"content":{"rendered":"\n<p>Kryeministri n\u00eb detyr\u00eb i Republik\u00ebs s\u00eb Kosov\u00ebs, Albin Kurti, mori pjes\u00eb n\u00eb hapjen solemne t\u00eb ekspozit\u00ebs kolektive \u201cNgjyrat e Lugin\u00ebs\u201d, e organizuar nga K\u00ebshilli Komb\u00ebtar Shqiptar.<\/p>\n\n\n\n<p>N\u00eb fjal\u00ebn e tij, Kurti theksoi fuqin\u00eb e artit dhe t\u00eb q\u00ebndres\u00ebs p\u00ebrmes ngjyrave q\u00eb pasqyrojn\u00eb shpirtin dhe vuajtjen e shqiptar\u00ebve n\u00eb Lugin\u00eb:<\/p>\n\n\n\n<p>\u201cImagjinata n\u00eb tablo nuk b\u00ebn kompromis me heshtjen. Ngjyrat e Lugin\u00ebs jan\u00eb ekspozit\u00eb q\u00eb rrah\u00eb me ritmin e ekzistenc\u00ebs dhe nuk mbulohet nga statistikat e padrejt\u00ebsis\u00eb. N\u00eb Preshev\u00eb, Medvegj\u00eb dhe Bujanoc, shqiptar\u00ebt jetojn\u00eb \u00e7do dit\u00eb n\u00eb p\u00ebrballje me diskriminimin dhe shtypjen, me shfryt\u00ebzimin dhe p\u00ebrjashtimin nga institucionet, e sidomos me at\u00eb q\u00eb njihet si pasivizim i adresave \u2013 nj\u00eb spastrim i ftoht\u00eb etnik n\u00ebp\u00ebrmjet metodave burokratike e administrative.\u201d<\/p>\n\n\n\n<figure class=\"wp-block-image size-large\"><img fetchpriority=\"high\" decoding=\"async\" width=\"819\" height=\"1024\" src=\"https:\/\/medvegjasot.com\/wp-content\/uploads\/2025\/06\/photo-output-7-819x1024.jpeg\" alt=\"\" class=\"wp-image-5062\" srcset=\"https:\/\/medvegjasot.com\/wp-content\/uploads\/2025\/06\/photo-output-7-819x1024.jpeg 819w, https:\/\/medvegjasot.com\/wp-content\/uploads\/2025\/06\/photo-output-7-240x300.jpeg 240w, https:\/\/medvegjasot.com\/wp-content\/uploads\/2025\/06\/photo-output-7-768x960.jpeg 768w, https:\/\/medvegjasot.com\/wp-content\/uploads\/2025\/06\/photo-output-7-1229x1536.jpeg 1229w, https:\/\/medvegjasot.com\/wp-content\/uploads\/2025\/06\/photo-output-7-1638x2048.jpeg 1638w, https:\/\/medvegjasot.com\/wp-content\/uploads\/2025\/06\/photo-output-7-scaled.jpeg 2048w\" sizes=\"(max-width: 819px) 100vw, 819px\" \/><\/figure>\n\n\n\n<p>Kryeministri shtoi se Kosova \u00ebsht\u00eb p\u00ebrher\u00eb pran\u00eb shqiptar\u00ebve t\u00eb Lugin\u00ebs dhe se angazhimi i saj do t\u00eb jet\u00eb gjithnj\u00eb e m\u00eb i madh:<\/p>\n\n\n\n<p>\u201cN\u00ebp\u00ebrmjet k\u00ebsaj ekspozite, e gjith\u00eb Kosova e ndjen Lugin\u00ebn m\u00eb af\u00ebr. Ju keni sjell\u00eb k\u00ebtu cop\u00ebza jete Lugine, q\u00eb vet\u00ebm thell\u00ebsia e imagjinat\u00ebs dhe gjer\u00ebsia e p\u00ebrvoj\u00ebs suaj i ka ndjer\u00eb. Ju faleminderit q\u00eb e soll\u00ebt at\u00eb k\u00ebtu edhe n\u00eb k\u00ebt\u00eb form\u00eb estetike! Ju faleminderit q\u00eb nuk pushoni s\u00eb krijuari e s\u00eb angazhuari! Dhe, mbi t\u00eb gjitha, faleminderit q\u00eb nuk shk\u00ebputeni nga p\u00ebrkat\u00ebsia!\u201d<\/p>\n\n\n\n<figure class=\"wp-block-image size-large\"><img decoding=\"async\" width=\"1024\" height=\"768\" src=\"https:\/\/medvegjasot.com\/wp-content\/uploads\/2025\/06\/IMG_8886-1024x768.jpeg\" alt=\"\" class=\"wp-image-5058\" srcset=\"https:\/\/medvegjasot.com\/wp-content\/uploads\/2025\/06\/IMG_8886-1024x768.jpeg 1024w, https:\/\/medvegjasot.com\/wp-content\/uploads\/2025\/06\/IMG_8886-300x225.jpeg 300w, https:\/\/medvegjasot.com\/wp-content\/uploads\/2025\/06\/IMG_8886-768x576.jpeg 768w, https:\/\/medvegjasot.com\/wp-content\/uploads\/2025\/06\/IMG_8886-1536x1152.jpeg 1536w, https:\/\/medvegjasot.com\/wp-content\/uploads\/2025\/06\/IMG_8886-2048x1536.jpeg 2048w\" sizes=\"(max-width: 1024px) 100vw, 1024px\" \/><\/figure>\n\n\n\n<p>Nd\u00ebrkoh\u00eb, kryetari i K\u00ebshillit Komb\u00ebtar Shqiptar, Enkel Rexhepi, fal\u00ebnderoi t\u00eb pranishmit n\u00eb k\u00ebt\u00eb mbr\u00ebmje mbres\u00ebl\u00ebn\u00ebse, ku mor\u00ebn pjes\u00eb artdash\u00ebs t\u00eb shumt\u00eb, profesor\u00eb universitar\u00eb, p\u00ebrfaq\u00ebsues t\u00eb kabinetit qeveritar, si dhe figura t\u00eb njohura t\u00eb jet\u00ebs publike. Ai ve\u00e7oi me mir\u00ebnjohje pranin\u00eb e Kryeministrit Kurti, t\u00eb cilin e cil\u00ebsoi si nj\u00eb mb\u00ebshtetje t\u00eb qart\u00eb p\u00ebr artin dhe kultur\u00ebn shqiptare n\u00eb Lugin\u00eb.<br><\/p>\n\n\n\n<figure class=\"wp-block-gallery has-nested-images columns-default is-cropped wp-block-gallery-1 is-layout-flex wp-block-gallery-is-layout-flex\">\n<figure class=\"wp-block-image size-large\"><img decoding=\"async\" width=\"1024\" height=\"768\" data-id=\"5060\" src=\"https:\/\/medvegjasot.com\/wp-content\/uploads\/2025\/06\/IMG_8893-1024x768.jpeg\" alt=\"\" class=\"wp-image-5060\" srcset=\"https:\/\/medvegjasot.com\/wp-content\/uploads\/2025\/06\/IMG_8893-1024x768.jpeg 1024w, https:\/\/medvegjasot.com\/wp-content\/uploads\/2025\/06\/IMG_8893-300x225.jpeg 300w, https:\/\/medvegjasot.com\/wp-content\/uploads\/2025\/06\/IMG_8893-768x576.jpeg 768w, https:\/\/medvegjasot.com\/wp-content\/uploads\/2025\/06\/IMG_8893-1536x1152.jpeg 1536w, https:\/\/medvegjasot.com\/wp-content\/uploads\/2025\/06\/IMG_8893-2048x1536.jpeg 2048w\" sizes=\"(max-width: 1024px) 100vw, 1024px\" \/><\/figure>\n\n\n\n<figure class=\"wp-block-image size-large\"><img loading=\"lazy\" decoding=\"async\" width=\"1024\" height=\"768\" data-id=\"5061\" src=\"https:\/\/medvegjasot.com\/wp-content\/uploads\/2025\/06\/IMG_8898-1024x768.jpeg\" alt=\"\" class=\"wp-image-5061\" srcset=\"https:\/\/medvegjasot.com\/wp-content\/uploads\/2025\/06\/IMG_8898-1024x768.jpeg 1024w, https:\/\/medvegjasot.com\/wp-content\/uploads\/2025\/06\/IMG_8898-300x225.jpeg 300w, https:\/\/medvegjasot.com\/wp-content\/uploads\/2025\/06\/IMG_8898-768x576.jpeg 768w, https:\/\/medvegjasot.com\/wp-content\/uploads\/2025\/06\/IMG_8898-1536x1152.jpeg 1536w, https:\/\/medvegjasot.com\/wp-content\/uploads\/2025\/06\/IMG_8898-2048x1536.jpeg 2048w\" sizes=\"(max-width: 1024px) 100vw, 1024px\" \/><\/figure>\n<\/figure>\n\n\n\n<p>Ekspozita u hap m\u00eb 25 qershor 2025, n\u00eb ambientet e Flori Gallery \u2013 Prishtina Mall, duke sjell\u00eb p\u00ebr publikun kryeqytetas nj\u00eb pasqyr\u00eb t\u00eb gjall\u00eb t\u00eb krijimtaris\u00eb, shpirtit artistik dhe identitetit kulturor t\u00eb shqiptar\u00ebve t\u00eb Lugin\u00ebs s\u00eb Preshev\u00ebs.\u00a0<br><\/p>\n\n\n\n<p><\/p>\n\n\n\n<p><br><\/p>\n\n\n\n<figure class=\"wp-block-image size-large\"><img loading=\"lazy\" decoding=\"async\" width=\"1024\" height=\"570\" src=\"https:\/\/medvegjasot.com\/wp-content\/uploads\/2025\/06\/IMG_8998-1024x570.jpeg\" alt=\"\" class=\"wp-image-5067\" srcset=\"https:\/\/medvegjasot.com\/wp-content\/uploads\/2025\/06\/IMG_8998-1024x570.jpeg 1024w, https:\/\/medvegjasot.com\/wp-content\/uploads\/2025\/06\/IMG_8998-300x167.jpeg 300w, https:\/\/medvegjasot.com\/wp-content\/uploads\/2025\/06\/IMG_8998-768x427.jpeg 768w, https:\/\/medvegjasot.com\/wp-content\/uploads\/2025\/06\/IMG_8998-1536x855.jpeg 1536w, https:\/\/medvegjasot.com\/wp-content\/uploads\/2025\/06\/IMG_8998-2048x1140.jpeg 2048w\" sizes=\"(max-width: 1024px) 100vw, 1024px\" \/><\/figure>\n\n\n\n<p>Ngjarja u cil\u00ebsua si nj\u00eb hap i r\u00ebnd\u00ebsish\u00ebm drejt forcimit t\u00eb lidhjes shpirt\u00ebrore e komb\u00ebtare mes Lugin\u00ebs dhe Kosov\u00ebs.<br><\/p>\n\n\n\n<figure class=\"wp-block-embed is-type-video is-provider-youtube wp-block-embed-youtube wp-embed-aspect-16-9 wp-has-aspect-ratio\"><div class=\"wp-block-embed__wrapper\">\n<iframe  id=\"_ytid_55290\"  width=\"640\" height=\"360\"  data-origwidth=\"640\" data-origheight=\"360\" src=\"https:\/\/www.youtube.com\/embed\/AwZCzOWpn-A?enablejsapi=1&#038;autoplay=0&#038;cc_load_policy=0&#038;cc_lang_pref=&#038;iv_load_policy=1&#038;loop=0&#038;rel=1&#038;fs=1&#038;playsinline=0&#038;autohide=2&#038;theme=dark&#038;color=red&#038;controls=1&#038;\" class=\"__youtube_prefs__  epyt-is-override  no-lazyload\" title=\"YouTube player\"  allow=\"fullscreen; accelerometer; autoplay; clipboard-write; encrypted-media; gyroscope; picture-in-picture; web-share\" referrerpolicy=\"strict-origin-when-cross-origin\" allowfullscreen data-no-lazy=\"1\" data-skipgform_ajax_framebjll=\"\"><\/iframe>\n<\/div><\/figure>\n\n\n\n<p><em>Punim i shkruar nga shkrimtari i shum\u00eb veprave t\u00eb botuara, opinionist dhe autor i dy katalog\u00ebve mbi veshjen tradicionale t\u00eb Medvegj\u00ebs,<\/em>\u00a0\u00ebsht\u00eb edhe autor i librave\u00a0<strong>\u201cShqiptar\u00ebt e Medvegj\u00ebs n\u00ebp\u00ebr shekuj\u201d \u2013 v\u00ebllimi 1 dhe 2<em>, Rrahman Hyseni<\/em><\/strong><\/p>\n","protected":false},"excerpt":{"rendered":"<p>Kryeministri n\u00eb detyr\u00eb i Republik\u00ebs s\u00eb Kosov\u00ebs, Albin Kurti, mori pjes\u00eb n\u00eb hapjen solemne t\u00eb ekspozit\u00ebs kolektive \u201cNgjyrat e Lugin\u00ebs\u201d, e organizuar nga K\u00ebshilli Komb\u00ebtar Shqiptar. N\u00eb fjal\u00ebn e tij, Kurti theksoi fuqin\u00eb e artit dhe t\u00eb q\u00ebndres\u00ebs p\u00ebrmes ngjyrave q\u00eb pasqyrojn\u00eb shpirtin dhe vuajtjen e shqiptar\u00ebve n\u00eb Lugin\u00eb: \u201cImagjinata n\u00eb tablo nuk b\u00ebn kompromis&#8230;<\/p>\n","protected":false},"author":2,"featured_media":5057,"comment_status":"open","ping_status":"open","sticky":false,"template":"","format":"standard","meta":{"_coblocks_attr":"","_coblocks_dimensions":"","_coblocks_responsive_height":"","_coblocks_accordion_ie_support":"","_monsterinsights_skip_tracking":false,"_monsterinsights_sitenote_active":false,"_monsterinsights_sitenote_note":"","_monsterinsights_sitenote_category":0,"footnotes":""},"categories":[18],"tags":[],"class_list":["post-5055","post","type-post","status-publish","format-standard","has-post-thumbnail","hentry","category-kulture"],"yoast_head":"<!-- This site is optimized with the Yoast SEO plugin v27.5 - https:\/\/yoast.com\/product\/yoast-seo-wordpress\/ -->\n<title>Albin Kurti: Ngjyrat e Lugin\u00ebs nuk b\u00ebjn\u00eb kompromis me heshtjen, jan\u00eb rr\u00ebfim i q\u00ebndres\u00ebs p\u00ebrball\u00eb padrejt\u00ebsis\u00eb - Medvegja Sot<\/title>\n<meta name=\"robots\" content=\"index, follow, max-snippet:-1, max-image-preview:large, max-video-preview:-1\" \/>\n<link rel=\"canonical\" href=\"https:\/\/medvegjasot.com\/?p=5055\" \/>\n<meta property=\"og:locale\" content=\"en_US\" \/>\n<meta property=\"og:type\" content=\"article\" \/>\n<meta property=\"og:title\" content=\"Albin Kurti: Ngjyrat e Lugin\u00ebs nuk b\u00ebjn\u00eb kompromis me heshtjen, jan\u00eb rr\u00ebfim i q\u00ebndres\u00ebs p\u00ebrball\u00eb padrejt\u00ebsis\u00eb - Medvegja Sot\" \/>\n<meta property=\"og:description\" content=\"Kryeministri n\u00eb detyr\u00eb i Republik\u00ebs s\u00eb Kosov\u00ebs, Albin Kurti, mori pjes\u00eb n\u00eb hapjen solemne t\u00eb ekspozit\u00ebs kolektive \u201cNgjyrat e Lugin\u00ebs\u201d, e organizuar nga K\u00ebshilli Komb\u00ebtar Shqiptar. N\u00eb fjal\u00ebn e tij, Kurti theksoi fuqin\u00eb e artit dhe t\u00eb q\u00ebndres\u00ebs p\u00ebrmes ngjyrave q\u00eb pasqyrojn\u00eb shpirtin dhe vuajtjen e shqiptar\u00ebve n\u00eb Lugin\u00eb: \u201cImagjinata n\u00eb tablo nuk b\u00ebn kompromis...\" \/>\n<meta property=\"og:url\" content=\"https:\/\/medvegjasot.com\/?p=5055\" \/>\n<meta property=\"og:site_name\" content=\"Medvegja Sot\" \/>\n<meta property=\"article:publisher\" content=\"https:\/\/www.facebook.com\/MedvegjaSot.com1\" \/>\n<meta property=\"article:published_time\" content=\"2025-06-26T13:06:20+00:00\" \/>\n<meta property=\"article:modified_time\" content=\"2025-08-24T06:14:56+00:00\" \/>\n<meta property=\"og:image\" content=\"https:\/\/medvegjasot.com\/wp-content\/uploads\/2025\/06\/IMG_8996-scaled.png\" \/>\n\t<meta property=\"og:image:width\" content=\"2560\" \/>\n\t<meta property=\"og:image:height\" content=\"1440\" \/>\n\t<meta property=\"og:image:type\" content=\"image\/png\" \/>\n<meta name=\"author\" content=\"admin\" \/>\n<meta name=\"twitter:card\" content=\"summary_large_image\" \/>\n<meta name=\"twitter:label1\" content=\"Written by\" \/>\n\t<meta name=\"twitter:data1\" content=\"admin\" \/>\n\t<meta name=\"twitter:label2\" content=\"Est. reading time\" \/>\n\t<meta name=\"twitter:data2\" content=\"3 minutes\" \/>\n<script type=\"application\/ld+json\" class=\"yoast-schema-graph\">{\"@context\":\"https:\\\/\\\/schema.org\",\"@graph\":[{\"@type\":\"Article\",\"@id\":\"https:\\\/\\\/medvegjasot.com\\\/?p=5055#article\",\"isPartOf\":{\"@id\":\"https:\\\/\\\/medvegjasot.com\\\/?p=5055\"},\"author\":{\"name\":\"admin\",\"@id\":\"https:\\\/\\\/medvegjasot.com\\\/#\\\/schema\\\/person\\\/f2be1a84f4e95d0cb032946a1cf2e594\"},\"headline\":\"Albin Kurti: Ngjyrat e Lugin\u00ebs nuk b\u00ebjn\u00eb kompromis me heshtjen, jan\u00eb rr\u00ebfim i q\u00ebndres\u00ebs p\u00ebrball\u00eb padrejt\u00ebsis\u00eb\",\"datePublished\":\"2025-06-26T13:06:20+00:00\",\"dateModified\":\"2025-08-24T06:14:56+00:00\",\"mainEntityOfPage\":{\"@id\":\"https:\\\/\\\/medvegjasot.com\\\/?p=5055\"},\"wordCount\":463,\"commentCount\":0,\"publisher\":{\"@id\":\"https:\\\/\\\/medvegjasot.com\\\/#organization\"},\"image\":{\"@id\":\"https:\\\/\\\/medvegjasot.com\\\/?p=5055#primaryimage\"},\"thumbnailUrl\":\"https:\\\/\\\/medvegjasot.com\\\/wp-content\\\/uploads\\\/2025\\\/06\\\/IMG_8996-scaled.png\",\"articleSection\":[\"KULTUR\u00cb\"],\"inLanguage\":\"en-US\",\"potentialAction\":[{\"@type\":\"CommentAction\",\"name\":\"Comment\",\"target\":[\"https:\\\/\\\/medvegjasot.com\\\/?p=5055#respond\"]}]},{\"@type\":\"WebPage\",\"@id\":\"https:\\\/\\\/medvegjasot.com\\\/?p=5055\",\"url\":\"https:\\\/\\\/medvegjasot.com\\\/?p=5055\",\"name\":\"Albin Kurti: Ngjyrat e Lugin\u00ebs nuk b\u00ebjn\u00eb kompromis me heshtjen, jan\u00eb rr\u00ebfim i q\u00ebndres\u00ebs p\u00ebrball\u00eb padrejt\u00ebsis\u00eb - Medvegja Sot\",\"isPartOf\":{\"@id\":\"https:\\\/\\\/medvegjasot.com\\\/#website\"},\"primaryImageOfPage\":{\"@id\":\"https:\\\/\\\/medvegjasot.com\\\/?p=5055#primaryimage\"},\"image\":{\"@id\":\"https:\\\/\\\/medvegjasot.com\\\/?p=5055#primaryimage\"},\"thumbnailUrl\":\"https:\\\/\\\/medvegjasot.com\\\/wp-content\\\/uploads\\\/2025\\\/06\\\/IMG_8996-scaled.png\",\"datePublished\":\"2025-06-26T13:06:20+00:00\",\"dateModified\":\"2025-08-24T06:14:56+00:00\",\"breadcrumb\":{\"@id\":\"https:\\\/\\\/medvegjasot.com\\\/?p=5055#breadcrumb\"},\"inLanguage\":\"en-US\",\"potentialAction\":[{\"@type\":\"ReadAction\",\"target\":[\"https:\\\/\\\/medvegjasot.com\\\/?p=5055\"]}]},{\"@type\":\"ImageObject\",\"inLanguage\":\"en-US\",\"@id\":\"https:\\\/\\\/medvegjasot.com\\\/?p=5055#primaryimage\",\"url\":\"https:\\\/\\\/medvegjasot.com\\\/wp-content\\\/uploads\\\/2025\\\/06\\\/IMG_8996-scaled.png\",\"contentUrl\":\"https:\\\/\\\/medvegjasot.com\\\/wp-content\\\/uploads\\\/2025\\\/06\\\/IMG_8996-scaled.png\",\"width\":2560,\"height\":1440},{\"@type\":\"BreadcrumbList\",\"@id\":\"https:\\\/\\\/medvegjasot.com\\\/?p=5055#breadcrumb\",\"itemListElement\":[{\"@type\":\"ListItem\",\"position\":1,\"name\":\"Home\",\"item\":\"https:\\\/\\\/medvegjasot.com\\\/\"},{\"@type\":\"ListItem\",\"position\":2,\"name\":\"Albin Kurti: Ngjyrat e Lugin\u00ebs nuk b\u00ebjn\u00eb kompromis me heshtjen, jan\u00eb rr\u00ebfim i q\u00ebndres\u00ebs p\u00ebrball\u00eb padrejt\u00ebsis\u00eb\"}]},{\"@type\":\"WebSite\",\"@id\":\"https:\\\/\\\/medvegjasot.com\\\/#website\",\"url\":\"https:\\\/\\\/medvegjasot.com\\\/\",\"name\":\"Medvegja Sot\",\"description\":\"Portal Lajmesh\",\"publisher\":{\"@id\":\"https:\\\/\\\/medvegjasot.com\\\/#organization\"},\"alternateName\":\"MS\",\"potentialAction\":[{\"@type\":\"SearchAction\",\"target\":{\"@type\":\"EntryPoint\",\"urlTemplate\":\"https:\\\/\\\/medvegjasot.com\\\/?s={search_term_string}\"},\"query-input\":{\"@type\":\"PropertyValueSpecification\",\"valueRequired\":true,\"valueName\":\"search_term_string\"}}],\"inLanguage\":\"en-US\"},{\"@type\":\"Organization\",\"@id\":\"https:\\\/\\\/medvegjasot.com\\\/#organization\",\"name\":\"Medvegja Sot\",\"alternateName\":\"MS\",\"url\":\"https:\\\/\\\/medvegjasot.com\\\/\",\"logo\":{\"@type\":\"ImageObject\",\"inLanguage\":\"en-US\",\"@id\":\"https:\\\/\\\/medvegjasot.com\\\/#\\\/schema\\\/logo\\\/image\\\/\",\"url\":\"https:\\\/\\\/medvegjasot.com\\\/wp-content\\\/uploads\\\/2024\\\/08\\\/logo.png\",\"contentUrl\":\"https:\\\/\\\/medvegjasot.com\\\/wp-content\\\/uploads\\\/2024\\\/08\\\/logo.png\",\"width\":500,\"height\":500,\"caption\":\"Medvegja Sot\"},\"image\":{\"@id\":\"https:\\\/\\\/medvegjasot.com\\\/#\\\/schema\\\/logo\\\/image\\\/\"},\"sameAs\":[\"https:\\\/\\\/www.facebook.com\\\/MedvegjaSot.com1\"]},{\"@type\":\"Person\",\"@id\":\"https:\\\/\\\/medvegjasot.com\\\/#\\\/schema\\\/person\\\/f2be1a84f4e95d0cb032946a1cf2e594\",\"name\":\"admin\",\"image\":{\"@type\":\"ImageObject\",\"inLanguage\":\"en-US\",\"@id\":\"https:\\\/\\\/secure.gravatar.com\\\/avatar\\\/2eedc5259426225ddc6f98b4b6728c30418b83e6f70285719780d3518d972ece?s=96&d=mm&r=g\",\"url\":\"https:\\\/\\\/secure.gravatar.com\\\/avatar\\\/2eedc5259426225ddc6f98b4b6728c30418b83e6f70285719780d3518d972ece?s=96&d=mm&r=g\",\"contentUrl\":\"https:\\\/\\\/secure.gravatar.com\\\/avatar\\\/2eedc5259426225ddc6f98b4b6728c30418b83e6f70285719780d3518d972ece?s=96&d=mm&r=g\",\"caption\":\"admin\"},\"url\":\"https:\\\/\\\/medvegjasot.com\\\/?author=2\"}]}<\/script>\n<!-- \/ Yoast SEO plugin. -->","yoast_head_json":{"title":"Albin Kurti: Ngjyrat e Lugin\u00ebs nuk b\u00ebjn\u00eb kompromis me heshtjen, jan\u00eb rr\u00ebfim i q\u00ebndres\u00ebs p\u00ebrball\u00eb padrejt\u00ebsis\u00eb - Medvegja Sot","robots":{"index":"index","follow":"follow","max-snippet":"max-snippet:-1","max-image-preview":"max-image-preview:large","max-video-preview":"max-video-preview:-1"},"canonical":"https:\/\/medvegjasot.com\/?p=5055","og_locale":"en_US","og_type":"article","og_title":"Albin Kurti: Ngjyrat e Lugin\u00ebs nuk b\u00ebjn\u00eb kompromis me heshtjen, jan\u00eb rr\u00ebfim i q\u00ebndres\u00ebs p\u00ebrball\u00eb padrejt\u00ebsis\u00eb - Medvegja Sot","og_description":"Kryeministri n\u00eb detyr\u00eb i Republik\u00ebs s\u00eb Kosov\u00ebs, Albin Kurti, mori pjes\u00eb n\u00eb hapjen solemne t\u00eb ekspozit\u00ebs kolektive \u201cNgjyrat e Lugin\u00ebs\u201d, e organizuar nga K\u00ebshilli Komb\u00ebtar Shqiptar. N\u00eb fjal\u00ebn e tij, Kurti theksoi fuqin\u00eb e artit dhe t\u00eb q\u00ebndres\u00ebs p\u00ebrmes ngjyrave q\u00eb pasqyrojn\u00eb shpirtin dhe vuajtjen e shqiptar\u00ebve n\u00eb Lugin\u00eb: \u201cImagjinata n\u00eb tablo nuk b\u00ebn kompromis...","og_url":"https:\/\/medvegjasot.com\/?p=5055","og_site_name":"Medvegja Sot","article_publisher":"https:\/\/www.facebook.com\/MedvegjaSot.com1","article_published_time":"2025-06-26T13:06:20+00:00","article_modified_time":"2025-08-24T06:14:56+00:00","og_image":[{"width":2560,"height":1440,"url":"https:\/\/medvegjasot.com\/wp-content\/uploads\/2025\/06\/IMG_8996-scaled.png","type":"image\/png"}],"author":"admin","twitter_card":"summary_large_image","twitter_misc":{"Written by":"admin","Est. reading time":"3 minutes"},"schema":{"@context":"https:\/\/schema.org","@graph":[{"@type":"Article","@id":"https:\/\/medvegjasot.com\/?p=5055#article","isPartOf":{"@id":"https:\/\/medvegjasot.com\/?p=5055"},"author":{"name":"admin","@id":"https:\/\/medvegjasot.com\/#\/schema\/person\/f2be1a84f4e95d0cb032946a1cf2e594"},"headline":"Albin Kurti: Ngjyrat e Lugin\u00ebs nuk b\u00ebjn\u00eb kompromis me heshtjen, jan\u00eb rr\u00ebfim i q\u00ebndres\u00ebs p\u00ebrball\u00eb padrejt\u00ebsis\u00eb","datePublished":"2025-06-26T13:06:20+00:00","dateModified":"2025-08-24T06:14:56+00:00","mainEntityOfPage":{"@id":"https:\/\/medvegjasot.com\/?p=5055"},"wordCount":463,"commentCount":0,"publisher":{"@id":"https:\/\/medvegjasot.com\/#organization"},"image":{"@id":"https:\/\/medvegjasot.com\/?p=5055#primaryimage"},"thumbnailUrl":"https:\/\/medvegjasot.com\/wp-content\/uploads\/2025\/06\/IMG_8996-scaled.png","articleSection":["KULTUR\u00cb"],"inLanguage":"en-US","potentialAction":[{"@type":"CommentAction","name":"Comment","target":["https:\/\/medvegjasot.com\/?p=5055#respond"]}]},{"@type":"WebPage","@id":"https:\/\/medvegjasot.com\/?p=5055","url":"https:\/\/medvegjasot.com\/?p=5055","name":"Albin Kurti: Ngjyrat e Lugin\u00ebs nuk b\u00ebjn\u00eb kompromis me heshtjen, jan\u00eb rr\u00ebfim i q\u00ebndres\u00ebs p\u00ebrball\u00eb padrejt\u00ebsis\u00eb - Medvegja Sot","isPartOf":{"@id":"https:\/\/medvegjasot.com\/#website"},"primaryImageOfPage":{"@id":"https:\/\/medvegjasot.com\/?p=5055#primaryimage"},"image":{"@id":"https:\/\/medvegjasot.com\/?p=5055#primaryimage"},"thumbnailUrl":"https:\/\/medvegjasot.com\/wp-content\/uploads\/2025\/06\/IMG_8996-scaled.png","datePublished":"2025-06-26T13:06:20+00:00","dateModified":"2025-08-24T06:14:56+00:00","breadcrumb":{"@id":"https:\/\/medvegjasot.com\/?p=5055#breadcrumb"},"inLanguage":"en-US","potentialAction":[{"@type":"ReadAction","target":["https:\/\/medvegjasot.com\/?p=5055"]}]},{"@type":"ImageObject","inLanguage":"en-US","@id":"https:\/\/medvegjasot.com\/?p=5055#primaryimage","url":"https:\/\/medvegjasot.com\/wp-content\/uploads\/2025\/06\/IMG_8996-scaled.png","contentUrl":"https:\/\/medvegjasot.com\/wp-content\/uploads\/2025\/06\/IMG_8996-scaled.png","width":2560,"height":1440},{"@type":"BreadcrumbList","@id":"https:\/\/medvegjasot.com\/?p=5055#breadcrumb","itemListElement":[{"@type":"ListItem","position":1,"name":"Home","item":"https:\/\/medvegjasot.com\/"},{"@type":"ListItem","position":2,"name":"Albin Kurti: Ngjyrat e Lugin\u00ebs nuk b\u00ebjn\u00eb kompromis me heshtjen, jan\u00eb rr\u00ebfim i q\u00ebndres\u00ebs p\u00ebrball\u00eb padrejt\u00ebsis\u00eb"}]},{"@type":"WebSite","@id":"https:\/\/medvegjasot.com\/#website","url":"https:\/\/medvegjasot.com\/","name":"Medvegja Sot","description":"Portal Lajmesh","publisher":{"@id":"https:\/\/medvegjasot.com\/#organization"},"alternateName":"MS","potentialAction":[{"@type":"SearchAction","target":{"@type":"EntryPoint","urlTemplate":"https:\/\/medvegjasot.com\/?s={search_term_string}"},"query-input":{"@type":"PropertyValueSpecification","valueRequired":true,"valueName":"search_term_string"}}],"inLanguage":"en-US"},{"@type":"Organization","@id":"https:\/\/medvegjasot.com\/#organization","name":"Medvegja Sot","alternateName":"MS","url":"https:\/\/medvegjasot.com\/","logo":{"@type":"ImageObject","inLanguage":"en-US","@id":"https:\/\/medvegjasot.com\/#\/schema\/logo\/image\/","url":"https:\/\/medvegjasot.com\/wp-content\/uploads\/2024\/08\/logo.png","contentUrl":"https:\/\/medvegjasot.com\/wp-content\/uploads\/2024\/08\/logo.png","width":500,"height":500,"caption":"Medvegja Sot"},"image":{"@id":"https:\/\/medvegjasot.com\/#\/schema\/logo\/image\/"},"sameAs":["https:\/\/www.facebook.com\/MedvegjaSot.com1"]},{"@type":"Person","@id":"https:\/\/medvegjasot.com\/#\/schema\/person\/f2be1a84f4e95d0cb032946a1cf2e594","name":"admin","image":{"@type":"ImageObject","inLanguage":"en-US","@id":"https:\/\/secure.gravatar.com\/avatar\/2eedc5259426225ddc6f98b4b6728c30418b83e6f70285719780d3518d972ece?s=96&d=mm&r=g","url":"https:\/\/secure.gravatar.com\/avatar\/2eedc5259426225ddc6f98b4b6728c30418b83e6f70285719780d3518d972ece?s=96&d=mm&r=g","contentUrl":"https:\/\/secure.gravatar.com\/avatar\/2eedc5259426225ddc6f98b4b6728c30418b83e6f70285719780d3518d972ece?s=96&d=mm&r=g","caption":"admin"},"url":"https:\/\/medvegjasot.com\/?author=2"}]}},"jetpack_featured_media_url":"https:\/\/medvegjasot.com\/wp-content\/uploads\/2025\/06\/IMG_8996-scaled.png","_links":{"self":[{"href":"https:\/\/medvegjasot.com\/index.php?rest_route=\/wp\/v2\/posts\/5055","targetHints":{"allow":["GET"]}}],"collection":[{"href":"https:\/\/medvegjasot.com\/index.php?rest_route=\/wp\/v2\/posts"}],"about":[{"href":"https:\/\/medvegjasot.com\/index.php?rest_route=\/wp\/v2\/types\/post"}],"author":[{"embeddable":true,"href":"https:\/\/medvegjasot.com\/index.php?rest_route=\/wp\/v2\/users\/2"}],"replies":[{"embeddable":true,"href":"https:\/\/medvegjasot.com\/index.php?rest_route=%2Fwp%2Fv2%2Fcomments&post=5055"}],"version-history":[{"count":6,"href":"https:\/\/medvegjasot.com\/index.php?rest_route=\/wp\/v2\/posts\/5055\/revisions"}],"predecessor-version":[{"id":5308,"href":"https:\/\/medvegjasot.com\/index.php?rest_route=\/wp\/v2\/posts\/5055\/revisions\/5308"}],"wp:featuredmedia":[{"embeddable":true,"href":"https:\/\/medvegjasot.com\/index.php?rest_route=\/wp\/v2\/media\/5057"}],"wp:attachment":[{"href":"https:\/\/medvegjasot.com\/index.php?rest_route=%2Fwp%2Fv2%2Fmedia&parent=5055"}],"wp:term":[{"taxonomy":"category","embeddable":true,"href":"https:\/\/medvegjasot.com\/index.php?rest_route=%2Fwp%2Fv2%2Fcategories&post=5055"},{"taxonomy":"post_tag","embeddable":true,"href":"https:\/\/medvegjasot.com\/index.php?rest_route=%2Fwp%2Fv2%2Ftags&post=5055"}],"curies":[{"name":"wp","href":"https:\/\/api.w.org\/{rel}","templated":true}]}}