{"id":5037,"date":"2025-06-10T11:27:22","date_gmt":"2025-06-10T11:27:22","guid":{"rendered":"https:\/\/medvegjasot.com\/?p=5037"},"modified":"2025-06-12T10:32:53","modified_gmt":"2025-06-12T10:32:53","slug":"fjala-e-kryetarit-te-lshk-se-prof-dr-shyqri-galica-ne-hapje-te-fnp-drini-poetik-2025","status":"publish","type":"post","link":"https:\/\/medvegjasot.com\/?p=5037","title":{"rendered":"Fjala e kryetarit t\u00eb LSHK-s\u00eb, Prof. dr. Shyqri Galica, n\u00eb hapje t\u00eb FNP &#8220;DRINI POETIK&#8221;, 2025"},"content":{"rendered":"\n<p><\/p>\n\n\n\n<p>POET\u00cbT PARAQITEN N\u00cb TRI QENDRA T\u00cb R\u00cbND\u00cbSISHME KOMB\u00cbTARE<\/p>\n\n\n\n<p>Kemi k\u00ebnaq\u00ebsin\u00eb q\u00eb n\u00eb 16-vjetorin e festivalit nd\u00ebrkomb\u00ebtar t\u00eb poezis\u00eb \u201cDrini poetik\u201d, q\u00eb organizohet n\u00eb shenj\u00eb t\u00eb Lidhjes Shqiptare t\u00eb Prizrenit, m\u00eb 9 e 10 qershor 2025, n\u00eb Prishtin\u00eb, Prizren e Kuk\u00ebs t\u2019ju p\u00ebrsh\u00ebndesim dhe t\u2019ju urojm\u00eb mir\u00ebseardhje!<br>Me k\u00ebnaq\u00ebsi p\u00ebrsh\u00ebndesim koleg\u00ebt e miqt\u00eb e ftuar: kryetarin Agim Bajrami t\u00eb Sht\u00ebpis\u00eb s\u00eb Shkrimtar\u00ebve dhe t\u00eb Artist\u00ebve t\u00eb Durr\u00ebsit, profesor Hamdi Hysuk\u00ebn, kryetar i klubit t\u00eb shkrimtar\u00ebve dhe t\u00eb artist\u00ebve \u201cPjet\u00ebr Budi\u201d t\u00eb Matit, kryetaren Trandafile Molla \u2013 Baja t\u00eb \u201cZ\u00ebrit t\u00eb m\u00ebrgimtarit\u201d q\u00eb vepron n\u00eb Novara t\u00eb Italis\u00eb, kryetarin Ligor Shyti t\u00eb klubit t\u00eb shkrimtar\u00ebve dhe t\u00eb artist\u00ebve \u201cNaim Frash\u00ebri\u201d t\u00eb P\u00ebrmetit, kryetarin e klubit letrar \u201cPetro Marko\u201c t\u00eb Vlor\u00ebs, zotin Myrteza Mara e t\u00eb tjer\u00ebt q\u00eb ndodhen midis nesh.<br>Festivali nd\u00ebrkomb\u00ebtar i poezis\u00eb \u201cDrini poetik\u201d i Lidhjes s\u00eb Shkrimtar\u00ebve t\u00eb Kosov\u00ebs, pra, q\u00eb e organizojm\u00eb s\u00eb bashku me Deg\u00ebn e Kuk\u00ebsit t\u00eb Lidhjes s\u00eb Shkrimtar\u00ebve dhe t\u00eb Artist\u00ebve t\u00eb Republik\u00ebs s\u00eb Shqip\u00ebris\u00eb, po mbahet p\u00ebr t\u00eb gjasht\u00ebmb\u00ebdhjet\u00ebn her\u00eb me radh\u00eb dhe ende nuk kemi marr\u00eb ndonj\u00eb mb\u00ebshtetje t\u00eb Ministris\u00eb s\u00eb Kultur\u00ebs t\u00eb Republik\u00ebs s\u00eb Kosov\u00ebs, megjith\u00ebse kemi dor\u00ebzuar k\u00ebrkes\u00ebn sipas thirrjes p\u00ebrkat\u00ebse.<br>Tashm\u00eb ky festival nd\u00ebrkomb\u00ebtar ka fizionomin\u00eb e vet dhe n\u00ebp\u00ebr sken\u00ebn e tij kalojn\u00eb krijues moshash e nivelesh nga m\u00eb t\u00eb ndryshmet, por dhe nga an\u00eb t\u00eb tjera t\u00eb Atdheut e m\u00eb gjer\u00eb. P\u00ebr shkak t\u00eb pasiguris\u00eb p\u00ebr t\u00eb siguruar mjete materiale, kemi mbetur pa ndonj\u00eb poet nd\u00ebrkomb\u00ebtar!<br>Poet\u00ebt tan\u00eb kan\u00eb mund\u00ebsi t\u00eb paraqiten n\u00eb tri qendra t\u00eb r\u00ebnd\u00ebsishme komb\u00ebtare e kulturore t\u00eb Shqip\u00ebris\u00eb etnike, t\u00eb deklamojn\u00eb krijimet e tyre poetike dhe t\u00eb artikulojn\u00eb pik\u00ebpamjet artistike, duke konceptuar tema e motive nga Lufta e U\u00c7K-s\u00eb dhe jeta historike e aktuale, q\u00eb e b\u00ebjn\u00eb me interes k\u00ebt\u00eb veprimtari.<br>Bota komplekse poetike po shpaloset para jush e publikut nga pena t\u00eb shquara, krijues q\u00eb kan\u00eb b\u00ebr\u00eb em\u00ebr n\u00eb let\u00ebrsi, por dhe t\u00eb till\u00eb q\u00eb po b\u00ebjn\u00eb hapat drejt bot\u00ebs magjike letrare.<br>Nga nj\u00ebri skaj i Shqip\u00ebris\u00eb n\u00eb tjetrin po d\u00ebgjohen z\u00ebra t\u00eb frym\u00ebzuar nga muza poetike, p\u00ebr t\u00eb sjell\u00eb n\u00eb sken\u00eb larushin\u00eb dhe pasurin\u00eb ndjenjore e mendimore, at\u00eb bot\u00eb t\u00eb ve\u00e7ant\u00eb q\u00eb vet\u00ebm poet\u00ebt din\u00eb dhe mund ta artikulojn\u00eb.<br>N\u00eb tri mjedise t\u00eb r\u00ebnd\u00ebsishme komb\u00ebtare, pra, do t\u00eb deklamohen vargje t\u00eb frym\u00ebzuara q\u00eb lidhen me jet\u00ebn e historin\u00eb, krijime q\u00eb portretizojn\u00eb figura e ngjarje t\u00eb r\u00ebnd\u00ebsishme t\u00eb jet\u00ebs son\u00eb shoq\u00ebrore e komb\u00ebtare.<br>Besojm\u00eb se programin e FNP \u201cDrini poetik\u201d tashm\u00eb e keni t\u00eb njohur. Pas pak fillon sesioni letrar \u201cFigura e Sk\u00ebnderbeut n\u00eb poezin\u00eb e sotme shqipe\u201d, ku paraqiten disa kumtesa nga studiues e shkrimtar\u00eb. Pastaj, n\u00eb or\u00ebn 17 \u00ebsht\u00eb \u201cLira magjike\u201d, ku krijuesit paraqiten me vargjet e tyre poetike.<br>Nes\u00ebr, e mart\u00eb, n\u00eb or\u00ebn 13,00, takohemi n\u00eb Sheshin e Lidhjes Shqiptare t\u00eb Prizrenit n\u00eb \u201cOr\u00ebn e Lidhjes\u201d, kurse n\u00eb or\u00ebn 18 do t\u00eb kemi k\u00ebnaq\u00ebsin\u00eb t\u00eb jemi n\u00eb pallatin e kultur\u00ebs \u201cHasan Prishtina\u201d t\u00eb Kuk\u00ebsit me \u201cVal\u00ebt e Drinit\u201d, ku shpresojm\u00eb se p\u00ebrgjegj\u00ebsit do t\u2019i hapin dyert si gjithnj\u00eb p\u00ebr poet\u00ebt.<br>Nd\u00ebrkaq, n\u00eb Kuk\u00ebs juria letrare do t\u00eb shpall\u00eb rezultatet, me \u00e7\u2019rast jepen \u00e7mimet letrare: \u201cMetafora I, II, III\u201d dhe nj\u00eb komplet i veprave letrare-shkencore t\u00eb Institutit Albanologjik t\u00eb Prishtin\u00ebs.<br>Por nes\u00ebr, n\u00eb or\u00ebn 10,45, autobusi me poet\u00ebt pjes\u00ebmarr\u00ebs t\u00eb festivalit, do t\u00eb niset p\u00ebr Prizren e Kuk\u00ebs anash Fakultetit t\u00eb Filologjis\u00eb t\u00eb UP-s\u00eb.<br>Duke shprehur k\u00ebnaq\u00ebsin\u00eb dhe fal\u00ebnderimin q\u00eb po merrni pjes\u00eb n\u00eb k\u00ebt\u00eb ngjarje letrare, shkencore e artistike, urojm\u00eb t\u00eb kaloni \u00e7aste t\u00eb k\u00ebndshme me krijimet poetike dhe n\u00eb atmosfer\u00ebn q\u00eb do ta krijojm\u00eb s\u00eb bashku. <\/p>\n\n\n\n<p>U mbajt festivali nd\u00ebrkomb\u00ebtar i poezis\u00eb DRINI POETIK n\u00eb Prishtin\u00eb-Prizren-Kuk\u00ebs<br>MOR\u00cbN PJES\u00cb RRETH NJ\u00cbQIND POET\u00cb E KRIJUES T\u00cb TJER\u00cb<\/p>\n\n\n\n<p>P\u00ebr t\u00eb gjasht\u00ebmb\u00ebdhjet\u00ebn her\u00eb me radh\u00eb, n\u00eb shenj\u00eb t\u00eb Lidhjes Shqiptare t\u00eb Prizrenit u mbajt festivali nd\u00ebrkomb\u00ebtar i poezis\u00eb DRINI POETIK n\u00eb tri qendra t\u00eb r\u00ebnd\u00ebsishme t\u00eb bot\u00ebs shqiptare, n\u00eb Prishtin\u00eb, Prizren e Kuk\u00ebs, m\u00eb 9 e 10 qershor 2025, ku mor\u00ebn pjes\u00eb poet\u00eb, shkrimtar\u00eb e studiues nga e t\u00ebr\u00eb bota shqiptare brenda e jasht\u00eb Atdheut, Shqip\u00ebris\u00eb etnike.<br>U organizua sesioni letrar \u201cFigura e Sk\u00ebnderbeut n\u00eb poezin\u00eb e sotme shqipe\u201d, u p\u00ebruruan shtat\u00eb vepra t\u00eb reja t\u00eb dy vjet\u00ebve t\u00eb fundit, u mbajt\u00ebn or\u00ebt letrare \u201cLira magjike\u201d n\u00eb Prishtin\u00eb, \u201cOra e Lidhjes\u201d n\u00eb Prizren dhe \u201cVal\u00ebt e Drinit\u201d n\u00eb Kuk\u00ebs. N\u00eb forma t\u00eb ndryshme n\u00eb k\u00ebt\u00eb veprimtari u paraqit\u00ebn rreth nj\u00ebqind krijues duke dh\u00ebn\u00eb kontributin e tyre me veprat e tyre letrare.<br>Juria letrare nderoi kat\u00ebr poet\u00eb p\u00ebr paraqitet e tyre dhe veprimtarin\u00eb: \u201cMetafora I\u201d \u2013 poeti Vladimir Mu\u00e7a, \u201cMetafora II\u201d \u2013 Minire Hyseni, \u201cMetafora III\u201d \u2013 Halil Xani dhe me nj\u00eb komplet veprat t\u00eb Institutit Albanologjik t\u00eb Prishtin\u00ebs, poetesha Lumnie Halilaj.<br>Pjes\u00ebmarr\u00ebsit n\u00eb Prizren vizituan ekspozit\u00ebn e artistit e poetit Idriz Berisha &#8211; Xhixhi, hapur n\u00eb shenj\u00eb t\u00eb Lidhjes Shqiptare t\u00eb Prizrenit.<\/p>\n","protected":false},"excerpt":{"rendered":"<p>POET\u00cbT PARAQITEN N\u00cb TRI QENDRA T\u00cb R\u00cbND\u00cbSISHME KOMB\u00cbTARE Kemi k\u00ebnaq\u00ebsin\u00eb q\u00eb n\u00eb 16-vjetorin e festivalit nd\u00ebrkomb\u00ebtar t\u00eb poezis\u00eb \u201cDrini poetik\u201d, q\u00eb organizohet n\u00eb shenj\u00eb t\u00eb Lidhjes Shqiptare t\u00eb Prizrenit, m\u00eb 9 e 10 qershor 2025, n\u00eb Prishtin\u00eb, Prizren e Kuk\u00ebs t\u2019ju p\u00ebrsh\u00ebndesim dhe t\u2019ju urojm\u00eb mir\u00ebseardhje!Me k\u00ebnaq\u00ebsi p\u00ebrsh\u00ebndesim koleg\u00ebt e miqt\u00eb e ftuar: kryetarin Agim&#8230;<\/p>\n","protected":false},"author":2,"featured_media":5038,"comment_status":"open","ping_status":"open","sticky":false,"template":"","format":"standard","meta":{"_coblocks_attr":"","_coblocks_dimensions":"","_coblocks_responsive_height":"","_coblocks_accordion_ie_support":"","_monsterinsights_skip_tracking":false,"_monsterinsights_sitenote_active":false,"_monsterinsights_sitenote_note":"","_monsterinsights_sitenote_category":0,"footnotes":""},"categories":[18],"tags":[],"class_list":["post-5037","post","type-post","status-publish","format-standard","has-post-thumbnail","hentry","category-kulture"],"yoast_head":"<!-- This site is optimized with the Yoast SEO plugin v27.5 - https:\/\/yoast.com\/product\/yoast-seo-wordpress\/ -->\n<title>Fjala e kryetarit t\u00eb LSHK-s\u00eb, Prof. dr. Shyqri Galica, n\u00eb hapje t\u00eb FNP &quot;DRINI POETIK&quot;, 2025 - Medvegja Sot<\/title>\n<meta name=\"robots\" content=\"index, follow, max-snippet:-1, max-image-preview:large, max-video-preview:-1\" \/>\n<link rel=\"canonical\" href=\"https:\/\/medvegjasot.com\/?p=5037\" \/>\n<meta property=\"og:locale\" content=\"en_US\" \/>\n<meta property=\"og:type\" content=\"article\" \/>\n<meta property=\"og:title\" content=\"Fjala e kryetarit t\u00eb LSHK-s\u00eb, Prof. dr. Shyqri Galica, n\u00eb hapje t\u00eb FNP &quot;DRINI POETIK&quot;, 2025 - Medvegja Sot\" \/>\n<meta property=\"og:description\" content=\"POET\u00cbT PARAQITEN N\u00cb TRI QENDRA T\u00cb R\u00cbND\u00cbSISHME KOMB\u00cbTARE Kemi k\u00ebnaq\u00ebsin\u00eb q\u00eb n\u00eb 16-vjetorin e festivalit nd\u00ebrkomb\u00ebtar t\u00eb poezis\u00eb \u201cDrini poetik\u201d, q\u00eb organizohet n\u00eb shenj\u00eb t\u00eb Lidhjes Shqiptare t\u00eb Prizrenit, m\u00eb 9 e 10 qershor 2025, n\u00eb Prishtin\u00eb, Prizren e Kuk\u00ebs t\u2019ju p\u00ebrsh\u00ebndesim dhe t\u2019ju urojm\u00eb mir\u00ebseardhje!Me k\u00ebnaq\u00ebsi p\u00ebrsh\u00ebndesim koleg\u00ebt e miqt\u00eb e ftuar: kryetarin Agim...\" \/>\n<meta property=\"og:url\" content=\"https:\/\/medvegjasot.com\/?p=5037\" \/>\n<meta property=\"og:site_name\" content=\"Medvegja Sot\" \/>\n<meta property=\"article:publisher\" content=\"https:\/\/www.facebook.com\/MedvegjaSot.com1\" \/>\n<meta property=\"article:published_time\" content=\"2025-06-10T11:27:22+00:00\" \/>\n<meta property=\"article:modified_time\" content=\"2025-06-12T10:32:53+00:00\" \/>\n<meta property=\"og:image\" content=\"https:\/\/medvegjasot.com\/wp-content\/uploads\/2025\/06\/photo-output-4.jpeg\" \/>\n\t<meta property=\"og:image:width\" content=\"2048\" \/>\n\t<meta property=\"og:image:height\" content=\"1152\" \/>\n\t<meta property=\"og:image:type\" content=\"image\/jpeg\" \/>\n<meta name=\"author\" content=\"admin\" \/>\n<meta name=\"twitter:card\" content=\"summary_large_image\" \/>\n<meta name=\"twitter:label1\" content=\"Written by\" \/>\n\t<meta name=\"twitter:data1\" content=\"admin\" \/>\n\t<meta name=\"twitter:label2\" content=\"Est. reading time\" \/>\n\t<meta name=\"twitter:data2\" content=\"4 minutes\" \/>\n<script type=\"application\/ld+json\" class=\"yoast-schema-graph\">{\"@context\":\"https:\\\/\\\/schema.org\",\"@graph\":[{\"@type\":\"Article\",\"@id\":\"https:\\\/\\\/medvegjasot.com\\\/?p=5037#article\",\"isPartOf\":{\"@id\":\"https:\\\/\\\/medvegjasot.com\\\/?p=5037\"},\"author\":{\"name\":\"admin\",\"@id\":\"https:\\\/\\\/medvegjasot.com\\\/#\\\/schema\\\/person\\\/f2be1a84f4e95d0cb032946a1cf2e594\"},\"headline\":\"Fjala e kryetarit t\u00eb LSHK-s\u00eb, Prof. dr. Shyqri Galica, n\u00eb hapje t\u00eb FNP &#8220;DRINI POETIK&#8221;, 2025\",\"datePublished\":\"2025-06-10T11:27:22+00:00\",\"dateModified\":\"2025-06-12T10:32:53+00:00\",\"mainEntityOfPage\":{\"@id\":\"https:\\\/\\\/medvegjasot.com\\\/?p=5037\"},\"wordCount\":951,\"commentCount\":0,\"publisher\":{\"@id\":\"https:\\\/\\\/medvegjasot.com\\\/#organization\"},\"image\":{\"@id\":\"https:\\\/\\\/medvegjasot.com\\\/?p=5037#primaryimage\"},\"thumbnailUrl\":\"https:\\\/\\\/medvegjasot.com\\\/wp-content\\\/uploads\\\/2025\\\/06\\\/photo-output-4.jpeg\",\"articleSection\":[\"KULTUR\u00cb\"],\"inLanguage\":\"en-US\",\"potentialAction\":[{\"@type\":\"CommentAction\",\"name\":\"Comment\",\"target\":[\"https:\\\/\\\/medvegjasot.com\\\/?p=5037#respond\"]}]},{\"@type\":\"WebPage\",\"@id\":\"https:\\\/\\\/medvegjasot.com\\\/?p=5037\",\"url\":\"https:\\\/\\\/medvegjasot.com\\\/?p=5037\",\"name\":\"Fjala e kryetarit t\u00eb LSHK-s\u00eb, Prof. dr. Shyqri Galica, n\u00eb hapje t\u00eb FNP \\\"DRINI POETIK\\\", 2025 - Medvegja Sot\",\"isPartOf\":{\"@id\":\"https:\\\/\\\/medvegjasot.com\\\/#website\"},\"primaryImageOfPage\":{\"@id\":\"https:\\\/\\\/medvegjasot.com\\\/?p=5037#primaryimage\"},\"image\":{\"@id\":\"https:\\\/\\\/medvegjasot.com\\\/?p=5037#primaryimage\"},\"thumbnailUrl\":\"https:\\\/\\\/medvegjasot.com\\\/wp-content\\\/uploads\\\/2025\\\/06\\\/photo-output-4.jpeg\",\"datePublished\":\"2025-06-10T11:27:22+00:00\",\"dateModified\":\"2025-06-12T10:32:53+00:00\",\"breadcrumb\":{\"@id\":\"https:\\\/\\\/medvegjasot.com\\\/?p=5037#breadcrumb\"},\"inLanguage\":\"en-US\",\"potentialAction\":[{\"@type\":\"ReadAction\",\"target\":[\"https:\\\/\\\/medvegjasot.com\\\/?p=5037\"]}]},{\"@type\":\"ImageObject\",\"inLanguage\":\"en-US\",\"@id\":\"https:\\\/\\\/medvegjasot.com\\\/?p=5037#primaryimage\",\"url\":\"https:\\\/\\\/medvegjasot.com\\\/wp-content\\\/uploads\\\/2025\\\/06\\\/photo-output-4.jpeg\",\"contentUrl\":\"https:\\\/\\\/medvegjasot.com\\\/wp-content\\\/uploads\\\/2025\\\/06\\\/photo-output-4.jpeg\",\"width\":2048,\"height\":1152},{\"@type\":\"BreadcrumbList\",\"@id\":\"https:\\\/\\\/medvegjasot.com\\\/?p=5037#breadcrumb\",\"itemListElement\":[{\"@type\":\"ListItem\",\"position\":1,\"name\":\"Home\",\"item\":\"https:\\\/\\\/medvegjasot.com\\\/\"},{\"@type\":\"ListItem\",\"position\":2,\"name\":\"Fjala e kryetarit t\u00eb LSHK-s\u00eb, Prof. dr. Shyqri Galica, n\u00eb hapje t\u00eb FNP &#8220;DRINI POETIK&#8221;, 2025\"}]},{\"@type\":\"WebSite\",\"@id\":\"https:\\\/\\\/medvegjasot.com\\\/#website\",\"url\":\"https:\\\/\\\/medvegjasot.com\\\/\",\"name\":\"Medvegja Sot\",\"description\":\"Portal Lajmesh\",\"publisher\":{\"@id\":\"https:\\\/\\\/medvegjasot.com\\\/#organization\"},\"alternateName\":\"MS\",\"potentialAction\":[{\"@type\":\"SearchAction\",\"target\":{\"@type\":\"EntryPoint\",\"urlTemplate\":\"https:\\\/\\\/medvegjasot.com\\\/?s={search_term_string}\"},\"query-input\":{\"@type\":\"PropertyValueSpecification\",\"valueRequired\":true,\"valueName\":\"search_term_string\"}}],\"inLanguage\":\"en-US\"},{\"@type\":\"Organization\",\"@id\":\"https:\\\/\\\/medvegjasot.com\\\/#organization\",\"name\":\"Medvegja Sot\",\"alternateName\":\"MS\",\"url\":\"https:\\\/\\\/medvegjasot.com\\\/\",\"logo\":{\"@type\":\"ImageObject\",\"inLanguage\":\"en-US\",\"@id\":\"https:\\\/\\\/medvegjasot.com\\\/#\\\/schema\\\/logo\\\/image\\\/\",\"url\":\"https:\\\/\\\/medvegjasot.com\\\/wp-content\\\/uploads\\\/2024\\\/08\\\/logo.png\",\"contentUrl\":\"https:\\\/\\\/medvegjasot.com\\\/wp-content\\\/uploads\\\/2024\\\/08\\\/logo.png\",\"width\":500,\"height\":500,\"caption\":\"Medvegja Sot\"},\"image\":{\"@id\":\"https:\\\/\\\/medvegjasot.com\\\/#\\\/schema\\\/logo\\\/image\\\/\"},\"sameAs\":[\"https:\\\/\\\/www.facebook.com\\\/MedvegjaSot.com1\"]},{\"@type\":\"Person\",\"@id\":\"https:\\\/\\\/medvegjasot.com\\\/#\\\/schema\\\/person\\\/f2be1a84f4e95d0cb032946a1cf2e594\",\"name\":\"admin\",\"image\":{\"@type\":\"ImageObject\",\"inLanguage\":\"en-US\",\"@id\":\"https:\\\/\\\/secure.gravatar.com\\\/avatar\\\/2eedc5259426225ddc6f98b4b6728c30418b83e6f70285719780d3518d972ece?s=96&d=mm&r=g\",\"url\":\"https:\\\/\\\/secure.gravatar.com\\\/avatar\\\/2eedc5259426225ddc6f98b4b6728c30418b83e6f70285719780d3518d972ece?s=96&d=mm&r=g\",\"contentUrl\":\"https:\\\/\\\/secure.gravatar.com\\\/avatar\\\/2eedc5259426225ddc6f98b4b6728c30418b83e6f70285719780d3518d972ece?s=96&d=mm&r=g\",\"caption\":\"admin\"},\"url\":\"https:\\\/\\\/medvegjasot.com\\\/?author=2\"}]}<\/script>\n<!-- \/ Yoast SEO plugin. -->","yoast_head_json":{"title":"Fjala e kryetarit t\u00eb LSHK-s\u00eb, Prof. dr. Shyqri Galica, n\u00eb hapje t\u00eb FNP \"DRINI POETIK\", 2025 - Medvegja Sot","robots":{"index":"index","follow":"follow","max-snippet":"max-snippet:-1","max-image-preview":"max-image-preview:large","max-video-preview":"max-video-preview:-1"},"canonical":"https:\/\/medvegjasot.com\/?p=5037","og_locale":"en_US","og_type":"article","og_title":"Fjala e kryetarit t\u00eb LSHK-s\u00eb, Prof. dr. Shyqri Galica, n\u00eb hapje t\u00eb FNP \"DRINI POETIK\", 2025 - Medvegja Sot","og_description":"POET\u00cbT PARAQITEN N\u00cb TRI QENDRA T\u00cb R\u00cbND\u00cbSISHME KOMB\u00cbTARE Kemi k\u00ebnaq\u00ebsin\u00eb q\u00eb n\u00eb 16-vjetorin e festivalit nd\u00ebrkomb\u00ebtar t\u00eb poezis\u00eb \u201cDrini poetik\u201d, q\u00eb organizohet n\u00eb shenj\u00eb t\u00eb Lidhjes Shqiptare t\u00eb Prizrenit, m\u00eb 9 e 10 qershor 2025, n\u00eb Prishtin\u00eb, Prizren e Kuk\u00ebs t\u2019ju p\u00ebrsh\u00ebndesim dhe t\u2019ju urojm\u00eb mir\u00ebseardhje!Me k\u00ebnaq\u00ebsi p\u00ebrsh\u00ebndesim koleg\u00ebt e miqt\u00eb e ftuar: kryetarin Agim...","og_url":"https:\/\/medvegjasot.com\/?p=5037","og_site_name":"Medvegja Sot","article_publisher":"https:\/\/www.facebook.com\/MedvegjaSot.com1","article_published_time":"2025-06-10T11:27:22+00:00","article_modified_time":"2025-06-12T10:32:53+00:00","og_image":[{"width":2048,"height":1152,"url":"https:\/\/medvegjasot.com\/wp-content\/uploads\/2025\/06\/photo-output-4.jpeg","type":"image\/jpeg"}],"author":"admin","twitter_card":"summary_large_image","twitter_misc":{"Written by":"admin","Est. reading time":"4 minutes"},"schema":{"@context":"https:\/\/schema.org","@graph":[{"@type":"Article","@id":"https:\/\/medvegjasot.com\/?p=5037#article","isPartOf":{"@id":"https:\/\/medvegjasot.com\/?p=5037"},"author":{"name":"admin","@id":"https:\/\/medvegjasot.com\/#\/schema\/person\/f2be1a84f4e95d0cb032946a1cf2e594"},"headline":"Fjala e kryetarit t\u00eb LSHK-s\u00eb, Prof. dr. Shyqri Galica, n\u00eb hapje t\u00eb FNP &#8220;DRINI POETIK&#8221;, 2025","datePublished":"2025-06-10T11:27:22+00:00","dateModified":"2025-06-12T10:32:53+00:00","mainEntityOfPage":{"@id":"https:\/\/medvegjasot.com\/?p=5037"},"wordCount":951,"commentCount":0,"publisher":{"@id":"https:\/\/medvegjasot.com\/#organization"},"image":{"@id":"https:\/\/medvegjasot.com\/?p=5037#primaryimage"},"thumbnailUrl":"https:\/\/medvegjasot.com\/wp-content\/uploads\/2025\/06\/photo-output-4.jpeg","articleSection":["KULTUR\u00cb"],"inLanguage":"en-US","potentialAction":[{"@type":"CommentAction","name":"Comment","target":["https:\/\/medvegjasot.com\/?p=5037#respond"]}]},{"@type":"WebPage","@id":"https:\/\/medvegjasot.com\/?p=5037","url":"https:\/\/medvegjasot.com\/?p=5037","name":"Fjala e kryetarit t\u00eb LSHK-s\u00eb, Prof. dr. Shyqri Galica, n\u00eb hapje t\u00eb FNP \"DRINI POETIK\", 2025 - Medvegja Sot","isPartOf":{"@id":"https:\/\/medvegjasot.com\/#website"},"primaryImageOfPage":{"@id":"https:\/\/medvegjasot.com\/?p=5037#primaryimage"},"image":{"@id":"https:\/\/medvegjasot.com\/?p=5037#primaryimage"},"thumbnailUrl":"https:\/\/medvegjasot.com\/wp-content\/uploads\/2025\/06\/photo-output-4.jpeg","datePublished":"2025-06-10T11:27:22+00:00","dateModified":"2025-06-12T10:32:53+00:00","breadcrumb":{"@id":"https:\/\/medvegjasot.com\/?p=5037#breadcrumb"},"inLanguage":"en-US","potentialAction":[{"@type":"ReadAction","target":["https:\/\/medvegjasot.com\/?p=5037"]}]},{"@type":"ImageObject","inLanguage":"en-US","@id":"https:\/\/medvegjasot.com\/?p=5037#primaryimage","url":"https:\/\/medvegjasot.com\/wp-content\/uploads\/2025\/06\/photo-output-4.jpeg","contentUrl":"https:\/\/medvegjasot.com\/wp-content\/uploads\/2025\/06\/photo-output-4.jpeg","width":2048,"height":1152},{"@type":"BreadcrumbList","@id":"https:\/\/medvegjasot.com\/?p=5037#breadcrumb","itemListElement":[{"@type":"ListItem","position":1,"name":"Home","item":"https:\/\/medvegjasot.com\/"},{"@type":"ListItem","position":2,"name":"Fjala e kryetarit t\u00eb LSHK-s\u00eb, Prof. dr. Shyqri Galica, n\u00eb hapje t\u00eb FNP &#8220;DRINI POETIK&#8221;, 2025"}]},{"@type":"WebSite","@id":"https:\/\/medvegjasot.com\/#website","url":"https:\/\/medvegjasot.com\/","name":"Medvegja Sot","description":"Portal Lajmesh","publisher":{"@id":"https:\/\/medvegjasot.com\/#organization"},"alternateName":"MS","potentialAction":[{"@type":"SearchAction","target":{"@type":"EntryPoint","urlTemplate":"https:\/\/medvegjasot.com\/?s={search_term_string}"},"query-input":{"@type":"PropertyValueSpecification","valueRequired":true,"valueName":"search_term_string"}}],"inLanguage":"en-US"},{"@type":"Organization","@id":"https:\/\/medvegjasot.com\/#organization","name":"Medvegja Sot","alternateName":"MS","url":"https:\/\/medvegjasot.com\/","logo":{"@type":"ImageObject","inLanguage":"en-US","@id":"https:\/\/medvegjasot.com\/#\/schema\/logo\/image\/","url":"https:\/\/medvegjasot.com\/wp-content\/uploads\/2024\/08\/logo.png","contentUrl":"https:\/\/medvegjasot.com\/wp-content\/uploads\/2024\/08\/logo.png","width":500,"height":500,"caption":"Medvegja Sot"},"image":{"@id":"https:\/\/medvegjasot.com\/#\/schema\/logo\/image\/"},"sameAs":["https:\/\/www.facebook.com\/MedvegjaSot.com1"]},{"@type":"Person","@id":"https:\/\/medvegjasot.com\/#\/schema\/person\/f2be1a84f4e95d0cb032946a1cf2e594","name":"admin","image":{"@type":"ImageObject","inLanguage":"en-US","@id":"https:\/\/secure.gravatar.com\/avatar\/2eedc5259426225ddc6f98b4b6728c30418b83e6f70285719780d3518d972ece?s=96&d=mm&r=g","url":"https:\/\/secure.gravatar.com\/avatar\/2eedc5259426225ddc6f98b4b6728c30418b83e6f70285719780d3518d972ece?s=96&d=mm&r=g","contentUrl":"https:\/\/secure.gravatar.com\/avatar\/2eedc5259426225ddc6f98b4b6728c30418b83e6f70285719780d3518d972ece?s=96&d=mm&r=g","caption":"admin"},"url":"https:\/\/medvegjasot.com\/?author=2"}]}},"jetpack_featured_media_url":"https:\/\/medvegjasot.com\/wp-content\/uploads\/2025\/06\/photo-output-4.jpeg","_links":{"self":[{"href":"https:\/\/medvegjasot.com\/index.php?rest_route=\/wp\/v2\/posts\/5037","targetHints":{"allow":["GET"]}}],"collection":[{"href":"https:\/\/medvegjasot.com\/index.php?rest_route=\/wp\/v2\/posts"}],"about":[{"href":"https:\/\/medvegjasot.com\/index.php?rest_route=\/wp\/v2\/types\/post"}],"author":[{"embeddable":true,"href":"https:\/\/medvegjasot.com\/index.php?rest_route=\/wp\/v2\/users\/2"}],"replies":[{"embeddable":true,"href":"https:\/\/medvegjasot.com\/index.php?rest_route=%2Fwp%2Fv2%2Fcomments&post=5037"}],"version-history":[{"count":3,"href":"https:\/\/medvegjasot.com\/index.php?rest_route=\/wp\/v2\/posts\/5037\/revisions"}],"predecessor-version":[{"id":5053,"href":"https:\/\/medvegjasot.com\/index.php?rest_route=\/wp\/v2\/posts\/5037\/revisions\/5053"}],"wp:featuredmedia":[{"embeddable":true,"href":"https:\/\/medvegjasot.com\/index.php?rest_route=\/wp\/v2\/media\/5038"}],"wp:attachment":[{"href":"https:\/\/medvegjasot.com\/index.php?rest_route=%2Fwp%2Fv2%2Fmedia&parent=5037"}],"wp:term":[{"taxonomy":"category","embeddable":true,"href":"https:\/\/medvegjasot.com\/index.php?rest_route=%2Fwp%2Fv2%2Fcategories&post=5037"},{"taxonomy":"post_tag","embeddable":true,"href":"https:\/\/medvegjasot.com\/index.php?rest_route=%2Fwp%2Fv2%2Ftags&post=5037"}],"curies":[{"name":"wp","href":"https:\/\/api.w.org\/{rel}","templated":true}]}}