{"id":5032,"date":"2025-06-10T11:20:37","date_gmt":"2025-06-10T11:20:37","guid":{"rendered":"https:\/\/medvegjasot.com\/?p=5032"},"modified":"2025-06-11T08:52:03","modified_gmt":"2025-06-11T08:52:03","slug":"lidhja-shqiptare-e-prizrenit-1878-1881","status":"publish","type":"post","link":"https:\/\/medvegjasot.com\/?p=5032","title":{"rendered":"Lidhja Shqiptare e Prizrenit (1878 &#8211; 1881)\u00a0"},"content":{"rendered":"\n<p><strong>Sot mbushen 147 vjet q\u00eb kur m\u00eb 10 qershor 1878 filloi organizimi dhe themelimi i Lidhjes Shqiptare t\u00eb Prizrenit, transmeton MEDVEGJASOT.com<\/strong><\/p>\n\n\n\n<figure class=\"wp-block-embed is-type-video is-provider-youtube wp-block-embed-youtube wp-embed-aspect-16-9 wp-has-aspect-ratio\"><div class=\"wp-block-embed__wrapper\">\n<iframe  id=\"_ytid_29866\"  width=\"640\" height=\"360\"  data-origwidth=\"640\" data-origheight=\"360\" src=\"https:\/\/www.youtube.com\/embed\/wNr6r6cCw2Y?enablejsapi=1&#038;autoplay=0&#038;cc_load_policy=0&#038;cc_lang_pref=&#038;iv_load_policy=1&#038;loop=0&#038;rel=1&#038;fs=1&#038;playsinline=0&#038;autohide=2&#038;theme=dark&#038;color=red&#038;controls=1&#038;\" class=\"__youtube_prefs__  epyt-is-override  no-lazyload\" title=\"YouTube player\"  allow=\"fullscreen; accelerometer; autoplay; clipboard-write; encrypted-media; gyroscope; picture-in-picture; web-share\" referrerpolicy=\"strict-origin-when-cross-origin\" allowfullscreen data-no-lazy=\"1\" data-skipgform_ajax_framebjll=\"\"><\/iframe>\n<\/div><\/figure>\n\n\n\n<p><\/p>\n\n\n\n<p>Lidhja Shqiptare e Prizrenit (1878 &#8211; 1881) zyrtarisht filloi me tubimin e 300 p\u00ebrfaq\u00ebsuesve t\u00eb t\u00eb gjitha krahinave shqiptare n\u00eb kuvendin shqiptar t\u00eb mbajtur n\u00eb Prizren m\u00eb 10 qershor 1878.<\/p>\n\n\n\n<p>Q\u00ebllimi i takimit ishte formimi i nj\u00eb shteti autonom shqiptar q\u00eb do t\u00eb mbulonte vilajetet otomane t\u00eb Prizrenit, Shkodr\u00ebs, Manastirit, dhe Janin\u00ebs. Lidhja ishte p\u00ebrpjekja e par\u00eb e madhe p\u00ebr t\u00eb krijuar nj\u00eb regjion t\u00eb bashkuar shqiptar qysh nga d\u00ebshtimi i forcave t\u00eb Sk\u00ebnderbeut n\u00eb Mesjet\u00eb.<\/p>\n\n\n\n<figure class=\"wp-block-gallery has-nested-images columns-default is-cropped wp-block-gallery-1 is-layout-flex wp-block-gallery-is-layout-flex\">\n<figure class=\"wp-block-image size-large\"><img fetchpriority=\"high\" decoding=\"async\" width=\"1024\" height=\"683\" data-id=\"5044\" src=\"https:\/\/medvegjasot.com\/wp-content\/uploads\/2025\/06\/IMG_8127-1024x683.jpeg\" alt=\"\" class=\"wp-image-5044\" srcset=\"https:\/\/medvegjasot.com\/wp-content\/uploads\/2025\/06\/IMG_8127-1024x683.jpeg 1024w, https:\/\/medvegjasot.com\/wp-content\/uploads\/2025\/06\/IMG_8127-300x200.jpeg 300w, https:\/\/medvegjasot.com\/wp-content\/uploads\/2025\/06\/IMG_8127-768x512.jpeg 768w, https:\/\/medvegjasot.com\/wp-content\/uploads\/2025\/06\/IMG_8127-1536x1025.jpeg 1536w, https:\/\/medvegjasot.com\/wp-content\/uploads\/2025\/06\/IMG_8127-600x400.jpeg 600w, https:\/\/medvegjasot.com\/wp-content\/uploads\/2025\/06\/IMG_8127.jpeg 2048w\" sizes=\"(max-width: 1024px) 100vw, 1024px\" \/><\/figure>\n\n\n\n<figure class=\"wp-block-image size-large\"><img decoding=\"async\" width=\"1024\" height=\"684\" data-id=\"5045\" src=\"https:\/\/medvegjasot.com\/wp-content\/uploads\/2025\/06\/IMG_8126-1024x684.jpeg\" alt=\"\" class=\"wp-image-5045\" srcset=\"https:\/\/medvegjasot.com\/wp-content\/uploads\/2025\/06\/IMG_8126-1024x684.jpeg 1024w, https:\/\/medvegjasot.com\/wp-content\/uploads\/2025\/06\/IMG_8126-300x200.jpeg 300w, https:\/\/medvegjasot.com\/wp-content\/uploads\/2025\/06\/IMG_8126-768x513.jpeg 768w, https:\/\/medvegjasot.com\/wp-content\/uploads\/2025\/06\/IMG_8126-1536x1026.jpeg 1536w, https:\/\/medvegjasot.com\/wp-content\/uploads\/2025\/06\/IMG_8126-600x400.jpeg 600w, https:\/\/medvegjasot.com\/wp-content\/uploads\/2025\/06\/IMG_8126.jpeg 2048w\" sizes=\"(max-width: 1024px) 100vw, 1024px\" \/><\/figure>\n<\/figure>\n\n\n\n<p><\/p>\n\n\n\n<p><\/p>\n\n\n\n<p>Nj\u00eb nga fjalimet q\u00eb u mbajt mend aty ishte ai i Abdyl Frash\u00ebrit: \u201cQ\u00ebllimi i Kuvendit \u00ebsht\u00eb q\u00eb t\u2019ua presim hovin armiqve t\u00eb pashpirt, duke lidhur bes\u00ebn shqiptare dhe duke u betuar q\u00eb t\u2019i mbrojm\u00eb me gjak trojet q\u00eb na kan\u00eb l\u00ebn\u00eb gjysh\u00ebrit dhe st\u00ebrgjysh\u00ebrit tan\u00eb\u201d. Dy aktet e para q\u00eb mori Lidhja e Prizrenit ishin nj\u00eb peticion nisur Kongresit t\u00eb Berlinit dhe nj\u00eb tjet\u00ebr perandoris\u00eb osmane. Aty i b\u00ebnin t\u00eb qart\u00eb se Shqip\u00ebria nuk mund t\u00eb jepte asnj\u00eb p\u00ebll\u00ebmb\u00eb tok\u00eb nga viset e saj,t\u00eb shoq\u00ebruara m\u00eb dhjet\u00ebra firma nga atdhetar\u00ebt pjes\u00ebmarr\u00ebs.<\/p>\n","protected":false},"excerpt":{"rendered":"<p>Sot mbushen 147 vjet q\u00eb kur m\u00eb 10 qershor 1878 filloi organizimi dhe themelimi i Lidhjes Shqiptare t\u00eb Prizrenit, transmeton MEDVEGJASOT.com Lidhja Shqiptare e Prizrenit (1878 &#8211; 1881) zyrtarisht filloi me tubimin e 300 p\u00ebrfaq\u00ebsuesve t\u00eb t\u00eb gjitha krahinave shqiptare n\u00eb kuvendin shqiptar t\u00eb mbajtur n\u00eb Prizren m\u00eb 10 qershor 1878. Q\u00ebllimi i takimit ishte&#8230;<\/p>\n","protected":false},"author":2,"featured_media":5033,"comment_status":"open","ping_status":"open","sticky":false,"template":"","format":"standard","meta":{"_coblocks_attr":"","_coblocks_dimensions":"","_coblocks_responsive_height":"","_coblocks_accordion_ie_support":"","_monsterinsights_skip_tracking":false,"_monsterinsights_sitenote_active":false,"_monsterinsights_sitenote_note":"","_monsterinsights_sitenote_category":0,"footnotes":""},"categories":[18],"tags":[],"class_list":["post-5032","post","type-post","status-publish","format-standard","has-post-thumbnail","hentry","category-kulture"],"yoast_head":"<!-- This site is optimized with the Yoast SEO plugin v27.5 - https:\/\/yoast.com\/product\/yoast-seo-wordpress\/ -->\n<title>Lidhja Shqiptare e Prizrenit (1878 - 1881)\u00a0 - Medvegja Sot<\/title>\n<meta name=\"robots\" content=\"index, follow, max-snippet:-1, max-image-preview:large, max-video-preview:-1\" \/>\n<link rel=\"canonical\" href=\"https:\/\/medvegjasot.com\/?p=5032\" \/>\n<meta property=\"og:locale\" content=\"en_US\" \/>\n<meta property=\"og:type\" content=\"article\" \/>\n<meta property=\"og:title\" content=\"Lidhja Shqiptare e Prizrenit (1878 - 1881)\u00a0 - Medvegja Sot\" \/>\n<meta property=\"og:description\" content=\"Sot mbushen 147 vjet q\u00eb kur m\u00eb 10 qershor 1878 filloi organizimi dhe themelimi i Lidhjes Shqiptare t\u00eb Prizrenit, transmeton MEDVEGJASOT.com Lidhja Shqiptare e Prizrenit (1878 &#8211; 1881) zyrtarisht filloi me tubimin e 300 p\u00ebrfaq\u00ebsuesve t\u00eb t\u00eb gjitha krahinave shqiptare n\u00eb kuvendin shqiptar t\u00eb mbajtur n\u00eb Prizren m\u00eb 10 qershor 1878. Q\u00ebllimi i takimit ishte...\" \/>\n<meta property=\"og:url\" content=\"https:\/\/medvegjasot.com\/?p=5032\" \/>\n<meta property=\"og:site_name\" content=\"Medvegja Sot\" \/>\n<meta property=\"article:publisher\" content=\"https:\/\/www.facebook.com\/MedvegjaSot.com1\" \/>\n<meta property=\"article:published_time\" content=\"2025-06-10T11:20:37+00:00\" \/>\n<meta property=\"article:modified_time\" content=\"2025-06-11T08:52:03+00:00\" \/>\n<meta property=\"og:image\" content=\"https:\/\/medvegjasot.com\/wp-content\/uploads\/2025\/06\/photo-output-3.jpeg\" \/>\n\t<meta property=\"og:image:width\" content=\"2048\" \/>\n\t<meta property=\"og:image:height\" content=\"1152\" \/>\n\t<meta property=\"og:image:type\" content=\"image\/jpeg\" \/>\n<meta name=\"author\" content=\"admin\" \/>\n<meta name=\"twitter:card\" content=\"summary_large_image\" \/>\n<meta name=\"twitter:label1\" content=\"Written by\" \/>\n\t<meta name=\"twitter:data1\" content=\"admin\" \/>\n\t<meta name=\"twitter:label2\" content=\"Est. reading time\" \/>\n\t<meta name=\"twitter:data2\" content=\"2 minutes\" \/>\n<script type=\"application\/ld+json\" class=\"yoast-schema-graph\">{\"@context\":\"https:\\\/\\\/schema.org\",\"@graph\":[{\"@type\":\"Article\",\"@id\":\"https:\\\/\\\/medvegjasot.com\\\/?p=5032#article\",\"isPartOf\":{\"@id\":\"https:\\\/\\\/medvegjasot.com\\\/?p=5032\"},\"author\":{\"name\":\"admin\",\"@id\":\"https:\\\/\\\/medvegjasot.com\\\/#\\\/schema\\\/person\\\/f2be1a84f4e95d0cb032946a1cf2e594\"},\"headline\":\"Lidhja Shqiptare e Prizrenit (1878 &#8211; 1881)\u00a0\",\"datePublished\":\"2025-06-10T11:20:37+00:00\",\"dateModified\":\"2025-06-11T08:52:03+00:00\",\"mainEntityOfPage\":{\"@id\":\"https:\\\/\\\/medvegjasot.com\\\/?p=5032\"},\"wordCount\":228,\"commentCount\":0,\"publisher\":{\"@id\":\"https:\\\/\\\/medvegjasot.com\\\/#organization\"},\"image\":{\"@id\":\"https:\\\/\\\/medvegjasot.com\\\/?p=5032#primaryimage\"},\"thumbnailUrl\":\"https:\\\/\\\/medvegjasot.com\\\/wp-content\\\/uploads\\\/2025\\\/06\\\/photo-output-3.jpeg\",\"articleSection\":[\"KULTUR\u00cb\"],\"inLanguage\":\"en-US\",\"potentialAction\":[{\"@type\":\"CommentAction\",\"name\":\"Comment\",\"target\":[\"https:\\\/\\\/medvegjasot.com\\\/?p=5032#respond\"]}]},{\"@type\":\"WebPage\",\"@id\":\"https:\\\/\\\/medvegjasot.com\\\/?p=5032\",\"url\":\"https:\\\/\\\/medvegjasot.com\\\/?p=5032\",\"name\":\"Lidhja Shqiptare e Prizrenit (1878 - 1881)\u00a0 - Medvegja Sot\",\"isPartOf\":{\"@id\":\"https:\\\/\\\/medvegjasot.com\\\/#website\"},\"primaryImageOfPage\":{\"@id\":\"https:\\\/\\\/medvegjasot.com\\\/?p=5032#primaryimage\"},\"image\":{\"@id\":\"https:\\\/\\\/medvegjasot.com\\\/?p=5032#primaryimage\"},\"thumbnailUrl\":\"https:\\\/\\\/medvegjasot.com\\\/wp-content\\\/uploads\\\/2025\\\/06\\\/photo-output-3.jpeg\",\"datePublished\":\"2025-06-10T11:20:37+00:00\",\"dateModified\":\"2025-06-11T08:52:03+00:00\",\"breadcrumb\":{\"@id\":\"https:\\\/\\\/medvegjasot.com\\\/?p=5032#breadcrumb\"},\"inLanguage\":\"en-US\",\"potentialAction\":[{\"@type\":\"ReadAction\",\"target\":[\"https:\\\/\\\/medvegjasot.com\\\/?p=5032\"]}]},{\"@type\":\"ImageObject\",\"inLanguage\":\"en-US\",\"@id\":\"https:\\\/\\\/medvegjasot.com\\\/?p=5032#primaryimage\",\"url\":\"https:\\\/\\\/medvegjasot.com\\\/wp-content\\\/uploads\\\/2025\\\/06\\\/photo-output-3.jpeg\",\"contentUrl\":\"https:\\\/\\\/medvegjasot.com\\\/wp-content\\\/uploads\\\/2025\\\/06\\\/photo-output-3.jpeg\",\"width\":2048,\"height\":1152},{\"@type\":\"BreadcrumbList\",\"@id\":\"https:\\\/\\\/medvegjasot.com\\\/?p=5032#breadcrumb\",\"itemListElement\":[{\"@type\":\"ListItem\",\"position\":1,\"name\":\"Home\",\"item\":\"https:\\\/\\\/medvegjasot.com\\\/\"},{\"@type\":\"ListItem\",\"position\":2,\"name\":\"Lidhja Shqiptare e Prizrenit (1878 &#8211; 1881)\u00a0\"}]},{\"@type\":\"WebSite\",\"@id\":\"https:\\\/\\\/medvegjasot.com\\\/#website\",\"url\":\"https:\\\/\\\/medvegjasot.com\\\/\",\"name\":\"Medvegja Sot\",\"description\":\"Portal Lajmesh\",\"publisher\":{\"@id\":\"https:\\\/\\\/medvegjasot.com\\\/#organization\"},\"alternateName\":\"MS\",\"potentialAction\":[{\"@type\":\"SearchAction\",\"target\":{\"@type\":\"EntryPoint\",\"urlTemplate\":\"https:\\\/\\\/medvegjasot.com\\\/?s={search_term_string}\"},\"query-input\":{\"@type\":\"PropertyValueSpecification\",\"valueRequired\":true,\"valueName\":\"search_term_string\"}}],\"inLanguage\":\"en-US\"},{\"@type\":\"Organization\",\"@id\":\"https:\\\/\\\/medvegjasot.com\\\/#organization\",\"name\":\"Medvegja Sot\",\"alternateName\":\"MS\",\"url\":\"https:\\\/\\\/medvegjasot.com\\\/\",\"logo\":{\"@type\":\"ImageObject\",\"inLanguage\":\"en-US\",\"@id\":\"https:\\\/\\\/medvegjasot.com\\\/#\\\/schema\\\/logo\\\/image\\\/\",\"url\":\"https:\\\/\\\/medvegjasot.com\\\/wp-content\\\/uploads\\\/2024\\\/08\\\/logo.png\",\"contentUrl\":\"https:\\\/\\\/medvegjasot.com\\\/wp-content\\\/uploads\\\/2024\\\/08\\\/logo.png\",\"width\":500,\"height\":500,\"caption\":\"Medvegja Sot\"},\"image\":{\"@id\":\"https:\\\/\\\/medvegjasot.com\\\/#\\\/schema\\\/logo\\\/image\\\/\"},\"sameAs\":[\"https:\\\/\\\/www.facebook.com\\\/MedvegjaSot.com1\"]},{\"@type\":\"Person\",\"@id\":\"https:\\\/\\\/medvegjasot.com\\\/#\\\/schema\\\/person\\\/f2be1a84f4e95d0cb032946a1cf2e594\",\"name\":\"admin\",\"image\":{\"@type\":\"ImageObject\",\"inLanguage\":\"en-US\",\"@id\":\"https:\\\/\\\/secure.gravatar.com\\\/avatar\\\/2eedc5259426225ddc6f98b4b6728c30418b83e6f70285719780d3518d972ece?s=96&d=mm&r=g\",\"url\":\"https:\\\/\\\/secure.gravatar.com\\\/avatar\\\/2eedc5259426225ddc6f98b4b6728c30418b83e6f70285719780d3518d972ece?s=96&d=mm&r=g\",\"contentUrl\":\"https:\\\/\\\/secure.gravatar.com\\\/avatar\\\/2eedc5259426225ddc6f98b4b6728c30418b83e6f70285719780d3518d972ece?s=96&d=mm&r=g\",\"caption\":\"admin\"},\"url\":\"https:\\\/\\\/medvegjasot.com\\\/?author=2\"}]}<\/script>\n<!-- \/ Yoast SEO plugin. -->","yoast_head_json":{"title":"Lidhja Shqiptare e Prizrenit (1878 - 1881)\u00a0 - Medvegja Sot","robots":{"index":"index","follow":"follow","max-snippet":"max-snippet:-1","max-image-preview":"max-image-preview:large","max-video-preview":"max-video-preview:-1"},"canonical":"https:\/\/medvegjasot.com\/?p=5032","og_locale":"en_US","og_type":"article","og_title":"Lidhja Shqiptare e Prizrenit (1878 - 1881)\u00a0 - Medvegja Sot","og_description":"Sot mbushen 147 vjet q\u00eb kur m\u00eb 10 qershor 1878 filloi organizimi dhe themelimi i Lidhjes Shqiptare t\u00eb Prizrenit, transmeton MEDVEGJASOT.com Lidhja Shqiptare e Prizrenit (1878 &#8211; 1881) zyrtarisht filloi me tubimin e 300 p\u00ebrfaq\u00ebsuesve t\u00eb t\u00eb gjitha krahinave shqiptare n\u00eb kuvendin shqiptar t\u00eb mbajtur n\u00eb Prizren m\u00eb 10 qershor 1878. Q\u00ebllimi i takimit ishte...","og_url":"https:\/\/medvegjasot.com\/?p=5032","og_site_name":"Medvegja Sot","article_publisher":"https:\/\/www.facebook.com\/MedvegjaSot.com1","article_published_time":"2025-06-10T11:20:37+00:00","article_modified_time":"2025-06-11T08:52:03+00:00","og_image":[{"width":2048,"height":1152,"url":"https:\/\/medvegjasot.com\/wp-content\/uploads\/2025\/06\/photo-output-3.jpeg","type":"image\/jpeg"}],"author":"admin","twitter_card":"summary_large_image","twitter_misc":{"Written by":"admin","Est. reading time":"2 minutes"},"schema":{"@context":"https:\/\/schema.org","@graph":[{"@type":"Article","@id":"https:\/\/medvegjasot.com\/?p=5032#article","isPartOf":{"@id":"https:\/\/medvegjasot.com\/?p=5032"},"author":{"name":"admin","@id":"https:\/\/medvegjasot.com\/#\/schema\/person\/f2be1a84f4e95d0cb032946a1cf2e594"},"headline":"Lidhja Shqiptare e Prizrenit (1878 &#8211; 1881)\u00a0","datePublished":"2025-06-10T11:20:37+00:00","dateModified":"2025-06-11T08:52:03+00:00","mainEntityOfPage":{"@id":"https:\/\/medvegjasot.com\/?p=5032"},"wordCount":228,"commentCount":0,"publisher":{"@id":"https:\/\/medvegjasot.com\/#organization"},"image":{"@id":"https:\/\/medvegjasot.com\/?p=5032#primaryimage"},"thumbnailUrl":"https:\/\/medvegjasot.com\/wp-content\/uploads\/2025\/06\/photo-output-3.jpeg","articleSection":["KULTUR\u00cb"],"inLanguage":"en-US","potentialAction":[{"@type":"CommentAction","name":"Comment","target":["https:\/\/medvegjasot.com\/?p=5032#respond"]}]},{"@type":"WebPage","@id":"https:\/\/medvegjasot.com\/?p=5032","url":"https:\/\/medvegjasot.com\/?p=5032","name":"Lidhja Shqiptare e Prizrenit (1878 - 1881)\u00a0 - Medvegja Sot","isPartOf":{"@id":"https:\/\/medvegjasot.com\/#website"},"primaryImageOfPage":{"@id":"https:\/\/medvegjasot.com\/?p=5032#primaryimage"},"image":{"@id":"https:\/\/medvegjasot.com\/?p=5032#primaryimage"},"thumbnailUrl":"https:\/\/medvegjasot.com\/wp-content\/uploads\/2025\/06\/photo-output-3.jpeg","datePublished":"2025-06-10T11:20:37+00:00","dateModified":"2025-06-11T08:52:03+00:00","breadcrumb":{"@id":"https:\/\/medvegjasot.com\/?p=5032#breadcrumb"},"inLanguage":"en-US","potentialAction":[{"@type":"ReadAction","target":["https:\/\/medvegjasot.com\/?p=5032"]}]},{"@type":"ImageObject","inLanguage":"en-US","@id":"https:\/\/medvegjasot.com\/?p=5032#primaryimage","url":"https:\/\/medvegjasot.com\/wp-content\/uploads\/2025\/06\/photo-output-3.jpeg","contentUrl":"https:\/\/medvegjasot.com\/wp-content\/uploads\/2025\/06\/photo-output-3.jpeg","width":2048,"height":1152},{"@type":"BreadcrumbList","@id":"https:\/\/medvegjasot.com\/?p=5032#breadcrumb","itemListElement":[{"@type":"ListItem","position":1,"name":"Home","item":"https:\/\/medvegjasot.com\/"},{"@type":"ListItem","position":2,"name":"Lidhja Shqiptare e Prizrenit (1878 &#8211; 1881)\u00a0"}]},{"@type":"WebSite","@id":"https:\/\/medvegjasot.com\/#website","url":"https:\/\/medvegjasot.com\/","name":"Medvegja Sot","description":"Portal Lajmesh","publisher":{"@id":"https:\/\/medvegjasot.com\/#organization"},"alternateName":"MS","potentialAction":[{"@type":"SearchAction","target":{"@type":"EntryPoint","urlTemplate":"https:\/\/medvegjasot.com\/?s={search_term_string}"},"query-input":{"@type":"PropertyValueSpecification","valueRequired":true,"valueName":"search_term_string"}}],"inLanguage":"en-US"},{"@type":"Organization","@id":"https:\/\/medvegjasot.com\/#organization","name":"Medvegja Sot","alternateName":"MS","url":"https:\/\/medvegjasot.com\/","logo":{"@type":"ImageObject","inLanguage":"en-US","@id":"https:\/\/medvegjasot.com\/#\/schema\/logo\/image\/","url":"https:\/\/medvegjasot.com\/wp-content\/uploads\/2024\/08\/logo.png","contentUrl":"https:\/\/medvegjasot.com\/wp-content\/uploads\/2024\/08\/logo.png","width":500,"height":500,"caption":"Medvegja Sot"},"image":{"@id":"https:\/\/medvegjasot.com\/#\/schema\/logo\/image\/"},"sameAs":["https:\/\/www.facebook.com\/MedvegjaSot.com1"]},{"@type":"Person","@id":"https:\/\/medvegjasot.com\/#\/schema\/person\/f2be1a84f4e95d0cb032946a1cf2e594","name":"admin","image":{"@type":"ImageObject","inLanguage":"en-US","@id":"https:\/\/secure.gravatar.com\/avatar\/2eedc5259426225ddc6f98b4b6728c30418b83e6f70285719780d3518d972ece?s=96&d=mm&r=g","url":"https:\/\/secure.gravatar.com\/avatar\/2eedc5259426225ddc6f98b4b6728c30418b83e6f70285719780d3518d972ece?s=96&d=mm&r=g","contentUrl":"https:\/\/secure.gravatar.com\/avatar\/2eedc5259426225ddc6f98b4b6728c30418b83e6f70285719780d3518d972ece?s=96&d=mm&r=g","caption":"admin"},"url":"https:\/\/medvegjasot.com\/?author=2"}]}},"jetpack_featured_media_url":"https:\/\/medvegjasot.com\/wp-content\/uploads\/2025\/06\/photo-output-3.jpeg","_links":{"self":[{"href":"https:\/\/medvegjasot.com\/index.php?rest_route=\/wp\/v2\/posts\/5032","targetHints":{"allow":["GET"]}}],"collection":[{"href":"https:\/\/medvegjasot.com\/index.php?rest_route=\/wp\/v2\/posts"}],"about":[{"href":"https:\/\/medvegjasot.com\/index.php?rest_route=\/wp\/v2\/types\/post"}],"author":[{"embeddable":true,"href":"https:\/\/medvegjasot.com\/index.php?rest_route=\/wp\/v2\/users\/2"}],"replies":[{"embeddable":true,"href":"https:\/\/medvegjasot.com\/index.php?rest_route=%2Fwp%2Fv2%2Fcomments&post=5032"}],"version-history":[{"count":3,"href":"https:\/\/medvegjasot.com\/index.php?rest_route=\/wp\/v2\/posts\/5032\/revisions"}],"predecessor-version":[{"id":5046,"href":"https:\/\/medvegjasot.com\/index.php?rest_route=\/wp\/v2\/posts\/5032\/revisions\/5046"}],"wp:featuredmedia":[{"embeddable":true,"href":"https:\/\/medvegjasot.com\/index.php?rest_route=\/wp\/v2\/media\/5033"}],"wp:attachment":[{"href":"https:\/\/medvegjasot.com\/index.php?rest_route=%2Fwp%2Fv2%2Fmedia&parent=5032"}],"wp:term":[{"taxonomy":"category","embeddable":true,"href":"https:\/\/medvegjasot.com\/index.php?rest_route=%2Fwp%2Fv2%2Fcategories&post=5032"},{"taxonomy":"post_tag","embeddable":true,"href":"https:\/\/medvegjasot.com\/index.php?rest_route=%2Fwp%2Fv2%2Ftags&post=5032"}],"curies":[{"name":"wp","href":"https:\/\/api.w.org\/{rel}","templated":true}]}}