{"id":5013,"date":"2025-06-08T20:36:54","date_gmt":"2025-06-08T20:36:54","guid":{"rendered":"https:\/\/medvegjasot.com\/?p=5013"},"modified":"2025-06-08T20:49:40","modified_gmt":"2025-06-08T20:49:40","slug":"nje-ze-i-perbashket-per-bashkimin-kombetar-shqiptar-tryeza-e-rrumbullaket-ne-tirane","status":"publish","type":"post","link":"https:\/\/medvegjasot.com\/?p=5013","title":{"rendered":"Nj\u00eb Z\u00eb i P\u00ebrbashk\u00ebt p\u00ebr Bashkimin Komb\u00ebtar Shqiptar \u2013 Tryeza e Rrumbullak\u00ebt n\u00eb Tiran\u00eb"},"content":{"rendered":"\n<p><\/p>\n\n\n\n<p>Tiran\u00eb, 7 qershor 2025&nbsp;<\/p>\n\n\n\n<p><strong>N\u00eb ambientet e Hotel Tirana u zhvillua nj\u00eb veprimtari me r\u00ebnd\u00ebsi t\u00eb lart\u00eb komb\u00ebtare dhe shoq\u00ebrore: tryeza e rrumbullak\u00ebt me tem\u00ebn &#8220;Bashkimi Komb\u00ebtar Shqiptar&#8221;, organizuar nga Kuvendi Komb\u00ebtar Shqiptar n\u00eb bashk\u00ebpunim me Unionin e Shoq\u00ebris\u00eb Civile, transmeton MEDVEGJASOT.com<\/strong><\/p>\n\n\n\n<p>P\u00ebrfaq\u00ebsues nga t\u00eb gjitha trevat shqiptare \u2013 Shqip\u00ebria, Kosova, Maqedonia e Veriut, Mali i Zi, Lugina e Preshev\u00ebs dhe diaspora \u2013 u mblodh\u00ebn p\u00ebr t\u00eb riafirmuar mesazhin e qart\u00eb dhe t\u00eb fuqish\u00ebm:<\/p>\n\n\n\n<p><strong>&#8220;Ne jemi nj\u00eb komb dhe nj\u00eb gjuh\u00eb.&#8221;<\/strong><\/p>\n\n\n\n<p>Ngjarja sh\u00ebnoi nj\u00eb moment reflektimi dhe vizioni t\u00eb p\u00ebrbashk\u00ebt p\u00ebr t\u00eb ardhmen e kombit shqiptar. Gjat\u00eb tryez\u00ebs u prezantuan dhe u lexuan kumtesa t\u00eb r\u00ebnd\u00ebsishme nga intelektual\u00eb, aktivist\u00eb dhe p\u00ebrfaq\u00ebsues t\u00eb shoq\u00ebris\u00eb civile, t\u00eb cilat u p\u00ebrmblodh\u00ebn n\u00eb botimin e ri me titull \u201cBashkimi Komb\u00ebtar Shqiptar\u201d, nj\u00eb kontribut i vyer n\u00eb arkivin komb\u00ebtar t\u00eb mendimit dhe vizionit shqiptar.<\/p>\n\n\n\n<figure class=\"wp-block-gallery has-nested-images columns-default is-cropped wp-block-gallery-1 is-layout-flex wp-block-gallery-is-layout-flex\"><\/figure>\n\n\n\n<figure class=\"wp-block-gallery has-nested-images columns-default is-cropped wp-block-gallery-2 is-layout-flex wp-block-gallery-is-layout-flex\"><\/figure>\n\n\n\n<figure class=\"wp-block-gallery has-nested-images columns-default is-cropped wp-block-gallery-3 is-layout-flex wp-block-gallery-is-layout-flex\">\n<figure class=\"wp-block-image size-large\"><img fetchpriority=\"high\" decoding=\"async\" width=\"1024\" height=\"768\" data-id=\"5021\" src=\"https:\/\/medvegjasot.com\/wp-content\/uploads\/2025\/06\/IMG_7777-1024x768.jpeg\" alt=\"\" class=\"wp-image-5021\" srcset=\"https:\/\/medvegjasot.com\/wp-content\/uploads\/2025\/06\/IMG_7777-1024x768.jpeg 1024w, https:\/\/medvegjasot.com\/wp-content\/uploads\/2025\/06\/IMG_7777-300x225.jpeg 300w, https:\/\/medvegjasot.com\/wp-content\/uploads\/2025\/06\/IMG_7777-768x576.jpeg 768w, https:\/\/medvegjasot.com\/wp-content\/uploads\/2025\/06\/IMG_7777-1536x1152.jpeg 1536w, https:\/\/medvegjasot.com\/wp-content\/uploads\/2025\/06\/IMG_7777-2048x1536.jpeg 2048w\" sizes=\"(max-width: 1024px) 100vw, 1024px\" \/><\/figure>\n<\/figure>\n\n\n\n<p><\/p>\n\n\n\n<p>Veprimtaria u vler\u00ebsua gjer\u00ebsisht p\u00ebr nivelin e lart\u00eb organizativ dhe p\u00ebr p\u00ebrmbajtjen e saj t\u00eb thell\u00eb intelektuale e komb\u00ebtare. Pjes\u00ebmarr\u00ebsit shpreh\u00ebn mir\u00ebnjohje p\u00ebr organizator\u00ebt dhe theksuan domosdoshm\u00ebrin\u00eb e vijimit t\u00eb nismave t\u00eb tilla n\u00eb funksion t\u00eb bashkimit komb\u00ebtar.<\/p>\n\n\n\n<figure class=\"wp-block-embed is-type-video is-provider-youtube wp-block-embed-youtube wp-embed-aspect-16-9 wp-has-aspect-ratio\"><div class=\"wp-block-embed__wrapper\">\n<iframe  id=\"_ytid_61103\"  width=\"640\" height=\"360\"  data-origwidth=\"640\" data-origheight=\"360\" src=\"https:\/\/www.youtube.com\/embed\/aMZVUabAe0c?enablejsapi=1&#038;autoplay=0&#038;cc_load_policy=0&#038;cc_lang_pref=&#038;iv_load_policy=1&#038;loop=0&#038;rel=1&#038;fs=1&#038;playsinline=0&#038;autohide=2&#038;theme=dark&#038;color=red&#038;controls=1&#038;\" class=\"__youtube_prefs__  epyt-is-override  no-lazyload\" title=\"YouTube player\"  allow=\"fullscreen; accelerometer; autoplay; clipboard-write; encrypted-media; gyroscope; picture-in-picture; web-share\" referrerpolicy=\"strict-origin-when-cross-origin\" allowfullscreen data-no-lazy=\"1\" data-skipgform_ajax_framebjll=\"\"><\/iframe>\n<\/div><\/figure>\n\n\n\n<p><\/p>\n\n\n\n<p>Ky takim nuk ishte vet\u00ebm nj\u00eb event \u2013 ishte nj\u00eb thirrje e p\u00ebrbashk\u00ebt, nj\u00eb d\u00ebshmi e qart\u00eb se uniteti shqiptar \u00ebsht\u00eb i gjall\u00eb dhe i pandalsh\u00ebm.<\/p>\n","protected":false},"excerpt":{"rendered":"<p>Tiran\u00eb, 7 qershor 2025&nbsp; N\u00eb ambientet e Hotel Tirana u zhvillua nj\u00eb veprimtari me r\u00ebnd\u00ebsi t\u00eb lart\u00eb komb\u00ebtare dhe shoq\u00ebrore: tryeza e rrumbullak\u00ebt me tem\u00ebn &#8220;Bashkimi Komb\u00ebtar Shqiptar&#8221;, organizuar nga Kuvendi Komb\u00ebtar Shqiptar n\u00eb bashk\u00ebpunim me Unionin e Shoq\u00ebris\u00eb Civile, transmeton MEDVEGJASOT.com P\u00ebrfaq\u00ebsues nga t\u00eb gjitha trevat shqiptare \u2013 Shqip\u00ebria, Kosova, Maqedonia e Veriut, Mali&#8230;<\/p>\n","protected":false},"author":2,"featured_media":5018,"comment_status":"open","ping_status":"open","sticky":false,"template":"","format":"standard","meta":{"_coblocks_attr":"","_coblocks_dimensions":"","_coblocks_responsive_height":"","_coblocks_accordion_ie_support":"","_monsterinsights_skip_tracking":false,"_monsterinsights_sitenote_active":false,"_monsterinsights_sitenote_note":"","_monsterinsights_sitenote_category":0,"footnotes":""},"categories":[14],"tags":[],"class_list":["post-5013","post","type-post","status-publish","format-standard","has-post-thumbnail","hentry","category-lajme"],"yoast_head":"<!-- This site is optimized with the Yoast SEO plugin v27.5 - https:\/\/yoast.com\/product\/yoast-seo-wordpress\/ -->\n<title>Nj\u00eb Z\u00eb i P\u00ebrbashk\u00ebt p\u00ebr Bashkimin Komb\u00ebtar Shqiptar \u2013 Tryeza e Rrumbullak\u00ebt n\u00eb Tiran\u00eb - Medvegja Sot<\/title>\n<meta name=\"robots\" content=\"index, follow, max-snippet:-1, max-image-preview:large, max-video-preview:-1\" \/>\n<link rel=\"canonical\" href=\"https:\/\/medvegjasot.com\/?p=5013\" \/>\n<meta property=\"og:locale\" content=\"en_US\" \/>\n<meta property=\"og:type\" content=\"article\" \/>\n<meta property=\"og:title\" content=\"Nj\u00eb Z\u00eb i P\u00ebrbashk\u00ebt p\u00ebr Bashkimin Komb\u00ebtar Shqiptar \u2013 Tryeza e Rrumbullak\u00ebt n\u00eb Tiran\u00eb - Medvegja Sot\" \/>\n<meta property=\"og:description\" content=\"Tiran\u00eb, 7 qershor 2025&nbsp; N\u00eb ambientet e Hotel Tirana u zhvillua nj\u00eb veprimtari me r\u00ebnd\u00ebsi t\u00eb lart\u00eb komb\u00ebtare dhe shoq\u00ebrore: tryeza e rrumbullak\u00ebt me tem\u00ebn &#8220;Bashkimi Komb\u00ebtar Shqiptar&#8221;, organizuar nga Kuvendi Komb\u00ebtar Shqiptar n\u00eb bashk\u00ebpunim me Unionin e Shoq\u00ebris\u00eb Civile, transmeton MEDVEGJASOT.com P\u00ebrfaq\u00ebsues nga t\u00eb gjitha trevat shqiptare \u2013 Shqip\u00ebria, Kosova, Maqedonia e Veriut, Mali...\" \/>\n<meta property=\"og:url\" content=\"https:\/\/medvegjasot.com\/?p=5013\" \/>\n<meta property=\"og:site_name\" content=\"Medvegja Sot\" \/>\n<meta property=\"article:publisher\" content=\"https:\/\/www.facebook.com\/MedvegjaSot.com1\" \/>\n<meta property=\"article:published_time\" content=\"2025-06-08T20:36:54+00:00\" \/>\n<meta property=\"article:modified_time\" content=\"2025-06-08T20:49:40+00:00\" \/>\n<meta property=\"og:image\" content=\"https:\/\/medvegjasot.com\/wp-content\/uploads\/2025\/06\/photo-output-scaled.jpeg\" \/>\n\t<meta property=\"og:image:width\" content=\"2560\" \/>\n\t<meta property=\"og:image:height\" content=\"1440\" \/>\n\t<meta property=\"og:image:type\" content=\"image\/jpeg\" \/>\n<meta name=\"author\" content=\"admin\" \/>\n<meta name=\"twitter:card\" content=\"summary_large_image\" \/>\n<meta name=\"twitter:label1\" content=\"Written by\" \/>\n\t<meta name=\"twitter:data1\" content=\"admin\" \/>\n\t<meta name=\"twitter:label2\" content=\"Est. reading time\" \/>\n\t<meta name=\"twitter:data2\" content=\"2 minutes\" \/>\n<script type=\"application\/ld+json\" class=\"yoast-schema-graph\">{\"@context\":\"https:\\\/\\\/schema.org\",\"@graph\":[{\"@type\":\"Article\",\"@id\":\"https:\\\/\\\/medvegjasot.com\\\/?p=5013#article\",\"isPartOf\":{\"@id\":\"https:\\\/\\\/medvegjasot.com\\\/?p=5013\"},\"author\":{\"name\":\"admin\",\"@id\":\"https:\\\/\\\/medvegjasot.com\\\/#\\\/schema\\\/person\\\/f2be1a84f4e95d0cb032946a1cf2e594\"},\"headline\":\"Nj\u00eb Z\u00eb i P\u00ebrbashk\u00ebt p\u00ebr Bashkimin Komb\u00ebtar Shqiptar \u2013 Tryeza e Rrumbullak\u00ebt n\u00eb Tiran\u00eb\",\"datePublished\":\"2025-06-08T20:36:54+00:00\",\"dateModified\":\"2025-06-08T20:49:40+00:00\",\"mainEntityOfPage\":{\"@id\":\"https:\\\/\\\/medvegjasot.com\\\/?p=5013\"},\"wordCount\":279,\"commentCount\":0,\"publisher\":{\"@id\":\"https:\\\/\\\/medvegjasot.com\\\/#organization\"},\"image\":{\"@id\":\"https:\\\/\\\/medvegjasot.com\\\/?p=5013#primaryimage\"},\"thumbnailUrl\":\"https:\\\/\\\/medvegjasot.com\\\/wp-content\\\/uploads\\\/2025\\\/06\\\/photo-output-scaled.jpeg\",\"articleSection\":[\"LAJME\"],\"inLanguage\":\"en-US\",\"potentialAction\":[{\"@type\":\"CommentAction\",\"name\":\"Comment\",\"target\":[\"https:\\\/\\\/medvegjasot.com\\\/?p=5013#respond\"]}]},{\"@type\":\"WebPage\",\"@id\":\"https:\\\/\\\/medvegjasot.com\\\/?p=5013\",\"url\":\"https:\\\/\\\/medvegjasot.com\\\/?p=5013\",\"name\":\"Nj\u00eb Z\u00eb i P\u00ebrbashk\u00ebt p\u00ebr Bashkimin Komb\u00ebtar Shqiptar \u2013 Tryeza e Rrumbullak\u00ebt n\u00eb Tiran\u00eb - Medvegja Sot\",\"isPartOf\":{\"@id\":\"https:\\\/\\\/medvegjasot.com\\\/#website\"},\"primaryImageOfPage\":{\"@id\":\"https:\\\/\\\/medvegjasot.com\\\/?p=5013#primaryimage\"},\"image\":{\"@id\":\"https:\\\/\\\/medvegjasot.com\\\/?p=5013#primaryimage\"},\"thumbnailUrl\":\"https:\\\/\\\/medvegjasot.com\\\/wp-content\\\/uploads\\\/2025\\\/06\\\/photo-output-scaled.jpeg\",\"datePublished\":\"2025-06-08T20:36:54+00:00\",\"dateModified\":\"2025-06-08T20:49:40+00:00\",\"breadcrumb\":{\"@id\":\"https:\\\/\\\/medvegjasot.com\\\/?p=5013#breadcrumb\"},\"inLanguage\":\"en-US\",\"potentialAction\":[{\"@type\":\"ReadAction\",\"target\":[\"https:\\\/\\\/medvegjasot.com\\\/?p=5013\"]}]},{\"@type\":\"ImageObject\",\"inLanguage\":\"en-US\",\"@id\":\"https:\\\/\\\/medvegjasot.com\\\/?p=5013#primaryimage\",\"url\":\"https:\\\/\\\/medvegjasot.com\\\/wp-content\\\/uploads\\\/2025\\\/06\\\/photo-output-scaled.jpeg\",\"contentUrl\":\"https:\\\/\\\/medvegjasot.com\\\/wp-content\\\/uploads\\\/2025\\\/06\\\/photo-output-scaled.jpeg\",\"width\":2560,\"height\":1440},{\"@type\":\"BreadcrumbList\",\"@id\":\"https:\\\/\\\/medvegjasot.com\\\/?p=5013#breadcrumb\",\"itemListElement\":[{\"@type\":\"ListItem\",\"position\":1,\"name\":\"Home\",\"item\":\"https:\\\/\\\/medvegjasot.com\\\/\"},{\"@type\":\"ListItem\",\"position\":2,\"name\":\"Nj\u00eb Z\u00eb i P\u00ebrbashk\u00ebt p\u00ebr Bashkimin Komb\u00ebtar Shqiptar \u2013 Tryeza e Rrumbullak\u00ebt n\u00eb Tiran\u00eb\"}]},{\"@type\":\"WebSite\",\"@id\":\"https:\\\/\\\/medvegjasot.com\\\/#website\",\"url\":\"https:\\\/\\\/medvegjasot.com\\\/\",\"name\":\"Medvegja Sot\",\"description\":\"Portal Lajmesh\",\"publisher\":{\"@id\":\"https:\\\/\\\/medvegjasot.com\\\/#organization\"},\"alternateName\":\"MS\",\"potentialAction\":[{\"@type\":\"SearchAction\",\"target\":{\"@type\":\"EntryPoint\",\"urlTemplate\":\"https:\\\/\\\/medvegjasot.com\\\/?s={search_term_string}\"},\"query-input\":{\"@type\":\"PropertyValueSpecification\",\"valueRequired\":true,\"valueName\":\"search_term_string\"}}],\"inLanguage\":\"en-US\"},{\"@type\":\"Organization\",\"@id\":\"https:\\\/\\\/medvegjasot.com\\\/#organization\",\"name\":\"Medvegja Sot\",\"alternateName\":\"MS\",\"url\":\"https:\\\/\\\/medvegjasot.com\\\/\",\"logo\":{\"@type\":\"ImageObject\",\"inLanguage\":\"en-US\",\"@id\":\"https:\\\/\\\/medvegjasot.com\\\/#\\\/schema\\\/logo\\\/image\\\/\",\"url\":\"https:\\\/\\\/medvegjasot.com\\\/wp-content\\\/uploads\\\/2024\\\/08\\\/logo.png\",\"contentUrl\":\"https:\\\/\\\/medvegjasot.com\\\/wp-content\\\/uploads\\\/2024\\\/08\\\/logo.png\",\"width\":500,\"height\":500,\"caption\":\"Medvegja Sot\"},\"image\":{\"@id\":\"https:\\\/\\\/medvegjasot.com\\\/#\\\/schema\\\/logo\\\/image\\\/\"},\"sameAs\":[\"https:\\\/\\\/www.facebook.com\\\/MedvegjaSot.com1\"]},{\"@type\":\"Person\",\"@id\":\"https:\\\/\\\/medvegjasot.com\\\/#\\\/schema\\\/person\\\/f2be1a84f4e95d0cb032946a1cf2e594\",\"name\":\"admin\",\"image\":{\"@type\":\"ImageObject\",\"inLanguage\":\"en-US\",\"@id\":\"https:\\\/\\\/secure.gravatar.com\\\/avatar\\\/2eedc5259426225ddc6f98b4b6728c30418b83e6f70285719780d3518d972ece?s=96&d=mm&r=g\",\"url\":\"https:\\\/\\\/secure.gravatar.com\\\/avatar\\\/2eedc5259426225ddc6f98b4b6728c30418b83e6f70285719780d3518d972ece?s=96&d=mm&r=g\",\"contentUrl\":\"https:\\\/\\\/secure.gravatar.com\\\/avatar\\\/2eedc5259426225ddc6f98b4b6728c30418b83e6f70285719780d3518d972ece?s=96&d=mm&r=g\",\"caption\":\"admin\"},\"url\":\"https:\\\/\\\/medvegjasot.com\\\/?author=2\"}]}<\/script>\n<!-- \/ Yoast SEO plugin. -->","yoast_head_json":{"title":"Nj\u00eb Z\u00eb i P\u00ebrbashk\u00ebt p\u00ebr Bashkimin Komb\u00ebtar Shqiptar \u2013 Tryeza e Rrumbullak\u00ebt n\u00eb Tiran\u00eb - Medvegja Sot","robots":{"index":"index","follow":"follow","max-snippet":"max-snippet:-1","max-image-preview":"max-image-preview:large","max-video-preview":"max-video-preview:-1"},"canonical":"https:\/\/medvegjasot.com\/?p=5013","og_locale":"en_US","og_type":"article","og_title":"Nj\u00eb Z\u00eb i P\u00ebrbashk\u00ebt p\u00ebr Bashkimin Komb\u00ebtar Shqiptar \u2013 Tryeza e Rrumbullak\u00ebt n\u00eb Tiran\u00eb - Medvegja Sot","og_description":"Tiran\u00eb, 7 qershor 2025&nbsp; N\u00eb ambientet e Hotel Tirana u zhvillua nj\u00eb veprimtari me r\u00ebnd\u00ebsi t\u00eb lart\u00eb komb\u00ebtare dhe shoq\u00ebrore: tryeza e rrumbullak\u00ebt me tem\u00ebn &#8220;Bashkimi Komb\u00ebtar Shqiptar&#8221;, organizuar nga Kuvendi Komb\u00ebtar Shqiptar n\u00eb bashk\u00ebpunim me Unionin e Shoq\u00ebris\u00eb Civile, transmeton MEDVEGJASOT.com P\u00ebrfaq\u00ebsues nga t\u00eb gjitha trevat shqiptare \u2013 Shqip\u00ebria, Kosova, Maqedonia e Veriut, Mali...","og_url":"https:\/\/medvegjasot.com\/?p=5013","og_site_name":"Medvegja Sot","article_publisher":"https:\/\/www.facebook.com\/MedvegjaSot.com1","article_published_time":"2025-06-08T20:36:54+00:00","article_modified_time":"2025-06-08T20:49:40+00:00","og_image":[{"width":2560,"height":1440,"url":"https:\/\/medvegjasot.com\/wp-content\/uploads\/2025\/06\/photo-output-scaled.jpeg","type":"image\/jpeg"}],"author":"admin","twitter_card":"summary_large_image","twitter_misc":{"Written by":"admin","Est. reading time":"2 minutes"},"schema":{"@context":"https:\/\/schema.org","@graph":[{"@type":"Article","@id":"https:\/\/medvegjasot.com\/?p=5013#article","isPartOf":{"@id":"https:\/\/medvegjasot.com\/?p=5013"},"author":{"name":"admin","@id":"https:\/\/medvegjasot.com\/#\/schema\/person\/f2be1a84f4e95d0cb032946a1cf2e594"},"headline":"Nj\u00eb Z\u00eb i P\u00ebrbashk\u00ebt p\u00ebr Bashkimin Komb\u00ebtar Shqiptar \u2013 Tryeza e Rrumbullak\u00ebt n\u00eb Tiran\u00eb","datePublished":"2025-06-08T20:36:54+00:00","dateModified":"2025-06-08T20:49:40+00:00","mainEntityOfPage":{"@id":"https:\/\/medvegjasot.com\/?p=5013"},"wordCount":279,"commentCount":0,"publisher":{"@id":"https:\/\/medvegjasot.com\/#organization"},"image":{"@id":"https:\/\/medvegjasot.com\/?p=5013#primaryimage"},"thumbnailUrl":"https:\/\/medvegjasot.com\/wp-content\/uploads\/2025\/06\/photo-output-scaled.jpeg","articleSection":["LAJME"],"inLanguage":"en-US","potentialAction":[{"@type":"CommentAction","name":"Comment","target":["https:\/\/medvegjasot.com\/?p=5013#respond"]}]},{"@type":"WebPage","@id":"https:\/\/medvegjasot.com\/?p=5013","url":"https:\/\/medvegjasot.com\/?p=5013","name":"Nj\u00eb Z\u00eb i P\u00ebrbashk\u00ebt p\u00ebr Bashkimin Komb\u00ebtar Shqiptar \u2013 Tryeza e Rrumbullak\u00ebt n\u00eb Tiran\u00eb - Medvegja Sot","isPartOf":{"@id":"https:\/\/medvegjasot.com\/#website"},"primaryImageOfPage":{"@id":"https:\/\/medvegjasot.com\/?p=5013#primaryimage"},"image":{"@id":"https:\/\/medvegjasot.com\/?p=5013#primaryimage"},"thumbnailUrl":"https:\/\/medvegjasot.com\/wp-content\/uploads\/2025\/06\/photo-output-scaled.jpeg","datePublished":"2025-06-08T20:36:54+00:00","dateModified":"2025-06-08T20:49:40+00:00","breadcrumb":{"@id":"https:\/\/medvegjasot.com\/?p=5013#breadcrumb"},"inLanguage":"en-US","potentialAction":[{"@type":"ReadAction","target":["https:\/\/medvegjasot.com\/?p=5013"]}]},{"@type":"ImageObject","inLanguage":"en-US","@id":"https:\/\/medvegjasot.com\/?p=5013#primaryimage","url":"https:\/\/medvegjasot.com\/wp-content\/uploads\/2025\/06\/photo-output-scaled.jpeg","contentUrl":"https:\/\/medvegjasot.com\/wp-content\/uploads\/2025\/06\/photo-output-scaled.jpeg","width":2560,"height":1440},{"@type":"BreadcrumbList","@id":"https:\/\/medvegjasot.com\/?p=5013#breadcrumb","itemListElement":[{"@type":"ListItem","position":1,"name":"Home","item":"https:\/\/medvegjasot.com\/"},{"@type":"ListItem","position":2,"name":"Nj\u00eb Z\u00eb i P\u00ebrbashk\u00ebt p\u00ebr Bashkimin Komb\u00ebtar Shqiptar \u2013 Tryeza e Rrumbullak\u00ebt n\u00eb Tiran\u00eb"}]},{"@type":"WebSite","@id":"https:\/\/medvegjasot.com\/#website","url":"https:\/\/medvegjasot.com\/","name":"Medvegja Sot","description":"Portal Lajmesh","publisher":{"@id":"https:\/\/medvegjasot.com\/#organization"},"alternateName":"MS","potentialAction":[{"@type":"SearchAction","target":{"@type":"EntryPoint","urlTemplate":"https:\/\/medvegjasot.com\/?s={search_term_string}"},"query-input":{"@type":"PropertyValueSpecification","valueRequired":true,"valueName":"search_term_string"}}],"inLanguage":"en-US"},{"@type":"Organization","@id":"https:\/\/medvegjasot.com\/#organization","name":"Medvegja Sot","alternateName":"MS","url":"https:\/\/medvegjasot.com\/","logo":{"@type":"ImageObject","inLanguage":"en-US","@id":"https:\/\/medvegjasot.com\/#\/schema\/logo\/image\/","url":"https:\/\/medvegjasot.com\/wp-content\/uploads\/2024\/08\/logo.png","contentUrl":"https:\/\/medvegjasot.com\/wp-content\/uploads\/2024\/08\/logo.png","width":500,"height":500,"caption":"Medvegja Sot"},"image":{"@id":"https:\/\/medvegjasot.com\/#\/schema\/logo\/image\/"},"sameAs":["https:\/\/www.facebook.com\/MedvegjaSot.com1"]},{"@type":"Person","@id":"https:\/\/medvegjasot.com\/#\/schema\/person\/f2be1a84f4e95d0cb032946a1cf2e594","name":"admin","image":{"@type":"ImageObject","inLanguage":"en-US","@id":"https:\/\/secure.gravatar.com\/avatar\/2eedc5259426225ddc6f98b4b6728c30418b83e6f70285719780d3518d972ece?s=96&d=mm&r=g","url":"https:\/\/secure.gravatar.com\/avatar\/2eedc5259426225ddc6f98b4b6728c30418b83e6f70285719780d3518d972ece?s=96&d=mm&r=g","contentUrl":"https:\/\/secure.gravatar.com\/avatar\/2eedc5259426225ddc6f98b4b6728c30418b83e6f70285719780d3518d972ece?s=96&d=mm&r=g","caption":"admin"},"url":"https:\/\/medvegjasot.com\/?author=2"}]}},"jetpack_featured_media_url":"https:\/\/medvegjasot.com\/wp-content\/uploads\/2025\/06\/photo-output-scaled.jpeg","_links":{"self":[{"href":"https:\/\/medvegjasot.com\/index.php?rest_route=\/wp\/v2\/posts\/5013","targetHints":{"allow":["GET"]}}],"collection":[{"href":"https:\/\/medvegjasot.com\/index.php?rest_route=\/wp\/v2\/posts"}],"about":[{"href":"https:\/\/medvegjasot.com\/index.php?rest_route=\/wp\/v2\/types\/post"}],"author":[{"embeddable":true,"href":"https:\/\/medvegjasot.com\/index.php?rest_route=\/wp\/v2\/users\/2"}],"replies":[{"embeddable":true,"href":"https:\/\/medvegjasot.com\/index.php?rest_route=%2Fwp%2Fv2%2Fcomments&post=5013"}],"version-history":[{"count":6,"href":"https:\/\/medvegjasot.com\/index.php?rest_route=\/wp\/v2\/posts\/5013\/revisions"}],"predecessor-version":[{"id":5023,"href":"https:\/\/medvegjasot.com\/index.php?rest_route=\/wp\/v2\/posts\/5013\/revisions\/5023"}],"wp:featuredmedia":[{"embeddable":true,"href":"https:\/\/medvegjasot.com\/index.php?rest_route=\/wp\/v2\/media\/5018"}],"wp:attachment":[{"href":"https:\/\/medvegjasot.com\/index.php?rest_route=%2Fwp%2Fv2%2Fmedia&parent=5013"}],"wp:term":[{"taxonomy":"category","embeddable":true,"href":"https:\/\/medvegjasot.com\/index.php?rest_route=%2Fwp%2Fv2%2Fcategories&post=5013"},{"taxonomy":"post_tag","embeddable":true,"href":"https:\/\/medvegjasot.com\/index.php?rest_route=%2Fwp%2Fv2%2Ftags&post=5013"}],"curies":[{"name":"wp","href":"https:\/\/api.w.org\/{rel}","templated":true}]}}