{"id":4894,"date":"2025-05-11T22:41:02","date_gmt":"2025-05-11T22:41:02","guid":{"rendered":"https:\/\/medvegjasot.com\/?p=4894"},"modified":"2025-05-14T06:20:54","modified_gmt":"2025-05-14T06:20:54","slug":"sante-ne-fshatin-denje-te-rahovec-nisi-festivali-i-folklorit-anadrinia-jehon-2025","status":"publish","type":"post","link":"https:\/\/medvegjasot.com\/?p=4894","title":{"rendered":"N\u00cb FSHATIN DENJ\u00cb T\u00cb RAHOVECIT NISI FESTIVALI I FOLKLORIT \u201cANADRINIA JEHON 2025\u201d"},"content":{"rendered":"\n<p>Festivali Tradicional Komb\u00ebtar \u201cAnadrini Jehon\u201d, n\u00eb fshatin Dejn\u00eb t\u00eb Rahovecit i cili mbahet p\u00ebr t\u00eb 24-tin vit me radh\u00eb dhe mbahet n\u00eb datat 11,12 dhe 13 maj, n\u00eb nderim t\u00eb Betej\u00ebs s\u00eb Anadrinit t\u00eb 12 majit 1998, t\u00eb mobilizimit t\u00eb liridash\u00ebsve t\u00eb k\u00ebsaj treve n\u00eb luft\u00ebn \u00e7lirimtare dhe \u00ebsht\u00eb pjes\u00eb e manifestimit p\u00ebrkujtimor e kulturor \u201cJava e d\u00ebshmor\u00ebve\u201d n\u00eb komun\u00ebn e Rahovecit, transmeton MEDVEGJASOT.com<\/p>\n\n\n\n<figure class=\"wp-block-image size-large\"><img fetchpriority=\"high\" decoding=\"async\" width=\"1024\" height=\"576\" src=\"https:\/\/medvegjasot.com\/wp-content\/uploads\/2025\/05\/IMG_6783-1024x576.jpeg\" alt=\"\" class=\"wp-image-4900\" srcset=\"https:\/\/medvegjasot.com\/wp-content\/uploads\/2025\/05\/IMG_6783-1024x576.jpeg 1024w, https:\/\/medvegjasot.com\/wp-content\/uploads\/2025\/05\/IMG_6783-300x169.jpeg 300w, https:\/\/medvegjasot.com\/wp-content\/uploads\/2025\/05\/IMG_6783-768x432.jpeg 768w, https:\/\/medvegjasot.com\/wp-content\/uploads\/2025\/05\/IMG_6783-1536x864.jpeg 1536w, https:\/\/medvegjasot.com\/wp-content\/uploads\/2025\/05\/IMG_6783-2048x1152.jpeg 2048w\" sizes=\"(max-width: 1024px) 100vw, 1024px\" \/><\/figure>\n\n\n\n<p><\/p>\n\n\n\n<p>Jam i nderuar q\u00eb t\u00eb shpall t\u00eb hapur edicionin e 24-t t\u00eb festivalit t\u00eb folklorit ton\u00eb, festivalin q\u00eb bashkon mendjet dhe zemrat e shqiptar\u00ebve, tha Kryetari i Komun\u00ebs s\u00eb Rahovecit, Smajl Latifi.<\/p>\n\n\n\n<figure class=\"wp-block-gallery has-nested-images columns-default is-cropped wp-block-gallery-1 is-layout-flex wp-block-gallery-is-layout-flex\">\n<figure class=\"wp-block-image size-large\"><img decoding=\"async\" width=\"1024\" height=\"683\" data-id=\"4905\" src=\"https:\/\/medvegjasot.com\/wp-content\/uploads\/2025\/05\/IMG_6786-1024x683.jpeg\" alt=\"\" class=\"wp-image-4905\" srcset=\"https:\/\/medvegjasot.com\/wp-content\/uploads\/2025\/05\/IMG_6786-1024x683.jpeg 1024w, https:\/\/medvegjasot.com\/wp-content\/uploads\/2025\/05\/IMG_6786-300x200.jpeg 300w, https:\/\/medvegjasot.com\/wp-content\/uploads\/2025\/05\/IMG_6786-768x512.jpeg 768w, https:\/\/medvegjasot.com\/wp-content\/uploads\/2025\/05\/IMG_6786-600x400.jpeg 600w, https:\/\/medvegjasot.com\/wp-content\/uploads\/2025\/05\/IMG_6786.jpeg 1200w\" sizes=\"(max-width: 1024px) 100vw, 1024px\" \/><\/figure>\n\n\n\n<figure class=\"wp-block-image size-large\"><img decoding=\"async\" width=\"1024\" height=\"683\" data-id=\"4906\" src=\"https:\/\/medvegjasot.com\/wp-content\/uploads\/2025\/05\/IMG_6785-1024x683.jpeg\" alt=\"\" class=\"wp-image-4906\" srcset=\"https:\/\/medvegjasot.com\/wp-content\/uploads\/2025\/05\/IMG_6785-1024x683.jpeg 1024w, https:\/\/medvegjasot.com\/wp-content\/uploads\/2025\/05\/IMG_6785-300x200.jpeg 300w, https:\/\/medvegjasot.com\/wp-content\/uploads\/2025\/05\/IMG_6785-768x512.jpeg 768w, https:\/\/medvegjasot.com\/wp-content\/uploads\/2025\/05\/IMG_6785-600x400.jpeg 600w, https:\/\/medvegjasot.com\/wp-content\/uploads\/2025\/05\/IMG_6785.jpeg 1200w\" sizes=\"(max-width: 1024px) 100vw, 1024px\" \/><\/figure>\n\n\n\n<figure class=\"wp-block-image size-large\"><img loading=\"lazy\" decoding=\"async\" width=\"1024\" height=\"683\" data-id=\"4907\" src=\"https:\/\/medvegjasot.com\/wp-content\/uploads\/2025\/05\/IMG_6784-1024x683.jpeg\" alt=\"\" class=\"wp-image-4907\" srcset=\"https:\/\/medvegjasot.com\/wp-content\/uploads\/2025\/05\/IMG_6784-1024x683.jpeg 1024w, https:\/\/medvegjasot.com\/wp-content\/uploads\/2025\/05\/IMG_6784-300x200.jpeg 300w, https:\/\/medvegjasot.com\/wp-content\/uploads\/2025\/05\/IMG_6784-768x512.jpeg 768w, https:\/\/medvegjasot.com\/wp-content\/uploads\/2025\/05\/IMG_6784-1536x1024.jpeg 1536w, https:\/\/medvegjasot.com\/wp-content\/uploads\/2025\/05\/IMG_6784-600x400.jpeg 600w, https:\/\/medvegjasot.com\/wp-content\/uploads\/2025\/05\/IMG_6784.jpeg 2048w\" sizes=\"(max-width: 1024px) 100vw, 1024px\" \/><\/figure>\n<\/figure>\n\n\n\n<p>N\u00eb nat\u00ebn e par\u00eb m\u00eb 11 maj 2025 n\u00eb sken\u00ebn e k\u00ebtij Festivali u ngjit\u00ebn grupet Folklorike ANSAMBLI &#8221; BAJRAM CURRI&#8221;- PRISHTIN\u00cb ANSAMBLI &#8221; DARDAN\u00cbT&#8221; &#8211; DUSELDORF <\/p>\n\n\n\n<figure class=\"wp-block-image size-large\"><img loading=\"lazy\" decoding=\"async\" width=\"576\" height=\"1024\" src=\"https:\/\/medvegjasot.com\/wp-content\/uploads\/2025\/05\/IMG_6787-576x1024.jpeg\" alt=\"\" class=\"wp-image-4912\" srcset=\"https:\/\/medvegjasot.com\/wp-content\/uploads\/2025\/05\/IMG_6787-576x1024.jpeg 576w, https:\/\/medvegjasot.com\/wp-content\/uploads\/2025\/05\/IMG_6787-169x300.jpeg 169w, https:\/\/medvegjasot.com\/wp-content\/uploads\/2025\/05\/IMG_6787-768x1365.jpeg 768w, https:\/\/medvegjasot.com\/wp-content\/uploads\/2025\/05\/IMG_6787-864x1536.jpeg 864w, https:\/\/medvegjasot.com\/wp-content\/uploads\/2025\/05\/IMG_6787.jpeg 1152w\" sizes=\"(max-width: 576px) 100vw, 576px\" \/><\/figure>\n\n\n\n<p>SH.K.A &#8220;JETA E RE&#8221; &#8211; SLLUP\u00c7AN SH.K.A &#8221; KABASHI I VENDIT&#8221; &#8211; KORISH\u00cb <\/p>\n\n\n\n<figure class=\"wp-block-image size-full\"><img loading=\"lazy\" decoding=\"async\" width=\"960\" height=\"720\" src=\"https:\/\/medvegjasot.com\/wp-content\/uploads\/2025\/05\/IMG_6788.jpeg\" alt=\"\" class=\"wp-image-4910\" srcset=\"https:\/\/medvegjasot.com\/wp-content\/uploads\/2025\/05\/IMG_6788.jpeg 960w, https:\/\/medvegjasot.com\/wp-content\/uploads\/2025\/05\/IMG_6788-300x225.jpeg 300w, https:\/\/medvegjasot.com\/wp-content\/uploads\/2025\/05\/IMG_6788-768x576.jpeg 768w\" sizes=\"(max-width: 960px) 100vw, 960px\" \/><\/figure>\n\n\n\n<p>Ky sukses p\u00ebr investimin n\u00eb art e kultur\u00eb i takon Kryetarit t\u00eb Komun\u00ebs s\u00eb Rahovecit, Smajl Latifi, Drejtorit t\u00eb festivalit Muharrem Morina dhe drejtorit p\u00ebr kultur\u00eb Afrim Dina p\u00ebr organizimin e mrekulluesh\u00ebm!<\/p>\n\n\n\n<figure class=\"wp-block-embed is-type-video is-provider-youtube wp-block-embed-youtube wp-embed-aspect-16-9 wp-has-aspect-ratio\"><div class=\"wp-block-embed__wrapper\">\n<iframe  id=\"_ytid_70051\"  width=\"640\" height=\"360\"  data-origwidth=\"640\" data-origheight=\"360\" src=\"https:\/\/www.youtube.com\/embed\/iFPH0FFLNrM?enablejsapi=1&#038;autoplay=0&#038;cc_load_policy=0&#038;cc_lang_pref=&#038;iv_load_policy=1&#038;loop=0&#038;rel=1&#038;fs=1&#038;playsinline=0&#038;autohide=2&#038;theme=dark&#038;color=red&#038;controls=1&#038;\" class=\"__youtube_prefs__  epyt-is-override  no-lazyload\" title=\"YouTube player\"  allow=\"fullscreen; accelerometer; autoplay; clipboard-write; encrypted-media; gyroscope; picture-in-picture; web-share\" referrerpolicy=\"strict-origin-when-cross-origin\" allowfullscreen data-no-lazy=\"1\" data-skipgform_ajax_framebjll=\"\"><\/iframe>\n<\/div><\/figure>\n\n\n\n<p>12-MAJ 2025 &#8211; NATA E DYT\u00cb: SH.K.A &#8221; BAJRAM CURRI&#8221;- KRUSH\u00cb E MADHE<\/p>\n\n\n\n<p>SH.K.A &#8221; BYLBYLAT E PASHTRIKUT&#8221; &#8211; NASHEC <\/p>\n\n\n\n<p><\/p>\n\n\n\n<p>SH.K.A &#8221; GRYKA E KA\u00c7ANIKUT&#8221; &#8211; KA\u00c7ANIK<\/p>\n\n\n\n<p>SH.K.A &#8221; MAL\u00cbSORI&#8221; &#8211; GJONAJ<\/p>\n\n\n\n<p>AAKV &#8221; KASTRIOT\u00cbT &#8221; &#8211; FERIZAJ<\/p>\n\n\n\n<ol class=\"wp-block-list\"><\/ol>\n\n\n\n<figure class=\"wp-block-gallery has-nested-images columns-default is-cropped wp-block-gallery-2 is-layout-flex wp-block-gallery-is-layout-flex\">\n<figure class=\"wp-block-image size-large\"><img loading=\"lazy\" decoding=\"async\" width=\"819\" height=\"1024\" data-id=\"4936\" src=\"https:\/\/medvegjasot.com\/wp-content\/uploads\/2025\/05\/photo-output-2-819x1024.jpeg\" alt=\"\" class=\"wp-image-4936\" srcset=\"https:\/\/medvegjasot.com\/wp-content\/uploads\/2025\/05\/photo-output-2-819x1024.jpeg 819w, https:\/\/medvegjasot.com\/wp-content\/uploads\/2025\/05\/photo-output-2-240x300.jpeg 240w, https:\/\/medvegjasot.com\/wp-content\/uploads\/2025\/05\/photo-output-2-768x960.jpeg 768w, https:\/\/medvegjasot.com\/wp-content\/uploads\/2025\/05\/photo-output-2-1229x1536.jpeg 1229w, https:\/\/medvegjasot.com\/wp-content\/uploads\/2025\/05\/photo-output-2.jpeg 1632w\" sizes=\"(max-width: 819px) 100vw, 819px\" \/><\/figure>\n\n\n\n<figure class=\"wp-block-image size-large\"><img loading=\"lazy\" decoding=\"async\" width=\"819\" height=\"1024\" data-id=\"4935\" src=\"https:\/\/medvegjasot.com\/wp-content\/uploads\/2025\/05\/photo-output-1-819x1024.jpeg\" alt=\"\" class=\"wp-image-4935\" srcset=\"https:\/\/medvegjasot.com\/wp-content\/uploads\/2025\/05\/photo-output-1-819x1024.jpeg 819w, https:\/\/medvegjasot.com\/wp-content\/uploads\/2025\/05\/photo-output-1-240x300.jpeg 240w, https:\/\/medvegjasot.com\/wp-content\/uploads\/2025\/05\/photo-output-1-768x960.jpeg 768w, https:\/\/medvegjasot.com\/wp-content\/uploads\/2025\/05\/photo-output-1-1229x1536.jpeg 1229w, https:\/\/medvegjasot.com\/wp-content\/uploads\/2025\/05\/photo-output-1.jpeg 1632w\" sizes=\"(max-width: 819px) 100vw, 819px\" \/><\/figure>\n<\/figure>\n\n\n\n<p>13-MAJ 2025 &#8211; NATA E TRET\u00cb: <\/p>\n\n\n\n<p>SH.K.A &#8221; KOHA&#8221;-DINOSH\u00cb TUZ <\/p>\n\n\n\n<p>SH.K.A &#8221; SHQIPONJA&#8221;- SHKUP<\/p>\n\n\n\n<p>ANSAMBLI &#8221; GJILANI &#8220;- GJILAN<\/p>\n\n\n\n<p>SH.A.F &#8221; SHQIPONJAT&#8221; &#8211; TIRAN\u00cb<\/p>\n\n\n\n<p>RAPSODI KASTRIOT SEFERI- SUHAREK<\/p>\n\n\n\n<p>SH.K.A &#8220;AGIMI&#8221; -PRIZREN (MYSAFIR SPECIAL)<\/p>\n\n\n\n<ol class=\"wp-block-list\"><\/ol>\n\n\n\n<p><\/p>\n\n\n\n<p><br><\/p>\n\n\n\n<p><\/p>\n\n\n\n<p><\/p>\n\n\n\n<p><\/p>\n\n\n\n<p><\/p>\n\n\n\n<p>Juria profesionale, e p\u00ebrb\u00ebr\u00eb nga: Shkodran Tolaj &#8211; magjist\u00ebr i solok\u00ebndimit, Visar Munishi &#8211; magjist\u00ebr i etnomuzikologjis\u00eb, Artan Ibershimi &#8211; profesor doktor i koreografis\u00eb n\u00eb Akademin\u00eb e Arteve n\u00eb Tiran\u00eb, Zymrije Grajqevci &#8211; drejtoresh\u00eb e FIDAF KOSOVA dhe valltare n\u00eb Ansamblin \u201cSHOTA\u201d, Uesli Alushi dhe G\u00ebzim Sertollaj, magjistra t\u00eb koreografis\u00eb, si dhe drejtori i festivalit, Muharrem Morina, pat\u00ebn pun\u00eb t\u00eb madhe p\u00ebr t\u00eb b\u00ebr\u00eb vler\u00ebsimet e duhura, sepse prurjet artistike ishin t\u00eb nj\u00eb niveli t\u00eb k\u00ebnaqsh\u00ebm, duke d\u00ebshmuar seriozitetin e grupeve e t\u00eb artist\u00ebve pjes\u00ebmarr\u00ebs.<\/p>\n\n\n\n<p>Fituesit e k\u00ebtij edicioni ishin: \u00c7mimi i I &#8211; Sh.K.A. \u201cKoha\u201d nga Tuzi, \u00c7mimi i II &#8211; Sh.K.A. \u201cMalsori\u201d nga Gjonaj dhe \u00c7mimi i III &#8211; Ansambli i K\u00ebng\u00ebve dhe i Valleve \u201cGjilani\u201d nga Gjilani.<\/p>\n\n\n\n<p>Me \u00e7mime, mir\u00ebnjohje e medalje jan\u00eb nderuar edhe shum\u00eb individ\u00eb, grupe pjes\u00ebmarr\u00ebse e donator\u00eb.<\/p>\n\n\n\n<p><\/p>\n\n\n\n<p><\/p>\n","protected":false},"excerpt":{"rendered":"<p>Festivali Tradicional Komb\u00ebtar \u201cAnadrini Jehon\u201d, n\u00eb fshatin Dejn\u00eb t\u00eb Rahovecit i cili mbahet p\u00ebr t\u00eb 24-tin vit me radh\u00eb dhe mbahet n\u00eb datat 11,12 dhe 13 maj, n\u00eb nderim t\u00eb Betej\u00ebs s\u00eb Anadrinit t\u00eb 12 majit 1998, t\u00eb mobilizimit t\u00eb liridash\u00ebsve t\u00eb k\u00ebsaj treve n\u00eb luft\u00ebn \u00e7lirimtare dhe \u00ebsht\u00eb pjes\u00eb e manifestimit p\u00ebrkujtimor e kulturor&#8230;<\/p>\n","protected":false},"author":2,"featured_media":4895,"comment_status":"open","ping_status":"open","sticky":false,"template":"","format":"standard","meta":{"_coblocks_attr":"","_coblocks_dimensions":"","_coblocks_responsive_height":"","_coblocks_accordion_ie_support":"","_monsterinsights_skip_tracking":false,"_monsterinsights_sitenote_active":false,"_monsterinsights_sitenote_note":"","_monsterinsights_sitenote_category":0,"footnotes":""},"categories":[18],"tags":[],"class_list":["post-4894","post","type-post","status-publish","format-standard","has-post-thumbnail","hentry","category-kulture"],"yoast_head":"<!-- This site is optimized with the Yoast SEO plugin v27.5 - https:\/\/yoast.com\/product\/yoast-seo-wordpress\/ -->\n<title>N\u00cb FSHATIN DENJ\u00cb T\u00cb RAHOVECIT NISI FESTIVALI I FOLKLORIT \u201cANADRINIA JEHON 2025\u201d - Medvegja Sot<\/title>\n<meta name=\"robots\" content=\"index, follow, max-snippet:-1, max-image-preview:large, max-video-preview:-1\" \/>\n<link rel=\"canonical\" href=\"https:\/\/medvegjasot.com\/?p=4894\" \/>\n<meta property=\"og:locale\" content=\"en_US\" \/>\n<meta property=\"og:type\" content=\"article\" \/>\n<meta property=\"og:title\" content=\"N\u00cb FSHATIN DENJ\u00cb T\u00cb RAHOVECIT NISI FESTIVALI I FOLKLORIT \u201cANADRINIA JEHON 2025\u201d - Medvegja Sot\" \/>\n<meta property=\"og:description\" content=\"Festivali Tradicional Komb\u00ebtar \u201cAnadrini Jehon\u201d, n\u00eb fshatin Dejn\u00eb t\u00eb Rahovecit i cili mbahet p\u00ebr t\u00eb 24-tin vit me radh\u00eb dhe mbahet n\u00eb datat 11,12 dhe 13 maj, n\u00eb nderim t\u00eb Betej\u00ebs s\u00eb Anadrinit t\u00eb 12 majit 1998, t\u00eb mobilizimit t\u00eb liridash\u00ebsve t\u00eb k\u00ebsaj treve n\u00eb luft\u00ebn \u00e7lirimtare dhe \u00ebsht\u00eb pjes\u00eb e manifestimit p\u00ebrkujtimor e kulturor...\" \/>\n<meta property=\"og:url\" content=\"https:\/\/medvegjasot.com\/?p=4894\" \/>\n<meta property=\"og:site_name\" content=\"Medvegja Sot\" \/>\n<meta property=\"article:publisher\" content=\"https:\/\/www.facebook.com\/MedvegjaSot.com1\" \/>\n<meta property=\"article:published_time\" content=\"2025-05-11T22:41:02+00:00\" \/>\n<meta property=\"article:modified_time\" content=\"2025-05-14T06:20:54+00:00\" \/>\n<meta property=\"og:image\" content=\"https:\/\/medvegjasot.com\/wp-content\/uploads\/2025\/05\/IMG_6780-scaled.jpeg\" \/>\n\t<meta property=\"og:image:width\" content=\"2560\" \/>\n\t<meta property=\"og:image:height\" content=\"1440\" \/>\n\t<meta property=\"og:image:type\" content=\"image\/jpeg\" \/>\n<meta name=\"author\" content=\"admin\" \/>\n<meta name=\"twitter:card\" content=\"summary_large_image\" \/>\n<meta name=\"twitter:label1\" content=\"Written by\" \/>\n\t<meta name=\"twitter:data1\" content=\"admin\" \/>\n\t<meta name=\"twitter:label2\" content=\"Est. reading time\" \/>\n\t<meta name=\"twitter:data2\" content=\"4 minutes\" \/>\n<script type=\"application\/ld+json\" class=\"yoast-schema-graph\">{\"@context\":\"https:\\\/\\\/schema.org\",\"@graph\":[{\"@type\":\"Article\",\"@id\":\"https:\\\/\\\/medvegjasot.com\\\/?p=4894#article\",\"isPartOf\":{\"@id\":\"https:\\\/\\\/medvegjasot.com\\\/?p=4894\"},\"author\":{\"name\":\"admin\",\"@id\":\"https:\\\/\\\/medvegjasot.com\\\/#\\\/schema\\\/person\\\/f2be1a84f4e95d0cb032946a1cf2e594\"},\"headline\":\"N\u00cb FSHATIN DENJ\u00cb T\u00cb RAHOVECIT NISI FESTIVALI I FOLKLORIT \u201cANADRINIA JEHON 2025\u201d\",\"datePublished\":\"2025-05-11T22:41:02+00:00\",\"dateModified\":\"2025-05-14T06:20:54+00:00\",\"mainEntityOfPage\":{\"@id\":\"https:\\\/\\\/medvegjasot.com\\\/?p=4894\"},\"wordCount\":450,\"commentCount\":0,\"publisher\":{\"@id\":\"https:\\\/\\\/medvegjasot.com\\\/#organization\"},\"image\":{\"@id\":\"https:\\\/\\\/medvegjasot.com\\\/?p=4894#primaryimage\"},\"thumbnailUrl\":\"https:\\\/\\\/medvegjasot.com\\\/wp-content\\\/uploads\\\/2025\\\/05\\\/IMG_6780-scaled.jpeg\",\"articleSection\":[\"KULTUR\u00cb\"],\"inLanguage\":\"en-US\",\"potentialAction\":[{\"@type\":\"CommentAction\",\"name\":\"Comment\",\"target\":[\"https:\\\/\\\/medvegjasot.com\\\/?p=4894#respond\"]}]},{\"@type\":\"WebPage\",\"@id\":\"https:\\\/\\\/medvegjasot.com\\\/?p=4894\",\"url\":\"https:\\\/\\\/medvegjasot.com\\\/?p=4894\",\"name\":\"N\u00cb FSHATIN DENJ\u00cb T\u00cb RAHOVECIT NISI FESTIVALI I FOLKLORIT \u201cANADRINIA JEHON 2025\u201d - Medvegja Sot\",\"isPartOf\":{\"@id\":\"https:\\\/\\\/medvegjasot.com\\\/#website\"},\"primaryImageOfPage\":{\"@id\":\"https:\\\/\\\/medvegjasot.com\\\/?p=4894#primaryimage\"},\"image\":{\"@id\":\"https:\\\/\\\/medvegjasot.com\\\/?p=4894#primaryimage\"},\"thumbnailUrl\":\"https:\\\/\\\/medvegjasot.com\\\/wp-content\\\/uploads\\\/2025\\\/05\\\/IMG_6780-scaled.jpeg\",\"datePublished\":\"2025-05-11T22:41:02+00:00\",\"dateModified\":\"2025-05-14T06:20:54+00:00\",\"breadcrumb\":{\"@id\":\"https:\\\/\\\/medvegjasot.com\\\/?p=4894#breadcrumb\"},\"inLanguage\":\"en-US\",\"potentialAction\":[{\"@type\":\"ReadAction\",\"target\":[\"https:\\\/\\\/medvegjasot.com\\\/?p=4894\"]}]},{\"@type\":\"ImageObject\",\"inLanguage\":\"en-US\",\"@id\":\"https:\\\/\\\/medvegjasot.com\\\/?p=4894#primaryimage\",\"url\":\"https:\\\/\\\/medvegjasot.com\\\/wp-content\\\/uploads\\\/2025\\\/05\\\/IMG_6780-scaled.jpeg\",\"contentUrl\":\"https:\\\/\\\/medvegjasot.com\\\/wp-content\\\/uploads\\\/2025\\\/05\\\/IMG_6780-scaled.jpeg\",\"width\":2560,\"height\":1440},{\"@type\":\"BreadcrumbList\",\"@id\":\"https:\\\/\\\/medvegjasot.com\\\/?p=4894#breadcrumb\",\"itemListElement\":[{\"@type\":\"ListItem\",\"position\":1,\"name\":\"Home\",\"item\":\"https:\\\/\\\/medvegjasot.com\\\/\"},{\"@type\":\"ListItem\",\"position\":2,\"name\":\"N\u00cb FSHATIN DENJ\u00cb T\u00cb RAHOVECIT NISI FESTIVALI I FOLKLORIT \u201cANADRINIA JEHON 2025\u201d\"}]},{\"@type\":\"WebSite\",\"@id\":\"https:\\\/\\\/medvegjasot.com\\\/#website\",\"url\":\"https:\\\/\\\/medvegjasot.com\\\/\",\"name\":\"Medvegja Sot\",\"description\":\"Portal Lajmesh\",\"publisher\":{\"@id\":\"https:\\\/\\\/medvegjasot.com\\\/#organization\"},\"alternateName\":\"MS\",\"potentialAction\":[{\"@type\":\"SearchAction\",\"target\":{\"@type\":\"EntryPoint\",\"urlTemplate\":\"https:\\\/\\\/medvegjasot.com\\\/?s={search_term_string}\"},\"query-input\":{\"@type\":\"PropertyValueSpecification\",\"valueRequired\":true,\"valueName\":\"search_term_string\"}}],\"inLanguage\":\"en-US\"},{\"@type\":\"Organization\",\"@id\":\"https:\\\/\\\/medvegjasot.com\\\/#organization\",\"name\":\"Medvegja Sot\",\"alternateName\":\"MS\",\"url\":\"https:\\\/\\\/medvegjasot.com\\\/\",\"logo\":{\"@type\":\"ImageObject\",\"inLanguage\":\"en-US\",\"@id\":\"https:\\\/\\\/medvegjasot.com\\\/#\\\/schema\\\/logo\\\/image\\\/\",\"url\":\"https:\\\/\\\/medvegjasot.com\\\/wp-content\\\/uploads\\\/2024\\\/08\\\/logo.png\",\"contentUrl\":\"https:\\\/\\\/medvegjasot.com\\\/wp-content\\\/uploads\\\/2024\\\/08\\\/logo.png\",\"width\":500,\"height\":500,\"caption\":\"Medvegja Sot\"},\"image\":{\"@id\":\"https:\\\/\\\/medvegjasot.com\\\/#\\\/schema\\\/logo\\\/image\\\/\"},\"sameAs\":[\"https:\\\/\\\/www.facebook.com\\\/MedvegjaSot.com1\"]},{\"@type\":\"Person\",\"@id\":\"https:\\\/\\\/medvegjasot.com\\\/#\\\/schema\\\/person\\\/f2be1a84f4e95d0cb032946a1cf2e594\",\"name\":\"admin\",\"image\":{\"@type\":\"ImageObject\",\"inLanguage\":\"en-US\",\"@id\":\"https:\\\/\\\/secure.gravatar.com\\\/avatar\\\/2eedc5259426225ddc6f98b4b6728c30418b83e6f70285719780d3518d972ece?s=96&d=mm&r=g\",\"url\":\"https:\\\/\\\/secure.gravatar.com\\\/avatar\\\/2eedc5259426225ddc6f98b4b6728c30418b83e6f70285719780d3518d972ece?s=96&d=mm&r=g\",\"contentUrl\":\"https:\\\/\\\/secure.gravatar.com\\\/avatar\\\/2eedc5259426225ddc6f98b4b6728c30418b83e6f70285719780d3518d972ece?s=96&d=mm&r=g\",\"caption\":\"admin\"},\"url\":\"https:\\\/\\\/medvegjasot.com\\\/?author=2\"}]}<\/script>\n<!-- \/ Yoast SEO plugin. -->","yoast_head_json":{"title":"N\u00cb FSHATIN DENJ\u00cb T\u00cb RAHOVECIT NISI FESTIVALI I FOLKLORIT \u201cANADRINIA JEHON 2025\u201d - Medvegja Sot","robots":{"index":"index","follow":"follow","max-snippet":"max-snippet:-1","max-image-preview":"max-image-preview:large","max-video-preview":"max-video-preview:-1"},"canonical":"https:\/\/medvegjasot.com\/?p=4894","og_locale":"en_US","og_type":"article","og_title":"N\u00cb FSHATIN DENJ\u00cb T\u00cb RAHOVECIT NISI FESTIVALI I FOLKLORIT \u201cANADRINIA JEHON 2025\u201d - Medvegja Sot","og_description":"Festivali Tradicional Komb\u00ebtar \u201cAnadrini Jehon\u201d, n\u00eb fshatin Dejn\u00eb t\u00eb Rahovecit i cili mbahet p\u00ebr t\u00eb 24-tin vit me radh\u00eb dhe mbahet n\u00eb datat 11,12 dhe 13 maj, n\u00eb nderim t\u00eb Betej\u00ebs s\u00eb Anadrinit t\u00eb 12 majit 1998, t\u00eb mobilizimit t\u00eb liridash\u00ebsve t\u00eb k\u00ebsaj treve n\u00eb luft\u00ebn \u00e7lirimtare dhe \u00ebsht\u00eb pjes\u00eb e manifestimit p\u00ebrkujtimor e kulturor...","og_url":"https:\/\/medvegjasot.com\/?p=4894","og_site_name":"Medvegja Sot","article_publisher":"https:\/\/www.facebook.com\/MedvegjaSot.com1","article_published_time":"2025-05-11T22:41:02+00:00","article_modified_time":"2025-05-14T06:20:54+00:00","og_image":[{"width":2560,"height":1440,"url":"https:\/\/medvegjasot.com\/wp-content\/uploads\/2025\/05\/IMG_6780-scaled.jpeg","type":"image\/jpeg"}],"author":"admin","twitter_card":"summary_large_image","twitter_misc":{"Written by":"admin","Est. reading time":"4 minutes"},"schema":{"@context":"https:\/\/schema.org","@graph":[{"@type":"Article","@id":"https:\/\/medvegjasot.com\/?p=4894#article","isPartOf":{"@id":"https:\/\/medvegjasot.com\/?p=4894"},"author":{"name":"admin","@id":"https:\/\/medvegjasot.com\/#\/schema\/person\/f2be1a84f4e95d0cb032946a1cf2e594"},"headline":"N\u00cb FSHATIN DENJ\u00cb T\u00cb RAHOVECIT NISI FESTIVALI I FOLKLORIT \u201cANADRINIA JEHON 2025\u201d","datePublished":"2025-05-11T22:41:02+00:00","dateModified":"2025-05-14T06:20:54+00:00","mainEntityOfPage":{"@id":"https:\/\/medvegjasot.com\/?p=4894"},"wordCount":450,"commentCount":0,"publisher":{"@id":"https:\/\/medvegjasot.com\/#organization"},"image":{"@id":"https:\/\/medvegjasot.com\/?p=4894#primaryimage"},"thumbnailUrl":"https:\/\/medvegjasot.com\/wp-content\/uploads\/2025\/05\/IMG_6780-scaled.jpeg","articleSection":["KULTUR\u00cb"],"inLanguage":"en-US","potentialAction":[{"@type":"CommentAction","name":"Comment","target":["https:\/\/medvegjasot.com\/?p=4894#respond"]}]},{"@type":"WebPage","@id":"https:\/\/medvegjasot.com\/?p=4894","url":"https:\/\/medvegjasot.com\/?p=4894","name":"N\u00cb FSHATIN DENJ\u00cb T\u00cb RAHOVECIT NISI FESTIVALI I FOLKLORIT \u201cANADRINIA JEHON 2025\u201d - Medvegja Sot","isPartOf":{"@id":"https:\/\/medvegjasot.com\/#website"},"primaryImageOfPage":{"@id":"https:\/\/medvegjasot.com\/?p=4894#primaryimage"},"image":{"@id":"https:\/\/medvegjasot.com\/?p=4894#primaryimage"},"thumbnailUrl":"https:\/\/medvegjasot.com\/wp-content\/uploads\/2025\/05\/IMG_6780-scaled.jpeg","datePublished":"2025-05-11T22:41:02+00:00","dateModified":"2025-05-14T06:20:54+00:00","breadcrumb":{"@id":"https:\/\/medvegjasot.com\/?p=4894#breadcrumb"},"inLanguage":"en-US","potentialAction":[{"@type":"ReadAction","target":["https:\/\/medvegjasot.com\/?p=4894"]}]},{"@type":"ImageObject","inLanguage":"en-US","@id":"https:\/\/medvegjasot.com\/?p=4894#primaryimage","url":"https:\/\/medvegjasot.com\/wp-content\/uploads\/2025\/05\/IMG_6780-scaled.jpeg","contentUrl":"https:\/\/medvegjasot.com\/wp-content\/uploads\/2025\/05\/IMG_6780-scaled.jpeg","width":2560,"height":1440},{"@type":"BreadcrumbList","@id":"https:\/\/medvegjasot.com\/?p=4894#breadcrumb","itemListElement":[{"@type":"ListItem","position":1,"name":"Home","item":"https:\/\/medvegjasot.com\/"},{"@type":"ListItem","position":2,"name":"N\u00cb FSHATIN DENJ\u00cb T\u00cb RAHOVECIT NISI FESTIVALI I FOLKLORIT \u201cANADRINIA JEHON 2025\u201d"}]},{"@type":"WebSite","@id":"https:\/\/medvegjasot.com\/#website","url":"https:\/\/medvegjasot.com\/","name":"Medvegja Sot","description":"Portal Lajmesh","publisher":{"@id":"https:\/\/medvegjasot.com\/#organization"},"alternateName":"MS","potentialAction":[{"@type":"SearchAction","target":{"@type":"EntryPoint","urlTemplate":"https:\/\/medvegjasot.com\/?s={search_term_string}"},"query-input":{"@type":"PropertyValueSpecification","valueRequired":true,"valueName":"search_term_string"}}],"inLanguage":"en-US"},{"@type":"Organization","@id":"https:\/\/medvegjasot.com\/#organization","name":"Medvegja Sot","alternateName":"MS","url":"https:\/\/medvegjasot.com\/","logo":{"@type":"ImageObject","inLanguage":"en-US","@id":"https:\/\/medvegjasot.com\/#\/schema\/logo\/image\/","url":"https:\/\/medvegjasot.com\/wp-content\/uploads\/2024\/08\/logo.png","contentUrl":"https:\/\/medvegjasot.com\/wp-content\/uploads\/2024\/08\/logo.png","width":500,"height":500,"caption":"Medvegja Sot"},"image":{"@id":"https:\/\/medvegjasot.com\/#\/schema\/logo\/image\/"},"sameAs":["https:\/\/www.facebook.com\/MedvegjaSot.com1"]},{"@type":"Person","@id":"https:\/\/medvegjasot.com\/#\/schema\/person\/f2be1a84f4e95d0cb032946a1cf2e594","name":"admin","image":{"@type":"ImageObject","inLanguage":"en-US","@id":"https:\/\/secure.gravatar.com\/avatar\/2eedc5259426225ddc6f98b4b6728c30418b83e6f70285719780d3518d972ece?s=96&d=mm&r=g","url":"https:\/\/secure.gravatar.com\/avatar\/2eedc5259426225ddc6f98b4b6728c30418b83e6f70285719780d3518d972ece?s=96&d=mm&r=g","contentUrl":"https:\/\/secure.gravatar.com\/avatar\/2eedc5259426225ddc6f98b4b6728c30418b83e6f70285719780d3518d972ece?s=96&d=mm&r=g","caption":"admin"},"url":"https:\/\/medvegjasot.com\/?author=2"}]}},"jetpack_featured_media_url":"https:\/\/medvegjasot.com\/wp-content\/uploads\/2025\/05\/IMG_6780-scaled.jpeg","_links":{"self":[{"href":"https:\/\/medvegjasot.com\/index.php?rest_route=\/wp\/v2\/posts\/4894","targetHints":{"allow":["GET"]}}],"collection":[{"href":"https:\/\/medvegjasot.com\/index.php?rest_route=\/wp\/v2\/posts"}],"about":[{"href":"https:\/\/medvegjasot.com\/index.php?rest_route=\/wp\/v2\/types\/post"}],"author":[{"embeddable":true,"href":"https:\/\/medvegjasot.com\/index.php?rest_route=\/wp\/v2\/users\/2"}],"replies":[{"embeddable":true,"href":"https:\/\/medvegjasot.com\/index.php?rest_route=%2Fwp%2Fv2%2Fcomments&post=4894"}],"version-history":[{"count":15,"href":"https:\/\/medvegjasot.com\/index.php?rest_route=\/wp\/v2\/posts\/4894\/revisions"}],"predecessor-version":[{"id":4940,"href":"https:\/\/medvegjasot.com\/index.php?rest_route=\/wp\/v2\/posts\/4894\/revisions\/4940"}],"wp:featuredmedia":[{"embeddable":true,"href":"https:\/\/medvegjasot.com\/index.php?rest_route=\/wp\/v2\/media\/4895"}],"wp:attachment":[{"href":"https:\/\/medvegjasot.com\/index.php?rest_route=%2Fwp%2Fv2%2Fmedia&parent=4894"}],"wp:term":[{"taxonomy":"category","embeddable":true,"href":"https:\/\/medvegjasot.com\/index.php?rest_route=%2Fwp%2Fv2%2Fcategories&post=4894"},{"taxonomy":"post_tag","embeddable":true,"href":"https:\/\/medvegjasot.com\/index.php?rest_route=%2Fwp%2Fv2%2Ftags&post=4894"}],"curies":[{"name":"wp","href":"https:\/\/api.w.org\/{rel}","templated":true}]}}