{"id":4690,"date":"2025-04-10T18:39:05","date_gmt":"2025-04-10T18:39:05","guid":{"rendered":"https:\/\/medvegjasot.com\/?p=4690"},"modified":"2025-04-13T03:20:43","modified_gmt":"2025-04-13T03:20:43","slug":"shenohet-26-vjetori-i-holokaustit-shqiptar-bllaca-99","status":"publish","type":"post","link":"https:\/\/medvegjasot.com\/?p=4690","title":{"rendered":"Sh\u00ebnohet 26 vjetori i\u00a0\u00a0Holokaustit Shqiptar &#8211; &#8220;Bllaca 99&#8221; (FOTO &#8211; VIDEO)"},"content":{"rendered":"\n<p>Prilli \u00ebsht\u00eb muaji i shum\u00eb datave t\u00eb r\u00ebnd\u00ebsishme t\u00eb vitit 1999, sado t\u00eb dhimbshme, aq edhe krenare, ku me 9 prill sh\u00ebnohet Beteja e Rakocit, ku n\u00eb qaf\u00ebn e Drenush\u00ebs bie d\u00ebshmor Imer Vila, e m\u00eb pas n\u00eb Betej\u00ebn e Koshares me 16 prill, bie d\u00ebshmori Imri Curri, t\u00eb cil\u00ebt jan\u00eb p\u00ebrjet\u00ebsuar si heronj\u00eb n\u00eb historin\u00eb e Kosov\u00ebs, t\u00eb cil\u00ebt dhan\u00eb m\u00eb t\u00eb shtrenjt\u00ebn jet\u00eb p\u00ebr liri.<\/p>\n\n\n\n<figure class=\"wp-block-image size-large\"><img fetchpriority=\"high\" decoding=\"async\" width=\"1024\" height=\"576\" src=\"https:\/\/medvegjasot.com\/wp-content\/uploads\/2025\/04\/photo-output-8-1024x576.jpeg\" alt=\"\" class=\"wp-image-4693\" srcset=\"https:\/\/medvegjasot.com\/wp-content\/uploads\/2025\/04\/photo-output-8-1024x576.jpeg 1024w, https:\/\/medvegjasot.com\/wp-content\/uploads\/2025\/04\/photo-output-8-300x169.jpeg 300w, https:\/\/medvegjasot.com\/wp-content\/uploads\/2025\/04\/photo-output-8-768x432.jpeg 768w, https:\/\/medvegjasot.com\/wp-content\/uploads\/2025\/04\/photo-output-8-1536x864.jpeg 1536w, https:\/\/medvegjasot.com\/wp-content\/uploads\/2025\/04\/photo-output-8-2048x1152.jpeg 2048w\" sizes=\"(max-width: 1024px) 100vw, 1024px\" \/><\/figure>\n\n\n\n<p><\/p>\n\n\n\n<p>E n\u00eb prill, gjithashtu ndodhi edhe Holokausti shqiptar, ku mbi 440 mij\u00eb shqiptar nga e gjith\u00eb Kosova u detyruan dhunsh\u00ebm t\u00eb largoheshin nga trojet e tyre, duke l\u00ebn\u00eb gjith\u00e7ka pas vetes, e duke mos e ditur se \u00e7&#8217;fat i pret gjat\u00eb rrug\u00ebs me trenin q\u00eb i solli n\u00eb Bllac\u00eb.<\/p>\n\n\n\n<figure class=\"wp-block-image size-large\"><img decoding=\"async\" width=\"1024\" height=\"576\" src=\"https:\/\/medvegjasot.com\/wp-content\/uploads\/2025\/04\/photo-output-9-1024x576.jpeg\" alt=\"\" class=\"wp-image-4695\" srcset=\"https:\/\/medvegjasot.com\/wp-content\/uploads\/2025\/04\/photo-output-9-1024x576.jpeg 1024w, https:\/\/medvegjasot.com\/wp-content\/uploads\/2025\/04\/photo-output-9-300x169.jpeg 300w, https:\/\/medvegjasot.com\/wp-content\/uploads\/2025\/04\/photo-output-9-768x432.jpeg 768w, https:\/\/medvegjasot.com\/wp-content\/uploads\/2025\/04\/photo-output-9-1536x864.jpeg 1536w, https:\/\/medvegjasot.com\/wp-content\/uploads\/2025\/04\/photo-output-9-2048x1152.jpeg 2048w\" sizes=\"(max-width: 1024px) 100vw, 1024px\" \/><\/figure>\n\n\n\n<p><\/p>\n\n\n\n<p>N\u00eb nderim t\u00eb k\u00ebsaj dite, Komuna e Hanit t\u00eb Elezit si nikoqir, n\u00eb bashk\u00ebpunim me Shoqat\u00ebn p\u00ebr Kthimin e Shqiptar\u00ebve n\u00eb Trojet e Veta, si dhe me mb\u00ebshtetje t\u00eb Agjencis\u00eb p\u00ebr Menaxhimin e Monumenteve dhe Komplekseve Memoriale, <\/p>\n\n\n\n<figure class=\"wp-block-gallery has-nested-images columns-default is-cropped wp-block-gallery-1 is-layout-flex wp-block-gallery-is-layout-flex\">\n<figure class=\"wp-block-image size-large\"><img decoding=\"async\" width=\"1024\" height=\"576\" data-id=\"4705\" src=\"https:\/\/medvegjasot.com\/wp-content\/uploads\/2025\/04\/photo-output-15-1024x576.jpeg\" alt=\"\" class=\"wp-image-4705\" srcset=\"https:\/\/medvegjasot.com\/wp-content\/uploads\/2025\/04\/photo-output-15-1024x576.jpeg 1024w, https:\/\/medvegjasot.com\/wp-content\/uploads\/2025\/04\/photo-output-15-300x169.jpeg 300w, https:\/\/medvegjasot.com\/wp-content\/uploads\/2025\/04\/photo-output-15-768x432.jpeg 768w, https:\/\/medvegjasot.com\/wp-content\/uploads\/2025\/04\/photo-output-15-1536x864.jpeg 1536w, https:\/\/medvegjasot.com\/wp-content\/uploads\/2025\/04\/photo-output-15.jpeg 2016w\" sizes=\"(max-width: 1024px) 100vw, 1024px\" \/><\/figure>\n\n\n\n<figure class=\"wp-block-image size-large\"><img loading=\"lazy\" decoding=\"async\" width=\"1024\" height=\"576\" data-id=\"4706\" src=\"https:\/\/medvegjasot.com\/wp-content\/uploads\/2025\/04\/photo-output-16-1024x576.jpeg\" alt=\"\" class=\"wp-image-4706\" srcset=\"https:\/\/medvegjasot.com\/wp-content\/uploads\/2025\/04\/photo-output-16-1024x576.jpeg 1024w, https:\/\/medvegjasot.com\/wp-content\/uploads\/2025\/04\/photo-output-16-300x169.jpeg 300w, https:\/\/medvegjasot.com\/wp-content\/uploads\/2025\/04\/photo-output-16-768x432.jpeg 768w, https:\/\/medvegjasot.com\/wp-content\/uploads\/2025\/04\/photo-output-16-1536x864.jpeg 1536w, https:\/\/medvegjasot.com\/wp-content\/uploads\/2025\/04\/photo-output-16.jpeg 2016w\" sizes=\"(max-width: 1024px) 100vw, 1024px\" \/><\/figure>\n<\/figure>\n\n\n\n<p><\/p>\n\n\n\n<p>sot u realizua p\u00ebrkujtimi i 26 vjetorit t\u00eb &#8220;Bllac\u00ebs 99&#8221;, i cili \u00ebsht\u00eb simbol i tragjedis\u00eb, por nj\u00ebkoh\u00ebsisht \u00ebsht\u00eb shenj\u00eb e q\u00ebndrueshm\u00ebris\u00eb shqiptare.<\/p>\n\n\n\n<figure class=\"wp-block-gallery has-nested-images columns-default is-cropped wp-block-gallery-2 is-layout-flex wp-block-gallery-is-layout-flex\">\n<figure class=\"wp-block-image size-large\"><img loading=\"lazy\" decoding=\"async\" width=\"1024\" height=\"576\" data-id=\"4696\" src=\"https:\/\/medvegjasot.com\/wp-content\/uploads\/2025\/04\/photo-output-10-1024x576.jpeg\" alt=\"\" class=\"wp-image-4696\" srcset=\"https:\/\/medvegjasot.com\/wp-content\/uploads\/2025\/04\/photo-output-10-1024x576.jpeg 1024w, https:\/\/medvegjasot.com\/wp-content\/uploads\/2025\/04\/photo-output-10-300x169.jpeg 300w, https:\/\/medvegjasot.com\/wp-content\/uploads\/2025\/04\/photo-output-10-768x432.jpeg 768w, https:\/\/medvegjasot.com\/wp-content\/uploads\/2025\/04\/photo-output-10-1536x864.jpeg 1536w, https:\/\/medvegjasot.com\/wp-content\/uploads\/2025\/04\/photo-output-10.jpeg 2016w\" sizes=\"(max-width: 1024px) 100vw, 1024px\" \/><\/figure>\n<\/figure>\n\n\n\n<figure class=\"wp-block-gallery has-nested-images columns-default is-cropped wp-block-gallery-3 is-layout-flex wp-block-gallery-is-layout-flex\">\n<figure class=\"wp-block-image size-large\"><img loading=\"lazy\" decoding=\"async\" width=\"1024\" height=\"683\" data-id=\"4725\" src=\"https:\/\/medvegjasot.com\/wp-content\/uploads\/2025\/04\/IMG_5556-1024x683.jpeg\" alt=\"\" class=\"wp-image-4725\" srcset=\"https:\/\/medvegjasot.com\/wp-content\/uploads\/2025\/04\/IMG_5556-1024x683.jpeg 1024w, https:\/\/medvegjasot.com\/wp-content\/uploads\/2025\/04\/IMG_5556-300x200.jpeg 300w, https:\/\/medvegjasot.com\/wp-content\/uploads\/2025\/04\/IMG_5556-768x512.jpeg 768w, https:\/\/medvegjasot.com\/wp-content\/uploads\/2025\/04\/IMG_5556-1536x1024.jpeg 1536w, https:\/\/medvegjasot.com\/wp-content\/uploads\/2025\/04\/IMG_5556-600x400.jpeg 600w, https:\/\/medvegjasot.com\/wp-content\/uploads\/2025\/04\/IMG_5556.jpeg 2048w\" sizes=\"(max-width: 1024px) 100vw, 1024px\" \/><\/figure>\n\n\n\n<figure class=\"wp-block-image size-large\"><img loading=\"lazy\" decoding=\"async\" width=\"1024\" height=\"683\" data-id=\"4726\" src=\"https:\/\/medvegjasot.com\/wp-content\/uploads\/2025\/04\/IMG_5557-1024x683.jpeg\" alt=\"\" class=\"wp-image-4726\" srcset=\"https:\/\/medvegjasot.com\/wp-content\/uploads\/2025\/04\/IMG_5557-1024x683.jpeg 1024w, https:\/\/medvegjasot.com\/wp-content\/uploads\/2025\/04\/IMG_5557-300x200.jpeg 300w, https:\/\/medvegjasot.com\/wp-content\/uploads\/2025\/04\/IMG_5557-768x512.jpeg 768w, https:\/\/medvegjasot.com\/wp-content\/uploads\/2025\/04\/IMG_5557-1536x1024.jpeg 1536w, https:\/\/medvegjasot.com\/wp-content\/uploads\/2025\/04\/IMG_5557-600x400.jpeg 600w, https:\/\/medvegjasot.com\/wp-content\/uploads\/2025\/04\/IMG_5557.jpeg 2048w\" sizes=\"(max-width: 1024px) 100vw, 1024px\" \/><\/figure>\n<\/figure>\n\n\n\n<p>N\u00eb kuad\u00ebr t\u00eb k\u00ebtij organizmi, u b\u00eb promovimi i librit &#8220;Bllaca 99&#8221; n\u00eb gjuh\u00ebn fr\u00ebnge, poashtu edhe ora poetike, ku poet\u00ebt nga troje t\u00eb ndryshme paraqit\u00ebn krijimtarit\u00eb e tyre t\u00eb reja. P\u00ebr pjes\u00ebn kulturo-artistike u p\u00ebrkujdes\u00ebn m\u00eb s\u00eb miri Teatri &#8220;Kaqurrelat&#8221; nga Sk\u00ebnderaj dhe SHKA &#8220;Sharri&#8221; nga Hani i Elezit.<\/p>\n\n\n\n<figure class=\"wp-block-gallery has-nested-images columns-default is-cropped wp-block-gallery-4 is-layout-flex wp-block-gallery-is-layout-flex\">\n<figure class=\"wp-block-image size-large\"><img loading=\"lazy\" decoding=\"async\" width=\"1024\" height=\"576\" data-id=\"4702\" src=\"https:\/\/medvegjasot.com\/wp-content\/uploads\/2025\/04\/photo-output-14-1024x576.jpeg\" alt=\"\" class=\"wp-image-4702\" srcset=\"https:\/\/medvegjasot.com\/wp-content\/uploads\/2025\/04\/photo-output-14-1024x576.jpeg 1024w, https:\/\/medvegjasot.com\/wp-content\/uploads\/2025\/04\/photo-output-14-300x169.jpeg 300w, https:\/\/medvegjasot.com\/wp-content\/uploads\/2025\/04\/photo-output-14-768x432.jpeg 768w, https:\/\/medvegjasot.com\/wp-content\/uploads\/2025\/04\/photo-output-14-1536x864.jpeg 1536w, https:\/\/medvegjasot.com\/wp-content\/uploads\/2025\/04\/photo-output-14.jpeg 2016w\" sizes=\"(max-width: 1024px) 100vw, 1024px\" \/><\/figure>\n\n\n\n<figure class=\"wp-block-image size-large\"><img loading=\"lazy\" decoding=\"async\" width=\"1024\" height=\"576\" data-id=\"4701\" src=\"https:\/\/medvegjasot.com\/wp-content\/uploads\/2025\/04\/photo-output-13-1024x576.jpeg\" alt=\"\" class=\"wp-image-4701\" srcset=\"https:\/\/medvegjasot.com\/wp-content\/uploads\/2025\/04\/photo-output-13-1024x576.jpeg 1024w, https:\/\/medvegjasot.com\/wp-content\/uploads\/2025\/04\/photo-output-13-300x169.jpeg 300w, https:\/\/medvegjasot.com\/wp-content\/uploads\/2025\/04\/photo-output-13-768x432.jpeg 768w, https:\/\/medvegjasot.com\/wp-content\/uploads\/2025\/04\/photo-output-13-1536x864.jpeg 1536w, https:\/\/medvegjasot.com\/wp-content\/uploads\/2025\/04\/photo-output-13.jpeg 2016w\" sizes=\"(max-width: 1024px) 100vw, 1024px\" \/><\/figure>\n<\/figure>\n\n\n\n<p>Fal\u00ebnderoj t\u00eb gjith\u00eb pjes\u00ebmarr\u00ebsit q\u00eb ia shtuan vler\u00ebn edhe m\u00eb shum\u00eb p\u00ebrkujtimit t\u00eb k\u00ebsaj date.<\/p>\n\n\n\n<figure class=\"wp-block-gallery has-nested-images columns-default is-cropped wp-block-gallery-5 is-layout-flex wp-block-gallery-is-layout-flex\">\n<figure class=\"wp-block-image size-large\"><img loading=\"lazy\" decoding=\"async\" width=\"1024\" height=\"576\" data-id=\"4697\" src=\"https:\/\/medvegjasot.com\/wp-content\/uploads\/2025\/04\/photo-output-11-1024x576.jpeg\" alt=\"\" class=\"wp-image-4697\" srcset=\"https:\/\/medvegjasot.com\/wp-content\/uploads\/2025\/04\/photo-output-11-1024x576.jpeg 1024w, https:\/\/medvegjasot.com\/wp-content\/uploads\/2025\/04\/photo-output-11-300x169.jpeg 300w, https:\/\/medvegjasot.com\/wp-content\/uploads\/2025\/04\/photo-output-11-768x432.jpeg 768w, https:\/\/medvegjasot.com\/wp-content\/uploads\/2025\/04\/photo-output-11-1536x864.jpeg 1536w, https:\/\/medvegjasot.com\/wp-content\/uploads\/2025\/04\/photo-output-11.jpeg 2016w\" sizes=\"(max-width: 1024px) 100vw, 1024px\" \/><\/figure>\n\n\n\n<figure class=\"wp-block-image size-large\"><img loading=\"lazy\" decoding=\"async\" width=\"1024\" height=\"576\" data-id=\"4698\" src=\"https:\/\/medvegjasot.com\/wp-content\/uploads\/2025\/04\/photo-output-12-1024x576.jpeg\" alt=\"\" class=\"wp-image-4698\" srcset=\"https:\/\/medvegjasot.com\/wp-content\/uploads\/2025\/04\/photo-output-12-1024x576.jpeg 1024w, https:\/\/medvegjasot.com\/wp-content\/uploads\/2025\/04\/photo-output-12-300x169.jpeg 300w, https:\/\/medvegjasot.com\/wp-content\/uploads\/2025\/04\/photo-output-12-768x432.jpeg 768w, https:\/\/medvegjasot.com\/wp-content\/uploads\/2025\/04\/photo-output-12-1536x864.jpeg 1536w, https:\/\/medvegjasot.com\/wp-content\/uploads\/2025\/04\/photo-output-12.jpeg 2016w\" sizes=\"(max-width: 1024px) 100vw, 1024px\" \/><\/figure>\n<\/figure>\n\n\n\n<p>Nderimi iu takon t\u00eb r\u00ebn\u00ebve p\u00ebr liri, respekti \u00e7lirimtar\u00ebve, ka shkruar Kryetari i Hanit t\u00eb Elezit, <strong>Mehmet Ballazhi<\/strong>. <\/p>\n\n\n\n<figure class=\"wp-block-embed is-type-video is-provider-youtube wp-block-embed-youtube wp-embed-aspect-16-9 wp-has-aspect-ratio\"><div class=\"wp-block-embed__wrapper\">\n<iframe  id=\"_ytid_49491\"  width=\"640\" height=\"360\"  data-origwidth=\"640\" data-origheight=\"360\" src=\"https:\/\/www.youtube.com\/embed\/_cmSi9rRm5o?enablejsapi=1&#038;autoplay=0&#038;cc_load_policy=0&#038;cc_lang_pref=&#038;iv_load_policy=1&#038;loop=0&#038;rel=1&#038;fs=1&#038;playsinline=0&#038;autohide=2&#038;theme=dark&#038;color=red&#038;controls=1&#038;\" class=\"__youtube_prefs__  epyt-is-override  no-lazyload\" title=\"YouTube player\"  allow=\"fullscreen; accelerometer; autoplay; clipboard-write; encrypted-media; gyroscope; picture-in-picture; web-share\" referrerpolicy=\"strict-origin-when-cross-origin\" allowfullscreen data-no-lazy=\"1\" data-skipgform_ajax_framebjll=\"\"><\/iframe>\n<\/div><\/figure>\n\n\n\n<p><br><\/p>\n\n\n\n<p>P\u00ebr Librin e promovuar \u2013 Bllaca 99, fol\u00ebn, Ismajl&nbsp;&nbsp;Ismajli, p\u00ebrkthyes i Librit \u2013 Bllaca 99, n\u00eb gjuh\u00ebn fr\u00ebnge, Sabit&nbsp;&nbsp;Jaha, dhe autori i librit Jahja&nbsp;&nbsp;Lluka.<\/p>\n\n\n\n<figure class=\"wp-block-gallery has-nested-images columns-default is-cropped wp-block-gallery-6 is-layout-flex wp-block-gallery-is-layout-flex\">\n<figure class=\"wp-block-image size-large\"><img loading=\"lazy\" decoding=\"async\" width=\"1024\" height=\"576\" data-id=\"4715\" src=\"https:\/\/medvegjasot.com\/wp-content\/uploads\/2025\/04\/photo-output-1-1024x576.png\" alt=\"\" class=\"wp-image-4715\" srcset=\"https:\/\/medvegjasot.com\/wp-content\/uploads\/2025\/04\/photo-output-1-1024x576.png 1024w, https:\/\/medvegjasot.com\/wp-content\/uploads\/2025\/04\/photo-output-1-300x169.png 300w, https:\/\/medvegjasot.com\/wp-content\/uploads\/2025\/04\/photo-output-1-768x432.png 768w, https:\/\/medvegjasot.com\/wp-content\/uploads\/2025\/04\/photo-output-1-1536x864.png 1536w, https:\/\/medvegjasot.com\/wp-content\/uploads\/2025\/04\/photo-output-1.png 2016w\" sizes=\"(max-width: 1024px) 100vw, 1024px\" \/><\/figure>\n\n\n\n<figure class=\"wp-block-image size-large\"><img loading=\"lazy\" decoding=\"async\" width=\"1024\" height=\"576\" data-id=\"4716\" src=\"https:\/\/medvegjasot.com\/wp-content\/uploads\/2025\/04\/IMG_5537-1024x576.png\" alt=\"\" class=\"wp-image-4716\" srcset=\"https:\/\/medvegjasot.com\/wp-content\/uploads\/2025\/04\/IMG_5537-1024x576.png 1024w, https:\/\/medvegjasot.com\/wp-content\/uploads\/2025\/04\/IMG_5537-300x169.png 300w, https:\/\/medvegjasot.com\/wp-content\/uploads\/2025\/04\/IMG_5537-768x432.png 768w, https:\/\/medvegjasot.com\/wp-content\/uploads\/2025\/04\/IMG_5537-1536x864.png 1536w, https:\/\/medvegjasot.com\/wp-content\/uploads\/2025\/04\/IMG_5537-2048x1152.png 2048w\" sizes=\"(max-width: 1024px) 100vw, 1024px\" \/><\/figure>\n<\/figure>\n\n\n\n<figure class=\"wp-block-gallery has-nested-images columns-default is-cropped wp-block-gallery-7 is-layout-flex wp-block-gallery-is-layout-flex\">\n<figure class=\"wp-block-image size-large\"><img loading=\"lazy\" decoding=\"async\" width=\"1024\" height=\"683\" data-id=\"4722\" src=\"https:\/\/medvegjasot.com\/wp-content\/uploads\/2025\/04\/IMG_5555-1024x683.jpeg\" alt=\"\" class=\"wp-image-4722\" srcset=\"https:\/\/medvegjasot.com\/wp-content\/uploads\/2025\/04\/IMG_5555-1024x683.jpeg 1024w, https:\/\/medvegjasot.com\/wp-content\/uploads\/2025\/04\/IMG_5555-300x200.jpeg 300w, https:\/\/medvegjasot.com\/wp-content\/uploads\/2025\/04\/IMG_5555-768x512.jpeg 768w, https:\/\/medvegjasot.com\/wp-content\/uploads\/2025\/04\/IMG_5555-600x400.jpeg 600w, https:\/\/medvegjasot.com\/wp-content\/uploads\/2025\/04\/IMG_5555.jpeg 1200w\" sizes=\"(max-width: 1024px) 100vw, 1024px\" \/><\/figure>\n\n\n\n<figure class=\"wp-block-image size-large\"><img loading=\"lazy\" decoding=\"async\" width=\"1024\" height=\"683\" data-id=\"4723\" src=\"https:\/\/medvegjasot.com\/wp-content\/uploads\/2025\/04\/IMG_5554-1024x683.jpeg\" alt=\"\" class=\"wp-image-4723\" srcset=\"https:\/\/medvegjasot.com\/wp-content\/uploads\/2025\/04\/IMG_5554-1024x683.jpeg 1024w, https:\/\/medvegjasot.com\/wp-content\/uploads\/2025\/04\/IMG_5554-300x200.jpeg 300w, https:\/\/medvegjasot.com\/wp-content\/uploads\/2025\/04\/IMG_5554-768x512.jpeg 768w, https:\/\/medvegjasot.com\/wp-content\/uploads\/2025\/04\/IMG_5554-1536x1024.jpeg 1536w, https:\/\/medvegjasot.com\/wp-content\/uploads\/2025\/04\/IMG_5554-600x400.jpeg 600w, https:\/\/medvegjasot.com\/wp-content\/uploads\/2025\/04\/IMG_5554.jpeg 2048w\" sizes=\"(max-width: 1024px) 100vw, 1024px\" \/><\/figure>\n<\/figure>\n\n\n\n<p><br>Or\u00ebs Letrare i priu&nbsp;mbesa e Sherife&nbsp;Lut\u00ebs, (Gruaja&nbsp;q\u00eb&nbsp;b\u00ebri&nbsp;historin\u00eb&nbsp;&nbsp;gjat\u00eb&nbsp;&nbsp;luftes,&nbsp;&nbsp;me&nbsp;&nbsp;beben n\u00eb duar) \u2013 Azra me nj\u00eb&nbsp;&nbsp;poezi.<\/p>\n\n\n\n<figure class=\"wp-block-gallery has-nested-images columns-default is-cropped wp-block-gallery-8 is-layout-flex wp-block-gallery-is-layout-flex\">\n<figure class=\"wp-block-image size-large\"><img loading=\"lazy\" decoding=\"async\" width=\"1024\" height=\"683\" data-id=\"4728\" src=\"https:\/\/medvegjasot.com\/wp-content\/uploads\/2025\/04\/IMG_5558-1024x683.jpeg\" alt=\"\" class=\"wp-image-4728\" srcset=\"https:\/\/medvegjasot.com\/wp-content\/uploads\/2025\/04\/IMG_5558-1024x683.jpeg 1024w, https:\/\/medvegjasot.com\/wp-content\/uploads\/2025\/04\/IMG_5558-300x200.jpeg 300w, https:\/\/medvegjasot.com\/wp-content\/uploads\/2025\/04\/IMG_5558-768x512.jpeg 768w, https:\/\/medvegjasot.com\/wp-content\/uploads\/2025\/04\/IMG_5558-1536x1024.jpeg 1536w, https:\/\/medvegjasot.com\/wp-content\/uploads\/2025\/04\/IMG_5558-600x400.jpeg 600w, https:\/\/medvegjasot.com\/wp-content\/uploads\/2025\/04\/IMG_5558.jpeg 2048w\" sizes=\"(max-width: 1024px) 100vw, 1024px\" \/><\/figure>\n\n\n\n<figure class=\"wp-block-image size-large\"><img loading=\"lazy\" decoding=\"async\" width=\"1024\" height=\"683\" data-id=\"4727\" src=\"https:\/\/medvegjasot.com\/wp-content\/uploads\/2025\/04\/IMG_5559-1024x683.jpeg\" alt=\"\" class=\"wp-image-4727\" srcset=\"https:\/\/medvegjasot.com\/wp-content\/uploads\/2025\/04\/IMG_5559-1024x683.jpeg 1024w, https:\/\/medvegjasot.com\/wp-content\/uploads\/2025\/04\/IMG_5559-300x200.jpeg 300w, https:\/\/medvegjasot.com\/wp-content\/uploads\/2025\/04\/IMG_5559-768x512.jpeg 768w, https:\/\/medvegjasot.com\/wp-content\/uploads\/2025\/04\/IMG_5559-600x400.jpeg 600w, https:\/\/medvegjasot.com\/wp-content\/uploads\/2025\/04\/IMG_5559.jpeg 1500w\" sizes=\"(max-width: 1024px) 100vw, 1024px\" \/><\/figure>\n<\/figure>\n\n\n\n<p><strong>MS<\/strong>: 10 PRILL <strong>2025<\/strong><\/p>\n\n\n\n<figure class=\"wp-block-gallery has-nested-images columns-default is-cropped wp-block-gallery-9 is-layout-flex wp-block-gallery-is-layout-flex\">\n<figure class=\"wp-block-image size-large\"><img loading=\"lazy\" decoding=\"async\" width=\"768\" height=\"1024\" data-id=\"4718\" src=\"https:\/\/medvegjasot.com\/wp-content\/uploads\/2025\/04\/IMG_5518-768x1024.jpeg\" alt=\"\" class=\"wp-image-4718\" srcset=\"https:\/\/medvegjasot.com\/wp-content\/uploads\/2025\/04\/IMG_5518-768x1024.jpeg 768w, https:\/\/medvegjasot.com\/wp-content\/uploads\/2025\/04\/IMG_5518-225x300.jpeg 225w, https:\/\/medvegjasot.com\/wp-content\/uploads\/2025\/04\/IMG_5518-1152x1536.jpeg 1152w, https:\/\/medvegjasot.com\/wp-content\/uploads\/2025\/04\/IMG_5518.jpeg 1200w\" sizes=\"(max-width: 768px) 100vw, 768px\" \/><\/figure>\n\n\n\n<figure class=\"wp-block-image size-large\"><img loading=\"lazy\" decoding=\"async\" width=\"768\" height=\"1024\" data-id=\"4719\" src=\"https:\/\/medvegjasot.com\/wp-content\/uploads\/2025\/04\/IMG_5519-768x1024.jpeg\" alt=\"\" class=\"wp-image-4719\" srcset=\"https:\/\/medvegjasot.com\/wp-content\/uploads\/2025\/04\/IMG_5519-768x1024.jpeg 768w, https:\/\/medvegjasot.com\/wp-content\/uploads\/2025\/04\/IMG_5519-225x300.jpeg 225w, https:\/\/medvegjasot.com\/wp-content\/uploads\/2025\/04\/IMG_5519-1152x1536.jpeg 1152w, https:\/\/medvegjasot.com\/wp-content\/uploads\/2025\/04\/IMG_5519.jpeg 1200w\" sizes=\"(max-width: 768px) 100vw, 768px\" \/><\/figure>\n<\/figure>\n\n\n\n<p><strong>V\u00cbSHTRIM<\/strong><\/p>\n\n\n\n<p><strong>VEPRA \u201cBLLACA \u201999 &#8230;\u201d N\u00cb MEMORIEN E T\u00cb D\u00cbBUARVE SHQIPTAR<\/strong><\/p>\n\n\n\n<p><strong>ose<\/strong><\/p>\n\n\n\n<p><strong>D\u00cbBIMI ME DHUN\u00cb Q\u00cb MUND T\u00cb MERRTE P\u00cbRMASA T\u00cb M\u00cbDHA BOT\u00cbRORE<\/strong><\/p>\n\n\n\n<p><em><strong>Jahja LlUka : \u201cBllaca \u201999- P\u00cbRJETIMET E T\u00cb D\u00cbBUARVE ME DHUN\u00cb NGA FORCAT SERBE \u201c(Argumente), botoi \u201cFokus pront\u201d Shkup, 2024, 296 faqe, pjesa e par\u00eb)<\/strong><\/em><\/p>\n\n\n\n<figure class=\"wp-block-image\"><img decoding=\"async\" src=\"https:\/\/orfeu.al\/uploads\/images\/202405\/image_750x_66587fa9971b0.jpg\" alt=\"\"\/><\/figure>\n\n\n\n<p>M\u00eb 10 prill 2024, aty ku ende ekziston kufiri shqiptaro-shqiptar (nd\u00ebrmjet shqiptar\u00ebve t\u00eb Kosov\u00ebs dhe shqiptar\u00ebve t\u00eb Maqedonis\u00eb s\u00eb Veriut) n\u00eb Bllac\u00eb, ku para dy dekadash e gjysm\u00eb (d.m.th. para 25 vjet\u00ebve), u p\u00ebrurua vepra publicistike-historike-letrare) e autorit tashm\u00eb t\u00eb afirmuar n\u00eb p\u00ebrmasa komb\u00ebtare dhe nd\u00ebrkomb\u00ebtare,<\/p>\n\n\n\n<figure class=\"wp-block-image size-large\"><img loading=\"lazy\" decoding=\"async\" width=\"576\" height=\"1024\" src=\"https:\/\/medvegjasot.com\/wp-content\/uploads\/2025\/04\/D55E4D86-5DB2-4F6B-943D-7EB645D90C30-576x1024.jpeg\" alt=\"\" class=\"wp-image-4739\" srcset=\"https:\/\/medvegjasot.com\/wp-content\/uploads\/2025\/04\/D55E4D86-5DB2-4F6B-943D-7EB645D90C30-576x1024.jpeg 576w, https:\/\/medvegjasot.com\/wp-content\/uploads\/2025\/04\/D55E4D86-5DB2-4F6B-943D-7EB645D90C30-169x300.jpeg 169w, https:\/\/medvegjasot.com\/wp-content\/uploads\/2025\/04\/D55E4D86-5DB2-4F6B-943D-7EB645D90C30-768x1365.jpeg 768w, https:\/\/medvegjasot.com\/wp-content\/uploads\/2025\/04\/D55E4D86-5DB2-4F6B-943D-7EB645D90C30-864x1536.jpeg 864w, https:\/\/medvegjasot.com\/wp-content\/uploads\/2025\/04\/D55E4D86-5DB2-4F6B-943D-7EB645D90C30.jpeg 1152w\" sizes=\"(max-width: 576px) 100vw, 576px\" \/><\/figure>\n\n\n\n<p> Jahja Lluka, njeriu q\u00eb nj\u00ebjt\u00ebsohet me Shoqat\u00ebn e t\u00eb Shp\u00ebrngulurve dhe t\u00eb t\u00eb D\u00ebbuarve nga Trojet e Veta, ku b\u00ebri q\u00ebmtime, eksplorime dhe mblodhi sh\u00ebnime, duke dal\u00eb publikisht edhe me k\u00ebt\u00eb lib\u00ebr argumentues para bot\u00ebs s\u00eb civilizuar.Me k\u00ebt\u00eb vep\u00ebr, n\u00eb krye t\u00eb 25 vjetorit t\u00eb Aksionit Fam\u00ebkeq t\u00eb D\u00ebbimit t\u00eb Shqiptar\u00ebve nga Kosova (m\u00eb 1999) nga regjimi obskurantist serbo-sllav, n\u00eb krye t\u00eb t\u00eb cilit ishte Sllobodan Millosheviqi dhe ithtar\u00ebt e tij. Bllaca \u201999 ishte nyja ky\u00e7e p\u00ebrmes s\u00eb cil\u00ebs popullata shqiptare e Kosov\u00ebs mori udh\u00ebt e bot\u00ebs, ku u degdisen anek\u00ebnd rruzullit tok\u00ebsor tek miqt\u00eb tan\u00eb liridash\u00ebs, p\u00ebr t\u00eb mos t\u00eb mos e l\u00ebn\u00eb k\u00ebt\u00eb popull t\u00eb shfarosej nj\u00ebher\u00eb e p\u00ebrgjithmon\u00eb, ashtu si\u00e7 e kishin planifikuar ideolog\u00ebt pushtues deri m\u00eb 1999.Jahja Lluka hartues e mbar\u00ebshtues i k\u00ebsaj vepreje monumentale \u201cBllaca \u201999) &#8230;\u201d fal\u00eb p\u00ebrkushtimit t\u00eb pashembullt, gjat\u00eb k\u00ebtyre 25 vjet\u00ebve (1999-2024), m\u00eb shum\u00eb se kushdo tjet\u00ebr iu qas me devotshm\u00ebri publikimit t\u00eb p\u00ebrjetimeve t\u00eb t\u00eb d\u00ebbuarve shqiptar\u00eb, t\u00eb cil\u00ebt n\u00eb Bllac\u00eb me dit\u00eb e net t\u00eb plota (q\u00eb nga marsi-maji 1999) kush m\u00eb pak e kush m\u00eb shum\u00eb p\u00ebrjetuan \u00e7aste t\u00eb dhimbshme, tragjike t\u00eb DRAM\u00cbS KOSOVARE, ku shqiptar\u00ebt ishin vet\u00ebm trupa (figura) statik\u00eb \u2013 duarthat\u00eb, t\u00eb uritur e t\u00eb etsh\u00ebm kurse rolet i luanin kriminel\u00ebt, milic\u00ebt, ushtarak\u00ebt dhe efektiv\u00ebt e aparatit shtet\u00ebror serbo-sllav.Libri \u201cBLLACA\u201999 &#8230;\u201d i autorit Jahja Lluka, edhe pse \u00ebsht\u00eb pjesa e par\u00eb, q\u00eb do t\u00eb thot\u00eb se \u00ebsht\u00eb nisma e nj\u00eb projekti m\u00eb voluminoz, megjithat\u00eb, tash p\u00ebr tash kryefillesa q\u00eb p\u00ebrcakton vendin BLLAC\u00cb, vitin 1999 dhe popullat\u00ebn shqiptare t\u00eb d\u00ebbuar nga vatrat st\u00ebrgjyshore dhe t\u00eb grumbulluara n\u00eb k\u00ebt\u00eb kamp fushor, ku njer\u00ebzit p\u00ebrjetuan edhe \u201cFERRIN\u201d e Dantes, megjithat\u00eb fal\u00eb ndihmave t\u00eb v\u00ebllez\u00ebrve e motrave tona q\u00eb kontribuuan n\u00eb forma e m\u00ebnyra m\u00eb t\u00eb ndryshme dhe gjet\u00ebn p\u00ebrkrahje jo vet\u00ebm morale por edhe materiale, duke dh\u00ebn\u00eb gjithsecili at\u00eb q\u00eb pati mund\u00ebsi, duke mos kursyer asgj\u00eb, vet\u00ebm e vet\u00ebm t\u2019u dilnin n\u00eb ndihm\u00eb v\u00ebllez\u00ebrve e motrave kosovare, t\u00eb cil\u00ebt gjat\u00eb tremujorshit mars, prill dhe maj 1999 ishin n\u00eb mes t\u00eb kudhr\u00ebs e \u00e7ekanit. Dhe, deshi Zoti, Amerika, Forcat Veri-Atlantike q\u00eb n\u00eb Misionin e tyre Humanitar, t\u00eb koordinuara me forcat e U\u00c7K-s\u00eb ia dol\u00ebn mban\u00eb q\u00eb t\u00eb udh\u00ebhiqnin k\u00ebt\u00eb popullat\u00eb, duke e zhvendosur, strehuar dhe ruajtur nga krimet e mundshme q\u00eb mund t\u00eb ndodhnin kudo dhe kurdo nga forcat ushtarake, policore t\u00eb udh\u00ebhequra nga efektiv\u00ebt kriminel\u00eb serbo-sllav\u00eb, t\u00eb cil\u00ebt nuk kursenin ask\u00eb &#8230; \u2013 shprehin p\u00ebrjetimet e tyre t\u00eb trishta n\u00eb shkrimet e nj\u00ebpasnj\u00ebshme n\u00eb k\u00ebt\u00eb lib\u00ebr \u2013 monument, p\u00ebr kryekreje \u2013 fillim e mbarim, si em\u00ebrues t\u00eb p\u00ebrbashk\u00ebt ka : vuajtje, tmerr, gjak, &#8230;Derisa n\u00eb fillim t\u00eb librit \u201cBLLACA\u201999\u201d, n\u00eb pjes\u00ebn e mbititulluar \u201cN\u00eb vend t\u00eb hyrjes\u201d lexojm\u00eb pes\u00eb faqet e Dibran Fyllit p\u00ebr d\u00ebbimet e m\u00ebdha gjat\u00eb viteve 1977\/78, aty theksohen d\u00ebbimet e shqiptar\u00ebve nga trek\u00ebnd\u00ebshi i Toplic\u00ebs 1878-1881, pastaj vihet n\u00eb spikam\u00eb aneksimi serb i Kosov\u00ebs dhe vijon me d\u00ebbimin e shqiptar\u00ebve n\u00eb koh\u00ebn e mbret\u00ebris\u00eb jugosllave dhe vihen n\u00eb pah pasojat, vrasjet, masakrimet deri te d\u00ebbimi masiv i shqiptar\u00ebve gjat\u00eb vitit 1998\/1999.\u00a0N\u00eb vazhdim\u00ebsi t\u00eb dram\u00ebs tragjike libri \u201cBLLACA\u201999&#8230;\u201d p\u00ebrmbledh procesin obskurantist nga krematoriumi mbi shqiptar\u00ebt nga Sanxhaku i Nishit e deri tek Kampi i Bllac\u00ebs i autorit prof. Dr. Hakif Bajrami, i cili v\u00eb n\u00eb pah programet fashiste serbiane q\u00eb prodhuan mizori shekullore ndaj shqiptar\u00ebve, duke e quajtur Bllac\u00ebn\u201999 Mathauazen i mizorive serbe ndaj shqiptar\u00ebve.Derisa n\u00eb k\u00ebto dy shkrime p\u00ebrmbledh\u00ebse me d\u00ebshmi \u201cde facto\u201d dhe \u201cde jure\u201d p\u00ebr veprimet e pushteteve serbe ndaj shqiptar\u00ebve n\u00eb vazhdim\u00ebsi, p\u00ebrjetimet e gjith\u00eb atyre q\u00eb pan\u00eb me sy, e d\u00ebgjuan me vesh, si dhe ndien me zem\u00ebr dhe perceptuan me mendje din\u00eb m\u00eb shum\u00eb se kushdo tjet\u00ebr se \u00e7\u2019dometh\u00ebnie p\u00ebrmbledh fjala \u201cBLLACA \u201999&#8230;\u201d \u2013 k\u00ebt\u00eb e d\u00ebshmojn\u00eb p\u00ebrjetimet e panum\u00ebrta.\u00a0N\u00eb shkrimin \u201c25 vite nga d\u00ebbimi i shqiptar\u00ebve t\u00eb Kosov\u00ebs\u201d Daim Hyseni, bashk\u00ebveprimtar i Heroit t\u00eb Kombit &#8211; Zahir Pajaziti, flet p\u00ebr p\u00ebrjetimet e tij p\u00ebr varrin e djalit t\u00eb Kosov\u00ebs. N\u00eb vazhdim\u00ebsi t\u00eb rr\u00ebfimeve shp\u00ebrfaq p\u00ebrjetimet e tij Rexhep Mehmeti, gazetar i Radio \u201cVatit\u201d n\u00eb Shkup i cili thekson numrin e madh t\u00eb kolonve t\u00eb refugjat\u00ebve shqiptar\u00eb. Shkrimi i gazetarit t\u00eb luft\u00ebs, Zeqir Bekolli, n\u00eb 12 faqe t\u00eb librit\u00a0 \u201cBLLACA\u201999&#8230;\u201d publikon p\u00ebrjetimet e tij me titull \u201cUn\u00eb \u201carkitekt\u201d i tend\u00ebs s\u00eb par\u00eb n\u00eb Bllac\u00eb.\u201d Po ashtu gazetari i \u201cRilindjes\u201d, Bajram Kabashi, n\u00eb shkrimin e tij prej 14 faqeve, pos t\u00eb tjerave v\u00eb theksin tek shp\u00ebtimtar\u00ebt duke v\u00ebn\u00eb n\u00eb rend t\u00eb par\u00eb U\u00c7K-n\u00eb dhe Aleanc\u00ebn e NATO-s, duke e p\u00ebrfunduar me fundin e mendimeve.Shkrimi \u201cRefugjat\u00ebt n\u00eb Bllac\u00ebn e lotit\u201d t\u00eb Rudi Berish\u00ebs p\u00ebrmbledh p\u00ebrjetimet e plag\u00ebve q\u00eb kthehen n\u00eb dit\u00ebt e vdekjeve, kur babait t\u00eb tij ia prit\u00ebn (organizuan) t\u00eb pamen p\u00ebr ngush\u00ebllime p\u00ebr s\u00eb gjalli, meq\u00eb dikush e kishte shpallur t\u00eb vdekur. Nd\u00ebrkaq p\u00ebr eksodin \u201cBLLACA \u201999&#8230;\u201d dhe Kalvarin Biblik shp\u00ebrfaq p\u00ebrjetimet e tij Fadil H. Curri, i cili ishte i d\u00ebbuar nga forcat serbe. Kurse Lule Selimi, gazetare publikon shkrimin e saj me titull krenarie \u201cRruga e Liris\u00eb\u201d, duke iu dh\u00ebn\u00eb njer\u00ebzve motiv \u2013 zem\u00ebr p\u00ebr t\u2019iu b\u00ebr\u00eb ball\u00eb edhe k\u00ebtyre sfidave, meq\u00eb luft\u00ebs do t\u2019i vinte fundi dhe Liria ishte e sigurt, prandaj lypsej durim.\u00a0Gazetarja e gazet\u00ebs \u201cFakti\u201d n\u00eb Shkup, Lindita Azizi, n\u00eb librin \u201cBLLACA \u201999&#8230;\u201d, n\u00eb shkrimin e saj prej 11 faqesh, me titull tejet simbolik dhe dometh\u00ebn\u00ebs \u201cNj\u00eb ferr i gjall\u00eb ku frymuan bashk\u00eb jeta dhe vdekja\u201d v\u00eb n\u00eb jehon\u00eb munges\u00ebn e prov\u00ebs s\u00eb fundit n\u00eb Bllac\u00eb, ku atdheu sh\u00ebrohet vet\u00ebm me atdhe, ku lufta n\u00eb Kosov\u00eb e b\u00ebri t\u00eb vet\u00ebn.<\/p>\n\n\n\n<figure class=\"wp-block-image\"><img decoding=\"async\" src=\"https:\/\/orfeu.al\/uploads\/images\/202405\/image_750x_665882d5b5011.jpg\" alt=\"\"\/><\/figure>\n\n\n\n<p>N\u00eb vijim t\u00eb p\u00ebrjetimeve t\u00eb t\u00eb d\u00ebbuarve shfaq rr\u00ebfimet e tij dhe Abdullah Troshupa, i cili n\u00eb 7 faqe t\u00eb librit t\u00eb lartp\u00ebrmendur rr\u00ebfen gjith\u00eb at\u00eb dram\u00eb derisa erdhi n\u00eb Bllac\u00eb, n\u00eb kampin ku ishin p\u00ebrqendruar me mij\u00ebra veta nga t\u00eb gjitha an\u00ebt e Kosov\u00ebs.N\u00eb shkrimin \u201cVdekje lindjes shqiptare\u201d gazetari i TV t\u00eb Prishtin\u00ebs, Shaqir Foniqi, shfaq p\u00ebrjetimet e tij, me stilin poetik-estetik, duke p\u00ebrmbledhur me pak fjal\u00eb (n\u00eb dy faqe libri) p\u00ebr gjith\u00eb at\u00eb dram\u00eb q\u00eb p\u00ebrjetuan shqiptar\u00ebt e Kosov\u00ebs, q\u00eb u d\u00ebbuan masivisht nga Kosova e pushtuar nga forcat serbosllave.&nbsp;P\u00ebrjetimet e tij, si ngjarje e paharruar, i shfaq n\u00eb dy faqe libri dhe i d\u00ebbuari me dhun\u00eb Ismail Sahiti.Nd\u00ebrkaq nga libri i Hajrush Kurtajt \u201cKontributi i femr\u00ebs n\u00eb Luft\u00ebn \u00c7lirimtare t\u00eb Kosov\u00ebs n\u00eb Ka\u00e7anik dhe n\u00eb Han t\u00eb Elezit 1998-1999\u201d shk\u00ebputet historia e hidhur e plot sakrifica e Sherife Lut\u00ebs, fotografia e s\u00eb cil\u00ebs me f\u00ebmij\u00ebn e saj ngryk duke i dh\u00ebn\u00eb gji, mori p\u00ebrmasa bot\u00ebrore si fotoja m\u00eb e dhimbshme dhe m\u00eb dometh\u00ebn\u00ebse, e cila pamje u shfaq n\u00eb t\u00eb gjithamasmedia bot\u00ebrore, kurse n\u00eb Bllac\u00eb u p\u00ebrjet\u00ebsua edhe mozaikun me gur\u00eb me titull \u201cMuri i p\u00ebrjet\u00ebsis\u00eb\u201d, duke theksuar dashurin\u00eb e n\u00ebn\u00ebs ndaj f\u00ebmij\u00ebs s\u00eb saj, t\u00eb cil\u00ebn edhe n\u00eb ato kushte e rrethana t\u00eb disfavorshme n\u00ebna shqiptare di dhe ngulmon t\u2019iu b\u00ebj\u00eb ball\u00eb sfidave m\u00eb t\u00eb tmerrshme, duke q\u00ebndruar gjithmon\u00eb e pamposhtur edhe pse vet\u00ebn e v\u00eb n\u00eb rrezik p\u00ebr ta mbrojtur frytin e saj.Po k\u00ebshtu p\u00ebr p\u00ebrjetimet e tij t\u00eb paharruara rr\u00ebfen edhe Miravt Luta, bashk\u00ebshorti i Sherife Lut\u00ebs, t\u00eb cil\u00ebt s\u00eb bashku me familjar\u00ebt e tyre ishin d\u00ebbuar nga forcat serbe, por assesi nuk u dor\u00ebzuan dhe q\u00ebndruan t\u00eb pagjunj\u00ebzuar edhe pse n\u00eb ato kushte e rrethana ishte tejet e v\u00ebshtir\u00eb t\u2019iu b\u00ebhej ball\u00eb forcave serbe. Po k\u00ebshtu, shprehin p\u00ebrjetimet e tyre Florim dhe Emine Kastrati, prind\u00ebrit e foshnj\u00ebs me emrin Laurent, q\u00eb kishin p\u00ebrjetuar si shum\u00ebkush dhun\u00ebs, kur ishin d\u00ebbuar nga sht\u00ebpia e tyre nga forcat serbe.Nd\u00ebrkaq, n\u00eb librin \u201cBLLACA\u201999&#8230;\u201d, n\u00eb shkrimin e tij prej 6 faqesh Isak Spanca t\u00ebrheq dy paralele, duke v\u00ebn\u00eb n\u00eb pah dhun\u00ebn policore dhe ushtarake serbe, n\u00eb nj\u00ebr\u00ebn an\u00eb dhe kthetrat policore maqedonase, n\u00eb an\u00ebn tjet\u00ebr, duke konkluduar se si nj\u00ebra ashtu edhe tjetra ushtronin dhun\u00eb t\u00eb papar\u00eb ndaj popullat\u00ebs s\u00eb pambrojtur dhe duarthat\u00eb shqiptare.Nj\u00eb shkrim tejet analitik dhe shum\u00eb dometh\u00ebn\u00ebs mbar\u00ebshtohet nga prof.. dr. Zeqirja Idrizi, i cili duke qen\u00eb d\u00ebshmitar i ngjarjeve tragjike t\u00eb d\u00ebbimit me dhun\u00eb t\u00eb popullat\u00ebs shqiptare nga Kosova, ai shkrimin e tij autorial e p\u00ebrmbledh me titullin kuptimplot\u00eb e tejet dometh\u00ebn\u00ebs \u201cKur t\u00eb dhemb nj\u00eb pjes\u00eb e trupit i t\u00ebr\u00eb trupi \u00ebsht\u00eb i s\u00ebmur\u201d.Imami Ismail Limani n\u00eb rr\u00ebfimin e tij, t\u00eb publikuar n\u00eb librin \u201cBLLACA\u201999&#8230;\u201d v\u00eb n\u00eb pah kontributin e bllacjanve duke theksuar faktin se banor\u00ebt e Bllac\u00ebs ishin t\u00eb par\u00ebt q\u00eb u dol\u00ebn n\u00eb ndihm\u00eb v\u00ebllez\u00ebrve kosovar\u00eb.Administratori i kampit t\u00eb Stankovcit 1 dhe 2 Shaqir Fera nga fshati Bllac\u00eb thekson faktin se brenda 20 dit\u00ebsh kan\u00eb kaluar hi\u00e7 m\u00eb pak se 15,000 shqiptar\u00eb t\u00eb d\u00ebbuar.N\u00eb shkrimin \u201cTreni i tmerrit dhe burbuja e Bllac\u00ebs\u201d i Sabit Jah\u00ebs, q\u00eb mund t\u00eb form\u00ebsohet edhe k\u00ebshtu \u201cTT &amp; BB 99\u201d n\u00eb m\u00ebnyr\u00eb t\u00eb p\u00ebrmbledhur a t\u00eb shkurtuar, ng\u00ebrthen n\u00eb vete e gjith\u00eb odisejad\u00ebn q\u00eb ka ndodhur n\u00eb pranver\u00ebn e vitit 1999 me t\u00eb d\u00ebbuarit shqiptar\u00eb t\u00eb Kosov\u00ebs teksa po p\u00ebrjetonin t\u00eb zit\u00eb e ullirit n\u00eb k\u00ebt\u00eb kamp fushor, n\u00ebn qiellin e hapur, t\u00eb pangr\u00ebn\u00eb dhe t\u00eb papir\u00eb, prej nga degdiseshin anek\u00ebnd bot\u00ebs p\u00ebr t\u2019i shp\u00ebtuar fallang\u00ebs serbosllave.&nbsp;Shaip Haziri n\u00eb shkrimin e tij \u201cN\u00eb Bllac\u00eb e pash\u00eb me sy vdekjen e familjes sime\u201d rr\u00ebfen p\u00ebr m\u00ebnyr\u00ebn e d\u00ebbimit me dhun\u00eb nga forcat serbe ndaj shqiptar\u00ebve t\u00eb pambrojtur gjat\u00eb atyre dit\u00ebve.&nbsp;Dr. Bexhihidin Shehapi n\u00eb v\u00ebshtrimin e tij \u201cShpirti humanitar n\u00eb dit\u00ebt e v\u00ebshtira\u201d v\u00eb n\u00eb pah rolin epokal t\u00eb \u201cEl Hilalit\u201d p\u00ebrball\u00eb fluksit t\u00eb refugjat\u00ebve, intensifikimin e tyre p\u00ebrmes formave e m\u00ebnyrave m\u00eb adekuate, bartjen e refugjat\u00ebve, korridoret si projekte ogurzeza p\u00ebr t\u2019i d\u00ebbuar shqiptar\u00ebt nga Kosova sa m\u00eb par\u00eb dhe sa m\u00eb masivisht, shprehur n\u00eb 9 faqet e librit \u201cBLLACA\u201999\u201d t\u00eb autorit Jahja Lluka.&nbsp;Shkrimi \u201cKalimi n\u00ebp\u00ebr kalvarin kolektiv t\u00eb Bllac\u00ebs\u201d i gazetarit dhe publicistit Avni Spahiu jep t\u00eb kuptohet fare qart\u00eb e gjith\u00eb ngjarjen q\u00eb p\u00ebrjetuan shqiptar\u00ebt e Kosov\u00ebs n\u00eb k\u00ebt\u00eb kamp t\u00eb Bllac\u00ebs, duke p\u00ebrjetuar situata tejet rr\u00ebqeth\u00ebse e trondit\u00ebse.&nbsp;Asllan Qyqalla n\u00eb shkrimin e tij \u201cBllaca-ferri i Dantes, po edhe i shp\u00ebtimit\u201d shp\u00ebrfaq at\u00eb dram\u00ebn tragjike si p\u00ebrjetues i d\u00ebbimit me dhun\u00eb nga forcat serbe.N\u00eb shkrimin e mbititulluar \u201cPrologu\u201d me titullin \u201cTymi i cigares shkrihet me tymin e luft\u00ebs\u201d ambasadorja e UNICEF-it Vanesa Redgrava shfaq p\u00ebrjetimet e saj si i kishte par\u00eb me sy e p\u00ebrjetuar me zem\u00ebr gjith\u00eb at\u00eb burbuj\u00eb t\u00eb ndodhur me shqiptar\u00ebt e d\u00ebbuar me dhun\u00eb nga forcat serbe.<\/p>\n\n\n\n<figure class=\"wp-block-image\"><img decoding=\"async\" src=\"https:\/\/orfeu.al\/uploads\/images\/202405\/image_750x_665882f01eb04.jpg\" alt=\"\"\/><\/figure>\n\n\n\n<p>Aktori dhe regjisori Xhevat Limani n\u00eb p\u00ebrjetimin e tij rr\u00ebfen p\u00ebr shfaqjen teatrore (p\u00ebr t\u2019i relaksuar f\u00ebmij\u00ebt) me nj\u00eb improvizim artistik n\u00eb kampin e shqiptar\u00ebve n\u00eb Stankovec t\u00eb Shkupit.Ibush Re\u00e7ica n\u00eb shkrimin e tij me titull \u201cD\u00ebbimi i hidhur\u201d v\u00eb n\u00eb spikam\u00eb e gjith\u00eb dram\u00ebn e tij si dhe t\u00eb tjer\u00ebve t\u00eb cil\u00ebt e p\u00ebrjetuan d\u00ebbimin me dhun\u00eb nga forcat serbe, gjat\u00eb gjith\u00eb atyre dit\u00ebve derisa kaluan n\u00eb kampin e Bllac\u00ebs dhe pastaj deg\u00ebdisjen e tyre n\u00ebp\u00ebr bot\u00eb.&nbsp;P\u00ebr p\u00ebrjetimet e tmerrshme, q\u00eb p\u00ebrjetoi edhe Fehmi Kuleta, shprehet n\u00eb shkrimin e tij me titull \u201cMe dhun\u00eb na d\u00ebbuan nga sht\u00ebpia\u201d.&nbsp;Nd\u00ebrkaq, Rrustem Xhafolli v\u00eb n\u00eb pah keqtrajtimet e polic\u00ebve dhe agjent\u00ebve serb\u00eb ndaj qytetar\u00ebve t\u00eb popullat\u00ebs shqiptare gjat\u00eb procesit t\u00eb dhun\u00ebs s\u00eb ushtruar, gjat\u00eb atyre dit\u00ebve.Fatlume Limani, p\u00ebrjetuese e d\u00ebbimit me dhun\u00eb nga forcat serbe, shfaq rr\u00ebfime t\u00eb tmerrshme q\u00eb kishte par\u00eb dhe p\u00ebrjetuar gjat\u00eb koh\u00ebs kur popullsia shqiptare po braktiste Kosov\u00ebn, ngase kjo dram\u00eb ishte planifikuar sipas skenarit serbosllav.&nbsp;Nd\u00ebrkaq Safet Kamberi n\u00eb shkrimin e tij prej 3 faqesh n\u00eb librin \u201cBLLACA\u201999&#8230;\u201d b\u00ebn fjal\u00eb p\u00ebr m\u00ebsimin e organizuar me nx\u00ebn\u00ebs edhe n\u00eb kampin ku kishte f\u00ebmij\u00eb.&nbsp;Haxhbi Zendeli rr\u00ebfen p\u00ebr kampin n\u00eb Bojan t\u00eb Shkupit, ku ishte administrator, duke v\u00ebn\u00eb n\u00eb pah se edhe aty u mir\u00ebprit\u00ebn shqiptar\u00ebt refugjat\u00eb nga Kosova, duke iu dal\u00eb n\u00eb ndihm\u00eb v\u00ebllez\u00ebrve dhe motrave t\u00eb tyre me gjith\u00e7ka q\u00eb pat\u00ebn, pa kursyer asgj\u00eb.Sait Saiti, sekretar i p\u00ebrgjithsh\u00ebm i Kryqit t\u00eb Kuq n\u00eb RMV (n\u00eb shkrimin e tij 1 faqe) n\u00eb librin \u201cBLLACA \u201999&#8230;.\u201d t\u00eb Jahja Lluk\u00ebs,v\u00eb n\u00eb jehon\u00eb krimin ndaj njer\u00ebzimit (t\u00eb popullat\u00ebs s\u00eb pambrojtur shqiptare t\u00eb Kosov\u00ebs) duke theksuar tmerrin e k\u00ebtij fundshekulli t\u00eb kaluar t\u00eb Eksodit Bllaca 1999.Historiani nga Shkupi Qerim Lita n\u00eb shkrimin e tij analitik prej 18 faqesh n\u00eb librin \u201cBLLACA \u201999&#8230;.\u201d me titull tejet dometh\u00ebn\u00ebs p\u00ebrmbajt\u00ebsor \u201cBllaca 1999 \u2013 Fusha e Vajtimit\u201d nxjerr n\u00eb pah gjith\u00eb at\u00eb lum\u00eb lot\u00ebsh t\u00eb njer\u00ebzve q\u00eb p\u00ebrjetuan dhun\u00eb gjat\u00eb eksodit shqiptar t\u00eb imponuar nga pushteti obskurantist serbosllav.Nga Organizata Kulturore Humanitare \u201cMerhamet\u201d sektori p\u00ebr informim n\u00eb Shkup, jepen t\u00eb dh\u00ebna argumentuese p\u00ebr mas\u00ebn e refugjat\u00ebve t\u00eb cil\u00ebt u p\u00ebrqendruan s\u00eb pari n\u00eb Bllac\u00eb dhe pastaj u degdis\u00ebn n\u00ebp\u00ebr kampe t\u00eb tjera t\u00eb Maqedonis\u00eb Veriore si dhe shp\u00ebrndarja&nbsp; n\u00ebp\u00ebr shtete t\u00eb shumta, anek\u00ebnd bot\u00ebs s\u00eb civilizuar.N\u00eb shkrimin e tij \u201cEksodi i vitit 1999\u201d Halil Bislimi rr\u00ebfen p\u00ebr p\u00ebrjetimet gjat\u00eb procesit t\u00eb d\u00ebbimit me dhun\u00eb nga forcat serbe kurse Xhelal Ramadani, koordinator i SHH \u201cKalliri i mir\u00ebsis\u00eb\u201d n\u00eb Shkup rr\u00ebfen p\u00ebr kontributin e k\u00ebsaj shoqate q\u00eb iu doli n\u00eb ndihm\u00eb v\u00ebllez\u00ebrve kosovar\u00eb.Pjesa m\u00eb e dhimbshme, m\u00eb trondit\u00ebse \u00ebsht\u00eb ajo e rr\u00ebfimeve t\u00eb f\u00ebmij\u00ebve t\u00eb d\u00ebbuar me dhun\u00eb nga Kosova. K\u00ebto rr\u00ebfime jan\u00eb marr\u00eb nga libri i Rexhep Bajramit \u201cDitar lufte\u201d. Rr\u00ebfimet jan\u00eb nga Bukurie Sopa (Ka\u00e7anik), Sanije Hyseni (Prishtin\u00eb), Labinot Rafizi (Ferizaj), Emir Sholla (Prishtin\u00eb), Besjana Sallahu (Ferizaj), Mustaf\u00eb Stublla (Prishtin\u00eb), Adnan Bajrami (Stagov\u00eb), Verian Brun\u00e7aj (Prishtin\u00eb), Arsim Islami (Viti), Remzie Bakiu (Viti), Valbona Syla (Viti), dhe Muharrem Kadriu (Prishtin\u00eb), shkrime k\u00ebto n\u00eb form\u00eb eseje, ku shfaqen p\u00ebrjetimet m\u00eb t\u00eb tmerrshme, krahasuar me at\u00eb t\u00eb Ana Frankut gjat\u00eb LDB-s\u00eb.Rubrika e librit \u201cBLLACA \u201999&#8230;.\u201d me titullin \u201cFaktet flasin\u201d jan\u00eb 24 fotografi t\u00eb huazuara nga fotoreporteri polak i luft\u00ebs Gumowski.N\u00eb p\u00ebrmbyllje &#8211; e epilogu mbar\u00ebshtohet shkrimi i Jahja Lluk\u00ebs, ku z\u00eb hap\u00ebsir\u00eb prej 3 faqesh te libri \u201cBLLACA \u201999&#8230;.\u201d me titull p\u00ebrmbledh\u00ebs dhe shum\u00eb dometh\u00ebn\u00ebs \u201cFush\u00ebgropa e Bllac\u00ebs ishte vazhdim\u00ebsi e gjenocidit serb\u201d, ku autori n\u00eb fjal\u00eb duke qen\u00eb kryetar i Shoqat\u00ebs p\u00ebr Kthimin e Shqiptar\u00ebve n\u00eb Trojet e Veta, i bie kamban\u00ebs \u201cp\u00ebr t\u00eb gjith\u00eb ata q\u00eb kan\u00eb sy, vesh\u00eb dhe kok\u00eb p\u00ebr t\u2019u vet\u00ebdijesuar sa m\u00eb par\u00eb, p\u00ebr t\u00eb mos e harruar gjith\u00eb at\u00eb odisejad\u00eb tmerri a ferri n\u00ebp\u00ebr t\u00eb cil\u00ebn kan\u00eb kaluar n\u00eb vazhdim\u00ebsi t\u00eb par\u00ebt tan\u00eb.N\u00eb m\u00ebnyr\u00eb p\u00ebrmbledh\u00ebse-p\u00ebrmbyll\u00ebse nga prof. dr. Hakif Bajrami, me shkrimin \u201cTragjedia shqiptare\u201d jep t\u00eb dh\u00ebna faktike \u2013 argumentuese p\u00ebr pasojat tragjike t\u00eb popullsis\u00eb shqiptare gjat\u00eb shekujve q\u00eb i p\u00ebrjetuan nga dhuna serbosllave.Recensioni i prof. Dr. Parim Kosova, me titull \u201c Tmerret n\u00eb kampin e p\u00ebrqendrimit Bllaca e p\u00ebrjet\u00ebsuar tani n\u00eb Muzeun \u201cBLLACA \u201999\u201d, ku n\u00eb m\u00ebnyr\u00eb p\u00ebrmbledh\u00ebse t\u00ebrheq dy paralele (at\u00eb t\u00eb vitit 1999 dhe tjetr\u00ebn t\u00eb vitit 2024) p\u00ebr t\u00eb pasur n\u00eb kujtes\u00eb gjith\u00eb at\u00eb \u00e7far\u00eb ndodhi dhe sa e si duhet t\u2019i ruajm\u00eb ato vlera t\u00eb cilat populli i ka n\u00eb zem\u00ebr dhe n\u00eb mendje gjithmon\u00eb<\/p>\n\n\n\n<figure class=\"wp-block-image\"><img decoding=\"async\" src=\"https:\/\/orfeu.al\/uploads\/images\/202405\/image_750x_6658831679fa4.jpg\" alt=\"\"\/><\/figure>\n\n\n\n<p>Libri \u201cBLLACA \u201999\u201d (Argumente) P\u00ebrjetimet e t\u00eb d\u00ebbuarve me dhun\u00eb nga forcat serbe\u201d i Jahja Lluk\u00ebs, \u00ebsht\u00eb botuar n\u00eb \u201cFokus print&#8221; n\u00eb Shkup, 2024, m\u00eb redaktor Jusuf Gogjufi, recensent\u00ebt prof. dr. Hakif Bajrami dhe prof. dr. Parim Kosova, lektor Sabit Jaha, korrektor Zeqir Bekolli, radhitja kompjuterike dhe faqosja uniART creativ (df), kopertina dhe disejni nga Dibran Fylli, me teknik\u00eb shtypi kolor dhe lidhje t\u00eb fort\u00eb, shtypur n\u00eb tirazh prej 600 ekzemplar\u00ebsh. Libri n\u00eb fjal\u00eb ka m\u00eb se 180 fotografi nga vende dhe njer\u00ebz t\u00eb moshave&nbsp;&nbsp;e gjinive t\u00eb ndryshme, ku shkrimet e tyre i kan\u00eb shkruar 42 autor\u00eb t\u00eb profesioneve t\u00eb shumta dhe gjinive t\u00eb ndryshme.P\u00ebrurimi i librit \u201cBLLACA \u201999 (Argumente) P\u00cbRJETIMET E T\u00cb D\u00cbBUARVE ME DHUN\u00cb NGA FORCAT SERBE\u201d i autorit Jahja Lluka, u b\u00eb pik\u00ebrisht me 10 prill n\u00eb Bllac\u00eb (Dit\u00ebn e fest\u00ebs s\u00eb Bajramit) dat\u00eb kjo tashm\u00eb tradicionale e Eksodit shqiptar, n\u00eb kuad\u00ebr t\u00eb organizimit zyrtar t\u00eb kryetarit t\u00eb Hanit t\u00eb Elezit, z. Mehmet Ballazhi, ku ishte edhe kryetari i m\u00ebparsh\u00ebm z. Rufki Suma, ish komandanti i ZON p\u00ebr Ka\u00e7anik kolonel Hajrush Kurtaj, Familja Luta, prof. dr. Hakif Bajrami, prof. dr. Parim Kosova, imami Xhevat Kryeziu nga Malisheva si dhe aktori dhe regjisori Xhevat Limani nga Maqedonia e Veriut, aktualisht tashm\u00eb me qrndrimn\u00eb SHBA&nbsp;&nbsp;&nbsp;&nbsp;&nbsp;&nbsp;&nbsp;&nbsp;Nj\u00eb vep\u00ebr e till\u00eb si kjo e Jahja Lluk\u00ebs, n\u00eb saje t\u00eb veprimtaris\u00eb s\u00eb tij t\u00eb bujshme q\u00eb u kuror\u00ebzua me mjaft sfida nga m\u00eb t\u00eb shumtat, tashm\u00eb pjesa e par\u00eb \u00ebsht\u00eb n\u00eb duart e lexuesve p\u00ebr t\u2019ua b\u00ebr\u00eb me dije se \u00ebsht\u00eb duke u p\u00ebrgatitur edhe pjesa e dyt\u00eb dhe p\u00ebr t\u00eb vazhduar edhe m\u00eb t\u00eb tjerat e radh\u00ebs, n\u00eb m\u00ebnyr\u00eb q\u00eb t\u00eb p\u00ebrmblidhen sa m\u00eb shum\u00eb rr\u00ebfime p\u00ebr t\u00eb l\u00ebn\u00eb gjurm\u00eb n\u00eb koh\u00eb. Prandaj, kjo \u00ebsht\u00eb pun\u00eb me p\u00ebrgjegj\u00ebsi p\u00ebr t\u00eb gjith\u00eb ne q\u00eb ta p\u00ebrkrahim moralisht dhe materialisht k\u00ebt\u00eb projekt n\u00eb krye t\u00eb t\u00eb cilit tashm\u00eb \u00ebsht\u00eb z. Jahja Lluka!&nbsp;<\/p>\n\n\n\n<p><strong><em>Prishtin\u00eb, 28.5.2024&nbsp;&nbsp;&nbsp;&nbsp;&nbsp;&nbsp;&nbsp;&nbsp;&nbsp;&nbsp;&nbsp;&nbsp;&nbsp;&nbsp;&nbsp;&nbsp;&nbsp;&nbsp;&nbsp;&nbsp;&nbsp;&nbsp;&nbsp;&nbsp;&nbsp;&nbsp;&nbsp;&nbsp;&nbsp;&nbsp;&nbsp;&nbsp;&nbsp;&nbsp;&nbsp;&nbsp;&nbsp;&nbsp;&nbsp;&nbsp;&nbsp;&nbsp;&nbsp;&nbsp;&nbsp;&nbsp;&nbsp;&nbsp;&nbsp;&nbsp;&nbsp;&nbsp;&nbsp;<\/em><\/strong><\/p>\n\n\n\n<p><strong><em>Sabit Jaha, publicist&nbsp;&nbsp;<\/em><\/strong>&nbsp;&nbsp;&nbsp;&nbsp;&nbsp;&nbsp;&nbsp;&nbsp;&nbsp;&nbsp;&nbsp;&nbsp;<\/p>\n","protected":false},"excerpt":{"rendered":"<p>Prilli \u00ebsht\u00eb muaji i shum\u00eb datave t\u00eb r\u00ebnd\u00ebsishme t\u00eb vitit 1999, sado t\u00eb dhimbshme, aq edhe krenare, ku me 9 prill sh\u00ebnohet Beteja e Rakocit, ku n\u00eb qaf\u00ebn e Drenush\u00ebs bie d\u00ebshmor Imer Vila, e m\u00eb pas n\u00eb Betej\u00ebn e Koshares me 16 prill, bie d\u00ebshmori Imri Curri, t\u00eb cil\u00ebt jan\u00eb p\u00ebrjet\u00ebsuar si heronj\u00eb n\u00eb&#8230;<\/p>\n","protected":false},"author":2,"featured_media":4691,"comment_status":"open","ping_status":"open","sticky":false,"template":"","format":"standard","meta":{"_coblocks_attr":"","_coblocks_dimensions":"","_coblocks_responsive_height":"","_coblocks_accordion_ie_support":"","_monsterinsights_skip_tracking":false,"_monsterinsights_sitenote_active":false,"_monsterinsights_sitenote_note":"","_monsterinsights_sitenote_category":0,"footnotes":""},"categories":[14],"tags":[],"class_list":["post-4690","post","type-post","status-publish","format-standard","has-post-thumbnail","hentry","category-lajme"],"yoast_head":"<!-- This site is optimized with the Yoast SEO plugin v27.5 - https:\/\/yoast.com\/product\/yoast-seo-wordpress\/ -->\n<title>Sh\u00ebnohet 26 vjetori i\u00a0\u00a0Holokaustit Shqiptar - &quot;Bllaca 99&quot; (FOTO - VIDEO) - Medvegja Sot<\/title>\n<meta name=\"robots\" content=\"index, follow, max-snippet:-1, max-image-preview:large, max-video-preview:-1\" \/>\n<link rel=\"canonical\" href=\"https:\/\/medvegjasot.com\/?p=4690\" \/>\n<meta property=\"og:locale\" content=\"en_US\" \/>\n<meta property=\"og:type\" content=\"article\" \/>\n<meta property=\"og:title\" content=\"Sh\u00ebnohet 26 vjetori i\u00a0\u00a0Holokaustit Shqiptar - &quot;Bllaca 99&quot; (FOTO - VIDEO) - Medvegja Sot\" \/>\n<meta property=\"og:description\" content=\"Prilli \u00ebsht\u00eb muaji i shum\u00eb datave t\u00eb r\u00ebnd\u00ebsishme t\u00eb vitit 1999, sado t\u00eb dhimbshme, aq edhe krenare, ku me 9 prill sh\u00ebnohet Beteja e Rakocit, ku n\u00eb qaf\u00ebn e Drenush\u00ebs bie d\u00ebshmor Imer Vila, e m\u00eb pas n\u00eb Betej\u00ebn e Koshares me 16 prill, bie d\u00ebshmori Imri Curri, t\u00eb cil\u00ebt jan\u00eb p\u00ebrjet\u00ebsuar si heronj\u00eb n\u00eb...\" \/>\n<meta property=\"og:url\" content=\"https:\/\/medvegjasot.com\/?p=4690\" \/>\n<meta property=\"og:site_name\" content=\"Medvegja Sot\" \/>\n<meta property=\"article:publisher\" content=\"https:\/\/www.facebook.com\/MedvegjaSot.com1\" \/>\n<meta property=\"article:published_time\" content=\"2025-04-10T18:39:05+00:00\" \/>\n<meta property=\"article:modified_time\" content=\"2025-04-13T03:20:43+00:00\" \/>\n<meta property=\"og:image\" content=\"https:\/\/medvegjasot.com\/wp-content\/uploads\/2025\/04\/photo-output-7-scaled.jpeg\" \/>\n\t<meta property=\"og:image:width\" content=\"2560\" \/>\n\t<meta property=\"og:image:height\" content=\"1440\" \/>\n\t<meta property=\"og:image:type\" content=\"image\/jpeg\" \/>\n<meta name=\"author\" content=\"admin\" \/>\n<meta name=\"twitter:card\" content=\"summary_large_image\" \/>\n<meta name=\"twitter:label1\" content=\"Written by\" \/>\n\t<meta name=\"twitter:data1\" content=\"admin\" \/>\n\t<meta name=\"twitter:label2\" content=\"Est. reading time\" \/>\n\t<meta name=\"twitter:data2\" content=\"19 minutes\" \/>\n<script type=\"application\/ld+json\" class=\"yoast-schema-graph\">{\"@context\":\"https:\\\/\\\/schema.org\",\"@graph\":[{\"@type\":\"Article\",\"@id\":\"https:\\\/\\\/medvegjasot.com\\\/?p=4690#article\",\"isPartOf\":{\"@id\":\"https:\\\/\\\/medvegjasot.com\\\/?p=4690\"},\"author\":{\"name\":\"admin\",\"@id\":\"https:\\\/\\\/medvegjasot.com\\\/#\\\/schema\\\/person\\\/f2be1a84f4e95d0cb032946a1cf2e594\"},\"headline\":\"Sh\u00ebnohet 26 vjetori i\u00a0\u00a0Holokaustit Shqiptar &#8211; &#8220;Bllaca 99&#8221; (FOTO &#8211; VIDEO)\",\"datePublished\":\"2025-04-10T18:39:05+00:00\",\"dateModified\":\"2025-04-13T03:20:43+00:00\",\"mainEntityOfPage\":{\"@id\":\"https:\\\/\\\/medvegjasot.com\\\/?p=4690\"},\"wordCount\":3806,\"commentCount\":0,\"publisher\":{\"@id\":\"https:\\\/\\\/medvegjasot.com\\\/#organization\"},\"image\":{\"@id\":\"https:\\\/\\\/medvegjasot.com\\\/?p=4690#primaryimage\"},\"thumbnailUrl\":\"https:\\\/\\\/medvegjasot.com\\\/wp-content\\\/uploads\\\/2025\\\/04\\\/photo-output-7-scaled.jpeg\",\"articleSection\":[\"LAJME\"],\"inLanguage\":\"en-US\",\"potentialAction\":[{\"@type\":\"CommentAction\",\"name\":\"Comment\",\"target\":[\"https:\\\/\\\/medvegjasot.com\\\/?p=4690#respond\"]}]},{\"@type\":\"WebPage\",\"@id\":\"https:\\\/\\\/medvegjasot.com\\\/?p=4690\",\"url\":\"https:\\\/\\\/medvegjasot.com\\\/?p=4690\",\"name\":\"Sh\u00ebnohet 26 vjetori i\u00a0\u00a0Holokaustit Shqiptar - \\\"Bllaca 99\\\" (FOTO - VIDEO) - Medvegja Sot\",\"isPartOf\":{\"@id\":\"https:\\\/\\\/medvegjasot.com\\\/#website\"},\"primaryImageOfPage\":{\"@id\":\"https:\\\/\\\/medvegjasot.com\\\/?p=4690#primaryimage\"},\"image\":{\"@id\":\"https:\\\/\\\/medvegjasot.com\\\/?p=4690#primaryimage\"},\"thumbnailUrl\":\"https:\\\/\\\/medvegjasot.com\\\/wp-content\\\/uploads\\\/2025\\\/04\\\/photo-output-7-scaled.jpeg\",\"datePublished\":\"2025-04-10T18:39:05+00:00\",\"dateModified\":\"2025-04-13T03:20:43+00:00\",\"breadcrumb\":{\"@id\":\"https:\\\/\\\/medvegjasot.com\\\/?p=4690#breadcrumb\"},\"inLanguage\":\"en-US\",\"potentialAction\":[{\"@type\":\"ReadAction\",\"target\":[\"https:\\\/\\\/medvegjasot.com\\\/?p=4690\"]}]},{\"@type\":\"ImageObject\",\"inLanguage\":\"en-US\",\"@id\":\"https:\\\/\\\/medvegjasot.com\\\/?p=4690#primaryimage\",\"url\":\"https:\\\/\\\/medvegjasot.com\\\/wp-content\\\/uploads\\\/2025\\\/04\\\/photo-output-7-scaled.jpeg\",\"contentUrl\":\"https:\\\/\\\/medvegjasot.com\\\/wp-content\\\/uploads\\\/2025\\\/04\\\/photo-output-7-scaled.jpeg\",\"width\":2560,\"height\":1440},{\"@type\":\"BreadcrumbList\",\"@id\":\"https:\\\/\\\/medvegjasot.com\\\/?p=4690#breadcrumb\",\"itemListElement\":[{\"@type\":\"ListItem\",\"position\":1,\"name\":\"Home\",\"item\":\"https:\\\/\\\/medvegjasot.com\\\/\"},{\"@type\":\"ListItem\",\"position\":2,\"name\":\"Sh\u00ebnohet 26 vjetori i\u00a0\u00a0Holokaustit Shqiptar &#8211; &#8220;Bllaca 99&#8221; (FOTO &#8211; VIDEO)\"}]},{\"@type\":\"WebSite\",\"@id\":\"https:\\\/\\\/medvegjasot.com\\\/#website\",\"url\":\"https:\\\/\\\/medvegjasot.com\\\/\",\"name\":\"Medvegja Sot\",\"description\":\"Portal Lajmesh\",\"publisher\":{\"@id\":\"https:\\\/\\\/medvegjasot.com\\\/#organization\"},\"alternateName\":\"MS\",\"potentialAction\":[{\"@type\":\"SearchAction\",\"target\":{\"@type\":\"EntryPoint\",\"urlTemplate\":\"https:\\\/\\\/medvegjasot.com\\\/?s={search_term_string}\"},\"query-input\":{\"@type\":\"PropertyValueSpecification\",\"valueRequired\":true,\"valueName\":\"search_term_string\"}}],\"inLanguage\":\"en-US\"},{\"@type\":\"Organization\",\"@id\":\"https:\\\/\\\/medvegjasot.com\\\/#organization\",\"name\":\"Medvegja Sot\",\"alternateName\":\"MS\",\"url\":\"https:\\\/\\\/medvegjasot.com\\\/\",\"logo\":{\"@type\":\"ImageObject\",\"inLanguage\":\"en-US\",\"@id\":\"https:\\\/\\\/medvegjasot.com\\\/#\\\/schema\\\/logo\\\/image\\\/\",\"url\":\"https:\\\/\\\/medvegjasot.com\\\/wp-content\\\/uploads\\\/2024\\\/08\\\/logo.png\",\"contentUrl\":\"https:\\\/\\\/medvegjasot.com\\\/wp-content\\\/uploads\\\/2024\\\/08\\\/logo.png\",\"width\":500,\"height\":500,\"caption\":\"Medvegja Sot\"},\"image\":{\"@id\":\"https:\\\/\\\/medvegjasot.com\\\/#\\\/schema\\\/logo\\\/image\\\/\"},\"sameAs\":[\"https:\\\/\\\/www.facebook.com\\\/MedvegjaSot.com1\"]},{\"@type\":\"Person\",\"@id\":\"https:\\\/\\\/medvegjasot.com\\\/#\\\/schema\\\/person\\\/f2be1a84f4e95d0cb032946a1cf2e594\",\"name\":\"admin\",\"image\":{\"@type\":\"ImageObject\",\"inLanguage\":\"en-US\",\"@id\":\"https:\\\/\\\/secure.gravatar.com\\\/avatar\\\/2eedc5259426225ddc6f98b4b6728c30418b83e6f70285719780d3518d972ece?s=96&d=mm&r=g\",\"url\":\"https:\\\/\\\/secure.gravatar.com\\\/avatar\\\/2eedc5259426225ddc6f98b4b6728c30418b83e6f70285719780d3518d972ece?s=96&d=mm&r=g\",\"contentUrl\":\"https:\\\/\\\/secure.gravatar.com\\\/avatar\\\/2eedc5259426225ddc6f98b4b6728c30418b83e6f70285719780d3518d972ece?s=96&d=mm&r=g\",\"caption\":\"admin\"},\"url\":\"https:\\\/\\\/medvegjasot.com\\\/?author=2\"}]}<\/script>\n<!-- \/ Yoast SEO plugin. -->","yoast_head_json":{"title":"Sh\u00ebnohet 26 vjetori i\u00a0\u00a0Holokaustit Shqiptar - \"Bllaca 99\" (FOTO - VIDEO) - Medvegja Sot","robots":{"index":"index","follow":"follow","max-snippet":"max-snippet:-1","max-image-preview":"max-image-preview:large","max-video-preview":"max-video-preview:-1"},"canonical":"https:\/\/medvegjasot.com\/?p=4690","og_locale":"en_US","og_type":"article","og_title":"Sh\u00ebnohet 26 vjetori i\u00a0\u00a0Holokaustit Shqiptar - \"Bllaca 99\" (FOTO - VIDEO) - Medvegja Sot","og_description":"Prilli \u00ebsht\u00eb muaji i shum\u00eb datave t\u00eb r\u00ebnd\u00ebsishme t\u00eb vitit 1999, sado t\u00eb dhimbshme, aq edhe krenare, ku me 9 prill sh\u00ebnohet Beteja e Rakocit, ku n\u00eb qaf\u00ebn e Drenush\u00ebs bie d\u00ebshmor Imer Vila, e m\u00eb pas n\u00eb Betej\u00ebn e Koshares me 16 prill, bie d\u00ebshmori Imri Curri, t\u00eb cil\u00ebt jan\u00eb p\u00ebrjet\u00ebsuar si heronj\u00eb n\u00eb...","og_url":"https:\/\/medvegjasot.com\/?p=4690","og_site_name":"Medvegja Sot","article_publisher":"https:\/\/www.facebook.com\/MedvegjaSot.com1","article_published_time":"2025-04-10T18:39:05+00:00","article_modified_time":"2025-04-13T03:20:43+00:00","og_image":[{"width":2560,"height":1440,"url":"https:\/\/medvegjasot.com\/wp-content\/uploads\/2025\/04\/photo-output-7-scaled.jpeg","type":"image\/jpeg"}],"author":"admin","twitter_card":"summary_large_image","twitter_misc":{"Written by":"admin","Est. reading time":"19 minutes"},"schema":{"@context":"https:\/\/schema.org","@graph":[{"@type":"Article","@id":"https:\/\/medvegjasot.com\/?p=4690#article","isPartOf":{"@id":"https:\/\/medvegjasot.com\/?p=4690"},"author":{"name":"admin","@id":"https:\/\/medvegjasot.com\/#\/schema\/person\/f2be1a84f4e95d0cb032946a1cf2e594"},"headline":"Sh\u00ebnohet 26 vjetori i\u00a0\u00a0Holokaustit Shqiptar &#8211; &#8220;Bllaca 99&#8221; (FOTO &#8211; VIDEO)","datePublished":"2025-04-10T18:39:05+00:00","dateModified":"2025-04-13T03:20:43+00:00","mainEntityOfPage":{"@id":"https:\/\/medvegjasot.com\/?p=4690"},"wordCount":3806,"commentCount":0,"publisher":{"@id":"https:\/\/medvegjasot.com\/#organization"},"image":{"@id":"https:\/\/medvegjasot.com\/?p=4690#primaryimage"},"thumbnailUrl":"https:\/\/medvegjasot.com\/wp-content\/uploads\/2025\/04\/photo-output-7-scaled.jpeg","articleSection":["LAJME"],"inLanguage":"en-US","potentialAction":[{"@type":"CommentAction","name":"Comment","target":["https:\/\/medvegjasot.com\/?p=4690#respond"]}]},{"@type":"WebPage","@id":"https:\/\/medvegjasot.com\/?p=4690","url":"https:\/\/medvegjasot.com\/?p=4690","name":"Sh\u00ebnohet 26 vjetori i\u00a0\u00a0Holokaustit Shqiptar - \"Bllaca 99\" (FOTO - VIDEO) - Medvegja Sot","isPartOf":{"@id":"https:\/\/medvegjasot.com\/#website"},"primaryImageOfPage":{"@id":"https:\/\/medvegjasot.com\/?p=4690#primaryimage"},"image":{"@id":"https:\/\/medvegjasot.com\/?p=4690#primaryimage"},"thumbnailUrl":"https:\/\/medvegjasot.com\/wp-content\/uploads\/2025\/04\/photo-output-7-scaled.jpeg","datePublished":"2025-04-10T18:39:05+00:00","dateModified":"2025-04-13T03:20:43+00:00","breadcrumb":{"@id":"https:\/\/medvegjasot.com\/?p=4690#breadcrumb"},"inLanguage":"en-US","potentialAction":[{"@type":"ReadAction","target":["https:\/\/medvegjasot.com\/?p=4690"]}]},{"@type":"ImageObject","inLanguage":"en-US","@id":"https:\/\/medvegjasot.com\/?p=4690#primaryimage","url":"https:\/\/medvegjasot.com\/wp-content\/uploads\/2025\/04\/photo-output-7-scaled.jpeg","contentUrl":"https:\/\/medvegjasot.com\/wp-content\/uploads\/2025\/04\/photo-output-7-scaled.jpeg","width":2560,"height":1440},{"@type":"BreadcrumbList","@id":"https:\/\/medvegjasot.com\/?p=4690#breadcrumb","itemListElement":[{"@type":"ListItem","position":1,"name":"Home","item":"https:\/\/medvegjasot.com\/"},{"@type":"ListItem","position":2,"name":"Sh\u00ebnohet 26 vjetori i\u00a0\u00a0Holokaustit Shqiptar &#8211; &#8220;Bllaca 99&#8221; (FOTO &#8211; VIDEO)"}]},{"@type":"WebSite","@id":"https:\/\/medvegjasot.com\/#website","url":"https:\/\/medvegjasot.com\/","name":"Medvegja Sot","description":"Portal Lajmesh","publisher":{"@id":"https:\/\/medvegjasot.com\/#organization"},"alternateName":"MS","potentialAction":[{"@type":"SearchAction","target":{"@type":"EntryPoint","urlTemplate":"https:\/\/medvegjasot.com\/?s={search_term_string}"},"query-input":{"@type":"PropertyValueSpecification","valueRequired":true,"valueName":"search_term_string"}}],"inLanguage":"en-US"},{"@type":"Organization","@id":"https:\/\/medvegjasot.com\/#organization","name":"Medvegja Sot","alternateName":"MS","url":"https:\/\/medvegjasot.com\/","logo":{"@type":"ImageObject","inLanguage":"en-US","@id":"https:\/\/medvegjasot.com\/#\/schema\/logo\/image\/","url":"https:\/\/medvegjasot.com\/wp-content\/uploads\/2024\/08\/logo.png","contentUrl":"https:\/\/medvegjasot.com\/wp-content\/uploads\/2024\/08\/logo.png","width":500,"height":500,"caption":"Medvegja Sot"},"image":{"@id":"https:\/\/medvegjasot.com\/#\/schema\/logo\/image\/"},"sameAs":["https:\/\/www.facebook.com\/MedvegjaSot.com1"]},{"@type":"Person","@id":"https:\/\/medvegjasot.com\/#\/schema\/person\/f2be1a84f4e95d0cb032946a1cf2e594","name":"admin","image":{"@type":"ImageObject","inLanguage":"en-US","@id":"https:\/\/secure.gravatar.com\/avatar\/2eedc5259426225ddc6f98b4b6728c30418b83e6f70285719780d3518d972ece?s=96&d=mm&r=g","url":"https:\/\/secure.gravatar.com\/avatar\/2eedc5259426225ddc6f98b4b6728c30418b83e6f70285719780d3518d972ece?s=96&d=mm&r=g","contentUrl":"https:\/\/secure.gravatar.com\/avatar\/2eedc5259426225ddc6f98b4b6728c30418b83e6f70285719780d3518d972ece?s=96&d=mm&r=g","caption":"admin"},"url":"https:\/\/medvegjasot.com\/?author=2"}]}},"jetpack_featured_media_url":"https:\/\/medvegjasot.com\/wp-content\/uploads\/2025\/04\/photo-output-7-scaled.jpeg","_links":{"self":[{"href":"https:\/\/medvegjasot.com\/index.php?rest_route=\/wp\/v2\/posts\/4690","targetHints":{"allow":["GET"]}}],"collection":[{"href":"https:\/\/medvegjasot.com\/index.php?rest_route=\/wp\/v2\/posts"}],"about":[{"href":"https:\/\/medvegjasot.com\/index.php?rest_route=\/wp\/v2\/types\/post"}],"author":[{"embeddable":true,"href":"https:\/\/medvegjasot.com\/index.php?rest_route=\/wp\/v2\/users\/2"}],"replies":[{"embeddable":true,"href":"https:\/\/medvegjasot.com\/index.php?rest_route=%2Fwp%2Fv2%2Fcomments&post=4690"}],"version-history":[{"count":18,"href":"https:\/\/medvegjasot.com\/index.php?rest_route=\/wp\/v2\/posts\/4690\/revisions"}],"predecessor-version":[{"id":4741,"href":"https:\/\/medvegjasot.com\/index.php?rest_route=\/wp\/v2\/posts\/4690\/revisions\/4741"}],"wp:featuredmedia":[{"embeddable":true,"href":"https:\/\/medvegjasot.com\/index.php?rest_route=\/wp\/v2\/media\/4691"}],"wp:attachment":[{"href":"https:\/\/medvegjasot.com\/index.php?rest_route=%2Fwp%2Fv2%2Fmedia&parent=4690"}],"wp:term":[{"taxonomy":"category","embeddable":true,"href":"https:\/\/medvegjasot.com\/index.php?rest_route=%2Fwp%2Fv2%2Fcategories&post=4690"},{"taxonomy":"post_tag","embeddable":true,"href":"https:\/\/medvegjasot.com\/index.php?rest_route=%2Fwp%2Fv2%2Ftags&post=4690"}],"curies":[{"name":"wp","href":"https:\/\/api.w.org\/{rel}","templated":true}]}}