{"id":4683,"date":"2025-04-06T19:47:03","date_gmt":"2025-04-06T19:47:03","guid":{"rendered":"https:\/\/medvegjasot.com\/?p=4683"},"modified":"2025-04-06T20:09:45","modified_gmt":"2025-04-06T20:09:45","slug":"medvegjasi-haki-emini-i-drejtohet-raportuesit-te-parlamentit-evropian-per-serbine-tonino-picula","status":"publish","type":"post","link":"https:\/\/medvegjasot.com\/?p=4683","title":{"rendered":"Medvegjasi Haki Emini i drejtohet raportuesit t\u00eb Parlamentit Evropian p\u00ebr Serbin\u00eb, Tonino Picula"},"content":{"rendered":"\n<p><strong>\u201cShqiptar\u00ebt n\u00eb Serbi po diskriminohen sistematikisht\u201d<\/strong><\/p>\n\n\n\n<p><strong>Haki Emini, nj\u00eb qytetar nga Medvegja q\u00eb jeton dhe vepron n\u00eb Zvic\u00ebr, p\u00ebrmes avokatit t\u00eb tij Luka M. Jovanoviq, i \u00ebsht\u00eb drejtuar raportuesit t\u00eb Parlamentit Evropian p\u00ebr Serbin\u00eb, Tonino Picula, duke shprehur shqet\u00ebsimin dhe indinjat\u00ebn e tij t\u00eb thell\u00eb p\u00ebr diskriminimin q\u00eb po u b\u00ebhet shqiptar\u00ebve n\u00eb Serbi, ve\u00e7an\u00ebrisht n\u00eb Medvegj\u00eb.<\/strong><\/p>\n\n\n\n<p>N\u00eb letr\u00ebn drejtuar Picul\u00ebs, avokati Jovanoviq thekson problemin e pasivizimit t\u00eb adresave t\u00eb shqiptar\u00ebve n\u00eb jug t\u00eb Serbis\u00eb, nj\u00eb praktik\u00eb sistematike q\u00eb po i l\u00eb mij\u00ebra qytetar\u00eb pa dokumente baz\u00eb dhe t\u00eb drejta elementare.<\/p>\n\n\n\n<p>Haki Emini, i cili prej vitesh ka zhvilluar nj\u00eb betej\u00eb t\u00eb fort\u00eb kund\u00ebr k\u00ebsaj padrejt\u00ebsie, ka denoncuar k\u00ebt\u00eb \u00e7\u00ebshtje jo vet\u00ebm n\u00eb institucionet vendore dhe nd\u00ebrkomb\u00ebtare, por edhe n\u00eb mediat e huaja. P\u00ebrkund\u00ebr p\u00ebrpjekjeve t\u00eb tij, madje edhe m\u00eb t\u00eb z\u00ebshme se ato t\u00eb deputetit shqiptar n\u00eb Parlamentin e Serbis\u00eb, Shaip Kamberi, ai ende nuk ka arritur t\u00eb rikthej\u00eb adres\u00ebn e tij n\u00eb Medvegj\u00eb.<\/p>\n\n\n\n<p>N\u00eb letr\u00ebn e avokatit Jovanoviq drejtuar eurodeputetit Picula theksohet se pasivizimi i adresave nga autoritetet serbe i ka b\u00ebr\u00eb shqiptar\u00ebt \u201ct\u00eb paduksh\u00ebm\u201d p\u00ebr institucionet shtet\u00ebrore, duke i privuar ata nga e drejta p\u00ebr t\u00eb votuar, p\u00ebr t\u2019u pajisur me dokumente identifikimi dhe p\u00ebr t\u00eb pasur qasje n\u00eb sh\u00ebrbime baz\u00eb si kujdesi sh\u00ebndet\u00ebsor.<\/p>\n\n\n\n<p>P\u00ebrve\u00e7 k\u00ebsaj, n\u00eb let\u00ebr vihet n\u00eb dukje edhe q\u00ebndrimi i institucioneve t\u00eb Kosov\u00ebs, t\u00eb cilat, p\u00ebr shkak t\u00eb politik\u00ebs s\u00eb reciprocitetit, nuk i njohin dokumentet e udh\u00ebtimit t\u00eb l\u00ebshuara nga Serbia p\u00ebr k\u00ebta qytetar\u00eb, duke u pamund\u00ebsuar l\u00ebvizjen n\u00eb Kosov\u00eb.<\/p>\n\n\n\n<p>Haki Emini dhe p\u00ebrfaq\u00ebsuesi i tij ligjor apelojn\u00eb p\u00ebr nd\u00ebrhyrjen e institucioneve evropiane, duke k\u00ebrkuar q\u00eb t\u00eb ushtrohet presion mbi Serbin\u00eb p\u00ebr t\u00eb ndalur k\u00ebt\u00eb praktik\u00eb diskriminuese q\u00eb po ndikon drejtp\u00ebrdrejt n\u00eb jet\u00ebn e mij\u00ebra shqiptar\u00ebve n\u00eb jug t\u00eb Serbis\u00eb.<\/p>\n\n\n\n<p>Kjo \u00e7\u00ebshtje mbetet nj\u00eb nga problematikat m\u00eb t\u00eb m\u00ebdha p\u00ebr shqiptar\u00ebt n\u00eb Serbi dhe nj\u00eb nga sfidat kryesore n\u00eb rrug\u00ebn e saj drejt integrimit evropian.<\/p>\n\n\n\n<p>M\u00eb posht\u00eb gjeni letr\u00ebn e d\u00ebrguar Parlamentit Europina:<\/p>\n\n\n\n<p>I nderuar zoti Picula,<\/p>\n\n\n\n<p>\u201cJu drejtohem si p\u00ebrfaq\u00ebsues i z. Hakija Emini me d\u00ebshir\u00ebn p\u00ebr t\u2019ju v\u00ebn\u00eb n\u00eb dijeni p\u00ebr situat\u00ebn e paq\u00ebndrueshme n\u00eb t\u00eb cil\u00ebn ndodhen shqiptar\u00ebt nga jugu i Serbis\u00eb, ve\u00e7an\u00ebrisht ata nga Presheva, Bujanoci dhe Medvegja, p\u00ebr t\u00eb cil\u00ebn p\u00ebrgjegj\u00ebsin\u00eb e ndajn\u00eb n\u00eb mas\u00eb t\u00eb barabart\u00eb institucionet n\u00eb Beograd, por edhe ato n\u00eb Prishtin\u00eb.<\/p>\n\n\n\n<p>Vitet e fundit, ve\u00e7an\u00ebrisht pas vitit 2016, Republika e Serbis\u00eb i ka fshir\u00eb n\u00eb m\u00ebnyr\u00eb sistematike nga adresat e tyre t\u00eb banimit pjes\u00ebtar\u00ebt e pakic\u00ebs komb\u00ebtare shqiptare nga jugu i Serbis\u00eb, p\u00ebrmes procedurave t\u00eb pasivizimit, ndon\u00ebse ata kan\u00eb qen\u00eb t\u00eb regjistruar n\u00eb m\u00ebnyr\u00eb t\u00eb rregullt n\u00eb k\u00ebto adresa p\u00ebr shum\u00eb vite me radh\u00eb.<\/p>\n\n\n\n<p>Ligjshm\u00ebria e k\u00ebtyre procedurave \u00ebsht\u00eb shum\u00eb e diskutueshme, pasi pothuajse asnj\u00eb person, adresa e t\u00eb cilit \u00ebsht\u00eb pasivizuar n\u00eb k\u00ebt\u00eb m\u00ebnyr\u00eb, nuk ka pasur mund\u00ebsin\u00eb t\u00eb shprehet lidhur me arsyet q\u00eb jan\u00eb p\u00ebrmendur si baz\u00eb p\u00ebr pasivizimin.<\/p>\n\n\n\n<p>P\u00ebrve\u00e7se si pasoj\u00eb e k\u00ebsaj sjelljeje t\u00eb organeve shtet\u00ebrore t\u00eb Serbis\u00eb u \u00ebsht\u00eb mohuar mund\u00ebsia p\u00ebr t\u00eb marr\u00eb pjes\u00eb n\u00eb regjistrimin e fundit t\u00eb popullsis\u00eb, pasoja m\u00eb dramatike e k\u00ebsaj praktike t\u00eb fshirjes administrative \u00ebsht\u00eb se k\u00ebta persona, p\u00ebr shkak t\u00eb pasivizimit, nuk mund t\u00eb pajisen me dokumentet m\u00eb themelore (si let\u00ebrnjoftimi dhe libreza sh\u00ebndet\u00ebsore) dhe nuk mund t\u00eb votojn\u00eb n\u00eb zgjedhjet lokale n\u00eb komunitetet e tyre.<\/p>\n\n\n\n<p>Numri i qytetar\u00ebve t\u00eb Serbis\u00eb q\u00eb n\u00eb k\u00ebt\u00eb m\u00ebnyr\u00eb jan\u00eb b\u00ebr\u00eb \u201ct\u00eb paduksh\u00ebm\u201d p\u00ebr institucionet shtet\u00ebrore nuk mund t\u00eb p\u00ebrcaktohet me sakt\u00ebsi n\u00eb k\u00ebt\u00eb moment, por disa vler\u00ebsime tregojn\u00eb se vet\u00ebm gjat\u00eb kat\u00ebr viteve t\u00eb fundit, me k\u00ebto procedura t\u00eb pasivizimit, jan\u00eb prekur disa mij\u00ebra persona.<\/p>\n\n\n\n<p>Kjo situat\u00eb e papranueshme p\u00ebrkeq\u00ebsohet m\u00eb tej nga veprimet e institucioneve t\u00eb Kosov\u00ebs. Qytetar\u00ebve t\u00eb Serbis\u00eb, t\u00eb prekur nga ky pasivizim administrativ, u kufizohet edhe l\u00ebvizja n\u00eb territorin e Kosov\u00ebs, pasi qeveria e z. Kurti, p\u00ebr shkak t\u00eb politik\u00ebs s\u00eb reciprocitetit, nuk njeh dokumentet e udh\u00ebtimit t\u00eb l\u00ebshuara p\u00ebr k\u00ebta persona nga Republika e Serbis\u00eb.<\/p>\n\n\n\n<p>Ata duhet t\u00eb ken\u00eb pik\u00ebrisht ato dokumente q\u00eb Serbia nuk ua l\u00ebshon p\u00ebr shkak t\u00eb pasivizimit t\u00eb adresave t\u00eb tyre t\u00eb banimit, p\u00ebr t\u00eb hyr\u00eb n\u00eb Kosov\u00eb!<\/p>\n\n\n\n<p>I nderuar zoti Picula,<br>Pavar\u00ebsisht angazhimeve q\u00eb keni si raportues p\u00ebr Serbin\u00eb, ju lutem t\u2019i kushtoni v\u00ebmendje edhe k\u00ebtyre problemeve t\u00eb nj\u00eb numri t\u00eb madh njer\u00ebzish nga jugu i Serbis\u00eb, t\u00eb cil\u00ebve u cenohet liria e l\u00ebvizjes dhe q\u00eb ndodhen n\u00eb nj\u00eb situat\u00eb t\u00eb v\u00ebshtir\u00eb p\u00ebr shkak t\u00eb marr\u00ebdh\u00ebnieve t\u00eb pazgjidhura dhe t\u00eb k\u00ebqija midis Beogradit dhe Prishtin\u00ebs.<\/p>\n\n\n\n<p>Asnj\u00ebra nga pal\u00ebt n\u00eb k\u00ebt\u00eb proces negociator nuk e njeh n\u00eb mas\u00ebn e duhur situat\u00ebn e k\u00ebtyre njer\u00ebzve, n\u00eb p\u00ebrputhje me vlerat dhe parimet e Bashkimit Evropian.<\/p>\n\n\n\n<p>Duke shpresuar n\u00eb mb\u00ebshtetjen tuaj p\u00ebr k\u00ebta njer\u00ebz, ju p\u00ebrsh\u00ebndes p\u00ebrzem\u00ebrsisht!<\/p>\n\n\n\n<p>Avokat Luka M. Jovanovi\u0107<br>P\u00ebrfaq\u00ebsues i Hakija Eminit\u201d<\/p>\n\n\n\n<p>Thuhet n\u00eb letr\u00ebn e d\u00ebrguar Parlamenti Europian nga p\u00ebrfaq\u00ebsuesi i tij Luka Jovanoviq<\/p>\n\n\n\n<p>A1 info<\/p>\n","protected":false},"excerpt":{"rendered":"<p>\u201cShqiptar\u00ebt n\u00eb Serbi po diskriminohen sistematikisht\u201d Haki Emini, nj\u00eb qytetar nga Medvegja q\u00eb jeton dhe vepron n\u00eb Zvic\u00ebr, p\u00ebrmes avokatit t\u00eb tij Luka M. Jovanoviq, i \u00ebsht\u00eb drejtuar raportuesit t\u00eb Parlamentit Evropian p\u00ebr Serbin\u00eb, Tonino Picula, duke shprehur shqet\u00ebsimin dhe indinjat\u00ebn e tij t\u00eb thell\u00eb p\u00ebr diskriminimin q\u00eb po u b\u00ebhet shqiptar\u00ebve n\u00eb Serbi, ve\u00e7an\u00ebrisht&#8230;<\/p>\n","protected":false},"author":2,"featured_media":4684,"comment_status":"open","ping_status":"open","sticky":false,"template":"","format":"standard","meta":{"_coblocks_attr":"","_coblocks_dimensions":"","_coblocks_responsive_height":"","_coblocks_accordion_ie_support":"","_monsterinsights_skip_tracking":false,"_monsterinsights_sitenote_active":false,"_monsterinsights_sitenote_note":"","_monsterinsights_sitenote_category":0,"footnotes":""},"categories":[15],"tags":[],"class_list":["post-4683","post","type-post","status-publish","format-standard","has-post-thumbnail","hentry","category-intervista"],"yoast_head":"<!-- This site is optimized with the Yoast SEO plugin v27.5 - https:\/\/yoast.com\/product\/yoast-seo-wordpress\/ -->\n<title>Medvegjasi Haki Emini i drejtohet raportuesit t\u00eb Parlamentit Evropian p\u00ebr Serbin\u00eb, Tonino Picula - Medvegja Sot<\/title>\n<meta name=\"robots\" content=\"index, follow, max-snippet:-1, max-image-preview:large, max-video-preview:-1\" \/>\n<link rel=\"canonical\" href=\"https:\/\/medvegjasot.com\/?p=4683\" \/>\n<meta property=\"og:locale\" content=\"en_US\" \/>\n<meta property=\"og:type\" content=\"article\" \/>\n<meta property=\"og:title\" content=\"Medvegjasi Haki Emini i drejtohet raportuesit t\u00eb Parlamentit Evropian p\u00ebr Serbin\u00eb, Tonino Picula - Medvegja Sot\" \/>\n<meta property=\"og:description\" content=\"\u201cShqiptar\u00ebt n\u00eb Serbi po diskriminohen sistematikisht\u201d Haki Emini, nj\u00eb qytetar nga Medvegja q\u00eb jeton dhe vepron n\u00eb Zvic\u00ebr, p\u00ebrmes avokatit t\u00eb tij Luka M. Jovanoviq, i \u00ebsht\u00eb drejtuar raportuesit t\u00eb Parlamentit Evropian p\u00ebr Serbin\u00eb, Tonino Picula, duke shprehur shqet\u00ebsimin dhe indinjat\u00ebn e tij t\u00eb thell\u00eb p\u00ebr diskriminimin q\u00eb po u b\u00ebhet shqiptar\u00ebve n\u00eb Serbi, ve\u00e7an\u00ebrisht...\" \/>\n<meta property=\"og:url\" content=\"https:\/\/medvegjasot.com\/?p=4683\" \/>\n<meta property=\"og:site_name\" content=\"Medvegja Sot\" \/>\n<meta property=\"article:publisher\" content=\"https:\/\/www.facebook.com\/MedvegjaSot.com1\" \/>\n<meta property=\"article:published_time\" content=\"2025-04-06T19:47:03+00:00\" \/>\n<meta property=\"article:modified_time\" content=\"2025-04-06T20:09:45+00:00\" \/>\n<meta property=\"og:image\" content=\"https:\/\/medvegjasot.com\/wp-content\/uploads\/2025\/04\/IMG_5335-scaled.jpeg\" \/>\n\t<meta property=\"og:image:width\" content=\"2560\" \/>\n\t<meta property=\"og:image:height\" content=\"1254\" \/>\n\t<meta property=\"og:image:type\" content=\"image\/jpeg\" \/>\n<meta name=\"author\" content=\"admin\" \/>\n<meta name=\"twitter:card\" content=\"summary_large_image\" \/>\n<meta name=\"twitter:label1\" content=\"Written by\" \/>\n\t<meta name=\"twitter:data1\" content=\"admin\" \/>\n\t<meta name=\"twitter:label2\" content=\"Est. reading time\" \/>\n\t<meta name=\"twitter:data2\" content=\"4 minutes\" \/>\n<script type=\"application\/ld+json\" class=\"yoast-schema-graph\">{\"@context\":\"https:\\\/\\\/schema.org\",\"@graph\":[{\"@type\":\"Article\",\"@id\":\"https:\\\/\\\/medvegjasot.com\\\/?p=4683#article\",\"isPartOf\":{\"@id\":\"https:\\\/\\\/medvegjasot.com\\\/?p=4683\"},\"author\":{\"name\":\"admin\",\"@id\":\"https:\\\/\\\/medvegjasot.com\\\/#\\\/schema\\\/person\\\/f2be1a84f4e95d0cb032946a1cf2e594\"},\"headline\":\"Medvegjasi Haki Emini i drejtohet raportuesit t\u00eb Parlamentit Evropian p\u00ebr Serbin\u00eb, Tonino Picula\",\"datePublished\":\"2025-04-06T19:47:03+00:00\",\"dateModified\":\"2025-04-06T20:09:45+00:00\",\"mainEntityOfPage\":{\"@id\":\"https:\\\/\\\/medvegjasot.com\\\/?p=4683\"},\"wordCount\":980,\"commentCount\":0,\"publisher\":{\"@id\":\"https:\\\/\\\/medvegjasot.com\\\/#organization\"},\"image\":{\"@id\":\"https:\\\/\\\/medvegjasot.com\\\/?p=4683#primaryimage\"},\"thumbnailUrl\":\"https:\\\/\\\/medvegjasot.com\\\/wp-content\\\/uploads\\\/2025\\\/04\\\/IMG_5335-scaled.jpeg\",\"articleSection\":[\"INTERVISTA\"],\"inLanguage\":\"en-US\",\"potentialAction\":[{\"@type\":\"CommentAction\",\"name\":\"Comment\",\"target\":[\"https:\\\/\\\/medvegjasot.com\\\/?p=4683#respond\"]}]},{\"@type\":\"WebPage\",\"@id\":\"https:\\\/\\\/medvegjasot.com\\\/?p=4683\",\"url\":\"https:\\\/\\\/medvegjasot.com\\\/?p=4683\",\"name\":\"Medvegjasi Haki Emini i drejtohet raportuesit t\u00eb Parlamentit Evropian p\u00ebr Serbin\u00eb, Tonino Picula - Medvegja Sot\",\"isPartOf\":{\"@id\":\"https:\\\/\\\/medvegjasot.com\\\/#website\"},\"primaryImageOfPage\":{\"@id\":\"https:\\\/\\\/medvegjasot.com\\\/?p=4683#primaryimage\"},\"image\":{\"@id\":\"https:\\\/\\\/medvegjasot.com\\\/?p=4683#primaryimage\"},\"thumbnailUrl\":\"https:\\\/\\\/medvegjasot.com\\\/wp-content\\\/uploads\\\/2025\\\/04\\\/IMG_5335-scaled.jpeg\",\"datePublished\":\"2025-04-06T19:47:03+00:00\",\"dateModified\":\"2025-04-06T20:09:45+00:00\",\"breadcrumb\":{\"@id\":\"https:\\\/\\\/medvegjasot.com\\\/?p=4683#breadcrumb\"},\"inLanguage\":\"en-US\",\"potentialAction\":[{\"@type\":\"ReadAction\",\"target\":[\"https:\\\/\\\/medvegjasot.com\\\/?p=4683\"]}]},{\"@type\":\"ImageObject\",\"inLanguage\":\"en-US\",\"@id\":\"https:\\\/\\\/medvegjasot.com\\\/?p=4683#primaryimage\",\"url\":\"https:\\\/\\\/medvegjasot.com\\\/wp-content\\\/uploads\\\/2025\\\/04\\\/IMG_5335-scaled.jpeg\",\"contentUrl\":\"https:\\\/\\\/medvegjasot.com\\\/wp-content\\\/uploads\\\/2025\\\/04\\\/IMG_5335-scaled.jpeg\",\"width\":2560,\"height\":1254},{\"@type\":\"BreadcrumbList\",\"@id\":\"https:\\\/\\\/medvegjasot.com\\\/?p=4683#breadcrumb\",\"itemListElement\":[{\"@type\":\"ListItem\",\"position\":1,\"name\":\"Home\",\"item\":\"https:\\\/\\\/medvegjasot.com\\\/\"},{\"@type\":\"ListItem\",\"position\":2,\"name\":\"Medvegjasi Haki Emini i drejtohet raportuesit t\u00eb Parlamentit Evropian p\u00ebr Serbin\u00eb, Tonino Picula\"}]},{\"@type\":\"WebSite\",\"@id\":\"https:\\\/\\\/medvegjasot.com\\\/#website\",\"url\":\"https:\\\/\\\/medvegjasot.com\\\/\",\"name\":\"Medvegja Sot\",\"description\":\"Portal Lajmesh\",\"publisher\":{\"@id\":\"https:\\\/\\\/medvegjasot.com\\\/#organization\"},\"alternateName\":\"MS\",\"potentialAction\":[{\"@type\":\"SearchAction\",\"target\":{\"@type\":\"EntryPoint\",\"urlTemplate\":\"https:\\\/\\\/medvegjasot.com\\\/?s={search_term_string}\"},\"query-input\":{\"@type\":\"PropertyValueSpecification\",\"valueRequired\":true,\"valueName\":\"search_term_string\"}}],\"inLanguage\":\"en-US\"},{\"@type\":\"Organization\",\"@id\":\"https:\\\/\\\/medvegjasot.com\\\/#organization\",\"name\":\"Medvegja Sot\",\"alternateName\":\"MS\",\"url\":\"https:\\\/\\\/medvegjasot.com\\\/\",\"logo\":{\"@type\":\"ImageObject\",\"inLanguage\":\"en-US\",\"@id\":\"https:\\\/\\\/medvegjasot.com\\\/#\\\/schema\\\/logo\\\/image\\\/\",\"url\":\"https:\\\/\\\/medvegjasot.com\\\/wp-content\\\/uploads\\\/2024\\\/08\\\/logo.png\",\"contentUrl\":\"https:\\\/\\\/medvegjasot.com\\\/wp-content\\\/uploads\\\/2024\\\/08\\\/logo.png\",\"width\":500,\"height\":500,\"caption\":\"Medvegja Sot\"},\"image\":{\"@id\":\"https:\\\/\\\/medvegjasot.com\\\/#\\\/schema\\\/logo\\\/image\\\/\"},\"sameAs\":[\"https:\\\/\\\/www.facebook.com\\\/MedvegjaSot.com1\"]},{\"@type\":\"Person\",\"@id\":\"https:\\\/\\\/medvegjasot.com\\\/#\\\/schema\\\/person\\\/f2be1a84f4e95d0cb032946a1cf2e594\",\"name\":\"admin\",\"image\":{\"@type\":\"ImageObject\",\"inLanguage\":\"en-US\",\"@id\":\"https:\\\/\\\/secure.gravatar.com\\\/avatar\\\/2eedc5259426225ddc6f98b4b6728c30418b83e6f70285719780d3518d972ece?s=96&d=mm&r=g\",\"url\":\"https:\\\/\\\/secure.gravatar.com\\\/avatar\\\/2eedc5259426225ddc6f98b4b6728c30418b83e6f70285719780d3518d972ece?s=96&d=mm&r=g\",\"contentUrl\":\"https:\\\/\\\/secure.gravatar.com\\\/avatar\\\/2eedc5259426225ddc6f98b4b6728c30418b83e6f70285719780d3518d972ece?s=96&d=mm&r=g\",\"caption\":\"admin\"},\"url\":\"https:\\\/\\\/medvegjasot.com\\\/?author=2\"}]}<\/script>\n<!-- \/ Yoast SEO plugin. -->","yoast_head_json":{"title":"Medvegjasi Haki Emini i drejtohet raportuesit t\u00eb Parlamentit Evropian p\u00ebr Serbin\u00eb, Tonino Picula - Medvegja Sot","robots":{"index":"index","follow":"follow","max-snippet":"max-snippet:-1","max-image-preview":"max-image-preview:large","max-video-preview":"max-video-preview:-1"},"canonical":"https:\/\/medvegjasot.com\/?p=4683","og_locale":"en_US","og_type":"article","og_title":"Medvegjasi Haki Emini i drejtohet raportuesit t\u00eb Parlamentit Evropian p\u00ebr Serbin\u00eb, Tonino Picula - Medvegja Sot","og_description":"\u201cShqiptar\u00ebt n\u00eb Serbi po diskriminohen sistematikisht\u201d Haki Emini, nj\u00eb qytetar nga Medvegja q\u00eb jeton dhe vepron n\u00eb Zvic\u00ebr, p\u00ebrmes avokatit t\u00eb tij Luka M. Jovanoviq, i \u00ebsht\u00eb drejtuar raportuesit t\u00eb Parlamentit Evropian p\u00ebr Serbin\u00eb, Tonino Picula, duke shprehur shqet\u00ebsimin dhe indinjat\u00ebn e tij t\u00eb thell\u00eb p\u00ebr diskriminimin q\u00eb po u b\u00ebhet shqiptar\u00ebve n\u00eb Serbi, ve\u00e7an\u00ebrisht...","og_url":"https:\/\/medvegjasot.com\/?p=4683","og_site_name":"Medvegja Sot","article_publisher":"https:\/\/www.facebook.com\/MedvegjaSot.com1","article_published_time":"2025-04-06T19:47:03+00:00","article_modified_time":"2025-04-06T20:09:45+00:00","og_image":[{"width":2560,"height":1254,"url":"https:\/\/medvegjasot.com\/wp-content\/uploads\/2025\/04\/IMG_5335-scaled.jpeg","type":"image\/jpeg"}],"author":"admin","twitter_card":"summary_large_image","twitter_misc":{"Written by":"admin","Est. reading time":"4 minutes"},"schema":{"@context":"https:\/\/schema.org","@graph":[{"@type":"Article","@id":"https:\/\/medvegjasot.com\/?p=4683#article","isPartOf":{"@id":"https:\/\/medvegjasot.com\/?p=4683"},"author":{"name":"admin","@id":"https:\/\/medvegjasot.com\/#\/schema\/person\/f2be1a84f4e95d0cb032946a1cf2e594"},"headline":"Medvegjasi Haki Emini i drejtohet raportuesit t\u00eb Parlamentit Evropian p\u00ebr Serbin\u00eb, Tonino Picula","datePublished":"2025-04-06T19:47:03+00:00","dateModified":"2025-04-06T20:09:45+00:00","mainEntityOfPage":{"@id":"https:\/\/medvegjasot.com\/?p=4683"},"wordCount":980,"commentCount":0,"publisher":{"@id":"https:\/\/medvegjasot.com\/#organization"},"image":{"@id":"https:\/\/medvegjasot.com\/?p=4683#primaryimage"},"thumbnailUrl":"https:\/\/medvegjasot.com\/wp-content\/uploads\/2025\/04\/IMG_5335-scaled.jpeg","articleSection":["INTERVISTA"],"inLanguage":"en-US","potentialAction":[{"@type":"CommentAction","name":"Comment","target":["https:\/\/medvegjasot.com\/?p=4683#respond"]}]},{"@type":"WebPage","@id":"https:\/\/medvegjasot.com\/?p=4683","url":"https:\/\/medvegjasot.com\/?p=4683","name":"Medvegjasi Haki Emini i drejtohet raportuesit t\u00eb Parlamentit Evropian p\u00ebr Serbin\u00eb, Tonino Picula - Medvegja Sot","isPartOf":{"@id":"https:\/\/medvegjasot.com\/#website"},"primaryImageOfPage":{"@id":"https:\/\/medvegjasot.com\/?p=4683#primaryimage"},"image":{"@id":"https:\/\/medvegjasot.com\/?p=4683#primaryimage"},"thumbnailUrl":"https:\/\/medvegjasot.com\/wp-content\/uploads\/2025\/04\/IMG_5335-scaled.jpeg","datePublished":"2025-04-06T19:47:03+00:00","dateModified":"2025-04-06T20:09:45+00:00","breadcrumb":{"@id":"https:\/\/medvegjasot.com\/?p=4683#breadcrumb"},"inLanguage":"en-US","potentialAction":[{"@type":"ReadAction","target":["https:\/\/medvegjasot.com\/?p=4683"]}]},{"@type":"ImageObject","inLanguage":"en-US","@id":"https:\/\/medvegjasot.com\/?p=4683#primaryimage","url":"https:\/\/medvegjasot.com\/wp-content\/uploads\/2025\/04\/IMG_5335-scaled.jpeg","contentUrl":"https:\/\/medvegjasot.com\/wp-content\/uploads\/2025\/04\/IMG_5335-scaled.jpeg","width":2560,"height":1254},{"@type":"BreadcrumbList","@id":"https:\/\/medvegjasot.com\/?p=4683#breadcrumb","itemListElement":[{"@type":"ListItem","position":1,"name":"Home","item":"https:\/\/medvegjasot.com\/"},{"@type":"ListItem","position":2,"name":"Medvegjasi Haki Emini i drejtohet raportuesit t\u00eb Parlamentit Evropian p\u00ebr Serbin\u00eb, Tonino Picula"}]},{"@type":"WebSite","@id":"https:\/\/medvegjasot.com\/#website","url":"https:\/\/medvegjasot.com\/","name":"Medvegja Sot","description":"Portal Lajmesh","publisher":{"@id":"https:\/\/medvegjasot.com\/#organization"},"alternateName":"MS","potentialAction":[{"@type":"SearchAction","target":{"@type":"EntryPoint","urlTemplate":"https:\/\/medvegjasot.com\/?s={search_term_string}"},"query-input":{"@type":"PropertyValueSpecification","valueRequired":true,"valueName":"search_term_string"}}],"inLanguage":"en-US"},{"@type":"Organization","@id":"https:\/\/medvegjasot.com\/#organization","name":"Medvegja Sot","alternateName":"MS","url":"https:\/\/medvegjasot.com\/","logo":{"@type":"ImageObject","inLanguage":"en-US","@id":"https:\/\/medvegjasot.com\/#\/schema\/logo\/image\/","url":"https:\/\/medvegjasot.com\/wp-content\/uploads\/2024\/08\/logo.png","contentUrl":"https:\/\/medvegjasot.com\/wp-content\/uploads\/2024\/08\/logo.png","width":500,"height":500,"caption":"Medvegja Sot"},"image":{"@id":"https:\/\/medvegjasot.com\/#\/schema\/logo\/image\/"},"sameAs":["https:\/\/www.facebook.com\/MedvegjaSot.com1"]},{"@type":"Person","@id":"https:\/\/medvegjasot.com\/#\/schema\/person\/f2be1a84f4e95d0cb032946a1cf2e594","name":"admin","image":{"@type":"ImageObject","inLanguage":"en-US","@id":"https:\/\/secure.gravatar.com\/avatar\/2eedc5259426225ddc6f98b4b6728c30418b83e6f70285719780d3518d972ece?s=96&d=mm&r=g","url":"https:\/\/secure.gravatar.com\/avatar\/2eedc5259426225ddc6f98b4b6728c30418b83e6f70285719780d3518d972ece?s=96&d=mm&r=g","contentUrl":"https:\/\/secure.gravatar.com\/avatar\/2eedc5259426225ddc6f98b4b6728c30418b83e6f70285719780d3518d972ece?s=96&d=mm&r=g","caption":"admin"},"url":"https:\/\/medvegjasot.com\/?author=2"}]}},"jetpack_featured_media_url":"https:\/\/medvegjasot.com\/wp-content\/uploads\/2025\/04\/IMG_5335-scaled.jpeg","_links":{"self":[{"href":"https:\/\/medvegjasot.com\/index.php?rest_route=\/wp\/v2\/posts\/4683","targetHints":{"allow":["GET"]}}],"collection":[{"href":"https:\/\/medvegjasot.com\/index.php?rest_route=\/wp\/v2\/posts"}],"about":[{"href":"https:\/\/medvegjasot.com\/index.php?rest_route=\/wp\/v2\/types\/post"}],"author":[{"embeddable":true,"href":"https:\/\/medvegjasot.com\/index.php?rest_route=\/wp\/v2\/users\/2"}],"replies":[{"embeddable":true,"href":"https:\/\/medvegjasot.com\/index.php?rest_route=%2Fwp%2Fv2%2Fcomments&post=4683"}],"version-history":[{"count":3,"href":"https:\/\/medvegjasot.com\/index.php?rest_route=\/wp\/v2\/posts\/4683\/revisions"}],"predecessor-version":[{"id":4688,"href":"https:\/\/medvegjasot.com\/index.php?rest_route=\/wp\/v2\/posts\/4683\/revisions\/4688"}],"wp:featuredmedia":[{"embeddable":true,"href":"https:\/\/medvegjasot.com\/index.php?rest_route=\/wp\/v2\/media\/4684"}],"wp:attachment":[{"href":"https:\/\/medvegjasot.com\/index.php?rest_route=%2Fwp%2Fv2%2Fmedia&parent=4683"}],"wp:term":[{"taxonomy":"category","embeddable":true,"href":"https:\/\/medvegjasot.com\/index.php?rest_route=%2Fwp%2Fv2%2Fcategories&post=4683"},{"taxonomy":"post_tag","embeddable":true,"href":"https:\/\/medvegjasot.com\/index.php?rest_route=%2Fwp%2Fv2%2Ftags&post=4683"}],"curies":[{"name":"wp","href":"https:\/\/api.w.org\/{rel}","templated":true}]}}