{"id":4604,"date":"2025-04-03T12:20:00","date_gmt":"2025-04-03T12:20:00","guid":{"rendered":"https:\/\/medvegjasot.com\/?p=4604"},"modified":"2025-04-25T20:32:16","modified_gmt":"2025-04-25T20:32:16","slug":"lagje-shtepi-natyra-legjenda-kulture-rruge-shkolla-dhe-fshatrat-shqiptare-ne-komunen-medvegje-foto-video","status":"publish","type":"post","link":"https:\/\/medvegjasot.com\/?p=4604","title":{"rendered":"Lagje, sht\u00ebpi, natyra, Legjenda, kultur\u00eb, rrug\u00eb, shkolla, dhe fshatrat shqiptare n\u00eb komun\u00ebn Medvegj\u00eb (FOTO, VIDEO)\u00a0"},"content":{"rendered":"\n<p>T\u00eb gjitha k\u00ebto b\u00ebhen me p\u00eblqimin e banor\u00ebve dhe pronar\u00ebve t\u00eb tyre dhe realizohen, publikohen nga portali jon\u00eb <strong>MS<\/strong>, dhe i p\u00ebrmbahemi kodit etik: \u201cMediat e shkruara do t\u2019u shmangen nd\u00ebrhyrjeve dhe k\u00ebrkimeve n\u00eb jet\u00ebn private t\u00eb nj\u00eb individi, p\u00ebrve\u00e7 n\u00eb rastet kur nd\u00ebrhyrjet apo k\u00ebrkimet e tilla jan\u00eb t\u00eb nevojshme p\u00ebr arsye t\u00eb interesit publik.\u201d<\/p>\n\n\n\n<p>Portali <strong>MEDVEGJASOT.COM<\/strong>, nuk publikon di\u00e7ka q\u00eb nuk na d\u00ebrgohet, p\u00ebrve\u00e7 rasteve dhe manifestimeve publike dhe ato kur shkelen t\u00eb drejtat njer\u00ebzore apo kur ka njoftime t\u00eb ndryshme \u00e7ka e ka b\u00ebr\u00eb portali MS tani 11(nj\u00ebmb\u00ebdhjet\u00eb) vite pa ndal\u00eb 24\/7, n\u00eb ve\u00e7anti gjith\u00e7ka shqiptare.&nbsp;<\/p>\n\n\n\n<p><\/p>\n\n\n\n<figure class=\"wp-block-gallery has-nested-images columns-default is-cropped wp-block-gallery-2 is-layout-flex wp-block-gallery-is-layout-flex\">\n<figure class=\"wp-block-image size-large has-filter-vintage wp-duotone-unset-1\"><a href=\"https:\/\/medvegjasot.com\/wp-content\/uploads\/2025\/04\/IMG_5166.jpeg\"><img fetchpriority=\"high\" decoding=\"async\" width=\"1024\" height=\"593\" data-id=\"4609\" src=\"https:\/\/medvegjasot.com\/wp-content\/uploads\/2025\/04\/IMG_5166-1024x593.jpeg\" alt=\"\" class=\"wp-image-4609\" srcset=\"https:\/\/medvegjasot.com\/wp-content\/uploads\/2025\/04\/IMG_5166-1024x593.jpeg 1024w, https:\/\/medvegjasot.com\/wp-content\/uploads\/2025\/04\/IMG_5166-300x174.jpeg 300w, https:\/\/medvegjasot.com\/wp-content\/uploads\/2025\/04\/IMG_5166-768x445.jpeg 768w, https:\/\/medvegjasot.com\/wp-content\/uploads\/2025\/04\/IMG_5166-1536x890.jpeg 1536w, https:\/\/medvegjasot.com\/wp-content\/uploads\/2025\/04\/IMG_5166.jpeg 1920w\" sizes=\"(max-width: 1024px) 100vw, 1024px\" \/><\/a><figcaption class=\"wp-element-caption\"><strong><em>Fshati Kapit &#8211; Lagjja Sadiku<\/em><\/strong><\/figcaption><\/figure>\n\n\n\n<figure class=\"wp-block-image size-large has-filter-vintage\"><img decoding=\"async\" width=\"1024\" height=\"576\" data-id=\"4608\" src=\"https:\/\/medvegjasot.com\/wp-content\/uploads\/2025\/04\/IMG_5168-1024x576.jpeg\" alt=\"\" class=\"wp-image-4608\" srcset=\"https:\/\/medvegjasot.com\/wp-content\/uploads\/2025\/04\/IMG_5168-1024x576.jpeg 1024w, https:\/\/medvegjasot.com\/wp-content\/uploads\/2025\/04\/IMG_5168-300x169.jpeg 300w, https:\/\/medvegjasot.com\/wp-content\/uploads\/2025\/04\/IMG_5168-768x432.jpeg 768w, https:\/\/medvegjasot.com\/wp-content\/uploads\/2025\/04\/IMG_5168-1536x864.jpeg 1536w, https:\/\/medvegjasot.com\/wp-content\/uploads\/2025\/04\/IMG_5168-2048x1152.jpeg 2048w\" sizes=\"(max-width: 1024px) 100vw, 1024px\" \/><figcaption class=\"wp-element-caption\"><strong><em>Banj\u00eb e Siarin\u00ebs &#8211; Lagjja Rekalit<\/em><\/strong><\/figcaption><\/figure>\n<\/figure>\n\n\n\n<p>Gjithashtu i p\u00ebrmbahemi <strong>KODIT ETIK I MEDIAVE T\u00cb SHKRUAR<\/strong>, &#8220;Gazetar\u00ebt nuk do t\u2019i intervistojn\u00eb apo fotografojn\u00eb f\u00ebmij\u00ebt n\u00ebn mosh\u00ebn 18-vje\u00e7are rreth \u00e7\u00ebshtjeve q\u00eb kan\u00eb t\u00eb b\u00ebjn\u00eb me familjen e tyre, me ta apo me persona t\u00eb af\u00ebrt t\u00eb tyre, pa p\u00eblqimin e prindit apo t\u00eb ndonj\u00eb t\u00eb rrituri, i cili \u00ebsht\u00eb p\u00ebrgjegj\u00ebs p\u00ebr f\u00ebmij\u00ebn.\u201d<\/p>\n\n\n\n<figure class=\"wp-block-gallery has-nested-images columns-default is-cropped wp-block-gallery-3 is-layout-flex wp-block-gallery-is-layout-flex\">\n<figure class=\"wp-block-image size-large has-filter-vintage\"><img decoding=\"async\" width=\"1024\" height=\"574\" data-id=\"4611\" src=\"https:\/\/medvegjasot.com\/wp-content\/uploads\/2025\/04\/IMG_5179-1024x574.jpeg\" alt=\"\" class=\"wp-image-4611\" srcset=\"https:\/\/medvegjasot.com\/wp-content\/uploads\/2025\/04\/IMG_5179-1024x574.jpeg 1024w, https:\/\/medvegjasot.com\/wp-content\/uploads\/2025\/04\/IMG_5179-300x168.jpeg 300w, https:\/\/medvegjasot.com\/wp-content\/uploads\/2025\/04\/IMG_5179-768x431.jpeg 768w, https:\/\/medvegjasot.com\/wp-content\/uploads\/2025\/04\/IMG_5179-1536x861.jpeg 1536w, https:\/\/medvegjasot.com\/wp-content\/uploads\/2025\/04\/IMG_5179.jpeg 2048w\" sizes=\"(max-width: 1024px) 100vw, 1024px\" \/><figcaption class=\"wp-element-caption\"><strong><em>Banja e Siarin\u00ebs<\/em><\/strong><\/figcaption><\/figure>\n\n\n\n<figure class=\"wp-block-image size-large has-filter-vintage\"><img loading=\"lazy\" decoding=\"async\" width=\"1024\" height=\"574\" data-id=\"4610\" src=\"https:\/\/medvegjasot.com\/wp-content\/uploads\/2025\/04\/IMG_5180-1024x574.jpeg\" alt=\"\" class=\"wp-image-4610\" srcset=\"https:\/\/medvegjasot.com\/wp-content\/uploads\/2025\/04\/IMG_5180-1024x574.jpeg 1024w, https:\/\/medvegjasot.com\/wp-content\/uploads\/2025\/04\/IMG_5180-300x168.jpeg 300w, https:\/\/medvegjasot.com\/wp-content\/uploads\/2025\/04\/IMG_5180-768x431.jpeg 768w, https:\/\/medvegjasot.com\/wp-content\/uploads\/2025\/04\/IMG_5180-1536x861.jpeg 1536w, https:\/\/medvegjasot.com\/wp-content\/uploads\/2025\/04\/IMG_5180.jpeg 2048w\" sizes=\"(max-width: 1024px) 100vw, 1024px\" \/><figcaption class=\"wp-element-caption\"><strong><em>Banja e Siarin\u00ebs<\/em><\/strong><\/figcaption><\/figure>\n<\/figure>\n\n\n\n<p><\/p>\n\n\n\n<figure class=\"wp-block-gallery has-nested-images columns-default is-cropped wp-block-gallery-4 is-layout-flex wp-block-gallery-is-layout-flex\">\n<figure class=\"wp-block-image size-large has-filter-vintage\"><img loading=\"lazy\" decoding=\"async\" width=\"1024\" height=\"576\" data-id=\"4617\" src=\"https:\/\/medvegjasot.com\/wp-content\/uploads\/2025\/04\/IMG_5264-1024x576.jpeg\" alt=\"\" class=\"wp-image-4617\" srcset=\"https:\/\/medvegjasot.com\/wp-content\/uploads\/2025\/04\/IMG_5264-1024x576.jpeg 1024w, https:\/\/medvegjasot.com\/wp-content\/uploads\/2025\/04\/IMG_5264-300x169.jpeg 300w, https:\/\/medvegjasot.com\/wp-content\/uploads\/2025\/04\/IMG_5264-768x432.jpeg 768w, https:\/\/medvegjasot.com\/wp-content\/uploads\/2025\/04\/IMG_5264-1536x864.jpeg 1536w, https:\/\/medvegjasot.com\/wp-content\/uploads\/2025\/04\/IMG_5264.jpeg 2048w\" sizes=\"(max-width: 1024px) 100vw, 1024px\" \/><figcaption class=\"wp-element-caption\"><strong><em>Fshati Tupall\u00eb &#8211; Lagjja Brahim Curri<\/em><\/strong><\/figcaption><\/figure>\n\n\n\n<figure class=\"wp-block-image size-large has-filter-vintage\"><img loading=\"lazy\" decoding=\"async\" width=\"1024\" height=\"576\" data-id=\"4616\" src=\"https:\/\/medvegjasot.com\/wp-content\/uploads\/2025\/04\/IMG_5182-1024x576.jpeg\" alt=\"\" class=\"wp-image-4616\" srcset=\"https:\/\/medvegjasot.com\/wp-content\/uploads\/2025\/04\/IMG_5182-1024x576.jpeg 1024w, https:\/\/medvegjasot.com\/wp-content\/uploads\/2025\/04\/IMG_5182-300x169.jpeg 300w, https:\/\/medvegjasot.com\/wp-content\/uploads\/2025\/04\/IMG_5182-768x432.jpeg 768w, https:\/\/medvegjasot.com\/wp-content\/uploads\/2025\/04\/IMG_5182-1536x864.jpeg 1536w, https:\/\/medvegjasot.com\/wp-content\/uploads\/2025\/04\/IMG_5182.jpeg 2048w\" sizes=\"(max-width: 1024px) 100vw, 1024px\" \/><figcaption class=\"wp-element-caption\"><strong><em>Fshati Banj\u00eb e Vjet\u00ebr &#8211; Lagjja Neziri<\/em><\/strong><\/figcaption><\/figure>\n<\/figure>\n\n\n\n<p><\/p>\n\n\n\n<figure class=\"wp-block-gallery has-nested-images columns-default is-cropped wp-block-gallery-5 is-layout-flex wp-block-gallery-is-layout-flex\">\n<figure class=\"wp-block-image size-large has-filter-vintage\"><img loading=\"lazy\" decoding=\"async\" width=\"1024\" height=\"576\" data-id=\"4622\" src=\"https:\/\/medvegjasot.com\/wp-content\/uploads\/2025\/04\/IMG_5266-1024x576.jpeg\" alt=\"\" class=\"wp-image-4622\" srcset=\"https:\/\/medvegjasot.com\/wp-content\/uploads\/2025\/04\/IMG_5266-1024x576.jpeg 1024w, https:\/\/medvegjasot.com\/wp-content\/uploads\/2025\/04\/IMG_5266-300x169.jpeg 300w, https:\/\/medvegjasot.com\/wp-content\/uploads\/2025\/04\/IMG_5266-768x432.jpeg 768w, https:\/\/medvegjasot.com\/wp-content\/uploads\/2025\/04\/IMG_5266-1536x864.jpeg 1536w, https:\/\/medvegjasot.com\/wp-content\/uploads\/2025\/04\/IMG_5266.jpeg 2048w\" sizes=\"(max-width: 1024px) 100vw, 1024px\" \/><figcaption class=\"wp-element-caption\"><strong> <em>Xhamia e Sijarin\u00ebs e nd\u00ebrtuar n\u00eb vitin 1877. Hoxh\u00eb, Ilham Hasani,<\/em>2025<\/strong><\/figcaption><\/figure>\n\n\n\n<figure class=\"wp-block-image size-large has-filter-vintage\"><img loading=\"lazy\" decoding=\"async\" width=\"1024\" height=\"576\" data-id=\"4621\" src=\"https:\/\/medvegjasot.com\/wp-content\/uploads\/2025\/04\/IMG_5184-1024x576.jpeg\" alt=\"\" class=\"wp-image-4621\" srcset=\"https:\/\/medvegjasot.com\/wp-content\/uploads\/2025\/04\/IMG_5184-1024x576.jpeg 1024w, https:\/\/medvegjasot.com\/wp-content\/uploads\/2025\/04\/IMG_5184-300x169.jpeg 300w, https:\/\/medvegjasot.com\/wp-content\/uploads\/2025\/04\/IMG_5184-768x432.jpeg 768w, https:\/\/medvegjasot.com\/wp-content\/uploads\/2025\/04\/IMG_5184-1536x864.jpeg 1536w, https:\/\/medvegjasot.com\/wp-content\/uploads\/2025\/04\/IMG_5184.jpeg 2048w\" sizes=\"(max-width: 1024px) 100vw, 1024px\" \/><figcaption class=\"wp-element-caption\"><strong><em>Xhamia n\u00eb Kapit, e nd\u00ebrtuar n\u00eb vitin 1935. Hoxh\u00eb, Ajet Latifi, 2025<\/em><\/strong><\/figcaption><\/figure>\n<\/figure>\n\n\n\n<p><\/p>\n\n\n\n<figure class=\"wp-block-gallery has-nested-images columns-default is-cropped wp-block-gallery-6 is-layout-flex wp-block-gallery-is-layout-flex\">\n<figure class=\"wp-block-image size-large has-filter-vintage\"><img loading=\"lazy\" decoding=\"async\" width=\"1024\" height=\"576\" data-id=\"4624\" src=\"https:\/\/medvegjasot.com\/wp-content\/uploads\/2025\/04\/IMG_5268-1024x576.jpeg\" alt=\"\" class=\"wp-image-4624\" srcset=\"https:\/\/medvegjasot.com\/wp-content\/uploads\/2025\/04\/IMG_5268-1024x576.jpeg 1024w, https:\/\/medvegjasot.com\/wp-content\/uploads\/2025\/04\/IMG_5268-300x169.jpeg 300w, https:\/\/medvegjasot.com\/wp-content\/uploads\/2025\/04\/IMG_5268-768x432.jpeg 768w, https:\/\/medvegjasot.com\/wp-content\/uploads\/2025\/04\/IMG_5268-1536x864.jpeg 1536w, https:\/\/medvegjasot.com\/wp-content\/uploads\/2025\/04\/IMG_5268.jpeg 2048w\" sizes=\"(max-width: 1024px) 100vw, 1024px\" \/><figcaption class=\"wp-element-caption\"><strong><em>Fshati Tupall\u00eb &#8211; Lagjja Hasani deri te Lagjja Zeneli<\/em><\/strong><\/figcaption><\/figure>\n\n\n\n<figure class=\"wp-block-image size-large has-filter-vintage\"><img loading=\"lazy\" decoding=\"async\" width=\"1024\" height=\"576\" data-id=\"4623\" src=\"https:\/\/medvegjasot.com\/wp-content\/uploads\/2025\/04\/IMG_5186-1024x576.jpeg\" alt=\"\" class=\"wp-image-4623\" srcset=\"https:\/\/medvegjasot.com\/wp-content\/uploads\/2025\/04\/IMG_5186-1024x576.jpeg 1024w, https:\/\/medvegjasot.com\/wp-content\/uploads\/2025\/04\/IMG_5186-300x169.jpeg 300w, https:\/\/medvegjasot.com\/wp-content\/uploads\/2025\/04\/IMG_5186-768x432.jpeg 768w, https:\/\/medvegjasot.com\/wp-content\/uploads\/2025\/04\/IMG_5186-1536x864.jpeg 1536w, https:\/\/medvegjasot.com\/wp-content\/uploads\/2025\/04\/IMG_5186.jpeg 2048w\" sizes=\"(max-width: 1024px) 100vw, 1024px\" \/><figcaption class=\"wp-element-caption\"><strong> <em>Tupall\u00eb n\u00eb sfond deri te fshati Gjylekresht\u00eb<\/em><\/strong><\/figcaption><\/figure>\n<\/figure>\n\n\n\n<p><\/p>\n\n\n\n<figure class=\"wp-block-gallery has-nested-images columns-default is-cropped wp-block-gallery-7 is-layout-flex wp-block-gallery-is-layout-flex\">\n<figure class=\"wp-block-image size-large has-filter-vintage\"><img loading=\"lazy\" decoding=\"async\" width=\"1024\" height=\"573\" data-id=\"4625\" src=\"https:\/\/medvegjasot.com\/wp-content\/uploads\/2025\/04\/IMG_5270-1024x573.jpeg\" alt=\"\" class=\"wp-image-4625\" srcset=\"https:\/\/medvegjasot.com\/wp-content\/uploads\/2025\/04\/IMG_5270-1024x573.jpeg 1024w, https:\/\/medvegjasot.com\/wp-content\/uploads\/2025\/04\/IMG_5270-300x168.jpeg 300w, https:\/\/medvegjasot.com\/wp-content\/uploads\/2025\/04\/IMG_5270-768x430.jpeg 768w, https:\/\/medvegjasot.com\/wp-content\/uploads\/2025\/04\/IMG_5270.jpeg 1179w\" sizes=\"(max-width: 1024px) 100vw, 1024px\" \/><figcaption class=\"wp-element-caption\"><strong><em>Fshati Gjylekresht\u00eb &#8211; Lagjja Bojnik\u00ebt<\/em><\/strong><\/figcaption><\/figure>\n\n\n\n<figure class=\"wp-block-image size-large has-filter-vintage\"><img loading=\"lazy\" decoding=\"async\" width=\"1024\" height=\"576\" data-id=\"4626\" src=\"https:\/\/medvegjasot.com\/wp-content\/uploads\/2025\/04\/IMG_5188-1024x576.jpeg\" alt=\"\" class=\"wp-image-4626\" srcset=\"https:\/\/medvegjasot.com\/wp-content\/uploads\/2025\/04\/IMG_5188-1024x576.jpeg 1024w, https:\/\/medvegjasot.com\/wp-content\/uploads\/2025\/04\/IMG_5188-300x169.jpeg 300w, https:\/\/medvegjasot.com\/wp-content\/uploads\/2025\/04\/IMG_5188-768x432.jpeg 768w, https:\/\/medvegjasot.com\/wp-content\/uploads\/2025\/04\/IMG_5188-1536x864.jpeg 1536w, https:\/\/medvegjasot.com\/wp-content\/uploads\/2025\/04\/IMG_5188.jpeg 2048w\" sizes=\"(max-width: 1024px) 100vw, 1024px\" \/><figcaption class=\"wp-element-caption\"><em><strong>Vllasa &#8211; Lagjja <\/strong>Sejdia i Demirit<\/em><\/figcaption><\/figure>\n<\/figure>\n\n\n\n<p><br><\/p>\n\n\n\n<figure class=\"wp-block-gallery has-nested-images columns-default is-cropped wp-block-gallery-8 is-layout-flex wp-block-gallery-is-layout-flex\">\n<figure class=\"wp-block-image size-large has-filter-vintage\"><img loading=\"lazy\" decoding=\"async\" width=\"1024\" height=\"576\" data-id=\"4628\" src=\"https:\/\/medvegjasot.com\/wp-content\/uploads\/2025\/04\/photo-output-4-1024x576.jpeg\" alt=\"\" class=\"wp-image-4628\" srcset=\"https:\/\/medvegjasot.com\/wp-content\/uploads\/2025\/04\/photo-output-4-1024x576.jpeg 1024w, https:\/\/medvegjasot.com\/wp-content\/uploads\/2025\/04\/photo-output-4-300x169.jpeg 300w, https:\/\/medvegjasot.com\/wp-content\/uploads\/2025\/04\/photo-output-4-768x432.jpeg 768w, https:\/\/medvegjasot.com\/wp-content\/uploads\/2025\/04\/photo-output-4-1536x864.jpeg 1536w, https:\/\/medvegjasot.com\/wp-content\/uploads\/2025\/04\/photo-output-4.jpeg 2016w\" sizes=\"(max-width: 1024px) 100vw, 1024px\" \/><figcaption class=\"wp-element-caption\"><strong><em>Fshati G\u00ebrbac &#8211; Lagjja Avdili<\/em><\/strong><\/figcaption><\/figure>\n\n\n\n<figure class=\"wp-block-image size-large has-filter-vintage\"><img loading=\"lazy\" decoding=\"async\" width=\"1024\" height=\"573\" data-id=\"4627\" src=\"https:\/\/medvegjasot.com\/wp-content\/uploads\/2025\/04\/IMG_5273-1024x573.jpeg\" alt=\"\" class=\"wp-image-4627\" srcset=\"https:\/\/medvegjasot.com\/wp-content\/uploads\/2025\/04\/IMG_5273-1024x573.jpeg 1024w, https:\/\/medvegjasot.com\/wp-content\/uploads\/2025\/04\/IMG_5273-300x168.jpeg 300w, https:\/\/medvegjasot.com\/wp-content\/uploads\/2025\/04\/IMG_5273-768x430.jpeg 768w, https:\/\/medvegjasot.com\/wp-content\/uploads\/2025\/04\/IMG_5273.jpeg 1125w\" sizes=\"(max-width: 1024px) 100vw, 1024px\" \/><figcaption class=\"wp-element-caption\"><strong><em>Fshati Sfirc\u00eb &#8211; Lagjja Rexhepi<\/em><\/strong><\/figcaption><\/figure>\n<\/figure>\n\n\n\n<p>Fshati G\u00ebrbac dhe Sfirc\u00eb n\u00eb komun\u00ebn Medvegj\u00eb! G\u00ebrbaci dhe Sfirca jan\u00eb krejt\u00ebsisht t\u00eb banuara nga popullsia shqiptare.<\/p>\n\n\n\n<p><\/p>\n\n\n\n<figure class=\"wp-block-gallery has-nested-images columns-default is-cropped wp-block-gallery-9 is-layout-flex wp-block-gallery-is-layout-flex\">\n<figure class=\"wp-block-image size-large has-filter-vintage\"><img loading=\"lazy\" decoding=\"async\" width=\"1024\" height=\"576\" data-id=\"4630\" src=\"https:\/\/medvegjasot.com\/wp-content\/uploads\/2025\/04\/IMG_5276-1024x576.jpeg\" alt=\"\" class=\"wp-image-4630\" srcset=\"https:\/\/medvegjasot.com\/wp-content\/uploads\/2025\/04\/IMG_5276-1024x576.jpeg 1024w, https:\/\/medvegjasot.com\/wp-content\/uploads\/2025\/04\/IMG_5276-300x169.jpeg 300w, https:\/\/medvegjasot.com\/wp-content\/uploads\/2025\/04\/IMG_5276-768x432.jpeg 768w, https:\/\/medvegjasot.com\/wp-content\/uploads\/2025\/04\/IMG_5276-1536x864.jpeg 1536w, https:\/\/medvegjasot.com\/wp-content\/uploads\/2025\/04\/IMG_5276.jpeg 2048w\" sizes=\"(max-width: 1024px) 100vw, 1024px\" \/><figcaption class=\"wp-element-caption\"><em>Shkolla fillore n\u00eb Banj\u00eb t\u00eb Sijarin\u00ebs<\/em><\/figcaption><\/figure>\n\n\n\n<figure class=\"wp-block-image size-large has-filter-vintage\"><img loading=\"lazy\" decoding=\"async\" width=\"1024\" height=\"576\" data-id=\"4629\" src=\"https:\/\/medvegjasot.com\/wp-content\/uploads\/2025\/04\/IMG_5275-1024x576.jpeg\" alt=\"\" class=\"wp-image-4629\" srcset=\"https:\/\/medvegjasot.com\/wp-content\/uploads\/2025\/04\/IMG_5275-1024x576.jpeg 1024w, https:\/\/medvegjasot.com\/wp-content\/uploads\/2025\/04\/IMG_5275-300x169.jpeg 300w, https:\/\/medvegjasot.com\/wp-content\/uploads\/2025\/04\/IMG_5275-768x432.jpeg 768w, https:\/\/medvegjasot.com\/wp-content\/uploads\/2025\/04\/IMG_5275-1536x864.jpeg 1536w, https:\/\/medvegjasot.com\/wp-content\/uploads\/2025\/04\/IMG_5275.jpeg 2016w\" sizes=\"(max-width: 1024px) 100vw, 1024px\" \/><figcaption class=\"wp-element-caption\"><em>Shkolla fillore n\u00eb Ramabaj\u00eb<\/em><\/figcaption><\/figure>\n<\/figure>\n\n\n\n<p><br>Shkolla fillore n\u00eb Banj\u00eb t\u00eb Sijarin\u00ebs ka funksionuar q\u00eb nga viti 1927\/28, por n\u00eb gjuh\u00ebn shqipe s\u00eb pari \u00ebsht\u00eb hapur klasa e pest\u00eb n\u00eb shtator t\u00eb vitit 1965\/68 dhe me at\u00eb klas\u00eb punoi m\u00ebsuesi Bafti Krasniqi.<\/p>\n\n\n\n<p>Shkolla fillore n\u00eb Ramabaj\u00eb, filloi n\u00eb vitin shkollor 1943\/44, nd\u00ebrkaq n\u00eb gjuh\u00ebn shqipe filloi n\u00eb vitin shkollor 1970\/71. M\u00ebsuesi i par\u00eb ishte Hajrullah Latifi. T\u00eb regjistruar ishin 42 nx\u00ebn\u00ebs, prej tyre 23 vajza. Pas nj\u00eb viti u hap edhe klasa e pest\u00eb, me m\u00ebsues Hysen K\u00ebr\u00e7eli, Bajram Veseli dhe Shefki Baftiu, <strong><em>shk\u00ebputur nga libri Medvegja n\u00ebp\u00ebr shekuj i atorit Rrahman Hyseni.<\/em><\/strong><\/p>\n\n\n\n<p><strong><br><\/strong><\/p>\n\n\n\n<figure class=\"wp-block-image size-large\"><img loading=\"lazy\" decoding=\"async\" width=\"1024\" height=\"576\" src=\"https:\/\/medvegjasot.com\/wp-content\/uploads\/2025\/04\/IMG_6200-1-1024x576.jpeg\" alt=\"\" class=\"wp-image-4807\" srcset=\"https:\/\/medvegjasot.com\/wp-content\/uploads\/2025\/04\/IMG_6200-1-1024x576.jpeg 1024w, https:\/\/medvegjasot.com\/wp-content\/uploads\/2025\/04\/IMG_6200-1-300x169.jpeg 300w, https:\/\/medvegjasot.com\/wp-content\/uploads\/2025\/04\/IMG_6200-1-768x432.jpeg 768w, https:\/\/medvegjasot.com\/wp-content\/uploads\/2025\/04\/IMG_6200-1-1536x864.jpeg 1536w, https:\/\/medvegjasot.com\/wp-content\/uploads\/2025\/04\/IMG_6200-1-2048x1152.jpeg 2048w\" sizes=\"(max-width: 1024px) 100vw, 1024px\" \/><figcaption class=\"wp-element-caption\"><em>Oda e BAB\u00cbS n\u00eb Siarin\u00eb e pronarit Selim Zeka<\/em><\/figcaption><\/figure>\n\n\n\n<p>Odat e medvegjasve, \u00e7doher\u00eb ishin me mysafir\u00eb, aty flitej e k\u00ebndohej, aty m\u00eb s\u00eb miri ruheshin traditat tona. Kjo ishte m\u00ebsimore e fuqishme p\u00ebr brezin e rinj e n\u00eb an\u00ebn tjet\u00ebr gjyshet tona rrinin dhe i edukonin mbesat dhe vajzat e tyre.&nbsp;<\/p>\n\n\n\n<p>Kjo \u00ebsht\u00eb ruajtur e&nbsp;&nbsp;p\u00ebrcjell edhe n\u00eb dit\u00ebt e sotme, ku rriteshin me fjal\u00ebn e Naimit e me k\u00ebng\u00ebn e t\u00eb pavdekshmes, t\u00eb Nexhmijes, Qamilit t\u00eb Vog\u00ebl e shum\u00eb t\u00eb tjer\u00eb t\u00eb koh\u00ebs s\u00eb at\u00ebhershme.<\/p>\n\n\n\n<p>Gjithmon\u00eb p\u00ebrcilleshin k\u00ebng\u00ebt patriotike, ku heronjt\u00eb tan\u00eb n\u00eb vargje thureshin dhe nga pathyeshm\u00ebria nuk u l\u00ebkunden p\u00ebrball\u00eb k\u00ebrc\u00ebnimeve t\u00eb shumta, por as nuk u n\u00ebnshtruan nga tradhtit\u00eb, ledhatimet&nbsp;&nbsp;e p\u00ebrk\u00ebdhelit\u00eb q\u00eb u munduan&nbsp;&nbsp;t\u00eb na b\u00ebnin.&nbsp;<br><\/p>\n\n\n\n<p>Oda \u00ebsht\u00eb (ishte) dhom\u00eb tradicionale shqiptare. Dhoma e ve\u00e7ant\u00eb p\u00ebr mysafir\u00eb quhet od\u00eb, e ndar\u00eb n\u00eb t\u00eb dy an\u00ebt me drunj, ku mbetej korridor n\u00eb mes p\u00ebr sh\u00ebrbim, t\u00eb shtruara m\u00eb san\u00eb apo kasht\u00eb, t\u00eb mbuluara me hastra nga bari i shavarit e m\u00eb von\u00eb me \u00e7erga leshi (tjerri) me vek pun\u00eb dore. Ajo q\u00eb ishte m\u00eb moderne, b\u00ebhej qilimi, q\u00eb gjithsesi e sillte nj\u00eb nusja n\u00eb sht\u00ebpin\u00eb e burrit. N\u00eb fund t\u00eb od\u00ebs, n\u00eb trapazan nga d\u00ebrrasat, sh\u00ebrbehej \u00e7aj e kafe p\u00ebr mysafir\u00eb, ama, n\u00eb krye t\u00eb od\u00ebs, zakonisht ekzistonte dollapi, &#8220;postafat&#8221;(i ve\u00e7ant\u00eb), ruhej kafeja dhe sheqeri p\u00ebr mysafir\u00eb dhe ai i mbyllur me \u00e7el\u00ebs, t\u00eb mos guxoj\u00eb dikush t\u00eb pij\u00eb kafe. I zoti i sht\u00ebpis\u00eb ishte kryefjala p\u00ebr \u00e7dogj\u00eb, tek ai mbaronte fjala e fundit p\u00ebr vendime. Mysafiri ka qen\u00eb i shenjt\u00eb, nderi i familjes, vendin e kishte n\u00eb krye t\u00eb od\u00ebs, me buk\u00ebn e sht\u00ebpis\u00eb, me bes\u00ebn e sht\u00ebpis\u00eb, ai g\u00ebzonte privilegje, derisa mb\u00ebrrinte sh\u00ebndosh e mir\u00eb n\u00eb sht\u00ebpi.<\/p>\n\n\n\n<p>Loj\u00ebrat m\u00eb t\u00eb p\u00ebrhapura ishin: filxhani, dag\u00ebrgxhini apo cicmici, kapu\u00e7a etj. Historia p\u00ebrcillej brez pas brezi, nga burrat e men\u00e7ur t\u00eb odave p\u00ebrmes tregimeve, anekdotave, p\u00ebrkat\u00ebsisht k\u00ebng\u00ebve historike, m\u00eb par\u00eb t\u00eb p\u00ebrcjellura m\u00eb lahut\u00eb e m\u00eb von\u00eb m\u00eb sharki. Udh\u00ebtari i rastit b\u00ebnte konak, kudo qe e zinte nata, rrinte tek ata q\u00eb kishin oda, qoft\u00eb edhe i panjohur kalonte nat\u00ebn aty, <strong><em>shk\u00ebputur nga libri Medvegja n\u00ebp\u00ebr shekuj i atorit Rrahman Hyseni.<\/em><\/strong><\/p>\n\n\n\n<p><\/p>\n\n\n\n<p><\/p>\n\n\n\n<figure class=\"wp-block-image size-large has-filter-vintage\"><img loading=\"lazy\" decoding=\"async\" width=\"1024\" height=\"573\" src=\"https:\/\/medvegjasot.com\/wp-content\/uploads\/2025\/04\/IMG_5277-1-1024x573.jpeg\" alt=\"\" class=\"wp-image-4639\" srcset=\"https:\/\/medvegjasot.com\/wp-content\/uploads\/2025\/04\/IMG_5277-1-1024x573.jpeg 1024w, https:\/\/medvegjasot.com\/wp-content\/uploads\/2025\/04\/IMG_5277-1-300x168.jpeg 300w, https:\/\/medvegjasot.com\/wp-content\/uploads\/2025\/04\/IMG_5277-1-768x430.jpeg 768w, https:\/\/medvegjasot.com\/wp-content\/uploads\/2025\/04\/IMG_5277-1.jpeg 1179w\" sizes=\"(max-width: 1024px) 100vw, 1024px\" \/><\/figure>\n\n\n\n<p><strong> <\/strong><em>Sofra shqiptare n\u00eb Medvegja<\/em><\/p>\n\n\n\n<p>Sofra kishte bereqetin e vet, njer\u00ebzit betohen n\u00eb sofr\u00ebn e buk\u00ebs. Ibrigu i ujit, q\u00eb sh\u00ebrbente p\u00ebr uj\u00eb pran\u00eb sofr\u00ebs, ishte prej dheu (balte), i pjekur, i modelit t\u00eb keramikave, pinin uj\u00eb m\u00eb nj\u00eb tas (got\u00eb) t\u00eb gjith\u00eb t\u00eb pranishmit.<\/p>\n\n\n\n<figure class=\"wp-block-image size-large has-filter-vintage\"><img loading=\"lazy\" decoding=\"async\" width=\"1024\" height=\"573\" src=\"https:\/\/medvegjasot.com\/wp-content\/uploads\/2025\/04\/IMG_6195-1-1024x573.jpeg\" alt=\"\" class=\"wp-image-4809\" srcset=\"https:\/\/medvegjasot.com\/wp-content\/uploads\/2025\/04\/IMG_6195-1-1024x573.jpeg 1024w, https:\/\/medvegjasot.com\/wp-content\/uploads\/2025\/04\/IMG_6195-1-300x168.jpeg 300w, https:\/\/medvegjasot.com\/wp-content\/uploads\/2025\/04\/IMG_6195-1-768x430.jpeg 768w, https:\/\/medvegjasot.com\/wp-content\/uploads\/2025\/04\/IMG_6195-1.jpeg 1179w\" sizes=\"(max-width: 1024px) 100vw, 1024px\" \/><\/figure>\n\n\n\n<p><em>Sofra shqiptare n\u00eb Medvegja<\/em><\/p>\n\n\n\n<p>Kafsh\u00ebt Sht\u00ebpiake. P\u00ebr dele prisnin lisat, vet\u00ebm drunj, dushku ishte m\u00eb ushqyes dhe m\u00eb gjethe t\u00eb m\u00ebdha, n\u00eb mal b\u00ebheshin n\u00eb form\u00eb sane, zihej maja t\u00eb mos i prish lag\u00ebshtia, derisa i bartnin n\u00eb sht\u00ebpi p\u00ebr dim\u00ebr. K\u00ebta quheshin dushq, p\u00ebrdoreshin p\u00ebr ushqim n\u00eb munges\u00eb sane p\u00ebr delet apo p\u00ebr dhit\u00eb. P\u00ebr lop\u00ebt apo kuajt, rezervohej m\u00eb shum\u00eb kasht\u00eb n\u00eb munges\u00eb t\u00eb barit (san\u00ebs). Bari kositej, kashta pas fshirjes s\u00eb grurit n\u00eb lam\u00eb sillej te sht\u00ebpia me kie apo kuaj. Sana, pas kositjes nga kostar\u00eb, terej, b\u00ebhej kapica apo kab\u00ebza m\u00eb t\u00eb vogla, <strong><em>shk\u00ebputur nga libri Medvegja n\u00ebp\u00ebr shekuj i atorit Rrahman Hyseni.<\/em><\/strong><\/p>\n\n\n\n<figure class=\"wp-block-gallery has-nested-images columns-default is-cropped wp-block-gallery-10 is-layout-flex wp-block-gallery-is-layout-flex\">\n<figure class=\"wp-block-image size-large has-filter-vintage\"><img loading=\"lazy\" decoding=\"async\" width=\"1024\" height=\"574\" data-id=\"4817\" src=\"https:\/\/medvegjasot.com\/wp-content\/uploads\/2025\/04\/IMG_6171-1024x574.jpeg\" alt=\"\" class=\"wp-image-4817\" srcset=\"https:\/\/medvegjasot.com\/wp-content\/uploads\/2025\/04\/IMG_6171-1024x574.jpeg 1024w, https:\/\/medvegjasot.com\/wp-content\/uploads\/2025\/04\/IMG_6171-300x168.jpeg 300w, https:\/\/medvegjasot.com\/wp-content\/uploads\/2025\/04\/IMG_6171-768x430.jpeg 768w, https:\/\/medvegjasot.com\/wp-content\/uploads\/2025\/04\/IMG_6171-1536x861.jpeg 1536w, https:\/\/medvegjasot.com\/wp-content\/uploads\/2025\/04\/IMG_6171-2048x1147.jpeg 2048w\" sizes=\"(max-width: 1024px) 100vw, 1024px\" \/><figcaption class=\"wp-element-caption\"><em>Vllas<\/em><\/figcaption><\/figure>\n\n\n\n<figure class=\"wp-block-image size-large has-filter-vintage\"><img loading=\"lazy\" decoding=\"async\" width=\"1024\" height=\"576\" data-id=\"4816\" src=\"https:\/\/medvegjasot.com\/wp-content\/uploads\/2025\/04\/IMG_6170-1024x576.jpeg\" alt=\"\" class=\"wp-image-4816\" srcset=\"https:\/\/medvegjasot.com\/wp-content\/uploads\/2025\/04\/IMG_6170-1024x576.jpeg 1024w, https:\/\/medvegjasot.com\/wp-content\/uploads\/2025\/04\/IMG_6170-300x169.jpeg 300w, https:\/\/medvegjasot.com\/wp-content\/uploads\/2025\/04\/IMG_6170-768x432.jpeg 768w, https:\/\/medvegjasot.com\/wp-content\/uploads\/2025\/04\/IMG_6170-1536x864.jpeg 1536w, https:\/\/medvegjasot.com\/wp-content\/uploads\/2025\/04\/IMG_6170.jpeg 1920w\" sizes=\"(max-width: 1024px) 100vw, 1024px\" \/><figcaption class=\"wp-element-caption\"><em>Kapit<\/em><\/figcaption><\/figure>\n<\/figure>\n\n\n\n<p><\/p>\n\n\n\n<p>Lavrat. B\u00ebheshin n\u00eb m\u00ebnyr\u00eb klasike, jo m\u00eb thell\u00eb se dhjet\u00eb apo p\u00ebs\u00ebmb\u00ebdhjet\u00eb centimetra. Ajo b\u00ebhej me kie, n\u00eb munges\u00eb edhe m\u00eb lop\u00eb qum\u00ebshti, me buaj dhe m\u00eb von\u00eb nga kuajt. Bartja e ushqimit b\u00ebhej me kerr druri, me kerr hekuri, pastaj me kerr me kat\u00ebr goma, q\u00eb e t\u00ebrhiqnin kafsh\u00ebt, <strong><em>shk\u00ebputur nga libri Medvegja n\u00ebp\u00ebr shekuj i atorit Rrahman Hyseni.<\/em><\/strong><\/p>\n\n\n\n<figure class=\"wp-block-gallery has-nested-images columns-default is-cropped wp-block-gallery-11 is-layout-flex wp-block-gallery-is-layout-flex\">\n<figure class=\"wp-block-image size-large has-filter-vintage\"><img loading=\"lazy\" decoding=\"async\" width=\"1024\" height=\"576\" data-id=\"4821\" src=\"https:\/\/medvegjasot.com\/wp-content\/uploads\/2025\/04\/IMG_6154-1024x576.jpeg\" alt=\"\" class=\"wp-image-4821\" srcset=\"https:\/\/medvegjasot.com\/wp-content\/uploads\/2025\/04\/IMG_6154-1024x576.jpeg 1024w, https:\/\/medvegjasot.com\/wp-content\/uploads\/2025\/04\/IMG_6154-300x169.jpeg 300w, https:\/\/medvegjasot.com\/wp-content\/uploads\/2025\/04\/IMG_6154-768x432.jpeg 768w, https:\/\/medvegjasot.com\/wp-content\/uploads\/2025\/04\/IMG_6154-1536x864.jpeg 1536w, https:\/\/medvegjasot.com\/wp-content\/uploads\/2025\/04\/IMG_6154-2048x1152.jpeg 2048w\" sizes=\"(max-width: 1024px) 100vw, 1024px\" \/><figcaption class=\"wp-element-caption\"><strong><em>Villa e familjes Sahiti <\/em><\/strong><\/figcaption><\/figure>\n\n\n\n<figure class=\"wp-block-image size-large has-filter-vintage\"><img loading=\"lazy\" decoding=\"async\" width=\"1024\" height=\"574\" data-id=\"4819\" src=\"https:\/\/medvegjasot.com\/wp-content\/uploads\/2025\/04\/IMG_6155-1024x574.jpeg\" alt=\"\" class=\"wp-image-4819\" srcset=\"https:\/\/medvegjasot.com\/wp-content\/uploads\/2025\/04\/IMG_6155-1024x574.jpeg 1024w, https:\/\/medvegjasot.com\/wp-content\/uploads\/2025\/04\/IMG_6155-300x168.jpeg 300w, https:\/\/medvegjasot.com\/wp-content\/uploads\/2025\/04\/IMG_6155-768x430.jpeg 768w, https:\/\/medvegjasot.com\/wp-content\/uploads\/2025\/04\/IMG_6155-1536x861.jpeg 1536w, https:\/\/medvegjasot.com\/wp-content\/uploads\/2025\/04\/IMG_6155-2048x1148.jpeg 2048w\" sizes=\"(max-width: 1024px) 100vw, 1024px\" \/><figcaption class=\"wp-element-caption\"><strong><em>Villat e familjes Ibrahim<\/em>.<\/strong><\/figcaption><\/figure>\n<\/figure>\n\n\n\n<p><br>P\u00ebrkund\u00ebr ballafaqimit, \u00e7do dit\u00eb shqiptar\u00ebt e Medvegj\u00ebs, me adresat e banor\u00ebve t\u00eb pasivizuar dhe infrastruktur\u00ebn aty ruhen themelet e t\u00eb par\u00ebve ton\u00eb me aq sa mundet&#8230;!&nbsp;<\/p>\n\n\n\n<p>Kujtojm\u00eb se pasivizimi i adresave t\u00eb shqiptar\u00ebve n\u00eb Lugin\u00ebn e Preshev\u00ebs \u00ebsht\u00eb nj\u00eb proces administrativ q\u00eb ka ndodhur kryesisht n\u00eb disa zona t\u00eb k\u00ebsaj treve, ku shum\u00eb shqiptar\u00eb jan\u00eb fshir\u00eb nga regjistrat e adresave dhe t\u00eb dh\u00ebnat administrative t\u00eb Serbis\u00eb. Ky veprim ka pasur pasoja t\u00eb r\u00ebnda p\u00ebr shqiptar\u00ebt, duke i privuar ata nga mund\u00ebsia p\u00ebr t\u00eb shfryt\u00ebzuar sh\u00ebrbime dhe t\u00eb drejta themelore si arsim, sh\u00ebndet\u00ebsi, dhe pensione, si dhe nga mund\u00ebsia p\u00ebr t\u00eb ushtruar t\u00eb drejtat e tyre qytetare.<\/p>\n\n\n\n<p>Popullit shqiptar gjithmon\u00eb iu p\u00ebrs\u00ebrit historia komb\u00ebtare dhe nga armiqt\u00eb e ndrysh\u00ebm u dha nj\u00eb pasqyr\u00eb joreale rreth prejardhjes dhe trojeve t\u00eb tyre. T\u00eb shp\u00ebrngulur nga nj\u00eb vend n\u00eb tjetrin, t\u00eb asimiluar sipas d\u00ebshir\u00ebs s\u00eb pushtuesve t\u00eb ndrysh\u00ebm, ata mbijetuan megjithat\u00eb p\u00ebrmbi stuhi t\u00eb fatit jetik.<br>Kur b\u00ebhet fjal\u00eb p\u00ebr popullat\u00ebn e Medvegj\u00ebs, \u00ebsht\u00eb nj\u00eb mjerim i v\u00ebrtet\u00eb rr\u00ebfimi n\u00ebp\u00ebr etapat historike t\u00eb ndryshme. S\u00eb paku q\u00eb nga Kongresi i Berlinit popullata e Medvegj\u00ebs kishte fatin e nj\u00eb popullate q\u00eb n\u00eb vazhdim\u00ebsi u p\u00ebrball me shp\u00ebrnguljen e popullat\u00ebs autoktone shqiptare nga vendlindja e tyre. Ka shum\u00eb faktor\u00eb q\u00eb e shtyn\u00eb shp\u00ebrnguljen n\u00eb vazhdim\u00ebsi historike, por dy m\u00eb kryesoret jan\u00eb: ajo e dhun\u00ebs shtet\u00ebrore t\u00eb planifikuar dhe pozita e saj gjeografike, pasi q\u00eb \u00ebsht\u00eb kufiri m\u00eb verilindor i trungut etnik shqiptar, s\u00eb paku q\u00eb nga koha e Kongresit t\u00eb Berlinit, dhe rrjedhimisht kjo popullat\u00eb ishte drejtp\u00ebrdrejt e atakuar me shkall\u00ebn m\u00eb nacionaliste antishqiptare t\u00eb popullat\u00ebs serbe t\u00eb Serbis\u00eb Jugore. Nga vet\u00eb logjika e q\u00ebndrimit n\u00eb skajin m\u00eb verilindor t\u00eb pozit\u00ebs gjeografike t\u00eb trungut etnik shqiptar, b\u00ebri q\u00eb n\u00eb t\u00eb gjitha proceset historike, kjo popullat\u00eb t\u00eb p\u00ebsonte e para dhe nj\u00ebkoh\u00ebsisht t\u00eb ishte vija e par\u00eb e frontit dhe rezistenc\u00ebs t\u00eb mbijetes\u00ebs s\u00eb etnis\u00eb shqiptare, gj\u00eb q\u00eb pjes\u00ebt e tjera shqiptare, n\u00ebse i kishin t\u00eb gjitha format e dhun\u00ebs shtet\u00ebrore serbe. por at\u00eb t\u00eb popullat\u00ebs serbe nuk e kishin sikurse Medvegja, p\u00ebr vet\u00eb faktin e pozit\u00ebs gjeografike. Kur dihet se historikisht trungu etnik shqiptar n\u00eb vazhdim\u00ebsi t\u00eb historis\u00eb s\u00eb saj ka pasuar tkurrje, dhe tani Medvegja ishte ajo q\u00eb s\u00eb paku nga Kongresi i Berlinit deri m\u00eb sot, u p\u00ebrball direkt me t\u00eb gjitha format e dhun\u00ebs dhe t\u00eb projekteve p\u00ebr shp\u00ebrnguljen e saj, q\u00eb gjat\u00eb k\u00ebsaj periudhe i p\u00ebrjetoii si pasoj\u00eb e politik\u00ebs ekspansioniste sllave. Shp\u00ebrngulja e popullat\u00ebs si p\u00ebrcjell\u00ebse e fatit historik t\u00eb saj t\u00eb dhimbsh\u00ebm, n\u00eb koh\u00ebn e Kongresit t\u00eb Berlinit, gjegj\u00ebsisht gjat\u00eb viteve 1878, edhe pse kjo shp\u00ebrngulje kishte filluar q\u00eb nga viti 1800, kur edhe popullata shqiptare e Toplic\u00ebs, Sanxhakut t\u00eb Nishit me mbi 940 fshatra e p\u00ebsoi \u201cgolgot\u00ebn\u201d e saj t\u00eb dhimbshme t\u00eb shp\u00ebrnguljes dhe vrasjeve makabre. Kjo shp\u00ebrngulje e madhe reflektoi gjithsesi edhe n\u00eb Medvegj\u00eb psi q\u00eb ishte para Medvegja q\u00eb ndau fatin e dhimbsh\u00ebm gjat\u00eb k\u00ebsaj faz\u00eb t\u00eb historis\u00eb, si dhe popullata e k\u00ebsaj pjes\u00eb e gjeti mb\u00ebshtetjen te v\u00ebllez\u00ebrit e tyre n\u00eb Medvegj\u00eb. Pas k\u00ebsaj kohe tani m\u00eb kufiri etnik iu afrua n\u00eb Medvegj\u00eb dhe q\u00eb nga kjo koh\u00eb Medvegja bart petkun e rezistenc\u00ebs s\u00eb mbijetes\u00ebs si popullat\u00eb shqiptare autoktone n\u00eb k\u00ebt\u00eb hap\u00ebsir\u00eb. Gjat\u00eb koh\u00ebs s\u00eb luft\u00ebrave Ballkanike 1912-1913, kjo popullat\u00eb p\u00ebsoi shum\u00eb duke marr\u00eb p\u00ebr baz\u00eb se forcat serbe pik\u00ebrisht nga Jugu i Serbis\u00eb, marshuan p\u00ebr t\u00eb filluar luft\u00ebn kund\u00ebr Perandoris\u00eb Osmane dhe nj\u00eb nga betejat m\u00eb t\u00eb ashpra m\u00eb 22-24 tetor n\u00eb Kumanov\u00eb ishte zhvilluar. Edhe Lufta e Dyt\u00eb Ballkanike m\u00eb 1913, pothuajse u zhvillua mbi k\u00ebt\u00eb pjes\u00eb pasi q\u00eb filloi kur Serbia, Greqia dhe Rumania pat\u00ebn mosmarr\u00ebveshje me Bullgarin\u00eb p\u00ebr ndarjen e rajonit pas pushtimit t\u00eb p\u00ebrbashk\u00ebt t\u00eb Maqedonis\u00eb. Ishte korridori ballkanik i k\u00ebtyre trojeve q\u00eb gjat\u00eb k\u00ebsaj lufte p\u00ebsoi shum\u00eb r\u00ebnd\u00eb, duke qen\u00eb aren\u00eb luftimesh. Lufta e Par\u00eb Bot\u00ebrore 1914-1918, prap\u00eb ishte fatkeq\u00ebsia e radh\u00ebs p\u00ebr k\u00ebt\u00eb popullat\u00eb shqiptare q\u00eb ishte n\u00ebn okupim dhe e pa mbrojtur e cila p\u00ebsoi shum\u00eb r\u00ebnd, pasi q\u00eb Serbia e \u00ebnd\u00ebrronte t\u00eb realizonte projektin Na\u00e7ertania. Periudha mes dy luft\u00ebrave bot\u00ebrore \u00ebsht\u00eb periudh\u00eb kur vendosen kolon t\u00eb dhunsh\u00ebm t\u00eb etnis\u00eb serbo-malazez n\u00eb pjes\u00ebn shqiptare, q\u00eb p\u00ebsoi edhe popullata e Medvegj\u00ebs. Lufta e Dyt\u00eb Bot\u00ebrore p\u00ebr popullat\u00ebn e Medvegj\u00ebs \u00ebsht\u00eb vazhdim\u00ebsi e vuajtjes s\u00eb fatit t\u00eb p\u00ebrbashk\u00ebt shqiptar n\u00ebn okupim, popullat\u00eb q\u00eb p\u00ebsoi shum\u00eb r\u00ebnd\u00eb nga bandat kinse \u201c\u00c7lirimtare\u201d, Jugosllave, q\u00eb n\u00eb fakt vran\u00eb dhe masakruan me mija f\u00ebmij\u00eb, gra, pleq dhe shqiptar\u00eb t\u00eb pafajsh\u00ebm t\u00eb k\u00ebsaj pjese. Edhe periudha pas Luft\u00ebs s\u00eb Dyt\u00eb Bot\u00ebrore deri n\u00eb luft\u00ebn e Kosov\u00ebs m\u00eb 1999, \u00ebsht\u00eb periudh\u00eb e dhun\u00ebs dhe e gjenocidit shtet\u00ebror mbi k\u00ebt\u00eb popullat\u00eb, ku u p\u00ebrdor\u00ebn t\u00eb gjitha format m\u00eb barbare, ndaj k\u00ebsaj popullate. P\u00ebr dallim nga Bujanoci dhe Presheva, popullata e Medvegj\u00ebs u p\u00ebrball direkt edhe me shkall\u00ebn e nacionalizmit serb q\u00eb ishte mbjellur edhe n\u00eb popullat\u00ebn serbe aty q\u00eb jetonte dhe nga rrethina e Nishit.<br>Kjo \u00ebsht\u00eb n\u00eb realitet nj\u00eb pasqyr\u00eb reale historike e jo n\u00eb asnj\u00eb m\u00ebnyr\u00eb e trilluar, gj\u00eb q\u00eb lexojm\u00eb p\u00ebrmes portaleve t\u00eb rrjetit social dhe i d\u00ebgjojm\u00eb n\u00ebp\u00ebr medie t\u00eb shteteve tjera. Medvegjasit nuk kan\u00eb tentuar asnj\u00ebher\u00eb ta shp\u00ebrngulin nacionalitetin tjet\u00ebr, por b\u00ebjn\u00eb p\u00ebrpjekje q\u00eb ky vend t\u00eb zhvillohet dhe t\u00eb zbutet papun\u00ebsia. \u00c7\u2019e do puna kur hasin n\u00eb pengesa t\u00eb trilluara nga t\u00eb tjer\u00ebt? Medvegjasit \u00e7doher\u00eb ishin dhe jan\u00eb t\u00eb gatsh\u00ebm t\u2019u ndihmojn\u00eb skamnor\u00ebve, gjith\u00eb atyre q\u00eb k\u00ebrkojn\u00eb ndihm\u00eb. K\u00ebt\u00eb e b\u00ebjn\u00eb n\u00eb ve\u00e7anti m\u00ebrgimtar\u00ebt pa hezituar fare. N\u00eb koh\u00eb t\u00eb fundit ata jan\u00eb t\u00eb penguar nga t\u00eb tjer\u00ebt q\u00eb nuk kan\u00eb mund\u00ebsi t\u00eb kontribuojn\u00eb p\u00ebr Medvegj\u00ebn, ndaj shfryt\u00ebzojn\u00eb rastin q\u00eb t\u00eb trillojn\u00eb gj\u00ebra t\u00eb pav\u00ebrteta dhe t\u2019u pengojn\u00eb biznismen\u00ebve shqipptar\u00eb q\u00eb ta japin kontributin e tyre p\u00ebr k\u00ebt\u00eb trev\u00eb, <strong><em>shk\u00ebputur nga libri Medvegja n\u00ebp\u00ebr shekuj i atorit Rrahman Hyseni.<\/em><\/strong><\/p>\n\n\n\n<figure class=\"wp-block-gallery has-nested-images columns-default is-cropped wp-block-gallery-12 is-layout-flex wp-block-gallery-is-layout-flex\">\n<figure class=\"wp-block-image size-large has-filter-vintage\"><img loading=\"lazy\" decoding=\"async\" width=\"1024\" height=\"576\" data-id=\"4644\" src=\"https:\/\/medvegjasot.com\/wp-content\/uploads\/2025\/04\/photo-output-5-1024x576.jpeg\" alt=\"\" class=\"wp-image-4644\" srcset=\"https:\/\/medvegjasot.com\/wp-content\/uploads\/2025\/04\/photo-output-5-1024x576.jpeg 1024w, https:\/\/medvegjasot.com\/wp-content\/uploads\/2025\/04\/photo-output-5-300x169.jpeg 300w, https:\/\/medvegjasot.com\/wp-content\/uploads\/2025\/04\/photo-output-5-768x432.jpeg 768w, https:\/\/medvegjasot.com\/wp-content\/uploads\/2025\/04\/photo-output-5-1536x864.jpeg 1536w, https:\/\/medvegjasot.com\/wp-content\/uploads\/2025\/04\/photo-output-5-2048x1152.jpeg 2048w\" sizes=\"(max-width: 1024px) 100vw, 1024px\" \/><figcaption class=\"wp-element-caption\"><em>Shkolla fillore \u201cZenel Hajdini\u201d<\/em><\/figcaption><\/figure>\n\n\n\n<figure class=\"wp-block-image size-large has-filter-vintage\"><img loading=\"lazy\" decoding=\"async\" width=\"1024\" height=\"576\" data-id=\"4642\" src=\"https:\/\/medvegjasot.com\/wp-content\/uploads\/2025\/04\/IMG_5191-1024x576.jpeg\" alt=\"\" class=\"wp-image-4642\" srcset=\"https:\/\/medvegjasot.com\/wp-content\/uploads\/2025\/04\/IMG_5191-1024x576.jpeg 1024w, https:\/\/medvegjasot.com\/wp-content\/uploads\/2025\/04\/IMG_5191-300x169.jpeg 300w, https:\/\/medvegjasot.com\/wp-content\/uploads\/2025\/04\/IMG_5191-768x432.jpeg 768w, https:\/\/medvegjasot.com\/wp-content\/uploads\/2025\/04\/IMG_5191-1536x864.jpeg 1536w, https:\/\/medvegjasot.com\/wp-content\/uploads\/2025\/04\/IMG_5191.jpeg 2048w\" sizes=\"(max-width: 1024px) 100vw, 1024px\" \/><figcaption class=\"wp-element-caption\"><em>Shkolla fillore n\u00eb Gjylekresht\u00eb<\/em><\/figcaption><\/figure>\n<\/figure>\n\n\n\n<p>Fotografi -1. Shkolla fillore \u201cZenel Hajdini\u201d n\u00eb Tupall\u00eb ka punuar nga vitet 1946\/47, mir\u00ebpo n\u00eb gjuh\u00ebn shqipe filloi n\u00eb shtator t\u00eb vitit 1959\/60 n\u00eb od\u00ebn e Ajet Halitit, edhe pse n\u00eb k\u00ebt\u00eb fshat nuk kishte pasur kurr\u00eb asnj\u00eb serbo- malazez. M\u00ebsues t\u00eb par\u00eb ishin: Abaz Osmani dhe Ramiz Muharremi. Kur filloi pun\u00ebn, shkolla kishte t\u00eb regjistruar 87 nx\u00ebn\u00ebs, nj\u00eb vit m\u00eb von\u00eb numri u rrit n\u00eb 122. N\u00eb klas\u00ebn e par\u00eb ishin regjistruar 99 nx\u00ebn\u00ebs, nga ta 42 vajza. Objekti i ri shkollor n\u00eb Tupall\u00eb u nd\u00ebrtua n\u00eb vitin 1950. M\u00ebsimi n\u00eb gjuh\u00ebn shqipe zhvillohej pa nd\u00ebrprer\u00eb q\u00eb nga viti shkollor 1959\/60, pasi m\u00eb her\u00ebt \u00ebsht\u00eb mbajtur n\u00eb serbisht. M\u00ebsuesit e par\u00eb ishin: Uk\u00eb Ismajli e Ali Zeqiri. Fotografi -2. Shkolla fillore n\u00eb Gjylekresht\u00eb u hap m\u00eb 1946\/47, mir\u00ebpo n\u00eb gjuh\u00ebn shqipe m\u00ebsimi filloi 20 vjet m\u00eb cone , n\u00eb vitin shkollor 1967\/68. Sot, fshati Gjylekresht\u00eb ka 13 familje shqiptare, <strong><em>shk\u00ebputur nga libri Medvegja n\u00ebp\u00ebr shekuj i atorit Rrahman Hyseni.<\/em><\/strong><\/p>\n\n\n\n<figure class=\"wp-block-gallery has-nested-images columns-default is-cropped wp-block-gallery-13 is-layout-flex wp-block-gallery-is-layout-flex\">\n<figure class=\"wp-block-image size-large has-filter-vintage\"><img loading=\"lazy\" decoding=\"async\" width=\"1024\" height=\"573\" data-id=\"4649\" src=\"https:\/\/medvegjasot.com\/wp-content\/uploads\/2025\/04\/IMG_5204-1024x573.jpeg\" alt=\"\" class=\"wp-image-4649\" srcset=\"https:\/\/medvegjasot.com\/wp-content\/uploads\/2025\/04\/IMG_5204-1024x573.jpeg 1024w, https:\/\/medvegjasot.com\/wp-content\/uploads\/2025\/04\/IMG_5204-300x168.jpeg 300w, https:\/\/medvegjasot.com\/wp-content\/uploads\/2025\/04\/IMG_5204-768x430.jpeg 768w, https:\/\/medvegjasot.com\/wp-content\/uploads\/2025\/04\/IMG_5204.jpeg 1125w\" sizes=\"(max-width: 1024px) 100vw, 1024px\" \/><figcaption class=\"wp-element-caption\"><strong><em>Varri i D\u00ebshmorit t\u00eb Kombit Florim Rushiti (KINGJI), n\u00eb Landovic\u00eb<\/em><\/strong><\/figcaption><\/figure>\n\n\n\n<figure class=\"wp-block-image size-large has-filter-vintage\"><img loading=\"lazy\" decoding=\"async\" width=\"1024\" height=\"573\" data-id=\"4650\" src=\"https:\/\/medvegjasot.com\/wp-content\/uploads\/2025\/04\/IMG_5192-1024x573.jpeg\" alt=\"\" class=\"wp-image-4650\" srcset=\"https:\/\/medvegjasot.com\/wp-content\/uploads\/2025\/04\/IMG_5192-1024x573.jpeg 1024w, https:\/\/medvegjasot.com\/wp-content\/uploads\/2025\/04\/IMG_5192-300x168.jpeg 300w, https:\/\/medvegjasot.com\/wp-content\/uploads\/2025\/04\/IMG_5192-768x430.jpeg 768w, https:\/\/medvegjasot.com\/wp-content\/uploads\/2025\/04\/IMG_5192.jpeg 1125w\" sizes=\"(max-width: 1024px) 100vw, 1024px\" \/><figcaption class=\"wp-element-caption\"><strong><em>Sht\u00ebpi e D\u00ebshmorit n\u00eb Kapit t\u00eb Medvegj\u00ebs.<\/em><\/strong><\/figcaption><\/figure>\n<\/figure>\n\n\n\n<p><\/p>\n\n\n\n<figure class=\"wp-block-gallery has-nested-images columns-default is-cropped wp-block-gallery-14 is-layout-flex wp-block-gallery-is-layout-flex\">\n<figure class=\"wp-block-image size-large has-filter-vintage\"><img loading=\"lazy\" decoding=\"async\" width=\"960\" height=\"540\" data-id=\"4653\" src=\"https:\/\/medvegjasot.com\/wp-content\/uploads\/2025\/04\/IMG_5294.jpeg\" alt=\"\" class=\"wp-image-4653\" srcset=\"https:\/\/medvegjasot.com\/wp-content\/uploads\/2025\/04\/IMG_5294.jpeg 960w, https:\/\/medvegjasot.com\/wp-content\/uploads\/2025\/04\/IMG_5294-300x169.jpeg 300w, https:\/\/medvegjasot.com\/wp-content\/uploads\/2025\/04\/IMG_5294-768x432.jpeg 768w\" sizes=\"(max-width: 960px) 100vw, 960px\" \/><figcaption class=\"wp-element-caption\"><strong><em>Fshati Kapit &#8211; Lagjja Rushiti<\/em><\/strong><\/figcaption><\/figure>\n\n\n\n<figure class=\"wp-block-image size-large has-filter-vintage\"><img loading=\"lazy\" decoding=\"async\" width=\"1024\" height=\"576\" data-id=\"4654\" src=\"https:\/\/medvegjasot.com\/wp-content\/uploads\/2025\/04\/IMG_5295-1024x576.jpeg\" alt=\"\" class=\"wp-image-4654\" srcset=\"https:\/\/medvegjasot.com\/wp-content\/uploads\/2025\/04\/IMG_5295-1024x576.jpeg 1024w, https:\/\/medvegjasot.com\/wp-content\/uploads\/2025\/04\/IMG_5295-300x169.jpeg 300w, https:\/\/medvegjasot.com\/wp-content\/uploads\/2025\/04\/IMG_5295-768x432.jpeg 768w, https:\/\/medvegjasot.com\/wp-content\/uploads\/2025\/04\/IMG_5295-1536x864.jpeg 1536w, https:\/\/medvegjasot.com\/wp-content\/uploads\/2025\/04\/IMG_5295.jpeg 2048w\" sizes=\"(max-width: 1024px) 100vw, 1024px\" \/><figcaption class=\"wp-element-caption\"><strong>Fshati Siarin\u00eb &#8211; Lagjja Zenullah Radeci.<\/strong><\/figcaption><\/figure>\n<\/figure>\n\n\n\n<pre class=\"wp-block-code\"><code><\/code><\/pre>\n\n\n\n<figure class=\"wp-block-gallery has-nested-images columns-default is-cropped wp-block-gallery-15 is-layout-flex wp-block-gallery-is-layout-flex\">\n<figure class=\"wp-block-image size-large has-filter-vintage\"><img loading=\"lazy\" decoding=\"async\" width=\"1024\" height=\"576\" data-id=\"4659\" src=\"https:\/\/medvegjasot.com\/wp-content\/uploads\/2025\/04\/IMG_5301-1024x576.jpeg\" alt=\"\" class=\"wp-image-4659\" srcset=\"https:\/\/medvegjasot.com\/wp-content\/uploads\/2025\/04\/IMG_5301-1024x576.jpeg 1024w, https:\/\/medvegjasot.com\/wp-content\/uploads\/2025\/04\/IMG_5301-300x169.jpeg 300w, https:\/\/medvegjasot.com\/wp-content\/uploads\/2025\/04\/IMG_5301-768x432.jpeg 768w, https:\/\/medvegjasot.com\/wp-content\/uploads\/2025\/04\/IMG_5301-1536x864.jpeg 1536w, https:\/\/medvegjasot.com\/wp-content\/uploads\/2025\/04\/IMG_5301-2048x1152.jpeg 2048w\" sizes=\"(max-width: 1024px) 100vw, 1024px\" \/><figcaption class=\"wp-element-caption\"><strong><em>Fshati Tupall\u00eb &#8211; Lagjja Brahim Curri<\/em><\/strong><\/figcaption><\/figure>\n\n\n\n<figure class=\"wp-block-image size-large has-filter-vintage\"><img loading=\"lazy\" decoding=\"async\" width=\"1024\" height=\"576\" data-id=\"4658\" src=\"https:\/\/medvegjasot.com\/wp-content\/uploads\/2025\/04\/IMG_5300-1024x576.jpeg\" alt=\"\" class=\"wp-image-4658\" srcset=\"https:\/\/medvegjasot.com\/wp-content\/uploads\/2025\/04\/IMG_5300-1024x576.jpeg 1024w, https:\/\/medvegjasot.com\/wp-content\/uploads\/2025\/04\/IMG_5300-300x169.jpeg 300w, https:\/\/medvegjasot.com\/wp-content\/uploads\/2025\/04\/IMG_5300-768x432.jpeg 768w, https:\/\/medvegjasot.com\/wp-content\/uploads\/2025\/04\/IMG_5300-1536x864.jpeg 1536w, https:\/\/medvegjasot.com\/wp-content\/uploads\/2025\/04\/IMG_5300-2048x1152.jpeg 2048w\" sizes=\"(max-width: 1024px) 100vw, 1024px\" \/><figcaption class=\"wp-element-caption\"><strong><em>Fshati Dukat &#8211; Lagjja Syla<\/em><\/strong><\/figcaption><\/figure>\n<\/figure>\n\n\n\n<p><\/p>\n\n\n\n<figure class=\"wp-block-gallery has-nested-images columns-default is-cropped wp-block-gallery-16 is-layout-flex wp-block-gallery-is-layout-flex\">\n<figure class=\"wp-block-image size-large has-filter-vintage\"><img loading=\"lazy\" decoding=\"async\" width=\"1024\" height=\"533\" data-id=\"4665\" src=\"https:\/\/medvegjasot.com\/wp-content\/uploads\/2025\/04\/IMG_5304-1-1024x533.jpeg\" alt=\"\" class=\"wp-image-4665\" srcset=\"https:\/\/medvegjasot.com\/wp-content\/uploads\/2025\/04\/IMG_5304-1-1024x533.jpeg 1024w, https:\/\/medvegjasot.com\/wp-content\/uploads\/2025\/04\/IMG_5304-1-300x156.jpeg 300w, https:\/\/medvegjasot.com\/wp-content\/uploads\/2025\/04\/IMG_5304-1-768x399.jpeg 768w, https:\/\/medvegjasot.com\/wp-content\/uploads\/2025\/04\/IMG_5304-1-1536x799.jpeg 1536w, https:\/\/medvegjasot.com\/wp-content\/uploads\/2025\/04\/IMG_5304-1-2048x1065.jpeg 2048w\" sizes=\"(max-width: 1024px) 100vw, 1024px\" \/><figcaption class=\"wp-element-caption\"><em>Medvegj\u00eb<\/em><\/figcaption><\/figure>\n\n\n\n<figure class=\"wp-block-image size-large has-filter-vintage\"><img loading=\"lazy\" decoding=\"async\" width=\"1024\" height=\"575\" data-id=\"4664\" src=\"https:\/\/medvegjasot.com\/wp-content\/uploads\/2025\/04\/IMG_5305-1-1024x575.jpeg\" alt=\"\" class=\"wp-image-4664\" srcset=\"https:\/\/medvegjasot.com\/wp-content\/uploads\/2025\/04\/IMG_5305-1-1024x575.jpeg 1024w, https:\/\/medvegjasot.com\/wp-content\/uploads\/2025\/04\/IMG_5305-1-300x168.jpeg 300w, https:\/\/medvegjasot.com\/wp-content\/uploads\/2025\/04\/IMG_5305-1-768x431.jpeg 768w, https:\/\/medvegjasot.com\/wp-content\/uploads\/2025\/04\/IMG_5305-1-1536x863.jpeg 1536w, https:\/\/medvegjasot.com\/wp-content\/uploads\/2025\/04\/IMG_5305-1-2048x1150.jpeg 2048w\" sizes=\"(max-width: 1024px) 100vw, 1024px\" \/><figcaption class=\"wp-element-caption\"><em>Banj\u00eb e Siarin\u00ebs<\/em><\/figcaption><\/figure>\n<\/figure>\n\n\n\n<p><\/p>\n\n\n\n<p>Komuna e Medvegj\u00ebs,&nbsp;&nbsp;ka nj\u00eb territor prej 524 km\u00b2. Medvegja p\u00ebrb\u00ebhet nga 44 vendbanime, dy prej t\u00eb cilave jan\u00eb vendbanime urbane si : Medvegja dhe Banja e Sijarin\u00ebs.<\/p>\n\n\n\n<p>Banja e Siarin\u00ebs \u00ebsht\u00eb vendbanim n\u00eb komun\u00ebn e Medvegj\u00ebs, n\u00eb kryq\u00ebzimin e rrug\u00ebve Prishtin\u00eb &#8211; Leskoc pran\u00eb shtret\u00ebrve t\u00eb lumenj\u00ebve t\u00eb Banj\u00ebs dhe lumit Jabllanica, rr\u00ebz\u00eb maleve t\u00eb Gollakut, 65 km larg Prishtin\u00ebs. Banja e Siarin\u00ebs kufizohet ne veri e lindje me Sijarin\u00ebn, n\u00eb jug me Sfirc\u00ebn dhe n\u00eb per\u00ebndim me Borocin.<\/p>\n\n\n\n<p>Rreth 70 kilometra nga Prishtina e fshehur mes maleve t\u00eb Gollakut, nj\u00eb banj\u00eb sh\u00ebruese ka b\u00ebr\u00eb q\u00eb t\u00eb kthehet v\u00ebmendja drejt k\u00ebsaj qyteze. E futur thell\u00eb n\u00eb ngushtic\u00eb, e rrethuar me vegjetacion t\u00eb bujsh\u00ebm, me klim\u00eb t\u00eb p\u00ebrshtatshme, Banja e Siarin\u00ebs ka 18 burime t\u00eb ujit mineral me p\u00ebrb\u00ebrje t\u00eb ndryshme fiziko-kimike dhe temperatur\u00eb nga 32-72 grad\u00eb celsius, shkruan Meteoballkan, <strong><em>shk\u00ebputur nga libri Medvegja n\u00ebp\u00ebr shekuj i atorit Rrahman Hyseni.<\/em><\/strong><\/p>\n\n\n\n<figure class=\"wp-block-gallery has-nested-images columns-default is-cropped wp-block-gallery-17 is-layout-flex wp-block-gallery-is-layout-flex\">\n<figure class=\"wp-block-image size-large has-filter-vintage\"><img loading=\"lazy\" decoding=\"async\" width=\"1024\" height=\"576\" data-id=\"3401\" src=\"https:\/\/medvegjasot.com\/wp-content\/uploads\/2024\/11\/IMG_8905-1024x576.jpeg\" alt=\"\" class=\"wp-image-3401\" srcset=\"https:\/\/medvegjasot.com\/wp-content\/uploads\/2024\/11\/IMG_8905-1024x576.jpeg 1024w, https:\/\/medvegjasot.com\/wp-content\/uploads\/2024\/11\/IMG_8905-300x169.jpeg 300w, https:\/\/medvegjasot.com\/wp-content\/uploads\/2024\/11\/IMG_8905-768x432.jpeg 768w, https:\/\/medvegjasot.com\/wp-content\/uploads\/2024\/11\/IMG_8905-1536x864.jpeg 1536w, https:\/\/medvegjasot.com\/wp-content\/uploads\/2024\/11\/IMG_8905-2048x1152.jpeg 2048w\" sizes=\"(max-width: 1024px) 100vw, 1024px\" \/><figcaption class=\"wp-element-caption\"><strong><em>Banj\u00eb e Siarin\u00ebs<\/em><\/strong><\/figcaption><\/figure>\n\n\n\n<figure class=\"wp-block-image size-large has-filter-vintage\"><img loading=\"lazy\" decoding=\"async\" width=\"1024\" height=\"768\" data-id=\"3406\" src=\"https:\/\/medvegjasot.com\/wp-content\/uploads\/2024\/11\/IMG_8921-1024x768.jpeg\" alt=\"\" class=\"wp-image-3406\" srcset=\"https:\/\/medvegjasot.com\/wp-content\/uploads\/2024\/11\/IMG_8921-1024x768.jpeg 1024w, https:\/\/medvegjasot.com\/wp-content\/uploads\/2024\/11\/IMG_8921-300x225.jpeg 300w, https:\/\/medvegjasot.com\/wp-content\/uploads\/2024\/11\/IMG_8921-768x576.jpeg 768w, https:\/\/medvegjasot.com\/wp-content\/uploads\/2024\/11\/IMG_8921-1536x1152.jpeg 1536w, https:\/\/medvegjasot.com\/wp-content\/uploads\/2024\/11\/IMG_8921.jpeg 2000w\" sizes=\"(max-width: 1024px) 100vw, 1024px\" \/><figcaption class=\"wp-element-caption\"><strong><em>Banj\u00eb e Siarin\u00ebs<\/em><\/strong><\/figcaption><\/figure>\n<\/figure>\n\n\n\n<p><br>Atraksion dhe bukuri t\u00eb rrall\u00eb natyrore paraqesin gejzer\u00ebt me uj\u00eb t\u00eb nxeht\u00eb, t\u00eb ve\u00e7ant\u00eb n\u00eb Evrop\u00eb, shtylla e ujit t\u00eb t\u00eb cilit arrin\u00eb lart\u00ebsin\u00eb 8m, pran\u00eb t\u00eb cilit ndodhet kompleksi i nd\u00ebrtuar i pishinave dhe fontanave. Sh\u00ebrimi i s\u00ebmundjeve b\u00ebhet n\u00eb Entin e specializuar p\u00ebr rehabilitim \u201dBanja e Siarin\u00ebs\u201d, pran\u00eb hotelit,\u201dGejzer\u201d. Kjo Banj\u00eb \u00ebsht\u00eb e vetmja q\u00eb posedon gejzerin natyror pas Zeland\u00ebs s\u00eb Re.<\/p>\n\n\n\n<p>Kur shikon peizazhin e bukur t\u00eb Banj\u00ebs s\u00eb Siarin\u00ebs t\u00eb duket sikur piktor\u00ebt nga e gjith\u00eb bota kan\u00eb shkrir\u00eb talentin e tyre mbi t\u00eb. Ka mjaftuar nj\u00eb shp\u00ebrthim uji shum\u00eb vite m\u00eb par\u00eb q\u00eb ky vend t\u00eb shnd\u00ebrrohet n\u00eb burim sh\u00ebrimi p\u00ebr shum\u00eb s\u00ebmundje, <strong><em>shk\u00ebputur nga libri Medvegja n\u00ebp\u00ebr shekuj i atorit Rrahman Hyseni.<\/em><\/strong><\/p>\n\n\n\n<figure class=\"wp-block-embed is-type-video is-provider-youtube wp-block-embed-youtube wp-embed-aspect-16-9 wp-has-aspect-ratio\"><div class=\"wp-block-embed__wrapper\">\n<iframe  id=\"_ytid_78296\"  width=\"640\" height=\"360\"  data-origwidth=\"640\" data-origheight=\"360\" src=\"https:\/\/www.youtube.com\/embed\/pRZlL4UYkCQ?enablejsapi=1&#038;autoplay=0&#038;cc_load_policy=0&#038;cc_lang_pref=&#038;iv_load_policy=1&#038;loop=0&#038;rel=1&#038;fs=1&#038;playsinline=0&#038;autohide=2&#038;theme=dark&#038;color=red&#038;controls=1&#038;\" class=\"__youtube_prefs__  epyt-is-override  no-lazyload\" title=\"YouTube player\"  allow=\"fullscreen; accelerometer; autoplay; clipboard-write; encrypted-media; gyroscope; picture-in-picture; web-share\" referrerpolicy=\"strict-origin-when-cross-origin\" allowfullscreen data-no-lazy=\"1\" data-skipgform_ajax_framebjll=\"\"><\/iframe>\n<\/div><\/figure>\n\n\n\n<p><strong><em>DOKUMENTAR i realizuar nga MS, n\u00eb Banj\u00eb t\u00eb Siarin\u00ebs<\/em><\/strong><\/p>\n\n\n\n<p>Banja e Siarin\u00ebs ashtu si\u00e7 ua shtoi begatin\u00eb banor\u00ebve shqiptar\u00eb t\u00eb k\u00ebsaj ane nj\u00ebher\u00ebsh ajo u b\u00eb edhe synim i pushtuesve serb\u00eb t\u00eb cil\u00ebt lakmonin natyr\u00ebn e bukur dhe begatit\u00eb tjera q\u00eb mbante n\u00eb vete toka e k\u00ebtij vendi. Mir\u00ebpo, ashtu si\u00e7 u bo nj\u00eb nd\u00ebr shkaqet e largimit t\u00eb shqiptar\u00ebve nga ky vend, Banja e Siarin\u00ebs ia del q\u00eb s\u00eb paku gjat\u00eb ver\u00ebs t\u00eb rikthej aty pjes\u00ebn m\u00eb t\u00eb madhe t\u00eb tyre, <strong><em>shk\u00ebputur nga libri Medvegja n\u00ebp\u00ebr shekuj i atorit Rrahman Hyseni.<\/em><\/strong><\/p>\n\n\n\n<figure class=\"wp-block-gallery has-nested-images columns-default is-cropped wp-block-gallery-18 is-layout-flex wp-block-gallery-is-layout-flex\">\n<figure class=\"wp-block-image size-large has-filter-vintage\"><img loading=\"lazy\" decoding=\"async\" width=\"1024\" height=\"576\" data-id=\"4759\" src=\"https:\/\/medvegjasot.com\/wp-content\/uploads\/2025\/04\/IMG_5777-1024x576.jpeg\" alt=\"\" class=\"wp-image-4759\" srcset=\"https:\/\/medvegjasot.com\/wp-content\/uploads\/2025\/04\/IMG_5777-1024x576.jpeg 1024w, https:\/\/medvegjasot.com\/wp-content\/uploads\/2025\/04\/IMG_5777-300x169.jpeg 300w, https:\/\/medvegjasot.com\/wp-content\/uploads\/2025\/04\/IMG_5777-768x432.jpeg 768w, https:\/\/medvegjasot.com\/wp-content\/uploads\/2025\/04\/IMG_5777.jpeg 1500w\" sizes=\"(max-width: 1024px) 100vw, 1024px\" \/><figcaption class=\"wp-element-caption\"><em>Banj\u00eb e Siarin\u00ebs &#8211;<strong>Lagjja Rekalit<\/strong><\/em><\/figcaption><\/figure>\n\n\n\n<figure class=\"wp-block-image size-large has-filter-vintage\"><img loading=\"lazy\" decoding=\"async\" width=\"1024\" height=\"576\" data-id=\"4760\" src=\"https:\/\/medvegjasot.com\/wp-content\/uploads\/2025\/04\/IMG_5778-1024x576.jpeg\" alt=\"\" class=\"wp-image-4760\" srcset=\"https:\/\/medvegjasot.com\/wp-content\/uploads\/2025\/04\/IMG_5778-1024x576.jpeg 1024w, https:\/\/medvegjasot.com\/wp-content\/uploads\/2025\/04\/IMG_5778-300x169.jpeg 300w, https:\/\/medvegjasot.com\/wp-content\/uploads\/2025\/04\/IMG_5778-768x432.jpeg 768w, https:\/\/medvegjasot.com\/wp-content\/uploads\/2025\/04\/IMG_5778-1536x864.jpeg 1536w, https:\/\/medvegjasot.com\/wp-content\/uploads\/2025\/04\/IMG_5778.jpeg 2048w\" sizes=\"(max-width: 1024px) 100vw, 1024px\" \/><figcaption class=\"wp-element-caption\"><em>Vllas &#8211; <strong>Lagjja Ibrahimi<\/strong><\/em><\/figcaption><\/figure>\n<\/figure>\n\n\n\n<p><\/p>\n\n\n\n<figure class=\"wp-block-gallery has-nested-images columns-default is-cropped wp-block-gallery-19 is-layout-flex wp-block-gallery-is-layout-flex\">\n<figure class=\"wp-block-image size-large has-filter-vintage\"><img loading=\"lazy\" decoding=\"async\" width=\"1024\" height=\"576\" data-id=\"4762\" src=\"https:\/\/medvegjasot.com\/wp-content\/uploads\/2025\/04\/IMG_5779-1024x576.jpeg\" alt=\"\" class=\"wp-image-4762\" srcset=\"https:\/\/medvegjasot.com\/wp-content\/uploads\/2025\/04\/IMG_5779-1024x576.jpeg 1024w, https:\/\/medvegjasot.com\/wp-content\/uploads\/2025\/04\/IMG_5779-300x169.jpeg 300w, https:\/\/medvegjasot.com\/wp-content\/uploads\/2025\/04\/IMG_5779-768x432.jpeg 768w, https:\/\/medvegjasot.com\/wp-content\/uploads\/2025\/04\/IMG_5779-1536x864.jpeg 1536w, https:\/\/medvegjasot.com\/wp-content\/uploads\/2025\/04\/IMG_5779.jpeg 2048w\" sizes=\"(max-width: 1024px) 100vw, 1024px\" \/><\/figure>\n\n\n\n<figure class=\"wp-block-image size-large has-filter-vintage\"><img loading=\"lazy\" decoding=\"async\" width=\"1024\" height=\"575\" data-id=\"4761\" src=\"https:\/\/medvegjasot.com\/wp-content\/uploads\/2025\/04\/IMG_5780-1024x575.jpeg\" alt=\"\" class=\"wp-image-4761\" srcset=\"https:\/\/medvegjasot.com\/wp-content\/uploads\/2025\/04\/IMG_5780-1024x575.jpeg 1024w, https:\/\/medvegjasot.com\/wp-content\/uploads\/2025\/04\/IMG_5780-300x168.jpeg 300w, https:\/\/medvegjasot.com\/wp-content\/uploads\/2025\/04\/IMG_5780-768x431.jpeg 768w, https:\/\/medvegjasot.com\/wp-content\/uploads\/2025\/04\/IMG_5780-1536x863.jpeg 1536w, https:\/\/medvegjasot.com\/wp-content\/uploads\/2025\/04\/IMG_5780.jpeg 2048w\" sizes=\"(max-width: 1024px) 100vw, 1024px\" \/><\/figure>\n<\/figure>\n\n\n\n<p><strong>Fshati Ramabaj\u00eb: Fotografia -1. Zyra e vendit. Fotografi &#8211; 2. Sht\u00ebpia e Sh\u00ebndetit<\/strong><em><strong>. <\/strong><\/em><br>Kjo zyre e vendit dhe sht\u00ebpia e sh\u00ebndetit, mbulon fshatin G\u00ebrbac, Ramabaj\u00eb dhe Banj\u00ebn e Vjet\u00ebr, sot fatkeq\u00ebsisht jan\u00eb t\u00eb mbyllura.&nbsp;<br><\/p>\n\n\n\n<figure class=\"wp-block-gallery has-nested-images columns-default is-cropped wp-block-gallery-20 is-layout-flex wp-block-gallery-is-layout-flex\">\n<figure class=\"wp-block-image size-large has-filter-vintage\"><img loading=\"lazy\" decoding=\"async\" width=\"1024\" height=\"573\" data-id=\"4764\" src=\"https:\/\/medvegjasot.com\/wp-content\/uploads\/2025\/04\/IMG_5781-1024x573.jpeg\" alt=\"\" class=\"wp-image-4764\" srcset=\"https:\/\/medvegjasot.com\/wp-content\/uploads\/2025\/04\/IMG_5781-1024x573.jpeg 1024w, https:\/\/medvegjasot.com\/wp-content\/uploads\/2025\/04\/IMG_5781-300x168.jpeg 300w, https:\/\/medvegjasot.com\/wp-content\/uploads\/2025\/04\/IMG_5781-768x430.jpeg 768w, https:\/\/medvegjasot.com\/wp-content\/uploads\/2025\/04\/IMG_5781.jpeg 1179w\" sizes=\"(max-width: 1024px) 100vw, 1024px\" \/><figcaption class=\"wp-element-caption\"><strong><em>Tyrbja n\u00eb Medvegj\u00eb<\/em><\/strong><\/figcaption><\/figure>\n\n\n\n<figure class=\"wp-block-image size-large has-filter-vintage\"><img loading=\"lazy\" decoding=\"async\" width=\"960\" height=\"540\" data-id=\"4763\" src=\"https:\/\/medvegjasot.com\/wp-content\/uploads\/2025\/04\/IMG_5782.jpeg\" alt=\"\" class=\"wp-image-4763\" srcset=\"https:\/\/medvegjasot.com\/wp-content\/uploads\/2025\/04\/IMG_5782.jpeg 960w, https:\/\/medvegjasot.com\/wp-content\/uploads\/2025\/04\/IMG_5782-300x169.jpeg 300w, https:\/\/medvegjasot.com\/wp-content\/uploads\/2025\/04\/IMG_5782-768x432.jpeg 768w\" sizes=\"(max-width: 960px) 100vw, 960px\" \/><figcaption class=\"wp-element-caption\"><strong><em>Pazari &#8211; Tregu n\u00eb Banj\u00eb t\u00eb Siarin\u00ebs<\/em><\/strong><\/figcaption><\/figure>\n<\/figure>\n\n\n\n<p><br><\/p>\n\n\n\n<figure class=\"wp-block-gallery has-nested-images columns-default is-cropped wp-block-gallery-21 is-layout-flex wp-block-gallery-is-layout-flex\">\n<figure class=\"wp-block-image size-large has-filter-vintage\"><img loading=\"lazy\" decoding=\"async\" width=\"1024\" height=\"576\" data-id=\"4765\" src=\"https:\/\/medvegjasot.com\/wp-content\/uploads\/2025\/04\/IMG_5783-1024x576.jpeg\" alt=\"\" class=\"wp-image-4765\" srcset=\"https:\/\/medvegjasot.com\/wp-content\/uploads\/2025\/04\/IMG_5783-1024x576.jpeg 1024w, https:\/\/medvegjasot.com\/wp-content\/uploads\/2025\/04\/IMG_5783-300x169.jpeg 300w, https:\/\/medvegjasot.com\/wp-content\/uploads\/2025\/04\/IMG_5783-768x432.jpeg 768w, https:\/\/medvegjasot.com\/wp-content\/uploads\/2025\/04\/IMG_5783-1536x864.jpeg 1536w, https:\/\/medvegjasot.com\/wp-content\/uploads\/2025\/04\/IMG_5783.jpeg 2048w\" sizes=\"(max-width: 1024px) 100vw, 1024px\" \/><figcaption class=\"wp-element-caption\"><strong><em>Villas &#8211; M\u00ebsuesi i popullit Bafti Krasniqi<\/em><\/strong><\/figcaption><\/figure>\n\n\n\n<figure class=\"wp-block-image size-large has-filter-vintage\"><img loading=\"lazy\" decoding=\"async\" width=\"1024\" height=\"576\" data-id=\"4766\" src=\"https:\/\/medvegjasot.com\/wp-content\/uploads\/2025\/04\/IMG_5784-1024x576.jpeg\" alt=\"\" class=\"wp-image-4766\" srcset=\"https:\/\/medvegjasot.com\/wp-content\/uploads\/2025\/04\/IMG_5784-1024x576.jpeg 1024w, https:\/\/medvegjasot.com\/wp-content\/uploads\/2025\/04\/IMG_5784-300x169.jpeg 300w, https:\/\/medvegjasot.com\/wp-content\/uploads\/2025\/04\/IMG_5784-768x432.jpeg 768w, https:\/\/medvegjasot.com\/wp-content\/uploads\/2025\/04\/IMG_5784.jpeg 1500w\" sizes=\"(max-width: 1024px) 100vw, 1024px\" \/><figcaption class=\"wp-element-caption\"><strong><em>Banj\u00eb e Siarin\u00ebs &#8211; Zenel Hajdini &#8211; Hero i Kombit<\/em><\/strong><\/figcaption><\/figure>\n<\/figure>\n\n\n\n<p><br>Bafti Krasnqi m\u00ebsues q\u00eb kaloi rrug\u00ebn, shteroi dijen dhe kultur\u00ebn n\u00eb gjuh\u00ebn shqipe, filloi t\u00eb thej\u00eb at\u00eb q\u00eb p\u00ebr shum\u00eb k\u00eb ishte e pamundur, e paguxishme dhe e parealizueshme. Krenaria e tij ,d\u00ebshira dhe zem\u00ebrd\u00eblir\u00ebsia e b\u00ebjn\u00eb q\u00eb t\u00eb rroj\u00eb gjithmon\u00eb n\u00eb mendjen dhe n\u00eb zemrat tona. T\u00eb flitet e t\u00eb kujtohet puna e tij m\u00eb e ndritshme n\u00eb Komun\u00ebn e Medvegj\u00ebs \u00ebsht\u00eb m\u00eb shum\u00eb se nder, m\u00eb shum\u00eb se respekt. Rron e nga t\u00eb tjer\u00ebt dallon. Fliste p\u00ebr Naimin, Fisht\u00ebn, edhe at\u00ebher\u00eb kur mund t\u00eb d\u00ebnonoheshe edhe me v\u00ebrejtjet m\u00eb t\u00eb m\u00ebdha.<\/p>\n\n\n\n<p>Barti shkronjat shqipe pa iu p\u00ebrfillur planprogramit, sepse ishte i bindur se k\u00ebt\u00eb gj\u00eb e meriton populli i tij dhe k\u00ebt\u00eb ia ka borxh. Ishte i betuar n\u00eb Flamurin Komb\u00ebtar, n\u00eb shkronjat dhe n\u00eb gjuh\u00ebn shqipe. Sa her\u00eb ia shtronin rrug\u00ebn me gjemba, sa her\u00eb u barrikadua trupi i tij i shkurt\u00ebr, ishte i t\u00ebri vet\u00ebm zem\u00ebr shqiptari. Kaloi por s\u2019u rr\u00ebzua. Asnj\u00ebher\u00eb nuk u gjunj\u00ebzua.<\/p>\n\n\n\n<figure class=\"wp-block-gallery has-nested-images columns-default is-cropped wp-block-gallery-22 is-layout-flex wp-block-gallery-is-layout-flex\">\n<figure class=\"wp-block-image size-large has-filter-vintage\"><img loading=\"lazy\" decoding=\"async\" width=\"1024\" height=\"576\" data-id=\"3076\" src=\"https:\/\/medvegjasot.com\/wp-content\/uploads\/2024\/10\/photo-output-9-1024x576.jpeg\" alt=\"\" class=\"wp-image-3076\" srcset=\"https:\/\/medvegjasot.com\/wp-content\/uploads\/2024\/10\/photo-output-9-1024x576.jpeg 1024w, https:\/\/medvegjasot.com\/wp-content\/uploads\/2024\/10\/photo-output-9-300x169.jpeg 300w, https:\/\/medvegjasot.com\/wp-content\/uploads\/2024\/10\/photo-output-9-768x432.jpeg 768w, https:\/\/medvegjasot.com\/wp-content\/uploads\/2024\/10\/photo-output-9.jpeg 1366w\" sizes=\"(max-width: 1024px) 100vw, 1024px\" \/><\/figure>\n<\/figure>\n\n\n\n<p>Ky m\u00ebsues q\u00eb sot po kujtohet e admirohet \u00ebsht\u00eb vet\u00eb krenaria jon\u00eb. Krenohemi me t\u00eb q\u00eb rron dhe do t\u00eb rroj\u00eb sa vet\u00eb historia, kuptohet qart\u00eb q\u00eb pa gjuh\u00eb e pa kultur\u00eb jeta \u00ebsht\u00eb terr i zi. \u201d Kush hesht s\u2019ka nder, e un\u00eb s\u2019 mund t\u00eb hesht, dua t\u00eb flas shqip, t\u00eb jetoj shqip, t\u00eb vdes shqip\u201d\u2026 (Bafti Krasniqi)Ndihmoi rrug\u00ebt m\u00eb t\u00eb v\u00ebshtira p\u00ebr t\u00eb filluar misionin- \u201cT\u00eb shkruhet e t\u00eb lexohet shqip\u201d; mori rrug\u00ebn e mbiemrave, q\u00eb t \u2018u hiqet prapashtesa \u201cvi\u00e7\u201d, sepse ishe i bindur se kjo ishte padrejt\u00ebsi. E donte flamurin kuq e zi t\u00eb valoj\u00eb n\u00eb \u00e7do cep dhe sht\u00ebpi shqiptari. Ia kurdisnin mij\u00ebra kurtha, se kinse ky po b\u00ebn tregti me flamuj dhe e quajt\u00ebn madje edhe \u201cTregtar flamujsh\u201d dhe kjo duhet d\u00ebnuar sipas famkeq\u00ebve. Ai donte ta mbulonte komun\u00ebn, shkollat me flamurin e Ismail Qemalit e t\u00eb Sk\u00ebnderbeut. Ai donte q\u00eb shkollat ta ken\u00eb abetaren shqipe, p\u00ebr \u00e7ka u d\u00ebnua dhe prap\u00eb s\u2019u dor\u00ebzua. Ai nuk p\u00ebrfillte or\u00ebn m\u00ebsimore, por m\u00ebsonte p\u00ebr jet\u00ebn naimane, p\u00ebr virtytet e kombit shqiptar, p\u00ebr plisin e bardh\u00eb. K\u00ebto e b\u00ebnin q\u00eb t\u00eb ket\u00eb n\u00eb mb\u00ebshtetje gjithmon\u00eb popullat\u00ebn shqiptare t\u00eb k\u00ebsaj ane.<br><br><\/p>\n\n\n\n<p>Nuk guxojm\u00eb t\u2019i ikim pun\u00ebs s\u00eb n\u00ebnave, gjysheve e t\u00eb gjysh\u00ebrve dhe baballarve tan\u00eb, sepse na m\u00ebsuan q\u00eb vet\u00ebm si shqiptar\u00eb duhet jetuar dhe vdekur. Kjo e mbajti gjall\u00eb dashurin\u00eb aq t\u00eb madhe dhe asnj\u00ebher\u00eb s\u2019 u martuan as nuk jetuan si joshqiptar\u00eb. Kjo \u00ebsht\u00eb merita m\u00eb e madhe e t\u00eb par\u00ebve tan\u00eb. Kjo sot \u00ebsht\u00eb krenaria jon\u00eb. M\u00ebsuesi q\u00eb do t\u00eb rroj\u00eb sa vet\u00eb historia, me emrin Bafti e mbiemri i tij, nga Ismajli, n\u00eb em\u00ebr t\u00eb fisit t\u00eb tij, Krasniqi . Nj\u00eb hap i tij i guximsh\u00ebm dhe i dijsh\u0117m tregon qart\u00eb se ai jet\u00ebn ia kishte fal\u00eb gjuh\u00ebs e kultur\u00ebs shqipe . I lindur n\u00eb nj\u00eb fshat me emrin G\u00ebrbac, i rrethuar me kodrina e male, q\u00eb kufizohet me fshatrat e Komun\u00ebs s\u00eb Kamenic\u00ebs, ku dhe mbaroi shkollimin, pra n\u00eb Hogosht. Vet\u00ebm disa kilometra ishte shkolla n\u00eb G\u00ebrbac, ku ai filloi t\u00eb m\u00ebsoj\u00eb shqip. I lindur m\u00eb 1937<br>Adoloshent, q\u00eb n\u00eb mosh\u00ebn 17-vje\u00e7are, n\u00eb koh\u00ebn q\u00eb sapo kishte mbaruar semimatrur\u00ebn, shkruajti historin\u00eb e familjes. Donte t\u00eb dinte se ku ndodheshin t\u00eb gjith\u00eb njer\u00ebzit e gjakut t\u00eb vet.<br>Nga shtatori i vitit 1954 e deri m\u00eb 1983,kur edhe nd\u00ebrroi jet\u00eb, kishte gjurmuar dhe mbajtur sh\u00ebnime.<\/p>\n\n\n\n<p>Ishte i pari q\u00eb zhvilloi m\u00ebsimin n\u00eb gjuh\u00ebn shqipe n\u00eb k\u00ebt\u00eb trev\u00eb edhe at\u00eb pa e pyetur ask\u00eb. Gjith\u00eb planprogramin e siguronte nga Hogoshti. I pari e hapi n\u00eb gjuh\u00ebn shqipe klas\u00ebn e pest\u00eb n\u00eb Banj\u00eb t\u00eb Sijarin\u00ebs, pastaj klas\u00ebn e par\u00eb n\u00eb shqip n\u00eb Medvegj\u00eb dhe pason me hapjen e klas\u00ebs s\u00eb pest\u00eb n\u00eb shqip n\u00eb Medvegj\u00eb. Punoi me gjith\u00eb shpirt p\u00ebr arsimimin e popullat\u00ebs medvegjase. P\u00ebr meritat q\u00eb jan\u00eb t\u00eb pa fund, populli e quan \u201cM\u00ebsuesi i popullit\u201d.<br>Nga dor\u00ebshkrimet q\u00eb ka l\u00ebn\u00eb, m\u00ebsojm\u00eb se jan\u00eb t\u00eb shumta ato q\u00eb ka p\u00ebrjetuar arsimimi i shqiptar\u00ebve n\u00eb Komun\u00ebn e Medvegj\u00ebs n\u00eb vitet 1954-1983, shk\u00ebputur nga libri Shqiptar\u00ebt e Medvegj\u00ebs n\u00ebp\u00ebr shekuj me autor <strong>Rrahman Hyseni.<\/strong><\/p>\n\n\n\n<figure class=\"wp-block-gallery has-nested-images columns-default is-cropped wp-block-gallery-23 is-layout-flex wp-block-gallery-is-layout-flex\">\n<figure class=\"wp-block-image size-large has-filter-vintage\"><img loading=\"lazy\" decoding=\"async\" width=\"1024\" height=\"576\" data-id=\"4768\" src=\"https:\/\/medvegjasot.com\/wp-content\/uploads\/2025\/04\/IMG_5771-1024x576.jpeg\" alt=\"\" class=\"wp-image-4768\" srcset=\"https:\/\/medvegjasot.com\/wp-content\/uploads\/2025\/04\/IMG_5771-1024x576.jpeg 1024w, https:\/\/medvegjasot.com\/wp-content\/uploads\/2025\/04\/IMG_5771-300x169.jpeg 300w, https:\/\/medvegjasot.com\/wp-content\/uploads\/2025\/04\/IMG_5771-768x432.jpeg 768w, https:\/\/medvegjasot.com\/wp-content\/uploads\/2025\/04\/IMG_5771-1536x864.jpeg 1536w, https:\/\/medvegjasot.com\/wp-content\/uploads\/2025\/04\/IMG_5771-2048x1152.jpeg 2048w\" sizes=\"(max-width: 1024px) 100vw, 1024px\" \/><figcaption class=\"wp-element-caption\"><strong><em>Sfirca dhe Siarina &#8211; Lagjja RAMA<\/em><\/strong><\/figcaption><\/figure>\n\n\n\n<figure class=\"wp-block-image size-large has-filter-vintage\"><img loading=\"lazy\" decoding=\"async\" width=\"1024\" height=\"576\" data-id=\"4767\" src=\"https:\/\/medvegjasot.com\/wp-content\/uploads\/2025\/04\/IMG_5772-1024x576.jpeg\" alt=\"\" class=\"wp-image-4767\" srcset=\"https:\/\/medvegjasot.com\/wp-content\/uploads\/2025\/04\/IMG_5772-1024x576.jpeg 1024w, https:\/\/medvegjasot.com\/wp-content\/uploads\/2025\/04\/IMG_5772-300x169.jpeg 300w, https:\/\/medvegjasot.com\/wp-content\/uploads\/2025\/04\/IMG_5772-768x432.jpeg 768w, https:\/\/medvegjasot.com\/wp-content\/uploads\/2025\/04\/IMG_5772-1536x864.jpeg 1536w, https:\/\/medvegjasot.com\/wp-content\/uploads\/2025\/04\/IMG_5772-2048x1152.jpeg 2048w\" sizes=\"(max-width: 1024px) 100vw, 1024px\" \/><\/figure>\n<\/figure>\n\n\n\n<p><\/p>\n\n\n\n<figure class=\"wp-block-image\"><img decoding=\"async\" src=\"https:\/\/medvegjasot.com\/wp-content\/uploads\/2024\/08\/webgif1.gif\" alt=\"\"\/><\/figure>\n\n\n\n<p><a href=\"http:\/\/www.swiss-om.com\/index-sq.html\" target=\"_blank\" rel=\"noreferrer noopener\"><\/a><strong>Kostumet shqiptare n\u00eb krahin\u00ebn e Medvegj\u00ebs! <\/strong><\/p>\n\n\n\n<figure class=\"wp-block-image has-filter-vintage\"><img decoding=\"async\" src=\"https:\/\/medvegjasot.com\/wp-content\/uploads\/2024\/09\/IMG_6737-scaled.jpeg\" alt=\"\"\/><figcaption class=\"wp-element-caption\"><strong><em>Naile Hajvazi <\/em><\/strong><\/figcaption><\/figure>\n\n\n\n<p>Veshja popullore, q\u00eb sot p\u00eblqehet t\u00eb quhet komb\u00ebtare, autoktone paraqet lasht\u00ebsin\u00eb e nj\u00eb treve dhe pasqyron historin\u00eb e saj t\u00eb kahmotshme. Pasqyrimi i trash\u00ebgimis\u00eb kulturore me traditat e saj, prezantojn\u00eb trev\u00ebn dhe ekzistenc\u00ebn e saj.<\/p>\n\n\n\n<figure class=\"wp-block-image has-filter-vintage\"><img loading=\"lazy\" decoding=\"async\" width=\"1024\" height=\"865\" src=\"https:\/\/medvegjasot.com\/wp-content\/uploads\/2024\/08\/IMG_4199-1024x865.jpeg\" alt=\"\" class=\"wp-image-2200\" srcset=\"https:\/\/medvegjasot.com\/wp-content\/uploads\/2024\/08\/IMG_4199-1024x865.jpeg 1024w, https:\/\/medvegjasot.com\/wp-content\/uploads\/2024\/08\/IMG_4199-300x253.jpeg 300w, https:\/\/medvegjasot.com\/wp-content\/uploads\/2024\/08\/IMG_4199-768x649.jpeg 768w, https:\/\/medvegjasot.com\/wp-content\/uploads\/2024\/08\/IMG_4199.jpeg 1179w\" sizes=\"(max-width: 1024px) 100vw, 1024px\" \/><\/figure>\n\n\n\n<p><br>Nga begatia e veshjeve popullore t\u00eb nj\u00eb treve n\u00eb p\u00ebrgjith\u00ebsi, t\u00eb spikas se vajzat shqiptare t\u00eb komun\u00ebs s\u00eb Medvegj\u00ebs mbanin shami e k\u00ebmish\u00eb t\u00eb bardh\u00eb dhe \u00e7orape t\u00eb bardha, kurse dimrit edhe mitanin me ngjyr\u00eb t\u00eb zez\u00eb. Nuset dhe grat\u00eb e reja bartnin shami me lule, dimi me lara, k\u00ebmish\u00eb t\u00eb q\u00ebndisur ose t\u00eb bardh\u00eb, xhemper t\u00eb kuq dhe \u00e7orap\u00eb me rrema.<br><\/p>\n\n\n\n<figure class=\"wp-block-image has-filter-vintage\"><img loading=\"lazy\" decoding=\"async\" width=\"650\" height=\"1024\" src=\"https:\/\/medvegjasot.com\/wp-content\/uploads\/2024\/08\/IMG_4752-650x1024.jpeg\" alt=\"\" class=\"wp-image-2312\" srcset=\"https:\/\/medvegjasot.com\/wp-content\/uploads\/2024\/08\/IMG_4752-650x1024.jpeg 650w, https:\/\/medvegjasot.com\/wp-content\/uploads\/2024\/08\/IMG_4752-190x300.jpeg 190w, https:\/\/medvegjasot.com\/wp-content\/uploads\/2024\/08\/IMG_4752-768x1210.jpeg 768w, https:\/\/medvegjasot.com\/wp-content\/uploads\/2024\/08\/IMG_4752-975x1536.jpeg 975w, https:\/\/medvegjasot.com\/wp-content\/uploads\/2024\/08\/IMG_4752.jpeg 1300w\" sizes=\"(max-width: 650px) 100vw, 650px\" \/><figcaption class=\"wp-element-caption\"><em><strong>Rrezona Hajvazi<\/strong><\/em><\/figcaption><\/figure>\n\n\n\n<p>Grat\u00eb e moshuara bartnin shami xhyveze (t\u00eb purpurt\u00eb), k\u00ebmish\u00eb t\u00eb bardh\u00eb, kurse dimrit xhemper\u00ebt dhe \u00e7orapet me ngjyr\u00eb t\u00eb zez\u00eb.<br>Kjo veshje u \u00e7mua shum\u00eb nga HANI pasi i kishe vizituar fshatrat e Medvegj\u00ebs, pik\u00ebrisht fshatin Dediq dhe ai ka shkruar se:<\/p>\n\n\n\n<figure class=\"wp-block-image has-filter-vintage\"><img loading=\"lazy\" decoding=\"async\" width=\"1024\" height=\"683\" src=\"https:\/\/medvegjasot.com\/wp-content\/uploads\/2024\/09\/IMG_6257-1024x683.jpeg\" alt=\"\" class=\"wp-image-2845\" srcset=\"https:\/\/medvegjasot.com\/wp-content\/uploads\/2024\/09\/IMG_6257-1024x683.jpeg 1024w, https:\/\/medvegjasot.com\/wp-content\/uploads\/2024\/09\/IMG_6257-300x200.jpeg 300w, https:\/\/medvegjasot.com\/wp-content\/uploads\/2024\/09\/IMG_6257-768x512.jpeg 768w, https:\/\/medvegjasot.com\/wp-content\/uploads\/2024\/09\/IMG_6257-1536x1024.jpeg 1536w, https:\/\/medvegjasot.com\/wp-content\/uploads\/2024\/09\/IMG_6257-2048x1365.jpeg 2048w, https:\/\/medvegjasot.com\/wp-content\/uploads\/2024\/09\/IMG_6257-600x400.jpeg 600w\" sizes=\"(max-width: 1024px) 100vw, 1024px\" \/><figcaption class=\"wp-element-caption\"><strong><em>Naile Hajvazi<\/em><\/strong><\/figcaption><\/figure>\n\n\n\n<p><br>\u201cTe asnj\u00eb popull tjet\u00ebr nuk shprehet n\u00eb veshje ngjyra e bardh\u00eb dhe ajo e zez\u00eb si te shqiptar\u00ebt. Ngjyra e bardh\u00eb te veshja e shqiptar\u00ebve shprehte past\u00ebrtin\u00eb, shk\u00eblqimin, autoritetin shpirt\u00ebror dhe \u00e7dogj\u00ebje tjet\u00ebr q\u00eb simbolizon veti pozitive.&nbsp;<\/p>\n\n\n\n<figure class=\"wp-block-image has-filter-vintage\"><img loading=\"lazy\" decoding=\"async\" width=\"1024\" height=\"576\" src=\"https:\/\/medvegjasot.com\/wp-content\/uploads\/2024\/08\/IMG_4749-1024x576.jpeg\" alt=\"\" class=\"wp-image-2304\" srcset=\"https:\/\/medvegjasot.com\/wp-content\/uploads\/2024\/08\/IMG_4749-1024x576.jpeg 1024w, https:\/\/medvegjasot.com\/wp-content\/uploads\/2024\/08\/IMG_4749-300x169.jpeg 300w, https:\/\/medvegjasot.com\/wp-content\/uploads\/2024\/08\/IMG_4749-768x432.jpeg 768w, https:\/\/medvegjasot.com\/wp-content\/uploads\/2024\/08\/IMG_4749-1536x864.jpeg 1536w, https:\/\/medvegjasot.com\/wp-content\/uploads\/2024\/08\/IMG_4749-2048x1152.jpeg 2048w\" sizes=\"(max-width: 1024px) 100vw, 1024px\" \/><figcaption class=\"wp-element-caption\"><strong><em>Rrezona Hajvazi<\/em><\/strong><\/figcaption><\/figure>\n\n\n\n<p>P\u00ebrmes ngjyr\u00ebs s\u00eb zez\u00eb tregohej e kund\u00ebrta. K\u00ebto treva shqiptare duke qen\u00eb m\u00eb par\u00eb t\u00eb pandara, kishin marr\u00ebdh\u00ebnie reciproke n\u00eb shum\u00eb pik\u00ebpamje me trevat tjera shqiptare, e sidomos tipare t\u00eb p\u00ebrbashk\u00ebta kishin me trev\u00ebn e Llapit e Gallapit.&nbsp;<\/p>\n\n\n\n<figure class=\"wp-block-image has-filter-vintage\"><img loading=\"lazy\" decoding=\"async\" width=\"1024\" height=\"683\" src=\"https:\/\/medvegjasot.com\/wp-content\/uploads\/2024\/09\/IMG_6261-1024x683.jpeg\" alt=\"\" class=\"wp-image-2849\" srcset=\"https:\/\/medvegjasot.com\/wp-content\/uploads\/2024\/09\/IMG_6261-1024x683.jpeg 1024w, https:\/\/medvegjasot.com\/wp-content\/uploads\/2024\/09\/IMG_6261-300x200.jpeg 300w, https:\/\/medvegjasot.com\/wp-content\/uploads\/2024\/09\/IMG_6261-768x512.jpeg 768w, https:\/\/medvegjasot.com\/wp-content\/uploads\/2024\/09\/IMG_6261-1536x1024.jpeg 1536w, https:\/\/medvegjasot.com\/wp-content\/uploads\/2024\/09\/IMG_6261-2048x1365.jpeg 2048w, https:\/\/medvegjasot.com\/wp-content\/uploads\/2024\/09\/IMG_6261-600x400.jpeg 600w\" sizes=\"(max-width: 1024px) 100vw, 1024px\" \/><figcaption class=\"wp-element-caption\"><strong><em>Naile Hajvazi<\/em><\/strong><\/figcaption><\/figure>\n\n\n\n<p>Veshja e shqiptar\u00ebve t\u00eb Toplic\u00ebs kishte pak ndryshime me veshjen e shqiptar\u00ebve n\u00eb rrethin\u00ebn e Vranj\u00ebs. P\u00ebrpar\u00ebsja apo p\u00ebshtjellaku q\u00eb bartej mbi k\u00ebmisha-fustanella t\u00eb gjata q\u00eb punoheshin prej liri dhe dimi q\u00eb punoheshin prej leshi, e m\u00eb von\u00eb dhe pambuku, lidhej p\u00ebr beli me nj\u00eb toj\u00eb (ushkur).&nbsp;<\/p>\n\n\n\n<figure class=\"wp-block-image has-filter-vintage\"><img loading=\"lazy\" decoding=\"async\" width=\"1024\" height=\"681\" src=\"https:\/\/medvegjasot.com\/wp-content\/uploads\/2024\/09\/IMG_6896-1024x681.jpeg\" alt=\"\" class=\"wp-image-2897\" srcset=\"https:\/\/medvegjasot.com\/wp-content\/uploads\/2024\/09\/IMG_6896-1024x681.jpeg 1024w, https:\/\/medvegjasot.com\/wp-content\/uploads\/2024\/09\/IMG_6896-300x200.jpeg 300w, https:\/\/medvegjasot.com\/wp-content\/uploads\/2024\/09\/IMG_6896-768x511.jpeg 768w, https:\/\/medvegjasot.com\/wp-content\/uploads\/2024\/09\/IMG_6896-1536x1021.jpeg 1536w, https:\/\/medvegjasot.com\/wp-content\/uploads\/2024\/09\/IMG_6896-2048x1362.jpeg 2048w, https:\/\/medvegjasot.com\/wp-content\/uploads\/2024\/09\/IMG_6896-820x545.jpeg 820w, https:\/\/medvegjasot.com\/wp-content\/uploads\/2024\/09\/IMG_6896-600x400.jpeg 600w\" sizes=\"(max-width: 1024px) 100vw, 1024px\" \/><figcaption class=\"wp-element-caption\"><strong><em>Naile dhe Rrezona Hajvazi<\/em><\/strong><\/figcaption><\/figure>\n\n\n\n<p>\u00cbsht\u00eb me r\u00ebnd\u00ebsi t\u00eb dihet se dimit\u00eb prej pambuku n\u00eb fshatrat shqiptare t\u00eb k\u00ebsaj ane kan\u00eb hyr\u00eb n\u00eb p\u00ebrdorim diku kah fillimi i shekullit XX\u201d.<\/p>\n\n\n\n<figure class=\"wp-block-image\"><img loading=\"lazy\" decoding=\"async\" width=\"1024\" height=\"681\" src=\"https:\/\/medvegjasot.com\/wp-content\/uploads\/2024\/09\/IMG_6270-1024x681.jpeg\" alt=\"\" class=\"wp-image-2852\" srcset=\"https:\/\/medvegjasot.com\/wp-content\/uploads\/2024\/09\/IMG_6270-1024x681.jpeg 1024w, https:\/\/medvegjasot.com\/wp-content\/uploads\/2024\/09\/IMG_6270-300x200.jpeg 300w, https:\/\/medvegjasot.com\/wp-content\/uploads\/2024\/09\/IMG_6270-768x511.jpeg 768w, https:\/\/medvegjasot.com\/wp-content\/uploads\/2024\/09\/IMG_6270-1536x1021.jpeg 1536w, https:\/\/medvegjasot.com\/wp-content\/uploads\/2024\/09\/IMG_6270-2048x1361.jpeg 2048w, https:\/\/medvegjasot.com\/wp-content\/uploads\/2024\/09\/IMG_6270-820x545.jpeg 820w, https:\/\/medvegjasot.com\/wp-content\/uploads\/2024\/09\/IMG_6270-600x400.jpeg 600w\" sizes=\"(max-width: 1024px) 100vw, 1024px\" \/><figcaption class=\"wp-element-caption\"><strong><em>Rrezona Hajvazi <\/em><\/strong><\/figcaption><\/figure>\n\n\n\n<p><br>Veshja e vajz\u00ebs, q\u00eb shkonte nuse, ishte e ve\u00e7ant\u00eb. T\u00eb gjitha k\u00ebto veshje krijonin pamje-imazhe magjeps\u00ebse.&nbsp;<\/p>\n\n\n\n<figure class=\"wp-block-image has-filter-vintage\"><img loading=\"lazy\" decoding=\"async\" width=\"576\" height=\"1024\" src=\"https:\/\/medvegjasot.com\/wp-content\/uploads\/2024\/09\/photo-output-36-576x1024.jpeg\" alt=\"\" class=\"wp-image-2930\" srcset=\"https:\/\/medvegjasot.com\/wp-content\/uploads\/2024\/09\/photo-output-36-576x1024.jpeg 576w, https:\/\/medvegjasot.com\/wp-content\/uploads\/2024\/09\/photo-output-36-169x300.jpeg 169w, https:\/\/medvegjasot.com\/wp-content\/uploads\/2024\/09\/photo-output-36-768x1365.jpeg 768w, https:\/\/medvegjasot.com\/wp-content\/uploads\/2024\/09\/photo-output-36-864x1536.jpeg 864w, https:\/\/medvegjasot.com\/wp-content\/uploads\/2024\/09\/photo-output-36-1152x2048.jpeg 1152w, https:\/\/medvegjasot.com\/wp-content\/uploads\/2024\/09\/photo-output-36-scaled.jpeg 1440w\" sizes=\"(max-width: 576px) 100vw, 576px\" \/><figcaption class=\"wp-element-caption\"><strong><em>Florentina Rama<\/em><\/strong><\/figcaption><\/figure>\n\n\n\n<p>Ato ishin punuar p\u00ebr vite e shekuj, nd\u00ebrsa karakteristik\u00eb e ve\u00e7ant\u00eb dalluese ishte punimi i dor\u00ebs me p\u00ebrpik\u00ebri, pastaj m\u00ebnyra e prerje-qepjes, si dhe dizajnimi me stil t\u00eb ve\u00e7ant\u00eb.<\/p>\n\n\n\n<figure class=\"wp-block-image has-filter-vintage\"><img loading=\"lazy\" decoding=\"async\" width=\"1024\" height=\"659\" src=\"https:\/\/medvegjasot.com\/wp-content\/uploads\/2024\/09\/IMG_6252-1024x659.jpeg\" alt=\"\" class=\"wp-image-2853\" srcset=\"https:\/\/medvegjasot.com\/wp-content\/uploads\/2024\/09\/IMG_6252-1024x659.jpeg 1024w, https:\/\/medvegjasot.com\/wp-content\/uploads\/2024\/09\/IMG_6252-300x193.jpeg 300w, https:\/\/medvegjasot.com\/wp-content\/uploads\/2024\/09\/IMG_6252-768x494.jpeg 768w, https:\/\/medvegjasot.com\/wp-content\/uploads\/2024\/09\/IMG_6252-1536x989.jpeg 1536w, https:\/\/medvegjasot.com\/wp-content\/uploads\/2024\/09\/IMG_6252.jpeg 2048w\" sizes=\"(max-width: 1024px) 100vw, 1024px\" \/><\/figure>\n\n\n\n<p><br>Bojniku n\u00eb fshatin Gjylekresht\u00eb t\u00eb Medvegj\u00ebs dhe kufizohet n\u00eb veri \u2013 per\u00ebndim me komun\u00ebn e Bojnikut, n\u00eb veri-lindje me komun\u00ebn e Leban\u00ebs.<br>Madje, nj\u00eb familje e madhe shqiptare deri m\u00eb 1927 kishte jetuar n\u00eb Bojnik dhe ishte larguar nga Bojniku e ishte vendosur n\u00eb lagjen Bojniku n\u00eb Gjylekresht\u00eb\u201d.<\/p>\n\n\n\n<figure class=\"wp-block-image has-filter-vintage\"><img loading=\"lazy\" decoding=\"async\" width=\"960\" height=\"601\" src=\"https:\/\/medvegjasot.com\/wp-content\/uploads\/2024\/09\/IMG_6733.jpeg\" alt=\"\" class=\"wp-image-2854\" srcset=\"https:\/\/medvegjasot.com\/wp-content\/uploads\/2024\/09\/IMG_6733.jpeg 960w, https:\/\/medvegjasot.com\/wp-content\/uploads\/2024\/09\/IMG_6733-300x188.jpeg 300w, https:\/\/medvegjasot.com\/wp-content\/uploads\/2024\/09\/IMG_6733-768x481.jpeg 768w, https:\/\/medvegjasot.com\/wp-content\/uploads\/2024\/09\/IMG_6733-150x95.jpeg 150w, https:\/\/medvegjasot.com\/wp-content\/uploads\/2024\/09\/IMG_6733-400x250.jpeg 400w\" sizes=\"(max-width: 960px) 100vw, 960px\" \/><figcaption class=\"wp-element-caption\"><strong><em>Medvegj\u00eb<\/em><\/strong><\/figcaption><\/figure>\n\n\n\n<p><br>Veshja shqiptare ishte ruajtur me nj\u00eb xhelozi t\u00eb madhe, sidomos n\u00eb fshatra. Kjo komun\u00eb ka nj\u00eb territor prej 524 km 2.<br>Medvegja p\u00ebrb\u00ebhet nga 44 vendbanime, dy prej t\u00eb cilave jane vendbanime urbane si : Medvegja dhe Banja e Sijarin\u00ebs.<\/p>\n\n\n\n<figure class=\"wp-block-image has-filter-vintage\"><img loading=\"lazy\" decoding=\"async\" width=\"682\" height=\"1024\" src=\"https:\/\/medvegjasot.com\/wp-content\/uploads\/2024\/09\/IMG_6040-682x1024.jpeg\" alt=\"\" class=\"wp-image-2857\" srcset=\"https:\/\/medvegjasot.com\/wp-content\/uploads\/2024\/09\/IMG_6040-682x1024.jpeg 682w, https:\/\/medvegjasot.com\/wp-content\/uploads\/2024\/09\/IMG_6040-200x300.jpeg 200w, https:\/\/medvegjasot.com\/wp-content\/uploads\/2024\/09\/IMG_6040-768x1154.jpeg 768w, https:\/\/medvegjasot.com\/wp-content\/uploads\/2024\/09\/IMG_6040-1022x1536.jpeg 1022w, https:\/\/medvegjasot.com\/wp-content\/uploads\/2024\/09\/IMG_6040-1363x2048.jpeg 1363w, https:\/\/medvegjasot.com\/wp-content\/uploads\/2024\/09\/IMG_6040.jpeg 1704w\" sizes=\"(max-width: 682px) 100vw, 682px\" \/><\/figure>\n\n\n\n<p><br>Zakonet martesore:<br>Dit\u00ebn e par\u00eb, vajza q\u00eb shkonte nuse, kur b\u00ebhej me vaj, vishte dimi, p\u00ebrpar\u00ebse e anteri (triko) t\u00eb zeza, \u00e7orapes lulekuqe dhe shami boj\u00ebgjake. Dit\u00ebn e dyt\u00eb vishte dimi dhe shami xhyveze, \u00e7orape me harqe, p\u00ebrpar\u00ebse me kerqe vertikalisht, k\u00ebmish\u00eb me rruaza, shok\u00eb me rruaza, kushak me penez\u00eb, jelek me gajtan, shami boj\u00ebgjake me nj\u00eb tuf\u00eb t\u00eb v\u00ebn\u00eb p\u00ebrmbi. Dit\u00ebn e fundit ka veshur dimi lahori, \u00e7orape t\u00eb bardha, peshqir me penez\u00eb, p\u00ebrpar\u00ebse me vija t\u00eb verdha, kapu\u00e7 me rruaza dhe me para, nj\u00eb lir\u00eb n\u00eb ball\u00eb, kat\u00ebr bistek\u00eb i l\u00ebshonin p\u00ebr shpine dhe nga disa blej flok\u00ebsh e q\u00eb n\u00eb k\u00ebto treva quheshin shive, i l\u00ebshonin p\u00ebr faqe. Vellon e v\u00ebn\u00eb p\u00ebr kryq me tri lule n\u00eb maje. K\u00ebsaj renditjeje, sidomos te veshja e vajz\u00ebs, q\u00eb shkonte nuse, i jan\u00eb p\u00ebrmbajtur n\u00eb m\u00ebnyr\u00eb shum\u00eb rigoroze. Me nj\u00eb rigorozitet, edhe Bafti Krasniqi n\u00eb dor\u00ebshkrimet q\u00eb la pas vetes, e p\u00ebrshkruan shum\u00eb me sakt\u00ebsi k\u00ebt\u00eb vler\u00eb komb\u00ebtare.<\/p>\n\n\n\n<figure class=\"wp-block-image has-filter-vintage\"><img loading=\"lazy\" decoding=\"async\" width=\"1024\" height=\"682\" src=\"https:\/\/medvegjasot.com\/wp-content\/uploads\/2024\/09\/IMG_6732-1024x682.jpeg\" alt=\"\" class=\"wp-image-2860\" srcset=\"https:\/\/medvegjasot.com\/wp-content\/uploads\/2024\/09\/IMG_6732-1024x682.jpeg 1024w, https:\/\/medvegjasot.com\/wp-content\/uploads\/2024\/09\/IMG_6732-300x200.jpeg 300w, https:\/\/medvegjasot.com\/wp-content\/uploads\/2024\/09\/IMG_6732-768x512.jpeg 768w, https:\/\/medvegjasot.com\/wp-content\/uploads\/2024\/09\/IMG_6732-1536x1023.jpeg 1536w, https:\/\/medvegjasot.com\/wp-content\/uploads\/2024\/09\/IMG_6732-820x545.jpeg 820w, https:\/\/medvegjasot.com\/wp-content\/uploads\/2024\/09\/IMG_6732-600x400.jpeg 600w, https:\/\/medvegjasot.com\/wp-content\/uploads\/2024\/09\/IMG_6732.jpeg 2048w\" sizes=\"(max-width: 1024px) 100vw, 1024px\" \/><figcaption class=\"wp-element-caption\"><strong><em>Hizer Beka <\/em><\/strong><\/figcaption><\/figure>\n\n\n\n<p><br>Te meshkujt, p\u00ebrkat\u00ebsisht n\u00eb veshjen e meshkujve, plisi i bardh\u00eb ishte pjes\u00eb kostumore dhe simbol i pamunguesh\u00ebm , i cili rroi dhe do t\u00eb rroj\u00eb edhe m\u00eb tutje.<br>Te veshja e burrave jan\u00eb disa karakteristika, si fjala vjen n\u00eb ato an\u00eb tirqit kishin ngjyr\u00eb kafeje me gajtan t\u00eb zi. Tipike,ajo q\u00eb ruhet m\u00eb s\u00eb miri, \u00ebsht\u00eb veshja e burrave n\u00eb Gjakov\u00eb sepse shum\u00eb banor\u00eb nga ato an\u00eb e bart\u00ebn k\u00ebt\u00eb veshje n\u00eb qytet.<\/p>\n\n\n\n<p>Kjo shihet te veshja e Qamilit t\u00eb Vog\u00ebl.<br>Mbiemri i v\u00ebrtet\u00eb i Qamilit t\u00eb Vog\u00ebl \u2013 Muhaxhiri del nga rrethanat tona t\u00eb njohura historike , nga se me rastin e shp\u00ebrnguljeve t\u00eb m\u00ebdha t\u00eb shqiptar\u00ebve nga fshatrat e rrethit t\u00eb Jabllanic\u00ebs , t\u00eb par\u00ebt e familjes s\u00eb tij, ishin t\u00eb ardhur n\u00eb Gjakov\u00eb nga fshati Stub\u00ebll i komun\u00ebs s\u00eb Medvegj\u00ebs . Andaj, si n\u00eb \u00e7do qytet tjet\u00ebr, ashtu edhe n\u00eb Gjakov\u00eb, t\u00eb gjith\u00eb ardhacak\u00ebt quheshin : \u201cMuhaxhir\u00eb\u201d !<br>Me r\u00ebnd\u00ebsi jan\u00eb edhe dekorimet te k\u00ebmishat dhe jelek\u00ebt e burrave.<\/p>\n\n\n\n<p>Pas ndarjes s\u00eb kufirit n\u00eb Kosov\u00eb, \u00ebsht\u00eb varf\u00ebruar tej mase edhe koloriti i veshjeve<br>N\u00eb fshatrat e Medvegj\u00ebs e kan\u00eb ruajtur koloritin e ngjyrave mjaft mir\u00eb dhe kjo \u00ebsht\u00eb bartur brez pas brezi.<br>Veshje t\u00eb ngjashme me ato t\u00eb burrave n\u00eb trevat e Medvegj\u00ebs, i kan\u00eb edhe Vushtrria, Llapi e Gallapi.<br>Prej shekullit XX jan\u00eb bartur te burrat qystek\u00ebt e or\u00ebs dhe \u00e7anta p\u00ebr or\u00eb xhepi.<br>Vlen t\u00eb p\u00ebrmendet gjithashtu \u201cQelibari\u201d \u2013 kuti e duhanit q\u00eb ishin karakteristika t\u00eb burrave me nam n\u00eb ato an\u00eb.<\/p>\n\n\n\n<p>T\u00eb gjitha k\u00ebto q\u00eb jan\u00eb cekur, ng\u00ebrthejn\u00eb n\u00eb vete nj\u00eb d\u00ebshmi argumentuese t\u00eb trash\u00ebgimis\u00eb kulturore q\u00eb kan\u00eb r\u00ebnd\u00ebsi t\u00eb madhe p\u00ebr historin\u00eb ton\u00eb komb\u00ebtare, zakonet, ekzistenc\u00ebn e shqiptar\u00ebve n\u00eb k\u00ebto treva.<br>Trash\u00ebgimia kulturore e mban t\u00eb gjall\u00eb nj\u00eb komb dhe p\u00ebrmes shkrimeve dhe fotove t\u00eb koh\u00ebve t\u00eb caktuara, prezanton evolimin e kultur\u00ebs n\u00eb trojet tona, p\u00ebrkat\u00ebsisht t\u00eb k\u00ebsaj ane.<br>Rruazat, syri i kalt\u00ebr, lidhen me mitologjin\u00eb, kinse mbrojtja nga \u201c syri i keq\u201d e gjithashtu disa nga k\u00ebto elemente i hasim edhe n\u00eb Mesjet\u00eb e edhe te lasht\u00ebsia jon\u00eb ilire, gj\u00eb q\u00eb e d\u00ebshmon lasht\u00ebsin\u00eb ton\u00eb si popull autokton.<br>Ornamentet e q\u00ebndisura n\u00eb veshje kan\u00eb lidhshm\u00ebri me objekte t\u00eb ndryshme, pastaj lidhen edhe me mitologjin\u00eb ton\u00eb komb\u00ebtare. Trash\u00ebgimia kulturore \u00ebsht\u00eb e lidhur ngusht edhe me trash\u00ebgimin\u00eb shpirtrore dhe q\u00eb t\u00eb dyjat bashk\u00eb na japin faktografi rreth origjin\u00ebs son\u00eb komb\u00ebtare, t\u00eb lasht\u00ebsis\u00eb son\u00eb.<br>Veshjet p\u00ebrmbajn\u00eb nj\u00eb art t\u00eb ve\u00e7ant\u00eb n\u00eb vete dhe me kolorit ngjyrash, na b\u00ebjn\u00eb t\u00eb ditur se mpreht\u00ebsia artistike ekzistonte qysh heret n\u00eb k\u00ebto treva, shk\u00ebputur nga libri Shqiptar\u00ebt e Medvegj\u00ebs n\u00ebp\u00ebr shekuj i autorit <strong>Rrahman Hyseni. <\/strong><\/p>\n\n\n\n<p><strong>SHKRIMI DHE FOTOGRAFIT JAN\u00cb, BOTUR N\u00cb LIBRIN E AUTORIT RRAHMAN HYSENI \u201c SHQIPTAR\u00cbT E MEDVEGJ\u00cbS N\u00cbP\u00cbR SHEKUJ\u201d&nbsp;Materiali i publikuara nuk mund t\u00eb kopjohen ose p\u00ebrdoren pa lejen paraprake nga autori Rrahman Hyseni.<\/strong><\/p>\n\n\n\n<p><br><\/p>\n\n\n\n<p><br><\/p>\n\n\n\n<p><\/p>\n","protected":false},"excerpt":{"rendered":"<p>T\u00eb gjitha k\u00ebto b\u00ebhen me p\u00eblqimin e banor\u00ebve dhe pronar\u00ebve t\u00eb tyre dhe realizohen, publikohen nga portali jon\u00eb MS, dhe i p\u00ebrmbahemi kodit etik: \u201cMediat e shkruara do t\u2019u shmangen nd\u00ebrhyrjeve dhe k\u00ebrkimeve n\u00eb jet\u00ebn private t\u00eb nj\u00eb individi, p\u00ebrve\u00e7 n\u00eb rastet kur nd\u00ebrhyrjet apo k\u00ebrkimet e tilla jan\u00eb t\u00eb nevojshme p\u00ebr arsye t\u00eb interesit&#8230;<\/p>\n","protected":false},"author":2,"featured_media":4605,"comment_status":"open","ping_status":"open","sticky":false,"template":"","format":"standard","meta":{"_coblocks_attr":"","_coblocks_dimensions":"","_coblocks_responsive_height":"","_coblocks_accordion_ie_support":"","_monsterinsights_skip_tracking":false,"_monsterinsights_sitenote_active":false,"_monsterinsights_sitenote_note":"","_monsterinsights_sitenote_category":0,"footnotes":""},"categories":[18],"tags":[],"class_list":["post-4604","post","type-post","status-publish","format-standard","has-post-thumbnail","hentry","category-kulture"],"yoast_head":"<!-- This site is optimized with the Yoast SEO plugin v27.5 - https:\/\/yoast.com\/product\/yoast-seo-wordpress\/ -->\n<title>Lagje, sht\u00ebpi, natyra, Legjenda, kultur\u00eb, rrug\u00eb, shkolla, dhe fshatrat shqiptare n\u00eb komun\u00ebn Medvegj\u00eb (FOTO, VIDEO)\u00a0 - Medvegja Sot<\/title>\n<meta name=\"robots\" content=\"index, follow, max-snippet:-1, max-image-preview:large, max-video-preview:-1\" \/>\n<link rel=\"canonical\" href=\"https:\/\/medvegjasot.com\/?p=4604\" \/>\n<meta property=\"og:locale\" content=\"en_US\" \/>\n<meta property=\"og:type\" content=\"article\" \/>\n<meta property=\"og:title\" content=\"Lagje, sht\u00ebpi, natyra, Legjenda, kultur\u00eb, rrug\u00eb, shkolla, dhe fshatrat shqiptare n\u00eb komun\u00ebn Medvegj\u00eb (FOTO, VIDEO)\u00a0 - Medvegja Sot\" \/>\n<meta property=\"og:description\" content=\"T\u00eb gjitha k\u00ebto b\u00ebhen me p\u00eblqimin e banor\u00ebve dhe pronar\u00ebve t\u00eb tyre dhe realizohen, publikohen nga portali jon\u00eb MS, dhe i p\u00ebrmbahemi kodit etik: \u201cMediat e shkruara do t\u2019u shmangen nd\u00ebrhyrjeve dhe k\u00ebrkimeve n\u00eb jet\u00ebn private t\u00eb nj\u00eb individi, p\u00ebrve\u00e7 n\u00eb rastet kur nd\u00ebrhyrjet apo k\u00ebrkimet e tilla jan\u00eb t\u00eb nevojshme p\u00ebr arsye t\u00eb interesit...\" \/>\n<meta property=\"og:url\" content=\"https:\/\/medvegjasot.com\/?p=4604\" \/>\n<meta property=\"og:site_name\" content=\"Medvegja Sot\" \/>\n<meta property=\"article:publisher\" content=\"https:\/\/www.facebook.com\/MedvegjaSot.com1\" \/>\n<meta property=\"article:published_time\" content=\"2025-04-03T12:20:00+00:00\" \/>\n<meta property=\"article:modified_time\" content=\"2025-04-25T20:32:16+00:00\" \/>\n<meta property=\"og:image\" content=\"https:\/\/medvegjasot.com\/wp-content\/uploads\/2025\/04\/photo-output-3.jpeg\" \/>\n\t<meta property=\"og:image:width\" content=\"2016\" \/>\n\t<meta property=\"og:image:height\" content=\"1134\" \/>\n\t<meta property=\"og:image:type\" content=\"image\/jpeg\" \/>\n<meta name=\"author\" content=\"admin\" \/>\n<meta name=\"twitter:card\" content=\"summary_large_image\" \/>\n<meta name=\"twitter:label1\" content=\"Written by\" \/>\n\t<meta name=\"twitter:data1\" content=\"admin\" \/>\n\t<meta name=\"twitter:label2\" content=\"Est. reading time\" \/>\n\t<meta name=\"twitter:data2\" content=\"31 minutes\" \/>\n<script type=\"application\/ld+json\" class=\"yoast-schema-graph\">{\"@context\":\"https:\\\/\\\/schema.org\",\"@graph\":[{\"@type\":\"Article\",\"@id\":\"https:\\\/\\\/medvegjasot.com\\\/?p=4604#article\",\"isPartOf\":{\"@id\":\"https:\\\/\\\/medvegjasot.com\\\/?p=4604\"},\"author\":{\"name\":\"admin\",\"@id\":\"https:\\\/\\\/medvegjasot.com\\\/#\\\/schema\\\/person\\\/f2be1a84f4e95d0cb032946a1cf2e594\"},\"headline\":\"Lagje, sht\u00ebpi, natyra, Legjenda, kultur\u00eb, rrug\u00eb, shkolla, dhe fshatrat shqiptare n\u00eb komun\u00ebn Medvegj\u00eb (FOTO, VIDEO)\u00a0\",\"datePublished\":\"2025-04-03T12:20:00+00:00\",\"dateModified\":\"2025-04-25T20:32:16+00:00\",\"mainEntityOfPage\":{\"@id\":\"https:\\\/\\\/medvegjasot.com\\\/?p=4604\"},\"wordCount\":5040,\"commentCount\":0,\"publisher\":{\"@id\":\"https:\\\/\\\/medvegjasot.com\\\/#organization\"},\"image\":{\"@id\":\"https:\\\/\\\/medvegjasot.com\\\/?p=4604#primaryimage\"},\"thumbnailUrl\":\"https:\\\/\\\/medvegjasot.com\\\/wp-content\\\/uploads\\\/2025\\\/04\\\/photo-output-3.jpeg\",\"articleSection\":[\"KULTUR\u00cb\"],\"inLanguage\":\"en-US\",\"potentialAction\":[{\"@type\":\"CommentAction\",\"name\":\"Comment\",\"target\":[\"https:\\\/\\\/medvegjasot.com\\\/?p=4604#respond\"]}]},{\"@type\":\"WebPage\",\"@id\":\"https:\\\/\\\/medvegjasot.com\\\/?p=4604\",\"url\":\"https:\\\/\\\/medvegjasot.com\\\/?p=4604\",\"name\":\"Lagje, sht\u00ebpi, natyra, Legjenda, kultur\u00eb, rrug\u00eb, shkolla, dhe fshatrat shqiptare n\u00eb komun\u00ebn Medvegj\u00eb (FOTO, VIDEO)\u00a0 - Medvegja Sot\",\"isPartOf\":{\"@id\":\"https:\\\/\\\/medvegjasot.com\\\/#website\"},\"primaryImageOfPage\":{\"@id\":\"https:\\\/\\\/medvegjasot.com\\\/?p=4604#primaryimage\"},\"image\":{\"@id\":\"https:\\\/\\\/medvegjasot.com\\\/?p=4604#primaryimage\"},\"thumbnailUrl\":\"https:\\\/\\\/medvegjasot.com\\\/wp-content\\\/uploads\\\/2025\\\/04\\\/photo-output-3.jpeg\",\"datePublished\":\"2025-04-03T12:20:00+00:00\",\"dateModified\":\"2025-04-25T20:32:16+00:00\",\"breadcrumb\":{\"@id\":\"https:\\\/\\\/medvegjasot.com\\\/?p=4604#breadcrumb\"},\"inLanguage\":\"en-US\",\"potentialAction\":[{\"@type\":\"ReadAction\",\"target\":[\"https:\\\/\\\/medvegjasot.com\\\/?p=4604\"]}]},{\"@type\":\"ImageObject\",\"inLanguage\":\"en-US\",\"@id\":\"https:\\\/\\\/medvegjasot.com\\\/?p=4604#primaryimage\",\"url\":\"https:\\\/\\\/medvegjasot.com\\\/wp-content\\\/uploads\\\/2025\\\/04\\\/photo-output-3.jpeg\",\"contentUrl\":\"https:\\\/\\\/medvegjasot.com\\\/wp-content\\\/uploads\\\/2025\\\/04\\\/photo-output-3.jpeg\",\"width\":2016,\"height\":1134},{\"@type\":\"BreadcrumbList\",\"@id\":\"https:\\\/\\\/medvegjasot.com\\\/?p=4604#breadcrumb\",\"itemListElement\":[{\"@type\":\"ListItem\",\"position\":1,\"name\":\"Home\",\"item\":\"https:\\\/\\\/medvegjasot.com\\\/\"},{\"@type\":\"ListItem\",\"position\":2,\"name\":\"Lagje, sht\u00ebpi, natyra, Legjenda, kultur\u00eb, rrug\u00eb, shkolla, dhe fshatrat shqiptare n\u00eb komun\u00ebn Medvegj\u00eb (FOTO, VIDEO)\u00a0\"}]},{\"@type\":\"WebSite\",\"@id\":\"https:\\\/\\\/medvegjasot.com\\\/#website\",\"url\":\"https:\\\/\\\/medvegjasot.com\\\/\",\"name\":\"Medvegja Sot\",\"description\":\"Portal Lajmesh\",\"publisher\":{\"@id\":\"https:\\\/\\\/medvegjasot.com\\\/#organization\"},\"alternateName\":\"MS\",\"potentialAction\":[{\"@type\":\"SearchAction\",\"target\":{\"@type\":\"EntryPoint\",\"urlTemplate\":\"https:\\\/\\\/medvegjasot.com\\\/?s={search_term_string}\"},\"query-input\":{\"@type\":\"PropertyValueSpecification\",\"valueRequired\":true,\"valueName\":\"search_term_string\"}}],\"inLanguage\":\"en-US\"},{\"@type\":\"Organization\",\"@id\":\"https:\\\/\\\/medvegjasot.com\\\/#organization\",\"name\":\"Medvegja Sot\",\"alternateName\":\"MS\",\"url\":\"https:\\\/\\\/medvegjasot.com\\\/\",\"logo\":{\"@type\":\"ImageObject\",\"inLanguage\":\"en-US\",\"@id\":\"https:\\\/\\\/medvegjasot.com\\\/#\\\/schema\\\/logo\\\/image\\\/\",\"url\":\"https:\\\/\\\/medvegjasot.com\\\/wp-content\\\/uploads\\\/2024\\\/08\\\/logo.png\",\"contentUrl\":\"https:\\\/\\\/medvegjasot.com\\\/wp-content\\\/uploads\\\/2024\\\/08\\\/logo.png\",\"width\":500,\"height\":500,\"caption\":\"Medvegja Sot\"},\"image\":{\"@id\":\"https:\\\/\\\/medvegjasot.com\\\/#\\\/schema\\\/logo\\\/image\\\/\"},\"sameAs\":[\"https:\\\/\\\/www.facebook.com\\\/MedvegjaSot.com1\"]},{\"@type\":\"Person\",\"@id\":\"https:\\\/\\\/medvegjasot.com\\\/#\\\/schema\\\/person\\\/f2be1a84f4e95d0cb032946a1cf2e594\",\"name\":\"admin\",\"image\":{\"@type\":\"ImageObject\",\"inLanguage\":\"en-US\",\"@id\":\"https:\\\/\\\/secure.gravatar.com\\\/avatar\\\/2eedc5259426225ddc6f98b4b6728c30418b83e6f70285719780d3518d972ece?s=96&d=mm&r=g\",\"url\":\"https:\\\/\\\/secure.gravatar.com\\\/avatar\\\/2eedc5259426225ddc6f98b4b6728c30418b83e6f70285719780d3518d972ece?s=96&d=mm&r=g\",\"contentUrl\":\"https:\\\/\\\/secure.gravatar.com\\\/avatar\\\/2eedc5259426225ddc6f98b4b6728c30418b83e6f70285719780d3518d972ece?s=96&d=mm&r=g\",\"caption\":\"admin\"},\"url\":\"https:\\\/\\\/medvegjasot.com\\\/?author=2\"}]}<\/script>\n<!-- \/ Yoast SEO plugin. -->","yoast_head_json":{"title":"Lagje, sht\u00ebpi, natyra, Legjenda, kultur\u00eb, rrug\u00eb, shkolla, dhe fshatrat shqiptare n\u00eb komun\u00ebn Medvegj\u00eb (FOTO, VIDEO)\u00a0 - Medvegja Sot","robots":{"index":"index","follow":"follow","max-snippet":"max-snippet:-1","max-image-preview":"max-image-preview:large","max-video-preview":"max-video-preview:-1"},"canonical":"https:\/\/medvegjasot.com\/?p=4604","og_locale":"en_US","og_type":"article","og_title":"Lagje, sht\u00ebpi, natyra, Legjenda, kultur\u00eb, rrug\u00eb, shkolla, dhe fshatrat shqiptare n\u00eb komun\u00ebn Medvegj\u00eb (FOTO, VIDEO)\u00a0 - Medvegja Sot","og_description":"T\u00eb gjitha k\u00ebto b\u00ebhen me p\u00eblqimin e banor\u00ebve dhe pronar\u00ebve t\u00eb tyre dhe realizohen, publikohen nga portali jon\u00eb MS, dhe i p\u00ebrmbahemi kodit etik: \u201cMediat e shkruara do t\u2019u shmangen nd\u00ebrhyrjeve dhe k\u00ebrkimeve n\u00eb jet\u00ebn private t\u00eb nj\u00eb individi, p\u00ebrve\u00e7 n\u00eb rastet kur nd\u00ebrhyrjet apo k\u00ebrkimet e tilla jan\u00eb t\u00eb nevojshme p\u00ebr arsye t\u00eb interesit...","og_url":"https:\/\/medvegjasot.com\/?p=4604","og_site_name":"Medvegja Sot","article_publisher":"https:\/\/www.facebook.com\/MedvegjaSot.com1","article_published_time":"2025-04-03T12:20:00+00:00","article_modified_time":"2025-04-25T20:32:16+00:00","og_image":[{"width":2016,"height":1134,"url":"https:\/\/medvegjasot.com\/wp-content\/uploads\/2025\/04\/photo-output-3.jpeg","type":"image\/jpeg"}],"author":"admin","twitter_card":"summary_large_image","twitter_misc":{"Written by":"admin","Est. reading time":"31 minutes"},"schema":{"@context":"https:\/\/schema.org","@graph":[{"@type":"Article","@id":"https:\/\/medvegjasot.com\/?p=4604#article","isPartOf":{"@id":"https:\/\/medvegjasot.com\/?p=4604"},"author":{"name":"admin","@id":"https:\/\/medvegjasot.com\/#\/schema\/person\/f2be1a84f4e95d0cb032946a1cf2e594"},"headline":"Lagje, sht\u00ebpi, natyra, Legjenda, kultur\u00eb, rrug\u00eb, shkolla, dhe fshatrat shqiptare n\u00eb komun\u00ebn Medvegj\u00eb (FOTO, VIDEO)\u00a0","datePublished":"2025-04-03T12:20:00+00:00","dateModified":"2025-04-25T20:32:16+00:00","mainEntityOfPage":{"@id":"https:\/\/medvegjasot.com\/?p=4604"},"wordCount":5040,"commentCount":0,"publisher":{"@id":"https:\/\/medvegjasot.com\/#organization"},"image":{"@id":"https:\/\/medvegjasot.com\/?p=4604#primaryimage"},"thumbnailUrl":"https:\/\/medvegjasot.com\/wp-content\/uploads\/2025\/04\/photo-output-3.jpeg","articleSection":["KULTUR\u00cb"],"inLanguage":"en-US","potentialAction":[{"@type":"CommentAction","name":"Comment","target":["https:\/\/medvegjasot.com\/?p=4604#respond"]}]},{"@type":"WebPage","@id":"https:\/\/medvegjasot.com\/?p=4604","url":"https:\/\/medvegjasot.com\/?p=4604","name":"Lagje, sht\u00ebpi, natyra, Legjenda, kultur\u00eb, rrug\u00eb, shkolla, dhe fshatrat shqiptare n\u00eb komun\u00ebn Medvegj\u00eb (FOTO, VIDEO)\u00a0 - Medvegja Sot","isPartOf":{"@id":"https:\/\/medvegjasot.com\/#website"},"primaryImageOfPage":{"@id":"https:\/\/medvegjasot.com\/?p=4604#primaryimage"},"image":{"@id":"https:\/\/medvegjasot.com\/?p=4604#primaryimage"},"thumbnailUrl":"https:\/\/medvegjasot.com\/wp-content\/uploads\/2025\/04\/photo-output-3.jpeg","datePublished":"2025-04-03T12:20:00+00:00","dateModified":"2025-04-25T20:32:16+00:00","breadcrumb":{"@id":"https:\/\/medvegjasot.com\/?p=4604#breadcrumb"},"inLanguage":"en-US","potentialAction":[{"@type":"ReadAction","target":["https:\/\/medvegjasot.com\/?p=4604"]}]},{"@type":"ImageObject","inLanguage":"en-US","@id":"https:\/\/medvegjasot.com\/?p=4604#primaryimage","url":"https:\/\/medvegjasot.com\/wp-content\/uploads\/2025\/04\/photo-output-3.jpeg","contentUrl":"https:\/\/medvegjasot.com\/wp-content\/uploads\/2025\/04\/photo-output-3.jpeg","width":2016,"height":1134},{"@type":"BreadcrumbList","@id":"https:\/\/medvegjasot.com\/?p=4604#breadcrumb","itemListElement":[{"@type":"ListItem","position":1,"name":"Home","item":"https:\/\/medvegjasot.com\/"},{"@type":"ListItem","position":2,"name":"Lagje, sht\u00ebpi, natyra, Legjenda, kultur\u00eb, rrug\u00eb, shkolla, dhe fshatrat shqiptare n\u00eb komun\u00ebn Medvegj\u00eb (FOTO, VIDEO)\u00a0"}]},{"@type":"WebSite","@id":"https:\/\/medvegjasot.com\/#website","url":"https:\/\/medvegjasot.com\/","name":"Medvegja Sot","description":"Portal Lajmesh","publisher":{"@id":"https:\/\/medvegjasot.com\/#organization"},"alternateName":"MS","potentialAction":[{"@type":"SearchAction","target":{"@type":"EntryPoint","urlTemplate":"https:\/\/medvegjasot.com\/?s={search_term_string}"},"query-input":{"@type":"PropertyValueSpecification","valueRequired":true,"valueName":"search_term_string"}}],"inLanguage":"en-US"},{"@type":"Organization","@id":"https:\/\/medvegjasot.com\/#organization","name":"Medvegja Sot","alternateName":"MS","url":"https:\/\/medvegjasot.com\/","logo":{"@type":"ImageObject","inLanguage":"en-US","@id":"https:\/\/medvegjasot.com\/#\/schema\/logo\/image\/","url":"https:\/\/medvegjasot.com\/wp-content\/uploads\/2024\/08\/logo.png","contentUrl":"https:\/\/medvegjasot.com\/wp-content\/uploads\/2024\/08\/logo.png","width":500,"height":500,"caption":"Medvegja Sot"},"image":{"@id":"https:\/\/medvegjasot.com\/#\/schema\/logo\/image\/"},"sameAs":["https:\/\/www.facebook.com\/MedvegjaSot.com1"]},{"@type":"Person","@id":"https:\/\/medvegjasot.com\/#\/schema\/person\/f2be1a84f4e95d0cb032946a1cf2e594","name":"admin","image":{"@type":"ImageObject","inLanguage":"en-US","@id":"https:\/\/secure.gravatar.com\/avatar\/2eedc5259426225ddc6f98b4b6728c30418b83e6f70285719780d3518d972ece?s=96&d=mm&r=g","url":"https:\/\/secure.gravatar.com\/avatar\/2eedc5259426225ddc6f98b4b6728c30418b83e6f70285719780d3518d972ece?s=96&d=mm&r=g","contentUrl":"https:\/\/secure.gravatar.com\/avatar\/2eedc5259426225ddc6f98b4b6728c30418b83e6f70285719780d3518d972ece?s=96&d=mm&r=g","caption":"admin"},"url":"https:\/\/medvegjasot.com\/?author=2"}]}},"jetpack_featured_media_url":"https:\/\/medvegjasot.com\/wp-content\/uploads\/2025\/04\/photo-output-3.jpeg","_links":{"self":[{"href":"https:\/\/medvegjasot.com\/index.php?rest_route=\/wp\/v2\/posts\/4604","targetHints":{"allow":["GET"]}}],"collection":[{"href":"https:\/\/medvegjasot.com\/index.php?rest_route=\/wp\/v2\/posts"}],"about":[{"href":"https:\/\/medvegjasot.com\/index.php?rest_route=\/wp\/v2\/types\/post"}],"author":[{"embeddable":true,"href":"https:\/\/medvegjasot.com\/index.php?rest_route=\/wp\/v2\/users\/2"}],"replies":[{"embeddable":true,"href":"https:\/\/medvegjasot.com\/index.php?rest_route=%2Fwp%2Fv2%2Fcomments&post=4604"}],"version-history":[{"count":48,"href":"https:\/\/medvegjasot.com\/index.php?rest_route=\/wp\/v2\/posts\/4604\/revisions"}],"predecessor-version":[{"id":4849,"href":"https:\/\/medvegjasot.com\/index.php?rest_route=\/wp\/v2\/posts\/4604\/revisions\/4849"}],"wp:featuredmedia":[{"embeddable":true,"href":"https:\/\/medvegjasot.com\/index.php?rest_route=\/wp\/v2\/media\/4605"}],"wp:attachment":[{"href":"https:\/\/medvegjasot.com\/index.php?rest_route=%2Fwp%2Fv2%2Fmedia&parent=4604"}],"wp:term":[{"taxonomy":"category","embeddable":true,"href":"https:\/\/medvegjasot.com\/index.php?rest_route=%2Fwp%2Fv2%2Fcategories&post=4604"},{"taxonomy":"post_tag","embeddable":true,"href":"https:\/\/medvegjasot.com\/index.php?rest_route=%2Fwp%2Fv2%2Ftags&post=4604"}],"curies":[{"name":"wp","href":"https:\/\/api.w.org\/{rel}","templated":true}]}}