{"id":4592,"date":"2025-04-02T19:30:47","date_gmt":"2025-04-02T19:30:47","guid":{"rendered":"https:\/\/medvegjasot.com\/?p=4592"},"modified":"2025-04-03T11:55:00","modified_gmt":"2025-04-03T11:55:00","slug":"ne-muajin-mars-kishte-dy-aktivitete-te-shoqates-humanitare-medvegja-me-seli-ne-zvicer","status":"publish","type":"post","link":"https:\/\/medvegjasot.com\/?p=4592","title":{"rendered":"N\u00eb muajin Mars kishte dy aktivitete t\u00eb shoqat\u00ebs humanitare Medvegja me seli n\u00eb Zvic\u00ebr"},"content":{"rendered":"\n<p><\/p>\n\n\n\n<p><strong>M\u00eb, 7 Mars, me rastin e dit\u00ebs s\u00eb m\u00ebsuesit n\u00eb ambientet e hotelit&#8221;Gejzer&#8221; u shtrua nj\u00eb dark\u00eb p\u00ebr t\u00eb gjith\u00eb t\u00eb pun\u00ebsuarit n\u00eb institucionet e arsimit shqip n\u00eb komun\u00eb t\u00eb Medvegj\u00ebs. Darka u shtrua n\u00eb koh\u00ebn e Iftarit, meq\u00eb p\u00ebrkonte me muajin e Ramazanit.<\/strong><\/p>\n\n\n\n<p><br>Prezent ishin pun\u00ebtor\u00ebt e institutit parashkollor\u00eb, t\u00eb tri shkollave fillore dhe t\u00eb shkoll\u00ebs s\u00eb mesme n\u00eb Medvegj\u00eb.Prezent ishte edhe an\u00ebtari i kryesis\u00eb s\u00eb shoqat\u00ebs Samir Neziri.<br>Darka kaloi n\u00eb nj\u00eb atmosfer\u00eb t\u00eb ngroht\u00eb dhe miq\u00ebsore!<\/p>\n\n\n\n<figure class=\"wp-block-image size-large\"><img fetchpriority=\"high\" decoding=\"async\" width=\"1024\" height=\"576\" src=\"https:\/\/medvegjasot.com\/wp-content\/uploads\/2025\/04\/photo-output-1-1024x576.jpeg\" alt=\"\" class=\"wp-image-4595\" srcset=\"https:\/\/medvegjasot.com\/wp-content\/uploads\/2025\/04\/photo-output-1-1024x576.jpeg 1024w, https:\/\/medvegjasot.com\/wp-content\/uploads\/2025\/04\/photo-output-1-300x169.jpeg 300w, https:\/\/medvegjasot.com\/wp-content\/uploads\/2025\/04\/photo-output-1-768x432.jpeg 768w, https:\/\/medvegjasot.com\/wp-content\/uploads\/2025\/04\/photo-output-1-1536x864.jpeg 1536w, https:\/\/medvegjasot.com\/wp-content\/uploads\/2025\/04\/photo-output-1.jpeg 2016w\" sizes=\"(max-width: 1024px) 100vw, 1024px\" \/><\/figure>\n\n\n\n<p><\/p>\n\n\n\n<p>M\u00eb, 28 Mars, n\u00eb dy salla t\u00eb hotelit &#8221; Gejzer&#8221;, u shtrua nj\u00eb Iftar p\u00ebr agj\u00ebruesit e komun\u00ebs s\u00eb Medvegj\u00ebs q\u00eb kishin mund\u00ebsi t\u00eb ishin prezent\u00eb.<br>Madh\u00ebshtia e k\u00ebtij Iftari ishte n\u00eb pjes\u00ebmarrjen e n\u00ebnave, motrave dhe grave t\u00eb Medvegj\u00ebs.<br>Iftari kaloi n\u00eb atmosfer\u00eb t\u00eb ngroht\u00eb dhe v\u00ebllaz\u00ebrore!<\/p>\n\n\n\n<figure class=\"wp-block-image size-large\"><img decoding=\"async\" width=\"1024\" height=\"576\" src=\"https:\/\/medvegjasot.com\/wp-content\/uploads\/2025\/04\/photo-output-2-1024x576.jpeg\" alt=\"\" class=\"wp-image-4596\" srcset=\"https:\/\/medvegjasot.com\/wp-content\/uploads\/2025\/04\/photo-output-2-1024x576.jpeg 1024w, https:\/\/medvegjasot.com\/wp-content\/uploads\/2025\/04\/photo-output-2-300x169.jpeg 300w, https:\/\/medvegjasot.com\/wp-content\/uploads\/2025\/04\/photo-output-2-768x432.jpeg 768w, https:\/\/medvegjasot.com\/wp-content\/uploads\/2025\/04\/photo-output-2-1536x864.jpeg 1536w, https:\/\/medvegjasot.com\/wp-content\/uploads\/2025\/04\/photo-output-2.jpeg 2016w\" sizes=\"(max-width: 1024px) 100vw, 1024px\" \/><\/figure>\n\n\n\n<p><\/p>\n\n\n\n<p>N\u00eb em\u00ebr t\u00eb komisionit humanitare dhe n\u00eb em\u00ebr t\u00eb bashk\u00ebvendas\u00ebve q\u00eb punojn\u00eb dhe frymojn\u00eb n\u00eb komun\u00ebn e Medvegj\u00ebs, falenderojm\u00eb kryesin\u00eb e shoqat\u00ebs&#8221; Medvegja&#8221;, me kryetarin e saj Zymer Hajrullahu dhe an\u00ebtar\u00ebsin\u00eb e gjer\u00eb p\u00ebr p\u00ebrkrahje, mb\u00ebshtetje morale dhe mb\u00ebshtetje materiale, tha n\u00eb fjal\u00ebn e tij para t\u00eb pranishm\u00ebve prof. <strong>Hamdi Halimi. <\/strong><\/p>\n","protected":false},"excerpt":{"rendered":"<p>M\u00eb, 7 Mars, me rastin e dit\u00ebs s\u00eb m\u00ebsuesit n\u00eb ambientet e hotelit&#8221;Gejzer&#8221; u shtrua nj\u00eb dark\u00eb p\u00ebr t\u00eb gjith\u00eb t\u00eb pun\u00ebsuarit n\u00eb institucionet e arsimit shqip n\u00eb komun\u00eb t\u00eb Medvegj\u00ebs. Darka u shtrua n\u00eb koh\u00ebn e Iftarit, meq\u00eb p\u00ebrkonte me muajin e Ramazanit. Prezent ishin pun\u00ebtor\u00ebt e institutit parashkollor\u00eb, t\u00eb tri shkollave fillore dhe&#8230;<\/p>\n","protected":false},"author":2,"featured_media":4593,"comment_status":"open","ping_status":"open","sticky":false,"template":"","format":"standard","meta":{"_coblocks_attr":"","_coblocks_dimensions":"","_coblocks_responsive_height":"","_coblocks_accordion_ie_support":"","_monsterinsights_skip_tracking":false,"_monsterinsights_sitenote_active":false,"_monsterinsights_sitenote_note":"","_monsterinsights_sitenote_category":0,"footnotes":""},"categories":[3],"tags":[],"class_list":["post-4592","post","type-post","status-publish","format-standard","has-post-thumbnail","hentry","category-kronika"],"yoast_head":"<!-- This site is optimized with the Yoast SEO plugin v27.5 - https:\/\/yoast.com\/product\/yoast-seo-wordpress\/ -->\n<title>N\u00eb muajin Mars kishte dy aktivitete t\u00eb shoqat\u00ebs humanitare Medvegja me seli n\u00eb Zvic\u00ebr - Medvegja Sot<\/title>\n<meta name=\"robots\" content=\"index, follow, max-snippet:-1, max-image-preview:large, max-video-preview:-1\" \/>\n<link rel=\"canonical\" href=\"https:\/\/medvegjasot.com\/?p=4592\" \/>\n<meta property=\"og:locale\" content=\"en_US\" \/>\n<meta property=\"og:type\" content=\"article\" \/>\n<meta property=\"og:title\" content=\"N\u00eb muajin Mars kishte dy aktivitete t\u00eb shoqat\u00ebs humanitare Medvegja me seli n\u00eb Zvic\u00ebr - Medvegja Sot\" \/>\n<meta property=\"og:description\" content=\"M\u00eb, 7 Mars, me rastin e dit\u00ebs s\u00eb m\u00ebsuesit n\u00eb ambientet e hotelit&#8221;Gejzer&#8221; u shtrua nj\u00eb dark\u00eb p\u00ebr t\u00eb gjith\u00eb t\u00eb pun\u00ebsuarit n\u00eb institucionet e arsimit shqip n\u00eb komun\u00eb t\u00eb Medvegj\u00ebs. Darka u shtrua n\u00eb koh\u00ebn e Iftarit, meq\u00eb p\u00ebrkonte me muajin e Ramazanit. Prezent ishin pun\u00ebtor\u00ebt e institutit parashkollor\u00eb, t\u00eb tri shkollave fillore dhe...\" \/>\n<meta property=\"og:url\" content=\"https:\/\/medvegjasot.com\/?p=4592\" \/>\n<meta property=\"og:site_name\" content=\"Medvegja Sot\" \/>\n<meta property=\"article:publisher\" content=\"https:\/\/www.facebook.com\/MedvegjaSot.com1\" \/>\n<meta property=\"article:published_time\" content=\"2025-04-02T19:30:47+00:00\" \/>\n<meta property=\"article:modified_time\" content=\"2025-04-03T11:55:00+00:00\" \/>\n<meta property=\"og:image\" content=\"https:\/\/medvegjasot.com\/wp-content\/uploads\/2025\/04\/photo-output.jpeg\" \/>\n\t<meta property=\"og:image:width\" content=\"2016\" \/>\n\t<meta property=\"og:image:height\" content=\"1134\" \/>\n\t<meta property=\"og:image:type\" content=\"image\/jpeg\" \/>\n<meta name=\"author\" content=\"admin\" \/>\n<meta name=\"twitter:card\" content=\"summary_large_image\" \/>\n<meta name=\"twitter:label1\" content=\"Written by\" \/>\n\t<meta name=\"twitter:data1\" content=\"admin\" \/>\n\t<meta name=\"twitter:label2\" content=\"Est. reading time\" \/>\n\t<meta name=\"twitter:data2\" content=\"2 minutes\" \/>\n<script type=\"application\/ld+json\" class=\"yoast-schema-graph\">{\"@context\":\"https:\\\/\\\/schema.org\",\"@graph\":[{\"@type\":\"Article\",\"@id\":\"https:\\\/\\\/medvegjasot.com\\\/?p=4592#article\",\"isPartOf\":{\"@id\":\"https:\\\/\\\/medvegjasot.com\\\/?p=4592\"},\"author\":{\"name\":\"admin\",\"@id\":\"https:\\\/\\\/medvegjasot.com\\\/#\\\/schema\\\/person\\\/f2be1a84f4e95d0cb032946a1cf2e594\"},\"headline\":\"N\u00eb muajin Mars kishte dy aktivitete t\u00eb shoqat\u00ebs humanitare Medvegja me seli n\u00eb Zvic\u00ebr\",\"datePublished\":\"2025-04-02T19:30:47+00:00\",\"dateModified\":\"2025-04-03T11:55:00+00:00\",\"mainEntityOfPage\":{\"@id\":\"https:\\\/\\\/medvegjasot.com\\\/?p=4592\"},\"wordCount\":233,\"commentCount\":0,\"publisher\":{\"@id\":\"https:\\\/\\\/medvegjasot.com\\\/#organization\"},\"image\":{\"@id\":\"https:\\\/\\\/medvegjasot.com\\\/?p=4592#primaryimage\"},\"thumbnailUrl\":\"https:\\\/\\\/medvegjasot.com\\\/wp-content\\\/uploads\\\/2025\\\/04\\\/photo-output.jpeg\",\"articleSection\":[\"KRONIKA\"],\"inLanguage\":\"en-US\",\"potentialAction\":[{\"@type\":\"CommentAction\",\"name\":\"Comment\",\"target\":[\"https:\\\/\\\/medvegjasot.com\\\/?p=4592#respond\"]}]},{\"@type\":\"WebPage\",\"@id\":\"https:\\\/\\\/medvegjasot.com\\\/?p=4592\",\"url\":\"https:\\\/\\\/medvegjasot.com\\\/?p=4592\",\"name\":\"N\u00eb muajin Mars kishte dy aktivitete t\u00eb shoqat\u00ebs humanitare Medvegja me seli n\u00eb Zvic\u00ebr - Medvegja Sot\",\"isPartOf\":{\"@id\":\"https:\\\/\\\/medvegjasot.com\\\/#website\"},\"primaryImageOfPage\":{\"@id\":\"https:\\\/\\\/medvegjasot.com\\\/?p=4592#primaryimage\"},\"image\":{\"@id\":\"https:\\\/\\\/medvegjasot.com\\\/?p=4592#primaryimage\"},\"thumbnailUrl\":\"https:\\\/\\\/medvegjasot.com\\\/wp-content\\\/uploads\\\/2025\\\/04\\\/photo-output.jpeg\",\"datePublished\":\"2025-04-02T19:30:47+00:00\",\"dateModified\":\"2025-04-03T11:55:00+00:00\",\"breadcrumb\":{\"@id\":\"https:\\\/\\\/medvegjasot.com\\\/?p=4592#breadcrumb\"},\"inLanguage\":\"en-US\",\"potentialAction\":[{\"@type\":\"ReadAction\",\"target\":[\"https:\\\/\\\/medvegjasot.com\\\/?p=4592\"]}]},{\"@type\":\"ImageObject\",\"inLanguage\":\"en-US\",\"@id\":\"https:\\\/\\\/medvegjasot.com\\\/?p=4592#primaryimage\",\"url\":\"https:\\\/\\\/medvegjasot.com\\\/wp-content\\\/uploads\\\/2025\\\/04\\\/photo-output.jpeg\",\"contentUrl\":\"https:\\\/\\\/medvegjasot.com\\\/wp-content\\\/uploads\\\/2025\\\/04\\\/photo-output.jpeg\",\"width\":2016,\"height\":1134},{\"@type\":\"BreadcrumbList\",\"@id\":\"https:\\\/\\\/medvegjasot.com\\\/?p=4592#breadcrumb\",\"itemListElement\":[{\"@type\":\"ListItem\",\"position\":1,\"name\":\"Home\",\"item\":\"https:\\\/\\\/medvegjasot.com\\\/\"},{\"@type\":\"ListItem\",\"position\":2,\"name\":\"N\u00eb muajin Mars kishte dy aktivitete t\u00eb shoqat\u00ebs humanitare Medvegja me seli n\u00eb Zvic\u00ebr\"}]},{\"@type\":\"WebSite\",\"@id\":\"https:\\\/\\\/medvegjasot.com\\\/#website\",\"url\":\"https:\\\/\\\/medvegjasot.com\\\/\",\"name\":\"Medvegja Sot\",\"description\":\"Portal Lajmesh\",\"publisher\":{\"@id\":\"https:\\\/\\\/medvegjasot.com\\\/#organization\"},\"alternateName\":\"MS\",\"potentialAction\":[{\"@type\":\"SearchAction\",\"target\":{\"@type\":\"EntryPoint\",\"urlTemplate\":\"https:\\\/\\\/medvegjasot.com\\\/?s={search_term_string}\"},\"query-input\":{\"@type\":\"PropertyValueSpecification\",\"valueRequired\":true,\"valueName\":\"search_term_string\"}}],\"inLanguage\":\"en-US\"},{\"@type\":\"Organization\",\"@id\":\"https:\\\/\\\/medvegjasot.com\\\/#organization\",\"name\":\"Medvegja Sot\",\"alternateName\":\"MS\",\"url\":\"https:\\\/\\\/medvegjasot.com\\\/\",\"logo\":{\"@type\":\"ImageObject\",\"inLanguage\":\"en-US\",\"@id\":\"https:\\\/\\\/medvegjasot.com\\\/#\\\/schema\\\/logo\\\/image\\\/\",\"url\":\"https:\\\/\\\/medvegjasot.com\\\/wp-content\\\/uploads\\\/2024\\\/08\\\/logo.png\",\"contentUrl\":\"https:\\\/\\\/medvegjasot.com\\\/wp-content\\\/uploads\\\/2024\\\/08\\\/logo.png\",\"width\":500,\"height\":500,\"caption\":\"Medvegja Sot\"},\"image\":{\"@id\":\"https:\\\/\\\/medvegjasot.com\\\/#\\\/schema\\\/logo\\\/image\\\/\"},\"sameAs\":[\"https:\\\/\\\/www.facebook.com\\\/MedvegjaSot.com1\"]},{\"@type\":\"Person\",\"@id\":\"https:\\\/\\\/medvegjasot.com\\\/#\\\/schema\\\/person\\\/f2be1a84f4e95d0cb032946a1cf2e594\",\"name\":\"admin\",\"image\":{\"@type\":\"ImageObject\",\"inLanguage\":\"en-US\",\"@id\":\"https:\\\/\\\/secure.gravatar.com\\\/avatar\\\/2eedc5259426225ddc6f98b4b6728c30418b83e6f70285719780d3518d972ece?s=96&d=mm&r=g\",\"url\":\"https:\\\/\\\/secure.gravatar.com\\\/avatar\\\/2eedc5259426225ddc6f98b4b6728c30418b83e6f70285719780d3518d972ece?s=96&d=mm&r=g\",\"contentUrl\":\"https:\\\/\\\/secure.gravatar.com\\\/avatar\\\/2eedc5259426225ddc6f98b4b6728c30418b83e6f70285719780d3518d972ece?s=96&d=mm&r=g\",\"caption\":\"admin\"},\"url\":\"https:\\\/\\\/medvegjasot.com\\\/?author=2\"}]}<\/script>\n<!-- \/ Yoast SEO plugin. -->","yoast_head_json":{"title":"N\u00eb muajin Mars kishte dy aktivitete t\u00eb shoqat\u00ebs humanitare Medvegja me seli n\u00eb Zvic\u00ebr - Medvegja Sot","robots":{"index":"index","follow":"follow","max-snippet":"max-snippet:-1","max-image-preview":"max-image-preview:large","max-video-preview":"max-video-preview:-1"},"canonical":"https:\/\/medvegjasot.com\/?p=4592","og_locale":"en_US","og_type":"article","og_title":"N\u00eb muajin Mars kishte dy aktivitete t\u00eb shoqat\u00ebs humanitare Medvegja me seli n\u00eb Zvic\u00ebr - Medvegja Sot","og_description":"M\u00eb, 7 Mars, me rastin e dit\u00ebs s\u00eb m\u00ebsuesit n\u00eb ambientet e hotelit&#8221;Gejzer&#8221; u shtrua nj\u00eb dark\u00eb p\u00ebr t\u00eb gjith\u00eb t\u00eb pun\u00ebsuarit n\u00eb institucionet e arsimit shqip n\u00eb komun\u00eb t\u00eb Medvegj\u00ebs. Darka u shtrua n\u00eb koh\u00ebn e Iftarit, meq\u00eb p\u00ebrkonte me muajin e Ramazanit. Prezent ishin pun\u00ebtor\u00ebt e institutit parashkollor\u00eb, t\u00eb tri shkollave fillore dhe...","og_url":"https:\/\/medvegjasot.com\/?p=4592","og_site_name":"Medvegja Sot","article_publisher":"https:\/\/www.facebook.com\/MedvegjaSot.com1","article_published_time":"2025-04-02T19:30:47+00:00","article_modified_time":"2025-04-03T11:55:00+00:00","og_image":[{"width":2016,"height":1134,"url":"https:\/\/medvegjasot.com\/wp-content\/uploads\/2025\/04\/photo-output.jpeg","type":"image\/jpeg"}],"author":"admin","twitter_card":"summary_large_image","twitter_misc":{"Written by":"admin","Est. reading time":"2 minutes"},"schema":{"@context":"https:\/\/schema.org","@graph":[{"@type":"Article","@id":"https:\/\/medvegjasot.com\/?p=4592#article","isPartOf":{"@id":"https:\/\/medvegjasot.com\/?p=4592"},"author":{"name":"admin","@id":"https:\/\/medvegjasot.com\/#\/schema\/person\/f2be1a84f4e95d0cb032946a1cf2e594"},"headline":"N\u00eb muajin Mars kishte dy aktivitete t\u00eb shoqat\u00ebs humanitare Medvegja me seli n\u00eb Zvic\u00ebr","datePublished":"2025-04-02T19:30:47+00:00","dateModified":"2025-04-03T11:55:00+00:00","mainEntityOfPage":{"@id":"https:\/\/medvegjasot.com\/?p=4592"},"wordCount":233,"commentCount":0,"publisher":{"@id":"https:\/\/medvegjasot.com\/#organization"},"image":{"@id":"https:\/\/medvegjasot.com\/?p=4592#primaryimage"},"thumbnailUrl":"https:\/\/medvegjasot.com\/wp-content\/uploads\/2025\/04\/photo-output.jpeg","articleSection":["KRONIKA"],"inLanguage":"en-US","potentialAction":[{"@type":"CommentAction","name":"Comment","target":["https:\/\/medvegjasot.com\/?p=4592#respond"]}]},{"@type":"WebPage","@id":"https:\/\/medvegjasot.com\/?p=4592","url":"https:\/\/medvegjasot.com\/?p=4592","name":"N\u00eb muajin Mars kishte dy aktivitete t\u00eb shoqat\u00ebs humanitare Medvegja me seli n\u00eb Zvic\u00ebr - Medvegja Sot","isPartOf":{"@id":"https:\/\/medvegjasot.com\/#website"},"primaryImageOfPage":{"@id":"https:\/\/medvegjasot.com\/?p=4592#primaryimage"},"image":{"@id":"https:\/\/medvegjasot.com\/?p=4592#primaryimage"},"thumbnailUrl":"https:\/\/medvegjasot.com\/wp-content\/uploads\/2025\/04\/photo-output.jpeg","datePublished":"2025-04-02T19:30:47+00:00","dateModified":"2025-04-03T11:55:00+00:00","breadcrumb":{"@id":"https:\/\/medvegjasot.com\/?p=4592#breadcrumb"},"inLanguage":"en-US","potentialAction":[{"@type":"ReadAction","target":["https:\/\/medvegjasot.com\/?p=4592"]}]},{"@type":"ImageObject","inLanguage":"en-US","@id":"https:\/\/medvegjasot.com\/?p=4592#primaryimage","url":"https:\/\/medvegjasot.com\/wp-content\/uploads\/2025\/04\/photo-output.jpeg","contentUrl":"https:\/\/medvegjasot.com\/wp-content\/uploads\/2025\/04\/photo-output.jpeg","width":2016,"height":1134},{"@type":"BreadcrumbList","@id":"https:\/\/medvegjasot.com\/?p=4592#breadcrumb","itemListElement":[{"@type":"ListItem","position":1,"name":"Home","item":"https:\/\/medvegjasot.com\/"},{"@type":"ListItem","position":2,"name":"N\u00eb muajin Mars kishte dy aktivitete t\u00eb shoqat\u00ebs humanitare Medvegja me seli n\u00eb Zvic\u00ebr"}]},{"@type":"WebSite","@id":"https:\/\/medvegjasot.com\/#website","url":"https:\/\/medvegjasot.com\/","name":"Medvegja Sot","description":"Portal Lajmesh","publisher":{"@id":"https:\/\/medvegjasot.com\/#organization"},"alternateName":"MS","potentialAction":[{"@type":"SearchAction","target":{"@type":"EntryPoint","urlTemplate":"https:\/\/medvegjasot.com\/?s={search_term_string}"},"query-input":{"@type":"PropertyValueSpecification","valueRequired":true,"valueName":"search_term_string"}}],"inLanguage":"en-US"},{"@type":"Organization","@id":"https:\/\/medvegjasot.com\/#organization","name":"Medvegja Sot","alternateName":"MS","url":"https:\/\/medvegjasot.com\/","logo":{"@type":"ImageObject","inLanguage":"en-US","@id":"https:\/\/medvegjasot.com\/#\/schema\/logo\/image\/","url":"https:\/\/medvegjasot.com\/wp-content\/uploads\/2024\/08\/logo.png","contentUrl":"https:\/\/medvegjasot.com\/wp-content\/uploads\/2024\/08\/logo.png","width":500,"height":500,"caption":"Medvegja Sot"},"image":{"@id":"https:\/\/medvegjasot.com\/#\/schema\/logo\/image\/"},"sameAs":["https:\/\/www.facebook.com\/MedvegjaSot.com1"]},{"@type":"Person","@id":"https:\/\/medvegjasot.com\/#\/schema\/person\/f2be1a84f4e95d0cb032946a1cf2e594","name":"admin","image":{"@type":"ImageObject","inLanguage":"en-US","@id":"https:\/\/secure.gravatar.com\/avatar\/2eedc5259426225ddc6f98b4b6728c30418b83e6f70285719780d3518d972ece?s=96&d=mm&r=g","url":"https:\/\/secure.gravatar.com\/avatar\/2eedc5259426225ddc6f98b4b6728c30418b83e6f70285719780d3518d972ece?s=96&d=mm&r=g","contentUrl":"https:\/\/secure.gravatar.com\/avatar\/2eedc5259426225ddc6f98b4b6728c30418b83e6f70285719780d3518d972ece?s=96&d=mm&r=g","caption":"admin"},"url":"https:\/\/medvegjasot.com\/?author=2"}]}},"jetpack_featured_media_url":"https:\/\/medvegjasot.com\/wp-content\/uploads\/2025\/04\/photo-output.jpeg","_links":{"self":[{"href":"https:\/\/medvegjasot.com\/index.php?rest_route=\/wp\/v2\/posts\/4592","targetHints":{"allow":["GET"]}}],"collection":[{"href":"https:\/\/medvegjasot.com\/index.php?rest_route=\/wp\/v2\/posts"}],"about":[{"href":"https:\/\/medvegjasot.com\/index.php?rest_route=\/wp\/v2\/types\/post"}],"author":[{"embeddable":true,"href":"https:\/\/medvegjasot.com\/index.php?rest_route=\/wp\/v2\/users\/2"}],"replies":[{"embeddable":true,"href":"https:\/\/medvegjasot.com\/index.php?rest_route=%2Fwp%2Fv2%2Fcomments&post=4592"}],"version-history":[{"count":4,"href":"https:\/\/medvegjasot.com\/index.php?rest_route=\/wp\/v2\/posts\/4592\/revisions"}],"predecessor-version":[{"id":4603,"href":"https:\/\/medvegjasot.com\/index.php?rest_route=\/wp\/v2\/posts\/4592\/revisions\/4603"}],"wp:featuredmedia":[{"embeddable":true,"href":"https:\/\/medvegjasot.com\/index.php?rest_route=\/wp\/v2\/media\/4593"}],"wp:attachment":[{"href":"https:\/\/medvegjasot.com\/index.php?rest_route=%2Fwp%2Fv2%2Fmedia&parent=4592"}],"wp:term":[{"taxonomy":"category","embeddable":true,"href":"https:\/\/medvegjasot.com\/index.php?rest_route=%2Fwp%2Fv2%2Fcategories&post=4592"},{"taxonomy":"post_tag","embeddable":true,"href":"https:\/\/medvegjasot.com\/index.php?rest_route=%2Fwp%2Fv2%2Ftags&post=4592"}],"curies":[{"name":"wp","href":"https:\/\/api.w.org\/{rel}","templated":true}]}}