{"id":4532,"date":"2025-03-25T19:22:28","date_gmt":"2025-03-25T19:22:28","guid":{"rendered":"https:\/\/medvegjasot.com\/?p=4532"},"modified":"2025-03-25T19:26:56","modified_gmt":"2025-03-25T19:26:56","slug":"qofte-i-perjetshem-kujtimi-per-te-gjithe-te-renet-per-atdhe","status":"publish","type":"post","link":"https:\/\/medvegjasot.com\/?p=4532","title":{"rendered":"Qoft\u00eb i p\u00ebrjetsh\u00ebm kujtimi p\u00ebr t\u00eb gjith\u00eb t\u00eb r\u00ebn\u00ebt p\u00ebr atdhe!"},"content":{"rendered":"\n<p>Kryeministri i Republik\u00ebs s\u00eb Kosov\u00ebs Albin Kurti: M\u00eb 25 mars 1999, Serbia e kuptoi q\u00eb humbja e saj ishte af\u00ebr, se lufta p\u00ebr liri do t\u00eb triumfonte dhe plani p\u00ebr zhdukjen e shfarosjen e shqiptar\u00ebve n\u00eb Kosov\u00eb, do t\u00eb d\u00ebshtonte.&nbsp;<\/p>\n\n\n\n<p>Nj\u00eb dit\u00eb pas fillimit t\u00eb bombardimeve t\u00eb NATO-s p\u00ebr t\u00eb ndalur nj\u00eb gjenocid n\u00eb veprim si\u00e7 ishte ai q\u00eb po vinte n\u00eb akt Millosheviqi me bashk\u00ebpun\u00ebtor\u00ebt e tij, Serbia vendosi q\u00eb pafuqin\u00eb e saj ta shfrynte mbi popullat\u00ebn civile dhe d\u00ebshp\u00ebrimisht t\u00eb p\u00ebrshpejtoj\u00eb ekzekutimin e operacionit gjenocidal \u201cPatkoi&#8221;.&nbsp;<br><\/p>\n\n\n\n<figure class=\"wp-block-image size-large\"><img fetchpriority=\"high\" decoding=\"async\" width=\"1024\" height=\"682\" src=\"https:\/\/medvegjasot.com\/wp-content\/uploads\/2025\/03\/IMG_5048-1024x682.jpeg\" alt=\"\" class=\"wp-image-4537\" srcset=\"https:\/\/medvegjasot.com\/wp-content\/uploads\/2025\/03\/IMG_5048-1024x682.jpeg 1024w, https:\/\/medvegjasot.com\/wp-content\/uploads\/2025\/03\/IMG_5048-300x200.jpeg 300w, https:\/\/medvegjasot.com\/wp-content\/uploads\/2025\/03\/IMG_5048-768x511.jpeg 768w, https:\/\/medvegjasot.com\/wp-content\/uploads\/2025\/03\/IMG_5048-820x545.jpeg 820w, https:\/\/medvegjasot.com\/wp-content\/uploads\/2025\/03\/IMG_5048-600x400.jpeg 600w, https:\/\/medvegjasot.com\/wp-content\/uploads\/2025\/03\/IMG_5048.jpeg 1200w\" sizes=\"(max-width: 1024px) 100vw, 1024px\" \/><\/figure>\n\n\n\n<p>N\u00eb fshatrat T\u00ebrnje t\u00eb Therand\u00ebs, Goden dhe Fortes\u00eb t\u00eb Gjakov\u00ebs si dhe Brestoc e Celin\u00eb t\u00eb Rahovecit, p\u00ebrkujtuam e nderuam martir\u00ebt e d\u00ebshmor\u00ebt e kombit t\u00eb vrar\u00eb nga aparati shtet\u00ebror serb sot 26 vjet m\u00eb par\u00eb. Vitet kalojn\u00eb por koha nuk i sh\u00ebron plag\u00ebt, derisa drejt\u00ebsia ende nuk \u00ebsht\u00eb v\u00ebn\u00eb n\u00eb vend.&nbsp;<br><\/p>\n\n\n\n<figure class=\"wp-block-image size-large\"><img decoding=\"async\" width=\"1024\" height=\"684\" src=\"https:\/\/medvegjasot.com\/wp-content\/uploads\/2025\/03\/IMG_5049-1024x684.jpeg\" alt=\"\" class=\"wp-image-4538\" srcset=\"https:\/\/medvegjasot.com\/wp-content\/uploads\/2025\/03\/IMG_5049-1024x684.jpeg 1024w, https:\/\/medvegjasot.com\/wp-content\/uploads\/2025\/03\/IMG_5049-300x200.jpeg 300w, https:\/\/medvegjasot.com\/wp-content\/uploads\/2025\/03\/IMG_5049-768x513.jpeg 768w, https:\/\/medvegjasot.com\/wp-content\/uploads\/2025\/03\/IMG_5049-600x400.jpeg 600w, https:\/\/medvegjasot.com\/wp-content\/uploads\/2025\/03\/IMG_5049.jpeg 1200w\" sizes=\"(max-width: 1024px) 100vw, 1024px\" \/><\/figure>\n\n\n\n<p>Ne p\u00ebrkulemi me nderim e mir\u00ebnjohje t\u00eb thell\u00eb p\u00ebr t\u00eb gjith\u00eb ata t\u00eb cil\u00ebt kontribuan p\u00ebr lirin\u00eb e \u00e7lirimin e popullit ton\u00eb dhe Kosov\u00ebs. Gjaku i d\u00ebshmor\u00ebve \u00ebsht\u00eb n\u00eb themelet e Republik\u00ebs dhe neve na mbetet p\u00ebrgjegj\u00ebsia e r\u00ebnd\u00ebsishme e forcimit t\u00eb shtetit ton\u00eb n\u00eb m\u00ebnyr\u00eb q\u00eb brezave t\u00eb ardhsh\u00ebm kurr\u00eb m\u00eb t\u00eb mos iu bie q\u00eb t\u00eb vuajn\u00eb, ndjejn\u00eb dhembje dhe humbje \u00e7far\u00eb i kaloi brezi yn\u00eb.<\/p>\n\n\n\n<figure class=\"wp-block-image size-large\"><img decoding=\"async\" width=\"1024\" height=\"682\" src=\"https:\/\/medvegjasot.com\/wp-content\/uploads\/2025\/03\/IMG_5053-1024x682.jpeg\" alt=\"\" class=\"wp-image-4542\" srcset=\"https:\/\/medvegjasot.com\/wp-content\/uploads\/2025\/03\/IMG_5053-1024x682.jpeg 1024w, https:\/\/medvegjasot.com\/wp-content\/uploads\/2025\/03\/IMG_5053-300x200.jpeg 300w, https:\/\/medvegjasot.com\/wp-content\/uploads\/2025\/03\/IMG_5053-768x512.jpeg 768w, https:\/\/medvegjasot.com\/wp-content\/uploads\/2025\/03\/IMG_5053-1536x1023.jpeg 1536w, https:\/\/medvegjasot.com\/wp-content\/uploads\/2025\/03\/IMG_5053-820x545.jpeg 820w, https:\/\/medvegjasot.com\/wp-content\/uploads\/2025\/03\/IMG_5053-600x400.jpeg 600w, https:\/\/medvegjasot.com\/wp-content\/uploads\/2025\/03\/IMG_5053.jpeg 2048w\" sizes=\"(max-width: 1024px) 100vw, 1024px\" \/><\/figure>\n\n\n\n<p><\/p>\n\n\n\n<p>Lavdi t\u00eb gjith\u00eb d\u00ebshmor\u00ebve e martir\u00ebve t\u00eb kombit! Qoft\u00eb i p\u00ebrjetsh\u00ebm kujtimi p\u00ebr t\u00eb gjith\u00eb t\u00eb r\u00ebn\u00ebt p\u00ebr atdhe!<\/p>\n","protected":false},"excerpt":{"rendered":"<p>Kryeministri i Republik\u00ebs s\u00eb Kosov\u00ebs Albin Kurti: M\u00eb 25 mars 1999, Serbia e kuptoi q\u00eb humbja e saj ishte af\u00ebr, se lufta p\u00ebr liri do t\u00eb triumfonte dhe plani p\u00ebr zhdukjen e shfarosjen e shqiptar\u00ebve n\u00eb Kosov\u00eb, do t\u00eb d\u00ebshtonte.&nbsp; Nj\u00eb dit\u00eb pas fillimit t\u00eb bombardimeve t\u00eb NATO-s p\u00ebr t\u00eb ndalur nj\u00eb gjenocid n\u00eb veprim&#8230;<\/p>\n","protected":false},"author":2,"featured_media":4533,"comment_status":"open","ping_status":"open","sticky":false,"template":"","format":"standard","meta":{"_coblocks_attr":"","_coblocks_dimensions":"","_coblocks_responsive_height":"","_coblocks_accordion_ie_support":"","_monsterinsights_skip_tracking":false,"_monsterinsights_sitenote_active":false,"_monsterinsights_sitenote_note":"","_monsterinsights_sitenote_category":0,"footnotes":""},"categories":[3],"tags":[],"class_list":["post-4532","post","type-post","status-publish","format-standard","has-post-thumbnail","hentry","category-kronika"],"yoast_head":"<!-- This site is optimized with the Yoast SEO plugin v27.5 - https:\/\/yoast.com\/product\/yoast-seo-wordpress\/ -->\n<title>Qoft\u00eb i p\u00ebrjetsh\u00ebm kujtimi p\u00ebr t\u00eb gjith\u00eb t\u00eb r\u00ebn\u00ebt p\u00ebr atdhe! - Medvegja Sot<\/title>\n<meta name=\"robots\" content=\"index, follow, max-snippet:-1, max-image-preview:large, max-video-preview:-1\" \/>\n<link rel=\"canonical\" href=\"https:\/\/medvegjasot.com\/?p=4532\" \/>\n<meta property=\"og:locale\" content=\"en_US\" \/>\n<meta property=\"og:type\" content=\"article\" \/>\n<meta property=\"og:title\" content=\"Qoft\u00eb i p\u00ebrjetsh\u00ebm kujtimi p\u00ebr t\u00eb gjith\u00eb t\u00eb r\u00ebn\u00ebt p\u00ebr atdhe! - Medvegja Sot\" \/>\n<meta property=\"og:description\" content=\"Kryeministri i Republik\u00ebs s\u00eb Kosov\u00ebs Albin Kurti: M\u00eb 25 mars 1999, Serbia e kuptoi q\u00eb humbja e saj ishte af\u00ebr, se lufta p\u00ebr liri do t\u00eb triumfonte dhe plani p\u00ebr zhdukjen e shfarosjen e shqiptar\u00ebve n\u00eb Kosov\u00eb, do t\u00eb d\u00ebshtonte.&nbsp; Nj\u00eb dit\u00eb pas fillimit t\u00eb bombardimeve t\u00eb NATO-s p\u00ebr t\u00eb ndalur nj\u00eb gjenocid n\u00eb veprim...\" \/>\n<meta property=\"og:url\" content=\"https:\/\/medvegjasot.com\/?p=4532\" \/>\n<meta property=\"og:site_name\" content=\"Medvegja Sot\" \/>\n<meta property=\"article:publisher\" content=\"https:\/\/www.facebook.com\/MedvegjaSot.com1\" \/>\n<meta property=\"article:published_time\" content=\"2025-03-25T19:22:28+00:00\" \/>\n<meta property=\"article:modified_time\" content=\"2025-03-25T19:26:56+00:00\" \/>\n<meta property=\"og:image\" content=\"https:\/\/medvegjasot.com\/wp-content\/uploads\/2025\/03\/IMG_5052-scaled.jpeg\" \/>\n\t<meta property=\"og:image:width\" content=\"2560\" \/>\n\t<meta property=\"og:image:height\" content=\"1440\" \/>\n\t<meta property=\"og:image:type\" content=\"image\/jpeg\" \/>\n<meta name=\"author\" content=\"admin\" \/>\n<meta name=\"twitter:card\" content=\"summary_large_image\" \/>\n<meta name=\"twitter:label1\" content=\"Written by\" \/>\n\t<meta name=\"twitter:data1\" content=\"admin\" \/>\n\t<meta name=\"twitter:label2\" content=\"Est. reading time\" \/>\n\t<meta name=\"twitter:data2\" content=\"2 minutes\" \/>\n<script type=\"application\/ld+json\" class=\"yoast-schema-graph\">{\"@context\":\"https:\\\/\\\/schema.org\",\"@graph\":[{\"@type\":\"Article\",\"@id\":\"https:\\\/\\\/medvegjasot.com\\\/?p=4532#article\",\"isPartOf\":{\"@id\":\"https:\\\/\\\/medvegjasot.com\\\/?p=4532\"},\"author\":{\"name\":\"admin\",\"@id\":\"https:\\\/\\\/medvegjasot.com\\\/#\\\/schema\\\/person\\\/f2be1a84f4e95d0cb032946a1cf2e594\"},\"headline\":\"Qoft\u00eb i p\u00ebrjetsh\u00ebm kujtimi p\u00ebr t\u00eb gjith\u00eb t\u00eb r\u00ebn\u00ebt p\u00ebr atdhe!\",\"datePublished\":\"2025-03-25T19:22:28+00:00\",\"dateModified\":\"2025-03-25T19:26:56+00:00\",\"mainEntityOfPage\":{\"@id\":\"https:\\\/\\\/medvegjasot.com\\\/?p=4532\"},\"wordCount\":295,\"commentCount\":0,\"publisher\":{\"@id\":\"https:\\\/\\\/medvegjasot.com\\\/#organization\"},\"image\":{\"@id\":\"https:\\\/\\\/medvegjasot.com\\\/?p=4532#primaryimage\"},\"thumbnailUrl\":\"https:\\\/\\\/medvegjasot.com\\\/wp-content\\\/uploads\\\/2025\\\/03\\\/IMG_5052-scaled.jpeg\",\"articleSection\":[\"KRONIKA\"],\"inLanguage\":\"en-US\",\"potentialAction\":[{\"@type\":\"CommentAction\",\"name\":\"Comment\",\"target\":[\"https:\\\/\\\/medvegjasot.com\\\/?p=4532#respond\"]}]},{\"@type\":\"WebPage\",\"@id\":\"https:\\\/\\\/medvegjasot.com\\\/?p=4532\",\"url\":\"https:\\\/\\\/medvegjasot.com\\\/?p=4532\",\"name\":\"Qoft\u00eb i p\u00ebrjetsh\u00ebm kujtimi p\u00ebr t\u00eb gjith\u00eb t\u00eb r\u00ebn\u00ebt p\u00ebr atdhe! - Medvegja Sot\",\"isPartOf\":{\"@id\":\"https:\\\/\\\/medvegjasot.com\\\/#website\"},\"primaryImageOfPage\":{\"@id\":\"https:\\\/\\\/medvegjasot.com\\\/?p=4532#primaryimage\"},\"image\":{\"@id\":\"https:\\\/\\\/medvegjasot.com\\\/?p=4532#primaryimage\"},\"thumbnailUrl\":\"https:\\\/\\\/medvegjasot.com\\\/wp-content\\\/uploads\\\/2025\\\/03\\\/IMG_5052-scaled.jpeg\",\"datePublished\":\"2025-03-25T19:22:28+00:00\",\"dateModified\":\"2025-03-25T19:26:56+00:00\",\"breadcrumb\":{\"@id\":\"https:\\\/\\\/medvegjasot.com\\\/?p=4532#breadcrumb\"},\"inLanguage\":\"en-US\",\"potentialAction\":[{\"@type\":\"ReadAction\",\"target\":[\"https:\\\/\\\/medvegjasot.com\\\/?p=4532\"]}]},{\"@type\":\"ImageObject\",\"inLanguage\":\"en-US\",\"@id\":\"https:\\\/\\\/medvegjasot.com\\\/?p=4532#primaryimage\",\"url\":\"https:\\\/\\\/medvegjasot.com\\\/wp-content\\\/uploads\\\/2025\\\/03\\\/IMG_5052-scaled.jpeg\",\"contentUrl\":\"https:\\\/\\\/medvegjasot.com\\\/wp-content\\\/uploads\\\/2025\\\/03\\\/IMG_5052-scaled.jpeg\",\"width\":2560,\"height\":1440},{\"@type\":\"BreadcrumbList\",\"@id\":\"https:\\\/\\\/medvegjasot.com\\\/?p=4532#breadcrumb\",\"itemListElement\":[{\"@type\":\"ListItem\",\"position\":1,\"name\":\"Home\",\"item\":\"https:\\\/\\\/medvegjasot.com\\\/\"},{\"@type\":\"ListItem\",\"position\":2,\"name\":\"Qoft\u00eb i p\u00ebrjetsh\u00ebm kujtimi p\u00ebr t\u00eb gjith\u00eb t\u00eb r\u00ebn\u00ebt p\u00ebr atdhe!\"}]},{\"@type\":\"WebSite\",\"@id\":\"https:\\\/\\\/medvegjasot.com\\\/#website\",\"url\":\"https:\\\/\\\/medvegjasot.com\\\/\",\"name\":\"Medvegja Sot\",\"description\":\"Portal Lajmesh\",\"publisher\":{\"@id\":\"https:\\\/\\\/medvegjasot.com\\\/#organization\"},\"alternateName\":\"MS\",\"potentialAction\":[{\"@type\":\"SearchAction\",\"target\":{\"@type\":\"EntryPoint\",\"urlTemplate\":\"https:\\\/\\\/medvegjasot.com\\\/?s={search_term_string}\"},\"query-input\":{\"@type\":\"PropertyValueSpecification\",\"valueRequired\":true,\"valueName\":\"search_term_string\"}}],\"inLanguage\":\"en-US\"},{\"@type\":\"Organization\",\"@id\":\"https:\\\/\\\/medvegjasot.com\\\/#organization\",\"name\":\"Medvegja Sot\",\"alternateName\":\"MS\",\"url\":\"https:\\\/\\\/medvegjasot.com\\\/\",\"logo\":{\"@type\":\"ImageObject\",\"inLanguage\":\"en-US\",\"@id\":\"https:\\\/\\\/medvegjasot.com\\\/#\\\/schema\\\/logo\\\/image\\\/\",\"url\":\"https:\\\/\\\/medvegjasot.com\\\/wp-content\\\/uploads\\\/2024\\\/08\\\/logo.png\",\"contentUrl\":\"https:\\\/\\\/medvegjasot.com\\\/wp-content\\\/uploads\\\/2024\\\/08\\\/logo.png\",\"width\":500,\"height\":500,\"caption\":\"Medvegja Sot\"},\"image\":{\"@id\":\"https:\\\/\\\/medvegjasot.com\\\/#\\\/schema\\\/logo\\\/image\\\/\"},\"sameAs\":[\"https:\\\/\\\/www.facebook.com\\\/MedvegjaSot.com1\"]},{\"@type\":\"Person\",\"@id\":\"https:\\\/\\\/medvegjasot.com\\\/#\\\/schema\\\/person\\\/f2be1a84f4e95d0cb032946a1cf2e594\",\"name\":\"admin\",\"image\":{\"@type\":\"ImageObject\",\"inLanguage\":\"en-US\",\"@id\":\"https:\\\/\\\/secure.gravatar.com\\\/avatar\\\/2eedc5259426225ddc6f98b4b6728c30418b83e6f70285719780d3518d972ece?s=96&d=mm&r=g\",\"url\":\"https:\\\/\\\/secure.gravatar.com\\\/avatar\\\/2eedc5259426225ddc6f98b4b6728c30418b83e6f70285719780d3518d972ece?s=96&d=mm&r=g\",\"contentUrl\":\"https:\\\/\\\/secure.gravatar.com\\\/avatar\\\/2eedc5259426225ddc6f98b4b6728c30418b83e6f70285719780d3518d972ece?s=96&d=mm&r=g\",\"caption\":\"admin\"},\"url\":\"https:\\\/\\\/medvegjasot.com\\\/?author=2\"}]}<\/script>\n<!-- \/ Yoast SEO plugin. -->","yoast_head_json":{"title":"Qoft\u00eb i p\u00ebrjetsh\u00ebm kujtimi p\u00ebr t\u00eb gjith\u00eb t\u00eb r\u00ebn\u00ebt p\u00ebr atdhe! - Medvegja Sot","robots":{"index":"index","follow":"follow","max-snippet":"max-snippet:-1","max-image-preview":"max-image-preview:large","max-video-preview":"max-video-preview:-1"},"canonical":"https:\/\/medvegjasot.com\/?p=4532","og_locale":"en_US","og_type":"article","og_title":"Qoft\u00eb i p\u00ebrjetsh\u00ebm kujtimi p\u00ebr t\u00eb gjith\u00eb t\u00eb r\u00ebn\u00ebt p\u00ebr atdhe! - Medvegja Sot","og_description":"Kryeministri i Republik\u00ebs s\u00eb Kosov\u00ebs Albin Kurti: M\u00eb 25 mars 1999, Serbia e kuptoi q\u00eb humbja e saj ishte af\u00ebr, se lufta p\u00ebr liri do t\u00eb triumfonte dhe plani p\u00ebr zhdukjen e shfarosjen e shqiptar\u00ebve n\u00eb Kosov\u00eb, do t\u00eb d\u00ebshtonte.&nbsp; Nj\u00eb dit\u00eb pas fillimit t\u00eb bombardimeve t\u00eb NATO-s p\u00ebr t\u00eb ndalur nj\u00eb gjenocid n\u00eb veprim...","og_url":"https:\/\/medvegjasot.com\/?p=4532","og_site_name":"Medvegja Sot","article_publisher":"https:\/\/www.facebook.com\/MedvegjaSot.com1","article_published_time":"2025-03-25T19:22:28+00:00","article_modified_time":"2025-03-25T19:26:56+00:00","og_image":[{"width":2560,"height":1440,"url":"https:\/\/medvegjasot.com\/wp-content\/uploads\/2025\/03\/IMG_5052-scaled.jpeg","type":"image\/jpeg"}],"author":"admin","twitter_card":"summary_large_image","twitter_misc":{"Written by":"admin","Est. reading time":"2 minutes"},"schema":{"@context":"https:\/\/schema.org","@graph":[{"@type":"Article","@id":"https:\/\/medvegjasot.com\/?p=4532#article","isPartOf":{"@id":"https:\/\/medvegjasot.com\/?p=4532"},"author":{"name":"admin","@id":"https:\/\/medvegjasot.com\/#\/schema\/person\/f2be1a84f4e95d0cb032946a1cf2e594"},"headline":"Qoft\u00eb i p\u00ebrjetsh\u00ebm kujtimi p\u00ebr t\u00eb gjith\u00eb t\u00eb r\u00ebn\u00ebt p\u00ebr atdhe!","datePublished":"2025-03-25T19:22:28+00:00","dateModified":"2025-03-25T19:26:56+00:00","mainEntityOfPage":{"@id":"https:\/\/medvegjasot.com\/?p=4532"},"wordCount":295,"commentCount":0,"publisher":{"@id":"https:\/\/medvegjasot.com\/#organization"},"image":{"@id":"https:\/\/medvegjasot.com\/?p=4532#primaryimage"},"thumbnailUrl":"https:\/\/medvegjasot.com\/wp-content\/uploads\/2025\/03\/IMG_5052-scaled.jpeg","articleSection":["KRONIKA"],"inLanguage":"en-US","potentialAction":[{"@type":"CommentAction","name":"Comment","target":["https:\/\/medvegjasot.com\/?p=4532#respond"]}]},{"@type":"WebPage","@id":"https:\/\/medvegjasot.com\/?p=4532","url":"https:\/\/medvegjasot.com\/?p=4532","name":"Qoft\u00eb i p\u00ebrjetsh\u00ebm kujtimi p\u00ebr t\u00eb gjith\u00eb t\u00eb r\u00ebn\u00ebt p\u00ebr atdhe! - Medvegja Sot","isPartOf":{"@id":"https:\/\/medvegjasot.com\/#website"},"primaryImageOfPage":{"@id":"https:\/\/medvegjasot.com\/?p=4532#primaryimage"},"image":{"@id":"https:\/\/medvegjasot.com\/?p=4532#primaryimage"},"thumbnailUrl":"https:\/\/medvegjasot.com\/wp-content\/uploads\/2025\/03\/IMG_5052-scaled.jpeg","datePublished":"2025-03-25T19:22:28+00:00","dateModified":"2025-03-25T19:26:56+00:00","breadcrumb":{"@id":"https:\/\/medvegjasot.com\/?p=4532#breadcrumb"},"inLanguage":"en-US","potentialAction":[{"@type":"ReadAction","target":["https:\/\/medvegjasot.com\/?p=4532"]}]},{"@type":"ImageObject","inLanguage":"en-US","@id":"https:\/\/medvegjasot.com\/?p=4532#primaryimage","url":"https:\/\/medvegjasot.com\/wp-content\/uploads\/2025\/03\/IMG_5052-scaled.jpeg","contentUrl":"https:\/\/medvegjasot.com\/wp-content\/uploads\/2025\/03\/IMG_5052-scaled.jpeg","width":2560,"height":1440},{"@type":"BreadcrumbList","@id":"https:\/\/medvegjasot.com\/?p=4532#breadcrumb","itemListElement":[{"@type":"ListItem","position":1,"name":"Home","item":"https:\/\/medvegjasot.com\/"},{"@type":"ListItem","position":2,"name":"Qoft\u00eb i p\u00ebrjetsh\u00ebm kujtimi p\u00ebr t\u00eb gjith\u00eb t\u00eb r\u00ebn\u00ebt p\u00ebr atdhe!"}]},{"@type":"WebSite","@id":"https:\/\/medvegjasot.com\/#website","url":"https:\/\/medvegjasot.com\/","name":"Medvegja Sot","description":"Portal Lajmesh","publisher":{"@id":"https:\/\/medvegjasot.com\/#organization"},"alternateName":"MS","potentialAction":[{"@type":"SearchAction","target":{"@type":"EntryPoint","urlTemplate":"https:\/\/medvegjasot.com\/?s={search_term_string}"},"query-input":{"@type":"PropertyValueSpecification","valueRequired":true,"valueName":"search_term_string"}}],"inLanguage":"en-US"},{"@type":"Organization","@id":"https:\/\/medvegjasot.com\/#organization","name":"Medvegja Sot","alternateName":"MS","url":"https:\/\/medvegjasot.com\/","logo":{"@type":"ImageObject","inLanguage":"en-US","@id":"https:\/\/medvegjasot.com\/#\/schema\/logo\/image\/","url":"https:\/\/medvegjasot.com\/wp-content\/uploads\/2024\/08\/logo.png","contentUrl":"https:\/\/medvegjasot.com\/wp-content\/uploads\/2024\/08\/logo.png","width":500,"height":500,"caption":"Medvegja Sot"},"image":{"@id":"https:\/\/medvegjasot.com\/#\/schema\/logo\/image\/"},"sameAs":["https:\/\/www.facebook.com\/MedvegjaSot.com1"]},{"@type":"Person","@id":"https:\/\/medvegjasot.com\/#\/schema\/person\/f2be1a84f4e95d0cb032946a1cf2e594","name":"admin","image":{"@type":"ImageObject","inLanguage":"en-US","@id":"https:\/\/secure.gravatar.com\/avatar\/2eedc5259426225ddc6f98b4b6728c30418b83e6f70285719780d3518d972ece?s=96&d=mm&r=g","url":"https:\/\/secure.gravatar.com\/avatar\/2eedc5259426225ddc6f98b4b6728c30418b83e6f70285719780d3518d972ece?s=96&d=mm&r=g","contentUrl":"https:\/\/secure.gravatar.com\/avatar\/2eedc5259426225ddc6f98b4b6728c30418b83e6f70285719780d3518d972ece?s=96&d=mm&r=g","caption":"admin"},"url":"https:\/\/medvegjasot.com\/?author=2"}]}},"jetpack_featured_media_url":"https:\/\/medvegjasot.com\/wp-content\/uploads\/2025\/03\/IMG_5052-scaled.jpeg","_links":{"self":[{"href":"https:\/\/medvegjasot.com\/index.php?rest_route=\/wp\/v2\/posts\/4532","targetHints":{"allow":["GET"]}}],"collection":[{"href":"https:\/\/medvegjasot.com\/index.php?rest_route=\/wp\/v2\/posts"}],"about":[{"href":"https:\/\/medvegjasot.com\/index.php?rest_route=\/wp\/v2\/types\/post"}],"author":[{"embeddable":true,"href":"https:\/\/medvegjasot.com\/index.php?rest_route=\/wp\/v2\/users\/2"}],"replies":[{"embeddable":true,"href":"https:\/\/medvegjasot.com\/index.php?rest_route=%2Fwp%2Fv2%2Fcomments&post=4532"}],"version-history":[{"count":4,"href":"https:\/\/medvegjasot.com\/index.php?rest_route=\/wp\/v2\/posts\/4532\/revisions"}],"predecessor-version":[{"id":4543,"href":"https:\/\/medvegjasot.com\/index.php?rest_route=\/wp\/v2\/posts\/4532\/revisions\/4543"}],"wp:featuredmedia":[{"embeddable":true,"href":"https:\/\/medvegjasot.com\/index.php?rest_route=\/wp\/v2\/media\/4533"}],"wp:attachment":[{"href":"https:\/\/medvegjasot.com\/index.php?rest_route=%2Fwp%2Fv2%2Fmedia&parent=4532"}],"wp:term":[{"taxonomy":"category","embeddable":true,"href":"https:\/\/medvegjasot.com\/index.php?rest_route=%2Fwp%2Fv2%2Fcategories&post=4532"},{"taxonomy":"post_tag","embeddable":true,"href":"https:\/\/medvegjasot.com\/index.php?rest_route=%2Fwp%2Fv2%2Ftags&post=4532"}],"curies":[{"name":"wp","href":"https:\/\/api.w.org\/{rel}","templated":true}]}}