{"id":4437,"date":"2025-03-19T07:35:58","date_gmt":"2025-03-19T07:35:58","guid":{"rendered":"https:\/\/medvegjasot.com\/?p=4437"},"modified":"2025-03-20T10:25:43","modified_gmt":"2025-03-20T10:25:43","slug":"peter-sorensen-nuk-do-te-duhej-harruar-presheven-medvegjen-e-bujanocin","status":"publish","type":"post","link":"https:\/\/medvegjasot.com\/?p=4437","title":{"rendered":"PETER SORENSEN, NUK DO T\u00cb DUHEJ HARRUAR PRESHEV\u00cbN, MEDVEGJ\u00cbN DHE BUJANOCIN"},"content":{"rendered":"\n<p><\/p>\n\n\n\n<p><strong>Emisari p\u00ebr dialogun mes Kosov\u00ebs dhe Serbis\u00eb, Peter SORENSEN, dje realizoi duke filluar vizit\u00ebn e par\u00eb njoh\u00ebse n\u00eb Republik\u00ebn e Kosov\u00ebs, p\u00ebr dialogun mes Kosov\u00ebs dhe Serbis\u00eb.<\/strong><\/p>\n\n\n\n<p><strong>Emisari Peter SORENSEN, do t\u00eb duhej trajton diskriminimin e krahin\u00ebs shqiptare n\u00eb Serbi, dhe k\u00ebshtu nuk do ti p\u00ebrs\u00ebrit\u00eb gabimet e r\u00ebnda e paraardh\u00ebsit, duke praktikuar dy standard p\u00ebr dy pakica, transmeton MEDVEGJASOT.COM<\/strong><\/p>\n\n\n\n<p>Duke praktikuar at\u00eb q\u00eb k\u00ebrkon Serbia p\u00ebr pakic\u00ebn Serbe n\u00eb Kosov\u00eb-ua mohon shqiptar\u00ebve n\u00eb Serbi.<\/p>\n\n\n\n<p>Duke mos u takuar, apo duke e harruar Krahin\u00ebn shqiptare n\u00eb Serbi.<\/p>\n\n\n\n<p>Duke mos patur kontak, duke mos e trajtuar e patur asnj\u00eb tretman dhe duke mos realizur bisedime me p\u00ebrfaq\u00ebsuesit e Preshev\u00ebs, Medvegj\u00ebs e Bujanocit.<\/p>\n\n\n\n<p>K\u00ebshtu paraardh\u00ebsit e emisarit p\u00ebr dialogun mes Kosov\u00ebs dhe Serbis\u00eb, Peter SORENSEN, mb\u00ebshtet\u00ebn me dy standarde n\u00eb k\u00ebt\u00eb rast mb\u00ebshtet\u00ebn pakic\u00ebn Serbe n\u00eb Kosov\u00eb, por plot\u00ebsisht harruan, duke l\u00ebn pas dore Shqiptar\u00ebt n\u00eb Preshev\u00eb, Medvegj\u00eb e Bujanoc,ku q\u00eb n\u00eb vitin 1992 kan mbajtur dhe organizuar REFERENDUM.<\/p>\n\n\n\n<p>Emisari Peter SORENSEN, nuk do t\u00eb p\u00ebrs\u00ebrit gabimet e paraardhs\u00ebve dhe do t\u00eb gjen koh\u00eb t\u00eb takohet me Kryetar t\u00eb Komunave, Kryesues t\u00eb Kuvendeve, K\u00ebshilltar\u00eb Komunal t\u00eb Preshev\u00ebs, Medvegj\u00ebs e Bujanocit, por edhe me Kryetar\u00eb t\u00eb gjith\u00eb subjekteve politike n\u00eb pozit\u00eb dhe n\u00eb opozit edhe Shoqatat e ish-U\u00c7PMB-\u00ebs.<\/p>\n\n\n\n<p>Emisari Peter SORENSEN, nuk do t\u00eb p\u00ebrs\u00ebrit gabime e paraardh\u00ebsve dhe do t\u00eb k\u00ebrkon me ngulm, q\u00eb nga Serbia, t\u00eb k\u00ebrkohet:<\/p>\n\n\n\n<p>-Ndal spastrimin etnik-diskriminim p\u00ebrmes pasivizimit t\u00eb adresave, n\u00eb Krahin\u00ebn shqiptare n\u00eb Serbi,<br>-Kthej Lapidarin e U\u00c7PMB-\u00ebs n\u00eb Preshev\u00eb dhe vendoset Shtatorja e Sk\u00ebnderbeut n\u00eb qend\u00ebr t\u00eb Bujanocit,<br>-Hap Universitetin n\u00eb gjuh\u00ebn Shqipe, t\u00eb rregullohet me Ligj\u00eb p\u00ebrdorimin i Simbolit ton\u00eb Komb\u00ebtar\u00eb shqiptar\u00eb, Flamurit dhe p\u00ebrfaq\u00ebsimi n\u00eb instanca dhe mekanizma t\u00eb nivelit lokal dhe Qendror,<br>-N\u00eb respektimin e vullnetit plebishitar t\u00eb k\u00ebsaj Krahine, Referendumi i dat\u00ebs 1 e 2 Mars 1992,<br>-N\u00eb Parlamentin e Serbis\u00eb, Krahina shqiptare n\u00eb Serbi, dhe Krahina e Sanxhakut, t\u00eb p\u00ebrfaq\u00ebsohen me ul\u00ebse t\u00eb rezervuara,<br>-Serbia, nuk \u00ebsht\u00eb duke zbatuar amnistin e ish-ushtar\u00ebve t\u00eb U\u00c7PMB-s\u00eb nuk \u00ebsht\u00eb duke respektuar, sepse pas Marr\u00ebveshjes s\u00eb Kon\u00e7ulit shum\u00eb Ushtar\u00eb pas dor\u00ebzimit t\u00eb arm\u00ebve n\u00ebn\u00eb mbykqyreje, monitorimi e garantimin e nd\u00ebrkomb\u00ebtar\u00eb jan ballafaqur e p\u00ebrballur me ftesa t\u00eb pranura n\u00eb biseda t\u00eb shpeshta informative, jan keq\u00ebtrajtuar, maltretuar dhe u jan ngritur e kurdisur skenare p\u00ebr burgojes e arrestime,<br>-Serbia, jo nuk \u00ebsht\u00eb duke e zbatuar Marr\u00ebveshjen e Kon\u00e7ulit, ku ka t\u00eb b\u00ebj\u00eb me Policin Multietnike, sepse nuk \u00ebsht\u00eb instaluar n\u00eb p\u00ebrpjestim t\u00eb popullat\u00ebs, e as n\u00eb hierarkin\u00eb komanduese n\u00eb policin multietnike,<\/p>\n\n\n\n<p>Emisari Peter SORENSEN, nuk do t\u00eb p\u00ebrs\u00ebrit gabime e paraardh\u00ebsve dhe do t\u00eb k\u00ebrkon se Marr\u00ebveshja e Kon\u00e7ulit, do t\u00eb duhej t\u00eb rishikohet p\u00ebr plot\u00ebsimin, e nxjerrjen e nj\u00eb konstatimi nga pal\u00ebt q\u00eb \u00ebsht\u00eb nd\u00ebrmjet\u00ebsuar, monitoruar e nj\u00ebkoh\u00ebsisht ishin dhe mbesin garanatues t\u00eb zbatimit t\u00eb Marr\u00ebveshjes s\u00eb Kon\u00e7ulit, si p\u00ebr:<\/p>\n\n\n\n<p>I. T\u00eb gjitha forcat Serbe q\u00eb jan\u00eb t\u00eb p\u00ebrq\u00ebndruara n\u00ebp\u00ebr vendbanime e lokalitete t\u00eb Preshev\u00ebs, Medvegj\u00ebs e Bujanocit, t\u00eb t\u00ebrheqin n\u00ebp\u00ebr kazerma, duke p\u00ebrfshi edhe heqjen e 48 minibazave n\u00eb Zon\u00ebn Tok\u00ebsore t\u00eb Siguris\u00eb, pasi kemi militarizim t\u00eb lart\u00eb n\u00eb k\u00ebt\u00eb Rajon, kjo \u00ebsht\u00eb mos zbatim i Marr\u00ebveshjes s\u00eb Kon\u00e7ulit,<\/p>\n\n\n\n<p>II. Amnistia e ish-ushtar\u00ebve t\u00eb U\u00c7PMB-s\u00eb nuk \u00ebsht\u00eb respektuar, kjo \u00ebsht\u00eb shkelje e Marr\u00ebveshjes s\u00eb Kon\u00e7ulit,<br>III. Policia Multietnike, do t\u00eb duhej instaluar n\u00eb p\u00ebrpjestim t\u00eb popullat\u00ebs, edhe n\u00eb hierarkin\u00eb komanduese e zingjirin Komandues n\u00eb Policin Multietnike, kjo \u00ebsht\u00eb mos respektim i Marr\u00ebveshjes s\u00eb Kon\u00e7ulit.<\/p>\n\n\n\n<p>Statusi politik i Krahin\u00ebs shqiptare, nuk \u00ebsht\u00eb zgjidhur ende,p\u00ebrkund\u00ebr vullnetit t\u00eb shprehur plebishitar t\u00eb k\u00ebsaj Krahine, Referendumit t\u00eb dat\u00ebs 1 e 2 Mars 1992,dhe kryengritjes s\u00eb armatosur U\u00c7PMB-\u00ebs, q\u00eb mbrojti pragun dhe idenetitin e k\u00ebsaj Krahine, por edhe arritjes s\u00eb Marr\u00ebveshjes s\u00eb Kon\u00e7ulit<\/p>\n\n\n\n<p>Emisari Peter SORENSEN, nuk do t\u00eb duhej harruar Krahin\u00ebn shqiptare n\u00eb Serbi.<\/p>\n\n\n\n<p>Autor i v\u00ebshtrimit <strong>Refik HASANI<\/strong><br>18 mars 2025<\/p>\n","protected":false},"excerpt":{"rendered":"<p>Emisari p\u00ebr dialogun mes Kosov\u00ebs dhe Serbis\u00eb, Peter SORENSEN, dje realizoi duke filluar vizit\u00ebn e par\u00eb njoh\u00ebse n\u00eb Republik\u00ebn e Kosov\u00ebs, p\u00ebr dialogun mes Kosov\u00ebs dhe Serbis\u00eb. Emisari Peter SORENSEN, do t\u00eb duhej trajton diskriminimin e krahin\u00ebs shqiptare n\u00eb Serbi, dhe k\u00ebshtu nuk do ti p\u00ebrs\u00ebrit\u00eb gabimet e r\u00ebnda e paraardh\u00ebsit, duke praktikuar dy standard&#8230;<\/p>\n","protected":false},"author":2,"featured_media":3659,"comment_status":"open","ping_status":"open","sticky":false,"template":"","format":"standard","meta":{"_coblocks_attr":"","_coblocks_dimensions":"","_coblocks_responsive_height":"","_coblocks_accordion_ie_support":"","_monsterinsights_skip_tracking":false,"_monsterinsights_sitenote_active":false,"_monsterinsights_sitenote_note":"","_monsterinsights_sitenote_category":0,"footnotes":""},"categories":[2],"tags":[],"class_list":["post-4437","post","type-post","status-publish","format-standard","has-post-thumbnail","hentry","category-aktuale"],"yoast_head":"<!-- This site is optimized with the Yoast SEO plugin v27.5 - https:\/\/yoast.com\/product\/yoast-seo-wordpress\/ -->\n<title>PETER SORENSEN, NUK DO T\u00cb DUHEJ HARRUAR PRESHEV\u00cbN, MEDVEGJ\u00cbN DHE BUJANOCIN - Medvegja Sot<\/title>\n<meta name=\"robots\" content=\"index, follow, max-snippet:-1, max-image-preview:large, max-video-preview:-1\" \/>\n<link rel=\"canonical\" href=\"https:\/\/medvegjasot.com\/?p=4437\" \/>\n<meta property=\"og:locale\" content=\"en_US\" \/>\n<meta property=\"og:type\" content=\"article\" \/>\n<meta property=\"og:title\" content=\"PETER SORENSEN, NUK DO T\u00cb DUHEJ HARRUAR PRESHEV\u00cbN, MEDVEGJ\u00cbN DHE BUJANOCIN - Medvegja Sot\" \/>\n<meta property=\"og:description\" content=\"Emisari p\u00ebr dialogun mes Kosov\u00ebs dhe Serbis\u00eb, Peter SORENSEN, dje realizoi duke filluar vizit\u00ebn e par\u00eb njoh\u00ebse n\u00eb Republik\u00ebn e Kosov\u00ebs, p\u00ebr dialogun mes Kosov\u00ebs dhe Serbis\u00eb. Emisari Peter SORENSEN, do t\u00eb duhej trajton diskriminimin e krahin\u00ebs shqiptare n\u00eb Serbi, dhe k\u00ebshtu nuk do ti p\u00ebrs\u00ebrit\u00eb gabimet e r\u00ebnda e paraardh\u00ebsit, duke praktikuar dy standard...\" \/>\n<meta property=\"og:url\" content=\"https:\/\/medvegjasot.com\/?p=4437\" \/>\n<meta property=\"og:site_name\" content=\"Medvegja Sot\" \/>\n<meta property=\"article:publisher\" content=\"https:\/\/www.facebook.com\/MedvegjaSot.com1\" \/>\n<meta property=\"article:published_time\" content=\"2025-03-19T07:35:58+00:00\" \/>\n<meta property=\"article:modified_time\" content=\"2025-03-20T10:25:43+00:00\" \/>\n<meta property=\"og:image\" content=\"https:\/\/medvegjasot.com\/wp-content\/uploads\/2024\/12\/IMG_1071.jpeg\" \/>\n\t<meta property=\"og:image:width\" content=\"2048\" \/>\n\t<meta property=\"og:image:height\" content=\"1152\" \/>\n\t<meta property=\"og:image:type\" content=\"image\/jpeg\" \/>\n<meta name=\"author\" content=\"admin\" \/>\n<meta name=\"twitter:card\" content=\"summary_large_image\" \/>\n<meta name=\"twitter:label1\" content=\"Written by\" \/>\n\t<meta name=\"twitter:data1\" content=\"admin\" \/>\n\t<meta name=\"twitter:label2\" content=\"Est. reading time\" \/>\n\t<meta name=\"twitter:data2\" content=\"3 minutes\" \/>\n<script type=\"application\/ld+json\" class=\"yoast-schema-graph\">{\"@context\":\"https:\\\/\\\/schema.org\",\"@graph\":[{\"@type\":\"Article\",\"@id\":\"https:\\\/\\\/medvegjasot.com\\\/?p=4437#article\",\"isPartOf\":{\"@id\":\"https:\\\/\\\/medvegjasot.com\\\/?p=4437\"},\"author\":{\"name\":\"admin\",\"@id\":\"https:\\\/\\\/medvegjasot.com\\\/#\\\/schema\\\/person\\\/f2be1a84f4e95d0cb032946a1cf2e594\"},\"headline\":\"PETER SORENSEN, NUK DO T\u00cb DUHEJ HARRUAR PRESHEV\u00cbN, MEDVEGJ\u00cbN DHE BUJANOCIN\",\"datePublished\":\"2025-03-19T07:35:58+00:00\",\"dateModified\":\"2025-03-20T10:25:43+00:00\",\"mainEntityOfPage\":{\"@id\":\"https:\\\/\\\/medvegjasot.com\\\/?p=4437\"},\"wordCount\":756,\"commentCount\":0,\"publisher\":{\"@id\":\"https:\\\/\\\/medvegjasot.com\\\/#organization\"},\"image\":{\"@id\":\"https:\\\/\\\/medvegjasot.com\\\/?p=4437#primaryimage\"},\"thumbnailUrl\":\"https:\\\/\\\/medvegjasot.com\\\/wp-content\\\/uploads\\\/2024\\\/12\\\/IMG_1071.jpeg\",\"articleSection\":[\"AKTUALE\"],\"inLanguage\":\"en-US\",\"potentialAction\":[{\"@type\":\"CommentAction\",\"name\":\"Comment\",\"target\":[\"https:\\\/\\\/medvegjasot.com\\\/?p=4437#respond\"]}]},{\"@type\":\"WebPage\",\"@id\":\"https:\\\/\\\/medvegjasot.com\\\/?p=4437\",\"url\":\"https:\\\/\\\/medvegjasot.com\\\/?p=4437\",\"name\":\"PETER SORENSEN, NUK DO T\u00cb DUHEJ HARRUAR PRESHEV\u00cbN, MEDVEGJ\u00cbN DHE BUJANOCIN - Medvegja Sot\",\"isPartOf\":{\"@id\":\"https:\\\/\\\/medvegjasot.com\\\/#website\"},\"primaryImageOfPage\":{\"@id\":\"https:\\\/\\\/medvegjasot.com\\\/?p=4437#primaryimage\"},\"image\":{\"@id\":\"https:\\\/\\\/medvegjasot.com\\\/?p=4437#primaryimage\"},\"thumbnailUrl\":\"https:\\\/\\\/medvegjasot.com\\\/wp-content\\\/uploads\\\/2024\\\/12\\\/IMG_1071.jpeg\",\"datePublished\":\"2025-03-19T07:35:58+00:00\",\"dateModified\":\"2025-03-20T10:25:43+00:00\",\"breadcrumb\":{\"@id\":\"https:\\\/\\\/medvegjasot.com\\\/?p=4437#breadcrumb\"},\"inLanguage\":\"en-US\",\"potentialAction\":[{\"@type\":\"ReadAction\",\"target\":[\"https:\\\/\\\/medvegjasot.com\\\/?p=4437\"]}]},{\"@type\":\"ImageObject\",\"inLanguage\":\"en-US\",\"@id\":\"https:\\\/\\\/medvegjasot.com\\\/?p=4437#primaryimage\",\"url\":\"https:\\\/\\\/medvegjasot.com\\\/wp-content\\\/uploads\\\/2024\\\/12\\\/IMG_1071.jpeg\",\"contentUrl\":\"https:\\\/\\\/medvegjasot.com\\\/wp-content\\\/uploads\\\/2024\\\/12\\\/IMG_1071.jpeg\",\"width\":2048,\"height\":1152},{\"@type\":\"BreadcrumbList\",\"@id\":\"https:\\\/\\\/medvegjasot.com\\\/?p=4437#breadcrumb\",\"itemListElement\":[{\"@type\":\"ListItem\",\"position\":1,\"name\":\"Home\",\"item\":\"https:\\\/\\\/medvegjasot.com\\\/\"},{\"@type\":\"ListItem\",\"position\":2,\"name\":\"PETER SORENSEN, NUK DO T\u00cb DUHEJ HARRUAR PRESHEV\u00cbN, MEDVEGJ\u00cbN DHE BUJANOCIN\"}]},{\"@type\":\"WebSite\",\"@id\":\"https:\\\/\\\/medvegjasot.com\\\/#website\",\"url\":\"https:\\\/\\\/medvegjasot.com\\\/\",\"name\":\"Medvegja Sot\",\"description\":\"Portal Lajmesh\",\"publisher\":{\"@id\":\"https:\\\/\\\/medvegjasot.com\\\/#organization\"},\"alternateName\":\"MS\",\"potentialAction\":[{\"@type\":\"SearchAction\",\"target\":{\"@type\":\"EntryPoint\",\"urlTemplate\":\"https:\\\/\\\/medvegjasot.com\\\/?s={search_term_string}\"},\"query-input\":{\"@type\":\"PropertyValueSpecification\",\"valueRequired\":true,\"valueName\":\"search_term_string\"}}],\"inLanguage\":\"en-US\"},{\"@type\":\"Organization\",\"@id\":\"https:\\\/\\\/medvegjasot.com\\\/#organization\",\"name\":\"Medvegja Sot\",\"alternateName\":\"MS\",\"url\":\"https:\\\/\\\/medvegjasot.com\\\/\",\"logo\":{\"@type\":\"ImageObject\",\"inLanguage\":\"en-US\",\"@id\":\"https:\\\/\\\/medvegjasot.com\\\/#\\\/schema\\\/logo\\\/image\\\/\",\"url\":\"https:\\\/\\\/medvegjasot.com\\\/wp-content\\\/uploads\\\/2024\\\/08\\\/logo.png\",\"contentUrl\":\"https:\\\/\\\/medvegjasot.com\\\/wp-content\\\/uploads\\\/2024\\\/08\\\/logo.png\",\"width\":500,\"height\":500,\"caption\":\"Medvegja Sot\"},\"image\":{\"@id\":\"https:\\\/\\\/medvegjasot.com\\\/#\\\/schema\\\/logo\\\/image\\\/\"},\"sameAs\":[\"https:\\\/\\\/www.facebook.com\\\/MedvegjaSot.com1\"]},{\"@type\":\"Person\",\"@id\":\"https:\\\/\\\/medvegjasot.com\\\/#\\\/schema\\\/person\\\/f2be1a84f4e95d0cb032946a1cf2e594\",\"name\":\"admin\",\"image\":{\"@type\":\"ImageObject\",\"inLanguage\":\"en-US\",\"@id\":\"https:\\\/\\\/secure.gravatar.com\\\/avatar\\\/2eedc5259426225ddc6f98b4b6728c30418b83e6f70285719780d3518d972ece?s=96&d=mm&r=g\",\"url\":\"https:\\\/\\\/secure.gravatar.com\\\/avatar\\\/2eedc5259426225ddc6f98b4b6728c30418b83e6f70285719780d3518d972ece?s=96&d=mm&r=g\",\"contentUrl\":\"https:\\\/\\\/secure.gravatar.com\\\/avatar\\\/2eedc5259426225ddc6f98b4b6728c30418b83e6f70285719780d3518d972ece?s=96&d=mm&r=g\",\"caption\":\"admin\"},\"url\":\"https:\\\/\\\/medvegjasot.com\\\/?author=2\"}]}<\/script>\n<!-- \/ Yoast SEO plugin. -->","yoast_head_json":{"title":"PETER SORENSEN, NUK DO T\u00cb DUHEJ HARRUAR PRESHEV\u00cbN, MEDVEGJ\u00cbN DHE BUJANOCIN - Medvegja Sot","robots":{"index":"index","follow":"follow","max-snippet":"max-snippet:-1","max-image-preview":"max-image-preview:large","max-video-preview":"max-video-preview:-1"},"canonical":"https:\/\/medvegjasot.com\/?p=4437","og_locale":"en_US","og_type":"article","og_title":"PETER SORENSEN, NUK DO T\u00cb DUHEJ HARRUAR PRESHEV\u00cbN, MEDVEGJ\u00cbN DHE BUJANOCIN - Medvegja Sot","og_description":"Emisari p\u00ebr dialogun mes Kosov\u00ebs dhe Serbis\u00eb, Peter SORENSEN, dje realizoi duke filluar vizit\u00ebn e par\u00eb njoh\u00ebse n\u00eb Republik\u00ebn e Kosov\u00ebs, p\u00ebr dialogun mes Kosov\u00ebs dhe Serbis\u00eb. Emisari Peter SORENSEN, do t\u00eb duhej trajton diskriminimin e krahin\u00ebs shqiptare n\u00eb Serbi, dhe k\u00ebshtu nuk do ti p\u00ebrs\u00ebrit\u00eb gabimet e r\u00ebnda e paraardh\u00ebsit, duke praktikuar dy standard...","og_url":"https:\/\/medvegjasot.com\/?p=4437","og_site_name":"Medvegja Sot","article_publisher":"https:\/\/www.facebook.com\/MedvegjaSot.com1","article_published_time":"2025-03-19T07:35:58+00:00","article_modified_time":"2025-03-20T10:25:43+00:00","og_image":[{"width":2048,"height":1152,"url":"https:\/\/medvegjasot.com\/wp-content\/uploads\/2024\/12\/IMG_1071.jpeg","type":"image\/jpeg"}],"author":"admin","twitter_card":"summary_large_image","twitter_misc":{"Written by":"admin","Est. reading time":"3 minutes"},"schema":{"@context":"https:\/\/schema.org","@graph":[{"@type":"Article","@id":"https:\/\/medvegjasot.com\/?p=4437#article","isPartOf":{"@id":"https:\/\/medvegjasot.com\/?p=4437"},"author":{"name":"admin","@id":"https:\/\/medvegjasot.com\/#\/schema\/person\/f2be1a84f4e95d0cb032946a1cf2e594"},"headline":"PETER SORENSEN, NUK DO T\u00cb DUHEJ HARRUAR PRESHEV\u00cbN, MEDVEGJ\u00cbN DHE BUJANOCIN","datePublished":"2025-03-19T07:35:58+00:00","dateModified":"2025-03-20T10:25:43+00:00","mainEntityOfPage":{"@id":"https:\/\/medvegjasot.com\/?p=4437"},"wordCount":756,"commentCount":0,"publisher":{"@id":"https:\/\/medvegjasot.com\/#organization"},"image":{"@id":"https:\/\/medvegjasot.com\/?p=4437#primaryimage"},"thumbnailUrl":"https:\/\/medvegjasot.com\/wp-content\/uploads\/2024\/12\/IMG_1071.jpeg","articleSection":["AKTUALE"],"inLanguage":"en-US","potentialAction":[{"@type":"CommentAction","name":"Comment","target":["https:\/\/medvegjasot.com\/?p=4437#respond"]}]},{"@type":"WebPage","@id":"https:\/\/medvegjasot.com\/?p=4437","url":"https:\/\/medvegjasot.com\/?p=4437","name":"PETER SORENSEN, NUK DO T\u00cb DUHEJ HARRUAR PRESHEV\u00cbN, MEDVEGJ\u00cbN DHE BUJANOCIN - Medvegja Sot","isPartOf":{"@id":"https:\/\/medvegjasot.com\/#website"},"primaryImageOfPage":{"@id":"https:\/\/medvegjasot.com\/?p=4437#primaryimage"},"image":{"@id":"https:\/\/medvegjasot.com\/?p=4437#primaryimage"},"thumbnailUrl":"https:\/\/medvegjasot.com\/wp-content\/uploads\/2024\/12\/IMG_1071.jpeg","datePublished":"2025-03-19T07:35:58+00:00","dateModified":"2025-03-20T10:25:43+00:00","breadcrumb":{"@id":"https:\/\/medvegjasot.com\/?p=4437#breadcrumb"},"inLanguage":"en-US","potentialAction":[{"@type":"ReadAction","target":["https:\/\/medvegjasot.com\/?p=4437"]}]},{"@type":"ImageObject","inLanguage":"en-US","@id":"https:\/\/medvegjasot.com\/?p=4437#primaryimage","url":"https:\/\/medvegjasot.com\/wp-content\/uploads\/2024\/12\/IMG_1071.jpeg","contentUrl":"https:\/\/medvegjasot.com\/wp-content\/uploads\/2024\/12\/IMG_1071.jpeg","width":2048,"height":1152},{"@type":"BreadcrumbList","@id":"https:\/\/medvegjasot.com\/?p=4437#breadcrumb","itemListElement":[{"@type":"ListItem","position":1,"name":"Home","item":"https:\/\/medvegjasot.com\/"},{"@type":"ListItem","position":2,"name":"PETER SORENSEN, NUK DO T\u00cb DUHEJ HARRUAR PRESHEV\u00cbN, MEDVEGJ\u00cbN DHE BUJANOCIN"}]},{"@type":"WebSite","@id":"https:\/\/medvegjasot.com\/#website","url":"https:\/\/medvegjasot.com\/","name":"Medvegja Sot","description":"Portal Lajmesh","publisher":{"@id":"https:\/\/medvegjasot.com\/#organization"},"alternateName":"MS","potentialAction":[{"@type":"SearchAction","target":{"@type":"EntryPoint","urlTemplate":"https:\/\/medvegjasot.com\/?s={search_term_string}"},"query-input":{"@type":"PropertyValueSpecification","valueRequired":true,"valueName":"search_term_string"}}],"inLanguage":"en-US"},{"@type":"Organization","@id":"https:\/\/medvegjasot.com\/#organization","name":"Medvegja Sot","alternateName":"MS","url":"https:\/\/medvegjasot.com\/","logo":{"@type":"ImageObject","inLanguage":"en-US","@id":"https:\/\/medvegjasot.com\/#\/schema\/logo\/image\/","url":"https:\/\/medvegjasot.com\/wp-content\/uploads\/2024\/08\/logo.png","contentUrl":"https:\/\/medvegjasot.com\/wp-content\/uploads\/2024\/08\/logo.png","width":500,"height":500,"caption":"Medvegja Sot"},"image":{"@id":"https:\/\/medvegjasot.com\/#\/schema\/logo\/image\/"},"sameAs":["https:\/\/www.facebook.com\/MedvegjaSot.com1"]},{"@type":"Person","@id":"https:\/\/medvegjasot.com\/#\/schema\/person\/f2be1a84f4e95d0cb032946a1cf2e594","name":"admin","image":{"@type":"ImageObject","inLanguage":"en-US","@id":"https:\/\/secure.gravatar.com\/avatar\/2eedc5259426225ddc6f98b4b6728c30418b83e6f70285719780d3518d972ece?s=96&d=mm&r=g","url":"https:\/\/secure.gravatar.com\/avatar\/2eedc5259426225ddc6f98b4b6728c30418b83e6f70285719780d3518d972ece?s=96&d=mm&r=g","contentUrl":"https:\/\/secure.gravatar.com\/avatar\/2eedc5259426225ddc6f98b4b6728c30418b83e6f70285719780d3518d972ece?s=96&d=mm&r=g","caption":"admin"},"url":"https:\/\/medvegjasot.com\/?author=2"}]}},"jetpack_featured_media_url":"https:\/\/medvegjasot.com\/wp-content\/uploads\/2024\/12\/IMG_1071.jpeg","_links":{"self":[{"href":"https:\/\/medvegjasot.com\/index.php?rest_route=\/wp\/v2\/posts\/4437","targetHints":{"allow":["GET"]}}],"collection":[{"href":"https:\/\/medvegjasot.com\/index.php?rest_route=\/wp\/v2\/posts"}],"about":[{"href":"https:\/\/medvegjasot.com\/index.php?rest_route=\/wp\/v2\/types\/post"}],"author":[{"embeddable":true,"href":"https:\/\/medvegjasot.com\/index.php?rest_route=\/wp\/v2\/users\/2"}],"replies":[{"embeddable":true,"href":"https:\/\/medvegjasot.com\/index.php?rest_route=%2Fwp%2Fv2%2Fcomments&post=4437"}],"version-history":[{"count":3,"href":"https:\/\/medvegjasot.com\/index.php?rest_route=\/wp\/v2\/posts\/4437\/revisions"}],"predecessor-version":[{"id":4484,"href":"https:\/\/medvegjasot.com\/index.php?rest_route=\/wp\/v2\/posts\/4437\/revisions\/4484"}],"wp:featuredmedia":[{"embeddable":true,"href":"https:\/\/medvegjasot.com\/index.php?rest_route=\/wp\/v2\/media\/3659"}],"wp:attachment":[{"href":"https:\/\/medvegjasot.com\/index.php?rest_route=%2Fwp%2Fv2%2Fmedia&parent=4437"}],"wp:term":[{"taxonomy":"category","embeddable":true,"href":"https:\/\/medvegjasot.com\/index.php?rest_route=%2Fwp%2Fv2%2Fcategories&post=4437"},{"taxonomy":"post_tag","embeddable":true,"href":"https:\/\/medvegjasot.com\/index.php?rest_route=%2Fwp%2Fv2%2Ftags&post=4437"}],"curies":[{"name":"wp","href":"https:\/\/api.w.org\/{rel}","templated":true}]}}