{"id":4381,"date":"2025-03-18T08:23:55","date_gmt":"2025-03-18T08:23:55","guid":{"rendered":"https:\/\/medvegjasot.com\/?p=4381"},"modified":"2025-03-19T23:32:42","modified_gmt":"2025-03-19T23:32:42","slug":"muharrem-salihu-spastrimi-etnik-serb-eshte-forma-me-e-persosur-e-persekutimit-modern","status":"publish","type":"post","link":"https:\/\/medvegjasot.com\/?p=4381","title":{"rendered":"MUHARREM SALIHU &#8211; SPASTRIMI ETNIK SERB \u00cbSHT\u00cb FORMA M\u00cb\u00a0\u00a0E P\u00cbRSOSUR E PERSEKUTIMIT MODERN\u2026!\u00a0"},"content":{"rendered":"\n<p><strong>Salihu ka arritur megjithat\u00eb ta kthej\u00eb \u00e7\u00ebshtjen e shqiptar\u00ebve t\u00eb \u00e7\u2019regjistruar n\u00eb diskutimet diplomatike t\u00eb ministrive t\u00eb jashtme t\u00eb Shqip\u00ebris\u00eb e Kosov\u00ebs dhe diplomat\u00ebve t\u00eb huaj n\u00eb Serbi, si p\u00ebrpjekje p\u00ebr t\u00eb rikthyer n\u00eb vend shqiptar\u00ebt e ikur e shqiptar\u00ebt e \u201cp\u00ebrz\u00ebn\u00eb\u201d.<\/strong><\/p>\n\n\n\n<p><strong>N\u00eb 100 vitet e fundit, numri i shqiptar\u00ebve n\u00eb Medvegj\u00eb, n\u00eb Serbin\u00eb jugore, \u00ebsht\u00eb rrudhur ndjesh\u00ebm, aq sa tashm\u00eb flitet p\u00ebr shpopullim. Shp\u00ebrnguljet e m\u00ebdha q\u00eb nis\u00ebn me Kongresin e Berlinit, vijuan m\u00eb 1912 dhe gjat\u00eb dy Luft\u00ebrave Bot\u00ebrore. N\u00eb dit\u00ebt tona, qyteti i shqiptar\u00ebve po humb p\u00ebrcaktimin etnik, duke rrudhur kufijt\u00eb e shtrirjes s\u00eb identitetit ton\u00eb n\u00eb Ballkan, transmeton MEDVEGJASOT.COM<\/strong><\/p>\n\n\n\n<p>Ju paraqesim nj\u00eb projekt me p\u00ebrmbledhje, Intervista, takime, lobim, sensibilizim i fuqish\u00ebm dhe i kushtuesh\u00ebm \u201cspastrim etnik digjital\u201d kund\u00ebr komunitetit shqiptar, duke zhdukur sistematikisht t\u00eb drejt\u00ebn e tyre p\u00ebr t\u00eb jetuar n\u00eb tokat e t\u00eb par\u00ebve nga puna dhe aktiviteti i z. <strong>Muharrem Salihu <\/strong>&#8211; <strong>MEDVEGJA NUK \u00cbSHT\u00cb VET\u00cbM <\/strong>&#8211;&nbsp;Shqiptar\u00ebt e komunave Medvegj\u00eb, Bujanoc e Preshev\u00eb jan\u00eb duke vazhduar t\u00eb p\u00ebrballen me problemin e pasivizimit t\u00eb adresave nga ana e autoriteteve shtet\u00ebrore n\u00eb Serbi.<\/p>\n\n\n\n<p><br><strong>Muharrem Salih<\/strong>u, ish-k\u00ebshilltar Komunal n\u00eb Medvegj\u00eb, n\u00eb \u201cEdicionin Special\u201d n\u00eb Klan Kosova foli p\u00ebr pasivizimi e adresave n\u00eb Lugin\u00eb t\u00eb Preshev\u00ebs. <strong>Lexo m\u00eb shum\u00eb:<\/strong> <a href=\"https:\/\/klankosova.tv\/pasivizimi-i-adresave-ne-lugine-salihu-mekanizem-per-te-ndryshuar-raportin-nderetnik\/\">Klan Kosovahttps:\/\/klankosova.tvPasivizimi i adresave n\u00eb Lugin\u00eb, Salihu: Mekaniz\u00ebm p\u00ebr t\u00eb ndryshuar raportin &#8230;<\/a><\/p>\n\n\n\n<p>\u201cJu jeni d\u00ebshmitar\u00eb q\u00eb Medvegja historikisht ka sh\u00ebrbyer si nj\u00eb vend p\u00ebr t\u00eb b\u00ebr\u00eb eksperimente thuajse p\u00ebr t\u00eb gjitha planet q\u00eb kan\u00eb qen\u00eb t\u00eb destinuara p\u00ebr hap\u00ebsirat tona, sidomos n\u00eb ish Jugosllavi. Shkojm\u00eb t\u00eb vitet e 80-ta kur n\u00eb Medvegj\u00eb kan\u00eb filluar t\u00eb ndryshojn\u00eb emrat e heronjve t\u00eb popullit, shkollave, e me radh\u00eb dhe duke qen\u00eb rezistenca m\u00eb e vog\u00ebl pastaj kan\u00eb aplikuar n\u00eb Preshev\u00eb, Bujanoc dhe pastaj kan\u00eb kaluar n\u00eb Kosov\u00eb q\u00eb i kan\u00eb nd\u00ebrruar me emra t\u00eb rrug\u00ebve me emra t\u00eb shkoll\u00ebs e me radh\u00eb. Edhe sot e nj\u00ebjta gj\u00eb por n\u00eb m\u00ebnyr\u00eb m\u00eb t\u00eb p\u00ebrsosur po vazhdon\u201d, ka pohuar ai transmeton Telegrafi. <strong>Lexo m\u00eb shum\u00eb\u2026<\/strong><a href=\"https:\/\/telegrafi.com\/pasivizimi-adresave-te-shqiptareve-salihu-ne-medvegje-po-testohet-ndjenja-kombetare\/amp\/\"><br>Telegrafihttps:\/\/telegrafi.comPasivizimi i adresave t\u00eb shqiptar\u00ebve, Salihu: N\u00eb Medvegj\u00eb po testohet &#8230;<\/a><\/p>\n\n\n\n<p>Vazhdimi i angazhimit nd\u00ebrkomb\u00ebtar p\u00ebr ndalimin e pasivizimit t\u00eb adresave. <strong>Lexo m\u00eb shum\u00eb: <\/strong><a href=\"https:\/\/medvegjasot.com\/?p=4176\">Kryeministri i Republik\u00ebs s\u00eb Kosov\u00ebs z. Albin Kurti priti n\u00eb nj\u00eb takim p\u00ebrfaq\u00ebsues nga Medvegja !<\/a><\/p>\n\n\n\n<p><strong>Salihu<\/strong> thirrje Prishtin\u00ebs dhe Tiran\u00ebs: Ktheni syt\u00eb kah Medvegja, shqiptar\u00ebt po shlyhen nga regjistri, \u201c\u00cbsht\u00eb e domosdoshme dhe emergjente q\u00eb \u00e7\u00ebshtja e shqiptar\u00ebve t\u00eb tre komunave t\u00eb p\u00ebrfshihet n\u00eb dialogun mes Kosov\u00ebs dhe Serbis\u00eb. Tani \u00ebsht\u00eb koha e fundit q\u00eb Tirana t\u00eb deklarohet p\u00ebr k\u00ebt\u00eb \u00e7\u00ebshtje sepse t\u00eb shlyhen 4 mij\u00eb shqiptar\u00eb me nj\u00eb laps, kjo \u00ebsht\u00eb alarmante. Tirana patjet\u00ebr duhet t\u00eb reagoj\u00eb dhe jo t\u00eb hesht\u00eb, sepse p\u00ebrndryshe at\u00ebher\u00eb po bie q\u00eb kjo po b\u00ebhet edhe me p\u00eblqimin e Tiran\u00ebs\u201d, theksoi Salihu.&nbsp;<strong>Lexo m\u00eb shum\u00eb: <\/strong><a href=\"https:\/\/indeksonline.net\/salihu-thirrje-prishtines-dhe-tiranes-ktheni-syte-kah-medvegja-shqiptaret-po-shlyhen-nga-regjistri\/\">Indeksonlinehttps:\/\/indeksonline.netSalihu thirrje Prishtin\u00ebs dhe Tiran\u00ebs: Ktheni syt\u00eb kah Medvegja, shqiptar\u00ebt &#8230;<\/a><\/p>\n\n\n\n<p>Ministrja e Pun\u00ebve t\u00eb Jashtme dhe Diaspor\u00ebs, Meliza Haradinaj Stublla, ka pritur sot n\u00eb nj\u00eb takim, an\u00ebtarin e K\u00ebshillit Komunal t\u00eb Medvegj\u00ebs, Muharrem Salihu me t\u00eb cilin kan\u00eb biseduar p\u00ebr gjendjen e shqiptar\u00ebve n\u00eb Lugin\u00ebn e Preshev\u00ebs.<\/p>\n\n\n\n<p>\u201cSot pata nderin e ve\u00e7ant\u00eb t\u00eb takoja Z. <strong>Muharrem Salihu<\/strong>, an\u00ebtar i K\u00ebshillit Komunal t\u00eb Medvegj\u00ebs, nd\u00ebrmarr\u00ebs dhe patriot i dalluar. D\u00ebgjova me interes t\u00eb lart\u00eb d\u00ebshmin\u00eb e Salihut mbi gjendjen e shqiptar\u00ebve n\u00eb jug t\u00eb Serbis\u00eb dhe problemet e tyre t\u00eb jasht\u00ebzakonshme me shpopullimin e munges\u00ebn e t\u00eb drejtave komb\u00ebtare\u201d, ka th\u00ebn\u00eb ministrja. Ministrja e jashtme ka th\u00ebn\u00eb se angazhimi i <strong>Salihut<\/strong> \u00ebsht\u00eb nj\u00eb shembull se si t\u00eb gjith\u00eb duhet ta ndihmojm\u00eb Lugin\u00ebn.&nbsp;<strong>Lexo m\u00eb shum\u00eb:<\/strong><\/p>\n\n\n\n<p><a href=\"https:\/\/klankosova.tv\/haradinaj-stublla-pasivizimi-i-adresave-te-shqiptareve-ne-serbi-eshte-alarmante\/\"><\/a><a href=\"https:\/\/klankosova.tv\/haradinaj-stublla-pasivizimi-i-adresave-te-shqiptareve-ne-serbi-eshte-alarmante\/\">Klan Kosovahttps:\/\/klankosova.tvHaradinaj Stublla: Pasivizimi i adresave t\u00eb shqiptar\u00ebve n\u00eb Serbi &#8211; \u00ebsht\u00eb alarmante<\/a><\/p>\n\n\n\n<p>Ministri i jasht\u00ebm i Shqip\u00ebris\u00eb, Gent Cakaj vizitoi edhe Medvegj\u00ebn n\u00eb kuad\u00ebr t\u00eb vizit\u00ebs n\u00eb tre komunat shqiptare n\u00eb jug t\u00eb Serbis\u00eb, Cakaj p\u00ebrmes nj\u00eb postimi n\u00eb rrjetet sociale ka informuar mbi vizit\u00ebn n\u00eb Medvegj\u00eb, ku ai tha se \u00ebsht\u00eb fokusuar n\u00eb problemin e pasivizimit t\u00eb adresave t\u00eb shqiptar\u00ebve n\u00eb k\u00ebt\u00eb komun\u00eb dhe se k\u00ebt\u00eb e ka quajtur si problem t\u00eb r\u00ebnd\u00eb.<\/p>\n\n\n\n<p>\u201cN\u00eb Medvegj\u00eb u takuam me k\u00ebshilltar\u00ebt komunal\u00eb shqiptar\u00eb dhe drejtuesin e Grupit Qytetar \u201cT\u00eb gjith\u00eb p\u00ebr Medvegj\u00ebn\u201d, z. <strong>Muharrem Salihu.<\/strong><br>Fol\u00ebm p\u00ebr nevojat e shqiptar\u00ebve n\u00eb Medvegj\u00eb, r\u00ebnd\u00ebsin\u00eb e pun\u00ebs s\u00eb p\u00ebrbashk\u00ebt n\u00eb ngritjen e problemit t\u00eb r\u00ebnd\u00eb t\u00eb pasivizimit t\u00eb adresave dhe domosdoshm\u00ebrin\u00eb e p\u00ebrpilimit t\u00eb nj\u00eb strategjie afatgjat\u00eb n\u00eb sh\u00ebrbim t\u00eb ruajtjes s\u00eb faktorit shqiptar atje\u201d, theksoi Cakaj.<br>Ai gjat\u00eb vizit\u00ebs ka q\u00ebndruar edhe n\u00eb disa shkolla, nd\u00ebrmarrje dhe qendra t\u00eb tjera n\u00eb Medvegj\u00eb, duke th\u00ebn\u00eb se ato jan\u00eb \u201cme r\u00ebnd\u00ebsi t\u00eb posa\u00e7me p\u00ebr zhvillimin e jet\u00ebs s\u00eb bashk\u00ebkombasve tan\u00eb!\u201d <strong>Lexo m\u00eb shum\u00eb:<\/strong><\/p>\n\n\n\n<p><a href=\"https:\/\/www.infoshqip.com\/cakaj-ne-medvegje-pasivizimi-problem-i-rende-do-te-angazhohemi-fuqishem\/\">InfoShqip.comhttps:\/\/www.infoshqip.comCakaj n\u00eb Medvegj\u00eb: Pasivizimi problem i r\u00ebnd\u00eb, do t\u00eb angazhohemi &#8230;<\/a><\/p>\n\n\n\n<p>Kreu i PDIU, Shp\u00ebtim Idrizi, i shoq\u00ebruar nga Sekretarja e P\u00ebrgjithshme e PDIU-s\u00eb, Mesila Doda dhe kreu i Fondacionit \u201cHasan Tahsini\u201d, Alket Veliu, prit\u00ebn n\u00eb nj\u00eb takim zv. Kryetaren e Kuvendit t\u00eb Kosov\u00ebs znj. Arb\u00ebrie Nagovci dhe veprimtarin dhe Asambleistin e Komun\u00ebs s\u00eb Medvegj\u00ebs z. <strong>Muharrem Salihu<\/strong>, i sapo nderuar me titullin \u201cKalor\u00ebs i Urdhrit t\u00eb Sk\u00ebnderbeut\u201d nga presidenti Ilir Meta. <strong>Lexo m\u00eb shum\u00eb:<\/strong><\/p>\n\n\n\n<p><a href=\"http:\/\/www.panorama.com.al\/te-ndalet-spastrimi-etnik-i-shqiptareve-ne-luginen-e-presheves-idrizi-pret-nenkryetaren-e-parlamentit-te-kosoves-te-mos-kthehet-ne-nje-cameri-te-dyte\/\">Panoramahttp:\/\/www.panorama.com.al\u201cT\u00eb ndalet spastrimi etnik i shqiptar\u00ebve n\u00eb Lugin\u00ebn e Preshev\u00ebs\u201d\/ Idrizi pret &#8230;<\/a><\/p>\n\n\n\n<p><\/p>\n\n\n\n<p><\/p>\n\n\n\n<p><\/p>\n\n\n\n<p>Pasivizimi i adresave t\u00eb shqiptar\u00ebve n\u00eb Medvegj\u00eb\/ Plani i Kosov\u00ebs? Salihu: Duhet veprim i fuqish\u00ebm para censusit. <strong>Lexo m\u00eb shum\u00eb:<\/strong><a href=\"https:\/\/www.balkanweb.com\/pasivizimi-i-adresave-te-shqiptareve-ne-medvegje-plani-i-kosoves-salihu-duhet-veprim-i-fuqishem-para-censusit\">https:\/\/www.balkanweb.com\/pasivizimi-i-adresave-te-shqiptareve-ne-medvegje-plani-i-kosoves-salihu-duhet-veprim-i-fuqishem-para-censusit<\/a><\/p>\n\n\n\n<p><strong>Muharrem Salihu<\/strong> &#8211; Pasivizimi i adresave t\u00eb shqiptar\u00ebve n\u00eb Lugin\u00ebn e Preshev\u00ebs: nj\u00eb \u00e7\u00ebshtje drejt\u00ebsie nd\u00ebrkomb\u00ebtare. Nj\u00eb realitet tragjik: Gjat\u00eb mandatit tim n\u00eb K\u00ebshillin Komunal t\u00eb Medvegj\u00ebs (2015-2019), kam qen\u00eb d\u00ebshmitar i pasivizimit t\u00eb 3.095 adresave. Ky fenomen, q\u00eb vazhdon ende sot, p\u00ebrfaq\u00ebson nj\u00eb \u201cspastrim etnik digjital\u201d kund\u00ebr komunitetit shqiptar, duke zhdukur sistematikisht t\u00eb drejt\u00ebn e tyre p\u00ebr t\u00eb jetuar n\u00eb tokat e t\u00eb par\u00ebve. <strong>Lexo m\u00eb shum\u00eb: <\/strong><a href=\"https:\/\/medvegjasot.com\/?p=3583\">Muharrem Salihu: Pasivizimi i adresave t\u00eb shqiptar\u00ebve n\u00eb Lugin\u00ebn e Preshev\u00ebs: nj\u00eb \u00e7\u00ebshtje drejt\u00ebsie nd\u00ebrkomb\u00ebtare.<\/a><\/p>\n\n\n\n<p>Pasivizimi i adresave t\u00eb shqiptar\u00ebve n\u00eb Medvegj\u00eb\/ Plani i Kosov\u00ebs? <strong>Salihu<\/strong>: Duhet veprim i fuqish\u00ebm para censusit. <strong>Lexo m\u00eb shum\u00eb:<\/strong><\/p>\n\n\n\n<p><a href=\"https:\/\/www.balkanweb.com\/pasivizimi-i-adresave-te-shqiptareve-ne-medvegje-plani-i-kosoves-salihu-duhet-veprim-i-fuqishem-para-censusit\/\"><\/a><a href=\"https:\/\/www.balkanweb.com\/pasivizimi-i-adresave-te-shqiptareve-ne-medvegje-plani-i-kosoves-salihu-duhet-veprim-i-fuqishem-para-censusit\/\">Balkanweb.comhttps:\/\/www.balkanweb.comPasivizimi i adresave t\u00eb shqiptar\u00ebve n\u00eb Medvegj\u00eb\/ Plani i Kosov\u00ebs? Salihu<\/a><\/p>\n\n\n\n<p>Forumi Shqiptar p\u00ebr Zhvillim Ekonomik n\u00eb Serbi (<strong>AFEDS<\/strong>) n\u00eb Prishtin\u00eb ka mbajtur nje tryez\u00eb p\u00ebr gjendjen e shqiptar\u00ebve n\u00eb Medvegj\u00eb, sidomos problemin e pasivizimit t\u00eb adresave dhe zhb\u00ebrjen e dokumenteve t\u00eb shqiptar\u00ebve etnik.&nbsp;<strong>Lexo m\u00eb shum\u00eb:<\/strong> <a href=\"https:\/\/www.botasot.info\/lajme\/1240617\/muharrem-salihu-sikur-valter-brani-sarajevo-mbron-medvegjen-i-shpall-lufte-diskriminimit\/\">Bota Sothttps:\/\/www.botasot.infoMuharrem Salihu (sikur \u201cValter brani Sarajevo\u201d) mbron Medvegjen! I shpall &#8230;<\/a><\/p>\n\n\n\n<p>P\u00ebr m\u00eb shum\u00eb se pes\u00eb vite, Serbia ka filluar q\u00eb pa zhurm\u00eb t\u00eb b\u00ebj \u00e7regjistrimin e shqiptar\u00ebve n\u00eb Komun\u00ebn e Medvegj\u00ebs, nj\u00ebr\u00ebn nga tri komunat shqiptare q\u00eb jan\u00eb pjes\u00eb e shtetit serb, ku po b\u00ebhet pasivizimi i adresave, n\u00eb vazhd\u00ebn e trajtimit diskriminues ndaj shqiptar\u00ebve t\u00eb Lugin\u00ebs s\u00eb Preshev\u00ebs.<\/p>\n\n\n\n<p>K\u00ebshtu ka th\u00ebn\u00eb an\u00ebtari i K\u00ebshillit Komunal t\u00eb Medvegj\u00ebs, <strong>Muharrem Salihu <\/strong>duke shtuar se \u201ct\u00eb qenurit pjes\u00eb e grupit t\u00eb shqiptar\u00ebve pa dokumente, ka ndihmuar \u00e7regjistrimin e tyre n\u00eb Serbi dhe ka penguar kthimin e tyre n\u00eb vatrat e t\u00eb par\u00ebve n\u00eb Medvegj\u00eb, Bujanovc apo Preshev\u00eb\u201d.<\/p>\n\n\n\n<p><strong>Salihu<\/strong> sqaron se shqiptar\u00ebt e Serbis\u00eb t\u00eb shp\u00ebrngulur n\u00eb Kosov\u00eb, nuk u pajis\u00ebn asnj\u00ebher\u00eb me dokumente nga shteti serb, p\u00ebr pasoj\u00eb ata nuk mund t\u00eb pajiseshin me dokumente n\u00eb Kosov\u00eb, gj\u00eb e cila preku edhe t\u00eb lindurit e k\u00ebtyre familjeve n\u00eb Kosov\u00eb.<\/p>\n\n\n\n<p>Ndaj shqiptar\u00ebt e Medvegj\u00ebs dhe Lugin\u00ebs, q\u00eb jan\u00eb banor\u00eb t\u00eb p\u00ebrkohsh\u00ebm n\u00eb Kosov\u00eb, mbet\u00ebn t\u00eb huaj si n\u00eb vendlindje edhe n\u00eb Kosov\u00eb.<\/p>\n\n\n\n<p>Nj\u00eb gj\u00eb e till\u00eb, sipas <strong>Salihut<\/strong> nuk \u00ebsht\u00eb e rast\u00ebsishme, por \u00ebsht\u00eb nj\u00eb p\u00ebrllogaritje e menduar mir\u00eb, p\u00ebr t\u00eb larguar shqiptar\u00ebt nga Medvegja fillimisht, e pastaj edhe nga Bujanoci e Presheva.&nbsp;<strong>Lexo m\u00eb shum\u00eb:<\/strong> <a href=\"https:\/\/www.gazetaexpress.com\/shqiptaret-e-shperngulur-nga-lugina-te-huaj-ne-vendlindje-te-huaj-ne-kosove\/\">Gazeta Expresshttps:\/\/www.gazetaexpress.comShqiptar\u00ebt e shp\u00ebrngulur nga Lugina &#8211; t\u00eb huaj n\u00eb vendlindje, t\u00eb huaj n\u00eb Kosov\u00eb<\/a><\/p>\n\n\n\n<p><strong>Salihu<\/strong> \u201clet\u00ebr t\u00eb hapur\u201d Laj\u00e7akut p\u00ebr spastrimin etnik t\u00eb shqiptar\u00ebve nga Serbia. Ne v\u00ebrtet nuk kemi luft\u00eb n\u00eb trojet tona dhe CNN apo Euronews jan\u00eb t\u00eb pranishme kudo, krejt ndryshe nga genocidet dhe spastrimet e tjera etnike n\u00eb Ballkan p\u00ebrgjat\u00eb historis\u00eb. Mir\u00ebpo pik\u00ebrisht sepse spastrimi yn\u00eb etnik \u00ebsht\u00eb kaq a\u00e7ik ose i paturpsh\u00ebm, situata \u00ebsht\u00eb dramatike dhe k\u00ebrkon zgjidhje. <strong>Lexo m\u00eb shum\u00eb:<\/strong><\/p>\n\n\n\n<p><a href=\"https:\/\/www.shqiperiajone.org\/lajmi-kryesor-vendi\/salihu-leter-te-hapur-lajcakut-spastrimin-etnik-te-shqiptareve-nga-serbia\"><\/a><a href=\"https:\/\/www.shqiperiajone.org\/lajmi-kryesor-vendi\/salihu-leter-te-hapur-lajcakut-spastrimin-etnik-te-shqiptareve-nga-serbia\">shqiperiajone.orghttps:\/\/www.shqiperiajone.orgSalihu \u201clet\u00ebr t\u00eb hapur\u201d Laj\u00e7akut p\u00ebr spastrimin etnik t\u00eb shqiptar\u00ebve nga &#8230;<\/a><\/p>\n\n\n\n<p><strong>Muharrem Salihu<\/strong>, Forumit Shqiptar p\u00ebr Zhvillim Ekonomik n\u00eb Serbi (<strong>AFEDS<\/strong>) thot\u00eb se \u201cshqiptar\u00ebt e pasivizuar n\u00eb Serbi jan\u00eb t\u00eb indinjuar thell\u00ebsisht me p\u00ebrfaq\u00ebsuesit e tyre, t\u00eb cil\u00ebt premtuan se do t\u00eb regjistroheshin p\u00ebr t\u00eb rikthyer adresat, nd\u00ebrkoh\u00eb atyre u mohohet kjo e drejt\u00eb elementare, si veprim i radh\u00ebs p\u00ebr t\u00eb mbuluar krimin e pasivizimit, i cili gjithashtu kishte p\u00ebr q\u00ebllim q\u00eb t\u00eb mbulonte krimin e deportimit t\u00eb dhunsh\u00ebm pas luft\u00ebs n\u00eb Kosov\u00eb.\u201d<\/p>\n\n\n\n<p>Komiteti i Helsinkit nga ana tjet\u00ebr apelon q\u00eb t\u00eb gjendet nj\u00eb zgjidhje institucionale p\u00ebr zgjidhjen sa m\u00eb t\u00eb shpejt\u00eb t\u00eb k\u00ebsaj situate.<br>Ligji p\u00ebr Regjistrimin e Popullsis\u00eb, Familjeve dhe Banesave n\u00eb vitin 2022, i cili u miratua nga Kuvendi Komb\u00ebtar m\u00eb 7 Prill 2021, nuk p\u00ebrfshin shtetasit vendas t\u00eb pasivizuar.<\/p>\n\n\n\n<p>Ky ligj parashikon banesat dhe objektet e banuara si objekt regjistrimi, por, nuk parashikon pronar\u00ebt e tyre \u2013 edhe n\u00ebse jan\u00eb shtetas t\u00eb Republikes s\u00eb Serbis\u00eb.<\/p>\n\n\n\n<p>Duhet t\u00eb kemi parasysh q\u00eb popullsis\u00eb shqiptare t\u00eb Serbis\u00eb i \u00ebsht\u00eb b\u00ebr\u00eb nj\u00eb pasivizim sistematik prej shekujsh, por s\u00eb fundmi pasivizimi ka filluar n\u00eb koh\u00ebn e luft\u00ebs n\u00eb Kosov\u00eb dhe vazhdon edhe tani.<\/p>\n\n\n\n<p>Mij\u00ebra shqiptar\u00eb t\u00eb pasivizuar jetojn\u00eb n\u00eb Kosov\u00eb pa asnj\u00eb lloj dokumenti identifikimi dhe mij\u00ebra shqiptar\u00eb t\u00eb tjer\u00eb t\u00eb pasivizuar kan\u00eb marr\u00eb udh\u00ebn e emigracionit n\u00eb vende t\u00eb ndryshme t\u00eb Evrop\u00ebs dhe bot\u00ebs. Kjo gj\u00eb sipas <strong>Muharrem Salihut<\/strong> \u00ebsht\u00eb krejt\u00ebsisht e q\u00ebllimshme.<\/p>\n\n\n\n<p>\u201cGjendja reale tani n\u00eb Medvegj\u00eb dhe n\u00eb komunat e tjera m\u00eb shumic\u00eb shqiptar\u00eb \u00ebsht\u00eb dramatike. Shqiptar\u00ebt p\u00ebrfudimisht nuk do mund t\u00eb regjistrohen dhe nuk t\u00eb kemi n\u00eb statistika numrin e sakt\u00eb t\u00eb shqitar\u00ebve q\u00eb jetojn\u00eb k\u00ebtu. Ky regjistrim \u00ebsht\u00eb nj\u00eb mjet p\u00ebr t\u00eb fshir\u00eb nj\u00eb her\u00eb e p\u00ebrgjithmon\u00eb popullsin\u00eb shqiptare nga k\u00ebto troje.\u201d p\u00ebrfundon <strong>Muharremi<\/strong>. <strong>Lexo m\u00eb shum\u00eb:<\/strong><\/p>\n\n\n\n<p><a href=\"https:\/\/exit.al\/regjistrimi-elektronik-po-legalizon-krimin-e-pasivizimit-te-shqiptareve-ne-serbi\/\"><\/a><\/p>\n\n\n\n<p><a href=\"https:\/\/exit.al\/regjistrimi-elektronik-po-legalizon-krimin-e-pasivizimit-te-shqiptareve-ne-serbi\/\">exit.alhttps:\/\/exit.alRegjistrimi elektronik po legalizon krimin e pasivizimit t\u00eb shqiptar\u00ebve n\u00eb Serbi<\/a><\/p>\n\n\n\n<p>Angazhimi profesional e politik i drejtuesit t\u00eb <strong>AFEDS Muharrem Salihut <\/strong>dhe bashk\u00ebpun\u00ebtor\u00ebve t\u00eb tij si dhe mb\u00ebshtetja e duhur n\u00eb qarqet diplomatike evropiane ka b\u00ebr\u00eb q\u00eb pasivizimi i adresave t\u00eb shqiptar\u00ebve, ve\u00e7mas t\u00eb komun\u00ebs s\u00eb Medvegj\u00ebs dhe Mal\u00ebsis\u00eb s\u00eb Bujanocit t\u00eb b\u00ebhet tem\u00eb diskutimi n\u00eb instancat m\u00eb t\u00eb larta evropiane, gjegj\u00ebsisht n\u00eb Parlamentin Evropian.<\/p>\n\n\n\n<p><a href=\"https:\/\/fondacionihasanprishtina.com\/parlamenti-evropian-kerkon-hetim-te-pavarur-per-pasivizimin-e-adresave-te-shqiptareve-ne-serbi\/\"><\/a><strong>Lexo m\u00eb shum\u00eb: <\/strong><a href=\"https:\/\/fondacionihasanprishtina.com\/parlamenti-evropian-kerkon-hetim-te-pavarur-per-pasivizimin-e-adresave-te-shqiptareve-ne-serbi\/\">Fondacioni Hasan Prishtinahttps:\/\/fondacionihasanprishtina.comParlamenti Evropian k\u00ebrkon hetim t\u00eb pavarur p\u00ebr pasivizimin e adresave t\u00eb &#8230;<\/a><\/p>\n\n\n\n<p>Ministri i jasht\u00ebm i Shqip\u00ebris\u00eb, Gent Cakaj vizitoi edhe Medvegj\u00ebn n\u00eb kuad\u00ebr t\u00eb vizit\u00ebs n\u00eb tre komunat shqiptare n\u00eb jug t\u00eb Serbis\u00eb, Cakaj p\u00ebrmes nj\u00eb postimi n\u00eb rrjetet sociale ka informuar mbi vizit\u00ebn n\u00eb Medvegj\u00eb, ku ai tha se \u00ebsht\u00eb fokusuar n\u00eb problemin e pasivizimit t\u00eb adresave t\u00eb shqiptar\u00ebve n\u00eb k\u00ebt\u00eb komun\u00eb dhe se k\u00ebt\u00eb e ka quajtur si problem t\u00eb r\u00ebnd\u00eb.<\/p>\n\n\n\n<p>\u201cN\u00eb Medvegj\u00eb u takuam me k\u00ebshilltar\u00ebt komunal\u00eb shqiptar\u00eb dhe drejtuesin e Grupit Qytetar \u201cT\u00eb gjith\u00eb p\u00ebr Medvegj\u00ebn\u201d, z. <strong>Muharrem Salihu.<\/strong><br>Fol\u00ebm p\u00ebr nevojat e shqiptar\u00ebve n\u00eb Medvegj\u00eb, r\u00ebnd\u00ebsin\u00eb e pun\u00ebs s\u00eb p\u00ebrbashk\u00ebt n\u00eb ngritjen e problemit t\u00eb r\u00ebnd\u00eb t\u00eb pasivizimit t\u00eb adresave dhe domosdoshm\u00ebrin\u00eb e p\u00ebrpilimit t\u00eb nj\u00eb strategjie afatgjat\u00eb n\u00eb sh\u00ebrbim t\u00eb ruajtjes s\u00eb faktorit shqiptar atje\u201d, theksoi Cakaj.<br>Ai gjat\u00eb vizit\u00ebs ka q\u00ebndruar edhe n\u00eb disa shkolla, nd\u00ebrmarrje dhe qendra t\u00eb tjera n\u00eb Medvegj\u00eb, duke th\u00ebn\u00eb se ato jan\u00eb \u201cme r\u00ebnd\u00ebsi t\u00eb posa\u00e7me p\u00ebr zhvillimin e jet\u00ebs s\u00eb bashk\u00ebkombasve tan\u00eb! <strong>Lexo m\u00eb shum\u00eb: <\/strong><\/p>\n\n\n\n<p><a href=\"https:\/\/www.infoshqip.com\/cakaj-ne-medvegje-pasivizimi-problem-i-rende-do-te-angazhohemi-fuqishem\/\">InfoShqip.comhttps:\/\/www.infoshqip.comCakaj n\u00eb Medvegj\u00eb: Pasivizimi problem i r\u00ebnd\u00eb, do t\u00eb angazhohemi &#8230;<\/a><\/p>\n\n\n\n<p>Kreu i PDIU, Shp\u00ebtim Idrizi, i shoq\u00ebruar nga Sekretarja e P\u00ebrgjithshme e PDIU-s\u00eb, Mesila Doda dhe kreu i Fondacionit \u201cHasan Tahsini\u201d, Alket Veliu, prit\u00ebn n\u00eb nj\u00eb takim zv. Kryetaren e Kuvendit t\u00eb Kosov\u00ebs znj. Arb\u00ebrie Nagovci dhe veprimtarin dhe Asambleistin e Komun\u00ebs s\u00eb Medvegj\u00ebs z. <strong>Muharrem Salihu<\/strong>, i sapo nderuar me titullin \u201cKalor\u00ebs i Urdhrit t\u00eb Sk\u00ebnderbeut\u201d nga presidenti Ilir Meta. <strong>Lexo m\u00eb shum\u00eb:<\/strong><\/p>\n\n\n\n<p><a href=\"http:\/\/www.panorama.com.al\/te-ndalet-spastrimi-etnik-i-shqiptareve-ne-luginen-e-presheves-idrizi-pret-nenkryetaren-e-parlamentit-te-kosoves-te-mos-kthehet-ne-nje-cameri-te-dyte\/\">Panoramahttp:\/\/www.panorama.com.al\u201cT\u00eb ndalet spastrimi etnik i shqiptar\u00ebve n\u00eb Lugin\u00ebn e Preshev\u00ebs\u201d\/ Idrizi pret &#8230;<\/a> \/<strong>MEDVEGJASOT.COM\/<\/strong><\/p>\n\n\n\n<p><\/p>\n","protected":false},"excerpt":{"rendered":"<p>Salihu ka arritur megjithat\u00eb ta kthej\u00eb \u00e7\u00ebshtjen e shqiptar\u00ebve t\u00eb \u00e7\u2019regjistruar n\u00eb diskutimet diplomatike t\u00eb ministrive t\u00eb jashtme t\u00eb Shqip\u00ebris\u00eb e Kosov\u00ebs dhe diplomat\u00ebve t\u00eb huaj n\u00eb Serbi, si p\u00ebrpjekje p\u00ebr t\u00eb rikthyer n\u00eb vend shqiptar\u00ebt e ikur e shqiptar\u00ebt e \u201cp\u00ebrz\u00ebn\u00eb\u201d. N\u00eb 100 vitet e fundit, numri i shqiptar\u00ebve n\u00eb Medvegj\u00eb, n\u00eb Serbin\u00eb jugore,&#8230;<\/p>\n","protected":false},"author":2,"featured_media":4382,"comment_status":"open","ping_status":"open","sticky":false,"template":"","format":"standard","meta":{"_coblocks_attr":"","_coblocks_dimensions":"","_coblocks_responsive_height":"","_coblocks_accordion_ie_support":"","_monsterinsights_skip_tracking":false,"_monsterinsights_sitenote_active":false,"_monsterinsights_sitenote_note":"","_monsterinsights_sitenote_category":0,"footnotes":""},"categories":[3],"tags":[],"class_list":["post-4381","post","type-post","status-publish","format-standard","has-post-thumbnail","hentry","category-kronika"],"yoast_head":"<!-- This site is optimized with the Yoast SEO plugin v27.5 - https:\/\/yoast.com\/product\/yoast-seo-wordpress\/ -->\n<title>MUHARREM SALIHU - SPASTRIMI ETNIK SERB \u00cbSHT\u00cb FORMA M\u00cb\u00a0\u00a0E P\u00cbRSOSUR E PERSEKUTIMIT MODERN\u2026!\u00a0 - Medvegja Sot<\/title>\n<meta name=\"robots\" content=\"index, follow, max-snippet:-1, max-image-preview:large, max-video-preview:-1\" \/>\n<link rel=\"canonical\" href=\"https:\/\/medvegjasot.com\/?p=4381\" \/>\n<meta property=\"og:locale\" content=\"en_US\" \/>\n<meta property=\"og:type\" content=\"article\" \/>\n<meta property=\"og:title\" content=\"MUHARREM SALIHU - SPASTRIMI ETNIK SERB \u00cbSHT\u00cb FORMA M\u00cb\u00a0\u00a0E P\u00cbRSOSUR E PERSEKUTIMIT MODERN\u2026!\u00a0 - Medvegja Sot\" \/>\n<meta property=\"og:description\" content=\"Salihu ka arritur megjithat\u00eb ta kthej\u00eb \u00e7\u00ebshtjen e shqiptar\u00ebve t\u00eb \u00e7\u2019regjistruar n\u00eb diskutimet diplomatike t\u00eb ministrive t\u00eb jashtme t\u00eb Shqip\u00ebris\u00eb e Kosov\u00ebs dhe diplomat\u00ebve t\u00eb huaj n\u00eb Serbi, si p\u00ebrpjekje p\u00ebr t\u00eb rikthyer n\u00eb vend shqiptar\u00ebt e ikur e shqiptar\u00ebt e \u201cp\u00ebrz\u00ebn\u00eb\u201d. N\u00eb 100 vitet e fundit, numri i shqiptar\u00ebve n\u00eb Medvegj\u00eb, n\u00eb Serbin\u00eb jugore,...\" \/>\n<meta property=\"og:url\" content=\"https:\/\/medvegjasot.com\/?p=4381\" \/>\n<meta property=\"og:site_name\" content=\"Medvegja Sot\" \/>\n<meta property=\"article:publisher\" content=\"https:\/\/www.facebook.com\/MedvegjaSot.com1\" \/>\n<meta property=\"article:published_time\" content=\"2025-03-18T08:23:55+00:00\" \/>\n<meta property=\"article:modified_time\" content=\"2025-03-19T23:32:42+00:00\" \/>\n<meta property=\"og:image\" content=\"https:\/\/medvegjasot.com\/wp-content\/uploads\/2025\/03\/IMG_4870.jpeg\" \/>\n\t<meta property=\"og:image:width\" content=\"1320\" \/>\n\t<meta property=\"og:image:height\" content=\"852\" \/>\n\t<meta property=\"og:image:type\" content=\"image\/jpeg\" \/>\n<meta name=\"author\" content=\"admin\" \/>\n<meta name=\"twitter:card\" content=\"summary_large_image\" \/>\n<meta name=\"twitter:label1\" content=\"Written by\" \/>\n\t<meta name=\"twitter:data1\" content=\"admin\" \/>\n\t<meta name=\"twitter:label2\" content=\"Est. reading time\" \/>\n\t<meta name=\"twitter:data2\" content=\"9 minutes\" \/>\n<script type=\"application\/ld+json\" class=\"yoast-schema-graph\">{\"@context\":\"https:\\\/\\\/schema.org\",\"@graph\":[{\"@type\":\"Article\",\"@id\":\"https:\\\/\\\/medvegjasot.com\\\/?p=4381#article\",\"isPartOf\":{\"@id\":\"https:\\\/\\\/medvegjasot.com\\\/?p=4381\"},\"author\":{\"name\":\"admin\",\"@id\":\"https:\\\/\\\/medvegjasot.com\\\/#\\\/schema\\\/person\\\/f2be1a84f4e95d0cb032946a1cf2e594\"},\"headline\":\"MUHARREM SALIHU &#8211; SPASTRIMI ETNIK SERB \u00cbSHT\u00cb FORMA M\u00cb\u00a0\u00a0E P\u00cbRSOSUR E PERSEKUTIMIT MODERN\u2026!\u00a0\",\"datePublished\":\"2025-03-18T08:23:55+00:00\",\"dateModified\":\"2025-03-19T23:32:42+00:00\",\"mainEntityOfPage\":{\"@id\":\"https:\\\/\\\/medvegjasot.com\\\/?p=4381\"},\"wordCount\":2301,\"commentCount\":0,\"publisher\":{\"@id\":\"https:\\\/\\\/medvegjasot.com\\\/#organization\"},\"image\":{\"@id\":\"https:\\\/\\\/medvegjasot.com\\\/?p=4381#primaryimage\"},\"thumbnailUrl\":\"https:\\\/\\\/medvegjasot.com\\\/wp-content\\\/uploads\\\/2025\\\/03\\\/IMG_4870.jpeg\",\"articleSection\":[\"KRONIKA\"],\"inLanguage\":\"en-US\",\"potentialAction\":[{\"@type\":\"CommentAction\",\"name\":\"Comment\",\"target\":[\"https:\\\/\\\/medvegjasot.com\\\/?p=4381#respond\"]}]},{\"@type\":\"WebPage\",\"@id\":\"https:\\\/\\\/medvegjasot.com\\\/?p=4381\",\"url\":\"https:\\\/\\\/medvegjasot.com\\\/?p=4381\",\"name\":\"MUHARREM SALIHU - SPASTRIMI ETNIK SERB \u00cbSHT\u00cb FORMA M\u00cb\u00a0\u00a0E P\u00cbRSOSUR E PERSEKUTIMIT MODERN\u2026!\u00a0 - Medvegja Sot\",\"isPartOf\":{\"@id\":\"https:\\\/\\\/medvegjasot.com\\\/#website\"},\"primaryImageOfPage\":{\"@id\":\"https:\\\/\\\/medvegjasot.com\\\/?p=4381#primaryimage\"},\"image\":{\"@id\":\"https:\\\/\\\/medvegjasot.com\\\/?p=4381#primaryimage\"},\"thumbnailUrl\":\"https:\\\/\\\/medvegjasot.com\\\/wp-content\\\/uploads\\\/2025\\\/03\\\/IMG_4870.jpeg\",\"datePublished\":\"2025-03-18T08:23:55+00:00\",\"dateModified\":\"2025-03-19T23:32:42+00:00\",\"breadcrumb\":{\"@id\":\"https:\\\/\\\/medvegjasot.com\\\/?p=4381#breadcrumb\"},\"inLanguage\":\"en-US\",\"potentialAction\":[{\"@type\":\"ReadAction\",\"target\":[\"https:\\\/\\\/medvegjasot.com\\\/?p=4381\"]}]},{\"@type\":\"ImageObject\",\"inLanguage\":\"en-US\",\"@id\":\"https:\\\/\\\/medvegjasot.com\\\/?p=4381#primaryimage\",\"url\":\"https:\\\/\\\/medvegjasot.com\\\/wp-content\\\/uploads\\\/2025\\\/03\\\/IMG_4870.jpeg\",\"contentUrl\":\"https:\\\/\\\/medvegjasot.com\\\/wp-content\\\/uploads\\\/2025\\\/03\\\/IMG_4870.jpeg\",\"width\":1320,\"height\":852},{\"@type\":\"BreadcrumbList\",\"@id\":\"https:\\\/\\\/medvegjasot.com\\\/?p=4381#breadcrumb\",\"itemListElement\":[{\"@type\":\"ListItem\",\"position\":1,\"name\":\"Home\",\"item\":\"https:\\\/\\\/medvegjasot.com\\\/\"},{\"@type\":\"ListItem\",\"position\":2,\"name\":\"MUHARREM SALIHU &#8211; SPASTRIMI ETNIK SERB \u00cbSHT\u00cb FORMA M\u00cb\u00a0\u00a0E P\u00cbRSOSUR E PERSEKUTIMIT MODERN\u2026!\u00a0\"}]},{\"@type\":\"WebSite\",\"@id\":\"https:\\\/\\\/medvegjasot.com\\\/#website\",\"url\":\"https:\\\/\\\/medvegjasot.com\\\/\",\"name\":\"Medvegja Sot\",\"description\":\"Portal Lajmesh\",\"publisher\":{\"@id\":\"https:\\\/\\\/medvegjasot.com\\\/#organization\"},\"alternateName\":\"MS\",\"potentialAction\":[{\"@type\":\"SearchAction\",\"target\":{\"@type\":\"EntryPoint\",\"urlTemplate\":\"https:\\\/\\\/medvegjasot.com\\\/?s={search_term_string}\"},\"query-input\":{\"@type\":\"PropertyValueSpecification\",\"valueRequired\":true,\"valueName\":\"search_term_string\"}}],\"inLanguage\":\"en-US\"},{\"@type\":\"Organization\",\"@id\":\"https:\\\/\\\/medvegjasot.com\\\/#organization\",\"name\":\"Medvegja Sot\",\"alternateName\":\"MS\",\"url\":\"https:\\\/\\\/medvegjasot.com\\\/\",\"logo\":{\"@type\":\"ImageObject\",\"inLanguage\":\"en-US\",\"@id\":\"https:\\\/\\\/medvegjasot.com\\\/#\\\/schema\\\/logo\\\/image\\\/\",\"url\":\"https:\\\/\\\/medvegjasot.com\\\/wp-content\\\/uploads\\\/2024\\\/08\\\/logo.png\",\"contentUrl\":\"https:\\\/\\\/medvegjasot.com\\\/wp-content\\\/uploads\\\/2024\\\/08\\\/logo.png\",\"width\":500,\"height\":500,\"caption\":\"Medvegja Sot\"},\"image\":{\"@id\":\"https:\\\/\\\/medvegjasot.com\\\/#\\\/schema\\\/logo\\\/image\\\/\"},\"sameAs\":[\"https:\\\/\\\/www.facebook.com\\\/MedvegjaSot.com1\"]},{\"@type\":\"Person\",\"@id\":\"https:\\\/\\\/medvegjasot.com\\\/#\\\/schema\\\/person\\\/f2be1a84f4e95d0cb032946a1cf2e594\",\"name\":\"admin\",\"image\":{\"@type\":\"ImageObject\",\"inLanguage\":\"en-US\",\"@id\":\"https:\\\/\\\/secure.gravatar.com\\\/avatar\\\/2eedc5259426225ddc6f98b4b6728c30418b83e6f70285719780d3518d972ece?s=96&d=mm&r=g\",\"url\":\"https:\\\/\\\/secure.gravatar.com\\\/avatar\\\/2eedc5259426225ddc6f98b4b6728c30418b83e6f70285719780d3518d972ece?s=96&d=mm&r=g\",\"contentUrl\":\"https:\\\/\\\/secure.gravatar.com\\\/avatar\\\/2eedc5259426225ddc6f98b4b6728c30418b83e6f70285719780d3518d972ece?s=96&d=mm&r=g\",\"caption\":\"admin\"},\"url\":\"https:\\\/\\\/medvegjasot.com\\\/?author=2\"}]}<\/script>\n<!-- \/ Yoast SEO plugin. -->","yoast_head_json":{"title":"MUHARREM SALIHU - SPASTRIMI ETNIK SERB \u00cbSHT\u00cb FORMA M\u00cb\u00a0\u00a0E P\u00cbRSOSUR E PERSEKUTIMIT MODERN\u2026!\u00a0 - Medvegja Sot","robots":{"index":"index","follow":"follow","max-snippet":"max-snippet:-1","max-image-preview":"max-image-preview:large","max-video-preview":"max-video-preview:-1"},"canonical":"https:\/\/medvegjasot.com\/?p=4381","og_locale":"en_US","og_type":"article","og_title":"MUHARREM SALIHU - SPASTRIMI ETNIK SERB \u00cbSHT\u00cb FORMA M\u00cb\u00a0\u00a0E P\u00cbRSOSUR E PERSEKUTIMIT MODERN\u2026!\u00a0 - Medvegja Sot","og_description":"Salihu ka arritur megjithat\u00eb ta kthej\u00eb \u00e7\u00ebshtjen e shqiptar\u00ebve t\u00eb \u00e7\u2019regjistruar n\u00eb diskutimet diplomatike t\u00eb ministrive t\u00eb jashtme t\u00eb Shqip\u00ebris\u00eb e Kosov\u00ebs dhe diplomat\u00ebve t\u00eb huaj n\u00eb Serbi, si p\u00ebrpjekje p\u00ebr t\u00eb rikthyer n\u00eb vend shqiptar\u00ebt e ikur e shqiptar\u00ebt e \u201cp\u00ebrz\u00ebn\u00eb\u201d. N\u00eb 100 vitet e fundit, numri i shqiptar\u00ebve n\u00eb Medvegj\u00eb, n\u00eb Serbin\u00eb jugore,...","og_url":"https:\/\/medvegjasot.com\/?p=4381","og_site_name":"Medvegja Sot","article_publisher":"https:\/\/www.facebook.com\/MedvegjaSot.com1","article_published_time":"2025-03-18T08:23:55+00:00","article_modified_time":"2025-03-19T23:32:42+00:00","og_image":[{"width":1320,"height":852,"url":"https:\/\/medvegjasot.com\/wp-content\/uploads\/2025\/03\/IMG_4870.jpeg","type":"image\/jpeg"}],"author":"admin","twitter_card":"summary_large_image","twitter_misc":{"Written by":"admin","Est. reading time":"9 minutes"},"schema":{"@context":"https:\/\/schema.org","@graph":[{"@type":"Article","@id":"https:\/\/medvegjasot.com\/?p=4381#article","isPartOf":{"@id":"https:\/\/medvegjasot.com\/?p=4381"},"author":{"name":"admin","@id":"https:\/\/medvegjasot.com\/#\/schema\/person\/f2be1a84f4e95d0cb032946a1cf2e594"},"headline":"MUHARREM SALIHU &#8211; SPASTRIMI ETNIK SERB \u00cbSHT\u00cb FORMA M\u00cb\u00a0\u00a0E P\u00cbRSOSUR E PERSEKUTIMIT MODERN\u2026!\u00a0","datePublished":"2025-03-18T08:23:55+00:00","dateModified":"2025-03-19T23:32:42+00:00","mainEntityOfPage":{"@id":"https:\/\/medvegjasot.com\/?p=4381"},"wordCount":2301,"commentCount":0,"publisher":{"@id":"https:\/\/medvegjasot.com\/#organization"},"image":{"@id":"https:\/\/medvegjasot.com\/?p=4381#primaryimage"},"thumbnailUrl":"https:\/\/medvegjasot.com\/wp-content\/uploads\/2025\/03\/IMG_4870.jpeg","articleSection":["KRONIKA"],"inLanguage":"en-US","potentialAction":[{"@type":"CommentAction","name":"Comment","target":["https:\/\/medvegjasot.com\/?p=4381#respond"]}]},{"@type":"WebPage","@id":"https:\/\/medvegjasot.com\/?p=4381","url":"https:\/\/medvegjasot.com\/?p=4381","name":"MUHARREM SALIHU - SPASTRIMI ETNIK SERB \u00cbSHT\u00cb FORMA M\u00cb\u00a0\u00a0E P\u00cbRSOSUR E PERSEKUTIMIT MODERN\u2026!\u00a0 - Medvegja Sot","isPartOf":{"@id":"https:\/\/medvegjasot.com\/#website"},"primaryImageOfPage":{"@id":"https:\/\/medvegjasot.com\/?p=4381#primaryimage"},"image":{"@id":"https:\/\/medvegjasot.com\/?p=4381#primaryimage"},"thumbnailUrl":"https:\/\/medvegjasot.com\/wp-content\/uploads\/2025\/03\/IMG_4870.jpeg","datePublished":"2025-03-18T08:23:55+00:00","dateModified":"2025-03-19T23:32:42+00:00","breadcrumb":{"@id":"https:\/\/medvegjasot.com\/?p=4381#breadcrumb"},"inLanguage":"en-US","potentialAction":[{"@type":"ReadAction","target":["https:\/\/medvegjasot.com\/?p=4381"]}]},{"@type":"ImageObject","inLanguage":"en-US","@id":"https:\/\/medvegjasot.com\/?p=4381#primaryimage","url":"https:\/\/medvegjasot.com\/wp-content\/uploads\/2025\/03\/IMG_4870.jpeg","contentUrl":"https:\/\/medvegjasot.com\/wp-content\/uploads\/2025\/03\/IMG_4870.jpeg","width":1320,"height":852},{"@type":"BreadcrumbList","@id":"https:\/\/medvegjasot.com\/?p=4381#breadcrumb","itemListElement":[{"@type":"ListItem","position":1,"name":"Home","item":"https:\/\/medvegjasot.com\/"},{"@type":"ListItem","position":2,"name":"MUHARREM SALIHU &#8211; SPASTRIMI ETNIK SERB \u00cbSHT\u00cb FORMA M\u00cb\u00a0\u00a0E P\u00cbRSOSUR E PERSEKUTIMIT MODERN\u2026!\u00a0"}]},{"@type":"WebSite","@id":"https:\/\/medvegjasot.com\/#website","url":"https:\/\/medvegjasot.com\/","name":"Medvegja Sot","description":"Portal Lajmesh","publisher":{"@id":"https:\/\/medvegjasot.com\/#organization"},"alternateName":"MS","potentialAction":[{"@type":"SearchAction","target":{"@type":"EntryPoint","urlTemplate":"https:\/\/medvegjasot.com\/?s={search_term_string}"},"query-input":{"@type":"PropertyValueSpecification","valueRequired":true,"valueName":"search_term_string"}}],"inLanguage":"en-US"},{"@type":"Organization","@id":"https:\/\/medvegjasot.com\/#organization","name":"Medvegja Sot","alternateName":"MS","url":"https:\/\/medvegjasot.com\/","logo":{"@type":"ImageObject","inLanguage":"en-US","@id":"https:\/\/medvegjasot.com\/#\/schema\/logo\/image\/","url":"https:\/\/medvegjasot.com\/wp-content\/uploads\/2024\/08\/logo.png","contentUrl":"https:\/\/medvegjasot.com\/wp-content\/uploads\/2024\/08\/logo.png","width":500,"height":500,"caption":"Medvegja Sot"},"image":{"@id":"https:\/\/medvegjasot.com\/#\/schema\/logo\/image\/"},"sameAs":["https:\/\/www.facebook.com\/MedvegjaSot.com1"]},{"@type":"Person","@id":"https:\/\/medvegjasot.com\/#\/schema\/person\/f2be1a84f4e95d0cb032946a1cf2e594","name":"admin","image":{"@type":"ImageObject","inLanguage":"en-US","@id":"https:\/\/secure.gravatar.com\/avatar\/2eedc5259426225ddc6f98b4b6728c30418b83e6f70285719780d3518d972ece?s=96&d=mm&r=g","url":"https:\/\/secure.gravatar.com\/avatar\/2eedc5259426225ddc6f98b4b6728c30418b83e6f70285719780d3518d972ece?s=96&d=mm&r=g","contentUrl":"https:\/\/secure.gravatar.com\/avatar\/2eedc5259426225ddc6f98b4b6728c30418b83e6f70285719780d3518d972ece?s=96&d=mm&r=g","caption":"admin"},"url":"https:\/\/medvegjasot.com\/?author=2"}]}},"jetpack_featured_media_url":"https:\/\/medvegjasot.com\/wp-content\/uploads\/2025\/03\/IMG_4870.jpeg","_links":{"self":[{"href":"https:\/\/medvegjasot.com\/index.php?rest_route=\/wp\/v2\/posts\/4381","targetHints":{"allow":["GET"]}}],"collection":[{"href":"https:\/\/medvegjasot.com\/index.php?rest_route=\/wp\/v2\/posts"}],"about":[{"href":"https:\/\/medvegjasot.com\/index.php?rest_route=\/wp\/v2\/types\/post"}],"author":[{"embeddable":true,"href":"https:\/\/medvegjasot.com\/index.php?rest_route=\/wp\/v2\/users\/2"}],"replies":[{"embeddable":true,"href":"https:\/\/medvegjasot.com\/index.php?rest_route=%2Fwp%2Fv2%2Fcomments&post=4381"}],"version-history":[{"count":25,"href":"https:\/\/medvegjasot.com\/index.php?rest_route=\/wp\/v2\/posts\/4381\/revisions"}],"predecessor-version":[{"id":4479,"href":"https:\/\/medvegjasot.com\/index.php?rest_route=\/wp\/v2\/posts\/4381\/revisions\/4479"}],"wp:featuredmedia":[{"embeddable":true,"href":"https:\/\/medvegjasot.com\/index.php?rest_route=\/wp\/v2\/media\/4382"}],"wp:attachment":[{"href":"https:\/\/medvegjasot.com\/index.php?rest_route=%2Fwp%2Fv2%2Fmedia&parent=4381"}],"wp:term":[{"taxonomy":"category","embeddable":true,"href":"https:\/\/medvegjasot.com\/index.php?rest_route=%2Fwp%2Fv2%2Fcategories&post=4381"},{"taxonomy":"post_tag","embeddable":true,"href":"https:\/\/medvegjasot.com\/index.php?rest_route=%2Fwp%2Fv2%2Ftags&post=4381"}],"curies":[{"name":"wp","href":"https:\/\/api.w.org\/{rel}","templated":true}]}}