{"id":4374,"date":"2025-03-17T13:31:11","date_gmt":"2025-03-17T13:31:11","guid":{"rendered":"https:\/\/medvegjasot.com\/?p=4374"},"modified":"2025-03-17T13:32:31","modified_gmt":"2025-03-17T13:32:31","slug":"vazhdon-diskriminimi-i-shqiptareve-ne-serbi","status":"publish","type":"post","link":"https:\/\/medvegjasot.com\/?p=4374","title":{"rendered":"Vazhdon diskriminimi i shqiptar\u00ebve n\u00eb Serbi!"},"content":{"rendered":"\n<p><\/p>\n\n\n\n<p>Enkel Rexhepi: Ministria p\u00ebr t\u00eb Drejtat e Njeriut dhe Dialog n\u00eb Serbi anulon subvencionet e fermer\u00ebve nga Lugina e Preshev\u00ebs. <\/p>\n\n\n\n<p><strong>Kryetari i KKSh n\u00eb profilin e tij n\u00eb facebok shkruan:<\/strong><br>\u201cMinistria ka anuluar vendimin p\u00ebr shp\u00ebrndarjen e subvencioneve p\u00ebr fermer\u00ebt, t\u00eb financuar nga Qeveria e Republik\u00ebs s\u00eb Kosov\u00ebs. Ky \u00ebsht\u00eb nj\u00eb veprim tjeter i diskriminimit konstant, n\u00eb \u00e7do sfer\u00eb q\u00eb i ndodh shqiptar\u00ebve t\u00eb Lugin\u00ebs s\u00eb Preshev\u00ebs. Komunat e Preshev\u00ebs e Bujanocit vazhdojn\u00eb t\u00eb jen\u00eb nd\u00ebr m\u00eb t\u00eb varf\u00ebrat n\u00eb Serbi, e Qeveria po vazhdon, lere q\u00eb nuk nd\u00ebrmerr asnj\u00eb hap drejt p\u00ebrmir\u00ebsimit t\u00eb situat\u00ebs, ajo po bllokon edhe ato procese q\u00eb po mundohemi t\u00eb marrin bashk\u00eb me Qeverin\u00eb e Republik\u00ebs s\u00eb Kosov\u00ebs e n\u00eb mb\u00ebshtetjen e zhvillimit n\u00eb Lugin\u00eb.<br>Rreth k\u00ebsaj, kemi dor\u00ebzuar Padi kund\u00ebr Vendimit n\u00eb Gjykat\u00ebn Administrative dhe presim nj\u00eb vendim t\u00eb drejt\u00eb. N\u00ebse n\u00eb Serbi ka qoft\u00eb edhe pak drejt\u00ebsi, ky vendim duhet t\u00eb kthehet dhe fermer\u00ebt tan\u00eb t\u00eb p\u00ebrfitojn\u00eb nga kjo shum\u00eb.<br>Lufta p\u00ebr t\u00eb drejtat tona nuk ndalet!\u201d<\/p>\n","protected":false},"excerpt":{"rendered":"<p>Enkel Rexhepi: Ministria p\u00ebr t\u00eb Drejtat e Njeriut dhe Dialog n\u00eb Serbi anulon subvencionet e fermer\u00ebve nga Lugina e Preshev\u00ebs. Kryetari i KKSh n\u00eb profilin e tij n\u00eb facebok shkruan:\u201cMinistria ka anuluar vendimin p\u00ebr shp\u00ebrndarjen e subvencioneve p\u00ebr fermer\u00ebt, t\u00eb financuar nga Qeveria e Republik\u00ebs s\u00eb Kosov\u00ebs. Ky \u00ebsht\u00eb nj\u00eb veprim tjeter i diskriminimit konstant,&#8230;<\/p>\n","protected":false},"author":2,"featured_media":4375,"comment_status":"open","ping_status":"open","sticky":false,"template":"","format":"standard","meta":{"_coblocks_attr":"","_coblocks_dimensions":"","_coblocks_responsive_height":"","_coblocks_accordion_ie_support":"","_monsterinsights_skip_tracking":false,"_monsterinsights_sitenote_active":false,"_monsterinsights_sitenote_note":"","_monsterinsights_sitenote_category":0,"footnotes":""},"categories":[15],"tags":[],"class_list":["post-4374","post","type-post","status-publish","format-standard","has-post-thumbnail","hentry","category-intervista"],"yoast_head":"<!-- This site is optimized with the Yoast SEO plugin v27.5 - https:\/\/yoast.com\/product\/yoast-seo-wordpress\/ -->\n<title>Vazhdon diskriminimi i shqiptar\u00ebve n\u00eb Serbi! - Medvegja Sot<\/title>\n<meta name=\"robots\" content=\"index, follow, max-snippet:-1, max-image-preview:large, max-video-preview:-1\" \/>\n<link rel=\"canonical\" href=\"https:\/\/medvegjasot.com\/?p=4374\" \/>\n<meta property=\"og:locale\" content=\"en_US\" \/>\n<meta property=\"og:type\" content=\"article\" \/>\n<meta property=\"og:title\" content=\"Vazhdon diskriminimi i shqiptar\u00ebve n\u00eb Serbi! - Medvegja Sot\" \/>\n<meta property=\"og:description\" content=\"Enkel Rexhepi: Ministria p\u00ebr t\u00eb Drejtat e Njeriut dhe Dialog n\u00eb Serbi anulon subvencionet e fermer\u00ebve nga Lugina e Preshev\u00ebs. Kryetari i KKSh n\u00eb profilin e tij n\u00eb facebok shkruan:\u201cMinistria ka anuluar vendimin p\u00ebr shp\u00ebrndarjen e subvencioneve p\u00ebr fermer\u00ebt, t\u00eb financuar nga Qeveria e Republik\u00ebs s\u00eb Kosov\u00ebs. Ky \u00ebsht\u00eb nj\u00eb veprim tjeter i diskriminimit konstant,...\" \/>\n<meta property=\"og:url\" content=\"https:\/\/medvegjasot.com\/?p=4374\" \/>\n<meta property=\"og:site_name\" content=\"Medvegja Sot\" \/>\n<meta property=\"article:publisher\" content=\"https:\/\/www.facebook.com\/MedvegjaSot.com1\" \/>\n<meta property=\"article:published_time\" content=\"2025-03-17T13:31:11+00:00\" \/>\n<meta property=\"article:modified_time\" content=\"2025-03-17T13:32:31+00:00\" \/>\n<meta property=\"og:image\" content=\"https:\/\/medvegjasot.com\/wp-content\/uploads\/2025\/03\/IMG_4860-scaled.jpeg\" \/>\n\t<meta property=\"og:image:width\" content=\"2560\" \/>\n\t<meta property=\"og:image:height\" content=\"1440\" \/>\n\t<meta property=\"og:image:type\" content=\"image\/jpeg\" \/>\n<meta name=\"author\" content=\"admin\" \/>\n<meta name=\"twitter:card\" content=\"summary_large_image\" \/>\n<meta name=\"twitter:label1\" content=\"Written by\" \/>\n\t<meta name=\"twitter:data1\" content=\"admin\" \/>\n\t<meta name=\"twitter:label2\" content=\"Est. reading time\" \/>\n\t<meta name=\"twitter:data2\" content=\"1 minute\" \/>\n<script type=\"application\/ld+json\" class=\"yoast-schema-graph\">{\"@context\":\"https:\\\/\\\/schema.org\",\"@graph\":[{\"@type\":\"Article\",\"@id\":\"https:\\\/\\\/medvegjasot.com\\\/?p=4374#article\",\"isPartOf\":{\"@id\":\"https:\\\/\\\/medvegjasot.com\\\/?p=4374\"},\"author\":{\"name\":\"admin\",\"@id\":\"https:\\\/\\\/medvegjasot.com\\\/#\\\/schema\\\/person\\\/f2be1a84f4e95d0cb032946a1cf2e594\"},\"headline\":\"Vazhdon diskriminimi i shqiptar\u00ebve n\u00eb Serbi!\",\"datePublished\":\"2025-03-17T13:31:11+00:00\",\"dateModified\":\"2025-03-17T13:32:31+00:00\",\"mainEntityOfPage\":{\"@id\":\"https:\\\/\\\/medvegjasot.com\\\/?p=4374\"},\"wordCount\":202,\"commentCount\":0,\"publisher\":{\"@id\":\"https:\\\/\\\/medvegjasot.com\\\/#organization\"},\"image\":{\"@id\":\"https:\\\/\\\/medvegjasot.com\\\/?p=4374#primaryimage\"},\"thumbnailUrl\":\"https:\\\/\\\/medvegjasot.com\\\/wp-content\\\/uploads\\\/2025\\\/03\\\/IMG_4860-scaled.jpeg\",\"articleSection\":[\"INTERVISTA\"],\"inLanguage\":\"en-US\",\"potentialAction\":[{\"@type\":\"CommentAction\",\"name\":\"Comment\",\"target\":[\"https:\\\/\\\/medvegjasot.com\\\/?p=4374#respond\"]}]},{\"@type\":\"WebPage\",\"@id\":\"https:\\\/\\\/medvegjasot.com\\\/?p=4374\",\"url\":\"https:\\\/\\\/medvegjasot.com\\\/?p=4374\",\"name\":\"Vazhdon diskriminimi i shqiptar\u00ebve n\u00eb Serbi! - Medvegja Sot\",\"isPartOf\":{\"@id\":\"https:\\\/\\\/medvegjasot.com\\\/#website\"},\"primaryImageOfPage\":{\"@id\":\"https:\\\/\\\/medvegjasot.com\\\/?p=4374#primaryimage\"},\"image\":{\"@id\":\"https:\\\/\\\/medvegjasot.com\\\/?p=4374#primaryimage\"},\"thumbnailUrl\":\"https:\\\/\\\/medvegjasot.com\\\/wp-content\\\/uploads\\\/2025\\\/03\\\/IMG_4860-scaled.jpeg\",\"datePublished\":\"2025-03-17T13:31:11+00:00\",\"dateModified\":\"2025-03-17T13:32:31+00:00\",\"breadcrumb\":{\"@id\":\"https:\\\/\\\/medvegjasot.com\\\/?p=4374#breadcrumb\"},\"inLanguage\":\"en-US\",\"potentialAction\":[{\"@type\":\"ReadAction\",\"target\":[\"https:\\\/\\\/medvegjasot.com\\\/?p=4374\"]}]},{\"@type\":\"ImageObject\",\"inLanguage\":\"en-US\",\"@id\":\"https:\\\/\\\/medvegjasot.com\\\/?p=4374#primaryimage\",\"url\":\"https:\\\/\\\/medvegjasot.com\\\/wp-content\\\/uploads\\\/2025\\\/03\\\/IMG_4860-scaled.jpeg\",\"contentUrl\":\"https:\\\/\\\/medvegjasot.com\\\/wp-content\\\/uploads\\\/2025\\\/03\\\/IMG_4860-scaled.jpeg\",\"width\":2560,\"height\":1440},{\"@type\":\"BreadcrumbList\",\"@id\":\"https:\\\/\\\/medvegjasot.com\\\/?p=4374#breadcrumb\",\"itemListElement\":[{\"@type\":\"ListItem\",\"position\":1,\"name\":\"Home\",\"item\":\"https:\\\/\\\/medvegjasot.com\\\/\"},{\"@type\":\"ListItem\",\"position\":2,\"name\":\"Vazhdon diskriminimi i shqiptar\u00ebve n\u00eb Serbi!\"}]},{\"@type\":\"WebSite\",\"@id\":\"https:\\\/\\\/medvegjasot.com\\\/#website\",\"url\":\"https:\\\/\\\/medvegjasot.com\\\/\",\"name\":\"Medvegja Sot\",\"description\":\"Portal Lajmesh\",\"publisher\":{\"@id\":\"https:\\\/\\\/medvegjasot.com\\\/#organization\"},\"alternateName\":\"MS\",\"potentialAction\":[{\"@type\":\"SearchAction\",\"target\":{\"@type\":\"EntryPoint\",\"urlTemplate\":\"https:\\\/\\\/medvegjasot.com\\\/?s={search_term_string}\"},\"query-input\":{\"@type\":\"PropertyValueSpecification\",\"valueRequired\":true,\"valueName\":\"search_term_string\"}}],\"inLanguage\":\"en-US\"},{\"@type\":\"Organization\",\"@id\":\"https:\\\/\\\/medvegjasot.com\\\/#organization\",\"name\":\"Medvegja Sot\",\"alternateName\":\"MS\",\"url\":\"https:\\\/\\\/medvegjasot.com\\\/\",\"logo\":{\"@type\":\"ImageObject\",\"inLanguage\":\"en-US\",\"@id\":\"https:\\\/\\\/medvegjasot.com\\\/#\\\/schema\\\/logo\\\/image\\\/\",\"url\":\"https:\\\/\\\/medvegjasot.com\\\/wp-content\\\/uploads\\\/2024\\\/08\\\/logo.png\",\"contentUrl\":\"https:\\\/\\\/medvegjasot.com\\\/wp-content\\\/uploads\\\/2024\\\/08\\\/logo.png\",\"width\":500,\"height\":500,\"caption\":\"Medvegja Sot\"},\"image\":{\"@id\":\"https:\\\/\\\/medvegjasot.com\\\/#\\\/schema\\\/logo\\\/image\\\/\"},\"sameAs\":[\"https:\\\/\\\/www.facebook.com\\\/MedvegjaSot.com1\"]},{\"@type\":\"Person\",\"@id\":\"https:\\\/\\\/medvegjasot.com\\\/#\\\/schema\\\/person\\\/f2be1a84f4e95d0cb032946a1cf2e594\",\"name\":\"admin\",\"image\":{\"@type\":\"ImageObject\",\"inLanguage\":\"en-US\",\"@id\":\"https:\\\/\\\/secure.gravatar.com\\\/avatar\\\/2eedc5259426225ddc6f98b4b6728c30418b83e6f70285719780d3518d972ece?s=96&d=mm&r=g\",\"url\":\"https:\\\/\\\/secure.gravatar.com\\\/avatar\\\/2eedc5259426225ddc6f98b4b6728c30418b83e6f70285719780d3518d972ece?s=96&d=mm&r=g\",\"contentUrl\":\"https:\\\/\\\/secure.gravatar.com\\\/avatar\\\/2eedc5259426225ddc6f98b4b6728c30418b83e6f70285719780d3518d972ece?s=96&d=mm&r=g\",\"caption\":\"admin\"},\"url\":\"https:\\\/\\\/medvegjasot.com\\\/?author=2\"}]}<\/script>\n<!-- \/ Yoast SEO plugin. -->","yoast_head_json":{"title":"Vazhdon diskriminimi i shqiptar\u00ebve n\u00eb Serbi! - Medvegja Sot","robots":{"index":"index","follow":"follow","max-snippet":"max-snippet:-1","max-image-preview":"max-image-preview:large","max-video-preview":"max-video-preview:-1"},"canonical":"https:\/\/medvegjasot.com\/?p=4374","og_locale":"en_US","og_type":"article","og_title":"Vazhdon diskriminimi i shqiptar\u00ebve n\u00eb Serbi! - Medvegja Sot","og_description":"Enkel Rexhepi: Ministria p\u00ebr t\u00eb Drejtat e Njeriut dhe Dialog n\u00eb Serbi anulon subvencionet e fermer\u00ebve nga Lugina e Preshev\u00ebs. Kryetari i KKSh n\u00eb profilin e tij n\u00eb facebok shkruan:\u201cMinistria ka anuluar vendimin p\u00ebr shp\u00ebrndarjen e subvencioneve p\u00ebr fermer\u00ebt, t\u00eb financuar nga Qeveria e Republik\u00ebs s\u00eb Kosov\u00ebs. Ky \u00ebsht\u00eb nj\u00eb veprim tjeter i diskriminimit konstant,...","og_url":"https:\/\/medvegjasot.com\/?p=4374","og_site_name":"Medvegja Sot","article_publisher":"https:\/\/www.facebook.com\/MedvegjaSot.com1","article_published_time":"2025-03-17T13:31:11+00:00","article_modified_time":"2025-03-17T13:32:31+00:00","og_image":[{"width":2560,"height":1440,"url":"https:\/\/medvegjasot.com\/wp-content\/uploads\/2025\/03\/IMG_4860-scaled.jpeg","type":"image\/jpeg"}],"author":"admin","twitter_card":"summary_large_image","twitter_misc":{"Written by":"admin","Est. reading time":"1 minute"},"schema":{"@context":"https:\/\/schema.org","@graph":[{"@type":"Article","@id":"https:\/\/medvegjasot.com\/?p=4374#article","isPartOf":{"@id":"https:\/\/medvegjasot.com\/?p=4374"},"author":{"name":"admin","@id":"https:\/\/medvegjasot.com\/#\/schema\/person\/f2be1a84f4e95d0cb032946a1cf2e594"},"headline":"Vazhdon diskriminimi i shqiptar\u00ebve n\u00eb Serbi!","datePublished":"2025-03-17T13:31:11+00:00","dateModified":"2025-03-17T13:32:31+00:00","mainEntityOfPage":{"@id":"https:\/\/medvegjasot.com\/?p=4374"},"wordCount":202,"commentCount":0,"publisher":{"@id":"https:\/\/medvegjasot.com\/#organization"},"image":{"@id":"https:\/\/medvegjasot.com\/?p=4374#primaryimage"},"thumbnailUrl":"https:\/\/medvegjasot.com\/wp-content\/uploads\/2025\/03\/IMG_4860-scaled.jpeg","articleSection":["INTERVISTA"],"inLanguage":"en-US","potentialAction":[{"@type":"CommentAction","name":"Comment","target":["https:\/\/medvegjasot.com\/?p=4374#respond"]}]},{"@type":"WebPage","@id":"https:\/\/medvegjasot.com\/?p=4374","url":"https:\/\/medvegjasot.com\/?p=4374","name":"Vazhdon diskriminimi i shqiptar\u00ebve n\u00eb Serbi! - Medvegja Sot","isPartOf":{"@id":"https:\/\/medvegjasot.com\/#website"},"primaryImageOfPage":{"@id":"https:\/\/medvegjasot.com\/?p=4374#primaryimage"},"image":{"@id":"https:\/\/medvegjasot.com\/?p=4374#primaryimage"},"thumbnailUrl":"https:\/\/medvegjasot.com\/wp-content\/uploads\/2025\/03\/IMG_4860-scaled.jpeg","datePublished":"2025-03-17T13:31:11+00:00","dateModified":"2025-03-17T13:32:31+00:00","breadcrumb":{"@id":"https:\/\/medvegjasot.com\/?p=4374#breadcrumb"},"inLanguage":"en-US","potentialAction":[{"@type":"ReadAction","target":["https:\/\/medvegjasot.com\/?p=4374"]}]},{"@type":"ImageObject","inLanguage":"en-US","@id":"https:\/\/medvegjasot.com\/?p=4374#primaryimage","url":"https:\/\/medvegjasot.com\/wp-content\/uploads\/2025\/03\/IMG_4860-scaled.jpeg","contentUrl":"https:\/\/medvegjasot.com\/wp-content\/uploads\/2025\/03\/IMG_4860-scaled.jpeg","width":2560,"height":1440},{"@type":"BreadcrumbList","@id":"https:\/\/medvegjasot.com\/?p=4374#breadcrumb","itemListElement":[{"@type":"ListItem","position":1,"name":"Home","item":"https:\/\/medvegjasot.com\/"},{"@type":"ListItem","position":2,"name":"Vazhdon diskriminimi i shqiptar\u00ebve n\u00eb Serbi!"}]},{"@type":"WebSite","@id":"https:\/\/medvegjasot.com\/#website","url":"https:\/\/medvegjasot.com\/","name":"Medvegja Sot","description":"Portal Lajmesh","publisher":{"@id":"https:\/\/medvegjasot.com\/#organization"},"alternateName":"MS","potentialAction":[{"@type":"SearchAction","target":{"@type":"EntryPoint","urlTemplate":"https:\/\/medvegjasot.com\/?s={search_term_string}"},"query-input":{"@type":"PropertyValueSpecification","valueRequired":true,"valueName":"search_term_string"}}],"inLanguage":"en-US"},{"@type":"Organization","@id":"https:\/\/medvegjasot.com\/#organization","name":"Medvegja Sot","alternateName":"MS","url":"https:\/\/medvegjasot.com\/","logo":{"@type":"ImageObject","inLanguage":"en-US","@id":"https:\/\/medvegjasot.com\/#\/schema\/logo\/image\/","url":"https:\/\/medvegjasot.com\/wp-content\/uploads\/2024\/08\/logo.png","contentUrl":"https:\/\/medvegjasot.com\/wp-content\/uploads\/2024\/08\/logo.png","width":500,"height":500,"caption":"Medvegja Sot"},"image":{"@id":"https:\/\/medvegjasot.com\/#\/schema\/logo\/image\/"},"sameAs":["https:\/\/www.facebook.com\/MedvegjaSot.com1"]},{"@type":"Person","@id":"https:\/\/medvegjasot.com\/#\/schema\/person\/f2be1a84f4e95d0cb032946a1cf2e594","name":"admin","image":{"@type":"ImageObject","inLanguage":"en-US","@id":"https:\/\/secure.gravatar.com\/avatar\/2eedc5259426225ddc6f98b4b6728c30418b83e6f70285719780d3518d972ece?s=96&d=mm&r=g","url":"https:\/\/secure.gravatar.com\/avatar\/2eedc5259426225ddc6f98b4b6728c30418b83e6f70285719780d3518d972ece?s=96&d=mm&r=g","contentUrl":"https:\/\/secure.gravatar.com\/avatar\/2eedc5259426225ddc6f98b4b6728c30418b83e6f70285719780d3518d972ece?s=96&d=mm&r=g","caption":"admin"},"url":"https:\/\/medvegjasot.com\/?author=2"}]}},"jetpack_featured_media_url":"https:\/\/medvegjasot.com\/wp-content\/uploads\/2025\/03\/IMG_4860-scaled.jpeg","_links":{"self":[{"href":"https:\/\/medvegjasot.com\/index.php?rest_route=\/wp\/v2\/posts\/4374","targetHints":{"allow":["GET"]}}],"collection":[{"href":"https:\/\/medvegjasot.com\/index.php?rest_route=\/wp\/v2\/posts"}],"about":[{"href":"https:\/\/medvegjasot.com\/index.php?rest_route=\/wp\/v2\/types\/post"}],"author":[{"embeddable":true,"href":"https:\/\/medvegjasot.com\/index.php?rest_route=\/wp\/v2\/users\/2"}],"replies":[{"embeddable":true,"href":"https:\/\/medvegjasot.com\/index.php?rest_route=%2Fwp%2Fv2%2Fcomments&post=4374"}],"version-history":[{"count":2,"href":"https:\/\/medvegjasot.com\/index.php?rest_route=\/wp\/v2\/posts\/4374\/revisions"}],"predecessor-version":[{"id":4377,"href":"https:\/\/medvegjasot.com\/index.php?rest_route=\/wp\/v2\/posts\/4374\/revisions\/4377"}],"wp:featuredmedia":[{"embeddable":true,"href":"https:\/\/medvegjasot.com\/index.php?rest_route=\/wp\/v2\/media\/4375"}],"wp:attachment":[{"href":"https:\/\/medvegjasot.com\/index.php?rest_route=%2Fwp%2Fv2%2Fmedia&parent=4374"}],"wp:term":[{"taxonomy":"category","embeddable":true,"href":"https:\/\/medvegjasot.com\/index.php?rest_route=%2Fwp%2Fv2%2Fcategories&post=4374"},{"taxonomy":"post_tag","embeddable":true,"href":"https:\/\/medvegjasot.com\/index.php?rest_route=%2Fwp%2Fv2%2Ftags&post=4374"}],"curies":[{"name":"wp","href":"https:\/\/api.w.org\/{rel}","templated":true}]}}