{"id":4353,"date":"2025-03-17T08:54:57","date_gmt":"2025-03-17T08:54:57","guid":{"rendered":"https:\/\/medvegjasot.com\/?p=4353"},"modified":"2025-03-19T23:13:18","modified_gmt":"2025-03-19T23:13:18","slug":"shoqata-humanitare-medvegja-ne-zvicer-me-kryetar-zymer-hajrullahu","status":"publish","type":"post","link":"https:\/\/medvegjasot.com\/?p=4353","title":{"rendered":"SHOQATA HUMANITARE \u00abMEDVEGJA\u00bb N\u00cb ZVIC\u00cbR ME KRYETAR ZYMER HAJRULLAHU\u00a0"},"content":{"rendered":"\n<p><strong>Zymer Hajrullahu, nga marsi i vitit 2022 me shumic\u00eb votash em\u00ebrohet n\u00eb krye t\u00eb Shoqat\u00ebs Humanitare Medvegja, u b\u00eb shembull i nj\u00eb simboli unifikues e d\u00ebshmuar gjat\u00eb drejtimit t\u00eb SHHMZ me p\u00ebrkushtimin e tij t\u00eb pa lodhur n\u00eb veprimtarin e tij atdhetare si n\u00eb vendlindje po ashtu dhe jasht\u00eb saj.<\/strong><\/p>\n\n\n\n<p><strong>I urt\u00eb dhe i dashur, me nj\u00eb vizion t\u00eb qart\u00eb, dashurin\u00eb e tij ndaj vendit t\u00eb lindjes e shnd\u00ebrroi n\u00eb mision shoq\u00ebruar me pun\u00eb dhe p\u00ebrkushtim ia doli t\u00eb b\u00ebhet shembull i nj\u00eb aktivisti dhe veprimtari mbi t\u00eb gjitha nj\u00eb HUMANISTI, transmeton<\/strong> <strong>MEDVEGJASOT.COM<\/strong><br><\/p>\n\n\n\n<figure class=\"wp-block-embed is-type-video is-provider-youtube wp-block-embed-youtube wp-embed-aspect-16-9 wp-has-aspect-ratio\"><div class=\"wp-block-embed__wrapper\">\n<iframe  id=\"_ytid_15039\"  width=\"640\" height=\"360\"  data-origwidth=\"640\" data-origheight=\"360\" src=\"https:\/\/www.youtube.com\/embed\/J2EWyAWs27s?enablejsapi=1&#038;autoplay=0&#038;cc_load_policy=0&#038;cc_lang_pref=&#038;iv_load_policy=1&#038;loop=0&#038;rel=1&#038;fs=1&#038;playsinline=0&#038;autohide=2&#038;theme=dark&#038;color=red&#038;controls=1&#038;\" class=\"__youtube_prefs__  epyt-is-override  no-lazyload\" title=\"YouTube player\"  allow=\"fullscreen; accelerometer; autoplay; clipboard-write; encrypted-media; gyroscope; picture-in-picture; web-share\" referrerpolicy=\"strict-origin-when-cross-origin\" allowfullscreen data-no-lazy=\"1\" data-skipgform_ajax_framebjll=\"\"><\/iframe>\n<\/div><\/figure>\n\n\n\n<p>Vjen nga fshati Sfirc\u00eb komuna Medvegj\u00eb afarist dhe aktivist i njohur me q\u00ebndrim n\u00eb Zvic\u00ebr. Ai me mjaft\u00eb p\u00ebrkushtim dhe angazhim t\u00eb denj\u00eb udh\u00ebheq biznesin e tij familjar n\u00eb qytetin Sion t\u00eb Zvicr\u00ebs, kafe bar <strong>ZOONE<\/strong> i frekuentuar edhe nga rinia shqiptare.<\/p>\n\n\n\n<p>P\u00ebr veten s\u2019foli\u00a0\u00a0me mision bashkimin (<strong>JO<\/strong>) ndarjen, vler\u00ebsoi pun\u00eb (<strong>JO<\/strong>) t\u00eb rris mos pun\u00ebn ti thot\u00eb sakt\u00eb numrat (<strong>JO<\/strong>) ti trefishoj\u00a0\u00a0kryetar p\u00ebr tri vite rikthej v\u00ebmendjen dhe syt\u00eb e secilit n\u00eb k\u00ebt\u00eb mision humanitar e kulturor\u00eb q\u00eb ka <strong>Shoqata Humanitare Medvegja<\/strong> tani mbi 35-vje\u00e7ar.\u00a0<br><\/p>\n\n\n\n<figure class=\"wp-block-embed is-type-wp-embed is-provider-medvegja-sot wp-block-embed-medvegja-sot\"><div class=\"wp-block-embed__wrapper\">\n<blockquote class=\"wp-embedded-content\" data-secret=\"2MA3idZfES\"><a href=\"https:\/\/medvegjasot.com\/?p=2068\">ZYMER HAJRULLAHU ME VIZION T\u00cb QART\u00cb NDAJ VENDLINDJES DHE KULTUR\u00cbS MBI T\u00cb GJITHA HUMANIST<\/a><\/blockquote><iframe class=\"wp-embedded-content\" sandbox=\"allow-scripts\" security=\"restricted\" style=\"position: absolute; visibility: hidden;\" title=\"&#8220;ZYMER HAJRULLAHU ME VIZION T\u00cb QART\u00cb NDAJ VENDLINDJES DHE KULTUR\u00cbS MBI T\u00cb GJITHA HUMANIST&#8221; &#8212; Medvegja Sot\" src=\"https:\/\/medvegjasot.com\/?p=2068&#038;embed=true#?secret=WVgWtD0yT8#?secret=2MA3idZfES\" data-secret=\"2MA3idZfES\" width=\"600\" height=\"338\" frameborder=\"0\" marginwidth=\"0\" marginheight=\"0\" scrolling=\"no\"><\/iframe>\n<\/div><\/figure>\n\n\n\n<p>Ashtu siq dihet <strong>Shoqata Humanitare \u00ab Medvegja \u00bb n\u00eb Zvic\u00ebr (SHHMZ) <\/strong>\u00ebsht\u00eb legalizuar n\u00eb Fully t\u00eb Zvicr\u00ebs,&nbsp;&nbsp;m\u00eb dat\u00ebn 26.06.1990, pas nj\u00eb veprimtarie disa vje\u00e7are t\u00eb disa veprimtar\u00ebve t\u00eb Medvegj\u00ebs n\u00eb Zvic\u00ebr.<\/p>\n\n\n\n<p>Pas Legalizimit t\u00eb Shoqat\u00ebs m\u00eb dat\u00ebn 26.06.1990 n\u00eb Fully, Selia u vendos n\u00eb Fully t\u00eb Zvicr\u00ebs dhe Udh\u00ebheq\u00ebs t\u00eb par\u00eb t\u00eb shoqat\u00ebs deri n\u00eb zgjedhjet e para u nominuan dy nga tremb\u00ebdhjet\u00eb bashk\u00ebthemeluesit,\u00a0\u00a0Zenullah Namani e Sahit Hyseni, nd\u00ebrsa Kryetar i par\u00eb i shoqat\u00ebs n\u00eb zgjedhjet e rregullta n\u00eb Fully m\u00eb dat\u00ebn 14.07.1991, u zgjodh\u00eb Ismet Selmani.<\/p>\n\n\n\n<figure class=\"wp-block-embed is-type-video is-provider-youtube wp-block-embed-youtube wp-embed-aspect-16-9 wp-has-aspect-ratio\"><div class=\"wp-block-embed__wrapper\">\n<iframe  id=\"_ytid_30017\"  width=\"640\" height=\"360\"  data-origwidth=\"640\" data-origheight=\"360\" src=\"https:\/\/www.youtube.com\/embed\/qHqBc1jIDl4?enablejsapi=1&#038;autoplay=0&#038;cc_load_policy=0&#038;cc_lang_pref=&#038;iv_load_policy=1&#038;loop=0&#038;rel=1&#038;fs=1&#038;playsinline=0&#038;autohide=2&#038;theme=dark&#038;color=red&#038;controls=1&#038;\" class=\"__youtube_prefs__  epyt-is-override  no-lazyload\" title=\"YouTube player\"  allow=\"fullscreen; accelerometer; autoplay; clipboard-write; encrypted-media; gyroscope; picture-in-picture; web-share\" referrerpolicy=\"strict-origin-when-cross-origin\" allowfullscreen data-no-lazy=\"1\" data-skipgform_ajax_framebjll=\"\"><\/iframe>\n<\/div><\/figure>\n\n\n\n<p><strong>Kryetari Hajrullahu<\/strong> ata q\u00eb nuk u vler\u00ebsuan p\u00ebr kontributin e tyre q\u00eb nga fillimet e saj deri m\u00eb sot, u larguan shum\u00eb her\u00eb me fajin jetim, kjo kuptohet dhe shihet kush pati t\u00eb drejt\u00eb dhe e vun\u00eb shoqat\u00ebn n\u00eb ndarje k\u00ebshtu nuk ndodhi m\u00eb, vazhdoi rrug\u00ebs s\u00eb drejt\u00eb duke i ofruar&nbsp;&nbsp;kontribuesit e saj n\u00eb gjirin e vet\u00eb.&nbsp;<\/p>\n\n\n\n<p>Veproj me kok\u00ebn e vet\u00eb tha lexoj dijen e vet\u00eb at\u00eb q\u00eb ndien dhe mendon (<strong>JO<\/strong>) me tekste t\u00eb shkruara e elegji nga t\u00eb tjer\u00ebt t\u00eb thurura, p\u00ebr ta kuptuar gjith\u00eb ky \u00ebsht\u00eb sekreti i sukseseve, kontributi i tij brenda Shoqat\u00ebs \u00ebsht\u00eb i pandalsh\u00ebm si kontribues n\u00eb <strong>SHHMZ<\/strong> tani e 30-vite.\u00a0<br><\/p>\n\n\n\n<figure class=\"wp-block-embed is-type-video is-provider-youtube wp-block-embed-youtube wp-embed-aspect-16-9 wp-has-aspect-ratio\"><div class=\"wp-block-embed__wrapper\">\n<iframe  id=\"_ytid_13370\"  width=\"640\" height=\"360\"  data-origwidth=\"640\" data-origheight=\"360\" src=\"https:\/\/www.youtube.com\/embed\/7nxQXyBXYYU?enablejsapi=1&#038;autoplay=0&#038;cc_load_policy=0&#038;cc_lang_pref=&#038;iv_load_policy=1&#038;loop=0&#038;rel=1&#038;fs=1&#038;playsinline=0&#038;autohide=2&#038;theme=dark&#038;color=red&#038;controls=1&#038;\" class=\"__youtube_prefs__  epyt-is-override  no-lazyload\" title=\"YouTube player\"  allow=\"fullscreen; accelerometer; autoplay; clipboard-write; encrypted-media; gyroscope; picture-in-picture; web-share\" referrerpolicy=\"strict-origin-when-cross-origin\" allowfullscreen data-no-lazy=\"1\" data-skipgform_ajax_framebjll=\"\"><\/iframe>\n<\/div><\/figure>\n\n\n\n<p>P\u00ebr tri vite portali <strong>MEDVEGJASOT.COM<\/strong> ishte prezent n\u00eb \u00e7do aktivitet dhe sektor\u00eb ku u ndihmua: Arsimi, Sh\u00ebndet\u00ebsia, Shkenca, Kultura, Arti, Sporti, Familjet e Individ\u00ebt e rrezikuar materialisht, Subjekte t\u00eb ndryshme t\u00eb Organizuara n\u00eb Atdhe e M\u00ebrgim, Botime e punime Shkollore,&nbsp;&nbsp;Arsimore, Shkencore, Botime t\u00eb Librave dhe teksteve t\u00eb ndryshme, Manifestime me Karakter Komb\u00ebtar\u00eb, etj.etj.&nbsp;<\/p>\n\n\n\n<p>Shoqata n\u00eb kontinuitet ka pas kryesi t\u00eb rregullt dhe n\u00eb kuad\u00ebr t\u00eb saj ka Komisionet P\u00ebrkat\u00ebse n\u00eb Zvic\u00ebr e m\u00eb gjer\u00eb, ka Shoq\u00ebrin\u00eb Kulturo-Artistike Medvegja (<strong>SHKA<\/strong>) dhe Komisionin Sportiv\u00eb (KS) dhe n\u00eb \u00e7&#8217;do vit\u00eb organizon, dy festa me karakter Komb\u00ebtar\u00eb,\u00a0\u00a0si\u00e7 jan\u00eb Pavar\u00ebsia e Shqip\u00ebris\u00eb dhe ajo e Kosov\u00ebs si dhe dy Festave t\u00eb r\u00ebnd\u00ebsishme n\u00eb Vendlindje ,\u00a0\u00a0n\u00eb selin e saj n\u00eb Fully, n\u00eb \u00e7&#8217;do vit\u00eb n\u00eb qershor,\u00a0\u00a0Organizon Manifestimin Tradicional Kulturo-Sportiv\u00eb.<\/p>\n\n\n\n<figure class=\"wp-block-embed is-type-video is-provider-youtube wp-block-embed-youtube wp-embed-aspect-16-9 wp-has-aspect-ratio\"><div class=\"wp-block-embed__wrapper\">\n<iframe  id=\"_ytid_86396\"  width=\"640\" height=\"360\"  data-origwidth=\"640\" data-origheight=\"360\" src=\"https:\/\/www.youtube.com\/embed\/p4zQkCOGUGI?enablejsapi=1&#038;autoplay=0&#038;cc_load_policy=0&#038;cc_lang_pref=&#038;iv_load_policy=1&#038;loop=0&#038;rel=1&#038;fs=1&#038;playsinline=0&#038;autohide=2&#038;theme=dark&#038;color=red&#038;controls=1&#038;\" class=\"__youtube_prefs__  epyt-is-override  no-lazyload\" title=\"YouTube player\"  allow=\"fullscreen; accelerometer; autoplay; clipboard-write; encrypted-media; gyroscope; picture-in-picture; web-share\" referrerpolicy=\"strict-origin-when-cross-origin\" allowfullscreen data-no-lazy=\"1\" data-skipgform_ajax_framebjll=\"\"><\/iframe>\n<\/div><\/figure>\n\n\n\n<p><\/p>\n\n\n\n<p>Manifestimi n\u00eb fjal\u00eb mbahet n\u00eb qiell t\u00eb hapur,&nbsp;&nbsp;n\u00eb fush\u00eb sportive dhe n\u00eb te marin pjes\u00eb me mij\u00ebra Bashkatdhetar\u00eb nga kat\u00ebr an\u00ebt e globit,&nbsp;&nbsp;pesonalitete t\u00eb shquara t\u00eb jet\u00ebs publike Zvicrane e Shqiptare,&nbsp;&nbsp;Solist e Artist t\u00eb ndrysh\u00ebm ,&nbsp;&nbsp;Grupe Folklorike, Publicist e Gazetar\u00eb, Mjetet e Inforormimit si shtypi i shkruar e ai&nbsp;&nbsp;elektronik, Tv etj, me \u00e7ka ia rrit\u00eb vler\u00ebn k\u00ebti Manifestimi. Nd\u00ebrsa&nbsp;&nbsp;pasuria m\u00eb e ve\u00e7ant e k\u00ebtij Evenementi, jan\u00eb Rinia e jon\u00eb e Art\u00eb Shqiptare,&nbsp;&nbsp;t\u00eb cil\u00ebt nj\u00ebherit i kemi krenari Komb\u00ebtare dhe vlen t\u00eb thek\u00ebsohet se n\u00eb Evenementin e lartp\u00ebrmendur, aty gjith\u00eb\u00e7ka frym\u00ebzon Shqip\u00eb, ku me t\u00eb drejt\u00eb n\u00eb fully ndihesh si n\u00eb Medvegj\u00eb.&nbsp;<br><\/p>\n\n\n\n<figure class=\"wp-block-embed is-type-video is-provider-youtube wp-block-embed-youtube wp-embed-aspect-16-9 wp-has-aspect-ratio\"><div class=\"wp-block-embed__wrapper\">\n<iframe  id=\"_ytid_91448\"  width=\"640\" height=\"360\"  data-origwidth=\"640\" data-origheight=\"360\" src=\"https:\/\/www.youtube.com\/embed\/YdGVe_N9eTQ?enablejsapi=1&#038;autoplay=0&#038;cc_load_policy=0&#038;cc_lang_pref=&#038;iv_load_policy=1&#038;loop=0&#038;rel=1&#038;fs=1&#038;playsinline=0&#038;autohide=2&#038;theme=dark&#038;color=red&#038;controls=1&#038;\" class=\"__youtube_prefs__  epyt-is-override  no-lazyload\" title=\"YouTube player\"  allow=\"fullscreen; accelerometer; autoplay; clipboard-write; encrypted-media; gyroscope; picture-in-picture; web-share\" referrerpolicy=\"strict-origin-when-cross-origin\" allowfullscreen data-no-lazy=\"1\" data-skipgform_ajax_framebjll=\"\"><\/iframe>\n<\/div><\/figure>\n\n\n\n<p>N\u00eb k\u00ebt kontekst nj\u00eb Faleminderit i ve\u00e7ant\u00eb ju takon t\u00eb gjitha Organeve t\u00eb Shoqat\u00ebs t\u00eb t\u00eb gjitha koh\u00ebrave,&nbsp;&nbsp;Komisionit Sportiv\u00eb,&nbsp;&nbsp;<strong>SHKA<\/strong> Medvegja,&nbsp;&nbsp;Aktivist\u00ebve t\u00eb dalluar , Komisioneve t\u00eb Pijeve e Kuzhin\u00ebs,&nbsp;&nbsp;Kujdestar\u00ebve e Vullnetar\u00ebve t\u00eb shumt\u00eb,&nbsp;&nbsp;Donator\u00ebve t\u00eb ndrysh\u00ebm e njer\u00ebzve t\u00eb vullnetit t\u00eb mir\u00eb,&nbsp;&nbsp;&nbsp;pa t\u00eb cil\u00ebt,&nbsp;&nbsp;ky Eveniment nuk do t\u00eb mund t\u00eb mbahej n\u00eb ato p\u00ebrmasa gjigante.<\/p>\n\n\n\n<figure class=\"wp-block-embed is-type-video is-provider-youtube wp-block-embed-youtube wp-embed-aspect-16-9 wp-has-aspect-ratio\"><div class=\"wp-block-embed__wrapper\">\n<iframe  id=\"_ytid_72357\"  width=\"640\" height=\"360\"  data-origwidth=\"640\" data-origheight=\"360\" src=\"https:\/\/www.youtube.com\/embed\/kPZ4KI-Jf58?enablejsapi=1&#038;autoplay=0&#038;cc_load_policy=0&#038;cc_lang_pref=&#038;iv_load_policy=1&#038;loop=0&#038;rel=1&#038;fs=1&#038;playsinline=0&#038;autohide=2&#038;theme=dark&#038;color=red&#038;controls=1&#038;\" class=\"__youtube_prefs__  epyt-is-override  no-lazyload\" title=\"YouTube player\"  allow=\"fullscreen; accelerometer; autoplay; clipboard-write; encrypted-media; gyroscope; picture-in-picture; web-share\" referrerpolicy=\"strict-origin-when-cross-origin\" allowfullscreen data-no-lazy=\"1\" data-skipgform_ajax_framebjll=\"\"><\/iframe>\n<\/div><\/figure>\n\n\n\n<p><\/p>\n\n\n\n<p>Pra me nj\u00eb fjal\u00eb, ky Eveniment bashkon me mij\u00ebra Shqiptar\u00eb nga kat\u00ebr an\u00ebt e globit dhe \u00ebsht\u00eb Manifestim q\u00eb gjeneron t\u00eb ardhura me t\u00eb cilat mund\u00ebsohet zhvillimi i nj\u00eb pjese t\u00eb mir\u00eb&nbsp;&nbsp;t\u00eb&nbsp;&nbsp;aktiviteteve t\u00eb shoqat\u00ebs .<\/p>\n\n\n\n<p>Nj\u00eb faleminderit shtes\u00eb shkon edhe p\u00ebr Komun\u00ebn e Fully n\u00eb krye me Kryetarin , K\u00ebshillin Komunal, Klubin Futbollistik, Zjarrfik\u00ebsit, Policin, Ndihm\u00ebn e Par\u00eb dhe shum\u00eb e shum\u00eb miqve t\u00eb tjer\u00eb Zviceran.<\/p>\n\n\n\n<figure class=\"wp-block-embed is-type-video is-provider-youtube wp-block-embed-youtube wp-embed-aspect-16-9 wp-has-aspect-ratio\"><div class=\"wp-block-embed__wrapper\">\n<iframe  id=\"_ytid_56690\"  width=\"640\" height=\"360\"  data-origwidth=\"640\" data-origheight=\"360\" src=\"https:\/\/www.youtube.com\/embed\/WVruCmmweCI?enablejsapi=1&#038;autoplay=0&#038;cc_load_policy=0&#038;cc_lang_pref=&#038;iv_load_policy=1&#038;loop=0&#038;rel=1&#038;fs=1&#038;playsinline=0&#038;autohide=2&#038;theme=dark&#038;color=red&#038;controls=1&#038;\" class=\"__youtube_prefs__  epyt-is-override  no-lazyload\" title=\"YouTube player\"  allow=\"fullscreen; accelerometer; autoplay; clipboard-write; encrypted-media; gyroscope; picture-in-picture; web-share\" referrerpolicy=\"strict-origin-when-cross-origin\" allowfullscreen data-no-lazy=\"1\" data-skipgform_ajax_framebjll=\"\"><\/iframe>\n<\/div><\/figure>\n\n\n\n<p><\/p>\n\n\n\n<p><strong>Shoqata Medvegja n\u00eb Zvic\u00ebr<\/strong> ka luajt dhe luan edhe rolin e Ambasadorit, me aktivitetin e saj gjith\u00ebp\u00ebrfshir\u00ebs dhe pun\u00ebs s\u00eb ndershme n\u00eb aktivitetin e saj, p\u00ebrmes kontakteve t\u00eb rregullta q\u00eb ka me individ\u00eb dhe Institucione n\u00eb M\u00ebrgat\u00eb e Atdhe,&nbsp;&nbsp;p\u00ebrmes Lobimit n\u00ebp\u00ebr Qendrat kryesore n\u00eb Bot\u00eb, p\u00ebrmes kultivimit dhe mbrojtjes t\u00eb Gjuh\u00ebs Shqipe, Tradit\u00ebs dhe vlerave tona Komb\u00ebtare Shqiptare, p\u00ebrmes Miq\u00ebsis\u00eb e v\u00eblladashuris, mbi t\u00eb gjitha p\u00ebrmes transparenc\u00ebs s\u00eb plot\u00eb n\u00eb hyrje-dalje t\u00eb mjeteve materiale, arriti t\u00eb b\u00ebhet subjekt shum\u00eb i respektuar e i vler\u00ebsuar n\u00eb vendin ku vepron n\u00eb Zvic\u00ebr e m\u00eb gjer\u00eb,&nbsp;&nbsp;nd\u00ebrsa n\u00eb atdhe njihet dhe g\u00ebzon autoritet t\u00eb lart\u00eb n\u00eb t\u00eb gjitha viset shqiptare.<\/p>\n\n\n\n<p>Shoqata ka luajt dhe luan rol\u00eb unifikues dhe n\u00eb vazhdim\u00ebsi punon p\u00ebr bashkimin e faktorit Shqiptar\u00eb n\u00eb Medvegj\u00eb, Bujanoc e Preshev\u00eb, e m\u00eb gjer\u00eb, me theks t\u00eb ve\u00e7ant\u00eb n\u00eb Medvegj\u00eb, sepse aty edhe \u00ebsht\u00eb pika m\u00eb v\u00ebshtir e Kombit Shqiptar\u00eb.\u00a0<br><\/p>\n\n\n\n<figure class=\"wp-block-embed is-type-video is-provider-youtube wp-block-embed-youtube wp-embed-aspect-16-9 wp-has-aspect-ratio\"><div class=\"wp-block-embed__wrapper\">\n<iframe  id=\"_ytid_12583\"  width=\"640\" height=\"360\"  data-origwidth=\"640\" data-origheight=\"360\" src=\"https:\/\/www.youtube.com\/embed\/abUScO5bDvw?enablejsapi=1&#038;autoplay=0&#038;cc_load_policy=0&#038;cc_lang_pref=&#038;iv_load_policy=1&#038;loop=0&#038;rel=1&#038;fs=1&#038;playsinline=0&#038;autohide=2&#038;theme=dark&#038;color=red&#038;controls=1&#038;\" class=\"__youtube_prefs__  epyt-is-override  no-lazyload\" title=\"YouTube player\"  allow=\"fullscreen; accelerometer; autoplay; clipboard-write; encrypted-media; gyroscope; picture-in-picture; web-share\" referrerpolicy=\"strict-origin-when-cross-origin\" allowfullscreen data-no-lazy=\"1\" data-skipgform_ajax_framebjll=\"\"><\/iframe>\n<\/div><\/figure>\n\n\n\n<p><strong>Orientimi i Shoqat\u00ebs Medvegja n\u00eb Zvic\u00ebr gjithmon\u00eb ka qen\u00eb i drejtuar n\u00eb dy drejtime ose dy shtylla t\u00eb veprimit<\/strong>:<\/p>\n\n\n\n<p>1. N\u00eb mbajtjen e lidhjeve t\u00eb p\u00ebrhershme me atdheun , d.m.th me Origjin\u00ebn dhe Identitetin ton\u00eb si dhe ndihm\u00ebn konkrete ndaj ti.<\/p>\n\n\n\n<p>2. N\u00eb ruajtjen dhe kultivimin e vlerave tona Kombtare Shqiptare n\u00eb M\u00ebrgim, si\u00e7 \u00ebsht\u00eb Gjuha Shqipe, Tradita dhe Kultura e mir\u00ebfill\u00ebt Shqiptare, arsye p\u00ebr \u00e7&#8217;ka edhe u formua Shoq\u00ebria Kulturo Artistike Medvegja, e cila vepron n\u00eb kuad\u00ebr t\u00eb <strong>SHHMZ<\/strong>.<\/p>\n\n\n\n<figure class=\"wp-block-embed is-type-video is-provider-youtube wp-block-embed-youtube wp-embed-aspect-16-9 wp-has-aspect-ratio\"><div class=\"wp-block-embed__wrapper\">\n<iframe  id=\"_ytid_17286\"  width=\"640\" height=\"360\"  data-origwidth=\"640\" data-origheight=\"360\" src=\"https:\/\/www.youtube.com\/embed\/Phh_VUAeBJs?enablejsapi=1&#038;autoplay=0&#038;cc_load_policy=0&#038;cc_lang_pref=&#038;iv_load_policy=1&#038;loop=0&#038;rel=1&#038;fs=1&#038;playsinline=0&#038;autohide=2&#038;theme=dark&#038;color=red&#038;controls=1&#038;\" class=\"__youtube_prefs__  epyt-is-override  no-lazyload\" title=\"YouTube player\"  allow=\"fullscreen; accelerometer; autoplay; clipboard-write; encrypted-media; gyroscope; picture-in-picture; web-share\" referrerpolicy=\"strict-origin-when-cross-origin\" allowfullscreen data-no-lazy=\"1\" data-skipgform_ajax_framebjll=\"\"><\/iframe>\n<\/div><\/figure>\n\n\n\n<p><\/p>\n\n\n\n<p><strong>An\u00ebtar\u00ebt jan\u00eb organi m\u00eb i lart\u00eb i Shoqat\u00ebs.&nbsp;<\/strong><\/p>\n\n\n\n<p>Ata zgjedhin Kryesin n\u00eb p\u00ebrb\u00ebrje prej 7-13 an\u00ebtar\u00eb dhe K\u00ebshillin Verifikues ose Mbik\u00ebqyr\u00ebs n\u00eb p\u00ebrb\u00ebrje 3-5 an\u00ebtar\u00ebve dhe an\u00ebtar\u00ebt e shoqat\u00ebs vendosin mbi ndryshimet e statutit dhe vij\u00ebn q\u00eb duhet mbajt shoqata gjegj\u00ebsisht Kryesia.&nbsp;<br><\/p>\n\n\n\n<figure class=\"wp-block-embed is-type-video is-provider-youtube wp-block-embed-youtube wp-embed-aspect-16-9 wp-has-aspect-ratio\"><div class=\"wp-block-embed__wrapper\">\n<iframe  id=\"_ytid_56219\"  width=\"640\" height=\"360\"  data-origwidth=\"640\" data-origheight=\"360\" src=\"https:\/\/www.youtube.com\/embed\/tWWn_Wh7J-M?enablejsapi=1&#038;autoplay=0&#038;cc_load_policy=0&#038;cc_lang_pref=&#038;iv_load_policy=1&#038;loop=0&#038;rel=1&#038;fs=1&#038;playsinline=0&#038;autohide=2&#038;theme=dark&#038;color=red&#038;controls=1&#038;\" class=\"__youtube_prefs__  epyt-is-override  no-lazyload\" title=\"YouTube player\"  allow=\"fullscreen; accelerometer; autoplay; clipboard-write; encrypted-media; gyroscope; picture-in-picture; web-share\" referrerpolicy=\"strict-origin-when-cross-origin\" allowfullscreen data-no-lazy=\"1\" data-skipgform_ajax_framebjll=\"\"><\/iframe>\n<\/div><\/figure>\n\n\n\n<p>Kryesia \u00ebsht\u00eb Organ Drejtues i Shoqat\u00ebs dhe ajo zgjedh\u00eb Organet Udh\u00ebheq\u00ebse t\u00eb kryesis\u00eb q\u00eb n\u00ebnkupton Kryetarin, N\u00ebnkryetarin, Sekretarin dhe tre Ark\u00ebtar\u00eb.&nbsp;<br><\/p>\n\n\n\n<figure class=\"wp-block-embed is-type-video is-provider-youtube wp-block-embed-youtube wp-embed-aspect-16-9 wp-has-aspect-ratio\"><div class=\"wp-block-embed__wrapper\">\n<iframe  id=\"_ytid_90024\"  width=\"640\" height=\"360\"  data-origwidth=\"640\" data-origheight=\"360\" src=\"https:\/\/www.youtube.com\/embed\/uLSWzLxay1U?enablejsapi=1&#038;autoplay=0&#038;cc_load_policy=0&#038;cc_lang_pref=&#038;iv_load_policy=1&#038;loop=0&#038;rel=1&#038;fs=1&#038;playsinline=0&#038;autohide=2&#038;theme=dark&#038;color=red&#038;controls=1&#038;\" class=\"__youtube_prefs__  epyt-is-override  no-lazyload\" title=\"YouTube player\"  allow=\"fullscreen; accelerometer; autoplay; clipboard-write; encrypted-media; gyroscope; picture-in-picture; web-share\" referrerpolicy=\"strict-origin-when-cross-origin\" allowfullscreen data-no-lazy=\"1\" data-skipgform_ajax_framebjll=\"\"><\/iframe>\n<\/div><\/figure>\n\n\n\n<p>Vlen t\u00eb ceket se asnj\u00eb tranzakcion financiar\u00eb nuk mund t\u00eb b\u00ebhet pa shumic\u00ebn e votave t\u00eb an\u00ebtar\u00ebve t\u00eb kryesis\u00eb dhe pa n\u00ebnshkrimin e s\u00eb paku dy nga tre ark\u00ebtar\u00ebt.&nbsp;<\/p>\n\n\n\n<p><strong>Organ Drejtues i Kryesis\u00eb jan\u00eb Kryetari, N\u00ebnkryetari, Sekretari dhe Ark\u00ebtari kryesor\u00eb.<\/strong><\/p>\n\n\n\n<figure class=\"wp-block-image size-large\"><img fetchpriority=\"high\" decoding=\"async\" width=\"1024\" height=\"576\" src=\"https:\/\/medvegjasot.com\/wp-content\/uploads\/2025\/03\/IMG_4853-1-1024x576.jpeg\" alt=\"\" class=\"wp-image-4358\" srcset=\"https:\/\/medvegjasot.com\/wp-content\/uploads\/2025\/03\/IMG_4853-1-1024x576.jpeg 1024w, https:\/\/medvegjasot.com\/wp-content\/uploads\/2025\/03\/IMG_4853-1-300x169.jpeg 300w, https:\/\/medvegjasot.com\/wp-content\/uploads\/2025\/03\/IMG_4853-1-768x432.jpeg 768w, https:\/\/medvegjasot.com\/wp-content\/uploads\/2025\/03\/IMG_4853-1-1536x864.jpeg 1536w, https:\/\/medvegjasot.com\/wp-content\/uploads\/2025\/03\/IMG_4853-1.jpeg 2048w\" sizes=\"(max-width: 1024px) 100vw, 1024px\" \/><\/figure>\n\n\n\n<p><\/p>\n\n\n\n<p>Nga qershori i vitit 2022 <strong>SHHMZ<\/strong> udh\u00ebhiqet nga kjo kryesi e p\u00ebrb\u00ebr\u00eb: <strong>Kryetar, Zymer Hajrullahu, N\u00ebnkryetare Valbona Thaqi, Sekretare Selvije Namani, Ark\u00ebtar Sabit Abazi, Zenullah Namani, Samir Neziri, An\u00ebtar t\u00eb kryesis\u00eb, Blerim Beha, Naim Osmani, Sylejman Musliu, Shaban Bislimi dhe Fadil Baftiu.<\/strong><\/p>\n\n\n\n<figure class=\"wp-block-embed is-type-video is-provider-youtube wp-block-embed-youtube wp-embed-aspect-16-9 wp-has-aspect-ratio\"><div class=\"wp-block-embed__wrapper\">\n<iframe  id=\"_ytid_22758\"  width=\"640\" height=\"360\"  data-origwidth=\"640\" data-origheight=\"360\" src=\"https:\/\/www.youtube.com\/embed\/NCqG7uT5hP4?enablejsapi=1&#038;autoplay=0&#038;cc_load_policy=0&#038;cc_lang_pref=&#038;iv_load_policy=1&#038;loop=0&#038;rel=1&#038;fs=1&#038;playsinline=0&#038;autohide=2&#038;theme=dark&#038;color=red&#038;controls=1&#038;\" class=\"__youtube_prefs__  epyt-is-override  no-lazyload\" title=\"YouTube player\"  allow=\"fullscreen; accelerometer; autoplay; clipboard-write; encrypted-media; gyroscope; picture-in-picture; web-share\" referrerpolicy=\"strict-origin-when-cross-origin\" allowfullscreen data-no-lazy=\"1\" data-skipgform_ajax_framebjll=\"\"><\/iframe>\n<\/div><\/figure>\n\n\n\n<p><\/p>\n\n\n\n<p>Shoqat\u00ebn Medvegja e kan\u00eb vizituar dhe kan\u00eb qen\u00eb mysafir nderi shum\u00eb personalitete t\u00eb jet\u00ebs publike Shqiptare e Nd\u00ebrkomb\u00ebtare, po ashtu&nbsp;&nbsp;ka shpall\u00eb edhe shum\u00eb an\u00ebtar\u00eb e kryetar nderi dhe qytetar\u00eb nderi t\u00eb Medvegj\u00ebs,&nbsp;&nbsp;p\u00ebrfshir\u00eb k\u00ebtu edhe Parlamentarin Darbelej, deri te st\u00ebrnipi i Ismaj Qemal Vlora z. Darling Vlora. Po&nbsp;&nbsp;ashtu <strong>Zenel Neziri, Zenullah Namani dhe Ismet Selmani, kryetar Nderi. Akademikun e Rilindasin e fundit,&nbsp;&nbsp;Idriz Ajeti<\/strong>,&nbsp;&nbsp;\u00ebsht\u00eb shpallur Personalitet i Shekullit nga Shoqata Medvegja, n\u00eb 94 vjetorin e lindjes s\u00eb tij, gjegj\u00ebsisht n\u00eb vitin 2014.&nbsp;Shkrimi vazhdon\u2026! \/<strong>MEDVEGJASOT.COM\/ <\/strong><\/p>\n","protected":false},"excerpt":{"rendered":"<p>Zymer Hajrullahu, nga marsi i vitit 2022 me shumic\u00eb votash em\u00ebrohet n\u00eb krye t\u00eb Shoqat\u00ebs Humanitare Medvegja, u b\u00eb shembull i nj\u00eb simboli unifikues e d\u00ebshmuar gjat\u00eb drejtimit t\u00eb SHHMZ me p\u00ebrkushtimin e tij t\u00eb pa lodhur n\u00eb veprimtarin e tij atdhetare si n\u00eb vendlindje po ashtu dhe jasht\u00eb saj. I urt\u00eb dhe i dashur,&#8230;<\/p>\n","protected":false},"author":2,"featured_media":4354,"comment_status":"open","ping_status":"open","sticky":false,"template":"","format":"standard","meta":{"_coblocks_attr":"","_coblocks_dimensions":"","_coblocks_responsive_height":"","_coblocks_accordion_ie_support":"","_monsterinsights_skip_tracking":false,"_monsterinsights_sitenote_active":false,"_monsterinsights_sitenote_note":"","_monsterinsights_sitenote_category":0,"footnotes":""},"categories":[17],"tags":[],"class_list":["post-4353","post","type-post","status-publish","format-standard","has-post-thumbnail","hentry","category-diaspora"],"yoast_head":"<!-- This site is optimized with the Yoast SEO plugin v27.5 - https:\/\/yoast.com\/product\/yoast-seo-wordpress\/ -->\n<title>SHOQATA HUMANITARE \u00abMEDVEGJA\u00bb N\u00cb ZVIC\u00cbR ME KRYETAR ZYMER HAJRULLAHU\u00a0 - Medvegja Sot<\/title>\n<meta name=\"robots\" content=\"index, follow, max-snippet:-1, max-image-preview:large, max-video-preview:-1\" \/>\n<link rel=\"canonical\" href=\"https:\/\/medvegjasot.com\/?p=4353\" \/>\n<meta property=\"og:locale\" content=\"en_US\" \/>\n<meta property=\"og:type\" content=\"article\" \/>\n<meta property=\"og:title\" content=\"SHOQATA HUMANITARE \u00abMEDVEGJA\u00bb N\u00cb ZVIC\u00cbR ME KRYETAR ZYMER HAJRULLAHU\u00a0 - Medvegja Sot\" \/>\n<meta property=\"og:description\" content=\"Zymer Hajrullahu, nga marsi i vitit 2022 me shumic\u00eb votash em\u00ebrohet n\u00eb krye t\u00eb Shoqat\u00ebs Humanitare Medvegja, u b\u00eb shembull i nj\u00eb simboli unifikues e d\u00ebshmuar gjat\u00eb drejtimit t\u00eb SHHMZ me p\u00ebrkushtimin e tij t\u00eb pa lodhur n\u00eb veprimtarin e tij atdhetare si n\u00eb vendlindje po ashtu dhe jasht\u00eb saj. I urt\u00eb dhe i dashur,...\" \/>\n<meta property=\"og:url\" content=\"https:\/\/medvegjasot.com\/?p=4353\" \/>\n<meta property=\"og:site_name\" content=\"Medvegja Sot\" \/>\n<meta property=\"article:publisher\" content=\"https:\/\/www.facebook.com\/MedvegjaSot.com1\" \/>\n<meta property=\"article:published_time\" content=\"2025-03-17T08:54:57+00:00\" \/>\n<meta property=\"article:modified_time\" content=\"2025-03-19T23:13:18+00:00\" \/>\n<meta property=\"og:image\" content=\"https:\/\/medvegjasot.com\/wp-content\/uploads\/2025\/03\/IMG_4848-scaled.jpeg\" \/>\n\t<meta property=\"og:image:width\" content=\"2560\" \/>\n\t<meta property=\"og:image:height\" content=\"1436\" \/>\n\t<meta property=\"og:image:type\" content=\"image\/jpeg\" \/>\n<meta name=\"author\" content=\"admin\" \/>\n<meta name=\"twitter:card\" content=\"summary_large_image\" \/>\n<meta name=\"twitter:label1\" content=\"Written by\" \/>\n\t<meta name=\"twitter:data1\" content=\"admin\" \/>\n\t<meta name=\"twitter:label2\" content=\"Est. reading time\" \/>\n\t<meta name=\"twitter:data2\" content=\"6 minutes\" \/>\n<script type=\"application\/ld+json\" class=\"yoast-schema-graph\">{\"@context\":\"https:\\\/\\\/schema.org\",\"@graph\":[{\"@type\":\"Article\",\"@id\":\"https:\\\/\\\/medvegjasot.com\\\/?p=4353#article\",\"isPartOf\":{\"@id\":\"https:\\\/\\\/medvegjasot.com\\\/?p=4353\"},\"author\":{\"name\":\"admin\",\"@id\":\"https:\\\/\\\/medvegjasot.com\\\/#\\\/schema\\\/person\\\/f2be1a84f4e95d0cb032946a1cf2e594\"},\"headline\":\"SHOQATA HUMANITARE \u00abMEDVEGJA\u00bb N\u00cb ZVIC\u00cbR ME KRYETAR ZYMER HAJRULLAHU\u00a0\",\"datePublished\":\"2025-03-17T08:54:57+00:00\",\"dateModified\":\"2025-03-19T23:13:18+00:00\",\"mainEntityOfPage\":{\"@id\":\"https:\\\/\\\/medvegjasot.com\\\/?p=4353\"},\"wordCount\":1566,\"commentCount\":0,\"publisher\":{\"@id\":\"https:\\\/\\\/medvegjasot.com\\\/#organization\"},\"image\":{\"@id\":\"https:\\\/\\\/medvegjasot.com\\\/?p=4353#primaryimage\"},\"thumbnailUrl\":\"https:\\\/\\\/medvegjasot.com\\\/wp-content\\\/uploads\\\/2025\\\/03\\\/IMG_4848-scaled.jpeg\",\"articleSection\":[\"DIASPORA\"],\"inLanguage\":\"en-US\",\"potentialAction\":[{\"@type\":\"CommentAction\",\"name\":\"Comment\",\"target\":[\"https:\\\/\\\/medvegjasot.com\\\/?p=4353#respond\"]}]},{\"@type\":\"WebPage\",\"@id\":\"https:\\\/\\\/medvegjasot.com\\\/?p=4353\",\"url\":\"https:\\\/\\\/medvegjasot.com\\\/?p=4353\",\"name\":\"SHOQATA HUMANITARE \u00abMEDVEGJA\u00bb N\u00cb ZVIC\u00cbR ME KRYETAR ZYMER HAJRULLAHU\u00a0 - Medvegja Sot\",\"isPartOf\":{\"@id\":\"https:\\\/\\\/medvegjasot.com\\\/#website\"},\"primaryImageOfPage\":{\"@id\":\"https:\\\/\\\/medvegjasot.com\\\/?p=4353#primaryimage\"},\"image\":{\"@id\":\"https:\\\/\\\/medvegjasot.com\\\/?p=4353#primaryimage\"},\"thumbnailUrl\":\"https:\\\/\\\/medvegjasot.com\\\/wp-content\\\/uploads\\\/2025\\\/03\\\/IMG_4848-scaled.jpeg\",\"datePublished\":\"2025-03-17T08:54:57+00:00\",\"dateModified\":\"2025-03-19T23:13:18+00:00\",\"breadcrumb\":{\"@id\":\"https:\\\/\\\/medvegjasot.com\\\/?p=4353#breadcrumb\"},\"inLanguage\":\"en-US\",\"potentialAction\":[{\"@type\":\"ReadAction\",\"target\":[\"https:\\\/\\\/medvegjasot.com\\\/?p=4353\"]}]},{\"@type\":\"ImageObject\",\"inLanguage\":\"en-US\",\"@id\":\"https:\\\/\\\/medvegjasot.com\\\/?p=4353#primaryimage\",\"url\":\"https:\\\/\\\/medvegjasot.com\\\/wp-content\\\/uploads\\\/2025\\\/03\\\/IMG_4848-scaled.jpeg\",\"contentUrl\":\"https:\\\/\\\/medvegjasot.com\\\/wp-content\\\/uploads\\\/2025\\\/03\\\/IMG_4848-scaled.jpeg\",\"width\":2560,\"height\":1436},{\"@type\":\"BreadcrumbList\",\"@id\":\"https:\\\/\\\/medvegjasot.com\\\/?p=4353#breadcrumb\",\"itemListElement\":[{\"@type\":\"ListItem\",\"position\":1,\"name\":\"Home\",\"item\":\"https:\\\/\\\/medvegjasot.com\\\/\"},{\"@type\":\"ListItem\",\"position\":2,\"name\":\"SHOQATA HUMANITARE \u00abMEDVEGJA\u00bb N\u00cb ZVIC\u00cbR ME KRYETAR ZYMER HAJRULLAHU\u00a0\"}]},{\"@type\":\"WebSite\",\"@id\":\"https:\\\/\\\/medvegjasot.com\\\/#website\",\"url\":\"https:\\\/\\\/medvegjasot.com\\\/\",\"name\":\"Medvegja Sot\",\"description\":\"Portal Lajmesh\",\"publisher\":{\"@id\":\"https:\\\/\\\/medvegjasot.com\\\/#organization\"},\"alternateName\":\"MS\",\"potentialAction\":[{\"@type\":\"SearchAction\",\"target\":{\"@type\":\"EntryPoint\",\"urlTemplate\":\"https:\\\/\\\/medvegjasot.com\\\/?s={search_term_string}\"},\"query-input\":{\"@type\":\"PropertyValueSpecification\",\"valueRequired\":true,\"valueName\":\"search_term_string\"}}],\"inLanguage\":\"en-US\"},{\"@type\":\"Organization\",\"@id\":\"https:\\\/\\\/medvegjasot.com\\\/#organization\",\"name\":\"Medvegja Sot\",\"alternateName\":\"MS\",\"url\":\"https:\\\/\\\/medvegjasot.com\\\/\",\"logo\":{\"@type\":\"ImageObject\",\"inLanguage\":\"en-US\",\"@id\":\"https:\\\/\\\/medvegjasot.com\\\/#\\\/schema\\\/logo\\\/image\\\/\",\"url\":\"https:\\\/\\\/medvegjasot.com\\\/wp-content\\\/uploads\\\/2024\\\/08\\\/logo.png\",\"contentUrl\":\"https:\\\/\\\/medvegjasot.com\\\/wp-content\\\/uploads\\\/2024\\\/08\\\/logo.png\",\"width\":500,\"height\":500,\"caption\":\"Medvegja Sot\"},\"image\":{\"@id\":\"https:\\\/\\\/medvegjasot.com\\\/#\\\/schema\\\/logo\\\/image\\\/\"},\"sameAs\":[\"https:\\\/\\\/www.facebook.com\\\/MedvegjaSot.com1\"]},{\"@type\":\"Person\",\"@id\":\"https:\\\/\\\/medvegjasot.com\\\/#\\\/schema\\\/person\\\/f2be1a84f4e95d0cb032946a1cf2e594\",\"name\":\"admin\",\"image\":{\"@type\":\"ImageObject\",\"inLanguage\":\"en-US\",\"@id\":\"https:\\\/\\\/secure.gravatar.com\\\/avatar\\\/2eedc5259426225ddc6f98b4b6728c30418b83e6f70285719780d3518d972ece?s=96&d=mm&r=g\",\"url\":\"https:\\\/\\\/secure.gravatar.com\\\/avatar\\\/2eedc5259426225ddc6f98b4b6728c30418b83e6f70285719780d3518d972ece?s=96&d=mm&r=g\",\"contentUrl\":\"https:\\\/\\\/secure.gravatar.com\\\/avatar\\\/2eedc5259426225ddc6f98b4b6728c30418b83e6f70285719780d3518d972ece?s=96&d=mm&r=g\",\"caption\":\"admin\"},\"url\":\"https:\\\/\\\/medvegjasot.com\\\/?author=2\"}]}<\/script>\n<!-- \/ Yoast SEO plugin. -->","yoast_head_json":{"title":"SHOQATA HUMANITARE \u00abMEDVEGJA\u00bb N\u00cb ZVIC\u00cbR ME KRYETAR ZYMER HAJRULLAHU\u00a0 - Medvegja Sot","robots":{"index":"index","follow":"follow","max-snippet":"max-snippet:-1","max-image-preview":"max-image-preview:large","max-video-preview":"max-video-preview:-1"},"canonical":"https:\/\/medvegjasot.com\/?p=4353","og_locale":"en_US","og_type":"article","og_title":"SHOQATA HUMANITARE \u00abMEDVEGJA\u00bb N\u00cb ZVIC\u00cbR ME KRYETAR ZYMER HAJRULLAHU\u00a0 - Medvegja Sot","og_description":"Zymer Hajrullahu, nga marsi i vitit 2022 me shumic\u00eb votash em\u00ebrohet n\u00eb krye t\u00eb Shoqat\u00ebs Humanitare Medvegja, u b\u00eb shembull i nj\u00eb simboli unifikues e d\u00ebshmuar gjat\u00eb drejtimit t\u00eb SHHMZ me p\u00ebrkushtimin e tij t\u00eb pa lodhur n\u00eb veprimtarin e tij atdhetare si n\u00eb vendlindje po ashtu dhe jasht\u00eb saj. I urt\u00eb dhe i dashur,...","og_url":"https:\/\/medvegjasot.com\/?p=4353","og_site_name":"Medvegja Sot","article_publisher":"https:\/\/www.facebook.com\/MedvegjaSot.com1","article_published_time":"2025-03-17T08:54:57+00:00","article_modified_time":"2025-03-19T23:13:18+00:00","og_image":[{"width":2560,"height":1436,"url":"https:\/\/medvegjasot.com\/wp-content\/uploads\/2025\/03\/IMG_4848-scaled.jpeg","type":"image\/jpeg"}],"author":"admin","twitter_card":"summary_large_image","twitter_misc":{"Written by":"admin","Est. reading time":"6 minutes"},"schema":{"@context":"https:\/\/schema.org","@graph":[{"@type":"Article","@id":"https:\/\/medvegjasot.com\/?p=4353#article","isPartOf":{"@id":"https:\/\/medvegjasot.com\/?p=4353"},"author":{"name":"admin","@id":"https:\/\/medvegjasot.com\/#\/schema\/person\/f2be1a84f4e95d0cb032946a1cf2e594"},"headline":"SHOQATA HUMANITARE \u00abMEDVEGJA\u00bb N\u00cb ZVIC\u00cbR ME KRYETAR ZYMER HAJRULLAHU\u00a0","datePublished":"2025-03-17T08:54:57+00:00","dateModified":"2025-03-19T23:13:18+00:00","mainEntityOfPage":{"@id":"https:\/\/medvegjasot.com\/?p=4353"},"wordCount":1566,"commentCount":0,"publisher":{"@id":"https:\/\/medvegjasot.com\/#organization"},"image":{"@id":"https:\/\/medvegjasot.com\/?p=4353#primaryimage"},"thumbnailUrl":"https:\/\/medvegjasot.com\/wp-content\/uploads\/2025\/03\/IMG_4848-scaled.jpeg","articleSection":["DIASPORA"],"inLanguage":"en-US","potentialAction":[{"@type":"CommentAction","name":"Comment","target":["https:\/\/medvegjasot.com\/?p=4353#respond"]}]},{"@type":"WebPage","@id":"https:\/\/medvegjasot.com\/?p=4353","url":"https:\/\/medvegjasot.com\/?p=4353","name":"SHOQATA HUMANITARE \u00abMEDVEGJA\u00bb N\u00cb ZVIC\u00cbR ME KRYETAR ZYMER HAJRULLAHU\u00a0 - Medvegja Sot","isPartOf":{"@id":"https:\/\/medvegjasot.com\/#website"},"primaryImageOfPage":{"@id":"https:\/\/medvegjasot.com\/?p=4353#primaryimage"},"image":{"@id":"https:\/\/medvegjasot.com\/?p=4353#primaryimage"},"thumbnailUrl":"https:\/\/medvegjasot.com\/wp-content\/uploads\/2025\/03\/IMG_4848-scaled.jpeg","datePublished":"2025-03-17T08:54:57+00:00","dateModified":"2025-03-19T23:13:18+00:00","breadcrumb":{"@id":"https:\/\/medvegjasot.com\/?p=4353#breadcrumb"},"inLanguage":"en-US","potentialAction":[{"@type":"ReadAction","target":["https:\/\/medvegjasot.com\/?p=4353"]}]},{"@type":"ImageObject","inLanguage":"en-US","@id":"https:\/\/medvegjasot.com\/?p=4353#primaryimage","url":"https:\/\/medvegjasot.com\/wp-content\/uploads\/2025\/03\/IMG_4848-scaled.jpeg","contentUrl":"https:\/\/medvegjasot.com\/wp-content\/uploads\/2025\/03\/IMG_4848-scaled.jpeg","width":2560,"height":1436},{"@type":"BreadcrumbList","@id":"https:\/\/medvegjasot.com\/?p=4353#breadcrumb","itemListElement":[{"@type":"ListItem","position":1,"name":"Home","item":"https:\/\/medvegjasot.com\/"},{"@type":"ListItem","position":2,"name":"SHOQATA HUMANITARE \u00abMEDVEGJA\u00bb N\u00cb ZVIC\u00cbR ME KRYETAR ZYMER HAJRULLAHU\u00a0"}]},{"@type":"WebSite","@id":"https:\/\/medvegjasot.com\/#website","url":"https:\/\/medvegjasot.com\/","name":"Medvegja Sot","description":"Portal Lajmesh","publisher":{"@id":"https:\/\/medvegjasot.com\/#organization"},"alternateName":"MS","potentialAction":[{"@type":"SearchAction","target":{"@type":"EntryPoint","urlTemplate":"https:\/\/medvegjasot.com\/?s={search_term_string}"},"query-input":{"@type":"PropertyValueSpecification","valueRequired":true,"valueName":"search_term_string"}}],"inLanguage":"en-US"},{"@type":"Organization","@id":"https:\/\/medvegjasot.com\/#organization","name":"Medvegja Sot","alternateName":"MS","url":"https:\/\/medvegjasot.com\/","logo":{"@type":"ImageObject","inLanguage":"en-US","@id":"https:\/\/medvegjasot.com\/#\/schema\/logo\/image\/","url":"https:\/\/medvegjasot.com\/wp-content\/uploads\/2024\/08\/logo.png","contentUrl":"https:\/\/medvegjasot.com\/wp-content\/uploads\/2024\/08\/logo.png","width":500,"height":500,"caption":"Medvegja Sot"},"image":{"@id":"https:\/\/medvegjasot.com\/#\/schema\/logo\/image\/"},"sameAs":["https:\/\/www.facebook.com\/MedvegjaSot.com1"]},{"@type":"Person","@id":"https:\/\/medvegjasot.com\/#\/schema\/person\/f2be1a84f4e95d0cb032946a1cf2e594","name":"admin","image":{"@type":"ImageObject","inLanguage":"en-US","@id":"https:\/\/secure.gravatar.com\/avatar\/2eedc5259426225ddc6f98b4b6728c30418b83e6f70285719780d3518d972ece?s=96&d=mm&r=g","url":"https:\/\/secure.gravatar.com\/avatar\/2eedc5259426225ddc6f98b4b6728c30418b83e6f70285719780d3518d972ece?s=96&d=mm&r=g","contentUrl":"https:\/\/secure.gravatar.com\/avatar\/2eedc5259426225ddc6f98b4b6728c30418b83e6f70285719780d3518d972ece?s=96&d=mm&r=g","caption":"admin"},"url":"https:\/\/medvegjasot.com\/?author=2"}]}},"jetpack_featured_media_url":"https:\/\/medvegjasot.com\/wp-content\/uploads\/2025\/03\/IMG_4848-scaled.jpeg","_links":{"self":[{"href":"https:\/\/medvegjasot.com\/index.php?rest_route=\/wp\/v2\/posts\/4353","targetHints":{"allow":["GET"]}}],"collection":[{"href":"https:\/\/medvegjasot.com\/index.php?rest_route=\/wp\/v2\/posts"}],"about":[{"href":"https:\/\/medvegjasot.com\/index.php?rest_route=\/wp\/v2\/types\/post"}],"author":[{"embeddable":true,"href":"https:\/\/medvegjasot.com\/index.php?rest_route=\/wp\/v2\/users\/2"}],"replies":[{"embeddable":true,"href":"https:\/\/medvegjasot.com\/index.php?rest_route=%2Fwp%2Fv2%2Fcomments&post=4353"}],"version-history":[{"count":18,"href":"https:\/\/medvegjasot.com\/index.php?rest_route=\/wp\/v2\/posts\/4353\/revisions"}],"predecessor-version":[{"id":4473,"href":"https:\/\/medvegjasot.com\/index.php?rest_route=\/wp\/v2\/posts\/4353\/revisions\/4473"}],"wp:featuredmedia":[{"embeddable":true,"href":"https:\/\/medvegjasot.com\/index.php?rest_route=\/wp\/v2\/media\/4354"}],"wp:attachment":[{"href":"https:\/\/medvegjasot.com\/index.php?rest_route=%2Fwp%2Fv2%2Fmedia&parent=4353"}],"wp:term":[{"taxonomy":"category","embeddable":true,"href":"https:\/\/medvegjasot.com\/index.php?rest_route=%2Fwp%2Fv2%2Fcategories&post=4353"},{"taxonomy":"post_tag","embeddable":true,"href":"https:\/\/medvegjasot.com\/index.php?rest_route=%2Fwp%2Fv2%2Ftags&post=4353"}],"curies":[{"name":"wp","href":"https:\/\/api.w.org\/{rel}","templated":true}]}}