{"id":4348,"date":"2025-03-14T18:14:34","date_gmt":"2025-03-14T18:14:34","guid":{"rendered":"https:\/\/medvegjasot.com\/?p=4348"},"modified":"2025-03-14T18:15:58","modified_gmt":"2025-03-14T18:15:58","slug":"pensionohet-veterani-i-arsimit-nga-medvegja-bilall-kadriu","status":"publish","type":"post","link":"https:\/\/medvegjasot.com\/?p=4348","title":{"rendered":"Pensionohet veterani i arsimit nga\u00a0Medvegja Bilall Kadriu\u00a0"},"content":{"rendered":"\n<p>Sot, Ne, kolektivi i SHFMU &#8220;Xhavit Ahmeti&#8221; e p\u00ebrcoll\u00ebm p\u00ebr pension, m\u00ebsimdh\u00ebn\u00ebsin e gjeografis\u00eb, z. Bilall Kadriu.<\/p>\n\n\n\n<p>Bilalli ishte i pun\u00ebsuar n\u00eb k\u00ebt\u00eb shkoll\u00eb q\u00eb nga themelimi i saj, 01.09.2009 deri n\u00eb dit\u00ebn e sotme kur e ka arritur ligj\u00ebrisht mosh\u00ebn e pensionimit.<\/p>\n\n\n\n<p>Bilalli gjithmon\u00eb \u00ebsht\u00eb shquar p\u00ebr p\u00ebrpik\u00ebri n\u00eb pun\u00eb, kolegialitet, p\u00ebrkushtim dhe bashk\u00ebpunim t\u00eb shk\u00eblqyer me t\u00eb gjith\u00eb.<\/p>\n\n\n\n<p>Sot, shum\u00eb gjenerata t\u00eb jan\u00eb mir\u00ebnjoh\u00ebs p\u00ebr pun\u00ebn e shkelqyer n\u00eb procesin edukativo-arsimor p\u00ebr dekada me radh\u00eb, n\u00eb koh\u00ebra t\u00eb liga dhe n\u00eb koh\u00ebra t\u00eb mira.<\/p>\n\n\n\n<figure class=\"wp-block-image size-large\"><img fetchpriority=\"high\" decoding=\"async\" width=\"1024\" height=\"768\" src=\"https:\/\/medvegjasot.com\/wp-content\/uploads\/2025\/03\/IMG_4837-1024x768.jpeg\" alt=\"\" class=\"wp-image-4351\" srcset=\"https:\/\/medvegjasot.com\/wp-content\/uploads\/2025\/03\/IMG_4837-1024x768.jpeg 1024w, https:\/\/medvegjasot.com\/wp-content\/uploads\/2025\/03\/IMG_4837-300x225.jpeg 300w, https:\/\/medvegjasot.com\/wp-content\/uploads\/2025\/03\/IMG_4837-768x576.jpeg 768w, https:\/\/medvegjasot.com\/wp-content\/uploads\/2025\/03\/IMG_4837.jpeg 1079w\" sizes=\"(max-width: 1024px) 100vw, 1024px\" \/><\/figure>\n\n\n\n<p>I nderuar Bilall,<\/p>\n\n\n\n<p>Ne, i gjith\u00eb kolektivi i shkoll\u00ebs pa dallim, urojm\u00eb q\u00eb t\u00eb kesh sh\u00ebndet t\u00eb plot\u00eb, jet\u00eb t\u00eb gjat\u00eb e mir\u00ebqenie n\u00eb familje dhe gjith\u00eb rrethin t\u00ebnd!<\/p>\n","protected":false},"excerpt":{"rendered":"<p>Sot, Ne, kolektivi i SHFMU &#8220;Xhavit Ahmeti&#8221; e p\u00ebrcoll\u00ebm p\u00ebr pension, m\u00ebsimdh\u00ebn\u00ebsin e gjeografis\u00eb, z. Bilall Kadriu. Bilalli ishte i pun\u00ebsuar n\u00eb k\u00ebt\u00eb shkoll\u00eb q\u00eb nga themelimi i saj, 01.09.2009 deri n\u00eb dit\u00ebn e sotme kur e ka arritur ligj\u00ebrisht mosh\u00ebn e pensionimit. Bilalli gjithmon\u00eb \u00ebsht\u00eb shquar p\u00ebr p\u00ebrpik\u00ebri n\u00eb pun\u00eb, kolegialitet, p\u00ebrkushtim dhe bashk\u00ebpunim&#8230;<\/p>\n","protected":false},"author":2,"featured_media":4349,"comment_status":"open","ping_status":"open","sticky":false,"template":"","format":"standard","meta":{"_coblocks_attr":"","_coblocks_dimensions":"","_coblocks_responsive_height":"","_coblocks_accordion_ie_support":"","_monsterinsights_skip_tracking":false,"_monsterinsights_sitenote_active":false,"_monsterinsights_sitenote_note":"","_monsterinsights_sitenote_category":0,"footnotes":""},"categories":[18],"tags":[],"class_list":["post-4348","post","type-post","status-publish","format-standard","has-post-thumbnail","hentry","category-kulture"],"yoast_head":"<!-- This site is optimized with the Yoast SEO plugin v27.5 - https:\/\/yoast.com\/product\/yoast-seo-wordpress\/ -->\n<title>Pensionohet veterani i arsimit nga\u00a0Medvegja Bilall Kadriu\u00a0 - Medvegja Sot<\/title>\n<meta name=\"robots\" content=\"index, follow, max-snippet:-1, max-image-preview:large, max-video-preview:-1\" \/>\n<link rel=\"canonical\" href=\"https:\/\/medvegjasot.com\/?p=4348\" \/>\n<meta property=\"og:locale\" content=\"en_US\" \/>\n<meta property=\"og:type\" content=\"article\" \/>\n<meta property=\"og:title\" content=\"Pensionohet veterani i arsimit nga\u00a0Medvegja Bilall Kadriu\u00a0 - Medvegja Sot\" \/>\n<meta property=\"og:description\" content=\"Sot, Ne, kolektivi i SHFMU &#8220;Xhavit Ahmeti&#8221; e p\u00ebrcoll\u00ebm p\u00ebr pension, m\u00ebsimdh\u00ebn\u00ebsin e gjeografis\u00eb, z. Bilall Kadriu. Bilalli ishte i pun\u00ebsuar n\u00eb k\u00ebt\u00eb shkoll\u00eb q\u00eb nga themelimi i saj, 01.09.2009 deri n\u00eb dit\u00ebn e sotme kur e ka arritur ligj\u00ebrisht mosh\u00ebn e pensionimit. Bilalli gjithmon\u00eb \u00ebsht\u00eb shquar p\u00ebr p\u00ebrpik\u00ebri n\u00eb pun\u00eb, kolegialitet, p\u00ebrkushtim dhe bashk\u00ebpunim...\" \/>\n<meta property=\"og:url\" content=\"https:\/\/medvegjasot.com\/?p=4348\" \/>\n<meta property=\"og:site_name\" content=\"Medvegja Sot\" \/>\n<meta property=\"article:publisher\" content=\"https:\/\/www.facebook.com\/MedvegjaSot.com1\" \/>\n<meta property=\"article:published_time\" content=\"2025-03-14T18:14:34+00:00\" \/>\n<meta property=\"article:modified_time\" content=\"2025-03-14T18:15:58+00:00\" \/>\n<meta property=\"og:image\" content=\"https:\/\/medvegjasot.com\/wp-content\/uploads\/2025\/03\/photo-output-9.jpeg\" \/>\n\t<meta property=\"og:image:width\" content=\"2016\" \/>\n\t<meta property=\"og:image:height\" content=\"1134\" \/>\n\t<meta property=\"og:image:type\" content=\"image\/jpeg\" \/>\n<meta name=\"author\" content=\"admin\" \/>\n<meta name=\"twitter:card\" content=\"summary_large_image\" \/>\n<meta name=\"twitter:label1\" content=\"Written by\" \/>\n\t<meta name=\"twitter:data1\" content=\"admin\" \/>\n\t<meta name=\"twitter:label2\" content=\"Est. reading time\" \/>\n\t<meta name=\"twitter:data2\" content=\"1 minute\" \/>\n<script type=\"application\/ld+json\" class=\"yoast-schema-graph\">{\"@context\":\"https:\\\/\\\/schema.org\",\"@graph\":[{\"@type\":\"Article\",\"@id\":\"https:\\\/\\\/medvegjasot.com\\\/?p=4348#article\",\"isPartOf\":{\"@id\":\"https:\\\/\\\/medvegjasot.com\\\/?p=4348\"},\"author\":{\"name\":\"admin\",\"@id\":\"https:\\\/\\\/medvegjasot.com\\\/#\\\/schema\\\/person\\\/f2be1a84f4e95d0cb032946a1cf2e594\"},\"headline\":\"Pensionohet veterani i arsimit nga\u00a0Medvegja Bilall Kadriu\u00a0\",\"datePublished\":\"2025-03-14T18:14:34+00:00\",\"dateModified\":\"2025-03-14T18:15:58+00:00\",\"mainEntityOfPage\":{\"@id\":\"https:\\\/\\\/medvegjasot.com\\\/?p=4348\"},\"wordCount\":150,\"commentCount\":0,\"publisher\":{\"@id\":\"https:\\\/\\\/medvegjasot.com\\\/#organization\"},\"image\":{\"@id\":\"https:\\\/\\\/medvegjasot.com\\\/?p=4348#primaryimage\"},\"thumbnailUrl\":\"https:\\\/\\\/medvegjasot.com\\\/wp-content\\\/uploads\\\/2025\\\/03\\\/photo-output-9.jpeg\",\"articleSection\":[\"KULTUR\u00cb\"],\"inLanguage\":\"en-US\",\"potentialAction\":[{\"@type\":\"CommentAction\",\"name\":\"Comment\",\"target\":[\"https:\\\/\\\/medvegjasot.com\\\/?p=4348#respond\"]}]},{\"@type\":\"WebPage\",\"@id\":\"https:\\\/\\\/medvegjasot.com\\\/?p=4348\",\"url\":\"https:\\\/\\\/medvegjasot.com\\\/?p=4348\",\"name\":\"Pensionohet veterani i arsimit nga\u00a0Medvegja Bilall Kadriu\u00a0 - Medvegja Sot\",\"isPartOf\":{\"@id\":\"https:\\\/\\\/medvegjasot.com\\\/#website\"},\"primaryImageOfPage\":{\"@id\":\"https:\\\/\\\/medvegjasot.com\\\/?p=4348#primaryimage\"},\"image\":{\"@id\":\"https:\\\/\\\/medvegjasot.com\\\/?p=4348#primaryimage\"},\"thumbnailUrl\":\"https:\\\/\\\/medvegjasot.com\\\/wp-content\\\/uploads\\\/2025\\\/03\\\/photo-output-9.jpeg\",\"datePublished\":\"2025-03-14T18:14:34+00:00\",\"dateModified\":\"2025-03-14T18:15:58+00:00\",\"breadcrumb\":{\"@id\":\"https:\\\/\\\/medvegjasot.com\\\/?p=4348#breadcrumb\"},\"inLanguage\":\"en-US\",\"potentialAction\":[{\"@type\":\"ReadAction\",\"target\":[\"https:\\\/\\\/medvegjasot.com\\\/?p=4348\"]}]},{\"@type\":\"ImageObject\",\"inLanguage\":\"en-US\",\"@id\":\"https:\\\/\\\/medvegjasot.com\\\/?p=4348#primaryimage\",\"url\":\"https:\\\/\\\/medvegjasot.com\\\/wp-content\\\/uploads\\\/2025\\\/03\\\/photo-output-9.jpeg\",\"contentUrl\":\"https:\\\/\\\/medvegjasot.com\\\/wp-content\\\/uploads\\\/2025\\\/03\\\/photo-output-9.jpeg\",\"width\":2016,\"height\":1134},{\"@type\":\"BreadcrumbList\",\"@id\":\"https:\\\/\\\/medvegjasot.com\\\/?p=4348#breadcrumb\",\"itemListElement\":[{\"@type\":\"ListItem\",\"position\":1,\"name\":\"Home\",\"item\":\"https:\\\/\\\/medvegjasot.com\\\/\"},{\"@type\":\"ListItem\",\"position\":2,\"name\":\"Pensionohet veterani i arsimit nga\u00a0Medvegja Bilall Kadriu\u00a0\"}]},{\"@type\":\"WebSite\",\"@id\":\"https:\\\/\\\/medvegjasot.com\\\/#website\",\"url\":\"https:\\\/\\\/medvegjasot.com\\\/\",\"name\":\"Medvegja Sot\",\"description\":\"Portal Lajmesh\",\"publisher\":{\"@id\":\"https:\\\/\\\/medvegjasot.com\\\/#organization\"},\"alternateName\":\"MS\",\"potentialAction\":[{\"@type\":\"SearchAction\",\"target\":{\"@type\":\"EntryPoint\",\"urlTemplate\":\"https:\\\/\\\/medvegjasot.com\\\/?s={search_term_string}\"},\"query-input\":{\"@type\":\"PropertyValueSpecification\",\"valueRequired\":true,\"valueName\":\"search_term_string\"}}],\"inLanguage\":\"en-US\"},{\"@type\":\"Organization\",\"@id\":\"https:\\\/\\\/medvegjasot.com\\\/#organization\",\"name\":\"Medvegja Sot\",\"alternateName\":\"MS\",\"url\":\"https:\\\/\\\/medvegjasot.com\\\/\",\"logo\":{\"@type\":\"ImageObject\",\"inLanguage\":\"en-US\",\"@id\":\"https:\\\/\\\/medvegjasot.com\\\/#\\\/schema\\\/logo\\\/image\\\/\",\"url\":\"https:\\\/\\\/medvegjasot.com\\\/wp-content\\\/uploads\\\/2024\\\/08\\\/logo.png\",\"contentUrl\":\"https:\\\/\\\/medvegjasot.com\\\/wp-content\\\/uploads\\\/2024\\\/08\\\/logo.png\",\"width\":500,\"height\":500,\"caption\":\"Medvegja Sot\"},\"image\":{\"@id\":\"https:\\\/\\\/medvegjasot.com\\\/#\\\/schema\\\/logo\\\/image\\\/\"},\"sameAs\":[\"https:\\\/\\\/www.facebook.com\\\/MedvegjaSot.com1\"]},{\"@type\":\"Person\",\"@id\":\"https:\\\/\\\/medvegjasot.com\\\/#\\\/schema\\\/person\\\/f2be1a84f4e95d0cb032946a1cf2e594\",\"name\":\"admin\",\"image\":{\"@type\":\"ImageObject\",\"inLanguage\":\"en-US\",\"@id\":\"https:\\\/\\\/secure.gravatar.com\\\/avatar\\\/2eedc5259426225ddc6f98b4b6728c30418b83e6f70285719780d3518d972ece?s=96&d=mm&r=g\",\"url\":\"https:\\\/\\\/secure.gravatar.com\\\/avatar\\\/2eedc5259426225ddc6f98b4b6728c30418b83e6f70285719780d3518d972ece?s=96&d=mm&r=g\",\"contentUrl\":\"https:\\\/\\\/secure.gravatar.com\\\/avatar\\\/2eedc5259426225ddc6f98b4b6728c30418b83e6f70285719780d3518d972ece?s=96&d=mm&r=g\",\"caption\":\"admin\"},\"url\":\"https:\\\/\\\/medvegjasot.com\\\/?author=2\"}]}<\/script>\n<!-- \/ Yoast SEO plugin. -->","yoast_head_json":{"title":"Pensionohet veterani i arsimit nga\u00a0Medvegja Bilall Kadriu\u00a0 - Medvegja Sot","robots":{"index":"index","follow":"follow","max-snippet":"max-snippet:-1","max-image-preview":"max-image-preview:large","max-video-preview":"max-video-preview:-1"},"canonical":"https:\/\/medvegjasot.com\/?p=4348","og_locale":"en_US","og_type":"article","og_title":"Pensionohet veterani i arsimit nga\u00a0Medvegja Bilall Kadriu\u00a0 - Medvegja Sot","og_description":"Sot, Ne, kolektivi i SHFMU &#8220;Xhavit Ahmeti&#8221; e p\u00ebrcoll\u00ebm p\u00ebr pension, m\u00ebsimdh\u00ebn\u00ebsin e gjeografis\u00eb, z. Bilall Kadriu. Bilalli ishte i pun\u00ebsuar n\u00eb k\u00ebt\u00eb shkoll\u00eb q\u00eb nga themelimi i saj, 01.09.2009 deri n\u00eb dit\u00ebn e sotme kur e ka arritur ligj\u00ebrisht mosh\u00ebn e pensionimit. Bilalli gjithmon\u00eb \u00ebsht\u00eb shquar p\u00ebr p\u00ebrpik\u00ebri n\u00eb pun\u00eb, kolegialitet, p\u00ebrkushtim dhe bashk\u00ebpunim...","og_url":"https:\/\/medvegjasot.com\/?p=4348","og_site_name":"Medvegja Sot","article_publisher":"https:\/\/www.facebook.com\/MedvegjaSot.com1","article_published_time":"2025-03-14T18:14:34+00:00","article_modified_time":"2025-03-14T18:15:58+00:00","og_image":[{"width":2016,"height":1134,"url":"https:\/\/medvegjasot.com\/wp-content\/uploads\/2025\/03\/photo-output-9.jpeg","type":"image\/jpeg"}],"author":"admin","twitter_card":"summary_large_image","twitter_misc":{"Written by":"admin","Est. reading time":"1 minute"},"schema":{"@context":"https:\/\/schema.org","@graph":[{"@type":"Article","@id":"https:\/\/medvegjasot.com\/?p=4348#article","isPartOf":{"@id":"https:\/\/medvegjasot.com\/?p=4348"},"author":{"name":"admin","@id":"https:\/\/medvegjasot.com\/#\/schema\/person\/f2be1a84f4e95d0cb032946a1cf2e594"},"headline":"Pensionohet veterani i arsimit nga\u00a0Medvegja Bilall Kadriu\u00a0","datePublished":"2025-03-14T18:14:34+00:00","dateModified":"2025-03-14T18:15:58+00:00","mainEntityOfPage":{"@id":"https:\/\/medvegjasot.com\/?p=4348"},"wordCount":150,"commentCount":0,"publisher":{"@id":"https:\/\/medvegjasot.com\/#organization"},"image":{"@id":"https:\/\/medvegjasot.com\/?p=4348#primaryimage"},"thumbnailUrl":"https:\/\/medvegjasot.com\/wp-content\/uploads\/2025\/03\/photo-output-9.jpeg","articleSection":["KULTUR\u00cb"],"inLanguage":"en-US","potentialAction":[{"@type":"CommentAction","name":"Comment","target":["https:\/\/medvegjasot.com\/?p=4348#respond"]}]},{"@type":"WebPage","@id":"https:\/\/medvegjasot.com\/?p=4348","url":"https:\/\/medvegjasot.com\/?p=4348","name":"Pensionohet veterani i arsimit nga\u00a0Medvegja Bilall Kadriu\u00a0 - Medvegja Sot","isPartOf":{"@id":"https:\/\/medvegjasot.com\/#website"},"primaryImageOfPage":{"@id":"https:\/\/medvegjasot.com\/?p=4348#primaryimage"},"image":{"@id":"https:\/\/medvegjasot.com\/?p=4348#primaryimage"},"thumbnailUrl":"https:\/\/medvegjasot.com\/wp-content\/uploads\/2025\/03\/photo-output-9.jpeg","datePublished":"2025-03-14T18:14:34+00:00","dateModified":"2025-03-14T18:15:58+00:00","breadcrumb":{"@id":"https:\/\/medvegjasot.com\/?p=4348#breadcrumb"},"inLanguage":"en-US","potentialAction":[{"@type":"ReadAction","target":["https:\/\/medvegjasot.com\/?p=4348"]}]},{"@type":"ImageObject","inLanguage":"en-US","@id":"https:\/\/medvegjasot.com\/?p=4348#primaryimage","url":"https:\/\/medvegjasot.com\/wp-content\/uploads\/2025\/03\/photo-output-9.jpeg","contentUrl":"https:\/\/medvegjasot.com\/wp-content\/uploads\/2025\/03\/photo-output-9.jpeg","width":2016,"height":1134},{"@type":"BreadcrumbList","@id":"https:\/\/medvegjasot.com\/?p=4348#breadcrumb","itemListElement":[{"@type":"ListItem","position":1,"name":"Home","item":"https:\/\/medvegjasot.com\/"},{"@type":"ListItem","position":2,"name":"Pensionohet veterani i arsimit nga\u00a0Medvegja Bilall Kadriu\u00a0"}]},{"@type":"WebSite","@id":"https:\/\/medvegjasot.com\/#website","url":"https:\/\/medvegjasot.com\/","name":"Medvegja Sot","description":"Portal Lajmesh","publisher":{"@id":"https:\/\/medvegjasot.com\/#organization"},"alternateName":"MS","potentialAction":[{"@type":"SearchAction","target":{"@type":"EntryPoint","urlTemplate":"https:\/\/medvegjasot.com\/?s={search_term_string}"},"query-input":{"@type":"PropertyValueSpecification","valueRequired":true,"valueName":"search_term_string"}}],"inLanguage":"en-US"},{"@type":"Organization","@id":"https:\/\/medvegjasot.com\/#organization","name":"Medvegja Sot","alternateName":"MS","url":"https:\/\/medvegjasot.com\/","logo":{"@type":"ImageObject","inLanguage":"en-US","@id":"https:\/\/medvegjasot.com\/#\/schema\/logo\/image\/","url":"https:\/\/medvegjasot.com\/wp-content\/uploads\/2024\/08\/logo.png","contentUrl":"https:\/\/medvegjasot.com\/wp-content\/uploads\/2024\/08\/logo.png","width":500,"height":500,"caption":"Medvegja Sot"},"image":{"@id":"https:\/\/medvegjasot.com\/#\/schema\/logo\/image\/"},"sameAs":["https:\/\/www.facebook.com\/MedvegjaSot.com1"]},{"@type":"Person","@id":"https:\/\/medvegjasot.com\/#\/schema\/person\/f2be1a84f4e95d0cb032946a1cf2e594","name":"admin","image":{"@type":"ImageObject","inLanguage":"en-US","@id":"https:\/\/secure.gravatar.com\/avatar\/2eedc5259426225ddc6f98b4b6728c30418b83e6f70285719780d3518d972ece?s=96&d=mm&r=g","url":"https:\/\/secure.gravatar.com\/avatar\/2eedc5259426225ddc6f98b4b6728c30418b83e6f70285719780d3518d972ece?s=96&d=mm&r=g","contentUrl":"https:\/\/secure.gravatar.com\/avatar\/2eedc5259426225ddc6f98b4b6728c30418b83e6f70285719780d3518d972ece?s=96&d=mm&r=g","caption":"admin"},"url":"https:\/\/medvegjasot.com\/?author=2"}]}},"jetpack_featured_media_url":"https:\/\/medvegjasot.com\/wp-content\/uploads\/2025\/03\/photo-output-9.jpeg","_links":{"self":[{"href":"https:\/\/medvegjasot.com\/index.php?rest_route=\/wp\/v2\/posts\/4348","targetHints":{"allow":["GET"]}}],"collection":[{"href":"https:\/\/medvegjasot.com\/index.php?rest_route=\/wp\/v2\/posts"}],"about":[{"href":"https:\/\/medvegjasot.com\/index.php?rest_route=\/wp\/v2\/types\/post"}],"author":[{"embeddable":true,"href":"https:\/\/medvegjasot.com\/index.php?rest_route=\/wp\/v2\/users\/2"}],"replies":[{"embeddable":true,"href":"https:\/\/medvegjasot.com\/index.php?rest_route=%2Fwp%2Fv2%2Fcomments&post=4348"}],"version-history":[{"count":2,"href":"https:\/\/medvegjasot.com\/index.php?rest_route=\/wp\/v2\/posts\/4348\/revisions"}],"predecessor-version":[{"id":4352,"href":"https:\/\/medvegjasot.com\/index.php?rest_route=\/wp\/v2\/posts\/4348\/revisions\/4352"}],"wp:featuredmedia":[{"embeddable":true,"href":"https:\/\/medvegjasot.com\/index.php?rest_route=\/wp\/v2\/media\/4349"}],"wp:attachment":[{"href":"https:\/\/medvegjasot.com\/index.php?rest_route=%2Fwp%2Fv2%2Fmedia&parent=4348"}],"wp:term":[{"taxonomy":"category","embeddable":true,"href":"https:\/\/medvegjasot.com\/index.php?rest_route=%2Fwp%2Fv2%2Fcategories&post=4348"},{"taxonomy":"post_tag","embeddable":true,"href":"https:\/\/medvegjasot.com\/index.php?rest_route=%2Fwp%2Fv2%2Ftags&post=4348"}],"curies":[{"name":"wp","href":"https:\/\/api.w.org\/{rel}","templated":true}]}}