{"id":4336,"date":"2025-03-11T13:11:04","date_gmt":"2025-03-11T13:11:04","guid":{"rendered":"https:\/\/medvegjasot.com\/?p=4336"},"modified":"2025-03-11T13:36:00","modified_gmt":"2025-03-11T13:36:00","slug":"me-11-mars-1981-vihet-gurethemeli-i-republikes-se-kosove","status":"publish","type":"post","link":"https:\/\/medvegjasot.com\/?p=4336","title":{"rendered":"M\u00eb 11 mars 1981 vihet gur\u00ebthemeli i Republik\u00ebs s\u00eb Kosov\u00eb\u00a0"},"content":{"rendered":"\n<p>44 vjet m\u00eb par\u00eb, m\u00eb 11 mars t\u00eb vitit 1981, n\u00eb Prishtin\u00eb shp\u00ebrthyen demonstratat e student\u00ebve me k\u00ebrkesa sociale.<\/p>\n\n\n\n<p>11 marsi i atij viti sh\u00ebnon dit\u00ebn e fillimit t\u00eb shfaqjes hapur t\u00eb pak\u00ebnaq\u00ebsive jo vet\u00ebm t\u00eb rinis\u00eb studentore, por edhe t\u00eb pun\u00ebtor\u00ebve, fshatar\u00ebve dhe t\u00eb gjitha shtresave liridash\u00ebse n\u00eb Kosov\u00eb e m\u00eb gjer\u00eb, n\u00eb trojet shqiptare t\u00eb mbetura n\u00ebn okupimin e RSFJ-s\u00eb.<\/p>\n\n\n\n<p>Demonstratat e marsit dhe prillit t\u00eb vitit 1981 sh\u00ebnuan kthes\u00ebn vendimtare t\u00eb ndarjes definitive t\u00eb shqiptar\u00ebve t\u00eb rob\u00ebruar nga ish-RSFJ.<\/p>\n\n\n\n<p>K\u00ebrkesa p\u00ebr krijimin e nj\u00eb republike t\u00eb shqiptar\u00ebve n\u00eb Jugosllavi, shtrohej si nevoj\u00eb strategjike e koh\u00ebs, p\u00ebr t\u00eb ruajtur identitetin komb\u00ebtar t\u00eb shqiptar\u00ebve dhe p\u00ebr t\u00eb krijuar parakushte p\u00ebr shk\u00ebputje nga Jugosllavia.<\/p>\n\n\n\n<p>Protestat e demonstratat u zgjeruan n\u00eb t\u00ebr\u00eb Kosov\u00ebn por edhe n\u00eb trojet e tjera n\u00ebn okupimin e Federat\u00ebs Jugosllave. M\u00eb 26 mars dhe 1, 2 e 3 prill&nbsp; t\u00eb po atij viti, nj\u00ebsit\u00eb speciale federative&nbsp; t\u00eb Jugosllavis\u00eb, me lejen me aprovimin e regjent\u00ebve besnik\u00eb t\u00eb regjimit t\u00eb Beogradit si: Azem vllasi, Mahmut Bakalli, Ali Shukriu, Fadil Hoxha, Mehmet Maliqi e t\u00eb tjer\u00eb, sulmuan brutalisht student\u00ebt, dhe t\u00ebr\u00eb kjo i dhan\u00eb hov fillimit t\u00eb derdhjes s\u00eb zem\u00ebrimit popullor.<\/p>\n\n\n\n<p><strong>11 mars 1981 vihet gur\u00ebthemeli i Republik\u00ebs s\u00eb Kosov\u00eb&nbsp;<\/strong><\/p>\n\n\n\n<p>11 marsi i vitit 1981 ishte dita kur u vendos themeli i Republik\u00ebs s\u00eb Kosov\u00ebs, ishte shk\u00ebndija q\u00eb paralajm\u00ebronte fillimin e zbrazjes s\u00eb zem\u00ebrimit popullor kund\u00ebr padrejt\u00ebsive, kund\u00ebr shtypjes e shfryt\u00ebzimit nga Serbia e p\u00ebrgjith\u00ebsisht nga RSFJ, kund\u00ebr ides\u00eb s\u00eb p\u00ebrshtatjes, kund\u00ebr pretendimeve p\u00ebr krijimin e nj\u00eb kombi hibrid kosovar, kund\u00ebr jugosllavizimit t\u00eb qet\u00eb dhe p\u00ebrbashk\u00ebsis\u00eb s\u00eb shqiptar\u00ebve me popujt sllav\u00eb.<\/p>\n\n\n\n<p>K\u00ebrkesat sociale q\u00eb u manifestuan n\u00eb mbr\u00ebmjen e 11 marsit, n\u00eb \u201cMens\u00ebn e Student\u00ebve\u201d, n\u00eb Prishtin\u00eb p\u00ebr kushte m\u00eb t\u00eb mira jete, nuk ishin spontane por kulmim i natyrsh\u00ebm i nj\u00eb zem\u00ebrimi, i cili nuk mund t\u00eb p\u00ebrmbahej m\u00eb tej.<\/p>\n\n\n\n<p>Defilimi i qindra student\u00ebve n\u00eb or\u00ebt e mbr\u00ebmjes t\u00eb asaj dite, u pasua me solidarizimin e mij\u00ebra qytetar\u00ebve, t\u00eb cil\u00ebt p\u00ebr af\u00ebr kat\u00ebr or\u00eb rresht protestuan paq\u00ebsisht n\u00ebp\u00ebr sheshet e Prishtin\u00ebs.<\/p>\n\n\n\n<p>Alarmi i fillimit t\u00eb manifestimit t\u00eb zem\u00ebrimit popullor kund\u00ebr pabarazis\u00eb dhe padrejt\u00ebsive tashm\u00eb ishte dh\u00ebn\u00eb. L\u00ebvizja e fsheht\u00eb e Rezistenc\u00ebs, e njohur n\u00eb kuptimin p\u00ebrgjith\u00ebsues si L\u00ebvizje ilegale kishte filluar t\u00eb mobilizonte radh\u00ebt dhe t\u00eb artikulonte p\u00ebrve\u00e7 k\u00ebrkesave sociale edhe k\u00ebrkesa politike, meq\u00eb me t\u00eb drejt\u00eb konstatohej se barazia e plot\u00eb e shqiptar\u00ebve n\u00eb Kosov\u00eb e m\u00eb gjer\u00eb n\u00ebn okupimin jugosllav, do t\u00eb arrihej me krijimin e nj\u00eb Republike t\u00eb barabart\u00eb me republikat e tjera t\u00eb Federat\u00ebs jugosllave t\u2019i dridhnin themelet e shtetit t\u00eb at\u00ebhersh\u00ebm jugosllav.<\/p>\n","protected":false},"excerpt":{"rendered":"<p>44 vjet m\u00eb par\u00eb, m\u00eb 11 mars t\u00eb vitit 1981, n\u00eb Prishtin\u00eb shp\u00ebrthyen demonstratat e student\u00ebve me k\u00ebrkesa sociale. 11 marsi i atij viti sh\u00ebnon dit\u00ebn e fillimit t\u00eb shfaqjes hapur t\u00eb pak\u00ebnaq\u00ebsive jo vet\u00ebm t\u00eb rinis\u00eb studentore, por edhe t\u00eb pun\u00ebtor\u00ebve, fshatar\u00ebve dhe t\u00eb gjitha shtresave liridash\u00ebse n\u00eb Kosov\u00eb e m\u00eb gjer\u00eb, n\u00eb trojet&#8230;<\/p>\n","protected":false},"author":2,"featured_media":4337,"comment_status":"open","ping_status":"open","sticky":false,"template":"","format":"standard","meta":{"_coblocks_attr":"","_coblocks_dimensions":"","_coblocks_responsive_height":"","_coblocks_accordion_ie_support":"","_monsterinsights_skip_tracking":false,"_monsterinsights_sitenote_active":false,"_monsterinsights_sitenote_note":"","_monsterinsights_sitenote_category":0,"footnotes":""},"categories":[3],"tags":[],"class_list":["post-4336","post","type-post","status-publish","format-standard","has-post-thumbnail","hentry","category-kronika"],"yoast_head":"<!-- This site is optimized with the Yoast SEO plugin v27.5 - https:\/\/yoast.com\/product\/yoast-seo-wordpress\/ -->\n<title>M\u00eb 11 mars 1981 vihet gur\u00ebthemeli i Republik\u00ebs s\u00eb Kosov\u00eb\u00a0 - Medvegja Sot<\/title>\n<meta name=\"robots\" content=\"index, follow, max-snippet:-1, max-image-preview:large, max-video-preview:-1\" \/>\n<link rel=\"canonical\" href=\"https:\/\/medvegjasot.com\/?p=4336\" \/>\n<meta property=\"og:locale\" content=\"en_US\" \/>\n<meta property=\"og:type\" content=\"article\" \/>\n<meta property=\"og:title\" content=\"M\u00eb 11 mars 1981 vihet gur\u00ebthemeli i Republik\u00ebs s\u00eb Kosov\u00eb\u00a0 - Medvegja Sot\" \/>\n<meta property=\"og:description\" content=\"44 vjet m\u00eb par\u00eb, m\u00eb 11 mars t\u00eb vitit 1981, n\u00eb Prishtin\u00eb shp\u00ebrthyen demonstratat e student\u00ebve me k\u00ebrkesa sociale. 11 marsi i atij viti sh\u00ebnon dit\u00ebn e fillimit t\u00eb shfaqjes hapur t\u00eb pak\u00ebnaq\u00ebsive jo vet\u00ebm t\u00eb rinis\u00eb studentore, por edhe t\u00eb pun\u00ebtor\u00ebve, fshatar\u00ebve dhe t\u00eb gjitha shtresave liridash\u00ebse n\u00eb Kosov\u00eb e m\u00eb gjer\u00eb, n\u00eb trojet...\" \/>\n<meta property=\"og:url\" content=\"https:\/\/medvegjasot.com\/?p=4336\" \/>\n<meta property=\"og:site_name\" content=\"Medvegja Sot\" \/>\n<meta property=\"article:publisher\" content=\"https:\/\/www.facebook.com\/MedvegjaSot.com1\" \/>\n<meta property=\"article:published_time\" content=\"2025-03-11T13:11:04+00:00\" \/>\n<meta property=\"article:modified_time\" content=\"2025-03-11T13:36:00+00:00\" \/>\n<meta property=\"og:image\" content=\"https:\/\/medvegjasot.com\/wp-content\/uploads\/2025\/03\/IMG_4799.jpeg\" \/>\n\t<meta property=\"og:image:width\" content=\"780\" \/>\n\t<meta property=\"og:image:height\" content=\"439\" \/>\n\t<meta property=\"og:image:type\" content=\"image\/jpeg\" \/>\n<meta name=\"author\" content=\"admin\" \/>\n<meta name=\"twitter:card\" content=\"summary_large_image\" \/>\n<meta name=\"twitter:label1\" content=\"Written by\" \/>\n\t<meta name=\"twitter:data1\" content=\"admin\" \/>\n\t<meta name=\"twitter:label2\" content=\"Est. reading time\" \/>\n\t<meta name=\"twitter:data2\" content=\"3 minutes\" \/>\n<script type=\"application\/ld+json\" class=\"yoast-schema-graph\">{\"@context\":\"https:\\\/\\\/schema.org\",\"@graph\":[{\"@type\":\"Article\",\"@id\":\"https:\\\/\\\/medvegjasot.com\\\/?p=4336#article\",\"isPartOf\":{\"@id\":\"https:\\\/\\\/medvegjasot.com\\\/?p=4336\"},\"author\":{\"name\":\"admin\",\"@id\":\"https:\\\/\\\/medvegjasot.com\\\/#\\\/schema\\\/person\\\/f2be1a84f4e95d0cb032946a1cf2e594\"},\"headline\":\"M\u00eb 11 mars 1981 vihet gur\u00ebthemeli i Republik\u00ebs s\u00eb Kosov\u00eb\u00a0\",\"datePublished\":\"2025-03-11T13:11:04+00:00\",\"dateModified\":\"2025-03-11T13:36:00+00:00\",\"mainEntityOfPage\":{\"@id\":\"https:\\\/\\\/medvegjasot.com\\\/?p=4336\"},\"wordCount\":514,\"commentCount\":0,\"publisher\":{\"@id\":\"https:\\\/\\\/medvegjasot.com\\\/#organization\"},\"image\":{\"@id\":\"https:\\\/\\\/medvegjasot.com\\\/?p=4336#primaryimage\"},\"thumbnailUrl\":\"https:\\\/\\\/medvegjasot.com\\\/wp-content\\\/uploads\\\/2025\\\/03\\\/IMG_4799.jpeg\",\"articleSection\":[\"KRONIKA\"],\"inLanguage\":\"en-US\",\"potentialAction\":[{\"@type\":\"CommentAction\",\"name\":\"Comment\",\"target\":[\"https:\\\/\\\/medvegjasot.com\\\/?p=4336#respond\"]}]},{\"@type\":\"WebPage\",\"@id\":\"https:\\\/\\\/medvegjasot.com\\\/?p=4336\",\"url\":\"https:\\\/\\\/medvegjasot.com\\\/?p=4336\",\"name\":\"M\u00eb 11 mars 1981 vihet gur\u00ebthemeli i Republik\u00ebs s\u00eb Kosov\u00eb\u00a0 - Medvegja Sot\",\"isPartOf\":{\"@id\":\"https:\\\/\\\/medvegjasot.com\\\/#website\"},\"primaryImageOfPage\":{\"@id\":\"https:\\\/\\\/medvegjasot.com\\\/?p=4336#primaryimage\"},\"image\":{\"@id\":\"https:\\\/\\\/medvegjasot.com\\\/?p=4336#primaryimage\"},\"thumbnailUrl\":\"https:\\\/\\\/medvegjasot.com\\\/wp-content\\\/uploads\\\/2025\\\/03\\\/IMG_4799.jpeg\",\"datePublished\":\"2025-03-11T13:11:04+00:00\",\"dateModified\":\"2025-03-11T13:36:00+00:00\",\"breadcrumb\":{\"@id\":\"https:\\\/\\\/medvegjasot.com\\\/?p=4336#breadcrumb\"},\"inLanguage\":\"en-US\",\"potentialAction\":[{\"@type\":\"ReadAction\",\"target\":[\"https:\\\/\\\/medvegjasot.com\\\/?p=4336\"]}]},{\"@type\":\"ImageObject\",\"inLanguage\":\"en-US\",\"@id\":\"https:\\\/\\\/medvegjasot.com\\\/?p=4336#primaryimage\",\"url\":\"https:\\\/\\\/medvegjasot.com\\\/wp-content\\\/uploads\\\/2025\\\/03\\\/IMG_4799.jpeg\",\"contentUrl\":\"https:\\\/\\\/medvegjasot.com\\\/wp-content\\\/uploads\\\/2025\\\/03\\\/IMG_4799.jpeg\",\"width\":780,\"height\":439},{\"@type\":\"BreadcrumbList\",\"@id\":\"https:\\\/\\\/medvegjasot.com\\\/?p=4336#breadcrumb\",\"itemListElement\":[{\"@type\":\"ListItem\",\"position\":1,\"name\":\"Home\",\"item\":\"https:\\\/\\\/medvegjasot.com\\\/\"},{\"@type\":\"ListItem\",\"position\":2,\"name\":\"M\u00eb 11 mars 1981 vihet gur\u00ebthemeli i Republik\u00ebs s\u00eb Kosov\u00eb\u00a0\"}]},{\"@type\":\"WebSite\",\"@id\":\"https:\\\/\\\/medvegjasot.com\\\/#website\",\"url\":\"https:\\\/\\\/medvegjasot.com\\\/\",\"name\":\"Medvegja Sot\",\"description\":\"Portal Lajmesh\",\"publisher\":{\"@id\":\"https:\\\/\\\/medvegjasot.com\\\/#organization\"},\"alternateName\":\"MS\",\"potentialAction\":[{\"@type\":\"SearchAction\",\"target\":{\"@type\":\"EntryPoint\",\"urlTemplate\":\"https:\\\/\\\/medvegjasot.com\\\/?s={search_term_string}\"},\"query-input\":{\"@type\":\"PropertyValueSpecification\",\"valueRequired\":true,\"valueName\":\"search_term_string\"}}],\"inLanguage\":\"en-US\"},{\"@type\":\"Organization\",\"@id\":\"https:\\\/\\\/medvegjasot.com\\\/#organization\",\"name\":\"Medvegja Sot\",\"alternateName\":\"MS\",\"url\":\"https:\\\/\\\/medvegjasot.com\\\/\",\"logo\":{\"@type\":\"ImageObject\",\"inLanguage\":\"en-US\",\"@id\":\"https:\\\/\\\/medvegjasot.com\\\/#\\\/schema\\\/logo\\\/image\\\/\",\"url\":\"https:\\\/\\\/medvegjasot.com\\\/wp-content\\\/uploads\\\/2024\\\/08\\\/logo.png\",\"contentUrl\":\"https:\\\/\\\/medvegjasot.com\\\/wp-content\\\/uploads\\\/2024\\\/08\\\/logo.png\",\"width\":500,\"height\":500,\"caption\":\"Medvegja Sot\"},\"image\":{\"@id\":\"https:\\\/\\\/medvegjasot.com\\\/#\\\/schema\\\/logo\\\/image\\\/\"},\"sameAs\":[\"https:\\\/\\\/www.facebook.com\\\/MedvegjaSot.com1\"]},{\"@type\":\"Person\",\"@id\":\"https:\\\/\\\/medvegjasot.com\\\/#\\\/schema\\\/person\\\/f2be1a84f4e95d0cb032946a1cf2e594\",\"name\":\"admin\",\"image\":{\"@type\":\"ImageObject\",\"inLanguage\":\"en-US\",\"@id\":\"https:\\\/\\\/secure.gravatar.com\\\/avatar\\\/2eedc5259426225ddc6f98b4b6728c30418b83e6f70285719780d3518d972ece?s=96&d=mm&r=g\",\"url\":\"https:\\\/\\\/secure.gravatar.com\\\/avatar\\\/2eedc5259426225ddc6f98b4b6728c30418b83e6f70285719780d3518d972ece?s=96&d=mm&r=g\",\"contentUrl\":\"https:\\\/\\\/secure.gravatar.com\\\/avatar\\\/2eedc5259426225ddc6f98b4b6728c30418b83e6f70285719780d3518d972ece?s=96&d=mm&r=g\",\"caption\":\"admin\"},\"url\":\"https:\\\/\\\/medvegjasot.com\\\/?author=2\"}]}<\/script>\n<!-- \/ Yoast SEO plugin. -->","yoast_head_json":{"title":"M\u00eb 11 mars 1981 vihet gur\u00ebthemeli i Republik\u00ebs s\u00eb Kosov\u00eb\u00a0 - Medvegja Sot","robots":{"index":"index","follow":"follow","max-snippet":"max-snippet:-1","max-image-preview":"max-image-preview:large","max-video-preview":"max-video-preview:-1"},"canonical":"https:\/\/medvegjasot.com\/?p=4336","og_locale":"en_US","og_type":"article","og_title":"M\u00eb 11 mars 1981 vihet gur\u00ebthemeli i Republik\u00ebs s\u00eb Kosov\u00eb\u00a0 - Medvegja Sot","og_description":"44 vjet m\u00eb par\u00eb, m\u00eb 11 mars t\u00eb vitit 1981, n\u00eb Prishtin\u00eb shp\u00ebrthyen demonstratat e student\u00ebve me k\u00ebrkesa sociale. 11 marsi i atij viti sh\u00ebnon dit\u00ebn e fillimit t\u00eb shfaqjes hapur t\u00eb pak\u00ebnaq\u00ebsive jo vet\u00ebm t\u00eb rinis\u00eb studentore, por edhe t\u00eb pun\u00ebtor\u00ebve, fshatar\u00ebve dhe t\u00eb gjitha shtresave liridash\u00ebse n\u00eb Kosov\u00eb e m\u00eb gjer\u00eb, n\u00eb trojet...","og_url":"https:\/\/medvegjasot.com\/?p=4336","og_site_name":"Medvegja Sot","article_publisher":"https:\/\/www.facebook.com\/MedvegjaSot.com1","article_published_time":"2025-03-11T13:11:04+00:00","article_modified_time":"2025-03-11T13:36:00+00:00","og_image":[{"width":780,"height":439,"url":"https:\/\/medvegjasot.com\/wp-content\/uploads\/2025\/03\/IMG_4799.jpeg","type":"image\/jpeg"}],"author":"admin","twitter_card":"summary_large_image","twitter_misc":{"Written by":"admin","Est. reading time":"3 minutes"},"schema":{"@context":"https:\/\/schema.org","@graph":[{"@type":"Article","@id":"https:\/\/medvegjasot.com\/?p=4336#article","isPartOf":{"@id":"https:\/\/medvegjasot.com\/?p=4336"},"author":{"name":"admin","@id":"https:\/\/medvegjasot.com\/#\/schema\/person\/f2be1a84f4e95d0cb032946a1cf2e594"},"headline":"M\u00eb 11 mars 1981 vihet gur\u00ebthemeli i Republik\u00ebs s\u00eb Kosov\u00eb\u00a0","datePublished":"2025-03-11T13:11:04+00:00","dateModified":"2025-03-11T13:36:00+00:00","mainEntityOfPage":{"@id":"https:\/\/medvegjasot.com\/?p=4336"},"wordCount":514,"commentCount":0,"publisher":{"@id":"https:\/\/medvegjasot.com\/#organization"},"image":{"@id":"https:\/\/medvegjasot.com\/?p=4336#primaryimage"},"thumbnailUrl":"https:\/\/medvegjasot.com\/wp-content\/uploads\/2025\/03\/IMG_4799.jpeg","articleSection":["KRONIKA"],"inLanguage":"en-US","potentialAction":[{"@type":"CommentAction","name":"Comment","target":["https:\/\/medvegjasot.com\/?p=4336#respond"]}]},{"@type":"WebPage","@id":"https:\/\/medvegjasot.com\/?p=4336","url":"https:\/\/medvegjasot.com\/?p=4336","name":"M\u00eb 11 mars 1981 vihet gur\u00ebthemeli i Republik\u00ebs s\u00eb Kosov\u00eb\u00a0 - Medvegja Sot","isPartOf":{"@id":"https:\/\/medvegjasot.com\/#website"},"primaryImageOfPage":{"@id":"https:\/\/medvegjasot.com\/?p=4336#primaryimage"},"image":{"@id":"https:\/\/medvegjasot.com\/?p=4336#primaryimage"},"thumbnailUrl":"https:\/\/medvegjasot.com\/wp-content\/uploads\/2025\/03\/IMG_4799.jpeg","datePublished":"2025-03-11T13:11:04+00:00","dateModified":"2025-03-11T13:36:00+00:00","breadcrumb":{"@id":"https:\/\/medvegjasot.com\/?p=4336#breadcrumb"},"inLanguage":"en-US","potentialAction":[{"@type":"ReadAction","target":["https:\/\/medvegjasot.com\/?p=4336"]}]},{"@type":"ImageObject","inLanguage":"en-US","@id":"https:\/\/medvegjasot.com\/?p=4336#primaryimage","url":"https:\/\/medvegjasot.com\/wp-content\/uploads\/2025\/03\/IMG_4799.jpeg","contentUrl":"https:\/\/medvegjasot.com\/wp-content\/uploads\/2025\/03\/IMG_4799.jpeg","width":780,"height":439},{"@type":"BreadcrumbList","@id":"https:\/\/medvegjasot.com\/?p=4336#breadcrumb","itemListElement":[{"@type":"ListItem","position":1,"name":"Home","item":"https:\/\/medvegjasot.com\/"},{"@type":"ListItem","position":2,"name":"M\u00eb 11 mars 1981 vihet gur\u00ebthemeli i Republik\u00ebs s\u00eb Kosov\u00eb\u00a0"}]},{"@type":"WebSite","@id":"https:\/\/medvegjasot.com\/#website","url":"https:\/\/medvegjasot.com\/","name":"Medvegja Sot","description":"Portal Lajmesh","publisher":{"@id":"https:\/\/medvegjasot.com\/#organization"},"alternateName":"MS","potentialAction":[{"@type":"SearchAction","target":{"@type":"EntryPoint","urlTemplate":"https:\/\/medvegjasot.com\/?s={search_term_string}"},"query-input":{"@type":"PropertyValueSpecification","valueRequired":true,"valueName":"search_term_string"}}],"inLanguage":"en-US"},{"@type":"Organization","@id":"https:\/\/medvegjasot.com\/#organization","name":"Medvegja Sot","alternateName":"MS","url":"https:\/\/medvegjasot.com\/","logo":{"@type":"ImageObject","inLanguage":"en-US","@id":"https:\/\/medvegjasot.com\/#\/schema\/logo\/image\/","url":"https:\/\/medvegjasot.com\/wp-content\/uploads\/2024\/08\/logo.png","contentUrl":"https:\/\/medvegjasot.com\/wp-content\/uploads\/2024\/08\/logo.png","width":500,"height":500,"caption":"Medvegja Sot"},"image":{"@id":"https:\/\/medvegjasot.com\/#\/schema\/logo\/image\/"},"sameAs":["https:\/\/www.facebook.com\/MedvegjaSot.com1"]},{"@type":"Person","@id":"https:\/\/medvegjasot.com\/#\/schema\/person\/f2be1a84f4e95d0cb032946a1cf2e594","name":"admin","image":{"@type":"ImageObject","inLanguage":"en-US","@id":"https:\/\/secure.gravatar.com\/avatar\/2eedc5259426225ddc6f98b4b6728c30418b83e6f70285719780d3518d972ece?s=96&d=mm&r=g","url":"https:\/\/secure.gravatar.com\/avatar\/2eedc5259426225ddc6f98b4b6728c30418b83e6f70285719780d3518d972ece?s=96&d=mm&r=g","contentUrl":"https:\/\/secure.gravatar.com\/avatar\/2eedc5259426225ddc6f98b4b6728c30418b83e6f70285719780d3518d972ece?s=96&d=mm&r=g","caption":"admin"},"url":"https:\/\/medvegjasot.com\/?author=2"}]}},"jetpack_featured_media_url":"https:\/\/medvegjasot.com\/wp-content\/uploads\/2025\/03\/IMG_4799.jpeg","_links":{"self":[{"href":"https:\/\/medvegjasot.com\/index.php?rest_route=\/wp\/v2\/posts\/4336","targetHints":{"allow":["GET"]}}],"collection":[{"href":"https:\/\/medvegjasot.com\/index.php?rest_route=\/wp\/v2\/posts"}],"about":[{"href":"https:\/\/medvegjasot.com\/index.php?rest_route=\/wp\/v2\/types\/post"}],"author":[{"embeddable":true,"href":"https:\/\/medvegjasot.com\/index.php?rest_route=\/wp\/v2\/users\/2"}],"replies":[{"embeddable":true,"href":"https:\/\/medvegjasot.com\/index.php?rest_route=%2Fwp%2Fv2%2Fcomments&post=4336"}],"version-history":[{"count":2,"href":"https:\/\/medvegjasot.com\/index.php?rest_route=\/wp\/v2\/posts\/4336\/revisions"}],"predecessor-version":[{"id":4339,"href":"https:\/\/medvegjasot.com\/index.php?rest_route=\/wp\/v2\/posts\/4336\/revisions\/4339"}],"wp:featuredmedia":[{"embeddable":true,"href":"https:\/\/medvegjasot.com\/index.php?rest_route=\/wp\/v2\/media\/4337"}],"wp:attachment":[{"href":"https:\/\/medvegjasot.com\/index.php?rest_route=%2Fwp%2Fv2%2Fmedia&parent=4336"}],"wp:term":[{"taxonomy":"category","embeddable":true,"href":"https:\/\/medvegjasot.com\/index.php?rest_route=%2Fwp%2Fv2%2Fcategories&post=4336"},{"taxonomy":"post_tag","embeddable":true,"href":"https:\/\/medvegjasot.com\/index.php?rest_route=%2Fwp%2Fv2%2Ftags&post=4336"}],"curies":[{"name":"wp","href":"https:\/\/api.w.org\/{rel}","templated":true}]}}