{"id":4264,"date":"2025-03-06T10:31:57","date_gmt":"2025-03-06T10:31:57","guid":{"rendered":"https:\/\/medvegjasot.com\/?p=4264"},"modified":"2025-03-06T15:34:46","modified_gmt":"2025-03-06T15:34:46","slug":"5-6-7-mars-te-gjitha-rruget-cojne-ne-prekazin-legjendar-foto-album","status":"publish","type":"post","link":"https:\/\/medvegjasot.com\/?p=4264","title":{"rendered":"Homazhe n\u00eb Kompleksin Memorial &#8220;Adem Jashari&#8221; p\u00ebr nder t\u00eb 5, 6 dhe 7 Marsit"},"content":{"rendered":"\n<p><\/p>\n\n\n\n<figure class=\"wp-block-image size-large\"><img fetchpriority=\"high\" decoding=\"async\" width=\"682\" height=\"1024\" src=\"https:\/\/medvegjasot.com\/wp-content\/uploads\/2025\/03\/IMG_4677-682x1024.jpeg\" alt=\"\" class=\"wp-image-4266\" srcset=\"https:\/\/medvegjasot.com\/wp-content\/uploads\/2025\/03\/IMG_4677-682x1024.jpeg 682w, https:\/\/medvegjasot.com\/wp-content\/uploads\/2025\/03\/IMG_4677-200x300.jpeg 200w, https:\/\/medvegjasot.com\/wp-content\/uploads\/2025\/03\/IMG_4677-768x1153.jpeg 768w, https:\/\/medvegjasot.com\/wp-content\/uploads\/2025\/03\/IMG_4677-1023x1536.jpeg 1023w, https:\/\/medvegjasot.com\/wp-content\/uploads\/2025\/03\/IMG_4677.jpeg 1364w\" sizes=\"(max-width: 682px) 100vw, 682px\" \/><\/figure>\n\n\n\n<p>\u201cSot si \u00e7doher\u00eb, n\u00eb homazhe n\u00eb kompleksin memorial n\u00eb Prekaz dhe n\u00eb vizit\u00eb n\u00eb kull\u00ebn e Jasharajve te Baca Rifat!<\/p>\n\n\n\n<p>Nga plumbi i par\u00eb e deri te q\u00ebndresa heroike e marsit 1998, komandanti legjendar Adem Jashari dhe familja Jashari nuk u thyen, nuk u zmbraps\u00ebn, por p\u00ebrqafuan pavdek\u00ebsin\u00eb. Ata edhe sot mbeten drit\u00eb udh\u00ebrr\u00ebfyese p\u00ebr rrug\u00ebn ton\u00eb p\u00ebrpara.<\/p>\n\n\n\n<p>N\u00eb koh\u00ebt m\u00eb t\u00eb err\u00ebta, ata ndez\u00ebn drit\u00ebn e shpres\u00ebs. N\u00eb sfidat m\u00eb t\u00eb m\u00ebdha, ata gjet\u00ebn forc\u00ebn p\u00ebr t\u00eb ecur p\u00ebrpara. N\u00eb momentet kur liria dhe e ardhmja e Kosov\u00ebs u vun\u00eb n\u00eb pik\u00ebpyetje, ata u b\u00ebn\u00eb p\u00ebrgjigjja, u b\u00ebn\u00eb mburoja dhe zemra e k\u00ebtij vendi.<\/p>\n\n\n\n<p>Lavdi Familjes Jashari!<br>Lavdi t\u00eb gjith\u00eb heronjve t\u00eb U\u00c7K-s\u00eb!\u201d<\/p>\n\n\n\n<p><strong>Vjosa O. Sadriu &#8211; Presidente e Republik\u00ebs s\u00eb Kosov\u00ebs.<\/strong><\/p>\n\n\n\n<figure class=\"wp-block-image size-large\"><img decoding=\"async\" width=\"1024\" height=\"576\" src=\"https:\/\/medvegjasot.com\/wp-content\/uploads\/2025\/03\/photo-output-3-1024x576.jpeg\" alt=\"\" class=\"wp-image-4268\" srcset=\"https:\/\/medvegjasot.com\/wp-content\/uploads\/2025\/03\/photo-output-3-1024x576.jpeg 1024w, https:\/\/medvegjasot.com\/wp-content\/uploads\/2025\/03\/photo-output-3-300x169.jpeg 300w, https:\/\/medvegjasot.com\/wp-content\/uploads\/2025\/03\/photo-output-3-768x432.jpeg 768w, https:\/\/medvegjasot.com\/wp-content\/uploads\/2025\/03\/photo-output-3-1536x864.jpeg 1536w, https:\/\/medvegjasot.com\/wp-content\/uploads\/2025\/03\/photo-output-3.jpeg 2016w\" sizes=\"(max-width: 1024px) 100vw, 1024px\" \/><\/figure>\n\n\n\n<p>S\u00ebrish vjen marsi dhe ne nd\u00ebrrojm\u00eb mot \u2013 por vet\u00ebm ata nuk plaken kurr\u00eb! <\/p>\n\n\n\n<p>27 vite m\u00eb par\u00eb, m\u00eb 5, 6 dhe 7 mars, n\u00eb Prekazin e shenjt\u00eb, q\u00ebndresa u b\u00eb betim, flijimi u b\u00eb udh\u00ebrr\u00ebfim, e familja Jashari u ngrit n\u00eb p\u00ebrjet\u00ebsi!<\/p>\n\n\n\n<p>Nga n\u00ebna Zahide dhe baca Shaban, nga Hamza te Ademi, nga Kushtrimi te daja Os\u00eb \u2013 burra e gra, f\u00ebmij\u00eb e pleq, nj\u00eb familje e t\u00ebr\u00eb nuk u p\u00ebrkul, por q\u00ebndroi e pathyeshme, duke i k\u00ebnduar liris\u00eb edhe n\u00eb \u00e7astet e fundit. Ata e dinin dhe besonin: Liria nuk dhurohet dhe as nuk blihet \u2013 ajo fitohet me gjak dhe me sakrific\u00eb!<\/p>\n\n\n\n<p>Sot, pas 27 vitesh, emrat e tyre jan\u00eb m\u00eb t\u00eb m\u00ebdhenj se koha, m\u00eb t\u00eb fuqish\u00ebm se \u00e7do dhembje, m\u00eb t\u00eb shndritsh\u00ebm se \u00e7do yll! Ata jan\u00eb aty &#8211; t\u00eb p\u00ebrjetsh\u00ebm &#8211; n\u00eb historin\u00eb ton\u00eb, n\u00eb frym\u00ebn e k\u00ebsaj toke t\u00eb lir\u00eb, n\u00eb gjakun q\u00eb rrjedh n\u00eb damar\u00ebt e \u00e7do shqiptari!<\/p>\n\n\n\n<p>Prekazi nuk \u00ebsht\u00eb thjesht nj\u00eb vend &#8211; \u00ebsht\u00eb altari i liris\u00eb, themeli i shtetit, zemra e kombit! Sepse, si\u00e7 ka th\u00ebn\u00eb vet\u00eb komandanti legjendar: Shum\u00eb er\u00ebra kan\u00eb kaluar, por lisit rr\u00ebnj\u00ebt s\u2019kan\u00eb mundur t\u2019ia shkulin.<\/p>\n\n\n\n<p>Kosova \u00ebsht\u00eb ai lis i pamposhtur q\u00eb vazhdon t\u00eb rritet, t\u00eb zgjeroj\u00eb deg\u00ebt dhe t\u00eb ngjitet n\u00eb lart\u00ebsi t\u00eb reja &#8211; \u00e7do dit\u00eb, \u00e7do vit, deri n\u00eb p\u00ebrjet\u00ebsi!<\/p>\n\n\n\n<p>Lavdi e p\u00ebrjetshme komandantit legjendar Adem Jashari!<br>Lavdi familjes heroike Jashari!<br>Lavdi t\u00eb gjith\u00eb d\u00ebshmor\u00ebve t\u00eb kombit!<\/p>\n\n\n\n<p><strong>Memli Krasniqi &#8211; Kryetar i PDK-s\u00eb<\/strong><\/p>\n\n\n\n<figure class=\"wp-block-image size-large\"><img decoding=\"async\" width=\"1024\" height=\"576\" src=\"https:\/\/medvegjasot.com\/wp-content\/uploads\/2025\/03\/photo-output-4-1024x576.jpeg\" alt=\"\" class=\"wp-image-4269\" srcset=\"https:\/\/medvegjasot.com\/wp-content\/uploads\/2025\/03\/photo-output-4-1024x576.jpeg 1024w, https:\/\/medvegjasot.com\/wp-content\/uploads\/2025\/03\/photo-output-4-300x169.jpeg 300w, https:\/\/medvegjasot.com\/wp-content\/uploads\/2025\/03\/photo-output-4-768x432.jpeg 768w, https:\/\/medvegjasot.com\/wp-content\/uploads\/2025\/03\/photo-output-4-1536x864.jpeg 1536w, https:\/\/medvegjasot.com\/wp-content\/uploads\/2025\/03\/photo-output-4.jpeg 2016w\" sizes=\"(max-width: 1024px) 100vw, 1024px\" \/><\/figure>\n\n\n\n<p>Te Prekazi i Komandantit Legjendar Adem Jashari, aty ku sakrifica arriti kulmin e saj; kujtojm\u00eb Epopen\u00eb e U\u00c7K-s\u00eb, t\u00eb gdhendur p\u00ebrjet\u00ebsisht n\u00eb historin\u00eb e kombit shqiptar, me emrat e heronjve, d\u00ebshmor\u00ebve e martir\u00ebve t\u00eb flijuar p\u00ebr liri.<\/p>\n\n\n\n<p>Familja Jashari \u00ebsht\u00eb zem\u00ebr e q\u00ebndres\u00ebs son\u00eb, e lufta e U\u00c7K-s\u00eb, vul\u00eb e p\u00ebrjetshme e krenaris\u00eb dhe arritjes m\u00eb t\u00eb madhe komb\u00ebtare.<\/p>\n\n\n\n<p>Lavdi t\u00eb r\u00ebn\u00ebve nd\u00ebr breza!<br>Lavdi luft\u00ebs s\u00eb U\u00c7K-s\u00eb!<\/p>\n\n\n\n<p><strong>Ramush Haradinaj &#8211; Kryetar i AAK-s\u00eb<\/strong><\/p>\n\n\n\n<figure class=\"wp-block-image size-large\"><img loading=\"lazy\" decoding=\"async\" width=\"1024\" height=\"683\" src=\"https:\/\/medvegjasot.com\/wp-content\/uploads\/2025\/03\/IMG_4679-1024x683.jpeg\" alt=\"\" class=\"wp-image-4271\" srcset=\"https:\/\/medvegjasot.com\/wp-content\/uploads\/2025\/03\/IMG_4679-1024x683.jpeg 1024w, https:\/\/medvegjasot.com\/wp-content\/uploads\/2025\/03\/IMG_4679-300x200.jpeg 300w, https:\/\/medvegjasot.com\/wp-content\/uploads\/2025\/03\/IMG_4679-768x512.jpeg 768w, https:\/\/medvegjasot.com\/wp-content\/uploads\/2025\/03\/IMG_4679-600x400.jpeg 600w, https:\/\/medvegjasot.com\/wp-content\/uploads\/2025\/03\/IMG_4679.jpeg 1080w\" sizes=\"(max-width: 1024px) 100vw, 1024px\" \/><\/figure>\n\n\n\n<p>Komandanti i FSK-s\u00eb, b\u00ebri homazhe n\u00eb Kompleksin Memorial \u201cAdem Jashari\u201d n\u00eb Prekaz<\/p>\n\n\n\n<figure class=\"wp-block-image size-large\"><img loading=\"lazy\" decoding=\"async\" width=\"1024\" height=\"683\" src=\"https:\/\/medvegjasot.com\/wp-content\/uploads\/2025\/03\/IMG_4682-1024x683.jpeg\" alt=\"\" class=\"wp-image-4274\" srcset=\"https:\/\/medvegjasot.com\/wp-content\/uploads\/2025\/03\/IMG_4682-1024x683.jpeg 1024w, https:\/\/medvegjasot.com\/wp-content\/uploads\/2025\/03\/IMG_4682-300x200.jpeg 300w, https:\/\/medvegjasot.com\/wp-content\/uploads\/2025\/03\/IMG_4682-768x512.jpeg 768w, https:\/\/medvegjasot.com\/wp-content\/uploads\/2025\/03\/IMG_4682-600x400.jpeg 600w, https:\/\/medvegjasot.com\/wp-content\/uploads\/2025\/03\/IMG_4682.jpeg 1170w\" sizes=\"(max-width: 1024px) 100vw, 1024px\" \/><\/figure>\n\n\n\n<p>N\u00eb vazhd\u00ebn e aktiviteteve p\u00ebr t\u00eb nderuar \u201cEpopen\u00eb e U\u00c7K-s\u00eb\u201d sot Komandanti i Forc\u00ebs s\u00eb Siguris\u00eb s\u00eb Kosov\u00ebs, Gjenerallejt\u00ebnant Bashkim Jashari s\u00eb bashku me nj\u00ebsin\u00eb e Operacioneve Speciale t\u00eb Forc\u00ebs s\u00eb Siguris\u00eb s\u00eb Kosov\u00ebs, b\u00ebn\u00eb homazhe n\u00eb Kompleksin Memorial \u201cAdem Jashari\u201d n\u00eb Prekaz.<br>K\u00ebto homazhe u b\u00ebn\u00eb n\u00eb nderim t\u00eb 27 vjetorit t\u00eb \u201cEpopes\u00eb s\u00eb U\u00c7K-s\u00eb\u201d, r\u00ebnies heroike t\u00eb komandantit legjendar Adem Jashari, familjes Jashari, dhe t\u00eb gjith\u00eb t\u00eb r\u00ebn\u00ebve p\u00ebr liri. Kujtimi i dit\u00ebve t\u00eb tilla dhe nderimi i t\u00eb r\u00ebn\u00ebve p\u00ebr liri \u00ebsht\u00eb frym\u00ebzim p\u00ebr t\u2019i sh\u00ebrbyer atdheut.<\/p>\n\n\n\n<figure class=\"wp-block-image size-large\"><img loading=\"lazy\" decoding=\"async\" width=\"1024\" height=\"684\" src=\"https:\/\/medvegjasot.com\/wp-content\/uploads\/2025\/03\/IMG_4681-1024x684.jpeg\" alt=\"\" class=\"wp-image-4276\" srcset=\"https:\/\/medvegjasot.com\/wp-content\/uploads\/2025\/03\/IMG_4681-1024x684.jpeg 1024w, https:\/\/medvegjasot.com\/wp-content\/uploads\/2025\/03\/IMG_4681-300x200.jpeg 300w, https:\/\/medvegjasot.com\/wp-content\/uploads\/2025\/03\/IMG_4681-768x513.jpeg 768w, https:\/\/medvegjasot.com\/wp-content\/uploads\/2025\/03\/IMG_4681-1536x1027.jpeg 1536w, https:\/\/medvegjasot.com\/wp-content\/uploads\/2025\/03\/IMG_4681-600x400.jpeg 600w, https:\/\/medvegjasot.com\/wp-content\/uploads\/2025\/03\/IMG_4681.jpeg 1616w\" sizes=\"(max-width: 1024px) 100vw, 1024px\" \/><\/figure>\n\n\n\n<p>Epopeja e U\u00c7K-s\u00eb sh\u00ebnon fillimin e \u00e7lirimit t\u00eb popullit t\u00eb shtypur shqiptar\u00eb t\u00eb Kosov\u00ebs.<\/p>\n\n\n\n<p>Me t\u00eb jan\u00eb vendosur themelet e para t\u00eb Kosov\u00ebs shtet dhe pas saj\u00eb ka ardhur liria p\u00ebr t\u00eb cil\u00ebn u sakrifikuan shum\u00eb gjenerata nd\u00ebr vite!<\/p>\n\n\n\n<p>Prekazi p\u00ebrjet\u00ebsisht do t\u00eb mbetet nikoqiri i Epopes\u00eb e familja Jashari d\u00ebshmi se sa e shtrenjt\u00eb \u00ebsht\u00eb liria!<\/p>\n\n\n\n<p>Lavdi familjes Jashari.<\/p>\n\n\n\n<p>Lavdi t\u00eb gjith\u00eb d\u00ebshmor\u00ebve t\u00eb r\u00ebn\u00eb p\u00ebr liri.<\/p>\n\n\n\n<p><strong>Shaip Kamberi <\/strong><\/p>\n\n\n\n<figure class=\"wp-block-image size-large\"><img loading=\"lazy\" decoding=\"async\" width=\"1024\" height=\"683\" src=\"https:\/\/medvegjasot.com\/wp-content\/uploads\/2025\/03\/IMG_4690-1024x683.jpeg\" alt=\"\" class=\"wp-image-4278\" srcset=\"https:\/\/medvegjasot.com\/wp-content\/uploads\/2025\/03\/IMG_4690-1024x683.jpeg 1024w, https:\/\/medvegjasot.com\/wp-content\/uploads\/2025\/03\/IMG_4690-300x200.jpeg 300w, https:\/\/medvegjasot.com\/wp-content\/uploads\/2025\/03\/IMG_4690-768x512.jpeg 768w, https:\/\/medvegjasot.com\/wp-content\/uploads\/2025\/03\/IMG_4690-1536x1024.jpeg 1536w, https:\/\/medvegjasot.com\/wp-content\/uploads\/2025\/03\/IMG_4690-600x400.jpeg 600w, https:\/\/medvegjasot.com\/wp-content\/uploads\/2025\/03\/IMG_4690.jpeg 2048w\" sizes=\"(max-width: 1024px) 100vw, 1024px\" \/><\/figure>\n\n\n\n<p>Homazhe n\u00eb Kompleksin Memorial &#8220;Adem Jashari&#8221; p\u00ebr nder t\u00eb 5, 6 dhe 7 Marsit<\/p>\n\n\n\n<p>Me rastin e sh\u00ebnimit t\u00eb Epopes\u00eb s\u00eb Ushtris\u00eb \u00c7lirimtare t\u00eb Kosov\u00ebs, krer\u00ebt shtet\u00ebror, kryeministri i Republik\u00ebs s\u00eb Kosov\u00ebs, Albin Kurti, presidentja Osmani, Kryekuvendari Konjufca, zv. kryeministra, ministra, zv. ministra, deputet\u00eb, aktivist\u00eb t\u00eb L\u00ebvizjes VET\u00cbVENDOSJE! b\u00ebn\u00eb homazhe n\u00eb Kompleksin Memorial &#8220;Adem Jashari&#8221; n\u00eb Prekaz, p\u00ebr t\u00eb nderuar sakrific\u00ebn dhe heroizmin e familjes Jashari dhe t\u00eb gjith\u00eb d\u00ebshmor\u00ebve t\u00eb kombit.<\/p>\n\n\n\n<figure class=\"wp-block-image size-large\"><img loading=\"lazy\" decoding=\"async\" width=\"1024\" height=\"683\" src=\"https:\/\/medvegjasot.com\/wp-content\/uploads\/2025\/03\/IMG_4686-1024x683.jpeg\" alt=\"\" class=\"wp-image-4280\" srcset=\"https:\/\/medvegjasot.com\/wp-content\/uploads\/2025\/03\/IMG_4686-1024x683.jpeg 1024w, https:\/\/medvegjasot.com\/wp-content\/uploads\/2025\/03\/IMG_4686-300x200.jpeg 300w, https:\/\/medvegjasot.com\/wp-content\/uploads\/2025\/03\/IMG_4686-768x512.jpeg 768w, https:\/\/medvegjasot.com\/wp-content\/uploads\/2025\/03\/IMG_4686-1536x1024.jpeg 1536w, https:\/\/medvegjasot.com\/wp-content\/uploads\/2025\/03\/IMG_4686-600x400.jpeg 600w, https:\/\/medvegjasot.com\/wp-content\/uploads\/2025\/03\/IMG_4686.jpeg 2048w\" sizes=\"(max-width: 1024px) 100vw, 1024px\" \/><\/figure>\n\n\n\n<p><\/p>\n\n\n\n<p>Kryeministri Albin Kurti duke kujtuar figurat e familjes Jashari, tha se ata kan\u00eb vet\u00ebm dit\u00eblindje, teksa r\u00ebnia e tyre \u00ebsht\u00eb vet\u00eb Epopeja e U\u00c7K-s\u00eb.<\/p>\n\n\n\n<p>\u201cEpopeja e U\u00c7K-s\u00eb i dha nj\u00eb hov t\u00eb pandalsh\u00ebm kryengritjes s\u00eb armatosur dhe luft\u00ebs \u00e7lirimtare, shp\u00ebrthyen demonstrata gjith\u00ebpopullore dhe solidaritet i papar\u00eb historikisht nd\u00ebrmjet shqiptar\u00ebve n\u00eb Ballkan, por edhe gjithandej n\u00eb m\u00ebrgat\u00eb. Nj\u00ebkoh\u00ebsisht u vet\u00ebdijesua e nd\u00ebrgjegj\u00ebsua edhe publiku shqiptar e diplomacia bot\u00ebrore. Tash ndon\u00ebse nuk e kemi kryekomandantin Adem Jashari, bac\u00ebn Shaban e Hamz\u00ebn dhe t\u00eb gjith\u00eb t\u00eb tjer\u00ebt q\u00eb u sakrifikuan para 27 vjet\u00ebve, e kemi bac\u00ebn Rifat q\u00eb do ta vizitojm\u00eb me sht\u00ebpin\u00eb plot\u00eb nipa e mbesa. Por mbi t\u00eb gjitha e kemi Kosov\u00ebn Republik\u00eb, me demokraci e zhvillim\u201d, tha Kryeministri Albin Kurti.<\/p>\n\n\n\n<figure class=\"wp-block-image size-large\"><img loading=\"lazy\" decoding=\"async\" width=\"1024\" height=\"682\" src=\"https:\/\/medvegjasot.com\/wp-content\/uploads\/2025\/03\/IMG_4689-1024x682.jpeg\" alt=\"\" class=\"wp-image-4282\" srcset=\"https:\/\/medvegjasot.com\/wp-content\/uploads\/2025\/03\/IMG_4689-1024x682.jpeg 1024w, https:\/\/medvegjasot.com\/wp-content\/uploads\/2025\/03\/IMG_4689-300x200.jpeg 300w, https:\/\/medvegjasot.com\/wp-content\/uploads\/2025\/03\/IMG_4689-768x512.jpeg 768w, https:\/\/medvegjasot.com\/wp-content\/uploads\/2025\/03\/IMG_4689-1536x1023.jpeg 1536w, https:\/\/medvegjasot.com\/wp-content\/uploads\/2025\/03\/IMG_4689-820x545.jpeg 820w, https:\/\/medvegjasot.com\/wp-content\/uploads\/2025\/03\/IMG_4689-600x400.jpeg 600w, https:\/\/medvegjasot.com\/wp-content\/uploads\/2025\/03\/IMG_4689.jpeg 2048w\" sizes=\"(max-width: 1024px) 100vw, 1024px\" \/><\/figure>\n\n\n\n<p><\/p>\n\n\n\n<p>Kryetari i Kuvendit Glauk Konjufca theksoi se familja Jashari \u00ebsht\u00eb krijuesja dhe esenca e Ushtris\u00eb \u00c7lirimtare t\u00eb Kosov\u00ebs, e cila e ka b\u00ebr\u00eb aktin m\u00eb sublim t\u00eb sakrific\u00ebs p\u00ebr lirin\u00eb e Kosov\u00ebs.<\/p>\n\n\n\n<p>\u201cAn\u00ebtar\u00ebt e Familjes Jashari e kan\u00eb pasur t\u00eb mish\u00ebruar n\u00eb zemrat dhe shpirtin e tyre nj\u00eb t\u00eb v\u00ebrtet\u00eb, q\u00eb e ka shp\u00ebtuar popullin e Kosov\u00ebs. E kjo e v\u00ebrtet\u00eb \u00ebsht\u00eb se liria nuk fitohet pa i kapur arm\u00ebt n\u00eb dor\u00eb dhe nuk fitohet pa i dh\u00ebn\u00eb d\u00ebshmor\u00ebt e vet\u201d, tha kryetari Konjufca.<\/p>\n\n\n\n<figure class=\"wp-block-image size-large\"><img loading=\"lazy\" decoding=\"async\" width=\"1024\" height=\"682\" src=\"https:\/\/medvegjasot.com\/wp-content\/uploads\/2025\/03\/IMG_4688-1024x682.jpeg\" alt=\"\" class=\"wp-image-4283\" srcset=\"https:\/\/medvegjasot.com\/wp-content\/uploads\/2025\/03\/IMG_4688-1024x682.jpeg 1024w, https:\/\/medvegjasot.com\/wp-content\/uploads\/2025\/03\/IMG_4688-300x200.jpeg 300w, https:\/\/medvegjasot.com\/wp-content\/uploads\/2025\/03\/IMG_4688-768x511.jpeg 768w, https:\/\/medvegjasot.com\/wp-content\/uploads\/2025\/03\/IMG_4688-820x545.jpeg 820w, https:\/\/medvegjasot.com\/wp-content\/uploads\/2025\/03\/IMG_4688-600x400.jpeg 600w, https:\/\/medvegjasot.com\/wp-content\/uploads\/2025\/03\/IMG_4688.jpeg 1500w\" sizes=\"(max-width: 1024px) 100vw, 1024px\" \/><\/figure>\n\n\n\n<p><\/p>\n\n\n\n<p>P\u00ebrulja jon\u00eb para varrezave t\u00eb d\u00ebshmor\u00ebve \u00ebsht\u00eb shprehje e mir\u00ebnjohjes s\u00eb p\u00ebrjetshme p\u00ebr t\u00eb gjith\u00eb ata q\u00eb dhan\u00eb jet\u00ebn p\u00ebr Kosov\u00ebn e lir\u00eb dhe sovrane. Amaneti i tyre mbetet udh\u00ebrr\u00ebfyes p\u00ebr angazhimin ton\u00eb t\u00eb pal\u00ebkundur n\u00eb mbrojtje t\u00eb sovranitetit, demokracis\u00eb dhe mir\u00ebqenies s\u00eb qytetar\u00ebve tan\u00eb.<\/p>\n\n\n\n<figure class=\"wp-block-image size-large\"><img loading=\"lazy\" decoding=\"async\" width=\"1024\" height=\"683\" src=\"https:\/\/medvegjasot.com\/wp-content\/uploads\/2025\/03\/IMG_4687-1024x683.jpeg\" alt=\"\" class=\"wp-image-4284\" srcset=\"https:\/\/medvegjasot.com\/wp-content\/uploads\/2025\/03\/IMG_4687-1024x683.jpeg 1024w, https:\/\/medvegjasot.com\/wp-content\/uploads\/2025\/03\/IMG_4687-300x200.jpeg 300w, https:\/\/medvegjasot.com\/wp-content\/uploads\/2025\/03\/IMG_4687-768x512.jpeg 768w, https:\/\/medvegjasot.com\/wp-content\/uploads\/2025\/03\/IMG_4687-1536x1024.jpeg 1536w, https:\/\/medvegjasot.com\/wp-content\/uploads\/2025\/03\/IMG_4687-600x400.jpeg 600w, https:\/\/medvegjasot.com\/wp-content\/uploads\/2025\/03\/IMG_4687.jpeg 2048w\" sizes=\"(max-width: 1024px) 100vw, 1024px\" \/><\/figure>\n\n\n\n<p>Lavdi e p\u00ebrjetshme familjes Jashari, d\u00ebshmor\u00ebve dhe t\u00eb gjith\u00eb atyre q\u00eb u flijuan p\u00ebr lirin\u00eb e Kosov\u00ebs! <strong>LVV<\/strong><\/p>\n\n\n\n<figure class=\"wp-block-image size-large\"><img loading=\"lazy\" decoding=\"async\" width=\"1024\" height=\"683\" src=\"https:\/\/medvegjasot.com\/wp-content\/uploads\/2025\/03\/IMG_4693-1024x683.jpeg\" alt=\"\" class=\"wp-image-4289\" srcset=\"https:\/\/medvegjasot.com\/wp-content\/uploads\/2025\/03\/IMG_4693-1024x683.jpeg 1024w, https:\/\/medvegjasot.com\/wp-content\/uploads\/2025\/03\/IMG_4693-300x200.jpeg 300w, https:\/\/medvegjasot.com\/wp-content\/uploads\/2025\/03\/IMG_4693-768x512.jpeg 768w, https:\/\/medvegjasot.com\/wp-content\/uploads\/2025\/03\/IMG_4693-1536x1024.jpeg 1536w, https:\/\/medvegjasot.com\/wp-content\/uploads\/2025\/03\/IMG_4693-600x400.jpeg 600w, https:\/\/medvegjasot.com\/wp-content\/uploads\/2025\/03\/IMG_4693.jpeg 2048w\" sizes=\"(max-width: 1024px) 100vw, 1024px\" \/><\/figure>\n\n\n\n<p>Me delegacionin nga Komuna e Preshev\u00ebs, b\u00ebm\u00eb homazhe n\u00eb Prekaz, n\u00eb vendin ku Ushtria \u00c7lirimtare e Kosov\u00ebs u skalit n\u00eb histori me sakrific\u00ebn sublime t\u00eb komandantit legjendar Adem Jashari dhe familjes heroike Jashari.<\/p>\n\n\n\n<p>Gjat\u00eb k\u00ebsaj vizite, pat\u00ebm nderin t\u00eb pritemi nga baca Rifat Jashari, si dhe nga Bekimi e Luli, t\u00eb cil\u00ebt me p\u00ebrkushtimin dhe fjal\u00ebt e tyre na e p\u00ebrcoll\u00ebn frym\u00ebn e q\u00ebndres\u00ebs dhe sakrific\u00ebs.<\/p>\n\n\n\n<p>Q\u00ebndresa dhe lufta p\u00ebr liri e drejt\u00ebsi e U\u00c7K-s\u00eb na obligojn\u00eb q\u00eb t\u00eb mbrojm\u00eb dhe t\u00eb \u00e7ojm\u00eb p\u00ebrpara idealet komb\u00ebtare, duke mos harruar kurr\u00eb rrug\u00ebn e sakrific\u00ebs q\u00eb solli lirin\u00eb.<\/p>\n\n\n\n<p>Kjo \u00ebsht\u00eb nj\u00eb betej\u00eb q\u00eb vazhdon edhe sot p\u00ebr ne n\u00eb Lugin\u00ebn e Preshev\u00ebs, ku t\u00eb drejtat tona komb\u00ebtare vazhdojn\u00eb t\u00eb sfidohen.<\/p>\n\n\n\n<p>Inspiruar nga heroizmi i Prekazit, ne mbetemi t\u00eb p\u00ebrkushtuar p\u00ebr t\u00eb drejtat, barazin\u00eb dhe dinjitetin e shqiptar\u00ebve n\u00eb Lugin\u00eb.<\/p>\n\n\n\n<p>Lavdi e p\u00ebrjetshme d\u00ebshmor\u00ebve t\u00eb kombit!<br>Lavdi Ushtris\u00eb \u00c7lirimtare t\u00eb Kosov\u00ebs!<br>Lavdi familjes Jashari!<\/p>\n\n\n\n<p><strong>Ardita Sinani &#8211; Kryetare e komun\u00ebs s\u00eb Preshev\u00ebs <\/strong><\/p>\n\n\n\n<figure class=\"wp-block-image size-large\"><img loading=\"lazy\" decoding=\"async\" width=\"1024\" height=\"619\" src=\"https:\/\/medvegjasot.com\/wp-content\/uploads\/2025\/03\/IMG_4694-1024x619.jpeg\" alt=\"\" class=\"wp-image-4292\" srcset=\"https:\/\/medvegjasot.com\/wp-content\/uploads\/2025\/03\/IMG_4694-1024x619.jpeg 1024w, https:\/\/medvegjasot.com\/wp-content\/uploads\/2025\/03\/IMG_4694-300x181.jpeg 300w, https:\/\/medvegjasot.com\/wp-content\/uploads\/2025\/03\/IMG_4694-768x464.jpeg 768w, https:\/\/medvegjasot.com\/wp-content\/uploads\/2025\/03\/IMG_4694.jpeg 1320w\" sizes=\"(max-width: 1024px) 100vw, 1024px\" \/><\/figure>\n\n\n\n<p><\/p>\n\n\n\n<p>Nderojm\u00eb t\u00eb shkuar\u00ebn, b\u00ebjm\u00eb t\u00eb ardhmen!<\/p>\n\n\n\n<p>Sot, tek Kulla e Jasharajve, n\u00eb 27 vjetorin e Epopes\u00eb s\u00eb U\u00c7K-s\u00eb, nderuam sakrific\u00ebn sublime t\u00eb Adem Jasharit, familjes Jashari e n\u00ebp\u00ebrmjet tyre dhe gjith\u00eb t\u00eb r\u00ebn\u00ebve n\u00eb altarin e liris\u00eb.<\/p>\n\n\n\n<figure class=\"wp-block-image size-large\"><img loading=\"lazy\" decoding=\"async\" width=\"1024\" height=\"683\" src=\"https:\/\/medvegjasot.com\/wp-content\/uploads\/2025\/03\/IMG_4695-1024x683.jpeg\" alt=\"\" class=\"wp-image-4294\" srcset=\"https:\/\/medvegjasot.com\/wp-content\/uploads\/2025\/03\/IMG_4695-1024x683.jpeg 1024w, https:\/\/medvegjasot.com\/wp-content\/uploads\/2025\/03\/IMG_4695-300x200.jpeg 300w, https:\/\/medvegjasot.com\/wp-content\/uploads\/2025\/03\/IMG_4695-768x512.jpeg 768w, https:\/\/medvegjasot.com\/wp-content\/uploads\/2025\/03\/IMG_4695-600x400.jpeg 600w, https:\/\/medvegjasot.com\/wp-content\/uploads\/2025\/03\/IMG_4695.jpeg 1500w\" sizes=\"(max-width: 1024px) 100vw, 1024px\" \/><\/figure>\n\n\n\n<p>T\u00eb kujtosh e sh\u00ebnosh Epopen\u00eb e U\u00c7K-s\u00eb, do t\u00eb thot\u00eb t\u00eb kujtosh e sh\u00ebnosh vet fundamentin e shtetit t\u00eb Kosov\u00ebs dhe p\u00ebrpjekjes son\u00eb kolektive p\u00ebr liri. Do t\u00eb thot\u00eb t\u00eb kujtosh e sh\u00ebnosh gjith\u00eb sakrific\u00ebn, q\u00ebndres\u00ebn e vet kushtrimin e popullit t\u00eb ton\u00eb t\u00eb reflektuar n\u00eb nj\u00eb familje t\u00eb vetme, at\u00eb q\u00eb sot na q\u00ebndron si tempull peligrinazhi p\u00ebr brezat e rinj, e q\u00eb nj\u00eb \u00e7erek shekulli m\u00eb par\u00eb na q\u00ebndronte si thirrje e rrug\u00ebs son\u00eb finale drejt liris\u00eb.<\/p>\n\n\n\n<figure class=\"wp-block-image size-large\"><img loading=\"lazy\" decoding=\"async\" width=\"1024\" height=\"683\" src=\"https:\/\/medvegjasot.com\/wp-content\/uploads\/2025\/03\/IMG_4696-1024x683.jpeg\" alt=\"\" class=\"wp-image-4295\" srcset=\"https:\/\/medvegjasot.com\/wp-content\/uploads\/2025\/03\/IMG_4696-1024x683.jpeg 1024w, https:\/\/medvegjasot.com\/wp-content\/uploads\/2025\/03\/IMG_4696-300x200.jpeg 300w, https:\/\/medvegjasot.com\/wp-content\/uploads\/2025\/03\/IMG_4696-768x512.jpeg 768w, https:\/\/medvegjasot.com\/wp-content\/uploads\/2025\/03\/IMG_4696-1536x1024.jpeg 1536w, https:\/\/medvegjasot.com\/wp-content\/uploads\/2025\/03\/IMG_4696-600x400.jpeg 600w, https:\/\/medvegjasot.com\/wp-content\/uploads\/2025\/03\/IMG_4696.jpeg 1600w\" sizes=\"(max-width: 1024px) 100vw, 1024px\" \/><\/figure>\n\n\n\n<p>Q\u00ebllimi i shuarjes s\u00eb trungut familjar t\u00eb Jasharajve, nj\u00eb \u00e7erek shekulli m\u00eb par\u00eb, ishte q\u00ebllim i shuarjes s\u00eb vet popullit shqiptar n\u00eb Kosov\u00eb. Q\u00ebndresa e tyre at\u00ebher\u00eb, ishte rilindje e jona komb\u00ebtare. Rilindja e tyre sot, si familje, mes brezave t\u00eb rinj pasardh\u00ebs t\u00eb Jasharajve, \u00ebsht\u00eb q\u00ebndres\u00eb e jona q\u00eb na mban\u00eb neve n\u00eb rrug\u00ebn p\u00ebrpara.<\/p>\n\n\n\n<figure class=\"wp-block-image size-large\"><img loading=\"lazy\" decoding=\"async\" width=\"1024\" height=\"768\" src=\"https:\/\/medvegjasot.com\/wp-content\/uploads\/2025\/03\/IMG_4697-1024x768.jpeg\" alt=\"\" class=\"wp-image-4298\" srcset=\"https:\/\/medvegjasot.com\/wp-content\/uploads\/2025\/03\/IMG_4697-1024x768.jpeg 1024w, https:\/\/medvegjasot.com\/wp-content\/uploads\/2025\/03\/IMG_4697-300x225.jpeg 300w, https:\/\/medvegjasot.com\/wp-content\/uploads\/2025\/03\/IMG_4697-768x576.jpeg 768w, https:\/\/medvegjasot.com\/wp-content\/uploads\/2025\/03\/IMG_4697.jpeg 1080w\" sizes=\"(max-width: 1024px) 100vw, 1024px\" \/><\/figure>\n\n\n\n<p> Organizata e Veteran\u00ebve t\u00eb Luft\u00ebs s\u00eb U\u00c7K-s\u00eb, ka b\u00ebr\u00eb homazhe n\u00eb Kompleksin Memorial \u201cAdem Jashari\u201d n\u00eb Prekaz <\/p>\n\n\n\n<figure class=\"wp-block-image size-full\"><img loading=\"lazy\" decoding=\"async\" width=\"999\" height=\"758\" src=\"https:\/\/medvegjasot.com\/wp-content\/uploads\/2025\/03\/IMG_4698.jpeg\" alt=\"\" class=\"wp-image-4301\" srcset=\"https:\/\/medvegjasot.com\/wp-content\/uploads\/2025\/03\/IMG_4698.jpeg 999w, https:\/\/medvegjasot.com\/wp-content\/uploads\/2025\/03\/IMG_4698-300x228.jpeg 300w, https:\/\/medvegjasot.com\/wp-content\/uploads\/2025\/03\/IMG_4698-768x583.jpeg 768w\" sizes=\"(max-width: 999px) 100vw, 999px\" \/><\/figure>\n\n\n\n<p>N\u00eb Prekaz vendoset simboli me emrat e 1432 f\u00ebmij\u00ebve t\u00eb vrar\u00eb gjat\u00eb luft\u00ebs n\u00eb Kosov\u00eb. <\/p>\n\n\n\n<figure class=\"wp-block-image size-large\"><img loading=\"lazy\" decoding=\"async\" width=\"1024\" height=\"576\" src=\"https:\/\/medvegjasot.com\/wp-content\/uploads\/2025\/03\/IMG_4700-1024x576.jpeg\" alt=\"\" class=\"wp-image-4305\" srcset=\"https:\/\/medvegjasot.com\/wp-content\/uploads\/2025\/03\/IMG_4700-1024x576.jpeg 1024w, https:\/\/medvegjasot.com\/wp-content\/uploads\/2025\/03\/IMG_4700-300x169.jpeg 300w, https:\/\/medvegjasot.com\/wp-content\/uploads\/2025\/03\/IMG_4700-768x432.jpeg 768w, https:\/\/medvegjasot.com\/wp-content\/uploads\/2025\/03\/IMG_4700.jpeg 1200w\" sizes=\"(max-width: 1024px) 100vw, 1024px\" \/><\/figure>\n\n\n\n<p>Prekazi nuk \u00ebsht\u00eb thjesht nj\u00eb fshat i Kosov\u00ebs, por nj\u00eb monument i pavdeksh\u00ebm i q\u00ebndres\u00ebs dhe sakrific\u00ebs p\u00ebr lirin\u00eb. Aty ku gjaku u derdh p\u00ebr idealin m\u00eb t\u00eb shenjt\u00eb, aty ku pushk\u00ebt nuk hesht\u00ebn p\u00ebrball\u00eb armikut, aty ku nj\u00eb familje e t\u00ebr\u00eb zgjodhi t\u00eb b\u00ebhet k\u00ebshtjell\u00eb e pamposhtur, aty q\u00ebndron legjenda e familjes Jashari.<\/p>\n\n\n\n<p>Epopeja e U\u00c7K-s\u00eb, e gdhendur n\u00eb marsin e p\u00ebrgjaksh\u00ebm t\u00eb vitit 1998, ka n\u00eb zem\u00ebr t\u00eb saj heroizmin e Komandantit Legjendar, Adem Jashari, dhe t\u00eb familjes s\u00eb tij.<\/p>\n\n\n\n<p>N\u00eb at\u00eb pranver\u00eb t\u00eb p\u00ebrgjakur, 56 an\u00ebtar\u00eb t\u00eb familjes Jashari ran\u00eb d\u00ebshmor\u00eb, por nga ai gjak u rrit\u00ebn rr\u00ebnj\u00ebt e liris\u00eb son\u00eb. Ata nuk humb\u00ebn, por u p\u00ebrjet\u00ebsuan n\u00eb historin\u00eb e kombit si simbol i krenaris\u00eb dhe i sakrific\u00ebs. Ata i dhan\u00eb U\u00c7K-s\u00eb jo vet\u00ebm nj\u00eb epik\u00eb heroike, por edhe nj\u00eb motiv t\u00eb pashtersh\u00ebm p\u00ebr fitore.<\/p>\n\n\n\n<p>Lavdi e p\u00ebrjetshme d\u00ebshmor\u00ebve t\u00eb kombit!<\/p>\n\n\n\n<p><strong>Z\u00ebvend\u00ebskryeministri i Par\u00eb i Maqedonis\u00eb s\u00eb Veriut dhe minist\u00ebr i Mjedisit Jet\u00ebsor dhe Planifikimit Hap\u00ebsinor Izet Mexhiti<\/strong><\/p>\n","protected":false},"excerpt":{"rendered":"<p>\u201cSot si \u00e7doher\u00eb, n\u00eb homazhe n\u00eb kompleksin memorial n\u00eb Prekaz dhe n\u00eb vizit\u00eb n\u00eb kull\u00ebn e Jasharajve te Baca Rifat! Nga plumbi i par\u00eb e deri te q\u00ebndresa heroike e marsit 1998, komandanti legjendar Adem Jashari dhe familja Jashari nuk u thyen, nuk u zmbraps\u00ebn, por p\u00ebrqafuan pavdek\u00ebsin\u00eb. Ata edhe sot mbeten drit\u00eb udh\u00ebrr\u00ebfyese p\u00ebr&#8230;<\/p>\n","protected":false},"author":2,"featured_media":4287,"comment_status":"open","ping_status":"open","sticky":false,"template":"","format":"standard","meta":{"_coblocks_attr":"","_coblocks_dimensions":"","_coblocks_responsive_height":"","_coblocks_accordion_ie_support":"","_monsterinsights_skip_tracking":false,"_monsterinsights_sitenote_active":false,"_monsterinsights_sitenote_note":"","_monsterinsights_sitenote_category":0,"footnotes":""},"categories":[14],"tags":[],"class_list":["post-4264","post","type-post","status-publish","format-standard","has-post-thumbnail","hentry","category-lajme"],"yoast_head":"<!-- This site is optimized with the Yoast SEO plugin v27.5 - https:\/\/yoast.com\/product\/yoast-seo-wordpress\/ -->\n<title>Homazhe n\u00eb Kompleksin Memorial &quot;Adem Jashari&quot; p\u00ebr nder t\u00eb 5, 6 dhe 7 Marsit - Medvegja Sot<\/title>\n<meta name=\"robots\" content=\"index, follow, max-snippet:-1, max-image-preview:large, max-video-preview:-1\" \/>\n<link rel=\"canonical\" href=\"https:\/\/medvegjasot.com\/?p=4264\" \/>\n<meta property=\"og:locale\" content=\"en_US\" \/>\n<meta property=\"og:type\" content=\"article\" \/>\n<meta property=\"og:title\" content=\"Homazhe n\u00eb Kompleksin Memorial &quot;Adem Jashari&quot; p\u00ebr nder t\u00eb 5, 6 dhe 7 Marsit - Medvegja Sot\" \/>\n<meta property=\"og:description\" content=\"\u201cSot si \u00e7doher\u00eb, n\u00eb homazhe n\u00eb kompleksin memorial n\u00eb Prekaz dhe n\u00eb vizit\u00eb n\u00eb kull\u00ebn e Jasharajve te Baca Rifat! Nga plumbi i par\u00eb e deri te q\u00ebndresa heroike e marsit 1998, komandanti legjendar Adem Jashari dhe familja Jashari nuk u thyen, nuk u zmbraps\u00ebn, por p\u00ebrqafuan pavdek\u00ebsin\u00eb. Ata edhe sot mbeten drit\u00eb udh\u00ebrr\u00ebfyese p\u00ebr...\" \/>\n<meta property=\"og:url\" content=\"https:\/\/medvegjasot.com\/?p=4264\" \/>\n<meta property=\"og:site_name\" content=\"Medvegja Sot\" \/>\n<meta property=\"article:publisher\" content=\"https:\/\/www.facebook.com\/MedvegjaSot.com1\" \/>\n<meta property=\"article:published_time\" content=\"2025-03-06T10:31:57+00:00\" \/>\n<meta property=\"article:modified_time\" content=\"2025-03-06T15:34:46+00:00\" \/>\n<meta property=\"og:image\" content=\"https:\/\/medvegjasot.com\/wp-content\/uploads\/2025\/03\/photo-output-5.jpeg\" \/>\n\t<meta property=\"og:image:width\" content=\"2016\" \/>\n\t<meta property=\"og:image:height\" content=\"1134\" \/>\n\t<meta property=\"og:image:type\" content=\"image\/jpeg\" \/>\n<meta name=\"author\" content=\"admin\" \/>\n<meta name=\"twitter:card\" content=\"summary_large_image\" \/>\n<meta name=\"twitter:label1\" content=\"Written by\" \/>\n\t<meta name=\"twitter:data1\" content=\"admin\" \/>\n\t<meta name=\"twitter:label2\" content=\"Est. reading time\" \/>\n\t<meta name=\"twitter:data2\" content=\"11 minutes\" \/>\n<script type=\"application\/ld+json\" class=\"yoast-schema-graph\">{\"@context\":\"https:\\\/\\\/schema.org\",\"@graph\":[{\"@type\":\"Article\",\"@id\":\"https:\\\/\\\/medvegjasot.com\\\/?p=4264#article\",\"isPartOf\":{\"@id\":\"https:\\\/\\\/medvegjasot.com\\\/?p=4264\"},\"author\":{\"name\":\"admin\",\"@id\":\"https:\\\/\\\/medvegjasot.com\\\/#\\\/schema\\\/person\\\/f2be1a84f4e95d0cb032946a1cf2e594\"},\"headline\":\"Homazhe n\u00eb Kompleksin Memorial &#8220;Adem Jashari&#8221; p\u00ebr nder t\u00eb 5, 6 dhe 7 Marsit\",\"datePublished\":\"2025-03-06T10:31:57+00:00\",\"dateModified\":\"2025-03-06T15:34:46+00:00\",\"mainEntityOfPage\":{\"@id\":\"https:\\\/\\\/medvegjasot.com\\\/?p=4264\"},\"wordCount\":1780,\"commentCount\":0,\"publisher\":{\"@id\":\"https:\\\/\\\/medvegjasot.com\\\/#organization\"},\"image\":{\"@id\":\"https:\\\/\\\/medvegjasot.com\\\/?p=4264#primaryimage\"},\"thumbnailUrl\":\"https:\\\/\\\/medvegjasot.com\\\/wp-content\\\/uploads\\\/2025\\\/03\\\/photo-output-5.jpeg\",\"articleSection\":[\"LAJME\"],\"inLanguage\":\"en-US\",\"potentialAction\":[{\"@type\":\"CommentAction\",\"name\":\"Comment\",\"target\":[\"https:\\\/\\\/medvegjasot.com\\\/?p=4264#respond\"]}]},{\"@type\":\"WebPage\",\"@id\":\"https:\\\/\\\/medvegjasot.com\\\/?p=4264\",\"url\":\"https:\\\/\\\/medvegjasot.com\\\/?p=4264\",\"name\":\"Homazhe n\u00eb Kompleksin Memorial \\\"Adem Jashari\\\" p\u00ebr nder t\u00eb 5, 6 dhe 7 Marsit - Medvegja Sot\",\"isPartOf\":{\"@id\":\"https:\\\/\\\/medvegjasot.com\\\/#website\"},\"primaryImageOfPage\":{\"@id\":\"https:\\\/\\\/medvegjasot.com\\\/?p=4264#primaryimage\"},\"image\":{\"@id\":\"https:\\\/\\\/medvegjasot.com\\\/?p=4264#primaryimage\"},\"thumbnailUrl\":\"https:\\\/\\\/medvegjasot.com\\\/wp-content\\\/uploads\\\/2025\\\/03\\\/photo-output-5.jpeg\",\"datePublished\":\"2025-03-06T10:31:57+00:00\",\"dateModified\":\"2025-03-06T15:34:46+00:00\",\"breadcrumb\":{\"@id\":\"https:\\\/\\\/medvegjasot.com\\\/?p=4264#breadcrumb\"},\"inLanguage\":\"en-US\",\"potentialAction\":[{\"@type\":\"ReadAction\",\"target\":[\"https:\\\/\\\/medvegjasot.com\\\/?p=4264\"]}]},{\"@type\":\"ImageObject\",\"inLanguage\":\"en-US\",\"@id\":\"https:\\\/\\\/medvegjasot.com\\\/?p=4264#primaryimage\",\"url\":\"https:\\\/\\\/medvegjasot.com\\\/wp-content\\\/uploads\\\/2025\\\/03\\\/photo-output-5.jpeg\",\"contentUrl\":\"https:\\\/\\\/medvegjasot.com\\\/wp-content\\\/uploads\\\/2025\\\/03\\\/photo-output-5.jpeg\",\"width\":2016,\"height\":1134},{\"@type\":\"BreadcrumbList\",\"@id\":\"https:\\\/\\\/medvegjasot.com\\\/?p=4264#breadcrumb\",\"itemListElement\":[{\"@type\":\"ListItem\",\"position\":1,\"name\":\"Home\",\"item\":\"https:\\\/\\\/medvegjasot.com\\\/\"},{\"@type\":\"ListItem\",\"position\":2,\"name\":\"Homazhe n\u00eb Kompleksin Memorial &#8220;Adem Jashari&#8221; p\u00ebr nder t\u00eb 5, 6 dhe 7 Marsit\"}]},{\"@type\":\"WebSite\",\"@id\":\"https:\\\/\\\/medvegjasot.com\\\/#website\",\"url\":\"https:\\\/\\\/medvegjasot.com\\\/\",\"name\":\"Medvegja Sot\",\"description\":\"Portal Lajmesh\",\"publisher\":{\"@id\":\"https:\\\/\\\/medvegjasot.com\\\/#organization\"},\"alternateName\":\"MS\",\"potentialAction\":[{\"@type\":\"SearchAction\",\"target\":{\"@type\":\"EntryPoint\",\"urlTemplate\":\"https:\\\/\\\/medvegjasot.com\\\/?s={search_term_string}\"},\"query-input\":{\"@type\":\"PropertyValueSpecification\",\"valueRequired\":true,\"valueName\":\"search_term_string\"}}],\"inLanguage\":\"en-US\"},{\"@type\":\"Organization\",\"@id\":\"https:\\\/\\\/medvegjasot.com\\\/#organization\",\"name\":\"Medvegja Sot\",\"alternateName\":\"MS\",\"url\":\"https:\\\/\\\/medvegjasot.com\\\/\",\"logo\":{\"@type\":\"ImageObject\",\"inLanguage\":\"en-US\",\"@id\":\"https:\\\/\\\/medvegjasot.com\\\/#\\\/schema\\\/logo\\\/image\\\/\",\"url\":\"https:\\\/\\\/medvegjasot.com\\\/wp-content\\\/uploads\\\/2024\\\/08\\\/logo.png\",\"contentUrl\":\"https:\\\/\\\/medvegjasot.com\\\/wp-content\\\/uploads\\\/2024\\\/08\\\/logo.png\",\"width\":500,\"height\":500,\"caption\":\"Medvegja Sot\"},\"image\":{\"@id\":\"https:\\\/\\\/medvegjasot.com\\\/#\\\/schema\\\/logo\\\/image\\\/\"},\"sameAs\":[\"https:\\\/\\\/www.facebook.com\\\/MedvegjaSot.com1\"]},{\"@type\":\"Person\",\"@id\":\"https:\\\/\\\/medvegjasot.com\\\/#\\\/schema\\\/person\\\/f2be1a84f4e95d0cb032946a1cf2e594\",\"name\":\"admin\",\"image\":{\"@type\":\"ImageObject\",\"inLanguage\":\"en-US\",\"@id\":\"https:\\\/\\\/secure.gravatar.com\\\/avatar\\\/2eedc5259426225ddc6f98b4b6728c30418b83e6f70285719780d3518d972ece?s=96&d=mm&r=g\",\"url\":\"https:\\\/\\\/secure.gravatar.com\\\/avatar\\\/2eedc5259426225ddc6f98b4b6728c30418b83e6f70285719780d3518d972ece?s=96&d=mm&r=g\",\"contentUrl\":\"https:\\\/\\\/secure.gravatar.com\\\/avatar\\\/2eedc5259426225ddc6f98b4b6728c30418b83e6f70285719780d3518d972ece?s=96&d=mm&r=g\",\"caption\":\"admin\"},\"url\":\"https:\\\/\\\/medvegjasot.com\\\/?author=2\"}]}<\/script>\n<!-- \/ Yoast SEO plugin. -->","yoast_head_json":{"title":"Homazhe n\u00eb Kompleksin Memorial \"Adem Jashari\" p\u00ebr nder t\u00eb 5, 6 dhe 7 Marsit - Medvegja Sot","robots":{"index":"index","follow":"follow","max-snippet":"max-snippet:-1","max-image-preview":"max-image-preview:large","max-video-preview":"max-video-preview:-1"},"canonical":"https:\/\/medvegjasot.com\/?p=4264","og_locale":"en_US","og_type":"article","og_title":"Homazhe n\u00eb Kompleksin Memorial \"Adem Jashari\" p\u00ebr nder t\u00eb 5, 6 dhe 7 Marsit - Medvegja Sot","og_description":"\u201cSot si \u00e7doher\u00eb, n\u00eb homazhe n\u00eb kompleksin memorial n\u00eb Prekaz dhe n\u00eb vizit\u00eb n\u00eb kull\u00ebn e Jasharajve te Baca Rifat! Nga plumbi i par\u00eb e deri te q\u00ebndresa heroike e marsit 1998, komandanti legjendar Adem Jashari dhe familja Jashari nuk u thyen, nuk u zmbraps\u00ebn, por p\u00ebrqafuan pavdek\u00ebsin\u00eb. Ata edhe sot mbeten drit\u00eb udh\u00ebrr\u00ebfyese p\u00ebr...","og_url":"https:\/\/medvegjasot.com\/?p=4264","og_site_name":"Medvegja Sot","article_publisher":"https:\/\/www.facebook.com\/MedvegjaSot.com1","article_published_time":"2025-03-06T10:31:57+00:00","article_modified_time":"2025-03-06T15:34:46+00:00","og_image":[{"width":2016,"height":1134,"url":"https:\/\/medvegjasot.com\/wp-content\/uploads\/2025\/03\/photo-output-5.jpeg","type":"image\/jpeg"}],"author":"admin","twitter_card":"summary_large_image","twitter_misc":{"Written by":"admin","Est. reading time":"11 minutes"},"schema":{"@context":"https:\/\/schema.org","@graph":[{"@type":"Article","@id":"https:\/\/medvegjasot.com\/?p=4264#article","isPartOf":{"@id":"https:\/\/medvegjasot.com\/?p=4264"},"author":{"name":"admin","@id":"https:\/\/medvegjasot.com\/#\/schema\/person\/f2be1a84f4e95d0cb032946a1cf2e594"},"headline":"Homazhe n\u00eb Kompleksin Memorial &#8220;Adem Jashari&#8221; p\u00ebr nder t\u00eb 5, 6 dhe 7 Marsit","datePublished":"2025-03-06T10:31:57+00:00","dateModified":"2025-03-06T15:34:46+00:00","mainEntityOfPage":{"@id":"https:\/\/medvegjasot.com\/?p=4264"},"wordCount":1780,"commentCount":0,"publisher":{"@id":"https:\/\/medvegjasot.com\/#organization"},"image":{"@id":"https:\/\/medvegjasot.com\/?p=4264#primaryimage"},"thumbnailUrl":"https:\/\/medvegjasot.com\/wp-content\/uploads\/2025\/03\/photo-output-5.jpeg","articleSection":["LAJME"],"inLanguage":"en-US","potentialAction":[{"@type":"CommentAction","name":"Comment","target":["https:\/\/medvegjasot.com\/?p=4264#respond"]}]},{"@type":"WebPage","@id":"https:\/\/medvegjasot.com\/?p=4264","url":"https:\/\/medvegjasot.com\/?p=4264","name":"Homazhe n\u00eb Kompleksin Memorial \"Adem Jashari\" p\u00ebr nder t\u00eb 5, 6 dhe 7 Marsit - Medvegja Sot","isPartOf":{"@id":"https:\/\/medvegjasot.com\/#website"},"primaryImageOfPage":{"@id":"https:\/\/medvegjasot.com\/?p=4264#primaryimage"},"image":{"@id":"https:\/\/medvegjasot.com\/?p=4264#primaryimage"},"thumbnailUrl":"https:\/\/medvegjasot.com\/wp-content\/uploads\/2025\/03\/photo-output-5.jpeg","datePublished":"2025-03-06T10:31:57+00:00","dateModified":"2025-03-06T15:34:46+00:00","breadcrumb":{"@id":"https:\/\/medvegjasot.com\/?p=4264#breadcrumb"},"inLanguage":"en-US","potentialAction":[{"@type":"ReadAction","target":["https:\/\/medvegjasot.com\/?p=4264"]}]},{"@type":"ImageObject","inLanguage":"en-US","@id":"https:\/\/medvegjasot.com\/?p=4264#primaryimage","url":"https:\/\/medvegjasot.com\/wp-content\/uploads\/2025\/03\/photo-output-5.jpeg","contentUrl":"https:\/\/medvegjasot.com\/wp-content\/uploads\/2025\/03\/photo-output-5.jpeg","width":2016,"height":1134},{"@type":"BreadcrumbList","@id":"https:\/\/medvegjasot.com\/?p=4264#breadcrumb","itemListElement":[{"@type":"ListItem","position":1,"name":"Home","item":"https:\/\/medvegjasot.com\/"},{"@type":"ListItem","position":2,"name":"Homazhe n\u00eb Kompleksin Memorial &#8220;Adem Jashari&#8221; p\u00ebr nder t\u00eb 5, 6 dhe 7 Marsit"}]},{"@type":"WebSite","@id":"https:\/\/medvegjasot.com\/#website","url":"https:\/\/medvegjasot.com\/","name":"Medvegja Sot","description":"Portal Lajmesh","publisher":{"@id":"https:\/\/medvegjasot.com\/#organization"},"alternateName":"MS","potentialAction":[{"@type":"SearchAction","target":{"@type":"EntryPoint","urlTemplate":"https:\/\/medvegjasot.com\/?s={search_term_string}"},"query-input":{"@type":"PropertyValueSpecification","valueRequired":true,"valueName":"search_term_string"}}],"inLanguage":"en-US"},{"@type":"Organization","@id":"https:\/\/medvegjasot.com\/#organization","name":"Medvegja Sot","alternateName":"MS","url":"https:\/\/medvegjasot.com\/","logo":{"@type":"ImageObject","inLanguage":"en-US","@id":"https:\/\/medvegjasot.com\/#\/schema\/logo\/image\/","url":"https:\/\/medvegjasot.com\/wp-content\/uploads\/2024\/08\/logo.png","contentUrl":"https:\/\/medvegjasot.com\/wp-content\/uploads\/2024\/08\/logo.png","width":500,"height":500,"caption":"Medvegja Sot"},"image":{"@id":"https:\/\/medvegjasot.com\/#\/schema\/logo\/image\/"},"sameAs":["https:\/\/www.facebook.com\/MedvegjaSot.com1"]},{"@type":"Person","@id":"https:\/\/medvegjasot.com\/#\/schema\/person\/f2be1a84f4e95d0cb032946a1cf2e594","name":"admin","image":{"@type":"ImageObject","inLanguage":"en-US","@id":"https:\/\/secure.gravatar.com\/avatar\/2eedc5259426225ddc6f98b4b6728c30418b83e6f70285719780d3518d972ece?s=96&d=mm&r=g","url":"https:\/\/secure.gravatar.com\/avatar\/2eedc5259426225ddc6f98b4b6728c30418b83e6f70285719780d3518d972ece?s=96&d=mm&r=g","contentUrl":"https:\/\/secure.gravatar.com\/avatar\/2eedc5259426225ddc6f98b4b6728c30418b83e6f70285719780d3518d972ece?s=96&d=mm&r=g","caption":"admin"},"url":"https:\/\/medvegjasot.com\/?author=2"}]}},"jetpack_featured_media_url":"https:\/\/medvegjasot.com\/wp-content\/uploads\/2025\/03\/photo-output-5.jpeg","_links":{"self":[{"href":"https:\/\/medvegjasot.com\/index.php?rest_route=\/wp\/v2\/posts\/4264","targetHints":{"allow":["GET"]}}],"collection":[{"href":"https:\/\/medvegjasot.com\/index.php?rest_route=\/wp\/v2\/posts"}],"about":[{"href":"https:\/\/medvegjasot.com\/index.php?rest_route=\/wp\/v2\/types\/post"}],"author":[{"embeddable":true,"href":"https:\/\/medvegjasot.com\/index.php?rest_route=\/wp\/v2\/users\/2"}],"replies":[{"embeddable":true,"href":"https:\/\/medvegjasot.com\/index.php?rest_route=%2Fwp%2Fv2%2Fcomments&post=4264"}],"version-history":[{"count":13,"href":"https:\/\/medvegjasot.com\/index.php?rest_route=\/wp\/v2\/posts\/4264\/revisions"}],"predecessor-version":[{"id":4306,"href":"https:\/\/medvegjasot.com\/index.php?rest_route=\/wp\/v2\/posts\/4264\/revisions\/4306"}],"wp:featuredmedia":[{"embeddable":true,"href":"https:\/\/medvegjasot.com\/index.php?rest_route=\/wp\/v2\/media\/4287"}],"wp:attachment":[{"href":"https:\/\/medvegjasot.com\/index.php?rest_route=%2Fwp%2Fv2%2Fmedia&parent=4264"}],"wp:term":[{"taxonomy":"category","embeddable":true,"href":"https:\/\/medvegjasot.com\/index.php?rest_route=%2Fwp%2Fv2%2Fcategories&post=4264"},{"taxonomy":"post_tag","embeddable":true,"href":"https:\/\/medvegjasot.com\/index.php?rest_route=%2Fwp%2Fv2%2Ftags&post=4264"}],"curies":[{"name":"wp","href":"https:\/\/api.w.org\/{rel}","templated":true}]}}