{"id":4176,"date":"2025-02-21T17:17:10","date_gmt":"2025-02-21T17:17:10","guid":{"rendered":"https:\/\/medvegjasot.com\/?p=4176"},"modified":"2025-02-21T18:23:02","modified_gmt":"2025-02-21T18:23:02","slug":"kryeministri-kurti-priti-ne-nje-takim-perfaqesues-nga-medvegja","status":"publish","type":"post","link":"https:\/\/medvegjasot.com\/?p=4176","title":{"rendered":"Kryeministri i Republik\u00ebs s\u00eb Kosov\u00ebs z. Albin Kurti priti n\u00eb nj\u00eb takim p\u00ebrfaq\u00ebsues nga Medvegja !"},"content":{"rendered":"\n<p><\/p>\n\n\n\n<p>Me ftes\u00eb t\u00eb Kryeministrit z.Kurti, v\u00ebllai i d\u00ebshmorit Florim Rushiti-Kingji, z. Lulzim Rushiti i shoq\u00ebruar nga z. Ajet Duli, veprimtar, Linda Shaqiri, aktiviste dhe gazetare te Medvegjasot.com, si dhe z. Muharrem Salihu, veprimtar dhe afarist, takuan Kryeministrin Kurti. E pranishme ishe edhe Zv. Ministrja p\u00ebr Kultur\u00eb, Rini dhe Sport n\u0113 Qeverin\u00eb e Kosov\u00ebs znj. Daulina Osmani.<\/p>\n\n\n\n<figure class=\"wp-block-image size-large\"><img fetchpriority=\"high\" decoding=\"async\" width=\"1024\" height=\"576\" src=\"https:\/\/medvegjasot.com\/wp-content\/uploads\/2025\/02\/IMG_3988-1024x576.jpeg\" alt=\"\" class=\"wp-image-4179\" srcset=\"https:\/\/medvegjasot.com\/wp-content\/uploads\/2025\/02\/IMG_3988-1024x576.jpeg 1024w, https:\/\/medvegjasot.com\/wp-content\/uploads\/2025\/02\/IMG_3988-300x169.jpeg 300w, https:\/\/medvegjasot.com\/wp-content\/uploads\/2025\/02\/IMG_3988-768x432.jpeg 768w, https:\/\/medvegjasot.com\/wp-content\/uploads\/2025\/02\/IMG_3988-1536x864.jpeg 1536w, https:\/\/medvegjasot.com\/wp-content\/uploads\/2025\/02\/IMG_3988-2048x1152.jpeg 2048w\" sizes=\"(max-width: 1024px) 100vw, 1024px\" \/><\/figure>\n\n\n\n<p><\/p>\n\n\n\n<p>Diskutimet u fokusuan n\u00eb temat rreth gjendjes aktuale n\u00ea Medvegj\u00eb.<\/p>\n\n\n\n<p>Me k\u00ebt\u00eb rast u prek\u00ebn edhe disa nga brengat kryesore t\u00eb Medvegj\u00ebs si\u00e7 jan\u00eb<br>jet\u00ebsimi i rrug\u00ebs s\u00eb kombit deri n\u00eb Medvegj\u00eb; hapja e nj\u00eb pike doganore p\u00ebr mall\u00ebra dhe qarkullim kamionash; kontributi i KKSH-s\u00eb p\u00ebr ruajtjen e trashigimis\u00eb kulturore p\u00ebrfshir\u00eb edhe restaurimin e sht\u00ebpis\u00eb s\u00eb heroit<br>komb\u00ebtar\u201cKingji\u201d si dhe vazhdimi i angazhimit nd\u00ebrkomb\u00ebtar p\u00ebr ndalimin e pasivizimit t\u00eb adresave.<\/p>\n\n\n\n<figure class=\"wp-block-image size-large\"><img decoding=\"async\" width=\"1024\" height=\"1024\" src=\"https:\/\/medvegjasot.com\/wp-content\/uploads\/2025\/02\/IMG_3990-1024x1024.jpeg\" alt=\"\" class=\"wp-image-4180\" srcset=\"https:\/\/medvegjasot.com\/wp-content\/uploads\/2025\/02\/IMG_3990-1024x1024.jpeg 1024w, https:\/\/medvegjasot.com\/wp-content\/uploads\/2025\/02\/IMG_3990-300x300.jpeg 300w, https:\/\/medvegjasot.com\/wp-content\/uploads\/2025\/02\/IMG_3990-150x150.jpeg 150w, https:\/\/medvegjasot.com\/wp-content\/uploads\/2025\/02\/IMG_3990-768x768.jpeg 768w, https:\/\/medvegjasot.com\/wp-content\/uploads\/2025\/02\/IMG_3990-1536x1536.jpeg 1536w, https:\/\/medvegjasot.com\/wp-content\/uploads\/2025\/02\/IMG_3990-2048x2048.jpeg 2048w\" sizes=\"(max-width: 1024px) 100vw, 1024px\" \/><\/figure>\n\n\n\n<p><\/p>\n\n\n\n<p>Krejt n\u00eb fund Kryeministrit Kurti n\u00eb shenj\u00eb respekti iu dor\u00ebzua Mir\u00ebnjohja n\u00eb em\u00ebr t\u00eb d\u00ebshmorit &#8220;Kingji&#8221; nga Medvegja.<\/p>\n","protected":false},"excerpt":{"rendered":"<p>Me ftes\u00eb t\u00eb Kryeministrit z.Kurti, v\u00ebllai i d\u00ebshmorit Florim Rushiti-Kingji, z. Lulzim Rushiti i shoq\u00ebruar nga z. Ajet Duli, veprimtar, Linda Shaqiri, aktiviste dhe gazetare te Medvegjasot.com, si dhe z. Muharrem Salihu, veprimtar dhe afarist, takuan Kryeministrin Kurti. E pranishme ishe edhe Zv. Ministrja p\u00ebr Kultur\u00eb, Rini dhe Sport n\u0113 Qeverin\u00eb e Kosov\u00ebs znj. Daulina&#8230;<\/p>\n","protected":false},"author":2,"featured_media":4177,"comment_status":"open","ping_status":"open","sticky":false,"template":"","format":"standard","meta":{"_coblocks_attr":"","_coblocks_dimensions":"","_coblocks_responsive_height":"","_coblocks_accordion_ie_support":"","_monsterinsights_skip_tracking":false,"_monsterinsights_sitenote_active":false,"_monsterinsights_sitenote_note":"","_monsterinsights_sitenote_category":0,"footnotes":""},"categories":[2],"tags":[],"class_list":["post-4176","post","type-post","status-publish","format-standard","has-post-thumbnail","hentry","category-aktuale"],"yoast_head":"<!-- This site is optimized with the Yoast SEO plugin v27.5 - https:\/\/yoast.com\/product\/yoast-seo-wordpress\/ -->\n<title>Kryeministri i Republik\u00ebs s\u00eb Kosov\u00ebs z. Albin Kurti priti n\u00eb nj\u00eb takim p\u00ebrfaq\u00ebsues nga Medvegja ! - Medvegja Sot<\/title>\n<meta name=\"robots\" content=\"index, follow, max-snippet:-1, max-image-preview:large, max-video-preview:-1\" \/>\n<link rel=\"canonical\" href=\"https:\/\/medvegjasot.com\/?p=4176\" \/>\n<meta property=\"og:locale\" content=\"en_US\" \/>\n<meta property=\"og:type\" content=\"article\" \/>\n<meta property=\"og:title\" content=\"Kryeministri i Republik\u00ebs s\u00eb Kosov\u00ebs z. Albin Kurti priti n\u00eb nj\u00eb takim p\u00ebrfaq\u00ebsues nga Medvegja ! - Medvegja Sot\" \/>\n<meta property=\"og:description\" content=\"Me ftes\u00eb t\u00eb Kryeministrit z.Kurti, v\u00ebllai i d\u00ebshmorit Florim Rushiti-Kingji, z. Lulzim Rushiti i shoq\u00ebruar nga z. Ajet Duli, veprimtar, Linda Shaqiri, aktiviste dhe gazetare te Medvegjasot.com, si dhe z. Muharrem Salihu, veprimtar dhe afarist, takuan Kryeministrin Kurti. E pranishme ishe edhe Zv. Ministrja p\u00ebr Kultur\u00eb, Rini dhe Sport n\u0113 Qeverin\u00eb e Kosov\u00ebs znj. Daulina...\" \/>\n<meta property=\"og:url\" content=\"https:\/\/medvegjasot.com\/?p=4176\" \/>\n<meta property=\"og:site_name\" content=\"Medvegja Sot\" \/>\n<meta property=\"article:publisher\" content=\"https:\/\/www.facebook.com\/MedvegjaSot.com1\" \/>\n<meta property=\"article:published_time\" content=\"2025-02-21T17:17:10+00:00\" \/>\n<meta property=\"article:modified_time\" content=\"2025-02-21T18:23:02+00:00\" \/>\n<meta property=\"og:image\" content=\"https:\/\/medvegjasot.com\/wp-content\/uploads\/2025\/02\/IMG_3986-scaled.jpeg\" \/>\n\t<meta property=\"og:image:width\" content=\"2560\" \/>\n\t<meta property=\"og:image:height\" content=\"1440\" \/>\n\t<meta property=\"og:image:type\" content=\"image\/jpeg\" \/>\n<meta name=\"author\" content=\"admin\" \/>\n<meta name=\"twitter:card\" content=\"summary_large_image\" \/>\n<meta name=\"twitter:label1\" content=\"Written by\" \/>\n\t<meta name=\"twitter:data1\" content=\"admin\" \/>\n\t<meta name=\"twitter:label2\" content=\"Est. reading time\" \/>\n\t<meta name=\"twitter:data2\" content=\"2 minutes\" \/>\n<script type=\"application\/ld+json\" class=\"yoast-schema-graph\">{\"@context\":\"https:\\\/\\\/schema.org\",\"@graph\":[{\"@type\":\"Article\",\"@id\":\"https:\\\/\\\/medvegjasot.com\\\/?p=4176#article\",\"isPartOf\":{\"@id\":\"https:\\\/\\\/medvegjasot.com\\\/?p=4176\"},\"author\":{\"name\":\"admin\",\"@id\":\"https:\\\/\\\/medvegjasot.com\\\/#\\\/schema\\\/person\\\/f2be1a84f4e95d0cb032946a1cf2e594\"},\"headline\":\"Kryeministri i Republik\u00ebs s\u00eb Kosov\u00ebs z. Albin Kurti priti n\u00eb nj\u00eb takim p\u00ebrfaq\u00ebsues nga Medvegja !\",\"datePublished\":\"2025-02-21T17:17:10+00:00\",\"dateModified\":\"2025-02-21T18:23:02+00:00\",\"mainEntityOfPage\":{\"@id\":\"https:\\\/\\\/medvegjasot.com\\\/?p=4176\"},\"wordCount\":188,\"commentCount\":0,\"publisher\":{\"@id\":\"https:\\\/\\\/medvegjasot.com\\\/#organization\"},\"image\":{\"@id\":\"https:\\\/\\\/medvegjasot.com\\\/?p=4176#primaryimage\"},\"thumbnailUrl\":\"https:\\\/\\\/medvegjasot.com\\\/wp-content\\\/uploads\\\/2025\\\/02\\\/IMG_3986-scaled.jpeg\",\"articleSection\":[\"AKTUALE\"],\"inLanguage\":\"en-US\",\"potentialAction\":[{\"@type\":\"CommentAction\",\"name\":\"Comment\",\"target\":[\"https:\\\/\\\/medvegjasot.com\\\/?p=4176#respond\"]}]},{\"@type\":\"WebPage\",\"@id\":\"https:\\\/\\\/medvegjasot.com\\\/?p=4176\",\"url\":\"https:\\\/\\\/medvegjasot.com\\\/?p=4176\",\"name\":\"Kryeministri i Republik\u00ebs s\u00eb Kosov\u00ebs z. Albin Kurti priti n\u00eb nj\u00eb takim p\u00ebrfaq\u00ebsues nga Medvegja ! - Medvegja Sot\",\"isPartOf\":{\"@id\":\"https:\\\/\\\/medvegjasot.com\\\/#website\"},\"primaryImageOfPage\":{\"@id\":\"https:\\\/\\\/medvegjasot.com\\\/?p=4176#primaryimage\"},\"image\":{\"@id\":\"https:\\\/\\\/medvegjasot.com\\\/?p=4176#primaryimage\"},\"thumbnailUrl\":\"https:\\\/\\\/medvegjasot.com\\\/wp-content\\\/uploads\\\/2025\\\/02\\\/IMG_3986-scaled.jpeg\",\"datePublished\":\"2025-02-21T17:17:10+00:00\",\"dateModified\":\"2025-02-21T18:23:02+00:00\",\"breadcrumb\":{\"@id\":\"https:\\\/\\\/medvegjasot.com\\\/?p=4176#breadcrumb\"},\"inLanguage\":\"en-US\",\"potentialAction\":[{\"@type\":\"ReadAction\",\"target\":[\"https:\\\/\\\/medvegjasot.com\\\/?p=4176\"]}]},{\"@type\":\"ImageObject\",\"inLanguage\":\"en-US\",\"@id\":\"https:\\\/\\\/medvegjasot.com\\\/?p=4176#primaryimage\",\"url\":\"https:\\\/\\\/medvegjasot.com\\\/wp-content\\\/uploads\\\/2025\\\/02\\\/IMG_3986-scaled.jpeg\",\"contentUrl\":\"https:\\\/\\\/medvegjasot.com\\\/wp-content\\\/uploads\\\/2025\\\/02\\\/IMG_3986-scaled.jpeg\",\"width\":2560,\"height\":1440},{\"@type\":\"BreadcrumbList\",\"@id\":\"https:\\\/\\\/medvegjasot.com\\\/?p=4176#breadcrumb\",\"itemListElement\":[{\"@type\":\"ListItem\",\"position\":1,\"name\":\"Home\",\"item\":\"https:\\\/\\\/medvegjasot.com\\\/\"},{\"@type\":\"ListItem\",\"position\":2,\"name\":\"Kryeministri i Republik\u00ebs s\u00eb Kosov\u00ebs z. Albin Kurti priti n\u00eb nj\u00eb takim p\u00ebrfaq\u00ebsues nga Medvegja !\"}]},{\"@type\":\"WebSite\",\"@id\":\"https:\\\/\\\/medvegjasot.com\\\/#website\",\"url\":\"https:\\\/\\\/medvegjasot.com\\\/\",\"name\":\"Medvegja Sot\",\"description\":\"Portal Lajmesh\",\"publisher\":{\"@id\":\"https:\\\/\\\/medvegjasot.com\\\/#organization\"},\"alternateName\":\"MS\",\"potentialAction\":[{\"@type\":\"SearchAction\",\"target\":{\"@type\":\"EntryPoint\",\"urlTemplate\":\"https:\\\/\\\/medvegjasot.com\\\/?s={search_term_string}\"},\"query-input\":{\"@type\":\"PropertyValueSpecification\",\"valueRequired\":true,\"valueName\":\"search_term_string\"}}],\"inLanguage\":\"en-US\"},{\"@type\":\"Organization\",\"@id\":\"https:\\\/\\\/medvegjasot.com\\\/#organization\",\"name\":\"Medvegja Sot\",\"alternateName\":\"MS\",\"url\":\"https:\\\/\\\/medvegjasot.com\\\/\",\"logo\":{\"@type\":\"ImageObject\",\"inLanguage\":\"en-US\",\"@id\":\"https:\\\/\\\/medvegjasot.com\\\/#\\\/schema\\\/logo\\\/image\\\/\",\"url\":\"https:\\\/\\\/medvegjasot.com\\\/wp-content\\\/uploads\\\/2024\\\/08\\\/logo.png\",\"contentUrl\":\"https:\\\/\\\/medvegjasot.com\\\/wp-content\\\/uploads\\\/2024\\\/08\\\/logo.png\",\"width\":500,\"height\":500,\"caption\":\"Medvegja Sot\"},\"image\":{\"@id\":\"https:\\\/\\\/medvegjasot.com\\\/#\\\/schema\\\/logo\\\/image\\\/\"},\"sameAs\":[\"https:\\\/\\\/www.facebook.com\\\/MedvegjaSot.com1\"]},{\"@type\":\"Person\",\"@id\":\"https:\\\/\\\/medvegjasot.com\\\/#\\\/schema\\\/person\\\/f2be1a84f4e95d0cb032946a1cf2e594\",\"name\":\"admin\",\"image\":{\"@type\":\"ImageObject\",\"inLanguage\":\"en-US\",\"@id\":\"https:\\\/\\\/secure.gravatar.com\\\/avatar\\\/2eedc5259426225ddc6f98b4b6728c30418b83e6f70285719780d3518d972ece?s=96&d=mm&r=g\",\"url\":\"https:\\\/\\\/secure.gravatar.com\\\/avatar\\\/2eedc5259426225ddc6f98b4b6728c30418b83e6f70285719780d3518d972ece?s=96&d=mm&r=g\",\"contentUrl\":\"https:\\\/\\\/secure.gravatar.com\\\/avatar\\\/2eedc5259426225ddc6f98b4b6728c30418b83e6f70285719780d3518d972ece?s=96&d=mm&r=g\",\"caption\":\"admin\"},\"url\":\"https:\\\/\\\/medvegjasot.com\\\/?author=2\"}]}<\/script>\n<!-- \/ Yoast SEO plugin. -->","yoast_head_json":{"title":"Kryeministri i Republik\u00ebs s\u00eb Kosov\u00ebs z. Albin Kurti priti n\u00eb nj\u00eb takim p\u00ebrfaq\u00ebsues nga Medvegja ! - Medvegja Sot","robots":{"index":"index","follow":"follow","max-snippet":"max-snippet:-1","max-image-preview":"max-image-preview:large","max-video-preview":"max-video-preview:-1"},"canonical":"https:\/\/medvegjasot.com\/?p=4176","og_locale":"en_US","og_type":"article","og_title":"Kryeministri i Republik\u00ebs s\u00eb Kosov\u00ebs z. Albin Kurti priti n\u00eb nj\u00eb takim p\u00ebrfaq\u00ebsues nga Medvegja ! - Medvegja Sot","og_description":"Me ftes\u00eb t\u00eb Kryeministrit z.Kurti, v\u00ebllai i d\u00ebshmorit Florim Rushiti-Kingji, z. Lulzim Rushiti i shoq\u00ebruar nga z. Ajet Duli, veprimtar, Linda Shaqiri, aktiviste dhe gazetare te Medvegjasot.com, si dhe z. Muharrem Salihu, veprimtar dhe afarist, takuan Kryeministrin Kurti. E pranishme ishe edhe Zv. Ministrja p\u00ebr Kultur\u00eb, Rini dhe Sport n\u0113 Qeverin\u00eb e Kosov\u00ebs znj. Daulina...","og_url":"https:\/\/medvegjasot.com\/?p=4176","og_site_name":"Medvegja Sot","article_publisher":"https:\/\/www.facebook.com\/MedvegjaSot.com1","article_published_time":"2025-02-21T17:17:10+00:00","article_modified_time":"2025-02-21T18:23:02+00:00","og_image":[{"width":2560,"height":1440,"url":"https:\/\/medvegjasot.com\/wp-content\/uploads\/2025\/02\/IMG_3986-scaled.jpeg","type":"image\/jpeg"}],"author":"admin","twitter_card":"summary_large_image","twitter_misc":{"Written by":"admin","Est. reading time":"2 minutes"},"schema":{"@context":"https:\/\/schema.org","@graph":[{"@type":"Article","@id":"https:\/\/medvegjasot.com\/?p=4176#article","isPartOf":{"@id":"https:\/\/medvegjasot.com\/?p=4176"},"author":{"name":"admin","@id":"https:\/\/medvegjasot.com\/#\/schema\/person\/f2be1a84f4e95d0cb032946a1cf2e594"},"headline":"Kryeministri i Republik\u00ebs s\u00eb Kosov\u00ebs z. Albin Kurti priti n\u00eb nj\u00eb takim p\u00ebrfaq\u00ebsues nga Medvegja !","datePublished":"2025-02-21T17:17:10+00:00","dateModified":"2025-02-21T18:23:02+00:00","mainEntityOfPage":{"@id":"https:\/\/medvegjasot.com\/?p=4176"},"wordCount":188,"commentCount":0,"publisher":{"@id":"https:\/\/medvegjasot.com\/#organization"},"image":{"@id":"https:\/\/medvegjasot.com\/?p=4176#primaryimage"},"thumbnailUrl":"https:\/\/medvegjasot.com\/wp-content\/uploads\/2025\/02\/IMG_3986-scaled.jpeg","articleSection":["AKTUALE"],"inLanguage":"en-US","potentialAction":[{"@type":"CommentAction","name":"Comment","target":["https:\/\/medvegjasot.com\/?p=4176#respond"]}]},{"@type":"WebPage","@id":"https:\/\/medvegjasot.com\/?p=4176","url":"https:\/\/medvegjasot.com\/?p=4176","name":"Kryeministri i Republik\u00ebs s\u00eb Kosov\u00ebs z. Albin Kurti priti n\u00eb nj\u00eb takim p\u00ebrfaq\u00ebsues nga Medvegja ! - Medvegja Sot","isPartOf":{"@id":"https:\/\/medvegjasot.com\/#website"},"primaryImageOfPage":{"@id":"https:\/\/medvegjasot.com\/?p=4176#primaryimage"},"image":{"@id":"https:\/\/medvegjasot.com\/?p=4176#primaryimage"},"thumbnailUrl":"https:\/\/medvegjasot.com\/wp-content\/uploads\/2025\/02\/IMG_3986-scaled.jpeg","datePublished":"2025-02-21T17:17:10+00:00","dateModified":"2025-02-21T18:23:02+00:00","breadcrumb":{"@id":"https:\/\/medvegjasot.com\/?p=4176#breadcrumb"},"inLanguage":"en-US","potentialAction":[{"@type":"ReadAction","target":["https:\/\/medvegjasot.com\/?p=4176"]}]},{"@type":"ImageObject","inLanguage":"en-US","@id":"https:\/\/medvegjasot.com\/?p=4176#primaryimage","url":"https:\/\/medvegjasot.com\/wp-content\/uploads\/2025\/02\/IMG_3986-scaled.jpeg","contentUrl":"https:\/\/medvegjasot.com\/wp-content\/uploads\/2025\/02\/IMG_3986-scaled.jpeg","width":2560,"height":1440},{"@type":"BreadcrumbList","@id":"https:\/\/medvegjasot.com\/?p=4176#breadcrumb","itemListElement":[{"@type":"ListItem","position":1,"name":"Home","item":"https:\/\/medvegjasot.com\/"},{"@type":"ListItem","position":2,"name":"Kryeministri i Republik\u00ebs s\u00eb Kosov\u00ebs z. Albin Kurti priti n\u00eb nj\u00eb takim p\u00ebrfaq\u00ebsues nga Medvegja !"}]},{"@type":"WebSite","@id":"https:\/\/medvegjasot.com\/#website","url":"https:\/\/medvegjasot.com\/","name":"Medvegja Sot","description":"Portal Lajmesh","publisher":{"@id":"https:\/\/medvegjasot.com\/#organization"},"alternateName":"MS","potentialAction":[{"@type":"SearchAction","target":{"@type":"EntryPoint","urlTemplate":"https:\/\/medvegjasot.com\/?s={search_term_string}"},"query-input":{"@type":"PropertyValueSpecification","valueRequired":true,"valueName":"search_term_string"}}],"inLanguage":"en-US"},{"@type":"Organization","@id":"https:\/\/medvegjasot.com\/#organization","name":"Medvegja Sot","alternateName":"MS","url":"https:\/\/medvegjasot.com\/","logo":{"@type":"ImageObject","inLanguage":"en-US","@id":"https:\/\/medvegjasot.com\/#\/schema\/logo\/image\/","url":"https:\/\/medvegjasot.com\/wp-content\/uploads\/2024\/08\/logo.png","contentUrl":"https:\/\/medvegjasot.com\/wp-content\/uploads\/2024\/08\/logo.png","width":500,"height":500,"caption":"Medvegja Sot"},"image":{"@id":"https:\/\/medvegjasot.com\/#\/schema\/logo\/image\/"},"sameAs":["https:\/\/www.facebook.com\/MedvegjaSot.com1"]},{"@type":"Person","@id":"https:\/\/medvegjasot.com\/#\/schema\/person\/f2be1a84f4e95d0cb032946a1cf2e594","name":"admin","image":{"@type":"ImageObject","inLanguage":"en-US","@id":"https:\/\/secure.gravatar.com\/avatar\/2eedc5259426225ddc6f98b4b6728c30418b83e6f70285719780d3518d972ece?s=96&d=mm&r=g","url":"https:\/\/secure.gravatar.com\/avatar\/2eedc5259426225ddc6f98b4b6728c30418b83e6f70285719780d3518d972ece?s=96&d=mm&r=g","contentUrl":"https:\/\/secure.gravatar.com\/avatar\/2eedc5259426225ddc6f98b4b6728c30418b83e6f70285719780d3518d972ece?s=96&d=mm&r=g","caption":"admin"},"url":"https:\/\/medvegjasot.com\/?author=2"}]}},"jetpack_featured_media_url":"https:\/\/medvegjasot.com\/wp-content\/uploads\/2025\/02\/IMG_3986-scaled.jpeg","_links":{"self":[{"href":"https:\/\/medvegjasot.com\/index.php?rest_route=\/wp\/v2\/posts\/4176","targetHints":{"allow":["GET"]}}],"collection":[{"href":"https:\/\/medvegjasot.com\/index.php?rest_route=\/wp\/v2\/posts"}],"about":[{"href":"https:\/\/medvegjasot.com\/index.php?rest_route=\/wp\/v2\/types\/post"}],"author":[{"embeddable":true,"href":"https:\/\/medvegjasot.com\/index.php?rest_route=\/wp\/v2\/users\/2"}],"replies":[{"embeddable":true,"href":"https:\/\/medvegjasot.com\/index.php?rest_route=%2Fwp%2Fv2%2Fcomments&post=4176"}],"version-history":[{"count":4,"href":"https:\/\/medvegjasot.com\/index.php?rest_route=\/wp\/v2\/posts\/4176\/revisions"}],"predecessor-version":[{"id":4186,"href":"https:\/\/medvegjasot.com\/index.php?rest_route=\/wp\/v2\/posts\/4176\/revisions\/4186"}],"wp:featuredmedia":[{"embeddable":true,"href":"https:\/\/medvegjasot.com\/index.php?rest_route=\/wp\/v2\/media\/4177"}],"wp:attachment":[{"href":"https:\/\/medvegjasot.com\/index.php?rest_route=%2Fwp%2Fv2%2Fmedia&parent=4176"}],"wp:term":[{"taxonomy":"category","embeddable":true,"href":"https:\/\/medvegjasot.com\/index.php?rest_route=%2Fwp%2Fv2%2Fcategories&post=4176"},{"taxonomy":"post_tag","embeddable":true,"href":"https:\/\/medvegjasot.com\/index.php?rest_route=%2Fwp%2Fv2%2Ftags&post=4176"}],"curies":[{"name":"wp","href":"https:\/\/api.w.org\/{rel}","templated":true}]}}