{"id":4134,"date":"2025-02-18T12:33:26","date_gmt":"2025-02-18T12:33:26","guid":{"rendered":"https:\/\/medvegjasot.com\/?p=4134"},"modified":"2025-02-19T12:21:18","modified_gmt":"2025-02-19T12:21:18","slug":"17-shkurti-i-vitit-2008-solli-kurorezimin-e-pavaresise-te-republikes-se-kosoves","status":"publish","type":"post","link":"https:\/\/medvegjasot.com\/?p=4134","title":{"rendered":"17 shkurti i vitit 2008 solli kuror\u00ebzimin e Pavar\u00ebsis\u00eb t\u00eb Republik\u00ebs s\u00eb Kosov\u00ebs"},"content":{"rendered":"\n<p>Pa dyshim se g\u00ebzimi n\u00eb zemrat e \u00e7do shqiptari qe shum\u00eb i madh di\u00e7ka, e shum\u00ebpritur, e paguar me gjak dhe vuajtje.&nbsp;<br><\/p>\n\n\n\n<figure class=\"wp-block-embed is-type-video is-provider-youtube wp-block-embed-youtube wp-embed-aspect-16-9 wp-has-aspect-ratio\"><div class=\"wp-block-embed__wrapper\">\n<iframe  id=\"_ytid_67789\"  width=\"640\" height=\"360\"  data-origwidth=\"640\" data-origheight=\"360\" src=\"https:\/\/www.youtube.com\/embed\/QMnLS1LvcdU?enablejsapi=1&#038;autoplay=0&#038;cc_load_policy=0&#038;cc_lang_pref=&#038;iv_load_policy=1&#038;loop=0&#038;rel=1&#038;fs=1&#038;playsinline=0&#038;autohide=2&#038;theme=dark&#038;color=red&#038;controls=1&#038;\" class=\"__youtube_prefs__  epyt-is-override  no-lazyload\" title=\"YouTube player\"  allow=\"fullscreen; accelerometer; autoplay; clipboard-write; encrypted-media; gyroscope; picture-in-picture; web-share\" referrerpolicy=\"strict-origin-when-cross-origin\" allowfullscreen data-no-lazy=\"1\" data-skipgform_ajax_framebjll=\"\"><\/iframe>\n<\/div><\/figure>\n\n\n\n<p>Shqiptar\u00ebt q\u00eb kaluan n\u00ebp\u00ebr shum\u00eb vuajtje, q\u00ebndruan dhe mbijetuan, deri n\u00eb qershor t\u00eb vitit 1999, kur u fitua lufta kund\u00ebr makineris\u00eb vrastare serbe, forcave paramilitare, militare dhe armat\u00ebs serbe fam\u00ebkeqe. K\u00ebsaj i dhan\u00eb fund U\u00c7K-ja dhe NATO. Lufta solli&nbsp;&nbsp;viktima, masakra, dhunime, djegie, pastrime etnike nga ushtria e Milloshoviqit.&nbsp;<br><\/p>\n\n\n\n<figure class=\"wp-block-image size-large\"><img fetchpriority=\"high\" decoding=\"async\" width=\"768\" height=\"1024\" src=\"https:\/\/medvegjasot.com\/wp-content\/uploads\/2025\/02\/IMG_3731-768x1024.jpeg\" alt=\"\" class=\"wp-image-4146\" srcset=\"https:\/\/medvegjasot.com\/wp-content\/uploads\/2025\/02\/IMG_3731-768x1024.jpeg 768w, https:\/\/medvegjasot.com\/wp-content\/uploads\/2025\/02\/IMG_3731-225x300.jpeg 225w, https:\/\/medvegjasot.com\/wp-content\/uploads\/2025\/02\/IMG_3731-1152x1536.jpeg 1152w, https:\/\/medvegjasot.com\/wp-content\/uploads\/2025\/02\/IMG_3731-1536x2048.jpeg 1536w, https:\/\/medvegjasot.com\/wp-content\/uploads\/2025\/02\/IMG_3731-scaled.jpeg 1920w\" sizes=\"(max-width: 768px) 100vw, 768px\" \/><\/figure>\n\n\n\n<p>Pas p\u00ebrfundimit t\u00eb luft\u00ebs, ushtria serbe u detyrua t\u00eb ik\u00eb nga Kosova. Nga 13 qershori i vitit 1999, Kosova administrohej nga misioni i Organizat\u00ebs s\u00eb Kombeve t\u00eb Bashkuara- UNMIK dhe institucionet demokratike t\u00eb Kosov\u00ebs: Kuvendi, Presidenti dhe Qeveria.<\/p>\n\n\n\n<p>Edhe pse Serbia nuk kishte kontroll mbi Kosov\u00ebn, n\u00eb rezolut\u00ebn 1244 t\u00eb K\u00ebshillit t\u00eb Sigurimit, disa her\u00eb p\u00ebrmendej se Kosova \u00ebsht\u00eb protektorat i OKB-s\u00eb, por juridikisht pjes\u00eb e Republik\u00ebs Federale t\u00eb Jugosllavis\u00eb.&nbsp;<\/p>\n\n\n\n<p>M\u00eb 2 shkurt 2007 i d\u00ebrguari special p\u00ebr statusin e Kosov\u00ebs, Martti Ahtisaari, dor\u00ebzoi propozimin e tij n\u00eb Prishtin\u00eb dhe Beograd, p\u00ebr pavar\u00ebsin\u00eb e kusht\u00ebzuar t\u00eb Kosov\u00ebs, hap q\u00eb \u00e7oi drejt krijimit t\u00eb shtetit t\u00eb pavarur. Pasi u mbajt\u00ebn disa raunde bisedimesh, Kosova u shpall e pavarur m\u00eb 17 shkurt 2008.&nbsp;<br><\/p>\n\n\n\n<figure class=\"wp-block-image size-large\"><img decoding=\"async\" width=\"1024\" height=\"768\" src=\"https:\/\/medvegjasot.com\/wp-content\/uploads\/2025\/02\/IMG_3713-1024x768.jpeg\" alt=\"\" class=\"wp-image-4147\" srcset=\"https:\/\/medvegjasot.com\/wp-content\/uploads\/2025\/02\/IMG_3713-1024x768.jpeg 1024w, https:\/\/medvegjasot.com\/wp-content\/uploads\/2025\/02\/IMG_3713-300x225.jpeg 300w, https:\/\/medvegjasot.com\/wp-content\/uploads\/2025\/02\/IMG_3713-768x576.jpeg 768w, https:\/\/medvegjasot.com\/wp-content\/uploads\/2025\/02\/IMG_3713-1536x1152.jpeg 1536w, https:\/\/medvegjasot.com\/wp-content\/uploads\/2025\/02\/IMG_3713-2048x1536.jpeg 2048w\" sizes=\"(max-width: 1024px) 100vw, 1024px\" \/><\/figure>\n\n\n\n<p>Deklarat\u00ebn&nbsp;&nbsp;e Pavar\u00ebsis\u00eb e lexoi Kryeministri i Kosov\u00ebs zoti Hashim Tha\u00e7i. Kryetar i Kosov\u00ebs ishte&nbsp;&nbsp;z. Fatmir Sejdiu, Kryetar i Parlamenit z. Jakup Krasniqi.&nbsp;&nbsp;T\u00eb pranish\u00ebm n\u00eb sall\u00eb ishin 104 deputet\u00eb, q\u00eb me ngritjen e dor\u00ebs, u deklaruan&nbsp;&nbsp;t\u00eb gjith\u00eb p\u00ebr miratimin e saj, pa asnj\u00eb vot\u00eb kund\u00ebr.<\/p>\n\n\n\n<figure class=\"wp-block-image size-large\"><img decoding=\"async\" width=\"1024\" height=\"684\" src=\"https:\/\/medvegjasot.com\/wp-content\/uploads\/2025\/02\/IMG_3935-1024x684.jpeg\" alt=\"\" class=\"wp-image-4148\" srcset=\"https:\/\/medvegjasot.com\/wp-content\/uploads\/2025\/02\/IMG_3935-1024x684.jpeg 1024w, https:\/\/medvegjasot.com\/wp-content\/uploads\/2025\/02\/IMG_3935-300x200.jpeg 300w, https:\/\/medvegjasot.com\/wp-content\/uploads\/2025\/02\/IMG_3935-768x513.jpeg 768w, https:\/\/medvegjasot.com\/wp-content\/uploads\/2025\/02\/IMG_3935-600x400.jpeg 600w, https:\/\/medvegjasot.com\/wp-content\/uploads\/2025\/02\/IMG_3935.jpeg 1279w\" sizes=\"(max-width: 1024px) 100vw, 1024px\" \/><\/figure>\n\n\n\n<p><\/p>\n\n\n\n<p>Kosov\u00ebn e kan\u00eb njohur&nbsp;&nbsp;zyrtarisht&nbsp;&nbsp;mbi 115 shtete. Po punohet fuqish\u00ebm p\u00ebr plot\u00ebsimin dhe pavar\u00ebsin\u00eb e plot\u00eb m\u00eb, 17 shkurt 2019, Ushtria e Kosov\u00ebs p\u00ebr her\u00eb t\u00eb par\u00eb parakaloi n\u00eb sheshet kryesore t\u00eb Prishtin\u00ebs. Pra p\u00ebr ta b\u00ebr\u00eb ushtrin\u00eb e saj brenda kufijve t\u00eb vet dhe sundimin e ligjit p\u00ebr hyrjen n\u00eb NATO dhe integrimin n\u00eb BE.&nbsp;<\/p>\n\n\n\n<p>M\u00eb 9 dhjetor 2008, vendin e UNMIK-ut e zuri Misioni Evropian p\u00ebr Sundimin e ligjit, EULEX. M\u00eb 22 korrik 2010, Gjykata Nd\u00ebrkomb\u00ebtare e Drejt\u00ebsis\u00eb konfirmoi p\u00ebrmes mendimit k\u00ebshill\u00ebdh\u00ebn\u00ebs se pavar\u00ebsia e Kosov\u00ebs&nbsp;&nbsp;nuk ka shkelur asnj\u00eb nen t\u00eb Ligjit Nd\u00ebrkomb\u00ebtar.<\/p>\n\n\n\n<figure class=\"wp-block-image size-large\"><img loading=\"lazy\" decoding=\"async\" width=\"1024\" height=\"684\" src=\"https:\/\/medvegjasot.com\/wp-content\/uploads\/2025\/02\/IMG_3934-1024x684.jpeg\" alt=\"\" class=\"wp-image-4149\" srcset=\"https:\/\/medvegjasot.com\/wp-content\/uploads\/2025\/02\/IMG_3934-1024x684.jpeg 1024w, https:\/\/medvegjasot.com\/wp-content\/uploads\/2025\/02\/IMG_3934-300x200.jpeg 300w, https:\/\/medvegjasot.com\/wp-content\/uploads\/2025\/02\/IMG_3934-768x513.jpeg 768w, https:\/\/medvegjasot.com\/wp-content\/uploads\/2025\/02\/IMG_3934-600x400.jpeg 600w, https:\/\/medvegjasot.com\/wp-content\/uploads\/2025\/02\/IMG_3934.jpeg 1279w\" sizes=\"(max-width: 1024px) 100vw, 1024px\" \/><\/figure>\n\n\n\n<p>Natyrisht se Kosova dhe populli i saj kaluan vite t\u00eb r\u00ebnda. Lirin\u00eb e fituam me gjak dhe sot jemi t\u00eb lir\u00eb, fal\u00eb atyre q\u00eb dhan\u00eb me t\u00eb shtrenjt\u00ebn nga vetja e tyre. Jemi t\u00eb obliguar q\u00eb&nbsp;&nbsp;t\u00eb mos&nbsp;&nbsp;shkelim mbi gjakun e d\u00ebshmor\u00ebve dhe t\u00eb martir\u00ebve, por t\u2019i nderojm\u00eb dhe kujtojm\u00eb \u00e7doher\u00eb.<\/p>\n\n\n\n<figure class=\"wp-block-image size-large\"><img loading=\"lazy\" decoding=\"async\" width=\"576\" height=\"1024\" src=\"https:\/\/medvegjasot.com\/wp-content\/uploads\/2025\/02\/IMG_3933-576x1024.jpeg\" alt=\"\" class=\"wp-image-4150\" srcset=\"https:\/\/medvegjasot.com\/wp-content\/uploads\/2025\/02\/IMG_3933-576x1024.jpeg 576w, https:\/\/medvegjasot.com\/wp-content\/uploads\/2025\/02\/IMG_3933-169x300.jpeg 169w, https:\/\/medvegjasot.com\/wp-content\/uploads\/2025\/02\/IMG_3933-768x1365.jpeg 768w, https:\/\/medvegjasot.com\/wp-content\/uploads\/2025\/02\/IMG_3933-864x1536.jpeg 864w, https:\/\/medvegjasot.com\/wp-content\/uploads\/2025\/02\/IMG_3933.jpeg 1080w\" sizes=\"(max-width: 576px) 100vw, 576px\" \/><\/figure>\n\n\n\n<p>Un\u00eb si nj\u00eb qytetar p\u00ebrzemersisht i p\u00ebrkulem gjith\u00eb atyre q\u00eb dhan\u00eb m\u00eb t\u00eb shtrenjt\u00ebn e tyre, jet\u00ebn, gjakun p\u00ebr lirin\u00eb q\u00eb e g\u00ebzojm\u00eb sot: U\u00c7K-\u00ebs, NATO-s, q\u00eb pa ta do t\u00eb p\u00ebrfundonim si\u00e7 p\u00ebrfunduan shum\u00ebher\u00eb q\u00eb nga Molla e Kuqe dhe n\u00eb fund, Faleminderit p\u00ebrzem\u00ebrsisht USA-Amerik\u00eb dhe gjith\u00eb popullit t\u00eb saj n\u00eb shp\u00ebtimin e k\u00ebtij populli t\u00eb vuajtur, e n\u00eb ve\u00e7anti e Presidentin z.Bill Klinton!&nbsp;<br><\/p>\n\n\n\n<figure class=\"wp-block-image size-large\"><img loading=\"lazy\" decoding=\"async\" width=\"1024\" height=\"684\" src=\"https:\/\/medvegjasot.com\/wp-content\/uploads\/2025\/02\/IMG_3938-1024x684.jpeg\" alt=\"\" class=\"wp-image-4151\" srcset=\"https:\/\/medvegjasot.com\/wp-content\/uploads\/2025\/02\/IMG_3938-1024x684.jpeg 1024w, https:\/\/medvegjasot.com\/wp-content\/uploads\/2025\/02\/IMG_3938-300x200.jpeg 300w, https:\/\/medvegjasot.com\/wp-content\/uploads\/2025\/02\/IMG_3938-768x513.jpeg 768w, https:\/\/medvegjasot.com\/wp-content\/uploads\/2025\/02\/IMG_3938-600x400.jpeg 600w, https:\/\/medvegjasot.com\/wp-content\/uploads\/2025\/02\/IMG_3938.jpeg 1279w\" sizes=\"(max-width: 1024px) 100vw, 1024px\" \/><\/figure>\n\n\n\n<p>Republika e&nbsp;&nbsp;Kosov\u00ebs ka nj\u00eb sip\u00ebrfaqe prej 10.908 km\u00b2. Sipas raportit t\u00eb (ASK) popullsia rezidente e Kosov\u00ebs n\u00eb vitin 2024 arrin n\u00eb&nbsp;<a href=\"https:\/\/askapi.rks-gov.net\/Custom\/31bc24d2-45e4-4eb5-a567-405f4bdd197f.pdf#page=35\">1,585,566<\/a>&nbsp;banor\u00eb.<\/p>\n\n\n\n<p>Zoti e bekoft\u00eb popullin e Kosov\u00ebs, Amerik\u00ebn, NATO-n dhe gjith\u00eb ato shtete q\u00eb na&nbsp;&nbsp;ndihmuan p\u00ebr lirin\u00eb ton\u00eb!&#8230;.<\/p>\n\n\n\n<p><strong>@T\u00eb gjitha t\u00eb drejtat i takojn\u00eb autorit Rrahman Hyseni<\/strong><\/p>\n","protected":false},"excerpt":{"rendered":"<p>Pa dyshim se g\u00ebzimi n\u00eb zemrat e \u00e7do shqiptari qe shum\u00eb i madh di\u00e7ka, e shum\u00ebpritur, e paguar me gjak dhe vuajtje.&nbsp; Shqiptar\u00ebt q\u00eb kaluan n\u00ebp\u00ebr shum\u00eb vuajtje, q\u00ebndruan dhe mbijetuan, deri n\u00eb qershor t\u00eb vitit 1999, kur u fitua lufta kund\u00ebr makineris\u00eb vrastare serbe, forcave paramilitare, militare dhe armat\u00ebs serbe fam\u00ebkeqe. K\u00ebsaj i dhan\u00eb&#8230;<\/p>\n","protected":false},"author":2,"featured_media":4136,"comment_status":"open","ping_status":"open","sticky":false,"template":"","format":"standard","meta":{"_coblocks_attr":"","_coblocks_dimensions":"","_coblocks_responsive_height":"","_coblocks_accordion_ie_support":"","_monsterinsights_skip_tracking":false,"_monsterinsights_sitenote_active":false,"_monsterinsights_sitenote_note":"","_monsterinsights_sitenote_category":0,"footnotes":""},"categories":[3],"tags":[],"class_list":["post-4134","post","type-post","status-publish","format-standard","has-post-thumbnail","hentry","category-kronika"],"yoast_head":"<!-- This site is optimized with the Yoast SEO plugin v27.5 - https:\/\/yoast.com\/product\/yoast-seo-wordpress\/ -->\n<title>17 shkurti i vitit 2008 solli kuror\u00ebzimin e Pavar\u00ebsis\u00eb t\u00eb Republik\u00ebs s\u00eb Kosov\u00ebs - Medvegja Sot<\/title>\n<meta name=\"robots\" content=\"index, follow, max-snippet:-1, max-image-preview:large, max-video-preview:-1\" \/>\n<link rel=\"canonical\" href=\"https:\/\/medvegjasot.com\/?p=4134\" \/>\n<meta property=\"og:locale\" content=\"en_US\" \/>\n<meta property=\"og:type\" content=\"article\" \/>\n<meta property=\"og:title\" content=\"17 shkurti i vitit 2008 solli kuror\u00ebzimin e Pavar\u00ebsis\u00eb t\u00eb Republik\u00ebs s\u00eb Kosov\u00ebs - Medvegja Sot\" \/>\n<meta property=\"og:description\" content=\"Pa dyshim se g\u00ebzimi n\u00eb zemrat e \u00e7do shqiptari qe shum\u00eb i madh di\u00e7ka, e shum\u00ebpritur, e paguar me gjak dhe vuajtje.&nbsp; Shqiptar\u00ebt q\u00eb kaluan n\u00ebp\u00ebr shum\u00eb vuajtje, q\u00ebndruan dhe mbijetuan, deri n\u00eb qershor t\u00eb vitit 1999, kur u fitua lufta kund\u00ebr makineris\u00eb vrastare serbe, forcave paramilitare, militare dhe armat\u00ebs serbe fam\u00ebkeqe. K\u00ebsaj i dhan\u00eb...\" \/>\n<meta property=\"og:url\" content=\"https:\/\/medvegjasot.com\/?p=4134\" \/>\n<meta property=\"og:site_name\" content=\"Medvegja Sot\" \/>\n<meta property=\"article:publisher\" content=\"https:\/\/www.facebook.com\/MedvegjaSot.com1\" \/>\n<meta property=\"article:published_time\" content=\"2025-02-18T12:33:26+00:00\" \/>\n<meta property=\"article:modified_time\" content=\"2025-02-19T12:21:18+00:00\" \/>\n<meta property=\"og:image\" content=\"https:\/\/medvegjasot.com\/wp-content\/uploads\/2025\/02\/IMG_3672-scaled.jpeg\" \/>\n\t<meta property=\"og:image:width\" content=\"2560\" \/>\n\t<meta property=\"og:image:height\" content=\"1440\" \/>\n\t<meta property=\"og:image:type\" content=\"image\/jpeg\" \/>\n<meta name=\"author\" content=\"admin\" \/>\n<meta name=\"twitter:card\" content=\"summary_large_image\" \/>\n<meta name=\"twitter:label1\" content=\"Written by\" \/>\n\t<meta name=\"twitter:data1\" content=\"admin\" \/>\n\t<meta name=\"twitter:label2\" content=\"Est. reading time\" \/>\n\t<meta name=\"twitter:data2\" content=\"4 minutes\" \/>\n<script type=\"application\/ld+json\" class=\"yoast-schema-graph\">{\"@context\":\"https:\\\/\\\/schema.org\",\"@graph\":[{\"@type\":\"Article\",\"@id\":\"https:\\\/\\\/medvegjasot.com\\\/?p=4134#article\",\"isPartOf\":{\"@id\":\"https:\\\/\\\/medvegjasot.com\\\/?p=4134\"},\"author\":{\"name\":\"admin\",\"@id\":\"https:\\\/\\\/medvegjasot.com\\\/#\\\/schema\\\/person\\\/f2be1a84f4e95d0cb032946a1cf2e594\"},\"headline\":\"17 shkurti i vitit 2008 solli kuror\u00ebzimin e Pavar\u00ebsis\u00eb t\u00eb Republik\u00ebs s\u00eb Kosov\u00ebs\",\"datePublished\":\"2025-02-18T12:33:26+00:00\",\"dateModified\":\"2025-02-19T12:21:18+00:00\",\"mainEntityOfPage\":{\"@id\":\"https:\\\/\\\/medvegjasot.com\\\/?p=4134\"},\"wordCount\":634,\"commentCount\":0,\"publisher\":{\"@id\":\"https:\\\/\\\/medvegjasot.com\\\/#organization\"},\"image\":{\"@id\":\"https:\\\/\\\/medvegjasot.com\\\/?p=4134#primaryimage\"},\"thumbnailUrl\":\"https:\\\/\\\/medvegjasot.com\\\/wp-content\\\/uploads\\\/2025\\\/02\\\/IMG_3672-scaled.jpeg\",\"articleSection\":[\"KRONIKA\"],\"inLanguage\":\"en-US\",\"potentialAction\":[{\"@type\":\"CommentAction\",\"name\":\"Comment\",\"target\":[\"https:\\\/\\\/medvegjasot.com\\\/?p=4134#respond\"]}]},{\"@type\":\"WebPage\",\"@id\":\"https:\\\/\\\/medvegjasot.com\\\/?p=4134\",\"url\":\"https:\\\/\\\/medvegjasot.com\\\/?p=4134\",\"name\":\"17 shkurti i vitit 2008 solli kuror\u00ebzimin e Pavar\u00ebsis\u00eb t\u00eb Republik\u00ebs s\u00eb Kosov\u00ebs - Medvegja Sot\",\"isPartOf\":{\"@id\":\"https:\\\/\\\/medvegjasot.com\\\/#website\"},\"primaryImageOfPage\":{\"@id\":\"https:\\\/\\\/medvegjasot.com\\\/?p=4134#primaryimage\"},\"image\":{\"@id\":\"https:\\\/\\\/medvegjasot.com\\\/?p=4134#primaryimage\"},\"thumbnailUrl\":\"https:\\\/\\\/medvegjasot.com\\\/wp-content\\\/uploads\\\/2025\\\/02\\\/IMG_3672-scaled.jpeg\",\"datePublished\":\"2025-02-18T12:33:26+00:00\",\"dateModified\":\"2025-02-19T12:21:18+00:00\",\"breadcrumb\":{\"@id\":\"https:\\\/\\\/medvegjasot.com\\\/?p=4134#breadcrumb\"},\"inLanguage\":\"en-US\",\"potentialAction\":[{\"@type\":\"ReadAction\",\"target\":[\"https:\\\/\\\/medvegjasot.com\\\/?p=4134\"]}]},{\"@type\":\"ImageObject\",\"inLanguage\":\"en-US\",\"@id\":\"https:\\\/\\\/medvegjasot.com\\\/?p=4134#primaryimage\",\"url\":\"https:\\\/\\\/medvegjasot.com\\\/wp-content\\\/uploads\\\/2025\\\/02\\\/IMG_3672-scaled.jpeg\",\"contentUrl\":\"https:\\\/\\\/medvegjasot.com\\\/wp-content\\\/uploads\\\/2025\\\/02\\\/IMG_3672-scaled.jpeg\",\"width\":2560,\"height\":1440},{\"@type\":\"BreadcrumbList\",\"@id\":\"https:\\\/\\\/medvegjasot.com\\\/?p=4134#breadcrumb\",\"itemListElement\":[{\"@type\":\"ListItem\",\"position\":1,\"name\":\"Home\",\"item\":\"https:\\\/\\\/medvegjasot.com\\\/\"},{\"@type\":\"ListItem\",\"position\":2,\"name\":\"17 shkurti i vitit 2008 solli kuror\u00ebzimin e Pavar\u00ebsis\u00eb t\u00eb Republik\u00ebs s\u00eb Kosov\u00ebs\"}]},{\"@type\":\"WebSite\",\"@id\":\"https:\\\/\\\/medvegjasot.com\\\/#website\",\"url\":\"https:\\\/\\\/medvegjasot.com\\\/\",\"name\":\"Medvegja Sot\",\"description\":\"Portal Lajmesh\",\"publisher\":{\"@id\":\"https:\\\/\\\/medvegjasot.com\\\/#organization\"},\"alternateName\":\"MS\",\"potentialAction\":[{\"@type\":\"SearchAction\",\"target\":{\"@type\":\"EntryPoint\",\"urlTemplate\":\"https:\\\/\\\/medvegjasot.com\\\/?s={search_term_string}\"},\"query-input\":{\"@type\":\"PropertyValueSpecification\",\"valueRequired\":true,\"valueName\":\"search_term_string\"}}],\"inLanguage\":\"en-US\"},{\"@type\":\"Organization\",\"@id\":\"https:\\\/\\\/medvegjasot.com\\\/#organization\",\"name\":\"Medvegja Sot\",\"alternateName\":\"MS\",\"url\":\"https:\\\/\\\/medvegjasot.com\\\/\",\"logo\":{\"@type\":\"ImageObject\",\"inLanguage\":\"en-US\",\"@id\":\"https:\\\/\\\/medvegjasot.com\\\/#\\\/schema\\\/logo\\\/image\\\/\",\"url\":\"https:\\\/\\\/medvegjasot.com\\\/wp-content\\\/uploads\\\/2024\\\/08\\\/logo.png\",\"contentUrl\":\"https:\\\/\\\/medvegjasot.com\\\/wp-content\\\/uploads\\\/2024\\\/08\\\/logo.png\",\"width\":500,\"height\":500,\"caption\":\"Medvegja Sot\"},\"image\":{\"@id\":\"https:\\\/\\\/medvegjasot.com\\\/#\\\/schema\\\/logo\\\/image\\\/\"},\"sameAs\":[\"https:\\\/\\\/www.facebook.com\\\/MedvegjaSot.com1\"]},{\"@type\":\"Person\",\"@id\":\"https:\\\/\\\/medvegjasot.com\\\/#\\\/schema\\\/person\\\/f2be1a84f4e95d0cb032946a1cf2e594\",\"name\":\"admin\",\"image\":{\"@type\":\"ImageObject\",\"inLanguage\":\"en-US\",\"@id\":\"https:\\\/\\\/secure.gravatar.com\\\/avatar\\\/2eedc5259426225ddc6f98b4b6728c30418b83e6f70285719780d3518d972ece?s=96&d=mm&r=g\",\"url\":\"https:\\\/\\\/secure.gravatar.com\\\/avatar\\\/2eedc5259426225ddc6f98b4b6728c30418b83e6f70285719780d3518d972ece?s=96&d=mm&r=g\",\"contentUrl\":\"https:\\\/\\\/secure.gravatar.com\\\/avatar\\\/2eedc5259426225ddc6f98b4b6728c30418b83e6f70285719780d3518d972ece?s=96&d=mm&r=g\",\"caption\":\"admin\"},\"url\":\"https:\\\/\\\/medvegjasot.com\\\/?author=2\"}]}<\/script>\n<!-- \/ Yoast SEO plugin. -->","yoast_head_json":{"title":"17 shkurti i vitit 2008 solli kuror\u00ebzimin e Pavar\u00ebsis\u00eb t\u00eb Republik\u00ebs s\u00eb Kosov\u00ebs - Medvegja Sot","robots":{"index":"index","follow":"follow","max-snippet":"max-snippet:-1","max-image-preview":"max-image-preview:large","max-video-preview":"max-video-preview:-1"},"canonical":"https:\/\/medvegjasot.com\/?p=4134","og_locale":"en_US","og_type":"article","og_title":"17 shkurti i vitit 2008 solli kuror\u00ebzimin e Pavar\u00ebsis\u00eb t\u00eb Republik\u00ebs s\u00eb Kosov\u00ebs - Medvegja Sot","og_description":"Pa dyshim se g\u00ebzimi n\u00eb zemrat e \u00e7do shqiptari qe shum\u00eb i madh di\u00e7ka, e shum\u00ebpritur, e paguar me gjak dhe vuajtje.&nbsp; Shqiptar\u00ebt q\u00eb kaluan n\u00ebp\u00ebr shum\u00eb vuajtje, q\u00ebndruan dhe mbijetuan, deri n\u00eb qershor t\u00eb vitit 1999, kur u fitua lufta kund\u00ebr makineris\u00eb vrastare serbe, forcave paramilitare, militare dhe armat\u00ebs serbe fam\u00ebkeqe. K\u00ebsaj i dhan\u00eb...","og_url":"https:\/\/medvegjasot.com\/?p=4134","og_site_name":"Medvegja Sot","article_publisher":"https:\/\/www.facebook.com\/MedvegjaSot.com1","article_published_time":"2025-02-18T12:33:26+00:00","article_modified_time":"2025-02-19T12:21:18+00:00","og_image":[{"width":2560,"height":1440,"url":"https:\/\/medvegjasot.com\/wp-content\/uploads\/2025\/02\/IMG_3672-scaled.jpeg","type":"image\/jpeg"}],"author":"admin","twitter_card":"summary_large_image","twitter_misc":{"Written by":"admin","Est. reading time":"4 minutes"},"schema":{"@context":"https:\/\/schema.org","@graph":[{"@type":"Article","@id":"https:\/\/medvegjasot.com\/?p=4134#article","isPartOf":{"@id":"https:\/\/medvegjasot.com\/?p=4134"},"author":{"name":"admin","@id":"https:\/\/medvegjasot.com\/#\/schema\/person\/f2be1a84f4e95d0cb032946a1cf2e594"},"headline":"17 shkurti i vitit 2008 solli kuror\u00ebzimin e Pavar\u00ebsis\u00eb t\u00eb Republik\u00ebs s\u00eb Kosov\u00ebs","datePublished":"2025-02-18T12:33:26+00:00","dateModified":"2025-02-19T12:21:18+00:00","mainEntityOfPage":{"@id":"https:\/\/medvegjasot.com\/?p=4134"},"wordCount":634,"commentCount":0,"publisher":{"@id":"https:\/\/medvegjasot.com\/#organization"},"image":{"@id":"https:\/\/medvegjasot.com\/?p=4134#primaryimage"},"thumbnailUrl":"https:\/\/medvegjasot.com\/wp-content\/uploads\/2025\/02\/IMG_3672-scaled.jpeg","articleSection":["KRONIKA"],"inLanguage":"en-US","potentialAction":[{"@type":"CommentAction","name":"Comment","target":["https:\/\/medvegjasot.com\/?p=4134#respond"]}]},{"@type":"WebPage","@id":"https:\/\/medvegjasot.com\/?p=4134","url":"https:\/\/medvegjasot.com\/?p=4134","name":"17 shkurti i vitit 2008 solli kuror\u00ebzimin e Pavar\u00ebsis\u00eb t\u00eb Republik\u00ebs s\u00eb Kosov\u00ebs - Medvegja Sot","isPartOf":{"@id":"https:\/\/medvegjasot.com\/#website"},"primaryImageOfPage":{"@id":"https:\/\/medvegjasot.com\/?p=4134#primaryimage"},"image":{"@id":"https:\/\/medvegjasot.com\/?p=4134#primaryimage"},"thumbnailUrl":"https:\/\/medvegjasot.com\/wp-content\/uploads\/2025\/02\/IMG_3672-scaled.jpeg","datePublished":"2025-02-18T12:33:26+00:00","dateModified":"2025-02-19T12:21:18+00:00","breadcrumb":{"@id":"https:\/\/medvegjasot.com\/?p=4134#breadcrumb"},"inLanguage":"en-US","potentialAction":[{"@type":"ReadAction","target":["https:\/\/medvegjasot.com\/?p=4134"]}]},{"@type":"ImageObject","inLanguage":"en-US","@id":"https:\/\/medvegjasot.com\/?p=4134#primaryimage","url":"https:\/\/medvegjasot.com\/wp-content\/uploads\/2025\/02\/IMG_3672-scaled.jpeg","contentUrl":"https:\/\/medvegjasot.com\/wp-content\/uploads\/2025\/02\/IMG_3672-scaled.jpeg","width":2560,"height":1440},{"@type":"BreadcrumbList","@id":"https:\/\/medvegjasot.com\/?p=4134#breadcrumb","itemListElement":[{"@type":"ListItem","position":1,"name":"Home","item":"https:\/\/medvegjasot.com\/"},{"@type":"ListItem","position":2,"name":"17 shkurti i vitit 2008 solli kuror\u00ebzimin e Pavar\u00ebsis\u00eb t\u00eb Republik\u00ebs s\u00eb Kosov\u00ebs"}]},{"@type":"WebSite","@id":"https:\/\/medvegjasot.com\/#website","url":"https:\/\/medvegjasot.com\/","name":"Medvegja Sot","description":"Portal Lajmesh","publisher":{"@id":"https:\/\/medvegjasot.com\/#organization"},"alternateName":"MS","potentialAction":[{"@type":"SearchAction","target":{"@type":"EntryPoint","urlTemplate":"https:\/\/medvegjasot.com\/?s={search_term_string}"},"query-input":{"@type":"PropertyValueSpecification","valueRequired":true,"valueName":"search_term_string"}}],"inLanguage":"en-US"},{"@type":"Organization","@id":"https:\/\/medvegjasot.com\/#organization","name":"Medvegja Sot","alternateName":"MS","url":"https:\/\/medvegjasot.com\/","logo":{"@type":"ImageObject","inLanguage":"en-US","@id":"https:\/\/medvegjasot.com\/#\/schema\/logo\/image\/","url":"https:\/\/medvegjasot.com\/wp-content\/uploads\/2024\/08\/logo.png","contentUrl":"https:\/\/medvegjasot.com\/wp-content\/uploads\/2024\/08\/logo.png","width":500,"height":500,"caption":"Medvegja Sot"},"image":{"@id":"https:\/\/medvegjasot.com\/#\/schema\/logo\/image\/"},"sameAs":["https:\/\/www.facebook.com\/MedvegjaSot.com1"]},{"@type":"Person","@id":"https:\/\/medvegjasot.com\/#\/schema\/person\/f2be1a84f4e95d0cb032946a1cf2e594","name":"admin","image":{"@type":"ImageObject","inLanguage":"en-US","@id":"https:\/\/secure.gravatar.com\/avatar\/2eedc5259426225ddc6f98b4b6728c30418b83e6f70285719780d3518d972ece?s=96&d=mm&r=g","url":"https:\/\/secure.gravatar.com\/avatar\/2eedc5259426225ddc6f98b4b6728c30418b83e6f70285719780d3518d972ece?s=96&d=mm&r=g","contentUrl":"https:\/\/secure.gravatar.com\/avatar\/2eedc5259426225ddc6f98b4b6728c30418b83e6f70285719780d3518d972ece?s=96&d=mm&r=g","caption":"admin"},"url":"https:\/\/medvegjasot.com\/?author=2"}]}},"jetpack_featured_media_url":"https:\/\/medvegjasot.com\/wp-content\/uploads\/2025\/02\/IMG_3672-scaled.jpeg","_links":{"self":[{"href":"https:\/\/medvegjasot.com\/index.php?rest_route=\/wp\/v2\/posts\/4134","targetHints":{"allow":["GET"]}}],"collection":[{"href":"https:\/\/medvegjasot.com\/index.php?rest_route=\/wp\/v2\/posts"}],"about":[{"href":"https:\/\/medvegjasot.com\/index.php?rest_route=\/wp\/v2\/types\/post"}],"author":[{"embeddable":true,"href":"https:\/\/medvegjasot.com\/index.php?rest_route=\/wp\/v2\/users\/2"}],"replies":[{"embeddable":true,"href":"https:\/\/medvegjasot.com\/index.php?rest_route=%2Fwp%2Fv2%2Fcomments&post=4134"}],"version-history":[{"count":3,"href":"https:\/\/medvegjasot.com\/index.php?rest_route=\/wp\/v2\/posts\/4134\/revisions"}],"predecessor-version":[{"id":4153,"href":"https:\/\/medvegjasot.com\/index.php?rest_route=\/wp\/v2\/posts\/4134\/revisions\/4153"}],"wp:featuredmedia":[{"embeddable":true,"href":"https:\/\/medvegjasot.com\/index.php?rest_route=\/wp\/v2\/media\/4136"}],"wp:attachment":[{"href":"https:\/\/medvegjasot.com\/index.php?rest_route=%2Fwp%2Fv2%2Fmedia&parent=4134"}],"wp:term":[{"taxonomy":"category","embeddable":true,"href":"https:\/\/medvegjasot.com\/index.php?rest_route=%2Fwp%2Fv2%2Fcategories&post=4134"},{"taxonomy":"post_tag","embeddable":true,"href":"https:\/\/medvegjasot.com\/index.php?rest_route=%2Fwp%2Fv2%2Ftags&post=4134"}],"curies":[{"name":"wp","href":"https:\/\/api.w.org\/{rel}","templated":true}]}}