{"id":4125,"date":"2025-02-18T07:44:02","date_gmt":"2025-02-18T07:44:02","guid":{"rendered":"https:\/\/medvegjasot.com\/?p=4125"},"modified":"2025-02-18T07:59:02","modified_gmt":"2025-02-18T07:59:02","slug":"shoqata-humanitare-medvegja-uron-17-vjetorin-e-pavaresise-se-kosoves","status":"publish","type":"post","link":"https:\/\/medvegjasot.com\/?p=4125","title":{"rendered":"Shoqata Humanitare Medvegja uron 17-vjetorin e Pavar\u00ebsis\u00eb s\u00eb Kosov\u00ebs\u00a0"},"content":{"rendered":"\n<p>Kryesia e Shoqat\u00ebs Humanitare Medvegja n\u00eb mbledhjen e rregullt festive, t\u00eb mbajtur m\u00eb 17 shkurt 2025, uron 17-vjetorin e Pavar\u00ebsis\u00eb s\u00eb Kosov\u00ebs, gjith\u00eb shqiptar\u00ebve kudo q\u00eb jan\u00eb.&nbsp;<\/p>\n\n\n\n<p>Un\u00eb Zymer Hajrullahu, kryetar s\u00eb bashku me kryesin\u00eb, nj\u00ebkoh\u00ebsisht ju b\u00ebjm\u00eb ftes\u00eb p\u00ebr manifestimin\u00a0\u00a0n\u00eb nder t\u00eb PAVAR\u00cbSIS\u00cb S\u00cb KOSOV\u00cbS,\u00a0\u00a0me dat\u00ebn 1 mars 2025, duke filluar nga ora 19h00.\u00a0<\/p>\n\n\n\n<p>Urime Pavar\u00ebsin\u00eb e Kosov\u00ebs, festojm\u00eb guximin, sakrific\u00ebn dhe \u00ebndrr\u00ebn e b\u00ebr\u00eb realitet!&nbsp;<br><\/p>\n\n\n\n<figure class=\"wp-block-image size-large\"><img fetchpriority=\"high\" decoding=\"async\" width=\"819\" height=\"1024\" src=\"https:\/\/medvegjasot.com\/wp-content\/uploads\/2025\/02\/IMG_3359-819x1024.jpeg\" alt=\"\" class=\"wp-image-4129\" srcset=\"https:\/\/medvegjasot.com\/wp-content\/uploads\/2025\/02\/IMG_3359-819x1024.jpeg 819w, https:\/\/medvegjasot.com\/wp-content\/uploads\/2025\/02\/IMG_3359-240x300.jpeg 240w, https:\/\/medvegjasot.com\/wp-content\/uploads\/2025\/02\/IMG_3359-768x960.jpeg 768w, https:\/\/medvegjasot.com\/wp-content\/uploads\/2025\/02\/IMG_3359.jpeg 1080w\" sizes=\"(max-width: 819px) 100vw, 819px\" \/><\/figure>\n\n\n\n<p>Le t\u00eb vazhdojm\u00eb s\u00eb bashku,&nbsp;<\/p>\n\n\n\n<p>Lavdi!&nbsp;<\/p>\n\n\n\n<p>Respekt!<\/p>\n\n\n\n<p><strong>Shoqata Humanitare Medvegja<\/strong><\/p>\n","protected":false},"excerpt":{"rendered":"<p>Kryesia e Shoqat\u00ebs Humanitare Medvegja n\u00eb mbledhjen e rregullt festive, t\u00eb mbajtur m\u00eb 17 shkurt 2025, uron 17-vjetorin e Pavar\u00ebsis\u00eb s\u00eb Kosov\u00ebs, gjith\u00eb shqiptar\u00ebve kudo q\u00eb jan\u00eb.&nbsp; Un\u00eb Zymer Hajrullahu, kryetar s\u00eb bashku me kryesin\u00eb, nj\u00ebkoh\u00ebsisht ju b\u00ebjm\u00eb ftes\u00eb p\u00ebr manifestimin\u00a0\u00a0n\u00eb nder t\u00eb PAVAR\u00cbSIS\u00cb S\u00cb KOSOV\u00cbS,\u00a0\u00a0me dat\u00ebn 1 mars 2025, duke filluar nga ora 19h00.\u00a0&#8230;<\/p>\n","protected":false},"author":2,"featured_media":4126,"comment_status":"open","ping_status":"open","sticky":false,"template":"","format":"standard","meta":{"_coblocks_attr":"","_coblocks_dimensions":"","_coblocks_responsive_height":"","_coblocks_accordion_ie_support":"","_monsterinsights_skip_tracking":false,"_monsterinsights_sitenote_active":false,"_monsterinsights_sitenote_note":"","_monsterinsights_sitenote_category":0,"footnotes":""},"categories":[17,18],"tags":[],"class_list":["post-4125","post","type-post","status-publish","format-standard","has-post-thumbnail","hentry","category-diaspora","category-kulture"],"yoast_head":"<!-- This site is optimized with the Yoast SEO plugin v27.5 - https:\/\/yoast.com\/product\/yoast-seo-wordpress\/ -->\n<title>Shoqata Humanitare Medvegja uron 17-vjetorin e Pavar\u00ebsis\u00eb s\u00eb Kosov\u00ebs\u00a0 - Medvegja Sot<\/title>\n<meta name=\"robots\" content=\"index, follow, max-snippet:-1, max-image-preview:large, max-video-preview:-1\" \/>\n<link rel=\"canonical\" href=\"https:\/\/medvegjasot.com\/?p=4125\" \/>\n<meta property=\"og:locale\" content=\"en_US\" \/>\n<meta property=\"og:type\" content=\"article\" \/>\n<meta property=\"og:title\" content=\"Shoqata Humanitare Medvegja uron 17-vjetorin e Pavar\u00ebsis\u00eb s\u00eb Kosov\u00ebs\u00a0 - Medvegja Sot\" \/>\n<meta property=\"og:description\" content=\"Kryesia e Shoqat\u00ebs Humanitare Medvegja n\u00eb mbledhjen e rregullt festive, t\u00eb mbajtur m\u00eb 17 shkurt 2025, uron 17-vjetorin e Pavar\u00ebsis\u00eb s\u00eb Kosov\u00ebs, gjith\u00eb shqiptar\u00ebve kudo q\u00eb jan\u00eb.&nbsp; Un\u00eb Zymer Hajrullahu, kryetar s\u00eb bashku me kryesin\u00eb, nj\u00ebkoh\u00ebsisht ju b\u00ebjm\u00eb ftes\u00eb p\u00ebr manifestimin\u00a0\u00a0n\u00eb nder t\u00eb PAVAR\u00cbSIS\u00cb S\u00cb KOSOV\u00cbS,\u00a0\u00a0me dat\u00ebn 1 mars 2025, duke filluar nga ora 19h00.\u00a0...\" \/>\n<meta property=\"og:url\" content=\"https:\/\/medvegjasot.com\/?p=4125\" \/>\n<meta property=\"og:site_name\" content=\"Medvegja Sot\" \/>\n<meta property=\"article:publisher\" content=\"https:\/\/www.facebook.com\/MedvegjaSot.com1\" \/>\n<meta property=\"article:published_time\" content=\"2025-02-18T07:44:02+00:00\" \/>\n<meta property=\"article:modified_time\" content=\"2025-02-18T07:59:02+00:00\" \/>\n<meta property=\"og:image\" content=\"https:\/\/medvegjasot.com\/wp-content\/uploads\/2025\/02\/photo-output-1.jpeg\" \/>\n\t<meta property=\"og:image:width\" content=\"2016\" \/>\n\t<meta property=\"og:image:height\" content=\"1134\" \/>\n\t<meta property=\"og:image:type\" content=\"image\/jpeg\" \/>\n<meta name=\"author\" content=\"admin\" \/>\n<meta name=\"twitter:card\" content=\"summary_large_image\" \/>\n<meta name=\"twitter:label1\" content=\"Written by\" \/>\n\t<meta name=\"twitter:data1\" content=\"admin\" \/>\n\t<meta name=\"twitter:label2\" content=\"Est. reading time\" \/>\n\t<meta name=\"twitter:data2\" content=\"1 minute\" \/>\n<script type=\"application\/ld+json\" class=\"yoast-schema-graph\">{\"@context\":\"https:\\\/\\\/schema.org\",\"@graph\":[{\"@type\":\"Article\",\"@id\":\"https:\\\/\\\/medvegjasot.com\\\/?p=4125#article\",\"isPartOf\":{\"@id\":\"https:\\\/\\\/medvegjasot.com\\\/?p=4125\"},\"author\":{\"name\":\"admin\",\"@id\":\"https:\\\/\\\/medvegjasot.com\\\/#\\\/schema\\\/person\\\/f2be1a84f4e95d0cb032946a1cf2e594\"},\"headline\":\"Shoqata Humanitare Medvegja uron 17-vjetorin e Pavar\u00ebsis\u00eb s\u00eb Kosov\u00ebs\u00a0\",\"datePublished\":\"2025-02-18T07:44:02+00:00\",\"dateModified\":\"2025-02-18T07:59:02+00:00\",\"mainEntityOfPage\":{\"@id\":\"https:\\\/\\\/medvegjasot.com\\\/?p=4125\"},\"wordCount\":106,\"commentCount\":0,\"publisher\":{\"@id\":\"https:\\\/\\\/medvegjasot.com\\\/#organization\"},\"image\":{\"@id\":\"https:\\\/\\\/medvegjasot.com\\\/?p=4125#primaryimage\"},\"thumbnailUrl\":\"https:\\\/\\\/medvegjasot.com\\\/wp-content\\\/uploads\\\/2025\\\/02\\\/photo-output-1.jpeg\",\"articleSection\":[\"DIASPORA\",\"KULTUR\u00cb\"],\"inLanguage\":\"en-US\",\"potentialAction\":[{\"@type\":\"CommentAction\",\"name\":\"Comment\",\"target\":[\"https:\\\/\\\/medvegjasot.com\\\/?p=4125#respond\"]}]},{\"@type\":\"WebPage\",\"@id\":\"https:\\\/\\\/medvegjasot.com\\\/?p=4125\",\"url\":\"https:\\\/\\\/medvegjasot.com\\\/?p=4125\",\"name\":\"Shoqata Humanitare Medvegja uron 17-vjetorin e Pavar\u00ebsis\u00eb s\u00eb Kosov\u00ebs\u00a0 - Medvegja Sot\",\"isPartOf\":{\"@id\":\"https:\\\/\\\/medvegjasot.com\\\/#website\"},\"primaryImageOfPage\":{\"@id\":\"https:\\\/\\\/medvegjasot.com\\\/?p=4125#primaryimage\"},\"image\":{\"@id\":\"https:\\\/\\\/medvegjasot.com\\\/?p=4125#primaryimage\"},\"thumbnailUrl\":\"https:\\\/\\\/medvegjasot.com\\\/wp-content\\\/uploads\\\/2025\\\/02\\\/photo-output-1.jpeg\",\"datePublished\":\"2025-02-18T07:44:02+00:00\",\"dateModified\":\"2025-02-18T07:59:02+00:00\",\"breadcrumb\":{\"@id\":\"https:\\\/\\\/medvegjasot.com\\\/?p=4125#breadcrumb\"},\"inLanguage\":\"en-US\",\"potentialAction\":[{\"@type\":\"ReadAction\",\"target\":[\"https:\\\/\\\/medvegjasot.com\\\/?p=4125\"]}]},{\"@type\":\"ImageObject\",\"inLanguage\":\"en-US\",\"@id\":\"https:\\\/\\\/medvegjasot.com\\\/?p=4125#primaryimage\",\"url\":\"https:\\\/\\\/medvegjasot.com\\\/wp-content\\\/uploads\\\/2025\\\/02\\\/photo-output-1.jpeg\",\"contentUrl\":\"https:\\\/\\\/medvegjasot.com\\\/wp-content\\\/uploads\\\/2025\\\/02\\\/photo-output-1.jpeg\",\"width\":2016,\"height\":1134},{\"@type\":\"BreadcrumbList\",\"@id\":\"https:\\\/\\\/medvegjasot.com\\\/?p=4125#breadcrumb\",\"itemListElement\":[{\"@type\":\"ListItem\",\"position\":1,\"name\":\"Home\",\"item\":\"https:\\\/\\\/medvegjasot.com\\\/\"},{\"@type\":\"ListItem\",\"position\":2,\"name\":\"Shoqata Humanitare Medvegja uron 17-vjetorin e Pavar\u00ebsis\u00eb s\u00eb Kosov\u00ebs\u00a0\"}]},{\"@type\":\"WebSite\",\"@id\":\"https:\\\/\\\/medvegjasot.com\\\/#website\",\"url\":\"https:\\\/\\\/medvegjasot.com\\\/\",\"name\":\"Medvegja Sot\",\"description\":\"Portal Lajmesh\",\"publisher\":{\"@id\":\"https:\\\/\\\/medvegjasot.com\\\/#organization\"},\"alternateName\":\"MS\",\"potentialAction\":[{\"@type\":\"SearchAction\",\"target\":{\"@type\":\"EntryPoint\",\"urlTemplate\":\"https:\\\/\\\/medvegjasot.com\\\/?s={search_term_string}\"},\"query-input\":{\"@type\":\"PropertyValueSpecification\",\"valueRequired\":true,\"valueName\":\"search_term_string\"}}],\"inLanguage\":\"en-US\"},{\"@type\":\"Organization\",\"@id\":\"https:\\\/\\\/medvegjasot.com\\\/#organization\",\"name\":\"Medvegja Sot\",\"alternateName\":\"MS\",\"url\":\"https:\\\/\\\/medvegjasot.com\\\/\",\"logo\":{\"@type\":\"ImageObject\",\"inLanguage\":\"en-US\",\"@id\":\"https:\\\/\\\/medvegjasot.com\\\/#\\\/schema\\\/logo\\\/image\\\/\",\"url\":\"https:\\\/\\\/medvegjasot.com\\\/wp-content\\\/uploads\\\/2024\\\/08\\\/logo.png\",\"contentUrl\":\"https:\\\/\\\/medvegjasot.com\\\/wp-content\\\/uploads\\\/2024\\\/08\\\/logo.png\",\"width\":500,\"height\":500,\"caption\":\"Medvegja Sot\"},\"image\":{\"@id\":\"https:\\\/\\\/medvegjasot.com\\\/#\\\/schema\\\/logo\\\/image\\\/\"},\"sameAs\":[\"https:\\\/\\\/www.facebook.com\\\/MedvegjaSot.com1\"]},{\"@type\":\"Person\",\"@id\":\"https:\\\/\\\/medvegjasot.com\\\/#\\\/schema\\\/person\\\/f2be1a84f4e95d0cb032946a1cf2e594\",\"name\":\"admin\",\"image\":{\"@type\":\"ImageObject\",\"inLanguage\":\"en-US\",\"@id\":\"https:\\\/\\\/secure.gravatar.com\\\/avatar\\\/2eedc5259426225ddc6f98b4b6728c30418b83e6f70285719780d3518d972ece?s=96&d=mm&r=g\",\"url\":\"https:\\\/\\\/secure.gravatar.com\\\/avatar\\\/2eedc5259426225ddc6f98b4b6728c30418b83e6f70285719780d3518d972ece?s=96&d=mm&r=g\",\"contentUrl\":\"https:\\\/\\\/secure.gravatar.com\\\/avatar\\\/2eedc5259426225ddc6f98b4b6728c30418b83e6f70285719780d3518d972ece?s=96&d=mm&r=g\",\"caption\":\"admin\"},\"url\":\"https:\\\/\\\/medvegjasot.com\\\/?author=2\"}]}<\/script>\n<!-- \/ Yoast SEO plugin. -->","yoast_head_json":{"title":"Shoqata Humanitare Medvegja uron 17-vjetorin e Pavar\u00ebsis\u00eb s\u00eb Kosov\u00ebs\u00a0 - Medvegja Sot","robots":{"index":"index","follow":"follow","max-snippet":"max-snippet:-1","max-image-preview":"max-image-preview:large","max-video-preview":"max-video-preview:-1"},"canonical":"https:\/\/medvegjasot.com\/?p=4125","og_locale":"en_US","og_type":"article","og_title":"Shoqata Humanitare Medvegja uron 17-vjetorin e Pavar\u00ebsis\u00eb s\u00eb Kosov\u00ebs\u00a0 - Medvegja Sot","og_description":"Kryesia e Shoqat\u00ebs Humanitare Medvegja n\u00eb mbledhjen e rregullt festive, t\u00eb mbajtur m\u00eb 17 shkurt 2025, uron 17-vjetorin e Pavar\u00ebsis\u00eb s\u00eb Kosov\u00ebs, gjith\u00eb shqiptar\u00ebve kudo q\u00eb jan\u00eb.&nbsp; Un\u00eb Zymer Hajrullahu, kryetar s\u00eb bashku me kryesin\u00eb, nj\u00ebkoh\u00ebsisht ju b\u00ebjm\u00eb ftes\u00eb p\u00ebr manifestimin\u00a0\u00a0n\u00eb nder t\u00eb PAVAR\u00cbSIS\u00cb S\u00cb KOSOV\u00cbS,\u00a0\u00a0me dat\u00ebn 1 mars 2025, duke filluar nga ora 19h00.\u00a0...","og_url":"https:\/\/medvegjasot.com\/?p=4125","og_site_name":"Medvegja Sot","article_publisher":"https:\/\/www.facebook.com\/MedvegjaSot.com1","article_published_time":"2025-02-18T07:44:02+00:00","article_modified_time":"2025-02-18T07:59:02+00:00","og_image":[{"width":2016,"height":1134,"url":"https:\/\/medvegjasot.com\/wp-content\/uploads\/2025\/02\/photo-output-1.jpeg","type":"image\/jpeg"}],"author":"admin","twitter_card":"summary_large_image","twitter_misc":{"Written by":"admin","Est. reading time":"1 minute"},"schema":{"@context":"https:\/\/schema.org","@graph":[{"@type":"Article","@id":"https:\/\/medvegjasot.com\/?p=4125#article","isPartOf":{"@id":"https:\/\/medvegjasot.com\/?p=4125"},"author":{"name":"admin","@id":"https:\/\/medvegjasot.com\/#\/schema\/person\/f2be1a84f4e95d0cb032946a1cf2e594"},"headline":"Shoqata Humanitare Medvegja uron 17-vjetorin e Pavar\u00ebsis\u00eb s\u00eb Kosov\u00ebs\u00a0","datePublished":"2025-02-18T07:44:02+00:00","dateModified":"2025-02-18T07:59:02+00:00","mainEntityOfPage":{"@id":"https:\/\/medvegjasot.com\/?p=4125"},"wordCount":106,"commentCount":0,"publisher":{"@id":"https:\/\/medvegjasot.com\/#organization"},"image":{"@id":"https:\/\/medvegjasot.com\/?p=4125#primaryimage"},"thumbnailUrl":"https:\/\/medvegjasot.com\/wp-content\/uploads\/2025\/02\/photo-output-1.jpeg","articleSection":["DIASPORA","KULTUR\u00cb"],"inLanguage":"en-US","potentialAction":[{"@type":"CommentAction","name":"Comment","target":["https:\/\/medvegjasot.com\/?p=4125#respond"]}]},{"@type":"WebPage","@id":"https:\/\/medvegjasot.com\/?p=4125","url":"https:\/\/medvegjasot.com\/?p=4125","name":"Shoqata Humanitare Medvegja uron 17-vjetorin e Pavar\u00ebsis\u00eb s\u00eb Kosov\u00ebs\u00a0 - Medvegja Sot","isPartOf":{"@id":"https:\/\/medvegjasot.com\/#website"},"primaryImageOfPage":{"@id":"https:\/\/medvegjasot.com\/?p=4125#primaryimage"},"image":{"@id":"https:\/\/medvegjasot.com\/?p=4125#primaryimage"},"thumbnailUrl":"https:\/\/medvegjasot.com\/wp-content\/uploads\/2025\/02\/photo-output-1.jpeg","datePublished":"2025-02-18T07:44:02+00:00","dateModified":"2025-02-18T07:59:02+00:00","breadcrumb":{"@id":"https:\/\/medvegjasot.com\/?p=4125#breadcrumb"},"inLanguage":"en-US","potentialAction":[{"@type":"ReadAction","target":["https:\/\/medvegjasot.com\/?p=4125"]}]},{"@type":"ImageObject","inLanguage":"en-US","@id":"https:\/\/medvegjasot.com\/?p=4125#primaryimage","url":"https:\/\/medvegjasot.com\/wp-content\/uploads\/2025\/02\/photo-output-1.jpeg","contentUrl":"https:\/\/medvegjasot.com\/wp-content\/uploads\/2025\/02\/photo-output-1.jpeg","width":2016,"height":1134},{"@type":"BreadcrumbList","@id":"https:\/\/medvegjasot.com\/?p=4125#breadcrumb","itemListElement":[{"@type":"ListItem","position":1,"name":"Home","item":"https:\/\/medvegjasot.com\/"},{"@type":"ListItem","position":2,"name":"Shoqata Humanitare Medvegja uron 17-vjetorin e Pavar\u00ebsis\u00eb s\u00eb Kosov\u00ebs\u00a0"}]},{"@type":"WebSite","@id":"https:\/\/medvegjasot.com\/#website","url":"https:\/\/medvegjasot.com\/","name":"Medvegja Sot","description":"Portal Lajmesh","publisher":{"@id":"https:\/\/medvegjasot.com\/#organization"},"alternateName":"MS","potentialAction":[{"@type":"SearchAction","target":{"@type":"EntryPoint","urlTemplate":"https:\/\/medvegjasot.com\/?s={search_term_string}"},"query-input":{"@type":"PropertyValueSpecification","valueRequired":true,"valueName":"search_term_string"}}],"inLanguage":"en-US"},{"@type":"Organization","@id":"https:\/\/medvegjasot.com\/#organization","name":"Medvegja Sot","alternateName":"MS","url":"https:\/\/medvegjasot.com\/","logo":{"@type":"ImageObject","inLanguage":"en-US","@id":"https:\/\/medvegjasot.com\/#\/schema\/logo\/image\/","url":"https:\/\/medvegjasot.com\/wp-content\/uploads\/2024\/08\/logo.png","contentUrl":"https:\/\/medvegjasot.com\/wp-content\/uploads\/2024\/08\/logo.png","width":500,"height":500,"caption":"Medvegja Sot"},"image":{"@id":"https:\/\/medvegjasot.com\/#\/schema\/logo\/image\/"},"sameAs":["https:\/\/www.facebook.com\/MedvegjaSot.com1"]},{"@type":"Person","@id":"https:\/\/medvegjasot.com\/#\/schema\/person\/f2be1a84f4e95d0cb032946a1cf2e594","name":"admin","image":{"@type":"ImageObject","inLanguage":"en-US","@id":"https:\/\/secure.gravatar.com\/avatar\/2eedc5259426225ddc6f98b4b6728c30418b83e6f70285719780d3518d972ece?s=96&d=mm&r=g","url":"https:\/\/secure.gravatar.com\/avatar\/2eedc5259426225ddc6f98b4b6728c30418b83e6f70285719780d3518d972ece?s=96&d=mm&r=g","contentUrl":"https:\/\/secure.gravatar.com\/avatar\/2eedc5259426225ddc6f98b4b6728c30418b83e6f70285719780d3518d972ece?s=96&d=mm&r=g","caption":"admin"},"url":"https:\/\/medvegjasot.com\/?author=2"}]}},"jetpack_featured_media_url":"https:\/\/medvegjasot.com\/wp-content\/uploads\/2025\/02\/photo-output-1.jpeg","_links":{"self":[{"href":"https:\/\/medvegjasot.com\/index.php?rest_route=\/wp\/v2\/posts\/4125","targetHints":{"allow":["GET"]}}],"collection":[{"href":"https:\/\/medvegjasot.com\/index.php?rest_route=\/wp\/v2\/posts"}],"about":[{"href":"https:\/\/medvegjasot.com\/index.php?rest_route=\/wp\/v2\/types\/post"}],"author":[{"embeddable":true,"href":"https:\/\/medvegjasot.com\/index.php?rest_route=\/wp\/v2\/users\/2"}],"replies":[{"embeddable":true,"href":"https:\/\/medvegjasot.com\/index.php?rest_route=%2Fwp%2Fv2%2Fcomments&post=4125"}],"version-history":[{"count":5,"href":"https:\/\/medvegjasot.com\/index.php?rest_route=\/wp\/v2\/posts\/4125\/revisions"}],"predecessor-version":[{"id":4133,"href":"https:\/\/medvegjasot.com\/index.php?rest_route=\/wp\/v2\/posts\/4125\/revisions\/4133"}],"wp:featuredmedia":[{"embeddable":true,"href":"https:\/\/medvegjasot.com\/index.php?rest_route=\/wp\/v2\/media\/4126"}],"wp:attachment":[{"href":"https:\/\/medvegjasot.com\/index.php?rest_route=%2Fwp%2Fv2%2Fmedia&parent=4125"}],"wp:term":[{"taxonomy":"category","embeddable":true,"href":"https:\/\/medvegjasot.com\/index.php?rest_route=%2Fwp%2Fv2%2Fcategories&post=4125"},{"taxonomy":"post_tag","embeddable":true,"href":"https:\/\/medvegjasot.com\/index.php?rest_route=%2Fwp%2Fv2%2Ftags&post=4125"}],"curies":[{"name":"wp","href":"https:\/\/api.w.org\/{rel}","templated":true}]}}