{"id":3988,"date":"2024-12-30T12:01:42","date_gmt":"2024-12-30T12:01:42","guid":{"rendered":"https:\/\/medvegjasot.com\/?p=3988"},"modified":"2024-12-30T12:34:19","modified_gmt":"2024-12-30T12:34:19","slug":"dita-e-veteraneve-te-uck-se-eshte-kujtese-dhe-lavdi-per-heroizmin-e-pashuar","status":"publish","type":"post","link":"https:\/\/medvegjasot.com\/?p=3988","title":{"rendered":"Dita e Veteran\u00ebve t\u00eb U\u00c7K-s\u00eb \u00ebsht\u00eb kujtes\u00eb dhe lavdi p\u00ebr heroizmin e pashuar."},"content":{"rendered":"\n<p><strong>Postimi i plot\u00eb i kryetares t\u00eb Repubik\u00ebs s\u00eb Kosov\u00ebs znj. Vjosa Osmani<\/strong>:<\/p>\n\n\n\n<p>Sot nderojm\u00eb dhe p\u00ebrulemi me respekt t\u00eb thell\u00eb p\u00ebrpara vepr\u00ebs heroike t\u00eb veteran\u00ebve t\u00eb Ushtris\u00eb \u00c7lirimtare t\u00eb Kosov\u00ebs \u2013 burrave dhe grave q\u00eb flijuan gjith\u00e7ka p\u00ebr lirin\u00eb e atdheut.<\/p>\n\n\n\n<p>30 dhjetori \u00ebsht\u00eb nj\u00eb dat\u00eb q\u00eb mish\u00ebron heroizmin e pavdeksh\u00ebm t\u00eb komandantit legjendar, Adem Jashari, dhe t\u00eb familjes s\u00eb tij, t\u00eb cil\u00ebt m\u00eb 30 dhjetor 1991 zhvilluan betej\u00ebn e par\u00eb kund\u00ebr regjimit serb. Kjo betej\u00eb nuk ishte thjesht nj\u00eb p\u00ebrballje e armatosur, por nj\u00eb akt guximi q\u00eb sh\u00ebnoi fillimin e nj\u00eb epoke t\u00eb re n\u00eb p\u00ebrpjekjet p\u00ebr liri dhe shtet. Atyre ju bashkuan me mij\u00ebra burra e gra, t\u00eb cil\u00ebt i dol\u00ebn zot atdheut n\u00eb koh\u00ebt m\u00eb t\u00eb r\u00ebnda, duke u shnd\u00ebrruar k\u00ebshtu n\u00eb emblem\u00eb t\u00eb shtetit ton\u00eb.<\/p>\n\n\n\n<p>Lavdi e p\u00ebrjetshme d\u00ebshmor\u00ebve t\u00eb kombit dhe respekt i p\u00ebrhersh\u00ebm p\u00ebr \u00e7do veteran t\u00eb U\u00c7K-s\u00eb!<\/p>\n","protected":false},"excerpt":{"rendered":"<p>Postimi i plot\u00eb i kryetares t\u00eb Repubik\u00ebs s\u00eb Kosov\u00ebs znj. Vjosa Osmani: Sot nderojm\u00eb dhe p\u00ebrulemi me respekt t\u00eb thell\u00eb p\u00ebrpara vepr\u00ebs heroike t\u00eb veteran\u00ebve t\u00eb Ushtris\u00eb \u00c7lirimtare t\u00eb Kosov\u00ebs \u2013 burrave dhe grave q\u00eb flijuan gjith\u00e7ka p\u00ebr lirin\u00eb e atdheut. 30 dhjetori \u00ebsht\u00eb nj\u00eb dat\u00eb q\u00eb mish\u00ebron heroizmin e pavdeksh\u00ebm t\u00eb komandantit legjendar, Adem&#8230;<\/p>\n","protected":false},"author":2,"featured_media":3989,"comment_status":"open","ping_status":"open","sticky":false,"template":"","format":"standard","meta":{"_coblocks_attr":"","_coblocks_dimensions":"","_coblocks_responsive_height":"","_coblocks_accordion_ie_support":"","_monsterinsights_skip_tracking":false,"_monsterinsights_sitenote_active":false,"_monsterinsights_sitenote_note":"","_monsterinsights_sitenote_category":0,"footnotes":""},"categories":[14],"tags":[],"class_list":["post-3988","post","type-post","status-publish","format-standard","has-post-thumbnail","hentry","category-lajme"],"yoast_head":"<!-- This site is optimized with the Yoast SEO plugin v27.5 - https:\/\/yoast.com\/product\/yoast-seo-wordpress\/ -->\n<title>Dita e Veteran\u00ebve t\u00eb U\u00c7K-s\u00eb \u00ebsht\u00eb kujtes\u00eb dhe lavdi p\u00ebr heroizmin e pashuar. - Medvegja Sot<\/title>\n<meta name=\"robots\" content=\"index, follow, max-snippet:-1, max-image-preview:large, max-video-preview:-1\" \/>\n<link rel=\"canonical\" href=\"https:\/\/medvegjasot.com\/?p=3988\" \/>\n<meta property=\"og:locale\" content=\"en_US\" \/>\n<meta property=\"og:type\" content=\"article\" \/>\n<meta property=\"og:title\" content=\"Dita e Veteran\u00ebve t\u00eb U\u00c7K-s\u00eb \u00ebsht\u00eb kujtes\u00eb dhe lavdi p\u00ebr heroizmin e pashuar. - Medvegja Sot\" \/>\n<meta property=\"og:description\" content=\"Postimi i plot\u00eb i kryetares t\u00eb Repubik\u00ebs s\u00eb Kosov\u00ebs znj. Vjosa Osmani: Sot nderojm\u00eb dhe p\u00ebrulemi me respekt t\u00eb thell\u00eb p\u00ebrpara vepr\u00ebs heroike t\u00eb veteran\u00ebve t\u00eb Ushtris\u00eb \u00c7lirimtare t\u00eb Kosov\u00ebs \u2013 burrave dhe grave q\u00eb flijuan gjith\u00e7ka p\u00ebr lirin\u00eb e atdheut. 30 dhjetori \u00ebsht\u00eb nj\u00eb dat\u00eb q\u00eb mish\u00ebron heroizmin e pavdeksh\u00ebm t\u00eb komandantit legjendar, Adem...\" \/>\n<meta property=\"og:url\" content=\"https:\/\/medvegjasot.com\/?p=3988\" \/>\n<meta property=\"og:site_name\" content=\"Medvegja Sot\" \/>\n<meta property=\"article:publisher\" content=\"https:\/\/www.facebook.com\/MedvegjaSot.com1\" \/>\n<meta property=\"article:published_time\" content=\"2024-12-30T12:01:42+00:00\" \/>\n<meta property=\"article:modified_time\" content=\"2024-12-30T12:34:19+00:00\" \/>\n<meta property=\"og:image\" content=\"https:\/\/medvegjasot.com\/wp-content\/uploads\/2024\/12\/photo-output-20.jpeg\" \/>\n\t<meta property=\"og:image:width\" content=\"2016\" \/>\n\t<meta property=\"og:image:height\" content=\"1134\" \/>\n\t<meta property=\"og:image:type\" content=\"image\/jpeg\" \/>\n<meta name=\"author\" content=\"admin\" \/>\n<meta name=\"twitter:card\" content=\"summary_large_image\" \/>\n<meta name=\"twitter:label1\" content=\"Written by\" \/>\n\t<meta name=\"twitter:data1\" content=\"admin\" \/>\n\t<meta name=\"twitter:label2\" content=\"Est. reading time\" \/>\n\t<meta name=\"twitter:data2\" content=\"1 minute\" \/>\n<script type=\"application\/ld+json\" class=\"yoast-schema-graph\">{\"@context\":\"https:\\\/\\\/schema.org\",\"@graph\":[{\"@type\":\"Article\",\"@id\":\"https:\\\/\\\/medvegjasot.com\\\/?p=3988#article\",\"isPartOf\":{\"@id\":\"https:\\\/\\\/medvegjasot.com\\\/?p=3988\"},\"author\":{\"name\":\"admin\",\"@id\":\"https:\\\/\\\/medvegjasot.com\\\/#\\\/schema\\\/person\\\/f2be1a84f4e95d0cb032946a1cf2e594\"},\"headline\":\"Dita e Veteran\u00ebve t\u00eb U\u00c7K-s\u00eb \u00ebsht\u00eb kujtes\u00eb dhe lavdi p\u00ebr heroizmin e pashuar.\",\"datePublished\":\"2024-12-30T12:01:42+00:00\",\"dateModified\":\"2024-12-30T12:34:19+00:00\",\"mainEntityOfPage\":{\"@id\":\"https:\\\/\\\/medvegjasot.com\\\/?p=3988\"},\"wordCount\":188,\"commentCount\":0,\"publisher\":{\"@id\":\"https:\\\/\\\/medvegjasot.com\\\/#organization\"},\"image\":{\"@id\":\"https:\\\/\\\/medvegjasot.com\\\/?p=3988#primaryimage\"},\"thumbnailUrl\":\"https:\\\/\\\/medvegjasot.com\\\/wp-content\\\/uploads\\\/2024\\\/12\\\/photo-output-20.jpeg\",\"articleSection\":[\"LAJME\"],\"inLanguage\":\"en-US\",\"potentialAction\":[{\"@type\":\"CommentAction\",\"name\":\"Comment\",\"target\":[\"https:\\\/\\\/medvegjasot.com\\\/?p=3988#respond\"]}]},{\"@type\":\"WebPage\",\"@id\":\"https:\\\/\\\/medvegjasot.com\\\/?p=3988\",\"url\":\"https:\\\/\\\/medvegjasot.com\\\/?p=3988\",\"name\":\"Dita e Veteran\u00ebve t\u00eb U\u00c7K-s\u00eb \u00ebsht\u00eb kujtes\u00eb dhe lavdi p\u00ebr heroizmin e pashuar. - Medvegja Sot\",\"isPartOf\":{\"@id\":\"https:\\\/\\\/medvegjasot.com\\\/#website\"},\"primaryImageOfPage\":{\"@id\":\"https:\\\/\\\/medvegjasot.com\\\/?p=3988#primaryimage\"},\"image\":{\"@id\":\"https:\\\/\\\/medvegjasot.com\\\/?p=3988#primaryimage\"},\"thumbnailUrl\":\"https:\\\/\\\/medvegjasot.com\\\/wp-content\\\/uploads\\\/2024\\\/12\\\/photo-output-20.jpeg\",\"datePublished\":\"2024-12-30T12:01:42+00:00\",\"dateModified\":\"2024-12-30T12:34:19+00:00\",\"breadcrumb\":{\"@id\":\"https:\\\/\\\/medvegjasot.com\\\/?p=3988#breadcrumb\"},\"inLanguage\":\"en-US\",\"potentialAction\":[{\"@type\":\"ReadAction\",\"target\":[\"https:\\\/\\\/medvegjasot.com\\\/?p=3988\"]}]},{\"@type\":\"ImageObject\",\"inLanguage\":\"en-US\",\"@id\":\"https:\\\/\\\/medvegjasot.com\\\/?p=3988#primaryimage\",\"url\":\"https:\\\/\\\/medvegjasot.com\\\/wp-content\\\/uploads\\\/2024\\\/12\\\/photo-output-20.jpeg\",\"contentUrl\":\"https:\\\/\\\/medvegjasot.com\\\/wp-content\\\/uploads\\\/2024\\\/12\\\/photo-output-20.jpeg\",\"width\":2016,\"height\":1134},{\"@type\":\"BreadcrumbList\",\"@id\":\"https:\\\/\\\/medvegjasot.com\\\/?p=3988#breadcrumb\",\"itemListElement\":[{\"@type\":\"ListItem\",\"position\":1,\"name\":\"Home\",\"item\":\"https:\\\/\\\/medvegjasot.com\\\/\"},{\"@type\":\"ListItem\",\"position\":2,\"name\":\"Dita e Veteran\u00ebve t\u00eb U\u00c7K-s\u00eb \u00ebsht\u00eb kujtes\u00eb dhe lavdi p\u00ebr heroizmin e pashuar.\"}]},{\"@type\":\"WebSite\",\"@id\":\"https:\\\/\\\/medvegjasot.com\\\/#website\",\"url\":\"https:\\\/\\\/medvegjasot.com\\\/\",\"name\":\"Medvegja Sot\",\"description\":\"Portal Lajmesh\",\"publisher\":{\"@id\":\"https:\\\/\\\/medvegjasot.com\\\/#organization\"},\"alternateName\":\"MS\",\"potentialAction\":[{\"@type\":\"SearchAction\",\"target\":{\"@type\":\"EntryPoint\",\"urlTemplate\":\"https:\\\/\\\/medvegjasot.com\\\/?s={search_term_string}\"},\"query-input\":{\"@type\":\"PropertyValueSpecification\",\"valueRequired\":true,\"valueName\":\"search_term_string\"}}],\"inLanguage\":\"en-US\"},{\"@type\":\"Organization\",\"@id\":\"https:\\\/\\\/medvegjasot.com\\\/#organization\",\"name\":\"Medvegja Sot\",\"alternateName\":\"MS\",\"url\":\"https:\\\/\\\/medvegjasot.com\\\/\",\"logo\":{\"@type\":\"ImageObject\",\"inLanguage\":\"en-US\",\"@id\":\"https:\\\/\\\/medvegjasot.com\\\/#\\\/schema\\\/logo\\\/image\\\/\",\"url\":\"https:\\\/\\\/medvegjasot.com\\\/wp-content\\\/uploads\\\/2024\\\/08\\\/logo.png\",\"contentUrl\":\"https:\\\/\\\/medvegjasot.com\\\/wp-content\\\/uploads\\\/2024\\\/08\\\/logo.png\",\"width\":500,\"height\":500,\"caption\":\"Medvegja Sot\"},\"image\":{\"@id\":\"https:\\\/\\\/medvegjasot.com\\\/#\\\/schema\\\/logo\\\/image\\\/\"},\"sameAs\":[\"https:\\\/\\\/www.facebook.com\\\/MedvegjaSot.com1\"]},{\"@type\":\"Person\",\"@id\":\"https:\\\/\\\/medvegjasot.com\\\/#\\\/schema\\\/person\\\/f2be1a84f4e95d0cb032946a1cf2e594\",\"name\":\"admin\",\"image\":{\"@type\":\"ImageObject\",\"inLanguage\":\"en-US\",\"@id\":\"https:\\\/\\\/secure.gravatar.com\\\/avatar\\\/2eedc5259426225ddc6f98b4b6728c30418b83e6f70285719780d3518d972ece?s=96&d=mm&r=g\",\"url\":\"https:\\\/\\\/secure.gravatar.com\\\/avatar\\\/2eedc5259426225ddc6f98b4b6728c30418b83e6f70285719780d3518d972ece?s=96&d=mm&r=g\",\"contentUrl\":\"https:\\\/\\\/secure.gravatar.com\\\/avatar\\\/2eedc5259426225ddc6f98b4b6728c30418b83e6f70285719780d3518d972ece?s=96&d=mm&r=g\",\"caption\":\"admin\"},\"url\":\"https:\\\/\\\/medvegjasot.com\\\/?author=2\"}]}<\/script>\n<!-- \/ Yoast SEO plugin. -->","yoast_head_json":{"title":"Dita e Veteran\u00ebve t\u00eb U\u00c7K-s\u00eb \u00ebsht\u00eb kujtes\u00eb dhe lavdi p\u00ebr heroizmin e pashuar. - Medvegja Sot","robots":{"index":"index","follow":"follow","max-snippet":"max-snippet:-1","max-image-preview":"max-image-preview:large","max-video-preview":"max-video-preview:-1"},"canonical":"https:\/\/medvegjasot.com\/?p=3988","og_locale":"en_US","og_type":"article","og_title":"Dita e Veteran\u00ebve t\u00eb U\u00c7K-s\u00eb \u00ebsht\u00eb kujtes\u00eb dhe lavdi p\u00ebr heroizmin e pashuar. - Medvegja Sot","og_description":"Postimi i plot\u00eb i kryetares t\u00eb Repubik\u00ebs s\u00eb Kosov\u00ebs znj. Vjosa Osmani: Sot nderojm\u00eb dhe p\u00ebrulemi me respekt t\u00eb thell\u00eb p\u00ebrpara vepr\u00ebs heroike t\u00eb veteran\u00ebve t\u00eb Ushtris\u00eb \u00c7lirimtare t\u00eb Kosov\u00ebs \u2013 burrave dhe grave q\u00eb flijuan gjith\u00e7ka p\u00ebr lirin\u00eb e atdheut. 30 dhjetori \u00ebsht\u00eb nj\u00eb dat\u00eb q\u00eb mish\u00ebron heroizmin e pavdeksh\u00ebm t\u00eb komandantit legjendar, Adem...","og_url":"https:\/\/medvegjasot.com\/?p=3988","og_site_name":"Medvegja Sot","article_publisher":"https:\/\/www.facebook.com\/MedvegjaSot.com1","article_published_time":"2024-12-30T12:01:42+00:00","article_modified_time":"2024-12-30T12:34:19+00:00","og_image":[{"width":2016,"height":1134,"url":"https:\/\/medvegjasot.com\/wp-content\/uploads\/2024\/12\/photo-output-20.jpeg","type":"image\/jpeg"}],"author":"admin","twitter_card":"summary_large_image","twitter_misc":{"Written by":"admin","Est. reading time":"1 minute"},"schema":{"@context":"https:\/\/schema.org","@graph":[{"@type":"Article","@id":"https:\/\/medvegjasot.com\/?p=3988#article","isPartOf":{"@id":"https:\/\/medvegjasot.com\/?p=3988"},"author":{"name":"admin","@id":"https:\/\/medvegjasot.com\/#\/schema\/person\/f2be1a84f4e95d0cb032946a1cf2e594"},"headline":"Dita e Veteran\u00ebve t\u00eb U\u00c7K-s\u00eb \u00ebsht\u00eb kujtes\u00eb dhe lavdi p\u00ebr heroizmin e pashuar.","datePublished":"2024-12-30T12:01:42+00:00","dateModified":"2024-12-30T12:34:19+00:00","mainEntityOfPage":{"@id":"https:\/\/medvegjasot.com\/?p=3988"},"wordCount":188,"commentCount":0,"publisher":{"@id":"https:\/\/medvegjasot.com\/#organization"},"image":{"@id":"https:\/\/medvegjasot.com\/?p=3988#primaryimage"},"thumbnailUrl":"https:\/\/medvegjasot.com\/wp-content\/uploads\/2024\/12\/photo-output-20.jpeg","articleSection":["LAJME"],"inLanguage":"en-US","potentialAction":[{"@type":"CommentAction","name":"Comment","target":["https:\/\/medvegjasot.com\/?p=3988#respond"]}]},{"@type":"WebPage","@id":"https:\/\/medvegjasot.com\/?p=3988","url":"https:\/\/medvegjasot.com\/?p=3988","name":"Dita e Veteran\u00ebve t\u00eb U\u00c7K-s\u00eb \u00ebsht\u00eb kujtes\u00eb dhe lavdi p\u00ebr heroizmin e pashuar. - Medvegja Sot","isPartOf":{"@id":"https:\/\/medvegjasot.com\/#website"},"primaryImageOfPage":{"@id":"https:\/\/medvegjasot.com\/?p=3988#primaryimage"},"image":{"@id":"https:\/\/medvegjasot.com\/?p=3988#primaryimage"},"thumbnailUrl":"https:\/\/medvegjasot.com\/wp-content\/uploads\/2024\/12\/photo-output-20.jpeg","datePublished":"2024-12-30T12:01:42+00:00","dateModified":"2024-12-30T12:34:19+00:00","breadcrumb":{"@id":"https:\/\/medvegjasot.com\/?p=3988#breadcrumb"},"inLanguage":"en-US","potentialAction":[{"@type":"ReadAction","target":["https:\/\/medvegjasot.com\/?p=3988"]}]},{"@type":"ImageObject","inLanguage":"en-US","@id":"https:\/\/medvegjasot.com\/?p=3988#primaryimage","url":"https:\/\/medvegjasot.com\/wp-content\/uploads\/2024\/12\/photo-output-20.jpeg","contentUrl":"https:\/\/medvegjasot.com\/wp-content\/uploads\/2024\/12\/photo-output-20.jpeg","width":2016,"height":1134},{"@type":"BreadcrumbList","@id":"https:\/\/medvegjasot.com\/?p=3988#breadcrumb","itemListElement":[{"@type":"ListItem","position":1,"name":"Home","item":"https:\/\/medvegjasot.com\/"},{"@type":"ListItem","position":2,"name":"Dita e Veteran\u00ebve t\u00eb U\u00c7K-s\u00eb \u00ebsht\u00eb kujtes\u00eb dhe lavdi p\u00ebr heroizmin e pashuar."}]},{"@type":"WebSite","@id":"https:\/\/medvegjasot.com\/#website","url":"https:\/\/medvegjasot.com\/","name":"Medvegja Sot","description":"Portal Lajmesh","publisher":{"@id":"https:\/\/medvegjasot.com\/#organization"},"alternateName":"MS","potentialAction":[{"@type":"SearchAction","target":{"@type":"EntryPoint","urlTemplate":"https:\/\/medvegjasot.com\/?s={search_term_string}"},"query-input":{"@type":"PropertyValueSpecification","valueRequired":true,"valueName":"search_term_string"}}],"inLanguage":"en-US"},{"@type":"Organization","@id":"https:\/\/medvegjasot.com\/#organization","name":"Medvegja Sot","alternateName":"MS","url":"https:\/\/medvegjasot.com\/","logo":{"@type":"ImageObject","inLanguage":"en-US","@id":"https:\/\/medvegjasot.com\/#\/schema\/logo\/image\/","url":"https:\/\/medvegjasot.com\/wp-content\/uploads\/2024\/08\/logo.png","contentUrl":"https:\/\/medvegjasot.com\/wp-content\/uploads\/2024\/08\/logo.png","width":500,"height":500,"caption":"Medvegja Sot"},"image":{"@id":"https:\/\/medvegjasot.com\/#\/schema\/logo\/image\/"},"sameAs":["https:\/\/www.facebook.com\/MedvegjaSot.com1"]},{"@type":"Person","@id":"https:\/\/medvegjasot.com\/#\/schema\/person\/f2be1a84f4e95d0cb032946a1cf2e594","name":"admin","image":{"@type":"ImageObject","inLanguage":"en-US","@id":"https:\/\/secure.gravatar.com\/avatar\/2eedc5259426225ddc6f98b4b6728c30418b83e6f70285719780d3518d972ece?s=96&d=mm&r=g","url":"https:\/\/secure.gravatar.com\/avatar\/2eedc5259426225ddc6f98b4b6728c30418b83e6f70285719780d3518d972ece?s=96&d=mm&r=g","contentUrl":"https:\/\/secure.gravatar.com\/avatar\/2eedc5259426225ddc6f98b4b6728c30418b83e6f70285719780d3518d972ece?s=96&d=mm&r=g","caption":"admin"},"url":"https:\/\/medvegjasot.com\/?author=2"}]}},"jetpack_featured_media_url":"https:\/\/medvegjasot.com\/wp-content\/uploads\/2024\/12\/photo-output-20.jpeg","_links":{"self":[{"href":"https:\/\/medvegjasot.com\/index.php?rest_route=\/wp\/v2\/posts\/3988","targetHints":{"allow":["GET"]}}],"collection":[{"href":"https:\/\/medvegjasot.com\/index.php?rest_route=\/wp\/v2\/posts"}],"about":[{"href":"https:\/\/medvegjasot.com\/index.php?rest_route=\/wp\/v2\/types\/post"}],"author":[{"embeddable":true,"href":"https:\/\/medvegjasot.com\/index.php?rest_route=\/wp\/v2\/users\/2"}],"replies":[{"embeddable":true,"href":"https:\/\/medvegjasot.com\/index.php?rest_route=%2Fwp%2Fv2%2Fcomments&post=3988"}],"version-history":[{"count":2,"href":"https:\/\/medvegjasot.com\/index.php?rest_route=\/wp\/v2\/posts\/3988\/revisions"}],"predecessor-version":[{"id":3991,"href":"https:\/\/medvegjasot.com\/index.php?rest_route=\/wp\/v2\/posts\/3988\/revisions\/3991"}],"wp:featuredmedia":[{"embeddable":true,"href":"https:\/\/medvegjasot.com\/index.php?rest_route=\/wp\/v2\/media\/3989"}],"wp:attachment":[{"href":"https:\/\/medvegjasot.com\/index.php?rest_route=%2Fwp%2Fv2%2Fmedia&parent=3988"}],"wp:term":[{"taxonomy":"category","embeddable":true,"href":"https:\/\/medvegjasot.com\/index.php?rest_route=%2Fwp%2Fv2%2Fcategories&post=3988"},{"taxonomy":"post_tag","embeddable":true,"href":"https:\/\/medvegjasot.com\/index.php?rest_route=%2Fwp%2Fv2%2Ftags&post=3988"}],"curies":[{"name":"wp","href":"https:\/\/api.w.org\/{rel}","templated":true}]}}