{"id":3971,"date":"2024-12-28T17:26:58","date_gmt":"2024-12-28T17:26:58","guid":{"rendered":"https:\/\/medvegjasot.com\/?p=3971"},"modified":"2024-12-28T17:57:14","modified_gmt":"2024-12-28T17:57:14","slug":"ejup-maqedonci-ne-146-vjetorin-e-fillimit-te-debimit-te-shqiptareve-nga-sanxhaku-i-nishit","status":"publish","type":"post","link":"https:\/\/medvegjasot.com\/?p=3971","title":{"rendered":"Ejup Maqedonci: N\u00eb 146 vjetorin e fillimit t\u00eb d\u00ebbimit t\u00eb shqiptar\u00ebve nga Sanxhaku i Nishit"},"content":{"rendered":"\n<p>Kujtojm\u00eb rezistenc\u00ebn, sakrific\u00ebn dhe vuajtjet e popullat\u00ebs shqiptare te 720 fshatrave te boshatisura.<\/p>\n\n\n\n<p>Me qindra mij\u00ebra qytetar\u00eb t\u00eb Kosov\u00ebs, sot mbajn\u00eb mbiemrat e fshatrave prej nga jan\u00eb d\u00ebbuar paraardh\u00ebsit tan\u00eb, si form\u00eb e ve\u00e7ant\u00eb e memories kolektive.<\/p>\n\n\n\n<p>Nd\u00ebr k\u00ebto fshatra ishte dhe fshati Maqedonc i rajonit te Jabllanices se Gollakut (Sanxhaku i Nishit). Fshati Maqedonc ishte i banuar t\u00ebr\u00ebsisht nga popullata shqiptare, kryesisht t\u00eb fisit Krasniqi.<\/p>\n\n\n\n<p>Rezistenca e armatosur e rreth 200 kryengrit\u00ebsve shqiptar kund\u00ebr nj\u00ebsive ushtarake serbe te divizionit t\u00eb Danubit n\u00eb dhe p\u00ebr rreth fshatit Maqedonc u pasua nga dhuna \u00e7\u2019njerezore e divizioneve ushtarake serbe mbi popullat\u00ebn shqiptare.<\/p>\n\n\n\n<p>Kjo rezistenc\u00eb e armatosur e viteve 1877\/1878 e shtrir\u00eb nga regjioni i Toplic\u00ebs dhe deri n\u00eb regjionin e Jabllanic\u00ebs (rrethina e Leskovcit dhe Medvegj\u00ebs) ishte e r\u00ebnd\u00ebsis\u00eb s\u00eb madhe strategjike p\u00ebr pengimin dhe vonimin e Divizionit t\u00eb Danubit q\u00eb kishte synim vazhdimin e d\u00ebbimit t\u00eb banor\u00ebve t\u00eb t\u00eb gjitha vendbanimeve t\u00eb vilajetit t\u00eb Kosov\u00ebs.<\/p>\n\n\n\n<p>Gjat\u00eb luftimeve n\u00eb fshatin Maqedonc u vran\u00eb 37 ushtar\u00eb serb dhe 25 kryengrit\u00ebs shqiptar (t\u00eb dh\u00ebnat p\u00ebr k\u00ebto luftime gjenden n\u00eb Arkivin e Shkupit AHT-2 faqet nga 102 deri 120).<\/p>\n\n\n\n<p><\/p>\n","protected":false},"excerpt":{"rendered":"<p>Kujtojm\u00eb rezistenc\u00ebn, sakrific\u00ebn dhe vuajtjet e popullat\u00ebs shqiptare te 720 fshatrave te boshatisura. Me qindra mij\u00ebra qytetar\u00eb t\u00eb Kosov\u00ebs, sot mbajn\u00eb mbiemrat e fshatrave prej nga jan\u00eb d\u00ebbuar paraardh\u00ebsit tan\u00eb, si form\u00eb e ve\u00e7ant\u00eb e memories kolektive. Nd\u00ebr k\u00ebto fshatra ishte dhe fshati Maqedonc i rajonit te Jabllanices se Gollakut (Sanxhaku i Nishit). Fshati Maqedonc&#8230;<\/p>\n","protected":false},"author":2,"featured_media":3972,"comment_status":"open","ping_status":"open","sticky":false,"template":"","format":"standard","meta":{"_coblocks_attr":"","_coblocks_dimensions":"","_coblocks_responsive_height":"","_coblocks_accordion_ie_support":"","_monsterinsights_skip_tracking":false,"_monsterinsights_sitenote_active":false,"_monsterinsights_sitenote_note":"","_monsterinsights_sitenote_category":0,"footnotes":""},"categories":[3],"tags":[],"class_list":["post-3971","post","type-post","status-publish","format-standard","has-post-thumbnail","hentry","category-kronika"],"yoast_head":"<!-- This site is optimized with the Yoast SEO plugin v27.5 - https:\/\/yoast.com\/product\/yoast-seo-wordpress\/ -->\n<title>Ejup Maqedonci: N\u00eb 146 vjetorin e fillimit t\u00eb d\u00ebbimit t\u00eb shqiptar\u00ebve nga Sanxhaku i Nishit - Medvegja Sot<\/title>\n<meta name=\"robots\" content=\"index, follow, max-snippet:-1, max-image-preview:large, max-video-preview:-1\" \/>\n<link rel=\"canonical\" href=\"https:\/\/medvegjasot.com\/?p=3971\" \/>\n<meta property=\"og:locale\" content=\"en_US\" \/>\n<meta property=\"og:type\" content=\"article\" \/>\n<meta property=\"og:title\" content=\"Ejup Maqedonci: N\u00eb 146 vjetorin e fillimit t\u00eb d\u00ebbimit t\u00eb shqiptar\u00ebve nga Sanxhaku i Nishit - Medvegja Sot\" \/>\n<meta property=\"og:description\" content=\"Kujtojm\u00eb rezistenc\u00ebn, sakrific\u00ebn dhe vuajtjet e popullat\u00ebs shqiptare te 720 fshatrave te boshatisura. Me qindra mij\u00ebra qytetar\u00eb t\u00eb Kosov\u00ebs, sot mbajn\u00eb mbiemrat e fshatrave prej nga jan\u00eb d\u00ebbuar paraardh\u00ebsit tan\u00eb, si form\u00eb e ve\u00e7ant\u00eb e memories kolektive. Nd\u00ebr k\u00ebto fshatra ishte dhe fshati Maqedonc i rajonit te Jabllanices se Gollakut (Sanxhaku i Nishit). Fshati Maqedonc...\" \/>\n<meta property=\"og:url\" content=\"https:\/\/medvegjasot.com\/?p=3971\" \/>\n<meta property=\"og:site_name\" content=\"Medvegja Sot\" \/>\n<meta property=\"article:publisher\" content=\"https:\/\/www.facebook.com\/MedvegjaSot.com1\" \/>\n<meta property=\"article:published_time\" content=\"2024-12-28T17:26:58+00:00\" \/>\n<meta property=\"article:modified_time\" content=\"2024-12-28T17:57:14+00:00\" \/>\n<meta property=\"og:image\" content=\"https:\/\/medvegjasot.com\/wp-content\/uploads\/2024\/12\/photo-output-18.jpeg\" \/>\n\t<meta property=\"og:image:width\" content=\"2016\" \/>\n\t<meta property=\"og:image:height\" content=\"1134\" \/>\n\t<meta property=\"og:image:type\" content=\"image\/jpeg\" \/>\n<meta name=\"author\" content=\"admin\" \/>\n<meta name=\"twitter:card\" content=\"summary_large_image\" \/>\n<meta name=\"twitter:label1\" content=\"Written by\" \/>\n\t<meta name=\"twitter:data1\" content=\"admin\" \/>\n\t<meta name=\"twitter:label2\" content=\"Est. reading time\" \/>\n\t<meta name=\"twitter:data2\" content=\"2 minutes\" \/>\n<script type=\"application\/ld+json\" class=\"yoast-schema-graph\">{\"@context\":\"https:\\\/\\\/schema.org\",\"@graph\":[{\"@type\":\"Article\",\"@id\":\"https:\\\/\\\/medvegjasot.com\\\/?p=3971#article\",\"isPartOf\":{\"@id\":\"https:\\\/\\\/medvegjasot.com\\\/?p=3971\"},\"author\":{\"name\":\"admin\",\"@id\":\"https:\\\/\\\/medvegjasot.com\\\/#\\\/schema\\\/person\\\/f2be1a84f4e95d0cb032946a1cf2e594\"},\"headline\":\"Ejup Maqedonci: N\u00eb 146 vjetorin e fillimit t\u00eb d\u00ebbimit t\u00eb shqiptar\u00ebve nga Sanxhaku i Nishit\",\"datePublished\":\"2024-12-28T17:26:58+00:00\",\"dateModified\":\"2024-12-28T17:57:14+00:00\",\"mainEntityOfPage\":{\"@id\":\"https:\\\/\\\/medvegjasot.com\\\/?p=3971\"},\"wordCount\":223,\"commentCount\":0,\"publisher\":{\"@id\":\"https:\\\/\\\/medvegjasot.com\\\/#organization\"},\"image\":{\"@id\":\"https:\\\/\\\/medvegjasot.com\\\/?p=3971#primaryimage\"},\"thumbnailUrl\":\"https:\\\/\\\/medvegjasot.com\\\/wp-content\\\/uploads\\\/2024\\\/12\\\/photo-output-18.jpeg\",\"articleSection\":[\"KRONIKA\"],\"inLanguage\":\"en-US\",\"potentialAction\":[{\"@type\":\"CommentAction\",\"name\":\"Comment\",\"target\":[\"https:\\\/\\\/medvegjasot.com\\\/?p=3971#respond\"]}]},{\"@type\":\"WebPage\",\"@id\":\"https:\\\/\\\/medvegjasot.com\\\/?p=3971\",\"url\":\"https:\\\/\\\/medvegjasot.com\\\/?p=3971\",\"name\":\"Ejup Maqedonci: N\u00eb 146 vjetorin e fillimit t\u00eb d\u00ebbimit t\u00eb shqiptar\u00ebve nga Sanxhaku i Nishit - Medvegja Sot\",\"isPartOf\":{\"@id\":\"https:\\\/\\\/medvegjasot.com\\\/#website\"},\"primaryImageOfPage\":{\"@id\":\"https:\\\/\\\/medvegjasot.com\\\/?p=3971#primaryimage\"},\"image\":{\"@id\":\"https:\\\/\\\/medvegjasot.com\\\/?p=3971#primaryimage\"},\"thumbnailUrl\":\"https:\\\/\\\/medvegjasot.com\\\/wp-content\\\/uploads\\\/2024\\\/12\\\/photo-output-18.jpeg\",\"datePublished\":\"2024-12-28T17:26:58+00:00\",\"dateModified\":\"2024-12-28T17:57:14+00:00\",\"breadcrumb\":{\"@id\":\"https:\\\/\\\/medvegjasot.com\\\/?p=3971#breadcrumb\"},\"inLanguage\":\"en-US\",\"potentialAction\":[{\"@type\":\"ReadAction\",\"target\":[\"https:\\\/\\\/medvegjasot.com\\\/?p=3971\"]}]},{\"@type\":\"ImageObject\",\"inLanguage\":\"en-US\",\"@id\":\"https:\\\/\\\/medvegjasot.com\\\/?p=3971#primaryimage\",\"url\":\"https:\\\/\\\/medvegjasot.com\\\/wp-content\\\/uploads\\\/2024\\\/12\\\/photo-output-18.jpeg\",\"contentUrl\":\"https:\\\/\\\/medvegjasot.com\\\/wp-content\\\/uploads\\\/2024\\\/12\\\/photo-output-18.jpeg\",\"width\":2016,\"height\":1134},{\"@type\":\"BreadcrumbList\",\"@id\":\"https:\\\/\\\/medvegjasot.com\\\/?p=3971#breadcrumb\",\"itemListElement\":[{\"@type\":\"ListItem\",\"position\":1,\"name\":\"Home\",\"item\":\"https:\\\/\\\/medvegjasot.com\\\/\"},{\"@type\":\"ListItem\",\"position\":2,\"name\":\"Ejup Maqedonci: N\u00eb 146 vjetorin e fillimit t\u00eb d\u00ebbimit t\u00eb shqiptar\u00ebve nga Sanxhaku i Nishit\"}]},{\"@type\":\"WebSite\",\"@id\":\"https:\\\/\\\/medvegjasot.com\\\/#website\",\"url\":\"https:\\\/\\\/medvegjasot.com\\\/\",\"name\":\"Medvegja Sot\",\"description\":\"Portal Lajmesh\",\"publisher\":{\"@id\":\"https:\\\/\\\/medvegjasot.com\\\/#organization\"},\"alternateName\":\"MS\",\"potentialAction\":[{\"@type\":\"SearchAction\",\"target\":{\"@type\":\"EntryPoint\",\"urlTemplate\":\"https:\\\/\\\/medvegjasot.com\\\/?s={search_term_string}\"},\"query-input\":{\"@type\":\"PropertyValueSpecification\",\"valueRequired\":true,\"valueName\":\"search_term_string\"}}],\"inLanguage\":\"en-US\"},{\"@type\":\"Organization\",\"@id\":\"https:\\\/\\\/medvegjasot.com\\\/#organization\",\"name\":\"Medvegja Sot\",\"alternateName\":\"MS\",\"url\":\"https:\\\/\\\/medvegjasot.com\\\/\",\"logo\":{\"@type\":\"ImageObject\",\"inLanguage\":\"en-US\",\"@id\":\"https:\\\/\\\/medvegjasot.com\\\/#\\\/schema\\\/logo\\\/image\\\/\",\"url\":\"https:\\\/\\\/medvegjasot.com\\\/wp-content\\\/uploads\\\/2024\\\/08\\\/logo.png\",\"contentUrl\":\"https:\\\/\\\/medvegjasot.com\\\/wp-content\\\/uploads\\\/2024\\\/08\\\/logo.png\",\"width\":500,\"height\":500,\"caption\":\"Medvegja Sot\"},\"image\":{\"@id\":\"https:\\\/\\\/medvegjasot.com\\\/#\\\/schema\\\/logo\\\/image\\\/\"},\"sameAs\":[\"https:\\\/\\\/www.facebook.com\\\/MedvegjaSot.com1\"]},{\"@type\":\"Person\",\"@id\":\"https:\\\/\\\/medvegjasot.com\\\/#\\\/schema\\\/person\\\/f2be1a84f4e95d0cb032946a1cf2e594\",\"name\":\"admin\",\"image\":{\"@type\":\"ImageObject\",\"inLanguage\":\"en-US\",\"@id\":\"https:\\\/\\\/secure.gravatar.com\\\/avatar\\\/2eedc5259426225ddc6f98b4b6728c30418b83e6f70285719780d3518d972ece?s=96&d=mm&r=g\",\"url\":\"https:\\\/\\\/secure.gravatar.com\\\/avatar\\\/2eedc5259426225ddc6f98b4b6728c30418b83e6f70285719780d3518d972ece?s=96&d=mm&r=g\",\"contentUrl\":\"https:\\\/\\\/secure.gravatar.com\\\/avatar\\\/2eedc5259426225ddc6f98b4b6728c30418b83e6f70285719780d3518d972ece?s=96&d=mm&r=g\",\"caption\":\"admin\"},\"url\":\"https:\\\/\\\/medvegjasot.com\\\/?author=2\"}]}<\/script>\n<!-- \/ Yoast SEO plugin. -->","yoast_head_json":{"title":"Ejup Maqedonci: N\u00eb 146 vjetorin e fillimit t\u00eb d\u00ebbimit t\u00eb shqiptar\u00ebve nga Sanxhaku i Nishit - Medvegja Sot","robots":{"index":"index","follow":"follow","max-snippet":"max-snippet:-1","max-image-preview":"max-image-preview:large","max-video-preview":"max-video-preview:-1"},"canonical":"https:\/\/medvegjasot.com\/?p=3971","og_locale":"en_US","og_type":"article","og_title":"Ejup Maqedonci: N\u00eb 146 vjetorin e fillimit t\u00eb d\u00ebbimit t\u00eb shqiptar\u00ebve nga Sanxhaku i Nishit - Medvegja Sot","og_description":"Kujtojm\u00eb rezistenc\u00ebn, sakrific\u00ebn dhe vuajtjet e popullat\u00ebs shqiptare te 720 fshatrave te boshatisura. Me qindra mij\u00ebra qytetar\u00eb t\u00eb Kosov\u00ebs, sot mbajn\u00eb mbiemrat e fshatrave prej nga jan\u00eb d\u00ebbuar paraardh\u00ebsit tan\u00eb, si form\u00eb e ve\u00e7ant\u00eb e memories kolektive. Nd\u00ebr k\u00ebto fshatra ishte dhe fshati Maqedonc i rajonit te Jabllanices se Gollakut (Sanxhaku i Nishit). Fshati Maqedonc...","og_url":"https:\/\/medvegjasot.com\/?p=3971","og_site_name":"Medvegja Sot","article_publisher":"https:\/\/www.facebook.com\/MedvegjaSot.com1","article_published_time":"2024-12-28T17:26:58+00:00","article_modified_time":"2024-12-28T17:57:14+00:00","og_image":[{"width":2016,"height":1134,"url":"https:\/\/medvegjasot.com\/wp-content\/uploads\/2024\/12\/photo-output-18.jpeg","type":"image\/jpeg"}],"author":"admin","twitter_card":"summary_large_image","twitter_misc":{"Written by":"admin","Est. reading time":"2 minutes"},"schema":{"@context":"https:\/\/schema.org","@graph":[{"@type":"Article","@id":"https:\/\/medvegjasot.com\/?p=3971#article","isPartOf":{"@id":"https:\/\/medvegjasot.com\/?p=3971"},"author":{"name":"admin","@id":"https:\/\/medvegjasot.com\/#\/schema\/person\/f2be1a84f4e95d0cb032946a1cf2e594"},"headline":"Ejup Maqedonci: N\u00eb 146 vjetorin e fillimit t\u00eb d\u00ebbimit t\u00eb shqiptar\u00ebve nga Sanxhaku i Nishit","datePublished":"2024-12-28T17:26:58+00:00","dateModified":"2024-12-28T17:57:14+00:00","mainEntityOfPage":{"@id":"https:\/\/medvegjasot.com\/?p=3971"},"wordCount":223,"commentCount":0,"publisher":{"@id":"https:\/\/medvegjasot.com\/#organization"},"image":{"@id":"https:\/\/medvegjasot.com\/?p=3971#primaryimage"},"thumbnailUrl":"https:\/\/medvegjasot.com\/wp-content\/uploads\/2024\/12\/photo-output-18.jpeg","articleSection":["KRONIKA"],"inLanguage":"en-US","potentialAction":[{"@type":"CommentAction","name":"Comment","target":["https:\/\/medvegjasot.com\/?p=3971#respond"]}]},{"@type":"WebPage","@id":"https:\/\/medvegjasot.com\/?p=3971","url":"https:\/\/medvegjasot.com\/?p=3971","name":"Ejup Maqedonci: N\u00eb 146 vjetorin e fillimit t\u00eb d\u00ebbimit t\u00eb shqiptar\u00ebve nga Sanxhaku i Nishit - Medvegja Sot","isPartOf":{"@id":"https:\/\/medvegjasot.com\/#website"},"primaryImageOfPage":{"@id":"https:\/\/medvegjasot.com\/?p=3971#primaryimage"},"image":{"@id":"https:\/\/medvegjasot.com\/?p=3971#primaryimage"},"thumbnailUrl":"https:\/\/medvegjasot.com\/wp-content\/uploads\/2024\/12\/photo-output-18.jpeg","datePublished":"2024-12-28T17:26:58+00:00","dateModified":"2024-12-28T17:57:14+00:00","breadcrumb":{"@id":"https:\/\/medvegjasot.com\/?p=3971#breadcrumb"},"inLanguage":"en-US","potentialAction":[{"@type":"ReadAction","target":["https:\/\/medvegjasot.com\/?p=3971"]}]},{"@type":"ImageObject","inLanguage":"en-US","@id":"https:\/\/medvegjasot.com\/?p=3971#primaryimage","url":"https:\/\/medvegjasot.com\/wp-content\/uploads\/2024\/12\/photo-output-18.jpeg","contentUrl":"https:\/\/medvegjasot.com\/wp-content\/uploads\/2024\/12\/photo-output-18.jpeg","width":2016,"height":1134},{"@type":"BreadcrumbList","@id":"https:\/\/medvegjasot.com\/?p=3971#breadcrumb","itemListElement":[{"@type":"ListItem","position":1,"name":"Home","item":"https:\/\/medvegjasot.com\/"},{"@type":"ListItem","position":2,"name":"Ejup Maqedonci: N\u00eb 146 vjetorin e fillimit t\u00eb d\u00ebbimit t\u00eb shqiptar\u00ebve nga Sanxhaku i Nishit"}]},{"@type":"WebSite","@id":"https:\/\/medvegjasot.com\/#website","url":"https:\/\/medvegjasot.com\/","name":"Medvegja Sot","description":"Portal Lajmesh","publisher":{"@id":"https:\/\/medvegjasot.com\/#organization"},"alternateName":"MS","potentialAction":[{"@type":"SearchAction","target":{"@type":"EntryPoint","urlTemplate":"https:\/\/medvegjasot.com\/?s={search_term_string}"},"query-input":{"@type":"PropertyValueSpecification","valueRequired":true,"valueName":"search_term_string"}}],"inLanguage":"en-US"},{"@type":"Organization","@id":"https:\/\/medvegjasot.com\/#organization","name":"Medvegja Sot","alternateName":"MS","url":"https:\/\/medvegjasot.com\/","logo":{"@type":"ImageObject","inLanguage":"en-US","@id":"https:\/\/medvegjasot.com\/#\/schema\/logo\/image\/","url":"https:\/\/medvegjasot.com\/wp-content\/uploads\/2024\/08\/logo.png","contentUrl":"https:\/\/medvegjasot.com\/wp-content\/uploads\/2024\/08\/logo.png","width":500,"height":500,"caption":"Medvegja Sot"},"image":{"@id":"https:\/\/medvegjasot.com\/#\/schema\/logo\/image\/"},"sameAs":["https:\/\/www.facebook.com\/MedvegjaSot.com1"]},{"@type":"Person","@id":"https:\/\/medvegjasot.com\/#\/schema\/person\/f2be1a84f4e95d0cb032946a1cf2e594","name":"admin","image":{"@type":"ImageObject","inLanguage":"en-US","@id":"https:\/\/secure.gravatar.com\/avatar\/2eedc5259426225ddc6f98b4b6728c30418b83e6f70285719780d3518d972ece?s=96&d=mm&r=g","url":"https:\/\/secure.gravatar.com\/avatar\/2eedc5259426225ddc6f98b4b6728c30418b83e6f70285719780d3518d972ece?s=96&d=mm&r=g","contentUrl":"https:\/\/secure.gravatar.com\/avatar\/2eedc5259426225ddc6f98b4b6728c30418b83e6f70285719780d3518d972ece?s=96&d=mm&r=g","caption":"admin"},"url":"https:\/\/medvegjasot.com\/?author=2"}]}},"jetpack_featured_media_url":"https:\/\/medvegjasot.com\/wp-content\/uploads\/2024\/12\/photo-output-18.jpeg","_links":{"self":[{"href":"https:\/\/medvegjasot.com\/index.php?rest_route=\/wp\/v2\/posts\/3971","targetHints":{"allow":["GET"]}}],"collection":[{"href":"https:\/\/medvegjasot.com\/index.php?rest_route=\/wp\/v2\/posts"}],"about":[{"href":"https:\/\/medvegjasot.com\/index.php?rest_route=\/wp\/v2\/types\/post"}],"author":[{"embeddable":true,"href":"https:\/\/medvegjasot.com\/index.php?rest_route=\/wp\/v2\/users\/2"}],"replies":[{"embeddable":true,"href":"https:\/\/medvegjasot.com\/index.php?rest_route=%2Fwp%2Fv2%2Fcomments&post=3971"}],"version-history":[{"count":3,"href":"https:\/\/medvegjasot.com\/index.php?rest_route=\/wp\/v2\/posts\/3971\/revisions"}],"predecessor-version":[{"id":3981,"href":"https:\/\/medvegjasot.com\/index.php?rest_route=\/wp\/v2\/posts\/3971\/revisions\/3981"}],"wp:featuredmedia":[{"embeddable":true,"href":"https:\/\/medvegjasot.com\/index.php?rest_route=\/wp\/v2\/media\/3972"}],"wp:attachment":[{"href":"https:\/\/medvegjasot.com\/index.php?rest_route=%2Fwp%2Fv2%2Fmedia&parent=3971"}],"wp:term":[{"taxonomy":"category","embeddable":true,"href":"https:\/\/medvegjasot.com\/index.php?rest_route=%2Fwp%2Fv2%2Fcategories&post=3971"},{"taxonomy":"post_tag","embeddable":true,"href":"https:\/\/medvegjasot.com\/index.php?rest_route=%2Fwp%2Fv2%2Ftags&post=3971"}],"curies":[{"name":"wp","href":"https:\/\/api.w.org\/{rel}","templated":true}]}}