{"id":3954,"date":"2024-12-27T18:22:43","date_gmt":"2024-12-27T18:22:43","guid":{"rendered":"https:\/\/medvegjasot.com\/?p=3954"},"modified":"2024-12-28T08:11:02","modified_gmt":"2024-12-28T08:11:02","slug":"enkel-rexhepi-zgjidhet-kryetar-i-kksh","status":"publish","type":"post","link":"https:\/\/medvegjasot.com\/?p=3954","title":{"rendered":"Enkel Rexhepi zgjidhet kryetar i KKSH"},"content":{"rendered":"\n<p><strong>Njoftim i plot\u00eb i kryetarit Rexhepi: <\/strong><\/p>\n\n\n\n<p>T\u00eb nderuar motra dhe v\u00ebllez\u00ebr shqiptar\u00eb,<\/p>\n\n\n\n<p>Sot, kur marr k\u00ebt\u00eb detyr\u00eb t\u00eb lart\u00eb si Kryetar i K\u00ebshillit Komb\u00ebtar Shqiptar, ndiej thell\u00ebsisht p\u00ebrgjegj\u00ebsin\u00eb dhe krenarin\u00eb q\u00eb m\u00eb keni besuar. Ky \u00ebsht\u00eb nj\u00eb moment i ve\u00e7ant\u00eb jo vet\u00ebm p\u00ebr mua, por p\u00ebr gjith\u00eb shqiptar\u00ebt kudo q\u00eb jan\u00eb, sepse ky k\u00ebshill \u00ebsht\u00eb z\u00ebri i Lugin\u00ebs ton\u00eb \u2013 z\u00ebri i bashkimit, i p\u00ebrparimit dhe i identitetit ton\u00eb t\u00eb p\u00ebrbashk\u00ebt.<\/p>\n\n\n\n<p>Un\u00eb vij sot para jush me nj\u00eb vizion t\u00eb qart\u00eb: t\u00eb forcojm\u00eb bashk\u00ebpunimin, t\u00eb mbrojm\u00eb t\u00eb drejtat tona komb\u00ebtare dhe t\u00eb nd\u00ebrtojm\u00eb nj\u00eb t\u00eb ardhme m\u00eb t\u00eb ndritur p\u00ebr \u00e7do shqiptar. Ky k\u00ebshill duhet t\u00eb jet\u00eb jo vet\u00ebm nj\u00eb forum diskutimesh, por nj\u00eb motor ndryshimesh, nj\u00eb udh\u00ebrr\u00ebfyes drejt unitetit dhe zhvillimit.<\/p>\n\n\n\n<p>N\u00eb nj\u00eb bot\u00eb q\u00eb ndryshon me ritme t\u00eb shpejta, shqiptar\u00ebt duhet t\u00eb jen\u00eb gjithmon\u00eb t\u00eb bashkuar dhe t\u00eb gatsh\u00ebm p\u00ebr sfida t\u00eb reja. Detyra jon\u00eb nuk \u00ebsht\u00eb vet\u00ebm t\u00eb ruajm\u00eb trash\u00ebgimin\u00eb ton\u00eb kulturore dhe gjuh\u00ebn ton\u00eb t\u00eb lasht\u00eb, por ta forcojm\u00eb at\u00eb n\u00eb zemrat dhe mendjet e brezave t\u00eb rinj. T\u00eb jemi gardian\u00eb t\u00eb kultur\u00ebs son\u00eb dhe nd\u00ebrkoh\u00eb, lider\u00eb n\u00eb arsim, ekonomi dhe teknologji.<\/p>\n\n\n\n<p>Sot, un\u00eb ju premtoj se si kryetar i KKSh:<br>Do t\u00eb luftoj pa u lodhur p\u00ebr t\u00eb mbrojtur t\u00eb drejtat dhe interesat e \u00e7do shqiptari, kudo ku ndodhet.<br>Do t\u00eb punoj p\u00ebr t\u00eb forcuar lidhjet tona komb\u00ebtare, duke nd\u00ebrtuar ura bashk\u00ebpunimi mes shqiptar\u00ebve n\u00eb Kosov\u00eb, Shqip\u00ebri, Maqedoni t\u00eb Veriut, Mal t\u00eb Zi, Lugin\u00eb t\u00eb Preshev\u00ebs dhe diaspor\u00eb.<br>P\u00ebr m\u00eb shum\u00eb Shqip\u00ebri dhe Kosov\u00eb n\u00eb Lugin\u00eb.<\/p>\n\n\n\n<pre class=\"wp-block-code\"><code> Do t\u00eb angazhohem q\u00eb \u00e7do vendim i k\u00ebtij k\u00ebshilli t\u00eb jet\u00eb n\u00eb sh\u00ebrbim t\u00eb kombit ton\u00eb, duke vendosur interesin komb\u00ebtar mbi gjith\u00e7ka tjet\u00ebr. <\/code><\/pre>\n\n\n\n<p>Shqiptar\u00ebt kan\u00eb d\u00ebshmuar nd\u00ebr shekuj se jan\u00eb nj\u00eb komb i fuqish\u00ebm, nj\u00eb popull q\u00eb i tejkalon v\u00ebshtir\u00ebsit\u00eb duke u ngritur m\u00eb i fort\u00eb. Tani \u00ebsht\u00eb koha q\u00eb t\u00eb marrim fatin ton\u00eb n\u00eb dor\u00eb, t\u00eb vendosim themele t\u00eb q\u00ebndrueshme p\u00ebr nj\u00eb t\u00eb ardhme q\u00eb f\u00ebmij\u00ebt tan\u00eb do ta trash\u00ebgojn\u00eb me krenari.<\/p>\n\n\n\n<p>Ju fal\u00ebnderoj nga zemra p\u00ebr besimin tuaj. Ky \u00ebsht\u00eb nj\u00eb besim q\u00eb nuk do ta tradhtoj. S\u00eb bashku, do t\u00eb tregojm\u00eb se shqiptar\u00ebt mund t\u00eb jen\u00eb gjithmon\u00eb shembull i unitetit, p\u00ebrparimit dhe dinjitetit komb\u00ebtar.<\/p>\n\n\n\n<p>Zoti e bekoft\u00eb Lugin\u00ebn e Preshev\u00ebs!<br>Zoti e bekoft\u00eb Kombin Shqiptar!\ud83c\udde6\ud83c\uddf1<\/p>\n\n\n\n<figure class=\"wp-block-image size-large\"><img fetchpriority=\"high\" decoding=\"async\" width=\"1024\" height=\"1018\" src=\"https:\/\/medvegjasot.com\/wp-content\/uploads\/2024\/12\/IMG_1962-1024x1018.jpeg\" alt=\"\" class=\"wp-image-3960\" srcset=\"https:\/\/medvegjasot.com\/wp-content\/uploads\/2024\/12\/IMG_1962-1024x1018.jpeg 1024w, https:\/\/medvegjasot.com\/wp-content\/uploads\/2024\/12\/IMG_1962-300x298.jpeg 300w, https:\/\/medvegjasot.com\/wp-content\/uploads\/2024\/12\/IMG_1962-150x150.jpeg 150w, https:\/\/medvegjasot.com\/wp-content\/uploads\/2024\/12\/IMG_1962-768x764.jpeg 768w, https:\/\/medvegjasot.com\/wp-content\/uploads\/2024\/12\/IMG_1962-1536x1527.jpeg 1536w, https:\/\/medvegjasot.com\/wp-content\/uploads\/2024\/12\/IMG_1962-2048x2037.jpeg 2048w\" sizes=\"(max-width: 1024px) 100vw, 1024px\" \/><\/figure>\n\n\n\n<p><strong>Me respekt dhe p\u00ebrkushtim,<br>Enkel Rexhepi<br>Kryetar i K\u00ebshillit Komb\u00ebtar Shqiptar<\/strong><\/p>\n","protected":false},"excerpt":{"rendered":"<p>Njoftim i plot\u00eb i kryetarit Rexhepi: T\u00eb nderuar motra dhe v\u00ebllez\u00ebr shqiptar\u00eb, Sot, kur marr k\u00ebt\u00eb detyr\u00eb t\u00eb lart\u00eb si Kryetar i K\u00ebshillit Komb\u00ebtar Shqiptar, ndiej thell\u00ebsisht p\u00ebrgjegj\u00ebsin\u00eb dhe krenarin\u00eb q\u00eb m\u00eb keni besuar. Ky \u00ebsht\u00eb nj\u00eb moment i ve\u00e7ant\u00eb jo vet\u00ebm p\u00ebr mua, por p\u00ebr gjith\u00eb shqiptar\u00ebt kudo q\u00eb jan\u00eb, sepse ky k\u00ebshill \u00ebsht\u00eb&#8230;<\/p>\n","protected":false},"author":2,"featured_media":3955,"comment_status":"open","ping_status":"open","sticky":false,"template":"","format":"standard","meta":{"_coblocks_attr":"","_coblocks_dimensions":"","_coblocks_responsive_height":"","_coblocks_accordion_ie_support":"","_monsterinsights_skip_tracking":false,"_monsterinsights_sitenote_active":false,"_monsterinsights_sitenote_note":"","_monsterinsights_sitenote_category":0,"footnotes":""},"categories":[3],"tags":[],"class_list":["post-3954","post","type-post","status-publish","format-standard","has-post-thumbnail","hentry","category-kronika"],"yoast_head":"<!-- This site is optimized with the Yoast SEO plugin v27.5 - https:\/\/yoast.com\/product\/yoast-seo-wordpress\/ -->\n<title>Enkel Rexhepi zgjidhet kryetar i KKSH - Medvegja Sot<\/title>\n<meta name=\"robots\" content=\"index, follow, max-snippet:-1, max-image-preview:large, max-video-preview:-1\" \/>\n<link rel=\"canonical\" href=\"https:\/\/medvegjasot.com\/?p=3954\" \/>\n<meta property=\"og:locale\" content=\"en_US\" \/>\n<meta property=\"og:type\" content=\"article\" \/>\n<meta property=\"og:title\" content=\"Enkel Rexhepi zgjidhet kryetar i KKSH - Medvegja Sot\" \/>\n<meta property=\"og:description\" content=\"Njoftim i plot\u00eb i kryetarit Rexhepi: T\u00eb nderuar motra dhe v\u00ebllez\u00ebr shqiptar\u00eb, Sot, kur marr k\u00ebt\u00eb detyr\u00eb t\u00eb lart\u00eb si Kryetar i K\u00ebshillit Komb\u00ebtar Shqiptar, ndiej thell\u00ebsisht p\u00ebrgjegj\u00ebsin\u00eb dhe krenarin\u00eb q\u00eb m\u00eb keni besuar. Ky \u00ebsht\u00eb nj\u00eb moment i ve\u00e7ant\u00eb jo vet\u00ebm p\u00ebr mua, por p\u00ebr gjith\u00eb shqiptar\u00ebt kudo q\u00eb jan\u00eb, sepse ky k\u00ebshill \u00ebsht\u00eb...\" \/>\n<meta property=\"og:url\" content=\"https:\/\/medvegjasot.com\/?p=3954\" \/>\n<meta property=\"og:site_name\" content=\"Medvegja Sot\" \/>\n<meta property=\"article:publisher\" content=\"https:\/\/www.facebook.com\/MedvegjaSot.com1\" \/>\n<meta property=\"article:published_time\" content=\"2024-12-27T18:22:43+00:00\" \/>\n<meta property=\"article:modified_time\" content=\"2024-12-28T08:11:02+00:00\" \/>\n<meta property=\"og:image\" content=\"https:\/\/medvegjasot.com\/wp-content\/uploads\/2024\/12\/IMG_1965.jpeg\" \/>\n\t<meta property=\"og:image:width\" content=\"2048\" \/>\n\t<meta property=\"og:image:height\" content=\"1152\" \/>\n\t<meta property=\"og:image:type\" content=\"image\/jpeg\" \/>\n<meta name=\"author\" content=\"admin\" \/>\n<meta name=\"twitter:card\" content=\"summary_large_image\" \/>\n<meta name=\"twitter:label1\" content=\"Written by\" \/>\n\t<meta name=\"twitter:data1\" content=\"admin\" \/>\n\t<meta name=\"twitter:label2\" content=\"Est. reading time\" \/>\n\t<meta name=\"twitter:data2\" content=\"2 minutes\" \/>\n<script type=\"application\/ld+json\" class=\"yoast-schema-graph\">{\"@context\":\"https:\\\/\\\/schema.org\",\"@graph\":[{\"@type\":\"Article\",\"@id\":\"https:\\\/\\\/medvegjasot.com\\\/?p=3954#article\",\"isPartOf\":{\"@id\":\"https:\\\/\\\/medvegjasot.com\\\/?p=3954\"},\"author\":{\"name\":\"admin\",\"@id\":\"https:\\\/\\\/medvegjasot.com\\\/#\\\/schema\\\/person\\\/f2be1a84f4e95d0cb032946a1cf2e594\"},\"headline\":\"Enkel Rexhepi zgjidhet kryetar i KKSH\",\"datePublished\":\"2024-12-27T18:22:43+00:00\",\"dateModified\":\"2024-12-28T08:11:02+00:00\",\"mainEntityOfPage\":{\"@id\":\"https:\\\/\\\/medvegjasot.com\\\/?p=3954\"},\"wordCount\":428,\"commentCount\":0,\"publisher\":{\"@id\":\"https:\\\/\\\/medvegjasot.com\\\/#organization\"},\"image\":{\"@id\":\"https:\\\/\\\/medvegjasot.com\\\/?p=3954#primaryimage\"},\"thumbnailUrl\":\"https:\\\/\\\/medvegjasot.com\\\/wp-content\\\/uploads\\\/2024\\\/12\\\/IMG_1965.jpeg\",\"articleSection\":[\"KRONIKA\"],\"inLanguage\":\"en-US\",\"potentialAction\":[{\"@type\":\"CommentAction\",\"name\":\"Comment\",\"target\":[\"https:\\\/\\\/medvegjasot.com\\\/?p=3954#respond\"]}]},{\"@type\":\"WebPage\",\"@id\":\"https:\\\/\\\/medvegjasot.com\\\/?p=3954\",\"url\":\"https:\\\/\\\/medvegjasot.com\\\/?p=3954\",\"name\":\"Enkel Rexhepi zgjidhet kryetar i KKSH - Medvegja Sot\",\"isPartOf\":{\"@id\":\"https:\\\/\\\/medvegjasot.com\\\/#website\"},\"primaryImageOfPage\":{\"@id\":\"https:\\\/\\\/medvegjasot.com\\\/?p=3954#primaryimage\"},\"image\":{\"@id\":\"https:\\\/\\\/medvegjasot.com\\\/?p=3954#primaryimage\"},\"thumbnailUrl\":\"https:\\\/\\\/medvegjasot.com\\\/wp-content\\\/uploads\\\/2024\\\/12\\\/IMG_1965.jpeg\",\"datePublished\":\"2024-12-27T18:22:43+00:00\",\"dateModified\":\"2024-12-28T08:11:02+00:00\",\"breadcrumb\":{\"@id\":\"https:\\\/\\\/medvegjasot.com\\\/?p=3954#breadcrumb\"},\"inLanguage\":\"en-US\",\"potentialAction\":[{\"@type\":\"ReadAction\",\"target\":[\"https:\\\/\\\/medvegjasot.com\\\/?p=3954\"]}]},{\"@type\":\"ImageObject\",\"inLanguage\":\"en-US\",\"@id\":\"https:\\\/\\\/medvegjasot.com\\\/?p=3954#primaryimage\",\"url\":\"https:\\\/\\\/medvegjasot.com\\\/wp-content\\\/uploads\\\/2024\\\/12\\\/IMG_1965.jpeg\",\"contentUrl\":\"https:\\\/\\\/medvegjasot.com\\\/wp-content\\\/uploads\\\/2024\\\/12\\\/IMG_1965.jpeg\",\"width\":2048,\"height\":1152},{\"@type\":\"BreadcrumbList\",\"@id\":\"https:\\\/\\\/medvegjasot.com\\\/?p=3954#breadcrumb\",\"itemListElement\":[{\"@type\":\"ListItem\",\"position\":1,\"name\":\"Home\",\"item\":\"https:\\\/\\\/medvegjasot.com\\\/\"},{\"@type\":\"ListItem\",\"position\":2,\"name\":\"Enkel Rexhepi zgjidhet kryetar i KKSH\"}]},{\"@type\":\"WebSite\",\"@id\":\"https:\\\/\\\/medvegjasot.com\\\/#website\",\"url\":\"https:\\\/\\\/medvegjasot.com\\\/\",\"name\":\"Medvegja Sot\",\"description\":\"Portal Lajmesh\",\"publisher\":{\"@id\":\"https:\\\/\\\/medvegjasot.com\\\/#organization\"},\"alternateName\":\"MS\",\"potentialAction\":[{\"@type\":\"SearchAction\",\"target\":{\"@type\":\"EntryPoint\",\"urlTemplate\":\"https:\\\/\\\/medvegjasot.com\\\/?s={search_term_string}\"},\"query-input\":{\"@type\":\"PropertyValueSpecification\",\"valueRequired\":true,\"valueName\":\"search_term_string\"}}],\"inLanguage\":\"en-US\"},{\"@type\":\"Organization\",\"@id\":\"https:\\\/\\\/medvegjasot.com\\\/#organization\",\"name\":\"Medvegja Sot\",\"alternateName\":\"MS\",\"url\":\"https:\\\/\\\/medvegjasot.com\\\/\",\"logo\":{\"@type\":\"ImageObject\",\"inLanguage\":\"en-US\",\"@id\":\"https:\\\/\\\/medvegjasot.com\\\/#\\\/schema\\\/logo\\\/image\\\/\",\"url\":\"https:\\\/\\\/medvegjasot.com\\\/wp-content\\\/uploads\\\/2024\\\/08\\\/logo.png\",\"contentUrl\":\"https:\\\/\\\/medvegjasot.com\\\/wp-content\\\/uploads\\\/2024\\\/08\\\/logo.png\",\"width\":500,\"height\":500,\"caption\":\"Medvegja Sot\"},\"image\":{\"@id\":\"https:\\\/\\\/medvegjasot.com\\\/#\\\/schema\\\/logo\\\/image\\\/\"},\"sameAs\":[\"https:\\\/\\\/www.facebook.com\\\/MedvegjaSot.com1\"]},{\"@type\":\"Person\",\"@id\":\"https:\\\/\\\/medvegjasot.com\\\/#\\\/schema\\\/person\\\/f2be1a84f4e95d0cb032946a1cf2e594\",\"name\":\"admin\",\"image\":{\"@type\":\"ImageObject\",\"inLanguage\":\"en-US\",\"@id\":\"https:\\\/\\\/secure.gravatar.com\\\/avatar\\\/2eedc5259426225ddc6f98b4b6728c30418b83e6f70285719780d3518d972ece?s=96&d=mm&r=g\",\"url\":\"https:\\\/\\\/secure.gravatar.com\\\/avatar\\\/2eedc5259426225ddc6f98b4b6728c30418b83e6f70285719780d3518d972ece?s=96&d=mm&r=g\",\"contentUrl\":\"https:\\\/\\\/secure.gravatar.com\\\/avatar\\\/2eedc5259426225ddc6f98b4b6728c30418b83e6f70285719780d3518d972ece?s=96&d=mm&r=g\",\"caption\":\"admin\"},\"url\":\"https:\\\/\\\/medvegjasot.com\\\/?author=2\"}]}<\/script>\n<!-- \/ Yoast SEO plugin. -->","yoast_head_json":{"title":"Enkel Rexhepi zgjidhet kryetar i KKSH - Medvegja Sot","robots":{"index":"index","follow":"follow","max-snippet":"max-snippet:-1","max-image-preview":"max-image-preview:large","max-video-preview":"max-video-preview:-1"},"canonical":"https:\/\/medvegjasot.com\/?p=3954","og_locale":"en_US","og_type":"article","og_title":"Enkel Rexhepi zgjidhet kryetar i KKSH - Medvegja Sot","og_description":"Njoftim i plot\u00eb i kryetarit Rexhepi: T\u00eb nderuar motra dhe v\u00ebllez\u00ebr shqiptar\u00eb, Sot, kur marr k\u00ebt\u00eb detyr\u00eb t\u00eb lart\u00eb si Kryetar i K\u00ebshillit Komb\u00ebtar Shqiptar, ndiej thell\u00ebsisht p\u00ebrgjegj\u00ebsin\u00eb dhe krenarin\u00eb q\u00eb m\u00eb keni besuar. Ky \u00ebsht\u00eb nj\u00eb moment i ve\u00e7ant\u00eb jo vet\u00ebm p\u00ebr mua, por p\u00ebr gjith\u00eb shqiptar\u00ebt kudo q\u00eb jan\u00eb, sepse ky k\u00ebshill \u00ebsht\u00eb...","og_url":"https:\/\/medvegjasot.com\/?p=3954","og_site_name":"Medvegja Sot","article_publisher":"https:\/\/www.facebook.com\/MedvegjaSot.com1","article_published_time":"2024-12-27T18:22:43+00:00","article_modified_time":"2024-12-28T08:11:02+00:00","og_image":[{"width":2048,"height":1152,"url":"https:\/\/medvegjasot.com\/wp-content\/uploads\/2024\/12\/IMG_1965.jpeg","type":"image\/jpeg"}],"author":"admin","twitter_card":"summary_large_image","twitter_misc":{"Written by":"admin","Est. reading time":"2 minutes"},"schema":{"@context":"https:\/\/schema.org","@graph":[{"@type":"Article","@id":"https:\/\/medvegjasot.com\/?p=3954#article","isPartOf":{"@id":"https:\/\/medvegjasot.com\/?p=3954"},"author":{"name":"admin","@id":"https:\/\/medvegjasot.com\/#\/schema\/person\/f2be1a84f4e95d0cb032946a1cf2e594"},"headline":"Enkel Rexhepi zgjidhet kryetar i KKSH","datePublished":"2024-12-27T18:22:43+00:00","dateModified":"2024-12-28T08:11:02+00:00","mainEntityOfPage":{"@id":"https:\/\/medvegjasot.com\/?p=3954"},"wordCount":428,"commentCount":0,"publisher":{"@id":"https:\/\/medvegjasot.com\/#organization"},"image":{"@id":"https:\/\/medvegjasot.com\/?p=3954#primaryimage"},"thumbnailUrl":"https:\/\/medvegjasot.com\/wp-content\/uploads\/2024\/12\/IMG_1965.jpeg","articleSection":["KRONIKA"],"inLanguage":"en-US","potentialAction":[{"@type":"CommentAction","name":"Comment","target":["https:\/\/medvegjasot.com\/?p=3954#respond"]}]},{"@type":"WebPage","@id":"https:\/\/medvegjasot.com\/?p=3954","url":"https:\/\/medvegjasot.com\/?p=3954","name":"Enkel Rexhepi zgjidhet kryetar i KKSH - Medvegja Sot","isPartOf":{"@id":"https:\/\/medvegjasot.com\/#website"},"primaryImageOfPage":{"@id":"https:\/\/medvegjasot.com\/?p=3954#primaryimage"},"image":{"@id":"https:\/\/medvegjasot.com\/?p=3954#primaryimage"},"thumbnailUrl":"https:\/\/medvegjasot.com\/wp-content\/uploads\/2024\/12\/IMG_1965.jpeg","datePublished":"2024-12-27T18:22:43+00:00","dateModified":"2024-12-28T08:11:02+00:00","breadcrumb":{"@id":"https:\/\/medvegjasot.com\/?p=3954#breadcrumb"},"inLanguage":"en-US","potentialAction":[{"@type":"ReadAction","target":["https:\/\/medvegjasot.com\/?p=3954"]}]},{"@type":"ImageObject","inLanguage":"en-US","@id":"https:\/\/medvegjasot.com\/?p=3954#primaryimage","url":"https:\/\/medvegjasot.com\/wp-content\/uploads\/2024\/12\/IMG_1965.jpeg","contentUrl":"https:\/\/medvegjasot.com\/wp-content\/uploads\/2024\/12\/IMG_1965.jpeg","width":2048,"height":1152},{"@type":"BreadcrumbList","@id":"https:\/\/medvegjasot.com\/?p=3954#breadcrumb","itemListElement":[{"@type":"ListItem","position":1,"name":"Home","item":"https:\/\/medvegjasot.com\/"},{"@type":"ListItem","position":2,"name":"Enkel Rexhepi zgjidhet kryetar i KKSH"}]},{"@type":"WebSite","@id":"https:\/\/medvegjasot.com\/#website","url":"https:\/\/medvegjasot.com\/","name":"Medvegja Sot","description":"Portal Lajmesh","publisher":{"@id":"https:\/\/medvegjasot.com\/#organization"},"alternateName":"MS","potentialAction":[{"@type":"SearchAction","target":{"@type":"EntryPoint","urlTemplate":"https:\/\/medvegjasot.com\/?s={search_term_string}"},"query-input":{"@type":"PropertyValueSpecification","valueRequired":true,"valueName":"search_term_string"}}],"inLanguage":"en-US"},{"@type":"Organization","@id":"https:\/\/medvegjasot.com\/#organization","name":"Medvegja Sot","alternateName":"MS","url":"https:\/\/medvegjasot.com\/","logo":{"@type":"ImageObject","inLanguage":"en-US","@id":"https:\/\/medvegjasot.com\/#\/schema\/logo\/image\/","url":"https:\/\/medvegjasot.com\/wp-content\/uploads\/2024\/08\/logo.png","contentUrl":"https:\/\/medvegjasot.com\/wp-content\/uploads\/2024\/08\/logo.png","width":500,"height":500,"caption":"Medvegja Sot"},"image":{"@id":"https:\/\/medvegjasot.com\/#\/schema\/logo\/image\/"},"sameAs":["https:\/\/www.facebook.com\/MedvegjaSot.com1"]},{"@type":"Person","@id":"https:\/\/medvegjasot.com\/#\/schema\/person\/f2be1a84f4e95d0cb032946a1cf2e594","name":"admin","image":{"@type":"ImageObject","inLanguage":"en-US","@id":"https:\/\/secure.gravatar.com\/avatar\/2eedc5259426225ddc6f98b4b6728c30418b83e6f70285719780d3518d972ece?s=96&d=mm&r=g","url":"https:\/\/secure.gravatar.com\/avatar\/2eedc5259426225ddc6f98b4b6728c30418b83e6f70285719780d3518d972ece?s=96&d=mm&r=g","contentUrl":"https:\/\/secure.gravatar.com\/avatar\/2eedc5259426225ddc6f98b4b6728c30418b83e6f70285719780d3518d972ece?s=96&d=mm&r=g","caption":"admin"},"url":"https:\/\/medvegjasot.com\/?author=2"}]}},"jetpack_featured_media_url":"https:\/\/medvegjasot.com\/wp-content\/uploads\/2024\/12\/IMG_1965.jpeg","_links":{"self":[{"href":"https:\/\/medvegjasot.com\/index.php?rest_route=\/wp\/v2\/posts\/3954","targetHints":{"allow":["GET"]}}],"collection":[{"href":"https:\/\/medvegjasot.com\/index.php?rest_route=\/wp\/v2\/posts"}],"about":[{"href":"https:\/\/medvegjasot.com\/index.php?rest_route=\/wp\/v2\/types\/post"}],"author":[{"embeddable":true,"href":"https:\/\/medvegjasot.com\/index.php?rest_route=\/wp\/v2\/users\/2"}],"replies":[{"embeddable":true,"href":"https:\/\/medvegjasot.com\/index.php?rest_route=%2Fwp%2Fv2%2Fcomments&post=3954"}],"version-history":[{"count":5,"href":"https:\/\/medvegjasot.com\/index.php?rest_route=\/wp\/v2\/posts\/3954\/revisions"}],"predecessor-version":[{"id":3963,"href":"https:\/\/medvegjasot.com\/index.php?rest_route=\/wp\/v2\/posts\/3954\/revisions\/3963"}],"wp:featuredmedia":[{"embeddable":true,"href":"https:\/\/medvegjasot.com\/index.php?rest_route=\/wp\/v2\/media\/3955"}],"wp:attachment":[{"href":"https:\/\/medvegjasot.com\/index.php?rest_route=%2Fwp%2Fv2%2Fmedia&parent=3954"}],"wp:term":[{"taxonomy":"category","embeddable":true,"href":"https:\/\/medvegjasot.com\/index.php?rest_route=%2Fwp%2Fv2%2Fcategories&post=3954"},{"taxonomy":"post_tag","embeddable":true,"href":"https:\/\/medvegjasot.com\/index.php?rest_route=%2Fwp%2Fv2%2Ftags&post=3954"}],"curies":[{"name":"wp","href":"https:\/\/api.w.org\/{rel}","templated":true}]}}