{"id":3947,"date":"2024-12-27T04:34:58","date_gmt":"2024-12-27T04:34:58","guid":{"rendered":"https:\/\/medvegjasot.com\/?p=3947"},"modified":"2024-12-27T04:34:58","modified_gmt":"2024-12-27T04:34:58","slug":"pa-eufori-vazhdojme-udhetimin-tone","status":"publish","type":"post","link":"https:\/\/medvegjasot.com\/?p=3947","title":{"rendered":"PA EUFORI VAZHDOJM\u00cb UDH\u00cbTIMIN TON\u00cb"},"content":{"rendered":"\n<p><\/p>\n\n\n\n<p>P\u00ebr ne shqiptar\u00ebt, fundi i vitit, \u00ebsht\u00eb i mbushur me festa. Paraprihet nga pjesa m\u00eb e lavdishme e historis\u00eb son\u00eb ku triumfalisht hyn N\u00ebntori me aktin e themelimit t\u00eb alfabetit t\u00eb gjuh\u00ebs shqipe n\u00eb Kongresin e Manastirit e kulmon me fest\u00ebn e Flamurit. Rrug\u00ebtimi i tij festiv me passaport\u00ebn kuq e zi n\u00eb dor\u00eb, i p\u00ebrshkon t\u00eb gjitha trevat tona, porsi plaku i Vitit t\u00eb Ri me thesin e tij mbushur me flamuj e kostume komb\u00ebtare, q\u00eb na kujtojn\u00eb ndjenj\u00ebn e q\u00ebndres\u00ebs, sakrific\u00ebs, bashkimit n\u00eb unitet; nj\u00eb fest\u00eb e rim\u00ebk\u00ebmbjes s\u00eb nd\u00ebrgjegjes son\u00eb komb\u00ebtare.<br>Vazhdim\u00ebsia e festimeve shpaloset bukur edhe n\u00eb Diaspor\u00eb, me veprimtari t\u00eb shumta. Sipari i mbylljes s\u00eb tyre, p\u00ebrfundon me Konferenc\u00ebn tradicionale t\u00eb Federat\u00ebs Komb\u00ebtare t\u00eb Shoqatave Shqiptare n\u00eb Itali\u201dFNAI\u201d N\u00eb k\u00ebto konferenca, p\u00ebrve\u00e7 analiz\u00ebs vjetore, trajtohen edhe temat informative, sensibilizuese p\u00ebr komunitetin ton\u00eb, i cili \u00ebsht\u00eb mbart\u00ebs i gjith\u00e7kaje nga Atdheu.<br>T\u00eb bukur\u00ebn, t\u00eb mir\u00ebn, trash\u00ebgimin\u00eb kulturore, gjuh\u00ebn, temperamentin, konceptet, paragjykimet, indiferenc\u00ebn e kultivuar, hallet, \u00ebndrrat dhe dashurin\u00eb p\u00ebr ata q\u00eb na shoq\u00ebrojn\u00eb n\u00eb jet\u00eb, p\u00ebr ata q\u00eb nuk jan\u00eb m\u00eb, p\u00ebr familjet tona si edhe p\u00ebr familjen ton\u00eb t\u00eb madhe; Kombin. Kushdo kur ka emigruar, kujton kalvarin e tij t\u00eb mundimit, emocionet dhe trishtimin t\u00eb p\u00ebrzier me ajrin e ndjenj\u00ebs s\u00eb liris\u00eb drejt nj\u00eb bote t\u00eb re, e shoq\u00ebruar me ankthin e s\u00eb nes\u00ebrmes se ku do t\u00eb mb\u00ebshtes\u00eb kok\u00ebn, p\u00ebr t\u00eb gjetur nj\u00eb pun\u00eb, nj\u00eb streh\u00eb, nj\u00eb lejeq\u00ebndrimi, nj\u00eb p\u00ebrkthim, nj\u00eb patent\u00eb t\u00eb konvertuar, nj\u00eb k\u00ebrkes\u00eb p\u00ebr dokumente, nj\u00eb kontrat\u00eb, nj\u00eb avokat p\u00ebr t\u00eb marr\u00eb parat\u00eb t\u00eb dikujt q\u00eb ka abuzuar me t\u00eb, nj\u00eb mund\u00ebsi p\u00ebr asistenc\u00eb ligjore n\u00eb m\u00ebnyr\u00eb q\u00eb rrug\u00ebtimi yn\u00eb t\u00eb ket\u00eb mbrojtjen e t\u00eb gjitha t\u00eb drejtave si emigrant apo si shqiptaro-italian. Krahas, edhe nj\u00eb abetare.<br>-Gjithashtu edhe t\u00eb tjera ndihmesa, p\u00ebr t\u00eb cilat ka nevoj\u00eb komuniteti shqiptar n\u00eb Itali, jan\u00eb gjithmon\u00eb p\u00ebrpar\u00ebsi e rolit misionar t\u00eb nj\u00eb instuticioni q\u00eb funksionon t\u00ebr\u00ebsisht mbi baza vullnetare si\u00e7 \u00ebsht\u00eb Federata FNAI, n\u00eb bashk\u00ebpunim me instuticionet p\u00ebrfaq\u00ebsuese n\u00eb shtetet tona t\u00eb origjin\u00ebs dhe misionet e tyre diplomatike n\u00eb Itali, p\u00ebr nj\u00eb integrim dinjitoz, p\u00ebrkrahjen morale dhe t\u00eb veprimtarive t\u00eb ndryshme q\u00eb jan\u00eb t\u00eb p\u00ebrcaktuara me buxhetin e \u00e7do shteti am\u00eb n\u00eb baz\u00eb t\u00eb statusit t\u00eb Diaspor\u00ebs p\u00ebr t\u00eb gjitha kategorit\u00eb.<br>Brenda k\u00ebtij instuticioni q\u00ebndrojn\u00eb shoqatat si format bashk\u00ebpunues me Federat\u00ebn, p\u00ebr t\u00eb garantuar me kapacitetet e saj t\u00eb njohjes s\u00eb realitetit nga af\u00ebr t\u00eb diaspor\u00ebs dhe hallkat q\u00eb e mbajn\u00eb at\u00eb t\u00eb lidhur me zinxhirin ton\u00eb jet\u00ebsor.<br>Sigurisht n\u00eb planet bashk\u00ebpunuese me shoqata t\u00eb tjera, Federata vazhdon t\u00eb punoj\u00eb edhe me nj\u00eb pjes\u00eb t\u00eb atyre q\u00eb jan\u00eb t\u00eb pasqaruar, p\u00ebrfshir\u00eb edhe drejtues t\u00eb vet\u00ebshpallur t\u00eb paz\u00ebv\u00ebnd\u00ebsuesh\u00ebm, q\u00eb frenon dhe d\u00ebmton unitetin e shoqatave p\u00ebr t&#8217;u organizuar, nj\u00eb dukuri t\u00eb cil\u00ebn e shpjegoi n\u00eb raportin e tij edhe presidenti i FNAI-t zoti Granit Mu\u00e7aj. Por ka edhe tipa pelhivan\u00eb e t\u00eb paskrupullt q\u00eb shfryt\u00ebzojn\u00eb \u00e7do tubim apo seminar t\u00eb mentor\u00ebve tan\u00eb dhe b\u00ebjn\u00eb thirrje p\u00ebr ngritjen e nj\u00eb rrjeti t\u00eb shoqatave shqiptare n\u00eb Itali. K\u00ebta Jago t\u00eb mir\u00ebinstruktuar, q\u00eb \u00ebnd\u00ebrrojn\u00eb t\u00eb jen\u00eb t\u00eb pavdeksh\u00ebm, jan\u00eb nj\u00eb rrezik potencial p\u00ebr shp\u00ebrb\u00ebrjen e Federat\u00ebs FNAI e t\u00eb shoqatave me aktivitet cil\u00ebsor n\u00eb Itali me t\u00eb cil\u00ebt duhet t\u00eb distancohemi e t&#8217;i demaskojm\u00eb.<br>Edhe pse t\u00eb gjith\u00eb veprimtar\u00ebt shoq\u00ebror\u00eb dhe drejtuesit e shoqatave jan\u00eb vullnetar\u00eb, kund\u00ebrshtia dhe indiferentizmi manifestohet tek ajo kategori njer\u00ebzore q\u00eb fle, n\u00ebnvler\u00ebson e heziton apo t\u00eb tjer\u00eb drit\u00ebshkurt\u00ebr, t\u00eb cil\u00ebt kan\u00eb frik\u00eb se FNAI mund t&#8217;i hyj\u00eb n\u00eb hise e t\u00eb b\u00ebhet pjes\u00eb e projekteve t\u00eb tyre.<br>P\u00ebr k\u00ebto raste e t\u00eb tjera, kushdo duhet t\u00eb informohet p\u00ebr rolin dhe pozicionin q\u00eb po k\u00ebrkon t\u00eb ket\u00eb familja e madhe e FNAI-t p\u00ebr Diaspor\u00ebn e Italis\u00eb. -Familje e cila rritet numerikisht mbi baz\u00ebn e vullnetarizmit patriotik me nisma, takime, programe e t\u00eb tjera, p\u00ebrgjat\u00eb afro 10 vitesh duke shtuar edhe realizimin me sukses t\u00eb Konferenc\u00ebs Diaspora 2024.<br>Pjes\u00ebmarrja dhe p\u00ebrsh\u00ebndetjet e shumta n\u00eb konferenc\u00eb edhe nga p\u00ebrfaq\u00ebsuesit tan\u00eb Diplomatik n\u00eb Rom\u00eb e Milano e t\u00eb tjer\u00eb miqve t\u00eb shumt\u00eb, na inkurajojn\u00eb n\u00eb rritje t\u00eb besimit p\u00ebr t\u00eb q\u00ebn\u00eb nj\u00eb ur\u00eb e miq\u00ebsis\u00eb dhe bashk\u00ebpunimit me vendasit, instancat shtet\u00ebrore n\u00eb vendet tona t\u00eb origjin\u00ebs dhe pandashm\u00ebrisht me p\u00ebrfaq\u00ebsuesit e tyre shtet\u00ebror\u00eb n\u00eb Itali.<br>Personalisht ndihem i nderuar p\u00ebr besimin q\u00eb m&#8217;u dha p\u00ebr t\u00eb punuar n\u00eb Grupin e Pun\u00ebs p\u00ebr realizimin e Konferenc\u00ebs dhe me shum\u00eb mir\u00ebnjohje e respekt i falenderoj t\u00eb gjith\u00eb p\u00ebr pun\u00ebn cil\u00ebsore, koh\u00ebn e dedikuar me takimet e shumta p\u00ebr ta realizuar me sukses k\u00ebt\u00eb konferenc\u00eb. Nj\u00eb realitet q\u00eb transmeton p\u00ebrvoj\u00eb dhe pjekuri nga K\u00ebshilli Drejtues i FNAI-it dhe drejtuesit e shoqatave.<br>N\u00eb vijim do t\u00eb falenderoj t\u00eb pap\u00ebrtuarin prof.Ndue Shabaku p\u00ebr veprimtarin\u00eb e tij krijuese, organizuese, redaktoriale dhe kolegjiale duke e uruar p\u00ebr vler\u00ebsimet e merituara. \u201dPersonalitet i Diaspor\u00ebs n\u00eb Itali&#8221; dhe \u201cDrit\u00eb P\u00ebr Kombin\u201d<br>Me radh\u00eb, prof.ssa. Monda Mara p\u00ebr koordinimin e aktivitetit, takimeve dhe evidentimit p\u00ebr t&#8217;i dh\u00ebn\u00eb zgjidhje nj\u00eb axhende t\u00eb tejmbushur me veprimtari, dr.ssa. Ninfa Pema p\u00ebr kujdesin e saj t\u00eb jasht\u00ebzakonsh\u00ebm n\u00eb realizimin bukur e me p\u00ebrpik\u00ebri t\u00eb t\u00eb gjitha spoteve dhe an\u00ebs dokumentare, si dhe drejtimin e drek\u00ebs festive.<br>I detyruesh\u00ebm fal\u00ebnderimi p\u00ebr gazetarin e mir\u00ebnjohur sportiv dhe bashk\u00ebpun\u00ebtorin e vjet\u00ebr t\u00eb Federat\u00ebs showman Sefer Kikija p\u00ebr drejtimin artistik t\u00eb drek\u00ebs festive. Po ashtu, dr.ssa Jonilda Dervishaj, sekretare e shoq.\u201dBes\u00eblidhja\u201d dhe m\u00ebsuese, si drejtuese e Konferenc\u00ebs, e cila, edhe pse e r\u00ebnduar nga gripi, ia doli m\u00eb s\u00eb miri. Fal\u00ebnderime p\u00ebr artistin Griseld Hoxha, fotografin profesionist t\u00eb krejt aktivitetit, i gatsh\u00ebm edhe p\u00ebr t\u00eb p\u00ebrmbushur k\u00ebrkesat e shumta p\u00ebr t\u00eb b\u00ebr\u00eb foto. Propozimit p\u00ebr t\u00eb q\u00ebn\u00eb pjes\u00eb e Grupit t\u00eb Pun\u00ebs iu p\u00ebrgjigj pozitivisht dhe erdhi posa\u00e7\u00ebrisht nga Durr\u00ebsi p\u00ebr t\u00eb ndihmuar me aparatin e tij paraqitjen reale t\u00eb aktivitetit.<br>Gjithashtu do t\u00eb p\u00ebrmend dhe fal\u00ebnderoj edhe an\u00ebtarin e K\u00ebshillit Drejtues t\u00eb Federat\u00ebs zotin Dedin Paci dhe an\u00ebtar i stafit t\u00eb shoqat\u00ebs \u201cAlbaCalcinato\u201d, mjeshtrin Erion Sheqeri, si dirigjent, kompozitor dhe jurist i ardhur nga Vicenza. S\u00eb bashku me dr. Fehmi Bekteshi nga Norvegjia, mund\u00ebsuan realizimin e trasmetimit t\u00eb konferenc\u00ebs dhe t\u00eb krejt mbar\u00ebvajtjes s\u00eb llogjistik\u00ebs, ku pjes\u00eb e dekorit ishte edhe zoti Sherif Nuredini.<br>-Zotin Dashamir Kertusha, an\u00ebtari i K\u00ebshillit Drejtues t\u00eb Federat\u00ebs dhe President i shoqat\u00ebs \u201dBes\u00eblidhja\u201d n\u00eb Rovereto p\u00ebr realizimin e mjaft veprimtarive promovuese me shoqat\u00ebn si edhe p\u00ebr angazhimin e tij prej vitesh n\u00eb mbar\u00ebvajtjen e shpenzimeve ekonomike t\u00eb Konferencave Diaspora gjat\u00eb viteve 2022-2024. Shtoj edhe pjes\u00ebmarrjen masive n\u00eb Konferenc\u00eb t\u00eb antar\u00ebve nga shoqata q\u00eb ai drejton . -P\u00ebrg\u00ebzoj Sekretaren e Federat\u00ebs ing. Erida Cela p\u00ebr p\u00ebrballimin me sukses e n\u00eb koh\u00eb t\u00eb volumit t\u00eb pun\u00ebs q\u00eb iu ngarkua nga grupi pun\u00ebs p\u00ebr njoftime e axhornime t\u00eb p\u00ebrditshme.<br>Mbase po zgjatem me emra, por e meritojn\u00eb, sepse i b\u00ebjn\u00eb nder dhe i lart\u00ebsojn\u00eb emrin Federat\u00ebs. Faleminderit Leonora Zefi, Dritan Ferhati, Valbona Xibri,Ndri\u00e7im Ker\u00e7uku, Gek Gaci, Aleks Tom Vulaj, Dorarta Asllani, Mimoza Kurtulaj, Ndue Pal Qokaj, Drita Gega, Artan Shyti, G\u00ebzim Zira, Astrit Hysko, Granit Mu\u00e7aj, Miltjadh Ziu, Gjovalin Gjonaj, Renzo Bonafini,Nereida Xhakolli, Arjeta Hysa, Shpresa Popa, Halit Ajazi, Denis Beqiri, Zini Doda, Marjana Shabaku, Viola Fusha, Jasin Dauti, Shpresa Delishaj, Nexhmi Mati, Faik Skopeti, Antoneta Nushi, Mark Paci, Alfred Perlala,Rita Shkurtaj, Qani Golikja etj dhe n\u00eb ve\u00e7anti artisten Alketa Delishaj si krijuese dhe disenjatore e modelit t\u00eb certifikatave p\u00ebr Federat\u00ebn. Falenderimet shkojn\u00eb edhe p\u00ebr rinin\u00eb, miqt\u00eb tan\u00eb inteletual\u00eb nga Durr\u00ebsi e Tirana t\u00eb cil\u00ebt ishin pjes\u00eb e konferenc\u00ebs, si; Pano Ceka, Edit Simoni, Ermir dhe Elti Shahini, Ideal Xheri etj, etj. Falenderime zemre edhe t\u00eb af\u00ebrmve t\u00eb tyre q\u00eb ishin pjes\u00eb e fest\u00ebs son\u00eb. -Fal\u00ebnderime t\u00eb ve\u00e7anta p\u00ebr dr. Alket Veliu p\u00ebr bashk\u00ebpunimin me Federat\u00ebn FNAI, dashamir\u00ebsin\u00eb, ndihm\u00ebn dhe p\u00ebrkujdesjen q\u00eb i dedikoi jubileut t\u00eb 80 t\u00eb masakrave t\u00eb shtetit grek ndaj popullsis\u00eb s\u00eb pambrojtur \u00c7ame, viktim\u00eb e dyfisht\u00eb si produkt i heshtjes. Heshtje t\u00eb cil\u00ebn do t\u00eb vazhdojm\u00eb ta thyejm\u00eb n\u00eb arritjen e nj\u00eb zgjidhje ligjore dhe me forma demokratike. Faleminderime p\u00ebr mb\u00ebshtetjen finanziare t\u00eb aktivitetit dhe p\u00ebr librat q\u00eb u ofruan falas p\u00ebr auditorin e Konferenc\u00ebs nga Fondacioni \u00c7am\u00ebria \u201dHasan Tahsin\u201d.<br>Faleminderit, prof. dr. Jani Ko\u00e7illari, pedagog n\u00eb Universitetin e Tiran\u00ebs, arkeologu q\u00eb na solle n\u00eb Konferenc\u00eb z\u00ebrat nga thell\u00ebsi e tok\u00ebs son\u00eb. Tok\u00eb e cila ka nevoj\u00eb p\u00ebr investime, p\u00ebr t\u00eb ndri\u00e7uar m\u00eb shum\u00eb vlerat, t\u00eb v\u00ebrtet\u00ebn dhe lasht\u00ebsin\u00eb e kombit ton\u00eb. Faleminderit shkrimtarit dhe kryeredaktorit t\u00eb gazet\u00ebs \u201c\u00c7am\u00ebria\u201d zotit Arben Iliazi p\u00ebr pjes\u00ebmarrjen dhe vler\u00ebsimet e b\u00ebra n\u00eb p\u00ebrsh\u00ebndetjen e tij dhe p\u00ebr gjith\u00e7ka q\u00eb hedh n\u00eb let\u00ebr p\u00ebr at\u00eb pjes\u00eb t\u00eb historis\u00eb makabre ndaj popullit shqiptar t\u00eb \u00c7am\u00ebris\u00eb. &#8211; Fal\u00ebnderime pa fund p\u00ebr mb\u00ebshtetjen financiare t\u00eb konferenc\u00ebs dr. Muharrem Salihu, drejtor i \u201cMela Holding Group\u201d kandidati i par\u00eb shqiptar p\u00ebr deputet n\u00eb parlamentin Evropian, bir i Medvegj\u00ebs i cili me p\u00ebrpjekjet e tij ka arritur t\u00eb t\u00ebrheq\u00eb v\u00ebmendjen e \u00e7\u00ebshtjes s\u00eb shqiptar\u00ebve t\u00eb \u00e7rregjistruar n\u00eb Serbi me futjen e saj n\u00eb axhendat e ministrive t\u00eb Jashtme t\u00eb Shqip\u00ebris\u00eb,Kosov\u00ebs e K.Europian .Shkeljet e vazhdueshme t\u00eb Serbis\u00eb q\u00eb parashikon neni 27 i paktit n\/komb\u00ebtar p\u00ebr t\u00eb drejtat civile dhe politike(1966), Akti Final i Helsinkit(1975),Neni 3 i Deklarat\u00ebs s\u00eb Asamb, s\u00eb P\u00ebrgjith, t\u00eb OKB,(1992)raporti shpjegues p\u00ebr mbrojtjen e pakicave komb\u00ebtare (1998)dhe rezoluta e K.E (2022) jan\u00eb shqet\u00ebsime prej t\u00eb cilave z.Muharrem Saliu n\u00eb em\u00ebr t\u00eb Forumit Shqiptar p\u00ebr Zhvillim Ekonomik n\u00eb Serbi,shpreh indinjat\u00ebn e tij kundrejt k\u00ebtyre shkeljeve dhe vazhdimisht po k\u00ebrkon t\u00eb sensibilizoj\u00eb krejt kancelarit\u00eb Evropiane dhe ato N\/komb. p\u00ebr qeverin\u00eb Serbe e cila n\u00eb m\u00ebnyr\u00eb sistematike po keq p\u00ebrdor ligjin p\u00ebr t\u00eb b\u00ebr\u00eb spastrim etnik kund\u00ebr pakic\u00ebs komb\u00ebtare shqiptare q\u00eb jeton n\u00eb Bujanoc.Preshev\u00eb dhe Medvegj\u00eb.<br>-Falenderimet e fundit jan\u00eb p\u00ebr t\u00eb gjitha drejtuesit e shumt\u00eb dhe aktivist\u00ebt e shoqatave e t\u00eb tjera t\u00eb ftuar t\u00eb cil\u00ebt erdh\u00ebn nga Zvicra, Kosova, Shqip\u00ebria USA dhe nga rajonet e provincat e ndryshme t\u00eb italis\u00eb. Ata jan\u00eb t\u00eb shumt\u00eb dhe pjes\u00eb e vlerave m\u00eb t\u00eb larta p\u00ebr unitet q\u00eb besojn\u00eb dhe ndihmojn\u00eb n\u00eb rritjen cil\u00ebsore t\u00eb veprimtarive t\u00eb tilla.<br>Mirupafshim n\u00eb p\u00ebrvjetorin e 10 t\u00eb lindjes s\u00eb Federat\u00ebs(26.04.2025)n\u00eb sheshin \u201cSk\u00ebnderbe\u201c Fermo, aty ku edhe u firmos Akti i Themelimit t\u00eb saj.<br>Rroft\u00eb Kombi Shqiptar !<\/p>\n\n\n\n<p><strong>Petrit R. Aliaj.<br>President Nderi i Federat\u00ebs FNAI.<br>Brescia, dhjetor 2024<\/strong><\/p>\n","protected":false},"excerpt":{"rendered":"<p>P\u00ebr ne shqiptar\u00ebt, fundi i vitit, \u00ebsht\u00eb i mbushur me festa. Paraprihet nga pjesa m\u00eb e lavdishme e historis\u00eb son\u00eb ku triumfalisht hyn N\u00ebntori me aktin e themelimit t\u00eb alfabetit t\u00eb gjuh\u00ebs shqipe n\u00eb Kongresin e Manastirit e kulmon me fest\u00ebn e Flamurit. Rrug\u00ebtimi i tij festiv me passaport\u00ebn kuq e zi n\u00eb dor\u00eb, i&#8230;<\/p>\n","protected":false},"author":2,"featured_media":3948,"comment_status":"open","ping_status":"open","sticky":false,"template":"","format":"standard","meta":{"_coblocks_attr":"","_coblocks_dimensions":"","_coblocks_responsive_height":"","_coblocks_accordion_ie_support":"","_monsterinsights_skip_tracking":false,"_monsterinsights_sitenote_active":false,"_monsterinsights_sitenote_note":"","_monsterinsights_sitenote_category":0,"footnotes":""},"categories":[17],"tags":[],"class_list":["post-3947","post","type-post","status-publish","format-standard","has-post-thumbnail","hentry","category-diaspora"],"yoast_head":"<!-- This site is optimized with the Yoast SEO plugin v27.5 - https:\/\/yoast.com\/product\/yoast-seo-wordpress\/ -->\n<title>PA EUFORI VAZHDOJM\u00cb UDH\u00cbTIMIN TON\u00cb - Medvegja Sot<\/title>\n<meta name=\"robots\" content=\"index, follow, max-snippet:-1, max-image-preview:large, max-video-preview:-1\" \/>\n<link rel=\"canonical\" href=\"https:\/\/medvegjasot.com\/?p=3947\" \/>\n<meta property=\"og:locale\" content=\"en_US\" \/>\n<meta property=\"og:type\" content=\"article\" \/>\n<meta property=\"og:title\" content=\"PA EUFORI VAZHDOJM\u00cb UDH\u00cbTIMIN TON\u00cb - Medvegja Sot\" \/>\n<meta property=\"og:description\" content=\"P\u00ebr ne shqiptar\u00ebt, fundi i vitit, \u00ebsht\u00eb i mbushur me festa. Paraprihet nga pjesa m\u00eb e lavdishme e historis\u00eb son\u00eb ku triumfalisht hyn N\u00ebntori me aktin e themelimit t\u00eb alfabetit t\u00eb gjuh\u00ebs shqipe n\u00eb Kongresin e Manastirit e kulmon me fest\u00ebn e Flamurit. Rrug\u00ebtimi i tij festiv me passaport\u00ebn kuq e zi n\u00eb dor\u00eb, i...\" \/>\n<meta property=\"og:url\" content=\"https:\/\/medvegjasot.com\/?p=3947\" \/>\n<meta property=\"og:site_name\" content=\"Medvegja Sot\" \/>\n<meta property=\"article:publisher\" content=\"https:\/\/www.facebook.com\/MedvegjaSot.com1\" \/>\n<meta property=\"article:published_time\" content=\"2024-12-27T04:34:58+00:00\" \/>\n<meta property=\"og:image\" content=\"https:\/\/medvegjasot.com\/wp-content\/uploads\/2024\/12\/IMG_1954-scaled.jpeg\" \/>\n\t<meta property=\"og:image:width\" content=\"2560\" \/>\n\t<meta property=\"og:image:height\" content=\"1440\" \/>\n\t<meta property=\"og:image:type\" content=\"image\/jpeg\" \/>\n<meta name=\"author\" content=\"admin\" \/>\n<meta name=\"twitter:card\" content=\"summary_large_image\" \/>\n<meta name=\"twitter:label1\" content=\"Written by\" \/>\n\t<meta name=\"twitter:data1\" content=\"admin\" \/>\n\t<meta name=\"twitter:label2\" content=\"Est. reading time\" \/>\n\t<meta name=\"twitter:data2\" content=\"8 minutes\" \/>\n<script type=\"application\/ld+json\" class=\"yoast-schema-graph\">{\"@context\":\"https:\\\/\\\/schema.org\",\"@graph\":[{\"@type\":\"Article\",\"@id\":\"https:\\\/\\\/medvegjasot.com\\\/?p=3947#article\",\"isPartOf\":{\"@id\":\"https:\\\/\\\/medvegjasot.com\\\/?p=3947\"},\"author\":{\"name\":\"admin\",\"@id\":\"https:\\\/\\\/medvegjasot.com\\\/#\\\/schema\\\/person\\\/f2be1a84f4e95d0cb032946a1cf2e594\"},\"headline\":\"PA EUFORI VAZHDOJM\u00cb UDH\u00cbTIMIN TON\u00cb\",\"datePublished\":\"2024-12-27T04:34:58+00:00\",\"mainEntityOfPage\":{\"@id\":\"https:\\\/\\\/medvegjasot.com\\\/?p=3947\"},\"wordCount\":2000,\"commentCount\":0,\"publisher\":{\"@id\":\"https:\\\/\\\/medvegjasot.com\\\/#organization\"},\"image\":{\"@id\":\"https:\\\/\\\/medvegjasot.com\\\/?p=3947#primaryimage\"},\"thumbnailUrl\":\"https:\\\/\\\/medvegjasot.com\\\/wp-content\\\/uploads\\\/2024\\\/12\\\/IMG_1954-scaled.jpeg\",\"articleSection\":[\"DIASPORA\"],\"inLanguage\":\"en-US\",\"potentialAction\":[{\"@type\":\"CommentAction\",\"name\":\"Comment\",\"target\":[\"https:\\\/\\\/medvegjasot.com\\\/?p=3947#respond\"]}]},{\"@type\":\"WebPage\",\"@id\":\"https:\\\/\\\/medvegjasot.com\\\/?p=3947\",\"url\":\"https:\\\/\\\/medvegjasot.com\\\/?p=3947\",\"name\":\"PA EUFORI VAZHDOJM\u00cb UDH\u00cbTIMIN TON\u00cb - Medvegja Sot\",\"isPartOf\":{\"@id\":\"https:\\\/\\\/medvegjasot.com\\\/#website\"},\"primaryImageOfPage\":{\"@id\":\"https:\\\/\\\/medvegjasot.com\\\/?p=3947#primaryimage\"},\"image\":{\"@id\":\"https:\\\/\\\/medvegjasot.com\\\/?p=3947#primaryimage\"},\"thumbnailUrl\":\"https:\\\/\\\/medvegjasot.com\\\/wp-content\\\/uploads\\\/2024\\\/12\\\/IMG_1954-scaled.jpeg\",\"datePublished\":\"2024-12-27T04:34:58+00:00\",\"breadcrumb\":{\"@id\":\"https:\\\/\\\/medvegjasot.com\\\/?p=3947#breadcrumb\"},\"inLanguage\":\"en-US\",\"potentialAction\":[{\"@type\":\"ReadAction\",\"target\":[\"https:\\\/\\\/medvegjasot.com\\\/?p=3947\"]}]},{\"@type\":\"ImageObject\",\"inLanguage\":\"en-US\",\"@id\":\"https:\\\/\\\/medvegjasot.com\\\/?p=3947#primaryimage\",\"url\":\"https:\\\/\\\/medvegjasot.com\\\/wp-content\\\/uploads\\\/2024\\\/12\\\/IMG_1954-scaled.jpeg\",\"contentUrl\":\"https:\\\/\\\/medvegjasot.com\\\/wp-content\\\/uploads\\\/2024\\\/12\\\/IMG_1954-scaled.jpeg\",\"width\":2560,\"height\":1440},{\"@type\":\"BreadcrumbList\",\"@id\":\"https:\\\/\\\/medvegjasot.com\\\/?p=3947#breadcrumb\",\"itemListElement\":[{\"@type\":\"ListItem\",\"position\":1,\"name\":\"Home\",\"item\":\"https:\\\/\\\/medvegjasot.com\\\/\"},{\"@type\":\"ListItem\",\"position\":2,\"name\":\"PA EUFORI VAZHDOJM\u00cb UDH\u00cbTIMIN TON\u00cb\"}]},{\"@type\":\"WebSite\",\"@id\":\"https:\\\/\\\/medvegjasot.com\\\/#website\",\"url\":\"https:\\\/\\\/medvegjasot.com\\\/\",\"name\":\"Medvegja Sot\",\"description\":\"Portal Lajmesh\",\"publisher\":{\"@id\":\"https:\\\/\\\/medvegjasot.com\\\/#organization\"},\"alternateName\":\"MS\",\"potentialAction\":[{\"@type\":\"SearchAction\",\"target\":{\"@type\":\"EntryPoint\",\"urlTemplate\":\"https:\\\/\\\/medvegjasot.com\\\/?s={search_term_string}\"},\"query-input\":{\"@type\":\"PropertyValueSpecification\",\"valueRequired\":true,\"valueName\":\"search_term_string\"}}],\"inLanguage\":\"en-US\"},{\"@type\":\"Organization\",\"@id\":\"https:\\\/\\\/medvegjasot.com\\\/#organization\",\"name\":\"Medvegja Sot\",\"alternateName\":\"MS\",\"url\":\"https:\\\/\\\/medvegjasot.com\\\/\",\"logo\":{\"@type\":\"ImageObject\",\"inLanguage\":\"en-US\",\"@id\":\"https:\\\/\\\/medvegjasot.com\\\/#\\\/schema\\\/logo\\\/image\\\/\",\"url\":\"https:\\\/\\\/medvegjasot.com\\\/wp-content\\\/uploads\\\/2024\\\/08\\\/logo.png\",\"contentUrl\":\"https:\\\/\\\/medvegjasot.com\\\/wp-content\\\/uploads\\\/2024\\\/08\\\/logo.png\",\"width\":500,\"height\":500,\"caption\":\"Medvegja Sot\"},\"image\":{\"@id\":\"https:\\\/\\\/medvegjasot.com\\\/#\\\/schema\\\/logo\\\/image\\\/\"},\"sameAs\":[\"https:\\\/\\\/www.facebook.com\\\/MedvegjaSot.com1\"]},{\"@type\":\"Person\",\"@id\":\"https:\\\/\\\/medvegjasot.com\\\/#\\\/schema\\\/person\\\/f2be1a84f4e95d0cb032946a1cf2e594\",\"name\":\"admin\",\"image\":{\"@type\":\"ImageObject\",\"inLanguage\":\"en-US\",\"@id\":\"https:\\\/\\\/secure.gravatar.com\\\/avatar\\\/2eedc5259426225ddc6f98b4b6728c30418b83e6f70285719780d3518d972ece?s=96&d=mm&r=g\",\"url\":\"https:\\\/\\\/secure.gravatar.com\\\/avatar\\\/2eedc5259426225ddc6f98b4b6728c30418b83e6f70285719780d3518d972ece?s=96&d=mm&r=g\",\"contentUrl\":\"https:\\\/\\\/secure.gravatar.com\\\/avatar\\\/2eedc5259426225ddc6f98b4b6728c30418b83e6f70285719780d3518d972ece?s=96&d=mm&r=g\",\"caption\":\"admin\"},\"url\":\"https:\\\/\\\/medvegjasot.com\\\/?author=2\"}]}<\/script>\n<!-- \/ Yoast SEO plugin. -->","yoast_head_json":{"title":"PA EUFORI VAZHDOJM\u00cb UDH\u00cbTIMIN TON\u00cb - Medvegja Sot","robots":{"index":"index","follow":"follow","max-snippet":"max-snippet:-1","max-image-preview":"max-image-preview:large","max-video-preview":"max-video-preview:-1"},"canonical":"https:\/\/medvegjasot.com\/?p=3947","og_locale":"en_US","og_type":"article","og_title":"PA EUFORI VAZHDOJM\u00cb UDH\u00cbTIMIN TON\u00cb - Medvegja Sot","og_description":"P\u00ebr ne shqiptar\u00ebt, fundi i vitit, \u00ebsht\u00eb i mbushur me festa. Paraprihet nga pjesa m\u00eb e lavdishme e historis\u00eb son\u00eb ku triumfalisht hyn N\u00ebntori me aktin e themelimit t\u00eb alfabetit t\u00eb gjuh\u00ebs shqipe n\u00eb Kongresin e Manastirit e kulmon me fest\u00ebn e Flamurit. Rrug\u00ebtimi i tij festiv me passaport\u00ebn kuq e zi n\u00eb dor\u00eb, i...","og_url":"https:\/\/medvegjasot.com\/?p=3947","og_site_name":"Medvegja Sot","article_publisher":"https:\/\/www.facebook.com\/MedvegjaSot.com1","article_published_time":"2024-12-27T04:34:58+00:00","og_image":[{"width":2560,"height":1440,"url":"https:\/\/medvegjasot.com\/wp-content\/uploads\/2024\/12\/IMG_1954-scaled.jpeg","type":"image\/jpeg"}],"author":"admin","twitter_card":"summary_large_image","twitter_misc":{"Written by":"admin","Est. reading time":"8 minutes"},"schema":{"@context":"https:\/\/schema.org","@graph":[{"@type":"Article","@id":"https:\/\/medvegjasot.com\/?p=3947#article","isPartOf":{"@id":"https:\/\/medvegjasot.com\/?p=3947"},"author":{"name":"admin","@id":"https:\/\/medvegjasot.com\/#\/schema\/person\/f2be1a84f4e95d0cb032946a1cf2e594"},"headline":"PA EUFORI VAZHDOJM\u00cb UDH\u00cbTIMIN TON\u00cb","datePublished":"2024-12-27T04:34:58+00:00","mainEntityOfPage":{"@id":"https:\/\/medvegjasot.com\/?p=3947"},"wordCount":2000,"commentCount":0,"publisher":{"@id":"https:\/\/medvegjasot.com\/#organization"},"image":{"@id":"https:\/\/medvegjasot.com\/?p=3947#primaryimage"},"thumbnailUrl":"https:\/\/medvegjasot.com\/wp-content\/uploads\/2024\/12\/IMG_1954-scaled.jpeg","articleSection":["DIASPORA"],"inLanguage":"en-US","potentialAction":[{"@type":"CommentAction","name":"Comment","target":["https:\/\/medvegjasot.com\/?p=3947#respond"]}]},{"@type":"WebPage","@id":"https:\/\/medvegjasot.com\/?p=3947","url":"https:\/\/medvegjasot.com\/?p=3947","name":"PA EUFORI VAZHDOJM\u00cb UDH\u00cbTIMIN TON\u00cb - Medvegja Sot","isPartOf":{"@id":"https:\/\/medvegjasot.com\/#website"},"primaryImageOfPage":{"@id":"https:\/\/medvegjasot.com\/?p=3947#primaryimage"},"image":{"@id":"https:\/\/medvegjasot.com\/?p=3947#primaryimage"},"thumbnailUrl":"https:\/\/medvegjasot.com\/wp-content\/uploads\/2024\/12\/IMG_1954-scaled.jpeg","datePublished":"2024-12-27T04:34:58+00:00","breadcrumb":{"@id":"https:\/\/medvegjasot.com\/?p=3947#breadcrumb"},"inLanguage":"en-US","potentialAction":[{"@type":"ReadAction","target":["https:\/\/medvegjasot.com\/?p=3947"]}]},{"@type":"ImageObject","inLanguage":"en-US","@id":"https:\/\/medvegjasot.com\/?p=3947#primaryimage","url":"https:\/\/medvegjasot.com\/wp-content\/uploads\/2024\/12\/IMG_1954-scaled.jpeg","contentUrl":"https:\/\/medvegjasot.com\/wp-content\/uploads\/2024\/12\/IMG_1954-scaled.jpeg","width":2560,"height":1440},{"@type":"BreadcrumbList","@id":"https:\/\/medvegjasot.com\/?p=3947#breadcrumb","itemListElement":[{"@type":"ListItem","position":1,"name":"Home","item":"https:\/\/medvegjasot.com\/"},{"@type":"ListItem","position":2,"name":"PA EUFORI VAZHDOJM\u00cb UDH\u00cbTIMIN TON\u00cb"}]},{"@type":"WebSite","@id":"https:\/\/medvegjasot.com\/#website","url":"https:\/\/medvegjasot.com\/","name":"Medvegja Sot","description":"Portal Lajmesh","publisher":{"@id":"https:\/\/medvegjasot.com\/#organization"},"alternateName":"MS","potentialAction":[{"@type":"SearchAction","target":{"@type":"EntryPoint","urlTemplate":"https:\/\/medvegjasot.com\/?s={search_term_string}"},"query-input":{"@type":"PropertyValueSpecification","valueRequired":true,"valueName":"search_term_string"}}],"inLanguage":"en-US"},{"@type":"Organization","@id":"https:\/\/medvegjasot.com\/#organization","name":"Medvegja Sot","alternateName":"MS","url":"https:\/\/medvegjasot.com\/","logo":{"@type":"ImageObject","inLanguage":"en-US","@id":"https:\/\/medvegjasot.com\/#\/schema\/logo\/image\/","url":"https:\/\/medvegjasot.com\/wp-content\/uploads\/2024\/08\/logo.png","contentUrl":"https:\/\/medvegjasot.com\/wp-content\/uploads\/2024\/08\/logo.png","width":500,"height":500,"caption":"Medvegja Sot"},"image":{"@id":"https:\/\/medvegjasot.com\/#\/schema\/logo\/image\/"},"sameAs":["https:\/\/www.facebook.com\/MedvegjaSot.com1"]},{"@type":"Person","@id":"https:\/\/medvegjasot.com\/#\/schema\/person\/f2be1a84f4e95d0cb032946a1cf2e594","name":"admin","image":{"@type":"ImageObject","inLanguage":"en-US","@id":"https:\/\/secure.gravatar.com\/avatar\/2eedc5259426225ddc6f98b4b6728c30418b83e6f70285719780d3518d972ece?s=96&d=mm&r=g","url":"https:\/\/secure.gravatar.com\/avatar\/2eedc5259426225ddc6f98b4b6728c30418b83e6f70285719780d3518d972ece?s=96&d=mm&r=g","contentUrl":"https:\/\/secure.gravatar.com\/avatar\/2eedc5259426225ddc6f98b4b6728c30418b83e6f70285719780d3518d972ece?s=96&d=mm&r=g","caption":"admin"},"url":"https:\/\/medvegjasot.com\/?author=2"}]}},"jetpack_featured_media_url":"https:\/\/medvegjasot.com\/wp-content\/uploads\/2024\/12\/IMG_1954-scaled.jpeg","_links":{"self":[{"href":"https:\/\/medvegjasot.com\/index.php?rest_route=\/wp\/v2\/posts\/3947","targetHints":{"allow":["GET"]}}],"collection":[{"href":"https:\/\/medvegjasot.com\/index.php?rest_route=\/wp\/v2\/posts"}],"about":[{"href":"https:\/\/medvegjasot.com\/index.php?rest_route=\/wp\/v2\/types\/post"}],"author":[{"embeddable":true,"href":"https:\/\/medvegjasot.com\/index.php?rest_route=\/wp\/v2\/users\/2"}],"replies":[{"embeddable":true,"href":"https:\/\/medvegjasot.com\/index.php?rest_route=%2Fwp%2Fv2%2Fcomments&post=3947"}],"version-history":[{"count":1,"href":"https:\/\/medvegjasot.com\/index.php?rest_route=\/wp\/v2\/posts\/3947\/revisions"}],"predecessor-version":[{"id":3949,"href":"https:\/\/medvegjasot.com\/index.php?rest_route=\/wp\/v2\/posts\/3947\/revisions\/3949"}],"wp:featuredmedia":[{"embeddable":true,"href":"https:\/\/medvegjasot.com\/index.php?rest_route=\/wp\/v2\/media\/3948"}],"wp:attachment":[{"href":"https:\/\/medvegjasot.com\/index.php?rest_route=%2Fwp%2Fv2%2Fmedia&parent=3947"}],"wp:term":[{"taxonomy":"category","embeddable":true,"href":"https:\/\/medvegjasot.com\/index.php?rest_route=%2Fwp%2Fv2%2Fcategories&post=3947"},{"taxonomy":"post_tag","embeddable":true,"href":"https:\/\/medvegjasot.com\/index.php?rest_route=%2Fwp%2Fv2%2Ftags&post=3947"}],"curies":[{"name":"wp","href":"https:\/\/api.w.org\/{rel}","templated":true}]}}