{"id":3742,"date":"2024-12-10T18:59:11","date_gmt":"2024-12-10T18:59:11","guid":{"rendered":"https:\/\/medvegjasot.com\/?p=3742"},"modified":"2024-12-17T19:22:21","modified_gmt":"2024-12-17T19:22:21","slug":"perpjekja-e-serbise-per-te-ndaluar-subvencionimin-e-bujqeve-shqiptare-bislimi-kerkon-reagim-nderkombetar","status":"publish","type":"post","link":"https:\/\/medvegjasot.com\/?p=3742","title":{"rendered":"P\u00ebrpjekja e Serbis\u00eb p\u00ebr t\u00eb ndaluar subvencionimin e bujq\u00ebve shqiptar\u00eb, Bislimi k\u00ebrkon reagim nd\u00ebrkomb\u00ebtar"},"content":{"rendered":"\n<p><strong>Z\u00ebvend\u00ebskryeministri i Kosov\u00ebs, Besnik Bislimi, ka d\u00ebnuar p\u00ebrpjekjet e Serbis\u00eb p\u00ebr t\u00eb ndaluar donacionin e dedikuar p\u00ebr subvencionimin e bujq\u00ebve shqiptar\u00eb n\u00eb Preshev\u00eb, Bujanoc dhe Medvegj\u00eb<\/strong>, <strong>shkruan<\/strong> <strong>MedvegjaSot. com<\/strong><\/p>\n\n\n\n<p>N\u00ebp\u00ebrmjet nj\u00eb reagimi n\u00eb Facebook, Bislimi tha se&nbsp;<em>\u201cMinistria e Serbis\u00eb p\u00ebr t\u00eb Drejtat e Njeriut dhe Pakicave dhe Dialog Social, ka nd\u00ebrhyr\u00eb p\u00ebr t\u00eb bllokuar k\u00ebt\u00eb proces, duke k\u00ebrkuar anulimin e vendimit p\u00ebr thirrjen publike.\u201d<\/em><\/p>\n\n\n\n<p>N\u00eb drit\u00ebn e k\u00ebtij veprimi, Bislimi u b\u00ebri thirrje BE-s\u00eb, OSBE-s\u00eb dhe shteteve t\u00eb Quint-it p\u00ebr t\u00eb monitoruar situat\u00ebn.<\/p>\n\n\n\n<p><strong>Reagim i plot\u00eb:<\/strong><\/p>\n\n\n\n<p>Qeveria e Republik\u00ebs s\u00eb Kosov\u00ebs d\u00ebnon ashp\u00ebr p\u00ebrpjekjet e autoriteteve serbe p\u00ebr t\u00eb ndaluar donacionin e dedikuar p\u00ebr subvencionimin e bujq\u00ebve shqiptar\u00eb n\u00eb Preshev\u00eb, Bujanoc dhe Medvegj\u00eb. Ky donacion, i inicuar me k\u00ebrkes\u00eb t\u00eb K\u00ebshillit Komb\u00ebtar Shqiptar, synon t\u00eb p\u00ebrmir\u00ebsoj\u00eb jet\u00ebn e komunitetit shqiptar dhe t\u00eb mb\u00ebshtes\u00eb zhvillimin ekonomik t\u00eb rajonit patur parasysh q\u00eb edhe m\u00eb tej komunat e Preshev\u00ebs, Bujanocit dhe Medvegj\u00ebs jan\u00eb nd\u00ebr komunat m\u00eb t\u00eb pazhvilluara n\u00eb Serbi, nd\u00ebr m\u00eb t\u00eb varf\u00ebrat me papun\u00ebsi t\u00eb lart\u00eb e ve\u00e7an\u00ebrisht tek t\u00eb rinjt\u00eb.<\/p>\n\n\n\n<p>M\u00eb 26 tetor 2024, K\u00ebshilli Komb\u00ebtar Shqiptar shpalli thirrjen publike p\u00ebr bujqit, duke pranuar mbi 1,178 aplikime. Nd\u00ebrkoh\u00eb, Ministria e Serbis\u00eb p\u00ebr t\u00eb Drejtat e Njeriut dhe Pakicave dhe Dialog Social, ka nd\u00ebrhyr\u00eb p\u00ebr t\u00eb bllokuar k\u00ebt\u00eb proces, duke k\u00ebrkuar anulimin e vendimit p\u00ebr thirrjen publike. Pik\u00ebrisht m\u00eb 10 dhjetor, n\u00eb Dit\u00ebn Nd\u00ebrkomb\u00ebtare t\u00eb t\u00eb Drejtave t\u00eb Njeriut, shqiptar\u00ebve n\u00eb Preshev\u00eb, Bujanoc dhe Medvegj\u00eb i \u00ebsht\u00eb mbivendosur privimi nga mund\u00ebsia e ndihm\u00ebs nga Republika e Kosov\u00ebs.<\/p>\n\n\n\n<p>Serbia nuk ka asnj\u00eb t\u00eb drejt\u00eb t\u00eb pengoj\u00eb mb\u00ebshtetjen ton\u00eb p\u00ebr shqiptar\u00ebt e Lugin\u00ebs s\u00eb Preshev\u00ebs. Ftojm\u00eb Bashkimin Evropian, OSBE-n\u00eb, shtetet e Quint-it dhe organizatat e tjera nd\u00ebrkomb\u00ebtare t\u00eb monitorojn\u00eb k\u00ebt\u00eb situat\u00eb dhe t\u00eb veprojn\u00eb p\u00ebr t\u00eb mbrojtur t\u00eb drejtat e shqiptar\u00ebve n\u00eb Lugin\u00ebn e Preshev\u00ebs.<\/p>\n\n\n\n<p>Qeveria e Kosov\u00ebs q\u00ebndron e p\u00ebrkushtuar p\u00ebr t\u00eb ndihmuar shqiptar\u00ebt e Lugin\u00ebs s\u00eb Preshev\u00ebs dhe p\u00ebr t\u00eb mbrojtur t\u00eb drejtat e tyre dhe identitetin komb\u00ebtar, kulturor e gjuh\u00ebsor.<\/p>\n","protected":false},"excerpt":{"rendered":"<p>Z\u00ebvend\u00ebskryeministri i Kosov\u00ebs, Besnik Bislimi, ka d\u00ebnuar p\u00ebrpjekjet e Serbis\u00eb p\u00ebr t\u00eb ndaluar donacionin e dedikuar p\u00ebr subvencionimin e bujq\u00ebve shqiptar\u00eb n\u00eb Preshev\u00eb, Bujanoc dhe Medvegj\u00eb, shkruan MedvegjaSot. com N\u00ebp\u00ebrmjet nj\u00eb reagimi n\u00eb Facebook, Bislimi tha se&nbsp;\u201cMinistria e Serbis\u00eb p\u00ebr t\u00eb Drejtat e Njeriut dhe Pakicave dhe Dialog Social, ka nd\u00ebrhyr\u00eb p\u00ebr t\u00eb bllokuar k\u00ebt\u00eb&#8230;<\/p>\n","protected":false},"author":2,"featured_media":3743,"comment_status":"open","ping_status":"open","sticky":false,"template":"","format":"standard","meta":{"_coblocks_attr":"","_coblocks_dimensions":"","_coblocks_responsive_height":"","_coblocks_accordion_ie_support":"","_monsterinsights_skip_tracking":false,"_monsterinsights_sitenote_active":false,"_monsterinsights_sitenote_note":"","_monsterinsights_sitenote_category":0,"footnotes":""},"categories":[14],"tags":[],"class_list":["post-3742","post","type-post","status-publish","format-standard","has-post-thumbnail","hentry","category-lajme"],"yoast_head":"<!-- This site is optimized with the Yoast SEO plugin v27.5 - https:\/\/yoast.com\/product\/yoast-seo-wordpress\/ -->\n<title>P\u00ebrpjekja e Serbis\u00eb p\u00ebr t\u00eb ndaluar subvencionimin e bujq\u00ebve shqiptar\u00eb, Bislimi k\u00ebrkon reagim nd\u00ebrkomb\u00ebtar - Medvegja Sot<\/title>\n<meta name=\"robots\" content=\"index, follow, max-snippet:-1, max-image-preview:large, max-video-preview:-1\" \/>\n<link rel=\"canonical\" href=\"https:\/\/medvegjasot.com\/?p=3742\" \/>\n<meta property=\"og:locale\" content=\"en_US\" \/>\n<meta property=\"og:type\" content=\"article\" \/>\n<meta property=\"og:title\" content=\"P\u00ebrpjekja e Serbis\u00eb p\u00ebr t\u00eb ndaluar subvencionimin e bujq\u00ebve shqiptar\u00eb, Bislimi k\u00ebrkon reagim nd\u00ebrkomb\u00ebtar - Medvegja Sot\" \/>\n<meta property=\"og:description\" content=\"Z\u00ebvend\u00ebskryeministri i Kosov\u00ebs, Besnik Bislimi, ka d\u00ebnuar p\u00ebrpjekjet e Serbis\u00eb p\u00ebr t\u00eb ndaluar donacionin e dedikuar p\u00ebr subvencionimin e bujq\u00ebve shqiptar\u00eb n\u00eb Preshev\u00eb, Bujanoc dhe Medvegj\u00eb, shkruan MedvegjaSot. com N\u00ebp\u00ebrmjet nj\u00eb reagimi n\u00eb Facebook, Bislimi tha se&nbsp;\u201cMinistria e Serbis\u00eb p\u00ebr t\u00eb Drejtat e Njeriut dhe Pakicave dhe Dialog Social, ka nd\u00ebrhyr\u00eb p\u00ebr t\u00eb bllokuar k\u00ebt\u00eb...\" \/>\n<meta property=\"og:url\" content=\"https:\/\/medvegjasot.com\/?p=3742\" \/>\n<meta property=\"og:site_name\" content=\"Medvegja Sot\" \/>\n<meta property=\"article:publisher\" content=\"https:\/\/www.facebook.com\/MedvegjaSot.com1\" \/>\n<meta property=\"article:published_time\" content=\"2024-12-10T18:59:11+00:00\" \/>\n<meta property=\"article:modified_time\" content=\"2024-12-17T19:22:21+00:00\" \/>\n<meta property=\"og:image\" content=\"https:\/\/medvegjasot.com\/wp-content\/uploads\/2024\/12\/photo-output.jpeg\" \/>\n\t<meta property=\"og:image:width\" content=\"2016\" \/>\n\t<meta property=\"og:image:height\" content=\"1134\" \/>\n\t<meta property=\"og:image:type\" content=\"image\/jpeg\" \/>\n<meta name=\"author\" content=\"admin\" \/>\n<meta name=\"twitter:card\" content=\"summary_large_image\" \/>\n<meta name=\"twitter:label1\" content=\"Written by\" \/>\n\t<meta name=\"twitter:data1\" content=\"admin\" \/>\n\t<meta name=\"twitter:label2\" content=\"Est. reading time\" \/>\n\t<meta name=\"twitter:data2\" content=\"2 minutes\" \/>\n<script type=\"application\/ld+json\" class=\"yoast-schema-graph\">{\"@context\":\"https:\\\/\\\/schema.org\",\"@graph\":[{\"@type\":\"Article\",\"@id\":\"https:\\\/\\\/medvegjasot.com\\\/?p=3742#article\",\"isPartOf\":{\"@id\":\"https:\\\/\\\/medvegjasot.com\\\/?p=3742\"},\"author\":{\"name\":\"admin\",\"@id\":\"https:\\\/\\\/medvegjasot.com\\\/#\\\/schema\\\/person\\\/f2be1a84f4e95d0cb032946a1cf2e594\"},\"headline\":\"P\u00ebrpjekja e Serbis\u00eb p\u00ebr t\u00eb ndaluar subvencionimin e bujq\u00ebve shqiptar\u00eb, Bislimi k\u00ebrkon reagim nd\u00ebrkomb\u00ebtar\",\"datePublished\":\"2024-12-10T18:59:11+00:00\",\"dateModified\":\"2024-12-17T19:22:21+00:00\",\"mainEntityOfPage\":{\"@id\":\"https:\\\/\\\/medvegjasot.com\\\/?p=3742\"},\"wordCount\":422,\"commentCount\":0,\"publisher\":{\"@id\":\"https:\\\/\\\/medvegjasot.com\\\/#organization\"},\"image\":{\"@id\":\"https:\\\/\\\/medvegjasot.com\\\/?p=3742#primaryimage\"},\"thumbnailUrl\":\"https:\\\/\\\/medvegjasot.com\\\/wp-content\\\/uploads\\\/2024\\\/12\\\/photo-output.jpeg\",\"articleSection\":[\"LAJME\"],\"inLanguage\":\"en-US\",\"potentialAction\":[{\"@type\":\"CommentAction\",\"name\":\"Comment\",\"target\":[\"https:\\\/\\\/medvegjasot.com\\\/?p=3742#respond\"]}]},{\"@type\":\"WebPage\",\"@id\":\"https:\\\/\\\/medvegjasot.com\\\/?p=3742\",\"url\":\"https:\\\/\\\/medvegjasot.com\\\/?p=3742\",\"name\":\"P\u00ebrpjekja e Serbis\u00eb p\u00ebr t\u00eb ndaluar subvencionimin e bujq\u00ebve shqiptar\u00eb, Bislimi k\u00ebrkon reagim nd\u00ebrkomb\u00ebtar - Medvegja Sot\",\"isPartOf\":{\"@id\":\"https:\\\/\\\/medvegjasot.com\\\/#website\"},\"primaryImageOfPage\":{\"@id\":\"https:\\\/\\\/medvegjasot.com\\\/?p=3742#primaryimage\"},\"image\":{\"@id\":\"https:\\\/\\\/medvegjasot.com\\\/?p=3742#primaryimage\"},\"thumbnailUrl\":\"https:\\\/\\\/medvegjasot.com\\\/wp-content\\\/uploads\\\/2024\\\/12\\\/photo-output.jpeg\",\"datePublished\":\"2024-12-10T18:59:11+00:00\",\"dateModified\":\"2024-12-17T19:22:21+00:00\",\"breadcrumb\":{\"@id\":\"https:\\\/\\\/medvegjasot.com\\\/?p=3742#breadcrumb\"},\"inLanguage\":\"en-US\",\"potentialAction\":[{\"@type\":\"ReadAction\",\"target\":[\"https:\\\/\\\/medvegjasot.com\\\/?p=3742\"]}]},{\"@type\":\"ImageObject\",\"inLanguage\":\"en-US\",\"@id\":\"https:\\\/\\\/medvegjasot.com\\\/?p=3742#primaryimage\",\"url\":\"https:\\\/\\\/medvegjasot.com\\\/wp-content\\\/uploads\\\/2024\\\/12\\\/photo-output.jpeg\",\"contentUrl\":\"https:\\\/\\\/medvegjasot.com\\\/wp-content\\\/uploads\\\/2024\\\/12\\\/photo-output.jpeg\",\"width\":2016,\"height\":1134},{\"@type\":\"BreadcrumbList\",\"@id\":\"https:\\\/\\\/medvegjasot.com\\\/?p=3742#breadcrumb\",\"itemListElement\":[{\"@type\":\"ListItem\",\"position\":1,\"name\":\"Home\",\"item\":\"https:\\\/\\\/medvegjasot.com\\\/\"},{\"@type\":\"ListItem\",\"position\":2,\"name\":\"P\u00ebrpjekja e Serbis\u00eb p\u00ebr t\u00eb ndaluar subvencionimin e bujq\u00ebve shqiptar\u00eb, Bislimi k\u00ebrkon reagim nd\u00ebrkomb\u00ebtar\"}]},{\"@type\":\"WebSite\",\"@id\":\"https:\\\/\\\/medvegjasot.com\\\/#website\",\"url\":\"https:\\\/\\\/medvegjasot.com\\\/\",\"name\":\"Medvegja Sot\",\"description\":\"Portal Lajmesh\",\"publisher\":{\"@id\":\"https:\\\/\\\/medvegjasot.com\\\/#organization\"},\"alternateName\":\"MS\",\"potentialAction\":[{\"@type\":\"SearchAction\",\"target\":{\"@type\":\"EntryPoint\",\"urlTemplate\":\"https:\\\/\\\/medvegjasot.com\\\/?s={search_term_string}\"},\"query-input\":{\"@type\":\"PropertyValueSpecification\",\"valueRequired\":true,\"valueName\":\"search_term_string\"}}],\"inLanguage\":\"en-US\"},{\"@type\":\"Organization\",\"@id\":\"https:\\\/\\\/medvegjasot.com\\\/#organization\",\"name\":\"Medvegja Sot\",\"alternateName\":\"MS\",\"url\":\"https:\\\/\\\/medvegjasot.com\\\/\",\"logo\":{\"@type\":\"ImageObject\",\"inLanguage\":\"en-US\",\"@id\":\"https:\\\/\\\/medvegjasot.com\\\/#\\\/schema\\\/logo\\\/image\\\/\",\"url\":\"https:\\\/\\\/medvegjasot.com\\\/wp-content\\\/uploads\\\/2024\\\/08\\\/logo.png\",\"contentUrl\":\"https:\\\/\\\/medvegjasot.com\\\/wp-content\\\/uploads\\\/2024\\\/08\\\/logo.png\",\"width\":500,\"height\":500,\"caption\":\"Medvegja Sot\"},\"image\":{\"@id\":\"https:\\\/\\\/medvegjasot.com\\\/#\\\/schema\\\/logo\\\/image\\\/\"},\"sameAs\":[\"https:\\\/\\\/www.facebook.com\\\/MedvegjaSot.com1\"]},{\"@type\":\"Person\",\"@id\":\"https:\\\/\\\/medvegjasot.com\\\/#\\\/schema\\\/person\\\/f2be1a84f4e95d0cb032946a1cf2e594\",\"name\":\"admin\",\"image\":{\"@type\":\"ImageObject\",\"inLanguage\":\"en-US\",\"@id\":\"https:\\\/\\\/secure.gravatar.com\\\/avatar\\\/2eedc5259426225ddc6f98b4b6728c30418b83e6f70285719780d3518d972ece?s=96&d=mm&r=g\",\"url\":\"https:\\\/\\\/secure.gravatar.com\\\/avatar\\\/2eedc5259426225ddc6f98b4b6728c30418b83e6f70285719780d3518d972ece?s=96&d=mm&r=g\",\"contentUrl\":\"https:\\\/\\\/secure.gravatar.com\\\/avatar\\\/2eedc5259426225ddc6f98b4b6728c30418b83e6f70285719780d3518d972ece?s=96&d=mm&r=g\",\"caption\":\"admin\"},\"url\":\"https:\\\/\\\/medvegjasot.com\\\/?author=2\"}]}<\/script>\n<!-- \/ Yoast SEO plugin. -->","yoast_head_json":{"title":"P\u00ebrpjekja e Serbis\u00eb p\u00ebr t\u00eb ndaluar subvencionimin e bujq\u00ebve shqiptar\u00eb, Bislimi k\u00ebrkon reagim nd\u00ebrkomb\u00ebtar - Medvegja Sot","robots":{"index":"index","follow":"follow","max-snippet":"max-snippet:-1","max-image-preview":"max-image-preview:large","max-video-preview":"max-video-preview:-1"},"canonical":"https:\/\/medvegjasot.com\/?p=3742","og_locale":"en_US","og_type":"article","og_title":"P\u00ebrpjekja e Serbis\u00eb p\u00ebr t\u00eb ndaluar subvencionimin e bujq\u00ebve shqiptar\u00eb, Bislimi k\u00ebrkon reagim nd\u00ebrkomb\u00ebtar - Medvegja Sot","og_description":"Z\u00ebvend\u00ebskryeministri i Kosov\u00ebs, Besnik Bislimi, ka d\u00ebnuar p\u00ebrpjekjet e Serbis\u00eb p\u00ebr t\u00eb ndaluar donacionin e dedikuar p\u00ebr subvencionimin e bujq\u00ebve shqiptar\u00eb n\u00eb Preshev\u00eb, Bujanoc dhe Medvegj\u00eb, shkruan MedvegjaSot. com N\u00ebp\u00ebrmjet nj\u00eb reagimi n\u00eb Facebook, Bislimi tha se&nbsp;\u201cMinistria e Serbis\u00eb p\u00ebr t\u00eb Drejtat e Njeriut dhe Pakicave dhe Dialog Social, ka nd\u00ebrhyr\u00eb p\u00ebr t\u00eb bllokuar k\u00ebt\u00eb...","og_url":"https:\/\/medvegjasot.com\/?p=3742","og_site_name":"Medvegja Sot","article_publisher":"https:\/\/www.facebook.com\/MedvegjaSot.com1","article_published_time":"2024-12-10T18:59:11+00:00","article_modified_time":"2024-12-17T19:22:21+00:00","og_image":[{"width":2016,"height":1134,"url":"https:\/\/medvegjasot.com\/wp-content\/uploads\/2024\/12\/photo-output.jpeg","type":"image\/jpeg"}],"author":"admin","twitter_card":"summary_large_image","twitter_misc":{"Written by":"admin","Est. reading time":"2 minutes"},"schema":{"@context":"https:\/\/schema.org","@graph":[{"@type":"Article","@id":"https:\/\/medvegjasot.com\/?p=3742#article","isPartOf":{"@id":"https:\/\/medvegjasot.com\/?p=3742"},"author":{"name":"admin","@id":"https:\/\/medvegjasot.com\/#\/schema\/person\/f2be1a84f4e95d0cb032946a1cf2e594"},"headline":"P\u00ebrpjekja e Serbis\u00eb p\u00ebr t\u00eb ndaluar subvencionimin e bujq\u00ebve shqiptar\u00eb, Bislimi k\u00ebrkon reagim nd\u00ebrkomb\u00ebtar","datePublished":"2024-12-10T18:59:11+00:00","dateModified":"2024-12-17T19:22:21+00:00","mainEntityOfPage":{"@id":"https:\/\/medvegjasot.com\/?p=3742"},"wordCount":422,"commentCount":0,"publisher":{"@id":"https:\/\/medvegjasot.com\/#organization"},"image":{"@id":"https:\/\/medvegjasot.com\/?p=3742#primaryimage"},"thumbnailUrl":"https:\/\/medvegjasot.com\/wp-content\/uploads\/2024\/12\/photo-output.jpeg","articleSection":["LAJME"],"inLanguage":"en-US","potentialAction":[{"@type":"CommentAction","name":"Comment","target":["https:\/\/medvegjasot.com\/?p=3742#respond"]}]},{"@type":"WebPage","@id":"https:\/\/medvegjasot.com\/?p=3742","url":"https:\/\/medvegjasot.com\/?p=3742","name":"P\u00ebrpjekja e Serbis\u00eb p\u00ebr t\u00eb ndaluar subvencionimin e bujq\u00ebve shqiptar\u00eb, Bislimi k\u00ebrkon reagim nd\u00ebrkomb\u00ebtar - Medvegja Sot","isPartOf":{"@id":"https:\/\/medvegjasot.com\/#website"},"primaryImageOfPage":{"@id":"https:\/\/medvegjasot.com\/?p=3742#primaryimage"},"image":{"@id":"https:\/\/medvegjasot.com\/?p=3742#primaryimage"},"thumbnailUrl":"https:\/\/medvegjasot.com\/wp-content\/uploads\/2024\/12\/photo-output.jpeg","datePublished":"2024-12-10T18:59:11+00:00","dateModified":"2024-12-17T19:22:21+00:00","breadcrumb":{"@id":"https:\/\/medvegjasot.com\/?p=3742#breadcrumb"},"inLanguage":"en-US","potentialAction":[{"@type":"ReadAction","target":["https:\/\/medvegjasot.com\/?p=3742"]}]},{"@type":"ImageObject","inLanguage":"en-US","@id":"https:\/\/medvegjasot.com\/?p=3742#primaryimage","url":"https:\/\/medvegjasot.com\/wp-content\/uploads\/2024\/12\/photo-output.jpeg","contentUrl":"https:\/\/medvegjasot.com\/wp-content\/uploads\/2024\/12\/photo-output.jpeg","width":2016,"height":1134},{"@type":"BreadcrumbList","@id":"https:\/\/medvegjasot.com\/?p=3742#breadcrumb","itemListElement":[{"@type":"ListItem","position":1,"name":"Home","item":"https:\/\/medvegjasot.com\/"},{"@type":"ListItem","position":2,"name":"P\u00ebrpjekja e Serbis\u00eb p\u00ebr t\u00eb ndaluar subvencionimin e bujq\u00ebve shqiptar\u00eb, Bislimi k\u00ebrkon reagim nd\u00ebrkomb\u00ebtar"}]},{"@type":"WebSite","@id":"https:\/\/medvegjasot.com\/#website","url":"https:\/\/medvegjasot.com\/","name":"Medvegja Sot","description":"Portal Lajmesh","publisher":{"@id":"https:\/\/medvegjasot.com\/#organization"},"alternateName":"MS","potentialAction":[{"@type":"SearchAction","target":{"@type":"EntryPoint","urlTemplate":"https:\/\/medvegjasot.com\/?s={search_term_string}"},"query-input":{"@type":"PropertyValueSpecification","valueRequired":true,"valueName":"search_term_string"}}],"inLanguage":"en-US"},{"@type":"Organization","@id":"https:\/\/medvegjasot.com\/#organization","name":"Medvegja Sot","alternateName":"MS","url":"https:\/\/medvegjasot.com\/","logo":{"@type":"ImageObject","inLanguage":"en-US","@id":"https:\/\/medvegjasot.com\/#\/schema\/logo\/image\/","url":"https:\/\/medvegjasot.com\/wp-content\/uploads\/2024\/08\/logo.png","contentUrl":"https:\/\/medvegjasot.com\/wp-content\/uploads\/2024\/08\/logo.png","width":500,"height":500,"caption":"Medvegja Sot"},"image":{"@id":"https:\/\/medvegjasot.com\/#\/schema\/logo\/image\/"},"sameAs":["https:\/\/www.facebook.com\/MedvegjaSot.com1"]},{"@type":"Person","@id":"https:\/\/medvegjasot.com\/#\/schema\/person\/f2be1a84f4e95d0cb032946a1cf2e594","name":"admin","image":{"@type":"ImageObject","inLanguage":"en-US","@id":"https:\/\/secure.gravatar.com\/avatar\/2eedc5259426225ddc6f98b4b6728c30418b83e6f70285719780d3518d972ece?s=96&d=mm&r=g","url":"https:\/\/secure.gravatar.com\/avatar\/2eedc5259426225ddc6f98b4b6728c30418b83e6f70285719780d3518d972ece?s=96&d=mm&r=g","contentUrl":"https:\/\/secure.gravatar.com\/avatar\/2eedc5259426225ddc6f98b4b6728c30418b83e6f70285719780d3518d972ece?s=96&d=mm&r=g","caption":"admin"},"url":"https:\/\/medvegjasot.com\/?author=2"}]}},"jetpack_featured_media_url":"https:\/\/medvegjasot.com\/wp-content\/uploads\/2024\/12\/photo-output.jpeg","_links":{"self":[{"href":"https:\/\/medvegjasot.com\/index.php?rest_route=\/wp\/v2\/posts\/3742","targetHints":{"allow":["GET"]}}],"collection":[{"href":"https:\/\/medvegjasot.com\/index.php?rest_route=\/wp\/v2\/posts"}],"about":[{"href":"https:\/\/medvegjasot.com\/index.php?rest_route=\/wp\/v2\/types\/post"}],"author":[{"embeddable":true,"href":"https:\/\/medvegjasot.com\/index.php?rest_route=\/wp\/v2\/users\/2"}],"replies":[{"embeddable":true,"href":"https:\/\/medvegjasot.com\/index.php?rest_route=%2Fwp%2Fv2%2Fcomments&post=3742"}],"version-history":[{"count":2,"href":"https:\/\/medvegjasot.com\/index.php?rest_route=\/wp\/v2\/posts\/3742\/revisions"}],"predecessor-version":[{"id":3796,"href":"https:\/\/medvegjasot.com\/index.php?rest_route=\/wp\/v2\/posts\/3742\/revisions\/3796"}],"wp:featuredmedia":[{"embeddable":true,"href":"https:\/\/medvegjasot.com\/index.php?rest_route=\/wp\/v2\/media\/3743"}],"wp:attachment":[{"href":"https:\/\/medvegjasot.com\/index.php?rest_route=%2Fwp%2Fv2%2Fmedia&parent=3742"}],"wp:term":[{"taxonomy":"category","embeddable":true,"href":"https:\/\/medvegjasot.com\/index.php?rest_route=%2Fwp%2Fv2%2Fcategories&post=3742"},{"taxonomy":"post_tag","embeddable":true,"href":"https:\/\/medvegjasot.com\/index.php?rest_route=%2Fwp%2Fv2%2Ftags&post=3742"}],"curies":[{"name":"wp","href":"https:\/\/api.w.org\/{rel}","templated":true}]}}