{"id":3697,"date":"2024-12-10T09:35:08","date_gmt":"2024-12-10T09:35:08","guid":{"rendered":"https:\/\/medvegjasot.com\/?p=3697"},"modified":"2024-12-18T12:05:53","modified_gmt":"2024-12-18T12:05:53","slug":"shhm-medvegja-me-seli-ne-fully-vs-organizoi-festen-kushtuar-112-vjetorit-te-pavaresise-se-shqiperise-2","status":"publish","type":"post","link":"https:\/\/medvegjasot.com\/?p=3697","title":{"rendered":"ShHM \u201cMEDVEGJA\u201d, me seli n\u00eb Fully (VS) organizoi fest\u00ebn kushtuar 112 vjetorit t\u00eb Pavar\u00ebsis\u00eb s\u00eb Shqip\u00ebris\u00eb!\u00a0"},"content":{"rendered":"\n<p><strong>Me dat\u00ebn 7 dhjetor 2024 Shoqata Humanitare \u201cMEDVEGJA\u201d, organizoi fest\u00ebn kushtuar Pavar\u00ebsis\u00eb s\u00eb Shqip\u00ebris\u00eb, ku mblodhi qytetar nga e gjith\u00eb bota,&nbsp;&nbsp;si \u00e7do her\u00eb u bashkuan, festuan p\u00ebr disa or\u00eb u \u00e7mall\u00ebn si n\u00eb vendlindje, shkruan MedvegjaSot.com<br><\/strong><\/p>\n\n\n\n<figure class=\"wp-block-embed is-type-video is-provider-youtube wp-block-embed-youtube wp-embed-aspect-16-9 wp-has-aspect-ratio\"><div class=\"wp-block-embed__wrapper\">\n<iframe  id=\"_ytid_62401\"  width=\"640\" height=\"360\"  data-origwidth=\"640\" data-origheight=\"360\" src=\"https:\/\/www.youtube.com\/embed\/uLSWzLxay1U?enablejsapi=1&#038;autoplay=0&#038;cc_load_policy=0&#038;cc_lang_pref=&#038;iv_load_policy=1&#038;loop=0&#038;rel=1&#038;fs=1&#038;playsinline=0&#038;autohide=2&#038;theme=dark&#038;color=red&#038;controls=1&#038;\" class=\"__youtube_prefs__  epyt-is-override  no-lazyload\" title=\"YouTube player\"  allow=\"fullscreen; accelerometer; autoplay; clipboard-write; encrypted-media; gyroscope; picture-in-picture; web-share\" referrerpolicy=\"strict-origin-when-cross-origin\" allowfullscreen data-no-lazy=\"1\" data-skipgform_ajax_framebjll=\"\"><\/iframe>\n<\/div><\/figure>\n\n\n\n<p>Atmosfer\u00eb e mrekullueshme p\u00ebr gjith\u00eb t\u00eb pranishmit u p\u00ebrcoll nga artist\u00ebt e mir\u00ebnjohur <strong>Sef\u00eb Duraj <\/strong>dhe <strong>Lumnie Ramdani <\/strong>me sint: Avni Nezirit dhe Muhamet Selimi.<\/p>\n\n\n\n<figure class=\"wp-block-gallery has-nested-images columns-default is-cropped wp-block-gallery-1 is-layout-flex wp-block-gallery-is-layout-flex\">\n<figure class=\"wp-block-image size-large\"><img fetchpriority=\"high\" decoding=\"async\" width=\"1024\" height=\"562\" data-id=\"3677\" src=\"https:\/\/medvegjasot.com\/wp-content\/uploads\/2024\/12\/IMG_1383-1-1024x562.jpeg\" alt=\"\" class=\"wp-image-3677\" srcset=\"https:\/\/medvegjasot.com\/wp-content\/uploads\/2024\/12\/IMG_1383-1-1024x562.jpeg 1024w, https:\/\/medvegjasot.com\/wp-content\/uploads\/2024\/12\/IMG_1383-1-300x165.jpeg 300w, https:\/\/medvegjasot.com\/wp-content\/uploads\/2024\/12\/IMG_1383-1-768x421.jpeg 768w, https:\/\/medvegjasot.com\/wp-content\/uploads\/2024\/12\/IMG_1383-1.jpeg 1179w\" sizes=\"(max-width: 1024px) 100vw, 1024px\" \/><\/figure>\n\n\n\n<figure class=\"wp-block-image size-large\"><img decoding=\"async\" width=\"1024\" height=\"560\" data-id=\"3675\" src=\"https:\/\/medvegjasot.com\/wp-content\/uploads\/2024\/12\/IMG_1376-1024x560.jpeg\" alt=\"\" class=\"wp-image-3675\" srcset=\"https:\/\/medvegjasot.com\/wp-content\/uploads\/2024\/12\/IMG_1376-1024x560.jpeg 1024w, https:\/\/medvegjasot.com\/wp-content\/uploads\/2024\/12\/IMG_1376-300x164.jpeg 300w, https:\/\/medvegjasot.com\/wp-content\/uploads\/2024\/12\/IMG_1376-768x420.jpeg 768w, https:\/\/medvegjasot.com\/wp-content\/uploads\/2024\/12\/IMG_1376.jpeg 1179w\" sizes=\"(max-width: 1024px) 100vw, 1024px\" \/><\/figure>\n<\/figure>\n\n\n\n<p><\/p>\n\n\n\n<p>Kryetari i <strong>ShHM Zymer Hajrullahu<\/strong>, p\u00ebr tri vite dha mesazh uniteti, \u00e7ka e d\u00ebshmon numri i madh n\u00eb manifestime, puna humanitare si dhe ajo m\u00eb e ve\u00e7anta ruajtja e tradit\u00ebs, historis\u00eb dhe vlerave tona n\u00eb ve\u00e7anti nga krahina e Medvegj\u00ebs dhe jo vet\u00ebm.&nbsp;<\/p>\n\n\n\n<figure class=\"wp-block-embed is-type-video is-provider-youtube wp-block-embed-youtube wp-embed-aspect-16-9 wp-has-aspect-ratio\"><div class=\"wp-block-embed__wrapper\">\n<iframe  id=\"_ytid_30226\"  width=\"640\" height=\"360\"  data-origwidth=\"640\" data-origheight=\"360\" src=\"https:\/\/www.youtube.com\/embed\/HxgVSBrdiag?enablejsapi=1&#038;autoplay=0&#038;cc_load_policy=0&#038;cc_lang_pref=&#038;iv_load_policy=1&#038;loop=0&#038;rel=1&#038;fs=1&#038;playsinline=0&#038;autohide=2&#038;theme=dark&#038;color=red&#038;controls=1&#038;\" class=\"__youtube_prefs__  epyt-is-override  no-lazyload\" title=\"YouTube player\"  allow=\"fullscreen; accelerometer; autoplay; clipboard-write; encrypted-media; gyroscope; picture-in-picture; web-share\" referrerpolicy=\"strict-origin-when-cross-origin\" allowfullscreen data-no-lazy=\"1\" data-skipgform_ajax_framebjll=\"\"><\/iframe>\n<\/div><\/figure>\n\n\n\n<p>Me k\u00ebt\u00eb rast Shoq\u00ebri Kulturore Artistike Medvegja u paraqit m\u00eb nj\u00eb program artistik me disa valle dhe keng\u00eb t\u00eb trevave t\u00eb ndryshme me motive festive dhe epike, e udh\u00ebhequr nga drejtori i pa lodhur si kurdo e kudo <strong>Sylejman Musliu<\/strong>, shoq\u00ebri e cila vepron n\u00eb kuad\u00ebr t\u00eb ShHM.&nbsp;&nbsp;<br><strong>SH.K.A. MEDVEGJA<\/strong>, \u00ebsht\u00eb ambasadori m\u00eb i mir\u00eb i kultur\u00ebs dhe tradit\u00ebs t\u00eb t\u00eb parve tan\u00eb.<br><\/p>\n\n\n\n<figure class=\"wp-block-gallery has-nested-images columns-default is-cropped wp-block-gallery-2 is-layout-flex wp-block-gallery-is-layout-flex\">\n<figure class=\"wp-block-image size-large\"><img decoding=\"async\" width=\"1024\" height=\"562\" data-id=\"3676\" src=\"https:\/\/medvegjasot.com\/wp-content\/uploads\/2024\/12\/IMG_1374-1024x562.jpeg\" alt=\"\" class=\"wp-image-3676\" srcset=\"https:\/\/medvegjasot.com\/wp-content\/uploads\/2024\/12\/IMG_1374-1024x562.jpeg 1024w, https:\/\/medvegjasot.com\/wp-content\/uploads\/2024\/12\/IMG_1374-300x165.jpeg 300w, https:\/\/medvegjasot.com\/wp-content\/uploads\/2024\/12\/IMG_1374-768x421.jpeg 768w, https:\/\/medvegjasot.com\/wp-content\/uploads\/2024\/12\/IMG_1374.jpeg 1179w\" sizes=\"(max-width: 1024px) 100vw, 1024px\" \/><\/figure>\n\n\n\n<figure class=\"wp-block-image size-large\"><img loading=\"lazy\" decoding=\"async\" width=\"1024\" height=\"564\" data-id=\"3668\" src=\"https:\/\/medvegjasot.com\/wp-content\/uploads\/2024\/12\/IMG_1382-1024x564.jpeg\" alt=\"\" class=\"wp-image-3668\" srcset=\"https:\/\/medvegjasot.com\/wp-content\/uploads\/2024\/12\/IMG_1382-1024x564.jpeg 1024w, https:\/\/medvegjasot.com\/wp-content\/uploads\/2024\/12\/IMG_1382-300x165.jpeg 300w, https:\/\/medvegjasot.com\/wp-content\/uploads\/2024\/12\/IMG_1382-768x423.jpeg 768w, https:\/\/medvegjasot.com\/wp-content\/uploads\/2024\/12\/IMG_1382.jpeg 1179w\" sizes=\"(max-width: 1024px) 100vw, 1024px\" \/><\/figure>\n<\/figure>\n\n\n\n<p>Me ritmin e k\u00ebng\u00ebs valles dhe hars\u00eb ishte ky manifestim modh\u00ebshtor, kontribut i jasht\u00eb zakonsh\u00ebm i kryetarit dhe kryesis\u00eb s\u00eb Shoqat\u00ebs Humanitare Medvegja, ata tani din\u00eb dhe japin m\u00eb t\u00eb mir\u00ebn n\u00eb organizim si dhe me kuzhin tradicionale e deri te \u00e7\u2019do detaj i organizimit.<\/p>\n\n\n\n<figure class=\"wp-block-gallery has-nested-images columns-default is-cropped wp-block-gallery-3 is-layout-flex wp-block-gallery-is-layout-flex\">\n<figure class=\"wp-block-image size-large\"><img loading=\"lazy\" decoding=\"async\" width=\"1024\" height=\"576\" data-id=\"3729\" src=\"https:\/\/medvegjasot.com\/wp-content\/uploads\/2024\/12\/IMG_1537-1024x576.png\" alt=\"\" class=\"wp-image-3729\" srcset=\"https:\/\/medvegjasot.com\/wp-content\/uploads\/2024\/12\/IMG_1537-1024x576.png 1024w, https:\/\/medvegjasot.com\/wp-content\/uploads\/2024\/12\/IMG_1537-300x169.png 300w\" sizes=\"(max-width: 1024px) 100vw, 1024px\" \/><\/figure>\n<\/figure>\n\n\n\n<p><\/p>\n\n\n\n<p>Kryetari i ShHM z. Zymer Hajrullahu n\u00eb fjal\u00ebn e tij p\u00ebrsh\u00ebndetse, tha se 28 n\u00ebntori \u00ebsht\u00eb dita e t\u00eb gjith\u00eb&nbsp;shqiptar\u00ebve, t\u00eb bashkohemi t\u00eb gjith\u00eb se vet\u00ebm t\u00eb bashkuar ia dalim, Zoti e bekoft\u00eb Flamurin Komb\u00ebtar dhe shqiptar\u00ebt kudo ndodhen.&nbsp;<br><\/p>\n\n\n\n<p><br><\/p>\n\n\n\n<figure class=\"wp-block-gallery has-nested-images columns-default is-cropped wp-block-gallery-4 is-layout-flex wp-block-gallery-is-layout-flex\">\n<figure class=\"wp-block-image size-large\"><img loading=\"lazy\" decoding=\"async\" width=\"1024\" height=\"567\" data-id=\"3718\" src=\"https:\/\/medvegjasot.com\/wp-content\/uploads\/2024\/12\/IMG_1530-1024x567.jpeg\" alt=\"\" class=\"wp-image-3718\" srcset=\"https:\/\/medvegjasot.com\/wp-content\/uploads\/2024\/12\/IMG_1530-1024x567.jpeg 1024w, https:\/\/medvegjasot.com\/wp-content\/uploads\/2024\/12\/IMG_1530-300x166.jpeg 300w, https:\/\/medvegjasot.com\/wp-content\/uploads\/2024\/12\/IMG_1530-768x425.jpeg 768w, https:\/\/medvegjasot.com\/wp-content\/uploads\/2024\/12\/IMG_1530-1536x850.jpeg 1536w, https:\/\/medvegjasot.com\/wp-content\/uploads\/2024\/12\/IMG_1530-2048x1134.jpeg 2048w\" sizes=\"(max-width: 1024px) 100vw, 1024px\" \/><\/figure>\n<\/figure>\n\n\n\n<p><\/p>\n\n\n\n<p>Z. Mevlud Sinanin, <strong>z\u00ebvend\u00ebsminist\u00ebr p\u00ebr Komunitete dhe Kthim n\u00eb Republik\u00ebn e Kosov\u00ebs<\/strong>, me nj\u00eb fjal\u00eb rasti p\u00ebrsh\u00ebndeti t\u00eb pranishmit!&nbsp;<br><\/p>\n\n\n\n<figure class=\"wp-block-embed is-type-video is-provider-youtube wp-block-embed-youtube wp-embed-aspect-16-9 wp-has-aspect-ratio\"><div class=\"wp-block-embed__wrapper\">\n<iframe  id=\"_ytid_54601\"  width=\"640\" height=\"360\"  data-origwidth=\"640\" data-origheight=\"360\" src=\"https:\/\/www.youtube.com\/embed\/vG39rzCwZR8?enablejsapi=1&#038;autoplay=0&#038;cc_load_policy=0&#038;cc_lang_pref=&#038;iv_load_policy=1&#038;loop=0&#038;rel=1&#038;fs=1&#038;playsinline=0&#038;autohide=2&#038;theme=dark&#038;color=red&#038;controls=1&#038;\" class=\"__youtube_prefs__  epyt-is-override  no-lazyload\" title=\"YouTube player\"  allow=\"fullscreen; accelerometer; autoplay; clipboard-write; encrypted-media; gyroscope; picture-in-picture; web-share\" referrerpolicy=\"strict-origin-when-cross-origin\" allowfullscreen data-no-lazy=\"1\" data-skipgform_ajax_framebjll=\"\"><\/iframe>\n<\/div><\/figure>\n\n\n\n<p>Sinani tha se \u00ebsht\u00eb k\u00ebnaq\u00ebsi e ve\u00e7ant\u00eb q\u00eb me ftes\u00eb t\u00eb \u201cShoqat\u00ebs Humanitare Medvegja\u201d, n\u00eb Valais t\u00eb Zvicr\u00ebs, sonte jam pjes\u00ebmarr\u00ebs n\u00eb organizimin p\u00ebr nder t\u00eb fest\u00ebs s\u00eb Flamurit ton\u00eb Komb\u00ebtar.&nbsp;<br><\/p>\n\n\n\n<figure class=\"wp-block-image size-large\"><img loading=\"lazy\" decoding=\"async\" width=\"1024\" height=\"576\" src=\"https:\/\/medvegjasot.com\/wp-content\/uploads\/2024\/12\/IMG_1531-1024x576.jpeg\" alt=\"\" class=\"wp-image-3721\" srcset=\"https:\/\/medvegjasot.com\/wp-content\/uploads\/2024\/12\/IMG_1531-1024x576.jpeg 1024w, https:\/\/medvegjasot.com\/wp-content\/uploads\/2024\/12\/IMG_1531-300x169.jpeg 300w, https:\/\/medvegjasot.com\/wp-content\/uploads\/2024\/12\/IMG_1531-768x432.jpeg 768w, https:\/\/medvegjasot.com\/wp-content\/uploads\/2024\/12\/IMG_1531-1536x864.jpeg 1536w, https:\/\/medvegjasot.com\/wp-content\/uploads\/2024\/12\/IMG_1531-2048x1152.jpeg 2048w\" sizes=\"(max-width: 1024px) 100vw, 1024px\" \/><\/figure>\n\n\n\n<p>Kjo shoqat\u00eb egziston me dakada dhe ka dh\u00ebn\u00eb nj\u00eb kontribut shum\u00eb t\u00eb madh p\u00ebr lirin\u00eb e Kosov\u00ebs. Gjithashtu, vazhdon aktivitetin e saj humanitar p\u00ebr mir\u00ebqenien e shqiptar\u00ebve n\u00eb trojet tona, me theks t\u00eb ve\u00e7ant\u00eb n\u00eb Medvegj\u00eb.&nbsp;<\/p>\n\n\n\n<p>Sinani para pranishm\u00ebve foli p\u00ebr pun\u00ebt dhe projektet e <strong>Qeveris\u00eb s\u00eb Republik\u00ebs s\u00eb Kosov\u00ebs p\u00ebr Lugin\u00ebn.<\/strong><\/p>\n\n\n\n<figure class=\"wp-block-image size-large\"><img loading=\"lazy\" decoding=\"async\" width=\"1024\" height=\"576\" src=\"https:\/\/medvegjasot.com\/wp-content\/uploads\/2024\/12\/IMG_1533-1024x576.jpeg\" alt=\"\" class=\"wp-image-3720\" srcset=\"https:\/\/medvegjasot.com\/wp-content\/uploads\/2024\/12\/IMG_1533-1024x576.jpeg 1024w, https:\/\/medvegjasot.com\/wp-content\/uploads\/2024\/12\/IMG_1533-300x169.jpeg 300w, https:\/\/medvegjasot.com\/wp-content\/uploads\/2024\/12\/IMG_1533-768x432.jpeg 768w, https:\/\/medvegjasot.com\/wp-content\/uploads\/2024\/12\/IMG_1533-1536x864.jpeg 1536w, https:\/\/medvegjasot.com\/wp-content\/uploads\/2024\/12\/IMG_1533-2048x1152.jpeg 2048w\" sizes=\"(max-width: 1024px) 100vw, 1024px\" \/><\/figure>\n\n\n\n<p><\/p>\n\n\n\n<p>P\u00ebrve\u00e7 fondeve q\u00eb kemi nda viteve te kaluara, n\u00eb k\u00ebt\u00eb vit do t\u00eb shp\u00ebrndahen 1 milion euro p\u00ebr bujq\u00ebsi, blegtori dhe bletari. Nd\u00ebrsa p\u00ebr vitin e ardhsh\u00ebm kemi parapa edhe 4 milion\u00eb t\u00eb tjera p\u00ebr projekte t\u00eb ndryshme q\u00eb ndikojn\u00eb n\u00eb ngritjen e cil\u00ebsis\u00eb s\u00eb jet\u00ebs p\u00ebr shqiptar\u00ebt n\u00eb <strong>Medvegj\u00eb, Preshev\u00eb dhe Bujanoc<\/strong>.<\/p>\n\n\n\n<figure class=\"wp-block-gallery has-nested-images columns-default is-cropped wp-block-gallery-5 is-layout-flex wp-block-gallery-is-layout-flex\">\n<figure class=\"wp-block-image size-large\"><img loading=\"lazy\" decoding=\"async\" width=\"1024\" height=\"576\" data-id=\"3723\" src=\"https:\/\/medvegjasot.com\/wp-content\/uploads\/2024\/12\/IMG_1532-1024x576.jpeg\" alt=\"\" class=\"wp-image-3723\" srcset=\"https:\/\/medvegjasot.com\/wp-content\/uploads\/2024\/12\/IMG_1532-1024x576.jpeg 1024w, https:\/\/medvegjasot.com\/wp-content\/uploads\/2024\/12\/IMG_1532-300x169.jpeg 300w, https:\/\/medvegjasot.com\/wp-content\/uploads\/2024\/12\/IMG_1532-768x432.jpeg 768w, https:\/\/medvegjasot.com\/wp-content\/uploads\/2024\/12\/IMG_1532-1536x864.jpeg 1536w, https:\/\/medvegjasot.com\/wp-content\/uploads\/2024\/12\/IMG_1532-2048x1152.jpeg 2048w\" sizes=\"(max-width: 1024px) 100vw, 1024px\" \/><\/figure>\n\n\n\n<figure class=\"wp-block-image size-large\"><img loading=\"lazy\" decoding=\"async\" width=\"1024\" height=\"571\" data-id=\"3722\" src=\"https:\/\/medvegjasot.com\/wp-content\/uploads\/2024\/12\/IMG_1529-1024x571.jpeg\" alt=\"\" class=\"wp-image-3722\" srcset=\"https:\/\/medvegjasot.com\/wp-content\/uploads\/2024\/12\/IMG_1529-1024x571.jpeg 1024w, https:\/\/medvegjasot.com\/wp-content\/uploads\/2024\/12\/IMG_1529-300x167.jpeg 300w, https:\/\/medvegjasot.com\/wp-content\/uploads\/2024\/12\/IMG_1529-768x429.jpeg 768w, https:\/\/medvegjasot.com\/wp-content\/uploads\/2024\/12\/IMG_1529.jpeg 1179w\" sizes=\"(max-width: 1024px) 100vw, 1024px\" \/><\/figure>\n<\/figure>\n\n\n\n<p><\/p>\n\n\n\n<p>Po ashtu rikujtoi edhe r\u00ebnd\u00ebsin\u00eb q\u00eb m\u00ebrgata t\u00eb regjistrohet p\u00ebr votim jasht\u00eb Kosov\u00ebs, dhe se afati i fundit p\u00ebr regjistrim \u00ebsht\u00eb data 26 e k\u00ebtij muaji.\u00a0<br><\/p>\n\n\n\n<p>Z. Christophe Darbellay, aktualisht Kancelar i Kantonit t\u00eb Valais-it dhe nj\u00eb figur\u00eb me ndikim n\u00eb Federat\u00ebn Zvicerane, n\u00eb fjalimin e tij shprehu respektin e tij t\u00eb thell\u00eb p\u00ebr kultur\u00ebn dhe traditat shqiptare, duke vler\u00ebsuar gjithashtu kontributin e komunitetit shqiptar n\u00eb Zvic\u00ebr. Fjalimi i tij theksoi r\u00ebnd\u00ebsin\u00eb e ruajtjes s\u00eb identitetit komb\u00ebtar dhe t\u00eb nd\u00ebrtimit t\u00eb urave t\u00eb bashk\u00ebpunimit nd\u00ebrkulturor.<\/p>\n\n\n\n<figure class=\"wp-block-gallery has-nested-images columns-default is-cropped wp-block-gallery-6 is-layout-flex wp-block-gallery-is-layout-flex\">\n<figure class=\"wp-block-image size-large\"><img loading=\"lazy\" decoding=\"async\" width=\"1024\" height=\"565\" data-id=\"3663\" src=\"https:\/\/medvegjasot.com\/wp-content\/uploads\/2024\/12\/IMG_1390-1024x565.jpeg\" alt=\"\" class=\"wp-image-3663\" srcset=\"https:\/\/medvegjasot.com\/wp-content\/uploads\/2024\/12\/IMG_1390-1024x565.jpeg 1024w, https:\/\/medvegjasot.com\/wp-content\/uploads\/2024\/12\/IMG_1390-300x166.jpeg 300w, https:\/\/medvegjasot.com\/wp-content\/uploads\/2024\/12\/IMG_1390-768x424.jpeg 768w, https:\/\/medvegjasot.com\/wp-content\/uploads\/2024\/12\/IMG_1390.jpeg 1179w\" sizes=\"(max-width: 1024px) 100vw, 1024px\" \/><\/figure>\n<\/figure>\n\n\n\n<p>Portali MEDVEGJASOT. COM, ndoqi k\u00ebto takime fal\u00eb kryetarit Hajrullahu dhe kryesis\u00eb q\u00eb na mund\u00ebsojn dhe kontriobojn\u00eb \u00e7do her\u00eb si mb\u00ebshtet\u00ebs Gjeneral q\u00eb ne t\u00eb jemi prezen fal\u00ebnderojm kryetarin dhe gjith\u00eb kryesin\u00eb e ata jan\u00eb:&nbsp;Kryetar, Zymer Hajrullahu,N\u00ebnkryetare Valbona Thaqi, Sekretare Selvije Namani, Arkatar Sabit Abazi, Zenullah Namani, Samir Neziri, An\u00ebtar t\u00eb kryesis\u00eb, Blerim Beha, Naim Osmani, Sylejman Musliu, Shaban Bislimi dhe Fadil Baftiu.<\/p>\n\n\n\n<figure class=\"wp-block-embed is-type-video is-provider-youtube wp-block-embed-youtube wp-embed-aspect-16-9 wp-has-aspect-ratio\"><div class=\"wp-block-embed__wrapper\">\n<iframe  id=\"_ytid_84915\"  width=\"640\" height=\"360\"  data-origwidth=\"640\" data-origheight=\"360\" src=\"https:\/\/www.youtube.com\/embed\/18-DCVsGqo4?enablejsapi=1&#038;autoplay=0&#038;cc_load_policy=0&#038;cc_lang_pref=&#038;iv_load_policy=1&#038;loop=0&#038;rel=1&#038;fs=1&#038;playsinline=0&#038;autohide=2&#038;theme=dark&#038;color=red&#038;controls=1&#038;\" class=\"__youtube_prefs__  epyt-is-override  no-lazyload\" title=\"YouTube player\"  allow=\"fullscreen; accelerometer; autoplay; clipboard-write; encrypted-media; gyroscope; picture-in-picture; web-share\" referrerpolicy=\"strict-origin-when-cross-origin\" allowfullscreen data-no-lazy=\"1\" data-skipgform_ajax_framebjll=\"\"><\/iframe>\n<\/div><\/figure>\n","protected":false},"excerpt":{"rendered":"<p>Me dat\u00ebn 7 dhjetor 2024 Shoqata Humanitare \u201cMEDVEGJA\u201d, organizoi fest\u00ebn kushtuar Pavar\u00ebsis\u00eb s\u00eb Shqip\u00ebris\u00eb, ku mblodhi qytetar nga e gjith\u00eb bota,&nbsp;&nbsp;si \u00e7do her\u00eb u bashkuan, festuan p\u00ebr disa or\u00eb u \u00e7mall\u00ebn si n\u00eb vendlindje, shkruan MedvegjaSot.com Atmosfer\u00eb e mrekullueshme p\u00ebr gjith\u00eb t\u00eb pranishmit u p\u00ebrcoll nga artist\u00ebt e mir\u00ebnjohur Sef\u00eb Duraj dhe Lumnie Ramdani me&#8230;<\/p>\n","protected":false},"author":2,"featured_media":3738,"comment_status":"open","ping_status":"open","sticky":false,"template":"","format":"standard","meta":{"_coblocks_attr":"","_coblocks_dimensions":"","_coblocks_responsive_height":"","_coblocks_accordion_ie_support":"","_monsterinsights_skip_tracking":false,"_monsterinsights_sitenote_active":false,"_monsterinsights_sitenote_note":"","_monsterinsights_sitenote_category":0,"footnotes":""},"categories":[18],"tags":[],"class_list":["post-3697","post","type-post","status-publish","format-standard","has-post-thumbnail","hentry","category-kulture"],"yoast_head":"<!-- This site is optimized with the Yoast SEO plugin v27.5 - https:\/\/yoast.com\/product\/yoast-seo-wordpress\/ -->\n<title>ShHM \u201cMEDVEGJA\u201d, me seli n\u00eb Fully (VS) organizoi fest\u00ebn kushtuar 112 vjetorit t\u00eb Pavar\u00ebsis\u00eb s\u00eb Shqip\u00ebris\u00eb!\u00a0 - Medvegja Sot<\/title>\n<meta name=\"robots\" content=\"index, follow, max-snippet:-1, max-image-preview:large, max-video-preview:-1\" \/>\n<link rel=\"canonical\" href=\"https:\/\/medvegjasot.com\/?p=3697\" \/>\n<meta property=\"og:locale\" content=\"en_US\" \/>\n<meta property=\"og:type\" content=\"article\" \/>\n<meta property=\"og:title\" content=\"ShHM \u201cMEDVEGJA\u201d, me seli n\u00eb Fully (VS) organizoi fest\u00ebn kushtuar 112 vjetorit t\u00eb Pavar\u00ebsis\u00eb s\u00eb Shqip\u00ebris\u00eb!\u00a0 - Medvegja Sot\" \/>\n<meta property=\"og:description\" content=\"Me dat\u00ebn 7 dhjetor 2024 Shoqata Humanitare \u201cMEDVEGJA\u201d, organizoi fest\u00ebn kushtuar Pavar\u00ebsis\u00eb s\u00eb Shqip\u00ebris\u00eb, ku mblodhi qytetar nga e gjith\u00eb bota,&nbsp;&nbsp;si \u00e7do her\u00eb u bashkuan, festuan p\u00ebr disa or\u00eb u \u00e7mall\u00ebn si n\u00eb vendlindje, shkruan MedvegjaSot.com Atmosfer\u00eb e mrekullueshme p\u00ebr gjith\u00eb t\u00eb pranishmit u p\u00ebrcoll nga artist\u00ebt e mir\u00ebnjohur Sef\u00eb Duraj dhe Lumnie Ramdani me...\" \/>\n<meta property=\"og:url\" content=\"https:\/\/medvegjasot.com\/?p=3697\" \/>\n<meta property=\"og:site_name\" content=\"Medvegja Sot\" \/>\n<meta property=\"article:publisher\" content=\"https:\/\/www.facebook.com\/MedvegjaSot.com1\" \/>\n<meta property=\"article:published_time\" content=\"2024-12-10T09:35:08+00:00\" \/>\n<meta property=\"article:modified_time\" content=\"2024-12-18T12:05:53+00:00\" \/>\n<meta property=\"og:image\" content=\"https:\/\/medvegjasot.com\/wp-content\/uploads\/2024\/12\/IMG_1537-1-1024x576.png\" \/>\n\t<meta property=\"og:image:width\" content=\"1024\" \/>\n\t<meta property=\"og:image:height\" content=\"576\" \/>\n\t<meta property=\"og:image:type\" content=\"image\/png\" \/>\n<meta name=\"author\" content=\"admin\" \/>\n<meta name=\"twitter:card\" content=\"summary_large_image\" \/>\n<meta name=\"twitter:label1\" content=\"Written by\" \/>\n\t<meta name=\"twitter:data1\" content=\"admin\" \/>\n\t<meta name=\"twitter:label2\" content=\"Est. reading time\" \/>\n\t<meta name=\"twitter:data2\" content=\"5 minutes\" \/>\n<script type=\"application\/ld+json\" class=\"yoast-schema-graph\">{\"@context\":\"https:\\\/\\\/schema.org\",\"@graph\":[{\"@type\":\"Article\",\"@id\":\"https:\\\/\\\/medvegjasot.com\\\/?p=3697#article\",\"isPartOf\":{\"@id\":\"https:\\\/\\\/medvegjasot.com\\\/?p=3697\"},\"author\":{\"name\":\"admin\",\"@id\":\"https:\\\/\\\/medvegjasot.com\\\/#\\\/schema\\\/person\\\/f2be1a84f4e95d0cb032946a1cf2e594\"},\"headline\":\"ShHM \u201cMEDVEGJA\u201d, me seli n\u00eb Fully (VS) organizoi fest\u00ebn kushtuar 112 vjetorit t\u00eb Pavar\u00ebsis\u00eb s\u00eb Shqip\u00ebris\u00eb!\u00a0\",\"datePublished\":\"2024-12-10T09:35:08+00:00\",\"dateModified\":\"2024-12-18T12:05:53+00:00\",\"mainEntityOfPage\":{\"@id\":\"https:\\\/\\\/medvegjasot.com\\\/?p=3697\"},\"wordCount\":725,\"commentCount\":0,\"publisher\":{\"@id\":\"https:\\\/\\\/medvegjasot.com\\\/#organization\"},\"image\":{\"@id\":\"https:\\\/\\\/medvegjasot.com\\\/?p=3697#primaryimage\"},\"thumbnailUrl\":\"https:\\\/\\\/medvegjasot.com\\\/wp-content\\\/uploads\\\/2024\\\/12\\\/IMG_1537-1.png\",\"articleSection\":[\"KULTUR\u00cb\"],\"inLanguage\":\"en-US\",\"potentialAction\":[{\"@type\":\"CommentAction\",\"name\":\"Comment\",\"target\":[\"https:\\\/\\\/medvegjasot.com\\\/?p=3697#respond\"]}]},{\"@type\":\"WebPage\",\"@id\":\"https:\\\/\\\/medvegjasot.com\\\/?p=3697\",\"url\":\"https:\\\/\\\/medvegjasot.com\\\/?p=3697\",\"name\":\"ShHM \u201cMEDVEGJA\u201d, me seli n\u00eb Fully (VS) organizoi fest\u00ebn kushtuar 112 vjetorit t\u00eb Pavar\u00ebsis\u00eb s\u00eb Shqip\u00ebris\u00eb!\u00a0 - Medvegja Sot\",\"isPartOf\":{\"@id\":\"https:\\\/\\\/medvegjasot.com\\\/#website\"},\"primaryImageOfPage\":{\"@id\":\"https:\\\/\\\/medvegjasot.com\\\/?p=3697#primaryimage\"},\"image\":{\"@id\":\"https:\\\/\\\/medvegjasot.com\\\/?p=3697#primaryimage\"},\"thumbnailUrl\":\"https:\\\/\\\/medvegjasot.com\\\/wp-content\\\/uploads\\\/2024\\\/12\\\/IMG_1537-1.png\",\"datePublished\":\"2024-12-10T09:35:08+00:00\",\"dateModified\":\"2024-12-18T12:05:53+00:00\",\"breadcrumb\":{\"@id\":\"https:\\\/\\\/medvegjasot.com\\\/?p=3697#breadcrumb\"},\"inLanguage\":\"en-US\",\"potentialAction\":[{\"@type\":\"ReadAction\",\"target\":[\"https:\\\/\\\/medvegjasot.com\\\/?p=3697\"]}]},{\"@type\":\"ImageObject\",\"inLanguage\":\"en-US\",\"@id\":\"https:\\\/\\\/medvegjasot.com\\\/?p=3697#primaryimage\",\"url\":\"https:\\\/\\\/medvegjasot.com\\\/wp-content\\\/uploads\\\/2024\\\/12\\\/IMG_1537-1.png\",\"contentUrl\":\"https:\\\/\\\/medvegjasot.com\\\/wp-content\\\/uploads\\\/2024\\\/12\\\/IMG_1537-1.png\",\"width\":4032,\"height\":2268},{\"@type\":\"BreadcrumbList\",\"@id\":\"https:\\\/\\\/medvegjasot.com\\\/?p=3697#breadcrumb\",\"itemListElement\":[{\"@type\":\"ListItem\",\"position\":1,\"name\":\"Home\",\"item\":\"https:\\\/\\\/medvegjasot.com\\\/\"},{\"@type\":\"ListItem\",\"position\":2,\"name\":\"ShHM \u201cMEDVEGJA\u201d, me seli n\u00eb Fully (VS) organizoi fest\u00ebn kushtuar 112 vjetorit t\u00eb Pavar\u00ebsis\u00eb s\u00eb Shqip\u00ebris\u00eb!\u00a0\"}]},{\"@type\":\"WebSite\",\"@id\":\"https:\\\/\\\/medvegjasot.com\\\/#website\",\"url\":\"https:\\\/\\\/medvegjasot.com\\\/\",\"name\":\"Medvegja Sot\",\"description\":\"Portal Lajmesh\",\"publisher\":{\"@id\":\"https:\\\/\\\/medvegjasot.com\\\/#organization\"},\"alternateName\":\"MS\",\"potentialAction\":[{\"@type\":\"SearchAction\",\"target\":{\"@type\":\"EntryPoint\",\"urlTemplate\":\"https:\\\/\\\/medvegjasot.com\\\/?s={search_term_string}\"},\"query-input\":{\"@type\":\"PropertyValueSpecification\",\"valueRequired\":true,\"valueName\":\"search_term_string\"}}],\"inLanguage\":\"en-US\"},{\"@type\":\"Organization\",\"@id\":\"https:\\\/\\\/medvegjasot.com\\\/#organization\",\"name\":\"Medvegja Sot\",\"alternateName\":\"MS\",\"url\":\"https:\\\/\\\/medvegjasot.com\\\/\",\"logo\":{\"@type\":\"ImageObject\",\"inLanguage\":\"en-US\",\"@id\":\"https:\\\/\\\/medvegjasot.com\\\/#\\\/schema\\\/logo\\\/image\\\/\",\"url\":\"https:\\\/\\\/medvegjasot.com\\\/wp-content\\\/uploads\\\/2024\\\/08\\\/logo.png\",\"contentUrl\":\"https:\\\/\\\/medvegjasot.com\\\/wp-content\\\/uploads\\\/2024\\\/08\\\/logo.png\",\"width\":500,\"height\":500,\"caption\":\"Medvegja Sot\"},\"image\":{\"@id\":\"https:\\\/\\\/medvegjasot.com\\\/#\\\/schema\\\/logo\\\/image\\\/\"},\"sameAs\":[\"https:\\\/\\\/www.facebook.com\\\/MedvegjaSot.com1\"]},{\"@type\":\"Person\",\"@id\":\"https:\\\/\\\/medvegjasot.com\\\/#\\\/schema\\\/person\\\/f2be1a84f4e95d0cb032946a1cf2e594\",\"name\":\"admin\",\"image\":{\"@type\":\"ImageObject\",\"inLanguage\":\"en-US\",\"@id\":\"https:\\\/\\\/secure.gravatar.com\\\/avatar\\\/2eedc5259426225ddc6f98b4b6728c30418b83e6f70285719780d3518d972ece?s=96&d=mm&r=g\",\"url\":\"https:\\\/\\\/secure.gravatar.com\\\/avatar\\\/2eedc5259426225ddc6f98b4b6728c30418b83e6f70285719780d3518d972ece?s=96&d=mm&r=g\",\"contentUrl\":\"https:\\\/\\\/secure.gravatar.com\\\/avatar\\\/2eedc5259426225ddc6f98b4b6728c30418b83e6f70285719780d3518d972ece?s=96&d=mm&r=g\",\"caption\":\"admin\"},\"url\":\"https:\\\/\\\/medvegjasot.com\\\/?author=2\"}]}<\/script>\n<!-- \/ Yoast SEO plugin. -->","yoast_head_json":{"title":"ShHM \u201cMEDVEGJA\u201d, me seli n\u00eb Fully (VS) organizoi fest\u00ebn kushtuar 112 vjetorit t\u00eb Pavar\u00ebsis\u00eb s\u00eb Shqip\u00ebris\u00eb!\u00a0 - Medvegja Sot","robots":{"index":"index","follow":"follow","max-snippet":"max-snippet:-1","max-image-preview":"max-image-preview:large","max-video-preview":"max-video-preview:-1"},"canonical":"https:\/\/medvegjasot.com\/?p=3697","og_locale":"en_US","og_type":"article","og_title":"ShHM \u201cMEDVEGJA\u201d, me seli n\u00eb Fully (VS) organizoi fest\u00ebn kushtuar 112 vjetorit t\u00eb Pavar\u00ebsis\u00eb s\u00eb Shqip\u00ebris\u00eb!\u00a0 - Medvegja Sot","og_description":"Me dat\u00ebn 7 dhjetor 2024 Shoqata Humanitare \u201cMEDVEGJA\u201d, organizoi fest\u00ebn kushtuar Pavar\u00ebsis\u00eb s\u00eb Shqip\u00ebris\u00eb, ku mblodhi qytetar nga e gjith\u00eb bota,&nbsp;&nbsp;si \u00e7do her\u00eb u bashkuan, festuan p\u00ebr disa or\u00eb u \u00e7mall\u00ebn si n\u00eb vendlindje, shkruan MedvegjaSot.com Atmosfer\u00eb e mrekullueshme p\u00ebr gjith\u00eb t\u00eb pranishmit u p\u00ebrcoll nga artist\u00ebt e mir\u00ebnjohur Sef\u00eb Duraj dhe Lumnie Ramdani me...","og_url":"https:\/\/medvegjasot.com\/?p=3697","og_site_name":"Medvegja Sot","article_publisher":"https:\/\/www.facebook.com\/MedvegjaSot.com1","article_published_time":"2024-12-10T09:35:08+00:00","article_modified_time":"2024-12-18T12:05:53+00:00","og_image":[{"width":1024,"height":576,"url":"https:\/\/medvegjasot.com\/wp-content\/uploads\/2024\/12\/IMG_1537-1-1024x576.png","type":"image\/png"}],"author":"admin","twitter_card":"summary_large_image","twitter_misc":{"Written by":"admin","Est. reading time":"5 minutes"},"schema":{"@context":"https:\/\/schema.org","@graph":[{"@type":"Article","@id":"https:\/\/medvegjasot.com\/?p=3697#article","isPartOf":{"@id":"https:\/\/medvegjasot.com\/?p=3697"},"author":{"name":"admin","@id":"https:\/\/medvegjasot.com\/#\/schema\/person\/f2be1a84f4e95d0cb032946a1cf2e594"},"headline":"ShHM \u201cMEDVEGJA\u201d, me seli n\u00eb Fully (VS) organizoi fest\u00ebn kushtuar 112 vjetorit t\u00eb Pavar\u00ebsis\u00eb s\u00eb Shqip\u00ebris\u00eb!\u00a0","datePublished":"2024-12-10T09:35:08+00:00","dateModified":"2024-12-18T12:05:53+00:00","mainEntityOfPage":{"@id":"https:\/\/medvegjasot.com\/?p=3697"},"wordCount":725,"commentCount":0,"publisher":{"@id":"https:\/\/medvegjasot.com\/#organization"},"image":{"@id":"https:\/\/medvegjasot.com\/?p=3697#primaryimage"},"thumbnailUrl":"https:\/\/medvegjasot.com\/wp-content\/uploads\/2024\/12\/IMG_1537-1.png","articleSection":["KULTUR\u00cb"],"inLanguage":"en-US","potentialAction":[{"@type":"CommentAction","name":"Comment","target":["https:\/\/medvegjasot.com\/?p=3697#respond"]}]},{"@type":"WebPage","@id":"https:\/\/medvegjasot.com\/?p=3697","url":"https:\/\/medvegjasot.com\/?p=3697","name":"ShHM \u201cMEDVEGJA\u201d, me seli n\u00eb Fully (VS) organizoi fest\u00ebn kushtuar 112 vjetorit t\u00eb Pavar\u00ebsis\u00eb s\u00eb Shqip\u00ebris\u00eb!\u00a0 - Medvegja Sot","isPartOf":{"@id":"https:\/\/medvegjasot.com\/#website"},"primaryImageOfPage":{"@id":"https:\/\/medvegjasot.com\/?p=3697#primaryimage"},"image":{"@id":"https:\/\/medvegjasot.com\/?p=3697#primaryimage"},"thumbnailUrl":"https:\/\/medvegjasot.com\/wp-content\/uploads\/2024\/12\/IMG_1537-1.png","datePublished":"2024-12-10T09:35:08+00:00","dateModified":"2024-12-18T12:05:53+00:00","breadcrumb":{"@id":"https:\/\/medvegjasot.com\/?p=3697#breadcrumb"},"inLanguage":"en-US","potentialAction":[{"@type":"ReadAction","target":["https:\/\/medvegjasot.com\/?p=3697"]}]},{"@type":"ImageObject","inLanguage":"en-US","@id":"https:\/\/medvegjasot.com\/?p=3697#primaryimage","url":"https:\/\/medvegjasot.com\/wp-content\/uploads\/2024\/12\/IMG_1537-1.png","contentUrl":"https:\/\/medvegjasot.com\/wp-content\/uploads\/2024\/12\/IMG_1537-1.png","width":4032,"height":2268},{"@type":"BreadcrumbList","@id":"https:\/\/medvegjasot.com\/?p=3697#breadcrumb","itemListElement":[{"@type":"ListItem","position":1,"name":"Home","item":"https:\/\/medvegjasot.com\/"},{"@type":"ListItem","position":2,"name":"ShHM \u201cMEDVEGJA\u201d, me seli n\u00eb Fully (VS) organizoi fest\u00ebn kushtuar 112 vjetorit t\u00eb Pavar\u00ebsis\u00eb s\u00eb Shqip\u00ebris\u00eb!\u00a0"}]},{"@type":"WebSite","@id":"https:\/\/medvegjasot.com\/#website","url":"https:\/\/medvegjasot.com\/","name":"Medvegja Sot","description":"Portal Lajmesh","publisher":{"@id":"https:\/\/medvegjasot.com\/#organization"},"alternateName":"MS","potentialAction":[{"@type":"SearchAction","target":{"@type":"EntryPoint","urlTemplate":"https:\/\/medvegjasot.com\/?s={search_term_string}"},"query-input":{"@type":"PropertyValueSpecification","valueRequired":true,"valueName":"search_term_string"}}],"inLanguage":"en-US"},{"@type":"Organization","@id":"https:\/\/medvegjasot.com\/#organization","name":"Medvegja Sot","alternateName":"MS","url":"https:\/\/medvegjasot.com\/","logo":{"@type":"ImageObject","inLanguage":"en-US","@id":"https:\/\/medvegjasot.com\/#\/schema\/logo\/image\/","url":"https:\/\/medvegjasot.com\/wp-content\/uploads\/2024\/08\/logo.png","contentUrl":"https:\/\/medvegjasot.com\/wp-content\/uploads\/2024\/08\/logo.png","width":500,"height":500,"caption":"Medvegja Sot"},"image":{"@id":"https:\/\/medvegjasot.com\/#\/schema\/logo\/image\/"},"sameAs":["https:\/\/www.facebook.com\/MedvegjaSot.com1"]},{"@type":"Person","@id":"https:\/\/medvegjasot.com\/#\/schema\/person\/f2be1a84f4e95d0cb032946a1cf2e594","name":"admin","image":{"@type":"ImageObject","inLanguage":"en-US","@id":"https:\/\/secure.gravatar.com\/avatar\/2eedc5259426225ddc6f98b4b6728c30418b83e6f70285719780d3518d972ece?s=96&d=mm&r=g","url":"https:\/\/secure.gravatar.com\/avatar\/2eedc5259426225ddc6f98b4b6728c30418b83e6f70285719780d3518d972ece?s=96&d=mm&r=g","contentUrl":"https:\/\/secure.gravatar.com\/avatar\/2eedc5259426225ddc6f98b4b6728c30418b83e6f70285719780d3518d972ece?s=96&d=mm&r=g","caption":"admin"},"url":"https:\/\/medvegjasot.com\/?author=2"}]}},"jetpack_featured_media_url":"https:\/\/medvegjasot.com\/wp-content\/uploads\/2024\/12\/IMG_1537-1.png","_links":{"self":[{"href":"https:\/\/medvegjasot.com\/index.php?rest_route=\/wp\/v2\/posts\/3697","targetHints":{"allow":["GET"]}}],"collection":[{"href":"https:\/\/medvegjasot.com\/index.php?rest_route=\/wp\/v2\/posts"}],"about":[{"href":"https:\/\/medvegjasot.com\/index.php?rest_route=\/wp\/v2\/types\/post"}],"author":[{"embeddable":true,"href":"https:\/\/medvegjasot.com\/index.php?rest_route=\/wp\/v2\/users\/2"}],"replies":[{"embeddable":true,"href":"https:\/\/medvegjasot.com\/index.php?rest_route=%2Fwp%2Fv2%2Fcomments&post=3697"}],"version-history":[{"count":23,"href":"https:\/\/medvegjasot.com\/index.php?rest_route=\/wp\/v2\/posts\/3697\/revisions"}],"predecessor-version":[{"id":3832,"href":"https:\/\/medvegjasot.com\/index.php?rest_route=\/wp\/v2\/posts\/3697\/revisions\/3832"}],"wp:featuredmedia":[{"embeddable":true,"href":"https:\/\/medvegjasot.com\/index.php?rest_route=\/wp\/v2\/media\/3738"}],"wp:attachment":[{"href":"https:\/\/medvegjasot.com\/index.php?rest_route=%2Fwp%2Fv2%2Fmedia&parent=3697"}],"wp:term":[{"taxonomy":"category","embeddable":true,"href":"https:\/\/medvegjasot.com\/index.php?rest_route=%2Fwp%2Fv2%2Fcategories&post=3697"},{"taxonomy":"post_tag","embeddable":true,"href":"https:\/\/medvegjasot.com\/index.php?rest_route=%2Fwp%2Fv2%2Ftags&post=3697"}],"curies":[{"name":"wp","href":"https:\/\/api.w.org\/{rel}","templated":true}]}}