{"id":3614,"date":"2024-11-27T11:57:12","date_gmt":"2024-11-27T11:57:12","guid":{"rendered":"https:\/\/medvegjasot.com\/?p=3614"},"modified":"2024-11-27T11:59:25","modified_gmt":"2024-11-27T11:59:25","slug":"vendoset-flamuri-shqiptar-ne-ndertesen-e-komunes-se-bujanocit-nga-kryetari-z-arber-pajziti","status":"publish","type":"post","link":"https:\/\/medvegjasot.com\/?p=3614","title":{"rendered":"Vendoset flamuri shqiptar n\u00eb nd\u00ebrtes\u00ebn e komun\u00ebs s\u00eb Bujanocit nga kryetari z.Arb\u00ebr Pajziti"},"content":{"rendered":"\n<p>Kryetari i komun\u00ebs s\u00eb Bujanocit sot ka vendos flamurin shqiptar n\u00eb nd\u00ebrtes\u00ebn e komun\u00ebs me rastin e fest\u00ebs s\u00eb dit\u00ebs s\u00eb flamurit.<\/p>\n\n\n\n<p>Postimi i plot\u00eb:<\/p>\n\n\n\n<p>Rr\u00ebnj\u00ebt tona, identiteti yn\u00eb, qenia jon\u00eb. <br>Sa i bukur, sa i paz\u00ebvend\u00ebsuesh\u00ebm e sa madh\u00ebshtor q\u00eb je.<\/p>\n\n\n\n<p>Valo, simboli yn\u00eb valo.<\/p>\n\n\n\n<p>T\u00eb nderuar bashk\u00ebkombas, urime Festa e madhe jon\u00eb Komb\u00ebtare.<\/p>\n\n\n\n<p>Urime Dita e Flamurit!<\/p>\n\n\n\n<figure class=\"wp-block-image size-large\"><img fetchpriority=\"high\" decoding=\"async\" width=\"819\" height=\"1024\" src=\"https:\/\/medvegjasot.com\/wp-content\/uploads\/2024\/11\/IMG_0431-819x1024.jpeg\" alt=\"\" class=\"wp-image-3618\" srcset=\"https:\/\/medvegjasot.com\/wp-content\/uploads\/2024\/11\/IMG_0431-819x1024.jpeg 819w, https:\/\/medvegjasot.com\/wp-content\/uploads\/2024\/11\/IMG_0431-240x300.jpeg 240w, https:\/\/medvegjasot.com\/wp-content\/uploads\/2024\/11\/IMG_0431-768x960.jpeg 768w, https:\/\/medvegjasot.com\/wp-content\/uploads\/2024\/11\/IMG_0431-1229x1536.jpeg 1229w, https:\/\/medvegjasot.com\/wp-content\/uploads\/2024\/11\/IMG_0431-1638x2048.jpeg 1638w, https:\/\/medvegjasot.com\/wp-content\/uploads\/2024\/11\/IMG_0431-scaled.jpeg 2048w\" sizes=\"(max-width: 819px) 100vw, 819px\" \/><\/figure>\n","protected":false},"excerpt":{"rendered":"<p>Kryetari i komun\u00ebs s\u00eb Bujanocit sot ka vendos flamurin shqiptar n\u00eb nd\u00ebrtes\u00ebn e komun\u00ebs me rastin e fest\u00ebs s\u00eb dit\u00ebs s\u00eb flamurit. Postimi i plot\u00eb: Rr\u00ebnj\u00ebt tona, identiteti yn\u00eb, qenia jon\u00eb. Sa i bukur, sa i paz\u00ebvend\u00ebsuesh\u00ebm e sa madh\u00ebshtor q\u00eb je. Valo, simboli yn\u00eb valo. T\u00eb nderuar bashk\u00ebkombas, urime Festa e madhe jon\u00eb Komb\u00ebtare&#8230;.<\/p>\n","protected":false},"author":2,"featured_media":3615,"comment_status":"open","ping_status":"open","sticky":false,"template":"","format":"standard","meta":{"_coblocks_attr":"","_coblocks_dimensions":"","_coblocks_responsive_height":"","_coblocks_accordion_ie_support":"","_monsterinsights_skip_tracking":false,"_monsterinsights_sitenote_active":false,"_monsterinsights_sitenote_note":"","_monsterinsights_sitenote_category":0,"footnotes":""},"categories":[2],"tags":[],"class_list":["post-3614","post","type-post","status-publish","format-standard","has-post-thumbnail","hentry","category-aktuale"],"yoast_head":"<!-- This site is optimized with the Yoast SEO plugin v27.5 - https:\/\/yoast.com\/product\/yoast-seo-wordpress\/ -->\n<title>Vendoset flamuri shqiptar n\u00eb nd\u00ebrtes\u00ebn e komun\u00ebs s\u00eb Bujanocit nga kryetari z.Arb\u00ebr Pajziti - Medvegja Sot<\/title>\n<meta name=\"robots\" content=\"index, follow, max-snippet:-1, max-image-preview:large, max-video-preview:-1\" \/>\n<link rel=\"canonical\" href=\"https:\/\/medvegjasot.com\/?p=3614\" \/>\n<meta property=\"og:locale\" content=\"en_US\" \/>\n<meta property=\"og:type\" content=\"article\" \/>\n<meta property=\"og:title\" content=\"Vendoset flamuri shqiptar n\u00eb nd\u00ebrtes\u00ebn e komun\u00ebs s\u00eb Bujanocit nga kryetari z.Arb\u00ebr Pajziti - Medvegja Sot\" \/>\n<meta property=\"og:description\" content=\"Kryetari i komun\u00ebs s\u00eb Bujanocit sot ka vendos flamurin shqiptar n\u00eb nd\u00ebrtes\u00ebn e komun\u00ebs me rastin e fest\u00ebs s\u00eb dit\u00ebs s\u00eb flamurit. Postimi i plot\u00eb: Rr\u00ebnj\u00ebt tona, identiteti yn\u00eb, qenia jon\u00eb. Sa i bukur, sa i paz\u00ebvend\u00ebsuesh\u00ebm e sa madh\u00ebshtor q\u00eb je. Valo, simboli yn\u00eb valo. T\u00eb nderuar bashk\u00ebkombas, urime Festa e madhe jon\u00eb Komb\u00ebtare....\" \/>\n<meta property=\"og:url\" content=\"https:\/\/medvegjasot.com\/?p=3614\" \/>\n<meta property=\"og:site_name\" content=\"Medvegja Sot\" \/>\n<meta property=\"article:publisher\" content=\"https:\/\/www.facebook.com\/MedvegjaSot.com1\" \/>\n<meta property=\"article:published_time\" content=\"2024-11-27T11:57:12+00:00\" \/>\n<meta property=\"article:modified_time\" content=\"2024-11-27T11:59:25+00:00\" \/>\n<meta property=\"og:image\" content=\"https:\/\/medvegjasot.com\/wp-content\/uploads\/2024\/11\/photo-output-27-scaled.jpeg\" \/>\n\t<meta property=\"og:image:width\" content=\"2560\" \/>\n\t<meta property=\"og:image:height\" content=\"1440\" \/>\n\t<meta property=\"og:image:type\" content=\"image\/jpeg\" \/>\n<meta name=\"author\" content=\"admin\" \/>\n<meta name=\"twitter:card\" content=\"summary_large_image\" \/>\n<meta name=\"twitter:label1\" content=\"Written by\" \/>\n\t<meta name=\"twitter:data1\" content=\"admin\" \/>\n\t<meta name=\"twitter:label2\" content=\"Est. reading time\" \/>\n\t<meta name=\"twitter:data2\" content=\"1 minute\" \/>\n<script type=\"application\/ld+json\" class=\"yoast-schema-graph\">{\"@context\":\"https:\\\/\\\/schema.org\",\"@graph\":[{\"@type\":\"Article\",\"@id\":\"https:\\\/\\\/medvegjasot.com\\\/?p=3614#article\",\"isPartOf\":{\"@id\":\"https:\\\/\\\/medvegjasot.com\\\/?p=3614\"},\"author\":{\"name\":\"admin\",\"@id\":\"https:\\\/\\\/medvegjasot.com\\\/#\\\/schema\\\/person\\\/f2be1a84f4e95d0cb032946a1cf2e594\"},\"headline\":\"Vendoset flamuri shqiptar n\u00eb nd\u00ebrtes\u00ebn e komun\u00ebs s\u00eb Bujanocit nga kryetari z.Arb\u00ebr Pajziti\",\"datePublished\":\"2024-11-27T11:57:12+00:00\",\"dateModified\":\"2024-11-27T11:59:25+00:00\",\"mainEntityOfPage\":{\"@id\":\"https:\\\/\\\/medvegjasot.com\\\/?p=3614\"},\"wordCount\":91,\"commentCount\":0,\"publisher\":{\"@id\":\"https:\\\/\\\/medvegjasot.com\\\/#organization\"},\"image\":{\"@id\":\"https:\\\/\\\/medvegjasot.com\\\/?p=3614#primaryimage\"},\"thumbnailUrl\":\"https:\\\/\\\/medvegjasot.com\\\/wp-content\\\/uploads\\\/2024\\\/11\\\/photo-output-27-scaled.jpeg\",\"articleSection\":[\"AKTUALE\"],\"inLanguage\":\"en-US\",\"potentialAction\":[{\"@type\":\"CommentAction\",\"name\":\"Comment\",\"target\":[\"https:\\\/\\\/medvegjasot.com\\\/?p=3614#respond\"]}]},{\"@type\":\"WebPage\",\"@id\":\"https:\\\/\\\/medvegjasot.com\\\/?p=3614\",\"url\":\"https:\\\/\\\/medvegjasot.com\\\/?p=3614\",\"name\":\"Vendoset flamuri shqiptar n\u00eb nd\u00ebrtes\u00ebn e komun\u00ebs s\u00eb Bujanocit nga kryetari z.Arb\u00ebr Pajziti - Medvegja Sot\",\"isPartOf\":{\"@id\":\"https:\\\/\\\/medvegjasot.com\\\/#website\"},\"primaryImageOfPage\":{\"@id\":\"https:\\\/\\\/medvegjasot.com\\\/?p=3614#primaryimage\"},\"image\":{\"@id\":\"https:\\\/\\\/medvegjasot.com\\\/?p=3614#primaryimage\"},\"thumbnailUrl\":\"https:\\\/\\\/medvegjasot.com\\\/wp-content\\\/uploads\\\/2024\\\/11\\\/photo-output-27-scaled.jpeg\",\"datePublished\":\"2024-11-27T11:57:12+00:00\",\"dateModified\":\"2024-11-27T11:59:25+00:00\",\"breadcrumb\":{\"@id\":\"https:\\\/\\\/medvegjasot.com\\\/?p=3614#breadcrumb\"},\"inLanguage\":\"en-US\",\"potentialAction\":[{\"@type\":\"ReadAction\",\"target\":[\"https:\\\/\\\/medvegjasot.com\\\/?p=3614\"]}]},{\"@type\":\"ImageObject\",\"inLanguage\":\"en-US\",\"@id\":\"https:\\\/\\\/medvegjasot.com\\\/?p=3614#primaryimage\",\"url\":\"https:\\\/\\\/medvegjasot.com\\\/wp-content\\\/uploads\\\/2024\\\/11\\\/photo-output-27-scaled.jpeg\",\"contentUrl\":\"https:\\\/\\\/medvegjasot.com\\\/wp-content\\\/uploads\\\/2024\\\/11\\\/photo-output-27-scaled.jpeg\",\"width\":2560,\"height\":1440},{\"@type\":\"BreadcrumbList\",\"@id\":\"https:\\\/\\\/medvegjasot.com\\\/?p=3614#breadcrumb\",\"itemListElement\":[{\"@type\":\"ListItem\",\"position\":1,\"name\":\"Home\",\"item\":\"https:\\\/\\\/medvegjasot.com\\\/\"},{\"@type\":\"ListItem\",\"position\":2,\"name\":\"Vendoset flamuri shqiptar n\u00eb nd\u00ebrtes\u00ebn e komun\u00ebs s\u00eb Bujanocit nga kryetari z.Arb\u00ebr Pajziti\"}]},{\"@type\":\"WebSite\",\"@id\":\"https:\\\/\\\/medvegjasot.com\\\/#website\",\"url\":\"https:\\\/\\\/medvegjasot.com\\\/\",\"name\":\"Medvegja Sot\",\"description\":\"Portal Lajmesh\",\"publisher\":{\"@id\":\"https:\\\/\\\/medvegjasot.com\\\/#organization\"},\"alternateName\":\"MS\",\"potentialAction\":[{\"@type\":\"SearchAction\",\"target\":{\"@type\":\"EntryPoint\",\"urlTemplate\":\"https:\\\/\\\/medvegjasot.com\\\/?s={search_term_string}\"},\"query-input\":{\"@type\":\"PropertyValueSpecification\",\"valueRequired\":true,\"valueName\":\"search_term_string\"}}],\"inLanguage\":\"en-US\"},{\"@type\":\"Organization\",\"@id\":\"https:\\\/\\\/medvegjasot.com\\\/#organization\",\"name\":\"Medvegja Sot\",\"alternateName\":\"MS\",\"url\":\"https:\\\/\\\/medvegjasot.com\\\/\",\"logo\":{\"@type\":\"ImageObject\",\"inLanguage\":\"en-US\",\"@id\":\"https:\\\/\\\/medvegjasot.com\\\/#\\\/schema\\\/logo\\\/image\\\/\",\"url\":\"https:\\\/\\\/medvegjasot.com\\\/wp-content\\\/uploads\\\/2024\\\/08\\\/logo.png\",\"contentUrl\":\"https:\\\/\\\/medvegjasot.com\\\/wp-content\\\/uploads\\\/2024\\\/08\\\/logo.png\",\"width\":500,\"height\":500,\"caption\":\"Medvegja Sot\"},\"image\":{\"@id\":\"https:\\\/\\\/medvegjasot.com\\\/#\\\/schema\\\/logo\\\/image\\\/\"},\"sameAs\":[\"https:\\\/\\\/www.facebook.com\\\/MedvegjaSot.com1\"]},{\"@type\":\"Person\",\"@id\":\"https:\\\/\\\/medvegjasot.com\\\/#\\\/schema\\\/person\\\/f2be1a84f4e95d0cb032946a1cf2e594\",\"name\":\"admin\",\"image\":{\"@type\":\"ImageObject\",\"inLanguage\":\"en-US\",\"@id\":\"https:\\\/\\\/secure.gravatar.com\\\/avatar\\\/2eedc5259426225ddc6f98b4b6728c30418b83e6f70285719780d3518d972ece?s=96&d=mm&r=g\",\"url\":\"https:\\\/\\\/secure.gravatar.com\\\/avatar\\\/2eedc5259426225ddc6f98b4b6728c30418b83e6f70285719780d3518d972ece?s=96&d=mm&r=g\",\"contentUrl\":\"https:\\\/\\\/secure.gravatar.com\\\/avatar\\\/2eedc5259426225ddc6f98b4b6728c30418b83e6f70285719780d3518d972ece?s=96&d=mm&r=g\",\"caption\":\"admin\"},\"url\":\"https:\\\/\\\/medvegjasot.com\\\/?author=2\"}]}<\/script>\n<!-- \/ Yoast SEO plugin. -->","yoast_head_json":{"title":"Vendoset flamuri shqiptar n\u00eb nd\u00ebrtes\u00ebn e komun\u00ebs s\u00eb Bujanocit nga kryetari z.Arb\u00ebr Pajziti - Medvegja Sot","robots":{"index":"index","follow":"follow","max-snippet":"max-snippet:-1","max-image-preview":"max-image-preview:large","max-video-preview":"max-video-preview:-1"},"canonical":"https:\/\/medvegjasot.com\/?p=3614","og_locale":"en_US","og_type":"article","og_title":"Vendoset flamuri shqiptar n\u00eb nd\u00ebrtes\u00ebn e komun\u00ebs s\u00eb Bujanocit nga kryetari z.Arb\u00ebr Pajziti - Medvegja Sot","og_description":"Kryetari i komun\u00ebs s\u00eb Bujanocit sot ka vendos flamurin shqiptar n\u00eb nd\u00ebrtes\u00ebn e komun\u00ebs me rastin e fest\u00ebs s\u00eb dit\u00ebs s\u00eb flamurit. Postimi i plot\u00eb: Rr\u00ebnj\u00ebt tona, identiteti yn\u00eb, qenia jon\u00eb. Sa i bukur, sa i paz\u00ebvend\u00ebsuesh\u00ebm e sa madh\u00ebshtor q\u00eb je. Valo, simboli yn\u00eb valo. T\u00eb nderuar bashk\u00ebkombas, urime Festa e madhe jon\u00eb Komb\u00ebtare....","og_url":"https:\/\/medvegjasot.com\/?p=3614","og_site_name":"Medvegja Sot","article_publisher":"https:\/\/www.facebook.com\/MedvegjaSot.com1","article_published_time":"2024-11-27T11:57:12+00:00","article_modified_time":"2024-11-27T11:59:25+00:00","og_image":[{"width":2560,"height":1440,"url":"https:\/\/medvegjasot.com\/wp-content\/uploads\/2024\/11\/photo-output-27-scaled.jpeg","type":"image\/jpeg"}],"author":"admin","twitter_card":"summary_large_image","twitter_misc":{"Written by":"admin","Est. reading time":"1 minute"},"schema":{"@context":"https:\/\/schema.org","@graph":[{"@type":"Article","@id":"https:\/\/medvegjasot.com\/?p=3614#article","isPartOf":{"@id":"https:\/\/medvegjasot.com\/?p=3614"},"author":{"name":"admin","@id":"https:\/\/medvegjasot.com\/#\/schema\/person\/f2be1a84f4e95d0cb032946a1cf2e594"},"headline":"Vendoset flamuri shqiptar n\u00eb nd\u00ebrtes\u00ebn e komun\u00ebs s\u00eb Bujanocit nga kryetari z.Arb\u00ebr Pajziti","datePublished":"2024-11-27T11:57:12+00:00","dateModified":"2024-11-27T11:59:25+00:00","mainEntityOfPage":{"@id":"https:\/\/medvegjasot.com\/?p=3614"},"wordCount":91,"commentCount":0,"publisher":{"@id":"https:\/\/medvegjasot.com\/#organization"},"image":{"@id":"https:\/\/medvegjasot.com\/?p=3614#primaryimage"},"thumbnailUrl":"https:\/\/medvegjasot.com\/wp-content\/uploads\/2024\/11\/photo-output-27-scaled.jpeg","articleSection":["AKTUALE"],"inLanguage":"en-US","potentialAction":[{"@type":"CommentAction","name":"Comment","target":["https:\/\/medvegjasot.com\/?p=3614#respond"]}]},{"@type":"WebPage","@id":"https:\/\/medvegjasot.com\/?p=3614","url":"https:\/\/medvegjasot.com\/?p=3614","name":"Vendoset flamuri shqiptar n\u00eb nd\u00ebrtes\u00ebn e komun\u00ebs s\u00eb Bujanocit nga kryetari z.Arb\u00ebr Pajziti - Medvegja Sot","isPartOf":{"@id":"https:\/\/medvegjasot.com\/#website"},"primaryImageOfPage":{"@id":"https:\/\/medvegjasot.com\/?p=3614#primaryimage"},"image":{"@id":"https:\/\/medvegjasot.com\/?p=3614#primaryimage"},"thumbnailUrl":"https:\/\/medvegjasot.com\/wp-content\/uploads\/2024\/11\/photo-output-27-scaled.jpeg","datePublished":"2024-11-27T11:57:12+00:00","dateModified":"2024-11-27T11:59:25+00:00","breadcrumb":{"@id":"https:\/\/medvegjasot.com\/?p=3614#breadcrumb"},"inLanguage":"en-US","potentialAction":[{"@type":"ReadAction","target":["https:\/\/medvegjasot.com\/?p=3614"]}]},{"@type":"ImageObject","inLanguage":"en-US","@id":"https:\/\/medvegjasot.com\/?p=3614#primaryimage","url":"https:\/\/medvegjasot.com\/wp-content\/uploads\/2024\/11\/photo-output-27-scaled.jpeg","contentUrl":"https:\/\/medvegjasot.com\/wp-content\/uploads\/2024\/11\/photo-output-27-scaled.jpeg","width":2560,"height":1440},{"@type":"BreadcrumbList","@id":"https:\/\/medvegjasot.com\/?p=3614#breadcrumb","itemListElement":[{"@type":"ListItem","position":1,"name":"Home","item":"https:\/\/medvegjasot.com\/"},{"@type":"ListItem","position":2,"name":"Vendoset flamuri shqiptar n\u00eb nd\u00ebrtes\u00ebn e komun\u00ebs s\u00eb Bujanocit nga kryetari z.Arb\u00ebr Pajziti"}]},{"@type":"WebSite","@id":"https:\/\/medvegjasot.com\/#website","url":"https:\/\/medvegjasot.com\/","name":"Medvegja Sot","description":"Portal Lajmesh","publisher":{"@id":"https:\/\/medvegjasot.com\/#organization"},"alternateName":"MS","potentialAction":[{"@type":"SearchAction","target":{"@type":"EntryPoint","urlTemplate":"https:\/\/medvegjasot.com\/?s={search_term_string}"},"query-input":{"@type":"PropertyValueSpecification","valueRequired":true,"valueName":"search_term_string"}}],"inLanguage":"en-US"},{"@type":"Organization","@id":"https:\/\/medvegjasot.com\/#organization","name":"Medvegja Sot","alternateName":"MS","url":"https:\/\/medvegjasot.com\/","logo":{"@type":"ImageObject","inLanguage":"en-US","@id":"https:\/\/medvegjasot.com\/#\/schema\/logo\/image\/","url":"https:\/\/medvegjasot.com\/wp-content\/uploads\/2024\/08\/logo.png","contentUrl":"https:\/\/medvegjasot.com\/wp-content\/uploads\/2024\/08\/logo.png","width":500,"height":500,"caption":"Medvegja Sot"},"image":{"@id":"https:\/\/medvegjasot.com\/#\/schema\/logo\/image\/"},"sameAs":["https:\/\/www.facebook.com\/MedvegjaSot.com1"]},{"@type":"Person","@id":"https:\/\/medvegjasot.com\/#\/schema\/person\/f2be1a84f4e95d0cb032946a1cf2e594","name":"admin","image":{"@type":"ImageObject","inLanguage":"en-US","@id":"https:\/\/secure.gravatar.com\/avatar\/2eedc5259426225ddc6f98b4b6728c30418b83e6f70285719780d3518d972ece?s=96&d=mm&r=g","url":"https:\/\/secure.gravatar.com\/avatar\/2eedc5259426225ddc6f98b4b6728c30418b83e6f70285719780d3518d972ece?s=96&d=mm&r=g","contentUrl":"https:\/\/secure.gravatar.com\/avatar\/2eedc5259426225ddc6f98b4b6728c30418b83e6f70285719780d3518d972ece?s=96&d=mm&r=g","caption":"admin"},"url":"https:\/\/medvegjasot.com\/?author=2"}]}},"jetpack_featured_media_url":"https:\/\/medvegjasot.com\/wp-content\/uploads\/2024\/11\/photo-output-27-scaled.jpeg","_links":{"self":[{"href":"https:\/\/medvegjasot.com\/index.php?rest_route=\/wp\/v2\/posts\/3614","targetHints":{"allow":["GET"]}}],"collection":[{"href":"https:\/\/medvegjasot.com\/index.php?rest_route=\/wp\/v2\/posts"}],"about":[{"href":"https:\/\/medvegjasot.com\/index.php?rest_route=\/wp\/v2\/types\/post"}],"author":[{"embeddable":true,"href":"https:\/\/medvegjasot.com\/index.php?rest_route=\/wp\/v2\/users\/2"}],"replies":[{"embeddable":true,"href":"https:\/\/medvegjasot.com\/index.php?rest_route=%2Fwp%2Fv2%2Fcomments&post=3614"}],"version-history":[{"count":2,"href":"https:\/\/medvegjasot.com\/index.php?rest_route=\/wp\/v2\/posts\/3614\/revisions"}],"predecessor-version":[{"id":3619,"href":"https:\/\/medvegjasot.com\/index.php?rest_route=\/wp\/v2\/posts\/3614\/revisions\/3619"}],"wp:featuredmedia":[{"embeddable":true,"href":"https:\/\/medvegjasot.com\/index.php?rest_route=\/wp\/v2\/media\/3615"}],"wp:attachment":[{"href":"https:\/\/medvegjasot.com\/index.php?rest_route=%2Fwp%2Fv2%2Fmedia&parent=3614"}],"wp:term":[{"taxonomy":"category","embeddable":true,"href":"https:\/\/medvegjasot.com\/index.php?rest_route=%2Fwp%2Fv2%2Fcategories&post=3614"},{"taxonomy":"post_tag","embeddable":true,"href":"https:\/\/medvegjasot.com\/index.php?rest_route=%2Fwp%2Fv2%2Ftags&post=3614"}],"curies":[{"name":"wp","href":"https:\/\/api.w.org\/{rel}","templated":true}]}}