{"id":3589,"date":"2024-11-25T09:43:03","date_gmt":"2024-11-25T09:43:03","guid":{"rendered":"https:\/\/medvegjasot.com\/?p=3589"},"modified":"2024-11-25T09:43:04","modified_gmt":"2024-11-25T09:43:04","slug":"pasivizimi-i-adresave-te-shqiptareve-ne-luginen-e-presheves-mepj-shkelje-e-te-drejtave-te-njeriut","status":"publish","type":"post","link":"https:\/\/medvegjasot.com\/?p=3589","title":{"rendered":"Pasivizimi i adresave t\u00eb shqiptar\u00ebve n\u00eb Lugin\u00ebn e Preshev\u00ebs, MEPJ: Shkelje e t\u00eb drejtave t\u00eb njeriut!"},"content":{"rendered":"\n<p>Ministria p\u00ebr Evrop\u00ebn dhe Pun\u00ebt e Jashtme e Shqip\u00ebris\u00eb ka shprehur shqet\u00ebsim serioz lidhur me fenomenin e pasivizimit t\u00eb adresave t\u00eb shqiptar\u00ebve n\u00eb Lugin\u00ebn e Preshev\u00ebs, ve\u00e7an\u00ebrisht n\u00eb Medvegj\u00eb.<\/p>\n\n\n\n<p>N\u00eb nj\u00eb njoftim p\u00ebr shtyp, MEPJ shprehet se ky akt p\u00ebrb\u00ebn nj\u00eb shkelje t\u00eb drejtp\u00ebrdrejt\u00eb t\u00eb t\u00eb drejtave t\u00eb njeriut dhe standardeve nd\u00ebrkomb\u00ebtare p\u00ebr mbrojtjen e pakicave, pasi privon shqiptar\u00ebt n\u00eb k\u00ebt\u00eb rajon nga qasja n\u00eb sh\u00ebrbime thelb\u00ebsore dhe nga mund\u00ebsia e ushtrimit t\u00eb t\u00eb drejtave t\u00eb tyre themelore.<\/p>\n\n\n\n<p>\u201cMinistria p\u00ebr Evrop\u00ebn dhe Pun\u00ebt e Jashtme ndjek me v\u00ebmendje fenomenin e pasivizimit t\u00eb adresave t\u00eb shqiptar\u00ebve n\u00eb Lugin\u00ebn e Preshev\u00ebs, ve\u00e7an\u00ebrisht n\u00eb Medvegj\u00eb. Ky veprim p\u00ebrb\u00ebn nj\u00eb shkelje t\u00eb t\u00eb drejtave t\u00eb njeriut dhe t\u00eb standardeve p\u00ebr mbrojtjen e pakicave, duke privuar shqiptar\u00ebt nga qasja n\u00eb sh\u00ebrbime baz\u00eb dhe ushtrimi i t\u00eb drejtave t\u00eb tyre themelore. Pasivizimi i adresave nuk \u00ebsht\u00eb nj\u00eb \u00e7\u00ebshtje thjesht ligjore, por ka pasoja mbi jet\u00ebn e p\u00ebrditshme t\u00eb shqiptar\u00ebve n\u00eb k\u00ebt\u00eb rajon, duke cenuar t\u00eb drejtat dhe barazin\u00eb e tyre. Ministria ka adresuar dhe do t\u00eb vazhdoj\u00eb t\u00eb adresoj\u00eb k\u00ebt\u00eb \u00e7\u00ebshtje n\u00eb dialogun me autoritetet serbe, si dhe n\u00eb forume nd\u00ebrkomb\u00ebtare. P\u00ebrmes angazhimit t\u00eb saj t\u00eb vazhduesh\u00ebm, Shqip\u00ebria do t\u00eb vazhdoj\u00eb t\u00eb k\u00ebrkoj\u00eb mbrojtjen e t\u00eb drejtave t\u00eb shqiptar\u00ebve n\u00eb Lugin\u00ebn e Preshev\u00ebs, n\u00eb p\u00ebrputhje me standardet nd\u00ebrkomb\u00ebtare p\u00ebr t\u00eb drejtat e njeriut dhe pakicave\u201d, thuhet n\u00eb q\u00ebndrimin zyrtar t\u00eb MEPJ.<\/p>\n\n\n\n<p>Kujtojm\u00eb se pasivizimi i adresave t\u00eb shqiptar\u00ebve n\u00eb Lugin\u00ebn e Preshev\u00ebs \u00ebsht\u00eb nj\u00eb proces administrativ q\u00eb ka ndodhur kryesisht n\u00eb disa zona t\u00eb k\u00ebsaj treve, ku shum\u00eb shqiptar\u00eb jan\u00eb fshir\u00eb nga regjistrat e adresave dhe t\u00eb dh\u00ebnat administrative t\u00eb Serbis\u00eb. Ky veprim ka pasur pasoja t\u00eb r\u00ebnda p\u00ebr shqiptar\u00ebt, duke i privuar ata nga mund\u00ebsia p\u00ebr t\u00eb shfryt\u00ebzuar sh\u00ebrbime dhe t\u00eb drejta themelore si arsim, sh\u00ebndet\u00ebsi, dhe pensione, si dhe nga mund\u00ebsia p\u00ebr t\u00eb ushtruar t\u00eb drejtat e tyre qytetare.<\/p>\n","protected":false},"excerpt":{"rendered":"<p>Ministria p\u00ebr Evrop\u00ebn dhe Pun\u00ebt e Jashtme e Shqip\u00ebris\u00eb ka shprehur shqet\u00ebsim serioz lidhur me fenomenin e pasivizimit t\u00eb adresave t\u00eb shqiptar\u00ebve n\u00eb Lugin\u00ebn e Preshev\u00ebs, ve\u00e7an\u00ebrisht n\u00eb Medvegj\u00eb. N\u00eb nj\u00eb njoftim p\u00ebr shtyp, MEPJ shprehet se ky akt p\u00ebrb\u00ebn nj\u00eb shkelje t\u00eb drejtp\u00ebrdrejt\u00eb t\u00eb t\u00eb drejtave t\u00eb njeriut dhe standardeve nd\u00ebrkomb\u00ebtare p\u00ebr mbrojtjen e&#8230;<\/p>\n","protected":false},"author":2,"featured_media":3590,"comment_status":"open","ping_status":"open","sticky":false,"template":"","format":"standard","meta":{"_coblocks_attr":"","_coblocks_dimensions":"","_coblocks_responsive_height":"","_coblocks_accordion_ie_support":"","_monsterinsights_skip_tracking":false,"_monsterinsights_sitenote_active":false,"_monsterinsights_sitenote_note":"","_monsterinsights_sitenote_category":0,"footnotes":""},"categories":[14],"tags":[],"class_list":["post-3589","post","type-post","status-publish","format-standard","has-post-thumbnail","hentry","category-lajme"],"yoast_head":"<!-- This site is optimized with the Yoast SEO plugin v27.5 - https:\/\/yoast.com\/product\/yoast-seo-wordpress\/ -->\n<title>Pasivizimi i adresave t\u00eb shqiptar\u00ebve n\u00eb Lugin\u00ebn e Preshev\u00ebs, MEPJ: Shkelje e t\u00eb drejtave t\u00eb njeriut! - Medvegja Sot<\/title>\n<meta name=\"robots\" content=\"index, follow, max-snippet:-1, max-image-preview:large, max-video-preview:-1\" \/>\n<link rel=\"canonical\" href=\"https:\/\/medvegjasot.com\/?p=3589\" \/>\n<meta property=\"og:locale\" content=\"en_US\" \/>\n<meta property=\"og:type\" content=\"article\" \/>\n<meta property=\"og:title\" content=\"Pasivizimi i adresave t\u00eb shqiptar\u00ebve n\u00eb Lugin\u00ebn e Preshev\u00ebs, MEPJ: Shkelje e t\u00eb drejtave t\u00eb njeriut! - Medvegja Sot\" \/>\n<meta property=\"og:description\" content=\"Ministria p\u00ebr Evrop\u00ebn dhe Pun\u00ebt e Jashtme e Shqip\u00ebris\u00eb ka shprehur shqet\u00ebsim serioz lidhur me fenomenin e pasivizimit t\u00eb adresave t\u00eb shqiptar\u00ebve n\u00eb Lugin\u00ebn e Preshev\u00ebs, ve\u00e7an\u00ebrisht n\u00eb Medvegj\u00eb. N\u00eb nj\u00eb njoftim p\u00ebr shtyp, MEPJ shprehet se ky akt p\u00ebrb\u00ebn nj\u00eb shkelje t\u00eb drejtp\u00ebrdrejt\u00eb t\u00eb t\u00eb drejtave t\u00eb njeriut dhe standardeve nd\u00ebrkomb\u00ebtare p\u00ebr mbrojtjen e...\" \/>\n<meta property=\"og:url\" content=\"https:\/\/medvegjasot.com\/?p=3589\" \/>\n<meta property=\"og:site_name\" content=\"Medvegja Sot\" \/>\n<meta property=\"article:publisher\" content=\"https:\/\/www.facebook.com\/MedvegjaSot.com1\" \/>\n<meta property=\"article:published_time\" content=\"2024-11-25T09:43:03+00:00\" \/>\n<meta property=\"article:modified_time\" content=\"2024-11-25T09:43:04+00:00\" \/>\n<meta property=\"og:image\" content=\"https:\/\/medvegjasot.com\/wp-content\/uploads\/2024\/11\/photo-output-25.jpeg\" \/>\n\t<meta property=\"og:image:width\" content=\"2016\" \/>\n\t<meta property=\"og:image:height\" content=\"1134\" \/>\n\t<meta property=\"og:image:type\" content=\"image\/jpeg\" \/>\n<meta name=\"author\" content=\"admin\" \/>\n<meta name=\"twitter:card\" content=\"summary_large_image\" \/>\n<meta name=\"twitter:label1\" content=\"Written by\" \/>\n\t<meta name=\"twitter:data1\" content=\"admin\" \/>\n\t<meta name=\"twitter:label2\" content=\"Est. reading time\" \/>\n\t<meta name=\"twitter:data2\" content=\"2 minutes\" \/>\n<script type=\"application\/ld+json\" class=\"yoast-schema-graph\">{\"@context\":\"https:\\\/\\\/schema.org\",\"@graph\":[{\"@type\":\"Article\",\"@id\":\"https:\\\/\\\/medvegjasot.com\\\/?p=3589#article\",\"isPartOf\":{\"@id\":\"https:\\\/\\\/medvegjasot.com\\\/?p=3589\"},\"author\":{\"name\":\"admin\",\"@id\":\"https:\\\/\\\/medvegjasot.com\\\/#\\\/schema\\\/person\\\/f2be1a84f4e95d0cb032946a1cf2e594\"},\"headline\":\"Pasivizimi i adresave t\u00eb shqiptar\u00ebve n\u00eb Lugin\u00ebn e Preshev\u00ebs, MEPJ: Shkelje e t\u00eb drejtave t\u00eb njeriut!\",\"datePublished\":\"2024-11-25T09:43:03+00:00\",\"dateModified\":\"2024-11-25T09:43:04+00:00\",\"mainEntityOfPage\":{\"@id\":\"https:\\\/\\\/medvegjasot.com\\\/?p=3589\"},\"wordCount\":395,\"commentCount\":0,\"publisher\":{\"@id\":\"https:\\\/\\\/medvegjasot.com\\\/#organization\"},\"image\":{\"@id\":\"https:\\\/\\\/medvegjasot.com\\\/?p=3589#primaryimage\"},\"thumbnailUrl\":\"https:\\\/\\\/medvegjasot.com\\\/wp-content\\\/uploads\\\/2024\\\/11\\\/photo-output-25.jpeg\",\"articleSection\":[\"LAJME\"],\"inLanguage\":\"en-US\",\"potentialAction\":[{\"@type\":\"CommentAction\",\"name\":\"Comment\",\"target\":[\"https:\\\/\\\/medvegjasot.com\\\/?p=3589#respond\"]}]},{\"@type\":\"WebPage\",\"@id\":\"https:\\\/\\\/medvegjasot.com\\\/?p=3589\",\"url\":\"https:\\\/\\\/medvegjasot.com\\\/?p=3589\",\"name\":\"Pasivizimi i adresave t\u00eb shqiptar\u00ebve n\u00eb Lugin\u00ebn e Preshev\u00ebs, MEPJ: Shkelje e t\u00eb drejtave t\u00eb njeriut! - Medvegja Sot\",\"isPartOf\":{\"@id\":\"https:\\\/\\\/medvegjasot.com\\\/#website\"},\"primaryImageOfPage\":{\"@id\":\"https:\\\/\\\/medvegjasot.com\\\/?p=3589#primaryimage\"},\"image\":{\"@id\":\"https:\\\/\\\/medvegjasot.com\\\/?p=3589#primaryimage\"},\"thumbnailUrl\":\"https:\\\/\\\/medvegjasot.com\\\/wp-content\\\/uploads\\\/2024\\\/11\\\/photo-output-25.jpeg\",\"datePublished\":\"2024-11-25T09:43:03+00:00\",\"dateModified\":\"2024-11-25T09:43:04+00:00\",\"breadcrumb\":{\"@id\":\"https:\\\/\\\/medvegjasot.com\\\/?p=3589#breadcrumb\"},\"inLanguage\":\"en-US\",\"potentialAction\":[{\"@type\":\"ReadAction\",\"target\":[\"https:\\\/\\\/medvegjasot.com\\\/?p=3589\"]}]},{\"@type\":\"ImageObject\",\"inLanguage\":\"en-US\",\"@id\":\"https:\\\/\\\/medvegjasot.com\\\/?p=3589#primaryimage\",\"url\":\"https:\\\/\\\/medvegjasot.com\\\/wp-content\\\/uploads\\\/2024\\\/11\\\/photo-output-25.jpeg\",\"contentUrl\":\"https:\\\/\\\/medvegjasot.com\\\/wp-content\\\/uploads\\\/2024\\\/11\\\/photo-output-25.jpeg\",\"width\":2016,\"height\":1134},{\"@type\":\"BreadcrumbList\",\"@id\":\"https:\\\/\\\/medvegjasot.com\\\/?p=3589#breadcrumb\",\"itemListElement\":[{\"@type\":\"ListItem\",\"position\":1,\"name\":\"Home\",\"item\":\"https:\\\/\\\/medvegjasot.com\\\/\"},{\"@type\":\"ListItem\",\"position\":2,\"name\":\"Pasivizimi i adresave t\u00eb shqiptar\u00ebve n\u00eb Lugin\u00ebn e Preshev\u00ebs, MEPJ: Shkelje e t\u00eb drejtave t\u00eb njeriut!\"}]},{\"@type\":\"WebSite\",\"@id\":\"https:\\\/\\\/medvegjasot.com\\\/#website\",\"url\":\"https:\\\/\\\/medvegjasot.com\\\/\",\"name\":\"Medvegja Sot\",\"description\":\"Portal Lajmesh\",\"publisher\":{\"@id\":\"https:\\\/\\\/medvegjasot.com\\\/#organization\"},\"alternateName\":\"MS\",\"potentialAction\":[{\"@type\":\"SearchAction\",\"target\":{\"@type\":\"EntryPoint\",\"urlTemplate\":\"https:\\\/\\\/medvegjasot.com\\\/?s={search_term_string}\"},\"query-input\":{\"@type\":\"PropertyValueSpecification\",\"valueRequired\":true,\"valueName\":\"search_term_string\"}}],\"inLanguage\":\"en-US\"},{\"@type\":\"Organization\",\"@id\":\"https:\\\/\\\/medvegjasot.com\\\/#organization\",\"name\":\"Medvegja Sot\",\"alternateName\":\"MS\",\"url\":\"https:\\\/\\\/medvegjasot.com\\\/\",\"logo\":{\"@type\":\"ImageObject\",\"inLanguage\":\"en-US\",\"@id\":\"https:\\\/\\\/medvegjasot.com\\\/#\\\/schema\\\/logo\\\/image\\\/\",\"url\":\"https:\\\/\\\/medvegjasot.com\\\/wp-content\\\/uploads\\\/2024\\\/08\\\/logo.png\",\"contentUrl\":\"https:\\\/\\\/medvegjasot.com\\\/wp-content\\\/uploads\\\/2024\\\/08\\\/logo.png\",\"width\":500,\"height\":500,\"caption\":\"Medvegja Sot\"},\"image\":{\"@id\":\"https:\\\/\\\/medvegjasot.com\\\/#\\\/schema\\\/logo\\\/image\\\/\"},\"sameAs\":[\"https:\\\/\\\/www.facebook.com\\\/MedvegjaSot.com1\"]},{\"@type\":\"Person\",\"@id\":\"https:\\\/\\\/medvegjasot.com\\\/#\\\/schema\\\/person\\\/f2be1a84f4e95d0cb032946a1cf2e594\",\"name\":\"admin\",\"image\":{\"@type\":\"ImageObject\",\"inLanguage\":\"en-US\",\"@id\":\"https:\\\/\\\/secure.gravatar.com\\\/avatar\\\/2eedc5259426225ddc6f98b4b6728c30418b83e6f70285719780d3518d972ece?s=96&d=mm&r=g\",\"url\":\"https:\\\/\\\/secure.gravatar.com\\\/avatar\\\/2eedc5259426225ddc6f98b4b6728c30418b83e6f70285719780d3518d972ece?s=96&d=mm&r=g\",\"contentUrl\":\"https:\\\/\\\/secure.gravatar.com\\\/avatar\\\/2eedc5259426225ddc6f98b4b6728c30418b83e6f70285719780d3518d972ece?s=96&d=mm&r=g\",\"caption\":\"admin\"},\"url\":\"https:\\\/\\\/medvegjasot.com\\\/?author=2\"}]}<\/script>\n<!-- \/ Yoast SEO plugin. -->","yoast_head_json":{"title":"Pasivizimi i adresave t\u00eb shqiptar\u00ebve n\u00eb Lugin\u00ebn e Preshev\u00ebs, MEPJ: Shkelje e t\u00eb drejtave t\u00eb njeriut! - Medvegja Sot","robots":{"index":"index","follow":"follow","max-snippet":"max-snippet:-1","max-image-preview":"max-image-preview:large","max-video-preview":"max-video-preview:-1"},"canonical":"https:\/\/medvegjasot.com\/?p=3589","og_locale":"en_US","og_type":"article","og_title":"Pasivizimi i adresave t\u00eb shqiptar\u00ebve n\u00eb Lugin\u00ebn e Preshev\u00ebs, MEPJ: Shkelje e t\u00eb drejtave t\u00eb njeriut! - Medvegja Sot","og_description":"Ministria p\u00ebr Evrop\u00ebn dhe Pun\u00ebt e Jashtme e Shqip\u00ebris\u00eb ka shprehur shqet\u00ebsim serioz lidhur me fenomenin e pasivizimit t\u00eb adresave t\u00eb shqiptar\u00ebve n\u00eb Lugin\u00ebn e Preshev\u00ebs, ve\u00e7an\u00ebrisht n\u00eb Medvegj\u00eb. N\u00eb nj\u00eb njoftim p\u00ebr shtyp, MEPJ shprehet se ky akt p\u00ebrb\u00ebn nj\u00eb shkelje t\u00eb drejtp\u00ebrdrejt\u00eb t\u00eb t\u00eb drejtave t\u00eb njeriut dhe standardeve nd\u00ebrkomb\u00ebtare p\u00ebr mbrojtjen e...","og_url":"https:\/\/medvegjasot.com\/?p=3589","og_site_name":"Medvegja Sot","article_publisher":"https:\/\/www.facebook.com\/MedvegjaSot.com1","article_published_time":"2024-11-25T09:43:03+00:00","article_modified_time":"2024-11-25T09:43:04+00:00","og_image":[{"width":2016,"height":1134,"url":"https:\/\/medvegjasot.com\/wp-content\/uploads\/2024\/11\/photo-output-25.jpeg","type":"image\/jpeg"}],"author":"admin","twitter_card":"summary_large_image","twitter_misc":{"Written by":"admin","Est. reading time":"2 minutes"},"schema":{"@context":"https:\/\/schema.org","@graph":[{"@type":"Article","@id":"https:\/\/medvegjasot.com\/?p=3589#article","isPartOf":{"@id":"https:\/\/medvegjasot.com\/?p=3589"},"author":{"name":"admin","@id":"https:\/\/medvegjasot.com\/#\/schema\/person\/f2be1a84f4e95d0cb032946a1cf2e594"},"headline":"Pasivizimi i adresave t\u00eb shqiptar\u00ebve n\u00eb Lugin\u00ebn e Preshev\u00ebs, MEPJ: Shkelje e t\u00eb drejtave t\u00eb njeriut!","datePublished":"2024-11-25T09:43:03+00:00","dateModified":"2024-11-25T09:43:04+00:00","mainEntityOfPage":{"@id":"https:\/\/medvegjasot.com\/?p=3589"},"wordCount":395,"commentCount":0,"publisher":{"@id":"https:\/\/medvegjasot.com\/#organization"},"image":{"@id":"https:\/\/medvegjasot.com\/?p=3589#primaryimage"},"thumbnailUrl":"https:\/\/medvegjasot.com\/wp-content\/uploads\/2024\/11\/photo-output-25.jpeg","articleSection":["LAJME"],"inLanguage":"en-US","potentialAction":[{"@type":"CommentAction","name":"Comment","target":["https:\/\/medvegjasot.com\/?p=3589#respond"]}]},{"@type":"WebPage","@id":"https:\/\/medvegjasot.com\/?p=3589","url":"https:\/\/medvegjasot.com\/?p=3589","name":"Pasivizimi i adresave t\u00eb shqiptar\u00ebve n\u00eb Lugin\u00ebn e Preshev\u00ebs, MEPJ: Shkelje e t\u00eb drejtave t\u00eb njeriut! - Medvegja Sot","isPartOf":{"@id":"https:\/\/medvegjasot.com\/#website"},"primaryImageOfPage":{"@id":"https:\/\/medvegjasot.com\/?p=3589#primaryimage"},"image":{"@id":"https:\/\/medvegjasot.com\/?p=3589#primaryimage"},"thumbnailUrl":"https:\/\/medvegjasot.com\/wp-content\/uploads\/2024\/11\/photo-output-25.jpeg","datePublished":"2024-11-25T09:43:03+00:00","dateModified":"2024-11-25T09:43:04+00:00","breadcrumb":{"@id":"https:\/\/medvegjasot.com\/?p=3589#breadcrumb"},"inLanguage":"en-US","potentialAction":[{"@type":"ReadAction","target":["https:\/\/medvegjasot.com\/?p=3589"]}]},{"@type":"ImageObject","inLanguage":"en-US","@id":"https:\/\/medvegjasot.com\/?p=3589#primaryimage","url":"https:\/\/medvegjasot.com\/wp-content\/uploads\/2024\/11\/photo-output-25.jpeg","contentUrl":"https:\/\/medvegjasot.com\/wp-content\/uploads\/2024\/11\/photo-output-25.jpeg","width":2016,"height":1134},{"@type":"BreadcrumbList","@id":"https:\/\/medvegjasot.com\/?p=3589#breadcrumb","itemListElement":[{"@type":"ListItem","position":1,"name":"Home","item":"https:\/\/medvegjasot.com\/"},{"@type":"ListItem","position":2,"name":"Pasivizimi i adresave t\u00eb shqiptar\u00ebve n\u00eb Lugin\u00ebn e Preshev\u00ebs, MEPJ: Shkelje e t\u00eb drejtave t\u00eb njeriut!"}]},{"@type":"WebSite","@id":"https:\/\/medvegjasot.com\/#website","url":"https:\/\/medvegjasot.com\/","name":"Medvegja Sot","description":"Portal Lajmesh","publisher":{"@id":"https:\/\/medvegjasot.com\/#organization"},"alternateName":"MS","potentialAction":[{"@type":"SearchAction","target":{"@type":"EntryPoint","urlTemplate":"https:\/\/medvegjasot.com\/?s={search_term_string}"},"query-input":{"@type":"PropertyValueSpecification","valueRequired":true,"valueName":"search_term_string"}}],"inLanguage":"en-US"},{"@type":"Organization","@id":"https:\/\/medvegjasot.com\/#organization","name":"Medvegja Sot","alternateName":"MS","url":"https:\/\/medvegjasot.com\/","logo":{"@type":"ImageObject","inLanguage":"en-US","@id":"https:\/\/medvegjasot.com\/#\/schema\/logo\/image\/","url":"https:\/\/medvegjasot.com\/wp-content\/uploads\/2024\/08\/logo.png","contentUrl":"https:\/\/medvegjasot.com\/wp-content\/uploads\/2024\/08\/logo.png","width":500,"height":500,"caption":"Medvegja Sot"},"image":{"@id":"https:\/\/medvegjasot.com\/#\/schema\/logo\/image\/"},"sameAs":["https:\/\/www.facebook.com\/MedvegjaSot.com1"]},{"@type":"Person","@id":"https:\/\/medvegjasot.com\/#\/schema\/person\/f2be1a84f4e95d0cb032946a1cf2e594","name":"admin","image":{"@type":"ImageObject","inLanguage":"en-US","@id":"https:\/\/secure.gravatar.com\/avatar\/2eedc5259426225ddc6f98b4b6728c30418b83e6f70285719780d3518d972ece?s=96&d=mm&r=g","url":"https:\/\/secure.gravatar.com\/avatar\/2eedc5259426225ddc6f98b4b6728c30418b83e6f70285719780d3518d972ece?s=96&d=mm&r=g","contentUrl":"https:\/\/secure.gravatar.com\/avatar\/2eedc5259426225ddc6f98b4b6728c30418b83e6f70285719780d3518d972ece?s=96&d=mm&r=g","caption":"admin"},"url":"https:\/\/medvegjasot.com\/?author=2"}]}},"jetpack_featured_media_url":"https:\/\/medvegjasot.com\/wp-content\/uploads\/2024\/11\/photo-output-25.jpeg","_links":{"self":[{"href":"https:\/\/medvegjasot.com\/index.php?rest_route=\/wp\/v2\/posts\/3589","targetHints":{"allow":["GET"]}}],"collection":[{"href":"https:\/\/medvegjasot.com\/index.php?rest_route=\/wp\/v2\/posts"}],"about":[{"href":"https:\/\/medvegjasot.com\/index.php?rest_route=\/wp\/v2\/types\/post"}],"author":[{"embeddable":true,"href":"https:\/\/medvegjasot.com\/index.php?rest_route=\/wp\/v2\/users\/2"}],"replies":[{"embeddable":true,"href":"https:\/\/medvegjasot.com\/index.php?rest_route=%2Fwp%2Fv2%2Fcomments&post=3589"}],"version-history":[{"count":1,"href":"https:\/\/medvegjasot.com\/index.php?rest_route=\/wp\/v2\/posts\/3589\/revisions"}],"predecessor-version":[{"id":3591,"href":"https:\/\/medvegjasot.com\/index.php?rest_route=\/wp\/v2\/posts\/3589\/revisions\/3591"}],"wp:featuredmedia":[{"embeddable":true,"href":"https:\/\/medvegjasot.com\/index.php?rest_route=\/wp\/v2\/media\/3590"}],"wp:attachment":[{"href":"https:\/\/medvegjasot.com\/index.php?rest_route=%2Fwp%2Fv2%2Fmedia&parent=3589"}],"wp:term":[{"taxonomy":"category","embeddable":true,"href":"https:\/\/medvegjasot.com\/index.php?rest_route=%2Fwp%2Fv2%2Fcategories&post=3589"},{"taxonomy":"post_tag","embeddable":true,"href":"https:\/\/medvegjasot.com\/index.php?rest_route=%2Fwp%2Fv2%2Ftags&post=3589"}],"curies":[{"name":"wp","href":"https:\/\/api.w.org\/{rel}","templated":true}]}}