{"id":3583,"date":"2024-11-25T06:32:48","date_gmt":"2024-11-25T06:32:48","guid":{"rendered":"https:\/\/medvegjasot.com\/?p=3583"},"modified":"2024-11-25T06:34:27","modified_gmt":"2024-11-25T06:34:27","slug":"muharrem-salihu-pasivizimi-i-adresave-te-shqiptareve-ne-luginen-e-presheves-nje-ceshtje-drejtesie-nderkombetare","status":"publish","type":"post","link":"https:\/\/medvegjasot.com\/?p=3583","title":{"rendered":"Muharrem Salihu: Pasivizimi i adresave t\u00eb shqiptar\u00ebve n\u00eb Lugin\u00ebn e Preshev\u00ebs: nj\u00eb \u00e7\u00ebshtje drejt\u00ebsie nd\u00ebrkomb\u00ebtare."},"content":{"rendered":"\n<p>Gjykata Kushtetuese e Serbis\u00eb ka legalizuar pasivizimin e adresave t\u00eb shqiptar\u00ebve, duke mohuar t\u00eb drejt\u00ebn themelore t\u00eb banimit p\u00ebr mij\u00ebra qytetar\u00eb. Rasti i fundit emblematik \u00ebsht\u00eb ai i Safet Demirit, t\u00eb cilit, pas tre vitesh betej\u00eb ligjore, iu refuzua rikthimi i rezidenc\u00ebs s\u00eb ligjshme.<\/p>\n\n\n\n<p>Nj\u00eb realitet tragjik: Gjat\u00eb mandatit tim n\u00eb K\u00ebshillin Komunal t\u00eb Medvegj\u00ebs (2015-2019), kam qen\u00eb d\u00ebshmitar i pasivizimit t\u00eb 3.095 adresave. Ky fenomen, q\u00eb vazhdon ende sot, p\u00ebrfaq\u00ebson nj\u00eb &#8220;spastrim etnik digjital&#8221; kund\u00ebr komunitetit shqiptar, duke zhdukur sistematikisht t\u00eb drejt\u00ebn e tyre p\u00ebr t\u00eb jetuar n\u00eb tokat e t\u00eb par\u00ebve.<\/p>\n\n\n\n<p><strong>\u00c7far\u00eb mund t\u00eb b\u00ebjm\u00eb?<\/strong><\/p>\n\n\n\n<p>Vendimi i Gjykat\u00ebs Kushtetuese t\u00eb Serbis\u00eb duhet t\u00eb kthehet n\u00eb nj\u00eb pik\u00eb kthese. \u00cbsht\u00eb momenti p\u00ebr ta \u00e7uar k\u00ebt\u00eb betej\u00eb n\u00eb gjykatat nd\u00ebrkomb\u00ebtare, si Gjykata Evropiane p\u00ebr t\u00eb Drejtat e Njeriut n\u00eb Strasburg. Duhet nj\u00eb veprim i koordinuar q\u00eb p\u00ebrfshin:  <\/p>\n\n\n\n<p>Institucionet shqiptare n\u00eb Shqip\u00ebri, Kosov\u00eb dhe Maqedonin\u00eb e Veriut.<\/p>\n\n\n\n<p>K\u00ebshillin Komb\u00ebtar Shqiptar dhe OJQ-t\u00eb, me nj\u00eb dokumentacion t\u00eb fort\u00eb.<\/p>\n\n\n\n<p>T\u00eb gjith\u00eb diaspor\u00ebn shqiptare, p\u00ebr t\u00eb ushtruar presion dhe p\u00ebr t\u00eb mbajtur v\u00ebmendjen mbi k\u00ebt\u00eb padrejt\u00ebsi t\u00eb madhe, ka th\u00ebn\u00eb Muharrem Salihu p\u00ebr TV &#8211; KLAN KOSOVA.\u00a0\u00a0<\/p>\n\n\n\n<p>P\u00ebr m\u00eb shum\u00eb ndiqeni intervist\u00ebn e plot\u00eb:&nbsp;<\/p>\n\n\n\n<figure class=\"wp-block-embed is-type-video is-provider-youtube wp-block-embed-youtube wp-embed-aspect-16-9 wp-has-aspect-ratio\"><div class=\"wp-block-embed__wrapper\">\n<iframe  id=\"_ytid_26623\"  width=\"640\" height=\"360\"  data-origwidth=\"640\" data-origheight=\"360\" src=\"https:\/\/www.youtube.com\/embed\/W0mMRFgA9A8?enablejsapi=1&#038;autoplay=0&#038;cc_load_policy=0&#038;cc_lang_pref=&#038;iv_load_policy=1&#038;loop=0&#038;rel=1&#038;fs=1&#038;playsinline=0&#038;autohide=2&#038;theme=dark&#038;color=red&#038;controls=1&#038;\" class=\"__youtube_prefs__  epyt-is-override  no-lazyload\" title=\"YouTube player\"  allow=\"fullscreen; accelerometer; autoplay; clipboard-write; encrypted-media; gyroscope; picture-in-picture; web-share\" referrerpolicy=\"strict-origin-when-cross-origin\" allowfullscreen data-no-lazy=\"1\" data-skipgform_ajax_framebjll=\"\"><\/iframe>\n<\/div><\/figure>\n\n\n","protected":false},"excerpt":{"rendered":"<p>Gjykata Kushtetuese e Serbis\u00eb ka legalizuar pasivizimin e adresave t\u00eb shqiptar\u00ebve, duke mohuar t\u00eb drejt\u00ebn themelore t\u00eb banimit p\u00ebr mij\u00ebra qytetar\u00eb. Rasti i fundit emblematik \u00ebsht\u00eb ai i Safet Demirit, t\u00eb cilit, pas tre vitesh betej\u00eb ligjore, iu refuzua rikthimi i rezidenc\u00ebs s\u00eb ligjshme. Nj\u00eb realitet tragjik: Gjat\u00eb mandatit tim n\u00eb K\u00ebshillin Komunal t\u00eb Medvegj\u00ebs&#8230;<\/p>\n","protected":false},"author":2,"featured_media":3584,"comment_status":"open","ping_status":"open","sticky":false,"template":"","format":"standard","meta":{"_coblocks_attr":"","_coblocks_dimensions":"","_coblocks_responsive_height":"","_coblocks_accordion_ie_support":"","_monsterinsights_skip_tracking":false,"_monsterinsights_sitenote_active":false,"_monsterinsights_sitenote_note":"","_monsterinsights_sitenote_category":0,"footnotes":""},"categories":[15],"tags":[],"class_list":["post-3583","post","type-post","status-publish","format-standard","has-post-thumbnail","hentry","category-intervista"],"yoast_head":"<!-- This site is optimized with the Yoast SEO plugin v27.5 - https:\/\/yoast.com\/product\/yoast-seo-wordpress\/ -->\n<title>Muharrem Salihu: Pasivizimi i adresave t\u00eb shqiptar\u00ebve n\u00eb Lugin\u00ebn e Preshev\u00ebs: nj\u00eb \u00e7\u00ebshtje drejt\u00ebsie nd\u00ebrkomb\u00ebtare. - Medvegja Sot<\/title>\n<meta name=\"robots\" content=\"index, follow, max-snippet:-1, max-image-preview:large, max-video-preview:-1\" \/>\n<link rel=\"canonical\" href=\"https:\/\/medvegjasot.com\/?p=3583\" \/>\n<meta property=\"og:locale\" content=\"en_US\" \/>\n<meta property=\"og:type\" content=\"article\" \/>\n<meta property=\"og:title\" content=\"Muharrem Salihu: Pasivizimi i adresave t\u00eb shqiptar\u00ebve n\u00eb Lugin\u00ebn e Preshev\u00ebs: nj\u00eb \u00e7\u00ebshtje drejt\u00ebsie nd\u00ebrkomb\u00ebtare. - Medvegja Sot\" \/>\n<meta property=\"og:description\" content=\"Gjykata Kushtetuese e Serbis\u00eb ka legalizuar pasivizimin e adresave t\u00eb shqiptar\u00ebve, duke mohuar t\u00eb drejt\u00ebn themelore t\u00eb banimit p\u00ebr mij\u00ebra qytetar\u00eb. Rasti i fundit emblematik \u00ebsht\u00eb ai i Safet Demirit, t\u00eb cilit, pas tre vitesh betej\u00eb ligjore, iu refuzua rikthimi i rezidenc\u00ebs s\u00eb ligjshme. Nj\u00eb realitet tragjik: Gjat\u00eb mandatit tim n\u00eb K\u00ebshillin Komunal t\u00eb Medvegj\u00ebs...\" \/>\n<meta property=\"og:url\" content=\"https:\/\/medvegjasot.com\/?p=3583\" \/>\n<meta property=\"og:site_name\" content=\"Medvegja Sot\" \/>\n<meta property=\"article:publisher\" content=\"https:\/\/www.facebook.com\/MedvegjaSot.com1\" \/>\n<meta property=\"article:published_time\" content=\"2024-11-25T06:32:48+00:00\" \/>\n<meta property=\"article:modified_time\" content=\"2024-11-25T06:34:27+00:00\" \/>\n<meta property=\"og:image\" content=\"https:\/\/medvegjasot.com\/wp-content\/uploads\/2024\/11\/photo-output-24-scaled.jpeg\" \/>\n\t<meta property=\"og:image:width\" content=\"2560\" \/>\n\t<meta property=\"og:image:height\" content=\"1440\" \/>\n\t<meta property=\"og:image:type\" content=\"image\/jpeg\" \/>\n<meta name=\"author\" content=\"admin\" \/>\n<meta name=\"twitter:card\" content=\"summary_large_image\" \/>\n<meta name=\"twitter:label1\" content=\"Written by\" \/>\n\t<meta name=\"twitter:data1\" content=\"admin\" \/>\n\t<meta name=\"twitter:label2\" content=\"Est. reading time\" \/>\n\t<meta name=\"twitter:data2\" content=\"2 minutes\" \/>\n<script type=\"application\/ld+json\" class=\"yoast-schema-graph\">{\"@context\":\"https:\\\/\\\/schema.org\",\"@graph\":[{\"@type\":\"Article\",\"@id\":\"https:\\\/\\\/medvegjasot.com\\\/?p=3583#article\",\"isPartOf\":{\"@id\":\"https:\\\/\\\/medvegjasot.com\\\/?p=3583\"},\"author\":{\"name\":\"admin\",\"@id\":\"https:\\\/\\\/medvegjasot.com\\\/#\\\/schema\\\/person\\\/f2be1a84f4e95d0cb032946a1cf2e594\"},\"headline\":\"Muharrem Salihu: Pasivizimi i adresave t\u00eb shqiptar\u00ebve n\u00eb Lugin\u00ebn e Preshev\u00ebs: nj\u00eb \u00e7\u00ebshtje drejt\u00ebsie nd\u00ebrkomb\u00ebtare.\",\"datePublished\":\"2024-11-25T06:32:48+00:00\",\"dateModified\":\"2024-11-25T06:34:27+00:00\",\"mainEntityOfPage\":{\"@id\":\"https:\\\/\\\/medvegjasot.com\\\/?p=3583\"},\"wordCount\":254,\"commentCount\":0,\"publisher\":{\"@id\":\"https:\\\/\\\/medvegjasot.com\\\/#organization\"},\"image\":{\"@id\":\"https:\\\/\\\/medvegjasot.com\\\/?p=3583#primaryimage\"},\"thumbnailUrl\":\"https:\\\/\\\/medvegjasot.com\\\/wp-content\\\/uploads\\\/2024\\\/11\\\/photo-output-24-scaled.jpeg\",\"articleSection\":[\"INTERVISTA\"],\"inLanguage\":\"en-US\",\"potentialAction\":[{\"@type\":\"CommentAction\",\"name\":\"Comment\",\"target\":[\"https:\\\/\\\/medvegjasot.com\\\/?p=3583#respond\"]}]},{\"@type\":\"WebPage\",\"@id\":\"https:\\\/\\\/medvegjasot.com\\\/?p=3583\",\"url\":\"https:\\\/\\\/medvegjasot.com\\\/?p=3583\",\"name\":\"Muharrem Salihu: Pasivizimi i adresave t\u00eb shqiptar\u00ebve n\u00eb Lugin\u00ebn e Preshev\u00ebs: nj\u00eb \u00e7\u00ebshtje drejt\u00ebsie nd\u00ebrkomb\u00ebtare. - Medvegja Sot\",\"isPartOf\":{\"@id\":\"https:\\\/\\\/medvegjasot.com\\\/#website\"},\"primaryImageOfPage\":{\"@id\":\"https:\\\/\\\/medvegjasot.com\\\/?p=3583#primaryimage\"},\"image\":{\"@id\":\"https:\\\/\\\/medvegjasot.com\\\/?p=3583#primaryimage\"},\"thumbnailUrl\":\"https:\\\/\\\/medvegjasot.com\\\/wp-content\\\/uploads\\\/2024\\\/11\\\/photo-output-24-scaled.jpeg\",\"datePublished\":\"2024-11-25T06:32:48+00:00\",\"dateModified\":\"2024-11-25T06:34:27+00:00\",\"breadcrumb\":{\"@id\":\"https:\\\/\\\/medvegjasot.com\\\/?p=3583#breadcrumb\"},\"inLanguage\":\"en-US\",\"potentialAction\":[{\"@type\":\"ReadAction\",\"target\":[\"https:\\\/\\\/medvegjasot.com\\\/?p=3583\"]}]},{\"@type\":\"ImageObject\",\"inLanguage\":\"en-US\",\"@id\":\"https:\\\/\\\/medvegjasot.com\\\/?p=3583#primaryimage\",\"url\":\"https:\\\/\\\/medvegjasot.com\\\/wp-content\\\/uploads\\\/2024\\\/11\\\/photo-output-24-scaled.jpeg\",\"contentUrl\":\"https:\\\/\\\/medvegjasot.com\\\/wp-content\\\/uploads\\\/2024\\\/11\\\/photo-output-24-scaled.jpeg\",\"width\":2560,\"height\":1440},{\"@type\":\"BreadcrumbList\",\"@id\":\"https:\\\/\\\/medvegjasot.com\\\/?p=3583#breadcrumb\",\"itemListElement\":[{\"@type\":\"ListItem\",\"position\":1,\"name\":\"Home\",\"item\":\"https:\\\/\\\/medvegjasot.com\\\/\"},{\"@type\":\"ListItem\",\"position\":2,\"name\":\"Muharrem Salihu: Pasivizimi i adresave t\u00eb shqiptar\u00ebve n\u00eb Lugin\u00ebn e Preshev\u00ebs: nj\u00eb \u00e7\u00ebshtje drejt\u00ebsie nd\u00ebrkomb\u00ebtare.\"}]},{\"@type\":\"WebSite\",\"@id\":\"https:\\\/\\\/medvegjasot.com\\\/#website\",\"url\":\"https:\\\/\\\/medvegjasot.com\\\/\",\"name\":\"Medvegja Sot\",\"description\":\"Portal Lajmesh\",\"publisher\":{\"@id\":\"https:\\\/\\\/medvegjasot.com\\\/#organization\"},\"alternateName\":\"MS\",\"potentialAction\":[{\"@type\":\"SearchAction\",\"target\":{\"@type\":\"EntryPoint\",\"urlTemplate\":\"https:\\\/\\\/medvegjasot.com\\\/?s={search_term_string}\"},\"query-input\":{\"@type\":\"PropertyValueSpecification\",\"valueRequired\":true,\"valueName\":\"search_term_string\"}}],\"inLanguage\":\"en-US\"},{\"@type\":\"Organization\",\"@id\":\"https:\\\/\\\/medvegjasot.com\\\/#organization\",\"name\":\"Medvegja Sot\",\"alternateName\":\"MS\",\"url\":\"https:\\\/\\\/medvegjasot.com\\\/\",\"logo\":{\"@type\":\"ImageObject\",\"inLanguage\":\"en-US\",\"@id\":\"https:\\\/\\\/medvegjasot.com\\\/#\\\/schema\\\/logo\\\/image\\\/\",\"url\":\"https:\\\/\\\/medvegjasot.com\\\/wp-content\\\/uploads\\\/2024\\\/08\\\/logo.png\",\"contentUrl\":\"https:\\\/\\\/medvegjasot.com\\\/wp-content\\\/uploads\\\/2024\\\/08\\\/logo.png\",\"width\":500,\"height\":500,\"caption\":\"Medvegja Sot\"},\"image\":{\"@id\":\"https:\\\/\\\/medvegjasot.com\\\/#\\\/schema\\\/logo\\\/image\\\/\"},\"sameAs\":[\"https:\\\/\\\/www.facebook.com\\\/MedvegjaSot.com1\"]},{\"@type\":\"Person\",\"@id\":\"https:\\\/\\\/medvegjasot.com\\\/#\\\/schema\\\/person\\\/f2be1a84f4e95d0cb032946a1cf2e594\",\"name\":\"admin\",\"image\":{\"@type\":\"ImageObject\",\"inLanguage\":\"en-US\",\"@id\":\"https:\\\/\\\/secure.gravatar.com\\\/avatar\\\/2eedc5259426225ddc6f98b4b6728c30418b83e6f70285719780d3518d972ece?s=96&d=mm&r=g\",\"url\":\"https:\\\/\\\/secure.gravatar.com\\\/avatar\\\/2eedc5259426225ddc6f98b4b6728c30418b83e6f70285719780d3518d972ece?s=96&d=mm&r=g\",\"contentUrl\":\"https:\\\/\\\/secure.gravatar.com\\\/avatar\\\/2eedc5259426225ddc6f98b4b6728c30418b83e6f70285719780d3518d972ece?s=96&d=mm&r=g\",\"caption\":\"admin\"},\"url\":\"https:\\\/\\\/medvegjasot.com\\\/?author=2\"}]}<\/script>\n<!-- \/ Yoast SEO plugin. -->","yoast_head_json":{"title":"Muharrem Salihu: Pasivizimi i adresave t\u00eb shqiptar\u00ebve n\u00eb Lugin\u00ebn e Preshev\u00ebs: nj\u00eb \u00e7\u00ebshtje drejt\u00ebsie nd\u00ebrkomb\u00ebtare. - Medvegja Sot","robots":{"index":"index","follow":"follow","max-snippet":"max-snippet:-1","max-image-preview":"max-image-preview:large","max-video-preview":"max-video-preview:-1"},"canonical":"https:\/\/medvegjasot.com\/?p=3583","og_locale":"en_US","og_type":"article","og_title":"Muharrem Salihu: Pasivizimi i adresave t\u00eb shqiptar\u00ebve n\u00eb Lugin\u00ebn e Preshev\u00ebs: nj\u00eb \u00e7\u00ebshtje drejt\u00ebsie nd\u00ebrkomb\u00ebtare. - Medvegja Sot","og_description":"Gjykata Kushtetuese e Serbis\u00eb ka legalizuar pasivizimin e adresave t\u00eb shqiptar\u00ebve, duke mohuar t\u00eb drejt\u00ebn themelore t\u00eb banimit p\u00ebr mij\u00ebra qytetar\u00eb. Rasti i fundit emblematik \u00ebsht\u00eb ai i Safet Demirit, t\u00eb cilit, pas tre vitesh betej\u00eb ligjore, iu refuzua rikthimi i rezidenc\u00ebs s\u00eb ligjshme. Nj\u00eb realitet tragjik: Gjat\u00eb mandatit tim n\u00eb K\u00ebshillin Komunal t\u00eb Medvegj\u00ebs...","og_url":"https:\/\/medvegjasot.com\/?p=3583","og_site_name":"Medvegja Sot","article_publisher":"https:\/\/www.facebook.com\/MedvegjaSot.com1","article_published_time":"2024-11-25T06:32:48+00:00","article_modified_time":"2024-11-25T06:34:27+00:00","og_image":[{"width":2560,"height":1440,"url":"https:\/\/medvegjasot.com\/wp-content\/uploads\/2024\/11\/photo-output-24-scaled.jpeg","type":"image\/jpeg"}],"author":"admin","twitter_card":"summary_large_image","twitter_misc":{"Written by":"admin","Est. reading time":"2 minutes"},"schema":{"@context":"https:\/\/schema.org","@graph":[{"@type":"Article","@id":"https:\/\/medvegjasot.com\/?p=3583#article","isPartOf":{"@id":"https:\/\/medvegjasot.com\/?p=3583"},"author":{"name":"admin","@id":"https:\/\/medvegjasot.com\/#\/schema\/person\/f2be1a84f4e95d0cb032946a1cf2e594"},"headline":"Muharrem Salihu: Pasivizimi i adresave t\u00eb shqiptar\u00ebve n\u00eb Lugin\u00ebn e Preshev\u00ebs: nj\u00eb \u00e7\u00ebshtje drejt\u00ebsie nd\u00ebrkomb\u00ebtare.","datePublished":"2024-11-25T06:32:48+00:00","dateModified":"2024-11-25T06:34:27+00:00","mainEntityOfPage":{"@id":"https:\/\/medvegjasot.com\/?p=3583"},"wordCount":254,"commentCount":0,"publisher":{"@id":"https:\/\/medvegjasot.com\/#organization"},"image":{"@id":"https:\/\/medvegjasot.com\/?p=3583#primaryimage"},"thumbnailUrl":"https:\/\/medvegjasot.com\/wp-content\/uploads\/2024\/11\/photo-output-24-scaled.jpeg","articleSection":["INTERVISTA"],"inLanguage":"en-US","potentialAction":[{"@type":"CommentAction","name":"Comment","target":["https:\/\/medvegjasot.com\/?p=3583#respond"]}]},{"@type":"WebPage","@id":"https:\/\/medvegjasot.com\/?p=3583","url":"https:\/\/medvegjasot.com\/?p=3583","name":"Muharrem Salihu: Pasivizimi i adresave t\u00eb shqiptar\u00ebve n\u00eb Lugin\u00ebn e Preshev\u00ebs: nj\u00eb \u00e7\u00ebshtje drejt\u00ebsie nd\u00ebrkomb\u00ebtare. - Medvegja Sot","isPartOf":{"@id":"https:\/\/medvegjasot.com\/#website"},"primaryImageOfPage":{"@id":"https:\/\/medvegjasot.com\/?p=3583#primaryimage"},"image":{"@id":"https:\/\/medvegjasot.com\/?p=3583#primaryimage"},"thumbnailUrl":"https:\/\/medvegjasot.com\/wp-content\/uploads\/2024\/11\/photo-output-24-scaled.jpeg","datePublished":"2024-11-25T06:32:48+00:00","dateModified":"2024-11-25T06:34:27+00:00","breadcrumb":{"@id":"https:\/\/medvegjasot.com\/?p=3583#breadcrumb"},"inLanguage":"en-US","potentialAction":[{"@type":"ReadAction","target":["https:\/\/medvegjasot.com\/?p=3583"]}]},{"@type":"ImageObject","inLanguage":"en-US","@id":"https:\/\/medvegjasot.com\/?p=3583#primaryimage","url":"https:\/\/medvegjasot.com\/wp-content\/uploads\/2024\/11\/photo-output-24-scaled.jpeg","contentUrl":"https:\/\/medvegjasot.com\/wp-content\/uploads\/2024\/11\/photo-output-24-scaled.jpeg","width":2560,"height":1440},{"@type":"BreadcrumbList","@id":"https:\/\/medvegjasot.com\/?p=3583#breadcrumb","itemListElement":[{"@type":"ListItem","position":1,"name":"Home","item":"https:\/\/medvegjasot.com\/"},{"@type":"ListItem","position":2,"name":"Muharrem Salihu: Pasivizimi i adresave t\u00eb shqiptar\u00ebve n\u00eb Lugin\u00ebn e Preshev\u00ebs: nj\u00eb \u00e7\u00ebshtje drejt\u00ebsie nd\u00ebrkomb\u00ebtare."}]},{"@type":"WebSite","@id":"https:\/\/medvegjasot.com\/#website","url":"https:\/\/medvegjasot.com\/","name":"Medvegja Sot","description":"Portal Lajmesh","publisher":{"@id":"https:\/\/medvegjasot.com\/#organization"},"alternateName":"MS","potentialAction":[{"@type":"SearchAction","target":{"@type":"EntryPoint","urlTemplate":"https:\/\/medvegjasot.com\/?s={search_term_string}"},"query-input":{"@type":"PropertyValueSpecification","valueRequired":true,"valueName":"search_term_string"}}],"inLanguage":"en-US"},{"@type":"Organization","@id":"https:\/\/medvegjasot.com\/#organization","name":"Medvegja Sot","alternateName":"MS","url":"https:\/\/medvegjasot.com\/","logo":{"@type":"ImageObject","inLanguage":"en-US","@id":"https:\/\/medvegjasot.com\/#\/schema\/logo\/image\/","url":"https:\/\/medvegjasot.com\/wp-content\/uploads\/2024\/08\/logo.png","contentUrl":"https:\/\/medvegjasot.com\/wp-content\/uploads\/2024\/08\/logo.png","width":500,"height":500,"caption":"Medvegja Sot"},"image":{"@id":"https:\/\/medvegjasot.com\/#\/schema\/logo\/image\/"},"sameAs":["https:\/\/www.facebook.com\/MedvegjaSot.com1"]},{"@type":"Person","@id":"https:\/\/medvegjasot.com\/#\/schema\/person\/f2be1a84f4e95d0cb032946a1cf2e594","name":"admin","image":{"@type":"ImageObject","inLanguage":"en-US","@id":"https:\/\/secure.gravatar.com\/avatar\/2eedc5259426225ddc6f98b4b6728c30418b83e6f70285719780d3518d972ece?s=96&d=mm&r=g","url":"https:\/\/secure.gravatar.com\/avatar\/2eedc5259426225ddc6f98b4b6728c30418b83e6f70285719780d3518d972ece?s=96&d=mm&r=g","contentUrl":"https:\/\/secure.gravatar.com\/avatar\/2eedc5259426225ddc6f98b4b6728c30418b83e6f70285719780d3518d972ece?s=96&d=mm&r=g","caption":"admin"},"url":"https:\/\/medvegjasot.com\/?author=2"}]}},"jetpack_featured_media_url":"https:\/\/medvegjasot.com\/wp-content\/uploads\/2024\/11\/photo-output-24-scaled.jpeg","_links":{"self":[{"href":"https:\/\/medvegjasot.com\/index.php?rest_route=\/wp\/v2\/posts\/3583","targetHints":{"allow":["GET"]}}],"collection":[{"href":"https:\/\/medvegjasot.com\/index.php?rest_route=\/wp\/v2\/posts"}],"about":[{"href":"https:\/\/medvegjasot.com\/index.php?rest_route=\/wp\/v2\/types\/post"}],"author":[{"embeddable":true,"href":"https:\/\/medvegjasot.com\/index.php?rest_route=\/wp\/v2\/users\/2"}],"replies":[{"embeddable":true,"href":"https:\/\/medvegjasot.com\/index.php?rest_route=%2Fwp%2Fv2%2Fcomments&post=3583"}],"version-history":[{"count":3,"href":"https:\/\/medvegjasot.com\/index.php?rest_route=\/wp\/v2\/posts\/3583\/revisions"}],"predecessor-version":[{"id":3588,"href":"https:\/\/medvegjasot.com\/index.php?rest_route=\/wp\/v2\/posts\/3583\/revisions\/3588"}],"wp:featuredmedia":[{"embeddable":true,"href":"https:\/\/medvegjasot.com\/index.php?rest_route=\/wp\/v2\/media\/3584"}],"wp:attachment":[{"href":"https:\/\/medvegjasot.com\/index.php?rest_route=%2Fwp%2Fv2%2Fmedia&parent=3583"}],"wp:term":[{"taxonomy":"category","embeddable":true,"href":"https:\/\/medvegjasot.com\/index.php?rest_route=%2Fwp%2Fv2%2Fcategories&post=3583"},{"taxonomy":"post_tag","embeddable":true,"href":"https:\/\/medvegjasot.com\/index.php?rest_route=%2Fwp%2Fv2%2Ftags&post=3583"}],"curies":[{"name":"wp","href":"https:\/\/api.w.org\/{rel}","templated":true}]}}