{"id":3576,"date":"2024-11-24T07:39:55","date_gmt":"2024-11-24T07:39:55","guid":{"rendered":"https:\/\/medvegjasot.com\/?p=3576"},"modified":"2024-11-24T07:39:55","modified_gmt":"2024-11-24T07:39:55","slug":"kamberi-serbia-po-diskriminon-shqiptaret-e-lugines-edhe-me-ndarjet-buxhetore","status":"publish","type":"post","link":"https:\/\/medvegjasot.com\/?p=3576","title":{"rendered":"Kamberi: Serbia po diskriminon shqiptar\u00ebt e Lugin\u00ebs edhe me ndarjet buxhetore"},"content":{"rendered":"\n<p>Deputeti i vet\u00ebm shqiptar n\u00eb Kuvendin e Serbis\u00eb, Shaip Kamberi, ka th\u00ebn\u00eb se buxheti i propozuar nga Qeveria e Serbis\u00eb p\u00ebr vitin 2025 vazhdon t\u00eb jet\u00eb diskriminuese ndaj shqiptar\u00ebve t\u00eb Lugin\u00ebs s\u00eb Preshev\u00ebs.<\/p>\n\n\n\n<p>Kamberi ka th\u00ebn\u00eb se p\u00ebr disa vite me radh\u00eb, buxheti i Trupit koordinues, nuk sh\u00ebnon ngritje.<\/p>\n\n\n\n<p>Deputeti shqiptar thot\u00eb se n\u00ebse merren parasysh parametrat e inflacionit t\u00eb k\u00ebtij viti dhe atij t\u00eb parashikuar p\u00ebr vitin tjet\u00ebr, ku vler\u00ebsohet se inflacioni p\u00ebr vitin tjet\u00ebr do t\u00eb jet\u00eb mbi 3%, vlera reale e buxhetit p\u00ebr k\u00ebt\u00eb institucion, p\u00ebrmes t\u00eb cilit do t\u00eb duhej t\u00eb financohen projektet zhvillimore p\u00ebr Preshev\u00eb, Bujanoc dhe Medvegj\u00eb, ka ulje t\u00eb ndjeshme.<\/p>\n\n\n\n<p>Ai thot\u00eb se jan\u00eb dy milion\u00eb dinar\u00eb m\u00eb pak se n\u00eb vitin 2024.<\/p>\n\n\n\n<p><em>\u201cN\u00eb rishikimin e buxhetit p\u00ebr vitin 2024 kam propozuar rritjen e buxhetit t\u00eb Trupit koordinues, p\u00ebr 120 milion dinar\u00eb dhe at\u00eb 100 milion p\u00ebr projekte infrastrukturore, nd\u00ebrsa, 20 milion shtes\u00eb p\u00ebr subvencionim t\u00eb bizneseve t\u00eb vogla dhe t\u00eb mesme.<\/em><\/p>\n\n\n\n<p><em>T\u00eb dy propozimet e paraqitura jan\u00eb refuzuar edhe nga qeveria edhe nga parlamenti. N\u00eb procedur\u00ebn p\u00ebr aprovimin e buxhetit t\u00eb ri p\u00ebr 2025 kam propozuar ngritjen p\u00ebr 200 milion dinar\u00eb t\u00eb pozicionit p\u00ebr investime kapitale n\u00eb Bujanoc, Preshev\u00eb dhe Medvegj\u00eb.<\/em><\/p>\n\n\n\n<p><em>Por, diskriminimi i v\u00ebrejtur edhe n\u00eb buxhetin e ri sa i p\u00ebrket pakicave nacionale dhe nevojave t\u00eb tyre, afirmimit t\u00eb t\u00eb drejtave t\u00eb tyre, pabarazis\u00eb, \u00ebsht\u00eb evidente edhe n\u00eb propozimin e buxhetit p\u00ebr vitin 2025<\/em>\u2033, shkruan Kamberi nd\u00ebr t\u00eb tjera.<\/p>\n\n\n\n<p><strong>Postimi i plot\u00eb:<\/strong><\/p>\n\n\n\n<p><em>Buxheti i propozuar p\u00ebr vitin 2025 vazhdon me diskriminimin e pakicave n\u00eb Serbi<\/em><\/p>\n\n\n\n<p><em>Qeveria e Serbis\u00eb, ka proceduar n\u00eb paralment Ligjin p\u00ebr Buxhetin e vitit 2025.<br>T\u00eb h\u00ebn\u00ebn me 25 N\u00ebntor fillon seanca n\u00eb t\u00eb cil\u00ebn, nj\u00eb nd\u00ebr pikat \u00ebsht\u00eb edhe aprovimi i buxhetit p\u00ebr vitin tjet\u00ebr.<\/em><\/p>\n\n\n\n<p><em>P\u00ebr disa vite me radh\u00eb, buxheti i Trupit koordinues, nuk sh\u00ebnon ngritje.<br><br>N\u00ebse merren parasysh parametrat e inflacionit t\u00eb k\u00ebtij viti dhe atij t\u00eb parashikuar p\u00ebr vitin tjet\u00ebr, ku vlersohet se inflacioni p\u00ebr vitin tjet\u00ebr do t\u00eb jet\u00eb mbi 3%, vlera reale e buxhetit p\u00ebr k\u00ebt\u00eb institucion, p\u00ebrmes t\u00eb cilit do t\u00eb duhej t\u00eb financohen projektet zhvillimore p\u00ebr Preshev\u00eb, Bujanoc dhe Medvegj\u00eb, ka ulje t\u00eb ndjeshme.<\/em><\/p>\n\n\n\n<p><em>P\u00ebr vitin 2024, buxheti i Trupit koordinues ishte parashikuar n\u00eb vler\u00ebn prej 374 milion dinar\u00eb, nd\u00ebrkaq, p\u00ebr vitin 2025 jan\u00eb t\u00eb ndara 375 milion dinar\u00eb.<\/em><\/p>\n\n\n\n<p><em>N\u00eb vitin 2024, nga shuma e p\u00ebrgjithshme e buxhetit t\u00eb Trupit koordinues, 255 milion dinar\u00eb ishin t\u00eb parapara p\u00ebr projekte zhvilimore n\u00eb Preshev\u00eb, Bujanoc e Medvegj\u00eb, nd\u00ebrsa p\u00ebr vitin 2025 jan\u00eb t\u00eb parapara 253 milion dinar\u00eb.<br><br>Jan\u00eb dy milon dinar\u00eb m\u00eb pak se n\u00eb vitin 2024.<\/em><\/p>\n\n\n\n<p><em>N\u00eb rishikimin e buxhetit p\u00ebr vitin 2024 kam propozuar rritjen e buxhetit t\u00eb Trupit koordinues, p\u00ebr 120 milion dinar\u00eb dhe at\u00eb 100 milion p\u00ebr projekte infrastrukturore, nd\u00ebrsa, 20 milion shtes\u00eb p\u00ebr subvencionim t\u00eb bizneseve t\u00eb vogla dhe t\u00eb mesme.<\/em><\/p>\n\n\n\n<p><em>T\u00eb dy propozimet e paraqitura jan\u00eb refuzuar edhe nga qeveria edhe nga parlamenti.<\/em><\/p>\n\n\n\n<p><em>N\u00eb procedur\u00ebn p\u00ebr aprovimin e buxhetit t\u00eb ri p\u00ebr 2025 kam propozuar ngritjen p\u00ebr 200 milon dinar\u00eb t\u00eb pozicionit p\u00ebr investime kapitale n\u00eb Bujanoc, Preshev\u00eb dhe Medvegj\u00eb.<\/em><\/p>\n\n\n\n<p><em>Por, diskriminimi i v\u00ebrejtur edhe n\u00eb buxhetin e ri sa i p\u00ebrket pakicave nacionale dhe nevojave t\u00eb tyre, afirmimit t\u00eb t\u00eb drejtave t\u00eb tyre, pabarazis\u00eb, \u00ebsht\u00eb evidente edhe n\u00eb propozimin e buxhetit p\u00ebr vitin 2025.<\/em><\/p>\n\n\n\n<p><em>Jan\u00eb 375 milion dinar\u00eb t\u00eb parapara p\u00ebr Trupin koordinues.<\/em><\/p>\n\n\n\n<p><em>Jan\u00eb 576 milion dinar\u00eb t\u00eb parapara p\u00ebr Ministrin\u00eb e t\u00eb drejtave t\u00eb njeriut dhe pakicave, dmth p\u00ebr nevojat e 22 pakicave nacionale ose 20% t\u00eb popullat\u00ebs s\u00eb p\u00ebrgjithshme n\u00eb Serbi<br>dhe<\/em><\/p>\n\n\n\n<p><em>Jan\u00eb mbi 17 miliard\u00eb dinar\u00eb p\u00ebr Zyr\u00ebn e Kosov\u00ebs dhe nevojat e serb\u00ebve n\u00eb Kosov\u00eb.<\/em><\/p>\n\n\n\n<figure class=\"wp-block-image\"><img decoding=\"async\" src=\"blob:https:\/\/medvegjasot.com\/98de928f-fc80-4f03-a1cc-48cd1d1e158b\" alt=\"lg.php.gif\"\/><\/figure>\n\n\n\n<p><em>Disproporcion flagrant 1 (nj\u00eb miliard\u00eb dinar\u00eb) p\u00ebr 22 pakica nacionale n\u00eb Serbi, t\u00eb cilat p\u00ebrb\u00ebjn\u00eb 20 p\u00ebr qind t\u00eb popullat\u00ebs s\u00eb Serbis\u00eb dhe mbi 17 miliard\u00eb dinar\u00eb p\u00ebr nevojat e serb\u00ebve t\u00eb Kosov\u00ebs.<\/em><\/p>\n\n\n\n<p><em>N\u00eb kuad\u00ebr t\u00eb k\u00ebtij buxheti prej 17 miliard\u00ebsh, 2.5 miliard\u00eb jan\u00eb t\u00eb destinuara p\u00ebr p\u00ebrmir\u00ebsimin e kushteve t\u00eb serb\u00ebve dhe joshqiptar\u00ebve n\u00eb Kosov\u00eb.<br><br>Mbi 1 (Nj\u00eb) miliard\u00eb p\u00ebr \u201end\u00ebrtimin dhe rekonstruimin e objekteve banuese\u201c. Mbi 533 milion dinar\u00eb p\u00ebr \u201ekategorin\u00eb sociale q\u00eb jan\u00eb n\u00eb procesin e rikthimit\u201c n\u00eb Kosov\u00eb. 17 miliard\u00eb dinar\u00eb q\u00eb p\u00ebraf\u00ebrsiht jan\u00eb 150 milion euro p\u00ebr nevojat e pakic\u00ebs Serb\u00eb n\u00eb Kosov\u00eb, nd\u00ebrkoh\u00eb q\u00eb t\u00eb nj\u00ebjt\u00ebs Serbi i pengojn\u00eb 1 milion euro q\u00eb<\/em><\/p>\n\n\n\n<p><em>Republika e Kosov\u00ebs ndan\u00eb p\u00ebr stimulimin e bujq\u00ebsis\u00eb n\u00eb Lugin\u00eb t\u00eb Preshev\u00ebs. P\u00ebr k\u00ebt\u00eb ka inicuar procedur\u00eb p\u00ebr shpallje t\u00eb pavlefshme t\u00eb konkursit p\u00ebr subvencionim.<\/em><\/p>\n\n\n\n<figure class=\"wp-block-image\"><img decoding=\"async\" src=\"blob:https:\/\/medvegjasot.com\/98de928f-fc80-4f03-a1cc-48cd1d1e158b\" alt=\"lg.php.gif\"\/><\/figure>\n\n\n\n<p><em>Kjo \u00ebsht\u00eb Serbia dhe rrug\u00ebtimi i saj\u00eb evropian. Kjo \u00ebsht\u00eb qasja e saj\u00eb diskriminuese karshi pakicave nacionale.<br><br>Detajet rreth amandamentit t\u00eb propozuar do ti publikoj n\u00eb dit\u00ebt n\u00eb vijim.<\/em><\/p>\n","protected":false},"excerpt":{"rendered":"<p>Deputeti i vet\u00ebm shqiptar n\u00eb Kuvendin e Serbis\u00eb, Shaip Kamberi, ka th\u00ebn\u00eb se buxheti i propozuar nga Qeveria e Serbis\u00eb p\u00ebr vitin 2025 vazhdon t\u00eb jet\u00eb diskriminuese ndaj shqiptar\u00ebve t\u00eb Lugin\u00ebs s\u00eb Preshev\u00ebs. Kamberi ka th\u00ebn\u00eb se p\u00ebr disa vite me radh\u00eb, buxheti i Trupit koordinues, nuk sh\u00ebnon ngritje. Deputeti shqiptar thot\u00eb se n\u00ebse merren&#8230;<\/p>\n","protected":false},"author":2,"featured_media":3577,"comment_status":"open","ping_status":"open","sticky":false,"template":"","format":"standard","meta":{"_coblocks_attr":"","_coblocks_dimensions":"","_coblocks_responsive_height":"","_coblocks_accordion_ie_support":"","_monsterinsights_skip_tracking":false,"_monsterinsights_sitenote_active":false,"_monsterinsights_sitenote_note":"","_monsterinsights_sitenote_category":0,"footnotes":""},"categories":[14],"tags":[],"class_list":["post-3576","post","type-post","status-publish","format-standard","has-post-thumbnail","hentry","category-lajme"],"yoast_head":"<!-- This site is optimized with the Yoast SEO plugin v27.5 - https:\/\/yoast.com\/product\/yoast-seo-wordpress\/ -->\n<title>Kamberi: Serbia po diskriminon shqiptar\u00ebt e Lugin\u00ebs edhe me ndarjet buxhetore - Medvegja Sot<\/title>\n<meta name=\"robots\" content=\"index, follow, max-snippet:-1, max-image-preview:large, max-video-preview:-1\" \/>\n<link rel=\"canonical\" href=\"https:\/\/medvegjasot.com\/?p=3576\" \/>\n<meta property=\"og:locale\" content=\"en_US\" \/>\n<meta property=\"og:type\" content=\"article\" \/>\n<meta property=\"og:title\" content=\"Kamberi: Serbia po diskriminon shqiptar\u00ebt e Lugin\u00ebs edhe me ndarjet buxhetore - Medvegja Sot\" \/>\n<meta property=\"og:description\" content=\"Deputeti i vet\u00ebm shqiptar n\u00eb Kuvendin e Serbis\u00eb, Shaip Kamberi, ka th\u00ebn\u00eb se buxheti i propozuar nga Qeveria e Serbis\u00eb p\u00ebr vitin 2025 vazhdon t\u00eb jet\u00eb diskriminuese ndaj shqiptar\u00ebve t\u00eb Lugin\u00ebs s\u00eb Preshev\u00ebs. Kamberi ka th\u00ebn\u00eb se p\u00ebr disa vite me radh\u00eb, buxheti i Trupit koordinues, nuk sh\u00ebnon ngritje. Deputeti shqiptar thot\u00eb se n\u00ebse merren...\" \/>\n<meta property=\"og:url\" content=\"https:\/\/medvegjasot.com\/?p=3576\" \/>\n<meta property=\"og:site_name\" content=\"Medvegja Sot\" \/>\n<meta property=\"article:publisher\" content=\"https:\/\/www.facebook.com\/MedvegjaSot.com1\" \/>\n<meta property=\"article:published_time\" content=\"2024-11-24T07:39:55+00:00\" \/>\n<meta property=\"og:image\" content=\"https:\/\/medvegjasot.com\/wp-content\/uploads\/2024\/11\/IMG_0312.png\" \/>\n\t<meta property=\"og:image:width\" content=\"850\" \/>\n\t<meta property=\"og:image:height\" content=\"428\" \/>\n\t<meta property=\"og:image:type\" content=\"image\/png\" \/>\n<meta name=\"author\" content=\"admin\" \/>\n<meta name=\"twitter:card\" content=\"summary_large_image\" \/>\n<meta name=\"twitter:label1\" content=\"Written by\" \/>\n\t<meta name=\"twitter:data1\" content=\"admin\" \/>\n\t<meta name=\"twitter:label2\" content=\"Est. reading time\" \/>\n\t<meta name=\"twitter:data2\" content=\"4 minutes\" \/>\n<script type=\"application\/ld+json\" class=\"yoast-schema-graph\">{\"@context\":\"https:\\\/\\\/schema.org\",\"@graph\":[{\"@type\":\"Article\",\"@id\":\"https:\\\/\\\/medvegjasot.com\\\/?p=3576#article\",\"isPartOf\":{\"@id\":\"https:\\\/\\\/medvegjasot.com\\\/?p=3576\"},\"author\":{\"name\":\"admin\",\"@id\":\"https:\\\/\\\/medvegjasot.com\\\/#\\\/schema\\\/person\\\/f2be1a84f4e95d0cb032946a1cf2e594\"},\"headline\":\"Kamberi: Serbia po diskriminon shqiptar\u00ebt e Lugin\u00ebs edhe me ndarjet buxhetore\",\"datePublished\":\"2024-11-24T07:39:55+00:00\",\"mainEntityOfPage\":{\"@id\":\"https:\\\/\\\/medvegjasot.com\\\/?p=3576\"},\"wordCount\":845,\"commentCount\":0,\"publisher\":{\"@id\":\"https:\\\/\\\/medvegjasot.com\\\/#organization\"},\"image\":{\"@id\":\"https:\\\/\\\/medvegjasot.com\\\/?p=3576#primaryimage\"},\"thumbnailUrl\":\"https:\\\/\\\/medvegjasot.com\\\/wp-content\\\/uploads\\\/2024\\\/11\\\/IMG_0312.png\",\"articleSection\":[\"LAJME\"],\"inLanguage\":\"en-US\",\"potentialAction\":[{\"@type\":\"CommentAction\",\"name\":\"Comment\",\"target\":[\"https:\\\/\\\/medvegjasot.com\\\/?p=3576#respond\"]}]},{\"@type\":\"WebPage\",\"@id\":\"https:\\\/\\\/medvegjasot.com\\\/?p=3576\",\"url\":\"https:\\\/\\\/medvegjasot.com\\\/?p=3576\",\"name\":\"Kamberi: Serbia po diskriminon shqiptar\u00ebt e Lugin\u00ebs edhe me ndarjet buxhetore - Medvegja Sot\",\"isPartOf\":{\"@id\":\"https:\\\/\\\/medvegjasot.com\\\/#website\"},\"primaryImageOfPage\":{\"@id\":\"https:\\\/\\\/medvegjasot.com\\\/?p=3576#primaryimage\"},\"image\":{\"@id\":\"https:\\\/\\\/medvegjasot.com\\\/?p=3576#primaryimage\"},\"thumbnailUrl\":\"https:\\\/\\\/medvegjasot.com\\\/wp-content\\\/uploads\\\/2024\\\/11\\\/IMG_0312.png\",\"datePublished\":\"2024-11-24T07:39:55+00:00\",\"breadcrumb\":{\"@id\":\"https:\\\/\\\/medvegjasot.com\\\/?p=3576#breadcrumb\"},\"inLanguage\":\"en-US\",\"potentialAction\":[{\"@type\":\"ReadAction\",\"target\":[\"https:\\\/\\\/medvegjasot.com\\\/?p=3576\"]}]},{\"@type\":\"ImageObject\",\"inLanguage\":\"en-US\",\"@id\":\"https:\\\/\\\/medvegjasot.com\\\/?p=3576#primaryimage\",\"url\":\"https:\\\/\\\/medvegjasot.com\\\/wp-content\\\/uploads\\\/2024\\\/11\\\/IMG_0312.png\",\"contentUrl\":\"https:\\\/\\\/medvegjasot.com\\\/wp-content\\\/uploads\\\/2024\\\/11\\\/IMG_0312.png\",\"width\":850,\"height\":428},{\"@type\":\"BreadcrumbList\",\"@id\":\"https:\\\/\\\/medvegjasot.com\\\/?p=3576#breadcrumb\",\"itemListElement\":[{\"@type\":\"ListItem\",\"position\":1,\"name\":\"Home\",\"item\":\"https:\\\/\\\/medvegjasot.com\\\/\"},{\"@type\":\"ListItem\",\"position\":2,\"name\":\"Kamberi: Serbia po diskriminon shqiptar\u00ebt e Lugin\u00ebs edhe me ndarjet buxhetore\"}]},{\"@type\":\"WebSite\",\"@id\":\"https:\\\/\\\/medvegjasot.com\\\/#website\",\"url\":\"https:\\\/\\\/medvegjasot.com\\\/\",\"name\":\"Medvegja Sot\",\"description\":\"Portal Lajmesh\",\"publisher\":{\"@id\":\"https:\\\/\\\/medvegjasot.com\\\/#organization\"},\"alternateName\":\"MS\",\"potentialAction\":[{\"@type\":\"SearchAction\",\"target\":{\"@type\":\"EntryPoint\",\"urlTemplate\":\"https:\\\/\\\/medvegjasot.com\\\/?s={search_term_string}\"},\"query-input\":{\"@type\":\"PropertyValueSpecification\",\"valueRequired\":true,\"valueName\":\"search_term_string\"}}],\"inLanguage\":\"en-US\"},{\"@type\":\"Organization\",\"@id\":\"https:\\\/\\\/medvegjasot.com\\\/#organization\",\"name\":\"Medvegja Sot\",\"alternateName\":\"MS\",\"url\":\"https:\\\/\\\/medvegjasot.com\\\/\",\"logo\":{\"@type\":\"ImageObject\",\"inLanguage\":\"en-US\",\"@id\":\"https:\\\/\\\/medvegjasot.com\\\/#\\\/schema\\\/logo\\\/image\\\/\",\"url\":\"https:\\\/\\\/medvegjasot.com\\\/wp-content\\\/uploads\\\/2024\\\/08\\\/logo.png\",\"contentUrl\":\"https:\\\/\\\/medvegjasot.com\\\/wp-content\\\/uploads\\\/2024\\\/08\\\/logo.png\",\"width\":500,\"height\":500,\"caption\":\"Medvegja Sot\"},\"image\":{\"@id\":\"https:\\\/\\\/medvegjasot.com\\\/#\\\/schema\\\/logo\\\/image\\\/\"},\"sameAs\":[\"https:\\\/\\\/www.facebook.com\\\/MedvegjaSot.com1\"]},{\"@type\":\"Person\",\"@id\":\"https:\\\/\\\/medvegjasot.com\\\/#\\\/schema\\\/person\\\/f2be1a84f4e95d0cb032946a1cf2e594\",\"name\":\"admin\",\"image\":{\"@type\":\"ImageObject\",\"inLanguage\":\"en-US\",\"@id\":\"https:\\\/\\\/secure.gravatar.com\\\/avatar\\\/2eedc5259426225ddc6f98b4b6728c30418b83e6f70285719780d3518d972ece?s=96&d=mm&r=g\",\"url\":\"https:\\\/\\\/secure.gravatar.com\\\/avatar\\\/2eedc5259426225ddc6f98b4b6728c30418b83e6f70285719780d3518d972ece?s=96&d=mm&r=g\",\"contentUrl\":\"https:\\\/\\\/secure.gravatar.com\\\/avatar\\\/2eedc5259426225ddc6f98b4b6728c30418b83e6f70285719780d3518d972ece?s=96&d=mm&r=g\",\"caption\":\"admin\"},\"url\":\"https:\\\/\\\/medvegjasot.com\\\/?author=2\"}]}<\/script>\n<!-- \/ Yoast SEO plugin. -->","yoast_head_json":{"title":"Kamberi: Serbia po diskriminon shqiptar\u00ebt e Lugin\u00ebs edhe me ndarjet buxhetore - Medvegja Sot","robots":{"index":"index","follow":"follow","max-snippet":"max-snippet:-1","max-image-preview":"max-image-preview:large","max-video-preview":"max-video-preview:-1"},"canonical":"https:\/\/medvegjasot.com\/?p=3576","og_locale":"en_US","og_type":"article","og_title":"Kamberi: Serbia po diskriminon shqiptar\u00ebt e Lugin\u00ebs edhe me ndarjet buxhetore - Medvegja Sot","og_description":"Deputeti i vet\u00ebm shqiptar n\u00eb Kuvendin e Serbis\u00eb, Shaip Kamberi, ka th\u00ebn\u00eb se buxheti i propozuar nga Qeveria e Serbis\u00eb p\u00ebr vitin 2025 vazhdon t\u00eb jet\u00eb diskriminuese ndaj shqiptar\u00ebve t\u00eb Lugin\u00ebs s\u00eb Preshev\u00ebs. Kamberi ka th\u00ebn\u00eb se p\u00ebr disa vite me radh\u00eb, buxheti i Trupit koordinues, nuk sh\u00ebnon ngritje. Deputeti shqiptar thot\u00eb se n\u00ebse merren...","og_url":"https:\/\/medvegjasot.com\/?p=3576","og_site_name":"Medvegja Sot","article_publisher":"https:\/\/www.facebook.com\/MedvegjaSot.com1","article_published_time":"2024-11-24T07:39:55+00:00","og_image":[{"width":850,"height":428,"url":"https:\/\/medvegjasot.com\/wp-content\/uploads\/2024\/11\/IMG_0312.png","type":"image\/png"}],"author":"admin","twitter_card":"summary_large_image","twitter_misc":{"Written by":"admin","Est. reading time":"4 minutes"},"schema":{"@context":"https:\/\/schema.org","@graph":[{"@type":"Article","@id":"https:\/\/medvegjasot.com\/?p=3576#article","isPartOf":{"@id":"https:\/\/medvegjasot.com\/?p=3576"},"author":{"name":"admin","@id":"https:\/\/medvegjasot.com\/#\/schema\/person\/f2be1a84f4e95d0cb032946a1cf2e594"},"headline":"Kamberi: Serbia po diskriminon shqiptar\u00ebt e Lugin\u00ebs edhe me ndarjet buxhetore","datePublished":"2024-11-24T07:39:55+00:00","mainEntityOfPage":{"@id":"https:\/\/medvegjasot.com\/?p=3576"},"wordCount":845,"commentCount":0,"publisher":{"@id":"https:\/\/medvegjasot.com\/#organization"},"image":{"@id":"https:\/\/medvegjasot.com\/?p=3576#primaryimage"},"thumbnailUrl":"https:\/\/medvegjasot.com\/wp-content\/uploads\/2024\/11\/IMG_0312.png","articleSection":["LAJME"],"inLanguage":"en-US","potentialAction":[{"@type":"CommentAction","name":"Comment","target":["https:\/\/medvegjasot.com\/?p=3576#respond"]}]},{"@type":"WebPage","@id":"https:\/\/medvegjasot.com\/?p=3576","url":"https:\/\/medvegjasot.com\/?p=3576","name":"Kamberi: Serbia po diskriminon shqiptar\u00ebt e Lugin\u00ebs edhe me ndarjet buxhetore - Medvegja Sot","isPartOf":{"@id":"https:\/\/medvegjasot.com\/#website"},"primaryImageOfPage":{"@id":"https:\/\/medvegjasot.com\/?p=3576#primaryimage"},"image":{"@id":"https:\/\/medvegjasot.com\/?p=3576#primaryimage"},"thumbnailUrl":"https:\/\/medvegjasot.com\/wp-content\/uploads\/2024\/11\/IMG_0312.png","datePublished":"2024-11-24T07:39:55+00:00","breadcrumb":{"@id":"https:\/\/medvegjasot.com\/?p=3576#breadcrumb"},"inLanguage":"en-US","potentialAction":[{"@type":"ReadAction","target":["https:\/\/medvegjasot.com\/?p=3576"]}]},{"@type":"ImageObject","inLanguage":"en-US","@id":"https:\/\/medvegjasot.com\/?p=3576#primaryimage","url":"https:\/\/medvegjasot.com\/wp-content\/uploads\/2024\/11\/IMG_0312.png","contentUrl":"https:\/\/medvegjasot.com\/wp-content\/uploads\/2024\/11\/IMG_0312.png","width":850,"height":428},{"@type":"BreadcrumbList","@id":"https:\/\/medvegjasot.com\/?p=3576#breadcrumb","itemListElement":[{"@type":"ListItem","position":1,"name":"Home","item":"https:\/\/medvegjasot.com\/"},{"@type":"ListItem","position":2,"name":"Kamberi: Serbia po diskriminon shqiptar\u00ebt e Lugin\u00ebs edhe me ndarjet buxhetore"}]},{"@type":"WebSite","@id":"https:\/\/medvegjasot.com\/#website","url":"https:\/\/medvegjasot.com\/","name":"Medvegja Sot","description":"Portal Lajmesh","publisher":{"@id":"https:\/\/medvegjasot.com\/#organization"},"alternateName":"MS","potentialAction":[{"@type":"SearchAction","target":{"@type":"EntryPoint","urlTemplate":"https:\/\/medvegjasot.com\/?s={search_term_string}"},"query-input":{"@type":"PropertyValueSpecification","valueRequired":true,"valueName":"search_term_string"}}],"inLanguage":"en-US"},{"@type":"Organization","@id":"https:\/\/medvegjasot.com\/#organization","name":"Medvegja Sot","alternateName":"MS","url":"https:\/\/medvegjasot.com\/","logo":{"@type":"ImageObject","inLanguage":"en-US","@id":"https:\/\/medvegjasot.com\/#\/schema\/logo\/image\/","url":"https:\/\/medvegjasot.com\/wp-content\/uploads\/2024\/08\/logo.png","contentUrl":"https:\/\/medvegjasot.com\/wp-content\/uploads\/2024\/08\/logo.png","width":500,"height":500,"caption":"Medvegja Sot"},"image":{"@id":"https:\/\/medvegjasot.com\/#\/schema\/logo\/image\/"},"sameAs":["https:\/\/www.facebook.com\/MedvegjaSot.com1"]},{"@type":"Person","@id":"https:\/\/medvegjasot.com\/#\/schema\/person\/f2be1a84f4e95d0cb032946a1cf2e594","name":"admin","image":{"@type":"ImageObject","inLanguage":"en-US","@id":"https:\/\/secure.gravatar.com\/avatar\/2eedc5259426225ddc6f98b4b6728c30418b83e6f70285719780d3518d972ece?s=96&d=mm&r=g","url":"https:\/\/secure.gravatar.com\/avatar\/2eedc5259426225ddc6f98b4b6728c30418b83e6f70285719780d3518d972ece?s=96&d=mm&r=g","contentUrl":"https:\/\/secure.gravatar.com\/avatar\/2eedc5259426225ddc6f98b4b6728c30418b83e6f70285719780d3518d972ece?s=96&d=mm&r=g","caption":"admin"},"url":"https:\/\/medvegjasot.com\/?author=2"}]}},"jetpack_featured_media_url":"https:\/\/medvegjasot.com\/wp-content\/uploads\/2024\/11\/IMG_0312.png","_links":{"self":[{"href":"https:\/\/medvegjasot.com\/index.php?rest_route=\/wp\/v2\/posts\/3576","targetHints":{"allow":["GET"]}}],"collection":[{"href":"https:\/\/medvegjasot.com\/index.php?rest_route=\/wp\/v2\/posts"}],"about":[{"href":"https:\/\/medvegjasot.com\/index.php?rest_route=\/wp\/v2\/types\/post"}],"author":[{"embeddable":true,"href":"https:\/\/medvegjasot.com\/index.php?rest_route=\/wp\/v2\/users\/2"}],"replies":[{"embeddable":true,"href":"https:\/\/medvegjasot.com\/index.php?rest_route=%2Fwp%2Fv2%2Fcomments&post=3576"}],"version-history":[{"count":1,"href":"https:\/\/medvegjasot.com\/index.php?rest_route=\/wp\/v2\/posts\/3576\/revisions"}],"predecessor-version":[{"id":3578,"href":"https:\/\/medvegjasot.com\/index.php?rest_route=\/wp\/v2\/posts\/3576\/revisions\/3578"}],"wp:featuredmedia":[{"embeddable":true,"href":"https:\/\/medvegjasot.com\/index.php?rest_route=\/wp\/v2\/media\/3577"}],"wp:attachment":[{"href":"https:\/\/medvegjasot.com\/index.php?rest_route=%2Fwp%2Fv2%2Fmedia&parent=3576"}],"wp:term":[{"taxonomy":"category","embeddable":true,"href":"https:\/\/medvegjasot.com\/index.php?rest_route=%2Fwp%2Fv2%2Fcategories&post=3576"},{"taxonomy":"post_tag","embeddable":true,"href":"https:\/\/medvegjasot.com\/index.php?rest_route=%2Fwp%2Fv2%2Ftags&post=3576"}],"curies":[{"name":"wp","href":"https:\/\/api.w.org\/{rel}","templated":true}]}}