{"id":3395,"date":"2024-11-10T00:00:00","date_gmt":"2024-11-10T00:00:00","guid":{"rendered":"https:\/\/medvegjasot.com\/?p=3395"},"modified":"2024-11-16T07:03:23","modified_gmt":"2024-11-16T07:03:23","slug":"medvegja-neper-shekuj","status":"publish","type":"post","link":"https:\/\/medvegjasot.com\/?p=3395","title":{"rendered":"Medvegja n\u00ebp\u00ebr shekuj (Histori, Kultur\u00eb dhe Arsimi)"},"content":{"rendered":"\n<p><\/p>\n\n\n\n<p>Medvegja shtrihet n\u00eb nj\u00eb territor prej 524 km\u00b2, kjo komun\u00eb ndahet nga 42 vendbanime, dy prej t\u00eb cilave jan\u00eb vendbanime urbane Medvegja dhe Banja e Sijarin\u00ebs. \/<strong>MS<\/strong>\/ <\/p>\n\n\n\n<figure class=\"wp-block-gallery has-nested-images columns-default is-cropped wp-block-gallery-1 is-layout-flex wp-block-gallery-is-layout-flex\">\n<figure class=\"wp-block-image size-large\"><img fetchpriority=\"high\" decoding=\"async\" width=\"1024\" height=\"576\" data-id=\"3400\" src=\"https:\/\/medvegjasot.com\/wp-content\/uploads\/2024\/11\/photo-output-12-1024x576.jpeg\" alt=\"\" class=\"wp-image-3400\" srcset=\"https:\/\/medvegjasot.com\/wp-content\/uploads\/2024\/11\/photo-output-12-1024x576.jpeg 1024w, https:\/\/medvegjasot.com\/wp-content\/uploads\/2024\/11\/photo-output-12-300x169.jpeg 300w, https:\/\/medvegjasot.com\/wp-content\/uploads\/2024\/11\/photo-output-12-768x432.jpeg 768w, https:\/\/medvegjasot.com\/wp-content\/uploads\/2024\/11\/photo-output-12-1536x864.jpeg 1536w, https:\/\/medvegjasot.com\/wp-content\/uploads\/2024\/11\/photo-output-12.jpeg 2016w\" sizes=\"(max-width: 1024px) 100vw, 1024px\" \/><\/figure>\n\n\n\n<figure class=\"wp-block-image size-large\"><img decoding=\"async\" width=\"1024\" height=\"576\" data-id=\"3399\" src=\"https:\/\/medvegjasot.com\/wp-content\/uploads\/2024\/11\/photo-output-11-1024x576.jpeg\" alt=\"\" class=\"wp-image-3399\" srcset=\"https:\/\/medvegjasot.com\/wp-content\/uploads\/2024\/11\/photo-output-11-1024x576.jpeg 1024w, https:\/\/medvegjasot.com\/wp-content\/uploads\/2024\/11\/photo-output-11-300x169.jpeg 300w, https:\/\/medvegjasot.com\/wp-content\/uploads\/2024\/11\/photo-output-11-768x432.jpeg 768w, https:\/\/medvegjasot.com\/wp-content\/uploads\/2024\/11\/photo-output-11-1536x864.jpeg 1536w, https:\/\/medvegjasot.com\/wp-content\/uploads\/2024\/11\/photo-output-11.jpeg 2016w\" sizes=\"(max-width: 1024px) 100vw, 1024px\" \/><\/figure>\n<\/figure>\n\n\n\n<p><em>Foto<\/em>: \/<strong>MS<\/strong>\/ N\u00eb Jugper\u00ebndim kufizohet me komun\u00ebn e Prishtin\u00ebs: n\u00eb Jug me komun\u00ebn e Dardan\u00ebs, n\u00eb Veriper\u00ebndim kufizohet me komun\u00ebn e Bojnikut, n\u00eb Verilindje me komun\u00ebn e Leban\u00ebs dhe n\u00eb Per\u00ebndim kufizohet me komun\u00ebn e Kurshumlis\u00eb dhe komun\u00ebn e Besian\u00ebs. \/<strong>MS<\/strong>\/<\/p>\n\n\n\n<figure class=\"wp-block-image size-large\"><img decoding=\"async\" width=\"1024\" height=\"576\" src=\"https:\/\/medvegjasot.com\/wp-content\/uploads\/2024\/11\/IMG_8905-1024x576.jpeg\" alt=\"\" class=\"wp-image-3401\" srcset=\"https:\/\/medvegjasot.com\/wp-content\/uploads\/2024\/11\/IMG_8905-1024x576.jpeg 1024w, https:\/\/medvegjasot.com\/wp-content\/uploads\/2024\/11\/IMG_8905-300x169.jpeg 300w, https:\/\/medvegjasot.com\/wp-content\/uploads\/2024\/11\/IMG_8905-768x432.jpeg 768w, https:\/\/medvegjasot.com\/wp-content\/uploads\/2024\/11\/IMG_8905-1536x864.jpeg 1536w, https:\/\/medvegjasot.com\/wp-content\/uploads\/2024\/11\/IMG_8905-2048x1152.jpeg 2048w\" sizes=\"(max-width: 1024px) 100vw, 1024px\" \/><\/figure>\n\n\n\n<p><em>Foto<\/em>: \/<strong>MS<\/strong>\/ Banja e Sijarin\u00ebs kufizohet n\u00eb veri e lindje me Sijarin\u00ebn, n\u00eb jug me Sfirc\u00ebn n\u00eb per\u00ebndim me Borocin. Banja e Sijarin\u00ebs \u00ebsht\u00eb e futur thell\u00eb n\u00eb ngushtic\u00eb, e rrethuar me vegjetacion t\u00eb bujsh\u00ebm, me klim\u00eb t\u00eb p\u00ebrshtatshme. Banja ka 18 burime t\u00eb ujit mineral me p\u00ebrb\u00ebrje t\u00eb ndryshme fiziko-kimike dhe temperatur\u00eb nga 32-72 grad\u00eb celsius. Ka nj\u00eb territor t\u00eb vog\u00ebl rreth 2.3km.\/<strong>MS<\/strong>\/<\/p>\n\n\n\n<figure class=\"wp-block-image size-large\"><img loading=\"lazy\" decoding=\"async\" width=\"1024\" height=\"575\" src=\"https:\/\/medvegjasot.com\/wp-content\/uploads\/2024\/11\/IMG_8906-1024x575.jpeg\" alt=\"\" class=\"wp-image-3402\" srcset=\"https:\/\/medvegjasot.com\/wp-content\/uploads\/2024\/11\/IMG_8906-1024x575.jpeg 1024w, https:\/\/medvegjasot.com\/wp-content\/uploads\/2024\/11\/IMG_8906-300x168.jpeg 300w, https:\/\/medvegjasot.com\/wp-content\/uploads\/2024\/11\/IMG_8906-768x431.jpeg 768w, https:\/\/medvegjasot.com\/wp-content\/uploads\/2024\/11\/IMG_8906-1536x863.jpeg 1536w, https:\/\/medvegjasot.com\/wp-content\/uploads\/2024\/11\/IMG_8906.jpeg 2048w\" sizes=\"(max-width: 1024px) 100vw, 1024px\" \/><\/figure>\n\n\n\n<p><em>Foto<\/em>: \/<strong>MS<\/strong>\/ Atraksion dhe bukuri t\u00eb rrall\u00eb natyrore, paraqesin gejzer\u00ebt me uj\u00eb t\u00eb nxeht\u00eb e t\u00eb ve\u00e7ant\u00eb n\u00eb Evrop\u00eb, uji arrin thell\u00ebsin\u00eb 8m, pran\u00eb t\u00eb cilit ndodhet kompleksi i nd\u00ebrtuar i pishinave dhe fontanave. Sh\u00ebrimi i s\u00ebmundjeve b\u00ebhet n\u00eb Entin e specializuar p\u00ebr rehabilitim \u201dBanja e Sijarin\u00ebs\u201d pran\u00eb hotelit \u201dGejzer\u201d. Kjo Banj\u00eb p\u00ebr vizitor\u00ebt posedon Hotele, Vila dhe sht\u00ebpi private n\u00eb ve\u00e7anti gjat\u00eb ver\u00ebs vizitor\u00ebt jan\u00eb t\u00eb shumt\u00eb!\/<strong>MS<\/strong>\/<\/p>\n\n\n\n<figure class=\"wp-block-image size-large\"><img loading=\"lazy\" decoding=\"async\" width=\"1024\" height=\"574\" src=\"https:\/\/medvegjasot.com\/wp-content\/uploads\/2024\/11\/IMG_9378-1024x574.jpeg\" alt=\"\" class=\"wp-image-3403\" srcset=\"https:\/\/medvegjasot.com\/wp-content\/uploads\/2024\/11\/IMG_9378-1024x574.jpeg 1024w, https:\/\/medvegjasot.com\/wp-content\/uploads\/2024\/11\/IMG_9378-300x168.jpeg 300w, https:\/\/medvegjasot.com\/wp-content\/uploads\/2024\/11\/IMG_9378-768x430.jpeg 768w, https:\/\/medvegjasot.com\/wp-content\/uploads\/2024\/11\/IMG_9378-1536x861.jpeg 1536w, https:\/\/medvegjasot.com\/wp-content\/uploads\/2024\/11\/IMG_9378-2048x1148.jpeg 2048w\" sizes=\"(max-width: 1024px) 100vw, 1024px\" \/><\/figure>\n\n\n\n<p><em>Foto<\/em>: \/<strong>MS<\/strong>\/ N\u00eb Banj\u00ebn e Sijarin\u00ebs sipas regjistrimit t\u00eb popullsis\u00eb t\u00eb vitit 2002 kan\u00eb jetuar 568 banor\u00eb, prej tyre shqiptar\u00eb 231, 40.66%, serb\u00eb 282, me 49.64%, malazez 45, me 7.92%.\/<strong>MS<\/strong>\/<\/p>\n\n\n\n<figure class=\"wp-block-gallery has-nested-images columns-default is-cropped wp-block-gallery-2 is-layout-flex wp-block-gallery-is-layout-flex\">\n<figure class=\"wp-block-image size-large\"><img loading=\"lazy\" decoding=\"async\" width=\"1024\" height=\"576\" data-id=\"3407\" src=\"https:\/\/medvegjasot.com\/wp-content\/uploads\/2024\/11\/IMG_9806-1024x576.jpeg\" alt=\"\" class=\"wp-image-3407\" srcset=\"https:\/\/medvegjasot.com\/wp-content\/uploads\/2024\/11\/IMG_9806-1024x576.jpeg 1024w, https:\/\/medvegjasot.com\/wp-content\/uploads\/2024\/11\/IMG_9806-300x169.jpeg 300w, https:\/\/medvegjasot.com\/wp-content\/uploads\/2024\/11\/IMG_9806-768x432.jpeg 768w, https:\/\/medvegjasot.com\/wp-content\/uploads\/2024\/11\/IMG_9806-1536x864.jpeg 1536w, https:\/\/medvegjasot.com\/wp-content\/uploads\/2024\/11\/IMG_9806-2048x1152.jpeg 2048w\" sizes=\"(max-width: 1024px) 100vw, 1024px\" \/><\/figure>\n\n\n\n<figure class=\"wp-block-image size-large\"><img loading=\"lazy\" decoding=\"async\" width=\"1024\" height=\"768\" data-id=\"3406\" src=\"https:\/\/medvegjasot.com\/wp-content\/uploads\/2024\/11\/IMG_8921-1024x768.jpeg\" alt=\"\" class=\"wp-image-3406\" srcset=\"https:\/\/medvegjasot.com\/wp-content\/uploads\/2024\/11\/IMG_8921-1024x768.jpeg 1024w, https:\/\/medvegjasot.com\/wp-content\/uploads\/2024\/11\/IMG_8921-300x225.jpeg 300w, https:\/\/medvegjasot.com\/wp-content\/uploads\/2024\/11\/IMG_8921-768x576.jpeg 768w, https:\/\/medvegjasot.com\/wp-content\/uploads\/2024\/11\/IMG_8921-1536x1152.jpeg 1536w, https:\/\/medvegjasot.com\/wp-content\/uploads\/2024\/11\/IMG_8921.jpeg 2000w\" sizes=\"(max-width: 1024px) 100vw, 1024px\" \/><\/figure>\n<\/figure>\n\n\n\n<p><em>Foto<\/em>:  \/<strong>MS<\/strong>\/ \/ Banja ka shkoll\u00ebn fillore e cila ka funksionuar q\u00eb nga viti 1927\/28, por n\u00eb gjuh\u00ebn shqipe s\u00eb pari \u00ebsht\u00eb hapur klasa e pest\u00eb n\u00eb shtator t\u00eb vitit 1965\/68 dhe me at\u00eb klas\u00eb punoi m\u00ebsuesi Bafti Krasniqi.\/<strong>MS<\/strong>\/<\/p>\n\n\n\n<figure class=\"wp-block-gallery has-nested-images columns-default is-cropped wp-block-gallery-3 is-layout-flex wp-block-gallery-is-layout-flex\">\n<figure class=\"wp-block-image size-large\"><img loading=\"lazy\" decoding=\"async\" width=\"1024\" height=\"573\" data-id=\"3405\" src=\"https:\/\/medvegjasot.com\/wp-content\/uploads\/2024\/11\/IMG_8716-1024x573.jpeg\" alt=\"\" class=\"wp-image-3405\" srcset=\"https:\/\/medvegjasot.com\/wp-content\/uploads\/2024\/11\/IMG_8716-1024x573.jpeg 1024w, https:\/\/medvegjasot.com\/wp-content\/uploads\/2024\/11\/IMG_8716-300x168.jpeg 300w, https:\/\/medvegjasot.com\/wp-content\/uploads\/2024\/11\/IMG_8716-768x430.jpeg 768w, https:\/\/medvegjasot.com\/wp-content\/uploads\/2024\/11\/IMG_8716.jpeg 1179w\" sizes=\"(max-width: 1024px) 100vw, 1024px\" \/><\/figure>\n\n\n\n<figure class=\"wp-block-image size-large\"><img loading=\"lazy\" decoding=\"async\" width=\"1024\" height=\"573\" data-id=\"3404\" src=\"https:\/\/medvegjasot.com\/wp-content\/uploads\/2024\/11\/IMG_8924-1024x573.jpeg\" alt=\"\" class=\"wp-image-3404\" srcset=\"https:\/\/medvegjasot.com\/wp-content\/uploads\/2024\/11\/IMG_8924-1024x573.jpeg 1024w, https:\/\/medvegjasot.com\/wp-content\/uploads\/2024\/11\/IMG_8924-300x168.jpeg 300w, https:\/\/medvegjasot.com\/wp-content\/uploads\/2024\/11\/IMG_8924-768x430.jpeg 768w, https:\/\/medvegjasot.com\/wp-content\/uploads\/2024\/11\/IMG_8924.jpeg 1179w\" sizes=\"(max-width: 1024px) 100vw, 1024px\" \/><\/figure>\n<\/figure>\n\n\n\n<p><em>Foto<\/em>: \/<strong>MS<\/strong>\/ Aktivitet kulturor duhet ve\u00e7uar manifestimi &#8220;Dit\u00ebt e Diaspor\u00ebs&#8221; organizuar nga Shoqata Humanitare Medvegja n\u00eb Zvic\u00ebr i cili mbahet n\u00eb muajin gusht. Ky manifestim i karakterit kulturor artistik num\u00ebron vitin e tij t\u00eb 14&#8217;t\u00eb. Rrug\u00ebtimi i k\u00ebtij manifestimi daton nga viti 2010 me iniciativ\u00ebn e nj\u00eb grupi t\u00eb vullnetit t\u00eb mir\u00eb ku k\u00ebtij grupi i priu SHHM n\u00eb krye me Zenel Neziri i cili at\u00eb bot\u00eb ishte kryetar i SHHM tash kryetar nderi i k\u00ebsaj shoqate.\/<strong>MS<\/strong>\/<\/p>\n\n\n\n<figure class=\"wp-block-gallery has-nested-images columns-default is-cropped wp-block-gallery-4 is-layout-flex wp-block-gallery-is-layout-flex\">\n<figure class=\"wp-block-image size-large\"><img loading=\"lazy\" decoding=\"async\" width=\"1024\" height=\"576\" data-id=\"3412\" src=\"https:\/\/medvegjasot.com\/wp-content\/uploads\/2024\/11\/IMG_9672-1024x576.jpeg\" alt=\"\" class=\"wp-image-3412\" srcset=\"https:\/\/medvegjasot.com\/wp-content\/uploads\/2024\/11\/IMG_9672-1024x576.jpeg 1024w, https:\/\/medvegjasot.com\/wp-content\/uploads\/2024\/11\/IMG_9672-300x169.jpeg 300w, https:\/\/medvegjasot.com\/wp-content\/uploads\/2024\/11\/IMG_9672-768x432.jpeg 768w, https:\/\/medvegjasot.com\/wp-content\/uploads\/2024\/11\/IMG_9672-1536x864.jpeg 1536w, https:\/\/medvegjasot.com\/wp-content\/uploads\/2024\/11\/IMG_9672-2048x1152.jpeg 2048w\" sizes=\"(max-width: 1024px) 100vw, 1024px\" \/><\/figure>\n\n\n\n<figure class=\"wp-block-image size-large\"><img loading=\"lazy\" decoding=\"async\" width=\"1024\" height=\"576\" data-id=\"3411\" src=\"https:\/\/medvegjasot.com\/wp-content\/uploads\/2024\/11\/IMG_9673-1024x576.jpeg\" alt=\"\" class=\"wp-image-3411\" srcset=\"https:\/\/medvegjasot.com\/wp-content\/uploads\/2024\/11\/IMG_9673-1024x576.jpeg 1024w, https:\/\/medvegjasot.com\/wp-content\/uploads\/2024\/11\/IMG_9673-300x169.jpeg 300w, https:\/\/medvegjasot.com\/wp-content\/uploads\/2024\/11\/IMG_9673-768x432.jpeg 768w, https:\/\/medvegjasot.com\/wp-content\/uploads\/2024\/11\/IMG_9673-1536x864.jpeg 1536w, https:\/\/medvegjasot.com\/wp-content\/uploads\/2024\/11\/IMG_9673-2048x1152.jpeg 2048w\" sizes=\"(max-width: 1024px) 100vw, 1024px\" \/><\/figure>\n<\/figure>\n\n\n\n<p><em>Foto<\/em>: <em>Xhamia e Sijarin\u00ebs<\/em> \/<strong>MS<\/strong>\/ Xhamia e Sijarin\u00ebs &#8211; Medvegj\u00eb, e nd\u00ebrtuar n\u00eb vitin 1877. N\u00eb k\u00ebt\u00eb Xhami imam \u00ebsht\u00eb Ilham Hasani, i cili nj\u00ebher\u00ebsh \u00ebsht\u00eb edhe profesor i l\u00ebnd\u00ebs fetare N\u00eb shkoll\u00ebn fillore n\u00eb Banj\u00eb t\u00eb Sijarin\u00ebs! Kryetari i K\u00ebshillit t\u00eb Bashk\u00ebsis\u00eb Islame n\u00eb Medvegj\u00eb \u00ebsht\u00eb Fitim Sahiti.\/<strong>MS<\/strong>\/<\/p>\n\n\n\n<figure class=\"wp-block-image size-large\"><img loading=\"lazy\" decoding=\"async\" width=\"1024\" height=\"576\" src=\"https:\/\/medvegjasot.com\/wp-content\/uploads\/2024\/11\/IMG_9675-1024x576.jpeg\" alt=\"\" class=\"wp-image-3414\" srcset=\"https:\/\/medvegjasot.com\/wp-content\/uploads\/2024\/11\/IMG_9675-1024x576.jpeg 1024w, https:\/\/medvegjasot.com\/wp-content\/uploads\/2024\/11\/IMG_9675-300x169.jpeg 300w, https:\/\/medvegjasot.com\/wp-content\/uploads\/2024\/11\/IMG_9675-768x432.jpeg 768w, https:\/\/medvegjasot.com\/wp-content\/uploads\/2024\/11\/IMG_9675-1536x864.jpeg 1536w, https:\/\/medvegjasot.com\/wp-content\/uploads\/2024\/11\/IMG_9675-2048x1152.jpeg 2048w\" sizes=\"(max-width: 1024px) 100vw, 1024px\" \/><\/figure>\n\n\n\n<p><em>Foto<\/em>: <em>Tyrbja n\u00eb Medvegj\u00eb<\/em> \/<strong>MS<\/strong>\/ Pamje nga Tyrbja e vetme n\u00eb Medvegj\u00eb! \/<strong>MS<\/strong>\/ <\/p>\n\n\n\n<figure class=\"wp-block-image size-large\"><img loading=\"lazy\" decoding=\"async\" width=\"1024\" height=\"576\" src=\"https:\/\/medvegjasot.com\/wp-content\/uploads\/2024\/11\/IMG_9772-1024x576.jpeg\" alt=\"\" class=\"wp-image-3417\" srcset=\"https:\/\/medvegjasot.com\/wp-content\/uploads\/2024\/11\/IMG_9772-1024x576.jpeg 1024w, https:\/\/medvegjasot.com\/wp-content\/uploads\/2024\/11\/IMG_9772-300x169.jpeg 300w, https:\/\/medvegjasot.com\/wp-content\/uploads\/2024\/11\/IMG_9772-768x432.jpeg 768w, https:\/\/medvegjasot.com\/wp-content\/uploads\/2024\/11\/IMG_9772-1536x864.jpeg 1536w, https:\/\/medvegjasot.com\/wp-content\/uploads\/2024\/11\/IMG_9772-2048x1152.jpeg 2048w\" sizes=\"(max-width: 1024px) 100vw, 1024px\" \/><\/figure>\n\n\n\n<p>Foto: <em>Xhamia N\u00eb Kapit<\/em> \/<strong>MS<\/strong>\/ Xhamia n\u00eb Kapit, e nd\u00ebrtuar n\u00eb vitin 1935. N\u00eb k\u00ebt\u00eb Xhami imam \u00ebsht\u00eb Ajet Latifi! Objektet fetare, pas vitit 2020, kryesisht t\u00eb fes\u00eb Islame u renovuan n\u00eb vitin 2000 nga Lulzim Sahiti (1977-2016). Ai b\u00ebri renovimin e tyrbes n\u00eb Medvegj\u00eb dhe renovoi t\u00eb dy xhamit\u00eb. Ishte an\u00ebtar kryesor i K\u00ebshillit Komb\u00ebtar Shqiptar; an\u00ebtar i Komisionit Administrativ mbi Komun\u00ebn e Medvegj\u00ebs; kryetar i Bashk\u00ebsis\u00eb Islame, dega n\u00eb Medvegj\u00eb.\/<strong>MS<\/strong>\/<\/p>\n\n\n\n<figure class=\"wp-block-gallery has-nested-images columns-default is-cropped wp-block-gallery-5 is-layout-flex wp-block-gallery-is-layout-flex\">\n<figure class=\"wp-block-image size-large\"><img loading=\"lazy\" decoding=\"async\" width=\"1024\" height=\"576\" data-id=\"3420\" src=\"https:\/\/medvegjasot.com\/wp-content\/uploads\/2024\/11\/IMG_9731-1-1024x576.jpeg\" alt=\"\" class=\"wp-image-3420\" srcset=\"https:\/\/medvegjasot.com\/wp-content\/uploads\/2024\/11\/IMG_9731-1-1024x576.jpeg 1024w, https:\/\/medvegjasot.com\/wp-content\/uploads\/2024\/11\/IMG_9731-1-300x169.jpeg 300w, https:\/\/medvegjasot.com\/wp-content\/uploads\/2024\/11\/IMG_9731-1-768x432.jpeg 768w, https:\/\/medvegjasot.com\/wp-content\/uploads\/2024\/11\/IMG_9731-1-1536x864.jpeg 1536w, https:\/\/medvegjasot.com\/wp-content\/uploads\/2024\/11\/IMG_9731-1-2048x1152.jpeg 2048w\" sizes=\"(max-width: 1024px) 100vw, 1024px\" \/><\/figure>\n\n\n\n<figure class=\"wp-block-image size-large\"><img loading=\"lazy\" decoding=\"async\" width=\"1024\" height=\"574\" data-id=\"3419\" src=\"https:\/\/medvegjasot.com\/wp-content\/uploads\/2024\/11\/IMG_9732-1024x574.jpeg\" alt=\"\" class=\"wp-image-3419\" srcset=\"https:\/\/medvegjasot.com\/wp-content\/uploads\/2024\/11\/IMG_9732-1024x574.jpeg 1024w, https:\/\/medvegjasot.com\/wp-content\/uploads\/2024\/11\/IMG_9732-300x168.jpeg 300w, https:\/\/medvegjasot.com\/wp-content\/uploads\/2024\/11\/IMG_9732-768x430.jpeg 768w, https:\/\/medvegjasot.com\/wp-content\/uploads\/2024\/11\/IMG_9732-1536x861.jpeg 1536w, https:\/\/medvegjasot.com\/wp-content\/uploads\/2024\/11\/IMG_9732-2048x1147.jpeg 2048w\" sizes=\"(max-width: 1024px) 100vw, 1024px\" \/><\/figure>\n<\/figure>\n\n\n\n<h1 class=\"wp-block-heading\"><\/h1>\n\n\n\n<p><em>Foto<\/em>:\/<strong>MS<\/strong>\/ Sofra shqiptare n\u00eb Medvegj\u00eb.Sofra kishte bereqetin e vet, njer\u00ebzit betohen n\u00eb sofr\u00ebn e buk\u00ebs. Ibrigu i ujit, q\u00eb sh\u00ebrbente p\u00ebr uj\u00eb pran\u00eb sofr\u00ebs, ishte prej dheu (balte), i pjekur, i modelit t\u00eb keramikave, pinin uj\u00eb m\u00eb nj\u00eb tas (got\u00eb) t\u00eb gjith\u00eb t\u00eb pranishmit.\/<strong>MS<\/strong>\/<\/p>\n\n\n\n<figure class=\"wp-block-gallery has-nested-images columns-default is-cropped wp-block-gallery-6 is-layout-flex wp-block-gallery-is-layout-flex\">\n<figure class=\"wp-block-image size-large\"><img loading=\"lazy\" decoding=\"async\" width=\"1024\" height=\"576\" data-id=\"3434\" src=\"https:\/\/medvegjasot.com\/wp-content\/uploads\/2024\/11\/IMG_9853-1-1024x576.jpeg\" alt=\"\" class=\"wp-image-3434\" srcset=\"https:\/\/medvegjasot.com\/wp-content\/uploads\/2024\/11\/IMG_9853-1-1024x576.jpeg 1024w, https:\/\/medvegjasot.com\/wp-content\/uploads\/2024\/11\/IMG_9853-1-300x169.jpeg 300w, https:\/\/medvegjasot.com\/wp-content\/uploads\/2024\/11\/IMG_9853-1-768x432.jpeg 768w, https:\/\/medvegjasot.com\/wp-content\/uploads\/2024\/11\/IMG_9853-1-1536x864.jpeg 1536w, https:\/\/medvegjasot.com\/wp-content\/uploads\/2024\/11\/IMG_9853-1-2048x1152.jpeg 2048w\" sizes=\"(max-width: 1024px) 100vw, 1024px\" \/><\/figure>\n\n\n\n<figure class=\"wp-block-image size-large\"><img loading=\"lazy\" decoding=\"async\" width=\"1024\" height=\"576\" data-id=\"3435\" src=\"https:\/\/medvegjasot.com\/wp-content\/uploads\/2024\/11\/IMG_9850-1024x576.jpeg\" alt=\"\" class=\"wp-image-3435\" srcset=\"https:\/\/medvegjasot.com\/wp-content\/uploads\/2024\/11\/IMG_9850-1024x576.jpeg 1024w, https:\/\/medvegjasot.com\/wp-content\/uploads\/2024\/11\/IMG_9850-300x169.jpeg 300w, https:\/\/medvegjasot.com\/wp-content\/uploads\/2024\/11\/IMG_9850-768x432.jpeg 768w, https:\/\/medvegjasot.com\/wp-content\/uploads\/2024\/11\/IMG_9850-1536x864.jpeg 1536w, https:\/\/medvegjasot.com\/wp-content\/uploads\/2024\/11\/IMG_9850-2048x1152.jpeg 2048w\" sizes=\"(max-width: 1024px) 100vw, 1024px\" \/><\/figure>\n<\/figure>\n\n\n\n<p><em>Foto<\/em>: \/<strong>MS<\/strong>\/ Duhanin e pinin meshkujt, rrall\u00eb ndodhte t\u00eb pinte ndonj\u00eb fem\u00ebr (p\u00ebr ila\u00e7). Duhani, cigareja b\u00ebhej me dor\u00eb, ruhej dhe bartej m\u00eb kuti. Ai pihej edhe m\u00eb cigarll\u00ebk apo llull\u00eb, duhani ka\u00e7ak, i grir\u00eb n\u00eb havan me dor\u00eb, e q\u00eb p\u00ebr llafe n\u00eb mes vete, sipas tradit\u00ebs edhe sot jeton, nd\u00ebrrohen cigaret, shk\u00ebmbimi i nj\u00ebri-tjetrit. Kur miku ka dashur ta nderoj mikun, i ka d\u00ebrguar p\u00ebrsh\u00ebndetje p\u00ebrmes dikujt dy cigare. N\u00eb munges\u00eb t\u00eb shkrep\u00ebses, cigaren e kan\u00eb dhezur me \u201cnuri\u201d (p\u00ebrb\u00ebrje hekuri) q\u00eb ka qitur xixa m\u00eb f\u00ebrkim t\u00eb dy- ansh\u00ebm dhe Eshk\u00ebs (myshqe, k\u00ebpurdha) nga drunjt\u00eb e thar\u00eb mir\u00eb p\u00ebr t&#8217;u ndezur.\/<strong>MS<\/strong>\/ <\/p>\n\n\n\n<figure class=\"wp-block-gallery has-nested-images columns-default is-cropped wp-block-gallery-7 is-layout-flex wp-block-gallery-is-layout-flex\">\n<figure class=\"wp-block-image size-large\"><img loading=\"lazy\" decoding=\"async\" width=\"1024\" height=\"576\" data-id=\"3429\" src=\"https:\/\/medvegjasot.com\/wp-content\/uploads\/2024\/11\/IMG_9845-1024x576.jpeg\" alt=\"\" class=\"wp-image-3429\" srcset=\"https:\/\/medvegjasot.com\/wp-content\/uploads\/2024\/11\/IMG_9845-1024x576.jpeg 1024w, https:\/\/medvegjasot.com\/wp-content\/uploads\/2024\/11\/IMG_9845-300x169.jpeg 300w, https:\/\/medvegjasot.com\/wp-content\/uploads\/2024\/11\/IMG_9845-768x432.jpeg 768w, https:\/\/medvegjasot.com\/wp-content\/uploads\/2024\/11\/IMG_9845-1536x864.jpeg 1536w, https:\/\/medvegjasot.com\/wp-content\/uploads\/2024\/11\/IMG_9845-2048x1152.jpeg 2048w\" sizes=\"(max-width: 1024px) 100vw, 1024px\" \/><\/figure>\n\n\n\n<figure class=\"wp-block-image size-large\"><img loading=\"lazy\" decoding=\"async\" width=\"1024\" height=\"576\" data-id=\"3428\" src=\"https:\/\/medvegjasot.com\/wp-content\/uploads\/2024\/11\/IMG_9846-1024x576.jpeg\" alt=\"\" class=\"wp-image-3428\" srcset=\"https:\/\/medvegjasot.com\/wp-content\/uploads\/2024\/11\/IMG_9846-1024x576.jpeg 1024w, https:\/\/medvegjasot.com\/wp-content\/uploads\/2024\/11\/IMG_9846-300x169.jpeg 300w, https:\/\/medvegjasot.com\/wp-content\/uploads\/2024\/11\/IMG_9846-768x432.jpeg 768w, https:\/\/medvegjasot.com\/wp-content\/uploads\/2024\/11\/IMG_9846-1536x864.jpeg 1536w, https:\/\/medvegjasot.com\/wp-content\/uploads\/2024\/11\/IMG_9846-2048x1152.jpeg 2048w\" sizes=\"(max-width: 1024px) 100vw, 1024px\" \/><\/figure>\n<\/figure>\n\n\n\n<p><em>Foto<\/em>: <em>Oda e Bab\u00ebs me pronar Selim Zeka dhe Oda e Dukatit me pronar Asllan Arifi <\/em>\/<strong>MS<\/strong>\/ Oda \u00ebsht\u00eb (ishte) dhom\u00eb tradicionale shqiptare. Dhoma e ve\u00e7ant\u00eb p\u00ebr mysafir\u00eb quhet od\u00eb, e ndar\u00eb n\u00eb t\u00eb dy an\u00ebt me drunj, ku mbetej korridor n\u00eb mes p\u00ebr sh\u00ebrbim, t\u00eb shtruara m\u00eb san\u00eb apo kasht\u00eb, t\u00eb mbuluara me hastra nga bari i shavarit e m\u00eb von\u00eb me \u00e7erga leshi (tjerri) me vek pun\u00eb dore. Ajo q\u00eb ishte m\u00eb moderne, b\u00ebhej qilimi, q\u00eb gjithsesi e sillte nj\u00eb nusja n\u00eb sht\u00ebpin\u00eb e burrit. N\u00eb fund t\u00eb od\u00ebs, n\u00eb trapazan nga d\u00ebrrasat, sh\u00ebrbehej \u00e7aj e kafe p\u00ebr mysafir\u00eb, ama, n\u00eb krye t\u00eb od\u00ebs, zakonisht ekzistonte dollapi, &#8220;postafat&#8221;(i ve\u00e7ant\u00eb), ruhej kafeja dhe sheqeri p\u00ebr mysafir\u00eb dhe ai i mbyllur me \u00e7el\u00ebs, t\u00eb mos guxoj\u00eb dikush t\u00eb pij\u00eb kafe. I zoti i sht\u00ebpis\u00eb ishte kryefjala p\u00ebr \u00e7dogj\u00eb, tek ai mbaronte fjala e fundit p\u00ebr vendime. Mysafiri ka qen\u00eb i shenjt\u00eb, nderi i familjes, vendin e kishte n\u00eb krye t\u00eb od\u00ebs, me buk\u00ebn e sht\u00ebpis\u00eb, me bes\u00ebn e sht\u00ebpis\u00eb, ai g\u00ebzonte privilegje, derisa mb\u00ebrrinte sh\u00ebndosh e mir\u00eb n\u00eb sht\u00ebpi. \/<strong>MS<\/strong>\/<\/p>\n\n\n\n<figure class=\"wp-block-image size-large\"><img loading=\"lazy\" decoding=\"async\" width=\"1024\" height=\"576\" src=\"https:\/\/medvegjasot.com\/wp-content\/uploads\/2024\/11\/IMG_9857-1024x576.png\" alt=\"\" class=\"wp-image-3437\" srcset=\"https:\/\/medvegjasot.com\/wp-content\/uploads\/2024\/11\/IMG_9857-1024x576.png 1024w, https:\/\/medvegjasot.com\/wp-content\/uploads\/2024\/11\/IMG_9857-300x169.png 300w, https:\/\/medvegjasot.com\/wp-content\/uploads\/2024\/11\/IMG_9857-768x432.png 768w, https:\/\/medvegjasot.com\/wp-content\/uploads\/2024\/11\/IMG_9857-1536x864.png 1536w, https:\/\/medvegjasot.com\/wp-content\/uploads\/2024\/11\/IMG_9857-2048x1152.png 2048w\" sizes=\"(max-width: 1024px) 100vw, 1024px\" \/><\/figure>\n\n\n\n<p><em>Foto<\/em>: <em>Loja me filgjana<\/em> \/<strong>MS<\/strong>\/ Loj\u00ebrat m\u00eb t\u00eb p\u00ebrhapura ishin: filxhani, dag\u00ebrgxhini apo cicmici, kapu\u00e7a etj.&nbsp;\/<strong>MS<\/strong>\/<br><\/p>\n\n\n\n<figure class=\"wp-block-gallery has-nested-images columns-default is-cropped wp-block-gallery-8 is-layout-flex wp-block-gallery-is-layout-flex\">\n<figure class=\"wp-block-image size-large\"><img loading=\"lazy\" decoding=\"async\" width=\"1024\" height=\"576\" data-id=\"3426\" src=\"https:\/\/medvegjasot.com\/wp-content\/uploads\/2024\/11\/IMG_9840-1024x576.jpeg\" alt=\"\" class=\"wp-image-3426\" srcset=\"https:\/\/medvegjasot.com\/wp-content\/uploads\/2024\/11\/IMG_9840-1024x576.jpeg 1024w, https:\/\/medvegjasot.com\/wp-content\/uploads\/2024\/11\/IMG_9840-300x169.jpeg 300w, https:\/\/medvegjasot.com\/wp-content\/uploads\/2024\/11\/IMG_9840-768x432.jpeg 768w, https:\/\/medvegjasot.com\/wp-content\/uploads\/2024\/11\/IMG_9840-1536x864.jpeg 1536w, https:\/\/medvegjasot.com\/wp-content\/uploads\/2024\/11\/IMG_9840-2048x1152.jpeg 2048w\" sizes=\"(max-width: 1024px) 100vw, 1024px\" \/><\/figure>\n\n\n\n<figure class=\"wp-block-image size-large\"><img loading=\"lazy\" decoding=\"async\" width=\"749\" height=\"522\" data-id=\"3425\" src=\"https:\/\/medvegjasot.com\/wp-content\/uploads\/2024\/11\/IMG_9839.jpeg\" alt=\"\" class=\"wp-image-3425\" srcset=\"https:\/\/medvegjasot.com\/wp-content\/uploads\/2024\/11\/IMG_9839.jpeg 749w, https:\/\/medvegjasot.com\/wp-content\/uploads\/2024\/11\/IMG_9839-300x209.jpeg 300w\" sizes=\"(max-width: 749px) 100vw, 749px\" \/><\/figure>\n<\/figure>\n\n\n\n<h1 class=\"wp-block-heading\"><\/h1>\n\n\n\n<p><em>Foto<\/em>: <em>Shkolla n\u00eb Gjylekresht\u00eb<\/em>\/<strong>MS<\/strong>\/  Shkolla fillore n\u00eb Gjylekresht\u00eb u hap m\u00eb&nbsp;&nbsp;1946\/47, mir\u00ebpo n\u00eb gjuh\u00ebn shqipe m\u00ebsimi filloi 20 vjet m\u00eb von\u00eb n\u00eb vitin shkollor 1967\/68. M\u00ebsues i par\u00eb ishte Xhem\u00eb Osmani. At\u00eb vit ka punuar me 53 nx\u00ebn\u00ebs,prej tyre 24&nbsp;vajza. \/<strong>MS<\/strong>\/<\/p>\n\n\n\n<figure class=\"wp-block-gallery has-nested-images columns-default is-cropped wp-block-gallery-9 is-layout-flex wp-block-gallery-is-layout-flex\">\n<figure class=\"wp-block-image size-large\"><img loading=\"lazy\" decoding=\"async\" width=\"1024\" height=\"576\" data-id=\"3443\" src=\"https:\/\/medvegjasot.com\/wp-content\/uploads\/2024\/11\/IMG_9862-1024x576.jpeg\" alt=\"\" class=\"wp-image-3443\" srcset=\"https:\/\/medvegjasot.com\/wp-content\/uploads\/2024\/11\/IMG_9862-1024x576.jpeg 1024w, https:\/\/medvegjasot.com\/wp-content\/uploads\/2024\/11\/IMG_9862-300x169.jpeg 300w, https:\/\/medvegjasot.com\/wp-content\/uploads\/2024\/11\/IMG_9862-768x432.jpeg 768w, https:\/\/medvegjasot.com\/wp-content\/uploads\/2024\/11\/IMG_9862-1536x864.jpeg 1536w, https:\/\/medvegjasot.com\/wp-content\/uploads\/2024\/11\/IMG_9862-2048x1152.jpeg 2048w\" sizes=\"(max-width: 1024px) 100vw, 1024px\" \/><\/figure>\n\n\n\n<figure class=\"wp-block-image size-large\"><img loading=\"lazy\" decoding=\"async\" width=\"1024\" height=\"576\" data-id=\"3442\" src=\"https:\/\/medvegjasot.com\/wp-content\/uploads\/2024\/11\/IMG_9866-1024x576.jpeg\" alt=\"\" class=\"wp-image-3442\" srcset=\"https:\/\/medvegjasot.com\/wp-content\/uploads\/2024\/11\/IMG_9866-1024x576.jpeg 1024w, https:\/\/medvegjasot.com\/wp-content\/uploads\/2024\/11\/IMG_9866-300x169.jpeg 300w, https:\/\/medvegjasot.com\/wp-content\/uploads\/2024\/11\/IMG_9866-768x432.jpeg 768w, https:\/\/medvegjasot.com\/wp-content\/uploads\/2024\/11\/IMG_9866-1536x864.jpeg 1536w, https:\/\/medvegjasot.com\/wp-content\/uploads\/2024\/11\/IMG_9866-2048x1152.jpeg 2048w\" sizes=\"(max-width: 1024px) 100vw, 1024px\" \/><\/figure>\n<\/figure>\n\n\n\n<p><em>Foto<\/em>:\/<strong>MS<\/strong>\/ Shkolla fillore n\u00eb G\u00ebrbac \u00ebsht\u00eb hapur n\u00eb sht\u00ebpin\u00eb private t\u00eb Ram\u00eb Hajdarit n\u00eb vitin 1948 dhe pas 3 vjet\u00ebsh nx\u00ebn\u00ebsit kaluan n\u00eb sht\u00ebpin\u00eb e Qazim Bek\u00ebs. M\u00ebsues i par\u00eb ishte Ramiz Muharremi. N\u00eb gjuh\u00ebn shqipe shkolla n\u00eb G\u00ebrbac filloi n\u00eb objektin e ri n\u00eb truallin q\u00eb e fali Nuredin Beka n\u00eb vitin shkollor 1954\/55. M\u00ebsues i par\u00eb ishte Bafti Krasniqi. Gjithsej ishin 106 nx\u00ebn\u00ebs, prej tyre 50 vajza.\/<strong>MS<\/strong>\/ <\/p>\n\n\n\n<figure class=\"wp-block-gallery has-nested-images columns-default is-cropped wp-block-gallery-10 is-layout-flex wp-block-gallery-is-layout-flex\">\n<figure class=\"wp-block-image size-large\"><img loading=\"lazy\" decoding=\"async\" width=\"1024\" height=\"576\" data-id=\"3446\" src=\"https:\/\/medvegjasot.com\/wp-content\/uploads\/2024\/11\/IMG_9873-1024x576.jpeg\" alt=\"\" class=\"wp-image-3446\" srcset=\"https:\/\/medvegjasot.com\/wp-content\/uploads\/2024\/11\/IMG_9873-1024x576.jpeg 1024w, https:\/\/medvegjasot.com\/wp-content\/uploads\/2024\/11\/IMG_9873-300x169.jpeg 300w, https:\/\/medvegjasot.com\/wp-content\/uploads\/2024\/11\/IMG_9873-768x432.jpeg 768w, https:\/\/medvegjasot.com\/wp-content\/uploads\/2024\/11\/IMG_9873-1536x864.jpeg 1536w, https:\/\/medvegjasot.com\/wp-content\/uploads\/2024\/11\/IMG_9873-2048x1152.jpeg 2048w\" sizes=\"(max-width: 1024px) 100vw, 1024px\" \/><\/figure>\n\n\n\n<figure class=\"wp-block-image size-large\"><img loading=\"lazy\" decoding=\"async\" width=\"1024\" height=\"576\" data-id=\"3445\" src=\"https:\/\/medvegjasot.com\/wp-content\/uploads\/2024\/11\/IMG_9872-1024x576.jpeg\" alt=\"\" class=\"wp-image-3445\" srcset=\"https:\/\/medvegjasot.com\/wp-content\/uploads\/2024\/11\/IMG_9872-1024x576.jpeg 1024w, https:\/\/medvegjasot.com\/wp-content\/uploads\/2024\/11\/IMG_9872-300x169.jpeg 300w, https:\/\/medvegjasot.com\/wp-content\/uploads\/2024\/11\/IMG_9872-768x432.jpeg 768w, https:\/\/medvegjasot.com\/wp-content\/uploads\/2024\/11\/IMG_9872-1536x864.jpeg 1536w, https:\/\/medvegjasot.com\/wp-content\/uploads\/2024\/11\/IMG_9872-2048x1152.jpeg 2048w\" sizes=\"(max-width: 1024px) 100vw, 1024px\" \/><\/figure>\n<\/figure>\n\n\n\n<p><em>Foto<\/em>: <em>Shkolla fillore \u201cZEMEL HAJDINI\u201d n\u00eb fshatin Tupall\u00eb <\/em>\/<strong>MS<\/strong>\/ Shkolla fillore n\u00eb Tupall\u00eb ka punuar nga vitet 1946\/47, mir\u00ebpo n\u00eb gjuh\u00ebn shqipe filloi n\u00eb shtator t\u00eb vitit 1959\/60 n\u00eb od\u00ebn e Ajet Halitit, edhe pse n\u00eb k\u00ebt\u00eb fshat nuk kishte pasur kurr\u00eb asnj\u00eb serbo- malazez. M\u00ebsues t\u00eb par\u00eb ishin: Abaz Osmani dhe Ramiz Muharremi. Kur filloi pun\u00ebn, shkolla kishte t\u00eb regjistruar 87 nx\u00ebn\u00ebs, nj\u00eb vit m\u00eb von\u00eb numri u rrit n\u00eb 122. N\u00eb klas\u00ebn e par\u00eb ishin regjistruar 99 nx\u00ebn\u00ebs, nga ta 42 vajza. Objekti i ri shkollor n\u00eb Tupall\u00eb u nd\u00ebrtua n\u00eb vitin 1950. M\u00ebsimi n\u00eb gjuh\u00ebn shqipe zhvillohej pa nd\u00ebrprer\u00eb q\u00eb nga viti shkollor 1959\/60, pasi m\u00eb her\u00ebt \u00ebsht\u00eb mbajtur n\u00eb serbisht. M\u00ebsuesit e par\u00eb ishin: Uk\u00eb Ismajli e Ali Zeqiri.\/<strong>MS<\/strong>\/<\/p>\n\n\n\n<figure class=\"wp-block-gallery has-nested-images columns-default is-cropped wp-block-gallery-11 is-layout-flex wp-block-gallery-is-layout-flex\">\n<figure class=\"wp-block-image size-large\"><img loading=\"lazy\" decoding=\"async\" width=\"1024\" height=\"576\" data-id=\"3451\" src=\"https:\/\/medvegjasot.com\/wp-content\/uploads\/2024\/11\/photo-output-13-1024x576.jpeg\" alt=\"\" class=\"wp-image-3451\" srcset=\"https:\/\/medvegjasot.com\/wp-content\/uploads\/2024\/11\/photo-output-13-1024x576.jpeg 1024w, https:\/\/medvegjasot.com\/wp-content\/uploads\/2024\/11\/photo-output-13-300x169.jpeg 300w, https:\/\/medvegjasot.com\/wp-content\/uploads\/2024\/11\/photo-output-13-768x432.jpeg 768w, https:\/\/medvegjasot.com\/wp-content\/uploads\/2024\/11\/photo-output-13-1536x864.jpeg 1536w, https:\/\/medvegjasot.com\/wp-content\/uploads\/2024\/11\/photo-output-13.jpeg 2016w\" sizes=\"(max-width: 1024px) 100vw, 1024px\" \/><\/figure>\n\n\n\n<figure class=\"wp-block-image size-large\"><img loading=\"lazy\" decoding=\"async\" width=\"1024\" height=\"576\" data-id=\"3450\" src=\"https:\/\/medvegjasot.com\/wp-content\/uploads\/2024\/11\/IMG_9894-1024x576.jpeg\" alt=\"\" class=\"wp-image-3450\" srcset=\"https:\/\/medvegjasot.com\/wp-content\/uploads\/2024\/11\/IMG_9894-1024x576.jpeg 1024w, https:\/\/medvegjasot.com\/wp-content\/uploads\/2024\/11\/IMG_9894-300x169.jpeg 300w, https:\/\/medvegjasot.com\/wp-content\/uploads\/2024\/11\/IMG_9894-768x432.jpeg 768w, https:\/\/medvegjasot.com\/wp-content\/uploads\/2024\/11\/IMG_9894-1536x864.jpeg 1536w, https:\/\/medvegjasot.com\/wp-content\/uploads\/2024\/11\/IMG_9894-2048x1152.jpeg 2048w\" sizes=\"(max-width: 1024px) 100vw, 1024px\" \/><\/figure>\n<\/figure>\n\n\n\n<p><em>Foto: Shkolla n\u00eb Rambaj\u00eb<\/em> \/<strong>MS<\/strong>\/ Shkolla fillore n\u00eb Ramabaj\u00eb, filloi n\u00eb vitin shkollor 1943\/44, nd\u00ebrkaq n\u00eb gjuh\u00ebn shqipe filloi n\u00eb vitin shkollor 1970\/71. M\u00ebsuesi i par\u00eb ishte Hajrullah Latifi. T\u00eb regjistruar ishin 42 nx\u00ebn\u00ebs, prej tyre 23 vajza. Pas nj\u00eb viti u hap edhe klasa e pest\u00eb, me m\u00ebsues Hysen K\u00ebr\u00e7eli, Bajram Veseli e Shefki Baftiu. \/<strong>MS<\/strong>\/ <\/p>\n\n\n\n<figure class=\"wp-block-gallery has-nested-images columns-default is-cropped wp-block-gallery-12 is-layout-flex wp-block-gallery-is-layout-flex\">\n<figure class=\"wp-block-image size-large\"><img loading=\"lazy\" decoding=\"async\" width=\"1024\" height=\"576\" data-id=\"3452\" src=\"https:\/\/medvegjasot.com\/wp-content\/uploads\/2024\/11\/photo-output-14-1024x576.jpeg\" alt=\"\" class=\"wp-image-3452\" srcset=\"https:\/\/medvegjasot.com\/wp-content\/uploads\/2024\/11\/photo-output-14-1024x576.jpeg 1024w, https:\/\/medvegjasot.com\/wp-content\/uploads\/2024\/11\/photo-output-14-300x169.jpeg 300w, https:\/\/medvegjasot.com\/wp-content\/uploads\/2024\/11\/photo-output-14-768x432.jpeg 768w, https:\/\/medvegjasot.com\/wp-content\/uploads\/2024\/11\/photo-output-14-1536x864.jpeg 1536w, https:\/\/medvegjasot.com\/wp-content\/uploads\/2024\/11\/photo-output-14-2048x1152.jpeg 2048w\" sizes=\"(max-width: 1024px) 100vw, 1024px\" \/><\/figure>\n<\/figure>\n\n\n\n<h1 class=\"wp-block-heading\"><\/h1>\n\n\n\n<p>Foto: Shkolla n\u00eb fshatin Sfirc\u00eb \/<strong>MS<\/strong>\/ Shkolla fillore n\u00eb Sfirc\u00eb \u00ebsht\u00eb hapur m\u00eb 1946\/47, por m\u00ebsimi \u00ebsht\u00eb zhvilluar n\u00eb gjuh\u00ebn s\u00ebrbe deri n\u00eb shtator t\u00eb vitit 1955\/56. M\u00ebsues t\u00eb par\u00eb ishin: Osman Murati dhe Abaz Osmani. T\u00eb regjistruar ishin 139 nx\u00ebn\u00ebs, 76 djem e 63 vajza.\/<strong>MS<\/strong>\/<\/p>\n\n\n\n<figure class=\"wp-block-gallery has-nested-images columns-default is-cropped wp-block-gallery-13 is-layout-flex wp-block-gallery-is-layout-flex\">\n<figure class=\"wp-block-image size-large\"><img loading=\"lazy\" decoding=\"async\" width=\"1024\" height=\"576\" data-id=\"3480\" src=\"https:\/\/medvegjasot.com\/wp-content\/uploads\/2024\/11\/IMG_9909-1024x576.jpeg\" alt=\"\" class=\"wp-image-3480\" srcset=\"https:\/\/medvegjasot.com\/wp-content\/uploads\/2024\/11\/IMG_9909-1024x576.jpeg 1024w, https:\/\/medvegjasot.com\/wp-content\/uploads\/2024\/11\/IMG_9909-300x169.jpeg 300w, https:\/\/medvegjasot.com\/wp-content\/uploads\/2024\/11\/IMG_9909-768x432.jpeg 768w, https:\/\/medvegjasot.com\/wp-content\/uploads\/2024\/11\/IMG_9909-1536x864.jpeg 1536w, https:\/\/medvegjasot.com\/wp-content\/uploads\/2024\/11\/IMG_9909-2048x1152.jpeg 2048w\" sizes=\"(max-width: 1024px) 100vw, 1024px\" \/><\/figure>\n\n\n\n<figure class=\"wp-block-image size-large\"><img loading=\"lazy\" decoding=\"async\" width=\"1024\" height=\"576\" data-id=\"3479\" src=\"https:\/\/medvegjasot.com\/wp-content\/uploads\/2024\/11\/IMG_9908-1024x576.jpeg\" alt=\"\" class=\"wp-image-3479\" srcset=\"https:\/\/medvegjasot.com\/wp-content\/uploads\/2024\/11\/IMG_9908-1024x576.jpeg 1024w, https:\/\/medvegjasot.com\/wp-content\/uploads\/2024\/11\/IMG_9908-300x169.jpeg 300w, https:\/\/medvegjasot.com\/wp-content\/uploads\/2024\/11\/IMG_9908-768x432.jpeg 768w, https:\/\/medvegjasot.com\/wp-content\/uploads\/2024\/11\/IMG_9908-1536x864.jpeg 1536w, https:\/\/medvegjasot.com\/wp-content\/uploads\/2024\/11\/IMG_9908-2048x1152.jpeg 2048w\" sizes=\"(max-width: 1024px) 100vw, 1024px\" \/><\/figure>\n<\/figure>\n\n\n\n<p>Foto: Shkolla fillore n\u00eb fshatin Kapit &#8211; Medvegj\u00eb. \/<strong>MS<\/strong>\/ Shkolla e Kapitit filloi s\u00eb funksionuari n\u00eb sht\u00ebpin\u00eb e Ajet Ram\u00ebs n\u00eb vitin shkollor 1947\/48, ku m\u00ebsues i par\u00eb ishte Rahim Kosumi. M\u00ebsimet i vijonin 65 nx\u00ebn\u00ebs, prej tyre 21 vajza. M\u00ebsimi n\u00eb gjuh\u00ebn shqipe ka filluar n\u00eb vitin 1966\/67 me m\u00ebsuesin e par\u00eb Halim Hysenin.&nbsp;\/<strong>MS<\/strong>\/ <\/p>\n\n\n\n<figure class=\"wp-block-image size-large\"><img loading=\"lazy\" decoding=\"async\" width=\"1024\" height=\"576\" src=\"https:\/\/medvegjasot.com\/wp-content\/uploads\/2024\/11\/photo-output-18-1024x576.jpeg\" alt=\"\" class=\"wp-image-3487\" srcset=\"https:\/\/medvegjasot.com\/wp-content\/uploads\/2024\/11\/photo-output-18-1024x576.jpeg 1024w, https:\/\/medvegjasot.com\/wp-content\/uploads\/2024\/11\/photo-output-18-300x169.jpeg 300w, https:\/\/medvegjasot.com\/wp-content\/uploads\/2024\/11\/photo-output-18-768x432.jpeg 768w, https:\/\/medvegjasot.com\/wp-content\/uploads\/2024\/11\/photo-output-18-1536x864.jpeg 1536w, https:\/\/medvegjasot.com\/wp-content\/uploads\/2024\/11\/photo-output-18-2048x1152.jpeg 2048w\" sizes=\"(max-width: 1024px) 100vw, 1024px\" \/><\/figure>\n\n\n\n<p><em>Foto: Shkolla n\u00eb fshatin Sfirc\u00eb t\u00eb komun\u00ebs Medvegj\u00eb<\/em> \/<strong>MS<\/strong>\/ Shkolla fillore n\u00eb Sfirc\u00eb \u00ebsht\u00eb hapur m\u00eb 1946\/47, por m\u00ebsimi \u00ebsht\u00eb zhvilluar n\u00eb gjuh\u00ebn s\u00ebrbe deri n\u00eb shtator t\u00eb vitit 1955\/56. M\u00ebsues t\u00eb par\u00eb ishin: Osman Murati dhe Abaz Osmani. T\u00eb regjistruar ishin 139 nx\u00ebn\u00ebs, 76 djem e 63 vajza.\/<strong>MS<\/strong>\/ <\/p>\n\n\n\n<figure class=\"wp-block-image size-large\"><img loading=\"lazy\" decoding=\"async\" width=\"1024\" height=\"576\" src=\"https:\/\/medvegjasot.com\/wp-content\/uploads\/2024\/11\/photo-output-19-1024x576.jpeg\" alt=\"\" class=\"wp-image-3490\" srcset=\"https:\/\/medvegjasot.com\/wp-content\/uploads\/2024\/11\/photo-output-19-1024x576.jpeg 1024w, https:\/\/medvegjasot.com\/wp-content\/uploads\/2024\/11\/photo-output-19-300x169.jpeg 300w, https:\/\/medvegjasot.com\/wp-content\/uploads\/2024\/11\/photo-output-19-768x432.jpeg 768w, https:\/\/medvegjasot.com\/wp-content\/uploads\/2024\/11\/photo-output-19-1536x864.jpeg 1536w, https:\/\/medvegjasot.com\/wp-content\/uploads\/2024\/11\/photo-output-19.jpeg 2016w\" sizes=\"(max-width: 1024px) 100vw, 1024px\" \/><\/figure>\n\n\n\n<p><em>Foto: Shkolla fillore n\u00eb fshatin Banj\u00eb t\u00eb Vjet\u00ebr <\/em>\/<strong>MS<\/strong>\/ Shkolla fillore n\u00eb Banj\u00eb t\u00eb Vjet\u00ebr u hap m\u00eb 1945\/46, por n\u00eb gjuh\u00ebn shqipe m\u00ebsimi filloi n\u00eb vitin 1971\/72. M\u00ebsues i par\u00eb ishte Rexhep Abazi, i cili punoi me 31 nx\u00ebn\u00ebs, prej tyre ishin 14 femra. \/<strong>MS<\/strong>\/<\/p>\n\n\n\n<p><br><em>Foto: Shkolla n\u00eb Medvegj\u00eb <\/em>\/<strong>MS<\/strong>\/ Shkolla n\u00eb Medvegj\u00eb filloi s\u00eb funksionuari n\u00eb vitin 1889, kurse n\u00eb gjuh\u00ebn shqipe filloi n\u00eb vitin shkollor 1975\/76, si paralele e ndar\u00eb e shkoll\u00ebs fillore t\u00eb Banj\u00ebs s\u00eb Sijarin\u00ebs. N\u00eb klas\u00ebn e par\u00eb u regji- struan 13 nx\u00ebn\u00ebs. N\u00eb Medvegj\u00eb klasa e par\u00eb, si paralele e ndar\u00eb e shkoll\u00ebs fillore, u hap n\u00eb vitin 1975. Kurse, nga viti shkollor 1981\/82, kjo paralele vazhdon pun\u00ebn n\u00eb kuad\u00ebr t\u00eb shkoll\u00ebs fillore \u201cNikolla Teslla\u201d. M\u00ebsuese e par\u00eb ishte Nurije Ferati.\/<strong>MS<\/strong>\/<\/p>\n\n\n\n\n\n<p><\/p>\n\n\n\n<figure class=\"wp-block-image size-large\"><img loading=\"lazy\" decoding=\"async\" width=\"820\" height=\"1024\" src=\"https:\/\/medvegjasot.com\/wp-content\/uploads\/2024\/11\/IMG_9887-820x1024.jpeg\" alt=\"\" class=\"wp-image-3457\" srcset=\"https:\/\/medvegjasot.com\/wp-content\/uploads\/2024\/11\/IMG_9887-820x1024.jpeg 820w, https:\/\/medvegjasot.com\/wp-content\/uploads\/2024\/11\/IMG_9887-240x300.jpeg 240w, https:\/\/medvegjasot.com\/wp-content\/uploads\/2024\/11\/IMG_9887-768x959.jpeg 768w, https:\/\/medvegjasot.com\/wp-content\/uploads\/2024\/11\/IMG_9887-1230x1536.jpeg 1230w, https:\/\/medvegjasot.com\/wp-content\/uploads\/2024\/11\/IMG_9887-1640x2048.jpeg 1640w\" sizes=\"(max-width: 820px) 100vw, 820px\" \/><\/figure>\n\n\n\n<p><em>Foto: Valentina Rexhepi Ibishi<\/em> \/<strong>MS<\/strong>\/ Veshja popullore, q\u00eb sot p\u00eblqehet t\u00eb quhet komb\u00ebtare, autoktone paraqet lasht\u00ebsin\u00eb e nj\u00eb treve dhe pasqyron historin\u00eb e saj t\u00eb kahmotshme. Pasqyrimi i trash\u00ebgimis\u00eb kulturore me traditat e saj, prezantojn\u00eb trev\u00ebn dhe ekzistenc\u00ebn e saj.\/<strong>MS<\/strong>\/ <\/p>\n\n\n\n<figure class=\"wp-block-gallery has-nested-images columns-default is-cropped wp-block-gallery-14 is-layout-flex wp-block-gallery-is-layout-flex\">\n<figure class=\"wp-block-image size-large\"><img loading=\"lazy\" decoding=\"async\" width=\"576\" height=\"1024\" data-id=\"3459\" src=\"https:\/\/medvegjasot.com\/wp-content\/uploads\/2024\/11\/photo-output-16-576x1024.jpeg\" alt=\"\" class=\"wp-image-3459\" srcset=\"https:\/\/medvegjasot.com\/wp-content\/uploads\/2024\/11\/photo-output-16-576x1024.jpeg 576w, https:\/\/medvegjasot.com\/wp-content\/uploads\/2024\/11\/photo-output-16-169x300.jpeg 169w, https:\/\/medvegjasot.com\/wp-content\/uploads\/2024\/11\/photo-output-16-768x1365.jpeg 768w, https:\/\/medvegjasot.com\/wp-content\/uploads\/2024\/11\/photo-output-16-864x1536.jpeg 864w, https:\/\/medvegjasot.com\/wp-content\/uploads\/2024\/11\/photo-output-16-1152x2048.jpeg 1152w, https:\/\/medvegjasot.com\/wp-content\/uploads\/2024\/11\/photo-output-16-scaled.jpeg 1440w\" sizes=\"(max-width: 576px) 100vw, 576px\" \/><\/figure>\n\n\n\n<figure class=\"wp-block-image size-large\"><img loading=\"lazy\" decoding=\"async\" width=\"682\" height=\"1024\" data-id=\"3458\" src=\"https:\/\/medvegjasot.com\/wp-content\/uploads\/2024\/11\/photo-output-15-682x1024.jpeg\" alt=\"\" class=\"wp-image-3458\" srcset=\"https:\/\/medvegjasot.com\/wp-content\/uploads\/2024\/11\/photo-output-15-682x1024.jpeg 682w, https:\/\/medvegjasot.com\/wp-content\/uploads\/2024\/11\/photo-output-15-200x300.jpeg 200w, https:\/\/medvegjasot.com\/wp-content\/uploads\/2024\/11\/photo-output-15-768x1153.jpeg 768w, https:\/\/medvegjasot.com\/wp-content\/uploads\/2024\/11\/photo-output-15-1023x1536.jpeg 1023w, https:\/\/medvegjasot.com\/wp-content\/uploads\/2024\/11\/photo-output-15.jpeg 1364w\" sizes=\"(max-width: 682px) 100vw, 682px\" \/><\/figure>\n<\/figure>\n\n\n\n<p><em>Foto: Florentina Rama<\/em> <em>dhe Adelin\u00eb Pa<\/em>jaziti \/<strong>MS<\/strong>\/ Nga begatia e veshjeve popullore t\u00eb nj\u00eb treve n\u00eb p\u00ebrgjith\u00ebsi, t\u00eb spikas se vajzat shqiptare t\u00eb komun\u00ebs s\u00eb Medvegj\u00ebs mbanin shami e k\u00ebmish\u00eb t\u00eb bardh\u00eb dhe \u00e7orape t\u00eb bardha, kurse dimrit edhe mitanin me ngjyr\u00eb t\u00eb zez\u00eb. Nuset dhe grat\u00eb e reja bartnin shami me lule, dimi me lara, k\u00ebmish\u00eb t\u00eb q\u00ebndisur ose t\u00eb bardh\u00eb, xhemper t\u00eb kuq dhe \u00e7orap\u00eb me rrema.\/<strong>MS<\/strong>\/<\/p>\n\n\n\n<figure class=\"wp-block-gallery has-nested-images columns-default is-cropped wp-block-gallery-15 is-layout-flex wp-block-gallery-is-layout-flex\">\n<figure class=\"wp-block-image size-large\"><img loading=\"lazy\" decoding=\"async\" width=\"1024\" height=\"576\" data-id=\"3460\" src=\"https:\/\/medvegjasot.com\/wp-content\/uploads\/2024\/11\/IMG_9711-1024x576.jpeg\" alt=\"\" class=\"wp-image-3460\" srcset=\"https:\/\/medvegjasot.com\/wp-content\/uploads\/2024\/11\/IMG_9711-1024x576.jpeg 1024w, https:\/\/medvegjasot.com\/wp-content\/uploads\/2024\/11\/IMG_9711-300x169.jpeg 300w, https:\/\/medvegjasot.com\/wp-content\/uploads\/2024\/11\/IMG_9711-768x432.jpeg 768w, https:\/\/medvegjasot.com\/wp-content\/uploads\/2024\/11\/IMG_9711-1536x864.jpeg 1536w, https:\/\/medvegjasot.com\/wp-content\/uploads\/2024\/11\/IMG_9711-2048x1152.jpeg 2048w\" sizes=\"(max-width: 1024px) 100vw, 1024px\" \/><\/figure>\n\n\n\n<figure class=\"wp-block-image size-large\"><img loading=\"lazy\" decoding=\"async\" width=\"1024\" height=\"659\" data-id=\"3461\" src=\"https:\/\/medvegjasot.com\/wp-content\/uploads\/2024\/11\/IMG_6252-1024x659.jpeg\" alt=\"\" class=\"wp-image-3461\" srcset=\"https:\/\/medvegjasot.com\/wp-content\/uploads\/2024\/11\/IMG_6252-1024x659.jpeg 1024w, https:\/\/medvegjasot.com\/wp-content\/uploads\/2024\/11\/IMG_6252-300x193.jpeg 300w, https:\/\/medvegjasot.com\/wp-content\/uploads\/2024\/11\/IMG_6252-768x494.jpeg 768w, https:\/\/medvegjasot.com\/wp-content\/uploads\/2024\/11\/IMG_6252-1536x989.jpeg 1536w, https:\/\/medvegjasot.com\/wp-content\/uploads\/2024\/11\/IMG_6252.jpeg 2048w\" sizes=\"(max-width: 1024px) 100vw, 1024px\" \/><\/figure>\n<\/figure>\n\n\n\n<p><em>Foto: Naile Hajvazi<\/em> &#8211; \/<strong>MS<\/strong>\/Grat\u00eb e moshuara bartnin shami xhyveze (t\u00eb purpurt\u00eb), k\u00ebmish\u00eb t\u00eb bardh\u00eb, kurse dimrit xhemper\u00ebt dhe \u00e7orapet me ngjyr\u00eb t\u00eb zez\u00eb. Kjo veshje u \u00e7mua shum\u00eb nga Hani pasi i kishe vizituar fshatrat e Medvegjes, pik\u00ebrisht fshatin Dediq dhe ai ka shkruar se:\/<strong>MS\/<\/strong><\/p>\n\n\n\n<figure class=\"wp-block-gallery has-nested-images columns-default is-cropped wp-block-gallery-16 is-layout-flex wp-block-gallery-is-layout-flex\">\n<figure class=\"wp-block-image size-large\"><img loading=\"lazy\" decoding=\"async\" width=\"1024\" height=\"681\" data-id=\"2851\" src=\"https:\/\/medvegjasot.com\/wp-content\/uploads\/2024\/09\/IMG_6273-1024x681.jpeg\" alt=\"\" class=\"wp-image-2851\" srcset=\"https:\/\/medvegjasot.com\/wp-content\/uploads\/2024\/09\/IMG_6273-1024x681.jpeg 1024w, https:\/\/medvegjasot.com\/wp-content\/uploads\/2024\/09\/IMG_6273-300x200.jpeg 300w, https:\/\/medvegjasot.com\/wp-content\/uploads\/2024\/09\/IMG_6273-768x511.jpeg 768w, https:\/\/medvegjasot.com\/wp-content\/uploads\/2024\/09\/IMG_6273-1536x1021.jpeg 1536w, https:\/\/medvegjasot.com\/wp-content\/uploads\/2024\/09\/IMG_6273-2048x1361.jpeg 2048w, https:\/\/medvegjasot.com\/wp-content\/uploads\/2024\/09\/IMG_6273-820x545.jpeg 820w, https:\/\/medvegjasot.com\/wp-content\/uploads\/2024\/09\/IMG_6273-600x400.jpeg 600w\" sizes=\"(max-width: 1024px) 100vw, 1024px\" \/><\/figure>\n\n\n\n<figure class=\"wp-block-image size-large\"><img loading=\"lazy\" decoding=\"async\" width=\"1024\" height=\"681\" data-id=\"2852\" src=\"https:\/\/medvegjasot.com\/wp-content\/uploads\/2024\/09\/IMG_6270-1024x681.jpeg\" alt=\"\" class=\"wp-image-2852\" srcset=\"https:\/\/medvegjasot.com\/wp-content\/uploads\/2024\/09\/IMG_6270-1024x681.jpeg 1024w, https:\/\/medvegjasot.com\/wp-content\/uploads\/2024\/09\/IMG_6270-300x200.jpeg 300w, https:\/\/medvegjasot.com\/wp-content\/uploads\/2024\/09\/IMG_6270-768x511.jpeg 768w, https:\/\/medvegjasot.com\/wp-content\/uploads\/2024\/09\/IMG_6270-1536x1021.jpeg 1536w, https:\/\/medvegjasot.com\/wp-content\/uploads\/2024\/09\/IMG_6270-2048x1361.jpeg 2048w, https:\/\/medvegjasot.com\/wp-content\/uploads\/2024\/09\/IMG_6270-820x545.jpeg 820w, https:\/\/medvegjasot.com\/wp-content\/uploads\/2024\/09\/IMG_6270-600x400.jpeg 600w\" sizes=\"(max-width: 1024px) 100vw, 1024px\" \/><\/figure>\n<\/figure>\n\n\n\n<p><em>Foto: Rrezona Hajvazi<\/em> \/<strong>MS<\/strong>\/ \u201cTe asnj\u00eb popull tjet\u00ebr nuk shprehet n\u00eb veshje ngjyra e bardh\u00eb dhe ajo e zez\u00eb si te shqiptar\u00ebt. Ngjyra e bardh\u00eb te veshja e shqiptar\u00ebve shprehte past\u00ebrtin\u00eb, shk\u00eblqimin, autoritetin shpirt\u00ebror dhe \u00e7dogj\u00ebje tjet\u00ebr q\u00eb simbolizon veti pozitive. P\u00ebrmes ngjyr\u00ebs s\u00eb zez\u00eb tregohej e kund\u00ebrta. K\u00ebto treva shqiptare duke qen\u00eb m\u00eb par\u00eb t\u00eb pandara, kishin marr\u00ebdh\u00ebnie reciproke n\u00eb shum\u00eb pik\u00ebpamje me trevat tjera shqiptare, e sidomos tipare t\u00eb p\u00ebrbashk\u00ebta kishin me trev\u00ebn e Llapit e Gallapit. Veshja e shqiptar\u00ebve t\u00eb Toplic\u00ebs kishte pak ndryshime me veshjen e shqiptar\u00ebve n\u00eb rrethin\u00ebn e Vranj\u00ebs.\/<strong>MS<\/strong>\/<br><\/p>\n\n\n\n<figure class=\"wp-block-gallery has-nested-images columns-default is-cropped wp-block-gallery-17 is-layout-flex wp-block-gallery-is-layout-flex\">\n<figure class=\"wp-block-image size-large\"><img loading=\"lazy\" decoding=\"async\" width=\"1024\" height=\"683\" data-id=\"2849\" src=\"https:\/\/medvegjasot.com\/wp-content\/uploads\/2024\/09\/IMG_6261-1024x683.jpeg\" alt=\"\" class=\"wp-image-2849\" srcset=\"https:\/\/medvegjasot.com\/wp-content\/uploads\/2024\/09\/IMG_6261-1024x683.jpeg 1024w, https:\/\/medvegjasot.com\/wp-content\/uploads\/2024\/09\/IMG_6261-300x200.jpeg 300w, https:\/\/medvegjasot.com\/wp-content\/uploads\/2024\/09\/IMG_6261-768x512.jpeg 768w, https:\/\/medvegjasot.com\/wp-content\/uploads\/2024\/09\/IMG_6261-1536x1024.jpeg 1536w, https:\/\/medvegjasot.com\/wp-content\/uploads\/2024\/09\/IMG_6261-2048x1365.jpeg 2048w, https:\/\/medvegjasot.com\/wp-content\/uploads\/2024\/09\/IMG_6261-600x400.jpeg 600w\" sizes=\"(max-width: 1024px) 100vw, 1024px\" \/><\/figure>\n\n\n\n<figure class=\"wp-block-image size-large\"><img loading=\"lazy\" decoding=\"async\" width=\"1024\" height=\"683\" data-id=\"2850\" src=\"https:\/\/medvegjasot.com\/wp-content\/uploads\/2024\/09\/IMG_6260-1024x683.jpeg\" alt=\"\" class=\"wp-image-2850\" srcset=\"https:\/\/medvegjasot.com\/wp-content\/uploads\/2024\/09\/IMG_6260-1024x683.jpeg 1024w, https:\/\/medvegjasot.com\/wp-content\/uploads\/2024\/09\/IMG_6260-300x200.jpeg 300w, https:\/\/medvegjasot.com\/wp-content\/uploads\/2024\/09\/IMG_6260-768x512.jpeg 768w, https:\/\/medvegjasot.com\/wp-content\/uploads\/2024\/09\/IMG_6260-1536x1024.jpeg 1536w, https:\/\/medvegjasot.com\/wp-content\/uploads\/2024\/09\/IMG_6260-2048x1365.jpeg 2048w, https:\/\/medvegjasot.com\/wp-content\/uploads\/2024\/09\/IMG_6260-600x400.jpeg 600w\" sizes=\"(max-width: 1024px) 100vw, 1024px\" \/><\/figure>\n<\/figure>\n\n\n\n<p><em>Foto: Naile Hajvazi<\/em> \/<strong>MS<\/strong>\/ P\u00ebrpar\u00ebsja apo p\u00ebshtjellaku q\u00eb bartej mbi k\u00ebmisha-fustanella t\u00eb gjata q\u00eb punoheshin prej liri dhe dimi q\u00eb punoheshin prej leshi, e m\u00eb von\u00eb dhe pambuku, lidhej p\u00ebr beli me nj\u00eb toj\u00eb (ushkur). \u00cbsht\u00eb me r\u00ebnd\u00ebsi t\u00eb dihet se dimit\u00eb prej pambuku n\u00eb fshatrat shqiptare t\u00eb k\u00ebsaj ane kan\u00eb hyr\u00eb n\u00eb p\u00ebrdorim diku kah fillimi i shekullit XX\u201d.\/<strong>MS<\/strong>\/<\/p>\n\n\n\n<figure class=\"wp-block-gallery has-nested-images columns-default is-cropped wp-block-gallery-18 is-layout-flex wp-block-gallery-is-layout-flex\">\n<figure class=\"wp-block-image size-large\"><img loading=\"lazy\" decoding=\"async\" width=\"1024\" height=\"683\" data-id=\"2845\" src=\"https:\/\/medvegjasot.com\/wp-content\/uploads\/2024\/09\/IMG_6257-1024x683.jpeg\" alt=\"\" class=\"wp-image-2845\" srcset=\"https:\/\/medvegjasot.com\/wp-content\/uploads\/2024\/09\/IMG_6257-1024x683.jpeg 1024w, https:\/\/medvegjasot.com\/wp-content\/uploads\/2024\/09\/IMG_6257-300x200.jpeg 300w, https:\/\/medvegjasot.com\/wp-content\/uploads\/2024\/09\/IMG_6257-768x512.jpeg 768w, https:\/\/medvegjasot.com\/wp-content\/uploads\/2024\/09\/IMG_6257-1536x1024.jpeg 1536w, https:\/\/medvegjasot.com\/wp-content\/uploads\/2024\/09\/IMG_6257-2048x1365.jpeg 2048w, https:\/\/medvegjasot.com\/wp-content\/uploads\/2024\/09\/IMG_6257-600x400.jpeg 600w\" sizes=\"(max-width: 1024px) 100vw, 1024px\" \/><\/figure>\n\n\n\n<figure class=\"wp-block-image size-large\"><img loading=\"lazy\" decoding=\"async\" width=\"1024\" height=\"683\" data-id=\"2844\" src=\"https:\/\/medvegjasot.com\/wp-content\/uploads\/2024\/09\/IMG_6256-1024x683.jpeg\" alt=\"\" class=\"wp-image-2844\" srcset=\"https:\/\/medvegjasot.com\/wp-content\/uploads\/2024\/09\/IMG_6256-1024x683.jpeg 1024w, https:\/\/medvegjasot.com\/wp-content\/uploads\/2024\/09\/IMG_6256-300x200.jpeg 300w, https:\/\/medvegjasot.com\/wp-content\/uploads\/2024\/09\/IMG_6256-768x512.jpeg 768w, https:\/\/medvegjasot.com\/wp-content\/uploads\/2024\/09\/IMG_6256-1536x1024.jpeg 1536w, https:\/\/medvegjasot.com\/wp-content\/uploads\/2024\/09\/IMG_6256-2048x1365.jpeg 2048w, https:\/\/medvegjasot.com\/wp-content\/uploads\/2024\/09\/IMG_6256-600x400.jpeg 600w\" sizes=\"(max-width: 1024px) 100vw, 1024px\" \/><\/figure>\n<\/figure>\n\n\n\n<p><em>Foto: Naile Hajvazi<\/em> \/<strong>MS<\/strong>\/ Veshja e vajz\u00ebs, q\u00eb shkonte nuse, ishte e ve\u00e7ant\u00eb. T\u00eb gjitha k\u00ebto veshje krijonin pamje-imazhe magjeps\u00ebse. Ato ishin punuar p\u00ebr vite e shekuj, nd\u00ebrsa karakteristik\u00eb e ve\u00e7ant\u00eb dalluese ishte punimi i dor\u00ebs&nbsp;&nbsp;me p\u00ebrpik\u00ebri, pastaj m\u00ebnyra e prerje-qepjes, si dhe dizajnimi me stil t\u00eb ve\u00e7ant\u00eb.\/<strong>MS<\/strong>\/<\/p>\n\n\n\n<figure class=\"wp-block-gallery has-nested-images columns-default is-cropped wp-block-gallery-19 is-layout-flex wp-block-gallery-is-layout-flex\">\n<figure class=\"wp-block-image size-large\"><img loading=\"lazy\" decoding=\"async\" width=\"820\" height=\"1024\" data-id=\"3463\" src=\"https:\/\/medvegjasot.com\/wp-content\/uploads\/2024\/11\/IMG_9887-1-820x1024.jpeg\" alt=\"\" class=\"wp-image-3463\" srcset=\"https:\/\/medvegjasot.com\/wp-content\/uploads\/2024\/11\/IMG_9887-1-820x1024.jpeg 820w, https:\/\/medvegjasot.com\/wp-content\/uploads\/2024\/11\/IMG_9887-1-240x300.jpeg 240w, https:\/\/medvegjasot.com\/wp-content\/uploads\/2024\/11\/IMG_9887-1-768x959.jpeg 768w, https:\/\/medvegjasot.com\/wp-content\/uploads\/2024\/11\/IMG_9887-1-1230x1536.jpeg 1230w, https:\/\/medvegjasot.com\/wp-content\/uploads\/2024\/11\/IMG_9887-1-1640x2048.jpeg 1640w\" sizes=\"(max-width: 820px) 100vw, 820px\" \/><\/figure>\n\n\n\n<figure class=\"wp-block-image size-large\"><img loading=\"lazy\" decoding=\"async\" width=\"695\" height=\"1024\" data-id=\"3462\" src=\"https:\/\/medvegjasot.com\/wp-content\/uploads\/2024\/11\/IMG_9891-695x1024.jpeg\" alt=\"\" class=\"wp-image-3462\" srcset=\"https:\/\/medvegjasot.com\/wp-content\/uploads\/2024\/11\/IMG_9891-695x1024.jpeg 695w, https:\/\/medvegjasot.com\/wp-content\/uploads\/2024\/11\/IMG_9891-204x300.jpeg 204w, https:\/\/medvegjasot.com\/wp-content\/uploads\/2024\/11\/IMG_9891-768x1131.jpeg 768w, https:\/\/medvegjasot.com\/wp-content\/uploads\/2024\/11\/IMG_9891-1043x1536.jpeg 1043w, https:\/\/medvegjasot.com\/wp-content\/uploads\/2024\/11\/IMG_9891-1391x2048.jpeg 1391w, https:\/\/medvegjasot.com\/wp-content\/uploads\/2024\/11\/IMG_9891-scaled.jpeg 1739w\" sizes=\"(max-width: 695px) 100vw, 695px\" \/><\/figure>\n<\/figure>\n\n\n\n<p><em>Foto: Valentina Rexhepi Ibishi<\/em> \/<strong>MS<\/strong>\/ Dit\u00ebn e par\u00eb, vajza q\u00eb shkonte nuse, kur b\u00ebhej me vaj, vishte dimi, p\u00ebrpar\u00ebse e anteri (triko) t\u00eb zeza, \u00e7orapes lulekuqe dhe shami boj\u00ebgjake. Dit\u00ebn e dyt\u00eb vishte dimi dhe shami xhyveze, \u00e7orape me harqe, p\u00ebrpar\u00ebse me kerqe vertikalisht, k\u00ebmish\u00eb me rruaza, shok\u00eb me rruaza, kushak me penez\u00eb, jelek me gajtan, shami boj\u00ebgjake me nj\u00eb tuf\u00eb t\u00eb v\u00ebn\u00eb p\u00ebrmbi. \/<strong>MS<\/strong>\/<br><\/p>\n\n\n\n<figure class=\"wp-block-gallery has-nested-images columns-default is-cropped wp-block-gallery-20 is-layout-flex wp-block-gallery-is-layout-flex\">\n<figure class=\"wp-block-image size-large\"><img loading=\"lazy\" decoding=\"async\" width=\"682\" height=\"1024\" data-id=\"2859\" src=\"https:\/\/medvegjasot.com\/wp-content\/uploads\/2024\/09\/IMG_6042-682x1024.jpeg\" alt=\"\" class=\"wp-image-2859\" srcset=\"https:\/\/medvegjasot.com\/wp-content\/uploads\/2024\/09\/IMG_6042-682x1024.jpeg 682w, https:\/\/medvegjasot.com\/wp-content\/uploads\/2024\/09\/IMG_6042-200x300.jpeg 200w, https:\/\/medvegjasot.com\/wp-content\/uploads\/2024\/09\/IMG_6042-768x1154.jpeg 768w, https:\/\/medvegjasot.com\/wp-content\/uploads\/2024\/09\/IMG_6042-1022x1536.jpeg 1022w, https:\/\/medvegjasot.com\/wp-content\/uploads\/2024\/09\/IMG_6042-1363x2048.jpeg 1363w, https:\/\/medvegjasot.com\/wp-content\/uploads\/2024\/09\/IMG_6042.jpeg 1704w\" sizes=\"(max-width: 682px) 100vw, 682px\" \/><\/figure>\n\n\n\n<figure class=\"wp-block-image size-large\"><img loading=\"lazy\" decoding=\"async\" width=\"682\" height=\"1024\" data-id=\"2858\" src=\"https:\/\/medvegjasot.com\/wp-content\/uploads\/2024\/09\/IMG_6043-682x1024.jpeg\" alt=\"\" class=\"wp-image-2858\" srcset=\"https:\/\/medvegjasot.com\/wp-content\/uploads\/2024\/09\/IMG_6043-682x1024.jpeg 682w, https:\/\/medvegjasot.com\/wp-content\/uploads\/2024\/09\/IMG_6043-200x300.jpeg 200w, https:\/\/medvegjasot.com\/wp-content\/uploads\/2024\/09\/IMG_6043-768x1154.jpeg 768w, https:\/\/medvegjasot.com\/wp-content\/uploads\/2024\/09\/IMG_6043-1022x1536.jpeg 1022w, https:\/\/medvegjasot.com\/wp-content\/uploads\/2024\/09\/IMG_6043-1363x2048.jpeg 1363w, https:\/\/medvegjasot.com\/wp-content\/uploads\/2024\/09\/IMG_6043.jpeg 1704w\" sizes=\"(max-width: 682px) 100vw, 682px\" \/><\/figure>\n<\/figure>\n\n\n\n<p><em>Foto: Adelin\u00eb Pajaziti dhe Blerim Shabani<\/em> \/<strong>MS<\/strong>\/ Dit\u00ebn e fundit ka veshur dimi lahori, \u00e7orape t\u00eb bardha, peshqir me penez\u00eb, p\u00ebrpar\u00ebse me vija t\u00eb verdha, kapu\u00e7 me rruaza dhe me para, nj\u00eb lir\u00eb n\u00eb ball\u00eb, kat\u00ebr bistek\u00eb i l\u00ebshonin p\u00ebr shpine dhe nga disa blej flok\u00ebsh e q\u00eb n\u00eb k\u00ebto treva quheshin shive, i l\u00ebshonin p\u00ebr faqe.\/<strong>MS<\/strong>\/<\/p>\n\n\n\n<figure class=\"wp-block-gallery has-nested-images columns-default is-cropped wp-block-gallery-21 is-layout-flex wp-block-gallery-is-layout-flex\">\n<figure class=\"wp-block-image size-large\"><img loading=\"lazy\" decoding=\"async\" width=\"681\" height=\"1024\" data-id=\"2311\" src=\"https:\/\/medvegjasot.com\/wp-content\/uploads\/2024\/08\/IMG_4751-681x1024.jpeg\" alt=\"\" class=\"wp-image-2311\" srcset=\"https:\/\/medvegjasot.com\/wp-content\/uploads\/2024\/08\/IMG_4751-681x1024.jpeg 681w, https:\/\/medvegjasot.com\/wp-content\/uploads\/2024\/08\/IMG_4751-200x300.jpeg 200w, https:\/\/medvegjasot.com\/wp-content\/uploads\/2024\/08\/IMG_4751-768x1155.jpeg 768w, https:\/\/medvegjasot.com\/wp-content\/uploads\/2024\/08\/IMG_4751-1021x1536.jpeg 1021w, https:\/\/medvegjasot.com\/wp-content\/uploads\/2024\/08\/IMG_4751.jpeg 1197w\" sizes=\"(max-width: 681px) 100vw, 681px\" \/><\/figure>\n\n\n\n<figure class=\"wp-block-image size-large\"><img loading=\"lazy\" decoding=\"async\" width=\"650\" height=\"1024\" data-id=\"2312\" src=\"https:\/\/medvegjasot.com\/wp-content\/uploads\/2024\/08\/IMG_4752-650x1024.jpeg\" alt=\"\" class=\"wp-image-2312\" srcset=\"https:\/\/medvegjasot.com\/wp-content\/uploads\/2024\/08\/IMG_4752-650x1024.jpeg 650w, https:\/\/medvegjasot.com\/wp-content\/uploads\/2024\/08\/IMG_4752-190x300.jpeg 190w, https:\/\/medvegjasot.com\/wp-content\/uploads\/2024\/08\/IMG_4752-768x1210.jpeg 768w, https:\/\/medvegjasot.com\/wp-content\/uploads\/2024\/08\/IMG_4752-975x1536.jpeg 975w, https:\/\/medvegjasot.com\/wp-content\/uploads\/2024\/08\/IMG_4752.jpeg 1300w\" sizes=\"(max-width: 650px) 100vw, 650px\" \/><\/figure>\n<\/figure>\n\n\n\n<p><em>Foto: Rrezona Hajvazi<\/em> \/<strong>MS<\/strong>\/ Vellon e v\u00ebn\u00eb p\u00ebr kryq me tri lule n\u00eb maje. K\u00ebsaj renditjeje, sidomos te veshja e vajz\u00ebs, q\u00eb shkonte nuse, i jan\u00eb p\u00ebrmbajtur n\u00eb m\u00ebnyr\u00eb shum\u00eb rigoroze. Me nj\u00eb rigorozitet, edhe Bafti Krasniqi n\u00eb dor\u00ebshkrimet q\u00eb la pas vetes, e p\u00ebrshkruan shum\u00eb me sakt\u00ebsi k\u00ebt\u00eb vler\u00eb komb\u00ebtare.\/<strong>MS<\/strong>\/<\/p>\n\n\n\n<figure class=\"wp-block-gallery has-nested-images columns-default is-cropped wp-block-gallery-22 is-layout-flex wp-block-gallery-is-layout-flex\">\n<figure class=\"wp-block-image size-large\"><img loading=\"lazy\" decoding=\"async\" width=\"1024\" height=\"682\" data-id=\"2860\" src=\"https:\/\/medvegjasot.com\/wp-content\/uploads\/2024\/09\/IMG_6732-1024x682.jpeg\" alt=\"\" class=\"wp-image-2860\" srcset=\"https:\/\/medvegjasot.com\/wp-content\/uploads\/2024\/09\/IMG_6732-1024x682.jpeg 1024w, https:\/\/medvegjasot.com\/wp-content\/uploads\/2024\/09\/IMG_6732-300x200.jpeg 300w, https:\/\/medvegjasot.com\/wp-content\/uploads\/2024\/09\/IMG_6732-768x512.jpeg 768w, https:\/\/medvegjasot.com\/wp-content\/uploads\/2024\/09\/IMG_6732-1536x1023.jpeg 1536w, https:\/\/medvegjasot.com\/wp-content\/uploads\/2024\/09\/IMG_6732-820x545.jpeg 820w, https:\/\/medvegjasot.com\/wp-content\/uploads\/2024\/09\/IMG_6732-600x400.jpeg 600w, https:\/\/medvegjasot.com\/wp-content\/uploads\/2024\/09\/IMG_6732.jpeg 2048w\" sizes=\"(max-width: 1024px) 100vw, 1024px\" \/><\/figure>\n<\/figure>\n\n\n\n<p><em>Foto: Hizer Beka <\/em>\/<strong>MS<\/strong>\/ Te meshkujt, p\u00ebrkat\u00ebsisht n\u00eb veshjen e meshkujve, plisi i bardh\u00eb ishte pjes\u00eb kostumore dhe simbol i pamunguesh\u00ebm , i cili rroi dhe do t\u00eb rroj\u00eb edhe m\u00eb tutje. \/<strong>MS<\/strong>\/ <\/p>\n\n\n\n<figure class=\"wp-block-gallery has-nested-images columns-default is-cropped wp-block-gallery-23 is-layout-flex wp-block-gallery-is-layout-flex\">\n<figure class=\"wp-block-image size-large\"><img loading=\"lazy\" decoding=\"async\" width=\"1024\" height=\"681\" data-id=\"2861\" src=\"https:\/\/medvegjasot.com\/wp-content\/uploads\/2024\/09\/IMG_6709-1024x681.jpeg\" alt=\"\" class=\"wp-image-2861\" srcset=\"https:\/\/medvegjasot.com\/wp-content\/uploads\/2024\/09\/IMG_6709-1024x681.jpeg 1024w, https:\/\/medvegjasot.com\/wp-content\/uploads\/2024\/09\/IMG_6709-300x200.jpeg 300w, https:\/\/medvegjasot.com\/wp-content\/uploads\/2024\/09\/IMG_6709-768x511.jpeg 768w, https:\/\/medvegjasot.com\/wp-content\/uploads\/2024\/09\/IMG_6709-1536x1021.jpeg 1536w, https:\/\/medvegjasot.com\/wp-content\/uploads\/2024\/09\/IMG_6709-2048x1361.jpeg 2048w, https:\/\/medvegjasot.com\/wp-content\/uploads\/2024\/09\/IMG_6709-820x545.jpeg 820w, https:\/\/medvegjasot.com\/wp-content\/uploads\/2024\/09\/IMG_6709-600x400.jpeg 600w\" sizes=\"(max-width: 1024px) 100vw, 1024px\" \/><\/figure>\n\n\n\n<figure class=\"wp-block-image size-large\"><img loading=\"lazy\" decoding=\"async\" width=\"1024\" height=\"681\" data-id=\"2862\" src=\"https:\/\/medvegjasot.com\/wp-content\/uploads\/2024\/09\/IMG_6715-1024x681.jpeg\" alt=\"\" class=\"wp-image-2862\" srcset=\"https:\/\/medvegjasot.com\/wp-content\/uploads\/2024\/09\/IMG_6715-1024x681.jpeg 1024w, https:\/\/medvegjasot.com\/wp-content\/uploads\/2024\/09\/IMG_6715-300x200.jpeg 300w, https:\/\/medvegjasot.com\/wp-content\/uploads\/2024\/09\/IMG_6715-768x511.jpeg 768w, https:\/\/medvegjasot.com\/wp-content\/uploads\/2024\/09\/IMG_6715-1536x1021.jpeg 1536w, https:\/\/medvegjasot.com\/wp-content\/uploads\/2024\/09\/IMG_6715-2048x1361.jpeg 2048w, https:\/\/medvegjasot.com\/wp-content\/uploads\/2024\/09\/IMG_6715-820x545.jpeg 820w, https:\/\/medvegjasot.com\/wp-content\/uploads\/2024\/09\/IMG_6715-600x400.jpeg 600w\" sizes=\"(max-width: 1024px) 100vw, 1024px\" \/><\/figure>\n<\/figure>\n\n\n\n<p><em>Foto: Veli Beka<\/em> \/<strong>MS<\/strong>\/ Te veshja e burrave jan\u00eb disa karakteristika, si fjala vjen n\u00eb ato an\u00eb tirqit kishin ngjyr\u00eb kafeje me gajtan t\u00eb zi. Tipike,ajo q\u00eb ruhet m\u00eb s\u00eb miri, \u00ebsht\u00eb veshja e burrave n\u00eb Gjakov\u00eb sepse shum\u00eb banor\u00eb nga ato an\u00eb e bart\u00ebn k\u00ebt\u00eb veshje n\u00eb qytet. Me r\u00ebnd\u00ebsi jan\u00eb edhe dekorimet te k\u00ebmishat dhe jelek\u00ebt e burrave. N\u00eb fshatrat e Medvegj\u00ebs e kan\u00eb ruajtur koloritin e ngjyrave mjaft mir\u00eb dhe kjo \u00ebsht\u00eb bartur brez pas brezi. Veshje t\u00eb ngjashme me ato t\u00eb burrave n\u00eb trevat e Medvegj\u00ebs, i kan\u00eb edhe Vushtrria, Llapi e Gallapi. \/<strong>MS<\/strong>\/ <\/p>\n\n\n\n<figure class=\"wp-block-image size-large\"><img loading=\"lazy\" decoding=\"async\" width=\"1024\" height=\"576\" src=\"https:\/\/medvegjasot.com\/wp-content\/uploads\/2024\/11\/photo-output-17-1024x576.jpeg\" alt=\"\" class=\"wp-image-3472\" srcset=\"https:\/\/medvegjasot.com\/wp-content\/uploads\/2024\/11\/photo-output-17-1024x576.jpeg 1024w, https:\/\/medvegjasot.com\/wp-content\/uploads\/2024\/11\/photo-output-17-300x169.jpeg 300w, https:\/\/medvegjasot.com\/wp-content\/uploads\/2024\/11\/photo-output-17-768x432.jpeg 768w, https:\/\/medvegjasot.com\/wp-content\/uploads\/2024\/11\/photo-output-17-1536x864.jpeg 1536w, https:\/\/medvegjasot.com\/wp-content\/uploads\/2024\/11\/photo-output-17.jpeg 2016w\" sizes=\"(max-width: 1024px) 100vw, 1024px\" \/><\/figure>\n\n\n\n<p><em>Foto: Or\u00eb xhepi e vitit 1920<\/em> \/<strong>MS<\/strong>\/ Prej shekullit XX jan\u00eb bartur te burrat qystek\u00ebt e or\u00ebs dhe \u00e7anta p\u00ebr or\u00eb xhepi. Vlen t\u00eb p\u00ebrmendet gjithashtu \u201cQelibari\u201d kuti e duhanit q\u00eb ishin karakteristika t\u00eb burrave me nam n\u00eb ato an\u00eb. T\u00eb gjitha k\u00ebto q\u00eb jan\u00eb cekur, ng\u00ebrthejn\u00eb n\u00eb vete nj\u00eb d\u00ebshmi argumentuese t\u00eb trash\u00ebgimis\u00eb kulturore q\u00eb kan\u00eb r\u00ebnd\u00ebsi t\u00eb madhe p\u00ebr historin\u00eb ton\u00eb komb\u00ebtare, zakonet, ekzistenc\u00ebn e shqiptar\u00ebve n\u00eb k\u00ebto treva. Trash\u00ebgimia kulturore e mban t\u00eb gjall\u00eb nj\u00eb komb dhe p\u00ebrmes shkrimeve dhe fotove t\u00eb koh\u00ebve t\u00eb caktuara, prezanton evolimin e kultur\u00ebs n\u00eb trojet tona, p\u00ebrkat\u00ebsisht t\u00eb k\u00ebsaj ane.\/<strong>MS<\/strong>\/ <\/p>\n\n\n\n<figure class=\"wp-block-gallery has-nested-images columns-default is-cropped wp-block-gallery-24 is-layout-flex wp-block-gallery-is-layout-flex\">\n<figure class=\"wp-block-image size-large\"><img loading=\"lazy\" decoding=\"async\" width=\"682\" height=\"1024\" data-id=\"2857\" src=\"https:\/\/medvegjasot.com\/wp-content\/uploads\/2024\/09\/IMG_6040-682x1024.jpeg\" alt=\"\" class=\"wp-image-2857\" srcset=\"https:\/\/medvegjasot.com\/wp-content\/uploads\/2024\/09\/IMG_6040-682x1024.jpeg 682w, https:\/\/medvegjasot.com\/wp-content\/uploads\/2024\/09\/IMG_6040-200x300.jpeg 200w, https:\/\/medvegjasot.com\/wp-content\/uploads\/2024\/09\/IMG_6040-768x1154.jpeg 768w, https:\/\/medvegjasot.com\/wp-content\/uploads\/2024\/09\/IMG_6040-1022x1536.jpeg 1022w, https:\/\/medvegjasot.com\/wp-content\/uploads\/2024\/09\/IMG_6040-1363x2048.jpeg 1363w, https:\/\/medvegjasot.com\/wp-content\/uploads\/2024\/09\/IMG_6040.jpeg 1704w\" sizes=\"(max-width: 682px) 100vw, 682px\" \/><\/figure>\n\n\n\n<figure class=\"wp-block-image size-large\"><img loading=\"lazy\" decoding=\"async\" width=\"682\" height=\"1024\" data-id=\"2856\" src=\"https:\/\/medvegjasot.com\/wp-content\/uploads\/2024\/09\/IMG_6039-682x1024.jpeg\" alt=\"\" class=\"wp-image-2856\" srcset=\"https:\/\/medvegjasot.com\/wp-content\/uploads\/2024\/09\/IMG_6039-682x1024.jpeg 682w, https:\/\/medvegjasot.com\/wp-content\/uploads\/2024\/09\/IMG_6039-200x300.jpeg 200w, https:\/\/medvegjasot.com\/wp-content\/uploads\/2024\/09\/IMG_6039-768x1154.jpeg 768w, https:\/\/medvegjasot.com\/wp-content\/uploads\/2024\/09\/IMG_6039-1022x1536.jpeg 1022w, https:\/\/medvegjasot.com\/wp-content\/uploads\/2024\/09\/IMG_6039-1363x2048.jpeg 1363w, https:\/\/medvegjasot.com\/wp-content\/uploads\/2024\/09\/IMG_6039.jpeg 1704w\" sizes=\"(max-width: 682px) 100vw, 682px\" \/><\/figure>\n<\/figure>\n\n\n\n<p><em>Foto: Adelin\u00eb Pajaziti<\/em> \/<strong>MS<\/strong>\/ Rruazat, syri i kalt\u00ebr, lidhen me mitologjin\u00eb, kinse mbrojtja nga \u201c syri i keq\u201d e gjithashtu disa nga k\u00ebto elemente i hasim edhe n\u00eb Mesjet\u00eb e edhe te lasht\u00ebsia jon\u00eb ilire, gj\u00eb q\u00eb e d\u00ebshmon lasht\u00ebsin\u00eb ton\u00eb si popull autokton. Ornamentet e q\u00ebndisura n\u00eb veshje kan\u00eb lidhshm\u00ebri me objekte t\u00eb ndryshme, pastaj lidhen edhe me mitologjin\u00eb ton\u00eb komb\u00ebtare. \/<strong>MS<\/strong>\/ <br><\/p>\n\n\n\n<figure class=\"wp-block-gallery has-nested-images columns-default is-cropped wp-block-gallery-25 is-layout-flex wp-block-gallery-is-layout-flex\">\n<figure class=\"wp-block-image size-large\"><img loading=\"lazy\" decoding=\"async\" width=\"575\" height=\"1024\" data-id=\"3485\" src=\"https:\/\/medvegjasot.com\/wp-content\/uploads\/2024\/11\/IMG_9920-575x1024.jpeg\" alt=\"\" class=\"wp-image-3485\" srcset=\"https:\/\/medvegjasot.com\/wp-content\/uploads\/2024\/11\/IMG_9920-575x1024.jpeg 575w, https:\/\/medvegjasot.com\/wp-content\/uploads\/2024\/11\/IMG_9920-168x300.jpeg 168w, https:\/\/medvegjasot.com\/wp-content\/uploads\/2024\/11\/IMG_9920-768x1368.jpeg 768w, https:\/\/medvegjasot.com\/wp-content\/uploads\/2024\/11\/IMG_9920-863x1536.jpeg 863w, https:\/\/medvegjasot.com\/wp-content\/uploads\/2024\/11\/IMG_9920-1150x2048.jpeg 1150w, https:\/\/medvegjasot.com\/wp-content\/uploads\/2024\/11\/IMG_9920-scaled.jpeg 1438w\" sizes=\"(max-width: 575px) 100vw, 575px\" \/><\/figure>\n\n\n\n<figure class=\"wp-block-image size-large\"><img loading=\"lazy\" decoding=\"async\" width=\"792\" height=\"1024\" data-id=\"3484\" src=\"https:\/\/medvegjasot.com\/wp-content\/uploads\/2024\/11\/IMG_9919-792x1024.jpeg\" alt=\"\" class=\"wp-image-3484\" srcset=\"https:\/\/medvegjasot.com\/wp-content\/uploads\/2024\/11\/IMG_9919-792x1024.jpeg 792w, https:\/\/medvegjasot.com\/wp-content\/uploads\/2024\/11\/IMG_9919-232x300.jpeg 232w, https:\/\/medvegjasot.com\/wp-content\/uploads\/2024\/11\/IMG_9919-768x993.jpeg 768w, https:\/\/medvegjasot.com\/wp-content\/uploads\/2024\/11\/IMG_9919-1188x1536.jpeg 1188w, https:\/\/medvegjasot.com\/wp-content\/uploads\/2024\/11\/IMG_9919-1584x2048.jpeg 1584w, https:\/\/medvegjasot.com\/wp-content\/uploads\/2024\/11\/IMG_9919-scaled.jpeg 1980w\" sizes=\"(max-width: 792px) 100vw, 792px\" \/><\/figure>\n<\/figure>\n\n\n\n<p><em>Foto: Majlinda Shaqiri dhe Lirona Zuka<\/em> \/<strong>MS<\/strong>\/ Trash\u00ebgimia kulturore \u00ebsht\u00eb e lidhur ngusht edhe me trash\u00ebgimin\u00eb shpirtrore dhe q\u00eb t\u00eb dyjat bashk\u00eb na japin faktografi rreth origjin\u00ebs son\u00eb komb\u00ebtare, t\u00eb lasht\u00ebsis\u00eb son\u00eb. Veshjet p\u00ebrmbajn\u00eb nj\u00eb art t\u00eb ve\u00e7ant\u00eb n\u00eb vete dhe me kolorit ngjyrash, na b\u00ebjn\u00eb t\u00eb ditur se mpreht\u00ebsia artistike ekzistonte qysh heret n\u00eb k\u00ebto treva.&nbsp;\/<strong>MS<\/strong>\/<\/p>\n\n\n\n<p><\/p>\n\n\n\n<h1 class=\"wp-block-heading\"><\/h1>\n\n\n\n<h1 class=\"wp-block-heading\"><\/h1>\n\n\n\n<p><\/p>\n","protected":false},"excerpt":{"rendered":"<p>Medvegja shtrihet n\u00eb nj\u00eb territor prej 524 km\u00b2, kjo komun\u00eb ndahet nga 42 vendbanime, dy prej t\u00eb cilave jan\u00eb vendbanime urbane Medvegja dhe Banja e Sijarin\u00ebs. \/MS\/ Foto: \/MS\/ N\u00eb Jugper\u00ebndim kufizohet me komun\u00ebn e Prishtin\u00ebs: n\u00eb Jug me komun\u00ebn e Dardan\u00ebs, n\u00eb Veriper\u00ebndim kufizohet me komun\u00ebn e Bojnikut, n\u00eb Verilindje me komun\u00ebn e Leban\u00ebs&#8230;<\/p>\n","protected":false},"author":2,"featured_media":3396,"comment_status":"open","ping_status":"open","sticky":false,"template":"","format":"standard","meta":{"_coblocks_attr":"","_coblocks_dimensions":"","_coblocks_responsive_height":"","_coblocks_accordion_ie_support":"","_monsterinsights_skip_tracking":false,"_monsterinsights_sitenote_active":false,"_monsterinsights_sitenote_note":"","_monsterinsights_sitenote_category":0,"footnotes":""},"categories":[3],"tags":[],"class_list":["post-3395","post","type-post","status-publish","format-standard","has-post-thumbnail","hentry","category-kronika"],"yoast_head":"<!-- This site is optimized with the Yoast SEO plugin v27.5 - https:\/\/yoast.com\/product\/yoast-seo-wordpress\/ -->\n<title>Medvegja n\u00ebp\u00ebr shekuj (Histori, Kultur\u00eb dhe Arsimi) - Medvegja Sot<\/title>\n<meta name=\"robots\" content=\"index, follow, max-snippet:-1, max-image-preview:large, max-video-preview:-1\" \/>\n<link rel=\"canonical\" href=\"https:\/\/medvegjasot.com\/?p=3395\" \/>\n<meta property=\"og:locale\" content=\"en_US\" \/>\n<meta property=\"og:type\" content=\"article\" \/>\n<meta property=\"og:title\" content=\"Medvegja n\u00ebp\u00ebr shekuj (Histori, Kultur\u00eb dhe Arsimi) - Medvegja Sot\" \/>\n<meta property=\"og:description\" content=\"Medvegja shtrihet n\u00eb nj\u00eb territor prej 524 km\u00b2, kjo komun\u00eb ndahet nga 42 vendbanime, dy prej t\u00eb cilave jan\u00eb vendbanime urbane Medvegja dhe Banja e Sijarin\u00ebs. \/MS\/ Foto: \/MS\/ N\u00eb Jugper\u00ebndim kufizohet me komun\u00ebn e Prishtin\u00ebs: n\u00eb Jug me komun\u00ebn e Dardan\u00ebs, n\u00eb Veriper\u00ebndim kufizohet me komun\u00ebn e Bojnikut, n\u00eb Verilindje me komun\u00ebn e Leban\u00ebs...\" \/>\n<meta property=\"og:url\" content=\"https:\/\/medvegjasot.com\/?p=3395\" \/>\n<meta property=\"og:site_name\" content=\"Medvegja Sot\" \/>\n<meta property=\"article:publisher\" content=\"https:\/\/www.facebook.com\/MedvegjaSot.com1\" \/>\n<meta property=\"article:published_time\" content=\"2024-11-10T00:00:00+00:00\" \/>\n<meta property=\"article:modified_time\" content=\"2024-11-16T07:03:23+00:00\" \/>\n<meta property=\"og:image\" content=\"https:\/\/medvegjasot.com\/wp-content\/uploads\/2024\/11\/IMG_9731-scaled.jpeg\" \/>\n\t<meta property=\"og:image:width\" content=\"2560\" \/>\n\t<meta property=\"og:image:height\" content=\"1440\" \/>\n\t<meta property=\"og:image:type\" content=\"image\/jpeg\" \/>\n<meta name=\"author\" content=\"admin\" \/>\n<meta name=\"twitter:card\" content=\"summary_large_image\" \/>\n<meta name=\"twitter:label1\" content=\"Written by\" \/>\n\t<meta name=\"twitter:data1\" content=\"admin\" \/>\n\t<meta name=\"twitter:label2\" content=\"Est. reading time\" \/>\n\t<meta name=\"twitter:data2\" content=\"23 minutes\" \/>\n<script type=\"application\/ld+json\" class=\"yoast-schema-graph\">{\"@context\":\"https:\\\/\\\/schema.org\",\"@graph\":[{\"@type\":\"Article\",\"@id\":\"https:\\\/\\\/medvegjasot.com\\\/?p=3395#article\",\"isPartOf\":{\"@id\":\"https:\\\/\\\/medvegjasot.com\\\/?p=3395\"},\"author\":{\"name\":\"admin\",\"@id\":\"https:\\\/\\\/medvegjasot.com\\\/#\\\/schema\\\/person\\\/f2be1a84f4e95d0cb032946a1cf2e594\"},\"headline\":\"Medvegja n\u00ebp\u00ebr shekuj (Histori, Kultur\u00eb dhe Arsimi)\",\"datePublished\":\"2024-11-10T00:00:00+00:00\",\"dateModified\":\"2024-11-16T07:03:23+00:00\",\"mainEntityOfPage\":{\"@id\":\"https:\\\/\\\/medvegjasot.com\\\/?p=3395\"},\"wordCount\":2626,\"commentCount\":0,\"publisher\":{\"@id\":\"https:\\\/\\\/medvegjasot.com\\\/#organization\"},\"image\":{\"@id\":\"https:\\\/\\\/medvegjasot.com\\\/?p=3395#primaryimage\"},\"thumbnailUrl\":\"https:\\\/\\\/medvegjasot.com\\\/wp-content\\\/uploads\\\/2024\\\/11\\\/IMG_9731-scaled.jpeg\",\"articleSection\":[\"KRONIKA\"],\"inLanguage\":\"en-US\",\"potentialAction\":[{\"@type\":\"CommentAction\",\"name\":\"Comment\",\"target\":[\"https:\\\/\\\/medvegjasot.com\\\/?p=3395#respond\"]}]},{\"@type\":\"WebPage\",\"@id\":\"https:\\\/\\\/medvegjasot.com\\\/?p=3395\",\"url\":\"https:\\\/\\\/medvegjasot.com\\\/?p=3395\",\"name\":\"Medvegja n\u00ebp\u00ebr shekuj (Histori, Kultur\u00eb dhe Arsimi) - Medvegja Sot\",\"isPartOf\":{\"@id\":\"https:\\\/\\\/medvegjasot.com\\\/#website\"},\"primaryImageOfPage\":{\"@id\":\"https:\\\/\\\/medvegjasot.com\\\/?p=3395#primaryimage\"},\"image\":{\"@id\":\"https:\\\/\\\/medvegjasot.com\\\/?p=3395#primaryimage\"},\"thumbnailUrl\":\"https:\\\/\\\/medvegjasot.com\\\/wp-content\\\/uploads\\\/2024\\\/11\\\/IMG_9731-scaled.jpeg\",\"datePublished\":\"2024-11-10T00:00:00+00:00\",\"dateModified\":\"2024-11-16T07:03:23+00:00\",\"breadcrumb\":{\"@id\":\"https:\\\/\\\/medvegjasot.com\\\/?p=3395#breadcrumb\"},\"inLanguage\":\"en-US\",\"potentialAction\":[{\"@type\":\"ReadAction\",\"target\":[\"https:\\\/\\\/medvegjasot.com\\\/?p=3395\"]}]},{\"@type\":\"ImageObject\",\"inLanguage\":\"en-US\",\"@id\":\"https:\\\/\\\/medvegjasot.com\\\/?p=3395#primaryimage\",\"url\":\"https:\\\/\\\/medvegjasot.com\\\/wp-content\\\/uploads\\\/2024\\\/11\\\/IMG_9731-scaled.jpeg\",\"contentUrl\":\"https:\\\/\\\/medvegjasot.com\\\/wp-content\\\/uploads\\\/2024\\\/11\\\/IMG_9731-scaled.jpeg\",\"width\":2560,\"height\":1440},{\"@type\":\"BreadcrumbList\",\"@id\":\"https:\\\/\\\/medvegjasot.com\\\/?p=3395#breadcrumb\",\"itemListElement\":[{\"@type\":\"ListItem\",\"position\":1,\"name\":\"Home\",\"item\":\"https:\\\/\\\/medvegjasot.com\\\/\"},{\"@type\":\"ListItem\",\"position\":2,\"name\":\"Medvegja n\u00ebp\u00ebr shekuj (Histori, Kultur\u00eb dhe Arsimi)\"}]},{\"@type\":\"WebSite\",\"@id\":\"https:\\\/\\\/medvegjasot.com\\\/#website\",\"url\":\"https:\\\/\\\/medvegjasot.com\\\/\",\"name\":\"Medvegja Sot\",\"description\":\"Portal Lajmesh\",\"publisher\":{\"@id\":\"https:\\\/\\\/medvegjasot.com\\\/#organization\"},\"alternateName\":\"MS\",\"potentialAction\":[{\"@type\":\"SearchAction\",\"target\":{\"@type\":\"EntryPoint\",\"urlTemplate\":\"https:\\\/\\\/medvegjasot.com\\\/?s={search_term_string}\"},\"query-input\":{\"@type\":\"PropertyValueSpecification\",\"valueRequired\":true,\"valueName\":\"search_term_string\"}}],\"inLanguage\":\"en-US\"},{\"@type\":\"Organization\",\"@id\":\"https:\\\/\\\/medvegjasot.com\\\/#organization\",\"name\":\"Medvegja Sot\",\"alternateName\":\"MS\",\"url\":\"https:\\\/\\\/medvegjasot.com\\\/\",\"logo\":{\"@type\":\"ImageObject\",\"inLanguage\":\"en-US\",\"@id\":\"https:\\\/\\\/medvegjasot.com\\\/#\\\/schema\\\/logo\\\/image\\\/\",\"url\":\"https:\\\/\\\/medvegjasot.com\\\/wp-content\\\/uploads\\\/2024\\\/08\\\/logo.png\",\"contentUrl\":\"https:\\\/\\\/medvegjasot.com\\\/wp-content\\\/uploads\\\/2024\\\/08\\\/logo.png\",\"width\":500,\"height\":500,\"caption\":\"Medvegja Sot\"},\"image\":{\"@id\":\"https:\\\/\\\/medvegjasot.com\\\/#\\\/schema\\\/logo\\\/image\\\/\"},\"sameAs\":[\"https:\\\/\\\/www.facebook.com\\\/MedvegjaSot.com1\"]},{\"@type\":\"Person\",\"@id\":\"https:\\\/\\\/medvegjasot.com\\\/#\\\/schema\\\/person\\\/f2be1a84f4e95d0cb032946a1cf2e594\",\"name\":\"admin\",\"image\":{\"@type\":\"ImageObject\",\"inLanguage\":\"en-US\",\"@id\":\"https:\\\/\\\/secure.gravatar.com\\\/avatar\\\/2eedc5259426225ddc6f98b4b6728c30418b83e6f70285719780d3518d972ece?s=96&d=mm&r=g\",\"url\":\"https:\\\/\\\/secure.gravatar.com\\\/avatar\\\/2eedc5259426225ddc6f98b4b6728c30418b83e6f70285719780d3518d972ece?s=96&d=mm&r=g\",\"contentUrl\":\"https:\\\/\\\/secure.gravatar.com\\\/avatar\\\/2eedc5259426225ddc6f98b4b6728c30418b83e6f70285719780d3518d972ece?s=96&d=mm&r=g\",\"caption\":\"admin\"},\"url\":\"https:\\\/\\\/medvegjasot.com\\\/?author=2\"}]}<\/script>\n<!-- \/ Yoast SEO plugin. -->","yoast_head_json":{"title":"Medvegja n\u00ebp\u00ebr shekuj (Histori, Kultur\u00eb dhe Arsimi) - Medvegja Sot","robots":{"index":"index","follow":"follow","max-snippet":"max-snippet:-1","max-image-preview":"max-image-preview:large","max-video-preview":"max-video-preview:-1"},"canonical":"https:\/\/medvegjasot.com\/?p=3395","og_locale":"en_US","og_type":"article","og_title":"Medvegja n\u00ebp\u00ebr shekuj (Histori, Kultur\u00eb dhe Arsimi) - Medvegja Sot","og_description":"Medvegja shtrihet n\u00eb nj\u00eb territor prej 524 km\u00b2, kjo komun\u00eb ndahet nga 42 vendbanime, dy prej t\u00eb cilave jan\u00eb vendbanime urbane Medvegja dhe Banja e Sijarin\u00ebs. \/MS\/ Foto: \/MS\/ N\u00eb Jugper\u00ebndim kufizohet me komun\u00ebn e Prishtin\u00ebs: n\u00eb Jug me komun\u00ebn e Dardan\u00ebs, n\u00eb Veriper\u00ebndim kufizohet me komun\u00ebn e Bojnikut, n\u00eb Verilindje me komun\u00ebn e Leban\u00ebs...","og_url":"https:\/\/medvegjasot.com\/?p=3395","og_site_name":"Medvegja Sot","article_publisher":"https:\/\/www.facebook.com\/MedvegjaSot.com1","article_published_time":"2024-11-10T00:00:00+00:00","article_modified_time":"2024-11-16T07:03:23+00:00","og_image":[{"width":2560,"height":1440,"url":"https:\/\/medvegjasot.com\/wp-content\/uploads\/2024\/11\/IMG_9731-scaled.jpeg","type":"image\/jpeg"}],"author":"admin","twitter_card":"summary_large_image","twitter_misc":{"Written by":"admin","Est. reading time":"23 minutes"},"schema":{"@context":"https:\/\/schema.org","@graph":[{"@type":"Article","@id":"https:\/\/medvegjasot.com\/?p=3395#article","isPartOf":{"@id":"https:\/\/medvegjasot.com\/?p=3395"},"author":{"name":"admin","@id":"https:\/\/medvegjasot.com\/#\/schema\/person\/f2be1a84f4e95d0cb032946a1cf2e594"},"headline":"Medvegja n\u00ebp\u00ebr shekuj (Histori, Kultur\u00eb dhe Arsimi)","datePublished":"2024-11-10T00:00:00+00:00","dateModified":"2024-11-16T07:03:23+00:00","mainEntityOfPage":{"@id":"https:\/\/medvegjasot.com\/?p=3395"},"wordCount":2626,"commentCount":0,"publisher":{"@id":"https:\/\/medvegjasot.com\/#organization"},"image":{"@id":"https:\/\/medvegjasot.com\/?p=3395#primaryimage"},"thumbnailUrl":"https:\/\/medvegjasot.com\/wp-content\/uploads\/2024\/11\/IMG_9731-scaled.jpeg","articleSection":["KRONIKA"],"inLanguage":"en-US","potentialAction":[{"@type":"CommentAction","name":"Comment","target":["https:\/\/medvegjasot.com\/?p=3395#respond"]}]},{"@type":"WebPage","@id":"https:\/\/medvegjasot.com\/?p=3395","url":"https:\/\/medvegjasot.com\/?p=3395","name":"Medvegja n\u00ebp\u00ebr shekuj (Histori, Kultur\u00eb dhe Arsimi) - Medvegja Sot","isPartOf":{"@id":"https:\/\/medvegjasot.com\/#website"},"primaryImageOfPage":{"@id":"https:\/\/medvegjasot.com\/?p=3395#primaryimage"},"image":{"@id":"https:\/\/medvegjasot.com\/?p=3395#primaryimage"},"thumbnailUrl":"https:\/\/medvegjasot.com\/wp-content\/uploads\/2024\/11\/IMG_9731-scaled.jpeg","datePublished":"2024-11-10T00:00:00+00:00","dateModified":"2024-11-16T07:03:23+00:00","breadcrumb":{"@id":"https:\/\/medvegjasot.com\/?p=3395#breadcrumb"},"inLanguage":"en-US","potentialAction":[{"@type":"ReadAction","target":["https:\/\/medvegjasot.com\/?p=3395"]}]},{"@type":"ImageObject","inLanguage":"en-US","@id":"https:\/\/medvegjasot.com\/?p=3395#primaryimage","url":"https:\/\/medvegjasot.com\/wp-content\/uploads\/2024\/11\/IMG_9731-scaled.jpeg","contentUrl":"https:\/\/medvegjasot.com\/wp-content\/uploads\/2024\/11\/IMG_9731-scaled.jpeg","width":2560,"height":1440},{"@type":"BreadcrumbList","@id":"https:\/\/medvegjasot.com\/?p=3395#breadcrumb","itemListElement":[{"@type":"ListItem","position":1,"name":"Home","item":"https:\/\/medvegjasot.com\/"},{"@type":"ListItem","position":2,"name":"Medvegja n\u00ebp\u00ebr shekuj (Histori, Kultur\u00eb dhe Arsimi)"}]},{"@type":"WebSite","@id":"https:\/\/medvegjasot.com\/#website","url":"https:\/\/medvegjasot.com\/","name":"Medvegja Sot","description":"Portal Lajmesh","publisher":{"@id":"https:\/\/medvegjasot.com\/#organization"},"alternateName":"MS","potentialAction":[{"@type":"SearchAction","target":{"@type":"EntryPoint","urlTemplate":"https:\/\/medvegjasot.com\/?s={search_term_string}"},"query-input":{"@type":"PropertyValueSpecification","valueRequired":true,"valueName":"search_term_string"}}],"inLanguage":"en-US"},{"@type":"Organization","@id":"https:\/\/medvegjasot.com\/#organization","name":"Medvegja Sot","alternateName":"MS","url":"https:\/\/medvegjasot.com\/","logo":{"@type":"ImageObject","inLanguage":"en-US","@id":"https:\/\/medvegjasot.com\/#\/schema\/logo\/image\/","url":"https:\/\/medvegjasot.com\/wp-content\/uploads\/2024\/08\/logo.png","contentUrl":"https:\/\/medvegjasot.com\/wp-content\/uploads\/2024\/08\/logo.png","width":500,"height":500,"caption":"Medvegja Sot"},"image":{"@id":"https:\/\/medvegjasot.com\/#\/schema\/logo\/image\/"},"sameAs":["https:\/\/www.facebook.com\/MedvegjaSot.com1"]},{"@type":"Person","@id":"https:\/\/medvegjasot.com\/#\/schema\/person\/f2be1a84f4e95d0cb032946a1cf2e594","name":"admin","image":{"@type":"ImageObject","inLanguage":"en-US","@id":"https:\/\/secure.gravatar.com\/avatar\/2eedc5259426225ddc6f98b4b6728c30418b83e6f70285719780d3518d972ece?s=96&d=mm&r=g","url":"https:\/\/secure.gravatar.com\/avatar\/2eedc5259426225ddc6f98b4b6728c30418b83e6f70285719780d3518d972ece?s=96&d=mm&r=g","contentUrl":"https:\/\/secure.gravatar.com\/avatar\/2eedc5259426225ddc6f98b4b6728c30418b83e6f70285719780d3518d972ece?s=96&d=mm&r=g","caption":"admin"},"url":"https:\/\/medvegjasot.com\/?author=2"}]}},"jetpack_featured_media_url":"https:\/\/medvegjasot.com\/wp-content\/uploads\/2024\/11\/IMG_9731-scaled.jpeg","_links":{"self":[{"href":"https:\/\/medvegjasot.com\/index.php?rest_route=\/wp\/v2\/posts\/3395","targetHints":{"allow":["GET"]}}],"collection":[{"href":"https:\/\/medvegjasot.com\/index.php?rest_route=\/wp\/v2\/posts"}],"about":[{"href":"https:\/\/medvegjasot.com\/index.php?rest_route=\/wp\/v2\/types\/post"}],"author":[{"embeddable":true,"href":"https:\/\/medvegjasot.com\/index.php?rest_route=\/wp\/v2\/users\/2"}],"replies":[{"embeddable":true,"href":"https:\/\/medvegjasot.com\/index.php?rest_route=%2Fwp%2Fv2%2Fcomments&post=3395"}],"version-history":[{"count":30,"href":"https:\/\/medvegjasot.com\/index.php?rest_route=\/wp\/v2\/posts\/3395\/revisions"}],"predecessor-version":[{"id":3495,"href":"https:\/\/medvegjasot.com\/index.php?rest_route=\/wp\/v2\/posts\/3395\/revisions\/3495"}],"wp:featuredmedia":[{"embeddable":true,"href":"https:\/\/medvegjasot.com\/index.php?rest_route=\/wp\/v2\/media\/3396"}],"wp:attachment":[{"href":"https:\/\/medvegjasot.com\/index.php?rest_route=%2Fwp%2Fv2%2Fmedia&parent=3395"}],"wp:term":[{"taxonomy":"category","embeddable":true,"href":"https:\/\/medvegjasot.com\/index.php?rest_route=%2Fwp%2Fv2%2Fcategories&post=3395"},{"taxonomy":"post_tag","embeddable":true,"href":"https:\/\/medvegjasot.com\/index.php?rest_route=%2Fwp%2Fv2%2Ftags&post=3395"}],"curies":[{"name":"wp","href":"https:\/\/api.w.org\/{rel}","templated":true}]}}